{"id":13359,"date":"2023-02-21T14:31:10","date_gmt":"2023-02-21T13:31:10","guid":{"rendered":"https:\/\/www.istitutogalanteoliva.it\/magazine\/?p=13359"},"modified":"2023-02-21T15:54:54","modified_gmt":"2023-02-21T14:54:54","slug":"in-sardegna-a-villamassargia-il-ciclo-di-conferenze-prendersi-cura-di-chi-si-prende-cura-fulvio-de-nigris-e-mauro-sarzi-tra-i-primi-ospiti","status":"publish","type":"post","link":"https:\/\/www.istitutogalanteoliva.it\/magazine\/2023\/02\/21\/in-sardegna-a-villamassargia-il-ciclo-di-conferenze-prendersi-cura-di-chi-si-prende-cura-fulvio-de-nigris-e-mauro-sarzi-tra-i-primi-ospiti\/","title":{"rendered":"<strong>In Sardegna a Villamassargia il ciclo di conferenze &#8216;Prendersi cura di chi si prende cura&#8217;\u00a0\u00a0Fulvio De Nigris e Mauro Sarzi tra i primi ospiti<\/strong>"},"content":{"rendered":"\n<p>&nbsp;<strong>Gioved\u00ec 23 febbraio alle ore 15.30<\/strong>&nbsp;a&nbsp;<strong>Casa Fenu&nbsp;&nbsp;di Villamassargia<\/strong>&nbsp;<strong>Fulvio De Nigris<\/strong>&nbsp;fondatore della Casa dei Risvegli Luca De Nigris di Bologna e direttore del Centro Studi per la Ricerca sul Coma Gli amici di Luca e&nbsp;<strong>Mauro Sarzi<\/strong>&nbsp;presidente dell\u2019associazione \u201cLe Mani dei Sarzi\u201d di Cagliari maestro burattinaio figlio di Otello Sarzi discendente di una grande famiglia d\u2019arte,&nbsp;alla&nbsp;quarta generazione da parte di padre e alla settima da parte di madre&nbsp;&nbsp;saranno gli ospiti del primo appuntamento del ciclo di conferenze \u201cPrendersi cura di chi si prende cura\u201d promosso dal Comune di Villamassargia.<\/p>\n\n\n\n<figure class=\"wp-block-image size-large is-resized\"><img loading=\"lazy\" decoding=\"async\" src=\"https:\/\/www.istitutogalanteoliva.it\/magazine\/wp-content\/uploads\/2023\/02\/Loc_Incontro23feb23_Villamassargia-21_page-0001-1-724x1024.jpg\" alt=\"\" class=\"wp-image-13362\" width=\"362\" height=\"512\" srcset=\"https:\/\/www.istitutogalanteoliva.it\/magazine\/wp-content\/uploads\/2023\/02\/Loc_Incontro23feb23_Villamassargia-21_page-0001-1-724x1024.jpg 724w, https:\/\/www.istitutogalanteoliva.it\/magazine\/wp-content\/uploads\/2023\/02\/Loc_Incontro23feb23_Villamassargia-21_page-0001-1-212x300.jpg 212w, https:\/\/www.istitutogalanteoliva.it\/magazine\/wp-content\/uploads\/2023\/02\/Loc_Incontro23feb23_Villamassargia-21_page-0001-1-768x1086.jpg 768w, https:\/\/www.istitutogalanteoliva.it\/magazine\/wp-content\/uploads\/2023\/02\/Loc_Incontro23feb23_Villamassargia-21_page-0001-1-1086x1536.jpg 1086w, https:\/\/www.istitutogalanteoliva.it\/magazine\/wp-content\/uploads\/2023\/02\/Loc_Incontro23feb23_Villamassargia-21_page-0001-1-1024x1448.jpg 1024w, https:\/\/www.istitutogalanteoliva.it\/magazine\/wp-content\/uploads\/2023\/02\/Loc_Incontro23feb23_Villamassargia-21_page-0001-1.jpg 1241w\" sizes=\"auto, (max-width: 362px) 100vw, 362px\" \/><\/figure>\n\n\n\n<p>&nbsp;L\u2019iniziativa si inserisce nell&#8217;ambito del progetto &#8220;Centro per la Famiglia&#8221; di cui l&#8217;amministrazione guidata dalla sindaca Debora Porr\u00e0 \u00e8 capofila, insieme ai Comuni aderenti che sono: Iglesias, Buggerru, Fluminimaggiore, Gonnesa, Musei e Domusnovas. L&#8217;iniziativa ha come obiettivo la promozione del benessere familiare e la diffusione di strumenti di aiuto sulla cura delle fragilit\u00e0, di cui frequentemente il nucleo stesso si fa carico, ed \u00e8 nata con l&#8217;inaugurazione nel 2021 a Villamassargia del Centro per la Famiglia del Plus distretto di Iglesias. Il primo appuntamento sar\u00e0 rivolto principalmente a psicologi ed assistenti sociali e ha lo scopo di promuovere la diffusione di strumenti di aiuto sulla cura delle fragilit\u00e0. All&#8217;incontro moderato dalla giornalista Sara Vigorita interverranno Gabriela Azzena (coordinatrice Plus Iglesias), Giuseppina Lorenzoni (presidente associazione sarda trapianti &#8216;Vita Nuova).<\/p>\n\n\n\n<figure class=\"wp-block-image size-large is-resized\"><img loading=\"lazy\" decoding=\"async\" src=\"https:\/\/www.istitutogalanteoliva.it\/magazine\/wp-content\/uploads\/2023\/02\/fulvio-casa_casamassima1-1-1024x683.jpg\" alt=\"\" class=\"wp-image-13360\" width=\"512\" height=\"342\" srcset=\"https:\/\/www.istitutogalanteoliva.it\/magazine\/wp-content\/uploads\/2023\/02\/fulvio-casa_casamassima1-1-1024x683.jpg 1024w, https:\/\/www.istitutogalanteoliva.it\/magazine\/wp-content\/uploads\/2023\/02\/fulvio-casa_casamassima1-1-300x200.jpg 300w, https:\/\/www.istitutogalanteoliva.it\/magazine\/wp-content\/uploads\/2023\/02\/fulvio-casa_casamassima1-1-768x512.jpg 768w, https:\/\/www.istitutogalanteoliva.it\/magazine\/wp-content\/uploads\/2023\/02\/fulvio-casa_casamassima1-1-1536x1024.jpg 1536w, https:\/\/www.istitutogalanteoliva.it\/magazine\/wp-content\/uploads\/2023\/02\/fulvio-casa_casamassima1-1-2048x1365.jpg 2048w, https:\/\/www.istitutogalanteoliva.it\/magazine\/wp-content\/uploads\/2023\/02\/fulvio-casa_casamassima1-1-675x450.jpg 675w\" sizes=\"auto, (max-width: 512px) 100vw, 512px\" \/><figcaption class=\"wp-element-caption\"><strong><em><sup>Fulvio De Nigris<\/sup><\/em><\/strong><\/figcaption><\/figure>\n\n\n\n<p><em>\u201cSono molto contento di aprire il ciclo di conferenze a Villamassargia&nbsp;<\/em>\u2013 dice&nbsp;<strong>Fulvio De Nigris<\/strong>&nbsp;Direttore Centro Studi per la Ricerca sul Coma, Gli amici di Luca di Bologna<em>&nbsp;\u2013 in un Centro per la famiglia che si occupa di varie fragilit\u00e0. I temi della cura e tutela caregivers ci stanno a cuore da sempre. Abbiamo creato a Bologna la Casa dei Risvegli Luca De Nigris, una struttura pubblica postacuta dell\u2019Azienda Usl ddi Bologna, dall\u2019esperienza personale mia e di Maria Vaccari genitori di un figlio Luca che and\u00f2 in coma nel 1997 e grazie ad una gara di solidariet\u00e0 and\u00f2 in Austria in un centro di altra specializzazione. Quell\u2019esperienza non ha solo segnato noi in maniera personale ma \u00e8 diventata patrimonio pubblico, cambiando il modo di affrontare il coma, la gestione di questi pazienti e rivalutando il ruolo dei familiari. La famiglia considerata un ostacolo, una componente alla quale il paziente veniva sottratto per il suo bene e la sua cura, \u00e8 diventata una risorsa, una componente del percorso terapeutico. Famiglia curata ma famiglia curante per dirla interpretando il pensiero di una grande pedagogista recentemente sompsarso, Andrea Canevaro che ide\u00f2 il progetto pedagogico della Casa dei Risvegli Luca De Nigris, una struttura creata rispettando il ritmo della famiglia, con tanti moduli abitativi, case nelle case, dove \u00e8 possibile per l\u2019ospite ed un suo familiare convivere nel periodo di degenza, essere attivo nel team, formarsi e prepararsi alle dimissioni. Abbiamo oggi una grande sfida da compiere quella del \u2018dopo\u2019, quando si viene dimessi dalle strutture sanitarie, quando si torna a casa, al proprio domicilio quando le cose vanno per il meglio, o in altre strutture, per provare a riallacciare il filo fragile del proprio destino.&nbsp;&nbsp;Dobbiamo fare rete e mettere in campo strumenti di aiuto che possono essere i pi\u00f9 vari, da quelli clinici a quelli socioeducativi fino alle attivit\u00e0 artistiche intese come mezzi espressivi ma anche di vera e propria terapia: Da questo punto di vista siamo stati ancora una volta innovatori con l\u2019uso del teatro rivolto alle persone con esiti di coma che ha girato l\u2019europa. Tutte queste tematiche fanno parte della Giornata nazionale dei risvegli, testimonial Alessandro Bergonzoni che si svolge da 25 anni, anche ottava \u201cGiornata europea dei risvegli\u201d che \u00e8 diventao un progetto:&nbsp;&nbsp;\u201cBologna \u00e8 cura\u201d per un percorso partecipativo rivolto a professionisti, associazioni e cittadini che porter\u00e0 ad un manifesto condiviso per la Giornata dei risvegli\u201d.<\/em><\/p>\n\n\n\n<figure class=\"wp-block-image size-full is-resized\"><img loading=\"lazy\" decoding=\"async\" src=\"https:\/\/www.istitutogalanteoliva.it\/magazine\/wp-content\/uploads\/2023\/02\/mauro-sarzi-burattinaio-1.jpeg\" alt=\"\" class=\"wp-image-13361\" width=\"327\" height=\"407\" srcset=\"https:\/\/www.istitutogalanteoliva.it\/magazine\/wp-content\/uploads\/2023\/02\/mauro-sarzi-burattinaio-1.jpeg 436w, https:\/\/www.istitutogalanteoliva.it\/magazine\/wp-content\/uploads\/2023\/02\/mauro-sarzi-burattinaio-1-241x300.jpeg 241w\" sizes=\"auto, (max-width: 327px) 100vw, 327px\" \/><figcaption class=\"wp-element-caption\"><strong><em><sup>Mauro Sarzi<\/sup><\/em><\/strong><\/figcaption><\/figure>\n\n\n\n<p><em>\u201cIl mio intervento&nbsp;<\/em>\u2013 dice&nbsp;<strong>Mauro Sarzi<\/strong>&nbsp;animatore e maestro burattinaio \u2013<em>&nbsp;riporta le mie esperienze fatte in teatro, nella scuola per burattinai diretta negli anni \u201980 da mio padre Otello Sarzi a Cagliari, citt\u00e0 in cui vivo e opero. In questi anni dopo aver collaborato con l\u2019associazione\u201cGli Amici di Luca\u201d<strong>,<\/strong>&nbsp;ho aperto le mie esperienze ai centri ospedalieri e per il disagio mentale, fino al carcere minorile di&nbsp;Quartucciu&nbsp;e nei reparti di&nbsp;Pediatria,&nbsp;Cardiologia Pediatrica<strong>&nbsp;e&nbsp;<\/strong>Urologia<strong>&nbsp;dell\u2019<\/strong>Ospedale G. Brotzu<strong>&nbsp;di&nbsp;<\/strong>Cagliari<strong>. Con la&nbsp;<\/strong>\u201cHuman-arts Onlus Le Mani dei Sarzi\u201d&nbsp;operiamo nell\u2019ambito delle&nbsp;artiterapie, in supporto ai medici negli ospedali e nei centri riabilitativi, viaggiando all\u2019estero per convegni, laboratori, conferenze e spettacoli. Negli ultimi anni ho coordinato il Progetto curato da Human Arts, Le Mani dei Sarzi, che porta il titolo \u2018I burattini di Ernesto Rossi insegnano l\u2019Europa\u2019 e mira a riscoprire la figura di questo importante personaggio storico alla luce della sua passione per questi preziosi oggetti d\u2019arte, veri autori delle lettere che Ernesto Rossi spediva alla madre dal carcere, lettere dense di messaggi fondativi della nuova Europa. Sono inoltre nel Consiglio di amministrazione della Fondazione famiglia Sarzi di Reggio Emilia nata per volont\u00e0 di mio padre Otello. La Fondazione ha la&nbsp;finalit\u00e0 della tutela e valorizzazione del patrimonio artistico della Famiglia Sarzi, teatranti e burattinai da generazioni, nonch\u00e9 la promozione dei valori culturali ed artistici espressi durante la loro lunga attivit\u00e0 professionale. Nel Giugno 2019 si \u00e8 inaugurato il nuovo museo \u201cLa casa dei burattini di Otello Sarzi\u201d e quest\u2019anno siamo impegnati nella manifestazione: \u201cCent\u2019anni dal futuro\u201d un&nbsp;<\/em>programma degli eventi e iniziative in occasione&nbsp;<strong>del&nbsp;<\/strong><em>Centenario della nascita di Otello Sarzi\u201d.<\/em><\/p>\n\n\n\n<p><strong><em>Comunicato Stampa<\/em><\/strong><\/p>\n<div class=\"pdfprnt-buttons pdfprnt-buttons-post pdfprnt-bottom-left\"><a href=\"https:\/\/www.istitutogalanteoliva.it\/magazine\/wp-json\/wp\/v2\/posts\/13359?print=print\" class=\"pdfprnt-button pdfprnt-button-print\" target=\"_blank\"><img decoding=\"async\" src=\"https:\/\/www.istitutogalanteoliva.it\/magazine\/wp-content\/plugins\/pdf-print\/images\/print.png\" alt=\"image_print\" title=\"Stampa contenuto\" \/><span class=\"pdfprnt-button-title pdfprnt-button-print-title\">Download in PDF<\/span><\/a><\/div>","protected":false},"excerpt":{"rendered":"<p>\u00a0Gioved\u00ec 23 febbraio alle ore 15.30\u00a0a\u00a0Casa Fenu<\/p>\n","protected":false},"author":2,"featured_media":13363,"comment_status":"closed","ping_status":"open","sticky":true,"template":"","format":"standard","meta":{"footnotes":""},"categories":[731],"tags":[770,771,769],"class_list":["post-13359","post","type-post","status-publish","format-standard","has-post-thumbnail","hentry","category-731","tag-fulvio-de-nigris","tag-prendersi-cura-di-chi-si-prende-cura","tag-villamassargia"],"yoast_head":"<!-- This site is optimized with the Yoast SEO plugin v24.2 - https:\/\/yoast.com\/wordpress\/plugins\/seo\/ -->\n<title>In Sardegna a Villamassargia il ciclo di conferenze &#039;Prendersi cura di chi si prende cura&#039;\u00a0\u00a0Fulvio De Nigris e Mauro Sarzi tra i primi ospiti - Polis SA Magazine<\/title>\n<meta name=\"robots\" content=\"index, follow, max-snippet:-1, max-image-preview:large, max-video-preview:-1\" \/>\n<link rel=\"canonical\" href=\"https:\/\/www.istitutogalanteoliva.it\/magazine\/2023\/02\/21\/in-sardegna-a-villamassargia-il-ciclo-di-conferenze-prendersi-cura-di-chi-si-prende-cura-fulvio-de-nigris-e-mauro-sarzi-tra-i-primi-ospiti\/\" \/>\n<meta property=\"og:locale\" content=\"it_IT\" \/>\n<meta property=\"og:type\" content=\"article\" \/>\n<meta property=\"og:title\" content=\"In Sardegna a Villamassargia il ciclo di conferenze &#039;Prendersi cura di chi si prende cura&#039;\u00a0\u00a0Fulvio De Nigris e Mauro Sarzi tra i primi ospiti - Polis SA Magazine\" \/>\n<meta property=\"og:description\" content=\"\u00a0Gioved\u00ec 23 febbraio alle ore 15.30\u00a0a\u00a0Casa Fenu\" \/>\n<meta property=\"og:url\" content=\"https:\/\/www.istitutogalanteoliva.it\/magazine\/2023\/02\/21\/in-sardegna-a-villamassargia-il-ciclo-di-conferenze-prendersi-cura-di-chi-si-prende-cura-fulvio-de-nigris-e-mauro-sarzi-tra-i-primi-ospiti\/\" \/>\n<meta property=\"og:site_name\" content=\"Polis SA Magazine\" \/>\n<meta property=\"article:publisher\" content=\"https:\/\/www.facebook.com\/PolisSAMagazine\/\" \/>\n<meta property=\"article:published_time\" content=\"2023-02-21T13:31:10+00:00\" \/>\n<meta property=\"article:modified_time\" content=\"2023-02-21T14:54:54+00:00\" \/>\n<meta property=\"og:image\" content=\"https:\/\/www.istitutogalanteoliva.it\/magazine\/wp-content\/uploads\/2023\/02\/Loc_Incontro23feb23_Villamassargia-21_page-0001.jpg\" \/>\n\t<meta property=\"og:image:width\" content=\"700\" \/>\n\t<meta property=\"og:image:height\" content=\"380\" \/>\n\t<meta property=\"og:image:type\" content=\"image\/jpeg\" \/>\n<meta name=\"author\" content=\"Antonello Rivano\" \/>\n<meta name=\"twitter:card\" content=\"summary_large_image\" \/>\n<meta name=\"twitter:creator\" content=\"@MagazinePolis\" \/>\n<meta name=\"twitter:site\" content=\"@MagazinePolis\" \/>\n<meta name=\"twitter:label1\" content=\"Scritto da\" \/>\n\t<meta name=\"twitter:data1\" content=\"Antonello Rivano\" \/>\n\t<meta name=\"twitter:label2\" content=\"Tempo di lettura stimato\" \/>\n\t<meta name=\"twitter:data2\" content=\"6 minuti\" \/>\n<script type=\"application\/ld+json\" class=\"yoast-schema-graph\">{\"@context\":\"https:\/\/schema.org\",\"@graph\":[{\"@type\":\"Article\",\"@id\":\"https:\/\/www.istitutogalanteoliva.it\/magazine\/2023\/02\/21\/in-sardegna-a-villamassargia-il-ciclo-di-conferenze-prendersi-cura-di-chi-si-prende-cura-fulvio-de-nigris-e-mauro-sarzi-tra-i-primi-ospiti\/#article\",\"isPartOf\":{\"@id\":\"https:\/\/www.istitutogalanteoliva.it\/magazine\/2023\/02\/21\/in-sardegna-a-villamassargia-il-ciclo-di-conferenze-prendersi-cura-di-chi-si-prende-cura-fulvio-de-nigris-e-mauro-sarzi-tra-i-primi-ospiti\/\"},\"author\":{\"name\":\"Antonello Rivano\",\"@id\":\"https:\/\/www.istitutogalanteoliva.it\/magazine\/#\/schema\/person\/d8b8aa79cfe8babc1df9da3212a7c0c4\"},\"headline\":\"In Sardegna a Villamassargia il ciclo di conferenze &#8216;Prendersi cura di chi si prende cura&#8217;\u00a0\u00a0Fulvio De Nigris e Mauro Sarzi tra i primi ospiti\",\"datePublished\":\"2023-02-21T13:31:10+00:00\",\"dateModified\":\"2023-02-21T14:54:54+00:00\",\"mainEntityOfPage\":{\"@id\":\"https:\/\/www.istitutogalanteoliva.it\/magazine\/2023\/02\/21\/in-sardegna-a-villamassargia-il-ciclo-di-conferenze-prendersi-cura-di-chi-si-prende-cura-fulvio-de-nigris-e-mauro-sarzi-tra-i-primi-ospiti\/\"},\"wordCount\":977,\"publisher\":{\"@id\":\"https:\/\/www.istitutogalanteoliva.it\/magazine\/#organization\"},\"image\":{\"@id\":\"https:\/\/www.istitutogalanteoliva.it\/magazine\/2023\/02\/21\/in-sardegna-a-villamassargia-il-ciclo-di-conferenze-prendersi-cura-di-chi-si-prende-cura-fulvio-de-nigris-e-mauro-sarzi-tra-i-primi-ospiti\/#primaryimage\"},\"thumbnailUrl\":\"https:\/\/www.istitutogalanteoliva.it\/magazine\/wp-content\/uploads\/2023\/02\/Loc_Incontro23feb23_Villamassargia-21_page-0001.jpg\",\"keywords\":[\"Fulvio De Nigris\",\"Prendersi cura di chi si prende cura\",\"Villamassargia\"],\"articleSection\":[\"2023\"],\"inLanguage\":\"it-IT\"},{\"@type\":\"WebPage\",\"@id\":\"https:\/\/www.istitutogalanteoliva.it\/magazine\/2023\/02\/21\/in-sardegna-a-villamassargia-il-ciclo-di-conferenze-prendersi-cura-di-chi-si-prende-cura-fulvio-de-nigris-e-mauro-sarzi-tra-i-primi-ospiti\/\",\"url\":\"https:\/\/www.istitutogalanteoliva.it\/magazine\/2023\/02\/21\/in-sardegna-a-villamassargia-il-ciclo-di-conferenze-prendersi-cura-di-chi-si-prende-cura-fulvio-de-nigris-e-mauro-sarzi-tra-i-primi-ospiti\/\",\"name\":\"In Sardegna a Villamassargia il ciclo di conferenze 'Prendersi cura di chi si prende cura'\u00a0\u00a0Fulvio De Nigris e Mauro Sarzi tra i primi ospiti - Polis SA Magazine\",\"isPartOf\":{\"@id\":\"https:\/\/www.istitutogalanteoliva.it\/magazine\/#website\"},\"primaryImageOfPage\":{\"@id\":\"https:\/\/www.istitutogalanteoliva.it\/magazine\/2023\/02\/21\/in-sardegna-a-villamassargia-il-ciclo-di-conferenze-prendersi-cura-di-chi-si-prende-cura-fulvio-de-nigris-e-mauro-sarzi-tra-i-primi-ospiti\/#primaryimage\"},\"image\":{\"@id\":\"https:\/\/www.istitutogalanteoliva.it\/magazine\/2023\/02\/21\/in-sardegna-a-villamassargia-il-ciclo-di-conferenze-prendersi-cura-di-chi-si-prende-cura-fulvio-de-nigris-e-mauro-sarzi-tra-i-primi-ospiti\/#primaryimage\"},\"thumbnailUrl\":\"https:\/\/www.istitutogalanteoliva.it\/magazine\/wp-content\/uploads\/2023\/02\/Loc_Incontro23feb23_Villamassargia-21_page-0001.jpg\",\"datePublished\":\"2023-02-21T13:31:10+00:00\",\"dateModified\":\"2023-02-21T14:54:54+00:00\",\"breadcrumb\":{\"@id\":\"https:\/\/www.istitutogalanteoliva.it\/magazine\/2023\/02\/21\/in-sardegna-a-villamassargia-il-ciclo-di-conferenze-prendersi-cura-di-chi-si-prende-cura-fulvio-de-nigris-e-mauro-sarzi-tra-i-primi-ospiti\/#breadcrumb\"},\"inLanguage\":\"it-IT\",\"potentialAction\":[{\"@type\":\"ReadAction\",\"target\":[\"https:\/\/www.istitutogalanteoliva.it\/magazine\/2023\/02\/21\/in-sardegna-a-villamassargia-il-ciclo-di-conferenze-prendersi-cura-di-chi-si-prende-cura-fulvio-de-nigris-e-mauro-sarzi-tra-i-primi-ospiti\/\"]}]},{\"@type\":\"ImageObject\",\"inLanguage\":\"it-IT\",\"@id\":\"https:\/\/www.istitutogalanteoliva.it\/magazine\/2023\/02\/21\/in-sardegna-a-villamassargia-il-ciclo-di-conferenze-prendersi-cura-di-chi-si-prende-cura-fulvio-de-nigris-e-mauro-sarzi-tra-i-primi-ospiti\/#primaryimage\",\"url\":\"https:\/\/www.istitutogalanteoliva.it\/magazine\/wp-content\/uploads\/2023\/02\/Loc_Incontro23feb23_Villamassargia-21_page-0001.jpg\",\"contentUrl\":\"https:\/\/www.istitutogalanteoliva.it\/magazine\/wp-content\/uploads\/2023\/02\/Loc_Incontro23feb23_Villamassargia-21_page-0001.jpg\",\"width\":700,\"height\":380},{\"@type\":\"BreadcrumbList\",\"@id\":\"https:\/\/www.istitutogalanteoliva.it\/magazine\/2023\/02\/21\/in-sardegna-a-villamassargia-il-ciclo-di-conferenze-prendersi-cura-di-chi-si-prende-cura-fulvio-de-nigris-e-mauro-sarzi-tra-i-primi-ospiti\/#breadcrumb\",\"itemListElement\":[{\"@type\":\"ListItem\",\"position\":1,\"name\":\"Home\",\"item\":\"https:\/\/www.istitutogalanteoliva.it\/magazine\/\"},{\"@type\":\"ListItem\",\"position\":2,\"name\":\"In Sardegna a Villamassargia il ciclo di conferenze &#8216;Prendersi cura di chi si prende cura&#8217;\u00a0\u00a0Fulvio De Nigris e Mauro Sarzi tra i primi ospiti\"}]},{\"@type\":\"WebSite\",\"@id\":\"https:\/\/www.istitutogalanteoliva.it\/magazine\/#website\",\"url\":\"https:\/\/www.istitutogalanteoliva.it\/magazine\/\",\"name\":\"POLIS SA MAGAZINE\",\"description\":\"Informazione e approfondimenti\",\"publisher\":{\"@id\":\"https:\/\/www.istitutogalanteoliva.it\/magazine\/#organization\"},\"potentialAction\":[{\"@type\":\"SearchAction\",\"target\":{\"@type\":\"EntryPoint\",\"urlTemplate\":\"https:\/\/www.istitutogalanteoliva.it\/magazine\/?s={search_term_string}\"},\"query-input\":{\"@type\":\"PropertyValueSpecification\",\"valueRequired\":true,\"valueName\":\"search_term_string\"}}],\"inLanguage\":\"it-IT\"},{\"@type\":\"Organization\",\"@id\":\"https:\/\/www.istitutogalanteoliva.it\/magazine\/#organization\",\"name\":\"Polis SA Magazine\",\"url\":\"https:\/\/www.istitutogalanteoliva.it\/magazine\/\",\"logo\":{\"@type\":\"ImageObject\",\"inLanguage\":\"it-IT\",\"@id\":\"https:\/\/www.istitutogalanteoliva.it\/magazine\/#\/schema\/logo\/image\/\",\"url\":\"\",\"contentUrl\":\"\",\"caption\":\"Polis SA Magazine\"},\"image\":{\"@id\":\"https:\/\/www.istitutogalanteoliva.it\/magazine\/#\/schema\/logo\/image\/\"},\"sameAs\":[\"https:\/\/www.facebook.com\/PolisSAMagazine\/\",\"https:\/\/x.com\/MagazinePolis\",\"https:\/\/www.youtube.com\/channel\/UCv0Mr5AHKUmsc0sEEXkJrgw\"]},{\"@type\":\"Person\",\"@id\":\"https:\/\/www.istitutogalanteoliva.it\/magazine\/#\/schema\/person\/d8b8aa79cfe8babc1df9da3212a7c0c4\",\"name\":\"Antonello Rivano\",\"image\":{\"@type\":\"ImageObject\",\"inLanguage\":\"it-IT\",\"@id\":\"https:\/\/www.istitutogalanteoliva.it\/magazine\/#\/schema\/person\/image\/\",\"url\":\"https:\/\/secure.gravatar.com\/avatar\/517a9a6487a7a18ecc4ce6d2e57a8f40?s=96&d=mm&r=g\",\"contentUrl\":\"https:\/\/secure.gravatar.com\/avatar\/517a9a6487a7a18ecc4ce6d2e57a8f40?s=96&d=mm&r=g\",\"caption\":\"Antonello Rivano\"},\"url\":\"https:\/\/www.istitutogalanteoliva.it\/magazine\/author\/antonello\/\"}]}<\/script>\n<!-- \/ Yoast SEO plugin. -->","yoast_head_json":{"title":"In Sardegna a Villamassargia il ciclo di conferenze 'Prendersi cura di chi si prende cura'\u00a0\u00a0Fulvio De Nigris e Mauro Sarzi tra i primi ospiti - Polis SA Magazine","robots":{"index":"index","follow":"follow","max-snippet":"max-snippet:-1","max-image-preview":"max-image-preview:large","max-video-preview":"max-video-preview:-1"},"canonical":"https:\/\/www.istitutogalanteoliva.it\/magazine\/2023\/02\/21\/in-sardegna-a-villamassargia-il-ciclo-di-conferenze-prendersi-cura-di-chi-si-prende-cura-fulvio-de-nigris-e-mauro-sarzi-tra-i-primi-ospiti\/","og_locale":"it_IT","og_type":"article","og_title":"In Sardegna a Villamassargia il ciclo di conferenze 'Prendersi cura di chi si prende cura'\u00a0\u00a0Fulvio De Nigris e Mauro Sarzi tra i primi ospiti - Polis SA Magazine","og_description":"\u00a0Gioved\u00ec 23 febbraio alle ore 15.30\u00a0a\u00a0Casa Fenu","og_url":"https:\/\/www.istitutogalanteoliva.it\/magazine\/2023\/02\/21\/in-sardegna-a-villamassargia-il-ciclo-di-conferenze-prendersi-cura-di-chi-si-prende-cura-fulvio-de-nigris-e-mauro-sarzi-tra-i-primi-ospiti\/","og_site_name":"Polis SA Magazine","article_publisher":"https:\/\/www.facebook.com\/PolisSAMagazine\/","article_published_time":"2023-02-21T13:31:10+00:00","article_modified_time":"2023-02-21T14:54:54+00:00","og_image":[{"width":700,"height":380,"url":"https:\/\/www.istitutogalanteoliva.it\/magazine\/wp-content\/uploads\/2023\/02\/Loc_Incontro23feb23_Villamassargia-21_page-0001.jpg","type":"image\/jpeg"}],"author":"Antonello Rivano","twitter_card":"summary_large_image","twitter_creator":"@MagazinePolis","twitter_site":"@MagazinePolis","twitter_misc":{"Scritto da":"Antonello Rivano","Tempo di lettura stimato":"6 minuti"},"schema":{"@context":"https:\/\/schema.org","@graph":[{"@type":"Article","@id":"https:\/\/www.istitutogalanteoliva.it\/magazine\/2023\/02\/21\/in-sardegna-a-villamassargia-il-ciclo-di-conferenze-prendersi-cura-di-chi-si-prende-cura-fulvio-de-nigris-e-mauro-sarzi-tra-i-primi-ospiti\/#article","isPartOf":{"@id":"https:\/\/www.istitutogalanteoliva.it\/magazine\/2023\/02\/21\/in-sardegna-a-villamassargia-il-ciclo-di-conferenze-prendersi-cura-di-chi-si-prende-cura-fulvio-de-nigris-e-mauro-sarzi-tra-i-primi-ospiti\/"},"author":{"name":"Antonello Rivano","@id":"https:\/\/www.istitutogalanteoliva.it\/magazine\/#\/schema\/person\/d8b8aa79cfe8babc1df9da3212a7c0c4"},"headline":"In Sardegna a Villamassargia il ciclo di conferenze &#8216;Prendersi cura di chi si prende cura&#8217;\u00a0\u00a0Fulvio De Nigris e Mauro Sarzi tra i primi ospiti","datePublished":"2023-02-21T13:31:10+00:00","dateModified":"2023-02-21T14:54:54+00:00","mainEntityOfPage":{"@id":"https:\/\/www.istitutogalanteoliva.it\/magazine\/2023\/02\/21\/in-sardegna-a-villamassargia-il-ciclo-di-conferenze-prendersi-cura-di-chi-si-prende-cura-fulvio-de-nigris-e-mauro-sarzi-tra-i-primi-ospiti\/"},"wordCount":977,"publisher":{"@id":"https:\/\/www.istitutogalanteoliva.it\/magazine\/#organization"},"image":{"@id":"https:\/\/www.istitutogalanteoliva.it\/magazine\/2023\/02\/21\/in-sardegna-a-villamassargia-il-ciclo-di-conferenze-prendersi-cura-di-chi-si-prende-cura-fulvio-de-nigris-e-mauro-sarzi-tra-i-primi-ospiti\/#primaryimage"},"thumbnailUrl":"https:\/\/www.istitutogalanteoliva.it\/magazine\/wp-content\/uploads\/2023\/02\/Loc_Incontro23feb23_Villamassargia-21_page-0001.jpg","keywords":["Fulvio De Nigris","Prendersi cura di chi si prende cura","Villamassargia"],"articleSection":["2023"],"inLanguage":"it-IT"},{"@type":"WebPage","@id":"https:\/\/www.istitutogalanteoliva.it\/magazine\/2023\/02\/21\/in-sardegna-a-villamassargia-il-ciclo-di-conferenze-prendersi-cura-di-chi-si-prende-cura-fulvio-de-nigris-e-mauro-sarzi-tra-i-primi-ospiti\/","url":"https:\/\/www.istitutogalanteoliva.it\/magazine\/2023\/02\/21\/in-sardegna-a-villamassargia-il-ciclo-di-conferenze-prendersi-cura-di-chi-si-prende-cura-fulvio-de-nigris-e-mauro-sarzi-tra-i-primi-ospiti\/","name":"In Sardegna a Villamassargia il ciclo di conferenze 'Prendersi cura di chi si prende cura'\u00a0\u00a0Fulvio De Nigris e Mauro Sarzi tra i primi ospiti - Polis SA Magazine","isPartOf":{"@id":"https:\/\/www.istitutogalanteoliva.it\/magazine\/#website"},"primaryImageOfPage":{"@id":"https:\/\/www.istitutogalanteoliva.it\/magazine\/2023\/02\/21\/in-sardegna-a-villamassargia-il-ciclo-di-conferenze-prendersi-cura-di-chi-si-prende-cura-fulvio-de-nigris-e-mauro-sarzi-tra-i-primi-ospiti\/#primaryimage"},"image":{"@id":"https:\/\/www.istitutogalanteoliva.it\/magazine\/2023\/02\/21\/in-sardegna-a-villamassargia-il-ciclo-di-conferenze-prendersi-cura-di-chi-si-prende-cura-fulvio-de-nigris-e-mauro-sarzi-tra-i-primi-ospiti\/#primaryimage"},"thumbnailUrl":"https:\/\/www.istitutogalanteoliva.it\/magazine\/wp-content\/uploads\/2023\/02\/Loc_Incontro23feb23_Villamassargia-21_page-0001.jpg","datePublished":"2023-02-21T13:31:10+00:00","dateModified":"2023-02-21T14:54:54+00:00","breadcrumb":{"@id":"https:\/\/www.istitutogalanteoliva.it\/magazine\/2023\/02\/21\/in-sardegna-a-villamassargia-il-ciclo-di-conferenze-prendersi-cura-di-chi-si-prende-cura-fulvio-de-nigris-e-mauro-sarzi-tra-i-primi-ospiti\/#breadcrumb"},"inLanguage":"it-IT","potentialAction":[{"@type":"ReadAction","target":["https:\/\/www.istitutogalanteoliva.it\/magazine\/2023\/02\/21\/in-sardegna-a-villamassargia-il-ciclo-di-conferenze-prendersi-cura-di-chi-si-prende-cura-fulvio-de-nigris-e-mauro-sarzi-tra-i-primi-ospiti\/"]}]},{"@type":"ImageObject","inLanguage":"it-IT","@id":"https:\/\/www.istitutogalanteoliva.it\/magazine\/2023\/02\/21\/in-sardegna-a-villamassargia-il-ciclo-di-conferenze-prendersi-cura-di-chi-si-prende-cura-fulvio-de-nigris-e-mauro-sarzi-tra-i-primi-ospiti\/#primaryimage","url":"https:\/\/www.istitutogalanteoliva.it\/magazine\/wp-content\/uploads\/2023\/02\/Loc_Incontro23feb23_Villamassargia-21_page-0001.jpg","contentUrl":"https:\/\/www.istitutogalanteoliva.it\/magazine\/wp-content\/uploads\/2023\/02\/Loc_Incontro23feb23_Villamassargia-21_page-0001.jpg","width":700,"height":380},{"@type":"BreadcrumbList","@id":"https:\/\/www.istitutogalanteoliva.it\/magazine\/2023\/02\/21\/in-sardegna-a-villamassargia-il-ciclo-di-conferenze-prendersi-cura-di-chi-si-prende-cura-fulvio-de-nigris-e-mauro-sarzi-tra-i-primi-ospiti\/#breadcrumb","itemListElement":[{"@type":"ListItem","position":1,"name":"Home","item":"https:\/\/www.istitutogalanteoliva.it\/magazine\/"},{"@type":"ListItem","position":2,"name":"In Sardegna a Villamassargia il ciclo di conferenze &#8216;Prendersi cura di chi si prende cura&#8217;\u00a0\u00a0Fulvio De Nigris e Mauro Sarzi tra i primi ospiti"}]},{"@type":"WebSite","@id":"https:\/\/www.istitutogalanteoliva.it\/magazine\/#website","url":"https:\/\/www.istitutogalanteoliva.it\/magazine\/","name":"POLIS SA MAGAZINE","description":"Informazione e approfondimenti","publisher":{"@id":"https:\/\/www.istitutogalanteoliva.it\/magazine\/#organization"},"potentialAction":[{"@type":"SearchAction","target":{"@type":"EntryPoint","urlTemplate":"https:\/\/www.istitutogalanteoliva.it\/magazine\/?s={search_term_string}"},"query-input":{"@type":"PropertyValueSpecification","valueRequired":true,"valueName":"search_term_string"}}],"inLanguage":"it-IT"},{"@type":"Organization","@id":"https:\/\/www.istitutogalanteoliva.it\/magazine\/#organization","name":"Polis SA Magazine","url":"https:\/\/www.istitutogalanteoliva.it\/magazine\/","logo":{"@type":"ImageObject","inLanguage":"it-IT","@id":"https:\/\/www.istitutogalanteoliva.it\/magazine\/#\/schema\/logo\/image\/","url":"","contentUrl":"","caption":"Polis SA Magazine"},"image":{"@id":"https:\/\/www.istitutogalanteoliva.it\/magazine\/#\/schema\/logo\/image\/"},"sameAs":["https:\/\/www.facebook.com\/PolisSAMagazine\/","https:\/\/x.com\/MagazinePolis","https:\/\/www.youtube.com\/channel\/UCv0Mr5AHKUmsc0sEEXkJrgw"]},{"@type":"Person","@id":"https:\/\/www.istitutogalanteoliva.it\/magazine\/#\/schema\/person\/d8b8aa79cfe8babc1df9da3212a7c0c4","name":"Antonello Rivano","image":{"@type":"ImageObject","inLanguage":"it-IT","@id":"https:\/\/www.istitutogalanteoliva.it\/magazine\/#\/schema\/person\/image\/","url":"https:\/\/secure.gravatar.com\/avatar\/517a9a6487a7a18ecc4ce6d2e57a8f40?s=96&d=mm&r=g","contentUrl":"https:\/\/secure.gravatar.com\/avatar\/517a9a6487a7a18ecc4ce6d2e57a8f40?s=96&d=mm&r=g","caption":"Antonello Rivano"},"url":"https:\/\/www.istitutogalanteoliva.it\/magazine\/author\/antonello\/"}]}},"_links":{"self":[{"href":"https:\/\/www.istitutogalanteoliva.it\/magazine\/wp-json\/wp\/v2\/posts\/13359","targetHints":{"allow":["GET"]}}],"collection":[{"href":"https:\/\/www.istitutogalanteoliva.it\/magazine\/wp-json\/wp\/v2\/posts"}],"about":[{"href":"https:\/\/www.istitutogalanteoliva.it\/magazine\/wp-json\/wp\/v2\/types\/post"}],"author":[{"embeddable":true,"href":"https:\/\/www.istitutogalanteoliva.it\/magazine\/wp-json\/wp\/v2\/users\/2"}],"replies":[{"embeddable":true,"href":"https:\/\/www.istitutogalanteoliva.it\/magazine\/wp-json\/wp\/v2\/comments?post=13359"}],"version-history":[{"count":2,"href":"https:\/\/www.istitutogalanteoliva.it\/magazine\/wp-json\/wp\/v2\/posts\/13359\/revisions"}],"predecessor-version":[{"id":13366,"href":"https:\/\/www.istitutogalanteoliva.it\/magazine\/wp-json\/wp\/v2\/posts\/13359\/revisions\/13366"}],"wp:featuredmedia":[{"embeddable":true,"href":"https:\/\/www.istitutogalanteoliva.it\/magazine\/wp-json\/wp\/v2\/media\/13363"}],"wp:attachment":[{"href":"https:\/\/www.istitutogalanteoliva.it\/magazine\/wp-json\/wp\/v2\/media?parent=13359"}],"wp:term":[{"taxonomy":"category","embeddable":true,"href":"https:\/\/www.istitutogalanteoliva.it\/magazine\/wp-json\/wp\/v2\/categories?post=13359"},{"taxonomy":"post_tag","embeddable":true,"href":"https:\/\/www.istitutogalanteoliva.it\/magazine\/wp-json\/wp\/v2\/tags?post=13359"}],"curies":[{"name":"wp","href":"https:\/\/api.w.org\/{rel}","templated":true}]}}