{"id":13372,"date":"2023-02-23T14:58:31","date_gmt":"2023-02-23T13:58:31","guid":{"rendered":"https:\/\/www.istitutogalanteoliva.it\/magazine\/?p=13372"},"modified":"2023-02-23T14:58:32","modified_gmt":"2023-02-23T13:58:32","slug":"messaggio-di-una-dirigente-scolastica-sui-fatti-di-via-della-colonna","status":"publish","type":"post","link":"https:\/\/www.istitutogalanteoliva.it\/magazine\/2023\/02\/23\/messaggio-di-una-dirigente-scolastica-sui-fatti-di-via-della-colonna\/","title":{"rendered":"Messaggio di una dirigente scolastica sui fatti di Via della Colonna"},"content":{"rendered":"\n<p><strong>La dirigente scolastica del liceo scientifico Leonardo da Vinci, Annalisa Savino, dopo l\u2019aggressione al \u00abLiceo Michelangelo\u00bb di Firenze, ha deciso di scrivere una lettera ai suoi studenti. <\/strong><\/p>\n\n\n\n<p><strong>Riportiamo il testo integrale della lettera:<\/strong><\/p>\n\n\n\n<hr class=\"wp-block-separator has-alpha-channel-opacity\"\/>\n\n\n\n<h3 class=\"wp-block-heading\"><strong>Oggetto: messaggio sui fatti di Via della Colonna<\/strong>.<\/h3>\n\n\n\n<p>21 febbraio 2023<br>&#8220;<em>Cari studenti, in merito a quanto accaduto lo scorso sabato davanti la liceo Michelangelo di Firenze, al dibattito e alle reazioni, e alle omesse reazioni, ritengo che ognuno di voi abbia gi\u00e0 una sua opinione, riflettuta e immaginata da s\u00e9, considerato che l\u2019episodio coinvolge vostri coetanei e si \u00e8 svolto davanti a una scuola superiore, come \u00e8 la vostra. Non vi tedio dunque, ma mi preme ricordarvi solo due cose.<br>Il fascismo in Italia non \u00e8 nato da adunate di migliaia di persone. E \u2018nato ai bordi di un marciapiede qualunque, con la vittima di un pestaggio per motivi politici che \u00e8 stata lasciata a se stessa dai passanti indifferenti. \u201cOdio gli indifferenti\u201d diceva un grande italiano, Antonio Gramsci, che i fascisti chiusero in carcere fino alla morte, impauriti come conigli dalla forza delle sue idee.<br>Inoltre, siate consapevoli che \u00e8 in momenti come questi che, nella storia, i totalitarismi hanno preso piede e fondato le loro fortune, rovinando quelle di intere generazioni. Nei periodi di incertezza, di sfiducia nelle istituzioni, di sguardi ripiegato dentro il proprio recinto abbiamo tutti bisogno di aver fiducia nel futuro e di aprirci al mondo, condannando sempre la violenza e la prepotenza, chi decanta il valore delle frontiere, chi onora il sangue degli avi in contrapposizione ai diversi, continuando ad alzare muri va lasciato solo, chiamato con il suo nome, combattuto con le idee e con la cultura. Senza illudersi che questo disgustoso rigurgito passi da s\u00e9. Lo pensavano anche tanti italiani per bene cento anni fa ma non \u00e8 andata cosi.<\/em>\u201c<\/p>\n\n\n\n<p><strong>La Dirigente Scolastica<br>Dott.ssa&nbsp;Annalisa&nbsp;Savino<\/strong><\/p>\n<div class=\"pdfprnt-buttons pdfprnt-buttons-post pdfprnt-bottom-left\"><a href=\"https:\/\/www.istitutogalanteoliva.it\/magazine\/wp-json\/wp\/v2\/posts\/13372?print=print\" class=\"pdfprnt-button pdfprnt-button-print\" target=\"_blank\"><img decoding=\"async\" src=\"https:\/\/www.istitutogalanteoliva.it\/magazine\/wp-content\/plugins\/pdf-print\/images\/print.png\" alt=\"image_print\" title=\"Stampa contenuto\" \/><span class=\"pdfprnt-button-title pdfprnt-button-print-title\">Download in PDF<\/span><\/a><\/div>","protected":false},"excerpt":{"rendered":"<p>\u00abIl fascismo \u00e8 nato sui bordi di un marciapiede\u00bb<\/p>\n","protected":false},"author":2,"featured_media":13373,"comment_status":"closed","ping_status":"open","sticky":false,"template":"","format":"standard","meta":{"footnotes":""},"categories":[731,254],"tags":[],"class_list":["post-13372","post","type-post","status-publish","format-standard","has-post-thumbnail","hentry","category-731","category-attualita"],"yoast_head":"<!-- This site is optimized with the Yoast SEO plugin v24.2 - https:\/\/yoast.com\/wordpress\/plugins\/seo\/ -->\n<title>Messaggio di una dirigente scolastica sui fatti di Via della Colonna - Polis SA Magazine<\/title>\n<meta name=\"robots\" content=\"index, follow, max-snippet:-1, max-image-preview:large, max-video-preview:-1\" \/>\n<link rel=\"canonical\" href=\"https:\/\/www.istitutogalanteoliva.it\/magazine\/2023\/02\/23\/messaggio-di-una-dirigente-scolastica-sui-fatti-di-via-della-colonna\/\" \/>\n<meta property=\"og:locale\" content=\"it_IT\" \/>\n<meta property=\"og:type\" content=\"article\" \/>\n<meta property=\"og:title\" content=\"Messaggio di una dirigente scolastica sui fatti di Via della Colonna - Polis SA Magazine\" \/>\n<meta property=\"og:description\" content=\"\u00abIl fascismo \u00e8 nato sui bordi di un marciapiede\u00bb\" \/>\n<meta property=\"og:url\" content=\"https:\/\/www.istitutogalanteoliva.it\/magazine\/2023\/02\/23\/messaggio-di-una-dirigente-scolastica-sui-fatti-di-via-della-colonna\/\" \/>\n<meta property=\"og:site_name\" content=\"Polis SA Magazine\" \/>\n<meta property=\"article:publisher\" content=\"https:\/\/www.facebook.com\/PolisSAMagazine\/\" \/>\n<meta property=\"article:published_time\" content=\"2023-02-23T13:58:31+00:00\" \/>\n<meta property=\"article:modified_time\" content=\"2023-02-23T13:58:32+00:00\" \/>\n<meta property=\"og:image\" content=\"https:\/\/www.istitutogalanteoliva.it\/magazine\/wp-content\/uploads\/2023\/02\/1111.jpg\" \/>\n\t<meta property=\"og:image:width\" content=\"700\" \/>\n\t<meta property=\"og:image:height\" content=\"380\" \/>\n\t<meta property=\"og:image:type\" content=\"image\/jpeg\" \/>\n<meta name=\"author\" content=\"Antonello Rivano\" \/>\n<meta name=\"twitter:card\" content=\"summary_large_image\" \/>\n<meta name=\"twitter:creator\" content=\"@MagazinePolis\" \/>\n<meta name=\"twitter:site\" content=\"@MagazinePolis\" \/>\n<meta name=\"twitter:label1\" content=\"Scritto da\" \/>\n\t<meta name=\"twitter:data1\" content=\"Antonello Rivano\" \/>\n\t<meta name=\"twitter:label2\" content=\"Tempo di lettura stimato\" \/>\n\t<meta name=\"twitter:data2\" content=\"2 minuti\" \/>\n<script type=\"application\/ld+json\" class=\"yoast-schema-graph\">{\"@context\":\"https:\/\/schema.org\",\"@graph\":[{\"@type\":\"Article\",\"@id\":\"https:\/\/www.istitutogalanteoliva.it\/magazine\/2023\/02\/23\/messaggio-di-una-dirigente-scolastica-sui-fatti-di-via-della-colonna\/#article\",\"isPartOf\":{\"@id\":\"https:\/\/www.istitutogalanteoliva.it\/magazine\/2023\/02\/23\/messaggio-di-una-dirigente-scolastica-sui-fatti-di-via-della-colonna\/\"},\"author\":{\"name\":\"Antonello Rivano\",\"@id\":\"https:\/\/www.istitutogalanteoliva.it\/magazine\/#\/schema\/person\/d8b8aa79cfe8babc1df9da3212a7c0c4\"},\"headline\":\"Messaggio di una dirigente scolastica sui fatti di Via della Colonna\",\"datePublished\":\"2023-02-23T13:58:31+00:00\",\"dateModified\":\"2023-02-23T13:58:32+00:00\",\"mainEntityOfPage\":{\"@id\":\"https:\/\/www.istitutogalanteoliva.it\/magazine\/2023\/02\/23\/messaggio-di-una-dirigente-scolastica-sui-fatti-di-via-della-colonna\/\"},\"wordCount\":315,\"publisher\":{\"@id\":\"https:\/\/www.istitutogalanteoliva.it\/magazine\/#organization\"},\"image\":{\"@id\":\"https:\/\/www.istitutogalanteoliva.it\/magazine\/2023\/02\/23\/messaggio-di-una-dirigente-scolastica-sui-fatti-di-via-della-colonna\/#primaryimage\"},\"thumbnailUrl\":\"https:\/\/www.istitutogalanteoliva.it\/magazine\/wp-content\/uploads\/2023\/02\/1111.jpg\",\"articleSection\":[\"2023\",\"Attualit\u00e0\"],\"inLanguage\":\"it-IT\"},{\"@type\":\"WebPage\",\"@id\":\"https:\/\/www.istitutogalanteoliva.it\/magazine\/2023\/02\/23\/messaggio-di-una-dirigente-scolastica-sui-fatti-di-via-della-colonna\/\",\"url\":\"https:\/\/www.istitutogalanteoliva.it\/magazine\/2023\/02\/23\/messaggio-di-una-dirigente-scolastica-sui-fatti-di-via-della-colonna\/\",\"name\":\"Messaggio di una dirigente scolastica sui fatti di Via della Colonna - Polis SA Magazine\",\"isPartOf\":{\"@id\":\"https:\/\/www.istitutogalanteoliva.it\/magazine\/#website\"},\"primaryImageOfPage\":{\"@id\":\"https:\/\/www.istitutogalanteoliva.it\/magazine\/2023\/02\/23\/messaggio-di-una-dirigente-scolastica-sui-fatti-di-via-della-colonna\/#primaryimage\"},\"image\":{\"@id\":\"https:\/\/www.istitutogalanteoliva.it\/magazine\/2023\/02\/23\/messaggio-di-una-dirigente-scolastica-sui-fatti-di-via-della-colonna\/#primaryimage\"},\"thumbnailUrl\":\"https:\/\/www.istitutogalanteoliva.it\/magazine\/wp-content\/uploads\/2023\/02\/1111.jpg\",\"datePublished\":\"2023-02-23T13:58:31+00:00\",\"dateModified\":\"2023-02-23T13:58:32+00:00\",\"breadcrumb\":{\"@id\":\"https:\/\/www.istitutogalanteoliva.it\/magazine\/2023\/02\/23\/messaggio-di-una-dirigente-scolastica-sui-fatti-di-via-della-colonna\/#breadcrumb\"},\"inLanguage\":\"it-IT\",\"potentialAction\":[{\"@type\":\"ReadAction\",\"target\":[\"https:\/\/www.istitutogalanteoliva.it\/magazine\/2023\/02\/23\/messaggio-di-una-dirigente-scolastica-sui-fatti-di-via-della-colonna\/\"]}]},{\"@type\":\"ImageObject\",\"inLanguage\":\"it-IT\",\"@id\":\"https:\/\/www.istitutogalanteoliva.it\/magazine\/2023\/02\/23\/messaggio-di-una-dirigente-scolastica-sui-fatti-di-via-della-colonna\/#primaryimage\",\"url\":\"https:\/\/www.istitutogalanteoliva.it\/magazine\/wp-content\/uploads\/2023\/02\/1111.jpg\",\"contentUrl\":\"https:\/\/www.istitutogalanteoliva.it\/magazine\/wp-content\/uploads\/2023\/02\/1111.jpg\",\"width\":700,\"height\":380},{\"@type\":\"BreadcrumbList\",\"@id\":\"https:\/\/www.istitutogalanteoliva.it\/magazine\/2023\/02\/23\/messaggio-di-una-dirigente-scolastica-sui-fatti-di-via-della-colonna\/#breadcrumb\",\"itemListElement\":[{\"@type\":\"ListItem\",\"position\":1,\"name\":\"Home\",\"item\":\"https:\/\/www.istitutogalanteoliva.it\/magazine\/\"},{\"@type\":\"ListItem\",\"position\":2,\"name\":\"Messaggio di una dirigente scolastica sui fatti di Via della Colonna\"}]},{\"@type\":\"WebSite\",\"@id\":\"https:\/\/www.istitutogalanteoliva.it\/magazine\/#website\",\"url\":\"https:\/\/www.istitutogalanteoliva.it\/magazine\/\",\"name\":\"POLIS SA MAGAZINE\",\"description\":\"Informazione e approfondimenti\",\"publisher\":{\"@id\":\"https:\/\/www.istitutogalanteoliva.it\/magazine\/#organization\"},\"potentialAction\":[{\"@type\":\"SearchAction\",\"target\":{\"@type\":\"EntryPoint\",\"urlTemplate\":\"https:\/\/www.istitutogalanteoliva.it\/magazine\/?s={search_term_string}\"},\"query-input\":{\"@type\":\"PropertyValueSpecification\",\"valueRequired\":true,\"valueName\":\"search_term_string\"}}],\"inLanguage\":\"it-IT\"},{\"@type\":\"Organization\",\"@id\":\"https:\/\/www.istitutogalanteoliva.it\/magazine\/#organization\",\"name\":\"Polis SA Magazine\",\"url\":\"https:\/\/www.istitutogalanteoliva.it\/magazine\/\",\"logo\":{\"@type\":\"ImageObject\",\"inLanguage\":\"it-IT\",\"@id\":\"https:\/\/www.istitutogalanteoliva.it\/magazine\/#\/schema\/logo\/image\/\",\"url\":\"\",\"contentUrl\":\"\",\"caption\":\"Polis SA Magazine\"},\"image\":{\"@id\":\"https:\/\/www.istitutogalanteoliva.it\/magazine\/#\/schema\/logo\/image\/\"},\"sameAs\":[\"https:\/\/www.facebook.com\/PolisSAMagazine\/\",\"https:\/\/x.com\/MagazinePolis\",\"https:\/\/www.youtube.com\/channel\/UCv0Mr5AHKUmsc0sEEXkJrgw\"]},{\"@type\":\"Person\",\"@id\":\"https:\/\/www.istitutogalanteoliva.it\/magazine\/#\/schema\/person\/d8b8aa79cfe8babc1df9da3212a7c0c4\",\"name\":\"Antonello Rivano\",\"image\":{\"@type\":\"ImageObject\",\"inLanguage\":\"it-IT\",\"@id\":\"https:\/\/www.istitutogalanteoliva.it\/magazine\/#\/schema\/person\/image\/\",\"url\":\"https:\/\/secure.gravatar.com\/avatar\/517a9a6487a7a18ecc4ce6d2e57a8f40?s=96&d=mm&r=g\",\"contentUrl\":\"https:\/\/secure.gravatar.com\/avatar\/517a9a6487a7a18ecc4ce6d2e57a8f40?s=96&d=mm&r=g\",\"caption\":\"Antonello Rivano\"},\"url\":\"https:\/\/www.istitutogalanteoliva.it\/magazine\/author\/antonello\/\"}]}<\/script>\n<!-- \/ Yoast SEO plugin. -->","yoast_head_json":{"title":"Messaggio di una dirigente scolastica sui fatti di Via della Colonna - Polis SA Magazine","robots":{"index":"index","follow":"follow","max-snippet":"max-snippet:-1","max-image-preview":"max-image-preview:large","max-video-preview":"max-video-preview:-1"},"canonical":"https:\/\/www.istitutogalanteoliva.it\/magazine\/2023\/02\/23\/messaggio-di-una-dirigente-scolastica-sui-fatti-di-via-della-colonna\/","og_locale":"it_IT","og_type":"article","og_title":"Messaggio di una dirigente scolastica sui fatti di Via della Colonna - Polis SA Magazine","og_description":"\u00abIl fascismo \u00e8 nato sui bordi di un marciapiede\u00bb","og_url":"https:\/\/www.istitutogalanteoliva.it\/magazine\/2023\/02\/23\/messaggio-di-una-dirigente-scolastica-sui-fatti-di-via-della-colonna\/","og_site_name":"Polis SA Magazine","article_publisher":"https:\/\/www.facebook.com\/PolisSAMagazine\/","article_published_time":"2023-02-23T13:58:31+00:00","article_modified_time":"2023-02-23T13:58:32+00:00","og_image":[{"width":700,"height":380,"url":"https:\/\/www.istitutogalanteoliva.it\/magazine\/wp-content\/uploads\/2023\/02\/1111.jpg","type":"image\/jpeg"}],"author":"Antonello Rivano","twitter_card":"summary_large_image","twitter_creator":"@MagazinePolis","twitter_site":"@MagazinePolis","twitter_misc":{"Scritto da":"Antonello Rivano","Tempo di lettura stimato":"2 minuti"},"schema":{"@context":"https:\/\/schema.org","@graph":[{"@type":"Article","@id":"https:\/\/www.istitutogalanteoliva.it\/magazine\/2023\/02\/23\/messaggio-di-una-dirigente-scolastica-sui-fatti-di-via-della-colonna\/#article","isPartOf":{"@id":"https:\/\/www.istitutogalanteoliva.it\/magazine\/2023\/02\/23\/messaggio-di-una-dirigente-scolastica-sui-fatti-di-via-della-colonna\/"},"author":{"name":"Antonello Rivano","@id":"https:\/\/www.istitutogalanteoliva.it\/magazine\/#\/schema\/person\/d8b8aa79cfe8babc1df9da3212a7c0c4"},"headline":"Messaggio di una dirigente scolastica sui fatti di Via della Colonna","datePublished":"2023-02-23T13:58:31+00:00","dateModified":"2023-02-23T13:58:32+00:00","mainEntityOfPage":{"@id":"https:\/\/www.istitutogalanteoliva.it\/magazine\/2023\/02\/23\/messaggio-di-una-dirigente-scolastica-sui-fatti-di-via-della-colonna\/"},"wordCount":315,"publisher":{"@id":"https:\/\/www.istitutogalanteoliva.it\/magazine\/#organization"},"image":{"@id":"https:\/\/www.istitutogalanteoliva.it\/magazine\/2023\/02\/23\/messaggio-di-una-dirigente-scolastica-sui-fatti-di-via-della-colonna\/#primaryimage"},"thumbnailUrl":"https:\/\/www.istitutogalanteoliva.it\/magazine\/wp-content\/uploads\/2023\/02\/1111.jpg","articleSection":["2023","Attualit\u00e0"],"inLanguage":"it-IT"},{"@type":"WebPage","@id":"https:\/\/www.istitutogalanteoliva.it\/magazine\/2023\/02\/23\/messaggio-di-una-dirigente-scolastica-sui-fatti-di-via-della-colonna\/","url":"https:\/\/www.istitutogalanteoliva.it\/magazine\/2023\/02\/23\/messaggio-di-una-dirigente-scolastica-sui-fatti-di-via-della-colonna\/","name":"Messaggio di una dirigente scolastica sui fatti di Via della Colonna - Polis SA Magazine","isPartOf":{"@id":"https:\/\/www.istitutogalanteoliva.it\/magazine\/#website"},"primaryImageOfPage":{"@id":"https:\/\/www.istitutogalanteoliva.it\/magazine\/2023\/02\/23\/messaggio-di-una-dirigente-scolastica-sui-fatti-di-via-della-colonna\/#primaryimage"},"image":{"@id":"https:\/\/www.istitutogalanteoliva.it\/magazine\/2023\/02\/23\/messaggio-di-una-dirigente-scolastica-sui-fatti-di-via-della-colonna\/#primaryimage"},"thumbnailUrl":"https:\/\/www.istitutogalanteoliva.it\/magazine\/wp-content\/uploads\/2023\/02\/1111.jpg","datePublished":"2023-02-23T13:58:31+00:00","dateModified":"2023-02-23T13:58:32+00:00","breadcrumb":{"@id":"https:\/\/www.istitutogalanteoliva.it\/magazine\/2023\/02\/23\/messaggio-di-una-dirigente-scolastica-sui-fatti-di-via-della-colonna\/#breadcrumb"},"inLanguage":"it-IT","potentialAction":[{"@type":"ReadAction","target":["https:\/\/www.istitutogalanteoliva.it\/magazine\/2023\/02\/23\/messaggio-di-una-dirigente-scolastica-sui-fatti-di-via-della-colonna\/"]}]},{"@type":"ImageObject","inLanguage":"it-IT","@id":"https:\/\/www.istitutogalanteoliva.it\/magazine\/2023\/02\/23\/messaggio-di-una-dirigente-scolastica-sui-fatti-di-via-della-colonna\/#primaryimage","url":"https:\/\/www.istitutogalanteoliva.it\/magazine\/wp-content\/uploads\/2023\/02\/1111.jpg","contentUrl":"https:\/\/www.istitutogalanteoliva.it\/magazine\/wp-content\/uploads\/2023\/02\/1111.jpg","width":700,"height":380},{"@type":"BreadcrumbList","@id":"https:\/\/www.istitutogalanteoliva.it\/magazine\/2023\/02\/23\/messaggio-di-una-dirigente-scolastica-sui-fatti-di-via-della-colonna\/#breadcrumb","itemListElement":[{"@type":"ListItem","position":1,"name":"Home","item":"https:\/\/www.istitutogalanteoliva.it\/magazine\/"},{"@type":"ListItem","position":2,"name":"Messaggio di una dirigente scolastica sui fatti di Via della Colonna"}]},{"@type":"WebSite","@id":"https:\/\/www.istitutogalanteoliva.it\/magazine\/#website","url":"https:\/\/www.istitutogalanteoliva.it\/magazine\/","name":"POLIS SA MAGAZINE","description":"Informazione e approfondimenti","publisher":{"@id":"https:\/\/www.istitutogalanteoliva.it\/magazine\/#organization"},"potentialAction":[{"@type":"SearchAction","target":{"@type":"EntryPoint","urlTemplate":"https:\/\/www.istitutogalanteoliva.it\/magazine\/?s={search_term_string}"},"query-input":{"@type":"PropertyValueSpecification","valueRequired":true,"valueName":"search_term_string"}}],"inLanguage":"it-IT"},{"@type":"Organization","@id":"https:\/\/www.istitutogalanteoliva.it\/magazine\/#organization","name":"Polis SA Magazine","url":"https:\/\/www.istitutogalanteoliva.it\/magazine\/","logo":{"@type":"ImageObject","inLanguage":"it-IT","@id":"https:\/\/www.istitutogalanteoliva.it\/magazine\/#\/schema\/logo\/image\/","url":"","contentUrl":"","caption":"Polis SA Magazine"},"image":{"@id":"https:\/\/www.istitutogalanteoliva.it\/magazine\/#\/schema\/logo\/image\/"},"sameAs":["https:\/\/www.facebook.com\/PolisSAMagazine\/","https:\/\/x.com\/MagazinePolis","https:\/\/www.youtube.com\/channel\/UCv0Mr5AHKUmsc0sEEXkJrgw"]},{"@type":"Person","@id":"https:\/\/www.istitutogalanteoliva.it\/magazine\/#\/schema\/person\/d8b8aa79cfe8babc1df9da3212a7c0c4","name":"Antonello Rivano","image":{"@type":"ImageObject","inLanguage":"it-IT","@id":"https:\/\/www.istitutogalanteoliva.it\/magazine\/#\/schema\/person\/image\/","url":"https:\/\/secure.gravatar.com\/avatar\/517a9a6487a7a18ecc4ce6d2e57a8f40?s=96&d=mm&r=g","contentUrl":"https:\/\/secure.gravatar.com\/avatar\/517a9a6487a7a18ecc4ce6d2e57a8f40?s=96&d=mm&r=g","caption":"Antonello Rivano"},"url":"https:\/\/www.istitutogalanteoliva.it\/magazine\/author\/antonello\/"}]}},"_links":{"self":[{"href":"https:\/\/www.istitutogalanteoliva.it\/magazine\/wp-json\/wp\/v2\/posts\/13372","targetHints":{"allow":["GET"]}}],"collection":[{"href":"https:\/\/www.istitutogalanteoliva.it\/magazine\/wp-json\/wp\/v2\/posts"}],"about":[{"href":"https:\/\/www.istitutogalanteoliva.it\/magazine\/wp-json\/wp\/v2\/types\/post"}],"author":[{"embeddable":true,"href":"https:\/\/www.istitutogalanteoliva.it\/magazine\/wp-json\/wp\/v2\/users\/2"}],"replies":[{"embeddable":true,"href":"https:\/\/www.istitutogalanteoliva.it\/magazine\/wp-json\/wp\/v2\/comments?post=13372"}],"version-history":[{"count":2,"href":"https:\/\/www.istitutogalanteoliva.it\/magazine\/wp-json\/wp\/v2\/posts\/13372\/revisions"}],"predecessor-version":[{"id":13375,"href":"https:\/\/www.istitutogalanteoliva.it\/magazine\/wp-json\/wp\/v2\/posts\/13372\/revisions\/13375"}],"wp:featuredmedia":[{"embeddable":true,"href":"https:\/\/www.istitutogalanteoliva.it\/magazine\/wp-json\/wp\/v2\/media\/13373"}],"wp:attachment":[{"href":"https:\/\/www.istitutogalanteoliva.it\/magazine\/wp-json\/wp\/v2\/media?parent=13372"}],"wp:term":[{"taxonomy":"category","embeddable":true,"href":"https:\/\/www.istitutogalanteoliva.it\/magazine\/wp-json\/wp\/v2\/categories?post=13372"},{"taxonomy":"post_tag","embeddable":true,"href":"https:\/\/www.istitutogalanteoliva.it\/magazine\/wp-json\/wp\/v2\/tags?post=13372"}],"curies":[{"name":"wp","href":"https:\/\/api.w.org\/{rel}","templated":true}]}}