{"id":13395,"date":"2023-03-05T11:09:11","date_gmt":"2023-03-05T10:09:11","guid":{"rendered":"https:\/\/www.istitutogalanteoliva.it\/magazine\/?p=13395"},"modified":"2023-03-05T15:59:49","modified_gmt":"2023-03-05T14:59:49","slug":"del-perche-i-ragazzi-si-schiantano-in-strada","status":"publish","type":"post","link":"https:\/\/www.istitutogalanteoliva.it\/magazine\/2023\/03\/05\/del-perche-i-ragazzi-si-schiantano-in-strada\/","title":{"rendered":"Del perch\u00e8 i ragazzi si schiantano in strada"},"content":{"rendered":"\n<p><strong><em>DI Antonello Rivano<\/em><\/strong><\/p>\n\n\n\n<p><strong>Letto poco fa: \u201c<em>Auto contro platano, morte due ragazze, due giovani feriti. E&#8217; accaduto nel trevigiano, una delle vittime era minorenne<\/em><\/strong>&#8220;<strong>.<\/strong><\/p>\n\n\n\n<p>Sta quasi diventando \u201cnormale\u201d, la domenica mattina, mentre scorri le notizie delle agenzie di stampa, apprendere che altre giovani vite si siano interrotte in uno schianto stradale.<br><br>forse, e dico forse, non serve pi\u00f9, non basta pi\u00f9, perch\u00e8 questa \u00e8 la causa della maggior parte di questi incidenti, dire ai ragazzi di non mettersi alla guida se non sono lucidi, dopo una notte in discoteca o altro,-<br><\/p>\n\n\n\n<p>E\u2019 pi\u00f9 che mai necessaria una campagna che dica ai nostri giovani che bere, o\/e \u201csballarsi\u201d in altro modo, \u00e8 sempre pericoloso e avvilente. Occorre prevenzione e controllo, ma soprattutto cercare di risolvere i problemi che stanno alla base del loro disagio. Ma come si puo fare questo se i modelli che propone la nostra societ\u00e0 sono altri. Basta guardare una Fiction televisiva per capirlo, per vedere i protagonisti che passano il loro tempo libero con un bicchiere in mano, in un bar, pub, enoteca ecc\u2026<br>Come possiamo fare se, durante la pandemia il problema pi\u00f9 grosso sembrava essere l\u2019interruzione della Movida o l\u2019aperitivo proibito. Stare assieme, socializzare per un ragazzo pu\u00f2 e deve essere altro.<br>Occorre che i ragazzi si riprendano i valori di educazione, gioia di vivere, cultura, quella vera. Si puo cominciare a riformare la scuola, come fonte di conoscenza che aiuti a far s\u00ec che si formi una societ\u00e0 che ignori tutto ci\u00f2 che \u00e8 banalit\u00e0. Si puo fare se ci rendiamo finalmente conto che i giovani sono il nostro futuro, la nostra immortalit\u00e0, non possiamo permetterci che nessuno di loro si perda in un bicchiere di troppo, in una pasticca o in una polverina bianca.<\/p>\n\n\n\n<p>&nbsp;Siamo stanchi, la domenica mattina, di leggere di giovani vite spezzate. <\/p>\n\n\n\n<p class=\"has-text-align-left\"><img loading=\"lazy\" decoding=\"async\" width=\"80\" height=\"80\" class=\"wp-image-15584\" style=\"width: 80px;\" src=\"https:\/\/www.istitutogalanteoliva.it\/magazine\/wp-content\/uploads\/2024\/08\/anto.png\" alt=\"\" srcset=\"https:\/\/www.istitutogalanteoliva.it\/magazine\/wp-content\/uploads\/2024\/08\/anto.png 247w, https:\/\/www.istitutogalanteoliva.it\/magazine\/wp-content\/uploads\/2024\/08\/anto-150x150.png 150w\" sizes=\"auto, (max-width: 80px) 100vw, 80px\" \/><em><mark style=\"background-color:rgba(0, 0, 0, 0)\" class=\"has-inline-color has-black-color\"><strong><a href=\"https:\/\/www.istitutogalanteoliva\/antonello-rivano-2\/\">Antonello Rivano<\/a><\/strong><\/mark><\/em><br><sup><strong>Direttore di redazione\/coordinatore nazionale<\/strong> <strong><em>Polis SA Magazine<\/em><\/strong><\/sup><br><\/p>\n\n\n\n<p>&nbsp;&nbsp;<\/p>\n<div class=\"pdfprnt-buttons pdfprnt-buttons-post pdfprnt-bottom-left\"><a href=\"https:\/\/www.istitutogalanteoliva.it\/magazine\/wp-json\/wp\/v2\/posts\/13395?print=print\" class=\"pdfprnt-button pdfprnt-button-print\" target=\"_blank\"><img decoding=\"async\" src=\"https:\/\/www.istitutogalanteoliva.it\/magazine\/wp-content\/plugins\/pdf-print\/images\/print.png\" alt=\"image_print\" title=\"Stampa contenuto\" \/><span class=\"pdfprnt-button-title pdfprnt-button-print-title\">Download in PDF<\/span><\/a><\/div>","protected":false},"excerpt":{"rendered":"<p>Sta quasi diventando \u201cnormale\u201d, la domenica mattina, mentre scorri le notizie delle agenzie di stampa, apprendere che altre giovani vite si siano interrotte in uno schianto stradale.<\/p>\n","protected":false},"author":2,"featured_media":13396,"comment_status":"closed","ping_status":"open","sticky":true,"template":"","format":"standard","meta":{"footnotes":""},"categories":[731,15],"tags":[],"class_list":["post-13395","post","type-post","status-publish","format-standard","has-post-thumbnail","hentry","category-731","category-opinioni"],"yoast_head":"<!-- This site is optimized with the Yoast SEO plugin v24.2 - https:\/\/yoast.com\/wordpress\/plugins\/seo\/ -->\n<title>Del perch\u00e8 i ragazzi si schiantano in strada - Polis SA Magazine<\/title>\n<meta name=\"robots\" content=\"index, follow, max-snippet:-1, max-image-preview:large, max-video-preview:-1\" \/>\n<link rel=\"canonical\" href=\"https:\/\/www.istitutogalanteoliva.it\/magazine\/2023\/03\/05\/del-perche-i-ragazzi-si-schiantano-in-strada\/\" \/>\n<meta property=\"og:locale\" content=\"it_IT\" \/>\n<meta property=\"og:type\" content=\"article\" \/>\n<meta property=\"og:title\" content=\"Del perch\u00e8 i ragazzi si schiantano in strada - Polis SA Magazine\" \/>\n<meta property=\"og:description\" content=\"Sta quasi diventando \u201cnormale\u201d, la domenica mattina, mentre scorri le notizie delle agenzie di stampa, apprendere che altre giovani vite si siano interrotte in uno schianto stradale.\" \/>\n<meta property=\"og:url\" content=\"https:\/\/www.istitutogalanteoliva.it\/magazine\/2023\/03\/05\/del-perche-i-ragazzi-si-schiantano-in-strada\/\" \/>\n<meta property=\"og:site_name\" content=\"Polis SA Magazine\" \/>\n<meta property=\"article:publisher\" content=\"https:\/\/www.facebook.com\/PolisSAMagazine\/\" \/>\n<meta property=\"article:published_time\" content=\"2023-03-05T10:09:11+00:00\" \/>\n<meta property=\"article:modified_time\" content=\"2023-03-05T14:59:49+00:00\" \/>\n<meta property=\"og:image\" content=\"https:\/\/www.istitutogalanteoliva.it\/magazine\/wp-content\/uploads\/2023\/03\/f0855e9c0e0524c360b38e378275e939.jpg\" \/>\n\t<meta property=\"og:image:width\" content=\"457\" \/>\n\t<meta property=\"og:image:height\" content=\"304\" \/>\n\t<meta property=\"og:image:type\" content=\"image\/jpeg\" \/>\n<meta name=\"author\" content=\"Antonello Rivano\" \/>\n<meta name=\"twitter:card\" content=\"summary_large_image\" \/>\n<meta name=\"twitter:creator\" content=\"@MagazinePolis\" \/>\n<meta name=\"twitter:site\" content=\"@MagazinePolis\" \/>\n<meta name=\"twitter:label1\" content=\"Scritto da\" \/>\n\t<meta name=\"twitter:data1\" content=\"Antonello Rivano\" \/>\n\t<meta name=\"twitter:label2\" content=\"Tempo di lettura stimato\" \/>\n\t<meta name=\"twitter:data2\" content=\"2 minuti\" \/>\n<script type=\"application\/ld+json\" class=\"yoast-schema-graph\">{\"@context\":\"https:\/\/schema.org\",\"@graph\":[{\"@type\":\"Article\",\"@id\":\"https:\/\/www.istitutogalanteoliva.it\/magazine\/2023\/03\/05\/del-perche-i-ragazzi-si-schiantano-in-strada\/#article\",\"isPartOf\":{\"@id\":\"https:\/\/www.istitutogalanteoliva.it\/magazine\/2023\/03\/05\/del-perche-i-ragazzi-si-schiantano-in-strada\/\"},\"author\":{\"name\":\"Antonello Rivano\",\"@id\":\"https:\/\/www.istitutogalanteoliva.it\/magazine\/#\/schema\/person\/d8b8aa79cfe8babc1df9da3212a7c0c4\"},\"headline\":\"Del perch\u00e8 i ragazzi si schiantano in strada\",\"datePublished\":\"2023-03-05T10:09:11+00:00\",\"dateModified\":\"2023-03-05T14:59:49+00:00\",\"mainEntityOfPage\":{\"@id\":\"https:\/\/www.istitutogalanteoliva.it\/magazine\/2023\/03\/05\/del-perche-i-ragazzi-si-schiantano-in-strada\/\"},\"wordCount\":314,\"publisher\":{\"@id\":\"https:\/\/www.istitutogalanteoliva.it\/magazine\/#organization\"},\"image\":{\"@id\":\"https:\/\/www.istitutogalanteoliva.it\/magazine\/2023\/03\/05\/del-perche-i-ragazzi-si-schiantano-in-strada\/#primaryimage\"},\"thumbnailUrl\":\"https:\/\/www.istitutogalanteoliva.it\/magazine\/wp-content\/uploads\/2023\/03\/f0855e9c0e0524c360b38e378275e939.jpg\",\"articleSection\":[\"2023\",\"Opinioni\"],\"inLanguage\":\"it-IT\"},{\"@type\":\"WebPage\",\"@id\":\"https:\/\/www.istitutogalanteoliva.it\/magazine\/2023\/03\/05\/del-perche-i-ragazzi-si-schiantano-in-strada\/\",\"url\":\"https:\/\/www.istitutogalanteoliva.it\/magazine\/2023\/03\/05\/del-perche-i-ragazzi-si-schiantano-in-strada\/\",\"name\":\"Del perch\u00e8 i ragazzi si schiantano in strada - Polis SA Magazine\",\"isPartOf\":{\"@id\":\"https:\/\/www.istitutogalanteoliva.it\/magazine\/#website\"},\"primaryImageOfPage\":{\"@id\":\"https:\/\/www.istitutogalanteoliva.it\/magazine\/2023\/03\/05\/del-perche-i-ragazzi-si-schiantano-in-strada\/#primaryimage\"},\"image\":{\"@id\":\"https:\/\/www.istitutogalanteoliva.it\/magazine\/2023\/03\/05\/del-perche-i-ragazzi-si-schiantano-in-strada\/#primaryimage\"},\"thumbnailUrl\":\"https:\/\/www.istitutogalanteoliva.it\/magazine\/wp-content\/uploads\/2023\/03\/f0855e9c0e0524c360b38e378275e939.jpg\",\"datePublished\":\"2023-03-05T10:09:11+00:00\",\"dateModified\":\"2023-03-05T14:59:49+00:00\",\"breadcrumb\":{\"@id\":\"https:\/\/www.istitutogalanteoliva.it\/magazine\/2023\/03\/05\/del-perche-i-ragazzi-si-schiantano-in-strada\/#breadcrumb\"},\"inLanguage\":\"it-IT\",\"potentialAction\":[{\"@type\":\"ReadAction\",\"target\":[\"https:\/\/www.istitutogalanteoliva.it\/magazine\/2023\/03\/05\/del-perche-i-ragazzi-si-schiantano-in-strada\/\"]}]},{\"@type\":\"ImageObject\",\"inLanguage\":\"it-IT\",\"@id\":\"https:\/\/www.istitutogalanteoliva.it\/magazine\/2023\/03\/05\/del-perche-i-ragazzi-si-schiantano-in-strada\/#primaryimage\",\"url\":\"https:\/\/www.istitutogalanteoliva.it\/magazine\/wp-content\/uploads\/2023\/03\/f0855e9c0e0524c360b38e378275e939.jpg\",\"contentUrl\":\"https:\/\/www.istitutogalanteoliva.it\/magazine\/wp-content\/uploads\/2023\/03\/f0855e9c0e0524c360b38e378275e939.jpg\",\"width\":457,\"height\":304},{\"@type\":\"BreadcrumbList\",\"@id\":\"https:\/\/www.istitutogalanteoliva.it\/magazine\/2023\/03\/05\/del-perche-i-ragazzi-si-schiantano-in-strada\/#breadcrumb\",\"itemListElement\":[{\"@type\":\"ListItem\",\"position\":1,\"name\":\"Home\",\"item\":\"https:\/\/www.istitutogalanteoliva.it\/magazine\/\"},{\"@type\":\"ListItem\",\"position\":2,\"name\":\"Del perch\u00e8 i ragazzi si schiantano in strada\"}]},{\"@type\":\"WebSite\",\"@id\":\"https:\/\/www.istitutogalanteoliva.it\/magazine\/#website\",\"url\":\"https:\/\/www.istitutogalanteoliva.it\/magazine\/\",\"name\":\"POLIS SA MAGAZINE\",\"description\":\"Informazione e approfondimenti\",\"publisher\":{\"@id\":\"https:\/\/www.istitutogalanteoliva.it\/magazine\/#organization\"},\"potentialAction\":[{\"@type\":\"SearchAction\",\"target\":{\"@type\":\"EntryPoint\",\"urlTemplate\":\"https:\/\/www.istitutogalanteoliva.it\/magazine\/?s={search_term_string}\"},\"query-input\":{\"@type\":\"PropertyValueSpecification\",\"valueRequired\":true,\"valueName\":\"search_term_string\"}}],\"inLanguage\":\"it-IT\"},{\"@type\":\"Organization\",\"@id\":\"https:\/\/www.istitutogalanteoliva.it\/magazine\/#organization\",\"name\":\"Polis SA Magazine\",\"url\":\"https:\/\/www.istitutogalanteoliva.it\/magazine\/\",\"logo\":{\"@type\":\"ImageObject\",\"inLanguage\":\"it-IT\",\"@id\":\"https:\/\/www.istitutogalanteoliva.it\/magazine\/#\/schema\/logo\/image\/\",\"url\":\"\",\"contentUrl\":\"\",\"caption\":\"Polis SA Magazine\"},\"image\":{\"@id\":\"https:\/\/www.istitutogalanteoliva.it\/magazine\/#\/schema\/logo\/image\/\"},\"sameAs\":[\"https:\/\/www.facebook.com\/PolisSAMagazine\/\",\"https:\/\/x.com\/MagazinePolis\",\"https:\/\/www.youtube.com\/channel\/UCv0Mr5AHKUmsc0sEEXkJrgw\"]},{\"@type\":\"Person\",\"@id\":\"https:\/\/www.istitutogalanteoliva.it\/magazine\/#\/schema\/person\/d8b8aa79cfe8babc1df9da3212a7c0c4\",\"name\":\"Antonello Rivano\",\"image\":{\"@type\":\"ImageObject\",\"inLanguage\":\"it-IT\",\"@id\":\"https:\/\/www.istitutogalanteoliva.it\/magazine\/#\/schema\/person\/image\/\",\"url\":\"https:\/\/secure.gravatar.com\/avatar\/517a9a6487a7a18ecc4ce6d2e57a8f40?s=96&d=mm&r=g\",\"contentUrl\":\"https:\/\/secure.gravatar.com\/avatar\/517a9a6487a7a18ecc4ce6d2e57a8f40?s=96&d=mm&r=g\",\"caption\":\"Antonello Rivano\"},\"url\":\"https:\/\/www.istitutogalanteoliva.it\/magazine\/author\/antonello\/\"}]}<\/script>\n<!-- \/ Yoast SEO plugin. -->","yoast_head_json":{"title":"Del perch\u00e8 i ragazzi si schiantano in strada - Polis SA Magazine","robots":{"index":"index","follow":"follow","max-snippet":"max-snippet:-1","max-image-preview":"max-image-preview:large","max-video-preview":"max-video-preview:-1"},"canonical":"https:\/\/www.istitutogalanteoliva.it\/magazine\/2023\/03\/05\/del-perche-i-ragazzi-si-schiantano-in-strada\/","og_locale":"it_IT","og_type":"article","og_title":"Del perch\u00e8 i ragazzi si schiantano in strada - Polis SA Magazine","og_description":"Sta quasi diventando \u201cnormale\u201d, la domenica mattina, mentre scorri le notizie delle agenzie di stampa, apprendere che altre giovani vite si siano interrotte in uno schianto stradale.","og_url":"https:\/\/www.istitutogalanteoliva.it\/magazine\/2023\/03\/05\/del-perche-i-ragazzi-si-schiantano-in-strada\/","og_site_name":"Polis SA Magazine","article_publisher":"https:\/\/www.facebook.com\/PolisSAMagazine\/","article_published_time":"2023-03-05T10:09:11+00:00","article_modified_time":"2023-03-05T14:59:49+00:00","og_image":[{"width":457,"height":304,"url":"https:\/\/www.istitutogalanteoliva.it\/magazine\/wp-content\/uploads\/2023\/03\/f0855e9c0e0524c360b38e378275e939.jpg","type":"image\/jpeg"}],"author":"Antonello Rivano","twitter_card":"summary_large_image","twitter_creator":"@MagazinePolis","twitter_site":"@MagazinePolis","twitter_misc":{"Scritto da":"Antonello Rivano","Tempo di lettura stimato":"2 minuti"},"schema":{"@context":"https:\/\/schema.org","@graph":[{"@type":"Article","@id":"https:\/\/www.istitutogalanteoliva.it\/magazine\/2023\/03\/05\/del-perche-i-ragazzi-si-schiantano-in-strada\/#article","isPartOf":{"@id":"https:\/\/www.istitutogalanteoliva.it\/magazine\/2023\/03\/05\/del-perche-i-ragazzi-si-schiantano-in-strada\/"},"author":{"name":"Antonello Rivano","@id":"https:\/\/www.istitutogalanteoliva.it\/magazine\/#\/schema\/person\/d8b8aa79cfe8babc1df9da3212a7c0c4"},"headline":"Del perch\u00e8 i ragazzi si schiantano in strada","datePublished":"2023-03-05T10:09:11+00:00","dateModified":"2023-03-05T14:59:49+00:00","mainEntityOfPage":{"@id":"https:\/\/www.istitutogalanteoliva.it\/magazine\/2023\/03\/05\/del-perche-i-ragazzi-si-schiantano-in-strada\/"},"wordCount":314,"publisher":{"@id":"https:\/\/www.istitutogalanteoliva.it\/magazine\/#organization"},"image":{"@id":"https:\/\/www.istitutogalanteoliva.it\/magazine\/2023\/03\/05\/del-perche-i-ragazzi-si-schiantano-in-strada\/#primaryimage"},"thumbnailUrl":"https:\/\/www.istitutogalanteoliva.it\/magazine\/wp-content\/uploads\/2023\/03\/f0855e9c0e0524c360b38e378275e939.jpg","articleSection":["2023","Opinioni"],"inLanguage":"it-IT"},{"@type":"WebPage","@id":"https:\/\/www.istitutogalanteoliva.it\/magazine\/2023\/03\/05\/del-perche-i-ragazzi-si-schiantano-in-strada\/","url":"https:\/\/www.istitutogalanteoliva.it\/magazine\/2023\/03\/05\/del-perche-i-ragazzi-si-schiantano-in-strada\/","name":"Del perch\u00e8 i ragazzi si schiantano in strada - Polis SA Magazine","isPartOf":{"@id":"https:\/\/www.istitutogalanteoliva.it\/magazine\/#website"},"primaryImageOfPage":{"@id":"https:\/\/www.istitutogalanteoliva.it\/magazine\/2023\/03\/05\/del-perche-i-ragazzi-si-schiantano-in-strada\/#primaryimage"},"image":{"@id":"https:\/\/www.istitutogalanteoliva.it\/magazine\/2023\/03\/05\/del-perche-i-ragazzi-si-schiantano-in-strada\/#primaryimage"},"thumbnailUrl":"https:\/\/www.istitutogalanteoliva.it\/magazine\/wp-content\/uploads\/2023\/03\/f0855e9c0e0524c360b38e378275e939.jpg","datePublished":"2023-03-05T10:09:11+00:00","dateModified":"2023-03-05T14:59:49+00:00","breadcrumb":{"@id":"https:\/\/www.istitutogalanteoliva.it\/magazine\/2023\/03\/05\/del-perche-i-ragazzi-si-schiantano-in-strada\/#breadcrumb"},"inLanguage":"it-IT","potentialAction":[{"@type":"ReadAction","target":["https:\/\/www.istitutogalanteoliva.it\/magazine\/2023\/03\/05\/del-perche-i-ragazzi-si-schiantano-in-strada\/"]}]},{"@type":"ImageObject","inLanguage":"it-IT","@id":"https:\/\/www.istitutogalanteoliva.it\/magazine\/2023\/03\/05\/del-perche-i-ragazzi-si-schiantano-in-strada\/#primaryimage","url":"https:\/\/www.istitutogalanteoliva.it\/magazine\/wp-content\/uploads\/2023\/03\/f0855e9c0e0524c360b38e378275e939.jpg","contentUrl":"https:\/\/www.istitutogalanteoliva.it\/magazine\/wp-content\/uploads\/2023\/03\/f0855e9c0e0524c360b38e378275e939.jpg","width":457,"height":304},{"@type":"BreadcrumbList","@id":"https:\/\/www.istitutogalanteoliva.it\/magazine\/2023\/03\/05\/del-perche-i-ragazzi-si-schiantano-in-strada\/#breadcrumb","itemListElement":[{"@type":"ListItem","position":1,"name":"Home","item":"https:\/\/www.istitutogalanteoliva.it\/magazine\/"},{"@type":"ListItem","position":2,"name":"Del perch\u00e8 i ragazzi si schiantano in strada"}]},{"@type":"WebSite","@id":"https:\/\/www.istitutogalanteoliva.it\/magazine\/#website","url":"https:\/\/www.istitutogalanteoliva.it\/magazine\/","name":"POLIS SA MAGAZINE","description":"Informazione e approfondimenti","publisher":{"@id":"https:\/\/www.istitutogalanteoliva.it\/magazine\/#organization"},"potentialAction":[{"@type":"SearchAction","target":{"@type":"EntryPoint","urlTemplate":"https:\/\/www.istitutogalanteoliva.it\/magazine\/?s={search_term_string}"},"query-input":{"@type":"PropertyValueSpecification","valueRequired":true,"valueName":"search_term_string"}}],"inLanguage":"it-IT"},{"@type":"Organization","@id":"https:\/\/www.istitutogalanteoliva.it\/magazine\/#organization","name":"Polis SA Magazine","url":"https:\/\/www.istitutogalanteoliva.it\/magazine\/","logo":{"@type":"ImageObject","inLanguage":"it-IT","@id":"https:\/\/www.istitutogalanteoliva.it\/magazine\/#\/schema\/logo\/image\/","url":"","contentUrl":"","caption":"Polis SA Magazine"},"image":{"@id":"https:\/\/www.istitutogalanteoliva.it\/magazine\/#\/schema\/logo\/image\/"},"sameAs":["https:\/\/www.facebook.com\/PolisSAMagazine\/","https:\/\/x.com\/MagazinePolis","https:\/\/www.youtube.com\/channel\/UCv0Mr5AHKUmsc0sEEXkJrgw"]},{"@type":"Person","@id":"https:\/\/www.istitutogalanteoliva.it\/magazine\/#\/schema\/person\/d8b8aa79cfe8babc1df9da3212a7c0c4","name":"Antonello Rivano","image":{"@type":"ImageObject","inLanguage":"it-IT","@id":"https:\/\/www.istitutogalanteoliva.it\/magazine\/#\/schema\/person\/image\/","url":"https:\/\/secure.gravatar.com\/avatar\/517a9a6487a7a18ecc4ce6d2e57a8f40?s=96&d=mm&r=g","contentUrl":"https:\/\/secure.gravatar.com\/avatar\/517a9a6487a7a18ecc4ce6d2e57a8f40?s=96&d=mm&r=g","caption":"Antonello Rivano"},"url":"https:\/\/www.istitutogalanteoliva.it\/magazine\/author\/antonello\/"}]}},"_links":{"self":[{"href":"https:\/\/www.istitutogalanteoliva.it\/magazine\/wp-json\/wp\/v2\/posts\/13395","targetHints":{"allow":["GET"]}}],"collection":[{"href":"https:\/\/www.istitutogalanteoliva.it\/magazine\/wp-json\/wp\/v2\/posts"}],"about":[{"href":"https:\/\/www.istitutogalanteoliva.it\/magazine\/wp-json\/wp\/v2\/types\/post"}],"author":[{"embeddable":true,"href":"https:\/\/www.istitutogalanteoliva.it\/magazine\/wp-json\/wp\/v2\/users\/2"}],"replies":[{"embeddable":true,"href":"https:\/\/www.istitutogalanteoliva.it\/magazine\/wp-json\/wp\/v2\/comments?post=13395"}],"version-history":[{"count":3,"href":"https:\/\/www.istitutogalanteoliva.it\/magazine\/wp-json\/wp\/v2\/posts\/13395\/revisions"}],"predecessor-version":[{"id":13400,"href":"https:\/\/www.istitutogalanteoliva.it\/magazine\/wp-json\/wp\/v2\/posts\/13395\/revisions\/13400"}],"wp:featuredmedia":[{"embeddable":true,"href":"https:\/\/www.istitutogalanteoliva.it\/magazine\/wp-json\/wp\/v2\/media\/13396"}],"wp:attachment":[{"href":"https:\/\/www.istitutogalanteoliva.it\/magazine\/wp-json\/wp\/v2\/media?parent=13395"}],"wp:term":[{"taxonomy":"category","embeddable":true,"href":"https:\/\/www.istitutogalanteoliva.it\/magazine\/wp-json\/wp\/v2\/categories?post=13395"},{"taxonomy":"post_tag","embeddable":true,"href":"https:\/\/www.istitutogalanteoliva.it\/magazine\/wp-json\/wp\/v2\/tags?post=13395"}],"curies":[{"name":"wp","href":"https:\/\/api.w.org\/{rel}","templated":true}]}}