{"id":13413,"date":"2023-03-20T08:44:00","date_gmt":"2023-03-20T07:44:00","guid":{"rendered":"https:\/\/www.istitutogalanteoliva.it\/magazine\/?p=13413"},"modified":"2023-03-19T10:57:11","modified_gmt":"2023-03-19T09:57:11","slug":"festa-a-monteverde-irpinoav-per-i-100-anni-di-zio-antonio-dannunzio","status":"publish","type":"post","link":"https:\/\/www.istitutogalanteoliva.it\/magazine\/2023\/03\/20\/festa-a-monteverde-irpinoav-per-i-100-anni-di-zio-antonio-dannunzio\/","title":{"rendered":"Festa a Monteverde Irpino(AV), per i 100 anni di \u201cZio\u201d Antonio D\u2019Annunzio"},"content":{"rendered":"\n<p>[<strong>Di Anna Noia<\/strong>]<\/p>\n\n\n\n<h4 class=\"wp-block-heading\"><em>Grande festa, lo scorso 15 marzo, nell\u2019accogliente; ameno; ridente borgo di Monteverde Irpino (in provincia di Avellino)<\/em><\/h4>\n\n\n\n<p><em>Una tranquilla comunit\u00e0 di circa 800 anime, situata lungo verdeggianti montagne. Il paesello \u00e8 tra i borghi pi\u00f9 belli d\u2019Italia \u2013 di certo, si tratta di un vero luogo \u201cdel cuore\u201d. \u00c8 anche il paese pi\u00f9 accessibile ai portatori di handicap, per l\u2019assenza di barriere architettoniche ad escludere le persone differentemente abili. \u00c8 il paese dei principi di Monaco (la famiglia Grimaldi) e dei parenti dell\u2019ex premier Mario Draghi. Che qui detenevano un\u2019accorsata farmacia<\/em>. <\/p>\n\n\n\n<p><strong><em>Attorniato dalla sua splendida famiglia, unita e compatta \u2013 numerosa (comprende \u2013 infatti \u2013 ben sei figlie, coi rispettivi mariti e quattordici nipoti, oltre a svariati pronipoti) \u2013 ha spento, in tal data, 100 candeline l\u2019arguto e lucidissimo \u201czio\u201d Antonio D\u2019Annunzio. Illustre rappresentante della collettivit\u00e0 monteverdese. Dall\u2019alto del suo secolo di vita, con mille e pi\u00f9 esperienze; dopo una vita dedicata alla \u201cfatica\u201d e alla famiglia, ecco il simpatico \u201cnonnino\u201d al centro delle celebrazioni per questa giornata, cos\u00ec speciale. Condita dall\u2019affetto di familiari, parenti, amici e conoscenti. Il momento clou \u00e8 stato il taglio della torta, alla presenza del primo cittadino Antonio Vella \u2013 giunto a casa del festeggiato nel pomeriggio \u2013 ma anche il pranzo, consumato proprio in famiglia (secondo la volont\u00e0 di \u201czio\u201d Antonio stesso), ha costituito un bel momento. Una bella occasione, per riunirsi in una lieta ricorrenza \u2013 tutti insieme, a rinsaldare i valori \u201cautentici\u201d della condivisione e a cementare i rapporti \u2013 peraltro ottimi, da sempre \u2013 tra i congiunti. Accorsi a Monteverde finanche da Torino. La festa si \u00e8 protratta a lungo, fino al pomeriggio inoltrato. Il sindaco \u00e8 stato accompagnato anche da una nipote del centenario; entrambi vestivano una fascia tricolore \u2013 a simboleggiare l\u2019autorit\u00e0 comunale.<\/em><\/strong> Una storia particolare, quella dell\u2019umile e modesto \u2013 sempre nel senso pi\u00f9 nobile dei termini \u2013 Antonio D\u2019Annunzio; una storia d\u2019impegno e volont\u00e0. Narrata proprio sulle colonne di tale nostro magazine \u2013 negli anni scorsi. Nessuna \u201cdieta\u201d o regime alimentare\/dietetico particolare \u2013 a spiegare la sua \u201cformula magica\u201d dell\u2019esser giunto non solo alla veneranda et\u00e0 dei cent\u2019anni, ma pure essendo cos\u00ec in gamba, attento, partecipe, curioso. <strong>Il segreto per la longevit\u00e0 di zio Antonio \u00e8 costituito da aria pura, acqua dissetante (che viene condotta dalle condotte dell\u2019Ofantina fin alla Puglia), buon cibo, vino schietto (il nonnino non disdegna di assaporarne un sorso, durante il pranzo), affetti sinceri. Nonch\u00e9 dal bel paesaggio di Monteverde: una bella vista; un senso dell\u2019esistenza poco frenetico e le rilassanti sensazioni, nell\u2019ammirare le colline attorno alle quali \u00e8 incastonato il borgo.<\/strong> <\/p>\n\n\n\n<figure class=\"wp-block-image size-large is-resized\"><img loading=\"lazy\" decoding=\"async\" src=\"https:\/\/www.istitutogalanteoliva.it\/magazine\/wp-content\/uploads\/2023\/03\/DAnnunzio-Monteverde-100-Noia-5-1024x683.jpg\" alt=\"\" class=\"wp-image-13414\" width=\"512\" height=\"342\" srcset=\"https:\/\/www.istitutogalanteoliva.it\/magazine\/wp-content\/uploads\/2023\/03\/DAnnunzio-Monteverde-100-Noia-5-1024x683.jpg 1024w, https:\/\/www.istitutogalanteoliva.it\/magazine\/wp-content\/uploads\/2023\/03\/DAnnunzio-Monteverde-100-Noia-5-300x200.jpg 300w, https:\/\/www.istitutogalanteoliva.it\/magazine\/wp-content\/uploads\/2023\/03\/DAnnunzio-Monteverde-100-Noia-5-768x512.jpg 768w, https:\/\/www.istitutogalanteoliva.it\/magazine\/wp-content\/uploads\/2023\/03\/DAnnunzio-Monteverde-100-Noia-5-1536x1024.jpg 1536w, https:\/\/www.istitutogalanteoliva.it\/magazine\/wp-content\/uploads\/2023\/03\/DAnnunzio-Monteverde-100-Noia-5-675x450.jpg 675w, https:\/\/www.istitutogalanteoliva.it\/magazine\/wp-content\/uploads\/2023\/03\/DAnnunzio-Monteverde-100-Noia-5.jpg 1600w\" sizes=\"auto, (max-width: 512px) 100vw, 512px\" \/><\/figure>\n\n\n\n<p>Abbiamo avuto l\u2019opportunit\u00e0 di conoscere e, anche, frequentare l\u2019arzillo centenario. \u00c8 una persona degnissima, con tutti i familiari e i parenti. Persone squisite e distinte, con alle spalle un percorso di vita improntato alla laboriosit\u00e0 e all\u2019onest\u00e0. Doti e doni \u201cdi famiglia\u201d, per l\u2019appunto. Riguardo, specificamente, all\u2019intrepido vecchietto, vogliamo qui ricordare un nostro articolo (apparso proprio sul nostro giornale) sulla sua esistenza \u2013 molto particolare. Il servizio fu da noi vergato un anno fa. <em>Attraverso le nostre parole, abbiamo dato voce alle parole \u2013 miti e gentili, poetiche \u2013 di Antonio D\u2019Annunzio. Il quale ha cominciato a scrivere pregevoli liriche, nonch\u00e9 a ideare profondissimi pensieri e ragionamenti colti, alla bella et\u00e0 di 80-85 anni. Il cosiddetto \u201cpallino\u201d dell\u2019istruzione e della cultura, in realt\u00e0, il Nostro lo ha sempre avuto. Fin da piccolo. Ma \u2013 ed \u00e8 questa la storia \u201cparticolare\u201d (come abbiamo accennato in precedenza) \u2013 non ha potuto che frequentare \u2013 soltanto \u2013 le scuole elementari, fino alla terza classe. Fino ai 7 anni. Perch\u00e9 doveva aiutare i genitori, contadini, nei campi. Tuttavia, la sete di sapere e la curiosit\u00e0 hanno fatto s\u00ec che zio Antonio ascoltasse i discorsi degli altri, pi\u00f9 istruiti (dal punto di vista \u201cscolastico\u201d) di lui, serbandone i concetti a mo\u2019 di tesoro. Infine, in et\u00e0 avanzata; col passare degli anni, non ha deciso di pubblicare un meraviglioso e simpatico libro \u2013 di cui abbiamo parlato nel 2022 qui su Istituto Galante Oliva Polis Sviluppo Azione. Il testo s\u2019intitola: \u201cUn commento universale\u201d; \u00e8 denso di insegnamenti di vita e di nozioni precisissime e pregnanti, degne di una grande mente ma, soprattutto, di un grande uomo.<\/em> Dalla superba volont\u00e0 \u2013 nel senso buono del vocabolo. Abbiamo rivolto, durante la festa \u2013 preceduta da un allegro vai e vieni, di persone che stimano il Nostro; da uno squisito pranzo, preparato dalle bravissime figlie (in particolare Gioiella e Poetica); dalle attestazioni di stima ed affetto, tributate ad Antonio \u2013 alcune domande al festeggiato e ai familiari stessi. Che son stati molto gentili e disponibili, nel rispondere. Come lo \u00e8 stato l\u2019anziano capofamiglia. Da questa piccola \u201cintervista\u201d, molto ideale \u2013 pi\u00f9 che reale \u2013 sono emerse parecchie curiosit\u00e0 e bei ragionamenti. Di una mente fervida di cultura, per il caro nonnetto. <\/p>\n\n\n\n<figure class=\"wp-block-image size-large is-resized\"><img loading=\"lazy\" decoding=\"async\" src=\"https:\/\/www.istitutogalanteoliva.it\/magazine\/wp-content\/uploads\/2023\/03\/DAnnunzio-Monteverde-100-Noia-3-1024x683.jpg\" alt=\"\" class=\"wp-image-13415\" width=\"512\" height=\"342\" srcset=\"https:\/\/www.istitutogalanteoliva.it\/magazine\/wp-content\/uploads\/2023\/03\/DAnnunzio-Monteverde-100-Noia-3-1024x683.jpg 1024w, https:\/\/www.istitutogalanteoliva.it\/magazine\/wp-content\/uploads\/2023\/03\/DAnnunzio-Monteverde-100-Noia-3-300x200.jpg 300w, https:\/\/www.istitutogalanteoliva.it\/magazine\/wp-content\/uploads\/2023\/03\/DAnnunzio-Monteverde-100-Noia-3-768x512.jpg 768w, https:\/\/www.istitutogalanteoliva.it\/magazine\/wp-content\/uploads\/2023\/03\/DAnnunzio-Monteverde-100-Noia-3-1536x1024.jpg 1536w, https:\/\/www.istitutogalanteoliva.it\/magazine\/wp-content\/uploads\/2023\/03\/DAnnunzio-Monteverde-100-Noia-3-675x450.jpg 675w, https:\/\/www.istitutogalanteoliva.it\/magazine\/wp-content\/uploads\/2023\/03\/DAnnunzio-Monteverde-100-Noia-3.jpg 1600w\" sizes=\"auto, (max-width: 512px) 100vw, 512px\" \/><\/figure>\n\n\n\n<p><strong><em>Di amore mutuo e reciproco, per ci\u00f2 che attiene al nucleo familiare. D\u2019Annunzio ne ha viste di cotte e di crude, nella vita. Ha superato \u201cindenne\u201d il secondo conflitto mondiale e anche la pandemia del 2019-2020. Nonostante tanti lutti, dolori, momenti difficili. Ma \u2013 cosa importante ed esempio per le nuove generazioni \u2013 non ha mai perso la fede o la speranza; ha sempre combattuto e sperato, lavorando (nei campi, duramente; alacremente) fino a pochissimi anni fa. Casa e lavoro. Egli ha attuato molti sacrifici, per portar avanti la famiglia \u2013 cui \u00e8 legatissimo. Ed \u00e8 per questo che \u2013 nelle sue parole, espresse sollecitato dal primo cittadino Vella; il quale ha dialogato con il vecchiettino \u2013 auspica per i giovani d\u2019oggi lo stesso attaccamento. Ma anche \u2013 zio Antonio \u2013 invoca un\u2019idea di futuro, per le giovani generazioni. A volte sbandate e prive di valori. Onest\u00e0, umilt\u00e0, fede, speranza, ottimismo, lavoro \u201cpratico\u201d e non solo. Inoltre: Dio (sempre al primo posto, per lui); famiglia; lavoro. Ecco, son questi i\u2026 \u201cmust\u201d che egli \u2013 dall\u2019alto della sua canizie \u2013 consiglia a tutti, in special modo ai ragazzi di oggi \u2013 in formazione.<\/em><\/strong> \u201cRingrazio Dio e la mia famiglia \u2013 ha asserito quando \u00e8 stato da noi \u201cpungolato\u201d, dopopranzo; nell\u2019attesa dell\u2019arrivo del sindaco Vella \u2013 perch\u00e9 mi sono stati \u201cregalati\u201d salute, momenti felici, affetto e benevolenza\u201d. Tutto questo considerando tanti lutti, da lui sopportati insieme ai cari. Per esempio, la perdita della moglie \u2013 Rosaria Maddalena \u2013 alla quale era molto affezionato. Ci\u00f2 nel 2008. Poi, recentissimamente \u2013 un paio di anni fa \u2013 egli ha, purtroppo, dovuto affrontare la scomparsa di una delle sue sei figlie. In realt\u00e0, egli ebbe anche un figlio maschio che \u2013 per\u00f2 \u2013 \u00e8 deceduto dopo pochi mesi dalla nascita. <strong>Ecco, per la cronaca, i nomi delle figlie e degli altri componenti della D\u2019Annunzio family: le figlie sono (od erano) Caterina \u2013 come la nonna, Caterina Roberti. Il padre era Michele D\u2019Annunzio. Poi, abbiamo Maria (Michelina); Sara; Gioiella; Poetica, Carmela. La ricchezza valoriale delle figlie ha ripagato, anche con l\u2019arrivo di tanti nipoti, i sacrifici e gli stenti di nonno Antonio D\u2019Annunzio. Una vita difficile, in salita \u2013 lo abbiamo gi\u00e0 detto \u2013 ma anche un\u2019esistenza alla luce della preghiera e della convivialit\u00e0. Attaccatissimo al suo paese, \u00e8 Antonio. Anche se le campagne degli avi sono state aspre e irte. La sua famiglia di origine era di origini contadine, ma tutti erano e sono dignitosissimi. Egli ci ha narrato di come ha iniziato a studiare \u2013 come \u00e8 maggiormente espresso nell\u2019articolo del 2022, a nostra cura, su di lui. Egli lavorava la terra di un nobile, un medico: Francesco Spirito. Costui apprezz\u00f2 le doti (innate) di curiosit\u00e0 e fame di sapere di Antonio e lo incoraggi\u00f2 negli studi. Da cui \u2013 purtroppo \u2013 fu \u201callontanato\u201d: servivano braccia forti e giovani, in campagna. Nelle \u201csue\u201d terre dure. Zone bellissime ma selvagge, all\u2019epoca; depresse: campagne. Tra campi da coltivare, animali da pascere, da portare sui prati il tempo non bastava mai. Eppure, il Nostro non mancava di ascoltare chi ne sapeva pi\u00f9 di lui. \u00c8 tuttora amante della cultura. Dopo aver abbandonato gli studi (ma ha sempre letto tanti libri \u2013 pur lavorando in campagna), molto tempo dopo, ha sentito nascere in lui l\u2019esigenza di comporre poemi e\/o di scrivere acuti aforismi e pensieri. Tutti confluiti in qualche pubblicazione, come la succitata \u201cUn commento universale\u201d.<\/strong> Nella quale ricorda l\u2019unit\u00e0 dei nuclei di una volta, con il sedersi accanto al fuoco (in inverno) o all\u2019aperto (nella bella stagione) e recitare il Santo Rosario con i parenti e i vicini. In un mondo campestre forse scomparso per sempre. <em>E veniamo alla simpatica e cara famiglia: la figlia Carmela si \u00e8 sposata con Michele Cappiello. Due i figli: Antonella e Dino. Ingegnere aereonautico, lui, \u00e8 stato ad Oxford. Caterina era sposata con Michele Pandiscia \u2013 scomparso prematuramente, per un incidente sul lavoro: si \u00e8 ribaltato con la mietitrebbiatrice. Tre i figli: Antonio, Nicola, Bruno. Maria Michelina (deceduta), sposata con Carlo Savinelli \u2013 appuntato dei carabinieri in pensione. Figli: Carmela e Fabrizio \u2013 maresciallo dei carabinieri. Sara, invece, \u00e8 sposata a Vincenzo Cristiani. I nomi dei figli: Angela, Pasquale, Rosaria. Quest\u2019ultima ingegnere informatico. Ancora, ecco Gioiella \u2013 sposata a Vincenzo Padula (falegname). Due i figli: Antonio e Michele. Poetica \u00e8 la moglie di Rocco Sciretta, ed hanno due rampolli: Danilo e Davide. Il secondo dei due studia all\u2019ateneo di Salerno (campus di Fisciano): gli mancano pochissimi esami per laurearsi in Ingegneria Gestionale. Insomma, un nucleo fatto di tante esperienze lavorative e\/o professionali: dal lavoro nei campi si passa all\u2019ingegneria e agli studi \u201ctecnici\u201d; universitari. Rosaria ha addirittura gi\u00e0 due lauree: una, come detto, in Ingegneria Informatica e l\u2019altra in Ingegneria Gestionale. Conseguite all\u2019universit\u00e0 \u201cFederico II\u201d di Napoli. Inoltre, una pronipote studia a Napoli \u2013 polo universitario \u201cL\u2019Orientale\u201d. Dove prosegue gli studi in Lingue. Erano presenti all\u2019happening (avvenimento) tanti altri parenti: Siria, Tania, Giuseppe, Antonio, Stefano, Michele, Sara, Carmen, Amira, Vincenzo, Niccol\u00f2 e cos\u00ec via. <\/em>Rocco Sciretta ha preso la parola rappresentando tutti, per esprimere il valore di nonno Antonio in seno ai propri cari: <strong><em>\u201cCi ha insegnato la dedizione al lavoro, l\u2019attaccamento alla famiglia. \u00c8 stato un grande uomo, un imprenditore vero: ha fatto di tutto e in ogni campo. Non ha fatto mai mancare nulla ai parenti. Riguardo il nostro rapporto con la fede, ci ha sempre lasciati liberi di credere o meno in Dio \u2013 ma il suo spirito \u00e8 sempre stato molto ardente. Industrioso, \u00e8 stato zio Antonio. Espertissimo del mondo agricolo, si applicava anche in altre branche del sapere \u201cpratico\u201d oppure teorico\u201d. Bella tale testimonianza, da parte di un parente cos\u00ec vicino al nonnino. Infine, il dialogo con il sindaco.<\/em><\/strong> Che ha punzecchiato l\u2019anziano, ma egli ha risposto in maniera davvero adeguata e sorniona; simpatica. Con la battuta sempre pronta, ricca di arguzia. Egli ha stupito e sempre stupisce gli astanti con la serenit\u00e0 e la dolcezza della mente, sempre lucida. Il momento di festa ha evidenziato ancor di pi\u00f9 la coesione e l\u2019unione della collettivit\u00e0 monteverdese. Fulgida, luminosa, esemplare la figura di tale arzillo vecchino. <\/p>\n\n\n\n<figure class=\"wp-block-image size-large is-resized\"><img loading=\"lazy\" decoding=\"async\" src=\"https:\/\/www.istitutogalanteoliva.it\/magazine\/wp-content\/uploads\/2023\/03\/DAnnunzio-Monteverde-100-Noia-4-1024x683.jpg\" alt=\"\" class=\"wp-image-13416\" width=\"512\" height=\"342\" srcset=\"https:\/\/www.istitutogalanteoliva.it\/magazine\/wp-content\/uploads\/2023\/03\/DAnnunzio-Monteverde-100-Noia-4-1024x683.jpg 1024w, https:\/\/www.istitutogalanteoliva.it\/magazine\/wp-content\/uploads\/2023\/03\/DAnnunzio-Monteverde-100-Noia-4-300x200.jpg 300w, https:\/\/www.istitutogalanteoliva.it\/magazine\/wp-content\/uploads\/2023\/03\/DAnnunzio-Monteverde-100-Noia-4-768x512.jpg 768w, https:\/\/www.istitutogalanteoliva.it\/magazine\/wp-content\/uploads\/2023\/03\/DAnnunzio-Monteverde-100-Noia-4-1536x1024.jpg 1536w, https:\/\/www.istitutogalanteoliva.it\/magazine\/wp-content\/uploads\/2023\/03\/DAnnunzio-Monteverde-100-Noia-4-675x450.jpg 675w, https:\/\/www.istitutogalanteoliva.it\/magazine\/wp-content\/uploads\/2023\/03\/DAnnunzio-Monteverde-100-Noia-4.jpg 1600w\" sizes=\"auto, (max-width: 512px) 100vw, 512px\" \/><\/figure>\n\n\n\n<p><strong>Da parte dell\u2019amministrazione comunale, diversi regali od omaggi: fiori e due targhe. Una, recante impressa una poesia di zio Antonio \u2013 ispirata da un detto di S Giuseppe Moscati. L\u2019altra, con su inciso un suo documento all\u2019anagrafe. In pi\u00f9, delle foto tratte dagli antichi atti comunali relativi alla nascita dell\u2019anziano. Tra questi: le ristampe del documento di identit\u00e0 e l\u2019atto di nascita, siglato 15 marzo 1923. Prima del taglio della torta augurale, la nipote ha espresso belle parole. Constatando che \u201cZio Antonio ha attraversato cento anni, ha superato la seconda guerra mondiale [doveva partire per Cremona, come militare, ma fu \u201cgraziato\u201d \u2013 diciamo cos\u00ec \u2013 per l\u2019armistizio dell\u20198 settembre 1943] e ha visto ascese e declini di regimi politici. Come non essere sfiduciato da tutto ci\u00f2 che \u00e8 avvenuto?\u201d Si \u00e8 domandata la giovane \u2013 emozionatissima e commossa come tutti quanti. <\/strong>Invece Antonio D\u2019Annunzio, che vanta probabilmente anche una parentela con lo scrittore e vate edonista Gabriele, ha sempre mostrato ottimismo \u2013 in tutto ci\u00f2 che ha realizzato<strong><em>. Ma aborre la guerra: \u201cLa guerra \u00e8 distruzione, \u00e8 morte \u2013 ammonisce. Per questo, in molti suoi scritti \u2013 vergati da una calligrafia ammirevole \u2013 evoca le pagine della Bibbia e del Vangelo, sugli ultimi tempi. Stigmatizzando, appunto, negativamente le cattiverie e le violenze umane. Un grande esempio \u201cconcreto\u201d per tantissimi. Soprattutto per i ragazzi di oggi, che egli ammonisce come un padre o un nonno. Sebbene egli lamenti che \u201cTanti giovanissimi sono indisciplinati, oggi\u201d. Vogliamo dimostrare che non \u00e8 vero? <\/em><\/strong>Bellissima e buonissima la torta, degustata anche dal sindaco stesso \u2013 a conclusione dell\u2019occasione di gaudio e tripudio. Fra l\u2019altro, era anche il cinquantesimo genetliaco (compleanno) di una nipote dell\u2019anziano.<\/p>\n\n\n\n<p class=\"has-text-align-left\"><br><br><img loading=\"lazy\" decoding=\"async\" width=\"100\" height=\"100\" class=\"wp-image-6058\" style=\"width: 100px;\" src=\"https:\/\/www.istitutogalanteoliva.it\/magazine\/wp-content\/uploads\/2021\/03\/Anna-Maria1.jpg\" alt=\"\" srcset=\"https:\/\/www.istitutogalanteoliva.it\/magazine\/wp-content\/uploads\/2021\/03\/Anna-Maria1.jpg 674w, https:\/\/www.istitutogalanteoliva.it\/magazine\/wp-content\/uploads\/2021\/03\/Anna-Maria1-300x300.jpg 300w, https:\/\/www.istitutogalanteoliva.it\/magazine\/wp-content\/uploads\/2021\/03\/Anna-Maria1-150x150.jpg 150w\" sizes=\"auto, (max-width: 100px) 100vw, 100px\" \/>  <em><span class=\"has-inline-color has-vivid-cyan-blue-color\"><strong><a href=\"https:\/\/www.istitutogalanteoliva.it\/magazine\/?s=Anna+Maria+Noia+\" target=\"_blank\" rel=\"noreferrer noopener\">Anna Maria Noia <\/a><\/strong><\/span><\/em><\/p>\n<div class=\"pdfprnt-buttons pdfprnt-buttons-post pdfprnt-bottom-left\"><a href=\"https:\/\/www.istitutogalanteoliva.it\/magazine\/wp-json\/wp\/v2\/posts\/13413?print=print\" class=\"pdfprnt-button pdfprnt-button-print\" target=\"_blank\"><img decoding=\"async\" src=\"https:\/\/www.istitutogalanteoliva.it\/magazine\/wp-content\/plugins\/pdf-print\/images\/print.png\" alt=\"image_print\" title=\"Stampa contenuto\" \/><span class=\"pdfprnt-button-title pdfprnt-button-print-title\">Download in PDF<\/span><\/a><\/div>","protected":false},"excerpt":{"rendered":"<p>Grande festa, lo scorso 15 marzo, nell\u2019accogliente; ameno; ridente borgo di Monteverde Irpino (in provincia di Avellino)<\/p>\n","protected":false},"author":2,"featured_media":13417,"comment_status":"closed","ping_status":"open","sticky":true,"template":"","format":"standard","meta":{"footnotes":""},"categories":[731,254],"tags":[778,777,658],"class_list":["post-13413","post","type-post","status-publish","format-standard","has-post-thumbnail","hentry","category-731","category-attualita","tag-100-anni","tag-antonio-dannunzio-2","tag-monteverde-irpino"],"yoast_head":"<!-- This site is optimized with the Yoast SEO plugin v24.2 - https:\/\/yoast.com\/wordpress\/plugins\/seo\/ -->\n<title>Festa a Monteverde Irpino(AV), per i 100 anni di \u201cZio\u201d Antonio D\u2019Annunzio - Polis SA Magazine<\/title>\n<meta name=\"robots\" content=\"index, follow, max-snippet:-1, max-image-preview:large, max-video-preview:-1\" \/>\n<link rel=\"canonical\" href=\"https:\/\/www.istitutogalanteoliva.it\/magazine\/2023\/03\/20\/festa-a-monteverde-irpinoav-per-i-100-anni-di-zio-antonio-dannunzio\/\" \/>\n<meta property=\"og:locale\" content=\"it_IT\" \/>\n<meta property=\"og:type\" content=\"article\" \/>\n<meta property=\"og:title\" content=\"Festa a Monteverde Irpino(AV), per i 100 anni di \u201cZio\u201d Antonio D\u2019Annunzio - Polis SA Magazine\" \/>\n<meta property=\"og:description\" content=\"Grande festa, lo scorso 15 marzo, nell\u2019accogliente; ameno; ridente borgo di Monteverde Irpino (in provincia di Avellino)\" \/>\n<meta property=\"og:url\" content=\"https:\/\/www.istitutogalanteoliva.it\/magazine\/2023\/03\/20\/festa-a-monteverde-irpinoav-per-i-100-anni-di-zio-antonio-dannunzio\/\" \/>\n<meta property=\"og:site_name\" content=\"Polis SA Magazine\" \/>\n<meta property=\"article:publisher\" content=\"https:\/\/www.facebook.com\/PolisSAMagazine\/\" \/>\n<meta property=\"article:published_time\" content=\"2023-03-20T07:44:00+00:00\" \/>\n<meta property=\"article:modified_time\" content=\"2023-03-19T09:57:11+00:00\" \/>\n<meta property=\"og:image\" content=\"https:\/\/www.istitutogalanteoliva.it\/magazine\/wp-content\/uploads\/2023\/03\/100.jpg\" \/>\n\t<meta property=\"og:image:width\" content=\"700\" \/>\n\t<meta property=\"og:image:height\" content=\"380\" \/>\n\t<meta property=\"og:image:type\" content=\"image\/jpeg\" \/>\n<meta name=\"author\" content=\"Antonello Rivano\" \/>\n<meta name=\"twitter:card\" content=\"summary_large_image\" \/>\n<meta name=\"twitter:creator\" content=\"@MagazinePolis\" \/>\n<meta name=\"twitter:site\" content=\"@MagazinePolis\" \/>\n<meta name=\"twitter:label1\" content=\"Scritto da\" \/>\n\t<meta name=\"twitter:data1\" content=\"Antonello Rivano\" \/>\n\t<meta name=\"twitter:label2\" content=\"Tempo di lettura stimato\" \/>\n\t<meta name=\"twitter:data2\" content=\"12 minuti\" \/>\n<script type=\"application\/ld+json\" class=\"yoast-schema-graph\">{\"@context\":\"https:\/\/schema.org\",\"@graph\":[{\"@type\":\"Article\",\"@id\":\"https:\/\/www.istitutogalanteoliva.it\/magazine\/2023\/03\/20\/festa-a-monteverde-irpinoav-per-i-100-anni-di-zio-antonio-dannunzio\/#article\",\"isPartOf\":{\"@id\":\"https:\/\/www.istitutogalanteoliva.it\/magazine\/2023\/03\/20\/festa-a-monteverde-irpinoav-per-i-100-anni-di-zio-antonio-dannunzio\/\"},\"author\":{\"name\":\"Antonello Rivano\",\"@id\":\"https:\/\/www.istitutogalanteoliva.it\/magazine\/#\/schema\/person\/d8b8aa79cfe8babc1df9da3212a7c0c4\"},\"headline\":\"Festa a Monteverde Irpino(AV), per i 100 anni di \u201cZio\u201d Antonio D\u2019Annunzio\",\"datePublished\":\"2023-03-20T07:44:00+00:00\",\"dateModified\":\"2023-03-19T09:57:11+00:00\",\"mainEntityOfPage\":{\"@id\":\"https:\/\/www.istitutogalanteoliva.it\/magazine\/2023\/03\/20\/festa-a-monteverde-irpinoav-per-i-100-anni-di-zio-antonio-dannunzio\/\"},\"wordCount\":2071,\"publisher\":{\"@id\":\"https:\/\/www.istitutogalanteoliva.it\/magazine\/#organization\"},\"image\":{\"@id\":\"https:\/\/www.istitutogalanteoliva.it\/magazine\/2023\/03\/20\/festa-a-monteverde-irpinoav-per-i-100-anni-di-zio-antonio-dannunzio\/#primaryimage\"},\"thumbnailUrl\":\"https:\/\/www.istitutogalanteoliva.it\/magazine\/wp-content\/uploads\/2023\/03\/100.jpg\",\"keywords\":[\"100 anni\",\"Antonio D\u2019Annunzio\",\"Monteverde Irpino\"],\"articleSection\":[\"2023\",\"Attualit\u00e0\"],\"inLanguage\":\"it-IT\"},{\"@type\":\"WebPage\",\"@id\":\"https:\/\/www.istitutogalanteoliva.it\/magazine\/2023\/03\/20\/festa-a-monteverde-irpinoav-per-i-100-anni-di-zio-antonio-dannunzio\/\",\"url\":\"https:\/\/www.istitutogalanteoliva.it\/magazine\/2023\/03\/20\/festa-a-monteverde-irpinoav-per-i-100-anni-di-zio-antonio-dannunzio\/\",\"name\":\"Festa a Monteverde Irpino(AV), per i 100 anni di \u201cZio\u201d Antonio D\u2019Annunzio - Polis SA Magazine\",\"isPartOf\":{\"@id\":\"https:\/\/www.istitutogalanteoliva.it\/magazine\/#website\"},\"primaryImageOfPage\":{\"@id\":\"https:\/\/www.istitutogalanteoliva.it\/magazine\/2023\/03\/20\/festa-a-monteverde-irpinoav-per-i-100-anni-di-zio-antonio-dannunzio\/#primaryimage\"},\"image\":{\"@id\":\"https:\/\/www.istitutogalanteoliva.it\/magazine\/2023\/03\/20\/festa-a-monteverde-irpinoav-per-i-100-anni-di-zio-antonio-dannunzio\/#primaryimage\"},\"thumbnailUrl\":\"https:\/\/www.istitutogalanteoliva.it\/magazine\/wp-content\/uploads\/2023\/03\/100.jpg\",\"datePublished\":\"2023-03-20T07:44:00+00:00\",\"dateModified\":\"2023-03-19T09:57:11+00:00\",\"breadcrumb\":{\"@id\":\"https:\/\/www.istitutogalanteoliva.it\/magazine\/2023\/03\/20\/festa-a-monteverde-irpinoav-per-i-100-anni-di-zio-antonio-dannunzio\/#breadcrumb\"},\"inLanguage\":\"it-IT\",\"potentialAction\":[{\"@type\":\"ReadAction\",\"target\":[\"https:\/\/www.istitutogalanteoliva.it\/magazine\/2023\/03\/20\/festa-a-monteverde-irpinoav-per-i-100-anni-di-zio-antonio-dannunzio\/\"]}]},{\"@type\":\"ImageObject\",\"inLanguage\":\"it-IT\",\"@id\":\"https:\/\/www.istitutogalanteoliva.it\/magazine\/2023\/03\/20\/festa-a-monteverde-irpinoav-per-i-100-anni-di-zio-antonio-dannunzio\/#primaryimage\",\"url\":\"https:\/\/www.istitutogalanteoliva.it\/magazine\/wp-content\/uploads\/2023\/03\/100.jpg\",\"contentUrl\":\"https:\/\/www.istitutogalanteoliva.it\/magazine\/wp-content\/uploads\/2023\/03\/100.jpg\",\"width\":700,\"height\":380},{\"@type\":\"BreadcrumbList\",\"@id\":\"https:\/\/www.istitutogalanteoliva.it\/magazine\/2023\/03\/20\/festa-a-monteverde-irpinoav-per-i-100-anni-di-zio-antonio-dannunzio\/#breadcrumb\",\"itemListElement\":[{\"@type\":\"ListItem\",\"position\":1,\"name\":\"Home\",\"item\":\"https:\/\/www.istitutogalanteoliva.it\/magazine\/\"},{\"@type\":\"ListItem\",\"position\":2,\"name\":\"Festa a Monteverde Irpino(AV), per i 100 anni di \u201cZio\u201d Antonio D\u2019Annunzio\"}]},{\"@type\":\"WebSite\",\"@id\":\"https:\/\/www.istitutogalanteoliva.it\/magazine\/#website\",\"url\":\"https:\/\/www.istitutogalanteoliva.it\/magazine\/\",\"name\":\"POLIS SA MAGAZINE\",\"description\":\"Informazione e approfondimenti\",\"publisher\":{\"@id\":\"https:\/\/www.istitutogalanteoliva.it\/magazine\/#organization\"},\"potentialAction\":[{\"@type\":\"SearchAction\",\"target\":{\"@type\":\"EntryPoint\",\"urlTemplate\":\"https:\/\/www.istitutogalanteoliva.it\/magazine\/?s={search_term_string}\"},\"query-input\":{\"@type\":\"PropertyValueSpecification\",\"valueRequired\":true,\"valueName\":\"search_term_string\"}}],\"inLanguage\":\"it-IT\"},{\"@type\":\"Organization\",\"@id\":\"https:\/\/www.istitutogalanteoliva.it\/magazine\/#organization\",\"name\":\"Polis SA Magazine\",\"url\":\"https:\/\/www.istitutogalanteoliva.it\/magazine\/\",\"logo\":{\"@type\":\"ImageObject\",\"inLanguage\":\"it-IT\",\"@id\":\"https:\/\/www.istitutogalanteoliva.it\/magazine\/#\/schema\/logo\/image\/\",\"url\":\"\",\"contentUrl\":\"\",\"caption\":\"Polis SA Magazine\"},\"image\":{\"@id\":\"https:\/\/www.istitutogalanteoliva.it\/magazine\/#\/schema\/logo\/image\/\"},\"sameAs\":[\"https:\/\/www.facebook.com\/PolisSAMagazine\/\",\"https:\/\/x.com\/MagazinePolis\",\"https:\/\/www.youtube.com\/channel\/UCv0Mr5AHKUmsc0sEEXkJrgw\"]},{\"@type\":\"Person\",\"@id\":\"https:\/\/www.istitutogalanteoliva.it\/magazine\/#\/schema\/person\/d8b8aa79cfe8babc1df9da3212a7c0c4\",\"name\":\"Antonello Rivano\",\"image\":{\"@type\":\"ImageObject\",\"inLanguage\":\"it-IT\",\"@id\":\"https:\/\/www.istitutogalanteoliva.it\/magazine\/#\/schema\/person\/image\/\",\"url\":\"https:\/\/secure.gravatar.com\/avatar\/517a9a6487a7a18ecc4ce6d2e57a8f40?s=96&d=mm&r=g\",\"contentUrl\":\"https:\/\/secure.gravatar.com\/avatar\/517a9a6487a7a18ecc4ce6d2e57a8f40?s=96&d=mm&r=g\",\"caption\":\"Antonello Rivano\"},\"url\":\"https:\/\/www.istitutogalanteoliva.it\/magazine\/author\/antonello\/\"}]}<\/script>\n<!-- \/ Yoast SEO plugin. -->","yoast_head_json":{"title":"Festa a Monteverde Irpino(AV), per i 100 anni di \u201cZio\u201d Antonio D\u2019Annunzio - Polis SA Magazine","robots":{"index":"index","follow":"follow","max-snippet":"max-snippet:-1","max-image-preview":"max-image-preview:large","max-video-preview":"max-video-preview:-1"},"canonical":"https:\/\/www.istitutogalanteoliva.it\/magazine\/2023\/03\/20\/festa-a-monteverde-irpinoav-per-i-100-anni-di-zio-antonio-dannunzio\/","og_locale":"it_IT","og_type":"article","og_title":"Festa a Monteverde Irpino(AV), per i 100 anni di \u201cZio\u201d Antonio D\u2019Annunzio - Polis SA Magazine","og_description":"Grande festa, lo scorso 15 marzo, nell\u2019accogliente; ameno; ridente borgo di Monteverde Irpino (in provincia di Avellino)","og_url":"https:\/\/www.istitutogalanteoliva.it\/magazine\/2023\/03\/20\/festa-a-monteverde-irpinoav-per-i-100-anni-di-zio-antonio-dannunzio\/","og_site_name":"Polis SA Magazine","article_publisher":"https:\/\/www.facebook.com\/PolisSAMagazine\/","article_published_time":"2023-03-20T07:44:00+00:00","article_modified_time":"2023-03-19T09:57:11+00:00","og_image":[{"width":700,"height":380,"url":"https:\/\/www.istitutogalanteoliva.it\/magazine\/wp-content\/uploads\/2023\/03\/100.jpg","type":"image\/jpeg"}],"author":"Antonello Rivano","twitter_card":"summary_large_image","twitter_creator":"@MagazinePolis","twitter_site":"@MagazinePolis","twitter_misc":{"Scritto da":"Antonello Rivano","Tempo di lettura stimato":"12 minuti"},"schema":{"@context":"https:\/\/schema.org","@graph":[{"@type":"Article","@id":"https:\/\/www.istitutogalanteoliva.it\/magazine\/2023\/03\/20\/festa-a-monteverde-irpinoav-per-i-100-anni-di-zio-antonio-dannunzio\/#article","isPartOf":{"@id":"https:\/\/www.istitutogalanteoliva.it\/magazine\/2023\/03\/20\/festa-a-monteverde-irpinoav-per-i-100-anni-di-zio-antonio-dannunzio\/"},"author":{"name":"Antonello Rivano","@id":"https:\/\/www.istitutogalanteoliva.it\/magazine\/#\/schema\/person\/d8b8aa79cfe8babc1df9da3212a7c0c4"},"headline":"Festa a Monteverde Irpino(AV), per i 100 anni di \u201cZio\u201d Antonio D\u2019Annunzio","datePublished":"2023-03-20T07:44:00+00:00","dateModified":"2023-03-19T09:57:11+00:00","mainEntityOfPage":{"@id":"https:\/\/www.istitutogalanteoliva.it\/magazine\/2023\/03\/20\/festa-a-monteverde-irpinoav-per-i-100-anni-di-zio-antonio-dannunzio\/"},"wordCount":2071,"publisher":{"@id":"https:\/\/www.istitutogalanteoliva.it\/magazine\/#organization"},"image":{"@id":"https:\/\/www.istitutogalanteoliva.it\/magazine\/2023\/03\/20\/festa-a-monteverde-irpinoav-per-i-100-anni-di-zio-antonio-dannunzio\/#primaryimage"},"thumbnailUrl":"https:\/\/www.istitutogalanteoliva.it\/magazine\/wp-content\/uploads\/2023\/03\/100.jpg","keywords":["100 anni","Antonio D\u2019Annunzio","Monteverde Irpino"],"articleSection":["2023","Attualit\u00e0"],"inLanguage":"it-IT"},{"@type":"WebPage","@id":"https:\/\/www.istitutogalanteoliva.it\/magazine\/2023\/03\/20\/festa-a-monteverde-irpinoav-per-i-100-anni-di-zio-antonio-dannunzio\/","url":"https:\/\/www.istitutogalanteoliva.it\/magazine\/2023\/03\/20\/festa-a-monteverde-irpinoav-per-i-100-anni-di-zio-antonio-dannunzio\/","name":"Festa a Monteverde Irpino(AV), per i 100 anni di \u201cZio\u201d Antonio D\u2019Annunzio - Polis SA Magazine","isPartOf":{"@id":"https:\/\/www.istitutogalanteoliva.it\/magazine\/#website"},"primaryImageOfPage":{"@id":"https:\/\/www.istitutogalanteoliva.it\/magazine\/2023\/03\/20\/festa-a-monteverde-irpinoav-per-i-100-anni-di-zio-antonio-dannunzio\/#primaryimage"},"image":{"@id":"https:\/\/www.istitutogalanteoliva.it\/magazine\/2023\/03\/20\/festa-a-monteverde-irpinoav-per-i-100-anni-di-zio-antonio-dannunzio\/#primaryimage"},"thumbnailUrl":"https:\/\/www.istitutogalanteoliva.it\/magazine\/wp-content\/uploads\/2023\/03\/100.jpg","datePublished":"2023-03-20T07:44:00+00:00","dateModified":"2023-03-19T09:57:11+00:00","breadcrumb":{"@id":"https:\/\/www.istitutogalanteoliva.it\/magazine\/2023\/03\/20\/festa-a-monteverde-irpinoav-per-i-100-anni-di-zio-antonio-dannunzio\/#breadcrumb"},"inLanguage":"it-IT","potentialAction":[{"@type":"ReadAction","target":["https:\/\/www.istitutogalanteoliva.it\/magazine\/2023\/03\/20\/festa-a-monteverde-irpinoav-per-i-100-anni-di-zio-antonio-dannunzio\/"]}]},{"@type":"ImageObject","inLanguage":"it-IT","@id":"https:\/\/www.istitutogalanteoliva.it\/magazine\/2023\/03\/20\/festa-a-monteverde-irpinoav-per-i-100-anni-di-zio-antonio-dannunzio\/#primaryimage","url":"https:\/\/www.istitutogalanteoliva.it\/magazine\/wp-content\/uploads\/2023\/03\/100.jpg","contentUrl":"https:\/\/www.istitutogalanteoliva.it\/magazine\/wp-content\/uploads\/2023\/03\/100.jpg","width":700,"height":380},{"@type":"BreadcrumbList","@id":"https:\/\/www.istitutogalanteoliva.it\/magazine\/2023\/03\/20\/festa-a-monteverde-irpinoav-per-i-100-anni-di-zio-antonio-dannunzio\/#breadcrumb","itemListElement":[{"@type":"ListItem","position":1,"name":"Home","item":"https:\/\/www.istitutogalanteoliva.it\/magazine\/"},{"@type":"ListItem","position":2,"name":"Festa a Monteverde Irpino(AV), per i 100 anni di \u201cZio\u201d Antonio D\u2019Annunzio"}]},{"@type":"WebSite","@id":"https:\/\/www.istitutogalanteoliva.it\/magazine\/#website","url":"https:\/\/www.istitutogalanteoliva.it\/magazine\/","name":"POLIS SA MAGAZINE","description":"Informazione e approfondimenti","publisher":{"@id":"https:\/\/www.istitutogalanteoliva.it\/magazine\/#organization"},"potentialAction":[{"@type":"SearchAction","target":{"@type":"EntryPoint","urlTemplate":"https:\/\/www.istitutogalanteoliva.it\/magazine\/?s={search_term_string}"},"query-input":{"@type":"PropertyValueSpecification","valueRequired":true,"valueName":"search_term_string"}}],"inLanguage":"it-IT"},{"@type":"Organization","@id":"https:\/\/www.istitutogalanteoliva.it\/magazine\/#organization","name":"Polis SA Magazine","url":"https:\/\/www.istitutogalanteoliva.it\/magazine\/","logo":{"@type":"ImageObject","inLanguage":"it-IT","@id":"https:\/\/www.istitutogalanteoliva.it\/magazine\/#\/schema\/logo\/image\/","url":"","contentUrl":"","caption":"Polis SA Magazine"},"image":{"@id":"https:\/\/www.istitutogalanteoliva.it\/magazine\/#\/schema\/logo\/image\/"},"sameAs":["https:\/\/www.facebook.com\/PolisSAMagazine\/","https:\/\/x.com\/MagazinePolis","https:\/\/www.youtube.com\/channel\/UCv0Mr5AHKUmsc0sEEXkJrgw"]},{"@type":"Person","@id":"https:\/\/www.istitutogalanteoliva.it\/magazine\/#\/schema\/person\/d8b8aa79cfe8babc1df9da3212a7c0c4","name":"Antonello Rivano","image":{"@type":"ImageObject","inLanguage":"it-IT","@id":"https:\/\/www.istitutogalanteoliva.it\/magazine\/#\/schema\/person\/image\/","url":"https:\/\/secure.gravatar.com\/avatar\/517a9a6487a7a18ecc4ce6d2e57a8f40?s=96&d=mm&r=g","contentUrl":"https:\/\/secure.gravatar.com\/avatar\/517a9a6487a7a18ecc4ce6d2e57a8f40?s=96&d=mm&r=g","caption":"Antonello Rivano"},"url":"https:\/\/www.istitutogalanteoliva.it\/magazine\/author\/antonello\/"}]}},"_links":{"self":[{"href":"https:\/\/www.istitutogalanteoliva.it\/magazine\/wp-json\/wp\/v2\/posts\/13413","targetHints":{"allow":["GET"]}}],"collection":[{"href":"https:\/\/www.istitutogalanteoliva.it\/magazine\/wp-json\/wp\/v2\/posts"}],"about":[{"href":"https:\/\/www.istitutogalanteoliva.it\/magazine\/wp-json\/wp\/v2\/types\/post"}],"author":[{"embeddable":true,"href":"https:\/\/www.istitutogalanteoliva.it\/magazine\/wp-json\/wp\/v2\/users\/2"}],"replies":[{"embeddable":true,"href":"https:\/\/www.istitutogalanteoliva.it\/magazine\/wp-json\/wp\/v2\/comments?post=13413"}],"version-history":[{"count":1,"href":"https:\/\/www.istitutogalanteoliva.it\/magazine\/wp-json\/wp\/v2\/posts\/13413\/revisions"}],"predecessor-version":[{"id":13418,"href":"https:\/\/www.istitutogalanteoliva.it\/magazine\/wp-json\/wp\/v2\/posts\/13413\/revisions\/13418"}],"wp:featuredmedia":[{"embeddable":true,"href":"https:\/\/www.istitutogalanteoliva.it\/magazine\/wp-json\/wp\/v2\/media\/13417"}],"wp:attachment":[{"href":"https:\/\/www.istitutogalanteoliva.it\/magazine\/wp-json\/wp\/v2\/media?parent=13413"}],"wp:term":[{"taxonomy":"category","embeddable":true,"href":"https:\/\/www.istitutogalanteoliva.it\/magazine\/wp-json\/wp\/v2\/categories?post=13413"},{"taxonomy":"post_tag","embeddable":true,"href":"https:\/\/www.istitutogalanteoliva.it\/magazine\/wp-json\/wp\/v2\/tags?post=13413"}],"curies":[{"name":"wp","href":"https:\/\/api.w.org\/{rel}","templated":true}]}}