{"id":13420,"date":"2023-03-21T08:00:00","date_gmt":"2023-03-21T07:00:00","guid":{"rendered":"https:\/\/www.istitutogalanteoliva.it\/magazine\/?p=13420"},"modified":"2023-03-19T11:16:05","modified_gmt":"2023-03-19T10:16:05","slug":"a-isernia-al-centro-del-mondo-centro-diurno-per-minori","status":"publish","type":"post","link":"https:\/\/www.istitutogalanteoliva.it\/magazine\/2023\/03\/21\/a-isernia-al-centro-del-mondo-centro-diurno-per-minori\/","title":{"rendered":"A Isernia \u201cAl Centro del Mondo\u201d, centro  diurno per minori"},"content":{"rendered":"\n<p><\/p>\n\n\n\n<h4 class=\"wp-block-heading\"> In collaborazione con l\u2019Ambito Territoriale Sociale di Isernia, la societ\u00e0 Cooperativa Futura offre cos\u00ec un valido sostegno ad istituzioni scolastiche e famiglie in aiuto ai soggetti pi\u00f9 fragili. Coinvolti nell\u2019iniziativa socio-educativa, 24 Comuni del territorio provinciale<\/h4>\n\n\n\n<p>La necessit\u00e0 di affrontare problematiche legate alle difficolt\u00e0 relazionali, alle diverse forme di disagio sociale, psicologico ma anche scolastico organizzando piani educativi individualizzati per contrastare l\u2019emarginazione di bambini e ragazzi nell\u2019et\u00e0 d\u2019infanzia e adolescenziale ha mosso le intenzioni della societ\u00e0 Cooperativa Futura, guidata dalla responsabile, la dottoressa Rosanna Gravante, quando \u00e8 stato realizzato ed attivato un centro ad Isernia socio educativo per minori. Denominato \u201cAl Centro del Mondo\u201d, la struttura di via Pansini, che \u00e8 fornita di ampie sale per un\u2019accoglienza pi\u00f9 che adeguata riservata appunto ad individui di una fascia d\u2019et\u00e0 dai sei ai diciott\u2019anni, si realizza come luogo in cui minori (che abbiano anomalie di comportamento, disturbi della personalit\u00e0 anche in contesti famigliari difficili) trovano a disposizione la competenza\u00a0 di psicologi, educatori, assistenti sociali in grado di fornire un percorso (che sia di studio o di attivit\u00e0 ludico-ricreative) in cui il ragazzo od il bambino si senta soprattutto \u201ca casa\u201d. <\/p>\n\n\n<div class=\"wp-block-image\">\n<figure class=\"aligncenter size-full\"><img loading=\"lazy\" decoding=\"async\" width=\"700\" height=\"380\" src=\"https:\/\/www.istitutogalanteoliva.it\/magazine\/wp-content\/uploads\/2023\/03\/22222.jpg\" alt=\"\u201cAl Centro del Mondo\u201d, il centro isernino diurno per minori nasce per sostenere bambini e ragazzi con interventi di integrazione contro i processi di emarginazione.\" class=\"wp-image-13422\" srcset=\"https:\/\/www.istitutogalanteoliva.it\/magazine\/wp-content\/uploads\/2023\/03\/22222.jpg 700w, https:\/\/www.istitutogalanteoliva.it\/magazine\/wp-content\/uploads\/2023\/03\/22222-300x163.jpg 300w\" sizes=\"auto, (max-width: 700px) 100vw, 700px\" \/><\/figure><\/div>\n\n\n<p>La dottoressa Gravante, coordinatrice del centro d\u2019accoglienza, \u00e8 ben chiara sugli intenti: dinanzi alle emergenze sul disagio sociale che sempre pi\u00f9 sta colpendo il mondo dell\u2019infanzia e dell\u2019adolescenza, sembra necessario intraprendere un programma che garantisca un ambiente in cui sostenere ed incoraggiare gli individui fragili nella propria quotidianit\u00e0 che insegni ad affrontare in maniera pi\u00f9 serena il futuro coadiuvando il compito d\u2019educazione che \u00e8 in genere proprio della famiglia. L\u2019\u00e9quipe di specialisti a disposizione dei giovanissimi ospiti si rende disponibile, con idee e competenza, per studiare programmi personalizzati che consentano ai nostri ragazzi una crescita incentrata sulla fiducia in s\u00e9 stessi, che spesso manca, acquisendo quell\u2019autonomia necessaria per affrontare il prossimo futuro sicuramente con maggiore serenit\u00e0. Le figure professionali che sono a disposizione del Centro affiancano i ragazzi hanno l\u2019arduo compito di supportare i minorenni nelle esigenze proprie della loro et\u00e0, attuando certamente un servizio di prevenzione al disagio con specifici strumenti educativi. La struttura, fortemente appoggiata dall\u2019Ambito Territoriale Sociale di Isernia, \u00e8 \u00a0necessario in una provincia che vuole puntare su interventi assistenziali che riducano i processi di emarginazione ed aumentino invece l\u2019integrazione nel territorio in un luogo in cui prevale senz\u2019altro l\u2019ascolto. Il centro ospita bambini e ragazzi in et\u00e0 scolare, residenti nei 24 comuni inclusi appunto nell\u2019Ambito territoriale. Le richieste di aiuto non mancano ed il Centro si mette a disposizione per analizzare i diversi casi senza tralasciare l\u2019emotivit\u00e0 dell\u2019individuo a cui si garantiscono attivit\u00e0 in grado di stimolare competenze cognitive, abilit\u00e0, personali, capacit\u00e0 relazionali. Si presenta quindi come un supporto alle esigenze della famiglia, spesso poco organizzata per affrontare adeguate terapie riabilitative e dell\u2019istituzione scolastica. Progettazione e realizzazione degli interventi, da attuare a seconda delle situazioni, sono ben studiati per semplificare la vita quotidiana di chi ha problemi ad inserirsi nei molteplici ambiti sociali: strategie che tanto aiutano chi in difficolt\u00e0 ad affrontare le esigenze di questi nostri tempi Un aiuto magari indispensabile per i bisogni delle famiglie che adesso possono davvero avvalersi di un importante servizio offerto alla nostra comunit\u00e0 e che non chiude gli occhi dinanzi al malessere , spesso sommerso, delle nostre future generazioni. Per chi interessato ad usufruire dei servizi offerti dalla struttura che \u00e8 sita ad Isernia in via Pansini n.6\/8, potr\u00e0 rivolgersi agli uffici del Comune di Isernia che si occupano dell\u2019Ambito sociale territoriale. Il comune di Isernia, capofila di questa progettazione, analizzer\u00e0 i casi proposti valutando le fragilit\u00e0 dell\u2019individuo all\u2019interno delle famiglie o nell\u2019ambito educativo-scolastico. La sinergia tra istituzioni politiche, sociali, scolastiche \u00e8 sempre una buona soluzione per offrire nuove opportunit\u00e0 e belle tranquillit\u00e0 che le nostre future generazioni meritano.<\/p>\n\n\n\n<p><img loading=\"lazy\" decoding=\"async\" width=\"100\" height=\"100\" class=\"wp-image-6462\" style=\"width: 100px;\" src=\"https:\/\/www.istitutogalanteoliva.it\/magazine\/wp-content\/uploads\/2021\/03\/Silvia-1.jpg\" alt=\"\" srcset=\"https:\/\/www.istitutogalanteoliva.it\/magazine\/wp-content\/uploads\/2021\/03\/Silvia-1.jpg 480w, https:\/\/www.istitutogalanteoliva.it\/magazine\/wp-content\/uploads\/2021\/03\/Silvia-1-300x300.jpg 300w, https:\/\/www.istitutogalanteoliva.it\/magazine\/wp-content\/uploads\/2021\/03\/Silvia-1-150x150.jpg 150w\" sizes=\"auto, (max-width: 100px) 100vw, 100px\" \/><em><strong><a href=\"https:\/\/www.istitutogalanteoliva.it\/magazine\/?s=silvia+de+cristofaro\" target=\"_blank\" rel=\"noreferrer noopener\">Silvia De Cristofaro<\/a><\/strong><\/em><br><strong><em><sup>Vicecoordinatore Nazionale di redazione\/Coordinatrice Centro Italia<\/sup><\/em><\/strong><br><\/p>\n\n\n\n<p><\/p>\n\n\n\n<p><\/p>\n<div class=\"pdfprnt-buttons pdfprnt-buttons-post pdfprnt-bottom-left\"><a href=\"https:\/\/www.istitutogalanteoliva.it\/magazine\/wp-json\/wp\/v2\/posts\/13420?print=print\" class=\"pdfprnt-button pdfprnt-button-print\" target=\"_blank\"><img decoding=\"async\" src=\"https:\/\/www.istitutogalanteoliva.it\/magazine\/wp-content\/plugins\/pdf-print\/images\/print.png\" alt=\"image_print\" title=\"Stampa contenuto\" \/><span class=\"pdfprnt-button-title pdfprnt-button-print-title\">Download in PDF<\/span><\/a><\/div>","protected":false},"excerpt":{"rendered":"<p>Al Centro del Mondo\u201d, il centro isernino diurno per minori nasce per sostenere bambini e ragazzi con interventi di integrazione contro i processi di emarginazione<\/p>\n","protected":false},"author":2,"featured_media":13421,"comment_status":"closed","ping_status":"open","sticky":true,"template":"","format":"standard","meta":{"footnotes":""},"categories":[731,22],"tags":[779,781,782,280],"class_list":["post-13420","post","type-post","status-publish","format-standard","has-post-thumbnail","hentry","category-731","category-societa","tag-al-centro-del-mondo","tag-ambito-territoriale-sociale-di-isernia","tag-cooperativa-futura","tag-isernia"],"yoast_head":"<!-- This site is optimized with the Yoast SEO plugin v24.2 - https:\/\/yoast.com\/wordpress\/plugins\/seo\/ -->\n<title>A Isernia \u201cAl Centro del Mondo\u201d, centro diurno per minori - Polis SA Magazine<\/title>\n<meta name=\"robots\" content=\"index, follow, max-snippet:-1, max-image-preview:large, max-video-preview:-1\" \/>\n<link rel=\"canonical\" href=\"https:\/\/www.istitutogalanteoliva.it\/magazine\/2023\/03\/21\/a-isernia-al-centro-del-mondo-centro-diurno-per-minori\/\" \/>\n<meta property=\"og:locale\" content=\"it_IT\" \/>\n<meta property=\"og:type\" content=\"article\" \/>\n<meta property=\"og:title\" content=\"A Isernia \u201cAl Centro del Mondo\u201d, centro diurno per minori - Polis SA Magazine\" \/>\n<meta property=\"og:description\" content=\"Al Centro del Mondo\u201d, il centro isernino diurno per minori nasce per sostenere bambini e ragazzi con interventi di integrazione contro i processi di emarginazione\" \/>\n<meta property=\"og:url\" content=\"https:\/\/www.istitutogalanteoliva.it\/magazine\/2023\/03\/21\/a-isernia-al-centro-del-mondo-centro-diurno-per-minori\/\" \/>\n<meta property=\"og:site_name\" content=\"Polis SA Magazine\" \/>\n<meta property=\"article:publisher\" content=\"https:\/\/www.facebook.com\/PolisSAMagazine\/\" \/>\n<meta property=\"article:published_time\" content=\"2023-03-21T07:00:00+00:00\" \/>\n<meta property=\"article:modified_time\" content=\"2023-03-19T10:16:05+00:00\" \/>\n<meta property=\"og:image\" content=\"https:\/\/www.istitutogalanteoliva.it\/magazine\/wp-content\/uploads\/2023\/03\/1111.jpg\" \/>\n\t<meta property=\"og:image:width\" content=\"700\" \/>\n\t<meta property=\"og:image:height\" content=\"380\" \/>\n\t<meta property=\"og:image:type\" content=\"image\/jpeg\" \/>\n<meta name=\"author\" content=\"Antonello Rivano\" \/>\n<meta name=\"twitter:card\" content=\"summary_large_image\" \/>\n<meta name=\"twitter:creator\" content=\"@MagazinePolis\" \/>\n<meta name=\"twitter:site\" content=\"@MagazinePolis\" \/>\n<meta name=\"twitter:label1\" content=\"Scritto da\" \/>\n\t<meta name=\"twitter:data1\" content=\"Antonello Rivano\" \/>\n\t<meta name=\"twitter:label2\" content=\"Tempo di lettura stimato\" \/>\n\t<meta name=\"twitter:data2\" content=\"4 minuti\" \/>\n<script type=\"application\/ld+json\" class=\"yoast-schema-graph\">{\"@context\":\"https:\/\/schema.org\",\"@graph\":[{\"@type\":\"Article\",\"@id\":\"https:\/\/www.istitutogalanteoliva.it\/magazine\/2023\/03\/21\/a-isernia-al-centro-del-mondo-centro-diurno-per-minori\/#article\",\"isPartOf\":{\"@id\":\"https:\/\/www.istitutogalanteoliva.it\/magazine\/2023\/03\/21\/a-isernia-al-centro-del-mondo-centro-diurno-per-minori\/\"},\"author\":{\"name\":\"Antonello Rivano\",\"@id\":\"https:\/\/www.istitutogalanteoliva.it\/magazine\/#\/schema\/person\/d8b8aa79cfe8babc1df9da3212a7c0c4\"},\"headline\":\"A Isernia \u201cAl Centro del Mondo\u201d, centro diurno per minori\",\"datePublished\":\"2023-03-21T07:00:00+00:00\",\"dateModified\":\"2023-03-19T10:16:05+00:00\",\"mainEntityOfPage\":{\"@id\":\"https:\/\/www.istitutogalanteoliva.it\/magazine\/2023\/03\/21\/a-isernia-al-centro-del-mondo-centro-diurno-per-minori\/\"},\"wordCount\":645,\"publisher\":{\"@id\":\"https:\/\/www.istitutogalanteoliva.it\/magazine\/#organization\"},\"image\":{\"@id\":\"https:\/\/www.istitutogalanteoliva.it\/magazine\/2023\/03\/21\/a-isernia-al-centro-del-mondo-centro-diurno-per-minori\/#primaryimage\"},\"thumbnailUrl\":\"https:\/\/www.istitutogalanteoliva.it\/magazine\/wp-content\/uploads\/2023\/03\/1111.jpg\",\"keywords\":[\"Al Centro del Mondo\",\"Ambito Territoriale Sociale di Isernia\",\"Cooperativa Futura\",\"isernia\"],\"articleSection\":[\"2023\",\"Societ\u00e0\"],\"inLanguage\":\"it-IT\"},{\"@type\":\"WebPage\",\"@id\":\"https:\/\/www.istitutogalanteoliva.it\/magazine\/2023\/03\/21\/a-isernia-al-centro-del-mondo-centro-diurno-per-minori\/\",\"url\":\"https:\/\/www.istitutogalanteoliva.it\/magazine\/2023\/03\/21\/a-isernia-al-centro-del-mondo-centro-diurno-per-minori\/\",\"name\":\"A Isernia \u201cAl Centro del Mondo\u201d, centro diurno per minori - Polis SA Magazine\",\"isPartOf\":{\"@id\":\"https:\/\/www.istitutogalanteoliva.it\/magazine\/#website\"},\"primaryImageOfPage\":{\"@id\":\"https:\/\/www.istitutogalanteoliva.it\/magazine\/2023\/03\/21\/a-isernia-al-centro-del-mondo-centro-diurno-per-minori\/#primaryimage\"},\"image\":{\"@id\":\"https:\/\/www.istitutogalanteoliva.it\/magazine\/2023\/03\/21\/a-isernia-al-centro-del-mondo-centro-diurno-per-minori\/#primaryimage\"},\"thumbnailUrl\":\"https:\/\/www.istitutogalanteoliva.it\/magazine\/wp-content\/uploads\/2023\/03\/1111.jpg\",\"datePublished\":\"2023-03-21T07:00:00+00:00\",\"dateModified\":\"2023-03-19T10:16:05+00:00\",\"breadcrumb\":{\"@id\":\"https:\/\/www.istitutogalanteoliva.it\/magazine\/2023\/03\/21\/a-isernia-al-centro-del-mondo-centro-diurno-per-minori\/#breadcrumb\"},\"inLanguage\":\"it-IT\",\"potentialAction\":[{\"@type\":\"ReadAction\",\"target\":[\"https:\/\/www.istitutogalanteoliva.it\/magazine\/2023\/03\/21\/a-isernia-al-centro-del-mondo-centro-diurno-per-minori\/\"]}]},{\"@type\":\"ImageObject\",\"inLanguage\":\"it-IT\",\"@id\":\"https:\/\/www.istitutogalanteoliva.it\/magazine\/2023\/03\/21\/a-isernia-al-centro-del-mondo-centro-diurno-per-minori\/#primaryimage\",\"url\":\"https:\/\/www.istitutogalanteoliva.it\/magazine\/wp-content\/uploads\/2023\/03\/1111.jpg\",\"contentUrl\":\"https:\/\/www.istitutogalanteoliva.it\/magazine\/wp-content\/uploads\/2023\/03\/1111.jpg\",\"width\":700,\"height\":380},{\"@type\":\"BreadcrumbList\",\"@id\":\"https:\/\/www.istitutogalanteoliva.it\/magazine\/2023\/03\/21\/a-isernia-al-centro-del-mondo-centro-diurno-per-minori\/#breadcrumb\",\"itemListElement\":[{\"@type\":\"ListItem\",\"position\":1,\"name\":\"Home\",\"item\":\"https:\/\/www.istitutogalanteoliva.it\/magazine\/\"},{\"@type\":\"ListItem\",\"position\":2,\"name\":\"A Isernia \u201cAl Centro del Mondo\u201d, centro diurno per minori\"}]},{\"@type\":\"WebSite\",\"@id\":\"https:\/\/www.istitutogalanteoliva.it\/magazine\/#website\",\"url\":\"https:\/\/www.istitutogalanteoliva.it\/magazine\/\",\"name\":\"POLIS SA MAGAZINE\",\"description\":\"Informazione e approfondimenti\",\"publisher\":{\"@id\":\"https:\/\/www.istitutogalanteoliva.it\/magazine\/#organization\"},\"potentialAction\":[{\"@type\":\"SearchAction\",\"target\":{\"@type\":\"EntryPoint\",\"urlTemplate\":\"https:\/\/www.istitutogalanteoliva.it\/magazine\/?s={search_term_string}\"},\"query-input\":{\"@type\":\"PropertyValueSpecification\",\"valueRequired\":true,\"valueName\":\"search_term_string\"}}],\"inLanguage\":\"it-IT\"},{\"@type\":\"Organization\",\"@id\":\"https:\/\/www.istitutogalanteoliva.it\/magazine\/#organization\",\"name\":\"Polis SA Magazine\",\"url\":\"https:\/\/www.istitutogalanteoliva.it\/magazine\/\",\"logo\":{\"@type\":\"ImageObject\",\"inLanguage\":\"it-IT\",\"@id\":\"https:\/\/www.istitutogalanteoliva.it\/magazine\/#\/schema\/logo\/image\/\",\"url\":\"\",\"contentUrl\":\"\",\"caption\":\"Polis SA Magazine\"},\"image\":{\"@id\":\"https:\/\/www.istitutogalanteoliva.it\/magazine\/#\/schema\/logo\/image\/\"},\"sameAs\":[\"https:\/\/www.facebook.com\/PolisSAMagazine\/\",\"https:\/\/x.com\/MagazinePolis\",\"https:\/\/www.youtube.com\/channel\/UCv0Mr5AHKUmsc0sEEXkJrgw\"]},{\"@type\":\"Person\",\"@id\":\"https:\/\/www.istitutogalanteoliva.it\/magazine\/#\/schema\/person\/d8b8aa79cfe8babc1df9da3212a7c0c4\",\"name\":\"Antonello Rivano\",\"image\":{\"@type\":\"ImageObject\",\"inLanguage\":\"it-IT\",\"@id\":\"https:\/\/www.istitutogalanteoliva.it\/magazine\/#\/schema\/person\/image\/\",\"url\":\"https:\/\/secure.gravatar.com\/avatar\/517a9a6487a7a18ecc4ce6d2e57a8f40?s=96&d=mm&r=g\",\"contentUrl\":\"https:\/\/secure.gravatar.com\/avatar\/517a9a6487a7a18ecc4ce6d2e57a8f40?s=96&d=mm&r=g\",\"caption\":\"Antonello Rivano\"},\"url\":\"https:\/\/www.istitutogalanteoliva.it\/magazine\/author\/antonello\/\"}]}<\/script>\n<!-- \/ Yoast SEO plugin. -->","yoast_head_json":{"title":"A Isernia \u201cAl Centro del Mondo\u201d, centro diurno per minori - Polis SA Magazine","robots":{"index":"index","follow":"follow","max-snippet":"max-snippet:-1","max-image-preview":"max-image-preview:large","max-video-preview":"max-video-preview:-1"},"canonical":"https:\/\/www.istitutogalanteoliva.it\/magazine\/2023\/03\/21\/a-isernia-al-centro-del-mondo-centro-diurno-per-minori\/","og_locale":"it_IT","og_type":"article","og_title":"A Isernia \u201cAl Centro del Mondo\u201d, centro diurno per minori - Polis SA Magazine","og_description":"Al Centro del Mondo\u201d, il centro isernino diurno per minori nasce per sostenere bambini e ragazzi con interventi di integrazione contro i processi di emarginazione","og_url":"https:\/\/www.istitutogalanteoliva.it\/magazine\/2023\/03\/21\/a-isernia-al-centro-del-mondo-centro-diurno-per-minori\/","og_site_name":"Polis SA Magazine","article_publisher":"https:\/\/www.facebook.com\/PolisSAMagazine\/","article_published_time":"2023-03-21T07:00:00+00:00","article_modified_time":"2023-03-19T10:16:05+00:00","og_image":[{"width":700,"height":380,"url":"https:\/\/www.istitutogalanteoliva.it\/magazine\/wp-content\/uploads\/2023\/03\/1111.jpg","type":"image\/jpeg"}],"author":"Antonello Rivano","twitter_card":"summary_large_image","twitter_creator":"@MagazinePolis","twitter_site":"@MagazinePolis","twitter_misc":{"Scritto da":"Antonello Rivano","Tempo di lettura stimato":"4 minuti"},"schema":{"@context":"https:\/\/schema.org","@graph":[{"@type":"Article","@id":"https:\/\/www.istitutogalanteoliva.it\/magazine\/2023\/03\/21\/a-isernia-al-centro-del-mondo-centro-diurno-per-minori\/#article","isPartOf":{"@id":"https:\/\/www.istitutogalanteoliva.it\/magazine\/2023\/03\/21\/a-isernia-al-centro-del-mondo-centro-diurno-per-minori\/"},"author":{"name":"Antonello Rivano","@id":"https:\/\/www.istitutogalanteoliva.it\/magazine\/#\/schema\/person\/d8b8aa79cfe8babc1df9da3212a7c0c4"},"headline":"A Isernia \u201cAl Centro del Mondo\u201d, centro diurno per minori","datePublished":"2023-03-21T07:00:00+00:00","dateModified":"2023-03-19T10:16:05+00:00","mainEntityOfPage":{"@id":"https:\/\/www.istitutogalanteoliva.it\/magazine\/2023\/03\/21\/a-isernia-al-centro-del-mondo-centro-diurno-per-minori\/"},"wordCount":645,"publisher":{"@id":"https:\/\/www.istitutogalanteoliva.it\/magazine\/#organization"},"image":{"@id":"https:\/\/www.istitutogalanteoliva.it\/magazine\/2023\/03\/21\/a-isernia-al-centro-del-mondo-centro-diurno-per-minori\/#primaryimage"},"thumbnailUrl":"https:\/\/www.istitutogalanteoliva.it\/magazine\/wp-content\/uploads\/2023\/03\/1111.jpg","keywords":["Al Centro del Mondo","Ambito Territoriale Sociale di Isernia","Cooperativa Futura","isernia"],"articleSection":["2023","Societ\u00e0"],"inLanguage":"it-IT"},{"@type":"WebPage","@id":"https:\/\/www.istitutogalanteoliva.it\/magazine\/2023\/03\/21\/a-isernia-al-centro-del-mondo-centro-diurno-per-minori\/","url":"https:\/\/www.istitutogalanteoliva.it\/magazine\/2023\/03\/21\/a-isernia-al-centro-del-mondo-centro-diurno-per-minori\/","name":"A Isernia \u201cAl Centro del Mondo\u201d, centro diurno per minori - Polis SA Magazine","isPartOf":{"@id":"https:\/\/www.istitutogalanteoliva.it\/magazine\/#website"},"primaryImageOfPage":{"@id":"https:\/\/www.istitutogalanteoliva.it\/magazine\/2023\/03\/21\/a-isernia-al-centro-del-mondo-centro-diurno-per-minori\/#primaryimage"},"image":{"@id":"https:\/\/www.istitutogalanteoliva.it\/magazine\/2023\/03\/21\/a-isernia-al-centro-del-mondo-centro-diurno-per-minori\/#primaryimage"},"thumbnailUrl":"https:\/\/www.istitutogalanteoliva.it\/magazine\/wp-content\/uploads\/2023\/03\/1111.jpg","datePublished":"2023-03-21T07:00:00+00:00","dateModified":"2023-03-19T10:16:05+00:00","breadcrumb":{"@id":"https:\/\/www.istitutogalanteoliva.it\/magazine\/2023\/03\/21\/a-isernia-al-centro-del-mondo-centro-diurno-per-minori\/#breadcrumb"},"inLanguage":"it-IT","potentialAction":[{"@type":"ReadAction","target":["https:\/\/www.istitutogalanteoliva.it\/magazine\/2023\/03\/21\/a-isernia-al-centro-del-mondo-centro-diurno-per-minori\/"]}]},{"@type":"ImageObject","inLanguage":"it-IT","@id":"https:\/\/www.istitutogalanteoliva.it\/magazine\/2023\/03\/21\/a-isernia-al-centro-del-mondo-centro-diurno-per-minori\/#primaryimage","url":"https:\/\/www.istitutogalanteoliva.it\/magazine\/wp-content\/uploads\/2023\/03\/1111.jpg","contentUrl":"https:\/\/www.istitutogalanteoliva.it\/magazine\/wp-content\/uploads\/2023\/03\/1111.jpg","width":700,"height":380},{"@type":"BreadcrumbList","@id":"https:\/\/www.istitutogalanteoliva.it\/magazine\/2023\/03\/21\/a-isernia-al-centro-del-mondo-centro-diurno-per-minori\/#breadcrumb","itemListElement":[{"@type":"ListItem","position":1,"name":"Home","item":"https:\/\/www.istitutogalanteoliva.it\/magazine\/"},{"@type":"ListItem","position":2,"name":"A Isernia \u201cAl Centro del Mondo\u201d, centro diurno per minori"}]},{"@type":"WebSite","@id":"https:\/\/www.istitutogalanteoliva.it\/magazine\/#website","url":"https:\/\/www.istitutogalanteoliva.it\/magazine\/","name":"POLIS SA MAGAZINE","description":"Informazione e approfondimenti","publisher":{"@id":"https:\/\/www.istitutogalanteoliva.it\/magazine\/#organization"},"potentialAction":[{"@type":"SearchAction","target":{"@type":"EntryPoint","urlTemplate":"https:\/\/www.istitutogalanteoliva.it\/magazine\/?s={search_term_string}"},"query-input":{"@type":"PropertyValueSpecification","valueRequired":true,"valueName":"search_term_string"}}],"inLanguage":"it-IT"},{"@type":"Organization","@id":"https:\/\/www.istitutogalanteoliva.it\/magazine\/#organization","name":"Polis SA Magazine","url":"https:\/\/www.istitutogalanteoliva.it\/magazine\/","logo":{"@type":"ImageObject","inLanguage":"it-IT","@id":"https:\/\/www.istitutogalanteoliva.it\/magazine\/#\/schema\/logo\/image\/","url":"","contentUrl":"","caption":"Polis SA Magazine"},"image":{"@id":"https:\/\/www.istitutogalanteoliva.it\/magazine\/#\/schema\/logo\/image\/"},"sameAs":["https:\/\/www.facebook.com\/PolisSAMagazine\/","https:\/\/x.com\/MagazinePolis","https:\/\/www.youtube.com\/channel\/UCv0Mr5AHKUmsc0sEEXkJrgw"]},{"@type":"Person","@id":"https:\/\/www.istitutogalanteoliva.it\/magazine\/#\/schema\/person\/d8b8aa79cfe8babc1df9da3212a7c0c4","name":"Antonello Rivano","image":{"@type":"ImageObject","inLanguage":"it-IT","@id":"https:\/\/www.istitutogalanteoliva.it\/magazine\/#\/schema\/person\/image\/","url":"https:\/\/secure.gravatar.com\/avatar\/517a9a6487a7a18ecc4ce6d2e57a8f40?s=96&d=mm&r=g","contentUrl":"https:\/\/secure.gravatar.com\/avatar\/517a9a6487a7a18ecc4ce6d2e57a8f40?s=96&d=mm&r=g","caption":"Antonello Rivano"},"url":"https:\/\/www.istitutogalanteoliva.it\/magazine\/author\/antonello\/"}]}},"_links":{"self":[{"href":"https:\/\/www.istitutogalanteoliva.it\/magazine\/wp-json\/wp\/v2\/posts\/13420","targetHints":{"allow":["GET"]}}],"collection":[{"href":"https:\/\/www.istitutogalanteoliva.it\/magazine\/wp-json\/wp\/v2\/posts"}],"about":[{"href":"https:\/\/www.istitutogalanteoliva.it\/magazine\/wp-json\/wp\/v2\/types\/post"}],"author":[{"embeddable":true,"href":"https:\/\/www.istitutogalanteoliva.it\/magazine\/wp-json\/wp\/v2\/users\/2"}],"replies":[{"embeddable":true,"href":"https:\/\/www.istitutogalanteoliva.it\/magazine\/wp-json\/wp\/v2\/comments?post=13420"}],"version-history":[{"count":1,"href":"https:\/\/www.istitutogalanteoliva.it\/magazine\/wp-json\/wp\/v2\/posts\/13420\/revisions"}],"predecessor-version":[{"id":13423,"href":"https:\/\/www.istitutogalanteoliva.it\/magazine\/wp-json\/wp\/v2\/posts\/13420\/revisions\/13423"}],"wp:featuredmedia":[{"embeddable":true,"href":"https:\/\/www.istitutogalanteoliva.it\/magazine\/wp-json\/wp\/v2\/media\/13421"}],"wp:attachment":[{"href":"https:\/\/www.istitutogalanteoliva.it\/magazine\/wp-json\/wp\/v2\/media?parent=13420"}],"wp:term":[{"taxonomy":"category","embeddable":true,"href":"https:\/\/www.istitutogalanteoliva.it\/magazine\/wp-json\/wp\/v2\/categories?post=13420"},{"taxonomy":"post_tag","embeddable":true,"href":"https:\/\/www.istitutogalanteoliva.it\/magazine\/wp-json\/wp\/v2\/tags?post=13420"}],"curies":[{"name":"wp","href":"https:\/\/api.w.org\/{rel}","templated":true}]}}