{"id":13424,"date":"2023-03-22T08:00:00","date_gmt":"2023-03-22T07:00:00","guid":{"rendered":"https:\/\/www.istitutogalanteoliva.it\/magazine\/?p=13424"},"modified":"2023-03-21T19:16:19","modified_gmt":"2023-03-21T18:16:19","slug":"mondo-lontano-oriente-cicloni-a-nuove-latitudini","status":"publish","type":"post","link":"https:\/\/www.istitutogalanteoliva.it\/magazine\/2023\/03\/22\/mondo-lontano-oriente-cicloni-a-nuove-latitudini\/","title":{"rendered":"Mondo-Lontano Oriente. Cicloni a nuove latitudini"},"content":{"rendered":"\n<p><strong>Di Alberto Spatola<\/strong><\/p>\n\n\n\n<p>Occuparsi di un paese letteralmente agli antipodi dell\u2019Italia \u00e8 interessante per via delle differenze da cui imparare e delle similitudini in cui rispecchiarsi. Cos\u00ec il recente devastante ciclone in Nuova Zelanda \u00e8 un\u2019ottima occasione per riflettere sulla crisi climatica che stiamo attraversando in ogni angolo del pianeta, che per\u00f2, essendo tondo, non colpisce tutti alla stessa maniera.<\/p>\n\n\n\n<p>Partiamo dai fatti. Qualche settimana fa il ciclone Gabrielle ha costretto 10 mila persone, mezza Pegli possiamo dire, a lasciare le proprie case, e almeno undici persone sono morte. Un terzo degli abitanti, principalmente nel nord del paese, ha subito danni, dalla rete elettrica agli edifici.<\/p>\n\n\n\n<p>La Nuova Zelanda \u00e8 grande all\u2019incirca come l\u2019Italia, ma ha soltanto gli abitanti della Campania: poco pi\u00f9 di 5 milioni. Una popolazione quindi ben pi\u00f9 dispersa e perci\u00f2 isolata che soffrir\u00e0 assai per via delle numerose frane e alluvioni che hanno distrutto anche molte strade.<\/p>\n\n\n\n<p>Eppure, quello che \u00e8 successo non \u00e8 comparabile con le alluvioni a cui anche noi siamo per ora abituati. Nessuno era pronto, ben pochi potevano aspettarsi un simile fenomeno.<\/p>\n\n\n\n<p>I cicloni tropicali si fermano normalmente ben pi\u00f9 a nord della Nuova Zelanda e mai hanno toccato il paese. Cos\u00ec le autorit\u00e0 hanno considerato Gabrielle il pi\u00f9 grande disastro naturale di questo secolo fino a oggi. Ma i prossimi anni probabilmente ne porteranno altri, perch\u00e9 i fenomeni come i cicloni \u00e8 da tempo, che in virt\u00f9 della crisi climatica, si trovano a latitudini sempre pi\u00f9 inusuali.<\/p>\n\n\n\n<p>Mesi fa il Pakistan fu colpito in maniera simile e il paese si attiv\u00f2 per ricevere fondi di compensazione poich\u00e9 il Pakistan ha contribuito storicamente quasi per nulla al riscaldamento globale, ciononostante i disastri naturali colpiscono soprattutto chi abita relativamente vicino all\u2019equatore.<\/p>\n\n\n\n<p>Per la Nuova Zelanda invece il discorso \u00e8 ben diverso. Storicamente la Nuova Zelanda \u00e8 \u00e8 il paese che \u00e8 pi\u00f9 responsabile per le emissioni di CO2 pro capite.<\/p>\n\n\n\n<p>Da quando nel 1800 possiamo con qualche precisione ricostruire chi produce pi\u00f9 emissioni i cinque paesi pi\u00f9 responsabili per persona sono nell\u2019ordine la Nuova Zelanda, Canada, Australia, USA e Argentina. Se guardiamo in termini pi\u00f9 globali, e non per persona, met\u00e0 della responsabilit\u00e0 storica del riscaldamento globale \u00e8 nelle mani dei paesi dell\u2019Unione Europea,&nbsp; degli USA, Canada, Regno Unito, Australia e Nuova Zelanda.<\/p>\n\n\n\n<p>Per cui il ciclone Gabrielle deve far suonare un campanello d\u2019allarme: se cinicamente la nostra parte del mondo, quella pi\u00f9 ricca, pu\u00f2 aver pensato d\u2019inquinare ma di scaricare le conseguenze sugli altri paesi, ora invece la Nuova Zelanda ci mostra come siamo tutti coinvolti. Un paese agli antipodi, cos\u00ec lontano, eppure cos\u00ec simile.<\/p>\n\n\n\n<p><img loading=\"lazy\" decoding=\"async\" width=\"80\" height=\"80\" class=\"wp-image-13425\" style=\"width: 80px;\" src=\"https:\/\/www.istitutogalanteoliva.it\/magazine\/wp-content\/uploads\/2023\/03\/Senza-titolo-2.png\" alt=\"Alberto Spatola \" srcset=\"https:\/\/www.istitutogalanteoliva.it\/magazine\/wp-content\/uploads\/2023\/03\/Senza-titolo-2.png 584w, https:\/\/www.istitutogalanteoliva.it\/magazine\/wp-content\/uploads\/2023\/03\/Senza-titolo-2-300x300.png 300w, https:\/\/www.istitutogalanteoliva.it\/magazine\/wp-content\/uploads\/2023\/03\/Senza-titolo-2-150x150.png 150w\" sizes=\"auto, (max-width: 80px) 100vw, 80px\" \/><strong><em>Alberto Spatola<\/em><\/strong> (Bruxells) <\/p>\n<div class=\"pdfprnt-buttons pdfprnt-buttons-post pdfprnt-bottom-left\"><a href=\"https:\/\/www.istitutogalanteoliva.it\/magazine\/wp-json\/wp\/v2\/posts\/13424?print=print\" class=\"pdfprnt-button pdfprnt-button-print\" target=\"_blank\"><img decoding=\"async\" src=\"https:\/\/www.istitutogalanteoliva.it\/magazine\/wp-content\/plugins\/pdf-print\/images\/print.png\" alt=\"image_print\" title=\"Stampa contenuto\" \/><span class=\"pdfprnt-button-title pdfprnt-button-print-title\">Download in PDF<\/span><\/a><\/div>","protected":false},"excerpt":{"rendered":"<p>Occuparsi di un paese letteralmente agli antipodi dell\u2019Italia \u00e8 interessante per via delle differenze da cui imparare e delle similitudini in cui rispecchiarsi<\/p>\n","protected":false},"author":2,"featured_media":13426,"comment_status":"closed","ping_status":"open","sticky":true,"template":"","format":"standard","meta":{"footnotes":""},"categories":[731,55],"tags":[783],"class_list":["post-13424","post","type-post","status-publish","format-standard","has-post-thumbnail","hentry","category-731","category-mondo","tag-lontano-oriente"],"yoast_head":"<!-- This site is optimized with the Yoast SEO plugin v24.2 - https:\/\/yoast.com\/wordpress\/plugins\/seo\/ -->\n<title>Mondo-Lontano Oriente. Cicloni a nuove latitudini - Polis SA Magazine<\/title>\n<meta name=\"robots\" content=\"index, follow, max-snippet:-1, max-image-preview:large, max-video-preview:-1\" \/>\n<link rel=\"canonical\" href=\"https:\/\/www.istitutogalanteoliva.it\/magazine\/2023\/03\/22\/mondo-lontano-oriente-cicloni-a-nuove-latitudini\/\" \/>\n<meta property=\"og:locale\" content=\"it_IT\" \/>\n<meta property=\"og:type\" content=\"article\" \/>\n<meta property=\"og:title\" content=\"Mondo-Lontano Oriente. Cicloni a nuove latitudini - Polis SA Magazine\" \/>\n<meta property=\"og:description\" content=\"Occuparsi di un paese letteralmente agli antipodi dell\u2019Italia \u00e8 interessante per via delle differenze da cui imparare e delle similitudini in cui rispecchiarsi\" \/>\n<meta property=\"og:url\" content=\"https:\/\/www.istitutogalanteoliva.it\/magazine\/2023\/03\/22\/mondo-lontano-oriente-cicloni-a-nuove-latitudini\/\" \/>\n<meta property=\"og:site_name\" content=\"Polis SA Magazine\" \/>\n<meta property=\"article:publisher\" content=\"https:\/\/www.facebook.com\/PolisSAMagazine\/\" \/>\n<meta property=\"article:published_time\" content=\"2023-03-22T07:00:00+00:00\" \/>\n<meta property=\"article:modified_time\" content=\"2023-03-21T18:16:19+00:00\" \/>\n<meta property=\"og:image\" content=\"https:\/\/www.istitutogalanteoliva.it\/magazine\/wp-content\/uploads\/2023\/03\/Gabrielle_2023-02-10_0200Z-1.jpg\" \/>\n\t<meta property=\"og:image:width\" content=\"700\" \/>\n\t<meta property=\"og:image:height\" content=\"380\" \/>\n\t<meta property=\"og:image:type\" content=\"image\/jpeg\" \/>\n<meta name=\"author\" content=\"Antonello Rivano\" \/>\n<meta name=\"twitter:card\" content=\"summary_large_image\" \/>\n<meta name=\"twitter:creator\" content=\"@MagazinePolis\" \/>\n<meta name=\"twitter:site\" content=\"@MagazinePolis\" \/>\n<meta name=\"twitter:label1\" content=\"Scritto da\" \/>\n\t<meta name=\"twitter:data1\" content=\"Antonello Rivano\" \/>\n\t<meta name=\"twitter:label2\" content=\"Tempo di lettura stimato\" \/>\n\t<meta name=\"twitter:data2\" content=\"3 minuti\" \/>\n<script type=\"application\/ld+json\" class=\"yoast-schema-graph\">{\"@context\":\"https:\/\/schema.org\",\"@graph\":[{\"@type\":\"Article\",\"@id\":\"https:\/\/www.istitutogalanteoliva.it\/magazine\/2023\/03\/22\/mondo-lontano-oriente-cicloni-a-nuove-latitudini\/#article\",\"isPartOf\":{\"@id\":\"https:\/\/www.istitutogalanteoliva.it\/magazine\/2023\/03\/22\/mondo-lontano-oriente-cicloni-a-nuove-latitudini\/\"},\"author\":{\"name\":\"Antonello Rivano\",\"@id\":\"https:\/\/www.istitutogalanteoliva.it\/magazine\/#\/schema\/person\/d8b8aa79cfe8babc1df9da3212a7c0c4\"},\"headline\":\"Mondo-Lontano Oriente. Cicloni a nuove latitudini\",\"datePublished\":\"2023-03-22T07:00:00+00:00\",\"dateModified\":\"2023-03-21T18:16:19+00:00\",\"mainEntityOfPage\":{\"@id\":\"https:\/\/www.istitutogalanteoliva.it\/magazine\/2023\/03\/22\/mondo-lontano-oriente-cicloni-a-nuove-latitudini\/\"},\"wordCount\":438,\"publisher\":{\"@id\":\"https:\/\/www.istitutogalanteoliva.it\/magazine\/#organization\"},\"image\":{\"@id\":\"https:\/\/www.istitutogalanteoliva.it\/magazine\/2023\/03\/22\/mondo-lontano-oriente-cicloni-a-nuove-latitudini\/#primaryimage\"},\"thumbnailUrl\":\"https:\/\/www.istitutogalanteoliva.it\/magazine\/wp-content\/uploads\/2023\/03\/Gabrielle_2023-02-10_0200Z-1.jpg\",\"keywords\":[\"Lontano Oriente\"],\"articleSection\":[\"2023\",\"Mondo\"],\"inLanguage\":\"it-IT\"},{\"@type\":\"WebPage\",\"@id\":\"https:\/\/www.istitutogalanteoliva.it\/magazine\/2023\/03\/22\/mondo-lontano-oriente-cicloni-a-nuove-latitudini\/\",\"url\":\"https:\/\/www.istitutogalanteoliva.it\/magazine\/2023\/03\/22\/mondo-lontano-oriente-cicloni-a-nuove-latitudini\/\",\"name\":\"Mondo-Lontano Oriente. Cicloni a nuove latitudini - Polis SA Magazine\",\"isPartOf\":{\"@id\":\"https:\/\/www.istitutogalanteoliva.it\/magazine\/#website\"},\"primaryImageOfPage\":{\"@id\":\"https:\/\/www.istitutogalanteoliva.it\/magazine\/2023\/03\/22\/mondo-lontano-oriente-cicloni-a-nuove-latitudini\/#primaryimage\"},\"image\":{\"@id\":\"https:\/\/www.istitutogalanteoliva.it\/magazine\/2023\/03\/22\/mondo-lontano-oriente-cicloni-a-nuove-latitudini\/#primaryimage\"},\"thumbnailUrl\":\"https:\/\/www.istitutogalanteoliva.it\/magazine\/wp-content\/uploads\/2023\/03\/Gabrielle_2023-02-10_0200Z-1.jpg\",\"datePublished\":\"2023-03-22T07:00:00+00:00\",\"dateModified\":\"2023-03-21T18:16:19+00:00\",\"breadcrumb\":{\"@id\":\"https:\/\/www.istitutogalanteoliva.it\/magazine\/2023\/03\/22\/mondo-lontano-oriente-cicloni-a-nuove-latitudini\/#breadcrumb\"},\"inLanguage\":\"it-IT\",\"potentialAction\":[{\"@type\":\"ReadAction\",\"target\":[\"https:\/\/www.istitutogalanteoliva.it\/magazine\/2023\/03\/22\/mondo-lontano-oriente-cicloni-a-nuove-latitudini\/\"]}]},{\"@type\":\"ImageObject\",\"inLanguage\":\"it-IT\",\"@id\":\"https:\/\/www.istitutogalanteoliva.it\/magazine\/2023\/03\/22\/mondo-lontano-oriente-cicloni-a-nuove-latitudini\/#primaryimage\",\"url\":\"https:\/\/www.istitutogalanteoliva.it\/magazine\/wp-content\/uploads\/2023\/03\/Gabrielle_2023-02-10_0200Z-1.jpg\",\"contentUrl\":\"https:\/\/www.istitutogalanteoliva.it\/magazine\/wp-content\/uploads\/2023\/03\/Gabrielle_2023-02-10_0200Z-1.jpg\",\"width\":700,\"height\":380},{\"@type\":\"BreadcrumbList\",\"@id\":\"https:\/\/www.istitutogalanteoliva.it\/magazine\/2023\/03\/22\/mondo-lontano-oriente-cicloni-a-nuove-latitudini\/#breadcrumb\",\"itemListElement\":[{\"@type\":\"ListItem\",\"position\":1,\"name\":\"Home\",\"item\":\"https:\/\/www.istitutogalanteoliva.it\/magazine\/\"},{\"@type\":\"ListItem\",\"position\":2,\"name\":\"Mondo-Lontano Oriente. Cicloni a nuove latitudini\"}]},{\"@type\":\"WebSite\",\"@id\":\"https:\/\/www.istitutogalanteoliva.it\/magazine\/#website\",\"url\":\"https:\/\/www.istitutogalanteoliva.it\/magazine\/\",\"name\":\"POLIS SA MAGAZINE\",\"description\":\"Informazione e approfondimenti\",\"publisher\":{\"@id\":\"https:\/\/www.istitutogalanteoliva.it\/magazine\/#organization\"},\"potentialAction\":[{\"@type\":\"SearchAction\",\"target\":{\"@type\":\"EntryPoint\",\"urlTemplate\":\"https:\/\/www.istitutogalanteoliva.it\/magazine\/?s={search_term_string}\"},\"query-input\":{\"@type\":\"PropertyValueSpecification\",\"valueRequired\":true,\"valueName\":\"search_term_string\"}}],\"inLanguage\":\"it-IT\"},{\"@type\":\"Organization\",\"@id\":\"https:\/\/www.istitutogalanteoliva.it\/magazine\/#organization\",\"name\":\"Polis SA Magazine\",\"url\":\"https:\/\/www.istitutogalanteoliva.it\/magazine\/\",\"logo\":{\"@type\":\"ImageObject\",\"inLanguage\":\"it-IT\",\"@id\":\"https:\/\/www.istitutogalanteoliva.it\/magazine\/#\/schema\/logo\/image\/\",\"url\":\"\",\"contentUrl\":\"\",\"caption\":\"Polis SA Magazine\"},\"image\":{\"@id\":\"https:\/\/www.istitutogalanteoliva.it\/magazine\/#\/schema\/logo\/image\/\"},\"sameAs\":[\"https:\/\/www.facebook.com\/PolisSAMagazine\/\",\"https:\/\/x.com\/MagazinePolis\",\"https:\/\/www.youtube.com\/channel\/UCv0Mr5AHKUmsc0sEEXkJrgw\"]},{\"@type\":\"Person\",\"@id\":\"https:\/\/www.istitutogalanteoliva.it\/magazine\/#\/schema\/person\/d8b8aa79cfe8babc1df9da3212a7c0c4\",\"name\":\"Antonello Rivano\",\"image\":{\"@type\":\"ImageObject\",\"inLanguage\":\"it-IT\",\"@id\":\"https:\/\/www.istitutogalanteoliva.it\/magazine\/#\/schema\/person\/image\/\",\"url\":\"https:\/\/secure.gravatar.com\/avatar\/517a9a6487a7a18ecc4ce6d2e57a8f40?s=96&d=mm&r=g\",\"contentUrl\":\"https:\/\/secure.gravatar.com\/avatar\/517a9a6487a7a18ecc4ce6d2e57a8f40?s=96&d=mm&r=g\",\"caption\":\"Antonello Rivano\"},\"url\":\"https:\/\/www.istitutogalanteoliva.it\/magazine\/author\/antonello\/\"}]}<\/script>\n<!-- \/ Yoast SEO plugin. -->","yoast_head_json":{"title":"Mondo-Lontano Oriente. Cicloni a nuove latitudini - Polis SA Magazine","robots":{"index":"index","follow":"follow","max-snippet":"max-snippet:-1","max-image-preview":"max-image-preview:large","max-video-preview":"max-video-preview:-1"},"canonical":"https:\/\/www.istitutogalanteoliva.it\/magazine\/2023\/03\/22\/mondo-lontano-oriente-cicloni-a-nuove-latitudini\/","og_locale":"it_IT","og_type":"article","og_title":"Mondo-Lontano Oriente. Cicloni a nuove latitudini - Polis SA Magazine","og_description":"Occuparsi di un paese letteralmente agli antipodi dell\u2019Italia \u00e8 interessante per via delle differenze da cui imparare e delle similitudini in cui rispecchiarsi","og_url":"https:\/\/www.istitutogalanteoliva.it\/magazine\/2023\/03\/22\/mondo-lontano-oriente-cicloni-a-nuove-latitudini\/","og_site_name":"Polis SA Magazine","article_publisher":"https:\/\/www.facebook.com\/PolisSAMagazine\/","article_published_time":"2023-03-22T07:00:00+00:00","article_modified_time":"2023-03-21T18:16:19+00:00","og_image":[{"width":700,"height":380,"url":"https:\/\/www.istitutogalanteoliva.it\/magazine\/wp-content\/uploads\/2023\/03\/Gabrielle_2023-02-10_0200Z-1.jpg","type":"image\/jpeg"}],"author":"Antonello Rivano","twitter_card":"summary_large_image","twitter_creator":"@MagazinePolis","twitter_site":"@MagazinePolis","twitter_misc":{"Scritto da":"Antonello Rivano","Tempo di lettura stimato":"3 minuti"},"schema":{"@context":"https:\/\/schema.org","@graph":[{"@type":"Article","@id":"https:\/\/www.istitutogalanteoliva.it\/magazine\/2023\/03\/22\/mondo-lontano-oriente-cicloni-a-nuove-latitudini\/#article","isPartOf":{"@id":"https:\/\/www.istitutogalanteoliva.it\/magazine\/2023\/03\/22\/mondo-lontano-oriente-cicloni-a-nuove-latitudini\/"},"author":{"name":"Antonello Rivano","@id":"https:\/\/www.istitutogalanteoliva.it\/magazine\/#\/schema\/person\/d8b8aa79cfe8babc1df9da3212a7c0c4"},"headline":"Mondo-Lontano Oriente. Cicloni a nuove latitudini","datePublished":"2023-03-22T07:00:00+00:00","dateModified":"2023-03-21T18:16:19+00:00","mainEntityOfPage":{"@id":"https:\/\/www.istitutogalanteoliva.it\/magazine\/2023\/03\/22\/mondo-lontano-oriente-cicloni-a-nuove-latitudini\/"},"wordCount":438,"publisher":{"@id":"https:\/\/www.istitutogalanteoliva.it\/magazine\/#organization"},"image":{"@id":"https:\/\/www.istitutogalanteoliva.it\/magazine\/2023\/03\/22\/mondo-lontano-oriente-cicloni-a-nuove-latitudini\/#primaryimage"},"thumbnailUrl":"https:\/\/www.istitutogalanteoliva.it\/magazine\/wp-content\/uploads\/2023\/03\/Gabrielle_2023-02-10_0200Z-1.jpg","keywords":["Lontano Oriente"],"articleSection":["2023","Mondo"],"inLanguage":"it-IT"},{"@type":"WebPage","@id":"https:\/\/www.istitutogalanteoliva.it\/magazine\/2023\/03\/22\/mondo-lontano-oriente-cicloni-a-nuove-latitudini\/","url":"https:\/\/www.istitutogalanteoliva.it\/magazine\/2023\/03\/22\/mondo-lontano-oriente-cicloni-a-nuove-latitudini\/","name":"Mondo-Lontano Oriente. Cicloni a nuove latitudini - Polis SA Magazine","isPartOf":{"@id":"https:\/\/www.istitutogalanteoliva.it\/magazine\/#website"},"primaryImageOfPage":{"@id":"https:\/\/www.istitutogalanteoliva.it\/magazine\/2023\/03\/22\/mondo-lontano-oriente-cicloni-a-nuove-latitudini\/#primaryimage"},"image":{"@id":"https:\/\/www.istitutogalanteoliva.it\/magazine\/2023\/03\/22\/mondo-lontano-oriente-cicloni-a-nuove-latitudini\/#primaryimage"},"thumbnailUrl":"https:\/\/www.istitutogalanteoliva.it\/magazine\/wp-content\/uploads\/2023\/03\/Gabrielle_2023-02-10_0200Z-1.jpg","datePublished":"2023-03-22T07:00:00+00:00","dateModified":"2023-03-21T18:16:19+00:00","breadcrumb":{"@id":"https:\/\/www.istitutogalanteoliva.it\/magazine\/2023\/03\/22\/mondo-lontano-oriente-cicloni-a-nuove-latitudini\/#breadcrumb"},"inLanguage":"it-IT","potentialAction":[{"@type":"ReadAction","target":["https:\/\/www.istitutogalanteoliva.it\/magazine\/2023\/03\/22\/mondo-lontano-oriente-cicloni-a-nuove-latitudini\/"]}]},{"@type":"ImageObject","inLanguage":"it-IT","@id":"https:\/\/www.istitutogalanteoliva.it\/magazine\/2023\/03\/22\/mondo-lontano-oriente-cicloni-a-nuove-latitudini\/#primaryimage","url":"https:\/\/www.istitutogalanteoliva.it\/magazine\/wp-content\/uploads\/2023\/03\/Gabrielle_2023-02-10_0200Z-1.jpg","contentUrl":"https:\/\/www.istitutogalanteoliva.it\/magazine\/wp-content\/uploads\/2023\/03\/Gabrielle_2023-02-10_0200Z-1.jpg","width":700,"height":380},{"@type":"BreadcrumbList","@id":"https:\/\/www.istitutogalanteoliva.it\/magazine\/2023\/03\/22\/mondo-lontano-oriente-cicloni-a-nuove-latitudini\/#breadcrumb","itemListElement":[{"@type":"ListItem","position":1,"name":"Home","item":"https:\/\/www.istitutogalanteoliva.it\/magazine\/"},{"@type":"ListItem","position":2,"name":"Mondo-Lontano Oriente. Cicloni a nuove latitudini"}]},{"@type":"WebSite","@id":"https:\/\/www.istitutogalanteoliva.it\/magazine\/#website","url":"https:\/\/www.istitutogalanteoliva.it\/magazine\/","name":"POLIS SA MAGAZINE","description":"Informazione e approfondimenti","publisher":{"@id":"https:\/\/www.istitutogalanteoliva.it\/magazine\/#organization"},"potentialAction":[{"@type":"SearchAction","target":{"@type":"EntryPoint","urlTemplate":"https:\/\/www.istitutogalanteoliva.it\/magazine\/?s={search_term_string}"},"query-input":{"@type":"PropertyValueSpecification","valueRequired":true,"valueName":"search_term_string"}}],"inLanguage":"it-IT"},{"@type":"Organization","@id":"https:\/\/www.istitutogalanteoliva.it\/magazine\/#organization","name":"Polis SA Magazine","url":"https:\/\/www.istitutogalanteoliva.it\/magazine\/","logo":{"@type":"ImageObject","inLanguage":"it-IT","@id":"https:\/\/www.istitutogalanteoliva.it\/magazine\/#\/schema\/logo\/image\/","url":"","contentUrl":"","caption":"Polis SA Magazine"},"image":{"@id":"https:\/\/www.istitutogalanteoliva.it\/magazine\/#\/schema\/logo\/image\/"},"sameAs":["https:\/\/www.facebook.com\/PolisSAMagazine\/","https:\/\/x.com\/MagazinePolis","https:\/\/www.youtube.com\/channel\/UCv0Mr5AHKUmsc0sEEXkJrgw"]},{"@type":"Person","@id":"https:\/\/www.istitutogalanteoliva.it\/magazine\/#\/schema\/person\/d8b8aa79cfe8babc1df9da3212a7c0c4","name":"Antonello Rivano","image":{"@type":"ImageObject","inLanguage":"it-IT","@id":"https:\/\/www.istitutogalanteoliva.it\/magazine\/#\/schema\/person\/image\/","url":"https:\/\/secure.gravatar.com\/avatar\/517a9a6487a7a18ecc4ce6d2e57a8f40?s=96&d=mm&r=g","contentUrl":"https:\/\/secure.gravatar.com\/avatar\/517a9a6487a7a18ecc4ce6d2e57a8f40?s=96&d=mm&r=g","caption":"Antonello Rivano"},"url":"https:\/\/www.istitutogalanteoliva.it\/magazine\/author\/antonello\/"}]}},"_links":{"self":[{"href":"https:\/\/www.istitutogalanteoliva.it\/magazine\/wp-json\/wp\/v2\/posts\/13424","targetHints":{"allow":["GET"]}}],"collection":[{"href":"https:\/\/www.istitutogalanteoliva.it\/magazine\/wp-json\/wp\/v2\/posts"}],"about":[{"href":"https:\/\/www.istitutogalanteoliva.it\/magazine\/wp-json\/wp\/v2\/types\/post"}],"author":[{"embeddable":true,"href":"https:\/\/www.istitutogalanteoliva.it\/magazine\/wp-json\/wp\/v2\/users\/2"}],"replies":[{"embeddable":true,"href":"https:\/\/www.istitutogalanteoliva.it\/magazine\/wp-json\/wp\/v2\/comments?post=13424"}],"version-history":[{"count":1,"href":"https:\/\/www.istitutogalanteoliva.it\/magazine\/wp-json\/wp\/v2\/posts\/13424\/revisions"}],"predecessor-version":[{"id":13427,"href":"https:\/\/www.istitutogalanteoliva.it\/magazine\/wp-json\/wp\/v2\/posts\/13424\/revisions\/13427"}],"wp:featuredmedia":[{"embeddable":true,"href":"https:\/\/www.istitutogalanteoliva.it\/magazine\/wp-json\/wp\/v2\/media\/13426"}],"wp:attachment":[{"href":"https:\/\/www.istitutogalanteoliva.it\/magazine\/wp-json\/wp\/v2\/media?parent=13424"}],"wp:term":[{"taxonomy":"category","embeddable":true,"href":"https:\/\/www.istitutogalanteoliva.it\/magazine\/wp-json\/wp\/v2\/categories?post=13424"},{"taxonomy":"post_tag","embeddable":true,"href":"https:\/\/www.istitutogalanteoliva.it\/magazine\/wp-json\/wp\/v2\/tags?post=13424"}],"curies":[{"name":"wp","href":"https:\/\/api.w.org\/{rel}","templated":true}]}}