{"id":13428,"date":"2023-03-26T12:11:57","date_gmt":"2023-03-26T10:11:57","guid":{"rendered":"https:\/\/www.istitutogalanteoliva.it\/magazine\/?p=13428"},"modified":"2023-03-26T13:15:08","modified_gmt":"2023-03-26T11:15:08","slug":"autonomia-differenziata-pure-no","status":"publish","type":"post","link":"https:\/\/www.istitutogalanteoliva.it\/magazine\/2023\/03\/26\/autonomia-differenziata-pure-no\/","title":{"rendered":"Autonomia differenziata, pure NO!"},"content":{"rendered":"\n<p><strong><em>Di Mimmo Oliva<\/em><\/strong><br><\/p>\n\n\n\n<p>Dopo qualche trentennio di sottotraccia, l\u2019autonomia differenziata riprende corpo a partire dagli anni<br>novanta. Si cominci\u00f2 a smantellare il mondo del lavoro, poi la sanit\u00e0, poi la scuola e adesso tutto il resto.<br>Nulla di nuovo se consideriamo che tra il 1954 e il 1969 furono \u201cinventate\u201d le gabbie salariali, un sistema di calcolo dei salari che metteva in relazione le retribuzioni con determinati parametri, ad esempio, il costo<br>della vita in un determinato luogo. Ci fu bisogno di anni di lotte per eliminare quella che possiamo<br>tranquillamente considerare come una della pi\u00f9 grandi distorsioni sociali della nostra Repubblica.<br>Adesso, in maniera decisa e trasversale, viene fuori concretamente l\u2019autonomia differenziata, e ci<br>viene proposta (se non imposta) in un momento storico di grande depauperamento e svuotamento del<br>Sud, sotto l\u2019aspetto del capitale sociale sia economico.<br>Se consideriamo solo queste due condizioni non ci resta pensare che costruire un\u2019analisi e una<br>contrapposizione all\u2019attuazione dell\u2019autonomia differenziata \u00e8 complicata.<br>La domanda quindi \u00e8: questo SUD \u00e8 in grado di bloccare i processi in atto?<\/p>\n\n\n\n<figure class=\"wp-block-image size-large is-resized\"><img loading=\"lazy\" decoding=\"async\" src=\"https:\/\/www.istitutogalanteoliva.it\/magazine\/wp-content\/uploads\/2023\/03\/Immagine-WhatsApp-2023-03-25-ore-19.42.50-1024x576.jpg\" alt=\"\" class=\"wp-image-13429\" width=\"585\" height=\"328\" srcset=\"https:\/\/www.istitutogalanteoliva.it\/magazine\/wp-content\/uploads\/2023\/03\/Immagine-WhatsApp-2023-03-25-ore-19.42.50-1024x576.jpg 1024w, https:\/\/www.istitutogalanteoliva.it\/magazine\/wp-content\/uploads\/2023\/03\/Immagine-WhatsApp-2023-03-25-ore-19.42.50-300x169.jpg 300w, https:\/\/www.istitutogalanteoliva.it\/magazine\/wp-content\/uploads\/2023\/03\/Immagine-WhatsApp-2023-03-25-ore-19.42.50-768x432.jpg 768w, https:\/\/www.istitutogalanteoliva.it\/magazine\/wp-content\/uploads\/2023\/03\/Immagine-WhatsApp-2023-03-25-ore-19.42.50-1536x864.jpg 1536w, https:\/\/www.istitutogalanteoliva.it\/magazine\/wp-content\/uploads\/2023\/03\/Immagine-WhatsApp-2023-03-25-ore-19.42.50.jpg 1599w\" sizes=\"auto, (max-width: 585px) 100vw, 585px\" \/><\/figure>\n\n\n\n<p><br>Hanno tentato di darne risposta a Nocera Inferiore, in quello che possiamo considerare un primo step, il dott. Antonio Mirabella, Mimmo Oliva, il dott. Gianni Iuliano, Sonia Angrisani, il Prof. Massimo Villone,<br>Lorenzo Guarnaccia.<br>Dopo la discussione \u00e8 risultato chiaro il NO all\u2019autonomia differenziata avviando una mobilitazione<br>nazionale contro il disegno di legge che potrebbe inevitabilmente portare alla disgregazione dell\u2019Unit\u00e0<br>d\u2019Italia<\/p>\n\n\n\n<p><img loading=\"lazy\" decoding=\"async\" width=\"100\" height=\"95\" class=\"wp-image-5807\" style=\"width: 100px;\" src=\"https:\/\/www.istitutogalanteoliva.it\/magazine\/wp-content\/uploads\/2021\/02\/Senza-titolo-1-7.jpg\" alt=\"\"><em><a href=\"https:\/\/www.istitutogalanteoliva.it\/magazine\/?s=mimmo+oliva\" target=\"_blank\" rel=\"noreferrer noopener\">Mimmo Oliva <\/a><\/em><br><sup>Direttore editoriale Polis SA Edizioni<\/sup><\/p>\n<div class=\"pdfprnt-buttons pdfprnt-buttons-post pdfprnt-bottom-left\"><a href=\"https:\/\/www.istitutogalanteoliva.it\/magazine\/wp-json\/wp\/v2\/posts\/13428?print=print\" class=\"pdfprnt-button pdfprnt-button-print\" target=\"_blank\"><img decoding=\"async\" src=\"https:\/\/www.istitutogalanteoliva.it\/magazine\/wp-content\/plugins\/pdf-print\/images\/print.png\" alt=\"image_print\" title=\"Stampa contenuto\" \/><span class=\"pdfprnt-button-title pdfprnt-button-print-title\">Download in PDF<\/span><\/a><\/div>","protected":false},"excerpt":{"rendered":"<p> L\u2019autonomia differenziata, e ci<br \/>\nviene proposta (se non imposta) in un momento storico di grande depauperamento e svuotamento del Sud, sotto l\u2019aspetto del capitale sociale sia economico.<\/p>\n","protected":false},"author":2,"featured_media":13430,"comment_status":"closed","ping_status":"open","sticky":true,"template":"","format":"standard","meta":{"footnotes":""},"categories":[731,254],"tags":[785,608],"class_list":["post-13428","post","type-post","status-publish","format-standard","has-post-thumbnail","hentry","category-731","category-attualita","tag-autonomia-differenziata","tag-nocera-inferiore"],"yoast_head":"<!-- This site is optimized with the Yoast SEO plugin v24.2 - https:\/\/yoast.com\/wordpress\/plugins\/seo\/ -->\n<title>Autonomia differenziata, pure NO! - Polis SA Magazine<\/title>\n<meta name=\"robots\" content=\"index, follow, max-snippet:-1, max-image-preview:large, max-video-preview:-1\" \/>\n<link rel=\"canonical\" href=\"https:\/\/www.istitutogalanteoliva.it\/magazine\/2023\/03\/26\/autonomia-differenziata-pure-no\/\" \/>\n<meta property=\"og:locale\" content=\"it_IT\" \/>\n<meta property=\"og:type\" content=\"article\" \/>\n<meta property=\"og:title\" content=\"Autonomia differenziata, pure NO! - Polis SA Magazine\" \/>\n<meta property=\"og:description\" content=\"L\u2019autonomia differenziata, e ci viene proposta (se non imposta) in un momento storico di grande depauperamento e svuotamento del Sud, sotto l\u2019aspetto del capitale sociale sia economico.\" \/>\n<meta property=\"og:url\" content=\"https:\/\/www.istitutogalanteoliva.it\/magazine\/2023\/03\/26\/autonomia-differenziata-pure-no\/\" \/>\n<meta property=\"og:site_name\" content=\"Polis SA Magazine\" \/>\n<meta property=\"article:publisher\" content=\"https:\/\/www.facebook.com\/PolisSAMagazine\/\" \/>\n<meta property=\"article:published_time\" content=\"2023-03-26T10:11:57+00:00\" \/>\n<meta property=\"article:modified_time\" content=\"2023-03-26T11:15:08+00:00\" \/>\n<meta property=\"og:image\" content=\"https:\/\/www.istitutogalanteoliva.it\/magazine\/wp-content\/uploads\/2023\/03\/Immagine-WhatsApp-2023-03-25-ore-19.42.26.jpg\" \/>\n\t<meta property=\"og:image:width\" content=\"700\" \/>\n\t<meta property=\"og:image:height\" content=\"380\" \/>\n\t<meta property=\"og:image:type\" content=\"image\/jpeg\" \/>\n<meta name=\"author\" content=\"Antonello Rivano\" \/>\n<meta name=\"twitter:card\" content=\"summary_large_image\" \/>\n<meta name=\"twitter:creator\" content=\"@MagazinePolis\" \/>\n<meta name=\"twitter:site\" content=\"@MagazinePolis\" \/>\n<meta name=\"twitter:label1\" content=\"Scritto da\" \/>\n\t<meta name=\"twitter:data1\" content=\"Antonello Rivano\" \/>\n\t<meta name=\"twitter:label2\" content=\"Tempo di lettura stimato\" \/>\n\t<meta name=\"twitter:data2\" content=\"2 minuti\" \/>\n<script type=\"application\/ld+json\" class=\"yoast-schema-graph\">{\"@context\":\"https:\/\/schema.org\",\"@graph\":[{\"@type\":\"Article\",\"@id\":\"https:\/\/www.istitutogalanteoliva.it\/magazine\/2023\/03\/26\/autonomia-differenziata-pure-no\/#article\",\"isPartOf\":{\"@id\":\"https:\/\/www.istitutogalanteoliva.it\/magazine\/2023\/03\/26\/autonomia-differenziata-pure-no\/\"},\"author\":{\"name\":\"Antonello Rivano\",\"@id\":\"https:\/\/www.istitutogalanteoliva.it\/magazine\/#\/schema\/person\/d8b8aa79cfe8babc1df9da3212a7c0c4\"},\"headline\":\"Autonomia differenziata, pure NO!\",\"datePublished\":\"2023-03-26T10:11:57+00:00\",\"dateModified\":\"2023-03-26T11:15:08+00:00\",\"mainEntityOfPage\":{\"@id\":\"https:\/\/www.istitutogalanteoliva.it\/magazine\/2023\/03\/26\/autonomia-differenziata-pure-no\/\"},\"wordCount\":235,\"publisher\":{\"@id\":\"https:\/\/www.istitutogalanteoliva.it\/magazine\/#organization\"},\"image\":{\"@id\":\"https:\/\/www.istitutogalanteoliva.it\/magazine\/2023\/03\/26\/autonomia-differenziata-pure-no\/#primaryimage\"},\"thumbnailUrl\":\"https:\/\/www.istitutogalanteoliva.it\/magazine\/wp-content\/uploads\/2023\/03\/Immagine-WhatsApp-2023-03-25-ore-19.42.26.jpg\",\"keywords\":[\"Autonomia differenziata\",\"Nocera inferiore\"],\"articleSection\":[\"2023\",\"Attualit\u00e0\"],\"inLanguage\":\"it-IT\"},{\"@type\":\"WebPage\",\"@id\":\"https:\/\/www.istitutogalanteoliva.it\/magazine\/2023\/03\/26\/autonomia-differenziata-pure-no\/\",\"url\":\"https:\/\/www.istitutogalanteoliva.it\/magazine\/2023\/03\/26\/autonomia-differenziata-pure-no\/\",\"name\":\"Autonomia differenziata, pure NO! - Polis SA Magazine\",\"isPartOf\":{\"@id\":\"https:\/\/www.istitutogalanteoliva.it\/magazine\/#website\"},\"primaryImageOfPage\":{\"@id\":\"https:\/\/www.istitutogalanteoliva.it\/magazine\/2023\/03\/26\/autonomia-differenziata-pure-no\/#primaryimage\"},\"image\":{\"@id\":\"https:\/\/www.istitutogalanteoliva.it\/magazine\/2023\/03\/26\/autonomia-differenziata-pure-no\/#primaryimage\"},\"thumbnailUrl\":\"https:\/\/www.istitutogalanteoliva.it\/magazine\/wp-content\/uploads\/2023\/03\/Immagine-WhatsApp-2023-03-25-ore-19.42.26.jpg\",\"datePublished\":\"2023-03-26T10:11:57+00:00\",\"dateModified\":\"2023-03-26T11:15:08+00:00\",\"breadcrumb\":{\"@id\":\"https:\/\/www.istitutogalanteoliva.it\/magazine\/2023\/03\/26\/autonomia-differenziata-pure-no\/#breadcrumb\"},\"inLanguage\":\"it-IT\",\"potentialAction\":[{\"@type\":\"ReadAction\",\"target\":[\"https:\/\/www.istitutogalanteoliva.it\/magazine\/2023\/03\/26\/autonomia-differenziata-pure-no\/\"]}]},{\"@type\":\"ImageObject\",\"inLanguage\":\"it-IT\",\"@id\":\"https:\/\/www.istitutogalanteoliva.it\/magazine\/2023\/03\/26\/autonomia-differenziata-pure-no\/#primaryimage\",\"url\":\"https:\/\/www.istitutogalanteoliva.it\/magazine\/wp-content\/uploads\/2023\/03\/Immagine-WhatsApp-2023-03-25-ore-19.42.26.jpg\",\"contentUrl\":\"https:\/\/www.istitutogalanteoliva.it\/magazine\/wp-content\/uploads\/2023\/03\/Immagine-WhatsApp-2023-03-25-ore-19.42.26.jpg\",\"width\":700,\"height\":380},{\"@type\":\"BreadcrumbList\",\"@id\":\"https:\/\/www.istitutogalanteoliva.it\/magazine\/2023\/03\/26\/autonomia-differenziata-pure-no\/#breadcrumb\",\"itemListElement\":[{\"@type\":\"ListItem\",\"position\":1,\"name\":\"Home\",\"item\":\"https:\/\/www.istitutogalanteoliva.it\/magazine\/\"},{\"@type\":\"ListItem\",\"position\":2,\"name\":\"Autonomia differenziata, pure NO!\"}]},{\"@type\":\"WebSite\",\"@id\":\"https:\/\/www.istitutogalanteoliva.it\/magazine\/#website\",\"url\":\"https:\/\/www.istitutogalanteoliva.it\/magazine\/\",\"name\":\"POLIS SA MAGAZINE\",\"description\":\"Informazione e approfondimenti\",\"publisher\":{\"@id\":\"https:\/\/www.istitutogalanteoliva.it\/magazine\/#organization\"},\"potentialAction\":[{\"@type\":\"SearchAction\",\"target\":{\"@type\":\"EntryPoint\",\"urlTemplate\":\"https:\/\/www.istitutogalanteoliva.it\/magazine\/?s={search_term_string}\"},\"query-input\":{\"@type\":\"PropertyValueSpecification\",\"valueRequired\":true,\"valueName\":\"search_term_string\"}}],\"inLanguage\":\"it-IT\"},{\"@type\":\"Organization\",\"@id\":\"https:\/\/www.istitutogalanteoliva.it\/magazine\/#organization\",\"name\":\"Polis SA Magazine\",\"url\":\"https:\/\/www.istitutogalanteoliva.it\/magazine\/\",\"logo\":{\"@type\":\"ImageObject\",\"inLanguage\":\"it-IT\",\"@id\":\"https:\/\/www.istitutogalanteoliva.it\/magazine\/#\/schema\/logo\/image\/\",\"url\":\"\",\"contentUrl\":\"\",\"caption\":\"Polis SA Magazine\"},\"image\":{\"@id\":\"https:\/\/www.istitutogalanteoliva.it\/magazine\/#\/schema\/logo\/image\/\"},\"sameAs\":[\"https:\/\/www.facebook.com\/PolisSAMagazine\/\",\"https:\/\/x.com\/MagazinePolis\",\"https:\/\/www.youtube.com\/channel\/UCv0Mr5AHKUmsc0sEEXkJrgw\"]},{\"@type\":\"Person\",\"@id\":\"https:\/\/www.istitutogalanteoliva.it\/magazine\/#\/schema\/person\/d8b8aa79cfe8babc1df9da3212a7c0c4\",\"name\":\"Antonello Rivano\",\"image\":{\"@type\":\"ImageObject\",\"inLanguage\":\"it-IT\",\"@id\":\"https:\/\/www.istitutogalanteoliva.it\/magazine\/#\/schema\/person\/image\/\",\"url\":\"https:\/\/secure.gravatar.com\/avatar\/517a9a6487a7a18ecc4ce6d2e57a8f40?s=96&d=mm&r=g\",\"contentUrl\":\"https:\/\/secure.gravatar.com\/avatar\/517a9a6487a7a18ecc4ce6d2e57a8f40?s=96&d=mm&r=g\",\"caption\":\"Antonello Rivano\"},\"url\":\"https:\/\/www.istitutogalanteoliva.it\/magazine\/author\/antonello\/\"}]}<\/script>\n<!-- \/ Yoast SEO plugin. -->","yoast_head_json":{"title":"Autonomia differenziata, pure NO! - Polis SA Magazine","robots":{"index":"index","follow":"follow","max-snippet":"max-snippet:-1","max-image-preview":"max-image-preview:large","max-video-preview":"max-video-preview:-1"},"canonical":"https:\/\/www.istitutogalanteoliva.it\/magazine\/2023\/03\/26\/autonomia-differenziata-pure-no\/","og_locale":"it_IT","og_type":"article","og_title":"Autonomia differenziata, pure NO! - Polis SA Magazine","og_description":"L\u2019autonomia differenziata, e ci viene proposta (se non imposta) in un momento storico di grande depauperamento e svuotamento del Sud, sotto l\u2019aspetto del capitale sociale sia economico.","og_url":"https:\/\/www.istitutogalanteoliva.it\/magazine\/2023\/03\/26\/autonomia-differenziata-pure-no\/","og_site_name":"Polis SA Magazine","article_publisher":"https:\/\/www.facebook.com\/PolisSAMagazine\/","article_published_time":"2023-03-26T10:11:57+00:00","article_modified_time":"2023-03-26T11:15:08+00:00","og_image":[{"width":700,"height":380,"url":"https:\/\/www.istitutogalanteoliva.it\/magazine\/wp-content\/uploads\/2023\/03\/Immagine-WhatsApp-2023-03-25-ore-19.42.26.jpg","type":"image\/jpeg"}],"author":"Antonello Rivano","twitter_card":"summary_large_image","twitter_creator":"@MagazinePolis","twitter_site":"@MagazinePolis","twitter_misc":{"Scritto da":"Antonello Rivano","Tempo di lettura stimato":"2 minuti"},"schema":{"@context":"https:\/\/schema.org","@graph":[{"@type":"Article","@id":"https:\/\/www.istitutogalanteoliva.it\/magazine\/2023\/03\/26\/autonomia-differenziata-pure-no\/#article","isPartOf":{"@id":"https:\/\/www.istitutogalanteoliva.it\/magazine\/2023\/03\/26\/autonomia-differenziata-pure-no\/"},"author":{"name":"Antonello Rivano","@id":"https:\/\/www.istitutogalanteoliva.it\/magazine\/#\/schema\/person\/d8b8aa79cfe8babc1df9da3212a7c0c4"},"headline":"Autonomia differenziata, pure NO!","datePublished":"2023-03-26T10:11:57+00:00","dateModified":"2023-03-26T11:15:08+00:00","mainEntityOfPage":{"@id":"https:\/\/www.istitutogalanteoliva.it\/magazine\/2023\/03\/26\/autonomia-differenziata-pure-no\/"},"wordCount":235,"publisher":{"@id":"https:\/\/www.istitutogalanteoliva.it\/magazine\/#organization"},"image":{"@id":"https:\/\/www.istitutogalanteoliva.it\/magazine\/2023\/03\/26\/autonomia-differenziata-pure-no\/#primaryimage"},"thumbnailUrl":"https:\/\/www.istitutogalanteoliva.it\/magazine\/wp-content\/uploads\/2023\/03\/Immagine-WhatsApp-2023-03-25-ore-19.42.26.jpg","keywords":["Autonomia differenziata","Nocera inferiore"],"articleSection":["2023","Attualit\u00e0"],"inLanguage":"it-IT"},{"@type":"WebPage","@id":"https:\/\/www.istitutogalanteoliva.it\/magazine\/2023\/03\/26\/autonomia-differenziata-pure-no\/","url":"https:\/\/www.istitutogalanteoliva.it\/magazine\/2023\/03\/26\/autonomia-differenziata-pure-no\/","name":"Autonomia differenziata, pure NO! - Polis SA Magazine","isPartOf":{"@id":"https:\/\/www.istitutogalanteoliva.it\/magazine\/#website"},"primaryImageOfPage":{"@id":"https:\/\/www.istitutogalanteoliva.it\/magazine\/2023\/03\/26\/autonomia-differenziata-pure-no\/#primaryimage"},"image":{"@id":"https:\/\/www.istitutogalanteoliva.it\/magazine\/2023\/03\/26\/autonomia-differenziata-pure-no\/#primaryimage"},"thumbnailUrl":"https:\/\/www.istitutogalanteoliva.it\/magazine\/wp-content\/uploads\/2023\/03\/Immagine-WhatsApp-2023-03-25-ore-19.42.26.jpg","datePublished":"2023-03-26T10:11:57+00:00","dateModified":"2023-03-26T11:15:08+00:00","breadcrumb":{"@id":"https:\/\/www.istitutogalanteoliva.it\/magazine\/2023\/03\/26\/autonomia-differenziata-pure-no\/#breadcrumb"},"inLanguage":"it-IT","potentialAction":[{"@type":"ReadAction","target":["https:\/\/www.istitutogalanteoliva.it\/magazine\/2023\/03\/26\/autonomia-differenziata-pure-no\/"]}]},{"@type":"ImageObject","inLanguage":"it-IT","@id":"https:\/\/www.istitutogalanteoliva.it\/magazine\/2023\/03\/26\/autonomia-differenziata-pure-no\/#primaryimage","url":"https:\/\/www.istitutogalanteoliva.it\/magazine\/wp-content\/uploads\/2023\/03\/Immagine-WhatsApp-2023-03-25-ore-19.42.26.jpg","contentUrl":"https:\/\/www.istitutogalanteoliva.it\/magazine\/wp-content\/uploads\/2023\/03\/Immagine-WhatsApp-2023-03-25-ore-19.42.26.jpg","width":700,"height":380},{"@type":"BreadcrumbList","@id":"https:\/\/www.istitutogalanteoliva.it\/magazine\/2023\/03\/26\/autonomia-differenziata-pure-no\/#breadcrumb","itemListElement":[{"@type":"ListItem","position":1,"name":"Home","item":"https:\/\/www.istitutogalanteoliva.it\/magazine\/"},{"@type":"ListItem","position":2,"name":"Autonomia differenziata, pure NO!"}]},{"@type":"WebSite","@id":"https:\/\/www.istitutogalanteoliva.it\/magazine\/#website","url":"https:\/\/www.istitutogalanteoliva.it\/magazine\/","name":"POLIS SA MAGAZINE","description":"Informazione e approfondimenti","publisher":{"@id":"https:\/\/www.istitutogalanteoliva.it\/magazine\/#organization"},"potentialAction":[{"@type":"SearchAction","target":{"@type":"EntryPoint","urlTemplate":"https:\/\/www.istitutogalanteoliva.it\/magazine\/?s={search_term_string}"},"query-input":{"@type":"PropertyValueSpecification","valueRequired":true,"valueName":"search_term_string"}}],"inLanguage":"it-IT"},{"@type":"Organization","@id":"https:\/\/www.istitutogalanteoliva.it\/magazine\/#organization","name":"Polis SA Magazine","url":"https:\/\/www.istitutogalanteoliva.it\/magazine\/","logo":{"@type":"ImageObject","inLanguage":"it-IT","@id":"https:\/\/www.istitutogalanteoliva.it\/magazine\/#\/schema\/logo\/image\/","url":"","contentUrl":"","caption":"Polis SA Magazine"},"image":{"@id":"https:\/\/www.istitutogalanteoliva.it\/magazine\/#\/schema\/logo\/image\/"},"sameAs":["https:\/\/www.facebook.com\/PolisSAMagazine\/","https:\/\/x.com\/MagazinePolis","https:\/\/www.youtube.com\/channel\/UCv0Mr5AHKUmsc0sEEXkJrgw"]},{"@type":"Person","@id":"https:\/\/www.istitutogalanteoliva.it\/magazine\/#\/schema\/person\/d8b8aa79cfe8babc1df9da3212a7c0c4","name":"Antonello Rivano","image":{"@type":"ImageObject","inLanguage":"it-IT","@id":"https:\/\/www.istitutogalanteoliva.it\/magazine\/#\/schema\/person\/image\/","url":"https:\/\/secure.gravatar.com\/avatar\/517a9a6487a7a18ecc4ce6d2e57a8f40?s=96&d=mm&r=g","contentUrl":"https:\/\/secure.gravatar.com\/avatar\/517a9a6487a7a18ecc4ce6d2e57a8f40?s=96&d=mm&r=g","caption":"Antonello Rivano"},"url":"https:\/\/www.istitutogalanteoliva.it\/magazine\/author\/antonello\/"}]}},"_links":{"self":[{"href":"https:\/\/www.istitutogalanteoliva.it\/magazine\/wp-json\/wp\/v2\/posts\/13428","targetHints":{"allow":["GET"]}}],"collection":[{"href":"https:\/\/www.istitutogalanteoliva.it\/magazine\/wp-json\/wp\/v2\/posts"}],"about":[{"href":"https:\/\/www.istitutogalanteoliva.it\/magazine\/wp-json\/wp\/v2\/types\/post"}],"author":[{"embeddable":true,"href":"https:\/\/www.istitutogalanteoliva.it\/magazine\/wp-json\/wp\/v2\/users\/2"}],"replies":[{"embeddable":true,"href":"https:\/\/www.istitutogalanteoliva.it\/magazine\/wp-json\/wp\/v2\/comments?post=13428"}],"version-history":[{"count":3,"href":"https:\/\/www.istitutogalanteoliva.it\/magazine\/wp-json\/wp\/v2\/posts\/13428\/revisions"}],"predecessor-version":[{"id":13433,"href":"https:\/\/www.istitutogalanteoliva.it\/magazine\/wp-json\/wp\/v2\/posts\/13428\/revisions\/13433"}],"wp:featuredmedia":[{"embeddable":true,"href":"https:\/\/www.istitutogalanteoliva.it\/magazine\/wp-json\/wp\/v2\/media\/13430"}],"wp:attachment":[{"href":"https:\/\/www.istitutogalanteoliva.it\/magazine\/wp-json\/wp\/v2\/media?parent=13428"}],"wp:term":[{"taxonomy":"category","embeddable":true,"href":"https:\/\/www.istitutogalanteoliva.it\/magazine\/wp-json\/wp\/v2\/categories?post=13428"},{"taxonomy":"post_tag","embeddable":true,"href":"https:\/\/www.istitutogalanteoliva.it\/magazine\/wp-json\/wp\/v2\/tags?post=13428"}],"curies":[{"name":"wp","href":"https:\/\/api.w.org\/{rel}","templated":true}]}}