{"id":13454,"date":"2023-03-30T17:07:26","date_gmt":"2023-03-30T15:07:26","guid":{"rendered":"https:\/\/www.istitutogalanteoliva.it\/magazine\/?p=13454"},"modified":"2023-03-30T17:08:03","modified_gmt":"2023-03-30T15:08:03","slug":"libro-di-gabriella-naddeo-a-salerno","status":"publish","type":"post","link":"https:\/\/www.istitutogalanteoliva.it\/magazine\/2023\/03\/30\/libro-di-gabriella-naddeo-a-salerno\/","title":{"rendered":"Libro di Gabriella Naddeo a Salerno"},"content":{"rendered":"\n<p><strong><em>Di Anna Maria Noia <\/em><\/strong><\/p>\n\n\n\n<p><em>Conoscere Gabriella Naddeo, per chi scrive, \u00e8 stato un dono del Cielo \u2013 un privilegio: una persona molto positiva e con un bagaglio \u2013 culturale ed esperienziale \u2013 davvero notevole. Incontrata, per caso, al telefono, al momento giusto ed opportuno. Salernitana, classe 1970, laurea in Lettere Moderne. \u00c8 una professionista molto conosciuta, nella sua citt\u00e0. Qui svolge l\u2019attivit\u00e0 di segretaria personale del dentista Gianfranco Aiello.<\/em> <strong>La Naddeo \u00e8 davvero un fiume in piena, la sua parlantina \u00e8 frizzante e giovanile \u2013 come il suo animo poetico. Alla stregua di un \u201cfanciullino\u201d pascoliano. Venerd\u00ec 31 marzo, alle ore 19.30, la Naddeo \u2013 o, per meglio dire: \u201cestempoGabriella\u201d, nickname o nome d\u2019arte di tale eclettica e vulcanica scrittrice \u2013 sar\u00e0 intervistata in diretta. Dalla giornalista Luciana Mauro, assieme a Vicente Barra \u2013 chirurgo ortopedico e scrittore. Sar\u00e0 presente anche il creativo e designer Francesco Galdo \u2013 autore della copertina del volume \u201cSfogliami\/spogliami\u201d \u2013 ultima \u201cfatica letteraria\u201d di \u201cestempoGabriella\u201d (calembour per Es tempo, in Spagnolo). Dove? \u00c8 presto detto: dinanzi allo sfondo scenografico del teatro \u201cSanta Margherita\u201d, a Salerno (in via D\u2019Allora). Ingresso libero. La struttura propaga l\u2019arte teatrale e\/o diffonde la cultura sia drammaturgica (drammaturgia emergente e\/o \u201cclassica\u201d) che letteraria o poetica. Grazie ai pregevoli appuntamenti della rassegna \u201cIl libro in teatro\u201d, curata dal sodalizio \u201cScriptorium\u201d (referente: Luciana Mauro) e dallo staff di questo centro (nevralgico) salernitano \u2013 particolarmente dal responsabile Lello Casella. Letture di Lello Casella stesso, nonch\u00e9 di Barbara Frusciante &#8211; docente ed attrice salernitana. Musiche di e su brani cantati da Laura Pausini, molto amata da Gabriella Naddeo.<\/strong><\/p>\n\n\n\n<figure class=\"wp-block-image size-large\"><img loading=\"lazy\" decoding=\"async\" width=\"1024\" height=\"488\" src=\"https:\/\/www.istitutogalanteoliva.it\/magazine\/wp-content\/uploads\/2023\/03\/Foto-Gabriella-Naddeo-Noia-Salerno-num-2-1024x488.jpg\" alt=\"\" class=\"wp-image-13455\" srcset=\"https:\/\/www.istitutogalanteoliva.it\/magazine\/wp-content\/uploads\/2023\/03\/Foto-Gabriella-Naddeo-Noia-Salerno-num-2-1024x488.jpg 1024w, https:\/\/www.istitutogalanteoliva.it\/magazine\/wp-content\/uploads\/2023\/03\/Foto-Gabriella-Naddeo-Noia-Salerno-num-2-300x143.jpg 300w, https:\/\/www.istitutogalanteoliva.it\/magazine\/wp-content\/uploads\/2023\/03\/Foto-Gabriella-Naddeo-Noia-Salerno-num-2-768x366.jpg 768w, https:\/\/www.istitutogalanteoliva.it\/magazine\/wp-content\/uploads\/2023\/03\/Foto-Gabriella-Naddeo-Noia-Salerno-num-2.jpg 1512w\" sizes=\"auto, (max-width: 1024px) 100vw, 1024px\" \/><\/figure>\n\n\n\n<p> La scrittrice presenta, dunque, una delle sue pubblicazioni \u2013 l\u2019ultima, in ordine di tempo. <em>La storia dei pi\u00f9 recenti suoi libri \u00e8 particolare, va raccontata. Sintomo di un animo stupefatto, di fronte allo spettacolo della natura \u2013 e delle bellezze che ci attorniano, ma che non siamo capaci di cogliere appieno \u2013 la versatilit\u00e0 delle opere della Naddeo risiede nei frequenti giochi di parole; in quello che viene spesso definito: \u201cil gusto della parola\u201d (ricordando, un po\u2019, il vate D\u2019Annunzio). E che per lei non significa affatto \u201cverseggiare\u201d, tutt\u2019altro: le sue intenzioni convertono sulla produzione di vera e propria Poesia \u2013 soltanto attraverso la maturit\u00e0 della padronanza linguistica. Frutto della malleabilit\u00e0 di sintagmi e grafemi, che emergono dalla propria poetica e aforistica \u2013 rilasciando concetti reali, mai banali, veraci, vivaci. <\/em>La sua avventura letteraria parte s\u00ec da lontano \u2013 al telefono ci ha rivelato di aver iniziato a scrivere (mettendo su pagina tanti pensieri\u2026 \u201cspersi\u201d) gi\u00e0 da adolescente \u2013 ma si concretizza e si cristallizza in anni recentissimi: il periodo della pandemia, considerato \u201ccritico\u201d (nel senso etimologico, per\u00f2). Un periodo di fermenti, a ribollir nell\u2019animo sensibile e poliedrico di questa donna. Le evocazioni (ricordando Proust) e le epifanie (citando, invece, Joyce) di questa donna molto elegante, gentile, femminile (gi\u00e0 da come ha discorso con noi al telefono, per moltissimo tempo, lo si comprende) si sono materializzate e sviluppate \u2013 poi sono cresciute \u2013 a partire dal 2020. <strong><em>Allorquando la Nostra ha sentito impellente l\u2019urgenza e l\u2019impellenza di gettar gi\u00f9 parole e concetti solo in apparenza \u201cslegati\u201d. Tutto nasce dal lavoro di Gabriella Naddeo, in quel misterico 2020. Nella societ\u00e0 del Covid. Galeotto un viaggio in Calabria, intrapreso allo scopo di ricaricarsi dalla professione \u2013 non in lavoro agile o smart working, bens\u00ec nel suo studio salernitano. Con la voglia di staccare. Di andare a capo (vertere, in Latino; strophein, in Greco antico). Ed \u00e8 proprio grazie al viaggio verso la terra degli antichi Ausoni \u2013 una delle popolazioni italiche che si insediarono in Calabria \u2013 che la Nostra comincia a osservare con occhi diversi (come mai aveva osato fare, prima dell\u2019avvento del Coronavirus sul pianeta Terra) il tramonto che penetrava dal finestrino. \u00c8 stato un attimo. Come riscossa da un torpore atavico \u2013 ci ha confidato telefonicamente \u2013 ha cominciato ad associare le emozioni alle parole, dapprima, nella sua mente. Senza poterle \u2013 o, forse, volerle \u2013 annotare su di un taccuino. Poi, largo ad aforismi, frasi, pensieri; quasi poesie \u2013 bench\u00e9 pi\u00f9 \u201cprosaiche\u201d. Mai prive di giochi di parole. Conversando \u2013 in maniera proprio piacevole, aggiungerei \u2013 ella ha affrontato la cronistoria dei suoi tre libri, sorti appunto dal tramonto \u201citinerante\u201d che ha notato raggiungendo la Calabria. Proprio il pi\u00f9 \u201cfresco\u201d e recente verr\u00e0 illustrato venerd\u00ec, al teatro della localit\u00e0 Pastena. \u201cParole raccontate e mai scontate\u201d, questo il tema\u2026 \u201cspecifico\u201d dell\u2019incontro. Durante cui l\u2019autrice dialogher\u00e0 \u2013 come succitato \u2013 con l\u2019amica cronista Luciana Mauro, con Casella e con gli altri ospiti. Non mancheranno, anzi sono caldamente e vivamente sollecitati, interventi da parte del pubblico.<\/em><\/strong> Che potr\u00e0 interagire con la scrittrice, porgendo opportunamente domande e saziando la sua curiosit\u00e0. Sciogliendo dubbi e incertezze. Da quanto emerge dalla chiacchierata \u2013 non una chat impersonale, ma un confronto ampio e sereno; disteso (a chi scrive si \u00e8 aperto \u2013 davvero \u2013 un mondo, discorrendo con l\u2019autrice) \u2013 la Naddeo ha molta fede, in s\u00e9 stessa e in un Essere superiore: il Signore Iddio. <strong>Avere, finalmente, fiducia in s\u00e9 stessa nasce dalla \u201cterapia\u201d della scrittura: Gabriella Naddeo \u00e8 divenuta \u2013 man mano \u2013 pi\u00f9 sicura, decisa e \u201cfemminile\u201d (fatta donna) grazie all\u2019espediente dell\u2019annotare sensazioni, emozioni, frammenti di vita sui fogli. Avremmo voluto che la Nostra rispondesse a delle domande, da noi poste all\u2019uopo, in cui emergessero delle riflessioni sul \u201csenso della scrittura e della lettura\u201d nella societ\u00e0 odierna \u2013 convulsa e frenetica. Invece, l\u2019intervista \u00e8 andata oltre, si \u00e8 \u201csnodata\u201d dai \u201cbinari\u201d di un servizio (da parte nostra) \u201ccanonico\u201d, saltando anche gli schemi. E tutto ci\u00f2 \u00e8 stato interessante e \u2013 anche \u2013 maggiormente proficuo. Chi scrive si identifica in tantissime cose, con la scrittrice salernitana. Toccando tanti punti in comune. Rassicurati dalla bellezza della Cultura (non a caso, scritta con la C maiuscola!) che \u201csalver\u00e0 il mondo\u201d come quella della natura \u2013 creata dal Padre che sovrasta ogni desiderio e ogni pensiero umano.<\/strong> <\/p>\n\n\n\n<p>Che ci ama. Che vuole persone quali, per l\u2019appunto, Gabriella \u2013 per portare a Lui uomini e donne \u201cdi buona volont\u00e0\u201d. Ma non discostiamoci troppo dalla riflessione sull\u2019opera di Gabriella. Che \u00e8 pregevole. <em>Come altre pubblicazioni, presentate al teatro \u201cSanta Margherita\u201d in questi mesi, grazie alla kermesse \u201cIl libro a teatro\u201d e agli \u201csforzi\u201d di tale piccola\/grande realt\u00e0 laboratoriale. Voluta sia dal responsabile Lello Casella che dai suoi alacri collaboratori e, infine, da Luciana Mauro. Nel 2022 \u201cScriptorium\u201d, fucina e crogiuolo di tantissime iniziative e manifestazioni \u2013 spesso pure culinarie \u2013 ha festeggiato il suo decennale. Dieci anni di presenza e attivit\u00e0 sul territorio. Mirante a promuovere la cultura e tanti campi del sapere, interrelati tra di loro. Una bella sfida, per una realt\u00e0 associativa di Salerno \u2013 centro intellettuale con molti spunti di riflessione, in campo letterario (basti pensare a eventi come \u201cSalerno letteratura\u201d e\/o come il premio letterario \u201cAlfonso Gatto\u201d; oppure come, qualche anno fa, il premio \u201cValitutti\u201d \u2013 alla presenza dell\u2019accademico dei Lincei Giuseppe Cacciatore e dell\u2019instancabile funzionario della Provincia, Renato Cangiano. Entrambi scomparsi e compianti).<\/em> Tornando alla carissima Naddeo, occorre dire che la scrivente aveva predisposto \u2013 in vista proprio dell\u2019intervista \u2013 delle domande in uno \u201cschema\u201d (ideale). Ma la schiettezza e l\u2019entusiasmo di questa donna, cos\u00ec volitiva e sensibile alle emozioni, hanno travolto tutto e la chiacchierata ha toccato punti e vette molto alti. Con interessanti spunti, da donare a tutti coloro che avranno il coraggio e\/o il privilegio di accostarsi agli scritti \u201cepifanici\u201d di Gabriella. Concordi \u2013 entrambe noi \u2013 che la tecnologia odierna (pure utile e necessaria) non pu\u00f2 sostituirsi al dialogo. Finestre di dialogo, infatti, emergono dagli intensi scritti di tale essere femminino. Il suo percorso da scrittrice &#8211; quindi \u2013 nasce (o, meglio, si manifesta esteriormente) con un\u2019autoriflessione sulle bellezze della vita, nel corso del viaggio in Calabria. Che \u00e8 stato un viaggio \u2013 soprattutto \u2013 interiore, alla ricerca di s\u00e9. Da qui, estempoGabriella. Coi suoi frammenti d\u2019esistenza. <\/p>\n\n\n\n<figure class=\"wp-block-image size-full\"><img loading=\"lazy\" decoding=\"async\" width=\"700\" height=\"380\" src=\"https:\/\/www.istitutogalanteoliva.it\/magazine\/wp-content\/uploads\/2023\/03\/Foto-Gabriella-Naddeo-Noia-Salerno-num-4.jpg\" alt=\"\" class=\"wp-image-13456\" srcset=\"https:\/\/www.istitutogalanteoliva.it\/magazine\/wp-content\/uploads\/2023\/03\/Foto-Gabriella-Naddeo-Noia-Salerno-num-4.jpg 700w, https:\/\/www.istitutogalanteoliva.it\/magazine\/wp-content\/uploads\/2023\/03\/Foto-Gabriella-Naddeo-Noia-Salerno-num-4-300x163.jpg 300w\" sizes=\"auto, (max-width: 700px) 100vw, 700px\" \/><\/figure>\n\n\n\n<p><strong>Il linguaggio usato dalla scrittrice \u00e8 molto personale, riflessivo. Dal viaggio alla \u201ccarta\u201d, quando una persona con cui aveva confidenza al lavoro le consiglia di pubblicare, in una silloge, ci\u00f2 che ha significato per lei questo \u201criscoprirsi\u201d \u2013 come donna e come individuo, all\u2019interno della societ\u00e0. Per condividere con le persone pi\u00f9 sensibili il vissuto e le esperienze di tale \u201cautoanalisi\u201d \u2013 cos\u00ec possiamo definirla. Nasce cos\u00ec la prima sua opera: \u201cFrammenti di pensiero\u201d \u2013 edita per i tipi de \u201cIlmiolibro.it\u201d. Tale libro (di circa 50 pagine) nasce in piena pandemia, nel novembre 2020. Gli altri due volumi sono stati, invece, venduti su Amazon. Sempre alla ricerca, costante, di una personalit\u00e0 (prosopopea) che apprezzi i doni della natura e dell\u2019esistenza. Tanti i pensieri e le riflessioni affioranti dalla lettura \u2013 che dev\u2019essere attenta \u2013 dell\u2019opera. Rime, versi ma anche (e soprattutto) constatazioni. Forse finanche \u201cconsigli\u201d sul come affrontare quella grande battaglia che \u00e8 l\u2019esistenza umana. Nel mondo, nell\u2019anima. Ed ecco giungere la seconda \u201ccreatura\u201d della Naddeo, un\u2019ulteriore pubblicazione. Certo, creatura: figlio. Poich\u00e9 \u00e8 un vero e proprio parto. Giocando con le parole \u2013 tra verbo (partire) e sostantivo (l\u2019esito della gravidanza: il parto) \u2013 ecco che lei stessa afferma che \u201cio parto come donna\u201d, nel ritrovarsi. \u201cL\u2019unico parto che mi sia stato concesso. Parto da me stessa, in compagnia della mia ironia\u201d. Quella socratica. Tra allitterazioni e iterazioni.<\/strong> Nel gioco delle parole. Ma d\u00e0 anche alla luce un libro, come fosse un bambino. Il secondo volume \u00e8 \u201cEmozioni nonostante tutto\u201d \u2013 novembre 2021. Con \u201cla prosa del poi che spera\u201d che offre al lettore o alla lettrice un momento di catarsi \u2013 interiore e non. Infine: \u201cSfogliami\/spogliami\u201d \u00e8 realt\u00e0. Dal novembre 2022. E verr\u00e0 illustrato venerd\u00ec 31 marzo. \u201cEstempoGabriella\u201d \u00e8 un nickname che richiama il suo \u201cvivere al momento le emozioni, interiorizzate in un linguaggio intimo e personale, che abbraccia l\u2019altrui animo\u201d. Questo il senso della prosa \u201cpoetica\u201d di tale autrice. Anche nel comunicato stampa diramato dalla scrittrice, oltre che dall\u2019intervista da noi attuata, si parla della \u201cinnovativit\u00e0\u201d di questa terza pubblicazione \u2013 prosieguo delle prime due. <strong><em>\u201cOgni giorno merita di essere vissuto con entusiasmo e intensit\u00e0\u201d \u2013 esprime la nota-stampa. Davvero cos\u00ec, come se il giorno in questione fosse l\u2019ultimo. E, nel corso del colloquio telefonico, abbiamo potuto prender nota di tantissimi altri concetti \u2013 tutti interessantissimi. Come una sorgente zampillante produce, poi, un fiume che tracima dai suoi \u201cbordi\u201d \u2013 cos\u00ec ci \u00e8 parso il discorrere della Naddeo. Sarebbe troppo lungo riportare qui \u2013 in tale nostro servizio \u2013 tutto quello che l\u2019autrice ha espresso e continua a produrre. Ma \u00e8 un \u201cmateriale\u201d immenso, prezioso. Vorremmo dire tantissime altre cose, di questa professionista salernitana. Purtroppo la sua esperienza \u00e8 talmente vasta ed infinita da dover essere\u2026 \u201cfrenata\u201d qui in questo articolo. Ma ci riproponiamo di scrivere altri articoli, in altri momenti; in ulteriori occasioni. Per parlare del senso di speranza, offerto da Gabriella Naddeo nei confronti di tutti e di tutte. Non dimentichiamo \u2013 tuttavia \u2013 di osservare la fede in Dio professata, nel suo scrivere impetuoso, dall\u2019autrice. Una fede che \u00e8, al contempo, ideale (\u201cteorica\u201d) e \u201cpratica\u201d. Concreta. Nel comunicare speranza agli altri. Ed \u00e8 un fatto, un qualcosa, che accomuna la professionista alla scrivente. Durante la presentazione di venerd\u00ec 31 marzo, verranno estratti e letti (poi commentati) brani del suo ultimo libro ma anche dalle altre sillogi.<\/em><\/strong> Il tutto, come detto, circonfuso dalle musiche della Pausini. <em>Tra le canzoni: \u201cIl coraggio di andare\u201d; \u201cLa geografia del mio cammino\u201d e \u201cBuon inizio\u201d. EstempoGabriella si divide, inoltre, in tre: Gabry, Gabriella Naddeo ed EstempoGabriella. Ci\u00f2 emerge da una delle belle copertine (o cover), realizzate per i volumi della Naddeo. Con colori eloquenti e\/o significativi: soprattutto verde e azzurro, che \u201ccrescono\u201d di tinta \u2013 dalle tinte (appunto) pastello, delicate, alle nuance pi\u00f9 forti, tenaci e decise. Cover che ritraggono cigni e margherite, nel loro \u201csfogliarsi\u201d (e \u201cspogliarsi\u201d) \u2013 a mo\u2019 di \u201cm\u2019ama, non m\u2019ama\u201d. Complimenti \u2013 ordunque \u2013 alla scrittrice, che \u2013 nell\u2019ultimo volume della sua\u2026 \u201ctrilogia\u201d apre il sipario su 365 istantanee \u201cestemporanee\u201d. Un anno di pensieri e aforismi, tratti dalla fantasia e dalla sensibilit\u00e0 di tale persona. \u201cParole raccontate e mai scontate. Il viaggio di estempoGabriella\u201d. <\/em>Questo il tema, allettante, della serata. Per comunicare \u2013 dice Luciana Mauro \u2013 \u201cattraverso il cuore, con la spontanea scrittura di un\u2019autrice che traccia \u2013 con la sua penna \u2013 i palpiti dell\u2019anima\u201d. E \u201cce li regala\u201d \u2013 afferma la Mauro \u2013 in un manuale, da conservare con cura; perch\u00e9 racconta la nostra interiorit\u00e0\u201d.<\/p>\n\n\n\n<p class=\"has-text-align-left\"><br><br><img loading=\"lazy\" decoding=\"async\" width=\"100\" height=\"100\" class=\"wp-image-6058\" style=\"width: 100px;\" src=\"https:\/\/www.istitutogalanteoliva.it\/magazine\/wp-content\/uploads\/2021\/03\/Anna-Maria1.jpg\" alt=\"\" srcset=\"https:\/\/www.istitutogalanteoliva.it\/magazine\/wp-content\/uploads\/2021\/03\/Anna-Maria1.jpg 674w, https:\/\/www.istitutogalanteoliva.it\/magazine\/wp-content\/uploads\/2021\/03\/Anna-Maria1-300x300.jpg 300w, https:\/\/www.istitutogalanteoliva.it\/magazine\/wp-content\/uploads\/2021\/03\/Anna-Maria1-150x150.jpg 150w\" sizes=\"auto, (max-width: 100px) 100vw, 100px\" \/>  <em><span class=\"has-inline-color has-vivid-cyan-blue-color\"><strong><a href=\"https:\/\/www.istitutogalanteoliva.it\/magazine\/?s=Anna+Maria+Noia+\" target=\"_blank\" rel=\"noreferrer noopener\">Anna Maria Noia <\/a><\/strong><\/span><\/em><\/p>\n<div class=\"pdfprnt-buttons pdfprnt-buttons-post pdfprnt-bottom-left\"><a href=\"https:\/\/www.istitutogalanteoliva.it\/magazine\/wp-json\/wp\/v2\/posts\/13454?print=print\" class=\"pdfprnt-button pdfprnt-button-print\" target=\"_blank\"><img decoding=\"async\" src=\"https:\/\/www.istitutogalanteoliva.it\/magazine\/wp-content\/plugins\/pdf-print\/images\/print.png\" alt=\"image_print\" title=\"Stampa contenuto\" \/><span class=\"pdfprnt-button-title pdfprnt-button-print-title\">Download in PDF<\/span><\/a><\/div>","protected":false},"excerpt":{"rendered":"<p>il 31 marzo 2023, presso il teatro \u201cSanta Margherita\u201d<\/p>\n","protected":false},"author":2,"featured_media":13457,"comment_status":"closed","ping_status":"open","sticky":true,"template":"","format":"standard","meta":{"footnotes":""},"categories":[731,57],"tags":[791,83],"class_list":["post-13454","post","type-post","status-publish","format-standard","has-post-thumbnail","hentry","category-731","category-cultura","tag-gabriella-naddeo","tag-salerno"],"yoast_head":"<!-- This site is optimized with the Yoast SEO plugin v24.2 - https:\/\/yoast.com\/wordpress\/plugins\/seo\/ -->\n<title>Libro di Gabriella Naddeo a Salerno - Polis SA Magazine<\/title>\n<meta name=\"robots\" content=\"index, follow, max-snippet:-1, max-image-preview:large, max-video-preview:-1\" \/>\n<link rel=\"canonical\" href=\"https:\/\/www.istitutogalanteoliva.it\/magazine\/2023\/03\/30\/libro-di-gabriella-naddeo-a-salerno\/\" \/>\n<meta property=\"og:locale\" content=\"it_IT\" \/>\n<meta property=\"og:type\" content=\"article\" \/>\n<meta property=\"og:title\" content=\"Libro di Gabriella Naddeo a Salerno - Polis SA Magazine\" \/>\n<meta property=\"og:description\" content=\"il 31 marzo 2023, presso il teatro \u201cSanta Margherita\u201d\" \/>\n<meta property=\"og:url\" content=\"https:\/\/www.istitutogalanteoliva.it\/magazine\/2023\/03\/30\/libro-di-gabriella-naddeo-a-salerno\/\" \/>\n<meta property=\"og:site_name\" content=\"Polis SA Magazine\" \/>\n<meta property=\"article:publisher\" content=\"https:\/\/www.facebook.com\/PolisSAMagazine\/\" \/>\n<meta property=\"article:published_time\" content=\"2023-03-30T15:07:26+00:00\" \/>\n<meta property=\"article:modified_time\" content=\"2023-03-30T15:08:03+00:00\" \/>\n<meta property=\"og:image\" content=\"https:\/\/www.istitutogalanteoliva.it\/magazine\/wp-content\/uploads\/2023\/03\/Foto-Gabriella-Naddeo-Noia-Salerno-num-1.jpg\" \/>\n\t<meta property=\"og:image:width\" content=\"700\" \/>\n\t<meta property=\"og:image:height\" content=\"380\" \/>\n\t<meta property=\"og:image:type\" content=\"image\/jpeg\" \/>\n<meta name=\"author\" content=\"Antonello Rivano\" \/>\n<meta name=\"twitter:card\" content=\"summary_large_image\" \/>\n<meta name=\"twitter:creator\" content=\"@MagazinePolis\" \/>\n<meta name=\"twitter:site\" content=\"@MagazinePolis\" \/>\n<meta name=\"twitter:label1\" content=\"Scritto da\" \/>\n\t<meta name=\"twitter:data1\" content=\"Antonello Rivano\" \/>\n\t<meta name=\"twitter:label2\" content=\"Tempo di lettura stimato\" \/>\n\t<meta name=\"twitter:data2\" content=\"11 minuti\" \/>\n<script type=\"application\/ld+json\" class=\"yoast-schema-graph\">{\"@context\":\"https:\/\/schema.org\",\"@graph\":[{\"@type\":\"Article\",\"@id\":\"https:\/\/www.istitutogalanteoliva.it\/magazine\/2023\/03\/30\/libro-di-gabriella-naddeo-a-salerno\/#article\",\"isPartOf\":{\"@id\":\"https:\/\/www.istitutogalanteoliva.it\/magazine\/2023\/03\/30\/libro-di-gabriella-naddeo-a-salerno\/\"},\"author\":{\"name\":\"Antonello Rivano\",\"@id\":\"https:\/\/www.istitutogalanteoliva.it\/magazine\/#\/schema\/person\/d8b8aa79cfe8babc1df9da3212a7c0c4\"},\"headline\":\"Libro di Gabriella Naddeo a Salerno\",\"datePublished\":\"2023-03-30T15:07:26+00:00\",\"dateModified\":\"2023-03-30T15:08:03+00:00\",\"mainEntityOfPage\":{\"@id\":\"https:\/\/www.istitutogalanteoliva.it\/magazine\/2023\/03\/30\/libro-di-gabriella-naddeo-a-salerno\/\"},\"wordCount\":2005,\"publisher\":{\"@id\":\"https:\/\/www.istitutogalanteoliva.it\/magazine\/#organization\"},\"image\":{\"@id\":\"https:\/\/www.istitutogalanteoliva.it\/magazine\/2023\/03\/30\/libro-di-gabriella-naddeo-a-salerno\/#primaryimage\"},\"thumbnailUrl\":\"https:\/\/www.istitutogalanteoliva.it\/magazine\/wp-content\/uploads\/2023\/03\/Foto-Gabriella-Naddeo-Noia-Salerno-num-1.jpg\",\"keywords\":[\"Gabriella Naddeo\",\"salerno\"],\"articleSection\":[\"2023\",\"Cultura\"],\"inLanguage\":\"it-IT\"},{\"@type\":\"WebPage\",\"@id\":\"https:\/\/www.istitutogalanteoliva.it\/magazine\/2023\/03\/30\/libro-di-gabriella-naddeo-a-salerno\/\",\"url\":\"https:\/\/www.istitutogalanteoliva.it\/magazine\/2023\/03\/30\/libro-di-gabriella-naddeo-a-salerno\/\",\"name\":\"Libro di Gabriella Naddeo a Salerno - Polis SA Magazine\",\"isPartOf\":{\"@id\":\"https:\/\/www.istitutogalanteoliva.it\/magazine\/#website\"},\"primaryImageOfPage\":{\"@id\":\"https:\/\/www.istitutogalanteoliva.it\/magazine\/2023\/03\/30\/libro-di-gabriella-naddeo-a-salerno\/#primaryimage\"},\"image\":{\"@id\":\"https:\/\/www.istitutogalanteoliva.it\/magazine\/2023\/03\/30\/libro-di-gabriella-naddeo-a-salerno\/#primaryimage\"},\"thumbnailUrl\":\"https:\/\/www.istitutogalanteoliva.it\/magazine\/wp-content\/uploads\/2023\/03\/Foto-Gabriella-Naddeo-Noia-Salerno-num-1.jpg\",\"datePublished\":\"2023-03-30T15:07:26+00:00\",\"dateModified\":\"2023-03-30T15:08:03+00:00\",\"breadcrumb\":{\"@id\":\"https:\/\/www.istitutogalanteoliva.it\/magazine\/2023\/03\/30\/libro-di-gabriella-naddeo-a-salerno\/#breadcrumb\"},\"inLanguage\":\"it-IT\",\"potentialAction\":[{\"@type\":\"ReadAction\",\"target\":[\"https:\/\/www.istitutogalanteoliva.it\/magazine\/2023\/03\/30\/libro-di-gabriella-naddeo-a-salerno\/\"]}]},{\"@type\":\"ImageObject\",\"inLanguage\":\"it-IT\",\"@id\":\"https:\/\/www.istitutogalanteoliva.it\/magazine\/2023\/03\/30\/libro-di-gabriella-naddeo-a-salerno\/#primaryimage\",\"url\":\"https:\/\/www.istitutogalanteoliva.it\/magazine\/wp-content\/uploads\/2023\/03\/Foto-Gabriella-Naddeo-Noia-Salerno-num-1.jpg\",\"contentUrl\":\"https:\/\/www.istitutogalanteoliva.it\/magazine\/wp-content\/uploads\/2023\/03\/Foto-Gabriella-Naddeo-Noia-Salerno-num-1.jpg\",\"width\":700,\"height\":380},{\"@type\":\"BreadcrumbList\",\"@id\":\"https:\/\/www.istitutogalanteoliva.it\/magazine\/2023\/03\/30\/libro-di-gabriella-naddeo-a-salerno\/#breadcrumb\",\"itemListElement\":[{\"@type\":\"ListItem\",\"position\":1,\"name\":\"Home\",\"item\":\"https:\/\/www.istitutogalanteoliva.it\/magazine\/\"},{\"@type\":\"ListItem\",\"position\":2,\"name\":\"Libro di Gabriella Naddeo a Salerno\"}]},{\"@type\":\"WebSite\",\"@id\":\"https:\/\/www.istitutogalanteoliva.it\/magazine\/#website\",\"url\":\"https:\/\/www.istitutogalanteoliva.it\/magazine\/\",\"name\":\"POLIS SA MAGAZINE\",\"description\":\"Informazione e approfondimenti\",\"publisher\":{\"@id\":\"https:\/\/www.istitutogalanteoliva.it\/magazine\/#organization\"},\"potentialAction\":[{\"@type\":\"SearchAction\",\"target\":{\"@type\":\"EntryPoint\",\"urlTemplate\":\"https:\/\/www.istitutogalanteoliva.it\/magazine\/?s={search_term_string}\"},\"query-input\":{\"@type\":\"PropertyValueSpecification\",\"valueRequired\":true,\"valueName\":\"search_term_string\"}}],\"inLanguage\":\"it-IT\"},{\"@type\":\"Organization\",\"@id\":\"https:\/\/www.istitutogalanteoliva.it\/magazine\/#organization\",\"name\":\"Polis SA Magazine\",\"url\":\"https:\/\/www.istitutogalanteoliva.it\/magazine\/\",\"logo\":{\"@type\":\"ImageObject\",\"inLanguage\":\"it-IT\",\"@id\":\"https:\/\/www.istitutogalanteoliva.it\/magazine\/#\/schema\/logo\/image\/\",\"url\":\"\",\"contentUrl\":\"\",\"caption\":\"Polis SA Magazine\"},\"image\":{\"@id\":\"https:\/\/www.istitutogalanteoliva.it\/magazine\/#\/schema\/logo\/image\/\"},\"sameAs\":[\"https:\/\/www.facebook.com\/PolisSAMagazine\/\",\"https:\/\/x.com\/MagazinePolis\",\"https:\/\/www.youtube.com\/channel\/UCv0Mr5AHKUmsc0sEEXkJrgw\"]},{\"@type\":\"Person\",\"@id\":\"https:\/\/www.istitutogalanteoliva.it\/magazine\/#\/schema\/person\/d8b8aa79cfe8babc1df9da3212a7c0c4\",\"name\":\"Antonello Rivano\",\"image\":{\"@type\":\"ImageObject\",\"inLanguage\":\"it-IT\",\"@id\":\"https:\/\/www.istitutogalanteoliva.it\/magazine\/#\/schema\/person\/image\/\",\"url\":\"https:\/\/secure.gravatar.com\/avatar\/517a9a6487a7a18ecc4ce6d2e57a8f40?s=96&d=mm&r=g\",\"contentUrl\":\"https:\/\/secure.gravatar.com\/avatar\/517a9a6487a7a18ecc4ce6d2e57a8f40?s=96&d=mm&r=g\",\"caption\":\"Antonello Rivano\"},\"url\":\"https:\/\/www.istitutogalanteoliva.it\/magazine\/author\/antonello\/\"}]}<\/script>\n<!-- \/ Yoast SEO plugin. -->","yoast_head_json":{"title":"Libro di Gabriella Naddeo a Salerno - Polis SA Magazine","robots":{"index":"index","follow":"follow","max-snippet":"max-snippet:-1","max-image-preview":"max-image-preview:large","max-video-preview":"max-video-preview:-1"},"canonical":"https:\/\/www.istitutogalanteoliva.it\/magazine\/2023\/03\/30\/libro-di-gabriella-naddeo-a-salerno\/","og_locale":"it_IT","og_type":"article","og_title":"Libro di Gabriella Naddeo a Salerno - Polis SA Magazine","og_description":"il 31 marzo 2023, presso il teatro \u201cSanta Margherita\u201d","og_url":"https:\/\/www.istitutogalanteoliva.it\/magazine\/2023\/03\/30\/libro-di-gabriella-naddeo-a-salerno\/","og_site_name":"Polis SA Magazine","article_publisher":"https:\/\/www.facebook.com\/PolisSAMagazine\/","article_published_time":"2023-03-30T15:07:26+00:00","article_modified_time":"2023-03-30T15:08:03+00:00","og_image":[{"width":700,"height":380,"url":"https:\/\/www.istitutogalanteoliva.it\/magazine\/wp-content\/uploads\/2023\/03\/Foto-Gabriella-Naddeo-Noia-Salerno-num-1.jpg","type":"image\/jpeg"}],"author":"Antonello Rivano","twitter_card":"summary_large_image","twitter_creator":"@MagazinePolis","twitter_site":"@MagazinePolis","twitter_misc":{"Scritto da":"Antonello Rivano","Tempo di lettura stimato":"11 minuti"},"schema":{"@context":"https:\/\/schema.org","@graph":[{"@type":"Article","@id":"https:\/\/www.istitutogalanteoliva.it\/magazine\/2023\/03\/30\/libro-di-gabriella-naddeo-a-salerno\/#article","isPartOf":{"@id":"https:\/\/www.istitutogalanteoliva.it\/magazine\/2023\/03\/30\/libro-di-gabriella-naddeo-a-salerno\/"},"author":{"name":"Antonello Rivano","@id":"https:\/\/www.istitutogalanteoliva.it\/magazine\/#\/schema\/person\/d8b8aa79cfe8babc1df9da3212a7c0c4"},"headline":"Libro di Gabriella Naddeo a Salerno","datePublished":"2023-03-30T15:07:26+00:00","dateModified":"2023-03-30T15:08:03+00:00","mainEntityOfPage":{"@id":"https:\/\/www.istitutogalanteoliva.it\/magazine\/2023\/03\/30\/libro-di-gabriella-naddeo-a-salerno\/"},"wordCount":2005,"publisher":{"@id":"https:\/\/www.istitutogalanteoliva.it\/magazine\/#organization"},"image":{"@id":"https:\/\/www.istitutogalanteoliva.it\/magazine\/2023\/03\/30\/libro-di-gabriella-naddeo-a-salerno\/#primaryimage"},"thumbnailUrl":"https:\/\/www.istitutogalanteoliva.it\/magazine\/wp-content\/uploads\/2023\/03\/Foto-Gabriella-Naddeo-Noia-Salerno-num-1.jpg","keywords":["Gabriella Naddeo","salerno"],"articleSection":["2023","Cultura"],"inLanguage":"it-IT"},{"@type":"WebPage","@id":"https:\/\/www.istitutogalanteoliva.it\/magazine\/2023\/03\/30\/libro-di-gabriella-naddeo-a-salerno\/","url":"https:\/\/www.istitutogalanteoliva.it\/magazine\/2023\/03\/30\/libro-di-gabriella-naddeo-a-salerno\/","name":"Libro di Gabriella Naddeo a Salerno - Polis SA Magazine","isPartOf":{"@id":"https:\/\/www.istitutogalanteoliva.it\/magazine\/#website"},"primaryImageOfPage":{"@id":"https:\/\/www.istitutogalanteoliva.it\/magazine\/2023\/03\/30\/libro-di-gabriella-naddeo-a-salerno\/#primaryimage"},"image":{"@id":"https:\/\/www.istitutogalanteoliva.it\/magazine\/2023\/03\/30\/libro-di-gabriella-naddeo-a-salerno\/#primaryimage"},"thumbnailUrl":"https:\/\/www.istitutogalanteoliva.it\/magazine\/wp-content\/uploads\/2023\/03\/Foto-Gabriella-Naddeo-Noia-Salerno-num-1.jpg","datePublished":"2023-03-30T15:07:26+00:00","dateModified":"2023-03-30T15:08:03+00:00","breadcrumb":{"@id":"https:\/\/www.istitutogalanteoliva.it\/magazine\/2023\/03\/30\/libro-di-gabriella-naddeo-a-salerno\/#breadcrumb"},"inLanguage":"it-IT","potentialAction":[{"@type":"ReadAction","target":["https:\/\/www.istitutogalanteoliva.it\/magazine\/2023\/03\/30\/libro-di-gabriella-naddeo-a-salerno\/"]}]},{"@type":"ImageObject","inLanguage":"it-IT","@id":"https:\/\/www.istitutogalanteoliva.it\/magazine\/2023\/03\/30\/libro-di-gabriella-naddeo-a-salerno\/#primaryimage","url":"https:\/\/www.istitutogalanteoliva.it\/magazine\/wp-content\/uploads\/2023\/03\/Foto-Gabriella-Naddeo-Noia-Salerno-num-1.jpg","contentUrl":"https:\/\/www.istitutogalanteoliva.it\/magazine\/wp-content\/uploads\/2023\/03\/Foto-Gabriella-Naddeo-Noia-Salerno-num-1.jpg","width":700,"height":380},{"@type":"BreadcrumbList","@id":"https:\/\/www.istitutogalanteoliva.it\/magazine\/2023\/03\/30\/libro-di-gabriella-naddeo-a-salerno\/#breadcrumb","itemListElement":[{"@type":"ListItem","position":1,"name":"Home","item":"https:\/\/www.istitutogalanteoliva.it\/magazine\/"},{"@type":"ListItem","position":2,"name":"Libro di Gabriella Naddeo a Salerno"}]},{"@type":"WebSite","@id":"https:\/\/www.istitutogalanteoliva.it\/magazine\/#website","url":"https:\/\/www.istitutogalanteoliva.it\/magazine\/","name":"POLIS SA MAGAZINE","description":"Informazione e approfondimenti","publisher":{"@id":"https:\/\/www.istitutogalanteoliva.it\/magazine\/#organization"},"potentialAction":[{"@type":"SearchAction","target":{"@type":"EntryPoint","urlTemplate":"https:\/\/www.istitutogalanteoliva.it\/magazine\/?s={search_term_string}"},"query-input":{"@type":"PropertyValueSpecification","valueRequired":true,"valueName":"search_term_string"}}],"inLanguage":"it-IT"},{"@type":"Organization","@id":"https:\/\/www.istitutogalanteoliva.it\/magazine\/#organization","name":"Polis SA Magazine","url":"https:\/\/www.istitutogalanteoliva.it\/magazine\/","logo":{"@type":"ImageObject","inLanguage":"it-IT","@id":"https:\/\/www.istitutogalanteoliva.it\/magazine\/#\/schema\/logo\/image\/","url":"","contentUrl":"","caption":"Polis SA Magazine"},"image":{"@id":"https:\/\/www.istitutogalanteoliva.it\/magazine\/#\/schema\/logo\/image\/"},"sameAs":["https:\/\/www.facebook.com\/PolisSAMagazine\/","https:\/\/x.com\/MagazinePolis","https:\/\/www.youtube.com\/channel\/UCv0Mr5AHKUmsc0sEEXkJrgw"]},{"@type":"Person","@id":"https:\/\/www.istitutogalanteoliva.it\/magazine\/#\/schema\/person\/d8b8aa79cfe8babc1df9da3212a7c0c4","name":"Antonello Rivano","image":{"@type":"ImageObject","inLanguage":"it-IT","@id":"https:\/\/www.istitutogalanteoliva.it\/magazine\/#\/schema\/person\/image\/","url":"https:\/\/secure.gravatar.com\/avatar\/517a9a6487a7a18ecc4ce6d2e57a8f40?s=96&d=mm&r=g","contentUrl":"https:\/\/secure.gravatar.com\/avatar\/517a9a6487a7a18ecc4ce6d2e57a8f40?s=96&d=mm&r=g","caption":"Antonello Rivano"},"url":"https:\/\/www.istitutogalanteoliva.it\/magazine\/author\/antonello\/"}]}},"_links":{"self":[{"href":"https:\/\/www.istitutogalanteoliva.it\/magazine\/wp-json\/wp\/v2\/posts\/13454","targetHints":{"allow":["GET"]}}],"collection":[{"href":"https:\/\/www.istitutogalanteoliva.it\/magazine\/wp-json\/wp\/v2\/posts"}],"about":[{"href":"https:\/\/www.istitutogalanteoliva.it\/magazine\/wp-json\/wp\/v2\/types\/post"}],"author":[{"embeddable":true,"href":"https:\/\/www.istitutogalanteoliva.it\/magazine\/wp-json\/wp\/v2\/users\/2"}],"replies":[{"embeddable":true,"href":"https:\/\/www.istitutogalanteoliva.it\/magazine\/wp-json\/wp\/v2\/comments?post=13454"}],"version-history":[{"count":1,"href":"https:\/\/www.istitutogalanteoliva.it\/magazine\/wp-json\/wp\/v2\/posts\/13454\/revisions"}],"predecessor-version":[{"id":13458,"href":"https:\/\/www.istitutogalanteoliva.it\/magazine\/wp-json\/wp\/v2\/posts\/13454\/revisions\/13458"}],"wp:featuredmedia":[{"embeddable":true,"href":"https:\/\/www.istitutogalanteoliva.it\/magazine\/wp-json\/wp\/v2\/media\/13457"}],"wp:attachment":[{"href":"https:\/\/www.istitutogalanteoliva.it\/magazine\/wp-json\/wp\/v2\/media?parent=13454"}],"wp:term":[{"taxonomy":"category","embeddable":true,"href":"https:\/\/www.istitutogalanteoliva.it\/magazine\/wp-json\/wp\/v2\/categories?post=13454"},{"taxonomy":"post_tag","embeddable":true,"href":"https:\/\/www.istitutogalanteoliva.it\/magazine\/wp-json\/wp\/v2\/tags?post=13454"}],"curies":[{"name":"wp","href":"https:\/\/api.w.org\/{rel}","templated":true}]}}