{"id":13467,"date":"2023-04-18T15:14:21","date_gmt":"2023-04-18T13:14:21","guid":{"rendered":"https:\/\/www.istitutogalanteoliva.it\/magazine\/?p=13467"},"modified":"2023-04-19T15:43:37","modified_gmt":"2023-04-19T13:43:37","slug":"come-ama-dio-il-libro-su-padre-candido-gallo-di-patrizia-de-mascellis","status":"publish","type":"post","link":"https:\/\/www.istitutogalanteoliva.it\/magazine\/2023\/04\/18\/come-ama-dio-il-libro-su-padre-candido-gallo-di-patrizia-de-mascellis\/","title":{"rendered":"&#8220;Come ama Dio&#8221;, il libro su padre Candido Gallo di Patrizia De Mascellis"},"content":{"rendered":"\n<p><strong>Di Anna Maria Noia <\/strong><\/p>\n\n\n\n<p>\u201c<strong><em>Come ama Dio\u201d \u00e8 il titolo di una pubblicazione, data alle stampe alcuni anni fa \u2013 ma ancora fortemente attuale \u2013 della giornalista salernitana Patrizia De Mascellis. \u00c8 di stretta attualit\u00e0, alla luce dei pi\u00f9 recenti casi di cronaca \u2013 inerenti al piccolo Enea e alla \u201cculla della vita\u201d. Un progetto in essere, da qualche tempo, anche presso l\u2019ospedale salernitano \u201cSan Giovanni di Dio e Ruggi d\u2019Aragona\u201d \u2013 meglio noto come \u201cSan Leonardo\u201d (dalla localit\u00e0 in cui insiste ed \u00e8 ubicato). Nello specifico, la \u201cculla della vita\u201d \u00e8 stata fortemente sollecitata \u2013 poco tempo fa \u2013 da padre Candido Gallo. Al secolo: Angelo (Gallo). Si tratta di una figura molto ieratica, carismatica, di religioso dalla \u201cvera\u201d vocazione \u2013 cappellano per tantissimi anni proprio al \u201cSan Leonardo\u201d.<\/em><\/strong> Deceduto alla veneranda et\u00e0 di 94 anni, il 14 gennaio 2020. Padre Candido, dagli intensi occhi blu (colore di Cielo), \u00e8 stato direttore spirituale della cronista. Che ne ha intessuto gli intenti e le opere, celebrandolo (opportunamente, dato il grande impegno di tale cappuccino \u201cdalla lunga barba bianca\u201d) nel libro. Il cui sottotitolo declama: \u201cFra Candido. Uno straordinario padre spirituale\u201d. <\/p>\n\n\n\n<p><strong>L\u2019opera, che si aggiunge ad altri libri della giornalista cattolica \u2013 volto familiare e \u201crassicurante\u201d dell\u2019emittente locale \u201cTelediocesi\u201d \u2013 \u00e8 stata edita per i tipi di \u201cCampania serafica\u201d. Consta di 104 pagine. \u00c8 un volumetto agile ma intenso e incalzante, comprendente vari scritti di e\/o su padre Candido. Soprattutto, esso contiene diverse e toccanti testimonianze di chi ha avuto l\u2019onore e la fortuna di operare al fianco di questo religioso. <\/strong>Chi scrive ricorda che fu proprio tale umile, ma portentoso, Uomo a somministrare gli ultimi sacramenti al padre morente, ricoverato al \u201cRuggi\u201d per un\u2019emorragia cerebrale. <em>Fu uomo di fede, ma anche attivista: la sua persona potrebbe \u2013 sempre secondo la scrivente \u2013 essere accostata e raffrontata con un altro (compianto) carismatico frate e\u2026 \u201cservo\u201d di Cristo. Stiamo parlando di padre Carmine \u201cClaudio\u201d Luciano. Anch\u2019egli molto fervido. Deceduto nel 2019. Entrambi \u201cvantavano\u201d l\u2019attenzione agli ultimi. Ma erano anche molto incisivi dal punto di vista giornalistico. Torniamo a padre Gallo e al libricino approntato da Patrizia De Mascellis. Madre di quattro figlie, nonna di tre bambini molto vispi e vivaci, la giornalista ha sempre affrontato con coraggio e con grande umanit\u00e0 le tante sfide della vita. Ed ha voluto ricordare il suo caro direttore spirituale. Con cui ha condiviso, dicevamo, grandi battaglie \u201csociali\u201d. Spesso vinte.<\/em> Come \u2013 appunto \u2013 la sollecitudine verso l\u2019istituzione della \u201cculletta termica\u201d. In fieri da anni, ma solo con la costanza di padre Candido divenuto concreta realt\u00e0. <\/p>\n\n\n\n<p><strong>Tutto questo \u00e8 stato spiegato nel corso di un ulteriore appuntamento con la rassegna \u201cIl libro in teatro\u201d, che ha coinvolto proprio la De Mascellis. \u00c8 una rassegna ideata e fortemente propugnata dal sodalizio \u201cScriptorium\u201d, che nel 2022 ha \u201ccelebrato\u201d i suoi primi dieci anni di attivit\u00e0. La responsabile, la giornalista e scrittrice Luciana Mauro \u2013 ardente \u201cpenna\u201d de \u201cIl mattino\u201d, nonch\u00e9 organizzatrice di eventi \u201cnel sociale\u201d \u2013 ha istituito questa rassegna da pochi mesi. Ed ha subito riscosso un grande successo. La struttura interessata \u00e8 il teatro \u201cSanta Margherita\u201d, in via D\u2019Allora \u2013 nel quartiere Pastena. Qui avvengono gli appuntamenti. E le interviste, a cura della Mauro e di altri referenti. Com\u2019\u00e8 successo, per l\u2019appunto, in data 13 aprile ultimo scorso. Quando si \u00e8 parlato di padre Gallo e della pubblicazione della De Mascellis.<\/strong> Il frate ha vissuto \u2013 praticamente \u2013 tutta la vita in ospedale, al \u201cRuggi\u201d. Aveva una stanza al terzo piano, presso il reparto di \u201cInfettivologia\u201d \u2013 onde poter essere vicino, in ogni momento, ai \u201ccari\u201d malati. Che accudiva con solerzia. Dapprima ha esercitato la funzione di cappellano, poi si \u00e8 dedicato anima e corpo ai pazienti \u2013 che vivevano (e vivono) la sofferenza di Ges\u00f9 sulla propria pelle. <\/p>\n\n\n\n<p><strong><em>Amante della vita, dono del Padre, il santo cappuccino (proprio fra Candido) ha smosso mari e monti affinch\u00e9 la culletta fosse non solo attiva, a Salerno, ma anche ben \u201cvisibile\u201d. Con motivi e colori che \u2013 come ha spiegato la De Mascellis \u2013 dovevano, intenzionalmente, orientare; \u201cguidare\u201d le donne verso questa culla calda. Premendo un tasto, scatta una sorta di \u201callarme\u201d \u2013 che poi viene recepito dal reparto di Ginecologia, al sesto piano. Ci vuole comunque un po\u2019 di tempo \u2013 prima dell\u2019allarme &#8211; in modo che le donne, che temono di essere riconosciute nel lasciare il loro \u201cfagottino\u201d in ospedale (al sicuro e nell\u2019anonimato), possano allontanarsi<\/em><\/strong>. La culletta riprende, storicamente, la \u201ctradizione\u201d (chiamiamola cos\u00ec) della \u201cruota degli esposti\u201d. Un espediente, soprattutto verso i conventi dell\u2019Annunziata, che dal medioevo a pochi secoli fa permetteva di affidare (non di \u201cabbandonare\u201d, \u201clasciare\u201d) ai religiosi e alle religiose l\u2019eventuale \u201cfrutto del peccato\u201d. <em>Cos\u00ec veniva denominato, spesso, un bambino, frutto di relazioni illegittime; di violenze e cos\u00ec via. I \u201cfigli della Madonna\u201d o \u201cdella ruota\u201d hanno dato origine ai cognomi Esposito (essendo \u201cesposti\u201d), Proietti (dal latino: \u201cgettati\u201d), De Angelis o Soglia \u2013 cos\u00ec diffuso nel Sangiorgese, cio\u00e8 a Castel San Giorgio (Salerno).<\/em> Dunque, nella serata del 13 aprile scorso si \u00e8 parlato di questo progetto \u2013 voluto dal frate succitato \u2013 e della relativa pubblicazione. Che \u00e8 stata \u2013 poi \u2013 donata al pubblico presente in sala, previa una piccola offerta libera \u2013 destinata alla \u201cculla della vita\u201d. <\/p>\n\n\n<div class=\"wp-block-image\">\n<figure class=\"alignleft size-full is-resized\"><img loading=\"lazy\" decoding=\"async\" src=\"https:\/\/www.istitutogalanteoliva.it\/magazine\/wp-content\/uploads\/2023\/04\/Foto-libro-padre-Candido-Salerno-Noia-5-intervistatrice-Luciana-Mauro.jpg\" alt=\"\" class=\"wp-image-13468\" width=\"231\" height=\"162\"\/><\/figure><\/div>\n\n\n<p class=\"has-text-align-center\"><strong>Tutto magistralmente organizzato, a cura dell\u2019alacre staff del teatro \u201cSanta Margherita\u201d \u2013 con Lello Casella; Enzo Citro (scenografo) e Barbara Frusciante \u2013 docente e attrice. Sul palco, oltre alla Mauro e a Patrizia De Mascellis \u2013 anche Angela Di Domenico, amica declamatrice di Patrizia, che ha recitato in maniera stupenda una poesia dell\u2019autrice De Mascellis. Concernente l\u2019amore di una migrante, che si strugge per dover lasciare il proprio figlio \u2013 carne delle proprie viscere \u2013 ad altri, che non l\u2019hanno concepito. Sembrerebbe \u2013 al riguardo \u2013 che siano pi\u00f9 le donne di colore o pi\u00f9 povere; ignoranti, a lasciare i figli. Invece no: la De Mascellis cita delle ricerche; degli studi in cui emerge e da cui si evince che circa il 30% delle donne che abbandonano i neonati sono italiane, sposate e con altri figli.<\/strong> <em>La soir\u00e9e \u00e8 stata molto piacevole, in un clima familiare. Luci soffuse e scenografia minimale, ma non scarna. Tutto frutto dell\u2019ingegno di Enzo Citro e dello stesso Lello Casella. Che si \u00e8 alternato \u2013 assieme all\u2019attrice Barbara Frusciante e a Valentina D\u2019Ambrosio (figlia della cronista) \u2013 ad interpretare alcuni brani del volume. Scenografia quindi accogliente, atmosfera soft; intima; domestica; \u201ccalda\u201d. Armoniosa, casalinga. Certo, essenziale e minimale &#8211; ma non spoglia.<\/em> <\/p>\n\n\n\n<p><strong>Tre sedie, ad ospitare la De Mascellis; Luciana Mauro e l\u2019anima di padre Candido \u2013 presente sul palco, come fosse in vita. Presenti illustri ospiti, intellettuali e amici delle due croniste. Tra gli avventori: il poeta e scrittore (autodidatta) Vittorio Pesca; i medici ed appassionati d\u2019arte e\/o drammaturgia Vicente Barra e Bruno Giustiniani. Sul proscenio si \u00e8 snodata una piacevole e interessante \u201cchiacchierata\u201d, tra il formale e l\u2019informale, che ha visto protagoniste la Mauro e la De Mascellis. Con storie di vita ed aneddoti sul frate e sulla culla termica, in cui la De Mascellis ha confidato il suo rapporto con il serafico cappuccino.<\/strong> Da lei conosciuto alla fine degli anni \u201990. Ben settanta, gli anni in cui Candido Gallo ha officiato quale cappellano ospedaliero \u2013 nei locali del \u201cSan Leonardo\u201d. Il nosocomio, nel passato, era allocato in via Vernieri. La De Mascellis ha ricordato molto della (forte) tempra dello scomparso. Pur essendo sollecito verso i malati, tuttavia non forzava nessuno a pregare od ad abbracciare la fede cristiana e cattolica. <\/p>\n\n\n\n<p><strong><em>Molto incisivo con i media, \u00e8 apparso il cappellano nelle parole di questa giornalista cattolica. Che ha messo in luce, in risalto, il suo sorriso mentre attraversava le corsie. Ed il suo impegno nella promozione della nuova \u201cruota\u201d. Che, in principio, era stata ideata dalla benemerita associazione \u201cInner wheel\u201d. La culletta \u2013 quindi \u2013 \u00e8 stata volutamente dipinta a tinte \u201csquillanti\u201d. Proprio \u2013 come detto sopra \u2013 per orientare le madri in questa che, comunque, \u00e8 ed \u00e8 stata una scelta difficile: privarsi della gioia del coccolare una propria creatura che vagisce. I colori vivaci, le tinte forti lungo i muri del presidio \u2013 nonch\u00e9 nei corridoi \u2013 sono opera di artisti come Pier Francesco Mastroberti e Andrea Guarino. <\/em><\/strong>Pi\u00f9 di trenta pubblicazioni, ha ricordato De Mascellis, sono state edite da questo religioso. Un\u2019autentica vocazione, pertanto, la sua. Occhi cerulei, ardenti. \u00c8 entrato in seminario ad 11 anni, secondo quanto \u00e8 affiorato dalla presentazione, ed ha vissuto perennemente al servizio dei pi\u00f9 deboli: gli ammalati. Con una buona parola per ciascuno di essi. Per ognuno di noi. E cos\u00ec a favore di tutti gli uomini, combattendo per la vita. <strong>Il dialogo tra le croniste e le loro ospiti si \u00e8 intrecciato molto intimamente, quasi in una confessione. Si \u00e8 discusso di fede, di ricerca \u2013 anche (ma non soltanto) giornalistica. La De Mascellis ha rivelato come a lei \u00e8 sembrato di scrivere tale opera \u201csotto dettatura\u201d. Di Dio e del frate pro esistenza. Come \u2013 ha affermato \u2013 la stella presente in copertina \u00e8 stata da lei osservata ogni giorno in cui ha battuto a macchina (al pc) il testo. Dopo \u00e8 sparita. Al termine, l\u2019attento uditorio ha avuto la possibilit\u00e0 di ricevere delle domande, da rivolgere alla protagonista della pubblicazione.<\/strong> <\/p>\n\n\n<div class=\"wp-block-image\">\n<figure class=\"alignleft size-full is-resized\"><img loading=\"lazy\" decoding=\"async\" src=\"https:\/\/www.istitutogalanteoliva.it\/magazine\/wp-content\/uploads\/2023\/04\/Foto-libro-padre-Candido-Salerno-Noia-1-De-Mascellis.jpg\" alt=\"\" class=\"wp-image-13471\" width=\"202\" height=\"269\" srcset=\"https:\/\/www.istitutogalanteoliva.it\/magazine\/wp-content\/uploads\/2023\/04\/Foto-libro-padre-Candido-Salerno-Noia-1-De-Mascellis.jpg 540w, https:\/\/www.istitutogalanteoliva.it\/magazine\/wp-content\/uploads\/2023\/04\/Foto-libro-padre-Candido-Salerno-Noia-1-De-Mascellis-225x300.jpg 225w\" sizes=\"auto, (max-width: 202px) 100vw, 202px\" \/><\/figure><\/div>\n\n\n<p><em>Abbiamo \u2013 gi\u00e0 preventivamente all\u2019happening teatrale \u2013 rivolto alcune domande; curiosit\u00e0 all\u2019autrice. Sin da quando era bambina, De Mascellis ha avvertito \u2013 dentro di s\u00e9 \u2013 la presenza del Signore. Che \u00e8 felicit\u00e0 e grazia. E Dio la ha ricolmato di bei doni. Tanti carismi. Che l\u2019hanno portata a vincere alcune battaglie cruciali della sua esistenza. \u201cSi impara nel e con il dolore\u201d \u2013 \u00e8 una frase della giornalista che pi\u00f9 ci ha impressionate.<\/em> E che, nelle note finali, ha ricordato anche una sua ricerca storiografica \u2013 di fonti di archivio \u2013 sull\u2019ospedale \u201cSan Giovanni di Dio e Ruggi d\u2019Aragona\u201d, sorto secoli fa. San Giovanni di Dio, pare, \u00e8 il capostipite\/il fondatore dell\u2019ospedale \u201cmoderno\u201d. Com\u2019\u00e8 inteso nella contemporaneit\u00e0. <\/p>\n\n\n\n<p><strong>Ecco alcune risposte della scrittrice, \u201cpungolata\u201d (amabilmente) dai nostri quesiti. \u201cHo pubblicato tale libro \u2013 ci rivela (e \u201csi\u201d rivela) \u2013 perch\u00e9 amo scrivere, raccontando la vita nella sua bellezza e anche nella tristezza. Da vincere, con la fede nel Signore\u201d. \u00c8 la sua quinta \u201cfatica letteraria\u201d, ma gi\u00e0 ha in mente il progetto di altre opere \u2013 usualmente incentrate su figure di religiosi o religiose, oppure su argomenti teologici.<\/strong> \u201cAbbiamo necessit\u00e0 di testimoni di speranza \u2013 dichiara, interrogata sull\u2019opportunit\u00e0 di scrivere il libro adesso. Come padre Candido, padre spirituale della cronista per ben vent\u2019anni. <em>\u201cUna forza interiore incredibile \u2013 racconta Patrizia. \u201cHa pianto, pregato e gioito con me e con la mia famiglia. Tante persone sono state da lui accompagnate nella via del bene\u201d. Non c\u2019\u00e8 un perch\u00e9 all\u2019amore di questa donna, coraggiosa e lottatrice, verso Dio. \u201cCristo \u00e8 per me la vita stessa \u2013 dice \u2013 nutro per Lui un amore grande fin da piccola. E questo \u00e8 un dono. Non so il motivo per il quale ci\u00f2 accada\u201d.<\/em> Ma com\u2019\u00e8 nata la \u201cvocazione\u201d per il giornalismo \u2013 soprattutto quello\u2026 \u201creligioso\u201d? <strong><em>\u201cSin da bambina \u2013 risponde \u2013 leggevo tanto e scrivevo poesie. Nei temi scolastici notavo di possedere uno stile giornalistico molto naturale. Alle scuole medie, la mia professoressa di Lettere mi affid\u00f2 la stesura del giornalino di classe. Fu proprio in quest\u2019occasione che iniziai a effettuare le prime interviste e a vergare i primi miei articoli\u201d. \u201cLa societ\u00e0 odierna \u2013 chiosa \u2013 vive spasmi di dolore. Il senso religioso \u00e8 venuto meno. Eppure la fede, testimoniata in parole ed opere, \u00e8 l\u2019unico modo di seminare felicit\u00e0\u201d. Ed \u00e8 l\u2019insegnamento di vita, sia di questa piccola grande (forte, non \u201cfragile\u201d) che di fra Candido. <\/em><\/strong><\/p>\n\n\n\n<p>Per tutti coloro che vorranno impegnarsi nei confronti del prossimo. Il Signore si rivolge particolarmente a noi giornalisti, che abbiamo l\u2019immensa e bella responsabilit\u00e0 di comunicare agli altri la bellezza del messaggio evangelico. Cristiano. Cattolico. E non solo! Concludiamo con il ricordare le tantissime iniziative, oltre a \u201cIl libro in teatro\u201d, del sodalizio \u201cScriptorium\u201d e della vulcanica \u201cpresidente\u201d \u2013 Luciana Mauro. Impegnata anche in progetti, di natura solidale e di promozione civica. Come il recente cartellone di \u201cCaff\u00e8 letterario\u201d (o \u201cCaff\u00e8 Noir\u201d), all\u2019interno del carcere di Fuorni \u2013 Salerno. Kermesse di grande profilo e ad ampio respiro. Rivolte a tutti\/a tutte. In tema di inclusione ed empatia.<\/p>\n\n\n\n<p class=\"has-text-align-left\"><br><br><img loading=\"lazy\" decoding=\"async\" width=\"100\" height=\"100\" class=\"wp-image-6058\" style=\"width: 100px;\" src=\"https:\/\/www.istitutogalanteoliva.it\/magazine\/wp-content\/uploads\/2021\/03\/Anna-Maria1.jpg\" alt=\"\" srcset=\"https:\/\/www.istitutogalanteoliva.it\/magazine\/wp-content\/uploads\/2021\/03\/Anna-Maria1.jpg 674w, https:\/\/www.istitutogalanteoliva.it\/magazine\/wp-content\/uploads\/2021\/03\/Anna-Maria1-300x300.jpg 300w, https:\/\/www.istitutogalanteoliva.it\/magazine\/wp-content\/uploads\/2021\/03\/Anna-Maria1-150x150.jpg 150w\" sizes=\"auto, (max-width: 100px) 100vw, 100px\" \/>  <em><span class=\"has-inline-color has-vivid-cyan-blue-color\"><strong><a href=\"https:\/\/www.istitutogalanteoliva.it\/magazine\/?s=Anna+Maria+Noia+\" target=\"_blank\" rel=\"noreferrer noopener\">Anna Maria Noia <\/a><\/strong><\/span><\/em><\/p>\n<div class=\"pdfprnt-buttons pdfprnt-buttons-post pdfprnt-bottom-left\"><a href=\"https:\/\/www.istitutogalanteoliva.it\/magazine\/wp-json\/wp\/v2\/posts\/13467?print=print\" class=\"pdfprnt-button pdfprnt-button-print\" target=\"_blank\"><img decoding=\"async\" src=\"https:\/\/www.istitutogalanteoliva.it\/magazine\/wp-content\/plugins\/pdf-print\/images\/print.png\" alt=\"image_print\" title=\"Stampa contenuto\" \/><span class=\"pdfprnt-button-title pdfprnt-button-print-title\">Download in PDF<\/span><\/a><\/div>","protected":false},"excerpt":{"rendered":"<p>Il libro della giornalista salernitana<br \/>\nparla anche della &#8220;culla della vita&#8221; all&#8217;ospedale di Salerno<\/p>\n","protected":false},"author":2,"featured_media":13472,"comment_status":"closed","ping_status":"open","sticky":true,"template":"","format":"standard","meta":{"footnotes":""},"categories":[731],"tags":[792,793],"class_list":["post-13467","post","type-post","status-publish","format-standard","has-post-thumbnail","hentry","category-731","tag-come-ama-dio","tag-padre-candido-gallo"],"yoast_head":"<!-- This site is optimized with the Yoast SEO plugin v24.2 - https:\/\/yoast.com\/wordpress\/plugins\/seo\/ -->\n<title>&quot;Come ama Dio&quot;, il libro su padre Candido Gallo di Patrizia De Mascellis - Polis SA Magazine<\/title>\n<meta name=\"robots\" content=\"index, follow, max-snippet:-1, max-image-preview:large, max-video-preview:-1\" \/>\n<link rel=\"canonical\" href=\"https:\/\/www.istitutogalanteoliva.it\/magazine\/2023\/04\/18\/come-ama-dio-il-libro-su-padre-candido-gallo-di-patrizia-de-mascellis\/\" \/>\n<meta property=\"og:locale\" content=\"it_IT\" \/>\n<meta property=\"og:type\" content=\"article\" \/>\n<meta property=\"og:title\" content=\"&quot;Come ama Dio&quot;, il libro su padre Candido Gallo di Patrizia De Mascellis - Polis SA Magazine\" \/>\n<meta property=\"og:description\" content=\"Il libro della giornalista salernitana parla anche della &quot;culla della vita&quot; all&#039;ospedale di Salerno\" \/>\n<meta property=\"og:url\" content=\"https:\/\/www.istitutogalanteoliva.it\/magazine\/2023\/04\/18\/come-ama-dio-il-libro-su-padre-candido-gallo-di-patrizia-de-mascellis\/\" \/>\n<meta property=\"og:site_name\" content=\"Polis SA Magazine\" \/>\n<meta property=\"article:publisher\" content=\"https:\/\/www.facebook.com\/PolisSAMagazine\/\" \/>\n<meta property=\"article:published_time\" content=\"2023-04-18T13:14:21+00:00\" \/>\n<meta property=\"article:modified_time\" content=\"2023-04-19T13:43:37+00:00\" \/>\n<meta property=\"og:image\" content=\"https:\/\/www.istitutogalanteoliva.it\/magazine\/wp-content\/uploads\/2023\/04\/candido-gallo-3.jpg\" \/>\n\t<meta property=\"og:image:width\" content=\"700\" \/>\n\t<meta property=\"og:image:height\" content=\"380\" \/>\n\t<meta property=\"og:image:type\" content=\"image\/jpeg\" \/>\n<meta name=\"author\" content=\"Antonello Rivano\" \/>\n<meta name=\"twitter:card\" content=\"summary_large_image\" \/>\n<meta name=\"twitter:creator\" content=\"@MagazinePolis\" \/>\n<meta name=\"twitter:site\" content=\"@MagazinePolis\" \/>\n<meta name=\"twitter:label1\" content=\"Scritto da\" \/>\n\t<meta name=\"twitter:data1\" content=\"Antonello Rivano\" \/>\n<script type=\"application\/ld+json\" class=\"yoast-schema-graph\">{\"@context\":\"https:\/\/schema.org\",\"@graph\":[{\"@type\":\"Article\",\"@id\":\"https:\/\/www.istitutogalanteoliva.it\/magazine\/2023\/04\/18\/come-ama-dio-il-libro-su-padre-candido-gallo-di-patrizia-de-mascellis\/#article\",\"isPartOf\":{\"@id\":\"https:\/\/www.istitutogalanteoliva.it\/magazine\/2023\/04\/18\/come-ama-dio-il-libro-su-padre-candido-gallo-di-patrizia-de-mascellis\/\"},\"author\":{\"name\":\"Antonello Rivano\",\"@id\":\"https:\/\/www.istitutogalanteoliva.it\/magazine\/#\/schema\/person\/d8b8aa79cfe8babc1df9da3212a7c0c4\"},\"headline\":\"&#8220;Come ama Dio&#8221;, il libro su padre Candido Gallo di Patrizia De Mascellis\",\"datePublished\":\"2023-04-18T13:14:21+00:00\",\"dateModified\":\"2023-04-19T13:43:37+00:00\",\"mainEntityOfPage\":{\"@id\":\"https:\/\/www.istitutogalanteoliva.it\/magazine\/2023\/04\/18\/come-ama-dio-il-libro-su-padre-candido-gallo-di-patrizia-de-mascellis\/\"},\"wordCount\":1995,\"publisher\":{\"@id\":\"https:\/\/www.istitutogalanteoliva.it\/magazine\/#organization\"},\"image\":{\"@id\":\"https:\/\/www.istitutogalanteoliva.it\/magazine\/2023\/04\/18\/come-ama-dio-il-libro-su-padre-candido-gallo-di-patrizia-de-mascellis\/#primaryimage\"},\"thumbnailUrl\":\"https:\/\/www.istitutogalanteoliva.it\/magazine\/wp-content\/uploads\/2023\/04\/candido-gallo-3.jpg\",\"keywords\":[\"Come ama Dio\",\"padre Candido Gallo\"],\"articleSection\":[\"2023\"],\"inLanguage\":\"it-IT\"},{\"@type\":\"WebPage\",\"@id\":\"https:\/\/www.istitutogalanteoliva.it\/magazine\/2023\/04\/18\/come-ama-dio-il-libro-su-padre-candido-gallo-di-patrizia-de-mascellis\/\",\"url\":\"https:\/\/www.istitutogalanteoliva.it\/magazine\/2023\/04\/18\/come-ama-dio-il-libro-su-padre-candido-gallo-di-patrizia-de-mascellis\/\",\"name\":\"\\\"Come ama Dio\\\", il libro su padre Candido Gallo di Patrizia De Mascellis - Polis SA Magazine\",\"isPartOf\":{\"@id\":\"https:\/\/www.istitutogalanteoliva.it\/magazine\/#website\"},\"primaryImageOfPage\":{\"@id\":\"https:\/\/www.istitutogalanteoliva.it\/magazine\/2023\/04\/18\/come-ama-dio-il-libro-su-padre-candido-gallo-di-patrizia-de-mascellis\/#primaryimage\"},\"image\":{\"@id\":\"https:\/\/www.istitutogalanteoliva.it\/magazine\/2023\/04\/18\/come-ama-dio-il-libro-su-padre-candido-gallo-di-patrizia-de-mascellis\/#primaryimage\"},\"thumbnailUrl\":\"https:\/\/www.istitutogalanteoliva.it\/magazine\/wp-content\/uploads\/2023\/04\/candido-gallo-3.jpg\",\"datePublished\":\"2023-04-18T13:14:21+00:00\",\"dateModified\":\"2023-04-19T13:43:37+00:00\",\"breadcrumb\":{\"@id\":\"https:\/\/www.istitutogalanteoliva.it\/magazine\/2023\/04\/18\/come-ama-dio-il-libro-su-padre-candido-gallo-di-patrizia-de-mascellis\/#breadcrumb\"},\"inLanguage\":\"it-IT\",\"potentialAction\":[{\"@type\":\"ReadAction\",\"target\":[\"https:\/\/www.istitutogalanteoliva.it\/magazine\/2023\/04\/18\/come-ama-dio-il-libro-su-padre-candido-gallo-di-patrizia-de-mascellis\/\"]}]},{\"@type\":\"ImageObject\",\"inLanguage\":\"it-IT\",\"@id\":\"https:\/\/www.istitutogalanteoliva.it\/magazine\/2023\/04\/18\/come-ama-dio-il-libro-su-padre-candido-gallo-di-patrizia-de-mascellis\/#primaryimage\",\"url\":\"https:\/\/www.istitutogalanteoliva.it\/magazine\/wp-content\/uploads\/2023\/04\/candido-gallo-3.jpg\",\"contentUrl\":\"https:\/\/www.istitutogalanteoliva.it\/magazine\/wp-content\/uploads\/2023\/04\/candido-gallo-3.jpg\",\"width\":700,\"height\":380},{\"@type\":\"BreadcrumbList\",\"@id\":\"https:\/\/www.istitutogalanteoliva.it\/magazine\/2023\/04\/18\/come-ama-dio-il-libro-su-padre-candido-gallo-di-patrizia-de-mascellis\/#breadcrumb\",\"itemListElement\":[{\"@type\":\"ListItem\",\"position\":1,\"name\":\"Home\",\"item\":\"https:\/\/www.istitutogalanteoliva.it\/magazine\/\"},{\"@type\":\"ListItem\",\"position\":2,\"name\":\"&#8220;Come ama Dio&#8221;, il libro su padre Candido Gallo di Patrizia De Mascellis\"}]},{\"@type\":\"WebSite\",\"@id\":\"https:\/\/www.istitutogalanteoliva.it\/magazine\/#website\",\"url\":\"https:\/\/www.istitutogalanteoliva.it\/magazine\/\",\"name\":\"POLIS SA MAGAZINE\",\"description\":\"Informazione e approfondimenti\",\"publisher\":{\"@id\":\"https:\/\/www.istitutogalanteoliva.it\/magazine\/#organization\"},\"potentialAction\":[{\"@type\":\"SearchAction\",\"target\":{\"@type\":\"EntryPoint\",\"urlTemplate\":\"https:\/\/www.istitutogalanteoliva.it\/magazine\/?s={search_term_string}\"},\"query-input\":{\"@type\":\"PropertyValueSpecification\",\"valueRequired\":true,\"valueName\":\"search_term_string\"}}],\"inLanguage\":\"it-IT\"},{\"@type\":\"Organization\",\"@id\":\"https:\/\/www.istitutogalanteoliva.it\/magazine\/#organization\",\"name\":\"Polis SA Magazine\",\"url\":\"https:\/\/www.istitutogalanteoliva.it\/magazine\/\",\"logo\":{\"@type\":\"ImageObject\",\"inLanguage\":\"it-IT\",\"@id\":\"https:\/\/www.istitutogalanteoliva.it\/magazine\/#\/schema\/logo\/image\/\",\"url\":\"\",\"contentUrl\":\"\",\"caption\":\"Polis SA Magazine\"},\"image\":{\"@id\":\"https:\/\/www.istitutogalanteoliva.it\/magazine\/#\/schema\/logo\/image\/\"},\"sameAs\":[\"https:\/\/www.facebook.com\/PolisSAMagazine\/\",\"https:\/\/x.com\/MagazinePolis\",\"https:\/\/www.youtube.com\/channel\/UCv0Mr5AHKUmsc0sEEXkJrgw\"]},{\"@type\":\"Person\",\"@id\":\"https:\/\/www.istitutogalanteoliva.it\/magazine\/#\/schema\/person\/d8b8aa79cfe8babc1df9da3212a7c0c4\",\"name\":\"Antonello Rivano\",\"image\":{\"@type\":\"ImageObject\",\"inLanguage\":\"it-IT\",\"@id\":\"https:\/\/www.istitutogalanteoliva.it\/magazine\/#\/schema\/person\/image\/\",\"url\":\"https:\/\/secure.gravatar.com\/avatar\/517a9a6487a7a18ecc4ce6d2e57a8f40?s=96&d=mm&r=g\",\"contentUrl\":\"https:\/\/secure.gravatar.com\/avatar\/517a9a6487a7a18ecc4ce6d2e57a8f40?s=96&d=mm&r=g\",\"caption\":\"Antonello Rivano\"},\"url\":\"https:\/\/www.istitutogalanteoliva.it\/magazine\/author\/antonello\/\"}]}<\/script>\n<!-- \/ Yoast SEO plugin. -->","yoast_head_json":{"title":"\"Come ama Dio\", il libro su padre Candido Gallo di Patrizia De Mascellis - Polis SA Magazine","robots":{"index":"index","follow":"follow","max-snippet":"max-snippet:-1","max-image-preview":"max-image-preview:large","max-video-preview":"max-video-preview:-1"},"canonical":"https:\/\/www.istitutogalanteoliva.it\/magazine\/2023\/04\/18\/come-ama-dio-il-libro-su-padre-candido-gallo-di-patrizia-de-mascellis\/","og_locale":"it_IT","og_type":"article","og_title":"\"Come ama Dio\", il libro su padre Candido Gallo di Patrizia De Mascellis - Polis SA Magazine","og_description":"Il libro della giornalista salernitana parla anche della \"culla della vita\" all'ospedale di Salerno","og_url":"https:\/\/www.istitutogalanteoliva.it\/magazine\/2023\/04\/18\/come-ama-dio-il-libro-su-padre-candido-gallo-di-patrizia-de-mascellis\/","og_site_name":"Polis SA Magazine","article_publisher":"https:\/\/www.facebook.com\/PolisSAMagazine\/","article_published_time":"2023-04-18T13:14:21+00:00","article_modified_time":"2023-04-19T13:43:37+00:00","og_image":[{"width":700,"height":380,"url":"https:\/\/www.istitutogalanteoliva.it\/magazine\/wp-content\/uploads\/2023\/04\/candido-gallo-3.jpg","type":"image\/jpeg"}],"author":"Antonello Rivano","twitter_card":"summary_large_image","twitter_creator":"@MagazinePolis","twitter_site":"@MagazinePolis","twitter_misc":{"Scritto da":"Antonello Rivano"},"schema":{"@context":"https:\/\/schema.org","@graph":[{"@type":"Article","@id":"https:\/\/www.istitutogalanteoliva.it\/magazine\/2023\/04\/18\/come-ama-dio-il-libro-su-padre-candido-gallo-di-patrizia-de-mascellis\/#article","isPartOf":{"@id":"https:\/\/www.istitutogalanteoliva.it\/magazine\/2023\/04\/18\/come-ama-dio-il-libro-su-padre-candido-gallo-di-patrizia-de-mascellis\/"},"author":{"name":"Antonello Rivano","@id":"https:\/\/www.istitutogalanteoliva.it\/magazine\/#\/schema\/person\/d8b8aa79cfe8babc1df9da3212a7c0c4"},"headline":"&#8220;Come ama Dio&#8221;, il libro su padre Candido Gallo di Patrizia De Mascellis","datePublished":"2023-04-18T13:14:21+00:00","dateModified":"2023-04-19T13:43:37+00:00","mainEntityOfPage":{"@id":"https:\/\/www.istitutogalanteoliva.it\/magazine\/2023\/04\/18\/come-ama-dio-il-libro-su-padre-candido-gallo-di-patrizia-de-mascellis\/"},"wordCount":1995,"publisher":{"@id":"https:\/\/www.istitutogalanteoliva.it\/magazine\/#organization"},"image":{"@id":"https:\/\/www.istitutogalanteoliva.it\/magazine\/2023\/04\/18\/come-ama-dio-il-libro-su-padre-candido-gallo-di-patrizia-de-mascellis\/#primaryimage"},"thumbnailUrl":"https:\/\/www.istitutogalanteoliva.it\/magazine\/wp-content\/uploads\/2023\/04\/candido-gallo-3.jpg","keywords":["Come ama Dio","padre Candido Gallo"],"articleSection":["2023"],"inLanguage":"it-IT"},{"@type":"WebPage","@id":"https:\/\/www.istitutogalanteoliva.it\/magazine\/2023\/04\/18\/come-ama-dio-il-libro-su-padre-candido-gallo-di-patrizia-de-mascellis\/","url":"https:\/\/www.istitutogalanteoliva.it\/magazine\/2023\/04\/18\/come-ama-dio-il-libro-su-padre-candido-gallo-di-patrizia-de-mascellis\/","name":"\"Come ama Dio\", il libro su padre Candido Gallo di Patrizia De Mascellis - Polis SA Magazine","isPartOf":{"@id":"https:\/\/www.istitutogalanteoliva.it\/magazine\/#website"},"primaryImageOfPage":{"@id":"https:\/\/www.istitutogalanteoliva.it\/magazine\/2023\/04\/18\/come-ama-dio-il-libro-su-padre-candido-gallo-di-patrizia-de-mascellis\/#primaryimage"},"image":{"@id":"https:\/\/www.istitutogalanteoliva.it\/magazine\/2023\/04\/18\/come-ama-dio-il-libro-su-padre-candido-gallo-di-patrizia-de-mascellis\/#primaryimage"},"thumbnailUrl":"https:\/\/www.istitutogalanteoliva.it\/magazine\/wp-content\/uploads\/2023\/04\/candido-gallo-3.jpg","datePublished":"2023-04-18T13:14:21+00:00","dateModified":"2023-04-19T13:43:37+00:00","breadcrumb":{"@id":"https:\/\/www.istitutogalanteoliva.it\/magazine\/2023\/04\/18\/come-ama-dio-il-libro-su-padre-candido-gallo-di-patrizia-de-mascellis\/#breadcrumb"},"inLanguage":"it-IT","potentialAction":[{"@type":"ReadAction","target":["https:\/\/www.istitutogalanteoliva.it\/magazine\/2023\/04\/18\/come-ama-dio-il-libro-su-padre-candido-gallo-di-patrizia-de-mascellis\/"]}]},{"@type":"ImageObject","inLanguage":"it-IT","@id":"https:\/\/www.istitutogalanteoliva.it\/magazine\/2023\/04\/18\/come-ama-dio-il-libro-su-padre-candido-gallo-di-patrizia-de-mascellis\/#primaryimage","url":"https:\/\/www.istitutogalanteoliva.it\/magazine\/wp-content\/uploads\/2023\/04\/candido-gallo-3.jpg","contentUrl":"https:\/\/www.istitutogalanteoliva.it\/magazine\/wp-content\/uploads\/2023\/04\/candido-gallo-3.jpg","width":700,"height":380},{"@type":"BreadcrumbList","@id":"https:\/\/www.istitutogalanteoliva.it\/magazine\/2023\/04\/18\/come-ama-dio-il-libro-su-padre-candido-gallo-di-patrizia-de-mascellis\/#breadcrumb","itemListElement":[{"@type":"ListItem","position":1,"name":"Home","item":"https:\/\/www.istitutogalanteoliva.it\/magazine\/"},{"@type":"ListItem","position":2,"name":"&#8220;Come ama Dio&#8221;, il libro su padre Candido Gallo di Patrizia De Mascellis"}]},{"@type":"WebSite","@id":"https:\/\/www.istitutogalanteoliva.it\/magazine\/#website","url":"https:\/\/www.istitutogalanteoliva.it\/magazine\/","name":"POLIS SA MAGAZINE","description":"Informazione e approfondimenti","publisher":{"@id":"https:\/\/www.istitutogalanteoliva.it\/magazine\/#organization"},"potentialAction":[{"@type":"SearchAction","target":{"@type":"EntryPoint","urlTemplate":"https:\/\/www.istitutogalanteoliva.it\/magazine\/?s={search_term_string}"},"query-input":{"@type":"PropertyValueSpecification","valueRequired":true,"valueName":"search_term_string"}}],"inLanguage":"it-IT"},{"@type":"Organization","@id":"https:\/\/www.istitutogalanteoliva.it\/magazine\/#organization","name":"Polis SA Magazine","url":"https:\/\/www.istitutogalanteoliva.it\/magazine\/","logo":{"@type":"ImageObject","inLanguage":"it-IT","@id":"https:\/\/www.istitutogalanteoliva.it\/magazine\/#\/schema\/logo\/image\/","url":"","contentUrl":"","caption":"Polis SA Magazine"},"image":{"@id":"https:\/\/www.istitutogalanteoliva.it\/magazine\/#\/schema\/logo\/image\/"},"sameAs":["https:\/\/www.facebook.com\/PolisSAMagazine\/","https:\/\/x.com\/MagazinePolis","https:\/\/www.youtube.com\/channel\/UCv0Mr5AHKUmsc0sEEXkJrgw"]},{"@type":"Person","@id":"https:\/\/www.istitutogalanteoliva.it\/magazine\/#\/schema\/person\/d8b8aa79cfe8babc1df9da3212a7c0c4","name":"Antonello Rivano","image":{"@type":"ImageObject","inLanguage":"it-IT","@id":"https:\/\/www.istitutogalanteoliva.it\/magazine\/#\/schema\/person\/image\/","url":"https:\/\/secure.gravatar.com\/avatar\/517a9a6487a7a18ecc4ce6d2e57a8f40?s=96&d=mm&r=g","contentUrl":"https:\/\/secure.gravatar.com\/avatar\/517a9a6487a7a18ecc4ce6d2e57a8f40?s=96&d=mm&r=g","caption":"Antonello Rivano"},"url":"https:\/\/www.istitutogalanteoliva.it\/magazine\/author\/antonello\/"}]}},"_links":{"self":[{"href":"https:\/\/www.istitutogalanteoliva.it\/magazine\/wp-json\/wp\/v2\/posts\/13467","targetHints":{"allow":["GET"]}}],"collection":[{"href":"https:\/\/www.istitutogalanteoliva.it\/magazine\/wp-json\/wp\/v2\/posts"}],"about":[{"href":"https:\/\/www.istitutogalanteoliva.it\/magazine\/wp-json\/wp\/v2\/types\/post"}],"author":[{"embeddable":true,"href":"https:\/\/www.istitutogalanteoliva.it\/magazine\/wp-json\/wp\/v2\/users\/2"}],"replies":[{"embeddable":true,"href":"https:\/\/www.istitutogalanteoliva.it\/magazine\/wp-json\/wp\/v2\/comments?post=13467"}],"version-history":[{"count":1,"href":"https:\/\/www.istitutogalanteoliva.it\/magazine\/wp-json\/wp\/v2\/posts\/13467\/revisions"}],"predecessor-version":[{"id":13473,"href":"https:\/\/www.istitutogalanteoliva.it\/magazine\/wp-json\/wp\/v2\/posts\/13467\/revisions\/13473"}],"wp:featuredmedia":[{"embeddable":true,"href":"https:\/\/www.istitutogalanteoliva.it\/magazine\/wp-json\/wp\/v2\/media\/13472"}],"wp:attachment":[{"href":"https:\/\/www.istitutogalanteoliva.it\/magazine\/wp-json\/wp\/v2\/media?parent=13467"}],"wp:term":[{"taxonomy":"category","embeddable":true,"href":"https:\/\/www.istitutogalanteoliva.it\/magazine\/wp-json\/wp\/v2\/categories?post=13467"},{"taxonomy":"post_tag","embeddable":true,"href":"https:\/\/www.istitutogalanteoliva.it\/magazine\/wp-json\/wp\/v2\/tags?post=13467"}],"curies":[{"name":"wp","href":"https:\/\/api.w.org\/{rel}","templated":true}]}}