{"id":1348,"date":"2016-02-05T14:05:33","date_gmt":"2016-02-05T13:05:33","guid":{"rendered":"http:\/\/www.edizionipolis.it\/magazine\/?p=1348"},"modified":"2019-08-26T14:20:02","modified_gmt":"2019-08-26T12:20:02","slug":"la-meglio-gioventu-la-storia-di-francesco-filippini-e-la-voglia-di-rivincere","status":"publish","type":"post","link":"https:\/\/www.istitutogalanteoliva.it\/magazine\/2016\/02\/05\/la-meglio-gioventu-la-storia-di-francesco-filippini-e-la-voglia-di-rivincere\/","title":{"rendered":"La Meglio Gioventu\u0300: la storia di Francesco Filippini e la voglia di rivincere"},"content":{"rendered":"\n<p>La storia che stiamo per raccontare parla di un ragazzo, un giovane disegnatore napoletano. Uno straordinario talento per l\u2019animazione, anzi, si pu\u00f2 dire che lui ci \u00e8 nato con la matita. Ventidue anni, originario di Chiaiano. Un percorso professionale iniziato a 13 anni, fatto di incontri fortuiti, collaborazioni con personaggi al limite del grottesco, una esperienza profonda negli Stati Uniti, <em>nomination <\/em>a importanti premiazioni e festival. Ma sempre con la voglia di tornare a mettere radici nella sua terra, nel piccolo quartiere di Chiaiano, la sua Napoli. Francesco Filippini \u00e8 un ex emigrante, col desiderio di costruire qualcosa di buono in Italia, al Sud. Nel suo tratto disegnato e nella sua risata libera, si sente la fragranza di quella particolare tradizione napoletana che appartiene alla narrazione orale, la necessit\u00e0 di raccontare la vita e la morte, le brutture, gli indimenticabili difetti, le passioni e la potenza creativa di una terra, Napoli che, nonostante tutto, ancora oggi, resta dimora \u2013 come disse Pier Paolo Pasolini \u2013 di \u00abuna grande trib\u00f9 che anzich\u00e9 vivere nel deserto o nella savana, come i Tuareg o i Beja, vive nel ventre di una grande citt\u00e0 di mare\u00bb. Francesco porta con s\u00e9 quella tradizione, sa dove vuole arrivare. Studente dell\u2019Istituto d\u2019Arte Filippo Palizzi \u2013 che non ha mai ultimato \u2013 \u00e8 stato candidato ai David di Donatello per il cortometraggio animato \u201cOrkiestra\u201d e uno dei progetti al quale ha collaborato con il disegnatore statunitense Bill Plympton \u00e8 stato inserito nella rosa dei candidati all\u2019Oscar 2016 per miglior cortometraggio d\u2019animazione. Ora collabora con la Mad Entertainment di Napoli, diventata famosa per aver realizzato il film d\u2019animazione \u201cL\u2019Arte della Felicit\u00e0\u201d. Grafico, illustratore, regista, sceneggiatore, compositore. L\u2019artista napoletano \u00e8 solo all\u2019inizio. <\/p>\n\n\n\n<p><em>Francesco, quando hai capito che il disegno era il tuo destino?\n<\/em><\/p>\n\n\n\n<p>\u00abA me \u00e8 sempre piaciuto disegnare. Poi un giorno ho deciso di provare a farne un la-\nvoro. Ci sto provando. Il primo progetto nel campo della grafica fu quello di impaginare\nun libro. Si intitolava \u201cThe True Sparano\u2019s Story\u201d. La storia di Patrick Armond Francke.\nDiceva che avevano copiato la storia della sua vita facendone una serie tv. Quella serie\nera \u201cThe Sopranos\u201d. Realizzai la copertina. \u00c8 stata una coincidenza molto strana partire\ncon questo libro. Mi convinse a farlo dicendomi che i proventi sarebbero stati dati in be-\nneficienza. Il lavoro non mi fu mai accreditato. Avevo 13 anni e usai il nome di mio padre\nper farmelo pagare\u00bb.\n<\/p>\n\n\n\n<p><em>Com\u2019\u00e8 iniziata l\u2019avventura negli Stati Uniti?\n<\/em><\/p>\n\n\n\n<p>\u00ab\u00c8 stata un\u2019altra coincidenza molto strana. Tutto \u00e8 nato dall\u2019incontro con una signora americana che ha una casa a Napoli, Ann Pizzorusso. Stava scrivendo un libro sulla geologia e sull\u2019arte in Italia. Era in visita al centro storico di Napoli ed entr\u00f2 all\u2019interno del palazzo dell\u2019attuale Istituto d\u2019Arte Filippo Palizzi, dietro Piazza Plebiscito. Rimase affascinata dagli archi bellissimi della struttura. In realt\u00e0 stava cercando un ragazzo che le facesse le illustrazioni per il suo volume. Fu cos\u00ec che i professori decisero di segnalare me, visto che avevo gi\u00e0 esperienza nell\u2019impaginazione. Quello con Ann \u00e8 stato un pro- getto durato alcuni anni, una fruttuosa collaborazione, grazie alla quale sono poi finito a New York, partecipando a diversi festival dei libri. Avevo 17 anni e mi ritrovai in quella grande citt\u00e0. Il libro ha ricevuto molti premi. Tra questi, quello per la miglior copertina, l\u2019Interior Book Design allo Usa Best Book Awards del 2014\u00bb. <\/p>\n\n\n\n<p><em>L\u00ec hai incontrato Bill Plympton?\n<\/em><\/p>\n\n\n\n<p>\u00abA Manhattan. Mi misi a cercare studi di animazione. Trovai il suo. Salii da lui senza\nappuntamento e gli presentai i miei lavori. Prima abbiamo realizzato uno spot, dove ho\navuto un ruolo marginale per avvicinarmi alla produzione. Quando siamo arrivati ad una\nsintonia, mi ha proposto di fare l\u2019<em>art director <\/em>del suo cortometraggio. \u00c8 nato cos\u00ec il lavoro\ndi \u201cThe Loneliest Stoplight\u201d, la storia \u2013 ambientata in una strada deserta del Texas \u2013 di\nun semaforo che, in seguito a un incidente stradale tra una macchina e un cavallo, viene\ninstallato in mezzo a quello sterminato e solitario deserto americano\u00bb.\n<\/p>\n\n\n\n<p><em>In realt\u00e0, per\u00f2, tu gi\u00e0 lavoravi nel campo dell\u2019animazione.\n<\/em><\/p>\n\n\n\n<p>\u00abS\u00ec. A Napoli. Ho iniziato realizzando un cortometraggio autoprodotto quando avevo\n16 anni. Scrissi la storia, feci i disegni e composi la musica. Un cortometraggio che non mi\npiaceva particolarmente, ma lo feci visionare dai ragazzi dello studio di animazione Mad\nEntertainment. A loro piacque molto. Mi convinsero a produrlo e fu nominato ai David\ndi Donatello. Si intitolava \u201cOrkiestra\u201d. La verit\u00e0 \u00e8 che non sto un attimo fermo. Faccio\nun milione di cose. Queste sono quelle che hanno fatto pi\u00f9 rumore.\u00bb\n<\/p>\n\n\n\n<p><em>A proposito di rumore, \u201cThe Loneliest Stoplight\u201d, \u00e8 finito tra i candidabili agli Oscar.\n<\/em><\/p>\n\n\n\n<p>\u00abEra nella <em>short list<\/em>, quelli candidabili, che sono una trentina. Di questi, cinque vanno\nalla premiazione\u00bb.\n<\/p>\n\n\n\n<p><em>Andrai ad Hollywood?\n<\/em><\/p>\n\n\n\n<p>\u00abNon penso. Sono solo due gli invitati. Andranno sicuramente Bill e la moglie. Ma\nposso gi\u00e0 fare una previsione. Vincer\u00e0 la Pixar\u00bb.\n<\/p>\n\n\n\n<p><em>C\u2019\u00e8 differenza tra il lavoro di disegnatore in Italia e Usa?\n<\/em><\/p>\n\n\n\n<p>\u00abIn America fanno i film per fare i soldi, in Italia si cercano i soldi per fare i film\u00bb.\n<\/p>\n\n\n\n<p><em>Adesso collabori con lo studio di animazione Mad. Progetti in cantiere?\n<\/em><\/p>\n\n\n\n<p>\u00abLo studio \u00e8 a lavoro su \u201cGatta Cenerentola\u201d. Poi c\u2019\u00e8 il cortometraggio di cui sto curando tutti gli aspetti. Sceneggiatura, regia, disegni. Si intitola \u201cSimposio suino in re minore\u201d. Un progetto che nasce quando ero a New York e sentivo la nostalgia per Chiaiano che \u00e8 il mio paese, il paese dove vivo. La storia \u00e8 di un maiale. Mi sono rifatto alle fiabe di tradizione orale napoletane. Una tradizione che continua a esistere a Napoli, a differenza di altre citt\u00e0. Qui posso mettermi ad ascoltare la mia prozia che mi racconta tutte le storie, come si faceva una volta. Per esempio, mi raccontava che lei, quand\u2019era piccola, vivevano in casa con il maiale. Era simbolo di ricchezza, avere un maiale, e, quindi, dovevano proteggerlo dai ladri. Queste atmosfere sono andate a costruire il contorno della mia storia. Ho immaginato la periferia di Napoli negli anni \u201830, quando ancora non era stata corrotta da tutto, l\u2019ultimo periodo in cui ancora si riuscivano a conservare le nostre origini. Oggi l\u2019americanizzazione si nota in qualsiasi cosa. Il lavoro verr\u00e0 prodotto da SkyDancers [quest\u2019ultima aveva prodotto il film di John Turturro, \u201cPassione\u201d, <em>ndr<\/em>.], con la produzione esecutiva della Mad Entertainment e il riconoscimento da parte del Ministero dei Beni Culturali.\u00bb <\/p>\n\n\n\n<p><em>Napoli. Cos\u2019\u00e8 per te?\n<\/em><\/p>\n\n\n\n<p>\u00abLa mia origine\u00bb.\n<\/p>\n\n\n\n<p><em>Un consiglio ai giovani?\n<\/em><\/p>\n\n\n\n<p>\u00abA quelli che non vogliono avere un lavoro di impiegato, ma essere capi di se stessi, il consiglio \u00e8 fare qualsiasi cosa, non stare mai con le mani in mano aspettando che qualcuno scenda dal cielo e gli porti la santit\u00e0 tra le mani. Fare qualcosa tutti i giorni. Prima o poi la strada viene da s\u00e9\u00bb. <\/p>\n\n\n\n<p><em>Perch\u00e9, secondo te, i giovani lasciano il nostro Paese?\n<\/em><\/p>\n\n\n\n<p>\u00abNel campo artistico \u00e8 molto semplice capire il motivo. Qui non c\u2019\u00e8 il merito. Tuttavia, per strada sento che qui c\u2019\u00e8 molta voglia di cultura, c\u2019\u00e8 quasi un rinascimento che non c\u2019\u00e8 negli altri paesi come l\u2019America. Vedere qui i musei che chiudono, i palazzi storici deturpati fa venire voglia di rivincita. \u00c8 il motivo per cui ho scelto di fare questo cortometraggio qui. Farlo in America sarebbe stato come far cadere una goccia in un lago, qui pu\u00f2 avere la potenza di una cascata. Dunque, va bene emigrare, \u00e8 un\u2019esperienza. Poi per\u00f2 c\u2019\u00e8 il bisogno di difendere il proprio territorio. Altrimenti \u00e8 facile lamentarsi quando non si fa niente di pratico\u00bb. <\/p>\n\n\n\n<p style=\"text-align:right\"><em>Davide Speranza\n<\/em><\/p>\n<div class=\"pdfprnt-buttons pdfprnt-buttons-post pdfprnt-bottom-left\"><a href=\"https:\/\/www.istitutogalanteoliva.it\/magazine\/wp-json\/wp\/v2\/posts\/1348?print=print\" class=\"pdfprnt-button pdfprnt-button-print\" target=\"_blank\"><img decoding=\"async\" src=\"https:\/\/www.istitutogalanteoliva.it\/magazine\/wp-content\/plugins\/pdf-print\/images\/print.png\" alt=\"image_print\" title=\"Stampa contenuto\" \/><span class=\"pdfprnt-button-title pdfprnt-button-print-title\">Download in PDF<\/span><\/a><\/div>","protected":false},"excerpt":{"rendered":"<p>La storia che stiamo per raccontare parla di un ragazzo, un giovane disegnatore napoletano. Uno<\/p>\n","protected":false},"author":1,"featured_media":1349,"comment_status":"open","ping_status":"open","sticky":false,"template":"","format":"standard","meta":{"footnotes":""},"categories":[5,30,24],"tags":[],"class_list":["post-1348","post","type-post","status-publish","format-standard","has-post-thumbnail","hentry","category-5","category-la_meglio_gioventu","category-voci"],"yoast_head":"<!-- This site is optimized with the Yoast SEO plugin v24.2 - https:\/\/yoast.com\/wordpress\/plugins\/seo\/ -->\n<title>La Meglio Gioventu\u0300: la storia di Francesco Filippini e la voglia di rivincere - Polis SA Magazine<\/title>\n<meta name=\"robots\" content=\"index, follow, max-snippet:-1, max-image-preview:large, max-video-preview:-1\" \/>\n<link rel=\"canonical\" href=\"https:\/\/www.istitutogalanteoliva.it\/magazine\/2016\/02\/05\/la-meglio-gioventu-la-storia-di-francesco-filippini-e-la-voglia-di-rivincere\/\" \/>\n<meta property=\"og:locale\" content=\"it_IT\" \/>\n<meta property=\"og:type\" content=\"article\" \/>\n<meta property=\"og:title\" content=\"La Meglio Gioventu\u0300: la storia di Francesco Filippini e la voglia di rivincere - Polis SA Magazine\" \/>\n<meta property=\"og:description\" content=\"La storia che stiamo per raccontare parla di un ragazzo, un giovane disegnatore napoletano. Uno\" \/>\n<meta property=\"og:url\" content=\"https:\/\/www.istitutogalanteoliva.it\/magazine\/2016\/02\/05\/la-meglio-gioventu-la-storia-di-francesco-filippini-e-la-voglia-di-rivincere\/\" \/>\n<meta property=\"og:site_name\" content=\"Polis SA Magazine\" \/>\n<meta property=\"article:publisher\" content=\"https:\/\/www.facebook.com\/PolisSAMagazine\/\" \/>\n<meta property=\"article:published_time\" content=\"2016-02-05T13:05:33+00:00\" \/>\n<meta property=\"article:modified_time\" content=\"2019-08-26T12:20:02+00:00\" \/>\n<meta property=\"og:image\" content=\"https:\/\/www.istitutogalanteoliva.it\/magazine\/wp-content\/uploads\/2019\/08\/francesco-filippini.jpg\" \/>\n\t<meta property=\"og:image:width\" content=\"700\" \/>\n\t<meta property=\"og:image:height\" content=\"392\" \/>\n\t<meta property=\"og:image:type\" content=\"image\/jpeg\" \/>\n<meta name=\"author\" content=\"admin\" \/>\n<meta name=\"twitter:card\" content=\"summary_large_image\" \/>\n<meta name=\"twitter:creator\" content=\"@MagazinePolis\" \/>\n<meta name=\"twitter:site\" content=\"@MagazinePolis\" \/>\n<meta name=\"twitter:label1\" content=\"Scritto da\" \/>\n\t<meta name=\"twitter:data1\" content=\"admin\" \/>\n\t<meta name=\"twitter:label2\" content=\"Tempo di lettura stimato\" \/>\n\t<meta name=\"twitter:data2\" content=\"6 minuti\" \/>\n<script type=\"application\/ld+json\" class=\"yoast-schema-graph\">{\"@context\":\"https:\/\/schema.org\",\"@graph\":[{\"@type\":\"Article\",\"@id\":\"https:\/\/www.istitutogalanteoliva.it\/magazine\/2016\/02\/05\/la-meglio-gioventu-la-storia-di-francesco-filippini-e-la-voglia-di-rivincere\/#article\",\"isPartOf\":{\"@id\":\"https:\/\/www.istitutogalanteoliva.it\/magazine\/2016\/02\/05\/la-meglio-gioventu-la-storia-di-francesco-filippini-e-la-voglia-di-rivincere\/\"},\"author\":{\"name\":\"admin\",\"@id\":\"https:\/\/www.istitutogalanteoliva.it\/magazine\/#\/schema\/person\/72e8141246542ebcf905456f5dbd4c49\"},\"headline\":\"La Meglio Gioventu\u0300: la storia di Francesco Filippini e la voglia di rivincere\",\"datePublished\":\"2016-02-05T13:05:33+00:00\",\"dateModified\":\"2019-08-26T12:20:02+00:00\",\"mainEntityOfPage\":{\"@id\":\"https:\/\/www.istitutogalanteoliva.it\/magazine\/2016\/02\/05\/la-meglio-gioventu-la-storia-di-francesco-filippini-e-la-voglia-di-rivincere\/\"},\"wordCount\":1259,\"commentCount\":0,\"publisher\":{\"@id\":\"https:\/\/www.istitutogalanteoliva.it\/magazine\/#organization\"},\"image\":{\"@id\":\"https:\/\/www.istitutogalanteoliva.it\/magazine\/2016\/02\/05\/la-meglio-gioventu-la-storia-di-francesco-filippini-e-la-voglia-di-rivincere\/#primaryimage\"},\"thumbnailUrl\":\"https:\/\/www.istitutogalanteoliva.it\/magazine\/wp-content\/uploads\/2019\/08\/francesco-filippini.jpg\",\"articleSection\":[\"2016\",\"La Meglio Gioventu\u0300\",\"Voci\"],\"inLanguage\":\"it-IT\",\"potentialAction\":[{\"@type\":\"CommentAction\",\"name\":\"Comment\",\"target\":[\"https:\/\/www.istitutogalanteoliva.it\/magazine\/2016\/02\/05\/la-meglio-gioventu-la-storia-di-francesco-filippini-e-la-voglia-di-rivincere\/#respond\"]}]},{\"@type\":\"WebPage\",\"@id\":\"https:\/\/www.istitutogalanteoliva.it\/magazine\/2016\/02\/05\/la-meglio-gioventu-la-storia-di-francesco-filippini-e-la-voglia-di-rivincere\/\",\"url\":\"https:\/\/www.istitutogalanteoliva.it\/magazine\/2016\/02\/05\/la-meglio-gioventu-la-storia-di-francesco-filippini-e-la-voglia-di-rivincere\/\",\"name\":\"La Meglio Gioventu\u0300: la storia di Francesco Filippini e la voglia di rivincere - Polis SA Magazine\",\"isPartOf\":{\"@id\":\"https:\/\/www.istitutogalanteoliva.it\/magazine\/#website\"},\"primaryImageOfPage\":{\"@id\":\"https:\/\/www.istitutogalanteoliva.it\/magazine\/2016\/02\/05\/la-meglio-gioventu-la-storia-di-francesco-filippini-e-la-voglia-di-rivincere\/#primaryimage\"},\"image\":{\"@id\":\"https:\/\/www.istitutogalanteoliva.it\/magazine\/2016\/02\/05\/la-meglio-gioventu-la-storia-di-francesco-filippini-e-la-voglia-di-rivincere\/#primaryimage\"},\"thumbnailUrl\":\"https:\/\/www.istitutogalanteoliva.it\/magazine\/wp-content\/uploads\/2019\/08\/francesco-filippini.jpg\",\"datePublished\":\"2016-02-05T13:05:33+00:00\",\"dateModified\":\"2019-08-26T12:20:02+00:00\",\"breadcrumb\":{\"@id\":\"https:\/\/www.istitutogalanteoliva.it\/magazine\/2016\/02\/05\/la-meglio-gioventu-la-storia-di-francesco-filippini-e-la-voglia-di-rivincere\/#breadcrumb\"},\"inLanguage\":\"it-IT\",\"potentialAction\":[{\"@type\":\"ReadAction\",\"target\":[\"https:\/\/www.istitutogalanteoliva.it\/magazine\/2016\/02\/05\/la-meglio-gioventu-la-storia-di-francesco-filippini-e-la-voglia-di-rivincere\/\"]}]},{\"@type\":\"ImageObject\",\"inLanguage\":\"it-IT\",\"@id\":\"https:\/\/www.istitutogalanteoliva.it\/magazine\/2016\/02\/05\/la-meglio-gioventu-la-storia-di-francesco-filippini-e-la-voglia-di-rivincere\/#primaryimage\",\"url\":\"https:\/\/www.istitutogalanteoliva.it\/magazine\/wp-content\/uploads\/2019\/08\/francesco-filippini.jpg\",\"contentUrl\":\"https:\/\/www.istitutogalanteoliva.it\/magazine\/wp-content\/uploads\/2019\/08\/francesco-filippini.jpg\",\"width\":700,\"height\":392},{\"@type\":\"BreadcrumbList\",\"@id\":\"https:\/\/www.istitutogalanteoliva.it\/magazine\/2016\/02\/05\/la-meglio-gioventu-la-storia-di-francesco-filippini-e-la-voglia-di-rivincere\/#breadcrumb\",\"itemListElement\":[{\"@type\":\"ListItem\",\"position\":1,\"name\":\"Home\",\"item\":\"https:\/\/www.istitutogalanteoliva.it\/magazine\/\"},{\"@type\":\"ListItem\",\"position\":2,\"name\":\"La Meglio Gioventu\u0300: la storia di Francesco Filippini e la voglia di rivincere\"}]},{\"@type\":\"WebSite\",\"@id\":\"https:\/\/www.istitutogalanteoliva.it\/magazine\/#website\",\"url\":\"https:\/\/www.istitutogalanteoliva.it\/magazine\/\",\"name\":\"POLIS SA MAGAZINE\",\"description\":\"Informazione e approfondimenti\",\"publisher\":{\"@id\":\"https:\/\/www.istitutogalanteoliva.it\/magazine\/#organization\"},\"potentialAction\":[{\"@type\":\"SearchAction\",\"target\":{\"@type\":\"EntryPoint\",\"urlTemplate\":\"https:\/\/www.istitutogalanteoliva.it\/magazine\/?s={search_term_string}\"},\"query-input\":{\"@type\":\"PropertyValueSpecification\",\"valueRequired\":true,\"valueName\":\"search_term_string\"}}],\"inLanguage\":\"it-IT\"},{\"@type\":\"Organization\",\"@id\":\"https:\/\/www.istitutogalanteoliva.it\/magazine\/#organization\",\"name\":\"Polis SA Magazine\",\"url\":\"https:\/\/www.istitutogalanteoliva.it\/magazine\/\",\"logo\":{\"@type\":\"ImageObject\",\"inLanguage\":\"it-IT\",\"@id\":\"https:\/\/www.istitutogalanteoliva.it\/magazine\/#\/schema\/logo\/image\/\",\"url\":\"\",\"contentUrl\":\"\",\"caption\":\"Polis SA Magazine\"},\"image\":{\"@id\":\"https:\/\/www.istitutogalanteoliva.it\/magazine\/#\/schema\/logo\/image\/\"},\"sameAs\":[\"https:\/\/www.facebook.com\/PolisSAMagazine\/\",\"https:\/\/x.com\/MagazinePolis\",\"https:\/\/www.youtube.com\/channel\/UCv0Mr5AHKUmsc0sEEXkJrgw\"]},{\"@type\":\"Person\",\"@id\":\"https:\/\/www.istitutogalanteoliva.it\/magazine\/#\/schema\/person\/72e8141246542ebcf905456f5dbd4c49\",\"name\":\"admin\",\"image\":{\"@type\":\"ImageObject\",\"inLanguage\":\"it-IT\",\"@id\":\"https:\/\/www.istitutogalanteoliva.it\/magazine\/#\/schema\/person\/image\/\",\"url\":\"https:\/\/secure.gravatar.com\/avatar\/07059cc99eeb1edd29e138d1812e69ec?s=96&d=mm&r=g\",\"contentUrl\":\"https:\/\/secure.gravatar.com\/avatar\/07059cc99eeb1edd29e138d1812e69ec?s=96&d=mm&r=g\",\"caption\":\"admin\"},\"url\":\"https:\/\/www.istitutogalanteoliva.it\/magazine\/author\/admin\/\"}]}<\/script>\n<!-- \/ Yoast SEO plugin. -->","yoast_head_json":{"title":"La Meglio Gioventu\u0300: la storia di Francesco Filippini e la voglia di rivincere - Polis SA Magazine","robots":{"index":"index","follow":"follow","max-snippet":"max-snippet:-1","max-image-preview":"max-image-preview:large","max-video-preview":"max-video-preview:-1"},"canonical":"https:\/\/www.istitutogalanteoliva.it\/magazine\/2016\/02\/05\/la-meglio-gioventu-la-storia-di-francesco-filippini-e-la-voglia-di-rivincere\/","og_locale":"it_IT","og_type":"article","og_title":"La Meglio Gioventu\u0300: la storia di Francesco Filippini e la voglia di rivincere - Polis SA Magazine","og_description":"La storia che stiamo per raccontare parla di un ragazzo, un giovane disegnatore napoletano. Uno","og_url":"https:\/\/www.istitutogalanteoliva.it\/magazine\/2016\/02\/05\/la-meglio-gioventu-la-storia-di-francesco-filippini-e-la-voglia-di-rivincere\/","og_site_name":"Polis SA Magazine","article_publisher":"https:\/\/www.facebook.com\/PolisSAMagazine\/","article_published_time":"2016-02-05T13:05:33+00:00","article_modified_time":"2019-08-26T12:20:02+00:00","og_image":[{"width":700,"height":392,"url":"https:\/\/www.istitutogalanteoliva.it\/magazine\/wp-content\/uploads\/2019\/08\/francesco-filippini.jpg","type":"image\/jpeg"}],"author":"admin","twitter_card":"summary_large_image","twitter_creator":"@MagazinePolis","twitter_site":"@MagazinePolis","twitter_misc":{"Scritto da":"admin","Tempo di lettura stimato":"6 minuti"},"schema":{"@context":"https:\/\/schema.org","@graph":[{"@type":"Article","@id":"https:\/\/www.istitutogalanteoliva.it\/magazine\/2016\/02\/05\/la-meglio-gioventu-la-storia-di-francesco-filippini-e-la-voglia-di-rivincere\/#article","isPartOf":{"@id":"https:\/\/www.istitutogalanteoliva.it\/magazine\/2016\/02\/05\/la-meglio-gioventu-la-storia-di-francesco-filippini-e-la-voglia-di-rivincere\/"},"author":{"name":"admin","@id":"https:\/\/www.istitutogalanteoliva.it\/magazine\/#\/schema\/person\/72e8141246542ebcf905456f5dbd4c49"},"headline":"La Meglio Gioventu\u0300: la storia di Francesco Filippini e la voglia di rivincere","datePublished":"2016-02-05T13:05:33+00:00","dateModified":"2019-08-26T12:20:02+00:00","mainEntityOfPage":{"@id":"https:\/\/www.istitutogalanteoliva.it\/magazine\/2016\/02\/05\/la-meglio-gioventu-la-storia-di-francesco-filippini-e-la-voglia-di-rivincere\/"},"wordCount":1259,"commentCount":0,"publisher":{"@id":"https:\/\/www.istitutogalanteoliva.it\/magazine\/#organization"},"image":{"@id":"https:\/\/www.istitutogalanteoliva.it\/magazine\/2016\/02\/05\/la-meglio-gioventu-la-storia-di-francesco-filippini-e-la-voglia-di-rivincere\/#primaryimage"},"thumbnailUrl":"https:\/\/www.istitutogalanteoliva.it\/magazine\/wp-content\/uploads\/2019\/08\/francesco-filippini.jpg","articleSection":["2016","La Meglio Gioventu\u0300","Voci"],"inLanguage":"it-IT","potentialAction":[{"@type":"CommentAction","name":"Comment","target":["https:\/\/www.istitutogalanteoliva.it\/magazine\/2016\/02\/05\/la-meglio-gioventu-la-storia-di-francesco-filippini-e-la-voglia-di-rivincere\/#respond"]}]},{"@type":"WebPage","@id":"https:\/\/www.istitutogalanteoliva.it\/magazine\/2016\/02\/05\/la-meglio-gioventu-la-storia-di-francesco-filippini-e-la-voglia-di-rivincere\/","url":"https:\/\/www.istitutogalanteoliva.it\/magazine\/2016\/02\/05\/la-meglio-gioventu-la-storia-di-francesco-filippini-e-la-voglia-di-rivincere\/","name":"La Meglio Gioventu\u0300: la storia di Francesco Filippini e la voglia di rivincere - Polis SA Magazine","isPartOf":{"@id":"https:\/\/www.istitutogalanteoliva.it\/magazine\/#website"},"primaryImageOfPage":{"@id":"https:\/\/www.istitutogalanteoliva.it\/magazine\/2016\/02\/05\/la-meglio-gioventu-la-storia-di-francesco-filippini-e-la-voglia-di-rivincere\/#primaryimage"},"image":{"@id":"https:\/\/www.istitutogalanteoliva.it\/magazine\/2016\/02\/05\/la-meglio-gioventu-la-storia-di-francesco-filippini-e-la-voglia-di-rivincere\/#primaryimage"},"thumbnailUrl":"https:\/\/www.istitutogalanteoliva.it\/magazine\/wp-content\/uploads\/2019\/08\/francesco-filippini.jpg","datePublished":"2016-02-05T13:05:33+00:00","dateModified":"2019-08-26T12:20:02+00:00","breadcrumb":{"@id":"https:\/\/www.istitutogalanteoliva.it\/magazine\/2016\/02\/05\/la-meglio-gioventu-la-storia-di-francesco-filippini-e-la-voglia-di-rivincere\/#breadcrumb"},"inLanguage":"it-IT","potentialAction":[{"@type":"ReadAction","target":["https:\/\/www.istitutogalanteoliva.it\/magazine\/2016\/02\/05\/la-meglio-gioventu-la-storia-di-francesco-filippini-e-la-voglia-di-rivincere\/"]}]},{"@type":"ImageObject","inLanguage":"it-IT","@id":"https:\/\/www.istitutogalanteoliva.it\/magazine\/2016\/02\/05\/la-meglio-gioventu-la-storia-di-francesco-filippini-e-la-voglia-di-rivincere\/#primaryimage","url":"https:\/\/www.istitutogalanteoliva.it\/magazine\/wp-content\/uploads\/2019\/08\/francesco-filippini.jpg","contentUrl":"https:\/\/www.istitutogalanteoliva.it\/magazine\/wp-content\/uploads\/2019\/08\/francesco-filippini.jpg","width":700,"height":392},{"@type":"BreadcrumbList","@id":"https:\/\/www.istitutogalanteoliva.it\/magazine\/2016\/02\/05\/la-meglio-gioventu-la-storia-di-francesco-filippini-e-la-voglia-di-rivincere\/#breadcrumb","itemListElement":[{"@type":"ListItem","position":1,"name":"Home","item":"https:\/\/www.istitutogalanteoliva.it\/magazine\/"},{"@type":"ListItem","position":2,"name":"La Meglio Gioventu\u0300: la storia di Francesco Filippini e la voglia di rivincere"}]},{"@type":"WebSite","@id":"https:\/\/www.istitutogalanteoliva.it\/magazine\/#website","url":"https:\/\/www.istitutogalanteoliva.it\/magazine\/","name":"POLIS SA MAGAZINE","description":"Informazione e approfondimenti","publisher":{"@id":"https:\/\/www.istitutogalanteoliva.it\/magazine\/#organization"},"potentialAction":[{"@type":"SearchAction","target":{"@type":"EntryPoint","urlTemplate":"https:\/\/www.istitutogalanteoliva.it\/magazine\/?s={search_term_string}"},"query-input":{"@type":"PropertyValueSpecification","valueRequired":true,"valueName":"search_term_string"}}],"inLanguage":"it-IT"},{"@type":"Organization","@id":"https:\/\/www.istitutogalanteoliva.it\/magazine\/#organization","name":"Polis SA Magazine","url":"https:\/\/www.istitutogalanteoliva.it\/magazine\/","logo":{"@type":"ImageObject","inLanguage":"it-IT","@id":"https:\/\/www.istitutogalanteoliva.it\/magazine\/#\/schema\/logo\/image\/","url":"","contentUrl":"","caption":"Polis SA Magazine"},"image":{"@id":"https:\/\/www.istitutogalanteoliva.it\/magazine\/#\/schema\/logo\/image\/"},"sameAs":["https:\/\/www.facebook.com\/PolisSAMagazine\/","https:\/\/x.com\/MagazinePolis","https:\/\/www.youtube.com\/channel\/UCv0Mr5AHKUmsc0sEEXkJrgw"]},{"@type":"Person","@id":"https:\/\/www.istitutogalanteoliva.it\/magazine\/#\/schema\/person\/72e8141246542ebcf905456f5dbd4c49","name":"admin","image":{"@type":"ImageObject","inLanguage":"it-IT","@id":"https:\/\/www.istitutogalanteoliva.it\/magazine\/#\/schema\/person\/image\/","url":"https:\/\/secure.gravatar.com\/avatar\/07059cc99eeb1edd29e138d1812e69ec?s=96&d=mm&r=g","contentUrl":"https:\/\/secure.gravatar.com\/avatar\/07059cc99eeb1edd29e138d1812e69ec?s=96&d=mm&r=g","caption":"admin"},"url":"https:\/\/www.istitutogalanteoliva.it\/magazine\/author\/admin\/"}]}},"_links":{"self":[{"href":"https:\/\/www.istitutogalanteoliva.it\/magazine\/wp-json\/wp\/v2\/posts\/1348","targetHints":{"allow":["GET"]}}],"collection":[{"href":"https:\/\/www.istitutogalanteoliva.it\/magazine\/wp-json\/wp\/v2\/posts"}],"about":[{"href":"https:\/\/www.istitutogalanteoliva.it\/magazine\/wp-json\/wp\/v2\/types\/post"}],"author":[{"embeddable":true,"href":"https:\/\/www.istitutogalanteoliva.it\/magazine\/wp-json\/wp\/v2\/users\/1"}],"replies":[{"embeddable":true,"href":"https:\/\/www.istitutogalanteoliva.it\/magazine\/wp-json\/wp\/v2\/comments?post=1348"}],"version-history":[{"count":2,"href":"https:\/\/www.istitutogalanteoliva.it\/magazine\/wp-json\/wp\/v2\/posts\/1348\/revisions"}],"predecessor-version":[{"id":1358,"href":"https:\/\/www.istitutogalanteoliva.it\/magazine\/wp-json\/wp\/v2\/posts\/1348\/revisions\/1358"}],"wp:featuredmedia":[{"embeddable":true,"href":"https:\/\/www.istitutogalanteoliva.it\/magazine\/wp-json\/wp\/v2\/media\/1349"}],"wp:attachment":[{"href":"https:\/\/www.istitutogalanteoliva.it\/magazine\/wp-json\/wp\/v2\/media?parent=1348"}],"wp:term":[{"taxonomy":"category","embeddable":true,"href":"https:\/\/www.istitutogalanteoliva.it\/magazine\/wp-json\/wp\/v2\/categories?post=1348"},{"taxonomy":"post_tag","embeddable":true,"href":"https:\/\/www.istitutogalanteoliva.it\/magazine\/wp-json\/wp\/v2\/tags?post=1348"}],"curies":[{"name":"wp","href":"https:\/\/api.w.org\/{rel}","templated":true}]}}