{"id":13500,"date":"2023-05-06T11:29:24","date_gmt":"2023-05-06T09:29:24","guid":{"rendered":"https:\/\/www.istitutogalanteoliva.it\/magazine\/?p=13500"},"modified":"2025-04-12T09:51:16","modified_gmt":"2025-04-12T07:51:16","slug":"lo-scudetto-di-quei-ragazzi-della-curva-b","status":"publish","type":"post","link":"https:\/\/www.istitutogalanteoliva.it\/magazine\/2023\/05\/06\/lo-scudetto-di-quei-ragazzi-della-curva-b\/","title":{"rendered":"Lo scudetto di quei ragazzi della curva b"},"content":{"rendered":"\n<p><strong>Di Flavio Pezzella<\/strong><\/p>\n\n\n\n<p>Riprendo le parole della famosa canzone del maestro napoletano Nino D&#8217;Angelo, che ieri, ha accompagnato bambini, pap\u00e0 e nonni durante i festeggiamenti del tanto atteso terzo scudetto, arrivato dopo trentatr\u00e9 lunghissimi anni (l&#8217;ultimo nel 1990). <\/p>\n\n\n\n<p>Ma prima di parlare di quel che \u00e8 successo ieri, ripartiamo dall\u2019&#8217;inizio, dalla sessione di calciomercato partenopea pi\u00f9 discussa degli ultimi anni. Nell&#8217;estate fanno scalpore tra i tifosi gli addii di tanti &#8220;big&#8221; del Napoli 2021\/22 tra i quali: il muro senegalese Koulibaly, ceduto al Chealsea, &#8220;Ciro&#8221; Mertens, ceduto al Fenerbah\u00e7e ed il capitano Lorenzo Insigne. La societ\u00e0 \u00e8 bombardata di polemiche, disaccordi. <\/p>\n\n\n\n<p>Si punta contro il presidente Aurelio De Laurentis a cui vengono indirizzati i tanti striscioni con su scritto A51, tanto ad indicare l&#8217;autostrada verso Bari, dove il presidente avrebbe dovuto andarsene. Quest&#8217;ultimo risponde con un ampio mercato in entrata, che per\u00f2, viene altrettanto criticato. Viene confermato Meret tra i pali, lo stesso della papera contro l&#8217;Empoli, che fece spegnere le speranze di una vittoria scudetto. Arriva Kim, con una eredit\u00e0 molto grossa, quella di sostituire l&#8217;ex difensore centrale. E poi arriva uno sconosciuto, Kvicha Kvaratskhelia, dalla Georgia e dal campionato russo.  Che doveva sostituire il capitano Lorenzo Insigne. Follia, urlano in tanti: \u00a0un ragazzino georgiano che sostituisce il \u201ctanto napoletano\u201d Lorenzo! Poi a fine mercato vengono confermate le voci di Simeone e Raspadori. E quindi si comincia, il 15 agosto, contro il Verona, si percepisce lo scetticismo tra i tifosi del Napoli. Ma Luciano Spalletti &#8220;ammutolisce&#8221; tutti. 5-1. Goleada dei partenopei. A segno quel ragazzino georgiano che entra subito nei cuori dei napoletani. La muraglia coreana, che l\u00ec dietro insieme a Rrhahmani, non fa passare manco l&#8217;aria. Capitan Giovanni Di Lorenzo, che dimostra a tutti di riuscire a reggere il peso di quella fascia sul braccio e di meritarla pi\u00f9 degli altri. Meret sembra cambiato. Poi i soliti Lobotka e Mario Rui che dirigono perfettamente e deliziosamente il gioco sontuoso del Napoli. Scoperto Osimhen come uomo spogliatoio, tornato appena dall&#8217;infortunio. E quindi lo scetticismo cala un p\u00f2. Ma \u00e8 solo la prima giornata, ancora \u00e8 tanto presto per parlare. E quindi arrivano i grandi risultati: 1-0 all&#8217;Olimpico contro la Roma, il 1-2 a casa dei Campioni d&#8217;Italia in carica, il Milan, il 5-1 contro gli eterni rivali della Juventus. Ed \u00e8 qui che i partenopei, forse, iniziano a credere in qualcosa che sembrava utopia. Terminato il mondiale, si ritorna. &#8220;Calo Napoli?&#8221; dicono i giornali. Prima partita contro l&#8217;Inter, persa 1-0, prima sconfitta dei ragazzi di Spalletti. &#8220;Il Napoli \u00e8 calato, si \u00e8 spento&#8221; dicevano. Ma i partenopei hanno risposto con un&#8217;altra serie di vittorie, facendo credere realmente in quella cosa che nessuno osava pronunciare. Juventus-Napoli, 23 Aprile, una spiccata di Jack Raspadori, infiamma l&#8217;Allianz Stadium, cos\u00ec come accadde nel 2018, ma quella \u00e8 un&#8217;altra storia. Perch\u00e8 il Napoli si trova a soli 2 punti dallo scudetto. <\/p>\n\n\n\n<figure class=\"wp-block-image size-full\"><img loading=\"lazy\" decoding=\"async\" width=\"700\" height=\"467\" src=\"https:\/\/www.istitutogalanteoliva.it\/magazine\/wp-content\/uploads\/2023\/05\/scudetto-napoli.jpg\" alt=\"\" class=\"wp-image-13502\" srcset=\"https:\/\/www.istitutogalanteoliva.it\/magazine\/wp-content\/uploads\/2023\/05\/scudetto-napoli.jpg 700w, https:\/\/www.istitutogalanteoliva.it\/magazine\/wp-content\/uploads\/2023\/05\/scudetto-napoli-300x200.jpg 300w, https:\/\/www.istitutogalanteoliva.it\/magazine\/wp-content\/uploads\/2023\/05\/scudetto-napoli-675x450.jpg 675w\" sizes=\"auto, (max-width: 700px) 100vw, 700px\" \/><figcaption class=\"wp-element-caption\"><strong><em><sup>Credit  ANSA \/ CIRO FUSCO<\/sup><\/em><\/strong><\/figcaption><\/figure>\n\n\n\n<p>E allora la festa ha inizio nelle strade di Napoli: Quartieri Spagnoli, Plebiscito, Vomero, Fuorigrotta vengono dipinti \u00a0di azzurro. Primo matchpoint, contro i cugini, Napoli-Salernitana, un&#8217;atmosfera che non si percepiva proprio da quel &#8217;90. Per\u00f2 il gol di Di\u00e0 rimanda tutti i festeggiamenti. Rimanda solo, per\u00f2. Perch\u00e9 finisce 1-1 , manca solo un punto. Basta anche un pareggio ad Udine, dove si giocher\u00e0 il secondo matchpoint per la vittoria aritmetica. Si riempie anche il &#8216;Maradona&#8217; con i suoi 50.000 spettatori a sostenere la squadra attraverso i 9 maxi-schermi impiantati nell&#8217;erba dello stadio. L&#8217;Udinese va in vantaggio con il gol di Lovric, che zittisce un&#8217;intera citt\u00e0, che non voleva rimandare pi\u00f9 nulla. A far spegnere l&#8217;ansia dei napoletani \u00e8 lui, chi se non lui, segnando il gol numero 22 della stagione, Victor James Osimhen. Dopo un&#8217;azione rocambolesca in area di rigore, la spicca lui e fa scoppiare di gioia un intero popolo che vedeva vicinissimo il suo &#8220;sogno nel cuore&#8221;. Sono le 22:34 del 4 maggio 2023, e il Napoli, dopo trentatr\u00e8 anni, \u00e8 finalmente Campione d&#8217;Italia. &#8220;Erutta&#8221; Napoli, invasione nella Dacia Arena. Finalmente tifosi di ogni et\u00e0, dai bambini ai nonni, possono esultare, anche per chi non c&#8217;\u00e8 pi\u00f9. Perch\u00e8 questo scudetto &#8220;\u00e8 per te, Napoli&#8221;, come urla Spalletti nell&#8217;intervista post partita. &#8220;Te&#8221; riferito a chi c&#8217;\u00e8 sempre stato, dal fallimento ad ora. Per chi ha sofferto. Per chiunque abbia nel cuore l&#8217;azzurro del mare, del cielo, del Napoli. Si ricomincia da qui, \u201csi ricomincia da tre\u201d come per il grande Massimo Troisi. E chiss\u00e0 quali sono quelle tre cose belle riuscite ai napoletani. Una, sicuramente, \u00e8 questo scudetto, che \u00e8 del popolo che ama e che soffre.<\/p>\n\n\n\n<p>Flavio Pezzella<\/p>\n\n\n\n<p><img loading=\"lazy\" decoding=\"async\" width=\"100\" height=\"100\" class=\"wp-image-12176\" style=\"width: 100px;\" src=\"https:\/\/www.istitutogalanteoliva.it\/magazine\/wp-content\/uploads\/2022\/06\/Senza-titolo-3.png\" alt=\"\" srcset=\"https:\/\/www.istitutogalanteoliva.it\/magazine\/wp-content\/uploads\/2022\/06\/Senza-titolo-3.png 612w, https:\/\/www.istitutogalanteoliva.it\/magazine\/wp-content\/uploads\/2022\/06\/Senza-titolo-3-300x300.png 300w, https:\/\/www.istitutogalanteoliva.it\/magazine\/wp-content\/uploads\/2022\/06\/Senza-titolo-3-150x150.png 150w\" sizes=\"auto, (max-width: 100px) 100vw, 100px\" \/><strong><em><a href=\"https:\/\/www.istitutogalanteoliva.it\/magazine\/?s=flavio+pezzella+\" target=\"_blank\" rel=\"noreferrer noopener\">Flavio Pezzella<\/a><\/em><\/strong><\/p>\n<div class=\"pdfprnt-buttons pdfprnt-buttons-post pdfprnt-bottom-left\"><a href=\"https:\/\/www.istitutogalanteoliva.it\/magazine\/wp-json\/wp\/v2\/posts\/13500?print=print\" class=\"pdfprnt-button pdfprnt-button-print\" target=\"_blank\"><img decoding=\"async\" src=\"https:\/\/www.istitutogalanteoliva.it\/magazine\/wp-content\/plugins\/pdf-print\/images\/print.png\" alt=\"image_print\" title=\"Stampa contenuto\" \/><span class=\"pdfprnt-button-title pdfprnt-button-print-title\">Download in PDF<\/span><\/a><\/div>","protected":false},"excerpt":{"rendered":"<p>Lo scudetto del popolo che ama e che soffre<\/p>\n","protected":false},"author":2,"featured_media":13501,"comment_status":"closed","ping_status":"open","sticky":true,"template":"","format":"standard","meta":{"footnotes":""},"categories":[731,254,32,1311],"tags":[408,799],"class_list":["post-13500","post","type-post","status-publish","format-standard","has-post-thumbnail","hentry","category-731","category-attualita","category-sport","category-storie-di-sport","tag-napoli","tag-scudetto"],"yoast_head":"<!-- This site is optimized with the Yoast SEO plugin v24.2 - https:\/\/yoast.com\/wordpress\/plugins\/seo\/ -->\n<title>Lo scudetto di quei ragazzi della curva b - Polis SA Magazine<\/title>\n<meta name=\"robots\" content=\"index, follow, max-snippet:-1, max-image-preview:large, max-video-preview:-1\" \/>\n<link rel=\"canonical\" href=\"https:\/\/www.istitutogalanteoliva.it\/magazine\/2023\/05\/06\/lo-scudetto-di-quei-ragazzi-della-curva-b\/\" \/>\n<meta property=\"og:locale\" content=\"it_IT\" \/>\n<meta property=\"og:type\" content=\"article\" \/>\n<meta property=\"og:title\" content=\"Lo scudetto di quei ragazzi della curva b - Polis SA Magazine\" \/>\n<meta property=\"og:description\" content=\"Lo scudetto del popolo che ama e che soffre\" \/>\n<meta property=\"og:url\" content=\"https:\/\/www.istitutogalanteoliva.it\/magazine\/2023\/05\/06\/lo-scudetto-di-quei-ragazzi-della-curva-b\/\" \/>\n<meta property=\"og:site_name\" content=\"Polis SA Magazine\" \/>\n<meta property=\"article:publisher\" content=\"https:\/\/www.facebook.com\/PolisSAMagazine\/\" \/>\n<meta property=\"article:published_time\" content=\"2023-05-06T09:29:24+00:00\" \/>\n<meta property=\"article:modified_time\" content=\"2025-04-12T07:51:16+00:00\" \/>\n<meta property=\"og:image\" content=\"https:\/\/www.istitutogalanteoliva.it\/magazine\/wp-content\/uploads\/2023\/05\/scudetto-napoli-4.jpg\" \/>\n\t<meta property=\"og:image:width\" content=\"850\" \/>\n\t<meta property=\"og:image:height\" content=\"393\" \/>\n\t<meta property=\"og:image:type\" content=\"image\/jpeg\" \/>\n<meta name=\"author\" content=\"Antonello Rivano\" \/>\n<meta name=\"twitter:card\" content=\"summary_large_image\" \/>\n<meta name=\"twitter:creator\" content=\"@MagazinePolis\" \/>\n<meta name=\"twitter:site\" content=\"@MagazinePolis\" \/>\n<meta name=\"twitter:label1\" content=\"Scritto da\" \/>\n\t<meta name=\"twitter:data1\" content=\"Antonello Rivano\" \/>\n\t<meta name=\"twitter:label2\" content=\"Tempo di lettura stimato\" \/>\n\t<meta name=\"twitter:data2\" content=\"5 minuti\" \/>\n<script type=\"application\/ld+json\" class=\"yoast-schema-graph\">{\"@context\":\"https:\/\/schema.org\",\"@graph\":[{\"@type\":\"Article\",\"@id\":\"https:\/\/www.istitutogalanteoliva.it\/magazine\/2023\/05\/06\/lo-scudetto-di-quei-ragazzi-della-curva-b\/#article\",\"isPartOf\":{\"@id\":\"https:\/\/www.istitutogalanteoliva.it\/magazine\/2023\/05\/06\/lo-scudetto-di-quei-ragazzi-della-curva-b\/\"},\"author\":{\"name\":\"Antonello Rivano\",\"@id\":\"https:\/\/www.istitutogalanteoliva.it\/magazine\/#\/schema\/person\/d8b8aa79cfe8babc1df9da3212a7c0c4\"},\"headline\":\"Lo scudetto di quei ragazzi della curva b\",\"datePublished\":\"2023-05-06T09:29:24+00:00\",\"dateModified\":\"2025-04-12T07:51:16+00:00\",\"mainEntityOfPage\":{\"@id\":\"https:\/\/www.istitutogalanteoliva.it\/magazine\/2023\/05\/06\/lo-scudetto-di-quei-ragazzi-della-curva-b\/\"},\"wordCount\":745,\"publisher\":{\"@id\":\"https:\/\/www.istitutogalanteoliva.it\/magazine\/#organization\"},\"image\":{\"@id\":\"https:\/\/www.istitutogalanteoliva.it\/magazine\/2023\/05\/06\/lo-scudetto-di-quei-ragazzi-della-curva-b\/#primaryimage\"},\"thumbnailUrl\":\"https:\/\/www.istitutogalanteoliva.it\/magazine\/wp-content\/uploads\/2023\/05\/scudetto-napoli-4.jpg\",\"keywords\":[\"napoli\",\"Scudetto\"],\"articleSection\":[\"2023\",\"Attualit\u00e0\",\"Sport\",\"Storie di Sport\"],\"inLanguage\":\"it-IT\"},{\"@type\":\"WebPage\",\"@id\":\"https:\/\/www.istitutogalanteoliva.it\/magazine\/2023\/05\/06\/lo-scudetto-di-quei-ragazzi-della-curva-b\/\",\"url\":\"https:\/\/www.istitutogalanteoliva.it\/magazine\/2023\/05\/06\/lo-scudetto-di-quei-ragazzi-della-curva-b\/\",\"name\":\"Lo scudetto di quei ragazzi della curva b - Polis SA Magazine\",\"isPartOf\":{\"@id\":\"https:\/\/www.istitutogalanteoliva.it\/magazine\/#website\"},\"primaryImageOfPage\":{\"@id\":\"https:\/\/www.istitutogalanteoliva.it\/magazine\/2023\/05\/06\/lo-scudetto-di-quei-ragazzi-della-curva-b\/#primaryimage\"},\"image\":{\"@id\":\"https:\/\/www.istitutogalanteoliva.it\/magazine\/2023\/05\/06\/lo-scudetto-di-quei-ragazzi-della-curva-b\/#primaryimage\"},\"thumbnailUrl\":\"https:\/\/www.istitutogalanteoliva.it\/magazine\/wp-content\/uploads\/2023\/05\/scudetto-napoli-4.jpg\",\"datePublished\":\"2023-05-06T09:29:24+00:00\",\"dateModified\":\"2025-04-12T07:51:16+00:00\",\"breadcrumb\":{\"@id\":\"https:\/\/www.istitutogalanteoliva.it\/magazine\/2023\/05\/06\/lo-scudetto-di-quei-ragazzi-della-curva-b\/#breadcrumb\"},\"inLanguage\":\"it-IT\",\"potentialAction\":[{\"@type\":\"ReadAction\",\"target\":[\"https:\/\/www.istitutogalanteoliva.it\/magazine\/2023\/05\/06\/lo-scudetto-di-quei-ragazzi-della-curva-b\/\"]}]},{\"@type\":\"ImageObject\",\"inLanguage\":\"it-IT\",\"@id\":\"https:\/\/www.istitutogalanteoliva.it\/magazine\/2023\/05\/06\/lo-scudetto-di-quei-ragazzi-della-curva-b\/#primaryimage\",\"url\":\"https:\/\/www.istitutogalanteoliva.it\/magazine\/wp-content\/uploads\/2023\/05\/scudetto-napoli-4.jpg\",\"contentUrl\":\"https:\/\/www.istitutogalanteoliva.it\/magazine\/wp-content\/uploads\/2023\/05\/scudetto-napoli-4.jpg\",\"width\":850,\"height\":393},{\"@type\":\"BreadcrumbList\",\"@id\":\"https:\/\/www.istitutogalanteoliva.it\/magazine\/2023\/05\/06\/lo-scudetto-di-quei-ragazzi-della-curva-b\/#breadcrumb\",\"itemListElement\":[{\"@type\":\"ListItem\",\"position\":1,\"name\":\"Home\",\"item\":\"https:\/\/www.istitutogalanteoliva.it\/magazine\/\"},{\"@type\":\"ListItem\",\"position\":2,\"name\":\"Lo scudetto di quei ragazzi della curva b\"}]},{\"@type\":\"WebSite\",\"@id\":\"https:\/\/www.istitutogalanteoliva.it\/magazine\/#website\",\"url\":\"https:\/\/www.istitutogalanteoliva.it\/magazine\/\",\"name\":\"POLIS SA MAGAZINE\",\"description\":\"Informazione e approfondimenti\",\"publisher\":{\"@id\":\"https:\/\/www.istitutogalanteoliva.it\/magazine\/#organization\"},\"potentialAction\":[{\"@type\":\"SearchAction\",\"target\":{\"@type\":\"EntryPoint\",\"urlTemplate\":\"https:\/\/www.istitutogalanteoliva.it\/magazine\/?s={search_term_string}\"},\"query-input\":{\"@type\":\"PropertyValueSpecification\",\"valueRequired\":true,\"valueName\":\"search_term_string\"}}],\"inLanguage\":\"it-IT\"},{\"@type\":\"Organization\",\"@id\":\"https:\/\/www.istitutogalanteoliva.it\/magazine\/#organization\",\"name\":\"Polis SA Magazine\",\"url\":\"https:\/\/www.istitutogalanteoliva.it\/magazine\/\",\"logo\":{\"@type\":\"ImageObject\",\"inLanguage\":\"it-IT\",\"@id\":\"https:\/\/www.istitutogalanteoliva.it\/magazine\/#\/schema\/logo\/image\/\",\"url\":\"\",\"contentUrl\":\"\",\"caption\":\"Polis SA Magazine\"},\"image\":{\"@id\":\"https:\/\/www.istitutogalanteoliva.it\/magazine\/#\/schema\/logo\/image\/\"},\"sameAs\":[\"https:\/\/www.facebook.com\/PolisSAMagazine\/\",\"https:\/\/x.com\/MagazinePolis\",\"https:\/\/www.youtube.com\/channel\/UCv0Mr5AHKUmsc0sEEXkJrgw\"]},{\"@type\":\"Person\",\"@id\":\"https:\/\/www.istitutogalanteoliva.it\/magazine\/#\/schema\/person\/d8b8aa79cfe8babc1df9da3212a7c0c4\",\"name\":\"Antonello Rivano\",\"image\":{\"@type\":\"ImageObject\",\"inLanguage\":\"it-IT\",\"@id\":\"https:\/\/www.istitutogalanteoliva.it\/magazine\/#\/schema\/person\/image\/\",\"url\":\"https:\/\/secure.gravatar.com\/avatar\/517a9a6487a7a18ecc4ce6d2e57a8f40?s=96&d=mm&r=g\",\"contentUrl\":\"https:\/\/secure.gravatar.com\/avatar\/517a9a6487a7a18ecc4ce6d2e57a8f40?s=96&d=mm&r=g\",\"caption\":\"Antonello Rivano\"},\"url\":\"https:\/\/www.istitutogalanteoliva.it\/magazine\/author\/antonello\/\"}]}<\/script>\n<!-- \/ Yoast SEO plugin. -->","yoast_head_json":{"title":"Lo scudetto di quei ragazzi della curva b - Polis SA Magazine","robots":{"index":"index","follow":"follow","max-snippet":"max-snippet:-1","max-image-preview":"max-image-preview:large","max-video-preview":"max-video-preview:-1"},"canonical":"https:\/\/www.istitutogalanteoliva.it\/magazine\/2023\/05\/06\/lo-scudetto-di-quei-ragazzi-della-curva-b\/","og_locale":"it_IT","og_type":"article","og_title":"Lo scudetto di quei ragazzi della curva b - Polis SA Magazine","og_description":"Lo scudetto del popolo che ama e che soffre","og_url":"https:\/\/www.istitutogalanteoliva.it\/magazine\/2023\/05\/06\/lo-scudetto-di-quei-ragazzi-della-curva-b\/","og_site_name":"Polis SA Magazine","article_publisher":"https:\/\/www.facebook.com\/PolisSAMagazine\/","article_published_time":"2023-05-06T09:29:24+00:00","article_modified_time":"2025-04-12T07:51:16+00:00","og_image":[{"width":850,"height":393,"url":"https:\/\/www.istitutogalanteoliva.it\/magazine\/wp-content\/uploads\/2023\/05\/scudetto-napoli-4.jpg","type":"image\/jpeg"}],"author":"Antonello Rivano","twitter_card":"summary_large_image","twitter_creator":"@MagazinePolis","twitter_site":"@MagazinePolis","twitter_misc":{"Scritto da":"Antonello Rivano","Tempo di lettura stimato":"5 minuti"},"schema":{"@context":"https:\/\/schema.org","@graph":[{"@type":"Article","@id":"https:\/\/www.istitutogalanteoliva.it\/magazine\/2023\/05\/06\/lo-scudetto-di-quei-ragazzi-della-curva-b\/#article","isPartOf":{"@id":"https:\/\/www.istitutogalanteoliva.it\/magazine\/2023\/05\/06\/lo-scudetto-di-quei-ragazzi-della-curva-b\/"},"author":{"name":"Antonello Rivano","@id":"https:\/\/www.istitutogalanteoliva.it\/magazine\/#\/schema\/person\/d8b8aa79cfe8babc1df9da3212a7c0c4"},"headline":"Lo scudetto di quei ragazzi della curva b","datePublished":"2023-05-06T09:29:24+00:00","dateModified":"2025-04-12T07:51:16+00:00","mainEntityOfPage":{"@id":"https:\/\/www.istitutogalanteoliva.it\/magazine\/2023\/05\/06\/lo-scudetto-di-quei-ragazzi-della-curva-b\/"},"wordCount":745,"publisher":{"@id":"https:\/\/www.istitutogalanteoliva.it\/magazine\/#organization"},"image":{"@id":"https:\/\/www.istitutogalanteoliva.it\/magazine\/2023\/05\/06\/lo-scudetto-di-quei-ragazzi-della-curva-b\/#primaryimage"},"thumbnailUrl":"https:\/\/www.istitutogalanteoliva.it\/magazine\/wp-content\/uploads\/2023\/05\/scudetto-napoli-4.jpg","keywords":["napoli","Scudetto"],"articleSection":["2023","Attualit\u00e0","Sport","Storie di Sport"],"inLanguage":"it-IT"},{"@type":"WebPage","@id":"https:\/\/www.istitutogalanteoliva.it\/magazine\/2023\/05\/06\/lo-scudetto-di-quei-ragazzi-della-curva-b\/","url":"https:\/\/www.istitutogalanteoliva.it\/magazine\/2023\/05\/06\/lo-scudetto-di-quei-ragazzi-della-curva-b\/","name":"Lo scudetto di quei ragazzi della curva b - Polis SA Magazine","isPartOf":{"@id":"https:\/\/www.istitutogalanteoliva.it\/magazine\/#website"},"primaryImageOfPage":{"@id":"https:\/\/www.istitutogalanteoliva.it\/magazine\/2023\/05\/06\/lo-scudetto-di-quei-ragazzi-della-curva-b\/#primaryimage"},"image":{"@id":"https:\/\/www.istitutogalanteoliva.it\/magazine\/2023\/05\/06\/lo-scudetto-di-quei-ragazzi-della-curva-b\/#primaryimage"},"thumbnailUrl":"https:\/\/www.istitutogalanteoliva.it\/magazine\/wp-content\/uploads\/2023\/05\/scudetto-napoli-4.jpg","datePublished":"2023-05-06T09:29:24+00:00","dateModified":"2025-04-12T07:51:16+00:00","breadcrumb":{"@id":"https:\/\/www.istitutogalanteoliva.it\/magazine\/2023\/05\/06\/lo-scudetto-di-quei-ragazzi-della-curva-b\/#breadcrumb"},"inLanguage":"it-IT","potentialAction":[{"@type":"ReadAction","target":["https:\/\/www.istitutogalanteoliva.it\/magazine\/2023\/05\/06\/lo-scudetto-di-quei-ragazzi-della-curva-b\/"]}]},{"@type":"ImageObject","inLanguage":"it-IT","@id":"https:\/\/www.istitutogalanteoliva.it\/magazine\/2023\/05\/06\/lo-scudetto-di-quei-ragazzi-della-curva-b\/#primaryimage","url":"https:\/\/www.istitutogalanteoliva.it\/magazine\/wp-content\/uploads\/2023\/05\/scudetto-napoli-4.jpg","contentUrl":"https:\/\/www.istitutogalanteoliva.it\/magazine\/wp-content\/uploads\/2023\/05\/scudetto-napoli-4.jpg","width":850,"height":393},{"@type":"BreadcrumbList","@id":"https:\/\/www.istitutogalanteoliva.it\/magazine\/2023\/05\/06\/lo-scudetto-di-quei-ragazzi-della-curva-b\/#breadcrumb","itemListElement":[{"@type":"ListItem","position":1,"name":"Home","item":"https:\/\/www.istitutogalanteoliva.it\/magazine\/"},{"@type":"ListItem","position":2,"name":"Lo scudetto di quei ragazzi della curva b"}]},{"@type":"WebSite","@id":"https:\/\/www.istitutogalanteoliva.it\/magazine\/#website","url":"https:\/\/www.istitutogalanteoliva.it\/magazine\/","name":"POLIS SA MAGAZINE","description":"Informazione e approfondimenti","publisher":{"@id":"https:\/\/www.istitutogalanteoliva.it\/magazine\/#organization"},"potentialAction":[{"@type":"SearchAction","target":{"@type":"EntryPoint","urlTemplate":"https:\/\/www.istitutogalanteoliva.it\/magazine\/?s={search_term_string}"},"query-input":{"@type":"PropertyValueSpecification","valueRequired":true,"valueName":"search_term_string"}}],"inLanguage":"it-IT"},{"@type":"Organization","@id":"https:\/\/www.istitutogalanteoliva.it\/magazine\/#organization","name":"Polis SA Magazine","url":"https:\/\/www.istitutogalanteoliva.it\/magazine\/","logo":{"@type":"ImageObject","inLanguage":"it-IT","@id":"https:\/\/www.istitutogalanteoliva.it\/magazine\/#\/schema\/logo\/image\/","url":"","contentUrl":"","caption":"Polis SA Magazine"},"image":{"@id":"https:\/\/www.istitutogalanteoliva.it\/magazine\/#\/schema\/logo\/image\/"},"sameAs":["https:\/\/www.facebook.com\/PolisSAMagazine\/","https:\/\/x.com\/MagazinePolis","https:\/\/www.youtube.com\/channel\/UCv0Mr5AHKUmsc0sEEXkJrgw"]},{"@type":"Person","@id":"https:\/\/www.istitutogalanteoliva.it\/magazine\/#\/schema\/person\/d8b8aa79cfe8babc1df9da3212a7c0c4","name":"Antonello Rivano","image":{"@type":"ImageObject","inLanguage":"it-IT","@id":"https:\/\/www.istitutogalanteoliva.it\/magazine\/#\/schema\/person\/image\/","url":"https:\/\/secure.gravatar.com\/avatar\/517a9a6487a7a18ecc4ce6d2e57a8f40?s=96&d=mm&r=g","contentUrl":"https:\/\/secure.gravatar.com\/avatar\/517a9a6487a7a18ecc4ce6d2e57a8f40?s=96&d=mm&r=g","caption":"Antonello Rivano"},"url":"https:\/\/www.istitutogalanteoliva.it\/magazine\/author\/antonello\/"}]}},"_links":{"self":[{"href":"https:\/\/www.istitutogalanteoliva.it\/magazine\/wp-json\/wp\/v2\/posts\/13500","targetHints":{"allow":["GET"]}}],"collection":[{"href":"https:\/\/www.istitutogalanteoliva.it\/magazine\/wp-json\/wp\/v2\/posts"}],"about":[{"href":"https:\/\/www.istitutogalanteoliva.it\/magazine\/wp-json\/wp\/v2\/types\/post"}],"author":[{"embeddable":true,"href":"https:\/\/www.istitutogalanteoliva.it\/magazine\/wp-json\/wp\/v2\/users\/2"}],"replies":[{"embeddable":true,"href":"https:\/\/www.istitutogalanteoliva.it\/magazine\/wp-json\/wp\/v2\/comments?post=13500"}],"version-history":[{"count":1,"href":"https:\/\/www.istitutogalanteoliva.it\/magazine\/wp-json\/wp\/v2\/posts\/13500\/revisions"}],"predecessor-version":[{"id":13503,"href":"https:\/\/www.istitutogalanteoliva.it\/magazine\/wp-json\/wp\/v2\/posts\/13500\/revisions\/13503"}],"wp:featuredmedia":[{"embeddable":true,"href":"https:\/\/www.istitutogalanteoliva.it\/magazine\/wp-json\/wp\/v2\/media\/13501"}],"wp:attachment":[{"href":"https:\/\/www.istitutogalanteoliva.it\/magazine\/wp-json\/wp\/v2\/media?parent=13500"}],"wp:term":[{"taxonomy":"category","embeddable":true,"href":"https:\/\/www.istitutogalanteoliva.it\/magazine\/wp-json\/wp\/v2\/categories?post=13500"},{"taxonomy":"post_tag","embeddable":true,"href":"https:\/\/www.istitutogalanteoliva.it\/magazine\/wp-json\/wp\/v2\/tags?post=13500"}],"curies":[{"name":"wp","href":"https:\/\/api.w.org\/{rel}","templated":true}]}}