{"id":13658,"date":"2023-06-20T15:10:02","date_gmt":"2023-06-20T13:10:02","guid":{"rendered":"https:\/\/www.istitutogalanteoliva.it\/magazine\/?p=13658"},"modified":"2023-06-20T15:12:28","modified_gmt":"2023-06-20T13:12:28","slug":"napolis-la-citta-cantata-da-quarantadue-poeti-nel-libro-a-cura-del-prof-vicenzo-salerno","status":"publish","type":"post","link":"https:\/\/www.istitutogalanteoliva.it\/magazine\/2023\/06\/20\/napolis-la-citta-cantata-da-quarantadue-poeti-nel-libro-a-cura-del-prof-vicenzo-salerno\/","title":{"rendered":"&#8220;Napolis&#8221; la citt\u00e0 cantata da quarantadue poeti nel libro a cura del Prof. Vicenzo Salerno"},"content":{"rendered":"\n<p><strong>Di Stefano Pignataro<\/strong><\/p>\n\n\n\n<p>La vasta, complessa e variegata ispirazione che la citt\u00e0 di Napoli ha prodotto in secoli di Letteratura classica, moderna, contemporanea sino ai nostri giorni viene sapientemente e meticolosamente raccolta in un volume pubblicato da &#8220;Marlin&#8221; Editore&#8221; dal titolo &#8220;Napolis. Quarantadue poeti cantano la citt\u00e0 di Partenope&#8221; a cura del Prof. Vincenzo Salerno, professore di Letterature comparate presso l&#8217;Universit\u00e0 di Salerno. Il volume, dedicato alle Prof.sse&nbsp; Maria Teresa Giaveri e Rosa Maria grillo, presentato lo scorso 17 Giugno nel primo giorno del Festival Salerno Letteratura presso il Convitto Nazionale di Salerno alla presenza dell&#8217;autore e dei giornalisti Giovanna Di Giorgio ed Enzo Ragone, si presenta alla critica letteraria come un&#8217;antologia comprendente composizioni e contributi di 42 poeti italiani che hanno fatto di Napoli la propria ispirazione, ognuno dalla propria visione personale e stilistica; vi sono composizioni che omaggiano il dialetto, ormai effettiva lingua riconosciuta dall&#8217;Unesco, composizioni di forme classiche di poesie come sonetti e prosa sino a forme innovative secondo lo stile poetico proprio di certi poeti che leggono la citt\u00e0 secondo una loro prospettiva differente, dal &#8220;ventre tufaceo&nbsp; dei decumani fino all&#8217;urbe periferica d\u2019acciaio e di cemento alle descrizione di Napoli con i &#8220;Taccuini di viaggio&#8221; o i racconti di chi ha vissuto, vive e vivr\u00e0 la citt\u00e0. <\/p>\n\n\n\n<figure class=\"wp-block-image size-large\"><img loading=\"lazy\" decoding=\"async\" width=\"1024\" height=\"472\" src=\"https:\/\/www.istitutogalanteoliva.it\/magazine\/wp-content\/uploads\/2023\/06\/354431637_10157962631207614_7263178572493280832_n-1024x472.jpg\" alt=\"\" class=\"wp-image-13660\" srcset=\"https:\/\/www.istitutogalanteoliva.it\/magazine\/wp-content\/uploads\/2023\/06\/354431637_10157962631207614_7263178572493280832_n-1024x472.jpg 1024w, https:\/\/www.istitutogalanteoliva.it\/magazine\/wp-content\/uploads\/2023\/06\/354431637_10157962631207614_7263178572493280832_n-300x138.jpg 300w, https:\/\/www.istitutogalanteoliva.it\/magazine\/wp-content\/uploads\/2023\/06\/354431637_10157962631207614_7263178572493280832_n-768x354.jpg 768w, https:\/\/www.istitutogalanteoliva.it\/magazine\/wp-content\/uploads\/2023\/06\/354431637_10157962631207614_7263178572493280832_n.jpg 1286w\" sizes=\"auto, (max-width: 1024px) 100vw, 1024px\" \/><\/figure>\n\n\n\n<p>Diversi e molteplici gli autori che hanno contribuito alla realizzazione del volume curato da Vincenzo Salerno e compreso nella collana &#8220;La Ginestra&#8221; diretta dai professori italianisti Rosa Giulio ed Alberto Granese: Franco Arminio, Carlo Avvisati, Mariano B\u00e0ino, Ambrogio Borsani, Franco Buffoni, Floriana Coppola, Maurizio Cucchi, Roberto Deidier, Gennaro Della Volpe (Raiz), Giambattista Basile &#8211; Roberto De Simone, Bruno Di Pietro, Stelvio Di Spigno, Gabriele Frasca, Mario Fresa, Carmen Gallo, Bruno Galluccio, Mimmo Grasso, Costanzo Ioni, Emilio Isgr\u00f2, Peppe Lanzetta, Valerio Magrelli, Andrea Manzi, Rino Mele, Tommaso Ottonieri, Melania Panico, Claudio Pennino, Silvio Perrella, Angelo Petrella, Antonio Pietropaoli, Gilda Policastro, Marilena Renda, Eleonora Rimolo, Elisa Ruotolo, Federico Sanguineti, Giulia Scuro, Giorgio Sica, Enza Silvestrini, Gianni Solla, Luigia Sorrentino, Mattia Tarantino, Ferdinando Tricarico, Luigi Trucillo. Un lavoro meticoloso, quello del curatore che ha fatto della &#8220;confusione degli stili&#8221; di pasoliniana memoria&#8221; un metodo di, come egli stesso indica nella sua introduzione &#8220;superamento concettuale della traccia binaria linguistica e letteraria sul doppio transito lingua-dialetto verso un consapelvole trilinguismo&#8221;; in ogni sua forma, la poesia napoletana riesce ad affermare la sua essenza e la sia forza essendo, citando Eduardo, &#8221; teatro sempre aperto&#8221; perche&#8217; &#8220;citt\u00e0 imprevendibile&#8221; secondo Michele Prisco, una citt\u00e0 che, sempre secondo Prisco, e&#8217; unica nel sorreggere una sua identit\u00e0 di capitale cosmopolita ma conservando perennemente la sua tradizione etnico popolare. <\/p>\n\n\n\n<p>Una citt\u00e0 che, anche secondo questa peculiarit\u00e0 notata dal Prisco, non poteva non piacere ad un Pasolini che proprio negli anni Settanta, denunciava apertamente la perdita di identit\u00e0 della citt\u00e0 propria di una stratificazione consumistica e post fascista e che a Napoli decise di ambientare la sua rilettura personale del Decameron.Tra le numerose letture che il volume intende offrire, vi e&#8217; anche quella della condivisione, nel volume, di testi editi e scritti composti per il volume stesso e l&#8217;eterno dilemma del confronto tra la Napoli verseggiata e quella reale; secondo il curatore, dopo attento studio, arriva alla conclusione che anche se la vera essenza di Napoli pu\u00f2 essere pi\u00f9 violenta anche se pi\u00f9 storica, e&#8217; possibile osservare Napoli da un punto di vista fotografico; secondo l&#8217;autore, nella fotografia, anche un oggetto insignificante o sinistro pu\u00f2 aver fascino. <\/p>\n\n\n\n<p>Un concetto sviluppato da Domenico Rea, caro al curatore, nel testo critico &#8220;Le due Napoli&#8221; in cui lo scrittore nocerino esemplifica il concetto ribadendo di essere &#8220;per la visione ottimistica delle cose per il solo fatto di essere napoletani&#8221;, vero omaggio alla bellezza multiforme di una citt\u00e0 &#8220;museo obbligatorio&#8221; come ebbe e dire Achille Bonito Oliva in un concetto ricordato da Enzo Ragone nel corso della presentazione. Un volume-antologia che esalta la ricchezza di Napoli e che, come sottolineato dal curatore, oltre al turismo olografico riesce a far soffermare il lettore,&nbsp; sul &#8220;turismo classico veicolato tra le sue bellezza, dalle Chiese alla sua storia.<\/p>\n\n\n\n<p><img loading=\"lazy\" decoding=\"async\" width=\"100\" height=\"100\" class=\"wp-image-8696\" style=\"width: 100px;\" src=\"https:\/\/www.istitutogalanteoliva.it\/magazine\/wp-content\/uploads\/2021\/07\/Stefano-.jpg\" alt=\"\" srcset=\"https:\/\/www.istitutogalanteoliva.it\/magazine\/wp-content\/uploads\/2021\/07\/Stefano-.jpg 1624w, https:\/\/www.istitutogalanteoliva.it\/magazine\/wp-content\/uploads\/2021\/07\/Stefano--300x300.jpg 300w, https:\/\/www.istitutogalanteoliva.it\/magazine\/wp-content\/uploads\/2021\/07\/Stefano--1024x1024.jpg 1024w, https:\/\/www.istitutogalanteoliva.it\/magazine\/wp-content\/uploads\/2021\/07\/Stefano--150x150.jpg 150w, https:\/\/www.istitutogalanteoliva.it\/magazine\/wp-content\/uploads\/2021\/07\/Stefano--768x768.jpg 768w, https:\/\/www.istitutogalanteoliva.it\/magazine\/wp-content\/uploads\/2021\/07\/Stefano--1536x1536.jpg 1536w\" sizes=\"auto, (max-width: 100px) 100vw, 100px\" \/><strong><em><a href=\"https:\/\/www.istitutogalanteoliva.it\/magazine\/?s=Stefano+Pignataro\" target=\"_blank\" rel=\"noreferrer noopener\">Stefano Pignataro<\/a><\/em><\/strong><br><strong><em><sup>Vicecoordinatore Nazionale di redazione\/Coordinatore Sud Italia e Sicilia<\/sup><\/em><\/strong><br><\/p>\n<div class=\"pdfprnt-buttons pdfprnt-buttons-post pdfprnt-bottom-left\"><a href=\"https:\/\/www.istitutogalanteoliva.it\/magazine\/wp-json\/wp\/v2\/posts\/13658?print=print\" class=\"pdfprnt-button pdfprnt-button-print\" target=\"_blank\"><img decoding=\"async\" src=\"https:\/\/www.istitutogalanteoliva.it\/magazine\/wp-content\/plugins\/pdf-print\/images\/print.png\" alt=\"image_print\" title=\"Stampa contenuto\" \/><span class=\"pdfprnt-button-title pdfprnt-button-print-title\">Download in PDF<\/span><\/a><\/div>","protected":false},"excerpt":{"rendered":"<p>Il volume \u00e8 stato presentato lo scorso 17 Giugno nel primo giorno del Festival Salerno Letteratura presso il Convitto Nazionale di Salerno<\/p>\n","protected":false},"author":2,"featured_media":13659,"comment_status":"closed","ping_status":"open","sticky":true,"template":"","format":"standard","meta":{"footnotes":""},"categories":[731,57],"tags":[408,83,819],"class_list":["post-13658","post","type-post","status-publish","format-standard","has-post-thumbnail","hentry","category-731","category-cultura","tag-napoli","tag-salerno","tag-vincenzo-salerno"],"yoast_head":"<!-- This site is optimized with the Yoast SEO plugin v24.2 - https:\/\/yoast.com\/wordpress\/plugins\/seo\/ -->\n<title>&quot;Napolis&quot; la citt\u00e0 cantata da quarantadue poeti nel libro a cura del Prof. Vicenzo Salerno - Polis SA Magazine<\/title>\n<meta name=\"robots\" content=\"index, follow, max-snippet:-1, max-image-preview:large, max-video-preview:-1\" \/>\n<link rel=\"canonical\" href=\"https:\/\/www.istitutogalanteoliva.it\/magazine\/2023\/06\/20\/napolis-la-citta-cantata-da-quarantadue-poeti-nel-libro-a-cura-del-prof-vicenzo-salerno\/\" \/>\n<meta property=\"og:locale\" content=\"it_IT\" \/>\n<meta property=\"og:type\" content=\"article\" \/>\n<meta property=\"og:title\" content=\"&quot;Napolis&quot; la citt\u00e0 cantata da quarantadue poeti nel libro a cura del Prof. Vicenzo Salerno - Polis SA Magazine\" \/>\n<meta property=\"og:description\" content=\"Il volume \u00e8 stato presentato lo scorso 17 Giugno nel primo giorno del Festival Salerno Letteratura presso il Convitto Nazionale di Salerno\" \/>\n<meta property=\"og:url\" content=\"https:\/\/www.istitutogalanteoliva.it\/magazine\/2023\/06\/20\/napolis-la-citta-cantata-da-quarantadue-poeti-nel-libro-a-cura-del-prof-vicenzo-salerno\/\" \/>\n<meta property=\"og:site_name\" content=\"Polis SA Magazine\" \/>\n<meta property=\"article:publisher\" content=\"https:\/\/www.facebook.com\/PolisSAMagazine\/\" \/>\n<meta property=\"article:published_time\" content=\"2023-06-20T13:10:02+00:00\" \/>\n<meta property=\"article:modified_time\" content=\"2023-06-20T13:12:28+00:00\" \/>\n<meta property=\"og:image\" content=\"https:\/\/www.istitutogalanteoliva.it\/magazine\/wp-content\/uploads\/2023\/06\/62384966_10155339318637614_2520282385476485120_n.jpg\" \/>\n\t<meta property=\"og:image:width\" content=\"700\" \/>\n\t<meta property=\"og:image:height\" content=\"380\" \/>\n\t<meta property=\"og:image:type\" content=\"image\/jpeg\" \/>\n<meta name=\"author\" content=\"Antonello Rivano\" \/>\n<meta name=\"twitter:card\" content=\"summary_large_image\" \/>\n<meta name=\"twitter:creator\" content=\"@MagazinePolis\" \/>\n<meta name=\"twitter:site\" content=\"@MagazinePolis\" \/>\n<meta name=\"twitter:label1\" content=\"Scritto da\" \/>\n\t<meta name=\"twitter:data1\" content=\"Antonello Rivano\" \/>\n\t<meta name=\"twitter:label2\" content=\"Tempo di lettura stimato\" \/>\n\t<meta name=\"twitter:data2\" content=\"4 minuti\" \/>\n<script type=\"application\/ld+json\" class=\"yoast-schema-graph\">{\"@context\":\"https:\/\/schema.org\",\"@graph\":[{\"@type\":\"Article\",\"@id\":\"https:\/\/www.istitutogalanteoliva.it\/magazine\/2023\/06\/20\/napolis-la-citta-cantata-da-quarantadue-poeti-nel-libro-a-cura-del-prof-vicenzo-salerno\/#article\",\"isPartOf\":{\"@id\":\"https:\/\/www.istitutogalanteoliva.it\/magazine\/2023\/06\/20\/napolis-la-citta-cantata-da-quarantadue-poeti-nel-libro-a-cura-del-prof-vicenzo-salerno\/\"},\"author\":{\"name\":\"Antonello Rivano\",\"@id\":\"https:\/\/www.istitutogalanteoliva.it\/magazine\/#\/schema\/person\/d8b8aa79cfe8babc1df9da3212a7c0c4\"},\"headline\":\"&#8220;Napolis&#8221; la citt\u00e0 cantata da quarantadue poeti nel libro a cura del Prof. Vicenzo Salerno\",\"datePublished\":\"2023-06-20T13:10:02+00:00\",\"dateModified\":\"2023-06-20T13:12:28+00:00\",\"mainEntityOfPage\":{\"@id\":\"https:\/\/www.istitutogalanteoliva.it\/magazine\/2023\/06\/20\/napolis-la-citta-cantata-da-quarantadue-poeti-nel-libro-a-cura-del-prof-vicenzo-salerno\/\"},\"wordCount\":690,\"publisher\":{\"@id\":\"https:\/\/www.istitutogalanteoliva.it\/magazine\/#organization\"},\"image\":{\"@id\":\"https:\/\/www.istitutogalanteoliva.it\/magazine\/2023\/06\/20\/napolis-la-citta-cantata-da-quarantadue-poeti-nel-libro-a-cura-del-prof-vicenzo-salerno\/#primaryimage\"},\"thumbnailUrl\":\"https:\/\/www.istitutogalanteoliva.it\/magazine\/wp-content\/uploads\/2023\/06\/62384966_10155339318637614_2520282385476485120_n.jpg\",\"keywords\":[\"napoli\",\"salerno\",\"Vincenzo Salerno\"],\"articleSection\":[\"2023\",\"Cultura\"],\"inLanguage\":\"it-IT\"},{\"@type\":\"WebPage\",\"@id\":\"https:\/\/www.istitutogalanteoliva.it\/magazine\/2023\/06\/20\/napolis-la-citta-cantata-da-quarantadue-poeti-nel-libro-a-cura-del-prof-vicenzo-salerno\/\",\"url\":\"https:\/\/www.istitutogalanteoliva.it\/magazine\/2023\/06\/20\/napolis-la-citta-cantata-da-quarantadue-poeti-nel-libro-a-cura-del-prof-vicenzo-salerno\/\",\"name\":\"\\\"Napolis\\\" la citt\u00e0 cantata da quarantadue poeti nel libro a cura del Prof. Vicenzo Salerno - Polis SA Magazine\",\"isPartOf\":{\"@id\":\"https:\/\/www.istitutogalanteoliva.it\/magazine\/#website\"},\"primaryImageOfPage\":{\"@id\":\"https:\/\/www.istitutogalanteoliva.it\/magazine\/2023\/06\/20\/napolis-la-citta-cantata-da-quarantadue-poeti-nel-libro-a-cura-del-prof-vicenzo-salerno\/#primaryimage\"},\"image\":{\"@id\":\"https:\/\/www.istitutogalanteoliva.it\/magazine\/2023\/06\/20\/napolis-la-citta-cantata-da-quarantadue-poeti-nel-libro-a-cura-del-prof-vicenzo-salerno\/#primaryimage\"},\"thumbnailUrl\":\"https:\/\/www.istitutogalanteoliva.it\/magazine\/wp-content\/uploads\/2023\/06\/62384966_10155339318637614_2520282385476485120_n.jpg\",\"datePublished\":\"2023-06-20T13:10:02+00:00\",\"dateModified\":\"2023-06-20T13:12:28+00:00\",\"breadcrumb\":{\"@id\":\"https:\/\/www.istitutogalanteoliva.it\/magazine\/2023\/06\/20\/napolis-la-citta-cantata-da-quarantadue-poeti-nel-libro-a-cura-del-prof-vicenzo-salerno\/#breadcrumb\"},\"inLanguage\":\"it-IT\",\"potentialAction\":[{\"@type\":\"ReadAction\",\"target\":[\"https:\/\/www.istitutogalanteoliva.it\/magazine\/2023\/06\/20\/napolis-la-citta-cantata-da-quarantadue-poeti-nel-libro-a-cura-del-prof-vicenzo-salerno\/\"]}]},{\"@type\":\"ImageObject\",\"inLanguage\":\"it-IT\",\"@id\":\"https:\/\/www.istitutogalanteoliva.it\/magazine\/2023\/06\/20\/napolis-la-citta-cantata-da-quarantadue-poeti-nel-libro-a-cura-del-prof-vicenzo-salerno\/#primaryimage\",\"url\":\"https:\/\/www.istitutogalanteoliva.it\/magazine\/wp-content\/uploads\/2023\/06\/62384966_10155339318637614_2520282385476485120_n.jpg\",\"contentUrl\":\"https:\/\/www.istitutogalanteoliva.it\/magazine\/wp-content\/uploads\/2023\/06\/62384966_10155339318637614_2520282385476485120_n.jpg\",\"width\":700,\"height\":380},{\"@type\":\"BreadcrumbList\",\"@id\":\"https:\/\/www.istitutogalanteoliva.it\/magazine\/2023\/06\/20\/napolis-la-citta-cantata-da-quarantadue-poeti-nel-libro-a-cura-del-prof-vicenzo-salerno\/#breadcrumb\",\"itemListElement\":[{\"@type\":\"ListItem\",\"position\":1,\"name\":\"Home\",\"item\":\"https:\/\/www.istitutogalanteoliva.it\/magazine\/\"},{\"@type\":\"ListItem\",\"position\":2,\"name\":\"&#8220;Napolis&#8221; la citt\u00e0 cantata da quarantadue poeti nel libro a cura del Prof. Vicenzo Salerno\"}]},{\"@type\":\"WebSite\",\"@id\":\"https:\/\/www.istitutogalanteoliva.it\/magazine\/#website\",\"url\":\"https:\/\/www.istitutogalanteoliva.it\/magazine\/\",\"name\":\"POLIS SA MAGAZINE\",\"description\":\"Informazione e approfondimenti\",\"publisher\":{\"@id\":\"https:\/\/www.istitutogalanteoliva.it\/magazine\/#organization\"},\"potentialAction\":[{\"@type\":\"SearchAction\",\"target\":{\"@type\":\"EntryPoint\",\"urlTemplate\":\"https:\/\/www.istitutogalanteoliva.it\/magazine\/?s={search_term_string}\"},\"query-input\":{\"@type\":\"PropertyValueSpecification\",\"valueRequired\":true,\"valueName\":\"search_term_string\"}}],\"inLanguage\":\"it-IT\"},{\"@type\":\"Organization\",\"@id\":\"https:\/\/www.istitutogalanteoliva.it\/magazine\/#organization\",\"name\":\"Polis SA Magazine\",\"url\":\"https:\/\/www.istitutogalanteoliva.it\/magazine\/\",\"logo\":{\"@type\":\"ImageObject\",\"inLanguage\":\"it-IT\",\"@id\":\"https:\/\/www.istitutogalanteoliva.it\/magazine\/#\/schema\/logo\/image\/\",\"url\":\"\",\"contentUrl\":\"\",\"caption\":\"Polis SA Magazine\"},\"image\":{\"@id\":\"https:\/\/www.istitutogalanteoliva.it\/magazine\/#\/schema\/logo\/image\/\"},\"sameAs\":[\"https:\/\/www.facebook.com\/PolisSAMagazine\/\",\"https:\/\/x.com\/MagazinePolis\",\"https:\/\/www.youtube.com\/channel\/UCv0Mr5AHKUmsc0sEEXkJrgw\"]},{\"@type\":\"Person\",\"@id\":\"https:\/\/www.istitutogalanteoliva.it\/magazine\/#\/schema\/person\/d8b8aa79cfe8babc1df9da3212a7c0c4\",\"name\":\"Antonello Rivano\",\"image\":{\"@type\":\"ImageObject\",\"inLanguage\":\"it-IT\",\"@id\":\"https:\/\/www.istitutogalanteoliva.it\/magazine\/#\/schema\/person\/image\/\",\"url\":\"https:\/\/secure.gravatar.com\/avatar\/517a9a6487a7a18ecc4ce6d2e57a8f40?s=96&d=mm&r=g\",\"contentUrl\":\"https:\/\/secure.gravatar.com\/avatar\/517a9a6487a7a18ecc4ce6d2e57a8f40?s=96&d=mm&r=g\",\"caption\":\"Antonello Rivano\"},\"url\":\"https:\/\/www.istitutogalanteoliva.it\/magazine\/author\/antonello\/\"}]}<\/script>\n<!-- \/ Yoast SEO plugin. -->","yoast_head_json":{"title":"\"Napolis\" la citt\u00e0 cantata da quarantadue poeti nel libro a cura del Prof. Vicenzo Salerno - Polis SA Magazine","robots":{"index":"index","follow":"follow","max-snippet":"max-snippet:-1","max-image-preview":"max-image-preview:large","max-video-preview":"max-video-preview:-1"},"canonical":"https:\/\/www.istitutogalanteoliva.it\/magazine\/2023\/06\/20\/napolis-la-citta-cantata-da-quarantadue-poeti-nel-libro-a-cura-del-prof-vicenzo-salerno\/","og_locale":"it_IT","og_type":"article","og_title":"\"Napolis\" la citt\u00e0 cantata da quarantadue poeti nel libro a cura del Prof. Vicenzo Salerno - Polis SA Magazine","og_description":"Il volume \u00e8 stato presentato lo scorso 17 Giugno nel primo giorno del Festival Salerno Letteratura presso il Convitto Nazionale di Salerno","og_url":"https:\/\/www.istitutogalanteoliva.it\/magazine\/2023\/06\/20\/napolis-la-citta-cantata-da-quarantadue-poeti-nel-libro-a-cura-del-prof-vicenzo-salerno\/","og_site_name":"Polis SA Magazine","article_publisher":"https:\/\/www.facebook.com\/PolisSAMagazine\/","article_published_time":"2023-06-20T13:10:02+00:00","article_modified_time":"2023-06-20T13:12:28+00:00","og_image":[{"width":700,"height":380,"url":"https:\/\/www.istitutogalanteoliva.it\/magazine\/wp-content\/uploads\/2023\/06\/62384966_10155339318637614_2520282385476485120_n.jpg","type":"image\/jpeg"}],"author":"Antonello Rivano","twitter_card":"summary_large_image","twitter_creator":"@MagazinePolis","twitter_site":"@MagazinePolis","twitter_misc":{"Scritto da":"Antonello Rivano","Tempo di lettura stimato":"4 minuti"},"schema":{"@context":"https:\/\/schema.org","@graph":[{"@type":"Article","@id":"https:\/\/www.istitutogalanteoliva.it\/magazine\/2023\/06\/20\/napolis-la-citta-cantata-da-quarantadue-poeti-nel-libro-a-cura-del-prof-vicenzo-salerno\/#article","isPartOf":{"@id":"https:\/\/www.istitutogalanteoliva.it\/magazine\/2023\/06\/20\/napolis-la-citta-cantata-da-quarantadue-poeti-nel-libro-a-cura-del-prof-vicenzo-salerno\/"},"author":{"name":"Antonello Rivano","@id":"https:\/\/www.istitutogalanteoliva.it\/magazine\/#\/schema\/person\/d8b8aa79cfe8babc1df9da3212a7c0c4"},"headline":"&#8220;Napolis&#8221; la citt\u00e0 cantata da quarantadue poeti nel libro a cura del Prof. Vicenzo Salerno","datePublished":"2023-06-20T13:10:02+00:00","dateModified":"2023-06-20T13:12:28+00:00","mainEntityOfPage":{"@id":"https:\/\/www.istitutogalanteoliva.it\/magazine\/2023\/06\/20\/napolis-la-citta-cantata-da-quarantadue-poeti-nel-libro-a-cura-del-prof-vicenzo-salerno\/"},"wordCount":690,"publisher":{"@id":"https:\/\/www.istitutogalanteoliva.it\/magazine\/#organization"},"image":{"@id":"https:\/\/www.istitutogalanteoliva.it\/magazine\/2023\/06\/20\/napolis-la-citta-cantata-da-quarantadue-poeti-nel-libro-a-cura-del-prof-vicenzo-salerno\/#primaryimage"},"thumbnailUrl":"https:\/\/www.istitutogalanteoliva.it\/magazine\/wp-content\/uploads\/2023\/06\/62384966_10155339318637614_2520282385476485120_n.jpg","keywords":["napoli","salerno","Vincenzo Salerno"],"articleSection":["2023","Cultura"],"inLanguage":"it-IT"},{"@type":"WebPage","@id":"https:\/\/www.istitutogalanteoliva.it\/magazine\/2023\/06\/20\/napolis-la-citta-cantata-da-quarantadue-poeti-nel-libro-a-cura-del-prof-vicenzo-salerno\/","url":"https:\/\/www.istitutogalanteoliva.it\/magazine\/2023\/06\/20\/napolis-la-citta-cantata-da-quarantadue-poeti-nel-libro-a-cura-del-prof-vicenzo-salerno\/","name":"\"Napolis\" la citt\u00e0 cantata da quarantadue poeti nel libro a cura del Prof. Vicenzo Salerno - Polis SA Magazine","isPartOf":{"@id":"https:\/\/www.istitutogalanteoliva.it\/magazine\/#website"},"primaryImageOfPage":{"@id":"https:\/\/www.istitutogalanteoliva.it\/magazine\/2023\/06\/20\/napolis-la-citta-cantata-da-quarantadue-poeti-nel-libro-a-cura-del-prof-vicenzo-salerno\/#primaryimage"},"image":{"@id":"https:\/\/www.istitutogalanteoliva.it\/magazine\/2023\/06\/20\/napolis-la-citta-cantata-da-quarantadue-poeti-nel-libro-a-cura-del-prof-vicenzo-salerno\/#primaryimage"},"thumbnailUrl":"https:\/\/www.istitutogalanteoliva.it\/magazine\/wp-content\/uploads\/2023\/06\/62384966_10155339318637614_2520282385476485120_n.jpg","datePublished":"2023-06-20T13:10:02+00:00","dateModified":"2023-06-20T13:12:28+00:00","breadcrumb":{"@id":"https:\/\/www.istitutogalanteoliva.it\/magazine\/2023\/06\/20\/napolis-la-citta-cantata-da-quarantadue-poeti-nel-libro-a-cura-del-prof-vicenzo-salerno\/#breadcrumb"},"inLanguage":"it-IT","potentialAction":[{"@type":"ReadAction","target":["https:\/\/www.istitutogalanteoliva.it\/magazine\/2023\/06\/20\/napolis-la-citta-cantata-da-quarantadue-poeti-nel-libro-a-cura-del-prof-vicenzo-salerno\/"]}]},{"@type":"ImageObject","inLanguage":"it-IT","@id":"https:\/\/www.istitutogalanteoliva.it\/magazine\/2023\/06\/20\/napolis-la-citta-cantata-da-quarantadue-poeti-nel-libro-a-cura-del-prof-vicenzo-salerno\/#primaryimage","url":"https:\/\/www.istitutogalanteoliva.it\/magazine\/wp-content\/uploads\/2023\/06\/62384966_10155339318637614_2520282385476485120_n.jpg","contentUrl":"https:\/\/www.istitutogalanteoliva.it\/magazine\/wp-content\/uploads\/2023\/06\/62384966_10155339318637614_2520282385476485120_n.jpg","width":700,"height":380},{"@type":"BreadcrumbList","@id":"https:\/\/www.istitutogalanteoliva.it\/magazine\/2023\/06\/20\/napolis-la-citta-cantata-da-quarantadue-poeti-nel-libro-a-cura-del-prof-vicenzo-salerno\/#breadcrumb","itemListElement":[{"@type":"ListItem","position":1,"name":"Home","item":"https:\/\/www.istitutogalanteoliva.it\/magazine\/"},{"@type":"ListItem","position":2,"name":"&#8220;Napolis&#8221; la citt\u00e0 cantata da quarantadue poeti nel libro a cura del Prof. Vicenzo Salerno"}]},{"@type":"WebSite","@id":"https:\/\/www.istitutogalanteoliva.it\/magazine\/#website","url":"https:\/\/www.istitutogalanteoliva.it\/magazine\/","name":"POLIS SA MAGAZINE","description":"Informazione e approfondimenti","publisher":{"@id":"https:\/\/www.istitutogalanteoliva.it\/magazine\/#organization"},"potentialAction":[{"@type":"SearchAction","target":{"@type":"EntryPoint","urlTemplate":"https:\/\/www.istitutogalanteoliva.it\/magazine\/?s={search_term_string}"},"query-input":{"@type":"PropertyValueSpecification","valueRequired":true,"valueName":"search_term_string"}}],"inLanguage":"it-IT"},{"@type":"Organization","@id":"https:\/\/www.istitutogalanteoliva.it\/magazine\/#organization","name":"Polis SA Magazine","url":"https:\/\/www.istitutogalanteoliva.it\/magazine\/","logo":{"@type":"ImageObject","inLanguage":"it-IT","@id":"https:\/\/www.istitutogalanteoliva.it\/magazine\/#\/schema\/logo\/image\/","url":"","contentUrl":"","caption":"Polis SA Magazine"},"image":{"@id":"https:\/\/www.istitutogalanteoliva.it\/magazine\/#\/schema\/logo\/image\/"},"sameAs":["https:\/\/www.facebook.com\/PolisSAMagazine\/","https:\/\/x.com\/MagazinePolis","https:\/\/www.youtube.com\/channel\/UCv0Mr5AHKUmsc0sEEXkJrgw"]},{"@type":"Person","@id":"https:\/\/www.istitutogalanteoliva.it\/magazine\/#\/schema\/person\/d8b8aa79cfe8babc1df9da3212a7c0c4","name":"Antonello Rivano","image":{"@type":"ImageObject","inLanguage":"it-IT","@id":"https:\/\/www.istitutogalanteoliva.it\/magazine\/#\/schema\/person\/image\/","url":"https:\/\/secure.gravatar.com\/avatar\/517a9a6487a7a18ecc4ce6d2e57a8f40?s=96&d=mm&r=g","contentUrl":"https:\/\/secure.gravatar.com\/avatar\/517a9a6487a7a18ecc4ce6d2e57a8f40?s=96&d=mm&r=g","caption":"Antonello Rivano"},"url":"https:\/\/www.istitutogalanteoliva.it\/magazine\/author\/antonello\/"}]}},"_links":{"self":[{"href":"https:\/\/www.istitutogalanteoliva.it\/magazine\/wp-json\/wp\/v2\/posts\/13658","targetHints":{"allow":["GET"]}}],"collection":[{"href":"https:\/\/www.istitutogalanteoliva.it\/magazine\/wp-json\/wp\/v2\/posts"}],"about":[{"href":"https:\/\/www.istitutogalanteoliva.it\/magazine\/wp-json\/wp\/v2\/types\/post"}],"author":[{"embeddable":true,"href":"https:\/\/www.istitutogalanteoliva.it\/magazine\/wp-json\/wp\/v2\/users\/2"}],"replies":[{"embeddable":true,"href":"https:\/\/www.istitutogalanteoliva.it\/magazine\/wp-json\/wp\/v2\/comments?post=13658"}],"version-history":[{"count":2,"href":"https:\/\/www.istitutogalanteoliva.it\/magazine\/wp-json\/wp\/v2\/posts\/13658\/revisions"}],"predecessor-version":[{"id":13662,"href":"https:\/\/www.istitutogalanteoliva.it\/magazine\/wp-json\/wp\/v2\/posts\/13658\/revisions\/13662"}],"wp:featuredmedia":[{"embeddable":true,"href":"https:\/\/www.istitutogalanteoliva.it\/magazine\/wp-json\/wp\/v2\/media\/13659"}],"wp:attachment":[{"href":"https:\/\/www.istitutogalanteoliva.it\/magazine\/wp-json\/wp\/v2\/media?parent=13658"}],"wp:term":[{"taxonomy":"category","embeddable":true,"href":"https:\/\/www.istitutogalanteoliva.it\/magazine\/wp-json\/wp\/v2\/categories?post=13658"},{"taxonomy":"post_tag","embeddable":true,"href":"https:\/\/www.istitutogalanteoliva.it\/magazine\/wp-json\/wp\/v2\/tags?post=13658"}],"curies":[{"name":"wp","href":"https:\/\/api.w.org\/{rel}","templated":true}]}}