{"id":13669,"date":"2023-06-28T18:15:22","date_gmt":"2023-06-28T16:15:22","guid":{"rendered":"https:\/\/www.istitutogalanteoliva.it\/magazine\/?p=13669"},"modified":"2023-06-28T18:20:22","modified_gmt":"2023-06-28T16:20:22","slug":"onyria-2-omaggio-ai-pink-floyd","status":"publish","type":"post","link":"https:\/\/www.istitutogalanteoliva.it\/magazine\/2023\/06\/28\/onyria-2-omaggio-ai-pink-floyd\/","title":{"rendered":"<em>ONYRIA 2. Omaggio ai Pink Floyd<\/em>"},"content":{"rendered":"\n<p><\/p>\n\n\n\n<p><\/p>\n\n\n\n<p>Questa collettiva d\u2019arte contemporanea, che anticipa di pochissimo la mostra sui Pink Floyd \u2014 organizzata dallo studio Hipgnosis dello storico <em>visual designer<\/em> della band, Aubrey Powell \u2014 che si terr\u00e0 nelle sale interne del palazzo maiorese (25 Luglio \u2013 27 Agosto), raccoglie sculture e installazioni di Elia Alunni Tullini, Annalisa Apicella, Fabio Bini, Luigi Citarella, Pierpaolo Di Giacomo, Alessia Forconi, Ignazio Fresu, Alessandro Guerriero, Marco Manicardi, Fulvio Merolli, Giuseppe Palermo, Nicola Pellegrino, Corrado Sassi, Emanuele Scuotto, Emanuele Stifano, Filippo Tincolini e Gianluca Vietri.<\/p>\n\n\n\n<p>Come nella prima edizione della rassegna, le opere sono pensate per il sito o armonizzate alla sua natura di giardino acquatico e di dimora signorile: un sogno a occhi aperti in cui il reale e il suo riflesso si rincorrono sulle note dei Pink Floyd.<\/p>\n\n\n\n<p>Pur non essendo direttamente ispirate alla musica del mitico quartetto, le opere si legano infatti, nel disegno dei curatori, ai pezzi eseguiti dai Pink Floyd nel loro storico concerto di Pompei, con in pi\u00f9 un ricordo dei loro album pi\u00f9 noti: <em>The Dark Side of the Moon<\/em>, di cui quest\u2019anno ricorre il cinquantesimo, e il notissimo <em>The Wall<\/em>.<\/p>\n\n\n\n<p>Le fontane del giardino di Palazzo Mezzacapo e il suo androne diventano cos\u00ec cassa di risonanza e specchio di una narrazione surreale il cui intento \u00e8 stimolare nel visitatore, allargando i confini del suo orizzonte percettivo, un senso di piacevole e leggero straniamento.<\/p>\n\n\n\n<p>La mostra sar\u00e0 presentata dai curatori in conferenza stampa alle ore 17.30 dell\u20198 luglio 2023. Subito dopo la presentazione, Michele Citro e Andrea Guastella introdurranno l\u2019opera di videoarte <em>Atlans Feminae<\/em> (e il relativo volume) di Eleonora Rossi.<\/p>\n\n\n\n<p><em>ONYRIA 2. Omaggio ai Pink Floyd <\/em>sar\u00e0 infine inaugurata, alla presenza degli artisti e delle autorit\u00e0 del Comune di Maiori Costa d\u2019Amalfi, alle ore 19.00 dell\u20198 luglio 2023.<\/p>\n\n\n\n<p>Per maggiori informazioni consultare il sito del comune di Maiori o la pagina Facebook dedicata \u201cONYRIA Maiori\u201d.<\/p>\n\n\n\n<p><em>ONYRIA 2. Omaggio ai Pink Floyd <\/em>a cura di Michele Citro e Andrea Guastella<\/p>\n\n\n\n<p>dall\u20198 Luglio all\u20198 Ottobre 2023<\/p>\n\n\n\n<p>Giardini e Androne di Palazzo Mezzacapo, Corso Reginna, Maiori (SA)<\/p>\n\n\n\n<p><em>Inaugurazione<\/em>: 8 luglio 2023 ore 19.00<\/p>\n\n\n\n<p>Aperto tutti i giorni ore 08.30-23.00<\/p>\n\n\n\n<p><em>Ingresso<\/em>: Libero<\/p>\n<div class=\"pdfprnt-buttons pdfprnt-buttons-post pdfprnt-bottom-left\"><a href=\"https:\/\/www.istitutogalanteoliva.it\/magazine\/wp-json\/wp\/v2\/posts\/13669?print=print\" class=\"pdfprnt-button pdfprnt-button-print\" target=\"_blank\"><img decoding=\"async\" src=\"https:\/\/www.istitutogalanteoliva.it\/magazine\/wp-content\/plugins\/pdf-print\/images\/print.png\" alt=\"image_print\" title=\"Stampa contenuto\" \/><span class=\"pdfprnt-button-title pdfprnt-button-print-title\">Download in PDF<\/span><\/a><\/div>","protected":false},"excerpt":{"rendered":"<p>Dall\u20198 Luglio all\u20198 Ottobre 2023, l\u2019androne dello storico Palazzo Mezzacapo di Maiori e i suoi giardini fungono da cornice per ONYRIA 2. Omaggio ai Pink Floyd a cura di Michele Citro e Andrea Guastella, di cui il primo \u201ccapitolo\u201d, ONYRIA. Surrealismo di Ordinaria Contemporaneit\u00e0, si concluder\u00e0 luned\u00ec 3 Luglio presso il MUSA \u2014 Musei della Reggia di Portici.<\/p>\n","protected":false},"author":2,"featured_media":13670,"comment_status":"closed","ping_status":"open","sticky":true,"template":"","format":"standard","meta":{"footnotes":""},"categories":[731,47,1],"tags":[],"class_list":["post-13669","post","type-post","status-publish","format-standard","has-post-thumbnail","hentry","category-731","category-eventi","category-senza-categoria"],"yoast_head":"<!-- This site is optimized with the Yoast SEO plugin v24.2 - https:\/\/yoast.com\/wordpress\/plugins\/seo\/ -->\n<title>ONYRIA 2. Omaggio ai Pink Floyd - Polis SA Magazine<\/title>\n<meta name=\"robots\" content=\"index, follow, max-snippet:-1, max-image-preview:large, max-video-preview:-1\" \/>\n<link rel=\"canonical\" href=\"https:\/\/www.istitutogalanteoliva.it\/magazine\/2023\/06\/28\/onyria-2-omaggio-ai-pink-floyd\/\" \/>\n<meta property=\"og:locale\" content=\"it_IT\" \/>\n<meta property=\"og:type\" content=\"article\" \/>\n<meta property=\"og:title\" content=\"ONYRIA 2. Omaggio ai Pink Floyd - Polis SA Magazine\" \/>\n<meta property=\"og:description\" content=\"Dall\u20198 Luglio all\u20198 Ottobre 2023, l\u2019androne dello storico Palazzo Mezzacapo di Maiori e i suoi giardini fungono da cornice per ONYRIA 2. Omaggio ai Pink Floyd a cura di Michele Citro e Andrea Guastella, di cui il primo \u201ccapitolo\u201d, ONYRIA. Surrealismo di Ordinaria Contemporaneit\u00e0, si concluder\u00e0 luned\u00ec 3 Luglio presso il MUSA \u2014 Musei della Reggia di Portici.\" \/>\n<meta property=\"og:url\" content=\"https:\/\/www.istitutogalanteoliva.it\/magazine\/2023\/06\/28\/onyria-2-omaggio-ai-pink-floyd\/\" \/>\n<meta property=\"og:site_name\" content=\"Polis SA Magazine\" \/>\n<meta property=\"article:publisher\" content=\"https:\/\/www.facebook.com\/PolisSAMagazine\/\" \/>\n<meta property=\"article:published_time\" content=\"2023-06-28T16:15:22+00:00\" \/>\n<meta property=\"article:modified_time\" content=\"2023-06-28T16:20:22+00:00\" \/>\n<meta property=\"og:image\" content=\"https:\/\/www.istitutogalanteoliva.it\/magazine\/wp-content\/uploads\/2023\/06\/Invito-Vernissage-Onyria-2.jpg\" \/>\n\t<meta property=\"og:image:width\" content=\"700\" \/>\n\t<meta property=\"og:image:height\" content=\"380\" \/>\n\t<meta property=\"og:image:type\" content=\"image\/jpeg\" \/>\n<meta name=\"author\" content=\"Antonello Rivano\" \/>\n<meta name=\"twitter:card\" content=\"summary_large_image\" \/>\n<meta name=\"twitter:creator\" content=\"@MagazinePolis\" \/>\n<meta name=\"twitter:site\" content=\"@MagazinePolis\" \/>\n<meta name=\"twitter:label1\" content=\"Scritto da\" \/>\n\t<meta name=\"twitter:data1\" content=\"Antonello Rivano\" \/>\n\t<meta name=\"twitter:label2\" content=\"Tempo di lettura stimato\" \/>\n\t<meta name=\"twitter:data2\" content=\"2 minuti\" \/>\n<script type=\"application\/ld+json\" class=\"yoast-schema-graph\">{\"@context\":\"https:\/\/schema.org\",\"@graph\":[{\"@type\":\"Article\",\"@id\":\"https:\/\/www.istitutogalanteoliva.it\/magazine\/2023\/06\/28\/onyria-2-omaggio-ai-pink-floyd\/#article\",\"isPartOf\":{\"@id\":\"https:\/\/www.istitutogalanteoliva.it\/magazine\/2023\/06\/28\/onyria-2-omaggio-ai-pink-floyd\/\"},\"author\":{\"name\":\"Antonello Rivano\",\"@id\":\"https:\/\/www.istitutogalanteoliva.it\/magazine\/#\/schema\/person\/d8b8aa79cfe8babc1df9da3212a7c0c4\"},\"headline\":\"ONYRIA 2. Omaggio ai Pink Floyd\",\"datePublished\":\"2023-06-28T16:15:22+00:00\",\"dateModified\":\"2023-06-28T16:20:22+00:00\",\"mainEntityOfPage\":{\"@id\":\"https:\/\/www.istitutogalanteoliva.it\/magazine\/2023\/06\/28\/onyria-2-omaggio-ai-pink-floyd\/\"},\"wordCount\":347,\"publisher\":{\"@id\":\"https:\/\/www.istitutogalanteoliva.it\/magazine\/#organization\"},\"image\":{\"@id\":\"https:\/\/www.istitutogalanteoliva.it\/magazine\/2023\/06\/28\/onyria-2-omaggio-ai-pink-floyd\/#primaryimage\"},\"thumbnailUrl\":\"https:\/\/www.istitutogalanteoliva.it\/magazine\/wp-content\/uploads\/2023\/06\/Invito-Vernissage-Onyria-2.jpg\",\"articleSection\":[\"2023\",\"Eventi\"],\"inLanguage\":\"it-IT\"},{\"@type\":\"WebPage\",\"@id\":\"https:\/\/www.istitutogalanteoliva.it\/magazine\/2023\/06\/28\/onyria-2-omaggio-ai-pink-floyd\/\",\"url\":\"https:\/\/www.istitutogalanteoliva.it\/magazine\/2023\/06\/28\/onyria-2-omaggio-ai-pink-floyd\/\",\"name\":\"ONYRIA 2. Omaggio ai Pink Floyd - Polis SA Magazine\",\"isPartOf\":{\"@id\":\"https:\/\/www.istitutogalanteoliva.it\/magazine\/#website\"},\"primaryImageOfPage\":{\"@id\":\"https:\/\/www.istitutogalanteoliva.it\/magazine\/2023\/06\/28\/onyria-2-omaggio-ai-pink-floyd\/#primaryimage\"},\"image\":{\"@id\":\"https:\/\/www.istitutogalanteoliva.it\/magazine\/2023\/06\/28\/onyria-2-omaggio-ai-pink-floyd\/#primaryimage\"},\"thumbnailUrl\":\"https:\/\/www.istitutogalanteoliva.it\/magazine\/wp-content\/uploads\/2023\/06\/Invito-Vernissage-Onyria-2.jpg\",\"datePublished\":\"2023-06-28T16:15:22+00:00\",\"dateModified\":\"2023-06-28T16:20:22+00:00\",\"breadcrumb\":{\"@id\":\"https:\/\/www.istitutogalanteoliva.it\/magazine\/2023\/06\/28\/onyria-2-omaggio-ai-pink-floyd\/#breadcrumb\"},\"inLanguage\":\"it-IT\",\"potentialAction\":[{\"@type\":\"ReadAction\",\"target\":[\"https:\/\/www.istitutogalanteoliva.it\/magazine\/2023\/06\/28\/onyria-2-omaggio-ai-pink-floyd\/\"]}]},{\"@type\":\"ImageObject\",\"inLanguage\":\"it-IT\",\"@id\":\"https:\/\/www.istitutogalanteoliva.it\/magazine\/2023\/06\/28\/onyria-2-omaggio-ai-pink-floyd\/#primaryimage\",\"url\":\"https:\/\/www.istitutogalanteoliva.it\/magazine\/wp-content\/uploads\/2023\/06\/Invito-Vernissage-Onyria-2.jpg\",\"contentUrl\":\"https:\/\/www.istitutogalanteoliva.it\/magazine\/wp-content\/uploads\/2023\/06\/Invito-Vernissage-Onyria-2.jpg\",\"width\":700,\"height\":380},{\"@type\":\"BreadcrumbList\",\"@id\":\"https:\/\/www.istitutogalanteoliva.it\/magazine\/2023\/06\/28\/onyria-2-omaggio-ai-pink-floyd\/#breadcrumb\",\"itemListElement\":[{\"@type\":\"ListItem\",\"position\":1,\"name\":\"Home\",\"item\":\"https:\/\/www.istitutogalanteoliva.it\/magazine\/\"},{\"@type\":\"ListItem\",\"position\":2,\"name\":\"ONYRIA 2. Omaggio ai Pink Floyd\"}]},{\"@type\":\"WebSite\",\"@id\":\"https:\/\/www.istitutogalanteoliva.it\/magazine\/#website\",\"url\":\"https:\/\/www.istitutogalanteoliva.it\/magazine\/\",\"name\":\"POLIS SA MAGAZINE\",\"description\":\"Informazione e approfondimenti\",\"publisher\":{\"@id\":\"https:\/\/www.istitutogalanteoliva.it\/magazine\/#organization\"},\"potentialAction\":[{\"@type\":\"SearchAction\",\"target\":{\"@type\":\"EntryPoint\",\"urlTemplate\":\"https:\/\/www.istitutogalanteoliva.it\/magazine\/?s={search_term_string}\"},\"query-input\":{\"@type\":\"PropertyValueSpecification\",\"valueRequired\":true,\"valueName\":\"search_term_string\"}}],\"inLanguage\":\"it-IT\"},{\"@type\":\"Organization\",\"@id\":\"https:\/\/www.istitutogalanteoliva.it\/magazine\/#organization\",\"name\":\"Polis SA Magazine\",\"url\":\"https:\/\/www.istitutogalanteoliva.it\/magazine\/\",\"logo\":{\"@type\":\"ImageObject\",\"inLanguage\":\"it-IT\",\"@id\":\"https:\/\/www.istitutogalanteoliva.it\/magazine\/#\/schema\/logo\/image\/\",\"url\":\"\",\"contentUrl\":\"\",\"caption\":\"Polis SA Magazine\"},\"image\":{\"@id\":\"https:\/\/www.istitutogalanteoliva.it\/magazine\/#\/schema\/logo\/image\/\"},\"sameAs\":[\"https:\/\/www.facebook.com\/PolisSAMagazine\/\",\"https:\/\/x.com\/MagazinePolis\",\"https:\/\/www.youtube.com\/channel\/UCv0Mr5AHKUmsc0sEEXkJrgw\"]},{\"@type\":\"Person\",\"@id\":\"https:\/\/www.istitutogalanteoliva.it\/magazine\/#\/schema\/person\/d8b8aa79cfe8babc1df9da3212a7c0c4\",\"name\":\"Antonello Rivano\",\"image\":{\"@type\":\"ImageObject\",\"inLanguage\":\"it-IT\",\"@id\":\"https:\/\/www.istitutogalanteoliva.it\/magazine\/#\/schema\/person\/image\/\",\"url\":\"https:\/\/secure.gravatar.com\/avatar\/517a9a6487a7a18ecc4ce6d2e57a8f40?s=96&d=mm&r=g\",\"contentUrl\":\"https:\/\/secure.gravatar.com\/avatar\/517a9a6487a7a18ecc4ce6d2e57a8f40?s=96&d=mm&r=g\",\"caption\":\"Antonello Rivano\"},\"url\":\"https:\/\/www.istitutogalanteoliva.it\/magazine\/author\/antonello\/\"}]}<\/script>\n<!-- \/ Yoast SEO plugin. -->","yoast_head_json":{"title":"ONYRIA 2. Omaggio ai Pink Floyd - Polis SA Magazine","robots":{"index":"index","follow":"follow","max-snippet":"max-snippet:-1","max-image-preview":"max-image-preview:large","max-video-preview":"max-video-preview:-1"},"canonical":"https:\/\/www.istitutogalanteoliva.it\/magazine\/2023\/06\/28\/onyria-2-omaggio-ai-pink-floyd\/","og_locale":"it_IT","og_type":"article","og_title":"ONYRIA 2. Omaggio ai Pink Floyd - Polis SA Magazine","og_description":"Dall\u20198 Luglio all\u20198 Ottobre 2023, l\u2019androne dello storico Palazzo Mezzacapo di Maiori e i suoi giardini fungono da cornice per ONYRIA 2. Omaggio ai Pink Floyd a cura di Michele Citro e Andrea Guastella, di cui il primo \u201ccapitolo\u201d, ONYRIA. Surrealismo di Ordinaria Contemporaneit\u00e0, si concluder\u00e0 luned\u00ec 3 Luglio presso il MUSA \u2014 Musei della Reggia di Portici.","og_url":"https:\/\/www.istitutogalanteoliva.it\/magazine\/2023\/06\/28\/onyria-2-omaggio-ai-pink-floyd\/","og_site_name":"Polis SA Magazine","article_publisher":"https:\/\/www.facebook.com\/PolisSAMagazine\/","article_published_time":"2023-06-28T16:15:22+00:00","article_modified_time":"2023-06-28T16:20:22+00:00","og_image":[{"width":700,"height":380,"url":"https:\/\/www.istitutogalanteoliva.it\/magazine\/wp-content\/uploads\/2023\/06\/Invito-Vernissage-Onyria-2.jpg","type":"image\/jpeg"}],"author":"Antonello Rivano","twitter_card":"summary_large_image","twitter_creator":"@MagazinePolis","twitter_site":"@MagazinePolis","twitter_misc":{"Scritto da":"Antonello Rivano","Tempo di lettura stimato":"2 minuti"},"schema":{"@context":"https:\/\/schema.org","@graph":[{"@type":"Article","@id":"https:\/\/www.istitutogalanteoliva.it\/magazine\/2023\/06\/28\/onyria-2-omaggio-ai-pink-floyd\/#article","isPartOf":{"@id":"https:\/\/www.istitutogalanteoliva.it\/magazine\/2023\/06\/28\/onyria-2-omaggio-ai-pink-floyd\/"},"author":{"name":"Antonello Rivano","@id":"https:\/\/www.istitutogalanteoliva.it\/magazine\/#\/schema\/person\/d8b8aa79cfe8babc1df9da3212a7c0c4"},"headline":"ONYRIA 2. Omaggio ai Pink Floyd","datePublished":"2023-06-28T16:15:22+00:00","dateModified":"2023-06-28T16:20:22+00:00","mainEntityOfPage":{"@id":"https:\/\/www.istitutogalanteoliva.it\/magazine\/2023\/06\/28\/onyria-2-omaggio-ai-pink-floyd\/"},"wordCount":347,"publisher":{"@id":"https:\/\/www.istitutogalanteoliva.it\/magazine\/#organization"},"image":{"@id":"https:\/\/www.istitutogalanteoliva.it\/magazine\/2023\/06\/28\/onyria-2-omaggio-ai-pink-floyd\/#primaryimage"},"thumbnailUrl":"https:\/\/www.istitutogalanteoliva.it\/magazine\/wp-content\/uploads\/2023\/06\/Invito-Vernissage-Onyria-2.jpg","articleSection":["2023","Eventi"],"inLanguage":"it-IT"},{"@type":"WebPage","@id":"https:\/\/www.istitutogalanteoliva.it\/magazine\/2023\/06\/28\/onyria-2-omaggio-ai-pink-floyd\/","url":"https:\/\/www.istitutogalanteoliva.it\/magazine\/2023\/06\/28\/onyria-2-omaggio-ai-pink-floyd\/","name":"ONYRIA 2. Omaggio ai Pink Floyd - Polis SA Magazine","isPartOf":{"@id":"https:\/\/www.istitutogalanteoliva.it\/magazine\/#website"},"primaryImageOfPage":{"@id":"https:\/\/www.istitutogalanteoliva.it\/magazine\/2023\/06\/28\/onyria-2-omaggio-ai-pink-floyd\/#primaryimage"},"image":{"@id":"https:\/\/www.istitutogalanteoliva.it\/magazine\/2023\/06\/28\/onyria-2-omaggio-ai-pink-floyd\/#primaryimage"},"thumbnailUrl":"https:\/\/www.istitutogalanteoliva.it\/magazine\/wp-content\/uploads\/2023\/06\/Invito-Vernissage-Onyria-2.jpg","datePublished":"2023-06-28T16:15:22+00:00","dateModified":"2023-06-28T16:20:22+00:00","breadcrumb":{"@id":"https:\/\/www.istitutogalanteoliva.it\/magazine\/2023\/06\/28\/onyria-2-omaggio-ai-pink-floyd\/#breadcrumb"},"inLanguage":"it-IT","potentialAction":[{"@type":"ReadAction","target":["https:\/\/www.istitutogalanteoliva.it\/magazine\/2023\/06\/28\/onyria-2-omaggio-ai-pink-floyd\/"]}]},{"@type":"ImageObject","inLanguage":"it-IT","@id":"https:\/\/www.istitutogalanteoliva.it\/magazine\/2023\/06\/28\/onyria-2-omaggio-ai-pink-floyd\/#primaryimage","url":"https:\/\/www.istitutogalanteoliva.it\/magazine\/wp-content\/uploads\/2023\/06\/Invito-Vernissage-Onyria-2.jpg","contentUrl":"https:\/\/www.istitutogalanteoliva.it\/magazine\/wp-content\/uploads\/2023\/06\/Invito-Vernissage-Onyria-2.jpg","width":700,"height":380},{"@type":"BreadcrumbList","@id":"https:\/\/www.istitutogalanteoliva.it\/magazine\/2023\/06\/28\/onyria-2-omaggio-ai-pink-floyd\/#breadcrumb","itemListElement":[{"@type":"ListItem","position":1,"name":"Home","item":"https:\/\/www.istitutogalanteoliva.it\/magazine\/"},{"@type":"ListItem","position":2,"name":"ONYRIA 2. Omaggio ai Pink Floyd"}]},{"@type":"WebSite","@id":"https:\/\/www.istitutogalanteoliva.it\/magazine\/#website","url":"https:\/\/www.istitutogalanteoliva.it\/magazine\/","name":"POLIS SA MAGAZINE","description":"Informazione e approfondimenti","publisher":{"@id":"https:\/\/www.istitutogalanteoliva.it\/magazine\/#organization"},"potentialAction":[{"@type":"SearchAction","target":{"@type":"EntryPoint","urlTemplate":"https:\/\/www.istitutogalanteoliva.it\/magazine\/?s={search_term_string}"},"query-input":{"@type":"PropertyValueSpecification","valueRequired":true,"valueName":"search_term_string"}}],"inLanguage":"it-IT"},{"@type":"Organization","@id":"https:\/\/www.istitutogalanteoliva.it\/magazine\/#organization","name":"Polis SA Magazine","url":"https:\/\/www.istitutogalanteoliva.it\/magazine\/","logo":{"@type":"ImageObject","inLanguage":"it-IT","@id":"https:\/\/www.istitutogalanteoliva.it\/magazine\/#\/schema\/logo\/image\/","url":"","contentUrl":"","caption":"Polis SA Magazine"},"image":{"@id":"https:\/\/www.istitutogalanteoliva.it\/magazine\/#\/schema\/logo\/image\/"},"sameAs":["https:\/\/www.facebook.com\/PolisSAMagazine\/","https:\/\/x.com\/MagazinePolis","https:\/\/www.youtube.com\/channel\/UCv0Mr5AHKUmsc0sEEXkJrgw"]},{"@type":"Person","@id":"https:\/\/www.istitutogalanteoliva.it\/magazine\/#\/schema\/person\/d8b8aa79cfe8babc1df9da3212a7c0c4","name":"Antonello Rivano","image":{"@type":"ImageObject","inLanguage":"it-IT","@id":"https:\/\/www.istitutogalanteoliva.it\/magazine\/#\/schema\/person\/image\/","url":"https:\/\/secure.gravatar.com\/avatar\/517a9a6487a7a18ecc4ce6d2e57a8f40?s=96&d=mm&r=g","contentUrl":"https:\/\/secure.gravatar.com\/avatar\/517a9a6487a7a18ecc4ce6d2e57a8f40?s=96&d=mm&r=g","caption":"Antonello Rivano"},"url":"https:\/\/www.istitutogalanteoliva.it\/magazine\/author\/antonello\/"}]}},"_links":{"self":[{"href":"https:\/\/www.istitutogalanteoliva.it\/magazine\/wp-json\/wp\/v2\/posts\/13669","targetHints":{"allow":["GET"]}}],"collection":[{"href":"https:\/\/www.istitutogalanteoliva.it\/magazine\/wp-json\/wp\/v2\/posts"}],"about":[{"href":"https:\/\/www.istitutogalanteoliva.it\/magazine\/wp-json\/wp\/v2\/types\/post"}],"author":[{"embeddable":true,"href":"https:\/\/www.istitutogalanteoliva.it\/magazine\/wp-json\/wp\/v2\/users\/2"}],"replies":[{"embeddable":true,"href":"https:\/\/www.istitutogalanteoliva.it\/magazine\/wp-json\/wp\/v2\/comments?post=13669"}],"version-history":[{"count":1,"href":"https:\/\/www.istitutogalanteoliva.it\/magazine\/wp-json\/wp\/v2\/posts\/13669\/revisions"}],"predecessor-version":[{"id":13671,"href":"https:\/\/www.istitutogalanteoliva.it\/magazine\/wp-json\/wp\/v2\/posts\/13669\/revisions\/13671"}],"wp:featuredmedia":[{"embeddable":true,"href":"https:\/\/www.istitutogalanteoliva.it\/magazine\/wp-json\/wp\/v2\/media\/13670"}],"wp:attachment":[{"href":"https:\/\/www.istitutogalanteoliva.it\/magazine\/wp-json\/wp\/v2\/media?parent=13669"}],"wp:term":[{"taxonomy":"category","embeddable":true,"href":"https:\/\/www.istitutogalanteoliva.it\/magazine\/wp-json\/wp\/v2\/categories?post=13669"},{"taxonomy":"post_tag","embeddable":true,"href":"https:\/\/www.istitutogalanteoliva.it\/magazine\/wp-json\/wp\/v2\/tags?post=13669"}],"curies":[{"name":"wp","href":"https:\/\/api.w.org\/{rel}","templated":true}]}}