{"id":13672,"date":"2023-06-30T16:52:10","date_gmt":"2023-06-30T14:52:10","guid":{"rendered":"https:\/\/www.istitutogalanteoliva.it\/magazine\/?p=13672"},"modified":"2023-06-30T16:52:12","modified_gmt":"2023-06-30T14:52:12","slug":"pompei-verso-new-york","status":"publish","type":"post","link":"https:\/\/www.istitutogalanteoliva.it\/magazine\/2023\/06\/30\/pompei-verso-new-york\/","title":{"rendered":"<strong>Pompei verso New York<\/strong>"},"content":{"rendered":"\n<p><\/p>\n\n\n\n<p><strong>Un innovativo progetto, ancora in fieri, tra Pompei e New York. \u00c8 quanto promosso da Anna Ferrentino, in arte Anna Ferry-Ferrentino, libero professionista \u2013 una donna determinata; passionale; sensibile alle tematiche sociali e\/o politiche. Un progetto volto alla valorizzazione delle amenit\u00e0 e delle bellezze architettoniche italiane e (nella fattispecie) campane, tra passato e futuro. Passando per il tempo dell\u2019attualit\u00e0, cio\u00e8 il nostro presente.<\/strong> <strong><em>Si \u00e8 trattato di studiare dal vivo le antiche pitture, presenti all\u2019interno dei locali della Villa dei Misteri \u2013 in Pompei \u2013 ricreandone, poi, riproduzioni su carta e con matita. Un\u2019attivit\u00e0 svolta dai docenti della New York Studio School, di Manhattan; la prestigiosa scuola d\u2019arte americana. Gli step si sono avuti, in primis, nella \u201cSala del triclinio\u201d della domus pompeiana sopra citata.<\/em><\/strong> I professori hanno creato, osservando gli stupendi affreschi della latinit\u00e0 \u2013 cos\u00ec noti e apprezzati in tutto il mondo \u2013 riproduzioni delle immagini e delle effigi; l\u2019uso della luce in epoca romana e altro. <em>Realizzando \u201cblow-up di disegni\u201d, che verranno \u201ctrasformati\u201d su tela \u2013 con tecnica ad olio e carboncino, negli studi della scuola a Manhattan. La tematica del progetto \u00e8: \u201cLa vitalit\u00e0 e la potente storia di Pompei, attraverso l\u2019atto di dipingere e di disegnare\u201d. L\u2019obiettivo \u00e8 attuare un programma didattico, da esporre e trasmettere (a luglio prossimo) a una maratona pittorica: \u201cPompeii, Harmonics and Mystery\u201d, presso la \u201cNYSS\u201d. Saranno circa dieci giorni di eventi. Vi parteciperanno studenti di tali materie e\/o professionisti, provenienti da ogni parte del pianeta.<\/em><\/p>\n\n\n\n<figure class=\"wp-block-image size-full\"><img loading=\"lazy\" decoding=\"async\" width=\"700\" height=\"380\" src=\"https:\/\/www.istitutogalanteoliva.it\/magazine\/wp-content\/uploads\/2023\/06\/noia-3.jpg\" alt=\"\" class=\"wp-image-13674\" srcset=\"https:\/\/www.istitutogalanteoliva.it\/magazine\/wp-content\/uploads\/2023\/06\/noia-3.jpg 700w, https:\/\/www.istitutogalanteoliva.it\/magazine\/wp-content\/uploads\/2023\/06\/noia-3-300x163.jpg 300w\" sizes=\"auto, (max-width: 700px) 100vw, 700px\" \/><\/figure>\n\n\n\n<p><strong>Tutto nasce dall\u2019iniziativa di Graham Nickson, il committente della progettualit\u00e0: costui, direttore della New York Studio School gi\u00e0 menzionata, ha effettuato un progetto similare dal 1999 al 2009 nella citt\u00e0 di Orvieto. Dove la dottoressa Ferrentino ha avuto modo di esprimere le sue abilit\u00e0 artistiche. Assieme agli allievi pi\u00f9 promettenti, sulle opere di Luca Signorelli \u2013 artista rinascimentale.<\/strong> <em>Nickson decide di riprendere questa iniziativa \u2013 avendo ad oggetto, stavolta, il Sud Italia. Per questo, il tutto si svolge \u2013 in questi frangenti \u2013 tra Pompei e Paestum. Passando per il bel borgo di Magliano Vetere, piccolo comune inserito nel Parco del Cilento. Dove la Ferrentino ricopre il ruolo di consigliere comunale.<\/em><\/p>\n\n\n\n<p><strong>Qui, gli artisti newyorkesi hanno potuto ammirare le bellezze della nostra ricca terra campana: non solo la classicit\u00e0 dell\u2019antica cittadina romana di Pompei ma anche i panorami mozzafiato di Magliano. Uno dei borghi pi\u00f9 suggestivi del Sud e dell\u2019intera nazione. Gli Americani hanno chiesto di visitare il Museo paleontologico locale. \u201cStraordinaria l\u2019accoglienza dei tanti Maglianesi e da parte del personale del museo &#8211; ha asserito la Ferrentino; paladina di arte e cultura del nostro territorio &#8211; che hanno dimostrato capacit\u00e0 di collaborazione e di condivisione\u201d.<\/strong><\/p>\n\n\n\n<p><strong><em>Lo struggente paesaggio di Magliano, nonch\u00e9 gli affreschi \u201ccatturati\u201d e ritratti da Sam, Clintel, Briggs, Kaitlin, saranno esposti \u2013 a luglio \u2013 in una galleria di New York e \u201cvoleranno\u201d sui canali social.<\/em><\/strong><\/p>\n\n\n\n<figure class=\"wp-block-image size-full\"><img loading=\"lazy\" decoding=\"async\" width=\"700\" height=\"380\" src=\"https:\/\/www.istitutogalanteoliva.it\/magazine\/wp-content\/uploads\/2023\/06\/noia-2.jpg\" alt=\"\" class=\"wp-image-13675\" srcset=\"https:\/\/www.istitutogalanteoliva.it\/magazine\/wp-content\/uploads\/2023\/06\/noia-2.jpg 700w, https:\/\/www.istitutogalanteoliva.it\/magazine\/wp-content\/uploads\/2023\/06\/noia-2-300x163.jpg 300w\" sizes=\"auto, (max-width: 700px) 100vw, 700px\" \/><\/figure>\n\n\n\n<p><em>Nel mondo, tuttavia: \u201cCi sono sempre persone stupide che non accettano la diversit\u00e0 &#8211; afferma la Ferrentino, che ha dovuto \u201cscusarsi\u201d con uno dei docenti, vittima di un atto di razzismo &#8211; per il colore della sua pelle. \u201cCom\u2019\u00e8 possibile che, in un\u2019era moderna, sia ancora un limite la diversit\u00e0 \u2013 dice la Ferrentino. \u201cSoprattutto, mi chiedo, come si pu\u00f2 far crescere un territorio, se non si ha la capacit\u00e0 di accogliere &#8211; mostrando sensibilit\u00e0 verso gli ospiti che vengono ad ammirare le nostre bellezze e la natura incontaminata\u201d.<\/em><\/p>\n\n\n\n<p><strong>Il soggiorno tra Pompei e Magliano ha visto, inoltre, come ulteriori tappe di tale magnifico \u201cviaggio culturale\u201d anche il parco archeologico di Paestum, con l\u2019annesso museo, proseguendo infine per Salerno Nord e \u2013 ancora \u2013 raggiungendo altri siti della provincia di Napoli.\u00a0 Singolari luoghi, per i graditi ospiti d\u2019Oltreoceano. Ricordiamo la \u201cmaestosa\u201d esperienza al Museo Archeologico Nazionale di Napoli; in Villa Regina di Boscoreale; in Villa San Marco &#8211; Scavi di Stabia, Castellammare; in Villa Poppea &#8211; Scavi di Oplontis; in Torre Annunziata. Tutti siti densi di storia, ove ammirare le meraviglie di circa duemila anni fa.<\/strong> <em>Tutto documentato dal valente fotografo (della provincia di Salerno) Alain Guariglia, che ha colto nel mistero dei colori e della luce la combinazione delle linee su carta \u2013 prodotte dagli artisti.<\/em> Un felice connubio tra arte pittorica e arte fotografica, in un\u2019ideale fusione tra passato e contemporaneit\u00e0. <strong>Tale progetto \u00e8 stato \u2013 inoltre \u2013 reso possibile grazie alla disponibilit\u00e0 del direttore del parco archeologico di Paestum: Gabriel Zuchtriegel; della dottoressa Marta Rea; del personale di competenza. Ma anche grazie alla disponibilit\u00e0 e alla grande accoglienza da parte dei responsabili della Villa dei Misteri. In primo luogo, dall\u2019archeologa Stefania Terracciano, esponente dalla ditta \u201cLithos\u201d di Venezia. Ulteriori ringraziamenti vanno a coloro che hanno reso maggiormente magico il soggiorno degli artisti newyorkesi.<\/strong> Perch\u00e9, come dichiara la Ferrentino: \u201cLa cultura non ha confini, n\u00e9 deve averli: essa \u00e8 la vera essenza dell\u2019universo\u201d.<\/p>\n\n\n\n<figure class=\"wp-block-image size-full\"><img loading=\"lazy\" decoding=\"async\" width=\"700\" height=\"380\" src=\"https:\/\/www.istitutogalanteoliva.it\/magazine\/wp-content\/uploads\/2023\/06\/noioa-1.jpg\" alt=\"\" class=\"wp-image-13676\" srcset=\"https:\/\/www.istitutogalanteoliva.it\/magazine\/wp-content\/uploads\/2023\/06\/noioa-1.jpg 700w, https:\/\/www.istitutogalanteoliva.it\/magazine\/wp-content\/uploads\/2023\/06\/noioa-1-300x163.jpg 300w\" sizes=\"auto, (max-width: 700px) 100vw, 700px\" \/><\/figure>\n\n\n\n<p>Parole sagge, da parte di Anna Ferrentino, donna tenace e piena di inventiva. <strong><em>Ricco il suo curriculum, con diversificate esperienze e di studi; interessante il bagaglio di conoscenze e di competenze di questa poliedrica, eclettica professionista: docente di Scienze Umane ma anche consulente di Comunicazione Politica e Istituzionale. Ha lavorato in diversi ambiti dello scibile umano: nella moda, nel campo dell\u2019arte e in Rai. Ha scritto saggi di critica cinematografica e di comunicazione. &nbsp;Crea, da anni, format nell\u2019ambito sociale &#8211; ma anche del mondo dell\u2019agricoltura, ad esempio: \u201cLa bellezza nell\u2019imperfezione\u201d; \u201cIo sono mio figlio\u201d; \u201cLa Forza della terra\u201d. Realizzati in diverse cittadine, in provincia di Salerno &#8211; e non solo. Nel progetto \u201cLa bellezza nell\u2019 imperfezione\u201d, la Ferrentino sottolinea la propria e altrui \u201cdiversit\u00e0\u201d; rivendicandone l\u2019essere differente dai clich\u00e9 costruiti dalla \u201csociet\u00e0 dell\u2019immagine perfetta\u201d.<\/em><\/strong><\/p>\n\n\n\n<p>A favore, invece, di una decisa universalit\u00e0 ed individualit\u00e0. \u00c8 sempre stata appassionata di politica, nel senso (non deteriore) di \u201cservizio alla comunit\u00e0, alla collettivit\u00e0\u201d. Ella ha profuso impegno e passione, nelle proprie \u201csfide\u201d, alle barriere create dalla societ\u00e0 attuale. Tante battaglie, le sue, a favore della \u201cpolitica per tutti\u201d. Aperta \u00e8 agli interessi della gente. <em>Inoltre \u2013 consapevole delle problematiche del territorio e dello stato di arretratezza (strutturale ed infrastrutturale) della regione Campania \u2013 si \u00e8 sempre posta a sostegno della legalit\u00e0 e dei diritti. Particolarmente verso quelli delle donne, con campagne di sensibilizzazione a loro favore.<\/em><\/p>\n\n\n\n<p><strong><em>Donna, artista, professionista, afferma inoltre: \u201cCredo nell\u2019arte, nella cultura, in tutte le forme di comunicazione\u201d. \u201cSono entusiasta \u2013 prosegue \u2013 di sostenere oppure di realizzare progettualit\u00e0 artistiche. Per una crescita, sia umana che professionale, di tutti\u201d. A proposito dell\u2019iniziativa attuale, ha ripreso la sua attivit\u00e0 giornalistica &#8211; con la creazione di diversi \u201cformat\u201d, tra cui la rubrica: \u201cLight&amp;Face\u201d &#8211; dedicata ai volti di coloro che esaltano e trasformano, attraverso la loro luce, le dinamiche socio-culturali.<\/em><\/strong><\/p>\n\n\n\n<p><strong>Queste le sue parole: \u201cLasciare che gli artisti &#8211; soprattutto stranieri, ma non solo &#8211; abbiano l\u2019opportunit\u00e0 di ammirare e vivere le nostre comunit\u00e0, di conoscere i nostri talenti, \u00e8 una modalit\u00e0 per trainare interesse, verso territori spesso sconosciuti. Per rendere vivi i nostri borghi, mediante il turismo sostenibile. Per valorizzare luoghi di cultura e di storia \u2013 senza tempo\u201d<\/strong>. la Ferry-Ferrentino, continua: \u201cAprire una finestra, a favore dei diversi talenti, \u00e8 motivo non solo di esaltazione delle loro forme d\u2019arte, ma \u00e8 anche un perfetto connubio di crescita e di opportunit\u00e0\u201d. <em>\u201cPer rendere esclusivo il legame tra arte e territorio, in un mondo sempre pi\u00f9 privo di emozioni reali\u201d. <\/em>Speriamo che progetti simili possano realmente portare a ci\u00f2 che la Nostra si augura. Per il bene di tutti, anche di visitatori stranieri \u2013 come in questo caso. Viva l\u2019Italia, viva la Campania; viva Salerno e la sua immensa, estesa e intensa provincia.<\/p>\n\n\n\n<p><img loading=\"lazy\" decoding=\"async\" width=\"80\" height=\"80\" class=\"wp-image-6058\" style=\"width: 80px;\" src=\"https:\/\/www.istitutogalanteoliva.it\/magazine\/wp-content\/uploads\/2021\/03\/Anna-Maria1.jpg\" alt=\"\" srcset=\"https:\/\/www.istitutogalanteoliva.it\/magazine\/wp-content\/uploads\/2021\/03\/Anna-Maria1.jpg 674w, https:\/\/www.istitutogalanteoliva.it\/magazine\/wp-content\/uploads\/2021\/03\/Anna-Maria1-300x300.jpg 300w, https:\/\/www.istitutogalanteoliva.it\/magazine\/wp-content\/uploads\/2021\/03\/Anna-Maria1-150x150.jpg 150w\" sizes=\"auto, (max-width: 80px) 100vw, 80px\" \/><em><a href=\"https:\/\/www.istitutogalanteoliva.it\/magazine\/?s=Anna+Maria+Noia+\" target=\"_blank\" rel=\"noreferrer noopener\"><strong>Anna Maria Noia<\/strong><\/a><\/em><\/p>\n\n\n\n<p><\/p>\n<div class=\"pdfprnt-buttons pdfprnt-buttons-post pdfprnt-bottom-left\"><a href=\"https:\/\/www.istitutogalanteoliva.it\/magazine\/wp-json\/wp\/v2\/posts\/13672?print=print\" class=\"pdfprnt-button pdfprnt-button-print\" target=\"_blank\"><img decoding=\"async\" src=\"https:\/\/www.istitutogalanteoliva.it\/magazine\/wp-content\/plugins\/pdf-print\/images\/print.png\" alt=\"image_print\" title=\"Stampa contenuto\" \/><span class=\"pdfprnt-button-title pdfprnt-button-print-title\">Download in PDF<\/span><\/a><\/div>","protected":false},"excerpt":{"rendered":"<p>Progetto internazionale, Pompei: Luce e colori &#038; Pompeii: Harmonics and Mystery <\/p>\n","protected":false},"author":2,"featured_media":13677,"comment_status":"closed","ping_status":"open","sticky":true,"template":"","format":"standard","meta":{"footnotes":""},"categories":[225],"tags":[],"class_list":["post-13672","post","type-post","status-publish","format-standard","has-post-thumbnail","hentry","category-arte"],"yoast_head":"<!-- This site is optimized with the Yoast SEO plugin v24.2 - https:\/\/yoast.com\/wordpress\/plugins\/seo\/ -->\n<title>Pompei verso New York - Polis SA Magazine<\/title>\n<meta name=\"robots\" content=\"index, follow, max-snippet:-1, max-image-preview:large, max-video-preview:-1\" \/>\n<link rel=\"canonical\" href=\"https:\/\/www.istitutogalanteoliva.it\/magazine\/2023\/06\/30\/pompei-verso-new-york\/\" \/>\n<meta property=\"og:locale\" content=\"it_IT\" \/>\n<meta property=\"og:type\" content=\"article\" \/>\n<meta property=\"og:title\" content=\"Pompei verso New York - Polis SA Magazine\" \/>\n<meta property=\"og:description\" content=\"Progetto internazionale, Pompei: Luce e colori &amp; Pompeii: Harmonics and Mystery\" \/>\n<meta property=\"og:url\" content=\"https:\/\/www.istitutogalanteoliva.it\/magazine\/2023\/06\/30\/pompei-verso-new-york\/\" \/>\n<meta property=\"og:site_name\" content=\"Polis SA Magazine\" \/>\n<meta property=\"article:publisher\" content=\"https:\/\/www.facebook.com\/PolisSAMagazine\/\" \/>\n<meta property=\"article:published_time\" content=\"2023-06-30T14:52:10+00:00\" \/>\n<meta property=\"article:modified_time\" content=\"2023-06-30T14:52:12+00:00\" \/>\n<meta property=\"og:image\" content=\"https:\/\/www.istitutogalanteoliva.it\/magazine\/wp-content\/uploads\/2023\/06\/noia-cop.jpg\" \/>\n\t<meta property=\"og:image:width\" content=\"700\" \/>\n\t<meta property=\"og:image:height\" content=\"380\" \/>\n\t<meta property=\"og:image:type\" content=\"image\/jpeg\" \/>\n<meta name=\"author\" content=\"Antonello Rivano\" \/>\n<meta name=\"twitter:card\" content=\"summary_large_image\" \/>\n<meta name=\"twitter:creator\" content=\"@MagazinePolis\" \/>\n<meta name=\"twitter:site\" content=\"@MagazinePolis\" \/>\n<meta name=\"twitter:label1\" content=\"Scritto da\" \/>\n\t<meta name=\"twitter:data1\" content=\"Antonello Rivano\" \/>\n\t<meta name=\"twitter:label2\" content=\"Tempo di lettura stimato\" \/>\n\t<meta name=\"twitter:data2\" content=\"8 minuti\" \/>\n<script type=\"application\/ld+json\" class=\"yoast-schema-graph\">{\"@context\":\"https:\/\/schema.org\",\"@graph\":[{\"@type\":\"Article\",\"@id\":\"https:\/\/www.istitutogalanteoliva.it\/magazine\/2023\/06\/30\/pompei-verso-new-york\/#article\",\"isPartOf\":{\"@id\":\"https:\/\/www.istitutogalanteoliva.it\/magazine\/2023\/06\/30\/pompei-verso-new-york\/\"},\"author\":{\"name\":\"Antonello Rivano\",\"@id\":\"https:\/\/www.istitutogalanteoliva.it\/magazine\/#\/schema\/person\/d8b8aa79cfe8babc1df9da3212a7c0c4\"},\"headline\":\"Pompei verso New York\",\"datePublished\":\"2023-06-30T14:52:10+00:00\",\"dateModified\":\"2023-06-30T14:52:12+00:00\",\"mainEntityOfPage\":{\"@id\":\"https:\/\/www.istitutogalanteoliva.it\/magazine\/2023\/06\/30\/pompei-verso-new-york\/\"},\"wordCount\":1258,\"publisher\":{\"@id\":\"https:\/\/www.istitutogalanteoliva.it\/magazine\/#organization\"},\"image\":{\"@id\":\"https:\/\/www.istitutogalanteoliva.it\/magazine\/2023\/06\/30\/pompei-verso-new-york\/#primaryimage\"},\"thumbnailUrl\":\"https:\/\/www.istitutogalanteoliva.it\/magazine\/wp-content\/uploads\/2023\/06\/noia-cop.jpg\",\"articleSection\":[\"Arte\"],\"inLanguage\":\"it-IT\"},{\"@type\":\"WebPage\",\"@id\":\"https:\/\/www.istitutogalanteoliva.it\/magazine\/2023\/06\/30\/pompei-verso-new-york\/\",\"url\":\"https:\/\/www.istitutogalanteoliva.it\/magazine\/2023\/06\/30\/pompei-verso-new-york\/\",\"name\":\"Pompei verso New York - Polis SA Magazine\",\"isPartOf\":{\"@id\":\"https:\/\/www.istitutogalanteoliva.it\/magazine\/#website\"},\"primaryImageOfPage\":{\"@id\":\"https:\/\/www.istitutogalanteoliva.it\/magazine\/2023\/06\/30\/pompei-verso-new-york\/#primaryimage\"},\"image\":{\"@id\":\"https:\/\/www.istitutogalanteoliva.it\/magazine\/2023\/06\/30\/pompei-verso-new-york\/#primaryimage\"},\"thumbnailUrl\":\"https:\/\/www.istitutogalanteoliva.it\/magazine\/wp-content\/uploads\/2023\/06\/noia-cop.jpg\",\"datePublished\":\"2023-06-30T14:52:10+00:00\",\"dateModified\":\"2023-06-30T14:52:12+00:00\",\"breadcrumb\":{\"@id\":\"https:\/\/www.istitutogalanteoliva.it\/magazine\/2023\/06\/30\/pompei-verso-new-york\/#breadcrumb\"},\"inLanguage\":\"it-IT\",\"potentialAction\":[{\"@type\":\"ReadAction\",\"target\":[\"https:\/\/www.istitutogalanteoliva.it\/magazine\/2023\/06\/30\/pompei-verso-new-york\/\"]}]},{\"@type\":\"ImageObject\",\"inLanguage\":\"it-IT\",\"@id\":\"https:\/\/www.istitutogalanteoliva.it\/magazine\/2023\/06\/30\/pompei-verso-new-york\/#primaryimage\",\"url\":\"https:\/\/www.istitutogalanteoliva.it\/magazine\/wp-content\/uploads\/2023\/06\/noia-cop.jpg\",\"contentUrl\":\"https:\/\/www.istitutogalanteoliva.it\/magazine\/wp-content\/uploads\/2023\/06\/noia-cop.jpg\",\"width\":700,\"height\":380},{\"@type\":\"BreadcrumbList\",\"@id\":\"https:\/\/www.istitutogalanteoliva.it\/magazine\/2023\/06\/30\/pompei-verso-new-york\/#breadcrumb\",\"itemListElement\":[{\"@type\":\"ListItem\",\"position\":1,\"name\":\"Home\",\"item\":\"https:\/\/www.istitutogalanteoliva.it\/magazine\/\"},{\"@type\":\"ListItem\",\"position\":2,\"name\":\"Pompei verso New York\"}]},{\"@type\":\"WebSite\",\"@id\":\"https:\/\/www.istitutogalanteoliva.it\/magazine\/#website\",\"url\":\"https:\/\/www.istitutogalanteoliva.it\/magazine\/\",\"name\":\"POLIS SA MAGAZINE\",\"description\":\"Informazione e approfondimenti\",\"publisher\":{\"@id\":\"https:\/\/www.istitutogalanteoliva.it\/magazine\/#organization\"},\"potentialAction\":[{\"@type\":\"SearchAction\",\"target\":{\"@type\":\"EntryPoint\",\"urlTemplate\":\"https:\/\/www.istitutogalanteoliva.it\/magazine\/?s={search_term_string}\"},\"query-input\":{\"@type\":\"PropertyValueSpecification\",\"valueRequired\":true,\"valueName\":\"search_term_string\"}}],\"inLanguage\":\"it-IT\"},{\"@type\":\"Organization\",\"@id\":\"https:\/\/www.istitutogalanteoliva.it\/magazine\/#organization\",\"name\":\"Polis SA Magazine\",\"url\":\"https:\/\/www.istitutogalanteoliva.it\/magazine\/\",\"logo\":{\"@type\":\"ImageObject\",\"inLanguage\":\"it-IT\",\"@id\":\"https:\/\/www.istitutogalanteoliva.it\/magazine\/#\/schema\/logo\/image\/\",\"url\":\"\",\"contentUrl\":\"\",\"caption\":\"Polis SA Magazine\"},\"image\":{\"@id\":\"https:\/\/www.istitutogalanteoliva.it\/magazine\/#\/schema\/logo\/image\/\"},\"sameAs\":[\"https:\/\/www.facebook.com\/PolisSAMagazine\/\",\"https:\/\/x.com\/MagazinePolis\",\"https:\/\/www.youtube.com\/channel\/UCv0Mr5AHKUmsc0sEEXkJrgw\"]},{\"@type\":\"Person\",\"@id\":\"https:\/\/www.istitutogalanteoliva.it\/magazine\/#\/schema\/person\/d8b8aa79cfe8babc1df9da3212a7c0c4\",\"name\":\"Antonello Rivano\",\"image\":{\"@type\":\"ImageObject\",\"inLanguage\":\"it-IT\",\"@id\":\"https:\/\/www.istitutogalanteoliva.it\/magazine\/#\/schema\/person\/image\/\",\"url\":\"https:\/\/secure.gravatar.com\/avatar\/517a9a6487a7a18ecc4ce6d2e57a8f40?s=96&d=mm&r=g\",\"contentUrl\":\"https:\/\/secure.gravatar.com\/avatar\/517a9a6487a7a18ecc4ce6d2e57a8f40?s=96&d=mm&r=g\",\"caption\":\"Antonello Rivano\"},\"url\":\"https:\/\/www.istitutogalanteoliva.it\/magazine\/author\/antonello\/\"}]}<\/script>\n<!-- \/ Yoast SEO plugin. -->","yoast_head_json":{"title":"Pompei verso New York - Polis SA Magazine","robots":{"index":"index","follow":"follow","max-snippet":"max-snippet:-1","max-image-preview":"max-image-preview:large","max-video-preview":"max-video-preview:-1"},"canonical":"https:\/\/www.istitutogalanteoliva.it\/magazine\/2023\/06\/30\/pompei-verso-new-york\/","og_locale":"it_IT","og_type":"article","og_title":"Pompei verso New York - Polis SA Magazine","og_description":"Progetto internazionale, Pompei: Luce e colori & Pompeii: Harmonics and Mystery","og_url":"https:\/\/www.istitutogalanteoliva.it\/magazine\/2023\/06\/30\/pompei-verso-new-york\/","og_site_name":"Polis SA Magazine","article_publisher":"https:\/\/www.facebook.com\/PolisSAMagazine\/","article_published_time":"2023-06-30T14:52:10+00:00","article_modified_time":"2023-06-30T14:52:12+00:00","og_image":[{"width":700,"height":380,"url":"https:\/\/www.istitutogalanteoliva.it\/magazine\/wp-content\/uploads\/2023\/06\/noia-cop.jpg","type":"image\/jpeg"}],"author":"Antonello Rivano","twitter_card":"summary_large_image","twitter_creator":"@MagazinePolis","twitter_site":"@MagazinePolis","twitter_misc":{"Scritto da":"Antonello Rivano","Tempo di lettura stimato":"8 minuti"},"schema":{"@context":"https:\/\/schema.org","@graph":[{"@type":"Article","@id":"https:\/\/www.istitutogalanteoliva.it\/magazine\/2023\/06\/30\/pompei-verso-new-york\/#article","isPartOf":{"@id":"https:\/\/www.istitutogalanteoliva.it\/magazine\/2023\/06\/30\/pompei-verso-new-york\/"},"author":{"name":"Antonello Rivano","@id":"https:\/\/www.istitutogalanteoliva.it\/magazine\/#\/schema\/person\/d8b8aa79cfe8babc1df9da3212a7c0c4"},"headline":"Pompei verso New York","datePublished":"2023-06-30T14:52:10+00:00","dateModified":"2023-06-30T14:52:12+00:00","mainEntityOfPage":{"@id":"https:\/\/www.istitutogalanteoliva.it\/magazine\/2023\/06\/30\/pompei-verso-new-york\/"},"wordCount":1258,"publisher":{"@id":"https:\/\/www.istitutogalanteoliva.it\/magazine\/#organization"},"image":{"@id":"https:\/\/www.istitutogalanteoliva.it\/magazine\/2023\/06\/30\/pompei-verso-new-york\/#primaryimage"},"thumbnailUrl":"https:\/\/www.istitutogalanteoliva.it\/magazine\/wp-content\/uploads\/2023\/06\/noia-cop.jpg","articleSection":["Arte"],"inLanguage":"it-IT"},{"@type":"WebPage","@id":"https:\/\/www.istitutogalanteoliva.it\/magazine\/2023\/06\/30\/pompei-verso-new-york\/","url":"https:\/\/www.istitutogalanteoliva.it\/magazine\/2023\/06\/30\/pompei-verso-new-york\/","name":"Pompei verso New York - Polis SA Magazine","isPartOf":{"@id":"https:\/\/www.istitutogalanteoliva.it\/magazine\/#website"},"primaryImageOfPage":{"@id":"https:\/\/www.istitutogalanteoliva.it\/magazine\/2023\/06\/30\/pompei-verso-new-york\/#primaryimage"},"image":{"@id":"https:\/\/www.istitutogalanteoliva.it\/magazine\/2023\/06\/30\/pompei-verso-new-york\/#primaryimage"},"thumbnailUrl":"https:\/\/www.istitutogalanteoliva.it\/magazine\/wp-content\/uploads\/2023\/06\/noia-cop.jpg","datePublished":"2023-06-30T14:52:10+00:00","dateModified":"2023-06-30T14:52:12+00:00","breadcrumb":{"@id":"https:\/\/www.istitutogalanteoliva.it\/magazine\/2023\/06\/30\/pompei-verso-new-york\/#breadcrumb"},"inLanguage":"it-IT","potentialAction":[{"@type":"ReadAction","target":["https:\/\/www.istitutogalanteoliva.it\/magazine\/2023\/06\/30\/pompei-verso-new-york\/"]}]},{"@type":"ImageObject","inLanguage":"it-IT","@id":"https:\/\/www.istitutogalanteoliva.it\/magazine\/2023\/06\/30\/pompei-verso-new-york\/#primaryimage","url":"https:\/\/www.istitutogalanteoliva.it\/magazine\/wp-content\/uploads\/2023\/06\/noia-cop.jpg","contentUrl":"https:\/\/www.istitutogalanteoliva.it\/magazine\/wp-content\/uploads\/2023\/06\/noia-cop.jpg","width":700,"height":380},{"@type":"BreadcrumbList","@id":"https:\/\/www.istitutogalanteoliva.it\/magazine\/2023\/06\/30\/pompei-verso-new-york\/#breadcrumb","itemListElement":[{"@type":"ListItem","position":1,"name":"Home","item":"https:\/\/www.istitutogalanteoliva.it\/magazine\/"},{"@type":"ListItem","position":2,"name":"Pompei verso New York"}]},{"@type":"WebSite","@id":"https:\/\/www.istitutogalanteoliva.it\/magazine\/#website","url":"https:\/\/www.istitutogalanteoliva.it\/magazine\/","name":"POLIS SA MAGAZINE","description":"Informazione e approfondimenti","publisher":{"@id":"https:\/\/www.istitutogalanteoliva.it\/magazine\/#organization"},"potentialAction":[{"@type":"SearchAction","target":{"@type":"EntryPoint","urlTemplate":"https:\/\/www.istitutogalanteoliva.it\/magazine\/?s={search_term_string}"},"query-input":{"@type":"PropertyValueSpecification","valueRequired":true,"valueName":"search_term_string"}}],"inLanguage":"it-IT"},{"@type":"Organization","@id":"https:\/\/www.istitutogalanteoliva.it\/magazine\/#organization","name":"Polis SA Magazine","url":"https:\/\/www.istitutogalanteoliva.it\/magazine\/","logo":{"@type":"ImageObject","inLanguage":"it-IT","@id":"https:\/\/www.istitutogalanteoliva.it\/magazine\/#\/schema\/logo\/image\/","url":"","contentUrl":"","caption":"Polis SA Magazine"},"image":{"@id":"https:\/\/www.istitutogalanteoliva.it\/magazine\/#\/schema\/logo\/image\/"},"sameAs":["https:\/\/www.facebook.com\/PolisSAMagazine\/","https:\/\/x.com\/MagazinePolis","https:\/\/www.youtube.com\/channel\/UCv0Mr5AHKUmsc0sEEXkJrgw"]},{"@type":"Person","@id":"https:\/\/www.istitutogalanteoliva.it\/magazine\/#\/schema\/person\/d8b8aa79cfe8babc1df9da3212a7c0c4","name":"Antonello Rivano","image":{"@type":"ImageObject","inLanguage":"it-IT","@id":"https:\/\/www.istitutogalanteoliva.it\/magazine\/#\/schema\/person\/image\/","url":"https:\/\/secure.gravatar.com\/avatar\/517a9a6487a7a18ecc4ce6d2e57a8f40?s=96&d=mm&r=g","contentUrl":"https:\/\/secure.gravatar.com\/avatar\/517a9a6487a7a18ecc4ce6d2e57a8f40?s=96&d=mm&r=g","caption":"Antonello Rivano"},"url":"https:\/\/www.istitutogalanteoliva.it\/magazine\/author\/antonello\/"}]}},"_links":{"self":[{"href":"https:\/\/www.istitutogalanteoliva.it\/magazine\/wp-json\/wp\/v2\/posts\/13672","targetHints":{"allow":["GET"]}}],"collection":[{"href":"https:\/\/www.istitutogalanteoliva.it\/magazine\/wp-json\/wp\/v2\/posts"}],"about":[{"href":"https:\/\/www.istitutogalanteoliva.it\/magazine\/wp-json\/wp\/v2\/types\/post"}],"author":[{"embeddable":true,"href":"https:\/\/www.istitutogalanteoliva.it\/magazine\/wp-json\/wp\/v2\/users\/2"}],"replies":[{"embeddable":true,"href":"https:\/\/www.istitutogalanteoliva.it\/magazine\/wp-json\/wp\/v2\/comments?post=13672"}],"version-history":[{"count":1,"href":"https:\/\/www.istitutogalanteoliva.it\/magazine\/wp-json\/wp\/v2\/posts\/13672\/revisions"}],"predecessor-version":[{"id":13678,"href":"https:\/\/www.istitutogalanteoliva.it\/magazine\/wp-json\/wp\/v2\/posts\/13672\/revisions\/13678"}],"wp:featuredmedia":[{"embeddable":true,"href":"https:\/\/www.istitutogalanteoliva.it\/magazine\/wp-json\/wp\/v2\/media\/13677"}],"wp:attachment":[{"href":"https:\/\/www.istitutogalanteoliva.it\/magazine\/wp-json\/wp\/v2\/media?parent=13672"}],"wp:term":[{"taxonomy":"category","embeddable":true,"href":"https:\/\/www.istitutogalanteoliva.it\/magazine\/wp-json\/wp\/v2\/categories?post=13672"},{"taxonomy":"post_tag","embeddable":true,"href":"https:\/\/www.istitutogalanteoliva.it\/magazine\/wp-json\/wp\/v2\/tags?post=13672"}],"curies":[{"name":"wp","href":"https:\/\/api.w.org\/{rel}","templated":true}]}}