{"id":13699,"date":"2023-07-11T09:00:00","date_gmt":"2023-07-11T07:00:00","guid":{"rendered":"https:\/\/www.istitutogalanteoliva.it\/magazine\/?p=13699"},"modified":"2023-07-12T08:54:20","modified_gmt":"2023-07-12T06:54:20","slug":"estate-fiscianese-nella-valle-irno","status":"publish","type":"post","link":"https:\/\/www.istitutogalanteoliva.it\/magazine\/2023\/07\/11\/estate-fiscianese-nella-valle-irno\/","title":{"rendered":"\u201cEstate fiscianese\u201d nella Valle Irno."},"content":{"rendered":"\n<p><\/p>\n\n\n\n<p><strong>Parte alla grande la nuova \u201cedizione\u201d di \u201cEstate Fiscianese\u201d, tra il capoluogo e le frazioni del comune di Fisciano (Salerno). In realt\u00e0, \u00e8 una serie di eventi gi\u00e0 partita da alcuni giorni. Per alleviare il caldo e l\u2019afa delle serate estive, tra manifestazioni e kermesse per tutti i gusti; dedicate ai cittadini (e visitatori) di ogni et\u00e0. Nei giorni scorsi, si \u00e8 tenuta la conferenza stampa di presentazione. Alla quale hanno partecipato il sindaco Vincenzo Sessa, il consigliere delegato Carmine Iannone, il presidente della Pro Loco Fiscianese Donato Aliberti.<\/strong> <em>La kermesse, partita ufficialmente luned\u00ec 26 giugno scorso, in quel di Nocelleto, ha visto e vedr\u00e0 protagoniste le frazioni del Fiscianese. Fino al 7 luglio. In particolare, tutto \u00e8 destinato ai ragazzi. <\/em>Che \u2013 in estate &#8211; avvertono la \u201clibert\u00e0\u201d dalla scuola e dai compiti, per\u00f2 avvertono anche una sorta di \u201cvuoto\u201d. Che la manifestazione, appunto, intende \u201cscacciare\u201d. Coinvolgendo bambini ed adolescenti in attivit\u00e0 divertenti \u2013 nel vero senso (etimologico) del termine, ossia \u201cfare qualcosa di nuovo\u201d. <strong><em>Il cartellone di eventi \u00e8 stato organizzato dalla Pro Loco Fiscianese, con il patrocinio del Comune e della societ\u00e0 \u201cFisciano Sviluppo\u201d. Obiettivo: la valorizzazione dell\u2019intera collettivit\u00e0 di Fisciano, come emerge dalle parole del primo cittadino Sessa. Che plaude al lavoro della Pro Loco \u2013 guidata da Donato Aliberti. Undici \u2013 in totale \u2013 gli appuntamenti, a svolgersi nelle dieci frazioni del comune, pi\u00f9 un ulteriore happening a palazzo De Falco. Con la partecipazione di vari ospiti; delle associazioni locali; di una guest star \u2013 un ospite a sorpresa. Su cui vige il pi\u00f9 stretto riserbo; il nome sar\u00e0 rivelato la sera dell\u2019avvenimento. <\/em><\/strong><\/p>\n\n\n<div class=\"wp-block-image\">\n<figure class=\"aligncenter size-large is-resized\"><img loading=\"lazy\" decoding=\"async\" src=\"https:\/\/www.istitutogalanteoliva.it\/magazine\/wp-content\/uploads\/2023\/07\/Foto-Fisciano-Noia-1-720x1024.jpg\" alt=\"\" class=\"wp-image-13700\" width=\"540\" height=\"768\" srcset=\"https:\/\/www.istitutogalanteoliva.it\/magazine\/wp-content\/uploads\/2023\/07\/Foto-Fisciano-Noia-1-720x1024.jpg 720w, https:\/\/www.istitutogalanteoliva.it\/magazine\/wp-content\/uploads\/2023\/07\/Foto-Fisciano-Noia-1-211x300.jpg 211w, https:\/\/www.istitutogalanteoliva.it\/magazine\/wp-content\/uploads\/2023\/07\/Foto-Fisciano-Noia-1-768x1093.jpg 768w, https:\/\/www.istitutogalanteoliva.it\/magazine\/wp-content\/uploads\/2023\/07\/Foto-Fisciano-Noia-1-1079x1536.jpg 1079w, https:\/\/www.istitutogalanteoliva.it\/magazine\/wp-content\/uploads\/2023\/07\/Foto-Fisciano-Noia-1-1024x1457.jpg 1024w, https:\/\/www.istitutogalanteoliva.it\/magazine\/wp-content\/uploads\/2023\/07\/Foto-Fisciano-Noia-1.jpg 1439w\" sizes=\"auto, (max-width: 540px) 100vw, 540px\" \/><\/figure><\/div>\n\n\n<p>Gli appuntamenti \u2013 trascorsi \u2013 di giugno hanno toccato e interessato Nocelleto, il 26, con laboratori di riciclo creativo \u2013 a cura della \u201cFisciano Sviluppo\u201d, oltre che della suddetta Pro Loco. Tutto sotto il nome di \u201cRiciclando s\u2019impara\u201d. <strong><em>Inoltre si sono vissuti momenti di gioco ed animazione, su proposta della cooperativa \u201cProgetto 2000\u201d. Il 27 giugno, ecco \u201cTutti insieme a teatro!\u201d. A Gaiano. Tutto grazie all\u2019impegno del sodalizio \u201cThe club 84zero84\u201d. Con lo spettacolo: \u201cAlice nel meraviglioso mondo di Fisciano\u201d. Testo e regia di Marina Rota, in collaborazione con la compagnia teatrale \u201cGli sharmant\u201d. <\/em><\/strong><em>Altre frazioni che hanno ospitato le kermesse sono state Carpineto (29 giugno) e Lancusi. Con \u201cLa Pro Loco incontra\u2026\u201d. Nell\u2019ambito delle manifestazioni organizzate dalla parrocchia \u201cSS. Martino e Quirico\u201d, in piazza regina Margherita. Con la partecipazione di Giovanni Caccamo.<\/em> Prossimi appuntamenti, per il corrente mese di luglio \u2013 oltre a quelli tenutisi in Bolano (2 luglio scorso, con il teatro); a Settefichi (3 luglio, ancora sul riciclo creativo); a Pizzolano \u2013 con tanto divertimento (marted\u00ec 4 luglio); a Soccorso (5 luglio): <strong>ecco ai giardini pubblici di Villa, in data 6 luglio, \u201cLetture in movimento\u201d. Che prevede un raduno alle 18.30, presso la chiesa di S. Andrea, e un percorso\/laboratorio di lettura \u2013 alle 19. Sempre nei giardinetti. Grazie all\u2019entusiasmo dello staff della libreria \u201cCicciapelliccia\u201d. Venerd\u00ec 7, poi, sar\u00e0 coinvolta l\u2019amena e accogliente, caratteristica Penta. Con un laboratorio creativo, da viversi in piazza Rocco Galdieri \u2013 ore 18.30 \u2013 animato da Sabrina Lettieri; dalla Pro Loco Fiscianese e dalla \u201cFisciano Sviluppo\u201d. Sempre in tal luogo, alle 19.30 prenderanno il via altri giochi e momenti di animazione. Offerti dalla cooperativa \u201cProgetto 2000\u201d. Infine, ecco il momento clou \u2013 per chiudere in bellezza la rassegna di iniziative estive: a Fisciano centro, in Palazzo De Falco, il 25 luglio (dalle 18.30) si vivr\u00e0 la giornata nazionale delle Pro Loco d\u2019Italia; con la festa di chiusura de \u201cL\u2019Estate Fiscianese\u201d. Come sopra affermato, ci sar\u00e0 un ricco parterre de roi, con ospiti speciali.<\/strong> \u201cUn cartellone denso di eventi\u201d \u2013 ha spiegato il consigliere Iannone. Gli ha fatto eco Donato Aliberti, al timone della pro loco della zona: \u201cSulla scorta di una tradizione del Comune di Fisciano \u2013 dichiara \u2013 ogni anno torna \u201cEstate Fiscianese\u201d. Ci auguriamo che ci possa essere una buona partecipazione, per vivere appieno il nostro comune e tutte le sue realt\u00e0\u201d. All\u2019insegna della spensieratezza e dello stare insieme. Nelle calde serate estive.<\/p>\n\n\n\n<p class=\"has-text-align-left\"><br><br><img loading=\"lazy\" decoding=\"async\" width=\"100\" height=\"100\" class=\"wp-image-6058\" style=\"width: 100px;\" src=\"https:\/\/www.istitutogalanteoliva.it\/magazine\/wp-content\/uploads\/2021\/03\/Anna-Maria1.jpg\" alt=\"\" srcset=\"https:\/\/www.istitutogalanteoliva.it\/magazine\/wp-content\/uploads\/2021\/03\/Anna-Maria1.jpg 674w, https:\/\/www.istitutogalanteoliva.it\/magazine\/wp-content\/uploads\/2021\/03\/Anna-Maria1-300x300.jpg 300w, https:\/\/www.istitutogalanteoliva.it\/magazine\/wp-content\/uploads\/2021\/03\/Anna-Maria1-150x150.jpg 150w\" sizes=\"auto, (max-width: 100px) 100vw, 100px\" \/>  <em><span class=\"has-inline-color has-vivid-cyan-blue-color\"><strong><a href=\"https:\/\/www.istitutogalanteoliva.it\/magazine\/?s=Anna+Maria+Noia+\" target=\"_blank\" rel=\"noreferrer noopener\">Anna Maria Noia <\/a><\/strong><\/span><\/em><\/p>\n<div class=\"pdfprnt-buttons pdfprnt-buttons-post pdfprnt-bottom-left\"><a href=\"https:\/\/www.istitutogalanteoliva.it\/magazine\/wp-json\/wp\/v2\/posts\/13699?print=print\" class=\"pdfprnt-button pdfprnt-button-print\" target=\"_blank\"><img decoding=\"async\" src=\"https:\/\/www.istitutogalanteoliva.it\/magazine\/wp-content\/plugins\/pdf-print\/images\/print.png\" alt=\"image_print\" title=\"Stampa contenuto\" \/><span class=\"pdfprnt-button-title pdfprnt-button-print-title\">Download in PDF<\/span><\/a><\/div>","protected":false},"excerpt":{"rendered":"<p> Tra il capoluogo e le frazioni del comune di Fisciano (Salerno) . Undici appuntamenti con eventi per bambini e ragazzi<\/p>\n","protected":false},"author":2,"featured_media":13703,"comment_status":"closed","ping_status":"open","sticky":true,"template":"","format":"standard","meta":{"footnotes":""},"categories":[731,47],"tags":[],"class_list":["post-13699","post","type-post","status-publish","format-standard","has-post-thumbnail","hentry","category-731","category-eventi"],"yoast_head":"<!-- This site is optimized with the Yoast SEO plugin v24.2 - https:\/\/yoast.com\/wordpress\/plugins\/seo\/ -->\n<title>\u201cEstate fiscianese\u201d nella Valle Irno. - Polis SA Magazine<\/title>\n<meta name=\"robots\" content=\"index, follow, max-snippet:-1, max-image-preview:large, max-video-preview:-1\" \/>\n<link rel=\"canonical\" href=\"https:\/\/www.istitutogalanteoliva.it\/magazine\/2023\/07\/11\/estate-fiscianese-nella-valle-irno\/\" \/>\n<meta property=\"og:locale\" content=\"it_IT\" \/>\n<meta property=\"og:type\" content=\"article\" \/>\n<meta property=\"og:title\" content=\"\u201cEstate fiscianese\u201d nella Valle Irno. - Polis SA Magazine\" \/>\n<meta property=\"og:description\" content=\"Tra il capoluogo e le frazioni del comune di Fisciano (Salerno) . Undici appuntamenti con eventi per bambini e ragazzi\" \/>\n<meta property=\"og:url\" content=\"https:\/\/www.istitutogalanteoliva.it\/magazine\/2023\/07\/11\/estate-fiscianese-nella-valle-irno\/\" \/>\n<meta property=\"og:site_name\" content=\"Polis SA Magazine\" \/>\n<meta property=\"article:publisher\" content=\"https:\/\/www.facebook.com\/PolisSAMagazine\/\" \/>\n<meta property=\"article:published_time\" content=\"2023-07-11T07:00:00+00:00\" \/>\n<meta property=\"article:modified_time\" content=\"2023-07-12T06:54:20+00:00\" \/>\n<meta property=\"og:image\" content=\"https:\/\/www.istitutogalanteoliva.it\/magazine\/wp-content\/uploads\/2023\/07\/Foto-Fisciano-Noia-1-1.jpg\" \/>\n\t<meta property=\"og:image:width\" content=\"700\" \/>\n\t<meta property=\"og:image:height\" content=\"380\" \/>\n\t<meta property=\"og:image:type\" content=\"image\/jpeg\" \/>\n<meta name=\"author\" content=\"Antonello Rivano\" \/>\n<meta name=\"twitter:card\" content=\"summary_large_image\" \/>\n<meta name=\"twitter:creator\" content=\"@MagazinePolis\" \/>\n<meta name=\"twitter:site\" content=\"@MagazinePolis\" \/>\n<meta name=\"twitter:label1\" content=\"Scritto da\" \/>\n\t<meta name=\"twitter:data1\" content=\"Antonello Rivano\" \/>\n\t<meta name=\"twitter:label2\" content=\"Tempo di lettura stimato\" \/>\n\t<meta name=\"twitter:data2\" content=\"4 minuti\" \/>\n<script type=\"application\/ld+json\" class=\"yoast-schema-graph\">{\"@context\":\"https:\/\/schema.org\",\"@graph\":[{\"@type\":\"Article\",\"@id\":\"https:\/\/www.istitutogalanteoliva.it\/magazine\/2023\/07\/11\/estate-fiscianese-nella-valle-irno\/#article\",\"isPartOf\":{\"@id\":\"https:\/\/www.istitutogalanteoliva.it\/magazine\/2023\/07\/11\/estate-fiscianese-nella-valle-irno\/\"},\"author\":{\"name\":\"Antonello Rivano\",\"@id\":\"https:\/\/www.istitutogalanteoliva.it\/magazine\/#\/schema\/person\/d8b8aa79cfe8babc1df9da3212a7c0c4\"},\"headline\":\"\u201cEstate fiscianese\u201d nella Valle Irno.\",\"datePublished\":\"2023-07-11T07:00:00+00:00\",\"dateModified\":\"2023-07-12T06:54:20+00:00\",\"mainEntityOfPage\":{\"@id\":\"https:\/\/www.istitutogalanteoliva.it\/magazine\/2023\/07\/11\/estate-fiscianese-nella-valle-irno\/\"},\"wordCount\":647,\"publisher\":{\"@id\":\"https:\/\/www.istitutogalanteoliva.it\/magazine\/#organization\"},\"image\":{\"@id\":\"https:\/\/www.istitutogalanteoliva.it\/magazine\/2023\/07\/11\/estate-fiscianese-nella-valle-irno\/#primaryimage\"},\"thumbnailUrl\":\"https:\/\/www.istitutogalanteoliva.it\/magazine\/wp-content\/uploads\/2023\/07\/Foto-Fisciano-Noia-1-1.jpg\",\"articleSection\":[\"2023\",\"Eventi\"],\"inLanguage\":\"it-IT\"},{\"@type\":\"WebPage\",\"@id\":\"https:\/\/www.istitutogalanteoliva.it\/magazine\/2023\/07\/11\/estate-fiscianese-nella-valle-irno\/\",\"url\":\"https:\/\/www.istitutogalanteoliva.it\/magazine\/2023\/07\/11\/estate-fiscianese-nella-valle-irno\/\",\"name\":\"\u201cEstate fiscianese\u201d nella Valle Irno. - Polis SA Magazine\",\"isPartOf\":{\"@id\":\"https:\/\/www.istitutogalanteoliva.it\/magazine\/#website\"},\"primaryImageOfPage\":{\"@id\":\"https:\/\/www.istitutogalanteoliva.it\/magazine\/2023\/07\/11\/estate-fiscianese-nella-valle-irno\/#primaryimage\"},\"image\":{\"@id\":\"https:\/\/www.istitutogalanteoliva.it\/magazine\/2023\/07\/11\/estate-fiscianese-nella-valle-irno\/#primaryimage\"},\"thumbnailUrl\":\"https:\/\/www.istitutogalanteoliva.it\/magazine\/wp-content\/uploads\/2023\/07\/Foto-Fisciano-Noia-1-1.jpg\",\"datePublished\":\"2023-07-11T07:00:00+00:00\",\"dateModified\":\"2023-07-12T06:54:20+00:00\",\"breadcrumb\":{\"@id\":\"https:\/\/www.istitutogalanteoliva.it\/magazine\/2023\/07\/11\/estate-fiscianese-nella-valle-irno\/#breadcrumb\"},\"inLanguage\":\"it-IT\",\"potentialAction\":[{\"@type\":\"ReadAction\",\"target\":[\"https:\/\/www.istitutogalanteoliva.it\/magazine\/2023\/07\/11\/estate-fiscianese-nella-valle-irno\/\"]}]},{\"@type\":\"ImageObject\",\"inLanguage\":\"it-IT\",\"@id\":\"https:\/\/www.istitutogalanteoliva.it\/magazine\/2023\/07\/11\/estate-fiscianese-nella-valle-irno\/#primaryimage\",\"url\":\"https:\/\/www.istitutogalanteoliva.it\/magazine\/wp-content\/uploads\/2023\/07\/Foto-Fisciano-Noia-1-1.jpg\",\"contentUrl\":\"https:\/\/www.istitutogalanteoliva.it\/magazine\/wp-content\/uploads\/2023\/07\/Foto-Fisciano-Noia-1-1.jpg\",\"width\":700,\"height\":380},{\"@type\":\"BreadcrumbList\",\"@id\":\"https:\/\/www.istitutogalanteoliva.it\/magazine\/2023\/07\/11\/estate-fiscianese-nella-valle-irno\/#breadcrumb\",\"itemListElement\":[{\"@type\":\"ListItem\",\"position\":1,\"name\":\"Home\",\"item\":\"https:\/\/www.istitutogalanteoliva.it\/magazine\/\"},{\"@type\":\"ListItem\",\"position\":2,\"name\":\"\u201cEstate fiscianese\u201d nella Valle Irno.\"}]},{\"@type\":\"WebSite\",\"@id\":\"https:\/\/www.istitutogalanteoliva.it\/magazine\/#website\",\"url\":\"https:\/\/www.istitutogalanteoliva.it\/magazine\/\",\"name\":\"POLIS SA MAGAZINE\",\"description\":\"Informazione e approfondimenti\",\"publisher\":{\"@id\":\"https:\/\/www.istitutogalanteoliva.it\/magazine\/#organization\"},\"potentialAction\":[{\"@type\":\"SearchAction\",\"target\":{\"@type\":\"EntryPoint\",\"urlTemplate\":\"https:\/\/www.istitutogalanteoliva.it\/magazine\/?s={search_term_string}\"},\"query-input\":{\"@type\":\"PropertyValueSpecification\",\"valueRequired\":true,\"valueName\":\"search_term_string\"}}],\"inLanguage\":\"it-IT\"},{\"@type\":\"Organization\",\"@id\":\"https:\/\/www.istitutogalanteoliva.it\/magazine\/#organization\",\"name\":\"Polis SA Magazine\",\"url\":\"https:\/\/www.istitutogalanteoliva.it\/magazine\/\",\"logo\":{\"@type\":\"ImageObject\",\"inLanguage\":\"it-IT\",\"@id\":\"https:\/\/www.istitutogalanteoliva.it\/magazine\/#\/schema\/logo\/image\/\",\"url\":\"\",\"contentUrl\":\"\",\"caption\":\"Polis SA Magazine\"},\"image\":{\"@id\":\"https:\/\/www.istitutogalanteoliva.it\/magazine\/#\/schema\/logo\/image\/\"},\"sameAs\":[\"https:\/\/www.facebook.com\/PolisSAMagazine\/\",\"https:\/\/x.com\/MagazinePolis\",\"https:\/\/www.youtube.com\/channel\/UCv0Mr5AHKUmsc0sEEXkJrgw\"]},{\"@type\":\"Person\",\"@id\":\"https:\/\/www.istitutogalanteoliva.it\/magazine\/#\/schema\/person\/d8b8aa79cfe8babc1df9da3212a7c0c4\",\"name\":\"Antonello Rivano\",\"image\":{\"@type\":\"ImageObject\",\"inLanguage\":\"it-IT\",\"@id\":\"https:\/\/www.istitutogalanteoliva.it\/magazine\/#\/schema\/person\/image\/\",\"url\":\"https:\/\/secure.gravatar.com\/avatar\/517a9a6487a7a18ecc4ce6d2e57a8f40?s=96&d=mm&r=g\",\"contentUrl\":\"https:\/\/secure.gravatar.com\/avatar\/517a9a6487a7a18ecc4ce6d2e57a8f40?s=96&d=mm&r=g\",\"caption\":\"Antonello Rivano\"},\"url\":\"https:\/\/www.istitutogalanteoliva.it\/magazine\/author\/antonello\/\"}]}<\/script>\n<!-- \/ Yoast SEO plugin. -->","yoast_head_json":{"title":"\u201cEstate fiscianese\u201d nella Valle Irno. - Polis SA Magazine","robots":{"index":"index","follow":"follow","max-snippet":"max-snippet:-1","max-image-preview":"max-image-preview:large","max-video-preview":"max-video-preview:-1"},"canonical":"https:\/\/www.istitutogalanteoliva.it\/magazine\/2023\/07\/11\/estate-fiscianese-nella-valle-irno\/","og_locale":"it_IT","og_type":"article","og_title":"\u201cEstate fiscianese\u201d nella Valle Irno. - Polis SA Magazine","og_description":"Tra il capoluogo e le frazioni del comune di Fisciano (Salerno) . Undici appuntamenti con eventi per bambini e ragazzi","og_url":"https:\/\/www.istitutogalanteoliva.it\/magazine\/2023\/07\/11\/estate-fiscianese-nella-valle-irno\/","og_site_name":"Polis SA Magazine","article_publisher":"https:\/\/www.facebook.com\/PolisSAMagazine\/","article_published_time":"2023-07-11T07:00:00+00:00","article_modified_time":"2023-07-12T06:54:20+00:00","og_image":[{"width":700,"height":380,"url":"https:\/\/www.istitutogalanteoliva.it\/magazine\/wp-content\/uploads\/2023\/07\/Foto-Fisciano-Noia-1-1.jpg","type":"image\/jpeg"}],"author":"Antonello Rivano","twitter_card":"summary_large_image","twitter_creator":"@MagazinePolis","twitter_site":"@MagazinePolis","twitter_misc":{"Scritto da":"Antonello Rivano","Tempo di lettura stimato":"4 minuti"},"schema":{"@context":"https:\/\/schema.org","@graph":[{"@type":"Article","@id":"https:\/\/www.istitutogalanteoliva.it\/magazine\/2023\/07\/11\/estate-fiscianese-nella-valle-irno\/#article","isPartOf":{"@id":"https:\/\/www.istitutogalanteoliva.it\/magazine\/2023\/07\/11\/estate-fiscianese-nella-valle-irno\/"},"author":{"name":"Antonello Rivano","@id":"https:\/\/www.istitutogalanteoliva.it\/magazine\/#\/schema\/person\/d8b8aa79cfe8babc1df9da3212a7c0c4"},"headline":"\u201cEstate fiscianese\u201d nella Valle Irno.","datePublished":"2023-07-11T07:00:00+00:00","dateModified":"2023-07-12T06:54:20+00:00","mainEntityOfPage":{"@id":"https:\/\/www.istitutogalanteoliva.it\/magazine\/2023\/07\/11\/estate-fiscianese-nella-valle-irno\/"},"wordCount":647,"publisher":{"@id":"https:\/\/www.istitutogalanteoliva.it\/magazine\/#organization"},"image":{"@id":"https:\/\/www.istitutogalanteoliva.it\/magazine\/2023\/07\/11\/estate-fiscianese-nella-valle-irno\/#primaryimage"},"thumbnailUrl":"https:\/\/www.istitutogalanteoliva.it\/magazine\/wp-content\/uploads\/2023\/07\/Foto-Fisciano-Noia-1-1.jpg","articleSection":["2023","Eventi"],"inLanguage":"it-IT"},{"@type":"WebPage","@id":"https:\/\/www.istitutogalanteoliva.it\/magazine\/2023\/07\/11\/estate-fiscianese-nella-valle-irno\/","url":"https:\/\/www.istitutogalanteoliva.it\/magazine\/2023\/07\/11\/estate-fiscianese-nella-valle-irno\/","name":"\u201cEstate fiscianese\u201d nella Valle Irno. - Polis SA Magazine","isPartOf":{"@id":"https:\/\/www.istitutogalanteoliva.it\/magazine\/#website"},"primaryImageOfPage":{"@id":"https:\/\/www.istitutogalanteoliva.it\/magazine\/2023\/07\/11\/estate-fiscianese-nella-valle-irno\/#primaryimage"},"image":{"@id":"https:\/\/www.istitutogalanteoliva.it\/magazine\/2023\/07\/11\/estate-fiscianese-nella-valle-irno\/#primaryimage"},"thumbnailUrl":"https:\/\/www.istitutogalanteoliva.it\/magazine\/wp-content\/uploads\/2023\/07\/Foto-Fisciano-Noia-1-1.jpg","datePublished":"2023-07-11T07:00:00+00:00","dateModified":"2023-07-12T06:54:20+00:00","breadcrumb":{"@id":"https:\/\/www.istitutogalanteoliva.it\/magazine\/2023\/07\/11\/estate-fiscianese-nella-valle-irno\/#breadcrumb"},"inLanguage":"it-IT","potentialAction":[{"@type":"ReadAction","target":["https:\/\/www.istitutogalanteoliva.it\/magazine\/2023\/07\/11\/estate-fiscianese-nella-valle-irno\/"]}]},{"@type":"ImageObject","inLanguage":"it-IT","@id":"https:\/\/www.istitutogalanteoliva.it\/magazine\/2023\/07\/11\/estate-fiscianese-nella-valle-irno\/#primaryimage","url":"https:\/\/www.istitutogalanteoliva.it\/magazine\/wp-content\/uploads\/2023\/07\/Foto-Fisciano-Noia-1-1.jpg","contentUrl":"https:\/\/www.istitutogalanteoliva.it\/magazine\/wp-content\/uploads\/2023\/07\/Foto-Fisciano-Noia-1-1.jpg","width":700,"height":380},{"@type":"BreadcrumbList","@id":"https:\/\/www.istitutogalanteoliva.it\/magazine\/2023\/07\/11\/estate-fiscianese-nella-valle-irno\/#breadcrumb","itemListElement":[{"@type":"ListItem","position":1,"name":"Home","item":"https:\/\/www.istitutogalanteoliva.it\/magazine\/"},{"@type":"ListItem","position":2,"name":"\u201cEstate fiscianese\u201d nella Valle Irno."}]},{"@type":"WebSite","@id":"https:\/\/www.istitutogalanteoliva.it\/magazine\/#website","url":"https:\/\/www.istitutogalanteoliva.it\/magazine\/","name":"POLIS SA MAGAZINE","description":"Informazione e approfondimenti","publisher":{"@id":"https:\/\/www.istitutogalanteoliva.it\/magazine\/#organization"},"potentialAction":[{"@type":"SearchAction","target":{"@type":"EntryPoint","urlTemplate":"https:\/\/www.istitutogalanteoliva.it\/magazine\/?s={search_term_string}"},"query-input":{"@type":"PropertyValueSpecification","valueRequired":true,"valueName":"search_term_string"}}],"inLanguage":"it-IT"},{"@type":"Organization","@id":"https:\/\/www.istitutogalanteoliva.it\/magazine\/#organization","name":"Polis SA Magazine","url":"https:\/\/www.istitutogalanteoliva.it\/magazine\/","logo":{"@type":"ImageObject","inLanguage":"it-IT","@id":"https:\/\/www.istitutogalanteoliva.it\/magazine\/#\/schema\/logo\/image\/","url":"","contentUrl":"","caption":"Polis SA Magazine"},"image":{"@id":"https:\/\/www.istitutogalanteoliva.it\/magazine\/#\/schema\/logo\/image\/"},"sameAs":["https:\/\/www.facebook.com\/PolisSAMagazine\/","https:\/\/x.com\/MagazinePolis","https:\/\/www.youtube.com\/channel\/UCv0Mr5AHKUmsc0sEEXkJrgw"]},{"@type":"Person","@id":"https:\/\/www.istitutogalanteoliva.it\/magazine\/#\/schema\/person\/d8b8aa79cfe8babc1df9da3212a7c0c4","name":"Antonello Rivano","image":{"@type":"ImageObject","inLanguage":"it-IT","@id":"https:\/\/www.istitutogalanteoliva.it\/magazine\/#\/schema\/person\/image\/","url":"https:\/\/secure.gravatar.com\/avatar\/517a9a6487a7a18ecc4ce6d2e57a8f40?s=96&d=mm&r=g","contentUrl":"https:\/\/secure.gravatar.com\/avatar\/517a9a6487a7a18ecc4ce6d2e57a8f40?s=96&d=mm&r=g","caption":"Antonello Rivano"},"url":"https:\/\/www.istitutogalanteoliva.it\/magazine\/author\/antonello\/"}]}},"_links":{"self":[{"href":"https:\/\/www.istitutogalanteoliva.it\/magazine\/wp-json\/wp\/v2\/posts\/13699","targetHints":{"allow":["GET"]}}],"collection":[{"href":"https:\/\/www.istitutogalanteoliva.it\/magazine\/wp-json\/wp\/v2\/posts"}],"about":[{"href":"https:\/\/www.istitutogalanteoliva.it\/magazine\/wp-json\/wp\/v2\/types\/post"}],"author":[{"embeddable":true,"href":"https:\/\/www.istitutogalanteoliva.it\/magazine\/wp-json\/wp\/v2\/users\/2"}],"replies":[{"embeddable":true,"href":"https:\/\/www.istitutogalanteoliva.it\/magazine\/wp-json\/wp\/v2\/comments?post=13699"}],"version-history":[{"count":1,"href":"https:\/\/www.istitutogalanteoliva.it\/magazine\/wp-json\/wp\/v2\/posts\/13699\/revisions"}],"predecessor-version":[{"id":13701,"href":"https:\/\/www.istitutogalanteoliva.it\/magazine\/wp-json\/wp\/v2\/posts\/13699\/revisions\/13701"}],"wp:featuredmedia":[{"embeddable":true,"href":"https:\/\/www.istitutogalanteoliva.it\/magazine\/wp-json\/wp\/v2\/media\/13703"}],"wp:attachment":[{"href":"https:\/\/www.istitutogalanteoliva.it\/magazine\/wp-json\/wp\/v2\/media?parent=13699"}],"wp:term":[{"taxonomy":"category","embeddable":true,"href":"https:\/\/www.istitutogalanteoliva.it\/magazine\/wp-json\/wp\/v2\/categories?post=13699"},{"taxonomy":"post_tag","embeddable":true,"href":"https:\/\/www.istitutogalanteoliva.it\/magazine\/wp-json\/wp\/v2\/tags?post=13699"}],"curies":[{"name":"wp","href":"https:\/\/api.w.org\/{rel}","templated":true}]}}