{"id":13769,"date":"2023-08-21T08:00:00","date_gmt":"2023-08-21T06:00:00","guid":{"rendered":"https:\/\/www.istitutogalanteoliva.it\/magazine\/?p=13769"},"modified":"2023-08-21T19:25:44","modified_gmt":"2023-08-21T17:25:44","slug":"peppe-barra-secondo-me-il-don-chisciotte-e-il-libro-piu-bello-del-mondo","status":"publish","type":"post","link":"https:\/\/www.istitutogalanteoliva.it\/magazine\/2023\/08\/21\/peppe-barra-secondo-me-il-don-chisciotte-e-il-libro-piu-bello-del-mondo\/","title":{"rendered":"Peppe Barra: &#8220;Secondo me il Don Chisciotte \u00e8 il libro pi\u00f9 bello del Mondo&#8221;"},"content":{"rendered":"\n<p><strong>di Stefano Pignataro<\/strong><\/p>\n\n\n\n<p>Eclettico, emozionante, depositario della musica e della tradizione partenopea nel mondo, Peppe Barra, a 79 anni, non smette di consegnare al suo pubblico le sue storie, i sui racconti, le sue fiabe rilette, tradotte ed interpretate secondo la sua cultura de suo amato Gianbattista Basile e le sue riflessioni sulla societ\u00e0 odierna ed i suoi mutamenti, non tralasciando una nota amara, anche se breve, verso la mancanza di cultura e verso un Governo &#8220;non buono&#8221; che &#8220;da tanti anni \u00e8 sempre lo stesso&#8221;. Del resto lui, con la sua celeberrima edizione del &#8220;Canto dei Sanfedisti&#8221; ha dato voce al popolo napoletano ed alle ingiustizie che esso ha subito sotto tanti Regni e sotto tante angherie. Un Canto, quello dei Sanfedisti, che denuncia quella borghese repubblica napoletana installata dai francesi che non seppe interpretare quelli che erano i bisogni reali del popolo.<\/p>\n\n\n\n<p>\u00a0Peppe Barra, ospite ieri alla trentottesima edizione del Teatro dei Barbuti diretta da Chiara Natella per il suo tradizionale concerto con la sua orchestra, ha deliziato il pubblico per un&#8217;ora e mezza con le sue canzoni di repertorio, alcune delle quali tratte del suo ultimo Disco dal titolo &#8220;Cipria e Caff\u00e8&#8221;, uscito l&#8217;anno scorso.<\/p>\n\n\n\n<p>Tante le canzoni come sono stati tanti gli aneddoti, dagli esordi in ambito teatrale al fianco della mamma Concetta e del regista Gennaro Vitiello, passando per i gloriosi anni con la Nuova Compagnia di Canto Popolare con cui realizz\u00f2 il primo allestimento de \u201cLa Gatta Cenerentola\u201d di Roberto De Simone alle canzoni realizzate con gli amici Enzo Gragnaniello sino alla lettura di poesie della tradizione napoletane dei primi del Novencento come Ferdinando Russo.<\/p>\n\n\n\n<figure class=\"wp-block-image size-full\"><img loading=\"lazy\" decoding=\"async\" width=\"600\" height=\"325\" src=\"https:\/\/www.istitutogalanteoliva.it\/magazine\/wp-content\/uploads\/2023\/08\/Peppe-barra-2.jpg\" alt=\"\" class=\"wp-image-13772\" srcset=\"https:\/\/www.istitutogalanteoliva.it\/magazine\/wp-content\/uploads\/2023\/08\/Peppe-barra-2.jpg 600w, https:\/\/www.istitutogalanteoliva.it\/magazine\/wp-content\/uploads\/2023\/08\/Peppe-barra-2-300x163.jpg 300w\" sizes=\"auto, (max-width: 600px) 100vw, 600px\" \/><figcaption class=\"wp-element-caption\"><strong><em><sup>Foto_di_Antonio Rinaldi<\/sup><\/em><\/strong><\/figcaption><\/figure>\n\n\n\n<p><strong>-Maestro, un anno fa ci lasciava Maurizio Scaparro con cui Lei realizz\u00f2 il Don Chisciotte esattamente quarant&#8217;anni fa. Chi sono oggi e Don Chisciotte, i visionari di oggi e come si potrebbe riproporre, ai tempi odierni, un &#8220;Don Chisciotte?&#8221;<\/strong><\/p>\n\n\n\n<p>Esattamente uguale a quello di Cervantes perch\u00e8 Cervantes, come tutti i geni, andava al di l\u00e0 del tempo. Don Chisciotte \u00e8 una figura di visionario ma un visionario quasi profetico. Secondo me il &#8220;Don Chisciotte \u00e8 il libro pi\u00f9 bello del Mondo.<\/p>\n\n\n\n<p><strong>&#8211; Un parallelo con la societ\u00e0 lo si potrebbe attuare anche per l&#8217;Opera da tre soldi, di Brecht con cui Lei si misur\u00f2 nel 2000. Brecht, con quest&#8217;opera,&nbsp; intendeva scardinare i valori della societ\u00e0 piccolo borghesi e porre una&nbsp; sfida tra criminali e persone per bene..<\/strong><\/p>\n\n\n\n<p>Come tutte le belle opere, scritte in un&#8217;altra epoca, oggi \u00e8 sempre valida, come tutte le opere scritte con genialit\u00e0; Brecht si ispir\u00f2 all&#8217;Opera del mendicante nel &#8216;600 e fu la grande Lotte Lenya che fu la prima grande interprete dell&#8217;opera scelta da Brecht e da Kurt Weil. Non saprei oggi se si potesse concepire ad un riadattamento per quest&#8217;opera, credo sia difficile se non impossibile.<\/p>\n\n\n\n<p><strong>&#8211; Tempo fa&nbsp; \u00e8 stato ospite al Festival &#8220;La filosofia, il castello e la torre&#8221; dell&#8217;Ischia International Festival of Philosopy di Ischia. Quale \u00e8 il Suo rapporto con la Fede?<\/strong><\/p>\n\n\n\n<p>Sono credente e sono vissuto in un&#8217;Isola piena di tradizione, in una Procida degli anni cinquanta, fine degli anni &#8217;40&nbsp; per cui c&#8217;erano tantissime e bellissime tradizioni come vi erano&nbsp; a Napoli; pi\u00f9 che fede direi amore per la tradizione che poi non \u00e8 altro che rispecchiarsi nella fede. La mia casa \u00e8 ricca di Madonne, presepi. Ci\u00f2 che mi spaventa oggi \u00e8 la mancanza dell&#8217;amore per la tradizione soprattutto nei preti, in particolare nei giovani sacerdoti che tendono a cambiare; cosa si vuole cambiare, una tradizione che esiste da 3000 anni? Si dice che la &#8220;Fede deve essere unica&#8221; ma non \u00e8 vero perch\u00e8 la Fede ha bisogno di un certo tipo di colore, di aura, di cose che intorno devono vibrare.<\/p>\n\n\n\n<figure class=\"wp-block-image size-full\"><img loading=\"lazy\" decoding=\"async\" width=\"600\" height=\"325\" src=\"https:\/\/www.istitutogalanteoliva.it\/magazine\/wp-content\/uploads\/2023\/08\/peppe-barra-3.jpg\" alt=\"\" class=\"wp-image-13773\" srcset=\"https:\/\/www.istitutogalanteoliva.it\/magazine\/wp-content\/uploads\/2023\/08\/peppe-barra-3.jpg 600w, https:\/\/www.istitutogalanteoliva.it\/magazine\/wp-content\/uploads\/2023\/08\/peppe-barra-3-300x163.jpg 300w\" sizes=\"auto, (max-width: 600px) 100vw, 600px\" \/><figcaption class=\"wp-element-caption\"><strong><em><sup>Foto_di _Corinna&nbsp;Fumo<\/sup><\/em><\/strong><\/figcaption><\/figure>\n\n\n\n<p><strong>&#8211; Siamo nell&#8217;anno del Centenario calviniano ed Italo Calvino,&nbsp; in un testo apparso originariamente nel 1949 su \u201cL\u2019Unit\u00e0\u201d e poi non pi\u00f9 ripubblicato dall\u2019autore (ma inserito poi nel terzo volume Romanzi e racconti apparsi nei Meridiani di Mondatori), scrive di Napoli, in questo suo reportage&nbsp; sulle condizioni della citt\u00e0 nell\u2019immediato dopoguerra, che &#8221;&nbsp;\u201cuna citt\u00e0 di vetro, in cui non si poteva posare gli occhi in nessun posto senza violare un segreto&#8221; riferendosi alla citt\u00e0 dei &#8220;bassi&#8221;. Quale segreto, o quali segreti, secondo Lei, nasconde ancora Napoli?<\/strong><\/p>\n\n\n\n<p>Io penso che una citt\u00e0 come Napoli, che \u00e8 una citt\u00e0 alchemica dove c&#8217;\u00e8 tutto stratificato, tante culture, dalle culture sannitiche a quelle fenicie a quelle spagnole a quelle francesi, una citt\u00e0 talmente poliedriche che diventa un grosso nucleo di sensazioni, di movimenti, di culture. Calvino queste cose le sentiva,le&nbsp; avvertiva e diceva che&nbsp; &#8220;ogni vicolo ha un segreto&#8221;&nbsp; ed \u00e8 cos\u00ec: se noi scaviamo nella cultura della citt\u00e0 di Napoli troviamo misteri; Napoli \u00e8 una citt\u00e0 misterica, basta&nbsp; guardare, sentire ed ascoltare tutte le storie e le leggende sul Principe di Sansevero&#8221;.<\/p>\n\n\n\n<p>&#8211;<\/p>\n\n\n\n<p><img loading=\"lazy\" decoding=\"async\" width=\"100\" height=\"100\" class=\"wp-image-8696\" style=\"width: 100px;\" src=\"https:\/\/www.istitutogalanteoliva.it\/magazine\/wp-content\/uploads\/2021\/07\/Stefano-.jpg\" alt=\"\" srcset=\"https:\/\/www.istitutogalanteoliva.it\/magazine\/wp-content\/uploads\/2021\/07\/Stefano-.jpg 1624w, https:\/\/www.istitutogalanteoliva.it\/magazine\/wp-content\/uploads\/2021\/07\/Stefano--300x300.jpg 300w, https:\/\/www.istitutogalanteoliva.it\/magazine\/wp-content\/uploads\/2021\/07\/Stefano--1024x1024.jpg 1024w, https:\/\/www.istitutogalanteoliva.it\/magazine\/wp-content\/uploads\/2021\/07\/Stefano--150x150.jpg 150w, https:\/\/www.istitutogalanteoliva.it\/magazine\/wp-content\/uploads\/2021\/07\/Stefano--768x768.jpg 768w, https:\/\/www.istitutogalanteoliva.it\/magazine\/wp-content\/uploads\/2021\/07\/Stefano--1536x1536.jpg 1536w\" sizes=\"auto, (max-width: 100px) 100vw, 100px\" \/><strong><em><a href=\"https:\/\/www.istitutogalanteoliva.it\/magazine\/?s=Stefano+Pignataro\" target=\"_blank\" rel=\"noreferrer noopener\">Stefano Pignataro<\/a><\/em><\/strong><br><strong><em><sup>Vicecoordinatore Nazionale di redazione\/Coordinatore Sud Italia e Sicilia<\/sup><\/em><\/strong><br><\/p>\n<div class=\"pdfprnt-buttons pdfprnt-buttons-post pdfprnt-bottom-left\"><a href=\"https:\/\/www.istitutogalanteoliva.it\/magazine\/wp-json\/wp\/v2\/posts\/13769?print=print\" class=\"pdfprnt-button pdfprnt-button-print\" target=\"_blank\"><img decoding=\"async\" src=\"https:\/\/www.istitutogalanteoliva.it\/magazine\/wp-content\/plugins\/pdf-print\/images\/print.png\" alt=\"image_print\" title=\"Stampa contenuto\" \/><span class=\"pdfprnt-button-title pdfprnt-button-print-title\">Download in PDF<\/span><\/a><\/div>","protected":false},"excerpt":{"rendered":"<p>Il maestro ospite alla trentasettesima edizione del Teatro dei Barbuti diretta da Chiara Natella<\/p>\n","protected":false},"author":2,"featured_media":13771,"comment_status":"closed","ping_status":"open","sticky":true,"template":"","format":"standard","meta":{"footnotes":""},"categories":[731,7,199],"tags":[827,442],"class_list":["post-13769","post","type-post","status-publish","format-standard","has-post-thumbnail","hentry","category-731","category-arte_e_spettacolo","category-interviste","tag-intervista","tag-peppe-barra"],"yoast_head":"<!-- This site is optimized with the Yoast SEO plugin v24.2 - https:\/\/yoast.com\/wordpress\/plugins\/seo\/ -->\n<title>Peppe Barra: &quot;Secondo me il Don Chisciotte \u00e8 il libro pi\u00f9 bello del Mondo&quot; - Polis SA Magazine<\/title>\n<meta name=\"robots\" content=\"index, follow, max-snippet:-1, max-image-preview:large, max-video-preview:-1\" \/>\n<link rel=\"canonical\" href=\"https:\/\/www.istitutogalanteoliva.it\/magazine\/2023\/08\/21\/peppe-barra-secondo-me-il-don-chisciotte-e-il-libro-piu-bello-del-mondo\/\" \/>\n<meta property=\"og:locale\" content=\"it_IT\" \/>\n<meta property=\"og:type\" content=\"article\" \/>\n<meta property=\"og:title\" content=\"Peppe Barra: &quot;Secondo me il Don Chisciotte \u00e8 il libro pi\u00f9 bello del Mondo&quot; - Polis SA Magazine\" \/>\n<meta property=\"og:description\" content=\"Il maestro ospite alla trentasettesima edizione del Teatro dei Barbuti diretta da Chiara Natella\" \/>\n<meta property=\"og:url\" content=\"https:\/\/www.istitutogalanteoliva.it\/magazine\/2023\/08\/21\/peppe-barra-secondo-me-il-don-chisciotte-e-il-libro-piu-bello-del-mondo\/\" \/>\n<meta property=\"og:site_name\" content=\"Polis SA Magazine\" \/>\n<meta property=\"article:publisher\" content=\"https:\/\/www.facebook.com\/PolisSAMagazine\/\" \/>\n<meta property=\"article:published_time\" content=\"2023-08-21T06:00:00+00:00\" \/>\n<meta property=\"article:modified_time\" content=\"2023-08-21T17:25:44+00:00\" \/>\n<meta property=\"og:image\" content=\"https:\/\/www.istitutogalanteoliva.it\/magazine\/wp-content\/uploads\/2023\/08\/Peppe-Barra-cop-1.jpg\" \/>\n\t<meta property=\"og:image:width\" content=\"600\" \/>\n\t<meta property=\"og:image:height\" content=\"325\" \/>\n\t<meta property=\"og:image:type\" content=\"image\/jpeg\" \/>\n<meta name=\"author\" content=\"Antonello Rivano\" \/>\n<meta name=\"twitter:card\" content=\"summary_large_image\" \/>\n<meta name=\"twitter:creator\" content=\"@MagazinePolis\" \/>\n<meta name=\"twitter:site\" content=\"@MagazinePolis\" \/>\n<meta name=\"twitter:label1\" content=\"Scritto da\" \/>\n\t<meta name=\"twitter:data1\" content=\"Antonello Rivano\" \/>\n\t<meta name=\"twitter:label2\" content=\"Tempo di lettura stimato\" \/>\n\t<meta name=\"twitter:data2\" content=\"5 minuti\" \/>\n<script type=\"application\/ld+json\" class=\"yoast-schema-graph\">{\"@context\":\"https:\/\/schema.org\",\"@graph\":[{\"@type\":\"Article\",\"@id\":\"https:\/\/www.istitutogalanteoliva.it\/magazine\/2023\/08\/21\/peppe-barra-secondo-me-il-don-chisciotte-e-il-libro-piu-bello-del-mondo\/#article\",\"isPartOf\":{\"@id\":\"https:\/\/www.istitutogalanteoliva.it\/magazine\/2023\/08\/21\/peppe-barra-secondo-me-il-don-chisciotte-e-il-libro-piu-bello-del-mondo\/\"},\"author\":{\"name\":\"Antonello Rivano\",\"@id\":\"https:\/\/www.istitutogalanteoliva.it\/magazine\/#\/schema\/person\/d8b8aa79cfe8babc1df9da3212a7c0c4\"},\"headline\":\"Peppe Barra: &#8220;Secondo me il Don Chisciotte \u00e8 il libro pi\u00f9 bello del Mondo&#8221;\",\"datePublished\":\"2023-08-21T06:00:00+00:00\",\"dateModified\":\"2023-08-21T17:25:44+00:00\",\"mainEntityOfPage\":{\"@id\":\"https:\/\/www.istitutogalanteoliva.it\/magazine\/2023\/08\/21\/peppe-barra-secondo-me-il-don-chisciotte-e-il-libro-piu-bello-del-mondo\/\"},\"wordCount\":817,\"publisher\":{\"@id\":\"https:\/\/www.istitutogalanteoliva.it\/magazine\/#organization\"},\"image\":{\"@id\":\"https:\/\/www.istitutogalanteoliva.it\/magazine\/2023\/08\/21\/peppe-barra-secondo-me-il-don-chisciotte-e-il-libro-piu-bello-del-mondo\/#primaryimage\"},\"thumbnailUrl\":\"https:\/\/www.istitutogalanteoliva.it\/magazine\/wp-content\/uploads\/2023\/08\/Peppe-Barra-cop-1.jpg\",\"keywords\":[\"Intervista\",\"peppe barra\"],\"articleSection\":[\"2023\",\"Arte e Spettacolo\",\"Interviste\"],\"inLanguage\":\"it-IT\"},{\"@type\":\"WebPage\",\"@id\":\"https:\/\/www.istitutogalanteoliva.it\/magazine\/2023\/08\/21\/peppe-barra-secondo-me-il-don-chisciotte-e-il-libro-piu-bello-del-mondo\/\",\"url\":\"https:\/\/www.istitutogalanteoliva.it\/magazine\/2023\/08\/21\/peppe-barra-secondo-me-il-don-chisciotte-e-il-libro-piu-bello-del-mondo\/\",\"name\":\"Peppe Barra: \\\"Secondo me il Don Chisciotte \u00e8 il libro pi\u00f9 bello del Mondo\\\" - Polis SA Magazine\",\"isPartOf\":{\"@id\":\"https:\/\/www.istitutogalanteoliva.it\/magazine\/#website\"},\"primaryImageOfPage\":{\"@id\":\"https:\/\/www.istitutogalanteoliva.it\/magazine\/2023\/08\/21\/peppe-barra-secondo-me-il-don-chisciotte-e-il-libro-piu-bello-del-mondo\/#primaryimage\"},\"image\":{\"@id\":\"https:\/\/www.istitutogalanteoliva.it\/magazine\/2023\/08\/21\/peppe-barra-secondo-me-il-don-chisciotte-e-il-libro-piu-bello-del-mondo\/#primaryimage\"},\"thumbnailUrl\":\"https:\/\/www.istitutogalanteoliva.it\/magazine\/wp-content\/uploads\/2023\/08\/Peppe-Barra-cop-1.jpg\",\"datePublished\":\"2023-08-21T06:00:00+00:00\",\"dateModified\":\"2023-08-21T17:25:44+00:00\",\"breadcrumb\":{\"@id\":\"https:\/\/www.istitutogalanteoliva.it\/magazine\/2023\/08\/21\/peppe-barra-secondo-me-il-don-chisciotte-e-il-libro-piu-bello-del-mondo\/#breadcrumb\"},\"inLanguage\":\"it-IT\",\"potentialAction\":[{\"@type\":\"ReadAction\",\"target\":[\"https:\/\/www.istitutogalanteoliva.it\/magazine\/2023\/08\/21\/peppe-barra-secondo-me-il-don-chisciotte-e-il-libro-piu-bello-del-mondo\/\"]}]},{\"@type\":\"ImageObject\",\"inLanguage\":\"it-IT\",\"@id\":\"https:\/\/www.istitutogalanteoliva.it\/magazine\/2023\/08\/21\/peppe-barra-secondo-me-il-don-chisciotte-e-il-libro-piu-bello-del-mondo\/#primaryimage\",\"url\":\"https:\/\/www.istitutogalanteoliva.it\/magazine\/wp-content\/uploads\/2023\/08\/Peppe-Barra-cop-1.jpg\",\"contentUrl\":\"https:\/\/www.istitutogalanteoliva.it\/magazine\/wp-content\/uploads\/2023\/08\/Peppe-Barra-cop-1.jpg\",\"width\":600,\"height\":325,\"caption\":\"Foto_di _Corinna\u00a0Fumo\"},{\"@type\":\"BreadcrumbList\",\"@id\":\"https:\/\/www.istitutogalanteoliva.it\/magazine\/2023\/08\/21\/peppe-barra-secondo-me-il-don-chisciotte-e-il-libro-piu-bello-del-mondo\/#breadcrumb\",\"itemListElement\":[{\"@type\":\"ListItem\",\"position\":1,\"name\":\"Home\",\"item\":\"https:\/\/www.istitutogalanteoliva.it\/magazine\/\"},{\"@type\":\"ListItem\",\"position\":2,\"name\":\"Peppe Barra: &#8220;Secondo me il Don Chisciotte \u00e8 il libro pi\u00f9 bello del Mondo&#8221;\"}]},{\"@type\":\"WebSite\",\"@id\":\"https:\/\/www.istitutogalanteoliva.it\/magazine\/#website\",\"url\":\"https:\/\/www.istitutogalanteoliva.it\/magazine\/\",\"name\":\"POLIS SA MAGAZINE\",\"description\":\"Informazione e approfondimenti\",\"publisher\":{\"@id\":\"https:\/\/www.istitutogalanteoliva.it\/magazine\/#organization\"},\"potentialAction\":[{\"@type\":\"SearchAction\",\"target\":{\"@type\":\"EntryPoint\",\"urlTemplate\":\"https:\/\/www.istitutogalanteoliva.it\/magazine\/?s={search_term_string}\"},\"query-input\":{\"@type\":\"PropertyValueSpecification\",\"valueRequired\":true,\"valueName\":\"search_term_string\"}}],\"inLanguage\":\"it-IT\"},{\"@type\":\"Organization\",\"@id\":\"https:\/\/www.istitutogalanteoliva.it\/magazine\/#organization\",\"name\":\"Polis SA Magazine\",\"url\":\"https:\/\/www.istitutogalanteoliva.it\/magazine\/\",\"logo\":{\"@type\":\"ImageObject\",\"inLanguage\":\"it-IT\",\"@id\":\"https:\/\/www.istitutogalanteoliva.it\/magazine\/#\/schema\/logo\/image\/\",\"url\":\"\",\"contentUrl\":\"\",\"caption\":\"Polis SA Magazine\"},\"image\":{\"@id\":\"https:\/\/www.istitutogalanteoliva.it\/magazine\/#\/schema\/logo\/image\/\"},\"sameAs\":[\"https:\/\/www.facebook.com\/PolisSAMagazine\/\",\"https:\/\/x.com\/MagazinePolis\",\"https:\/\/www.youtube.com\/channel\/UCv0Mr5AHKUmsc0sEEXkJrgw\"]},{\"@type\":\"Person\",\"@id\":\"https:\/\/www.istitutogalanteoliva.it\/magazine\/#\/schema\/person\/d8b8aa79cfe8babc1df9da3212a7c0c4\",\"name\":\"Antonello Rivano\",\"image\":{\"@type\":\"ImageObject\",\"inLanguage\":\"it-IT\",\"@id\":\"https:\/\/www.istitutogalanteoliva.it\/magazine\/#\/schema\/person\/image\/\",\"url\":\"https:\/\/secure.gravatar.com\/avatar\/517a9a6487a7a18ecc4ce6d2e57a8f40?s=96&d=mm&r=g\",\"contentUrl\":\"https:\/\/secure.gravatar.com\/avatar\/517a9a6487a7a18ecc4ce6d2e57a8f40?s=96&d=mm&r=g\",\"caption\":\"Antonello Rivano\"},\"url\":\"https:\/\/www.istitutogalanteoliva.it\/magazine\/author\/antonello\/\"}]}<\/script>\n<!-- \/ Yoast SEO plugin. -->","yoast_head_json":{"title":"Peppe Barra: \"Secondo me il Don Chisciotte \u00e8 il libro pi\u00f9 bello del Mondo\" - Polis SA Magazine","robots":{"index":"index","follow":"follow","max-snippet":"max-snippet:-1","max-image-preview":"max-image-preview:large","max-video-preview":"max-video-preview:-1"},"canonical":"https:\/\/www.istitutogalanteoliva.it\/magazine\/2023\/08\/21\/peppe-barra-secondo-me-il-don-chisciotte-e-il-libro-piu-bello-del-mondo\/","og_locale":"it_IT","og_type":"article","og_title":"Peppe Barra: \"Secondo me il Don Chisciotte \u00e8 il libro pi\u00f9 bello del Mondo\" - Polis SA Magazine","og_description":"Il maestro ospite alla trentasettesima edizione del Teatro dei Barbuti diretta da Chiara Natella","og_url":"https:\/\/www.istitutogalanteoliva.it\/magazine\/2023\/08\/21\/peppe-barra-secondo-me-il-don-chisciotte-e-il-libro-piu-bello-del-mondo\/","og_site_name":"Polis SA Magazine","article_publisher":"https:\/\/www.facebook.com\/PolisSAMagazine\/","article_published_time":"2023-08-21T06:00:00+00:00","article_modified_time":"2023-08-21T17:25:44+00:00","og_image":[{"width":600,"height":325,"url":"https:\/\/www.istitutogalanteoliva.it\/magazine\/wp-content\/uploads\/2023\/08\/Peppe-Barra-cop-1.jpg","type":"image\/jpeg"}],"author":"Antonello Rivano","twitter_card":"summary_large_image","twitter_creator":"@MagazinePolis","twitter_site":"@MagazinePolis","twitter_misc":{"Scritto da":"Antonello Rivano","Tempo di lettura stimato":"5 minuti"},"schema":{"@context":"https:\/\/schema.org","@graph":[{"@type":"Article","@id":"https:\/\/www.istitutogalanteoliva.it\/magazine\/2023\/08\/21\/peppe-barra-secondo-me-il-don-chisciotte-e-il-libro-piu-bello-del-mondo\/#article","isPartOf":{"@id":"https:\/\/www.istitutogalanteoliva.it\/magazine\/2023\/08\/21\/peppe-barra-secondo-me-il-don-chisciotte-e-il-libro-piu-bello-del-mondo\/"},"author":{"name":"Antonello Rivano","@id":"https:\/\/www.istitutogalanteoliva.it\/magazine\/#\/schema\/person\/d8b8aa79cfe8babc1df9da3212a7c0c4"},"headline":"Peppe Barra: &#8220;Secondo me il Don Chisciotte \u00e8 il libro pi\u00f9 bello del Mondo&#8221;","datePublished":"2023-08-21T06:00:00+00:00","dateModified":"2023-08-21T17:25:44+00:00","mainEntityOfPage":{"@id":"https:\/\/www.istitutogalanteoliva.it\/magazine\/2023\/08\/21\/peppe-barra-secondo-me-il-don-chisciotte-e-il-libro-piu-bello-del-mondo\/"},"wordCount":817,"publisher":{"@id":"https:\/\/www.istitutogalanteoliva.it\/magazine\/#organization"},"image":{"@id":"https:\/\/www.istitutogalanteoliva.it\/magazine\/2023\/08\/21\/peppe-barra-secondo-me-il-don-chisciotte-e-il-libro-piu-bello-del-mondo\/#primaryimage"},"thumbnailUrl":"https:\/\/www.istitutogalanteoliva.it\/magazine\/wp-content\/uploads\/2023\/08\/Peppe-Barra-cop-1.jpg","keywords":["Intervista","peppe barra"],"articleSection":["2023","Arte e Spettacolo","Interviste"],"inLanguage":"it-IT"},{"@type":"WebPage","@id":"https:\/\/www.istitutogalanteoliva.it\/magazine\/2023\/08\/21\/peppe-barra-secondo-me-il-don-chisciotte-e-il-libro-piu-bello-del-mondo\/","url":"https:\/\/www.istitutogalanteoliva.it\/magazine\/2023\/08\/21\/peppe-barra-secondo-me-il-don-chisciotte-e-il-libro-piu-bello-del-mondo\/","name":"Peppe Barra: \"Secondo me il Don Chisciotte \u00e8 il libro pi\u00f9 bello del Mondo\" - Polis SA Magazine","isPartOf":{"@id":"https:\/\/www.istitutogalanteoliva.it\/magazine\/#website"},"primaryImageOfPage":{"@id":"https:\/\/www.istitutogalanteoliva.it\/magazine\/2023\/08\/21\/peppe-barra-secondo-me-il-don-chisciotte-e-il-libro-piu-bello-del-mondo\/#primaryimage"},"image":{"@id":"https:\/\/www.istitutogalanteoliva.it\/magazine\/2023\/08\/21\/peppe-barra-secondo-me-il-don-chisciotte-e-il-libro-piu-bello-del-mondo\/#primaryimage"},"thumbnailUrl":"https:\/\/www.istitutogalanteoliva.it\/magazine\/wp-content\/uploads\/2023\/08\/Peppe-Barra-cop-1.jpg","datePublished":"2023-08-21T06:00:00+00:00","dateModified":"2023-08-21T17:25:44+00:00","breadcrumb":{"@id":"https:\/\/www.istitutogalanteoliva.it\/magazine\/2023\/08\/21\/peppe-barra-secondo-me-il-don-chisciotte-e-il-libro-piu-bello-del-mondo\/#breadcrumb"},"inLanguage":"it-IT","potentialAction":[{"@type":"ReadAction","target":["https:\/\/www.istitutogalanteoliva.it\/magazine\/2023\/08\/21\/peppe-barra-secondo-me-il-don-chisciotte-e-il-libro-piu-bello-del-mondo\/"]}]},{"@type":"ImageObject","inLanguage":"it-IT","@id":"https:\/\/www.istitutogalanteoliva.it\/magazine\/2023\/08\/21\/peppe-barra-secondo-me-il-don-chisciotte-e-il-libro-piu-bello-del-mondo\/#primaryimage","url":"https:\/\/www.istitutogalanteoliva.it\/magazine\/wp-content\/uploads\/2023\/08\/Peppe-Barra-cop-1.jpg","contentUrl":"https:\/\/www.istitutogalanteoliva.it\/magazine\/wp-content\/uploads\/2023\/08\/Peppe-Barra-cop-1.jpg","width":600,"height":325,"caption":"Foto_di _Corinna\u00a0Fumo"},{"@type":"BreadcrumbList","@id":"https:\/\/www.istitutogalanteoliva.it\/magazine\/2023\/08\/21\/peppe-barra-secondo-me-il-don-chisciotte-e-il-libro-piu-bello-del-mondo\/#breadcrumb","itemListElement":[{"@type":"ListItem","position":1,"name":"Home","item":"https:\/\/www.istitutogalanteoliva.it\/magazine\/"},{"@type":"ListItem","position":2,"name":"Peppe Barra: &#8220;Secondo me il Don Chisciotte \u00e8 il libro pi\u00f9 bello del Mondo&#8221;"}]},{"@type":"WebSite","@id":"https:\/\/www.istitutogalanteoliva.it\/magazine\/#website","url":"https:\/\/www.istitutogalanteoliva.it\/magazine\/","name":"POLIS SA MAGAZINE","description":"Informazione e approfondimenti","publisher":{"@id":"https:\/\/www.istitutogalanteoliva.it\/magazine\/#organization"},"potentialAction":[{"@type":"SearchAction","target":{"@type":"EntryPoint","urlTemplate":"https:\/\/www.istitutogalanteoliva.it\/magazine\/?s={search_term_string}"},"query-input":{"@type":"PropertyValueSpecification","valueRequired":true,"valueName":"search_term_string"}}],"inLanguage":"it-IT"},{"@type":"Organization","@id":"https:\/\/www.istitutogalanteoliva.it\/magazine\/#organization","name":"Polis SA Magazine","url":"https:\/\/www.istitutogalanteoliva.it\/magazine\/","logo":{"@type":"ImageObject","inLanguage":"it-IT","@id":"https:\/\/www.istitutogalanteoliva.it\/magazine\/#\/schema\/logo\/image\/","url":"","contentUrl":"","caption":"Polis SA Magazine"},"image":{"@id":"https:\/\/www.istitutogalanteoliva.it\/magazine\/#\/schema\/logo\/image\/"},"sameAs":["https:\/\/www.facebook.com\/PolisSAMagazine\/","https:\/\/x.com\/MagazinePolis","https:\/\/www.youtube.com\/channel\/UCv0Mr5AHKUmsc0sEEXkJrgw"]},{"@type":"Person","@id":"https:\/\/www.istitutogalanteoliva.it\/magazine\/#\/schema\/person\/d8b8aa79cfe8babc1df9da3212a7c0c4","name":"Antonello Rivano","image":{"@type":"ImageObject","inLanguage":"it-IT","@id":"https:\/\/www.istitutogalanteoliva.it\/magazine\/#\/schema\/person\/image\/","url":"https:\/\/secure.gravatar.com\/avatar\/517a9a6487a7a18ecc4ce6d2e57a8f40?s=96&d=mm&r=g","contentUrl":"https:\/\/secure.gravatar.com\/avatar\/517a9a6487a7a18ecc4ce6d2e57a8f40?s=96&d=mm&r=g","caption":"Antonello Rivano"},"url":"https:\/\/www.istitutogalanteoliva.it\/magazine\/author\/antonello\/"}]}},"_links":{"self":[{"href":"https:\/\/www.istitutogalanteoliva.it\/magazine\/wp-json\/wp\/v2\/posts\/13769","targetHints":{"allow":["GET"]}}],"collection":[{"href":"https:\/\/www.istitutogalanteoliva.it\/magazine\/wp-json\/wp\/v2\/posts"}],"about":[{"href":"https:\/\/www.istitutogalanteoliva.it\/magazine\/wp-json\/wp\/v2\/types\/post"}],"author":[{"embeddable":true,"href":"https:\/\/www.istitutogalanteoliva.it\/magazine\/wp-json\/wp\/v2\/users\/2"}],"replies":[{"embeddable":true,"href":"https:\/\/www.istitutogalanteoliva.it\/magazine\/wp-json\/wp\/v2\/comments?post=13769"}],"version-history":[{"count":4,"href":"https:\/\/www.istitutogalanteoliva.it\/magazine\/wp-json\/wp\/v2\/posts\/13769\/revisions"}],"predecessor-version":[{"id":13786,"href":"https:\/\/www.istitutogalanteoliva.it\/magazine\/wp-json\/wp\/v2\/posts\/13769\/revisions\/13786"}],"wp:featuredmedia":[{"embeddable":true,"href":"https:\/\/www.istitutogalanteoliva.it\/magazine\/wp-json\/wp\/v2\/media\/13771"}],"wp:attachment":[{"href":"https:\/\/www.istitutogalanteoliva.it\/magazine\/wp-json\/wp\/v2\/media?parent=13769"}],"wp:term":[{"taxonomy":"category","embeddable":true,"href":"https:\/\/www.istitutogalanteoliva.it\/magazine\/wp-json\/wp\/v2\/categories?post=13769"},{"taxonomy":"post_tag","embeddable":true,"href":"https:\/\/www.istitutogalanteoliva.it\/magazine\/wp-json\/wp\/v2\/tags?post=13769"}],"curies":[{"name":"wp","href":"https:\/\/api.w.org\/{rel}","templated":true}]}}