{"id":13894,"date":"2023-10-09T17:18:05","date_gmt":"2023-10-09T15:18:05","guid":{"rendered":"https:\/\/www.istitutogalanteoliva.it\/magazine\/?p=13894"},"modified":"2023-10-09T17:18:06","modified_gmt":"2023-10-09T15:18:06","slug":"mercato-san-severino-sa-progetto-sullo-sport-e-inclusione","status":"publish","type":"post","link":"https:\/\/www.istitutogalanteoliva.it\/magazine\/2023\/10\/09\/mercato-san-severino-sa-progetto-sullo-sport-e-inclusione\/","title":{"rendered":"Mercato San Severino (SA). Progetto sullo sport e inclusione"},"content":{"rendered":"\n<p><\/p>\n\n\n\n<p><strong> Il progetto, denominato: \u201cUn calcio all\u2019esclusione\u201d (con appositi hashtag e numerosi sponsor od enti patrocinanti), \u00e8 stato gi\u00e0 \u2013 in realt\u00e0 \u2013 avviato in questi ultimi mesi. Si \u00e8 trattato, quindi, di un briefing vero e proprio \u2013 voluto allo scopo di fare il punto della situazione, in merito e rispetto agli obiettivi prefissati.<\/strong> Il progetto ha coinvolto alcune realt\u00e0 del Salernitano, tra cui dei sodalizi di San Severino. Con strutture \u201cfisiche\u201d, \u201cdedicate\u201d, presenti in loco. <em>Vari gli item dell\u2019iniziativa \u2013 tra San Severino e la centralissima Salerno: nello specifico, a Mercato si \u00e8 tenuta (e\/o ancora si sta tenendo) l\u2019attivit\u00e0 teatrale, per \u201cL\u2019arte di includere\u201d. Protagonista, in questo caso, la scuola\/laboratorio di drammaturgia \u201cCrescere insieme, oltre il teatro\u201d \u2013 proprio di San Severino. La didattica teatralizzata si \u00e8 svolta (o si concluder\u00e0) al teatro comunale della cittadina. Referente, per ci\u00f2 che riguarda \u201cCrescere insieme\u201d, \u00e8 stata Clotilde Grisolia. Ancora, ma stavolta per lo sport \u2013 con svariati moduli: Rugby, Baseball, Calcio, Tennis, Scherma, Pallacanestro \u2013 ha visto \u201coccupare\u201d i suoi spazi, dagli iscritti, il campo di rugby della frazione Ciorani. Dedicato a due figure dello sport, molto conosciute nel territorio: Silvano Minelli e Antonio Margiotta.<\/em> Rugbisti prematuramente scomparsi. Inoltre, e questa volta per la preparazione di cibo, ecco che l\u2019associazione \u201cPonte\u201d \u2013 retta da Vittoria Caffaro (presente all\u2019incontro) \u2013 ha \u201cerogato\u201d lezioni multiculturali di cucina. Per il modulo \u201cEat my culture\u201d \u2013 letteralmente: \u201cMangia la mia cultura\u201d. Le attivit\u00e0 hanno interessato \u2013 in tale caso \u2013 i locali dell\u2019istituto \u201cPalazzolo\u201d, nella frazione Piazza del Galdo. Dunque, al Cpia sanseverinese \u2013 ubicato in localit\u00e0 Pandola, ma dipendente e costola (periferica) del Cpia di Salerno \u2013 un apposito convegno ha permesso a tutti di osservare quanto \u00e8 stato effettuato, nel corso di queste esperienze formative. In progress. <\/p>\n\n\n\n<figure class=\"wp-block-image size-large is-resized\"><img loading=\"lazy\" decoding=\"async\" src=\"https:\/\/www.istitutogalanteoliva.it\/magazine\/wp-content\/uploads\/2023\/10\/Foto-Noia-sport-inclusione-5-780x1024.jpg\" alt=\"\" class=\"wp-image-13896\" width=\"389\" height=\"511\" srcset=\"https:\/\/www.istitutogalanteoliva.it\/magazine\/wp-content\/uploads\/2023\/10\/Foto-Noia-sport-inclusione-5-780x1024.jpg 780w, https:\/\/www.istitutogalanteoliva.it\/magazine\/wp-content\/uploads\/2023\/10\/Foto-Noia-sport-inclusione-5-229x300.jpg 229w, https:\/\/www.istitutogalanteoliva.it\/magazine\/wp-content\/uploads\/2023\/10\/Foto-Noia-sport-inclusione-5-768x1008.jpg 768w, https:\/\/www.istitutogalanteoliva.it\/magazine\/wp-content\/uploads\/2023\/10\/Foto-Noia-sport-inclusione-5-1024x1344.jpg 1024w, https:\/\/www.istitutogalanteoliva.it\/magazine\/wp-content\/uploads\/2023\/10\/Foto-Noia-sport-inclusione-5.jpg 1170w\" sizes=\"auto, (max-width: 389px) 100vw, 389px\" \/><\/figure>\n\n\n\n<p><strong><em>Ricordiamo che il Cpia di Salerno \u00e8 presieduto dalla dirigente scolastica Maria Montuori \u2013 che coordina anche la struttura sanseverinese. Sette sono i docenti in ruolo a San Severino. Circa centoquaranta gli allievi. Di ogni nazionalit\u00e0 e di ogni et\u00e0. Speranzosi, nell\u2019attesa di poter parlare al meglio \u2013 e in maniera ottimale \u2013 la nostra madrelingua. Per poi inserirsi nel mondo del lavoro: per accedere a professioni anche pi\u00f9\u2026 \u201cambiziose\u201d, rispetto ai tanti \u201clavoretti\u201d che \u2013 tante volte \u2013 si effettuano. Con tutto il rispetto per le mansioni pi\u00f9 umili, ovviamente. Per innalzare le aspettative di realizzazione, nella vita. Il dibattito, davvero non retorico, ha interessato tutti gli astanti: un pubblico silente, assorto, presente, partecipativo\/partecipe. Molto educato, coinvolto, incuriosito.<\/em><\/strong> <strong>Sono intervenuti, nell\u2019occasione: il vice sindaco di Mercato San Severino, Enza Cavaliere; il sociologo Paolo Diana, docente all\u2019universit\u00e0 di Salerno; la professoressa Maria Montuori \u2013 Ds del Centro istruzione adulti di Salerno; Francesca Merenda \u2013 coordinatrice \u201cSport e salute\u201d, Regione Campania; Marco De Luca, responsabile Aics (Associazione italiana cultura e sport) Aps \u2013 del comitato provinciale di Salerno; la gi\u00e0 citata Clotilde Grisolia \u2013 presidente di \u201cCrescere insieme oltre il teatro\u201d.<\/strong> Si \u00e8 trattato e\/o si tratta di un progetto importante. Inerente i concetti di integrazione e di inclusione. Proprio per\u2026 \u201cdare un calcio\u201d all\u2019emarginazione. Uno sforzo congiunto di pi\u00f9 centri partner \u2013 tra San Severino, Salerno e altre realt\u00e0 locali. Tutto finanziato, anche, a livello nazionale. In collaborazione, per esempio, con il Ministero del Lavoro e delle Politiche Sociali. <em>Circa seicentodieci \u2013 gli individui a cui il progetto \u00e8 stato rivolto: giovani o adulti, immigrati, con background (appunto) migratorio, donne e differentemente abili. Le attivit\u00e0 erano e sono \u201caperte a tutta la comunit\u00e0\u201d. Gratuitamente. Per consentire di avvicinarsi alla pratica sportiva (ma anche teatrale e gastronomica) le famiglie pi\u00f9 svantaggiate del comprensorio, soprattutto inserite nel circuito aiuti Caritas oppure residenti in quartieri disagiati. Prendiamo come esemplificazione l\u2019attivit\u00e0 drammaturgica: si articola in due edizioni, di 16 ore ciascuna. Per un totale di 32 ore. Trenta il numero di partecipanti previsto, per un periodo di svolgimento che sta andando da settembre a novembre 2023. Per lo sport e l\u2019integrazione, ci si pone \u2013 ad obiettivi \u2013 verso la lotta al disagio psico-sociale. L\u2019evento ludico quale \u201cmomento di crescita, personale e collettiva\u201d: questi gli intenti. A San Severino, al campo di rugby, ma anche in altre aree del Salernitano (per altri sport) ci si vedr\u00e0 \u2013 numero di presenze coinvolte: 70 \u2013 da settembre a dicembre prossimo venturo. Cento il monte-ore stabilito, per quattro edizioni; ciascuna suddivisa in 25 ore. E cos\u00ec via. <\/em>Fortemente entusiasta delle iniziative \u2013 ancora in corso \u2013 il vice sindaco Cavaliere, che ha chiarito come \u201cOccorre saper ascoltare le esigenze della collettivit\u00e0 \u2013 ha dichiarato \u2013 ponendo attenzione alle persone da accogliere\u201d. \u201cUna grande soddisfazione \u2013 ha spiegato \u2013 \u00e8 stata il cooperare alla riuscita di questa iniziativa\u201d. Anche la Montuori ha plaudito a quanto organizzato. Specificando \u2013 tra altro \u2013 che i Cpia (centrale, a Salerno, e periferico \u2013 per San Severino) hanno attuato e\/o attueranno altre progettualit\u00e0 insieme. <\/p>\n\n\n\n<figure class=\"wp-block-image size-large is-resized\"><img loading=\"lazy\" decoding=\"async\" src=\"https:\/\/www.istitutogalanteoliva.it\/magazine\/wp-content\/uploads\/2023\/10\/Foto-Noia-sport-inclusione-4-1024x768.jpg\" alt=\"\" class=\"wp-image-13895\" width=\"436\" height=\"327\" srcset=\"https:\/\/www.istitutogalanteoliva.it\/magazine\/wp-content\/uploads\/2023\/10\/Foto-Noia-sport-inclusione-4-1024x768.jpg 1024w, https:\/\/www.istitutogalanteoliva.it\/magazine\/wp-content\/uploads\/2023\/10\/Foto-Noia-sport-inclusione-4-300x225.jpg 300w, https:\/\/www.istitutogalanteoliva.it\/magazine\/wp-content\/uploads\/2023\/10\/Foto-Noia-sport-inclusione-4-768x576.jpg 768w, https:\/\/www.istitutogalanteoliva.it\/magazine\/wp-content\/uploads\/2023\/10\/Foto-Noia-sport-inclusione-4-1536x1152.jpg 1536w, https:\/\/www.istitutogalanteoliva.it\/magazine\/wp-content\/uploads\/2023\/10\/Foto-Noia-sport-inclusione-4-2048x1536.jpg 2048w\" sizes=\"auto, (max-width: 436px) 100vw, 436px\" \/><\/figure>\n\n\n\n<p><strong>Anche la Grisolia ha invitato tutti a effettuare altre esperienze di animazione, con la scuola di \u201cCrescere insieme, oltre il teatro\u201d. Sempre per includere ed integrare. Come i recenti percorsi di laboratorio teatrale, per cui l\u2019associazione \u00e8 nota tra San Severino e dintorni. In particolare, l\u2019idea da rappresentare \u2013 a cura di Clotilde e della sua scuola \u2013 potrebbe essere \u201cMedea\u201d. Un personaggio della mitologia greca, sofferto e discusso. La regista ed attrice di origini calabresi \u2013 ma sanseverinese di adozione \u2013 intende far emergere il dolore e la confusione di Medea, vista come \u201cstraniera\u201d; come \u201cospite\u201d. Ed un\u2019altra idea riguarda \u201cI negri\u201d di Genet, una pi\u00e8ce teatrale che va contro luoghi comuni e stereotipie. Come dovrebbe succedere anche praticando sport.<\/strong> \u201cLo sport \u2013 afferma poi Paolo Diana \u2013 risponde al desiderio di una societ\u00e0 multiculturale. Con simboli e lavori da condividere\u201d. Come \u201cmomento forte di partecipazione, alla vita collettiva\u201d. Pertanto, l\u2019attivit\u00e0 sportiva dev\u2019essere \u201cidentificativa\u201d. Gli fa eco la dottoressa Merenda. Che parla di \u201cSport utile a imparare meglio l\u2019Italiano\u201d. <strong><em>Per puntare maggiormente in alto, come ambizioni di vita. Insomma, una bella lectio sullo sport e su altre attivit\u00e0 &#8211; che possono aiutare a far parte di una societ\u00e0 sempre meno piena di pregiudizi. Ma sempre pi\u00f9 aperta all\u2019innovazione e alla freschezza \u2013 offerte dai cosiddetti \u201cimmigrati\u201d. Da valorizzare, quale risorsa fondamentale per il multiculturalismo, professionale e sociale.<\/em><\/strong><\/p>\n\n\n\n<p><img loading=\"lazy\" decoding=\"async\" width=\"80\" height=\"80\" class=\"wp-image-6058\" style=\"width: 80px;\" src=\"https:\/\/www.istitutogalanteoliva.it\/magazine\/wp-content\/uploads\/2021\/03\/Anna-Maria1.jpg\" alt=\"\" srcset=\"https:\/\/www.istitutogalanteoliva.it\/magazine\/wp-content\/uploads\/2021\/03\/Anna-Maria1.jpg 674w, https:\/\/www.istitutogalanteoliva.it\/magazine\/wp-content\/uploads\/2021\/03\/Anna-Maria1-300x300.jpg 300w, https:\/\/www.istitutogalanteoliva.it\/magazine\/wp-content\/uploads\/2021\/03\/Anna-Maria1-150x150.jpg 150w\" sizes=\"auto, (max-width: 80px) 100vw, 80px\" \/><em><a href=\"https:\/\/www.istitutogalanteoliva.it\/magazine\/?s=Anna+Maria+Noia+\" target=\"_blank\" rel=\"noreferrer noopener\"><strong>Anna Maria Noia<\/strong><\/a><\/em><\/p>\n<div class=\"pdfprnt-buttons pdfprnt-buttons-post pdfprnt-bottom-left\"><a href=\"https:\/\/www.istitutogalanteoliva.it\/magazine\/wp-json\/wp\/v2\/posts\/13894?print=print\" class=\"pdfprnt-button pdfprnt-button-print\" target=\"_blank\"><img decoding=\"async\" src=\"https:\/\/www.istitutogalanteoliva.it\/magazine\/wp-content\/plugins\/pdf-print\/images\/print.png\" alt=\"image_print\" title=\"Stampa contenuto\" \/><span class=\"pdfprnt-button-title pdfprnt-button-print-title\">Download in PDF<\/span><\/a><\/div>","protected":false},"excerpt":{"rendered":"<p> venerd\u00ec 6 ottobre, presso il Centro provinciale per l\u2019istruzione degli adulti, o Cpia (derivante dagli ex Ctp \u2013 Centri territoriali permanenti), di Mercato San Severino si \u00e8 parlato di sport ed inclusione. \u2013<\/p>\n","protected":false},"author":2,"featured_media":13897,"comment_status":"closed","ping_status":"open","sticky":true,"template":"","format":"standard","meta":{"footnotes":""},"categories":[731,22,32],"tags":[811,567],"class_list":["post-13894","post","type-post","status-publish","format-standard","has-post-thumbnail","hentry","category-731","category-societa","category-sport","tag-convegno","tag-mercato-san-severino"],"yoast_head":"<!-- This site is optimized with the Yoast SEO plugin v24.2 - https:\/\/yoast.com\/wordpress\/plugins\/seo\/ -->\n<title>Mercato San Severino (SA). Progetto sullo sport e inclusione - Polis SA Magazine<\/title>\n<meta name=\"robots\" content=\"index, follow, max-snippet:-1, max-image-preview:large, max-video-preview:-1\" \/>\n<link rel=\"canonical\" href=\"https:\/\/www.istitutogalanteoliva.it\/magazine\/2023\/10\/09\/mercato-san-severino-sa-progetto-sullo-sport-e-inclusione\/\" \/>\n<meta property=\"og:locale\" content=\"it_IT\" \/>\n<meta property=\"og:type\" content=\"article\" \/>\n<meta property=\"og:title\" content=\"Mercato San Severino (SA). Progetto sullo sport e inclusione - Polis SA Magazine\" \/>\n<meta property=\"og:description\" content=\"venerd\u00ec 6 ottobre, presso il Centro provinciale per l\u2019istruzione degli adulti, o Cpia (derivante dagli ex Ctp \u2013 Centri territoriali permanenti), di Mercato San Severino si \u00e8 parlato di sport ed inclusione. \u2013\" \/>\n<meta property=\"og:url\" content=\"https:\/\/www.istitutogalanteoliva.it\/magazine\/2023\/10\/09\/mercato-san-severino-sa-progetto-sullo-sport-e-inclusione\/\" \/>\n<meta property=\"og:site_name\" content=\"Polis SA Magazine\" \/>\n<meta property=\"article:publisher\" content=\"https:\/\/www.facebook.com\/PolisSAMagazine\/\" \/>\n<meta property=\"article:published_time\" content=\"2023-10-09T15:18:05+00:00\" \/>\n<meta property=\"article:modified_time\" content=\"2023-10-09T15:18:06+00:00\" \/>\n<meta property=\"og:image\" content=\"https:\/\/www.istitutogalanteoliva.it\/magazine\/wp-content\/uploads\/2023\/10\/san-severino.jpg\" \/>\n\t<meta property=\"og:image:width\" content=\"700\" \/>\n\t<meta property=\"og:image:height\" content=\"380\" \/>\n\t<meta property=\"og:image:type\" content=\"image\/jpeg\" \/>\n<meta name=\"author\" content=\"Antonello Rivano\" \/>\n<meta name=\"twitter:card\" content=\"summary_large_image\" \/>\n<meta name=\"twitter:creator\" content=\"@MagazinePolis\" \/>\n<meta name=\"twitter:site\" content=\"@MagazinePolis\" \/>\n<meta name=\"twitter:label1\" content=\"Scritto da\" \/>\n\t<meta name=\"twitter:data1\" content=\"Antonello Rivano\" \/>\n\t<meta name=\"twitter:label2\" content=\"Tempo di lettura stimato\" \/>\n\t<meta name=\"twitter:data2\" content=\"6 minuti\" \/>\n<script type=\"application\/ld+json\" class=\"yoast-schema-graph\">{\"@context\":\"https:\/\/schema.org\",\"@graph\":[{\"@type\":\"Article\",\"@id\":\"https:\/\/www.istitutogalanteoliva.it\/magazine\/2023\/10\/09\/mercato-san-severino-sa-progetto-sullo-sport-e-inclusione\/#article\",\"isPartOf\":{\"@id\":\"https:\/\/www.istitutogalanteoliva.it\/magazine\/2023\/10\/09\/mercato-san-severino-sa-progetto-sullo-sport-e-inclusione\/\"},\"author\":{\"name\":\"Antonello Rivano\",\"@id\":\"https:\/\/www.istitutogalanteoliva.it\/magazine\/#\/schema\/person\/d8b8aa79cfe8babc1df9da3212a7c0c4\"},\"headline\":\"Mercato San Severino (SA). Progetto sullo sport e inclusione\",\"datePublished\":\"2023-10-09T15:18:05+00:00\",\"dateModified\":\"2023-10-09T15:18:06+00:00\",\"mainEntityOfPage\":{\"@id\":\"https:\/\/www.istitutogalanteoliva.it\/magazine\/2023\/10\/09\/mercato-san-severino-sa-progetto-sullo-sport-e-inclusione\/\"},\"wordCount\":1011,\"publisher\":{\"@id\":\"https:\/\/www.istitutogalanteoliva.it\/magazine\/#organization\"},\"image\":{\"@id\":\"https:\/\/www.istitutogalanteoliva.it\/magazine\/2023\/10\/09\/mercato-san-severino-sa-progetto-sullo-sport-e-inclusione\/#primaryimage\"},\"thumbnailUrl\":\"https:\/\/www.istitutogalanteoliva.it\/magazine\/wp-content\/uploads\/2023\/10\/san-severino.jpg\",\"keywords\":[\"Convegno\",\"mercato san severino\"],\"articleSection\":[\"2023\",\"Societ\u00e0\",\"Sport\"],\"inLanguage\":\"it-IT\"},{\"@type\":\"WebPage\",\"@id\":\"https:\/\/www.istitutogalanteoliva.it\/magazine\/2023\/10\/09\/mercato-san-severino-sa-progetto-sullo-sport-e-inclusione\/\",\"url\":\"https:\/\/www.istitutogalanteoliva.it\/magazine\/2023\/10\/09\/mercato-san-severino-sa-progetto-sullo-sport-e-inclusione\/\",\"name\":\"Mercato San Severino (SA). Progetto sullo sport e inclusione - Polis SA Magazine\",\"isPartOf\":{\"@id\":\"https:\/\/www.istitutogalanteoliva.it\/magazine\/#website\"},\"primaryImageOfPage\":{\"@id\":\"https:\/\/www.istitutogalanteoliva.it\/magazine\/2023\/10\/09\/mercato-san-severino-sa-progetto-sullo-sport-e-inclusione\/#primaryimage\"},\"image\":{\"@id\":\"https:\/\/www.istitutogalanteoliva.it\/magazine\/2023\/10\/09\/mercato-san-severino-sa-progetto-sullo-sport-e-inclusione\/#primaryimage\"},\"thumbnailUrl\":\"https:\/\/www.istitutogalanteoliva.it\/magazine\/wp-content\/uploads\/2023\/10\/san-severino.jpg\",\"datePublished\":\"2023-10-09T15:18:05+00:00\",\"dateModified\":\"2023-10-09T15:18:06+00:00\",\"breadcrumb\":{\"@id\":\"https:\/\/www.istitutogalanteoliva.it\/magazine\/2023\/10\/09\/mercato-san-severino-sa-progetto-sullo-sport-e-inclusione\/#breadcrumb\"},\"inLanguage\":\"it-IT\",\"potentialAction\":[{\"@type\":\"ReadAction\",\"target\":[\"https:\/\/www.istitutogalanteoliva.it\/magazine\/2023\/10\/09\/mercato-san-severino-sa-progetto-sullo-sport-e-inclusione\/\"]}]},{\"@type\":\"ImageObject\",\"inLanguage\":\"it-IT\",\"@id\":\"https:\/\/www.istitutogalanteoliva.it\/magazine\/2023\/10\/09\/mercato-san-severino-sa-progetto-sullo-sport-e-inclusione\/#primaryimage\",\"url\":\"https:\/\/www.istitutogalanteoliva.it\/magazine\/wp-content\/uploads\/2023\/10\/san-severino.jpg\",\"contentUrl\":\"https:\/\/www.istitutogalanteoliva.it\/magazine\/wp-content\/uploads\/2023\/10\/san-severino.jpg\",\"width\":700,\"height\":380},{\"@type\":\"BreadcrumbList\",\"@id\":\"https:\/\/www.istitutogalanteoliva.it\/magazine\/2023\/10\/09\/mercato-san-severino-sa-progetto-sullo-sport-e-inclusione\/#breadcrumb\",\"itemListElement\":[{\"@type\":\"ListItem\",\"position\":1,\"name\":\"Home\",\"item\":\"https:\/\/www.istitutogalanteoliva.it\/magazine\/\"},{\"@type\":\"ListItem\",\"position\":2,\"name\":\"Mercato San Severino (SA). Progetto sullo sport e inclusione\"}]},{\"@type\":\"WebSite\",\"@id\":\"https:\/\/www.istitutogalanteoliva.it\/magazine\/#website\",\"url\":\"https:\/\/www.istitutogalanteoliva.it\/magazine\/\",\"name\":\"POLIS SA MAGAZINE\",\"description\":\"Informazione e approfondimenti\",\"publisher\":{\"@id\":\"https:\/\/www.istitutogalanteoliva.it\/magazine\/#organization\"},\"potentialAction\":[{\"@type\":\"SearchAction\",\"target\":{\"@type\":\"EntryPoint\",\"urlTemplate\":\"https:\/\/www.istitutogalanteoliva.it\/magazine\/?s={search_term_string}\"},\"query-input\":{\"@type\":\"PropertyValueSpecification\",\"valueRequired\":true,\"valueName\":\"search_term_string\"}}],\"inLanguage\":\"it-IT\"},{\"@type\":\"Organization\",\"@id\":\"https:\/\/www.istitutogalanteoliva.it\/magazine\/#organization\",\"name\":\"Polis SA Magazine\",\"url\":\"https:\/\/www.istitutogalanteoliva.it\/magazine\/\",\"logo\":{\"@type\":\"ImageObject\",\"inLanguage\":\"it-IT\",\"@id\":\"https:\/\/www.istitutogalanteoliva.it\/magazine\/#\/schema\/logo\/image\/\",\"url\":\"\",\"contentUrl\":\"\",\"caption\":\"Polis SA Magazine\"},\"image\":{\"@id\":\"https:\/\/www.istitutogalanteoliva.it\/magazine\/#\/schema\/logo\/image\/\"},\"sameAs\":[\"https:\/\/www.facebook.com\/PolisSAMagazine\/\",\"https:\/\/x.com\/MagazinePolis\",\"https:\/\/www.youtube.com\/channel\/UCv0Mr5AHKUmsc0sEEXkJrgw\"]},{\"@type\":\"Person\",\"@id\":\"https:\/\/www.istitutogalanteoliva.it\/magazine\/#\/schema\/person\/d8b8aa79cfe8babc1df9da3212a7c0c4\",\"name\":\"Antonello Rivano\",\"image\":{\"@type\":\"ImageObject\",\"inLanguage\":\"it-IT\",\"@id\":\"https:\/\/www.istitutogalanteoliva.it\/magazine\/#\/schema\/person\/image\/\",\"url\":\"https:\/\/secure.gravatar.com\/avatar\/517a9a6487a7a18ecc4ce6d2e57a8f40?s=96&d=mm&r=g\",\"contentUrl\":\"https:\/\/secure.gravatar.com\/avatar\/517a9a6487a7a18ecc4ce6d2e57a8f40?s=96&d=mm&r=g\",\"caption\":\"Antonello Rivano\"},\"url\":\"https:\/\/www.istitutogalanteoliva.it\/magazine\/author\/antonello\/\"}]}<\/script>\n<!-- \/ Yoast SEO plugin. -->","yoast_head_json":{"title":"Mercato San Severino (SA). Progetto sullo sport e inclusione - Polis SA Magazine","robots":{"index":"index","follow":"follow","max-snippet":"max-snippet:-1","max-image-preview":"max-image-preview:large","max-video-preview":"max-video-preview:-1"},"canonical":"https:\/\/www.istitutogalanteoliva.it\/magazine\/2023\/10\/09\/mercato-san-severino-sa-progetto-sullo-sport-e-inclusione\/","og_locale":"it_IT","og_type":"article","og_title":"Mercato San Severino (SA). Progetto sullo sport e inclusione - Polis SA Magazine","og_description":"venerd\u00ec 6 ottobre, presso il Centro provinciale per l\u2019istruzione degli adulti, o Cpia (derivante dagli ex Ctp \u2013 Centri territoriali permanenti), di Mercato San Severino si \u00e8 parlato di sport ed inclusione. \u2013","og_url":"https:\/\/www.istitutogalanteoliva.it\/magazine\/2023\/10\/09\/mercato-san-severino-sa-progetto-sullo-sport-e-inclusione\/","og_site_name":"Polis SA Magazine","article_publisher":"https:\/\/www.facebook.com\/PolisSAMagazine\/","article_published_time":"2023-10-09T15:18:05+00:00","article_modified_time":"2023-10-09T15:18:06+00:00","og_image":[{"width":700,"height":380,"url":"https:\/\/www.istitutogalanteoliva.it\/magazine\/wp-content\/uploads\/2023\/10\/san-severino.jpg","type":"image\/jpeg"}],"author":"Antonello Rivano","twitter_card":"summary_large_image","twitter_creator":"@MagazinePolis","twitter_site":"@MagazinePolis","twitter_misc":{"Scritto da":"Antonello Rivano","Tempo di lettura stimato":"6 minuti"},"schema":{"@context":"https:\/\/schema.org","@graph":[{"@type":"Article","@id":"https:\/\/www.istitutogalanteoliva.it\/magazine\/2023\/10\/09\/mercato-san-severino-sa-progetto-sullo-sport-e-inclusione\/#article","isPartOf":{"@id":"https:\/\/www.istitutogalanteoliva.it\/magazine\/2023\/10\/09\/mercato-san-severino-sa-progetto-sullo-sport-e-inclusione\/"},"author":{"name":"Antonello Rivano","@id":"https:\/\/www.istitutogalanteoliva.it\/magazine\/#\/schema\/person\/d8b8aa79cfe8babc1df9da3212a7c0c4"},"headline":"Mercato San Severino (SA). Progetto sullo sport e inclusione","datePublished":"2023-10-09T15:18:05+00:00","dateModified":"2023-10-09T15:18:06+00:00","mainEntityOfPage":{"@id":"https:\/\/www.istitutogalanteoliva.it\/magazine\/2023\/10\/09\/mercato-san-severino-sa-progetto-sullo-sport-e-inclusione\/"},"wordCount":1011,"publisher":{"@id":"https:\/\/www.istitutogalanteoliva.it\/magazine\/#organization"},"image":{"@id":"https:\/\/www.istitutogalanteoliva.it\/magazine\/2023\/10\/09\/mercato-san-severino-sa-progetto-sullo-sport-e-inclusione\/#primaryimage"},"thumbnailUrl":"https:\/\/www.istitutogalanteoliva.it\/magazine\/wp-content\/uploads\/2023\/10\/san-severino.jpg","keywords":["Convegno","mercato san severino"],"articleSection":["2023","Societ\u00e0","Sport"],"inLanguage":"it-IT"},{"@type":"WebPage","@id":"https:\/\/www.istitutogalanteoliva.it\/magazine\/2023\/10\/09\/mercato-san-severino-sa-progetto-sullo-sport-e-inclusione\/","url":"https:\/\/www.istitutogalanteoliva.it\/magazine\/2023\/10\/09\/mercato-san-severino-sa-progetto-sullo-sport-e-inclusione\/","name":"Mercato San Severino (SA). Progetto sullo sport e inclusione - Polis SA Magazine","isPartOf":{"@id":"https:\/\/www.istitutogalanteoliva.it\/magazine\/#website"},"primaryImageOfPage":{"@id":"https:\/\/www.istitutogalanteoliva.it\/magazine\/2023\/10\/09\/mercato-san-severino-sa-progetto-sullo-sport-e-inclusione\/#primaryimage"},"image":{"@id":"https:\/\/www.istitutogalanteoliva.it\/magazine\/2023\/10\/09\/mercato-san-severino-sa-progetto-sullo-sport-e-inclusione\/#primaryimage"},"thumbnailUrl":"https:\/\/www.istitutogalanteoliva.it\/magazine\/wp-content\/uploads\/2023\/10\/san-severino.jpg","datePublished":"2023-10-09T15:18:05+00:00","dateModified":"2023-10-09T15:18:06+00:00","breadcrumb":{"@id":"https:\/\/www.istitutogalanteoliva.it\/magazine\/2023\/10\/09\/mercato-san-severino-sa-progetto-sullo-sport-e-inclusione\/#breadcrumb"},"inLanguage":"it-IT","potentialAction":[{"@type":"ReadAction","target":["https:\/\/www.istitutogalanteoliva.it\/magazine\/2023\/10\/09\/mercato-san-severino-sa-progetto-sullo-sport-e-inclusione\/"]}]},{"@type":"ImageObject","inLanguage":"it-IT","@id":"https:\/\/www.istitutogalanteoliva.it\/magazine\/2023\/10\/09\/mercato-san-severino-sa-progetto-sullo-sport-e-inclusione\/#primaryimage","url":"https:\/\/www.istitutogalanteoliva.it\/magazine\/wp-content\/uploads\/2023\/10\/san-severino.jpg","contentUrl":"https:\/\/www.istitutogalanteoliva.it\/magazine\/wp-content\/uploads\/2023\/10\/san-severino.jpg","width":700,"height":380},{"@type":"BreadcrumbList","@id":"https:\/\/www.istitutogalanteoliva.it\/magazine\/2023\/10\/09\/mercato-san-severino-sa-progetto-sullo-sport-e-inclusione\/#breadcrumb","itemListElement":[{"@type":"ListItem","position":1,"name":"Home","item":"https:\/\/www.istitutogalanteoliva.it\/magazine\/"},{"@type":"ListItem","position":2,"name":"Mercato San Severino (SA). Progetto sullo sport e inclusione"}]},{"@type":"WebSite","@id":"https:\/\/www.istitutogalanteoliva.it\/magazine\/#website","url":"https:\/\/www.istitutogalanteoliva.it\/magazine\/","name":"POLIS SA MAGAZINE","description":"Informazione e approfondimenti","publisher":{"@id":"https:\/\/www.istitutogalanteoliva.it\/magazine\/#organization"},"potentialAction":[{"@type":"SearchAction","target":{"@type":"EntryPoint","urlTemplate":"https:\/\/www.istitutogalanteoliva.it\/magazine\/?s={search_term_string}"},"query-input":{"@type":"PropertyValueSpecification","valueRequired":true,"valueName":"search_term_string"}}],"inLanguage":"it-IT"},{"@type":"Organization","@id":"https:\/\/www.istitutogalanteoliva.it\/magazine\/#organization","name":"Polis SA Magazine","url":"https:\/\/www.istitutogalanteoliva.it\/magazine\/","logo":{"@type":"ImageObject","inLanguage":"it-IT","@id":"https:\/\/www.istitutogalanteoliva.it\/magazine\/#\/schema\/logo\/image\/","url":"","contentUrl":"","caption":"Polis SA Magazine"},"image":{"@id":"https:\/\/www.istitutogalanteoliva.it\/magazine\/#\/schema\/logo\/image\/"},"sameAs":["https:\/\/www.facebook.com\/PolisSAMagazine\/","https:\/\/x.com\/MagazinePolis","https:\/\/www.youtube.com\/channel\/UCv0Mr5AHKUmsc0sEEXkJrgw"]},{"@type":"Person","@id":"https:\/\/www.istitutogalanteoliva.it\/magazine\/#\/schema\/person\/d8b8aa79cfe8babc1df9da3212a7c0c4","name":"Antonello Rivano","image":{"@type":"ImageObject","inLanguage":"it-IT","@id":"https:\/\/www.istitutogalanteoliva.it\/magazine\/#\/schema\/person\/image\/","url":"https:\/\/secure.gravatar.com\/avatar\/517a9a6487a7a18ecc4ce6d2e57a8f40?s=96&d=mm&r=g","contentUrl":"https:\/\/secure.gravatar.com\/avatar\/517a9a6487a7a18ecc4ce6d2e57a8f40?s=96&d=mm&r=g","caption":"Antonello Rivano"},"url":"https:\/\/www.istitutogalanteoliva.it\/magazine\/author\/antonello\/"}]}},"_links":{"self":[{"href":"https:\/\/www.istitutogalanteoliva.it\/magazine\/wp-json\/wp\/v2\/posts\/13894","targetHints":{"allow":["GET"]}}],"collection":[{"href":"https:\/\/www.istitutogalanteoliva.it\/magazine\/wp-json\/wp\/v2\/posts"}],"about":[{"href":"https:\/\/www.istitutogalanteoliva.it\/magazine\/wp-json\/wp\/v2\/types\/post"}],"author":[{"embeddable":true,"href":"https:\/\/www.istitutogalanteoliva.it\/magazine\/wp-json\/wp\/v2\/users\/2"}],"replies":[{"embeddable":true,"href":"https:\/\/www.istitutogalanteoliva.it\/magazine\/wp-json\/wp\/v2\/comments?post=13894"}],"version-history":[{"count":1,"href":"https:\/\/www.istitutogalanteoliva.it\/magazine\/wp-json\/wp\/v2\/posts\/13894\/revisions"}],"predecessor-version":[{"id":13898,"href":"https:\/\/www.istitutogalanteoliva.it\/magazine\/wp-json\/wp\/v2\/posts\/13894\/revisions\/13898"}],"wp:featuredmedia":[{"embeddable":true,"href":"https:\/\/www.istitutogalanteoliva.it\/magazine\/wp-json\/wp\/v2\/media\/13897"}],"wp:attachment":[{"href":"https:\/\/www.istitutogalanteoliva.it\/magazine\/wp-json\/wp\/v2\/media?parent=13894"}],"wp:term":[{"taxonomy":"category","embeddable":true,"href":"https:\/\/www.istitutogalanteoliva.it\/magazine\/wp-json\/wp\/v2\/categories?post=13894"},{"taxonomy":"post_tag","embeddable":true,"href":"https:\/\/www.istitutogalanteoliva.it\/magazine\/wp-json\/wp\/v2\/tags?post=13894"}],"curies":[{"name":"wp","href":"https:\/\/api.w.org\/{rel}","templated":true}]}}