{"id":13938,"date":"2023-10-25T12:11:30","date_gmt":"2023-10-25T10:11:30","guid":{"rendered":"https:\/\/www.istitutogalanteoliva.it\/magazine\/?p=13938"},"modified":"2023-10-25T12:11:31","modified_gmt":"2023-10-25T10:11:31","slug":"corso-per-facilitatori-della-lettura-un-apposito-corso-tra-san-severino-siano-e-il-web","status":"publish","type":"post","link":"https:\/\/www.istitutogalanteoliva.it\/magazine\/2023\/10\/25\/corso-per-facilitatori-della-lettura-un-apposito-corso-tra-san-severino-siano-e-il-web\/","title":{"rendered":"Corso per facilitatori della lettura, un apposito corso tra San Severino, Siano e il web"},"content":{"rendered":"\n<p><strong>Di Anna Maria Noia <\/strong><\/p>\n\n\n\n<p><strong><em>Tra il Park Hotel e\/o l\u2019ex Tabacchificio di Mercato San Severino; Siano e altre location, un viaggio lungo un annetto circa, lungo come un sogno. Con tanti colleghi (o non), con uditori qualificati \u2013 che si sono mostrati ottimi\u2026 \u201ccompagni di viaggio\u201d, appunto; tanto per completare la metafora del \u201cgate keeping\u201d: \u201cl\u2019attacco\u201d del nostro articolo. Mesi di incontri, di \u201clezioni\u201d (non in maniera cattedratica, ma tra amici), davvero interessantissime. Volate via con spasso, garbo, confronti continui e \u2013 perch\u00e9 no? Giochi. Spunti per insegnanti, ma anche esperienze formative davvero leggere \u2013 seppur profondissime. Il corso \u00e8 stato seguito, con profitto e allegria, con seriet\u00e0 e (anche) spensieratezza. Da maestre e\/o esponenti del mondo della scuola \u2013 per la maggior parte \u2013 ma anche, come accennato, da semplici curiosi; madri e padri di famiglia; giornalisti (nonch\u00e9 colleghi); rappresentanti dello show.biz. Come Ulisse e Angela, a rappresentare la compagnia teatrale \u201cCrescere insieme, oltre il teatro\u201d. Ma non soltanto.<\/em><\/strong><\/p>\n\n\n\n<p><\/p>\n\n\n\n<p> Proprio la referente di questo bellissimo sodalizio, artistico e drammaturgico; culturale ed educativo, Clotilde Grisolia, \u00e8 stata tra gli organizzatori e\/o docenti del corso di cui trattiamo in questo, piccolo, contributo scritto. <\/p>\n\n\n\n<p><strong><em>Si tratta del corso, gratuito, \u201cspalmato\u201d nelle date di vari week end dell\u2019anno in corso \u2013 denominato: \u201cInsegnamenti\u201d. Per facilitatori della lettura, dedicato a tutti \u2013 ma, in particolare, ai piccoli e grandi lettori e sognatori. Bambini e adolescenti di ogni et\u00e0, anche Dsa e Bes (ragazzi con dislessia o altri disturbi legati all\u2019apprendimento). Fine ultimo (tra tanti) del corso: il realizzare un podcast; una registrazione. Scaturenti dalle storie di chi ha partecipato, \u201cfedelmente\u201d, agli incontri \u2013 sia in presenza che on line.<\/em><\/strong> Non \u00e8 la prima volta che la Grisolia, ma anche e soprattutto altri organizzatori, hanno \u201cpensato\u201d a una progettualit\u00e0 inerente alla cultura e la fruibilit\u00e0 dei testi. Pochi anni fa, ecco il progetto per \u201cDonatori di voce\u201d. Altro esempio, \u201cCam on\u201d \u2013 destinato ai pazienti oncologici dell\u2019ospedale di Nocera Inferiore. Ancora, sempre alcuni anni fa, si \u00e8 pensato ad avvicinare le scuole all\u2019arte cinematografica. Grazie \u2013 tra altri partner e sponsor \u2013 alla casa editrice per ragazzi \u201cRaffaello\u201d, una realt\u00e0 anconetana molto quotata. Presente, in termini di adozione testi, a San Severino e provincia &#8211; da tempo.<\/p>\n\n\n\n<figure class=\"wp-block-image size-large is-resized\"><img loading=\"lazy\" decoding=\"async\" src=\"https:\/\/www.istitutogalanteoliva.it\/magazine\/wp-content\/uploads\/2023\/10\/Foto-articolo-corso-lettura-Noia-1-1024x576.jpg\" alt=\"\" class=\"wp-image-13941\" width=\"512\" height=\"288\" srcset=\"https:\/\/www.istitutogalanteoliva.it\/magazine\/wp-content\/uploads\/2023\/10\/Foto-articolo-corso-lettura-Noia-1-1024x576.jpg 1024w, https:\/\/www.istitutogalanteoliva.it\/magazine\/wp-content\/uploads\/2023\/10\/Foto-articolo-corso-lettura-Noia-1-300x169.jpg 300w, https:\/\/www.istitutogalanteoliva.it\/magazine\/wp-content\/uploads\/2023\/10\/Foto-articolo-corso-lettura-Noia-1-768x432.jpg 768w, https:\/\/www.istitutogalanteoliva.it\/magazine\/wp-content\/uploads\/2023\/10\/Foto-articolo-corso-lettura-Noia-1-1536x864.jpg 1536w, https:\/\/www.istitutogalanteoliva.it\/magazine\/wp-content\/uploads\/2023\/10\/Foto-articolo-corso-lettura-Noia-1.jpg 1599w\" sizes=\"auto, (max-width: 512px) 100vw, 512px\" \/><\/figure>\n\n\n\n<p> <strong>Il progetto \u201cInsegnamenti\u201d, molto ben sviluppato, \u00e8 partito agli inizi di marzo. Per uno o pi\u00f9 fine settimana, orientativamente ogni mese. Incontrandoci, con docenti e formatori molto esperti e qualificati, o nelle ampie sale del Park Hotel o sul web (per alcune video-lezioni) a casa, oppure tra la scarna e minimale (in termini drammaturgici) scenografia del polo mostre \u2013 afferente all\u2019ex tabacchificio. Dopo un break \u201cestivo\u201d, ecco \u2013 in questi ultimi giorni e mesi \u2013 veder profilarsi, all\u2019orizzonte, la conclusione di tale sogno. Di un tratto di vita e di formazione, assieme a tanti docenti affiatati e produttivi. Assieme agli uditori, altrettanto affiatati e propositivi. Il bando e la brochure illustrativa del progetto sono stati diramati, dal web, ad inizio gennaio 2023. Tutto a cura di vari enti, legati alla diffusione della cultura e della lettura. Tra le realt\u00e0 associative coinvolte, oltre al Mic (Ministero della Cultura) e al Comune di Siano: il sodalizio \u201cCavattiva\u201d [sic!]; il Centro per il Libro e la Lettura; la gi\u00e0 citata associazione \u201cCrescere insieme, oltre il teatro\u201d; \u201cNerea Aps\u201d e il gruppo editoriale \u201cRaffaello\u201d. Tra i referenti principali dell\u2019intera iniziativa: Floriana Filippone; Anna Cicalese; Rossella Pierri; la Grisolia e Fortura Albano.<\/strong> Il bando, pur essendo rivolto \u2013 precipuamente \u2013 agli insegnanti della scuola primaria, poteva interessare altre figure istituzionali ed altri operatori del mondo della letteratura. Come bibliotecari o librai. Ma anche persone comuni. Durante il percorso, che ormai volge alla conclusione, sono state illustrate le principali tecniche di approccio ai testi. Percorsi molto dinamici e movimentati. In pi\u00f9 sono stati forniti materiali di approfondimento e di riflessione: cartelline, pendrive, volumi vari. Con cui imparare a realizzare brani recitati e \u2013 infine \u2013 registrati. Tematica di quest\u2019anno, peculiarmente: la comicit\u00e0; il saper far ridere i bambini. Cosa che, notoriamente, \u00e8 difficilissima. <em>Tutti i partecipanti si sono impegnati nel realizzare testi che rispondessero all\u2019argomento della comicit\u00e0. Pensata, per\u00f2, per i piccoli. Chi si \u00e8 inventato una filastrocca, chi ha scritto dei racconti \u2013 paradossali e molto fantasiosi; chi si \u00e8 cimentato in favole e\/o brani fantasy. Ognuno di noi partecipanti \u00e8 stato sottoposto a differenti, variegati stimoli. Con interventi di attori e formatori, opportunamente sollecitati dagli enti patrocinatori. Sono giunti nella Valle Irno numerosi coach fuori regione. Con cui \u00e8 stato bello interagire e confrontarsi, tra momenti seri e occasioni di svago. Sempre educative, per\u00f2. \u00c8 parso, a chi scrive, di tornar a diventare bambini. Mettendoci al loro livello di apprendimento e di curiosit\u00e0.<\/em> Stimolando anche loro, almeno \u2013 per ora \u2013 virtualmente. <\/p>\n\n\n\n<figure class=\"wp-block-image size-large is-resized\"><img loading=\"lazy\" decoding=\"async\" src=\"https:\/\/www.istitutogalanteoliva.it\/magazine\/wp-content\/uploads\/2023\/10\/Foto-articolo-corso-lettura-Noia-5-1024x576.jpg\" alt=\"\" class=\"wp-image-13939\" width=\"512\" height=\"288\" srcset=\"https:\/\/www.istitutogalanteoliva.it\/magazine\/wp-content\/uploads\/2023\/10\/Foto-articolo-corso-lettura-Noia-5-1024x576.jpg 1024w, https:\/\/www.istitutogalanteoliva.it\/magazine\/wp-content\/uploads\/2023\/10\/Foto-articolo-corso-lettura-Noia-5-300x169.jpg 300w, https:\/\/www.istitutogalanteoliva.it\/magazine\/wp-content\/uploads\/2023\/10\/Foto-articolo-corso-lettura-Noia-5-768x432.jpg 768w, https:\/\/www.istitutogalanteoliva.it\/magazine\/wp-content\/uploads\/2023\/10\/Foto-articolo-corso-lettura-Noia-5-1536x864.jpg 1536w, https:\/\/www.istitutogalanteoliva.it\/magazine\/wp-content\/uploads\/2023\/10\/Foto-articolo-corso-lettura-Noia-5.jpg 1920w\" sizes=\"auto, (max-width: 512px) 100vw, 512px\" \/><\/figure>\n\n\n\n<p><strong>Tanti, in questi giorni volati rapidi, gli input e i consigli per \u201climare\u201d bene un racconto, una poesia, una fiaba. Per rendere tali parti della mente maggiormente \u201cappetibili\u201d, per i piccoli e i loro insegnanti. Non solo a livello di recital, ma anche per realizzare libri che abbiano pure una veste grafica \u201cscritta\u201d \u2013 diciamo cos\u00ec. L\u2019entusiasmo degli organizzatori ha contagiato tutti noi, \u201ccorsisti\u201d. Il progetto, in definitiva, verteva sull\u2019educarci giocando, per poi educare\u2026 sempre giocando! Con la presenza di tanti laboratori ludici e con tante spiegazioni, a cura di esperti del settore. Quale settore? Anzi: quali settori? Quelli del teatro, delle scienze pedagogiche, della psicologia, dell\u2019amore verso i libri. Da trasmettere, possibilmente, agli altri. In particolare ai bimbi, soprattutto dai 6 ai 10-11 anni. Oggigiorno, infatti, pochi bambini (ed anche adulti!) leggono. Ovvero: concepiscono il momento della lettura \u2013 parliamo della lettura definita: \u201cprofonda\u201d \u2013 come divertimento e apprendimento al contempo. Come voglia di viaggiare \u2013 nel tempo e nelle storie, fantasiose o reali che siano. Tutto, con comicit\u00e0 e partecipazione.<\/strong> <em>Ecco, questi gli intenti del corso \u2013 ormai in dirittura d\u2019arrivo. Tutto culminer\u00e0, come accennato, con un\u2019apposita registrazione \u2013 in un vero e proprio studio \u201cprofessionale\u201d. \u00c8 e sar\u00e0 il momento pi\u00f9 atteso \u2013 e anche il pi\u00f9 temuto \u2013 dai prof e dagli uditori, divisi in gruppi\u2026 \u201clogistici\u201d; sia per provenienza geografica che per rapporti pi\u00f9 \u201csolidi\u201d. Tutti noi, \u201ccorsisti\u201d, abbiamo ricevuto tante nozioni \u2013 teoriche e pratiche \u2013 sulla lettura e le tante implicazioni, a livello pedagogico e sociale. Drammatizzando e\u2026 sdrammatizzando, stemperando tutto tra giochi e \u201cprove pratiche\u201d. Operando sul testo, con un ricco know-how di miscele; impasti; reinterpretazioni; riutilizzazioni. Adoperando gli strumenti della lingua, con padronanza dei vari tipi di discorsi.<\/em> Per rendere accattivante il modus in cui i ragazzini pi\u00f9 piccoli apprendono ad aprirsi alla lettura. All\u2019intertestualit\u00e0. Anche noi corsisti siamo divenuti quali \u201cbambini\u201d, catturando il fanciullino che c\u2019\u00e8 in noi. Come insegnava il grande poeta Pascoli. Il fine di tale corso, esposto sin dagli inizi, sar\u00e0 l\u2019approntamento di un cloud di contenuti \u201cformativi e informativi\u201d; destinato a oltrepassare gli schemi consueti e classici del leggere \u201cfine a s\u00e9 stesso\u201d. Con contenuti arricchenti, sia noi corsisti che i papabili e\/o probabili \u201clettori\u201d. Tenuto conto che il target, il pubblico, ideale sarebbero bimbi ed adolescenti \u2013 attratti dalla comicit\u00e0 e dalla surrealt\u00e0 dei nostri elaborati cross-mediali. <\/p>\n\n\n\n<figure class=\"wp-block-image size-large is-resized\"><img loading=\"lazy\" decoding=\"async\" src=\"https:\/\/www.istitutogalanteoliva.it\/magazine\/wp-content\/uploads\/2023\/10\/Foto-articolo-corso-lettura-Noia-4-1024x576.jpg\" alt=\"\" class=\"wp-image-13940\" width=\"512\" height=\"288\" srcset=\"https:\/\/www.istitutogalanteoliva.it\/magazine\/wp-content\/uploads\/2023\/10\/Foto-articolo-corso-lettura-Noia-4-1024x576.jpg 1024w, https:\/\/www.istitutogalanteoliva.it\/magazine\/wp-content\/uploads\/2023\/10\/Foto-articolo-corso-lettura-Noia-4-300x169.jpg 300w, https:\/\/www.istitutogalanteoliva.it\/magazine\/wp-content\/uploads\/2023\/10\/Foto-articolo-corso-lettura-Noia-4-768x432.jpg 768w, https:\/\/www.istitutogalanteoliva.it\/magazine\/wp-content\/uploads\/2023\/10\/Foto-articolo-corso-lettura-Noia-4-1536x864.jpg 1536w, https:\/\/www.istitutogalanteoliva.it\/magazine\/wp-content\/uploads\/2023\/10\/Foto-articolo-corso-lettura-Noia-4.jpg 2048w\" sizes=\"auto, (max-width: 512px) 100vw, 512px\" \/><\/figure>\n\n\n\n<p><strong><em>I<\/em><\/strong><em style=\"font-weight: bold;\">l progetto \u00e8 patrocinato, nella propria interezza, col finanziamento del Centro per il Libro e la Lettura; con il cofinanziamento del sodalizio \u201cCavattiva\u201d e grazie all\u2019impegno del Comune di Siano. Di cui fa parte Fortura Albano stessa. Tanti, nel corso di questi \u201cattimi di leggerezza\u201d \u2013 legati al corso, gli ospiti di eccezione che hanno tenuto prolusioni non accademiche (bens\u00ec hanno rilasciato pillole e schegge di sapere \u201cpratico\u201d) per introdurre tutti nel mondo \u201cmagico\u201d della costruzione e decostruzione di una narrazione &#8211; per lettori under 12. Tra questi: Pascal La Delfa, direttore dell\u2019accademia nazionale di Teatro Sociale. Con i suoi insegnamenti. Altro ospite molto gradito: il mago Mancini. E, ancora, l\u2019attore e regista Emiliano De Martino. Tutti validi professionisti, molto competenti nel loro campo. Come per le iniziative precedenti, anche stavolta ad affiancare gli esperti &#8211; con del materiale dal quale prendere spunto per realizzare il cloud multimediale \u2013 sono stati \u201cquelli\u201d del gruppo editoriale \u201cRaffaello\u201d, oltre a \u201cDistribuzioni editoriali Sas\u201d \u2013 di Michele Bisogno. Tra i moduli, molto flessibili, alternatisi durante l\u2019anno ricordiamo: Motivazione alla lettura e Libroterapia; Lettura animata e Teatralizzazione; Lettura in digitale. Non sono nemmeno stati trascurati \u201cinsegnamenti\u201d quali Dizione; Scrittura creativa e Storytelling. Alla base delle nuove risorse pedagogiche. Per formare persone in grado di sviluppare discorsi narrativi, dedicati ai pi\u00f9 restii alla lettura.<\/em> Tutti noi siamo in attesa di entrare, alcuni per la primissima volta, in una vera sala di registrazione. Per la cronaca, si tratter\u00e0 di \u201cStudio 45 parallelo\u201d \u2013 in via Canfora 17 a Fisciano. Il gruppo di Mercato San Severino dovrebbe convergervi marted\u00ec 14 novembre, alle 18. Uno dei responsabili si chiama Enrico Landi. <strong>Sulla pagina social dello studio, campeggia una frase sul cosiddetto \u201cascolto empatico\u201d. Siamo convinti, noi che scriviamo, di essere riusciti \u2013 quanto meno \u2013 a comprendere il concetto. Per empatizzare verso tanti ragazzini \u2013 e non solo \u2013 che aspettano solo di essere \u201cinvitati\u201d e \u201ccoinvolti\u201d nello scegliere la lettura come proprio mondo.<\/strong><\/p>\n\n\n\n<p><img loading=\"lazy\" decoding=\"async\" width=\"80\" height=\"80\" class=\"wp-image-6058\" style=\"width: 80px;\" src=\"https:\/\/www.istitutogalanteoliva.it\/magazine\/wp-content\/uploads\/2021\/03\/Anna-Maria1.jpg\" alt=\"\" srcset=\"https:\/\/www.istitutogalanteoliva.it\/magazine\/wp-content\/uploads\/2021\/03\/Anna-Maria1.jpg 674w, https:\/\/www.istitutogalanteoliva.it\/magazine\/wp-content\/uploads\/2021\/03\/Anna-Maria1-300x300.jpg 300w, https:\/\/www.istitutogalanteoliva.it\/magazine\/wp-content\/uploads\/2021\/03\/Anna-Maria1-150x150.jpg 150w\" sizes=\"auto, (max-width: 80px) 100vw, 80px\" \/><em><a href=\"https:\/\/www.istitutogalanteoliva.it\/magazine\/?s=Anna+Maria+Noia+\" target=\"_blank\" rel=\"noreferrer noopener\"><strong>Anna Maria Noia<\/strong><\/a><\/em><\/p>\n<div class=\"pdfprnt-buttons pdfprnt-buttons-post pdfprnt-bottom-left\"><a href=\"https:\/\/www.istitutogalanteoliva.it\/magazine\/wp-json\/wp\/v2\/posts\/13938?print=print\" class=\"pdfprnt-button pdfprnt-button-print\" target=\"_blank\"><img decoding=\"async\" src=\"https:\/\/www.istitutogalanteoliva.it\/magazine\/wp-content\/plugins\/pdf-print\/images\/print.png\" alt=\"image_print\" title=\"Stampa contenuto\" \/><span class=\"pdfprnt-button-title pdfprnt-button-print-title\">Download in PDF<\/span><\/a><\/div>","protected":false},"excerpt":{"rendered":"<p>Per realizzare un cloud, destinato ai bambini, sulla \u201cscrittura comica\u201d<\/p>\n","protected":false},"author":2,"featured_media":13942,"comment_status":"closed","ping_status":"open","sticky":true,"template":"","format":"standard","meta":{"footnotes":""},"categories":[731,8],"tags":[],"class_list":["post-13938","post","type-post","status-publish","format-standard","has-post-thumbnail","hentry","category-731","category-cultura_e_societa"],"yoast_head":"<!-- This site is optimized with the Yoast SEO plugin v24.2 - https:\/\/yoast.com\/wordpress\/plugins\/seo\/ -->\n<title>Corso per facilitatori della lettura, un apposito corso tra San Severino, Siano e il web - Polis SA Magazine<\/title>\n<meta name=\"robots\" content=\"index, follow, max-snippet:-1, max-image-preview:large, max-video-preview:-1\" \/>\n<link rel=\"canonical\" href=\"https:\/\/www.istitutogalanteoliva.it\/magazine\/2023\/10\/25\/corso-per-facilitatori-della-lettura-un-apposito-corso-tra-san-severino-siano-e-il-web\/\" \/>\n<meta property=\"og:locale\" content=\"it_IT\" \/>\n<meta property=\"og:type\" content=\"article\" \/>\n<meta property=\"og:title\" content=\"Corso per facilitatori della lettura, un apposito corso tra San Severino, Siano e il web - Polis SA Magazine\" \/>\n<meta property=\"og:description\" content=\"Per realizzare un cloud, destinato ai bambini, sulla \u201cscrittura comica\u201d\" \/>\n<meta property=\"og:url\" content=\"https:\/\/www.istitutogalanteoliva.it\/magazine\/2023\/10\/25\/corso-per-facilitatori-della-lettura-un-apposito-corso-tra-san-severino-siano-e-il-web\/\" \/>\n<meta property=\"og:site_name\" content=\"Polis SA Magazine\" \/>\n<meta property=\"article:publisher\" content=\"https:\/\/www.facebook.com\/PolisSAMagazine\/\" \/>\n<meta property=\"article:published_time\" content=\"2023-10-25T10:11:30+00:00\" \/>\n<meta property=\"article:modified_time\" content=\"2023-10-25T10:11:31+00:00\" \/>\n<meta property=\"og:image\" content=\"https:\/\/www.istitutogalanteoliva.it\/magazine\/wp-content\/uploads\/2023\/10\/Foto-articolo-corso-lettura-Noia-5-1.jpg\" \/>\n\t<meta property=\"og:image:width\" content=\"700\" \/>\n\t<meta property=\"og:image:height\" content=\"380\" \/>\n\t<meta property=\"og:image:type\" content=\"image\/jpeg\" \/>\n<meta name=\"author\" content=\"Antonello Rivano\" \/>\n<meta name=\"twitter:card\" content=\"summary_large_image\" \/>\n<meta name=\"twitter:creator\" content=\"@MagazinePolis\" \/>\n<meta name=\"twitter:site\" content=\"@MagazinePolis\" \/>\n<meta name=\"twitter:label1\" content=\"Scritto da\" \/>\n\t<meta name=\"twitter:data1\" content=\"Antonello Rivano\" \/>\n\t<meta name=\"twitter:label2\" content=\"Tempo di lettura stimato\" \/>\n\t<meta name=\"twitter:data2\" content=\"9 minuti\" \/>\n<script type=\"application\/ld+json\" class=\"yoast-schema-graph\">{\"@context\":\"https:\/\/schema.org\",\"@graph\":[{\"@type\":\"Article\",\"@id\":\"https:\/\/www.istitutogalanteoliva.it\/magazine\/2023\/10\/25\/corso-per-facilitatori-della-lettura-un-apposito-corso-tra-san-severino-siano-e-il-web\/#article\",\"isPartOf\":{\"@id\":\"https:\/\/www.istitutogalanteoliva.it\/magazine\/2023\/10\/25\/corso-per-facilitatori-della-lettura-un-apposito-corso-tra-san-severino-siano-e-il-web\/\"},\"author\":{\"name\":\"Antonello Rivano\",\"@id\":\"https:\/\/www.istitutogalanteoliva.it\/magazine\/#\/schema\/person\/d8b8aa79cfe8babc1df9da3212a7c0c4\"},\"headline\":\"Corso per facilitatori della lettura, un apposito corso tra San Severino, Siano e il web\",\"datePublished\":\"2023-10-25T10:11:30+00:00\",\"dateModified\":\"2023-10-25T10:11:31+00:00\",\"mainEntityOfPage\":{\"@id\":\"https:\/\/www.istitutogalanteoliva.it\/magazine\/2023\/10\/25\/corso-per-facilitatori-della-lettura-un-apposito-corso-tra-san-severino-siano-e-il-web\/\"},\"wordCount\":1492,\"publisher\":{\"@id\":\"https:\/\/www.istitutogalanteoliva.it\/magazine\/#organization\"},\"image\":{\"@id\":\"https:\/\/www.istitutogalanteoliva.it\/magazine\/2023\/10\/25\/corso-per-facilitatori-della-lettura-un-apposito-corso-tra-san-severino-siano-e-il-web\/#primaryimage\"},\"thumbnailUrl\":\"https:\/\/www.istitutogalanteoliva.it\/magazine\/wp-content\/uploads\/2023\/10\/Foto-articolo-corso-lettura-Noia-5-1.jpg\",\"articleSection\":[\"2023\",\"Cultura e Societ\u00e0\"],\"inLanguage\":\"it-IT\"},{\"@type\":\"WebPage\",\"@id\":\"https:\/\/www.istitutogalanteoliva.it\/magazine\/2023\/10\/25\/corso-per-facilitatori-della-lettura-un-apposito-corso-tra-san-severino-siano-e-il-web\/\",\"url\":\"https:\/\/www.istitutogalanteoliva.it\/magazine\/2023\/10\/25\/corso-per-facilitatori-della-lettura-un-apposito-corso-tra-san-severino-siano-e-il-web\/\",\"name\":\"Corso per facilitatori della lettura, un apposito corso tra San Severino, Siano e il web - Polis SA Magazine\",\"isPartOf\":{\"@id\":\"https:\/\/www.istitutogalanteoliva.it\/magazine\/#website\"},\"primaryImageOfPage\":{\"@id\":\"https:\/\/www.istitutogalanteoliva.it\/magazine\/2023\/10\/25\/corso-per-facilitatori-della-lettura-un-apposito-corso-tra-san-severino-siano-e-il-web\/#primaryimage\"},\"image\":{\"@id\":\"https:\/\/www.istitutogalanteoliva.it\/magazine\/2023\/10\/25\/corso-per-facilitatori-della-lettura-un-apposito-corso-tra-san-severino-siano-e-il-web\/#primaryimage\"},\"thumbnailUrl\":\"https:\/\/www.istitutogalanteoliva.it\/magazine\/wp-content\/uploads\/2023\/10\/Foto-articolo-corso-lettura-Noia-5-1.jpg\",\"datePublished\":\"2023-10-25T10:11:30+00:00\",\"dateModified\":\"2023-10-25T10:11:31+00:00\",\"breadcrumb\":{\"@id\":\"https:\/\/www.istitutogalanteoliva.it\/magazine\/2023\/10\/25\/corso-per-facilitatori-della-lettura-un-apposito-corso-tra-san-severino-siano-e-il-web\/#breadcrumb\"},\"inLanguage\":\"it-IT\",\"potentialAction\":[{\"@type\":\"ReadAction\",\"target\":[\"https:\/\/www.istitutogalanteoliva.it\/magazine\/2023\/10\/25\/corso-per-facilitatori-della-lettura-un-apposito-corso-tra-san-severino-siano-e-il-web\/\"]}]},{\"@type\":\"ImageObject\",\"inLanguage\":\"it-IT\",\"@id\":\"https:\/\/www.istitutogalanteoliva.it\/magazine\/2023\/10\/25\/corso-per-facilitatori-della-lettura-un-apposito-corso-tra-san-severino-siano-e-il-web\/#primaryimage\",\"url\":\"https:\/\/www.istitutogalanteoliva.it\/magazine\/wp-content\/uploads\/2023\/10\/Foto-articolo-corso-lettura-Noia-5-1.jpg\",\"contentUrl\":\"https:\/\/www.istitutogalanteoliva.it\/magazine\/wp-content\/uploads\/2023\/10\/Foto-articolo-corso-lettura-Noia-5-1.jpg\",\"width\":700,\"height\":380},{\"@type\":\"BreadcrumbList\",\"@id\":\"https:\/\/www.istitutogalanteoliva.it\/magazine\/2023\/10\/25\/corso-per-facilitatori-della-lettura-un-apposito-corso-tra-san-severino-siano-e-il-web\/#breadcrumb\",\"itemListElement\":[{\"@type\":\"ListItem\",\"position\":1,\"name\":\"Home\",\"item\":\"https:\/\/www.istitutogalanteoliva.it\/magazine\/\"},{\"@type\":\"ListItem\",\"position\":2,\"name\":\"Corso per facilitatori della lettura, un apposito corso tra San Severino, Siano e il web\"}]},{\"@type\":\"WebSite\",\"@id\":\"https:\/\/www.istitutogalanteoliva.it\/magazine\/#website\",\"url\":\"https:\/\/www.istitutogalanteoliva.it\/magazine\/\",\"name\":\"POLIS SA MAGAZINE\",\"description\":\"Informazione e approfondimenti\",\"publisher\":{\"@id\":\"https:\/\/www.istitutogalanteoliva.it\/magazine\/#organization\"},\"potentialAction\":[{\"@type\":\"SearchAction\",\"target\":{\"@type\":\"EntryPoint\",\"urlTemplate\":\"https:\/\/www.istitutogalanteoliva.it\/magazine\/?s={search_term_string}\"},\"query-input\":{\"@type\":\"PropertyValueSpecification\",\"valueRequired\":true,\"valueName\":\"search_term_string\"}}],\"inLanguage\":\"it-IT\"},{\"@type\":\"Organization\",\"@id\":\"https:\/\/www.istitutogalanteoliva.it\/magazine\/#organization\",\"name\":\"Polis SA Magazine\",\"url\":\"https:\/\/www.istitutogalanteoliva.it\/magazine\/\",\"logo\":{\"@type\":\"ImageObject\",\"inLanguage\":\"it-IT\",\"@id\":\"https:\/\/www.istitutogalanteoliva.it\/magazine\/#\/schema\/logo\/image\/\",\"url\":\"\",\"contentUrl\":\"\",\"caption\":\"Polis SA Magazine\"},\"image\":{\"@id\":\"https:\/\/www.istitutogalanteoliva.it\/magazine\/#\/schema\/logo\/image\/\"},\"sameAs\":[\"https:\/\/www.facebook.com\/PolisSAMagazine\/\",\"https:\/\/x.com\/MagazinePolis\",\"https:\/\/www.youtube.com\/channel\/UCv0Mr5AHKUmsc0sEEXkJrgw\"]},{\"@type\":\"Person\",\"@id\":\"https:\/\/www.istitutogalanteoliva.it\/magazine\/#\/schema\/person\/d8b8aa79cfe8babc1df9da3212a7c0c4\",\"name\":\"Antonello Rivano\",\"image\":{\"@type\":\"ImageObject\",\"inLanguage\":\"it-IT\",\"@id\":\"https:\/\/www.istitutogalanteoliva.it\/magazine\/#\/schema\/person\/image\/\",\"url\":\"https:\/\/secure.gravatar.com\/avatar\/517a9a6487a7a18ecc4ce6d2e57a8f40?s=96&d=mm&r=g\",\"contentUrl\":\"https:\/\/secure.gravatar.com\/avatar\/517a9a6487a7a18ecc4ce6d2e57a8f40?s=96&d=mm&r=g\",\"caption\":\"Antonello Rivano\"},\"url\":\"https:\/\/www.istitutogalanteoliva.it\/magazine\/author\/antonello\/\"}]}<\/script>\n<!-- \/ Yoast SEO plugin. -->","yoast_head_json":{"title":"Corso per facilitatori della lettura, un apposito corso tra San Severino, Siano e il web - Polis SA Magazine","robots":{"index":"index","follow":"follow","max-snippet":"max-snippet:-1","max-image-preview":"max-image-preview:large","max-video-preview":"max-video-preview:-1"},"canonical":"https:\/\/www.istitutogalanteoliva.it\/magazine\/2023\/10\/25\/corso-per-facilitatori-della-lettura-un-apposito-corso-tra-san-severino-siano-e-il-web\/","og_locale":"it_IT","og_type":"article","og_title":"Corso per facilitatori della lettura, un apposito corso tra San Severino, Siano e il web - Polis SA Magazine","og_description":"Per realizzare un cloud, destinato ai bambini, sulla \u201cscrittura comica\u201d","og_url":"https:\/\/www.istitutogalanteoliva.it\/magazine\/2023\/10\/25\/corso-per-facilitatori-della-lettura-un-apposito-corso-tra-san-severino-siano-e-il-web\/","og_site_name":"Polis SA Magazine","article_publisher":"https:\/\/www.facebook.com\/PolisSAMagazine\/","article_published_time":"2023-10-25T10:11:30+00:00","article_modified_time":"2023-10-25T10:11:31+00:00","og_image":[{"width":700,"height":380,"url":"https:\/\/www.istitutogalanteoliva.it\/magazine\/wp-content\/uploads\/2023\/10\/Foto-articolo-corso-lettura-Noia-5-1.jpg","type":"image\/jpeg"}],"author":"Antonello Rivano","twitter_card":"summary_large_image","twitter_creator":"@MagazinePolis","twitter_site":"@MagazinePolis","twitter_misc":{"Scritto da":"Antonello Rivano","Tempo di lettura stimato":"9 minuti"},"schema":{"@context":"https:\/\/schema.org","@graph":[{"@type":"Article","@id":"https:\/\/www.istitutogalanteoliva.it\/magazine\/2023\/10\/25\/corso-per-facilitatori-della-lettura-un-apposito-corso-tra-san-severino-siano-e-il-web\/#article","isPartOf":{"@id":"https:\/\/www.istitutogalanteoliva.it\/magazine\/2023\/10\/25\/corso-per-facilitatori-della-lettura-un-apposito-corso-tra-san-severino-siano-e-il-web\/"},"author":{"name":"Antonello Rivano","@id":"https:\/\/www.istitutogalanteoliva.it\/magazine\/#\/schema\/person\/d8b8aa79cfe8babc1df9da3212a7c0c4"},"headline":"Corso per facilitatori della lettura, un apposito corso tra San Severino, Siano e il web","datePublished":"2023-10-25T10:11:30+00:00","dateModified":"2023-10-25T10:11:31+00:00","mainEntityOfPage":{"@id":"https:\/\/www.istitutogalanteoliva.it\/magazine\/2023\/10\/25\/corso-per-facilitatori-della-lettura-un-apposito-corso-tra-san-severino-siano-e-il-web\/"},"wordCount":1492,"publisher":{"@id":"https:\/\/www.istitutogalanteoliva.it\/magazine\/#organization"},"image":{"@id":"https:\/\/www.istitutogalanteoliva.it\/magazine\/2023\/10\/25\/corso-per-facilitatori-della-lettura-un-apposito-corso-tra-san-severino-siano-e-il-web\/#primaryimage"},"thumbnailUrl":"https:\/\/www.istitutogalanteoliva.it\/magazine\/wp-content\/uploads\/2023\/10\/Foto-articolo-corso-lettura-Noia-5-1.jpg","articleSection":["2023","Cultura e Societ\u00e0"],"inLanguage":"it-IT"},{"@type":"WebPage","@id":"https:\/\/www.istitutogalanteoliva.it\/magazine\/2023\/10\/25\/corso-per-facilitatori-della-lettura-un-apposito-corso-tra-san-severino-siano-e-il-web\/","url":"https:\/\/www.istitutogalanteoliva.it\/magazine\/2023\/10\/25\/corso-per-facilitatori-della-lettura-un-apposito-corso-tra-san-severino-siano-e-il-web\/","name":"Corso per facilitatori della lettura, un apposito corso tra San Severino, Siano e il web - Polis SA Magazine","isPartOf":{"@id":"https:\/\/www.istitutogalanteoliva.it\/magazine\/#website"},"primaryImageOfPage":{"@id":"https:\/\/www.istitutogalanteoliva.it\/magazine\/2023\/10\/25\/corso-per-facilitatori-della-lettura-un-apposito-corso-tra-san-severino-siano-e-il-web\/#primaryimage"},"image":{"@id":"https:\/\/www.istitutogalanteoliva.it\/magazine\/2023\/10\/25\/corso-per-facilitatori-della-lettura-un-apposito-corso-tra-san-severino-siano-e-il-web\/#primaryimage"},"thumbnailUrl":"https:\/\/www.istitutogalanteoliva.it\/magazine\/wp-content\/uploads\/2023\/10\/Foto-articolo-corso-lettura-Noia-5-1.jpg","datePublished":"2023-10-25T10:11:30+00:00","dateModified":"2023-10-25T10:11:31+00:00","breadcrumb":{"@id":"https:\/\/www.istitutogalanteoliva.it\/magazine\/2023\/10\/25\/corso-per-facilitatori-della-lettura-un-apposito-corso-tra-san-severino-siano-e-il-web\/#breadcrumb"},"inLanguage":"it-IT","potentialAction":[{"@type":"ReadAction","target":["https:\/\/www.istitutogalanteoliva.it\/magazine\/2023\/10\/25\/corso-per-facilitatori-della-lettura-un-apposito-corso-tra-san-severino-siano-e-il-web\/"]}]},{"@type":"ImageObject","inLanguage":"it-IT","@id":"https:\/\/www.istitutogalanteoliva.it\/magazine\/2023\/10\/25\/corso-per-facilitatori-della-lettura-un-apposito-corso-tra-san-severino-siano-e-il-web\/#primaryimage","url":"https:\/\/www.istitutogalanteoliva.it\/magazine\/wp-content\/uploads\/2023\/10\/Foto-articolo-corso-lettura-Noia-5-1.jpg","contentUrl":"https:\/\/www.istitutogalanteoliva.it\/magazine\/wp-content\/uploads\/2023\/10\/Foto-articolo-corso-lettura-Noia-5-1.jpg","width":700,"height":380},{"@type":"BreadcrumbList","@id":"https:\/\/www.istitutogalanteoliva.it\/magazine\/2023\/10\/25\/corso-per-facilitatori-della-lettura-un-apposito-corso-tra-san-severino-siano-e-il-web\/#breadcrumb","itemListElement":[{"@type":"ListItem","position":1,"name":"Home","item":"https:\/\/www.istitutogalanteoliva.it\/magazine\/"},{"@type":"ListItem","position":2,"name":"Corso per facilitatori della lettura, un apposito corso tra San Severino, Siano e il web"}]},{"@type":"WebSite","@id":"https:\/\/www.istitutogalanteoliva.it\/magazine\/#website","url":"https:\/\/www.istitutogalanteoliva.it\/magazine\/","name":"POLIS SA MAGAZINE","description":"Informazione e approfondimenti","publisher":{"@id":"https:\/\/www.istitutogalanteoliva.it\/magazine\/#organization"},"potentialAction":[{"@type":"SearchAction","target":{"@type":"EntryPoint","urlTemplate":"https:\/\/www.istitutogalanteoliva.it\/magazine\/?s={search_term_string}"},"query-input":{"@type":"PropertyValueSpecification","valueRequired":true,"valueName":"search_term_string"}}],"inLanguage":"it-IT"},{"@type":"Organization","@id":"https:\/\/www.istitutogalanteoliva.it\/magazine\/#organization","name":"Polis SA Magazine","url":"https:\/\/www.istitutogalanteoliva.it\/magazine\/","logo":{"@type":"ImageObject","inLanguage":"it-IT","@id":"https:\/\/www.istitutogalanteoliva.it\/magazine\/#\/schema\/logo\/image\/","url":"","contentUrl":"","caption":"Polis SA Magazine"},"image":{"@id":"https:\/\/www.istitutogalanteoliva.it\/magazine\/#\/schema\/logo\/image\/"},"sameAs":["https:\/\/www.facebook.com\/PolisSAMagazine\/","https:\/\/x.com\/MagazinePolis","https:\/\/www.youtube.com\/channel\/UCv0Mr5AHKUmsc0sEEXkJrgw"]},{"@type":"Person","@id":"https:\/\/www.istitutogalanteoliva.it\/magazine\/#\/schema\/person\/d8b8aa79cfe8babc1df9da3212a7c0c4","name":"Antonello Rivano","image":{"@type":"ImageObject","inLanguage":"it-IT","@id":"https:\/\/www.istitutogalanteoliva.it\/magazine\/#\/schema\/person\/image\/","url":"https:\/\/secure.gravatar.com\/avatar\/517a9a6487a7a18ecc4ce6d2e57a8f40?s=96&d=mm&r=g","contentUrl":"https:\/\/secure.gravatar.com\/avatar\/517a9a6487a7a18ecc4ce6d2e57a8f40?s=96&d=mm&r=g","caption":"Antonello Rivano"},"url":"https:\/\/www.istitutogalanteoliva.it\/magazine\/author\/antonello\/"}]}},"_links":{"self":[{"href":"https:\/\/www.istitutogalanteoliva.it\/magazine\/wp-json\/wp\/v2\/posts\/13938","targetHints":{"allow":["GET"]}}],"collection":[{"href":"https:\/\/www.istitutogalanteoliva.it\/magazine\/wp-json\/wp\/v2\/posts"}],"about":[{"href":"https:\/\/www.istitutogalanteoliva.it\/magazine\/wp-json\/wp\/v2\/types\/post"}],"author":[{"embeddable":true,"href":"https:\/\/www.istitutogalanteoliva.it\/magazine\/wp-json\/wp\/v2\/users\/2"}],"replies":[{"embeddable":true,"href":"https:\/\/www.istitutogalanteoliva.it\/magazine\/wp-json\/wp\/v2\/comments?post=13938"}],"version-history":[{"count":1,"href":"https:\/\/www.istitutogalanteoliva.it\/magazine\/wp-json\/wp\/v2\/posts\/13938\/revisions"}],"predecessor-version":[{"id":13943,"href":"https:\/\/www.istitutogalanteoliva.it\/magazine\/wp-json\/wp\/v2\/posts\/13938\/revisions\/13943"}],"wp:featuredmedia":[{"embeddable":true,"href":"https:\/\/www.istitutogalanteoliva.it\/magazine\/wp-json\/wp\/v2\/media\/13942"}],"wp:attachment":[{"href":"https:\/\/www.istitutogalanteoliva.it\/magazine\/wp-json\/wp\/v2\/media?parent=13938"}],"wp:term":[{"taxonomy":"category","embeddable":true,"href":"https:\/\/www.istitutogalanteoliva.it\/magazine\/wp-json\/wp\/v2\/categories?post=13938"},{"taxonomy":"post_tag","embeddable":true,"href":"https:\/\/www.istitutogalanteoliva.it\/magazine\/wp-json\/wp\/v2\/tags?post=13938"}],"curies":[{"name":"wp","href":"https:\/\/api.w.org\/{rel}","templated":true}]}}