{"id":13945,"date":"2023-10-26T17:43:25","date_gmt":"2023-10-26T15:43:25","guid":{"rendered":"https:\/\/www.istitutogalanteoliva.it\/magazine\/?p=13945"},"modified":"2023-10-26T17:48:37","modified_gmt":"2023-10-26T15:48:37","slug":"sabato-7-ottobre-2023-giornata-nazionale-dei-locali-storici-ditalia-celebrata-con-degustazioni-e-visite-guidate","status":"publish","type":"post","link":"https:\/\/www.istitutogalanteoliva.it\/magazine\/2023\/10\/26\/sabato-7-ottobre-2023-giornata-nazionale-dei-locali-storici-ditalia-celebrata-con-degustazioni-e-visite-guidate\/","title":{"rendered":"Sabato 7 ottobre 2023: &#8220;Giornata Nazionale dei Locali Storici d&#8217;Italia&#8221; celebrata con degustazioni e visite guidate"},"content":{"rendered":"\n<h4 class=\"wp-block-heading\"><strong>Porte aperte al pubblico per partecipare agli eventi, alle visite guidate, per gustare men\u00f9 speciali, ricette famose e rinomate prelibatezze. <\/strong><\/h4>\n\n\n\n<p>Comunicato<\/p>\n\n\n\n<p>Hanno almeno un secolo di storia, li hanno frequentati re e regine, principi e imperatori, filosofi e artisti, scrittori e politici, musicisti e compositori, attori e registi. I Locali Storici d\u2019Italia, che hanno il Patrocinio del Ministero della Cultura, sono come un secondo circuito museale d\u2019Italia: ricchi di storia, esempi d\u2019arte e architettura permeati di bellezza, vantano pagine di straordinaria memoria italiana, tenuta sempre viva grazie alla cura e alla passione di chi, ogni giorno, spesso anche da oltre sette generazioni, ne preserva la ricchezza e il valore.<\/p>\n\n\n\n<p>Sono luoghi dove si respira sempre un\u2019aria nuova, dove vivono giacimenti gastronomici unici e dove l\u2019eccellenza ha radici profonde e antiche.<\/p>\n\n\n\n<p>Hanno fatto sognare e continuano a far sognare generazioni di italiani e di turisti, come il Florian a Venezia, il Gambrinus a Napoli, il Cambio a Torino e le decine e decine d\u2019altri, in tutte le regioni italiane, nelle grandi citt\u00e0 come nei piccoli centri. Da Roma a Milano, da Genova a Torino, da Palermo a Napoli e Venezia, e poi ancora a Sorrento, Amalfi e Portofino.<br><br><strong>Il 7 ottobre hanno avuto luogo degustazioni e visite guidate per scoprire le mille storie che raccontano, da nord a sud, i Locali Storici che partecipano a questa edizione.<\/strong><\/p>\n\n\n\n<p>Come in una vera e propria caccia al tesoro si pu\u00f2 scoprire qual \u00e8 il locale&nbsp;dove Umberto Eco ha ambientato il suo romanzo \u201cIl Cimitero di Praga\u201d; dove furono inventati i tramezzini; qual \u00e8 il Ristorante che si&nbsp;trova nelle memorie di Casanova; chi era il&nbsp;cuoco-bersagliere del generale Lamarmora nella Guerra di Crimea; qual \u00e8 il pesto ufficiale dei Papi, lo stesso pesto che Frank Sinatra si faceva spedire fino in America e che Pavarotti se ne port\u00f2 un quintale per una tourn\u00e9e di un mese in Cina; qual \u00e8 l\u2019hotel dove Hitchcock studi\u00f2 alcune riprese di \u201cCaccia al ladro\u201d e dove la scala ellittica lo ispir\u00f2 per \u201cVertigo\u201d;&nbsp;dov\u2019\u00e8 che Gi\u00f2 Ponti ha firmato la&nbsp;prima piscina con acqua di mare; dov\u2019\u00e8 che Silvio Pellico pass\u00f2 qui la sua ultima notte di libert\u00e0; dove hanno alloggiato Richard Strauss, Hermann Hesse, Winston Churchill; qual \u00e8 l\u2019Hotel che&nbsp;ospit\u00f2 nel 1700&nbsp;<strong>Mozart<\/strong>&nbsp;al suo primo viaggio in Italia; in quale locale&nbsp;Hemingway ha immaginato&nbsp;\u201cAddio alle armi\u201d; in quale tra i Locali storici il celebre poeta americano Henry Wadsworth Longfellow cur\u00f2, nel 1867, la prima traduzione in lingua inglese della Divina Commedia; qual&nbsp;\u00e8 il locale creato da Ferruccio Bindi Santi, l\u2019inventore del Brunello di Montalcino; dove \u00e8 stata inventata la celebre &#8220;coda alla vaccinara&#8221;; qual \u00e8 il locale storico dove Ibsen, il padre della drammaturgia moderna, termin\u00f2 \u201cGli Spettri\u201d; qual \u00e8 l\u2019hotel dove&nbsp;Wagner ha concluso il Parsifal, che \u00e8 lo stesso dove Enrico Caruso trascorse gli ultimi mesi della sua vita e dove Lucio Dalla ha scritto la celebre canzone \u201cCaruso\u201d dedicata all\u2019immortale tenore italiano. E questo \u00e8 solo un accenno dell\u2019immenso patrimonio da scoprire.<\/p>\n\n\n\n<p>Grazie all\u2019iniziativa promossa dall\u2019<strong>Associazione dei Locali Storici d\u2019Italia<\/strong>, che ha &nbsp;raggruppato oltre duecento locali su tutto il territorio italiano, anche quest\u2019anno sono molteplici le attivit\u00e0 aperte a tutti, perlopi\u00f9 gratuite e per le quali \u00e8 richiesta solo in alcuni casi la prenotazione. Partecipare \u00e8 molto facile, basta consultare la pagina speciale presente nel sito dell\u2019Associazione &#8211;&nbsp;<a href=\"https:\/\/rosifontana.it\/mailster\/308\/6b16c3f634558889f0ed02f9fa75eca1\/aHR0cHM6Ly9yb3NpZm9udGFuYS1pdC1kb3QtbGlnaHQtcm91dGVyLTM4OTgxMy51Yy5yLmFwcHNwb3QuY29tLz9jPTF5bUdPNlU3QlJHX0diRmVsSW51WUVzRmxkcXc0ZDJ4VEwwd1dKaEJ2RkJvJmFtcDtxPTU1MzI2MDc3NSZhbXA7cj0xOGFiODNkYjg0MzU3ZjFlJmFtcDt6PTE2OTUzMDgxNjc3NDcmYW1wO289aHR0cHMlM0ElMkYlMkZnaW9ybmF0YW5hemlvbmFsZTIwMjMubG9jYWxpc3RvcmljaS5pdA\">&nbsp;giornatanazionale2023.localistorici.it<\/a>&nbsp;&#8211; dove sono indicate tutte le iniziative e le modalit\u00e0 di partecipazione e prenotazione per ogni singolo evento.<\/p>\n\n\n\n<p>In tutti i locali storici \u00e8 stato possibile ritirare gratuitamente la cartolina da collezione realizzata da&nbsp;<strong>Giulio Priano<\/strong>, che ha vinto il&nbsp;<strong>Concorso Illustra la Storia<\/strong>&nbsp;indetto dall\u2019Associazione Locali Storici d\u2019Italia in collaborazione con lo&nbsp;<strong>IED<\/strong>,&nbsp;<strong>Istituto Europeo di Design<\/strong>.<\/p>\n\n\n\n<p><strong>Il Presidente dell\u2019Associazione&nbsp;Enrico Magenes&nbsp;nel presentare questa nuova edizione ha sottolineato come:<\/strong>&nbsp;\u201c<em>Quello dei locali storici \u00e8 un patrimonio che non si pu\u00f2 perdere e di cui bisogna parlare, soprattutto mentre assistiamo all\u2019appiattimento dei nostri centri storici, con negozi e catene commerciali che si possono trovare uguali ovunque da New York a Pechino. Nei Locali Storici, invece, che hanno tutti almeno un secolo di storia, si possono vivere esperienze uniche ed irripetibili nel contesto di una civilt\u00e0 millenaria come quella italiana.<\/em>\u201d<\/p>\n\n\n\n<p><strong>L\u2019Associazione&nbsp;ha nominato l\u2019On. Vittorio Sgarbi, Sottosegretario alla Cultura, primo Ambasciatore dei Locali Storici d\u2019Italia.<\/strong>&nbsp;\u201c<em>Sono particolarmente felice di essere stato nominato Primo Ambasciatore dei Locali storici d\u2019Italia. Sono luoghi legati alla memoria e al piacere, li ho visti forse tutti, fanno parte di un percorso che ognuno di noi ha vissuto. Qui la storia passa insieme al tempo del presente ed \u00e8 giusto che ci sia particolare attenzione da parte del Ministero della Cultura, perch\u00e9 non sono meno importanti dei Musei. I locali storici d\u2019Italia sono parte della musica, della letteratura, della poesia, del teatro, e l\u2019Associazione nazionale con le sue iniziative compie un\u2019azione importante di garanzia e conservazione non solo dei luoghi fisici, ma anche di tutela della memoria. Sono dei veri e propri musei dell\u2019ospitalit\u00e0, personalmente mi trovo molto bene nei locali storici, sono ragione di memoria felice, meritano tutta la nostra attenzione e la nostra presenza governativa, per tutelarne la persistenza nel tempo e garantirne la continuit\u00e0<\/em>.\u201d Ha dichiarato il Sottosegretario.<\/p>\n\n\n\n<p><strong>IL VIAGGIO TUTTO ITALIANO ATTRAVERSO I LOCALI STORICI DEL 7 OTTOBRE 2023<\/strong><\/p>\n\n\n\n<p>Entrando nel vivo della manifestazione, ecco dove \u00e8 stato possibile prendere parte alle visite guidate e alle degustazioni regione per regione.<\/p>\n\n\n\n<p>In&nbsp;<strong>Valle d\u2019Aosta<\/strong>, al&nbsp;<strong>Bellevue Hotel &amp; Spa&nbsp;<\/strong>di&nbsp;<strong>Cogne (AO)<\/strong>, dove hanno soggiornatoMaria Jos\u00e8 e Umberto di Savoia e al&nbsp;<strong>Caff\u00e8 Nazionale&nbsp;<\/strong>di&nbsp;<strong>Aosta<\/strong>, dove si sono svolti gli incontri romantici dire Faruk e Ava Gardner, le soste politiche di Pietro Nenni e Palmiro Togliatti.<\/p>\n\n\n\n<p>In&nbsp;<strong>Piemonte<\/strong>, regione ricchissima di Locali storici hanno partecipato, a&nbsp;<strong>Torino:<\/strong>&nbsp;l\u2019<strong>Albergo Ristorante San Giors&nbsp;<\/strong>famoso per la sua cucina con i bolliti piemontesi; il&nbsp;<strong>Caff\u00e8 Al Bicerin&nbsp;<\/strong>famoso per quel \u201cbicerin\u201d&nbsp;<strong>amato da&nbsp;Silvio Pellico, da Giacomo Puccini e dove Umberto Eco ha ambientato il suo romanzo \u201cIl Cimitero di Praga\u201d<\/strong>; la&nbsp;<strong>Pasticceria Stratta<\/strong>, una delle \u201cistituzioni\u201d nazionali per caramelle e confetti, giandujotti e praline, marron glac\u00e9s e canditi; il&nbsp;<strong>Caff\u00e8 Elena<\/strong>, amato da&nbsp;amato anche da Cesare Pavese e dove l\u2019arredamento e l\u2019atmosfera discreta del primo Novecento sono immutati da 130 anni a questa parte; il&nbsp;<strong>Caff\u00e8 Porto di Savona<\/strong>, il cui nome alla stazione delle&nbsp;diligenze a cavalli che assicuravano ogni giorno i collegamenti con la Liguria e in particolare con il porto di Savona, che era di grande importanza mercantile per Torino. il&nbsp;<strong>Caff\u00e8 Mulassano&nbsp;<\/strong>uno scrigno in puro&nbsp;Liberty \u00e8 il luogo&nbsp;<strong>dove furono inventati i tramezzini<\/strong>. Qui dietro spesse tende rosse, prendevano il caff\u00e8 i Savoia; il&nbsp;<strong>Ristorante Caff\u00e8 &nbsp;Del Cambio&nbsp;si trova nelle memorie di Casanova&nbsp;<\/strong>ed era frequentato quotidianamente da Cavour, amante della buona cucina, una cucina ancora oggi eccellente e servita nella sontuosa Sala&nbsp;Risorgimento.<\/p>\n\n\n\n<p>Alle porte dell\u2019ex capitale sabauda si trovano la&nbsp;<strong>Pasticceria Roletti<\/strong>&nbsp;a<strong>&nbsp;San Giorgio Canavese<\/strong>,&nbsp;depositaria di storiche ricette della pasticceria del Piemonte torinese e il&nbsp;<strong>Caff\u00e8 Pasticceria Bonfante&nbsp;<\/strong>a&nbsp;<strong>Chivasso<\/strong>,famoso per i&nbsp;\u201cNocciolini\u201d, un\u2019antica specialit\u00e0 con nocciole Piemonte, zucchero e albume, ma anche un gioiello Liberty tutto originale, con marmi, specchi, banconi e boiserie in noce piemontese finemente decorati.<\/p>\n\n\n\n<p>Il Fondatore, il bisnonno Giovanni, fu&nbsp;<strong>cuoco-bersagliere del generale Lamarmora nella Guerra di Crimea<\/strong>&nbsp;e nel 1857 ricevette un bel diploma della Regina d&#8217;Inghilterra: parliamo del&nbsp;<strong>Ristorante Bar Corona&nbsp;<\/strong>di&nbsp;<strong>San Sebastiano Curone<\/strong>. Sempre in provincia di&nbsp;<strong>Alessandria<\/strong>, a&nbsp;<strong>Valenza<\/strong>, citt\u00e0 dell\u2019oro, il caff\u00e8&nbsp;<strong>Pasticceria Barberis&nbsp;<\/strong>offre una degustazione di&nbsp;tartufata, amaretti, savoiardi e di panfrutto, un dolce senza burro inventato in tempo di guerra.<\/p>\n\n\n\n<p><strong>Cuneo<\/strong>&nbsp;con la sua provincia \u00e8 un territorio molto ricco di specialit\u00e0 dolciarie. A&nbsp;<strong>Bra<\/strong>&nbsp;si sono potuti degustare superbi marron glac\u00e9 in un ambiente squisitamente Liberty quello del&nbsp;<strong>Caff\u00e8 Pasticceria Converso<\/strong>, nato da un\u2019antica stirpe di pasticceri che durante la Belle \u00c9poque port\u00f2 la propria arte al Waldorf Astoria di New York; un altro capolavoro Liberty \u00e8 il&nbsp;<strong>Caff\u00e8 Pasticceria Grigolon&nbsp;<\/strong>di&nbsp;<strong>Mondov\u00ec<\/strong>, offre le tradizionali&nbsp;paste di meliga e i Monregalesi al rhum. A&nbsp;<strong>Cherasco<\/strong>, ancora una volta all\u2019interno di un gioiello Liberty, la&nbsp;<strong>Pasticceria Barbero<\/strong>&nbsp;offre i famosi Baci di Cherasco, che si aggiungono per una super golosa degustazione a praline, gianduiotti, tartufi, damine, drag\u00e9e.<\/p>\n\n\n\n<p>Anche la&nbsp;<strong>Liguria<\/strong>&nbsp;ha presentato un considerevole nucleo di locali storici, a partire da&nbsp;<strong>Genova<\/strong>, che vede la partecipazione del&nbsp;<strong>Ristorante Zeffirino<\/strong>, famoso per il suo pesto:&nbsp;<strong>Frank Sinatra se lo faceva spedire fino in America, Pavarotti per una tourn\u00e9e di un mese in Cina se ne port\u00f2 dietro un quintale e port\u00f2 al seguito anche lo chef-patron. In Vaticano, da quarant&#8217;anni \u00e8 il pesto ufficiale di tre Papi<\/strong>.&nbsp;Dall\u2019eccellenza gastronomica&nbsp;alle grandi storie e alle frequentazioni importanti del capoluogo ligure, come quelle che fanno parte dell\u2019<strong>Hotel Bristol Palace<\/strong>,&nbsp;Palazzo liberty di notevole pregio sulla via pi\u00f9 monumentale di Genova. Qui hanno dormito De Amicis, Pirandello, D\u2019Annunzio&nbsp;e l\u2019Imperatore Hirohito.&nbsp;<strong>Qui Hitchcock studi\u00f2 alcune riprese di \u201cCaccia al ladro\u201d e si dice che la scala ellittica dell\u2019albergo lo ispir\u00f2 per \u201cVertigo\u201d<\/strong>.<\/p>\n\n\n\n<p>Nella splendida Liguria, a&nbsp;<strong>Recco<\/strong>, nel&nbsp;<strong>Ristorante Da \u00d6 Vittorio<\/strong>,&nbsp;cenacolo della focaccia al formaggio, si sono fermati proprio tutti: Elettra Marconi, il Presidente della Repubblica Luigi Einaudi, Tara Gandhi, Bartali e Coppi, Tognazzi e Vianello, Gassman, Manfredi, Wanda Osiris, Dizzy Gillespie e Luigi Tenco.<br>Vi hanno soggiornato l\u2019imperatore d\u2019Etiopia Hail\u00e9 Seilassi\u00e9 e re Hussein di Giordania, e il&nbsp;<strong>Royal Hotel Sanremo&nbsp;dove Gi\u00f2 Ponti ha firmato la&nbsp;prima piscina con acqua di mare<\/strong>. Per la sua posizione e la sua straordinaria bellezza e ricchezza l\u2019hotel ha ospitato \u201cSissi\u201d imperatrice d\u2019Austria, re Farouk, Hassan II del Marocco, Rania di Giordania, e il Nobel Sabin.<br>Alto primato per la Liguria \u00e8 il&nbsp;<strong>Caff\u00e8 Pasticceria Balzola&nbsp;<\/strong>di&nbsp;<strong>Alassio<\/strong>, dove \u00e8 nato nel 1920 il&nbsp;&#8220;caff\u00e8 concerto&#8221; e dove ha cantato Beniamino Gigli. Maksim Gor&#8217;kij, seduto al tavolino nella sala Settecento veneziano, gustava gli squisiti \u201cBaci di Alassio\u201d, brevettati nel 1919.<\/p>\n\n\n\n<p><strong>Milano e la Lombardia<\/strong>&nbsp;possiedono un vero e proprio patrimonio in locali storici, tutti con storie straordinarie, tutti ancora oggi testimoni di una tradizione fatta d\u2019eccellenza ma anche di capacit\u00e0 continua di rinnovamento. Amati e ricercati da tutti e, in particolare, sosta immancabile per i turisti. Partendo da Milano il 7 ottobre ci si pu\u00f2 prenotare per visite e degustazioni al&nbsp;<strong>Caff\u00e8 Camparino in Galleria<\/strong>, simbolo della cultura milanese,&nbsp;dove Giuseppe Verdi e Giacomo Puccini sostavano dopo le rappresentazioni alla Scala. Re Umberto I e Edoardo VII d\u2019Inghilterra bevevano il Bitter al banco. \u00c8 un Capolavoro Liberty.<\/p>\n\n\n\n<p>Storie, personaggi e grandi specialit\u00e0 sono il comune denominatore di altri tre locali milanesi: il&nbsp;<strong>Biffi in Galleria<\/strong>, con i suoi panettoni che imbandivano le tavole dei Savoia e dell\u2019eroe Garibaldi, diventato salotto dell\u2019aristocrazia milanese e ristorante dopo teatro per eccellenza, frequentato anche da Arturo Toscanini ed Hemingway; il&nbsp;<strong>Bar caff\u00e8 Gin Rosa<\/strong>, l\u2019aperitivo storico di Milano nell\u2019iconica piazza San Babila e&nbsp;il&nbsp;<strong>Ristorante Giannino<\/strong>, da 120 anni icona del&nbsp;panorama gastronomico meneghino in grado di soddisfare i palati di Gregory Peck, Maria Callas, Grace Kelly e Ian Fleming.<\/p>\n\n\n\n<p>Nel resto della Regione il viaggio \u00e8 proseguito con la&nbsp;<strong>Pasticceria Bar Cavour<\/strong>&nbsp;di&nbsp;<strong>Bergam<\/strong>o frequentato da artisti e musicisti inebriati dal profumo della famosa Torta Donizetti;&nbsp;<strong>l\u2019Hotel Catullo&nbsp;<\/strong>a&nbsp;<strong>Sirmione<\/strong>, rifugio di personaggi famosi e punto di riferimento per i pionieri del Grand Tour;&nbsp;<strong>l\u2019Osteria della Villetta<\/strong>&nbsp;a&nbsp;<strong>Palazzolo sull\u2019Oglio<\/strong>,&nbsp;tra le ultime osterie ferroviarie italiane, di cui conserva, con eleganza, ambienti, arredi e vetrate originali d\u2019inizio Novecento, insieme a squisite ricette di famiglia; l\u2019<strong>Osteria il Governo 1801<\/strong>&nbsp;a&nbsp;<strong>Lezzeno<\/strong>, sette generazioni per pi\u00f9 di duecento anni di storia,&nbsp;<strong>Silvio Pellico pass\u00f2 qui la sua ultima notte di libert\u00e0<\/strong>; il&nbsp;<strong>Negozio Sperlari<\/strong>&nbsp;a&nbsp;<strong>Cremona<\/strong>, un gioiello ottocentesco e un marchio che, in Italia, \u00e8 emblema di mostarda, torrone mandorlato, cotognata; il&nbsp;<strong>Caff\u00e8 La Crepa<\/strong>, a&nbsp;<strong>Isola Dovarese (CR)<\/strong>, affacciato su una delle pi\u00f9 belle piazze rinascimentali della Lombardia: qui sedeva tutti i giorni il generale Pistoja, eroe delle battaglie di S. Martino e Solferino; l\u2019<strong>Hotel Moderno<\/strong>&nbsp;a&nbsp;<strong>Pavia<\/strong>, palazzo che conserva intatto il suo splendore Liberty e il cui spirito, internazionale, \u00e8 creato da uno dei suoi primi direttori che proveniva dal Ritz di Parigi; sempre a&nbsp;<strong>Pavia<\/strong>&nbsp;la&nbsp;<strong>Pasticceria Vigoni<\/strong>, oggi alla quinta generazione, dove si produce da sempre il dolce-simbolo della citt\u00e0: la Torta Paradiso.<\/p>\n\n\n\n<p><strong>La splendida Venezia e il ricchissimo Veneto<\/strong>&nbsp;possono contare su un patrimonio considerevole di Locali Storici, perfettamente conservati e incessante meta di turisti e appassionati. A cominciare da Venezia con l\u2019<strong>Ostaria Antico Dolo dal 1870<\/strong>, che propone ancora oggi&nbsp;quello che per secoli \u00e8 stata la vera specialit\u00e0 della casa, la trippa rissa (diversi tipi di frattaglie bolliti secondo un\u2019antichissima ricetta; l\u2019<strong>Hotel Cavalletto &amp; Doge Orseolo del 1200<\/strong>,tra i pi\u00f9 antichi alberghi d&#8217;Italia, quand\u2019era ancora una locanda vi sostavano i dogi prima della caccia al cinghiale nella boscaglia del Lido. Tra gli ospiti illustri&nbsp;<strong>Richard Strauss, Hermann Hesse, Winston Churchill<\/strong>.<\/p>\n\n\n\n<p>Il&nbsp;<strong>Caff\u00e8 Florian&nbsp;<\/strong>non ha bisogno di presentazioni, aperto nel 1720&nbsp;\u00e8 il&nbsp;pi\u00f9 antico Caff\u00e8 nella storia ad aver mantenuto le sue caratteristiche, nel 2020 ha festeggiato i 300 anni, forse \u00e8 il caff\u00e8 pi\u00f9 sognato da tutti i turisti del mondo;&nbsp;l\u2019<strong>Hotel Pensione Accademia \u2013 Villa Maravege<\/strong>, amata da Marcello Mastroianni e Sir Lawrence Olivier, \u00e8 una&nbsp;residenza patrizia del XVII secolo racchiusa&nbsp;tra due giardini; il&nbsp;<strong>Gran Caff\u00e8 Lavena<\/strong>, anch\u2019esso in piazza San Marco, caratterizza lo scenario di uno dei luoghi pi\u00f9 belli del mondo. Soprannominato il caff\u00e8 dei musicisti e dei letterati ha ospitato Montesquieu e Voltaire, Goldoni, Wagner e Liszt; l\u2019<strong>UnaHotels Ala<\/strong>, teatro nel 1907 de \u201cl\u2019affare dei russi\u201d che scandalizz\u00f2 e appassion\u00f2 tutt\u2019Europa, \u00e8 un\u2019antica e signorile dimora con il suo frequentatissimo bar dedicato a Maria Tarnowska; l\u2019<strong>Hotel La Calcina<\/strong>, ospit\u00f2 per tre mesi John Ruskin, autore di \u201cThe stones of Venice\u201d, lo scrittore Alain Buisine in \u201cCiels de Tiepolo\u201d racconta un suo risveglio qui. Francesco Maria Piave, librettista di Verdi fu un assiduo frequentatore del suo bar; l\u2019<strong>Albergo Quattro Fontane<\/strong>, un fiabesco Chalet ispirato alla Secessione viennese. Tutto il complesso alberghiero, dotato di una straordinaria collezione di arredi d\u2019epoca \u00e8 catalogato dal Ministero dei Beni culturali come uno degli edifici notevoli del Novecento.<\/p>\n\n\n\n<p>A&nbsp;<strong>Padova<\/strong>&nbsp;il&nbsp;<strong>Caff\u00e8 Pedrocchi<\/strong>&nbsp;\u00e8 molto di pi\u00f9 di un locale, \u00e8 una creatura straordinaria di Antonio Pedrocchi e dell\u2019architetto veneziano Jappelli, ha l\u2019imponenza di un tempio, ospita il Museo del Risorgimento nelle sale superiori e qui hanno sostato tutti i Savoia, Carducci, Eleonora Duse. Promuove intense attivit\u00e0 culturali.<\/p>\n\n\n\n<p>A&nbsp;<strong>Verona<\/strong>&nbsp;il&nbsp;<strong>Caf\u00e8 Carducci<\/strong>&nbsp;\u00e8 dedicato proprio al poeta di cui si conservano opere e scritti nelle teche del locale, che conserva archi e travi originali, le sedie del Thonet e l&#8217;antica insegna; l\u2019<strong>Hotel Due Torri&nbsp;ospit\u00f2 nel 1700&nbsp;Wolfgang Amadeus Mozart&nbsp;al suo primo viaggio in Italia<\/strong>&nbsp;e a cui \u00e8 dedicata una suite, e<strong>&nbsp;Goethe.<\/strong>&nbsp;Lo caratterizzano intense pagine di storia: fu&nbsp;<strong>teatro di importanti eventi storici<\/strong>, come l\u2019incoronazione in esilio di Re Luigi XVII di Francia, la firma del Trattato di Villafranca tra Napoleone III, Vittorio Emanuele II, l\u2019Arciduca Ranieri e il maresciallo Radetzky. Nel 1866 Giuseppe Garibaldi parl\u00f2 ai veronesi dal balcone dell\u2019attuale Suite Maria Callas.<\/p>\n\n\n\n<p><strong>Bassano<\/strong>&nbsp;\u00e8 sinonimo di Grappa in Italia, e qui \u00e8 nata la&nbsp;<strong>Distilleria Nardini<\/strong>, la pi\u00f9 antica d\u2019Italia. L\u2019\u00abaqua vitae\u00bb famosa in tutto il mondo \u00e8 nel cuore del Veneto, a ridosso del ponte del Palladio,&nbsp;<strong>dove Hemingway ha immaginato&nbsp;Addio alle armi<\/strong>. Oggi \u00e8 la settima generazione a portare avanti la tradizione e la storia della famiglia.<\/p>\n\n\n\n<p>In&nbsp;<strong>Trentino Alto Adige<\/strong>,&nbsp;<strong>Merano<\/strong>&nbsp;rappresenta da sempre una meta di vacanze all\u2019insegna del benessere, anche l\u2019Imperatrice Sissi veniva qui a curarsi,<strong>&nbsp;l\u2019Hotel Adria,&nbsp;<\/strong>progettato e costruito dai maestri del Liberty meranese Josef Munsch &amp; Carl Lun, \u00e8 un salto nel fascino Belle \u00c9poque. Giardino, struttura, facciate, saloni e persino la cabina-ascensore del 1929 sono splendidamente conservati. Nato per i facoltosi clienti tedeschi, austriaci e ungheresi, venne rinnovato e impreziosito con decorazioni Jugendstil nel 1914.<\/p>\n\n\n\n<p>A&nbsp;<strong>Trieste<\/strong>, l\u2019<strong>Antica Trattoria Suban&nbsp;<\/strong>\u00e8&nbsp;il locale pi\u00f9 caratteristico della citt\u00e0, fondato e diretto sempre dalla stessa famiglia da sei generazioni, conserva ambientazione e arredi di un tempo, mentre la cucina interpreta il ruolo eccellente della citt\u00e0 mitteleuropea, con piatti dell&#8217;est e dell&#8217;ovest.<\/p>\n\n\n\n<p><strong>Bologna&nbsp;<\/strong>ha partecipato con il<strong>&nbsp;Grand Hotel Majestic gi\u00e0 Baglioni<\/strong>, lussuoso monumento dell\u2019ospitalit\u00e0, nel palazzo che fu Seminario Arcivescovile,&nbsp;<strong>tra marmi e stucchi ha accolto Frank Sinatra e Ava Gardner, Lady Diana e Sofia Loren<\/strong>. Splendidi gli affreschi cinquecenteschi dei Carracci: \u201cStorie di Europa\u201d sul soffitto a cassettoni della sala \u201cCamerino di Europa\u201d e \u201cLe quattro stagioni\u201d su quello del raffinato Ristorante \u201cI Carracci\u201d.<\/p>\n\n\n\n<p>La&nbsp;<strong>Toscana<\/strong>&nbsp;ha aperto le porte al pubblico del 7 ottobre a partire da&nbsp;<strong>Firenze<\/strong>&nbsp;con il&nbsp;<strong>Grand Hotel Minerva<\/strong>, nato nel 1300 come parte del&nbsp;monastero di Santa Maria Novella.&nbsp;<strong>Qui il celebre poeta americano Henry Wadsworth Longfellow cur\u00f2, nel 1867, la prima traduzione in lingua inglese della Divina Commedia<\/strong>, rendendo disponibile il capolavoro dantesco negli Stati Uniti e nei paesi di lingua inglese. Sempre a Firenze sono aperte le visite all\u2019<strong>Hotel Bernini Palace<\/strong>, dove la bellissima Sala del Parlamento, perfettamente conservata, ricorda il ruolo di questo edificio tra&nbsp;il 1865 e il 1871, quando Firenze fu capitale del Regno d&#8217;Italia, e divenne Hotel Parlamento, dimora di parlamentari e senatori. Nella Hall e sulle pareti i busti di illustri fiorentini con eccentrici copricapo.<\/p>\n\n\n\n<p>Da Firenze a&nbsp;<strong>Pisa<\/strong>&nbsp;con il&nbsp;Ristorante Poldino, immerso nella tenuta di San Rossore dove,&nbsp;<strong>dai Medici a Napoleone, dai Savoia a Tony Blair sono passati tutti<\/strong>. Poldino \u00e8 un baluardo della&nbsp;tradizione enogastronomica toscana. Cinghiale e daino, pecorino e miele di spiaggia la base della sua cucina; in citt\u00e0 si pu\u00f2 visitare anche il&nbsp;<strong>Royal Victoria Hotel,<\/strong>&nbsp;il cui nucleo pi\u00f9 antico risale al 1050. Affacciato sull\u2019Arno, che divide la citt\u00e0, lo storico hotel ha accolto il presidente Roosevelt, Giacomo Puccini, Emile Zola, Luigi Pirandello. Molte camere ancora oggi si trovano nella torre del X secolo.<\/p>\n\n\n\n<p>A&nbsp;<strong>Montalcino&nbsp;<\/strong>il&nbsp;<strong>Caff\u00e8 Fiaschetteria Italiana 1888<\/strong>&nbsp;<strong>\u00e8 stato creato da Ferruccio Bindi Santi, l\u2019inventore del Brunello di Montalcino<\/strong>, squisito&nbsp;esempio di puro Liberty, ha ospitato anche il re Carlo d\u2019Inghilterra; ancora Liberty in terra di vino, a&nbsp;<strong>Montepulciano<\/strong>&nbsp;si aprono le sale del&nbsp;<strong>Ristorante Pasticceria &nbsp;Caff\u00e8 Poliziano<\/strong>, meta di turisti da tutto il mondo anche per la tradizione di ricette medioevali toscane. Vera fucina culturale ha attirato scrittori e poeti come Carducci, Prezzolini, Malaparte e Fellini. Pirandello traeva spunti osservando i suoi clienti.<\/p>\n\n\n\n<p>Nelle&nbsp;<strong>Marche<\/strong>&nbsp;il locale storico per eccellenza \u00e8 il&nbsp;<strong>Caff\u00e8 Meletti<\/strong>&nbsp;di&nbsp;<strong>Ascoli Piceno<\/strong>&nbsp;un vero monumento Liberty in una delle piazze pi\u00f9 belle d\u2019Italia.&nbsp;Re Vittorio Emanuele fece visita nel 1908 e 1910 per acquistare l\u2019Anisetta e lo decret\u00f2 \u201cFornitore della Real Casa\u201d. Mascagni avrebbe iniziato qui a scrivere l\u2019opera \u201cLodoletta\u201d. Sono passati Stuparich, Zandonai, Badoglio, Sartre, Hemingway e Trilussa che, goloso dell\u2019Anisetta, scrisse \u201cQuante favole e sonetti m\u2019ha ispirato la Meletti\u201d.<\/p>\n\n\n\n<p>In&nbsp;<strong>Umbria<\/strong>, a&nbsp;<strong>Perugia<\/strong>, la giornata nazionale dei Locali Storici d\u2019Italia si e\u2019 aperta con la&nbsp;<strong>Pasticceria Sandri<\/strong>, un gioiello Liberty guidato dalla quinta generazione. Il fondatore&nbsp;scambi\u00f2 con Franz Sacher la ricetta della famosa torta con la propria dei Bign\u00e8 alla Pompadour. Regno di delizie e cioccolata ha accolto Curzio Malaparte, Ernest von Karajan, re Gustavo di Svezia.<\/p>\n\n\n\n<p><strong>Roma<\/strong>&nbsp;ha raccontato le sue storie con due locali storici, il&nbsp;<strong>Ristorante Checchino dal 1887<\/strong>,&nbsp;<strong>dove \u00e8 stata inventata la celebre &#8220;coda alla vaccinara&#8221;<\/strong>, opera della bisnonna Ferminia, che prende il nome dai &#8220;vaccinari&#8221; (macellai) del vecchio mattatoio della Capitale. Sorprendenti le cantine ricavate tra i cocci degli 86 milioni di anfore che, in epoca romana, formarono il Monte Testaccio e che sono oggi monumento storico-archeologico italiano. Lo scrittore Manuel Vasquez Montalban gli ha reso omaggio in un romanzo; l\u2019<strong>Hotel&nbsp;Quirinale<\/strong>&nbsp;ha una lista infinita di personaggi illustri che l\u2019hanno frequentato:&nbsp;Mascagni, Puccini e Verdi, che alle finestre dell\u2019albergo fu acclamato dai romani dopo la prima del Falstaff nel 1893. Frequentato dai Savoia, da Caterina la Grande, dai principi Colonna, Torlonia, Odescalchi, \u00e8 ricco di arredi d\u2019epoca.<\/p>\n\n\n\n<p>La&nbsp;<strong>Campania<\/strong>&nbsp;\u00e8 una regione molto ricca di locali storici, e molti \u2013 tra i pi\u00f9 belli e universalmente conosciuti \u2013 hanno partecipato alla kermesse di sabato 7 ottobre, a cominciare da&nbsp;<strong>Napoli<\/strong>&nbsp;con il glorioso&nbsp;<strong>Gran Caff\u00e8 Gambrinus<\/strong>,&nbsp;ristrutturato in stile liberty nel 1890 dall\u2019architetto Curri con splendidi affreschi e dipinti dei massimi pittori dell\u2019Ottocento napoletano. Qui D\u2019Annunzio scrisse i versi di \u201cA vucchella\u201d, Scarfoglio e Matilde Serao fondarono il quotidiano \u201cIl Mattino\u201d, vi sedevano il Croce, Oscar Wilde, Hemingway, Sartre. Durante la Belle \u00c9poque si teneva lo spettacolo del Caf\u00e9 Chantant e nacque l\u2019usanza del caff\u00e8 sospeso. Le bellissime sale affacciate su Piazza del Plebiscito accolgono i Presidenti della Repubblica italiana in visita a Napoli.<\/p>\n\n\n\n<p>\u00c8 il tempio della pizza e delle ricette napoletane il&nbsp;<strong>Ristorante Umberto<\/strong>, e i&nbsp;suoi sapori hanno conquistato l\u2019imperatore del Giappone Akihito, i Kennedy, Anthony Quinn.&nbsp;<strong>La Bersagliera<\/strong>&nbsp;\u00e8 uno dei ristoranti pi\u00f9 suggestivi di Napoli: autentico gioiello liberty, conserva stucchi, pavimento e arredi realizzati dalle maestranze impegnate nei lavori del palazzo disegnato dall\u2019architetto Copped\u00e9, Roberto Rossellini lo scelse per girare &#8220;Viaggio in Italia&#8221;.<\/p>\n\n\n\n<p>Monumento nazionale dal 1993, la&nbsp;<strong>Fabbrica cioccolato Gay-Odin<\/strong>&nbsp;<strong>amata da Oscar Wilde&nbsp;<\/strong>nell\u2019osteggiata sosta a Napoli del 1897, dal poeta di Giacomo e da Eduardo De Filippo, \u00e8 realizzata in splendido stile Liberty con vetrina floreale, arredi in mogano, macchinari e ricette d&#8217;inizio Novecento. Napoli e pizza si fondono in un\u2019unica parola e, a Napoli,&nbsp;<strong>il monumento della vera pizza&nbsp;<\/strong>\u00e8 il&nbsp;<strong>Ristorante Pizzeria Mattozzi<\/strong>, locale amatissimo da&nbsp;letterati, artisti e politici. Qui \u00e8 stata fondata l\u2019\u201cAssociazione verace pizza napoletana\u201d per la tutela e promozione della pi\u00f9 vera e golosa tradizione napoletana nel mondo.<\/p>\n\n\n\n<p>L\u2019affascinante Campania possiede alcuni tra gli angoli pi\u00f9 belli e suggestivi del mondo, in questi luoghi sono nati nel tempo veri e propri scrigni di bellezza e oasi di cultura come a&nbsp;<strong>Sorrento<\/strong>&nbsp;con l\u2019<strong>Imperial Hotel Tramontano&nbsp;<\/strong>dove nacque&nbsp;Torquato Tasso e dove hanno pernottato Lord Byron, Percy Bysshe Shelley.&nbsp;<strong>\u00c8 qui che Ibsen, il padre della drammaturgia moderna, termin\u00f2 \u201cGli Spettri\u201d nel 1881.&nbsp;<\/strong>Ed&nbsp;<strong>\u00e8 sempre qui che per la prima volta venne cantata la celebre canzone &#8220;Torna a Surriento&#8221;<\/strong>.<\/p>\n\n\n\n<p>Come non pensare che la bellezza sia ispiratrice di altrettanta bellezza? Il&nbsp;<strong>Grand Hotel Excelsior Vittoria<\/strong>&nbsp;a&nbsp;<strong>Sorrento<\/strong>, arroccato sul mare, prezioso, elitario ed elegante, \u00e8&nbsp;<strong>il luogo dove Wagner ha concluso il Parsifal<\/strong>.&nbsp;<strong>Ed \u00e8 ancora intatta la suite dove Enrico Caruso trascorse gli ultimi mesi della sua vita<\/strong>, una suite che ha accolto Luciano Pavarotti, Andrea Bocelli e&nbsp;<strong>Lucio Dalla<\/strong>, che&nbsp;<strong>proprio in questa camera ha scritto la canzone \u201cCaruso\u201d<\/strong>&nbsp;dedicata al grande tenore.<\/p>\n\n\n\n<p>A&nbsp;<strong>Massa Lubrense<\/strong>, nella penisola Sorrentina, partecipa il Ristorante Antico Francischiello 1909 che con le sue&nbsp;preziose ceramiche e un panorama mozzafiato si affaccia direttamente in \u2026paradiso! Testimone di profumi, sapori e liquori fatti in casa delle trattorie d\u2019inizio Novecento della costiera, ha conquistato con i suoi piatti Marcello Mastroianni, King Vidor, John Huston, Akira Kurosawa, Billy Wilder, Anthony Quinn, Lina Wertmuller e Pavarotti.<\/p>\n\n\n\n<p>Non poteva mancare&nbsp;<strong>Amalfi<\/strong>&nbsp;tra le citt\u00e0 che ha partecipato alla giornata nazionale dei Locali Storici, con la&nbsp;<strong>Pasticceria&nbsp;Pansa, incastonata&nbsp;<\/strong>nella piazzetta all&#8217;ombra del bellissimo Duomo, che tramanda da due secoli la pi\u00f9 verace tradizione dolciaria amalfitana delle zeppole S. Giuseppe, susamielli, roccoc\u00f2, casatielli dolci coi &#8220;diavolini&#8221;, mustacciuoli e sfogliatelle.&nbsp;<strong>Peccati di gola che catturarono Ibsen, Wagner e Longfellow<\/strong>.<\/p>\n\n\n\n<p>La&nbsp;<strong>Puglia<\/strong>&nbsp;da sempre \u00e8 terra ricca di sapori tradizionali e ad&nbsp;<strong>Andria<\/strong>&nbsp;c\u2019\u00e8 la scoprire la&nbsp;<strong>Confetteria Pasticceria Museo del Confetto Confetteria Mucci<\/strong>&nbsp;in una&nbsp;bella palazzina Liberty nel centro storico a pochi passi dalla Cattedrale. Un\u2019antica fabbrica sempre viva con i suoi straordinari confetti dal cuore di mandorla, gli stessi forniti per le nozze di Umberto di Savoia con Maria Jos\u00e9 e i \u201ctenerelli\u201d. Infinite dolcezze e un museo che racconta la storia lunga quattro generazioni per un luogo \u201cstoricamente significativo\u201d come decretato del Ministero della Cultura.<\/p>\n\n\n\n<p><strong>Maratea<\/strong>&nbsp;in&nbsp;<strong>Basilicata<\/strong>&nbsp;\u00e8 la citt\u00e0 delle 44 chiese, un luogo che non ha fretta. Cos\u00ec il 7 ottobre si pu\u00f2 andar lento nella scoperta dei sapori del&nbsp;<strong>Ristorante Taverna Rovita<\/strong>, qui dal 1700, con le sue&nbsp;piastrelle settecentesche del caminetto e le travi originali del soffitto. Prima Frateria, poi Taverna, oggi luogo d\u2019eccellenza della cucina lucana in uno dei vicoli pi\u00f9 suggestivi di Maratea. Renato Guttuso la ritrasse in una sua opera.<\/p>\n\n\n\n<p>Ci sono i locali che furono scenari di storia patria, come il&nbsp;<strong>Gran Caff\u00e8 Renzelli<\/strong>&nbsp;di&nbsp;<strong>Cosenza<\/strong>, in&nbsp;<strong>Calabria<\/strong>, in questo locale&nbsp;furono decisi i moti cosentini del 1844 contro i Borbone, qui i gendarmi fecero sostare i patrioti Attilio ed Emilio Bandiera per dar loro ristoro e da qui venivano inviati dolci e sorbetti nelle carceri della citt\u00e0 per alleviare la detenzione dei due fratelli e degli altri patrioti che morirono fucilati nel Vallone di Rovito. E ancora qui i garibaldini, nel settembre del 1860, festeggiarono al punto da danneggiare il locale. In questo cenacolo di ricordi illustri un evento culturale ripercorrer\u00e0 la storia del locale che oggi vanta sette generazioni della stessa stirpe.<\/p>\n\n\n\n<p>L\u2019isola della nobilt\u00e0, della bellezza e dell\u2019arte, la&nbsp;<strong>Sicilia<\/strong>, si \u00e8 raccontata attraverso alcuni dei suoi locali storici pi\u00f9 ricchi di storia e di eccellenze. Si e\u2019 partito da&nbsp;<strong>Palermo&nbsp;<\/strong>con il&nbsp;<strong>RistoranteCasa del Brodo dal Dottore<\/strong>, soprannominata cos\u00ec per i camici bianchi usati dai proprietari. Durante un\u2019epidemia a Palermo all\u2019inizio del 1900, gli avventori si accorsero del potere ricostituente di quell\u2019ottimo brodo di carne, lo stesso che la contessa Franca Tasca d\u2019Almerita mandava a prendere per le minestre di palazzo. Il&nbsp;<strong>lesso con patate ha conquistato Rod Steiger, Raf Vallone, Claudia Cardinale, Renata Tebaldi<\/strong>. A Palermo \u00e8 un\u2019istituzione, e uno dei gioielli Liberty della citt\u00e0.<\/p>\n\n\n\n<p>Con l\u2019esclusivo semifreddo \u201cAli Pasci\u00e0\u201d, che ricorda come l\u2019isola fu culturalmente segnata dalla cultura araba, il&nbsp;<strong>Ristorante La Botte<\/strong>&nbsp;di&nbsp;<strong>Monreale<\/strong>&nbsp;presenta una cucina di classe, e racconta del cenacolo di artisti e di personaggi che lo hanno frequentato, come:&nbsp;come Carla Fracci, Mario Del Monaco, Beniamino Gigli, Renata Tebaldi e in questi anni, anche il segretario Onu Kofi Annan. \u00c8 tra le pi\u00f9 antiche gestioni di Sicilia.<\/p>\n\n\n\n<p>Da Palermo a <strong>Giarre (CT)<\/strong>&nbsp;con la&nbsp;<strong>Cioccolateria CaffetteriaFabbrica Finocchiaro<\/strong>, testimone Liberty delle novecentesche fabbriche siciliane di caramelle, confetti pregiati, confetture, cioccolata e granite, \u00e8 storia della tradizione dolciaria dell&#8217;Isola. Conserva facciate, ampi spazi originali divisi da archi e colonne, alti soffitti affrescati, arredi e cimeli.&nbsp;<strong>Inventore delle caramelle a sigaretta<\/strong>, tra i clienti illustri ha avuto lo scrittore Di Maggio e lo storico Giarizzo.&nbsp;Un\u2019attenta visita guidata ha raccontato i tanti anni di storia ed eccellenza del locale.<\/p>\n<div class=\"pdfprnt-buttons pdfprnt-buttons-post pdfprnt-bottom-left\"><a href=\"https:\/\/www.istitutogalanteoliva.it\/magazine\/wp-json\/wp\/v2\/posts\/13945?print=print\" class=\"pdfprnt-button pdfprnt-button-print\" target=\"_blank\"><img decoding=\"async\" src=\"https:\/\/www.istitutogalanteoliva.it\/magazine\/wp-content\/plugins\/pdf-print\/images\/print.png\" alt=\"image_print\" title=\"Stampa contenuto\" \/><span class=\"pdfprnt-button-title pdfprnt-button-print-title\">Download in PDF<\/span><\/a><\/div>","protected":false},"excerpt":{"rendered":"<p>Dal Piemonte alla Calabria, dal Veneto alla Puglia, dalla Sicilia alla Toscana, si sono festeggiati il bello e il buono dell&#8217;Italia<\/p>\n","protected":false},"author":2,"featured_media":13948,"comment_status":"closed","ping_status":"open","sticky":true,"template":"","format":"standard","meta":{"footnotes":""},"categories":[731,47],"tags":[842],"class_list":["post-13945","post","type-post","status-publish","format-standard","has-post-thumbnail","hentry","category-731","category-eventi","tag-giornata-nazionale-dei-locali-storici-ditalia"],"yoast_head":"<!-- This site is optimized with the Yoast SEO plugin v24.2 - https:\/\/yoast.com\/wordpress\/plugins\/seo\/ -->\n<title>Sabato 7 ottobre 2023: &quot;Giornata Nazionale dei Locali Storici d&#039;Italia&quot; celebrata con degustazioni e visite guidate - Polis SA Magazine<\/title>\n<meta name=\"robots\" content=\"index, follow, max-snippet:-1, max-image-preview:large, max-video-preview:-1\" \/>\n<link rel=\"canonical\" href=\"https:\/\/www.istitutogalanteoliva.it\/magazine\/2023\/10\/26\/sabato-7-ottobre-2023-giornata-nazionale-dei-locali-storici-ditalia-celebrata-con-degustazioni-e-visite-guidate\/\" \/>\n<meta property=\"og:locale\" content=\"it_IT\" \/>\n<meta property=\"og:type\" content=\"article\" \/>\n<meta property=\"og:title\" content=\"Sabato 7 ottobre 2023: &quot;Giornata Nazionale dei Locali Storici d&#039;Italia&quot; celebrata con degustazioni e visite guidate - Polis SA Magazine\" \/>\n<meta property=\"og:description\" content=\"Dal Piemonte alla Calabria, dal Veneto alla Puglia, dalla Sicilia alla Toscana, si sono festeggiati il bello e il buono dell&#039;Italia\" \/>\n<meta property=\"og:url\" content=\"https:\/\/www.istitutogalanteoliva.it\/magazine\/2023\/10\/26\/sabato-7-ottobre-2023-giornata-nazionale-dei-locali-storici-ditalia-celebrata-con-degustazioni-e-visite-guidate\/\" \/>\n<meta property=\"og:site_name\" content=\"Polis SA Magazine\" \/>\n<meta property=\"article:publisher\" content=\"https:\/\/www.facebook.com\/PolisSAMagazine\/\" \/>\n<meta property=\"article:published_time\" content=\"2023-10-26T15:43:25+00:00\" \/>\n<meta property=\"article:modified_time\" content=\"2023-10-26T15:48:37+00:00\" \/>\n<meta property=\"og:image\" content=\"https:\/\/www.istitutogalanteoliva.it\/magazine\/wp-content\/uploads\/2023\/10\/2023-CAMPANIA-NA-Caffe-Pasticceria-Fabbrica-Cioccolato-Gay-Odin-1-1280x960-1.jpg\" \/>\n\t<meta property=\"og:image:width\" content=\"700\" \/>\n\t<meta property=\"og:image:height\" content=\"380\" \/>\n\t<meta property=\"og:image:type\" content=\"image\/jpeg\" \/>\n<meta name=\"author\" content=\"Antonello Rivano\" \/>\n<meta name=\"twitter:card\" content=\"summary_large_image\" \/>\n<meta name=\"twitter:creator\" content=\"@MagazinePolis\" \/>\n<meta name=\"twitter:site\" content=\"@MagazinePolis\" \/>\n<meta name=\"twitter:label1\" content=\"Scritto da\" \/>\n\t<meta name=\"twitter:data1\" content=\"Antonello Rivano\" \/>\n<script type=\"application\/ld+json\" class=\"yoast-schema-graph\">{\"@context\":\"https:\/\/schema.org\",\"@graph\":[{\"@type\":\"Article\",\"@id\":\"https:\/\/www.istitutogalanteoliva.it\/magazine\/2023\/10\/26\/sabato-7-ottobre-2023-giornata-nazionale-dei-locali-storici-ditalia-celebrata-con-degustazioni-e-visite-guidate\/#article\",\"isPartOf\":{\"@id\":\"https:\/\/www.istitutogalanteoliva.it\/magazine\/2023\/10\/26\/sabato-7-ottobre-2023-giornata-nazionale-dei-locali-storici-ditalia-celebrata-con-degustazioni-e-visite-guidate\/\"},\"author\":{\"name\":\"Antonello Rivano\",\"@id\":\"https:\/\/www.istitutogalanteoliva.it\/magazine\/#\/schema\/person\/d8b8aa79cfe8babc1df9da3212a7c0c4\"},\"headline\":\"Sabato 7 ottobre 2023: &#8220;Giornata Nazionale dei Locali Storici d&#8217;Italia&#8221; celebrata con degustazioni e visite guidate\",\"datePublished\":\"2023-10-26T15:43:25+00:00\",\"dateModified\":\"2023-10-26T15:48:37+00:00\",\"mainEntityOfPage\":{\"@id\":\"https:\/\/www.istitutogalanteoliva.it\/magazine\/2023\/10\/26\/sabato-7-ottobre-2023-giornata-nazionale-dei-locali-storici-ditalia-celebrata-con-degustazioni-e-visite-guidate\/\"},\"wordCount\":4725,\"publisher\":{\"@id\":\"https:\/\/www.istitutogalanteoliva.it\/magazine\/#organization\"},\"image\":{\"@id\":\"https:\/\/www.istitutogalanteoliva.it\/magazine\/2023\/10\/26\/sabato-7-ottobre-2023-giornata-nazionale-dei-locali-storici-ditalia-celebrata-con-degustazioni-e-visite-guidate\/#primaryimage\"},\"thumbnailUrl\":\"https:\/\/www.istitutogalanteoliva.it\/magazine\/wp-content\/uploads\/2023\/10\/2023-CAMPANIA-NA-Caffe-Pasticceria-Fabbrica-Cioccolato-Gay-Odin-1-1280x960-1.jpg\",\"keywords\":[\"Giornata Nazionale dei Locali Storici d&#039;Italia\"],\"articleSection\":[\"2023\",\"Eventi\"],\"inLanguage\":\"it-IT\"},{\"@type\":\"WebPage\",\"@id\":\"https:\/\/www.istitutogalanteoliva.it\/magazine\/2023\/10\/26\/sabato-7-ottobre-2023-giornata-nazionale-dei-locali-storici-ditalia-celebrata-con-degustazioni-e-visite-guidate\/\",\"url\":\"https:\/\/www.istitutogalanteoliva.it\/magazine\/2023\/10\/26\/sabato-7-ottobre-2023-giornata-nazionale-dei-locali-storici-ditalia-celebrata-con-degustazioni-e-visite-guidate\/\",\"name\":\"Sabato 7 ottobre 2023: \\\"Giornata Nazionale dei Locali Storici d'Italia\\\" celebrata con degustazioni e visite guidate - Polis SA Magazine\",\"isPartOf\":{\"@id\":\"https:\/\/www.istitutogalanteoliva.it\/magazine\/#website\"},\"primaryImageOfPage\":{\"@id\":\"https:\/\/www.istitutogalanteoliva.it\/magazine\/2023\/10\/26\/sabato-7-ottobre-2023-giornata-nazionale-dei-locali-storici-ditalia-celebrata-con-degustazioni-e-visite-guidate\/#primaryimage\"},\"image\":{\"@id\":\"https:\/\/www.istitutogalanteoliva.it\/magazine\/2023\/10\/26\/sabato-7-ottobre-2023-giornata-nazionale-dei-locali-storici-ditalia-celebrata-con-degustazioni-e-visite-guidate\/#primaryimage\"},\"thumbnailUrl\":\"https:\/\/www.istitutogalanteoliva.it\/magazine\/wp-content\/uploads\/2023\/10\/2023-CAMPANIA-NA-Caffe-Pasticceria-Fabbrica-Cioccolato-Gay-Odin-1-1280x960-1.jpg\",\"datePublished\":\"2023-10-26T15:43:25+00:00\",\"dateModified\":\"2023-10-26T15:48:37+00:00\",\"breadcrumb\":{\"@id\":\"https:\/\/www.istitutogalanteoliva.it\/magazine\/2023\/10\/26\/sabato-7-ottobre-2023-giornata-nazionale-dei-locali-storici-ditalia-celebrata-con-degustazioni-e-visite-guidate\/#breadcrumb\"},\"inLanguage\":\"it-IT\",\"potentialAction\":[{\"@type\":\"ReadAction\",\"target\":[\"https:\/\/www.istitutogalanteoliva.it\/magazine\/2023\/10\/26\/sabato-7-ottobre-2023-giornata-nazionale-dei-locali-storici-ditalia-celebrata-con-degustazioni-e-visite-guidate\/\"]}]},{\"@type\":\"ImageObject\",\"inLanguage\":\"it-IT\",\"@id\":\"https:\/\/www.istitutogalanteoliva.it\/magazine\/2023\/10\/26\/sabato-7-ottobre-2023-giornata-nazionale-dei-locali-storici-ditalia-celebrata-con-degustazioni-e-visite-guidate\/#primaryimage\",\"url\":\"https:\/\/www.istitutogalanteoliva.it\/magazine\/wp-content\/uploads\/2023\/10\/2023-CAMPANIA-NA-Caffe-Pasticceria-Fabbrica-Cioccolato-Gay-Odin-1-1280x960-1.jpg\",\"contentUrl\":\"https:\/\/www.istitutogalanteoliva.it\/magazine\/wp-content\/uploads\/2023\/10\/2023-CAMPANIA-NA-Caffe-Pasticceria-Fabbrica-Cioccolato-Gay-Odin-1-1280x960-1.jpg\",\"width\":700,\"height\":380},{\"@type\":\"BreadcrumbList\",\"@id\":\"https:\/\/www.istitutogalanteoliva.it\/magazine\/2023\/10\/26\/sabato-7-ottobre-2023-giornata-nazionale-dei-locali-storici-ditalia-celebrata-con-degustazioni-e-visite-guidate\/#breadcrumb\",\"itemListElement\":[{\"@type\":\"ListItem\",\"position\":1,\"name\":\"Home\",\"item\":\"https:\/\/www.istitutogalanteoliva.it\/magazine\/\"},{\"@type\":\"ListItem\",\"position\":2,\"name\":\"Sabato 7 ottobre 2023: &#8220;Giornata Nazionale dei Locali Storici d&#8217;Italia&#8221; celebrata con degustazioni e visite guidate\"}]},{\"@type\":\"WebSite\",\"@id\":\"https:\/\/www.istitutogalanteoliva.it\/magazine\/#website\",\"url\":\"https:\/\/www.istitutogalanteoliva.it\/magazine\/\",\"name\":\"POLIS SA MAGAZINE\",\"description\":\"Informazione e approfondimenti\",\"publisher\":{\"@id\":\"https:\/\/www.istitutogalanteoliva.it\/magazine\/#organization\"},\"potentialAction\":[{\"@type\":\"SearchAction\",\"target\":{\"@type\":\"EntryPoint\",\"urlTemplate\":\"https:\/\/www.istitutogalanteoliva.it\/magazine\/?s={search_term_string}\"},\"query-input\":{\"@type\":\"PropertyValueSpecification\",\"valueRequired\":true,\"valueName\":\"search_term_string\"}}],\"inLanguage\":\"it-IT\"},{\"@type\":\"Organization\",\"@id\":\"https:\/\/www.istitutogalanteoliva.it\/magazine\/#organization\",\"name\":\"Polis SA Magazine\",\"url\":\"https:\/\/www.istitutogalanteoliva.it\/magazine\/\",\"logo\":{\"@type\":\"ImageObject\",\"inLanguage\":\"it-IT\",\"@id\":\"https:\/\/www.istitutogalanteoliva.it\/magazine\/#\/schema\/logo\/image\/\",\"url\":\"\",\"contentUrl\":\"\",\"caption\":\"Polis SA Magazine\"},\"image\":{\"@id\":\"https:\/\/www.istitutogalanteoliva.it\/magazine\/#\/schema\/logo\/image\/\"},\"sameAs\":[\"https:\/\/www.facebook.com\/PolisSAMagazine\/\",\"https:\/\/x.com\/MagazinePolis\",\"https:\/\/www.youtube.com\/channel\/UCv0Mr5AHKUmsc0sEEXkJrgw\"]},{\"@type\":\"Person\",\"@id\":\"https:\/\/www.istitutogalanteoliva.it\/magazine\/#\/schema\/person\/d8b8aa79cfe8babc1df9da3212a7c0c4\",\"name\":\"Antonello Rivano\",\"image\":{\"@type\":\"ImageObject\",\"inLanguage\":\"it-IT\",\"@id\":\"https:\/\/www.istitutogalanteoliva.it\/magazine\/#\/schema\/person\/image\/\",\"url\":\"https:\/\/secure.gravatar.com\/avatar\/517a9a6487a7a18ecc4ce6d2e57a8f40?s=96&d=mm&r=g\",\"contentUrl\":\"https:\/\/secure.gravatar.com\/avatar\/517a9a6487a7a18ecc4ce6d2e57a8f40?s=96&d=mm&r=g\",\"caption\":\"Antonello Rivano\"},\"url\":\"https:\/\/www.istitutogalanteoliva.it\/magazine\/author\/antonello\/\"}]}<\/script>\n<!-- \/ Yoast SEO plugin. -->","yoast_head_json":{"title":"Sabato 7 ottobre 2023: \"Giornata Nazionale dei Locali Storici d'Italia\" celebrata con degustazioni e visite guidate - Polis SA Magazine","robots":{"index":"index","follow":"follow","max-snippet":"max-snippet:-1","max-image-preview":"max-image-preview:large","max-video-preview":"max-video-preview:-1"},"canonical":"https:\/\/www.istitutogalanteoliva.it\/magazine\/2023\/10\/26\/sabato-7-ottobre-2023-giornata-nazionale-dei-locali-storici-ditalia-celebrata-con-degustazioni-e-visite-guidate\/","og_locale":"it_IT","og_type":"article","og_title":"Sabato 7 ottobre 2023: \"Giornata Nazionale dei Locali Storici d'Italia\" celebrata con degustazioni e visite guidate - Polis SA Magazine","og_description":"Dal Piemonte alla Calabria, dal Veneto alla Puglia, dalla Sicilia alla Toscana, si sono festeggiati il bello e il buono dell'Italia","og_url":"https:\/\/www.istitutogalanteoliva.it\/magazine\/2023\/10\/26\/sabato-7-ottobre-2023-giornata-nazionale-dei-locali-storici-ditalia-celebrata-con-degustazioni-e-visite-guidate\/","og_site_name":"Polis SA Magazine","article_publisher":"https:\/\/www.facebook.com\/PolisSAMagazine\/","article_published_time":"2023-10-26T15:43:25+00:00","article_modified_time":"2023-10-26T15:48:37+00:00","og_image":[{"width":700,"height":380,"url":"https:\/\/www.istitutogalanteoliva.it\/magazine\/wp-content\/uploads\/2023\/10\/2023-CAMPANIA-NA-Caffe-Pasticceria-Fabbrica-Cioccolato-Gay-Odin-1-1280x960-1.jpg","type":"image\/jpeg"}],"author":"Antonello Rivano","twitter_card":"summary_large_image","twitter_creator":"@MagazinePolis","twitter_site":"@MagazinePolis","twitter_misc":{"Scritto da":"Antonello Rivano"},"schema":{"@context":"https:\/\/schema.org","@graph":[{"@type":"Article","@id":"https:\/\/www.istitutogalanteoliva.it\/magazine\/2023\/10\/26\/sabato-7-ottobre-2023-giornata-nazionale-dei-locali-storici-ditalia-celebrata-con-degustazioni-e-visite-guidate\/#article","isPartOf":{"@id":"https:\/\/www.istitutogalanteoliva.it\/magazine\/2023\/10\/26\/sabato-7-ottobre-2023-giornata-nazionale-dei-locali-storici-ditalia-celebrata-con-degustazioni-e-visite-guidate\/"},"author":{"name":"Antonello Rivano","@id":"https:\/\/www.istitutogalanteoliva.it\/magazine\/#\/schema\/person\/d8b8aa79cfe8babc1df9da3212a7c0c4"},"headline":"Sabato 7 ottobre 2023: &#8220;Giornata Nazionale dei Locali Storici d&#8217;Italia&#8221; celebrata con degustazioni e visite guidate","datePublished":"2023-10-26T15:43:25+00:00","dateModified":"2023-10-26T15:48:37+00:00","mainEntityOfPage":{"@id":"https:\/\/www.istitutogalanteoliva.it\/magazine\/2023\/10\/26\/sabato-7-ottobre-2023-giornata-nazionale-dei-locali-storici-ditalia-celebrata-con-degustazioni-e-visite-guidate\/"},"wordCount":4725,"publisher":{"@id":"https:\/\/www.istitutogalanteoliva.it\/magazine\/#organization"},"image":{"@id":"https:\/\/www.istitutogalanteoliva.it\/magazine\/2023\/10\/26\/sabato-7-ottobre-2023-giornata-nazionale-dei-locali-storici-ditalia-celebrata-con-degustazioni-e-visite-guidate\/#primaryimage"},"thumbnailUrl":"https:\/\/www.istitutogalanteoliva.it\/magazine\/wp-content\/uploads\/2023\/10\/2023-CAMPANIA-NA-Caffe-Pasticceria-Fabbrica-Cioccolato-Gay-Odin-1-1280x960-1.jpg","keywords":["Giornata Nazionale dei Locali Storici d&#039;Italia"],"articleSection":["2023","Eventi"],"inLanguage":"it-IT"},{"@type":"WebPage","@id":"https:\/\/www.istitutogalanteoliva.it\/magazine\/2023\/10\/26\/sabato-7-ottobre-2023-giornata-nazionale-dei-locali-storici-ditalia-celebrata-con-degustazioni-e-visite-guidate\/","url":"https:\/\/www.istitutogalanteoliva.it\/magazine\/2023\/10\/26\/sabato-7-ottobre-2023-giornata-nazionale-dei-locali-storici-ditalia-celebrata-con-degustazioni-e-visite-guidate\/","name":"Sabato 7 ottobre 2023: \"Giornata Nazionale dei Locali Storici d'Italia\" celebrata con degustazioni e visite guidate - Polis SA Magazine","isPartOf":{"@id":"https:\/\/www.istitutogalanteoliva.it\/magazine\/#website"},"primaryImageOfPage":{"@id":"https:\/\/www.istitutogalanteoliva.it\/magazine\/2023\/10\/26\/sabato-7-ottobre-2023-giornata-nazionale-dei-locali-storici-ditalia-celebrata-con-degustazioni-e-visite-guidate\/#primaryimage"},"image":{"@id":"https:\/\/www.istitutogalanteoliva.it\/magazine\/2023\/10\/26\/sabato-7-ottobre-2023-giornata-nazionale-dei-locali-storici-ditalia-celebrata-con-degustazioni-e-visite-guidate\/#primaryimage"},"thumbnailUrl":"https:\/\/www.istitutogalanteoliva.it\/magazine\/wp-content\/uploads\/2023\/10\/2023-CAMPANIA-NA-Caffe-Pasticceria-Fabbrica-Cioccolato-Gay-Odin-1-1280x960-1.jpg","datePublished":"2023-10-26T15:43:25+00:00","dateModified":"2023-10-26T15:48:37+00:00","breadcrumb":{"@id":"https:\/\/www.istitutogalanteoliva.it\/magazine\/2023\/10\/26\/sabato-7-ottobre-2023-giornata-nazionale-dei-locali-storici-ditalia-celebrata-con-degustazioni-e-visite-guidate\/#breadcrumb"},"inLanguage":"it-IT","potentialAction":[{"@type":"ReadAction","target":["https:\/\/www.istitutogalanteoliva.it\/magazine\/2023\/10\/26\/sabato-7-ottobre-2023-giornata-nazionale-dei-locali-storici-ditalia-celebrata-con-degustazioni-e-visite-guidate\/"]}]},{"@type":"ImageObject","inLanguage":"it-IT","@id":"https:\/\/www.istitutogalanteoliva.it\/magazine\/2023\/10\/26\/sabato-7-ottobre-2023-giornata-nazionale-dei-locali-storici-ditalia-celebrata-con-degustazioni-e-visite-guidate\/#primaryimage","url":"https:\/\/www.istitutogalanteoliva.it\/magazine\/wp-content\/uploads\/2023\/10\/2023-CAMPANIA-NA-Caffe-Pasticceria-Fabbrica-Cioccolato-Gay-Odin-1-1280x960-1.jpg","contentUrl":"https:\/\/www.istitutogalanteoliva.it\/magazine\/wp-content\/uploads\/2023\/10\/2023-CAMPANIA-NA-Caffe-Pasticceria-Fabbrica-Cioccolato-Gay-Odin-1-1280x960-1.jpg","width":700,"height":380},{"@type":"BreadcrumbList","@id":"https:\/\/www.istitutogalanteoliva.it\/magazine\/2023\/10\/26\/sabato-7-ottobre-2023-giornata-nazionale-dei-locali-storici-ditalia-celebrata-con-degustazioni-e-visite-guidate\/#breadcrumb","itemListElement":[{"@type":"ListItem","position":1,"name":"Home","item":"https:\/\/www.istitutogalanteoliva.it\/magazine\/"},{"@type":"ListItem","position":2,"name":"Sabato 7 ottobre 2023: &#8220;Giornata Nazionale dei Locali Storici d&#8217;Italia&#8221; celebrata con degustazioni e visite guidate"}]},{"@type":"WebSite","@id":"https:\/\/www.istitutogalanteoliva.it\/magazine\/#website","url":"https:\/\/www.istitutogalanteoliva.it\/magazine\/","name":"POLIS SA MAGAZINE","description":"Informazione e approfondimenti","publisher":{"@id":"https:\/\/www.istitutogalanteoliva.it\/magazine\/#organization"},"potentialAction":[{"@type":"SearchAction","target":{"@type":"EntryPoint","urlTemplate":"https:\/\/www.istitutogalanteoliva.it\/magazine\/?s={search_term_string}"},"query-input":{"@type":"PropertyValueSpecification","valueRequired":true,"valueName":"search_term_string"}}],"inLanguage":"it-IT"},{"@type":"Organization","@id":"https:\/\/www.istitutogalanteoliva.it\/magazine\/#organization","name":"Polis SA Magazine","url":"https:\/\/www.istitutogalanteoliva.it\/magazine\/","logo":{"@type":"ImageObject","inLanguage":"it-IT","@id":"https:\/\/www.istitutogalanteoliva.it\/magazine\/#\/schema\/logo\/image\/","url":"","contentUrl":"","caption":"Polis SA Magazine"},"image":{"@id":"https:\/\/www.istitutogalanteoliva.it\/magazine\/#\/schema\/logo\/image\/"},"sameAs":["https:\/\/www.facebook.com\/PolisSAMagazine\/","https:\/\/x.com\/MagazinePolis","https:\/\/www.youtube.com\/channel\/UCv0Mr5AHKUmsc0sEEXkJrgw"]},{"@type":"Person","@id":"https:\/\/www.istitutogalanteoliva.it\/magazine\/#\/schema\/person\/d8b8aa79cfe8babc1df9da3212a7c0c4","name":"Antonello Rivano","image":{"@type":"ImageObject","inLanguage":"it-IT","@id":"https:\/\/www.istitutogalanteoliva.it\/magazine\/#\/schema\/person\/image\/","url":"https:\/\/secure.gravatar.com\/avatar\/517a9a6487a7a18ecc4ce6d2e57a8f40?s=96&d=mm&r=g","contentUrl":"https:\/\/secure.gravatar.com\/avatar\/517a9a6487a7a18ecc4ce6d2e57a8f40?s=96&d=mm&r=g","caption":"Antonello Rivano"},"url":"https:\/\/www.istitutogalanteoliva.it\/magazine\/author\/antonello\/"}]}},"_links":{"self":[{"href":"https:\/\/www.istitutogalanteoliva.it\/magazine\/wp-json\/wp\/v2\/posts\/13945","targetHints":{"allow":["GET"]}}],"collection":[{"href":"https:\/\/www.istitutogalanteoliva.it\/magazine\/wp-json\/wp\/v2\/posts"}],"about":[{"href":"https:\/\/www.istitutogalanteoliva.it\/magazine\/wp-json\/wp\/v2\/types\/post"}],"author":[{"embeddable":true,"href":"https:\/\/www.istitutogalanteoliva.it\/magazine\/wp-json\/wp\/v2\/users\/2"}],"replies":[{"embeddable":true,"href":"https:\/\/www.istitutogalanteoliva.it\/magazine\/wp-json\/wp\/v2\/comments?post=13945"}],"version-history":[{"count":4,"href":"https:\/\/www.istitutogalanteoliva.it\/magazine\/wp-json\/wp\/v2\/posts\/13945\/revisions"}],"predecessor-version":[{"id":13952,"href":"https:\/\/www.istitutogalanteoliva.it\/magazine\/wp-json\/wp\/v2\/posts\/13945\/revisions\/13952"}],"wp:featuredmedia":[{"embeddable":true,"href":"https:\/\/www.istitutogalanteoliva.it\/magazine\/wp-json\/wp\/v2\/media\/13948"}],"wp:attachment":[{"href":"https:\/\/www.istitutogalanteoliva.it\/magazine\/wp-json\/wp\/v2\/media?parent=13945"}],"wp:term":[{"taxonomy":"category","embeddable":true,"href":"https:\/\/www.istitutogalanteoliva.it\/magazine\/wp-json\/wp\/v2\/categories?post=13945"},{"taxonomy":"post_tag","embeddable":true,"href":"https:\/\/www.istitutogalanteoliva.it\/magazine\/wp-json\/wp\/v2\/tags?post=13945"}],"curies":[{"name":"wp","href":"https:\/\/api.w.org\/{rel}","templated":true}]}}