{"id":14025,"date":"2023-11-28T15:28:05","date_gmt":"2023-11-28T14:28:05","guid":{"rendered":"https:\/\/www.istitutogalanteoliva.it\/magazine\/?p=14025"},"modified":"2023-11-28T15:28:07","modified_gmt":"2023-11-28T14:28:07","slug":"coppa-davis-il-cielo-sulla-spagna-oggi-e-piu-azzurro-che-mai","status":"publish","type":"post","link":"https:\/\/www.istitutogalanteoliva.it\/magazine\/2023\/11\/28\/coppa-davis-il-cielo-sulla-spagna-oggi-e-piu-azzurro-che-mai\/","title":{"rendered":"Coppa Davis: il cielo sulla Spagna oggi \u00e8 pi\u00f9 azzurro che mai"},"content":{"rendered":"\n<p><\/p>\n\n\n\n<p>Dopo la vittoria di Pecco Bagnaia del campionato piloti della Moto GP per il secondo anno di fila a Valencia, a pochi chilometri di distanza e poche ore dopo, a Malaga si gioca la finale della Davis Cup, la massima competizione mondiale a squadre nazionali del tennis maschile, dove l\u2019Italia dopo aver battuto la Serbia nelle semifinali, dovr\u00e0 affrontare l\u2019Australia di Lleyton Hewitt. Non \u00e8 servito andare al doppio perch\u00e9, grazie a Matteo Arnaldi che batte in rimonta Popyrin e Jannik Sinner che ha la meglio su De Minaur, l\u2019Italia dopo 47 anni (l\u2019ultima nel lontano 1976 quando a farci sognare furono Panatta-Barazzuti-Barazzutti-Zugarelli, con Pietrangeli capitano) alza al cielo la Davis cup. <\/p>\n\n\n\n<p>Sinner, capace di battere per la seconda volta il n.1 al mondo, Djokovic, e preciso nello scrollarsi di dosso l&#8217;aggressivita&#8217; sottorete di De Minaur, che lo ha messo in difficolta&#8217; solo nei primi games. Finisce in due set, 6-3, 6-0: al terzo match point annullato dal rivale-amico australiano, Sinner fa esplodere l&#8217;esultanza della panchina azzurra, dove accanto al capitano Volandri e tutti i giocatori sedeva anche il grande assente, Matteo Berrettini.<\/p>\n\n\n<div class=\"wp-block-image\">\n<figure class=\"aligncenter size-large is-resized\"><img decoding=\"async\" src=\"https:\/\/www.istitutogalanteoliva.it\/magazine\/wp-content\/uploads\/2023\/11\/coppa-davis-3-1024x423.jpg\" alt=\"\" class=\"wp-image-14027\" width=\"600\" srcset=\"https:\/\/www.istitutogalanteoliva.it\/magazine\/wp-content\/uploads\/2023\/11\/coppa-davis-3-1024x423.jpg 1024w, https:\/\/www.istitutogalanteoliva.it\/magazine\/wp-content\/uploads\/2023\/11\/coppa-davis-3-300x124.jpg 300w, https:\/\/www.istitutogalanteoliva.it\/magazine\/wp-content\/uploads\/2023\/11\/coppa-davis-3-768x317.jpg 768w, https:\/\/www.istitutogalanteoliva.it\/magazine\/wp-content\/uploads\/2023\/11\/coppa-davis-3.jpg 1135w\" sizes=\"(max-width: 1024px) 100vw, 1024px\" \/><\/figure><\/div>\n\n\n<p><\/p>\n\n\n\n<p> Nella serata di Malaga, protagonista anche Matteo Arnaldi, che non delude e vince il primo, cruciale, singolare battendo Popyrin 7-5 2-6 6-4 dopo aver mancato tre set point prima di chiudere il primo set e salvato otto palle break nel terzo. E quindi l\u2019Italia torna a trionfare in una competizione come questa, di alto valore. Con dei ragazzi che hanno dimostrato tanta forza e capacit\u00e0 e lo vediamo col nostro trascinatore Sinner, n.4 al mondo, proiettato nel diventare anche il numero 1. <\/p>\n\n\n<div class=\"wp-block-image\">\n<figure class=\"aligncenter size-large is-resized\"><img loading=\"lazy\" decoding=\"async\" src=\"https:\/\/www.istitutogalanteoliva.it\/magazine\/wp-content\/uploads\/2023\/11\/coppa-davis-2-1024x682.jpg\" alt=\"\" class=\"wp-image-14026\" width=\"600\" height=\"380\"\/><\/figure><\/div>\n\n\n<p>Ed \u00e8 grazie a questi trionfi, a queste partite mozzafiato, che non riusciamo neanche per un secondo a togliere l\u2019occhio dallo schermo perch\u00e9 anche il tennis italiano pu\u00f2 essere importante e bello da vedere, pu\u00f2 ritornare a far ispirare i pi\u00f9 piccoli. Uno sport che, in Italia, viene molto sottovalutato. Ma che forse, con la finale giocata da Jannik delle Word Tours Finals persa contro Djokovic, ma comunque fino a quel momento dominata, con il trionfo nella Davis Cup, pu\u00f2 tornare a essere ritenuto uno sport dove siamo davvero forti. Dove l\u2019azzurro pu\u00f2 riiniziare, anche qui, a dipingere tante competizioni. \u201cQuesta coppa \u00e8 per tutti voi\u201d come dice Sinner nel post match, questa coppa \u00e8 per la nostra nazione che sta tornando grande.<\/p>\n\n\n\n<p><img loading=\"lazy\" decoding=\"async\" width=\"100\" height=\"100\" class=\"wp-image-12176\" style=\"width: 100px;\" src=\"https:\/\/www.istitutogalanteoliva.it\/magazine\/wp-content\/uploads\/2022\/06\/Senza-titolo-3.png\" alt=\"\" srcset=\"https:\/\/www.istitutogalanteoliva.it\/magazine\/wp-content\/uploads\/2022\/06\/Senza-titolo-3.png 612w, https:\/\/www.istitutogalanteoliva.it\/magazine\/wp-content\/uploads\/2022\/06\/Senza-titolo-3-300x300.png 300w, https:\/\/www.istitutogalanteoliva.it\/magazine\/wp-content\/uploads\/2022\/06\/Senza-titolo-3-150x150.png 150w\" sizes=\"auto, (max-width: 100px) 100vw, 100px\" \/><strong><em><a href=\"https:\/\/www.istitutogalanteoliva.it\/magazine\/?s=flavio+pezzella+\" target=\"_blank\" rel=\"noreferrer noopener\">Flavio Pezzella<\/a><\/em><\/strong><\/p>\n<div class=\"pdfprnt-buttons pdfprnt-buttons-post pdfprnt-bottom-left\"><a href=\"https:\/\/www.istitutogalanteoliva.it\/magazine\/wp-json\/wp\/v2\/posts\/14025?print=print\" class=\"pdfprnt-button pdfprnt-button-print\" target=\"_blank\"><img decoding=\"async\" src=\"https:\/\/www.istitutogalanteoliva.it\/magazine\/wp-content\/plugins\/pdf-print\/images\/print.png\" alt=\"image_print\" title=\"Stampa contenuto\" \/><span class=\"pdfprnt-button-title pdfprnt-button-print-title\">Download in PDF<\/span><\/a><\/div>","protected":false},"excerpt":{"rendered":"<p>Trionfo dell\u2019Italia in Coppa Davis 2023: la Nazionale maschile di Tennis batte in finale l\u2019Australia. E\u2019 il secondo titolo conquistato 47 anni dopo la vittoria del 1976.<\/p>\n","protected":false},"author":2,"featured_media":14028,"comment_status":"closed","ping_status":"open","sticky":true,"template":"","format":"standard","meta":{"footnotes":""},"categories":[731,32],"tags":[851,849,109,848,847,850],"class_list":["post-14025","post","type-post","status-publish","format-standard","has-post-thumbnail","hentry","category-731","category-sport","tag-australia","tag-coppa-davis","tag-italia","tag-jannik-sinner","tag-matteo-arnaldi","tag-spagna"],"yoast_head":"<!-- This site is optimized with the Yoast SEO plugin v24.2 - https:\/\/yoast.com\/wordpress\/plugins\/seo\/ -->\n<title>Coppa Davis: il cielo sulla Spagna oggi \u00e8 pi\u00f9 azzurro che mai - Polis SA Magazine<\/title>\n<meta name=\"robots\" content=\"index, follow, max-snippet:-1, max-image-preview:large, max-video-preview:-1\" \/>\n<link rel=\"canonical\" href=\"https:\/\/www.istitutogalanteoliva.it\/magazine\/2023\/11\/28\/coppa-davis-il-cielo-sulla-spagna-oggi-e-piu-azzurro-che-mai\/\" \/>\n<meta property=\"og:locale\" content=\"it_IT\" \/>\n<meta property=\"og:type\" content=\"article\" \/>\n<meta property=\"og:title\" content=\"Coppa Davis: il cielo sulla Spagna oggi \u00e8 pi\u00f9 azzurro che mai - Polis SA Magazine\" \/>\n<meta property=\"og:description\" content=\"Trionfo dell\u2019Italia in Coppa Davis 2023: la Nazionale maschile di Tennis batte in finale l\u2019Australia. E\u2019 il secondo titolo conquistato 47 anni dopo la vittoria del 1976.\" \/>\n<meta property=\"og:url\" content=\"https:\/\/www.istitutogalanteoliva.it\/magazine\/2023\/11\/28\/coppa-davis-il-cielo-sulla-spagna-oggi-e-piu-azzurro-che-mai\/\" \/>\n<meta property=\"og:site_name\" content=\"Polis SA Magazine\" \/>\n<meta property=\"article:publisher\" content=\"https:\/\/www.facebook.com\/PolisSAMagazine\/\" \/>\n<meta property=\"article:published_time\" content=\"2023-11-28T14:28:05+00:00\" \/>\n<meta property=\"article:modified_time\" content=\"2023-11-28T14:28:07+00:00\" \/>\n<meta property=\"og:image\" content=\"https:\/\/www.istitutogalanteoliva.it\/magazine\/wp-content\/uploads\/2023\/11\/coppa-davis-2023.jpeg\" \/>\n\t<meta property=\"og:image:width\" content=\"700\" \/>\n\t<meta property=\"og:image:height\" content=\"380\" \/>\n\t<meta property=\"og:image:type\" content=\"image\/jpeg\" \/>\n<meta name=\"author\" content=\"Antonello Rivano\" \/>\n<meta name=\"twitter:card\" content=\"summary_large_image\" \/>\n<meta name=\"twitter:creator\" content=\"@MagazinePolis\" \/>\n<meta name=\"twitter:site\" content=\"@MagazinePolis\" \/>\n<meta name=\"twitter:label1\" content=\"Scritto da\" \/>\n\t<meta name=\"twitter:data1\" content=\"Antonello Rivano\" \/>\n\t<meta name=\"twitter:label2\" content=\"Tempo di lettura stimato\" \/>\n\t<meta name=\"twitter:data2\" content=\"3 minuti\" \/>\n<script type=\"application\/ld+json\" class=\"yoast-schema-graph\">{\"@context\":\"https:\/\/schema.org\",\"@graph\":[{\"@type\":\"Article\",\"@id\":\"https:\/\/www.istitutogalanteoliva.it\/magazine\/2023\/11\/28\/coppa-davis-il-cielo-sulla-spagna-oggi-e-piu-azzurro-che-mai\/#article\",\"isPartOf\":{\"@id\":\"https:\/\/www.istitutogalanteoliva.it\/magazine\/2023\/11\/28\/coppa-davis-il-cielo-sulla-spagna-oggi-e-piu-azzurro-che-mai\/\"},\"author\":{\"name\":\"Antonello Rivano\",\"@id\":\"https:\/\/www.istitutogalanteoliva.it\/magazine\/#\/schema\/person\/d8b8aa79cfe8babc1df9da3212a7c0c4\"},\"headline\":\"Coppa Davis: il cielo sulla Spagna oggi \u00e8 pi\u00f9 azzurro che mai\",\"datePublished\":\"2023-11-28T14:28:05+00:00\",\"dateModified\":\"2023-11-28T14:28:07+00:00\",\"mainEntityOfPage\":{\"@id\":\"https:\/\/www.istitutogalanteoliva.it\/magazine\/2023\/11\/28\/coppa-davis-il-cielo-sulla-spagna-oggi-e-piu-azzurro-che-mai\/\"},\"wordCount\":399,\"publisher\":{\"@id\":\"https:\/\/www.istitutogalanteoliva.it\/magazine\/#organization\"},\"image\":{\"@id\":\"https:\/\/www.istitutogalanteoliva.it\/magazine\/2023\/11\/28\/coppa-davis-il-cielo-sulla-spagna-oggi-e-piu-azzurro-che-mai\/#primaryimage\"},\"thumbnailUrl\":\"https:\/\/www.istitutogalanteoliva.it\/magazine\/wp-content\/uploads\/2023\/11\/coppa-davis-2023.jpeg\",\"keywords\":[\"Australia\",\"Coppa Davis\",\"italia\",\"Jannik Sinner\",\"Matteo Arnaldi\",\"Spagna\"],\"articleSection\":[\"2023\",\"Sport\"],\"inLanguage\":\"it-IT\"},{\"@type\":\"WebPage\",\"@id\":\"https:\/\/www.istitutogalanteoliva.it\/magazine\/2023\/11\/28\/coppa-davis-il-cielo-sulla-spagna-oggi-e-piu-azzurro-che-mai\/\",\"url\":\"https:\/\/www.istitutogalanteoliva.it\/magazine\/2023\/11\/28\/coppa-davis-il-cielo-sulla-spagna-oggi-e-piu-azzurro-che-mai\/\",\"name\":\"Coppa Davis: il cielo sulla Spagna oggi \u00e8 pi\u00f9 azzurro che mai - Polis SA Magazine\",\"isPartOf\":{\"@id\":\"https:\/\/www.istitutogalanteoliva.it\/magazine\/#website\"},\"primaryImageOfPage\":{\"@id\":\"https:\/\/www.istitutogalanteoliva.it\/magazine\/2023\/11\/28\/coppa-davis-il-cielo-sulla-spagna-oggi-e-piu-azzurro-che-mai\/#primaryimage\"},\"image\":{\"@id\":\"https:\/\/www.istitutogalanteoliva.it\/magazine\/2023\/11\/28\/coppa-davis-il-cielo-sulla-spagna-oggi-e-piu-azzurro-che-mai\/#primaryimage\"},\"thumbnailUrl\":\"https:\/\/www.istitutogalanteoliva.it\/magazine\/wp-content\/uploads\/2023\/11\/coppa-davis-2023.jpeg\",\"datePublished\":\"2023-11-28T14:28:05+00:00\",\"dateModified\":\"2023-11-28T14:28:07+00:00\",\"breadcrumb\":{\"@id\":\"https:\/\/www.istitutogalanteoliva.it\/magazine\/2023\/11\/28\/coppa-davis-il-cielo-sulla-spagna-oggi-e-piu-azzurro-che-mai\/#breadcrumb\"},\"inLanguage\":\"it-IT\",\"potentialAction\":[{\"@type\":\"ReadAction\",\"target\":[\"https:\/\/www.istitutogalanteoliva.it\/magazine\/2023\/11\/28\/coppa-davis-il-cielo-sulla-spagna-oggi-e-piu-azzurro-che-mai\/\"]}]},{\"@type\":\"ImageObject\",\"inLanguage\":\"it-IT\",\"@id\":\"https:\/\/www.istitutogalanteoliva.it\/magazine\/2023\/11\/28\/coppa-davis-il-cielo-sulla-spagna-oggi-e-piu-azzurro-che-mai\/#primaryimage\",\"url\":\"https:\/\/www.istitutogalanteoliva.it\/magazine\/wp-content\/uploads\/2023\/11\/coppa-davis-2023.jpeg\",\"contentUrl\":\"https:\/\/www.istitutogalanteoliva.it\/magazine\/wp-content\/uploads\/2023\/11\/coppa-davis-2023.jpeg\",\"width\":700,\"height\":380},{\"@type\":\"BreadcrumbList\",\"@id\":\"https:\/\/www.istitutogalanteoliva.it\/magazine\/2023\/11\/28\/coppa-davis-il-cielo-sulla-spagna-oggi-e-piu-azzurro-che-mai\/#breadcrumb\",\"itemListElement\":[{\"@type\":\"ListItem\",\"position\":1,\"name\":\"Home\",\"item\":\"https:\/\/www.istitutogalanteoliva.it\/magazine\/\"},{\"@type\":\"ListItem\",\"position\":2,\"name\":\"Coppa Davis: il cielo sulla Spagna oggi \u00e8 pi\u00f9 azzurro che mai\"}]},{\"@type\":\"WebSite\",\"@id\":\"https:\/\/www.istitutogalanteoliva.it\/magazine\/#website\",\"url\":\"https:\/\/www.istitutogalanteoliva.it\/magazine\/\",\"name\":\"POLIS SA MAGAZINE\",\"description\":\"Informazione e approfondimenti\",\"publisher\":{\"@id\":\"https:\/\/www.istitutogalanteoliva.it\/magazine\/#organization\"},\"potentialAction\":[{\"@type\":\"SearchAction\",\"target\":{\"@type\":\"EntryPoint\",\"urlTemplate\":\"https:\/\/www.istitutogalanteoliva.it\/magazine\/?s={search_term_string}\"},\"query-input\":{\"@type\":\"PropertyValueSpecification\",\"valueRequired\":true,\"valueName\":\"search_term_string\"}}],\"inLanguage\":\"it-IT\"},{\"@type\":\"Organization\",\"@id\":\"https:\/\/www.istitutogalanteoliva.it\/magazine\/#organization\",\"name\":\"Polis SA Magazine\",\"url\":\"https:\/\/www.istitutogalanteoliva.it\/magazine\/\",\"logo\":{\"@type\":\"ImageObject\",\"inLanguage\":\"it-IT\",\"@id\":\"https:\/\/www.istitutogalanteoliva.it\/magazine\/#\/schema\/logo\/image\/\",\"url\":\"\",\"contentUrl\":\"\",\"caption\":\"Polis SA Magazine\"},\"image\":{\"@id\":\"https:\/\/www.istitutogalanteoliva.it\/magazine\/#\/schema\/logo\/image\/\"},\"sameAs\":[\"https:\/\/www.facebook.com\/PolisSAMagazine\/\",\"https:\/\/x.com\/MagazinePolis\",\"https:\/\/www.youtube.com\/channel\/UCv0Mr5AHKUmsc0sEEXkJrgw\"]},{\"@type\":\"Person\",\"@id\":\"https:\/\/www.istitutogalanteoliva.it\/magazine\/#\/schema\/person\/d8b8aa79cfe8babc1df9da3212a7c0c4\",\"name\":\"Antonello Rivano\",\"image\":{\"@type\":\"ImageObject\",\"inLanguage\":\"it-IT\",\"@id\":\"https:\/\/www.istitutogalanteoliva.it\/magazine\/#\/schema\/person\/image\/\",\"url\":\"https:\/\/secure.gravatar.com\/avatar\/517a9a6487a7a18ecc4ce6d2e57a8f40?s=96&d=mm&r=g\",\"contentUrl\":\"https:\/\/secure.gravatar.com\/avatar\/517a9a6487a7a18ecc4ce6d2e57a8f40?s=96&d=mm&r=g\",\"caption\":\"Antonello Rivano\"},\"url\":\"https:\/\/www.istitutogalanteoliva.it\/magazine\/author\/antonello\/\"}]}<\/script>\n<!-- \/ Yoast SEO plugin. -->","yoast_head_json":{"title":"Coppa Davis: il cielo sulla Spagna oggi \u00e8 pi\u00f9 azzurro che mai - Polis SA Magazine","robots":{"index":"index","follow":"follow","max-snippet":"max-snippet:-1","max-image-preview":"max-image-preview:large","max-video-preview":"max-video-preview:-1"},"canonical":"https:\/\/www.istitutogalanteoliva.it\/magazine\/2023\/11\/28\/coppa-davis-il-cielo-sulla-spagna-oggi-e-piu-azzurro-che-mai\/","og_locale":"it_IT","og_type":"article","og_title":"Coppa Davis: il cielo sulla Spagna oggi \u00e8 pi\u00f9 azzurro che mai - Polis SA Magazine","og_description":"Trionfo dell\u2019Italia in Coppa Davis 2023: la Nazionale maschile di Tennis batte in finale l\u2019Australia. E\u2019 il secondo titolo conquistato 47 anni dopo la vittoria del 1976.","og_url":"https:\/\/www.istitutogalanteoliva.it\/magazine\/2023\/11\/28\/coppa-davis-il-cielo-sulla-spagna-oggi-e-piu-azzurro-che-mai\/","og_site_name":"Polis SA Magazine","article_publisher":"https:\/\/www.facebook.com\/PolisSAMagazine\/","article_published_time":"2023-11-28T14:28:05+00:00","article_modified_time":"2023-11-28T14:28:07+00:00","og_image":[{"width":700,"height":380,"url":"https:\/\/www.istitutogalanteoliva.it\/magazine\/wp-content\/uploads\/2023\/11\/coppa-davis-2023.jpeg","type":"image\/jpeg"}],"author":"Antonello Rivano","twitter_card":"summary_large_image","twitter_creator":"@MagazinePolis","twitter_site":"@MagazinePolis","twitter_misc":{"Scritto da":"Antonello Rivano","Tempo di lettura stimato":"3 minuti"},"schema":{"@context":"https:\/\/schema.org","@graph":[{"@type":"Article","@id":"https:\/\/www.istitutogalanteoliva.it\/magazine\/2023\/11\/28\/coppa-davis-il-cielo-sulla-spagna-oggi-e-piu-azzurro-che-mai\/#article","isPartOf":{"@id":"https:\/\/www.istitutogalanteoliva.it\/magazine\/2023\/11\/28\/coppa-davis-il-cielo-sulla-spagna-oggi-e-piu-azzurro-che-mai\/"},"author":{"name":"Antonello Rivano","@id":"https:\/\/www.istitutogalanteoliva.it\/magazine\/#\/schema\/person\/d8b8aa79cfe8babc1df9da3212a7c0c4"},"headline":"Coppa Davis: il cielo sulla Spagna oggi \u00e8 pi\u00f9 azzurro che mai","datePublished":"2023-11-28T14:28:05+00:00","dateModified":"2023-11-28T14:28:07+00:00","mainEntityOfPage":{"@id":"https:\/\/www.istitutogalanteoliva.it\/magazine\/2023\/11\/28\/coppa-davis-il-cielo-sulla-spagna-oggi-e-piu-azzurro-che-mai\/"},"wordCount":399,"publisher":{"@id":"https:\/\/www.istitutogalanteoliva.it\/magazine\/#organization"},"image":{"@id":"https:\/\/www.istitutogalanteoliva.it\/magazine\/2023\/11\/28\/coppa-davis-il-cielo-sulla-spagna-oggi-e-piu-azzurro-che-mai\/#primaryimage"},"thumbnailUrl":"https:\/\/www.istitutogalanteoliva.it\/magazine\/wp-content\/uploads\/2023\/11\/coppa-davis-2023.jpeg","keywords":["Australia","Coppa Davis","italia","Jannik Sinner","Matteo Arnaldi","Spagna"],"articleSection":["2023","Sport"],"inLanguage":"it-IT"},{"@type":"WebPage","@id":"https:\/\/www.istitutogalanteoliva.it\/magazine\/2023\/11\/28\/coppa-davis-il-cielo-sulla-spagna-oggi-e-piu-azzurro-che-mai\/","url":"https:\/\/www.istitutogalanteoliva.it\/magazine\/2023\/11\/28\/coppa-davis-il-cielo-sulla-spagna-oggi-e-piu-azzurro-che-mai\/","name":"Coppa Davis: il cielo sulla Spagna oggi \u00e8 pi\u00f9 azzurro che mai - Polis SA Magazine","isPartOf":{"@id":"https:\/\/www.istitutogalanteoliva.it\/magazine\/#website"},"primaryImageOfPage":{"@id":"https:\/\/www.istitutogalanteoliva.it\/magazine\/2023\/11\/28\/coppa-davis-il-cielo-sulla-spagna-oggi-e-piu-azzurro-che-mai\/#primaryimage"},"image":{"@id":"https:\/\/www.istitutogalanteoliva.it\/magazine\/2023\/11\/28\/coppa-davis-il-cielo-sulla-spagna-oggi-e-piu-azzurro-che-mai\/#primaryimage"},"thumbnailUrl":"https:\/\/www.istitutogalanteoliva.it\/magazine\/wp-content\/uploads\/2023\/11\/coppa-davis-2023.jpeg","datePublished":"2023-11-28T14:28:05+00:00","dateModified":"2023-11-28T14:28:07+00:00","breadcrumb":{"@id":"https:\/\/www.istitutogalanteoliva.it\/magazine\/2023\/11\/28\/coppa-davis-il-cielo-sulla-spagna-oggi-e-piu-azzurro-che-mai\/#breadcrumb"},"inLanguage":"it-IT","potentialAction":[{"@type":"ReadAction","target":["https:\/\/www.istitutogalanteoliva.it\/magazine\/2023\/11\/28\/coppa-davis-il-cielo-sulla-spagna-oggi-e-piu-azzurro-che-mai\/"]}]},{"@type":"ImageObject","inLanguage":"it-IT","@id":"https:\/\/www.istitutogalanteoliva.it\/magazine\/2023\/11\/28\/coppa-davis-il-cielo-sulla-spagna-oggi-e-piu-azzurro-che-mai\/#primaryimage","url":"https:\/\/www.istitutogalanteoliva.it\/magazine\/wp-content\/uploads\/2023\/11\/coppa-davis-2023.jpeg","contentUrl":"https:\/\/www.istitutogalanteoliva.it\/magazine\/wp-content\/uploads\/2023\/11\/coppa-davis-2023.jpeg","width":700,"height":380},{"@type":"BreadcrumbList","@id":"https:\/\/www.istitutogalanteoliva.it\/magazine\/2023\/11\/28\/coppa-davis-il-cielo-sulla-spagna-oggi-e-piu-azzurro-che-mai\/#breadcrumb","itemListElement":[{"@type":"ListItem","position":1,"name":"Home","item":"https:\/\/www.istitutogalanteoliva.it\/magazine\/"},{"@type":"ListItem","position":2,"name":"Coppa Davis: il cielo sulla Spagna oggi \u00e8 pi\u00f9 azzurro che mai"}]},{"@type":"WebSite","@id":"https:\/\/www.istitutogalanteoliva.it\/magazine\/#website","url":"https:\/\/www.istitutogalanteoliva.it\/magazine\/","name":"POLIS SA MAGAZINE","description":"Informazione e approfondimenti","publisher":{"@id":"https:\/\/www.istitutogalanteoliva.it\/magazine\/#organization"},"potentialAction":[{"@type":"SearchAction","target":{"@type":"EntryPoint","urlTemplate":"https:\/\/www.istitutogalanteoliva.it\/magazine\/?s={search_term_string}"},"query-input":{"@type":"PropertyValueSpecification","valueRequired":true,"valueName":"search_term_string"}}],"inLanguage":"it-IT"},{"@type":"Organization","@id":"https:\/\/www.istitutogalanteoliva.it\/magazine\/#organization","name":"Polis SA Magazine","url":"https:\/\/www.istitutogalanteoliva.it\/magazine\/","logo":{"@type":"ImageObject","inLanguage":"it-IT","@id":"https:\/\/www.istitutogalanteoliva.it\/magazine\/#\/schema\/logo\/image\/","url":"","contentUrl":"","caption":"Polis SA Magazine"},"image":{"@id":"https:\/\/www.istitutogalanteoliva.it\/magazine\/#\/schema\/logo\/image\/"},"sameAs":["https:\/\/www.facebook.com\/PolisSAMagazine\/","https:\/\/x.com\/MagazinePolis","https:\/\/www.youtube.com\/channel\/UCv0Mr5AHKUmsc0sEEXkJrgw"]},{"@type":"Person","@id":"https:\/\/www.istitutogalanteoliva.it\/magazine\/#\/schema\/person\/d8b8aa79cfe8babc1df9da3212a7c0c4","name":"Antonello Rivano","image":{"@type":"ImageObject","inLanguage":"it-IT","@id":"https:\/\/www.istitutogalanteoliva.it\/magazine\/#\/schema\/person\/image\/","url":"https:\/\/secure.gravatar.com\/avatar\/517a9a6487a7a18ecc4ce6d2e57a8f40?s=96&d=mm&r=g","contentUrl":"https:\/\/secure.gravatar.com\/avatar\/517a9a6487a7a18ecc4ce6d2e57a8f40?s=96&d=mm&r=g","caption":"Antonello Rivano"},"url":"https:\/\/www.istitutogalanteoliva.it\/magazine\/author\/antonello\/"}]}},"_links":{"self":[{"href":"https:\/\/www.istitutogalanteoliva.it\/magazine\/wp-json\/wp\/v2\/posts\/14025","targetHints":{"allow":["GET"]}}],"collection":[{"href":"https:\/\/www.istitutogalanteoliva.it\/magazine\/wp-json\/wp\/v2\/posts"}],"about":[{"href":"https:\/\/www.istitutogalanteoliva.it\/magazine\/wp-json\/wp\/v2\/types\/post"}],"author":[{"embeddable":true,"href":"https:\/\/www.istitutogalanteoliva.it\/magazine\/wp-json\/wp\/v2\/users\/2"}],"replies":[{"embeddable":true,"href":"https:\/\/www.istitutogalanteoliva.it\/magazine\/wp-json\/wp\/v2\/comments?post=14025"}],"version-history":[{"count":1,"href":"https:\/\/www.istitutogalanteoliva.it\/magazine\/wp-json\/wp\/v2\/posts\/14025\/revisions"}],"predecessor-version":[{"id":14029,"href":"https:\/\/www.istitutogalanteoliva.it\/magazine\/wp-json\/wp\/v2\/posts\/14025\/revisions\/14029"}],"wp:featuredmedia":[{"embeddable":true,"href":"https:\/\/www.istitutogalanteoliva.it\/magazine\/wp-json\/wp\/v2\/media\/14028"}],"wp:attachment":[{"href":"https:\/\/www.istitutogalanteoliva.it\/magazine\/wp-json\/wp\/v2\/media?parent=14025"}],"wp:term":[{"taxonomy":"category","embeddable":true,"href":"https:\/\/www.istitutogalanteoliva.it\/magazine\/wp-json\/wp\/v2\/categories?post=14025"},{"taxonomy":"post_tag","embeddable":true,"href":"https:\/\/www.istitutogalanteoliva.it\/magazine\/wp-json\/wp\/v2\/tags?post=14025"}],"curies":[{"name":"wp","href":"https:\/\/api.w.org\/{rel}","templated":true}]}}