{"id":14051,"date":"2023-12-06T10:32:04","date_gmt":"2023-12-06T09:32:04","guid":{"rendered":"https:\/\/www.istitutogalanteoliva.it\/magazine\/?p=14051"},"modified":"2023-12-06T10:38:18","modified_gmt":"2023-12-06T09:38:18","slug":"tragedia-e-speranza-il-discorso-di-giulio-cecchettin-ai-funerali-della-figlia-giulia","status":"publish","type":"post","link":"https:\/\/www.istitutogalanteoliva.it\/magazine\/2023\/12\/06\/tragedia-e-speranza-il-discorso-di-giulio-cecchettin-ai-funerali-della-figlia-giulia\/","title":{"rendered":"Tragedia e Speranza: Il discorso di Giulio Cecchettin ai Funerali della Figlia Giulia"},"content":{"rendered":"\n<p>Di Antonello Rivano<\/p>\n\n\n\n<p>Riporto le parole di un&#8217;amica scrittrice e giornalista, <strong>Lea Melandri,<\/strong> da sempre impegnata nella lotta per la parit\u00e0 di genere, riguardo al discorso del padre di Giulia.<br>&#8220;<em>Che sia un padre a cui \u00e8 stata ammazzata la figlia a pronunciare il discorso pi\u00f9 sentito e sorprendente sul significato culturale e politico della violenza maschile contro le donne, segna decisamente una svolta della coscienza storica per quanto riguarda il rapporto di potere tra i sessi e la necessit\u00e0 che siano finalmente gli uomini a riconoscere che &#8220;li riguarda<\/em>&#8220;.<br>In effetti le parole pronunciate da Giulio Cecchetin durante i funerali della figlia Giulia sono da considerarsi per molti versi esemplari.<br>l&#8217;uomo ha espresso gratitudine per il sostegno ricevuto dalla comunit\u00e0. Ha descritto Giulia come una giovane donna allegra e desiderosa di apprendere, che dopo la perdita della madre ha abbracciato il ruolo di mamma con dedizione. Rivolgendosi agli uomini, ha invitato a essere agenti di cambiamento contro la violenza di genere e a insegnare il rispetto per la sacralit\u00e0 dell&#8217;altro. Ha sottolineato la necessit\u00e0 di trasformare la tragedia in un catalizzatore per il cambiamento sociale, affrontando la violenza sulle donne. Giulio ha anche criticato la dipendenza dalla tecnologia, promuovendo l&#8217;importanza della connessione umana autentica. Il discorso si \u00e8 concluso con un addio commovente a Giulia e la speranza che il dolore attuale possa generare frutti di amore, perdono e pace nelle loro vite. Crediamo che la forza di quelle parole sia tale che nessun ulteriore  commento sia sufficiente a descriverle, \u00e8 per questo che riportiamo integralmente l&#8217;intero discorso:<br><\/p>\n\n\n\n<p>&#8220;<em>Abbiamo vissuto un momento di profonda angoscia, ci ha travolto una tempesta terribile. Ci siamo bagnati e infreddoliti, ma ringrazio tutti quelli che si sono stretti attorno a noi. Il vostro sostengo \u00e8 quello di cui avevamo bisogno in queste settimane terribile. Grazie al vescovo, alle forze dell&#8217;ordine e a tutte le istituzioni. Giulia era come l&#8217;avete conosciuta, allegra e felice, una giovane donna, mai sazia di imparare. Dopo la perdita della mamma ha abbracciato la famiglia, lei si \u00e8 guadagnata anche il titolo di mamma. Era gi\u00e0 una combattente, tenace nei momenti di difficolt\u00e0 e il suo spirito indomito ha ispirato. Ci sono tante responsabilit\u00e0, ma quella educativa ci coinvolge tutti. Mi rivolgo prima agli uomini: parliamo agli altri maschi, per primi dobbiamo dimostrare di essere agenti di cambiamento, contro la violenza di genere. Non giriamo la testa di fronte a determinati gesti, anche i pi\u00f9 lievi. Insegniamo ai nostri figli ad accettare anche le sconfitte, facciamo in modo che tutti rispettino la sacralit\u00e0 dell&#8217;altro&#8221; Dobbiamo trasformare la tragedia in una spinta per il cambiamento. La vita di Giulia \u00e8 stata sottratta in maniera crudele, ma la sua morte pu\u00f2 e deve essere il punto di svolta per mettere fine alla terribile piaga della violenza sulle donne. Viviamo in un&#8217;epoca in cui la tecnologia ci priva del contatto dell&#8217;altro: \u00e8 importante la connessione umana autentica, perch\u00e9 questa mancanza pu\u00f2 portare a decisione tragiche. I giovani devono imparare a comunicare. La scuola ha un ruolo fondamentale. Bisogna investire in programmi educativi per imparare ad affrontare le difficolt\u00e0 senza ricorrere alla violenza. Io ti amo tanto, e anche Elena e Davide di adorano. Io non so pregare, ma so sperare. Voglio sperare insieme a te a alla mamma, e a tutti voi qui presenti, che tuita questa pioggia di dolore fecondi il terreno delle nostre vite, e un giorno possa germogliare, e produca il suo frutto di amore, di perdono, e di pace. Addio Giulia, amore mio. Grazie per questi 22 anni&#8221;. <\/em><br><\/p>\n\n\n\n<p class=\"has-text-align-left\"><img loading=\"lazy\" decoding=\"async\" width=\"80\" height=\"80\" class=\"wp-image-15584\" style=\"width: 80px;\" src=\"https:\/\/www.istitutogalanteoliva.it\/magazine\/wp-content\/uploads\/2024\/08\/anto.png\" alt=\"\" srcset=\"https:\/\/www.istitutogalanteoliva.it\/magazine\/wp-content\/uploads\/2024\/08\/anto.png 247w, https:\/\/www.istitutogalanteoliva.it\/magazine\/wp-content\/uploads\/2024\/08\/anto-150x150.png 150w\" sizes=\"auto, (max-width: 80px) 100vw, 80px\" \/><em><mark style=\"background-color:rgba(0, 0, 0, 0)\" class=\"has-inline-color has-black-color\"><strong><a href=\"https:\/\/www.istitutogalanteoliva\/antonello-rivano-2\/\">Antonello Rivano<\/a><\/strong><\/mark><\/em><br><sup><strong>Direttore di redazione\/coordinatore nazionale<\/strong> <strong><em>Polis SA Magazine<\/em><\/strong><\/sup><br><\/p>\n<div class=\"pdfprnt-buttons pdfprnt-buttons-post pdfprnt-bottom-left\"><a href=\"https:\/\/www.istitutogalanteoliva.it\/magazine\/wp-json\/wp\/v2\/posts\/14051?print=print\" class=\"pdfprnt-button pdfprnt-button-print\" target=\"_blank\"><img decoding=\"async\" src=\"https:\/\/www.istitutogalanteoliva.it\/magazine\/wp-content\/plugins\/pdf-print\/images\/print.png\" alt=\"image_print\" title=\"Stampa contenuto\" \/><span class=\"pdfprnt-button-title pdfprnt-button-print-title\">Download in PDF<\/span><\/a><\/div>","protected":false},"excerpt":{"rendered":"<p>Un appello alla trasformazione sociale e alla connessione umana<\/p>\n","protected":false},"author":2,"featured_media":14053,"comment_status":"closed","ping_status":"open","sticky":true,"template":"","format":"standard","meta":{"footnotes":""},"categories":[731,254,22],"tags":[856,855,857],"class_list":["post-14051","post","type-post","status-publish","format-standard","has-post-thumbnail","hentry","category-731","category-attualita","category-societa","tag-femminicidio","tag-giulia-cecchetin","tag-padre"],"yoast_head":"<!-- This site is optimized with the Yoast SEO plugin v24.2 - https:\/\/yoast.com\/wordpress\/plugins\/seo\/ -->\n<title>Tragedia e Speranza: Il discorso di Giulio Cecchettin ai Funerali della Figlia Giulia - Polis SA Magazine<\/title>\n<meta name=\"robots\" content=\"index, follow, max-snippet:-1, max-image-preview:large, max-video-preview:-1\" \/>\n<link rel=\"canonical\" href=\"https:\/\/www.istitutogalanteoliva.it\/magazine\/2023\/12\/06\/tragedia-e-speranza-il-discorso-di-giulio-cecchettin-ai-funerali-della-figlia-giulia\/\" \/>\n<meta property=\"og:locale\" content=\"it_IT\" \/>\n<meta property=\"og:type\" content=\"article\" \/>\n<meta property=\"og:title\" content=\"Tragedia e Speranza: Il discorso di Giulio Cecchettin ai Funerali della Figlia Giulia - Polis SA Magazine\" \/>\n<meta property=\"og:description\" content=\"Un appello alla trasformazione sociale e alla connessione umana\" \/>\n<meta property=\"og:url\" content=\"https:\/\/www.istitutogalanteoliva.it\/magazine\/2023\/12\/06\/tragedia-e-speranza-il-discorso-di-giulio-cecchettin-ai-funerali-della-figlia-giulia\/\" \/>\n<meta property=\"og:site_name\" content=\"Polis SA Magazine\" \/>\n<meta property=\"article:publisher\" content=\"https:\/\/www.facebook.com\/PolisSAMagazine\/\" \/>\n<meta property=\"article:published_time\" content=\"2023-12-06T09:32:04+00:00\" \/>\n<meta property=\"article:modified_time\" content=\"2023-12-06T09:38:18+00:00\" \/>\n<meta property=\"og:image\" content=\"https:\/\/www.istitutogalanteoliva.it\/magazine\/wp-content\/uploads\/2023\/12\/funerali_cecchettin-690x362-1.jpg\" \/>\n\t<meta property=\"og:image:width\" content=\"700\" \/>\n\t<meta property=\"og:image:height\" content=\"380\" \/>\n\t<meta property=\"og:image:type\" content=\"image\/jpeg\" \/>\n<meta name=\"author\" content=\"Antonello Rivano\" \/>\n<meta name=\"twitter:card\" content=\"summary_large_image\" \/>\n<meta name=\"twitter:creator\" content=\"@MagazinePolis\" \/>\n<meta name=\"twitter:site\" content=\"@MagazinePolis\" \/>\n<meta name=\"twitter:label1\" content=\"Scritto da\" \/>\n\t<meta name=\"twitter:data1\" content=\"Antonello Rivano\" \/>\n\t<meta name=\"twitter:label2\" content=\"Tempo di lettura stimato\" \/>\n\t<meta name=\"twitter:data2\" content=\"4 minuti\" \/>\n<script type=\"application\/ld+json\" class=\"yoast-schema-graph\">{\"@context\":\"https:\/\/schema.org\",\"@graph\":[{\"@type\":\"Article\",\"@id\":\"https:\/\/www.istitutogalanteoliva.it\/magazine\/2023\/12\/06\/tragedia-e-speranza-il-discorso-di-giulio-cecchettin-ai-funerali-della-figlia-giulia\/#article\",\"isPartOf\":{\"@id\":\"https:\/\/www.istitutogalanteoliva.it\/magazine\/2023\/12\/06\/tragedia-e-speranza-il-discorso-di-giulio-cecchettin-ai-funerali-della-figlia-giulia\/\"},\"author\":{\"name\":\"Antonello Rivano\",\"@id\":\"https:\/\/www.istitutogalanteoliva.it\/magazine\/#\/schema\/person\/d8b8aa79cfe8babc1df9da3212a7c0c4\"},\"headline\":\"Tragedia e Speranza: Il discorso di Giulio Cecchettin ai Funerali della Figlia Giulia\",\"datePublished\":\"2023-12-06T09:32:04+00:00\",\"dateModified\":\"2023-12-06T09:38:18+00:00\",\"mainEntityOfPage\":{\"@id\":\"https:\/\/www.istitutogalanteoliva.it\/magazine\/2023\/12\/06\/tragedia-e-speranza-il-discorso-di-giulio-cecchettin-ai-funerali-della-figlia-giulia\/\"},\"wordCount\":595,\"publisher\":{\"@id\":\"https:\/\/www.istitutogalanteoliva.it\/magazine\/#organization\"},\"image\":{\"@id\":\"https:\/\/www.istitutogalanteoliva.it\/magazine\/2023\/12\/06\/tragedia-e-speranza-il-discorso-di-giulio-cecchettin-ai-funerali-della-figlia-giulia\/#primaryimage\"},\"thumbnailUrl\":\"https:\/\/www.istitutogalanteoliva.it\/magazine\/wp-content\/uploads\/2023\/12\/funerali_cecchettin-690x362-1.jpg\",\"keywords\":[\"Femminicidio\",\"Giulia Cecchetin\",\"Padre\"],\"articleSection\":[\"2023\",\"Attualit\u00e0\",\"Societ\u00e0\"],\"inLanguage\":\"it-IT\"},{\"@type\":\"WebPage\",\"@id\":\"https:\/\/www.istitutogalanteoliva.it\/magazine\/2023\/12\/06\/tragedia-e-speranza-il-discorso-di-giulio-cecchettin-ai-funerali-della-figlia-giulia\/\",\"url\":\"https:\/\/www.istitutogalanteoliva.it\/magazine\/2023\/12\/06\/tragedia-e-speranza-il-discorso-di-giulio-cecchettin-ai-funerali-della-figlia-giulia\/\",\"name\":\"Tragedia e Speranza: Il discorso di Giulio Cecchettin ai Funerali della Figlia Giulia - Polis SA Magazine\",\"isPartOf\":{\"@id\":\"https:\/\/www.istitutogalanteoliva.it\/magazine\/#website\"},\"primaryImageOfPage\":{\"@id\":\"https:\/\/www.istitutogalanteoliva.it\/magazine\/2023\/12\/06\/tragedia-e-speranza-il-discorso-di-giulio-cecchettin-ai-funerali-della-figlia-giulia\/#primaryimage\"},\"image\":{\"@id\":\"https:\/\/www.istitutogalanteoliva.it\/magazine\/2023\/12\/06\/tragedia-e-speranza-il-discorso-di-giulio-cecchettin-ai-funerali-della-figlia-giulia\/#primaryimage\"},\"thumbnailUrl\":\"https:\/\/www.istitutogalanteoliva.it\/magazine\/wp-content\/uploads\/2023\/12\/funerali_cecchettin-690x362-1.jpg\",\"datePublished\":\"2023-12-06T09:32:04+00:00\",\"dateModified\":\"2023-12-06T09:38:18+00:00\",\"breadcrumb\":{\"@id\":\"https:\/\/www.istitutogalanteoliva.it\/magazine\/2023\/12\/06\/tragedia-e-speranza-il-discorso-di-giulio-cecchettin-ai-funerali-della-figlia-giulia\/#breadcrumb\"},\"inLanguage\":\"it-IT\",\"potentialAction\":[{\"@type\":\"ReadAction\",\"target\":[\"https:\/\/www.istitutogalanteoliva.it\/magazine\/2023\/12\/06\/tragedia-e-speranza-il-discorso-di-giulio-cecchettin-ai-funerali-della-figlia-giulia\/\"]}]},{\"@type\":\"ImageObject\",\"inLanguage\":\"it-IT\",\"@id\":\"https:\/\/www.istitutogalanteoliva.it\/magazine\/2023\/12\/06\/tragedia-e-speranza-il-discorso-di-giulio-cecchettin-ai-funerali-della-figlia-giulia\/#primaryimage\",\"url\":\"https:\/\/www.istitutogalanteoliva.it\/magazine\/wp-content\/uploads\/2023\/12\/funerali_cecchettin-690x362-1.jpg\",\"contentUrl\":\"https:\/\/www.istitutogalanteoliva.it\/magazine\/wp-content\/uploads\/2023\/12\/funerali_cecchettin-690x362-1.jpg\",\"width\":700,\"height\":380},{\"@type\":\"BreadcrumbList\",\"@id\":\"https:\/\/www.istitutogalanteoliva.it\/magazine\/2023\/12\/06\/tragedia-e-speranza-il-discorso-di-giulio-cecchettin-ai-funerali-della-figlia-giulia\/#breadcrumb\",\"itemListElement\":[{\"@type\":\"ListItem\",\"position\":1,\"name\":\"Home\",\"item\":\"https:\/\/www.istitutogalanteoliva.it\/magazine\/\"},{\"@type\":\"ListItem\",\"position\":2,\"name\":\"Tragedia e Speranza: Il discorso di Giulio Cecchettin ai Funerali della Figlia Giulia\"}]},{\"@type\":\"WebSite\",\"@id\":\"https:\/\/www.istitutogalanteoliva.it\/magazine\/#website\",\"url\":\"https:\/\/www.istitutogalanteoliva.it\/magazine\/\",\"name\":\"POLIS SA MAGAZINE\",\"description\":\"Informazione e approfondimenti\",\"publisher\":{\"@id\":\"https:\/\/www.istitutogalanteoliva.it\/magazine\/#organization\"},\"potentialAction\":[{\"@type\":\"SearchAction\",\"target\":{\"@type\":\"EntryPoint\",\"urlTemplate\":\"https:\/\/www.istitutogalanteoliva.it\/magazine\/?s={search_term_string}\"},\"query-input\":{\"@type\":\"PropertyValueSpecification\",\"valueRequired\":true,\"valueName\":\"search_term_string\"}}],\"inLanguage\":\"it-IT\"},{\"@type\":\"Organization\",\"@id\":\"https:\/\/www.istitutogalanteoliva.it\/magazine\/#organization\",\"name\":\"Polis SA Magazine\",\"url\":\"https:\/\/www.istitutogalanteoliva.it\/magazine\/\",\"logo\":{\"@type\":\"ImageObject\",\"inLanguage\":\"it-IT\",\"@id\":\"https:\/\/www.istitutogalanteoliva.it\/magazine\/#\/schema\/logo\/image\/\",\"url\":\"\",\"contentUrl\":\"\",\"caption\":\"Polis SA Magazine\"},\"image\":{\"@id\":\"https:\/\/www.istitutogalanteoliva.it\/magazine\/#\/schema\/logo\/image\/\"},\"sameAs\":[\"https:\/\/www.facebook.com\/PolisSAMagazine\/\",\"https:\/\/x.com\/MagazinePolis\",\"https:\/\/www.youtube.com\/channel\/UCv0Mr5AHKUmsc0sEEXkJrgw\"]},{\"@type\":\"Person\",\"@id\":\"https:\/\/www.istitutogalanteoliva.it\/magazine\/#\/schema\/person\/d8b8aa79cfe8babc1df9da3212a7c0c4\",\"name\":\"Antonello Rivano\",\"image\":{\"@type\":\"ImageObject\",\"inLanguage\":\"it-IT\",\"@id\":\"https:\/\/www.istitutogalanteoliva.it\/magazine\/#\/schema\/person\/image\/\",\"url\":\"https:\/\/secure.gravatar.com\/avatar\/517a9a6487a7a18ecc4ce6d2e57a8f40?s=96&d=mm&r=g\",\"contentUrl\":\"https:\/\/secure.gravatar.com\/avatar\/517a9a6487a7a18ecc4ce6d2e57a8f40?s=96&d=mm&r=g\",\"caption\":\"Antonello Rivano\"},\"url\":\"https:\/\/www.istitutogalanteoliva.it\/magazine\/author\/antonello\/\"}]}<\/script>\n<!-- \/ Yoast SEO plugin. -->","yoast_head_json":{"title":"Tragedia e Speranza: Il discorso di Giulio Cecchettin ai Funerali della Figlia Giulia - Polis SA Magazine","robots":{"index":"index","follow":"follow","max-snippet":"max-snippet:-1","max-image-preview":"max-image-preview:large","max-video-preview":"max-video-preview:-1"},"canonical":"https:\/\/www.istitutogalanteoliva.it\/magazine\/2023\/12\/06\/tragedia-e-speranza-il-discorso-di-giulio-cecchettin-ai-funerali-della-figlia-giulia\/","og_locale":"it_IT","og_type":"article","og_title":"Tragedia e Speranza: Il discorso di Giulio Cecchettin ai Funerali della Figlia Giulia - Polis SA Magazine","og_description":"Un appello alla trasformazione sociale e alla connessione umana","og_url":"https:\/\/www.istitutogalanteoliva.it\/magazine\/2023\/12\/06\/tragedia-e-speranza-il-discorso-di-giulio-cecchettin-ai-funerali-della-figlia-giulia\/","og_site_name":"Polis SA Magazine","article_publisher":"https:\/\/www.facebook.com\/PolisSAMagazine\/","article_published_time":"2023-12-06T09:32:04+00:00","article_modified_time":"2023-12-06T09:38:18+00:00","og_image":[{"width":700,"height":380,"url":"https:\/\/www.istitutogalanteoliva.it\/magazine\/wp-content\/uploads\/2023\/12\/funerali_cecchettin-690x362-1.jpg","type":"image\/jpeg"}],"author":"Antonello Rivano","twitter_card":"summary_large_image","twitter_creator":"@MagazinePolis","twitter_site":"@MagazinePolis","twitter_misc":{"Scritto da":"Antonello Rivano","Tempo di lettura stimato":"4 minuti"},"schema":{"@context":"https:\/\/schema.org","@graph":[{"@type":"Article","@id":"https:\/\/www.istitutogalanteoliva.it\/magazine\/2023\/12\/06\/tragedia-e-speranza-il-discorso-di-giulio-cecchettin-ai-funerali-della-figlia-giulia\/#article","isPartOf":{"@id":"https:\/\/www.istitutogalanteoliva.it\/magazine\/2023\/12\/06\/tragedia-e-speranza-il-discorso-di-giulio-cecchettin-ai-funerali-della-figlia-giulia\/"},"author":{"name":"Antonello Rivano","@id":"https:\/\/www.istitutogalanteoliva.it\/magazine\/#\/schema\/person\/d8b8aa79cfe8babc1df9da3212a7c0c4"},"headline":"Tragedia e Speranza: Il discorso di Giulio Cecchettin ai Funerali della Figlia Giulia","datePublished":"2023-12-06T09:32:04+00:00","dateModified":"2023-12-06T09:38:18+00:00","mainEntityOfPage":{"@id":"https:\/\/www.istitutogalanteoliva.it\/magazine\/2023\/12\/06\/tragedia-e-speranza-il-discorso-di-giulio-cecchettin-ai-funerali-della-figlia-giulia\/"},"wordCount":595,"publisher":{"@id":"https:\/\/www.istitutogalanteoliva.it\/magazine\/#organization"},"image":{"@id":"https:\/\/www.istitutogalanteoliva.it\/magazine\/2023\/12\/06\/tragedia-e-speranza-il-discorso-di-giulio-cecchettin-ai-funerali-della-figlia-giulia\/#primaryimage"},"thumbnailUrl":"https:\/\/www.istitutogalanteoliva.it\/magazine\/wp-content\/uploads\/2023\/12\/funerali_cecchettin-690x362-1.jpg","keywords":["Femminicidio","Giulia Cecchetin","Padre"],"articleSection":["2023","Attualit\u00e0","Societ\u00e0"],"inLanguage":"it-IT"},{"@type":"WebPage","@id":"https:\/\/www.istitutogalanteoliva.it\/magazine\/2023\/12\/06\/tragedia-e-speranza-il-discorso-di-giulio-cecchettin-ai-funerali-della-figlia-giulia\/","url":"https:\/\/www.istitutogalanteoliva.it\/magazine\/2023\/12\/06\/tragedia-e-speranza-il-discorso-di-giulio-cecchettin-ai-funerali-della-figlia-giulia\/","name":"Tragedia e Speranza: Il discorso di Giulio Cecchettin ai Funerali della Figlia Giulia - Polis SA Magazine","isPartOf":{"@id":"https:\/\/www.istitutogalanteoliva.it\/magazine\/#website"},"primaryImageOfPage":{"@id":"https:\/\/www.istitutogalanteoliva.it\/magazine\/2023\/12\/06\/tragedia-e-speranza-il-discorso-di-giulio-cecchettin-ai-funerali-della-figlia-giulia\/#primaryimage"},"image":{"@id":"https:\/\/www.istitutogalanteoliva.it\/magazine\/2023\/12\/06\/tragedia-e-speranza-il-discorso-di-giulio-cecchettin-ai-funerali-della-figlia-giulia\/#primaryimage"},"thumbnailUrl":"https:\/\/www.istitutogalanteoliva.it\/magazine\/wp-content\/uploads\/2023\/12\/funerali_cecchettin-690x362-1.jpg","datePublished":"2023-12-06T09:32:04+00:00","dateModified":"2023-12-06T09:38:18+00:00","breadcrumb":{"@id":"https:\/\/www.istitutogalanteoliva.it\/magazine\/2023\/12\/06\/tragedia-e-speranza-il-discorso-di-giulio-cecchettin-ai-funerali-della-figlia-giulia\/#breadcrumb"},"inLanguage":"it-IT","potentialAction":[{"@type":"ReadAction","target":["https:\/\/www.istitutogalanteoliva.it\/magazine\/2023\/12\/06\/tragedia-e-speranza-il-discorso-di-giulio-cecchettin-ai-funerali-della-figlia-giulia\/"]}]},{"@type":"ImageObject","inLanguage":"it-IT","@id":"https:\/\/www.istitutogalanteoliva.it\/magazine\/2023\/12\/06\/tragedia-e-speranza-il-discorso-di-giulio-cecchettin-ai-funerali-della-figlia-giulia\/#primaryimage","url":"https:\/\/www.istitutogalanteoliva.it\/magazine\/wp-content\/uploads\/2023\/12\/funerali_cecchettin-690x362-1.jpg","contentUrl":"https:\/\/www.istitutogalanteoliva.it\/magazine\/wp-content\/uploads\/2023\/12\/funerali_cecchettin-690x362-1.jpg","width":700,"height":380},{"@type":"BreadcrumbList","@id":"https:\/\/www.istitutogalanteoliva.it\/magazine\/2023\/12\/06\/tragedia-e-speranza-il-discorso-di-giulio-cecchettin-ai-funerali-della-figlia-giulia\/#breadcrumb","itemListElement":[{"@type":"ListItem","position":1,"name":"Home","item":"https:\/\/www.istitutogalanteoliva.it\/magazine\/"},{"@type":"ListItem","position":2,"name":"Tragedia e Speranza: Il discorso di Giulio Cecchettin ai Funerali della Figlia Giulia"}]},{"@type":"WebSite","@id":"https:\/\/www.istitutogalanteoliva.it\/magazine\/#website","url":"https:\/\/www.istitutogalanteoliva.it\/magazine\/","name":"POLIS SA MAGAZINE","description":"Informazione e approfondimenti","publisher":{"@id":"https:\/\/www.istitutogalanteoliva.it\/magazine\/#organization"},"potentialAction":[{"@type":"SearchAction","target":{"@type":"EntryPoint","urlTemplate":"https:\/\/www.istitutogalanteoliva.it\/magazine\/?s={search_term_string}"},"query-input":{"@type":"PropertyValueSpecification","valueRequired":true,"valueName":"search_term_string"}}],"inLanguage":"it-IT"},{"@type":"Organization","@id":"https:\/\/www.istitutogalanteoliva.it\/magazine\/#organization","name":"Polis SA Magazine","url":"https:\/\/www.istitutogalanteoliva.it\/magazine\/","logo":{"@type":"ImageObject","inLanguage":"it-IT","@id":"https:\/\/www.istitutogalanteoliva.it\/magazine\/#\/schema\/logo\/image\/","url":"","contentUrl":"","caption":"Polis SA Magazine"},"image":{"@id":"https:\/\/www.istitutogalanteoliva.it\/magazine\/#\/schema\/logo\/image\/"},"sameAs":["https:\/\/www.facebook.com\/PolisSAMagazine\/","https:\/\/x.com\/MagazinePolis","https:\/\/www.youtube.com\/channel\/UCv0Mr5AHKUmsc0sEEXkJrgw"]},{"@type":"Person","@id":"https:\/\/www.istitutogalanteoliva.it\/magazine\/#\/schema\/person\/d8b8aa79cfe8babc1df9da3212a7c0c4","name":"Antonello Rivano","image":{"@type":"ImageObject","inLanguage":"it-IT","@id":"https:\/\/www.istitutogalanteoliva.it\/magazine\/#\/schema\/person\/image\/","url":"https:\/\/secure.gravatar.com\/avatar\/517a9a6487a7a18ecc4ce6d2e57a8f40?s=96&d=mm&r=g","contentUrl":"https:\/\/secure.gravatar.com\/avatar\/517a9a6487a7a18ecc4ce6d2e57a8f40?s=96&d=mm&r=g","caption":"Antonello Rivano"},"url":"https:\/\/www.istitutogalanteoliva.it\/magazine\/author\/antonello\/"}]}},"_links":{"self":[{"href":"https:\/\/www.istitutogalanteoliva.it\/magazine\/wp-json\/wp\/v2\/posts\/14051","targetHints":{"allow":["GET"]}}],"collection":[{"href":"https:\/\/www.istitutogalanteoliva.it\/magazine\/wp-json\/wp\/v2\/posts"}],"about":[{"href":"https:\/\/www.istitutogalanteoliva.it\/magazine\/wp-json\/wp\/v2\/types\/post"}],"author":[{"embeddable":true,"href":"https:\/\/www.istitutogalanteoliva.it\/magazine\/wp-json\/wp\/v2\/users\/2"}],"replies":[{"embeddable":true,"href":"https:\/\/www.istitutogalanteoliva.it\/magazine\/wp-json\/wp\/v2\/comments?post=14051"}],"version-history":[{"count":4,"href":"https:\/\/www.istitutogalanteoliva.it\/magazine\/wp-json\/wp\/v2\/posts\/14051\/revisions"}],"predecessor-version":[{"id":14057,"href":"https:\/\/www.istitutogalanteoliva.it\/magazine\/wp-json\/wp\/v2\/posts\/14051\/revisions\/14057"}],"wp:featuredmedia":[{"embeddable":true,"href":"https:\/\/www.istitutogalanteoliva.it\/magazine\/wp-json\/wp\/v2\/media\/14053"}],"wp:attachment":[{"href":"https:\/\/www.istitutogalanteoliva.it\/magazine\/wp-json\/wp\/v2\/media?parent=14051"}],"wp:term":[{"taxonomy":"category","embeddable":true,"href":"https:\/\/www.istitutogalanteoliva.it\/magazine\/wp-json\/wp\/v2\/categories?post=14051"},{"taxonomy":"post_tag","embeddable":true,"href":"https:\/\/www.istitutogalanteoliva.it\/magazine\/wp-json\/wp\/v2\/tags?post=14051"}],"curies":[{"name":"wp","href":"https:\/\/api.w.org\/{rel}","templated":true}]}}