{"id":14066,"date":"2023-12-13T08:12:00","date_gmt":"2023-12-13T07:12:00","guid":{"rendered":"https:\/\/www.istitutogalanteoliva.it\/magazine\/?p=14066"},"modified":"2023-12-12T18:30:14","modified_gmt":"2023-12-12T17:30:14","slug":"mercato-san-severino-sa-convegno-sulla-sostenibilita-ambientale","status":"publish","type":"post","link":"https:\/\/www.istitutogalanteoliva.it\/magazine\/2023\/12\/13\/mercato-san-severino-sa-convegno-sulla-sostenibilita-ambientale\/","title":{"rendered":"Mercato San Severino (SA). Convegno sulla sostenibilit\u00e0 ambientale"},"content":{"rendered":"\n<p>Di Anna Maria Noia<\/p>\n\n\n\n<p>Il legno \u00e8 uno dei materiali pi\u00f9 duttili, utili ed evergreen che abbiamo. Con pi\u00f9 scopi. Si potrebbe, tranquillamente, affermare che ci accompagna dalla culla alla bara \u2013 dall\u2019inizio della vita fino alla sua conclusione. Proprio per questo, va doverosamente preservato e protetto. Ma va salvaguardato anche dal punto di vista economico, in quanto una ricca fetta di mercato finanziario verte su questo elemento. Dal passato, proiettandosi nel futuro, soffermandosi sulla presente attualit\u00e0. <strong>In merito al marketing di legno e suoi derivati, dal pallet al pellet, si \u00e8 tenuta \u2013 a Mercato San Severino \u2013 la decima edizione dell\u2019annuale convegno, organizzato da associazioni; partner; sponsor confluenti nel consorzio nazionale \u201cConlegno\u201d. Per il 2023, \u201cConlegno\u201d \u2013 forte di un\u2019esperienza ventennale, nel settore di legno e sugheri \u2013 ha quindi organizzato l\u2019incontro consueto, svoltosi venerd\u00ec 1\u00b0 dicembre ultimo scorso, presso il \u201cPark Hotel\u201d della cittadina in provincia di Salerno. Qui si sono ritrovati pi\u00f9 di 150 rappresentanti di altrettante aziende, appartenenti all\u2019ambito della commercializzazione del legname. All\u2019interno di \u201cConlegno\u201d e non soltanto. Pi\u00f9 che in altre edizioni ed annualit\u00e0, stavolta la parola chiave \u00e8 stata \u201csostenibilit\u00e0\u201d. Per un connubio tra nuove tecnologie, digitalizzazione e ambiente.<\/strong> <\/p>\n\n\n\n<p>All\u2019appuntamento hanno partecipato aziende del Centro-Sud d\u2019Italia, ma anche molte realt\u00e0 del Settentrione. Ad esempio, referenti dal Veneto. <em>Ecco il tema: \u201cPresente e futuro delle risorse forestali e delle relative catene di valore\u201d. Main partner: il marchio \u201cPfeifer\u201d, brand internazionale per la trasformazione di materiali in legno. Altre imprese, newco e start-up di livello mondiale sono intervenute all\u2019evento. Con propri stand e simpatici gadget (cappellini, penne, calendari ed altro). Ricordiamo, tra le ditte presenti: \u201cFitok\u201d, \u201cEpal\u201d, \u201cLegnok\u201d, \u201cBigondry\u201d, \u201cStorti\u201d, \u201cTermolegno\u201d, \u201cTooleader\u201d, \u201cEcobloks\u201d, \u201cGhezzi\u201d, \u201cIncomac\u201d, \u201cZanasi\u201d. L\u2019happening \u00e8 stato approntato in collaborazione con l\u2019Universit\u00e0 di Napoli \u201cFederico II\u201d, nella fattispecie del dipartimento di Agraria \u2013 al fine di implementare un progetto denominato: \u201cDigiMedFor\u201d, \u201cDigital tools and technology systems for the sustainable management of Mediterranean forest resources\u201d. La cooperazione tra gli enti di lavorazione legno e l\u2019istituto partenopeo \u00e8 stata, poi, illustrata nel corso del secondo intervento in scaletta.<\/em><\/p>\n\n\n\n<figure class=\"wp-block-image size-large is-resized\"><img loading=\"lazy\" decoding=\"async\" src=\"https:\/\/www.istitutogalanteoliva.it\/magazine\/wp-content\/uploads\/2023\/12\/Foto-articolo-Legno-Noia-5-1024x768.jpg\" alt=\"\" class=\"wp-image-14067\" width=\"512\" height=\"384\" srcset=\"https:\/\/www.istitutogalanteoliva.it\/magazine\/wp-content\/uploads\/2023\/12\/Foto-articolo-Legno-Noia-5-1024x768.jpg 1024w, https:\/\/www.istitutogalanteoliva.it\/magazine\/wp-content\/uploads\/2023\/12\/Foto-articolo-Legno-Noia-5-300x225.jpg 300w, https:\/\/www.istitutogalanteoliva.it\/magazine\/wp-content\/uploads\/2023\/12\/Foto-articolo-Legno-Noia-5-768x576.jpg 768w, https:\/\/www.istitutogalanteoliva.it\/magazine\/wp-content\/uploads\/2023\/12\/Foto-articolo-Legno-Noia-5-1536x1152.jpg 1536w, https:\/\/www.istitutogalanteoliva.it\/magazine\/wp-content\/uploads\/2023\/12\/Foto-articolo-Legno-Noia-5-2048x1536.jpg 2048w\" sizes=\"auto, (max-width: 512px) 100vw, 512px\" \/><\/figure>\n\n\n\n<p> <strong>Il programma prevedeva i saluti istituzionali, a cura del sindaco di Mercato San Severino, Antonio Somma e di altre figure &#8211; quale il concittadino Michele Morese (attivo in tale settore). Subito dopo, si \u00e8 entrati nel vivo della kermesse<\/strong>. <em>Per primo ha discusso Antonio Saracino, del laboratorio di Ecologia forestale del gi\u00e0 citato dipartimento di Agraria \u2013 universit\u00e0 di Napoli. Il titolo della sua prolusione \u00e8 stato: \u201cLe foreste del Sud Italia. Un\u2019opportunit\u00e0 per le imprese del territorio?\u201d. A seguire, la relazione del professor Luigi Saulino \u2013 sempre dal laboratorio di Ecologia forestale. Il tema \u00e8 stato: \u201cForeste, filiere forestali mediterranee e trasformazione digitale\u201d. Dopo il coffee break, nei locali del Park Hotel, si \u00e8 parlato della \u201cDue diligence forestale\u201d.<\/em> Ci\u00f2 in vista delle nuove normative e\/o direttive europee da applicarsi, pare, a fine dicembre 2024. <strong>Ne ha esaminato i principi, con perizia, Angelo Mariano. Responsabile \u201cLegnok\u201d. Che ha dissertato delle leggi Eutr ed Eudr. Ancora, ha espresso le sue lectio su \u201cIl mercato internazionale del legno\u201d Robert Giugni \u2013 direttore commerciale per l\u2019Europa, del settore \u201cSegati\u201d \u2013 gruppo \u201cPfeifer\u201d. Al termine, la parola \u00e8 passata a Daniela Frattoloni \u2013 coordinatrice CT \u201cFitok\u201d, \u201cEni Borshi\u201d; vicepresidente \u201cIfa\u201d nonch\u00e9 consigliere di \u201cConlegno\u201d. L\u2019industriale si \u00e8 occupata di \u201cImballaggi in legno e contestazioni internazionali\u201d. Una tematica interessante e coinvolgente, come tutte le altre. E, come tutti gli altri argomenti affrontati, molto indicativa del grado di &#8211; sempre pi\u00f9 crescente &#8211; attenzione verso la sostenibilit\u00e0. Anche il progetto dell\u2019ateneo napoletano \u00e8 innovativo e convincente; anche questa prolusione \u00e8 stata interessante. Le conclusioni sono state affidate all\u2019imprenditore sanseverinese Michele Morese e a Massimiliano Bedogna, di \u201cAssoimballaggi\u201d. A moderare la giornata, Sebastiano Cerullo, segretario generale di \u201cConlegno\u201d. Referente, per quanto concerne San Severino, anche Gaetano Apostolico \u2013 dell\u2019associazione \u201cMartinez\u201d<\/strong>. I lavori sono stati molto partecipati, per gli avventori referenti delle varie aziende si \u00e8 \u2013 infine \u2013 profilata l\u2019opportunit\u00e0 di partecipare alla cena, preparata dallo staff del resort sanseverinese. Salvaguardare il legno e i prodotti derivati da questo non significa: \u201cnon tagliare\u201d, ma farlo responsabilmente e ottemperando ai nuovi regolamenti. Questo, per rispondere alla domanda (abbastanza inquietante): \u201cCi sar\u00e0 abbastanza legno, in futuro?\u201d. <em>Il mercato del legname guarda con fiducia all\u2019unione tra imprenditori, quali collettivit\u00e0, per l\u2019appunto. Solo una sinergia concreta, unita a strategie economiche mirate (miranti al profitto sostenibile), pu\u00f2 dare un indirizzo nuovo a questo settore merceologico. Nel corso del convegno, molto si \u00e8 detto sull\u2019opportunit\u00e0 di riciclare ed effettuare il riuso dei materiali. Un plauso, tra l\u2019altro, alla \u201criconversione\u201d degli imballaggi. Altri temi dell\u2019incontro sono stati sviscerati mediante apposite slide.<\/em> Utilizzate dai relatori della convention. Anche per illustrare il progetto \u201cDigiMedFor\u201d ci si \u00e8 avvalsi del proiettore. <strong><em>Saracino e Saulino (i docenti dell\u2019universit\u00e0 partenopea, sopra citati), in particolare, hanno esposto le innovazioni mutuate da \u201cDigiMedFor\u201d, nel censire alberi e foreste. Peculiarmente del Sud, che \u2013 emerge dall\u2019incontro \u2013 possiede moltissime specie arboree. Queste soprattutto (ma anche gli alberi e i boschi del Settentrione), con le opportune tecnologie e l\u2019apporto del digitale, possono \u2013 cos\u00ec \u2013 essere valorizzate e creare valori aggiunti, nonch\u00e9 le catene di valore, espresse dal titolo della riunione.<\/em><\/strong> Per raggiungere, dunque, obiettivi potenzialmente e attualmente rilevanti. Le immagini apparse sullo schermo hanno \u201craccontato\u201d come molto del legname, prodotto dalle aziende partecipanti (o non), viene sprecato oppure destinato soltanto ad ardere. Non per altri scopi. <strong>Ma, grazie all\u2019impegno dei ricercatori, che hanno portato avanti \u201cDigiMedFor\u201d, tutto questo pu\u00f2 essere ribaltato. Attuando la digitalizzazione delle foreste. Per adesso, la progettualit\u00e0 inerisce il link di \u201cgestione risorse\u201d, che va dalla raccolta del legno alla lavorazione nelle segherie. Per \u201cragionare\u201d in termini di tracciabilit\u00e0, di competenze (grazie ai partner) e di conoscenze condivise. Attraverso la gestione di cloud e di altri ritrovati digitali, tante saranno le informazioni delle foreste in pi\u00f9. Da inventariare e aggiornare.<\/strong> Saulino affermava, mentre spiegava, che \u201cLa tecnologia non pu\u00f2 sostituire l\u2019uomo\u201d, ma gli \u00e8 di valido ausilio. Il lavoro tra industria del legname e universit\u00e0 \u201cFederico II\u201d, stando agli esperti presenti alla kermesse, pu\u00f2 essere esportato in Europa e\/o a livello internazionale<em>. Altre parole sono state spese sui cambiamenti climatici e sugli sconvolgimenti ambientali. Da contrastare, mediante comportamenti pi\u00f9 responsabili e uso (e aggiornamento) di certificazioni. Ad esempio, \u201cFsc\u201d. <\/em><\/p>\n\n\n\n<figure class=\"wp-block-image size-large is-resized\"><img loading=\"lazy\" decoding=\"async\" src=\"https:\/\/www.istitutogalanteoliva.it\/magazine\/wp-content\/uploads\/2023\/12\/Foto-articolo-Legno-Noia-4-1024x768.jpg\" alt=\"\" class=\"wp-image-14068\" width=\"512\" height=\"384\" srcset=\"https:\/\/www.istitutogalanteoliva.it\/magazine\/wp-content\/uploads\/2023\/12\/Foto-articolo-Legno-Noia-4-1024x768.jpg 1024w, https:\/\/www.istitutogalanteoliva.it\/magazine\/wp-content\/uploads\/2023\/12\/Foto-articolo-Legno-Noia-4-300x225.jpg 300w, https:\/\/www.istitutogalanteoliva.it\/magazine\/wp-content\/uploads\/2023\/12\/Foto-articolo-Legno-Noia-4-768x576.jpg 768w, https:\/\/www.istitutogalanteoliva.it\/magazine\/wp-content\/uploads\/2023\/12\/Foto-articolo-Legno-Noia-4-1536x1152.jpg 1536w, https:\/\/www.istitutogalanteoliva.it\/magazine\/wp-content\/uploads\/2023\/12\/Foto-articolo-Legno-Noia-4-2048x1536.jpg 2048w\" sizes=\"auto, (max-width: 512px) 100vw, 512px\" \/><\/figure>\n\n\n\n<p><strong>Nella seconda parte della manifestazione, ecco spiegata la \u201cDue diligence forestale\u201d. Per quanto riguarda la quale, occorre comprendere in che modo si passer\u00e0 dall\u2019European timber regulation, o Etr, all\u2019Eudr. Il regolamento UE sulla deforestazione. Direttiva 1115\/2023, in piena attuazione a partire dal 30 dicembre 2024. Questa nuova legge include e assicura, implica, nelle azioni di sviluppo per la sostenibilit\u00e0 ecologica, il tener conto non soltanto della deforestazione tout-court. Bens\u00ec, anche, di: bovini, piante di cacao, piantagioni di caff\u00e8, coltivazione di palma da olio, filiera della gomma (latice, dall\u2019Hevea brasiliensis) e quant\u2019altro.<\/strong> Numerosi altri dati sono stati snocciolati nel corso degli ulteriori interventi. Alla luce dell\u2019impegno dei relatori, nel promuovere azioni tangibili e coerenti per un\u2019industria attenta alle esigenze degli uomini; senza intaccare le risorse vegetali e gli esseri viventi. Tutto molto interessante.<\/p>\n\n\n\n<p><img loading=\"lazy\" decoding=\"async\" width=\"80\" height=\"80\" class=\"wp-image-6058\" style=\"width: 80px;\" src=\"https:\/\/www.istitutogalanteoliva.it\/magazine\/wp-content\/uploads\/2021\/03\/Anna-Maria1.jpg\" alt=\"\" srcset=\"https:\/\/www.istitutogalanteoliva.it\/magazine\/wp-content\/uploads\/2021\/03\/Anna-Maria1.jpg 674w, https:\/\/www.istitutogalanteoliva.it\/magazine\/wp-content\/uploads\/2021\/03\/Anna-Maria1-300x300.jpg 300w, https:\/\/www.istitutogalanteoliva.it\/magazine\/wp-content\/uploads\/2021\/03\/Anna-Maria1-150x150.jpg 150w\" sizes=\"auto, (max-width: 80px) 100vw, 80px\" \/><em><a href=\"https:\/\/www.istitutogalanteoliva.it\/magazine\/?s=Anna+Maria+Noia+\" target=\"_blank\" rel=\"noreferrer noopener\"><strong>Anna Maria Noia<\/strong><\/a><\/em><\/p>\n<div class=\"pdfprnt-buttons pdfprnt-buttons-post pdfprnt-bottom-left\"><a href=\"https:\/\/www.istitutogalanteoliva.it\/magazine\/wp-json\/wp\/v2\/posts\/14066?print=print\" class=\"pdfprnt-button pdfprnt-button-print\" target=\"_blank\"><img decoding=\"async\" src=\"https:\/\/www.istitutogalanteoliva.it\/magazine\/wp-content\/plugins\/pdf-print\/images\/print.png\" alt=\"image_print\" title=\"Stampa contenuto\" \/><span class=\"pdfprnt-button-title pdfprnt-button-print-title\">Download in PDF<\/span><\/a><\/div>","protected":false},"excerpt":{"rendered":"<p> Grazie all\u2019impegno della filiera e dell\u2019industria del legno<\/p>\n","protected":false},"author":2,"featured_media":14069,"comment_status":"closed","ping_status":"open","sticky":true,"template":"","format":"standard","meta":{"footnotes":""},"categories":[731,6],"tags":[811,693],"class_list":["post-14066","post","type-post","status-publish","format-standard","has-post-thumbnail","hentry","category-731","category-ambiente","tag-convegno","tag-mercato-san-severino-sa"],"yoast_head":"<!-- This site is optimized with the Yoast SEO plugin v24.2 - https:\/\/yoast.com\/wordpress\/plugins\/seo\/ -->\n<title>Mercato San Severino (SA). Convegno sulla sostenibilit\u00e0 ambientale - Polis SA Magazine<\/title>\n<meta name=\"robots\" content=\"index, follow, max-snippet:-1, max-image-preview:large, max-video-preview:-1\" \/>\n<link rel=\"canonical\" href=\"https:\/\/www.istitutogalanteoliva.it\/magazine\/2023\/12\/13\/mercato-san-severino-sa-convegno-sulla-sostenibilita-ambientale\/\" \/>\n<meta property=\"og:locale\" content=\"it_IT\" \/>\n<meta property=\"og:type\" content=\"article\" \/>\n<meta property=\"og:title\" content=\"Mercato San Severino (SA). Convegno sulla sostenibilit\u00e0 ambientale - Polis SA Magazine\" \/>\n<meta property=\"og:description\" content=\"Grazie all\u2019impegno della filiera e dell\u2019industria del legno\" \/>\n<meta property=\"og:url\" content=\"https:\/\/www.istitutogalanteoliva.it\/magazine\/2023\/12\/13\/mercato-san-severino-sa-convegno-sulla-sostenibilita-ambientale\/\" \/>\n<meta property=\"og:site_name\" content=\"Polis SA Magazine\" \/>\n<meta property=\"article:publisher\" content=\"https:\/\/www.facebook.com\/PolisSAMagazine\/\" \/>\n<meta property=\"article:published_time\" content=\"2023-12-13T07:12:00+00:00\" \/>\n<meta property=\"article:modified_time\" content=\"2023-12-12T17:30:14+00:00\" \/>\n<meta property=\"og:image\" content=\"https:\/\/www.istitutogalanteoliva.it\/magazine\/wp-content\/uploads\/2023\/12\/Foto-articolo-Legno-Noia-3.jpg\" \/>\n\t<meta property=\"og:image:width\" content=\"700\" \/>\n\t<meta property=\"og:image:height\" content=\"380\" \/>\n\t<meta property=\"og:image:type\" content=\"image\/jpeg\" \/>\n<meta name=\"author\" content=\"Antonello Rivano\" \/>\n<meta name=\"twitter:card\" content=\"summary_large_image\" \/>\n<meta name=\"twitter:creator\" content=\"@MagazinePolis\" \/>\n<meta name=\"twitter:site\" content=\"@MagazinePolis\" \/>\n<meta name=\"twitter:label1\" content=\"Scritto da\" \/>\n\t<meta name=\"twitter:data1\" content=\"Antonello Rivano\" \/>\n\t<meta name=\"twitter:label2\" content=\"Tempo di lettura stimato\" \/>\n\t<meta name=\"twitter:data2\" content=\"7 minuti\" \/>\n<script type=\"application\/ld+json\" class=\"yoast-schema-graph\">{\"@context\":\"https:\/\/schema.org\",\"@graph\":[{\"@type\":\"Article\",\"@id\":\"https:\/\/www.istitutogalanteoliva.it\/magazine\/2023\/12\/13\/mercato-san-severino-sa-convegno-sulla-sostenibilita-ambientale\/#article\",\"isPartOf\":{\"@id\":\"https:\/\/www.istitutogalanteoliva.it\/magazine\/2023\/12\/13\/mercato-san-severino-sa-convegno-sulla-sostenibilita-ambientale\/\"},\"author\":{\"name\":\"Antonello Rivano\",\"@id\":\"https:\/\/www.istitutogalanteoliva.it\/magazine\/#\/schema\/person\/d8b8aa79cfe8babc1df9da3212a7c0c4\"},\"headline\":\"Mercato San Severino (SA). Convegno sulla sostenibilit\u00e0 ambientale\",\"datePublished\":\"2023-12-13T07:12:00+00:00\",\"dateModified\":\"2023-12-12T17:30:14+00:00\",\"mainEntityOfPage\":{\"@id\":\"https:\/\/www.istitutogalanteoliva.it\/magazine\/2023\/12\/13\/mercato-san-severino-sa-convegno-sulla-sostenibilita-ambientale\/\"},\"wordCount\":1180,\"publisher\":{\"@id\":\"https:\/\/www.istitutogalanteoliva.it\/magazine\/#organization\"},\"image\":{\"@id\":\"https:\/\/www.istitutogalanteoliva.it\/magazine\/2023\/12\/13\/mercato-san-severino-sa-convegno-sulla-sostenibilita-ambientale\/#primaryimage\"},\"thumbnailUrl\":\"https:\/\/www.istitutogalanteoliva.it\/magazine\/wp-content\/uploads\/2023\/12\/Foto-articolo-Legno-Noia-3.jpg\",\"keywords\":[\"Convegno\",\"Mercato San Severino (SA)\"],\"articleSection\":[\"2023\",\"Ambiente\"],\"inLanguage\":\"it-IT\"},{\"@type\":\"WebPage\",\"@id\":\"https:\/\/www.istitutogalanteoliva.it\/magazine\/2023\/12\/13\/mercato-san-severino-sa-convegno-sulla-sostenibilita-ambientale\/\",\"url\":\"https:\/\/www.istitutogalanteoliva.it\/magazine\/2023\/12\/13\/mercato-san-severino-sa-convegno-sulla-sostenibilita-ambientale\/\",\"name\":\"Mercato San Severino (SA). Convegno sulla sostenibilit\u00e0 ambientale - Polis SA Magazine\",\"isPartOf\":{\"@id\":\"https:\/\/www.istitutogalanteoliva.it\/magazine\/#website\"},\"primaryImageOfPage\":{\"@id\":\"https:\/\/www.istitutogalanteoliva.it\/magazine\/2023\/12\/13\/mercato-san-severino-sa-convegno-sulla-sostenibilita-ambientale\/#primaryimage\"},\"image\":{\"@id\":\"https:\/\/www.istitutogalanteoliva.it\/magazine\/2023\/12\/13\/mercato-san-severino-sa-convegno-sulla-sostenibilita-ambientale\/#primaryimage\"},\"thumbnailUrl\":\"https:\/\/www.istitutogalanteoliva.it\/magazine\/wp-content\/uploads\/2023\/12\/Foto-articolo-Legno-Noia-3.jpg\",\"datePublished\":\"2023-12-13T07:12:00+00:00\",\"dateModified\":\"2023-12-12T17:30:14+00:00\",\"breadcrumb\":{\"@id\":\"https:\/\/www.istitutogalanteoliva.it\/magazine\/2023\/12\/13\/mercato-san-severino-sa-convegno-sulla-sostenibilita-ambientale\/#breadcrumb\"},\"inLanguage\":\"it-IT\",\"potentialAction\":[{\"@type\":\"ReadAction\",\"target\":[\"https:\/\/www.istitutogalanteoliva.it\/magazine\/2023\/12\/13\/mercato-san-severino-sa-convegno-sulla-sostenibilita-ambientale\/\"]}]},{\"@type\":\"ImageObject\",\"inLanguage\":\"it-IT\",\"@id\":\"https:\/\/www.istitutogalanteoliva.it\/magazine\/2023\/12\/13\/mercato-san-severino-sa-convegno-sulla-sostenibilita-ambientale\/#primaryimage\",\"url\":\"https:\/\/www.istitutogalanteoliva.it\/magazine\/wp-content\/uploads\/2023\/12\/Foto-articolo-Legno-Noia-3.jpg\",\"contentUrl\":\"https:\/\/www.istitutogalanteoliva.it\/magazine\/wp-content\/uploads\/2023\/12\/Foto-articolo-Legno-Noia-3.jpg\",\"width\":700,\"height\":380},{\"@type\":\"BreadcrumbList\",\"@id\":\"https:\/\/www.istitutogalanteoliva.it\/magazine\/2023\/12\/13\/mercato-san-severino-sa-convegno-sulla-sostenibilita-ambientale\/#breadcrumb\",\"itemListElement\":[{\"@type\":\"ListItem\",\"position\":1,\"name\":\"Home\",\"item\":\"https:\/\/www.istitutogalanteoliva.it\/magazine\/\"},{\"@type\":\"ListItem\",\"position\":2,\"name\":\"Mercato San Severino (SA). Convegno sulla sostenibilit\u00e0 ambientale\"}]},{\"@type\":\"WebSite\",\"@id\":\"https:\/\/www.istitutogalanteoliva.it\/magazine\/#website\",\"url\":\"https:\/\/www.istitutogalanteoliva.it\/magazine\/\",\"name\":\"POLIS SA MAGAZINE\",\"description\":\"Informazione e approfondimenti\",\"publisher\":{\"@id\":\"https:\/\/www.istitutogalanteoliva.it\/magazine\/#organization\"},\"potentialAction\":[{\"@type\":\"SearchAction\",\"target\":{\"@type\":\"EntryPoint\",\"urlTemplate\":\"https:\/\/www.istitutogalanteoliva.it\/magazine\/?s={search_term_string}\"},\"query-input\":{\"@type\":\"PropertyValueSpecification\",\"valueRequired\":true,\"valueName\":\"search_term_string\"}}],\"inLanguage\":\"it-IT\"},{\"@type\":\"Organization\",\"@id\":\"https:\/\/www.istitutogalanteoliva.it\/magazine\/#organization\",\"name\":\"Polis SA Magazine\",\"url\":\"https:\/\/www.istitutogalanteoliva.it\/magazine\/\",\"logo\":{\"@type\":\"ImageObject\",\"inLanguage\":\"it-IT\",\"@id\":\"https:\/\/www.istitutogalanteoliva.it\/magazine\/#\/schema\/logo\/image\/\",\"url\":\"\",\"contentUrl\":\"\",\"caption\":\"Polis SA Magazine\"},\"image\":{\"@id\":\"https:\/\/www.istitutogalanteoliva.it\/magazine\/#\/schema\/logo\/image\/\"},\"sameAs\":[\"https:\/\/www.facebook.com\/PolisSAMagazine\/\",\"https:\/\/x.com\/MagazinePolis\",\"https:\/\/www.youtube.com\/channel\/UCv0Mr5AHKUmsc0sEEXkJrgw\"]},{\"@type\":\"Person\",\"@id\":\"https:\/\/www.istitutogalanteoliva.it\/magazine\/#\/schema\/person\/d8b8aa79cfe8babc1df9da3212a7c0c4\",\"name\":\"Antonello Rivano\",\"image\":{\"@type\":\"ImageObject\",\"inLanguage\":\"it-IT\",\"@id\":\"https:\/\/www.istitutogalanteoliva.it\/magazine\/#\/schema\/person\/image\/\",\"url\":\"https:\/\/secure.gravatar.com\/avatar\/517a9a6487a7a18ecc4ce6d2e57a8f40?s=96&d=mm&r=g\",\"contentUrl\":\"https:\/\/secure.gravatar.com\/avatar\/517a9a6487a7a18ecc4ce6d2e57a8f40?s=96&d=mm&r=g\",\"caption\":\"Antonello Rivano\"},\"url\":\"https:\/\/www.istitutogalanteoliva.it\/magazine\/author\/antonello\/\"}]}<\/script>\n<!-- \/ Yoast SEO plugin. -->","yoast_head_json":{"title":"Mercato San Severino (SA). Convegno sulla sostenibilit\u00e0 ambientale - Polis SA Magazine","robots":{"index":"index","follow":"follow","max-snippet":"max-snippet:-1","max-image-preview":"max-image-preview:large","max-video-preview":"max-video-preview:-1"},"canonical":"https:\/\/www.istitutogalanteoliva.it\/magazine\/2023\/12\/13\/mercato-san-severino-sa-convegno-sulla-sostenibilita-ambientale\/","og_locale":"it_IT","og_type":"article","og_title":"Mercato San Severino (SA). Convegno sulla sostenibilit\u00e0 ambientale - Polis SA Magazine","og_description":"Grazie all\u2019impegno della filiera e dell\u2019industria del legno","og_url":"https:\/\/www.istitutogalanteoliva.it\/magazine\/2023\/12\/13\/mercato-san-severino-sa-convegno-sulla-sostenibilita-ambientale\/","og_site_name":"Polis SA Magazine","article_publisher":"https:\/\/www.facebook.com\/PolisSAMagazine\/","article_published_time":"2023-12-13T07:12:00+00:00","article_modified_time":"2023-12-12T17:30:14+00:00","og_image":[{"width":700,"height":380,"url":"https:\/\/www.istitutogalanteoliva.it\/magazine\/wp-content\/uploads\/2023\/12\/Foto-articolo-Legno-Noia-3.jpg","type":"image\/jpeg"}],"author":"Antonello Rivano","twitter_card":"summary_large_image","twitter_creator":"@MagazinePolis","twitter_site":"@MagazinePolis","twitter_misc":{"Scritto da":"Antonello Rivano","Tempo di lettura stimato":"7 minuti"},"schema":{"@context":"https:\/\/schema.org","@graph":[{"@type":"Article","@id":"https:\/\/www.istitutogalanteoliva.it\/magazine\/2023\/12\/13\/mercato-san-severino-sa-convegno-sulla-sostenibilita-ambientale\/#article","isPartOf":{"@id":"https:\/\/www.istitutogalanteoliva.it\/magazine\/2023\/12\/13\/mercato-san-severino-sa-convegno-sulla-sostenibilita-ambientale\/"},"author":{"name":"Antonello Rivano","@id":"https:\/\/www.istitutogalanteoliva.it\/magazine\/#\/schema\/person\/d8b8aa79cfe8babc1df9da3212a7c0c4"},"headline":"Mercato San Severino (SA). Convegno sulla sostenibilit\u00e0 ambientale","datePublished":"2023-12-13T07:12:00+00:00","dateModified":"2023-12-12T17:30:14+00:00","mainEntityOfPage":{"@id":"https:\/\/www.istitutogalanteoliva.it\/magazine\/2023\/12\/13\/mercato-san-severino-sa-convegno-sulla-sostenibilita-ambientale\/"},"wordCount":1180,"publisher":{"@id":"https:\/\/www.istitutogalanteoliva.it\/magazine\/#organization"},"image":{"@id":"https:\/\/www.istitutogalanteoliva.it\/magazine\/2023\/12\/13\/mercato-san-severino-sa-convegno-sulla-sostenibilita-ambientale\/#primaryimage"},"thumbnailUrl":"https:\/\/www.istitutogalanteoliva.it\/magazine\/wp-content\/uploads\/2023\/12\/Foto-articolo-Legno-Noia-3.jpg","keywords":["Convegno","Mercato San Severino (SA)"],"articleSection":["2023","Ambiente"],"inLanguage":"it-IT"},{"@type":"WebPage","@id":"https:\/\/www.istitutogalanteoliva.it\/magazine\/2023\/12\/13\/mercato-san-severino-sa-convegno-sulla-sostenibilita-ambientale\/","url":"https:\/\/www.istitutogalanteoliva.it\/magazine\/2023\/12\/13\/mercato-san-severino-sa-convegno-sulla-sostenibilita-ambientale\/","name":"Mercato San Severino (SA). Convegno sulla sostenibilit\u00e0 ambientale - Polis SA Magazine","isPartOf":{"@id":"https:\/\/www.istitutogalanteoliva.it\/magazine\/#website"},"primaryImageOfPage":{"@id":"https:\/\/www.istitutogalanteoliva.it\/magazine\/2023\/12\/13\/mercato-san-severino-sa-convegno-sulla-sostenibilita-ambientale\/#primaryimage"},"image":{"@id":"https:\/\/www.istitutogalanteoliva.it\/magazine\/2023\/12\/13\/mercato-san-severino-sa-convegno-sulla-sostenibilita-ambientale\/#primaryimage"},"thumbnailUrl":"https:\/\/www.istitutogalanteoliva.it\/magazine\/wp-content\/uploads\/2023\/12\/Foto-articolo-Legno-Noia-3.jpg","datePublished":"2023-12-13T07:12:00+00:00","dateModified":"2023-12-12T17:30:14+00:00","breadcrumb":{"@id":"https:\/\/www.istitutogalanteoliva.it\/magazine\/2023\/12\/13\/mercato-san-severino-sa-convegno-sulla-sostenibilita-ambientale\/#breadcrumb"},"inLanguage":"it-IT","potentialAction":[{"@type":"ReadAction","target":["https:\/\/www.istitutogalanteoliva.it\/magazine\/2023\/12\/13\/mercato-san-severino-sa-convegno-sulla-sostenibilita-ambientale\/"]}]},{"@type":"ImageObject","inLanguage":"it-IT","@id":"https:\/\/www.istitutogalanteoliva.it\/magazine\/2023\/12\/13\/mercato-san-severino-sa-convegno-sulla-sostenibilita-ambientale\/#primaryimage","url":"https:\/\/www.istitutogalanteoliva.it\/magazine\/wp-content\/uploads\/2023\/12\/Foto-articolo-Legno-Noia-3.jpg","contentUrl":"https:\/\/www.istitutogalanteoliva.it\/magazine\/wp-content\/uploads\/2023\/12\/Foto-articolo-Legno-Noia-3.jpg","width":700,"height":380},{"@type":"BreadcrumbList","@id":"https:\/\/www.istitutogalanteoliva.it\/magazine\/2023\/12\/13\/mercato-san-severino-sa-convegno-sulla-sostenibilita-ambientale\/#breadcrumb","itemListElement":[{"@type":"ListItem","position":1,"name":"Home","item":"https:\/\/www.istitutogalanteoliva.it\/magazine\/"},{"@type":"ListItem","position":2,"name":"Mercato San Severino (SA). Convegno sulla sostenibilit\u00e0 ambientale"}]},{"@type":"WebSite","@id":"https:\/\/www.istitutogalanteoliva.it\/magazine\/#website","url":"https:\/\/www.istitutogalanteoliva.it\/magazine\/","name":"POLIS SA MAGAZINE","description":"Informazione e approfondimenti","publisher":{"@id":"https:\/\/www.istitutogalanteoliva.it\/magazine\/#organization"},"potentialAction":[{"@type":"SearchAction","target":{"@type":"EntryPoint","urlTemplate":"https:\/\/www.istitutogalanteoliva.it\/magazine\/?s={search_term_string}"},"query-input":{"@type":"PropertyValueSpecification","valueRequired":true,"valueName":"search_term_string"}}],"inLanguage":"it-IT"},{"@type":"Organization","@id":"https:\/\/www.istitutogalanteoliva.it\/magazine\/#organization","name":"Polis SA Magazine","url":"https:\/\/www.istitutogalanteoliva.it\/magazine\/","logo":{"@type":"ImageObject","inLanguage":"it-IT","@id":"https:\/\/www.istitutogalanteoliva.it\/magazine\/#\/schema\/logo\/image\/","url":"","contentUrl":"","caption":"Polis SA Magazine"},"image":{"@id":"https:\/\/www.istitutogalanteoliva.it\/magazine\/#\/schema\/logo\/image\/"},"sameAs":["https:\/\/www.facebook.com\/PolisSAMagazine\/","https:\/\/x.com\/MagazinePolis","https:\/\/www.youtube.com\/channel\/UCv0Mr5AHKUmsc0sEEXkJrgw"]},{"@type":"Person","@id":"https:\/\/www.istitutogalanteoliva.it\/magazine\/#\/schema\/person\/d8b8aa79cfe8babc1df9da3212a7c0c4","name":"Antonello Rivano","image":{"@type":"ImageObject","inLanguage":"it-IT","@id":"https:\/\/www.istitutogalanteoliva.it\/magazine\/#\/schema\/person\/image\/","url":"https:\/\/secure.gravatar.com\/avatar\/517a9a6487a7a18ecc4ce6d2e57a8f40?s=96&d=mm&r=g","contentUrl":"https:\/\/secure.gravatar.com\/avatar\/517a9a6487a7a18ecc4ce6d2e57a8f40?s=96&d=mm&r=g","caption":"Antonello Rivano"},"url":"https:\/\/www.istitutogalanteoliva.it\/magazine\/author\/antonello\/"}]}},"_links":{"self":[{"href":"https:\/\/www.istitutogalanteoliva.it\/magazine\/wp-json\/wp\/v2\/posts\/14066","targetHints":{"allow":["GET"]}}],"collection":[{"href":"https:\/\/www.istitutogalanteoliva.it\/magazine\/wp-json\/wp\/v2\/posts"}],"about":[{"href":"https:\/\/www.istitutogalanteoliva.it\/magazine\/wp-json\/wp\/v2\/types\/post"}],"author":[{"embeddable":true,"href":"https:\/\/www.istitutogalanteoliva.it\/magazine\/wp-json\/wp\/v2\/users\/2"}],"replies":[{"embeddable":true,"href":"https:\/\/www.istitutogalanteoliva.it\/magazine\/wp-json\/wp\/v2\/comments?post=14066"}],"version-history":[{"count":1,"href":"https:\/\/www.istitutogalanteoliva.it\/magazine\/wp-json\/wp\/v2\/posts\/14066\/revisions"}],"predecessor-version":[{"id":14070,"href":"https:\/\/www.istitutogalanteoliva.it\/magazine\/wp-json\/wp\/v2\/posts\/14066\/revisions\/14070"}],"wp:featuredmedia":[{"embeddable":true,"href":"https:\/\/www.istitutogalanteoliva.it\/magazine\/wp-json\/wp\/v2\/media\/14069"}],"wp:attachment":[{"href":"https:\/\/www.istitutogalanteoliva.it\/magazine\/wp-json\/wp\/v2\/media?parent=14066"}],"wp:term":[{"taxonomy":"category","embeddable":true,"href":"https:\/\/www.istitutogalanteoliva.it\/magazine\/wp-json\/wp\/v2\/categories?post=14066"},{"taxonomy":"post_tag","embeddable":true,"href":"https:\/\/www.istitutogalanteoliva.it\/magazine\/wp-json\/wp\/v2\/tags?post=14066"}],"curies":[{"name":"wp","href":"https:\/\/api.w.org\/{rel}","templated":true}]}}