{"id":14085,"date":"2023-12-27T08:00:00","date_gmt":"2023-12-27T07:00:00","guid":{"rendered":"https:\/\/www.istitutogalanteoliva.it\/magazine\/?p=14085"},"modified":"2023-12-27T10:05:25","modified_gmt":"2023-12-27T09:05:25","slug":"tra-guerre-e-progresso-un-2023-di-sfide-globali-e-innovazioni","status":"publish","type":"post","link":"https:\/\/www.istitutogalanteoliva.it\/magazine\/2023\/12\/27\/tra-guerre-e-progresso-un-2023-di-sfide-globali-e-innovazioni\/","title":{"rendered":"Tra guerre e progresso: Un 2023 di sfide globali e innovazioni"},"content":{"rendered":"\n<p><strong>Di Antonello Rivano<\/strong><\/p>\n\n\n\n<p>L&#8217;anno 2023 si avvicina alla sua conclusione, offrendoci l&#8217;opportunit\u00e0 di riflettere su ci\u00f2 che \u00e8 stato e guardare avanti a ci\u00f2 che ci riserva il futuro. Questo periodo \u00e8 stato caratterizzato da sfide globali, guerre, cambiamenti significativi e momenti, seppur rari, di speranza, creando un mosaico di esperienze che definiranno il nostro ricordo di questo anno.<\/p>\n\n\n\n<h3 class=\"wp-block-heading\">Affrontare le Sfide Globali<\/h3>\n\n\n\n<p>Il 2023 \u00e8 stato un anno in cui il mondo ha dovuto affrontare diverse sfide. La pandemia di COVID-19 ha continuato a influenzare le nostre vite, sebbene con una consapevolezza crescente e una risposta globale pi\u00f9 efficace. L&#8217;umanit\u00e0 ha dimostrato una straordinaria capacit\u00e0 di adattamento e resilienza di fronte a questa crisi sanitaria.<\/p>\n\n\n\n<p>Oltre alla pandemia, il cambiamento climatico \u00e8 rimasto al centro dell&#8217;attenzione. Eventi climatici estremi hanno colpito diverse regioni del mondo, sottolineando l&#8217;importanza di affrontare la crisi ambientale con azioni concrete e sostenibili.<\/p>\n\n\n\n<h3 class=\"wp-block-heading\">Guerre e Conflitti Globali<\/h3>\n\n\n\n<p>Tuttavia, non possiamo ignorare il fatto che il 2023 \u00e8 stato segnato da conflitti e tensioni internazionali. La situazione in Ucraina, con il perdurare dell&#8217;invasione Russa, ha generato preoccupazione a livello globale. Il conflitto, con le sue conseguenze umanitarie devastanti, sottolinea l&#8217;urgenza di soluzioni diplomatiche e internazionali per promuovere la pace e la stabilit\u00e0.<\/p>\n\n\n\n<p>Nel Medio Oriente, il 2023 ha visto anche il persistere di tensioni, in particolare tra Israele e Hamas, con la strage del 7 ottobre e la successiva, terribile, situazione di guerra nella striscia di Gaza. Le continue ostilit\u00e0 nella regione mettono in discussione la possibilit\u00e0 di una soluzione pacifica e sottolineano l&#8217;importanza di sforzi internazionali mirati a una soluzione duratura.<\/p>\n\n\n\n<h3 class=\"wp-block-heading\"> Progressi e Innovazioni<\/h3>\n\n\n\n<p>Nonostante le sfide geopolitiche, il 2023 ha visto anche notevoli progressi e innovazioni. La ricerca scientifica ha continuato a fare passi da gigante, con scoperte e sviluppi in settori cruciali come la medicina, l&#8217;energia sostenibile e la tecnologia. Nuove prospettive si sono aperte, offrendo soluzioni innovative per problemi globali.<\/p>\n\n\n\n<p>Settori come l&#8217;intelligenza artificiale, la robotica e la biotecnologia hanno visto crescere la loro influenza, promettendo di trasformare radicalmente la nostra societ\u00e0 nel prossimo futuro. L&#8217;innovazione tecnologica ha contribuito a plasmare il modo in cui lavoriamo, comunichiamo e viviamo, aprendo nuove possibilit\u00e0 e sfide etiche.<\/p>\n\n\n\n<h3 class=\"wp-block-heading\"> Momenti di Solidariet\u00e0 e Unione<\/h3>\n\n\n\n<p>Nonostante le divisioni e le sfide, il 2023 ha anche evidenziato momenti di solidariet\u00e0 e unione. Le comunit\u00e0 locali e internazionali si sono unite per affrontare le crisi, dimostrando che la forza della collaborazione pu\u00f2 superare le difficolt\u00e0 pi\u00f9 impegnative. Iniziative di beneficenza, azioni volontarie e gesti di gentilezza hanno permeato il tessuto sociale, offrendo un raggio di speranza in tempi difficili.<\/p>\n\n\n\n<h3 class=\"wp-block-heading\">Pensare al &#8220;Noi&#8221; anzich\u00e9 all'&#8221;Io&#8221;<\/h3>\n\n\n\n<p>In questo periodo di riflessione, dovremmo considerare il potere dell&#8217;unione collettiva. L&#8217;anno 2023 ci ha insegnato che affrontare le sfide richiede un impegno comune. Dovremmo spostare il nostro focus dal &#8220;Io&#8221; al &#8220;Noi&#8221;, riconoscendo che solo lavorando insieme possiamo veramente creare un impatto significativo sulle questioni globali.<\/p>\n\n\n\n<p>La solidariet\u00e0 non conosce confini, e solo abbracciando la diversit\u00e0 e lavorando insieme possiamo sperare di costruire un futuro migliore. Che si tratti di affrontare le crisi ambientali, mitigare i conflitti internazionali o superare le sfide tecnologiche, l&#8217;approccio collettivo \u00e8 cruciale per il progresso duraturo.<\/p>\n\n\n\n<h3 class=\"wp-block-heading\"> Prospettive per il Futuro<\/h3>\n\n\n\n<p>Mentre ci avviciniamo alla fine del 2023, \u00e8 essenziale guardare avanti con ottimismo e determinazione. Le sfide rimangono, ma anche le opportunit\u00e0 di crescita e cambiamento. La lezione fondamentale che possiamo trarre da questo anno \u00e8 che, di fronte alle difficolt\u00e0, la resilienza e la collaborazione sono fondamentali per affrontare le sfide globali.<\/p>\n\n\n\n<p>Il 2024 si presenta come un capitolo inesplorato, pronto a essere scritto con le nostre azioni e decisioni. Possiamo impegnarci a lavorare insieme per affrontare le sfide future, abbracciare l&#8217;innovazione responsabile e promuovere la solidariet\u00e0 globale. Solo cos\u00ec potremo sperare di costruire un futuro pi\u00f9 sostenibile, inclusivo e prospero per tutti.<\/p>\n\n\n\n<p>Che il nuovo anno porti con s\u00e9 progresso, prosperit\u00e0 e un senso rinnovato di connessione umana.<\/p>\n\n\n\n<p class=\"has-text-align-left\"><img loading=\"lazy\" decoding=\"async\" width=\"80\" height=\"80\" class=\"wp-image-15584\" style=\"width: 80px;\" src=\"https:\/\/www.istitutogalanteoliva.it\/magazine\/wp-content\/uploads\/2024\/08\/anto.png\" alt=\"\" srcset=\"https:\/\/www.istitutogalanteoliva.it\/magazine\/wp-content\/uploads\/2024\/08\/anto.png 247w, https:\/\/www.istitutogalanteoliva.it\/magazine\/wp-content\/uploads\/2024\/08\/anto-150x150.png 150w\" sizes=\"auto, (max-width: 80px) 100vw, 80px\" \/><em><mark style=\"background-color:rgba(0, 0, 0, 0)\" class=\"has-inline-color has-black-color\"><strong><a href=\"https:\/\/www.istitutogalanteoliva\/antonello-rivano-2\/\">Antonello Rivano<\/a><\/strong><\/mark><\/em><br><sup><strong>Direttore di redazione\/coordinatore nazionale<\/strong> <strong><em>Polis SA Magazine<\/em><\/strong><\/sup><br><\/p>\n<div class=\"pdfprnt-buttons pdfprnt-buttons-post pdfprnt-bottom-left\"><a href=\"https:\/\/www.istitutogalanteoliva.it\/magazine\/wp-json\/wp\/v2\/posts\/14085?print=print\" class=\"pdfprnt-button pdfprnt-button-print\" target=\"_blank\"><img decoding=\"async\" src=\"https:\/\/www.istitutogalanteoliva.it\/magazine\/wp-content\/plugins\/pdf-print\/images\/print.png\" alt=\"image_print\" title=\"Stampa contenuto\" \/><span class=\"pdfprnt-button-title pdfprnt-button-print-title\">Download in PDF<\/span><\/a><\/div>","protected":false},"excerpt":{"rendered":"<p> Dal fronte di battaglia alle scoperte scientifiche, un bilancio completo dell&#8217;anno e le prospettive per il futuro<\/p>\n","protected":false},"author":2,"featured_media":14091,"comment_status":"closed","ping_status":"open","sticky":true,"template":"","format":"standard","meta":{"footnotes":""},"categories":[731,55,58],"tags":[869,870,867,866,868,871],"class_list":["post-14085","post","type-post","status-publish","format-standard","has-post-thumbnail","hentry","category-731","category-mondo","category-redazionale","tag-869","tag-870","tag-guerre","tag-monso","tag-sfide","tag-solidaroeta"],"yoast_head":"<!-- This site is optimized with the Yoast SEO plugin v24.2 - https:\/\/yoast.com\/wordpress\/plugins\/seo\/ -->\n<title>Tra guerre e progresso: Un 2023 di sfide globali e innovazioni - Polis SA Magazine<\/title>\n<meta name=\"robots\" content=\"index, follow, max-snippet:-1, max-image-preview:large, max-video-preview:-1\" \/>\n<link rel=\"canonical\" href=\"https:\/\/www.istitutogalanteoliva.it\/magazine\/2023\/12\/27\/tra-guerre-e-progresso-un-2023-di-sfide-globali-e-innovazioni\/\" \/>\n<meta property=\"og:locale\" content=\"it_IT\" \/>\n<meta property=\"og:type\" content=\"article\" \/>\n<meta property=\"og:title\" content=\"Tra guerre e progresso: Un 2023 di sfide globali e innovazioni - Polis SA Magazine\" \/>\n<meta property=\"og:description\" content=\"Dal fronte di battaglia alle scoperte scientifiche, un bilancio completo dell&#039;anno e le prospettive per il futuro\" \/>\n<meta property=\"og:url\" content=\"https:\/\/www.istitutogalanteoliva.it\/magazine\/2023\/12\/27\/tra-guerre-e-progresso-un-2023-di-sfide-globali-e-innovazioni\/\" \/>\n<meta property=\"og:site_name\" content=\"Polis SA Magazine\" \/>\n<meta property=\"article:publisher\" content=\"https:\/\/www.facebook.com\/PolisSAMagazine\/\" \/>\n<meta property=\"article:published_time\" content=\"2023-12-27T07:00:00+00:00\" \/>\n<meta property=\"article:modified_time\" content=\"2023-12-27T09:05:25+00:00\" \/>\n<meta property=\"og:image\" content=\"https:\/\/www.istitutogalanteoliva.it\/magazine\/wp-content\/uploads\/2023\/12\/Polis-2023-2.jpg\" \/>\n\t<meta property=\"og:image:width\" content=\"700\" \/>\n\t<meta property=\"og:image:height\" content=\"380\" \/>\n\t<meta property=\"og:image:type\" content=\"image\/jpeg\" \/>\n<meta name=\"author\" content=\"Antonello Rivano\" \/>\n<meta name=\"twitter:card\" content=\"summary_large_image\" \/>\n<meta name=\"twitter:creator\" content=\"@MagazinePolis\" \/>\n<meta name=\"twitter:site\" content=\"@MagazinePolis\" \/>\n<meta name=\"twitter:label1\" content=\"Scritto da\" \/>\n\t<meta name=\"twitter:data1\" content=\"Antonello Rivano\" \/>\n\t<meta name=\"twitter:label2\" content=\"Tempo di lettura stimato\" \/>\n\t<meta name=\"twitter:data2\" content=\"4 minuti\" \/>\n<script type=\"application\/ld+json\" class=\"yoast-schema-graph\">{\"@context\":\"https:\/\/schema.org\",\"@graph\":[{\"@type\":\"Article\",\"@id\":\"https:\/\/www.istitutogalanteoliva.it\/magazine\/2023\/12\/27\/tra-guerre-e-progresso-un-2023-di-sfide-globali-e-innovazioni\/#article\",\"isPartOf\":{\"@id\":\"https:\/\/www.istitutogalanteoliva.it\/magazine\/2023\/12\/27\/tra-guerre-e-progresso-un-2023-di-sfide-globali-e-innovazioni\/\"},\"author\":{\"name\":\"Antonello Rivano\",\"@id\":\"https:\/\/www.istitutogalanteoliva.it\/magazine\/#\/schema\/person\/d8b8aa79cfe8babc1df9da3212a7c0c4\"},\"headline\":\"Tra guerre e progresso: Un 2023 di sfide globali e innovazioni\",\"datePublished\":\"2023-12-27T07:00:00+00:00\",\"dateModified\":\"2023-12-27T09:05:25+00:00\",\"mainEntityOfPage\":{\"@id\":\"https:\/\/www.istitutogalanteoliva.it\/magazine\/2023\/12\/27\/tra-guerre-e-progresso-un-2023-di-sfide-globali-e-innovazioni\/\"},\"wordCount\":644,\"publisher\":{\"@id\":\"https:\/\/www.istitutogalanteoliva.it\/magazine\/#organization\"},\"image\":{\"@id\":\"https:\/\/www.istitutogalanteoliva.it\/magazine\/2023\/12\/27\/tra-guerre-e-progresso-un-2023-di-sfide-globali-e-innovazioni\/#primaryimage\"},\"thumbnailUrl\":\"https:\/\/www.istitutogalanteoliva.it\/magazine\/wp-content\/uploads\/2023\/12\/Polis-2023-2.jpg\",\"keywords\":[\"2023\",\"2024\",\"Guerre\",\"Monso\",\"Sfide\",\"Solidaroet\u00e0\"],\"articleSection\":[\"2023\",\"Mondo\",\"Redazionale\"],\"inLanguage\":\"it-IT\"},{\"@type\":\"WebPage\",\"@id\":\"https:\/\/www.istitutogalanteoliva.it\/magazine\/2023\/12\/27\/tra-guerre-e-progresso-un-2023-di-sfide-globali-e-innovazioni\/\",\"url\":\"https:\/\/www.istitutogalanteoliva.it\/magazine\/2023\/12\/27\/tra-guerre-e-progresso-un-2023-di-sfide-globali-e-innovazioni\/\",\"name\":\"Tra guerre e progresso: Un 2023 di sfide globali e innovazioni - Polis SA Magazine\",\"isPartOf\":{\"@id\":\"https:\/\/www.istitutogalanteoliva.it\/magazine\/#website\"},\"primaryImageOfPage\":{\"@id\":\"https:\/\/www.istitutogalanteoliva.it\/magazine\/2023\/12\/27\/tra-guerre-e-progresso-un-2023-di-sfide-globali-e-innovazioni\/#primaryimage\"},\"image\":{\"@id\":\"https:\/\/www.istitutogalanteoliva.it\/magazine\/2023\/12\/27\/tra-guerre-e-progresso-un-2023-di-sfide-globali-e-innovazioni\/#primaryimage\"},\"thumbnailUrl\":\"https:\/\/www.istitutogalanteoliva.it\/magazine\/wp-content\/uploads\/2023\/12\/Polis-2023-2.jpg\",\"datePublished\":\"2023-12-27T07:00:00+00:00\",\"dateModified\":\"2023-12-27T09:05:25+00:00\",\"breadcrumb\":{\"@id\":\"https:\/\/www.istitutogalanteoliva.it\/magazine\/2023\/12\/27\/tra-guerre-e-progresso-un-2023-di-sfide-globali-e-innovazioni\/#breadcrumb\"},\"inLanguage\":\"it-IT\",\"potentialAction\":[{\"@type\":\"ReadAction\",\"target\":[\"https:\/\/www.istitutogalanteoliva.it\/magazine\/2023\/12\/27\/tra-guerre-e-progresso-un-2023-di-sfide-globali-e-innovazioni\/\"]}]},{\"@type\":\"ImageObject\",\"inLanguage\":\"it-IT\",\"@id\":\"https:\/\/www.istitutogalanteoliva.it\/magazine\/2023\/12\/27\/tra-guerre-e-progresso-un-2023-di-sfide-globali-e-innovazioni\/#primaryimage\",\"url\":\"https:\/\/www.istitutogalanteoliva.it\/magazine\/wp-content\/uploads\/2023\/12\/Polis-2023-2.jpg\",\"contentUrl\":\"https:\/\/www.istitutogalanteoliva.it\/magazine\/wp-content\/uploads\/2023\/12\/Polis-2023-2.jpg\",\"width\":700,\"height\":380},{\"@type\":\"BreadcrumbList\",\"@id\":\"https:\/\/www.istitutogalanteoliva.it\/magazine\/2023\/12\/27\/tra-guerre-e-progresso-un-2023-di-sfide-globali-e-innovazioni\/#breadcrumb\",\"itemListElement\":[{\"@type\":\"ListItem\",\"position\":1,\"name\":\"Home\",\"item\":\"https:\/\/www.istitutogalanteoliva.it\/magazine\/\"},{\"@type\":\"ListItem\",\"position\":2,\"name\":\"Tra guerre e progresso: Un 2023 di sfide globali e innovazioni\"}]},{\"@type\":\"WebSite\",\"@id\":\"https:\/\/www.istitutogalanteoliva.it\/magazine\/#website\",\"url\":\"https:\/\/www.istitutogalanteoliva.it\/magazine\/\",\"name\":\"POLIS SA MAGAZINE\",\"description\":\"Informazione e approfondimenti\",\"publisher\":{\"@id\":\"https:\/\/www.istitutogalanteoliva.it\/magazine\/#organization\"},\"potentialAction\":[{\"@type\":\"SearchAction\",\"target\":{\"@type\":\"EntryPoint\",\"urlTemplate\":\"https:\/\/www.istitutogalanteoliva.it\/magazine\/?s={search_term_string}\"},\"query-input\":{\"@type\":\"PropertyValueSpecification\",\"valueRequired\":true,\"valueName\":\"search_term_string\"}}],\"inLanguage\":\"it-IT\"},{\"@type\":\"Organization\",\"@id\":\"https:\/\/www.istitutogalanteoliva.it\/magazine\/#organization\",\"name\":\"Polis SA Magazine\",\"url\":\"https:\/\/www.istitutogalanteoliva.it\/magazine\/\",\"logo\":{\"@type\":\"ImageObject\",\"inLanguage\":\"it-IT\",\"@id\":\"https:\/\/www.istitutogalanteoliva.it\/magazine\/#\/schema\/logo\/image\/\",\"url\":\"\",\"contentUrl\":\"\",\"caption\":\"Polis SA Magazine\"},\"image\":{\"@id\":\"https:\/\/www.istitutogalanteoliva.it\/magazine\/#\/schema\/logo\/image\/\"},\"sameAs\":[\"https:\/\/www.facebook.com\/PolisSAMagazine\/\",\"https:\/\/x.com\/MagazinePolis\",\"https:\/\/www.youtube.com\/channel\/UCv0Mr5AHKUmsc0sEEXkJrgw\"]},{\"@type\":\"Person\",\"@id\":\"https:\/\/www.istitutogalanteoliva.it\/magazine\/#\/schema\/person\/d8b8aa79cfe8babc1df9da3212a7c0c4\",\"name\":\"Antonello Rivano\",\"image\":{\"@type\":\"ImageObject\",\"inLanguage\":\"it-IT\",\"@id\":\"https:\/\/www.istitutogalanteoliva.it\/magazine\/#\/schema\/person\/image\/\",\"url\":\"https:\/\/secure.gravatar.com\/avatar\/517a9a6487a7a18ecc4ce6d2e57a8f40?s=96&d=mm&r=g\",\"contentUrl\":\"https:\/\/secure.gravatar.com\/avatar\/517a9a6487a7a18ecc4ce6d2e57a8f40?s=96&d=mm&r=g\",\"caption\":\"Antonello Rivano\"},\"url\":\"https:\/\/www.istitutogalanteoliva.it\/magazine\/author\/antonello\/\"}]}<\/script>\n<!-- \/ Yoast SEO plugin. -->","yoast_head_json":{"title":"Tra guerre e progresso: Un 2023 di sfide globali e innovazioni - Polis SA Magazine","robots":{"index":"index","follow":"follow","max-snippet":"max-snippet:-1","max-image-preview":"max-image-preview:large","max-video-preview":"max-video-preview:-1"},"canonical":"https:\/\/www.istitutogalanteoliva.it\/magazine\/2023\/12\/27\/tra-guerre-e-progresso-un-2023-di-sfide-globali-e-innovazioni\/","og_locale":"it_IT","og_type":"article","og_title":"Tra guerre e progresso: Un 2023 di sfide globali e innovazioni - Polis SA Magazine","og_description":"Dal fronte di battaglia alle scoperte scientifiche, un bilancio completo dell'anno e le prospettive per il futuro","og_url":"https:\/\/www.istitutogalanteoliva.it\/magazine\/2023\/12\/27\/tra-guerre-e-progresso-un-2023-di-sfide-globali-e-innovazioni\/","og_site_name":"Polis SA Magazine","article_publisher":"https:\/\/www.facebook.com\/PolisSAMagazine\/","article_published_time":"2023-12-27T07:00:00+00:00","article_modified_time":"2023-12-27T09:05:25+00:00","og_image":[{"width":700,"height":380,"url":"https:\/\/www.istitutogalanteoliva.it\/magazine\/wp-content\/uploads\/2023\/12\/Polis-2023-2.jpg","type":"image\/jpeg"}],"author":"Antonello Rivano","twitter_card":"summary_large_image","twitter_creator":"@MagazinePolis","twitter_site":"@MagazinePolis","twitter_misc":{"Scritto da":"Antonello Rivano","Tempo di lettura stimato":"4 minuti"},"schema":{"@context":"https:\/\/schema.org","@graph":[{"@type":"Article","@id":"https:\/\/www.istitutogalanteoliva.it\/magazine\/2023\/12\/27\/tra-guerre-e-progresso-un-2023-di-sfide-globali-e-innovazioni\/#article","isPartOf":{"@id":"https:\/\/www.istitutogalanteoliva.it\/magazine\/2023\/12\/27\/tra-guerre-e-progresso-un-2023-di-sfide-globali-e-innovazioni\/"},"author":{"name":"Antonello Rivano","@id":"https:\/\/www.istitutogalanteoliva.it\/magazine\/#\/schema\/person\/d8b8aa79cfe8babc1df9da3212a7c0c4"},"headline":"Tra guerre e progresso: Un 2023 di sfide globali e innovazioni","datePublished":"2023-12-27T07:00:00+00:00","dateModified":"2023-12-27T09:05:25+00:00","mainEntityOfPage":{"@id":"https:\/\/www.istitutogalanteoliva.it\/magazine\/2023\/12\/27\/tra-guerre-e-progresso-un-2023-di-sfide-globali-e-innovazioni\/"},"wordCount":644,"publisher":{"@id":"https:\/\/www.istitutogalanteoliva.it\/magazine\/#organization"},"image":{"@id":"https:\/\/www.istitutogalanteoliva.it\/magazine\/2023\/12\/27\/tra-guerre-e-progresso-un-2023-di-sfide-globali-e-innovazioni\/#primaryimage"},"thumbnailUrl":"https:\/\/www.istitutogalanteoliva.it\/magazine\/wp-content\/uploads\/2023\/12\/Polis-2023-2.jpg","keywords":["2023","2024","Guerre","Monso","Sfide","Solidaroet\u00e0"],"articleSection":["2023","Mondo","Redazionale"],"inLanguage":"it-IT"},{"@type":"WebPage","@id":"https:\/\/www.istitutogalanteoliva.it\/magazine\/2023\/12\/27\/tra-guerre-e-progresso-un-2023-di-sfide-globali-e-innovazioni\/","url":"https:\/\/www.istitutogalanteoliva.it\/magazine\/2023\/12\/27\/tra-guerre-e-progresso-un-2023-di-sfide-globali-e-innovazioni\/","name":"Tra guerre e progresso: Un 2023 di sfide globali e innovazioni - Polis SA Magazine","isPartOf":{"@id":"https:\/\/www.istitutogalanteoliva.it\/magazine\/#website"},"primaryImageOfPage":{"@id":"https:\/\/www.istitutogalanteoliva.it\/magazine\/2023\/12\/27\/tra-guerre-e-progresso-un-2023-di-sfide-globali-e-innovazioni\/#primaryimage"},"image":{"@id":"https:\/\/www.istitutogalanteoliva.it\/magazine\/2023\/12\/27\/tra-guerre-e-progresso-un-2023-di-sfide-globali-e-innovazioni\/#primaryimage"},"thumbnailUrl":"https:\/\/www.istitutogalanteoliva.it\/magazine\/wp-content\/uploads\/2023\/12\/Polis-2023-2.jpg","datePublished":"2023-12-27T07:00:00+00:00","dateModified":"2023-12-27T09:05:25+00:00","breadcrumb":{"@id":"https:\/\/www.istitutogalanteoliva.it\/magazine\/2023\/12\/27\/tra-guerre-e-progresso-un-2023-di-sfide-globali-e-innovazioni\/#breadcrumb"},"inLanguage":"it-IT","potentialAction":[{"@type":"ReadAction","target":["https:\/\/www.istitutogalanteoliva.it\/magazine\/2023\/12\/27\/tra-guerre-e-progresso-un-2023-di-sfide-globali-e-innovazioni\/"]}]},{"@type":"ImageObject","inLanguage":"it-IT","@id":"https:\/\/www.istitutogalanteoliva.it\/magazine\/2023\/12\/27\/tra-guerre-e-progresso-un-2023-di-sfide-globali-e-innovazioni\/#primaryimage","url":"https:\/\/www.istitutogalanteoliva.it\/magazine\/wp-content\/uploads\/2023\/12\/Polis-2023-2.jpg","contentUrl":"https:\/\/www.istitutogalanteoliva.it\/magazine\/wp-content\/uploads\/2023\/12\/Polis-2023-2.jpg","width":700,"height":380},{"@type":"BreadcrumbList","@id":"https:\/\/www.istitutogalanteoliva.it\/magazine\/2023\/12\/27\/tra-guerre-e-progresso-un-2023-di-sfide-globali-e-innovazioni\/#breadcrumb","itemListElement":[{"@type":"ListItem","position":1,"name":"Home","item":"https:\/\/www.istitutogalanteoliva.it\/magazine\/"},{"@type":"ListItem","position":2,"name":"Tra guerre e progresso: Un 2023 di sfide globali e innovazioni"}]},{"@type":"WebSite","@id":"https:\/\/www.istitutogalanteoliva.it\/magazine\/#website","url":"https:\/\/www.istitutogalanteoliva.it\/magazine\/","name":"POLIS SA MAGAZINE","description":"Informazione e approfondimenti","publisher":{"@id":"https:\/\/www.istitutogalanteoliva.it\/magazine\/#organization"},"potentialAction":[{"@type":"SearchAction","target":{"@type":"EntryPoint","urlTemplate":"https:\/\/www.istitutogalanteoliva.it\/magazine\/?s={search_term_string}"},"query-input":{"@type":"PropertyValueSpecification","valueRequired":true,"valueName":"search_term_string"}}],"inLanguage":"it-IT"},{"@type":"Organization","@id":"https:\/\/www.istitutogalanteoliva.it\/magazine\/#organization","name":"Polis SA Magazine","url":"https:\/\/www.istitutogalanteoliva.it\/magazine\/","logo":{"@type":"ImageObject","inLanguage":"it-IT","@id":"https:\/\/www.istitutogalanteoliva.it\/magazine\/#\/schema\/logo\/image\/","url":"","contentUrl":"","caption":"Polis SA Magazine"},"image":{"@id":"https:\/\/www.istitutogalanteoliva.it\/magazine\/#\/schema\/logo\/image\/"},"sameAs":["https:\/\/www.facebook.com\/PolisSAMagazine\/","https:\/\/x.com\/MagazinePolis","https:\/\/www.youtube.com\/channel\/UCv0Mr5AHKUmsc0sEEXkJrgw"]},{"@type":"Person","@id":"https:\/\/www.istitutogalanteoliva.it\/magazine\/#\/schema\/person\/d8b8aa79cfe8babc1df9da3212a7c0c4","name":"Antonello Rivano","image":{"@type":"ImageObject","inLanguage":"it-IT","@id":"https:\/\/www.istitutogalanteoliva.it\/magazine\/#\/schema\/person\/image\/","url":"https:\/\/secure.gravatar.com\/avatar\/517a9a6487a7a18ecc4ce6d2e57a8f40?s=96&d=mm&r=g","contentUrl":"https:\/\/secure.gravatar.com\/avatar\/517a9a6487a7a18ecc4ce6d2e57a8f40?s=96&d=mm&r=g","caption":"Antonello Rivano"},"url":"https:\/\/www.istitutogalanteoliva.it\/magazine\/author\/antonello\/"}]}},"_links":{"self":[{"href":"https:\/\/www.istitutogalanteoliva.it\/magazine\/wp-json\/wp\/v2\/posts\/14085","targetHints":{"allow":["GET"]}}],"collection":[{"href":"https:\/\/www.istitutogalanteoliva.it\/magazine\/wp-json\/wp\/v2\/posts"}],"about":[{"href":"https:\/\/www.istitutogalanteoliva.it\/magazine\/wp-json\/wp\/v2\/types\/post"}],"author":[{"embeddable":true,"href":"https:\/\/www.istitutogalanteoliva.it\/magazine\/wp-json\/wp\/v2\/users\/2"}],"replies":[{"embeddable":true,"href":"https:\/\/www.istitutogalanteoliva.it\/magazine\/wp-json\/wp\/v2\/comments?post=14085"}],"version-history":[{"count":2,"href":"https:\/\/www.istitutogalanteoliva.it\/magazine\/wp-json\/wp\/v2\/posts\/14085\/revisions"}],"predecessor-version":[{"id":14093,"href":"https:\/\/www.istitutogalanteoliva.it\/magazine\/wp-json\/wp\/v2\/posts\/14085\/revisions\/14093"}],"wp:featuredmedia":[{"embeddable":true,"href":"https:\/\/www.istitutogalanteoliva.it\/magazine\/wp-json\/wp\/v2\/media\/14091"}],"wp:attachment":[{"href":"https:\/\/www.istitutogalanteoliva.it\/magazine\/wp-json\/wp\/v2\/media?parent=14085"}],"wp:term":[{"taxonomy":"category","embeddable":true,"href":"https:\/\/www.istitutogalanteoliva.it\/magazine\/wp-json\/wp\/v2\/categories?post=14085"},{"taxonomy":"post_tag","embeddable":true,"href":"https:\/\/www.istitutogalanteoliva.it\/magazine\/wp-json\/wp\/v2\/tags?post=14085"}],"curies":[{"name":"wp","href":"https:\/\/api.w.org\/{rel}","templated":true}]}}