{"id":14100,"date":"2024-01-03T16:44:36","date_gmt":"2024-01-03T15:44:36","guid":{"rendered":"https:\/\/www.istitutogalanteoliva.it\/magazine\/?p=14100"},"modified":"2024-01-03T16:44:38","modified_gmt":"2024-01-03T15:44:38","slug":"armonia-e-bellezza-nel-recital-natalizio-di-roccapiemonte-i-bambini-protagonisti-della-pace","status":"publish","type":"post","link":"https:\/\/www.istitutogalanteoliva.it\/magazine\/2024\/01\/03\/armonia-e-bellezza-nel-recital-natalizio-di-roccapiemonte-i-bambini-protagonisti-della-pace\/","title":{"rendered":"Armonia e bellezza nel recital natalizio di Roccapiemonte: I bambini protagonisti della pace"},"content":{"rendered":"\n<p>Di Anna Maria Noia <\/p>\n\n\n\n<p>Una bella festa, un momento importante \u2013 all\u2019insegna dei valori d\u2019ispirazione cattolica, e non solo. Questo ha costituito la commovente, e partecipata, rappresentazione natalizia del 22 dicembre scorso &#8211; \u201callestita\u201d presso il santuario di Maria Santissima, in Materdomini (Nocera Superiore).<\/p>\n\n\n\n<p>Si \u00e8 trattato del consueto appuntamento prefestivo \u2013 in vista del Natale, e delle \u201cvacanze\u201d ad esso correlate \u2013 organizzato dall\u2019istituto \u201cSuore francescane alcantarine\u201d in Roccapiemonte, Salerno. \u00c8 stato bello vedere \u2013 chi scrive ne \u00e8 stata testimone, avendo potuto \u201cgustare\u201d la bellezza e l\u2019armonia dei bambini, mentre recitavano \u2013 tante famiglie unite e serene.<\/p>\n\n\n\n<p>Per una rappresentazione di oltre due ore, tra balletti (con la partecipazione delle allieve di una scuola di danza, vicina all\u2019istituto), canti \u2013 rigorosamente dal vivo (ed \u00e8 stata la novit\u00e0, per il 2023) \u2013 e quant\u2019altro. Questa volta, il tema della serata verteva sugli inni di pace: \u201cWe choose the peace\u201d, \u00e8 stato il titolo della drammatizzazione. \u201cNoi scegliamo la pace\u201d. Davvero impegnativo questo argomento, eppure opportuno e necessario \u2013 visti i nostri tempi, cos\u00ec densi di violenza e cattiveria.<\/p>\n\n\n\n<p>All\u2019evento hanno preso parte gli scolari e le scolarette della \u201cPrimaria\u201d, ma la scuola accoglie anche i piccoli e le piccine dell\u2019Infanzia. Tutti sono stati davvero validi e bravi, ben educati; coinvolti e impegnati. Il risultato \u00e8 stato pi\u00f9 che soddisfacente, grazie ai pazienti insegnamenti del corpo docente \u2013 costituito sia da religiose che da maestre ed educatori \u201claici\u201d.<\/p>\n\n\n\n<p>Nel corso della manifestazione, seguita \u2013 come accennato sopra \u2013 da numerosi spettatori, madri e padri; fratelli; parenti, si \u00e8 respirato il vero clima di Natale. Una vera e propria magia, dall\u2019intima atmosfera colma di bont\u00e0. Accompagnati ai vari strumenti (piano, chitarra e altro) dai maestri, i piccoli allievi hanno incantato l\u2019uditorio &#8211; interpretando brani anche difficili e impegnativi. Con eccellenti risultati. Spartiti di parole che dovrebbero far riflettere gli adulti.<\/p>\n\n\n\n<p>Tra le hit maggiormente aderenti alla tematica della pace, ecco che i piccoli (tutti insieme, dalla prima alla quinta classe \u201celementare\u201d!) hanno \u201caffrontato\u201d, durante l\u2019esibizione: \u201cBambini\u201d, di Paola Turci; \u201cImagine\u201d, di John Lennon; \u201cSamarcanda\u201d (Roberto Vecchioni); \u201cWe are the world\u201d. E molti altri brani musicali similari. I cantori in erba non hanno mostrato la minima incertezza, mettendosi \u201cin gioco\u201d (letteralmente) con perentoriet\u00e0 e perizia.<\/p>\n\n\n\n<p>Tutti i presenti hanno applaudito, in un clima di condivisione e \u2013 appunto \u2013 di pace. Che \u00e8 \u2013 poi \u2013 il segno stesso del Natale; il divino Bambino diverr\u00e0, ai suoi tempi e anche ai nostri, un vero Uomo. Egli solo potr\u00e0 portare la vera letizia nel cuore di ciascuno di noi. Ce lo insegna lo stesso Cristo, ce lo insegnano i bambini, con la propria \u2013 stupefatta &#8211; ingenuit\u00e0.<\/p>\n\n\n\n<p>Lo spettacolo \u00e8 andato avanti con molta armonia, nella melodia. Tra i partecipanti, fra il pubblico, annoveriamo gli insegnanti (maestri e maestre); le suore \u2013 tra le principali referenti dell\u2019istituto \u2013 le famiglie. Erano, inoltre, presenti il sindaco di Roccapiemonte, Carmine Pagano, e la moglie. L\u2019istituto delle suore, francescane alcantarine, \u00e8 un modello per tutto il comprensorio. Gli alunni sono ben seguiti, stimolati e amabilmente sollecitati. Con dolcezza, ma anche con seriet\u00e0.<\/p>\n\n\n\n<p>L\u2019indirizzo della Primaria pu\u00f2 contare circa un centinaio di bambini, poi vi sono coloro che frequentano \u2013 invece \u2013 l\u2019asilo (o scuola dell\u2019infanzia). L\u2019istituto (paritario) \u00e8 conosciuto come scuola \u201cMaterdomini\u201d, in onore alla Madonna \u201cmadre del Signore\u201d (in Latino). Le sorelle alcantarine sono attive, nel Rocchese, dal 1909. Sin dai primi del \u2018900, le religiose hanno perseguito la missione di istruire le giovanette \u2013 partendo dalle nozioni e informazioni culturali di base; nonch\u00e9 stimolando la manualit\u00e0 \u2013 attraverso il ricamo e le cosiddette \u201carti minori\u201d (cucito e affini).<\/p>\n\n\n\n<p>Negli anni, la scuola si ammanta di prestigio \u2013 proseguendo la sua storia. Arriviamo \u2013 cos\u00ec \u2013 al 1943, quando esso istituto ottiene, in via definitiva, la delibera della parifica. Da parte del Provveditorato agli studi. Nel 2002, infine, l\u2019istituzione scolastica ottempera ai sensi della Legge numero 62, del 10 maggio 2000.<\/p>\n\n\n\n<p>Ancora, ecco che le alcantarine accolgono \u2013 nei tempi pi\u00f9 recenti \u2013 anche bambini di sesso maschile. Provenienti da Roccapiemonte e da zone limitrofe \u2013 ad esempio: Mercato San Severino. Attualmente, le responsabili della scuola puntano, sempre di pi\u00f9, al dialogo e alla condivisione con la comunit\u00e0 laica \u2013 composta da genitori, maestri e dagli stessi alunni. Da allevare valorizzando l\u2019educazione alla fraternit\u00e0 e alla bellezza. Come? In che modo? Imparando i linguaggi delle nuove generazioni, tenendo conto delle loro necessit\u00e0 e dei processi culturali oggi mutuati dalla societ\u00e0. Fra tradizione e innovazione, insomma. Relazionandosi sempre pi\u00f9 con la diversit\u00e0; portando avanti la disponibilit\u00e0 di talenti e carismi \u2013<\/p>\n\n\n\n<p>sulla strada dell\u2019accoglienza e della solidariet\u00e0, come risposta alle urgenze della nostra epoca.<\/p>\n\n\n\n<p>Il percorso formativo ed educativo si avvale, infine, di misure strategiche che possano far s\u00ec che le famiglie vivano in un\u2019ottica di integrazione e di inclusione. Per il bene di ciascun allievo, in armonia con l\u2019ambiente circostante.<\/p>\n\n\n\n<p>Tornando \u2013 per un ultimo flash \u2013 al recital del 22 dicembre, era tutto molto coinvolgente ed ammaliante. Il coro era davvero angelico, le piccole ballerine \u2013 sia quelle della scuola di danza, che le bambine frequentanti l\u2019istituzione scolastica rocchese \u2013 sembravano flessuose libellule, aggraziate e compite. All\u2019insegna del candore e della genuinit\u00e0.<\/p>\n\n\n\n<p>Tra le bravissime \u201cinterpreti\u201d di tale recital, ricordiamo la piccola e dolce F. T. Sotto gli occhi \u201cansiosi\u201d, ma commossi, dei familiari. Pare che, a fine anno scolastico 2023\/2024, la scolaresca sar\u00e0 di scena a Mercato San Severino \u2013 al teatro comunale \u2013 per un ulteriore, \u201cpoetico\u201d (diciamo pure cos\u00ec, ad indicare la fantasia sognante dei bimbi) saggio musicale e\/o coreografico.<\/p>\n\n\n\n<p>Parlando con alcune insegnanti, emerge che la realt\u00e0 pedagogica offre molte occasioni di approfondimento \u2013 grazie a tanti progetti o \u201cPon\u201d, attivi o in attivazione. In particolare dal 2021\/2022. Protagonisti, oltre agli allievi, docenti interni \u2013 affiancati da esperti esterni. Cos\u00ec, le competenze degli allievi possono spaziare in differenti ambiti dello scibile umano. Toccando Italiano, Matematica, materie Stem, Teatro, Informatica, Musica lirica, Arte e immagine.<\/p>\n\n\n\n<p><img loading=\"lazy\" decoding=\"async\" width=\"80\" height=\"80\" class=\"wp-image-6058\" style=\"width: 80px;\" src=\"https:\/\/www.istitutogalanteoliva.it\/magazine\/wp-content\/uploads\/2021\/03\/Anna-Maria1.jpg\" alt=\"\" srcset=\"https:\/\/www.istitutogalanteoliva.it\/magazine\/wp-content\/uploads\/2021\/03\/Anna-Maria1.jpg 674w, https:\/\/www.istitutogalanteoliva.it\/magazine\/wp-content\/uploads\/2021\/03\/Anna-Maria1-300x300.jpg 300w, https:\/\/www.istitutogalanteoliva.it\/magazine\/wp-content\/uploads\/2021\/03\/Anna-Maria1-150x150.jpg 150w\" sizes=\"auto, (max-width: 80px) 100vw, 80px\" \/><em><a href=\"https:\/\/www.istitutogalanteoliva.it\/magazine\/?s=Anna+Maria+Noia+\" target=\"_blank\" rel=\"noreferrer noopener\"><strong>Anna Maria Noia<\/strong><\/a><\/em><\/p>\n\n\n\n<p><\/p>\n<div class=\"pdfprnt-buttons pdfprnt-buttons-post pdfprnt-bottom-left\"><a href=\"https:\/\/www.istitutogalanteoliva.it\/magazine\/wp-json\/wp\/v2\/posts\/14100?print=print\" class=\"pdfprnt-button pdfprnt-button-print\" target=\"_blank\"><img decoding=\"async\" src=\"https:\/\/www.istitutogalanteoliva.it\/magazine\/wp-content\/plugins\/pdf-print\/images\/print.png\" alt=\"image_print\" title=\"Stampa contenuto\" \/><span class=\"pdfprnt-button-title pdfprnt-button-print-title\">Download in PDF<\/span><\/a><\/div>","protected":false},"excerpt":{"rendered":"<p>Il Cuore della comunit\u00e0 si unisce nella magia del natale, con las cuola &#8216;Materdomini&#8217; e le Suore Francescane Alcantarine a guidare il cammino educativo<\/p>\n","protected":false},"author":2,"featured_media":14101,"comment_status":"closed","ping_status":"open","sticky":true,"template":"","format":"standard","meta":{"footnotes":""},"categories":[872,51],"tags":[196,691],"class_list":["post-14100","post","type-post","status-publish","format-standard","has-post-thumbnail","hentry","category-872","category-scuola","tag-bambini","tag-roccapiemonte"],"yoast_head":"<!-- This site is optimized with the Yoast SEO plugin v24.2 - https:\/\/yoast.com\/wordpress\/plugins\/seo\/ -->\n<title>Armonia e bellezza nel recital natalizio di Roccapiemonte: I bambini protagonisti della pace - Polis SA Magazine<\/title>\n<meta name=\"robots\" content=\"index, follow, max-snippet:-1, max-image-preview:large, max-video-preview:-1\" \/>\n<link rel=\"canonical\" href=\"https:\/\/www.istitutogalanteoliva.it\/magazine\/2024\/01\/03\/armonia-e-bellezza-nel-recital-natalizio-di-roccapiemonte-i-bambini-protagonisti-della-pace\/\" \/>\n<meta property=\"og:locale\" content=\"it_IT\" \/>\n<meta property=\"og:type\" content=\"article\" \/>\n<meta property=\"og:title\" content=\"Armonia e bellezza nel recital natalizio di Roccapiemonte: I bambini protagonisti della pace - Polis SA Magazine\" \/>\n<meta property=\"og:description\" content=\"Il Cuore della comunit\u00e0 si unisce nella magia del natale, con las cuola &#039;Materdomini&#039; e le Suore Francescane Alcantarine a guidare il cammino educativo\" \/>\n<meta property=\"og:url\" content=\"https:\/\/www.istitutogalanteoliva.it\/magazine\/2024\/01\/03\/armonia-e-bellezza-nel-recital-natalizio-di-roccapiemonte-i-bambini-protagonisti-della-pace\/\" \/>\n<meta property=\"og:site_name\" content=\"Polis SA Magazine\" \/>\n<meta property=\"article:publisher\" content=\"https:\/\/www.facebook.com\/PolisSAMagazine\/\" \/>\n<meta property=\"article:published_time\" content=\"2024-01-03T15:44:36+00:00\" \/>\n<meta property=\"article:modified_time\" content=\"2024-01-03T15:44:38+00:00\" \/>\n<meta property=\"og:image\" content=\"https:\/\/www.istitutogalanteoliva.it\/magazine\/wp-content\/uploads\/2024\/01\/Foto-Natale-Roccapiemonte-Noia-2.jpg\" \/>\n\t<meta property=\"og:image:width\" content=\"700\" \/>\n\t<meta property=\"og:image:height\" content=\"380\" \/>\n\t<meta property=\"og:image:type\" content=\"image\/jpeg\" \/>\n<meta name=\"author\" content=\"Antonello Rivano\" \/>\n<meta name=\"twitter:card\" content=\"summary_large_image\" \/>\n<meta name=\"twitter:creator\" content=\"@MagazinePolis\" \/>\n<meta name=\"twitter:site\" content=\"@MagazinePolis\" \/>\n<meta name=\"twitter:label1\" content=\"Scritto da\" \/>\n\t<meta name=\"twitter:data1\" content=\"Antonello Rivano\" \/>\n\t<meta name=\"twitter:label2\" content=\"Tempo di lettura stimato\" \/>\n\t<meta name=\"twitter:data2\" content=\"6 minuti\" \/>\n<script type=\"application\/ld+json\" class=\"yoast-schema-graph\">{\"@context\":\"https:\/\/schema.org\",\"@graph\":[{\"@type\":\"Article\",\"@id\":\"https:\/\/www.istitutogalanteoliva.it\/magazine\/2024\/01\/03\/armonia-e-bellezza-nel-recital-natalizio-di-roccapiemonte-i-bambini-protagonisti-della-pace\/#article\",\"isPartOf\":{\"@id\":\"https:\/\/www.istitutogalanteoliva.it\/magazine\/2024\/01\/03\/armonia-e-bellezza-nel-recital-natalizio-di-roccapiemonte-i-bambini-protagonisti-della-pace\/\"},\"author\":{\"name\":\"Antonello Rivano\",\"@id\":\"https:\/\/www.istitutogalanteoliva.it\/magazine\/#\/schema\/person\/d8b8aa79cfe8babc1df9da3212a7c0c4\"},\"headline\":\"Armonia e bellezza nel recital natalizio di Roccapiemonte: I bambini protagonisti della pace\",\"datePublished\":\"2024-01-03T15:44:36+00:00\",\"dateModified\":\"2024-01-03T15:44:38+00:00\",\"mainEntityOfPage\":{\"@id\":\"https:\/\/www.istitutogalanteoliva.it\/magazine\/2024\/01\/03\/armonia-e-bellezza-nel-recital-natalizio-di-roccapiemonte-i-bambini-protagonisti-della-pace\/\"},\"wordCount\":972,\"publisher\":{\"@id\":\"https:\/\/www.istitutogalanteoliva.it\/magazine\/#organization\"},\"image\":{\"@id\":\"https:\/\/www.istitutogalanteoliva.it\/magazine\/2024\/01\/03\/armonia-e-bellezza-nel-recital-natalizio-di-roccapiemonte-i-bambini-protagonisti-della-pace\/#primaryimage\"},\"thumbnailUrl\":\"https:\/\/www.istitutogalanteoliva.it\/magazine\/wp-content\/uploads\/2024\/01\/Foto-Natale-Roccapiemonte-Noia-2.jpg\",\"keywords\":[\"bambini\",\"Roccapiemonte\"],\"articleSection\":[\"2024\",\"Scuola\"],\"inLanguage\":\"it-IT\"},{\"@type\":\"WebPage\",\"@id\":\"https:\/\/www.istitutogalanteoliva.it\/magazine\/2024\/01\/03\/armonia-e-bellezza-nel-recital-natalizio-di-roccapiemonte-i-bambini-protagonisti-della-pace\/\",\"url\":\"https:\/\/www.istitutogalanteoliva.it\/magazine\/2024\/01\/03\/armonia-e-bellezza-nel-recital-natalizio-di-roccapiemonte-i-bambini-protagonisti-della-pace\/\",\"name\":\"Armonia e bellezza nel recital natalizio di Roccapiemonte: I bambini protagonisti della pace - Polis SA Magazine\",\"isPartOf\":{\"@id\":\"https:\/\/www.istitutogalanteoliva.it\/magazine\/#website\"},\"primaryImageOfPage\":{\"@id\":\"https:\/\/www.istitutogalanteoliva.it\/magazine\/2024\/01\/03\/armonia-e-bellezza-nel-recital-natalizio-di-roccapiemonte-i-bambini-protagonisti-della-pace\/#primaryimage\"},\"image\":{\"@id\":\"https:\/\/www.istitutogalanteoliva.it\/magazine\/2024\/01\/03\/armonia-e-bellezza-nel-recital-natalizio-di-roccapiemonte-i-bambini-protagonisti-della-pace\/#primaryimage\"},\"thumbnailUrl\":\"https:\/\/www.istitutogalanteoliva.it\/magazine\/wp-content\/uploads\/2024\/01\/Foto-Natale-Roccapiemonte-Noia-2.jpg\",\"datePublished\":\"2024-01-03T15:44:36+00:00\",\"dateModified\":\"2024-01-03T15:44:38+00:00\",\"breadcrumb\":{\"@id\":\"https:\/\/www.istitutogalanteoliva.it\/magazine\/2024\/01\/03\/armonia-e-bellezza-nel-recital-natalizio-di-roccapiemonte-i-bambini-protagonisti-della-pace\/#breadcrumb\"},\"inLanguage\":\"it-IT\",\"potentialAction\":[{\"@type\":\"ReadAction\",\"target\":[\"https:\/\/www.istitutogalanteoliva.it\/magazine\/2024\/01\/03\/armonia-e-bellezza-nel-recital-natalizio-di-roccapiemonte-i-bambini-protagonisti-della-pace\/\"]}]},{\"@type\":\"ImageObject\",\"inLanguage\":\"it-IT\",\"@id\":\"https:\/\/www.istitutogalanteoliva.it\/magazine\/2024\/01\/03\/armonia-e-bellezza-nel-recital-natalizio-di-roccapiemonte-i-bambini-protagonisti-della-pace\/#primaryimage\",\"url\":\"https:\/\/www.istitutogalanteoliva.it\/magazine\/wp-content\/uploads\/2024\/01\/Foto-Natale-Roccapiemonte-Noia-2.jpg\",\"contentUrl\":\"https:\/\/www.istitutogalanteoliva.it\/magazine\/wp-content\/uploads\/2024\/01\/Foto-Natale-Roccapiemonte-Noia-2.jpg\",\"width\":700,\"height\":380},{\"@type\":\"BreadcrumbList\",\"@id\":\"https:\/\/www.istitutogalanteoliva.it\/magazine\/2024\/01\/03\/armonia-e-bellezza-nel-recital-natalizio-di-roccapiemonte-i-bambini-protagonisti-della-pace\/#breadcrumb\",\"itemListElement\":[{\"@type\":\"ListItem\",\"position\":1,\"name\":\"Home\",\"item\":\"https:\/\/www.istitutogalanteoliva.it\/magazine\/\"},{\"@type\":\"ListItem\",\"position\":2,\"name\":\"Armonia e bellezza nel recital natalizio di Roccapiemonte: I bambini protagonisti della pace\"}]},{\"@type\":\"WebSite\",\"@id\":\"https:\/\/www.istitutogalanteoliva.it\/magazine\/#website\",\"url\":\"https:\/\/www.istitutogalanteoliva.it\/magazine\/\",\"name\":\"POLIS SA MAGAZINE\",\"description\":\"Informazione e approfondimenti\",\"publisher\":{\"@id\":\"https:\/\/www.istitutogalanteoliva.it\/magazine\/#organization\"},\"potentialAction\":[{\"@type\":\"SearchAction\",\"target\":{\"@type\":\"EntryPoint\",\"urlTemplate\":\"https:\/\/www.istitutogalanteoliva.it\/magazine\/?s={search_term_string}\"},\"query-input\":{\"@type\":\"PropertyValueSpecification\",\"valueRequired\":true,\"valueName\":\"search_term_string\"}}],\"inLanguage\":\"it-IT\"},{\"@type\":\"Organization\",\"@id\":\"https:\/\/www.istitutogalanteoliva.it\/magazine\/#organization\",\"name\":\"Polis SA Magazine\",\"url\":\"https:\/\/www.istitutogalanteoliva.it\/magazine\/\",\"logo\":{\"@type\":\"ImageObject\",\"inLanguage\":\"it-IT\",\"@id\":\"https:\/\/www.istitutogalanteoliva.it\/magazine\/#\/schema\/logo\/image\/\",\"url\":\"\",\"contentUrl\":\"\",\"caption\":\"Polis SA Magazine\"},\"image\":{\"@id\":\"https:\/\/www.istitutogalanteoliva.it\/magazine\/#\/schema\/logo\/image\/\"},\"sameAs\":[\"https:\/\/www.facebook.com\/PolisSAMagazine\/\",\"https:\/\/x.com\/MagazinePolis\",\"https:\/\/www.youtube.com\/channel\/UCv0Mr5AHKUmsc0sEEXkJrgw\"]},{\"@type\":\"Person\",\"@id\":\"https:\/\/www.istitutogalanteoliva.it\/magazine\/#\/schema\/person\/d8b8aa79cfe8babc1df9da3212a7c0c4\",\"name\":\"Antonello Rivano\",\"image\":{\"@type\":\"ImageObject\",\"inLanguage\":\"it-IT\",\"@id\":\"https:\/\/www.istitutogalanteoliva.it\/magazine\/#\/schema\/person\/image\/\",\"url\":\"https:\/\/secure.gravatar.com\/avatar\/517a9a6487a7a18ecc4ce6d2e57a8f40?s=96&d=mm&r=g\",\"contentUrl\":\"https:\/\/secure.gravatar.com\/avatar\/517a9a6487a7a18ecc4ce6d2e57a8f40?s=96&d=mm&r=g\",\"caption\":\"Antonello Rivano\"},\"url\":\"https:\/\/www.istitutogalanteoliva.it\/magazine\/author\/antonello\/\"}]}<\/script>\n<!-- \/ Yoast SEO plugin. -->","yoast_head_json":{"title":"Armonia e bellezza nel recital natalizio di Roccapiemonte: I bambini protagonisti della pace - Polis SA Magazine","robots":{"index":"index","follow":"follow","max-snippet":"max-snippet:-1","max-image-preview":"max-image-preview:large","max-video-preview":"max-video-preview:-1"},"canonical":"https:\/\/www.istitutogalanteoliva.it\/magazine\/2024\/01\/03\/armonia-e-bellezza-nel-recital-natalizio-di-roccapiemonte-i-bambini-protagonisti-della-pace\/","og_locale":"it_IT","og_type":"article","og_title":"Armonia e bellezza nel recital natalizio di Roccapiemonte: I bambini protagonisti della pace - Polis SA Magazine","og_description":"Il Cuore della comunit\u00e0 si unisce nella magia del natale, con las cuola 'Materdomini' e le Suore Francescane Alcantarine a guidare il cammino educativo","og_url":"https:\/\/www.istitutogalanteoliva.it\/magazine\/2024\/01\/03\/armonia-e-bellezza-nel-recital-natalizio-di-roccapiemonte-i-bambini-protagonisti-della-pace\/","og_site_name":"Polis SA Magazine","article_publisher":"https:\/\/www.facebook.com\/PolisSAMagazine\/","article_published_time":"2024-01-03T15:44:36+00:00","article_modified_time":"2024-01-03T15:44:38+00:00","og_image":[{"width":700,"height":380,"url":"https:\/\/www.istitutogalanteoliva.it\/magazine\/wp-content\/uploads\/2024\/01\/Foto-Natale-Roccapiemonte-Noia-2.jpg","type":"image\/jpeg"}],"author":"Antonello Rivano","twitter_card":"summary_large_image","twitter_creator":"@MagazinePolis","twitter_site":"@MagazinePolis","twitter_misc":{"Scritto da":"Antonello Rivano","Tempo di lettura stimato":"6 minuti"},"schema":{"@context":"https:\/\/schema.org","@graph":[{"@type":"Article","@id":"https:\/\/www.istitutogalanteoliva.it\/magazine\/2024\/01\/03\/armonia-e-bellezza-nel-recital-natalizio-di-roccapiemonte-i-bambini-protagonisti-della-pace\/#article","isPartOf":{"@id":"https:\/\/www.istitutogalanteoliva.it\/magazine\/2024\/01\/03\/armonia-e-bellezza-nel-recital-natalizio-di-roccapiemonte-i-bambini-protagonisti-della-pace\/"},"author":{"name":"Antonello Rivano","@id":"https:\/\/www.istitutogalanteoliva.it\/magazine\/#\/schema\/person\/d8b8aa79cfe8babc1df9da3212a7c0c4"},"headline":"Armonia e bellezza nel recital natalizio di Roccapiemonte: I bambini protagonisti della pace","datePublished":"2024-01-03T15:44:36+00:00","dateModified":"2024-01-03T15:44:38+00:00","mainEntityOfPage":{"@id":"https:\/\/www.istitutogalanteoliva.it\/magazine\/2024\/01\/03\/armonia-e-bellezza-nel-recital-natalizio-di-roccapiemonte-i-bambini-protagonisti-della-pace\/"},"wordCount":972,"publisher":{"@id":"https:\/\/www.istitutogalanteoliva.it\/magazine\/#organization"},"image":{"@id":"https:\/\/www.istitutogalanteoliva.it\/magazine\/2024\/01\/03\/armonia-e-bellezza-nel-recital-natalizio-di-roccapiemonte-i-bambini-protagonisti-della-pace\/#primaryimage"},"thumbnailUrl":"https:\/\/www.istitutogalanteoliva.it\/magazine\/wp-content\/uploads\/2024\/01\/Foto-Natale-Roccapiemonte-Noia-2.jpg","keywords":["bambini","Roccapiemonte"],"articleSection":["2024","Scuola"],"inLanguage":"it-IT"},{"@type":"WebPage","@id":"https:\/\/www.istitutogalanteoliva.it\/magazine\/2024\/01\/03\/armonia-e-bellezza-nel-recital-natalizio-di-roccapiemonte-i-bambini-protagonisti-della-pace\/","url":"https:\/\/www.istitutogalanteoliva.it\/magazine\/2024\/01\/03\/armonia-e-bellezza-nel-recital-natalizio-di-roccapiemonte-i-bambini-protagonisti-della-pace\/","name":"Armonia e bellezza nel recital natalizio di Roccapiemonte: I bambini protagonisti della pace - Polis SA Magazine","isPartOf":{"@id":"https:\/\/www.istitutogalanteoliva.it\/magazine\/#website"},"primaryImageOfPage":{"@id":"https:\/\/www.istitutogalanteoliva.it\/magazine\/2024\/01\/03\/armonia-e-bellezza-nel-recital-natalizio-di-roccapiemonte-i-bambini-protagonisti-della-pace\/#primaryimage"},"image":{"@id":"https:\/\/www.istitutogalanteoliva.it\/magazine\/2024\/01\/03\/armonia-e-bellezza-nel-recital-natalizio-di-roccapiemonte-i-bambini-protagonisti-della-pace\/#primaryimage"},"thumbnailUrl":"https:\/\/www.istitutogalanteoliva.it\/magazine\/wp-content\/uploads\/2024\/01\/Foto-Natale-Roccapiemonte-Noia-2.jpg","datePublished":"2024-01-03T15:44:36+00:00","dateModified":"2024-01-03T15:44:38+00:00","breadcrumb":{"@id":"https:\/\/www.istitutogalanteoliva.it\/magazine\/2024\/01\/03\/armonia-e-bellezza-nel-recital-natalizio-di-roccapiemonte-i-bambini-protagonisti-della-pace\/#breadcrumb"},"inLanguage":"it-IT","potentialAction":[{"@type":"ReadAction","target":["https:\/\/www.istitutogalanteoliva.it\/magazine\/2024\/01\/03\/armonia-e-bellezza-nel-recital-natalizio-di-roccapiemonte-i-bambini-protagonisti-della-pace\/"]}]},{"@type":"ImageObject","inLanguage":"it-IT","@id":"https:\/\/www.istitutogalanteoliva.it\/magazine\/2024\/01\/03\/armonia-e-bellezza-nel-recital-natalizio-di-roccapiemonte-i-bambini-protagonisti-della-pace\/#primaryimage","url":"https:\/\/www.istitutogalanteoliva.it\/magazine\/wp-content\/uploads\/2024\/01\/Foto-Natale-Roccapiemonte-Noia-2.jpg","contentUrl":"https:\/\/www.istitutogalanteoliva.it\/magazine\/wp-content\/uploads\/2024\/01\/Foto-Natale-Roccapiemonte-Noia-2.jpg","width":700,"height":380},{"@type":"BreadcrumbList","@id":"https:\/\/www.istitutogalanteoliva.it\/magazine\/2024\/01\/03\/armonia-e-bellezza-nel-recital-natalizio-di-roccapiemonte-i-bambini-protagonisti-della-pace\/#breadcrumb","itemListElement":[{"@type":"ListItem","position":1,"name":"Home","item":"https:\/\/www.istitutogalanteoliva.it\/magazine\/"},{"@type":"ListItem","position":2,"name":"Armonia e bellezza nel recital natalizio di Roccapiemonte: I bambini protagonisti della pace"}]},{"@type":"WebSite","@id":"https:\/\/www.istitutogalanteoliva.it\/magazine\/#website","url":"https:\/\/www.istitutogalanteoliva.it\/magazine\/","name":"POLIS SA MAGAZINE","description":"Informazione e approfondimenti","publisher":{"@id":"https:\/\/www.istitutogalanteoliva.it\/magazine\/#organization"},"potentialAction":[{"@type":"SearchAction","target":{"@type":"EntryPoint","urlTemplate":"https:\/\/www.istitutogalanteoliva.it\/magazine\/?s={search_term_string}"},"query-input":{"@type":"PropertyValueSpecification","valueRequired":true,"valueName":"search_term_string"}}],"inLanguage":"it-IT"},{"@type":"Organization","@id":"https:\/\/www.istitutogalanteoliva.it\/magazine\/#organization","name":"Polis SA Magazine","url":"https:\/\/www.istitutogalanteoliva.it\/magazine\/","logo":{"@type":"ImageObject","inLanguage":"it-IT","@id":"https:\/\/www.istitutogalanteoliva.it\/magazine\/#\/schema\/logo\/image\/","url":"","contentUrl":"","caption":"Polis SA Magazine"},"image":{"@id":"https:\/\/www.istitutogalanteoliva.it\/magazine\/#\/schema\/logo\/image\/"},"sameAs":["https:\/\/www.facebook.com\/PolisSAMagazine\/","https:\/\/x.com\/MagazinePolis","https:\/\/www.youtube.com\/channel\/UCv0Mr5AHKUmsc0sEEXkJrgw"]},{"@type":"Person","@id":"https:\/\/www.istitutogalanteoliva.it\/magazine\/#\/schema\/person\/d8b8aa79cfe8babc1df9da3212a7c0c4","name":"Antonello Rivano","image":{"@type":"ImageObject","inLanguage":"it-IT","@id":"https:\/\/www.istitutogalanteoliva.it\/magazine\/#\/schema\/person\/image\/","url":"https:\/\/secure.gravatar.com\/avatar\/517a9a6487a7a18ecc4ce6d2e57a8f40?s=96&d=mm&r=g","contentUrl":"https:\/\/secure.gravatar.com\/avatar\/517a9a6487a7a18ecc4ce6d2e57a8f40?s=96&d=mm&r=g","caption":"Antonello Rivano"},"url":"https:\/\/www.istitutogalanteoliva.it\/magazine\/author\/antonello\/"}]}},"_links":{"self":[{"href":"https:\/\/www.istitutogalanteoliva.it\/magazine\/wp-json\/wp\/v2\/posts\/14100","targetHints":{"allow":["GET"]}}],"collection":[{"href":"https:\/\/www.istitutogalanteoliva.it\/magazine\/wp-json\/wp\/v2\/posts"}],"about":[{"href":"https:\/\/www.istitutogalanteoliva.it\/magazine\/wp-json\/wp\/v2\/types\/post"}],"author":[{"embeddable":true,"href":"https:\/\/www.istitutogalanteoliva.it\/magazine\/wp-json\/wp\/v2\/users\/2"}],"replies":[{"embeddable":true,"href":"https:\/\/www.istitutogalanteoliva.it\/magazine\/wp-json\/wp\/v2\/comments?post=14100"}],"version-history":[{"count":1,"href":"https:\/\/www.istitutogalanteoliva.it\/magazine\/wp-json\/wp\/v2\/posts\/14100\/revisions"}],"predecessor-version":[{"id":14102,"href":"https:\/\/www.istitutogalanteoliva.it\/magazine\/wp-json\/wp\/v2\/posts\/14100\/revisions\/14102"}],"wp:featuredmedia":[{"embeddable":true,"href":"https:\/\/www.istitutogalanteoliva.it\/magazine\/wp-json\/wp\/v2\/media\/14101"}],"wp:attachment":[{"href":"https:\/\/www.istitutogalanteoliva.it\/magazine\/wp-json\/wp\/v2\/media?parent=14100"}],"wp:term":[{"taxonomy":"category","embeddable":true,"href":"https:\/\/www.istitutogalanteoliva.it\/magazine\/wp-json\/wp\/v2\/categories?post=14100"},{"taxonomy":"post_tag","embeddable":true,"href":"https:\/\/www.istitutogalanteoliva.it\/magazine\/wp-json\/wp\/v2\/tags?post=14100"}],"curies":[{"name":"wp","href":"https:\/\/api.w.org\/{rel}","templated":true}]}}