{"id":14121,"date":"2024-01-07T08:00:00","date_gmt":"2024-01-07T07:00:00","guid":{"rendered":"https:\/\/www.istitutogalanteoliva.it\/magazine\/?p=14121"},"modified":"2024-01-06T12:59:58","modified_gmt":"2024-01-06T11:59:58","slug":"genova-pegli-il-comitato-pegli-bene-comune-ritraccia-il-sentiero-e1-da-pegli-al-penello","status":"publish","type":"post","link":"https:\/\/www.istitutogalanteoliva.it\/magazine\/2024\/01\/07\/genova-pegli-il-comitato-pegli-bene-comune-ritraccia-il-sentiero-e1-da-pegli-al-penello\/","title":{"rendered":"Genova. Il Comitato Pegli Bene Comune ritraccia il Sentiero E1 da Pegli al Penello"},"content":{"rendered":"\n<p><strong>Di Antonello Rivano<\/strong><\/p>\n\n\n\n<p>Il <strong>Comitato Pegli Bene Comune<\/strong> ha recentemente completato un ambizioso progetto di ri-tracciatura dei segnavia lungo il tratto del <strong><a href=\"https:\/\/it.wikipedia.org\/wiki\/Sentiero_europeo_E1\" target=\"_blank\" rel=\"noreferrer noopener\">sentiero europeo E1<\/a><\/strong> che collega <strong>viale della Rimembranza<\/strong> al <strong>monte Penello<\/strong>. L&#8217;impegnativo intervento ha coinvolto una decina di persone e ha richiesto un paio di mesi di lavoro, con il supporto fondamentale del generoso sponsor <strong>BigMat Cresta &amp; Delfino<\/strong>.<\/p>\n\n\n\n<p>Il sentiero, lungo quasi 8 km con un dislivello di 990 metri, ora vanta una rinnovata visibilit\u00e0 grazie a circa 400 pallini rossi e 250 bandierine E1. L&#8217;operazione ha riguardato principalmente il recupero dei segnavia gi\u00e0 esistenti, originariamente tracciati dalla Federazione Italiana Escursionismo (FIE) e da altri volontari, ma resi quasi invisibili nel corso degli anni dagli agenti atmosferici.<\/p>\n\n\n\n<figure class=\"wp-block-image size-full is-resized\"><img loading=\"lazy\" decoding=\"async\" src=\"https:\/\/www.istitutogalanteoliva.it\/magazine\/wp-content\/uploads\/2024\/01\/413034039_766224372206736_5550388012516156283_n.jpg\" alt=\"\" class=\"wp-image-14122\" width=\"600\" height=\"285\"\/><\/figure>\n\n\n\n<p>La procedura adottata ha richiesto grande pazienza e precisione: dalla rimozione della vecchia pittura con spazzola di ferro, fino ai passaggi con la nuova vernice, il Comitato ha lavorato diligentemente per garantire la massima visibilit\u00e0 del sentiero. Ogni pallino rosso, simbolo del sentiero da Pegli al Penello e a Punta Martin, \u00e8 stato circondato da un quadrato bianco per aumentarne la visibilit\u00e0.<\/p>\n\n\n\n<p>Ma questa non \u00e8 stata solo un&#8217;impresa di ri-tracciatura; \u00e8 stata un&#8217;espressione di amore per Pegli e tutto il Ponente, una parte preziosa e spesso sottovalutata del territorio genovese. Il lavoro svolto mira a far conoscere, valorizzare e tramandare alle future generazioni il ricco patrimonio naturalistico e paesaggistico della zona, promuovendo la tutela dell&#8217;ambiente, la pratica sportiva e la salute.<\/p>\n\n\n\n<figure class=\"wp-block-image size-full is-resized\"><img loading=\"lazy\" decoding=\"async\" src=\"https:\/\/www.istitutogalanteoliva.it\/magazine\/wp-content\/uploads\/2024\/01\/413047253_766222542206919_2980197945767458986_n.jpg\" alt=\"\" class=\"wp-image-14123\" width=\"750\" height=\"285\" srcset=\"https:\/\/www.istitutogalanteoliva.it\/magazine\/wp-content\/uploads\/2024\/01\/413047253_766222542206919_2980197945767458986_n.jpg 1000w, https:\/\/www.istitutogalanteoliva.it\/magazine\/wp-content\/uploads\/2024\/01\/413047253_766222542206919_2980197945767458986_n-300x114.jpg 300w, https:\/\/www.istitutogalanteoliva.it\/magazine\/wp-content\/uploads\/2024\/01\/413047253_766222542206919_2980197945767458986_n-768x292.jpg 768w\" sizes=\"auto, (max-width: 750px) 100vw, 750px\" \/><\/figure>\n\n\n\n<p>La ri-tracciatura del sentiero non \u00e8 solo un beneficio per gli amanti dell&#8217;escursionismo, ma anche un invito a pi\u00f9 persone a esplorare Pegli e i suoi tesori storico-artistici, il tessuto commerciale e le delizie gastronomiche. Il ritorno del sentiero europeo E1 al suo splendore &#8220;cromatico&#8221; \u00e8 un vantaggio per tutta la comunit\u00e0.<\/p>\n\n\n\n<p>Il Comitato, in un lungo post sulla propria pagina FB, esprimere la propria gratitudine a tutti coloro che hanno reso possibile questo progetto. Dai volontari che si sono dedicati con impegno al &#8220;lavoro sporco&#8221;, all&#8217;indispensabile supporto di Cresta &amp; Delfino, che ha fornito oltre 10 litri di vernice, e al camminatore benefico Massimo Pedersoli di Walking for Charity, che ha ispirato e motivato l&#8217;intera impresa.<\/p>\n\n\n\n<figure class=\"wp-block-image size-full is-resized\"><img decoding=\"async\" src=\"https:\/\/www.istitutogalanteoliva.it\/magazine\/wp-content\/uploads\/2024\/01\/413040915_766224415540065_4653290901937935007_n.jpg\" alt=\"\" class=\"wp-image-14124\" width=\"600\" srcset=\"https:\/\/www.istitutogalanteoliva.it\/magazine\/wp-content\/uploads\/2024\/01\/413040915_766224415540065_4653290901937935007_n.jpg 700w, https:\/\/www.istitutogalanteoliva.it\/magazine\/wp-content\/uploads\/2024\/01\/413040915_766224415540065_4653290901937935007_n-300x163.jpg 300w\" sizes=\"(max-width: 700px) 100vw, 700px\" \/><\/figure>\n\n\n\n<p>Infine, il Comitato estende il suo riconoscimento a tutte le realt\u00e0 locali impegnate nella cura dei sentieri, dalla<strong> Monte Gazzo Outdoor MTB School A.S.D<\/strong>, al <strong>CAI ULE Genova<\/strong>, alla <strong>FIE &#8211; Federazione Italiana Escursionismo<\/strong>. La collaborazione futura con queste organizzazioni promette di rendere ancora pi\u00f9 bella, accessibile e sicura la rete sentieristica della zona. Un ringraziamento speciale va a coloro che hanno fornito preziosi consigli, in particolare il presidente della <strong>commissione Sentieri di FIE Liguria<\/strong>,<strong> Claudio Monteverde<\/strong>, e l&#8217;amico e &#8220;maestro&#8221;<strong> Gianni Duglio<\/strong>, segretario del <strong>gruppo escursionistico FIE &#8220;Croce del Sud&#8221;.<\/strong><\/p>\n\n\n\n<p><strong><em><sup>Nelle foto &#8211; Volontari al lavoro. Fonte: pagina FB Comitato Pegli Bene Comune <\/sup><\/em><\/strong><\/p>\n\n\n\n<p class=\"has-text-align-left\"><img loading=\"lazy\" decoding=\"async\" width=\"80\" height=\"80\" class=\"wp-image-15584\" style=\"width: 80px;\" src=\"https:\/\/www.istitutogalanteoliva.it\/magazine\/wp-content\/uploads\/2024\/08\/anto.png\" alt=\"\" srcset=\"https:\/\/www.istitutogalanteoliva.it\/magazine\/wp-content\/uploads\/2024\/08\/anto.png 247w, https:\/\/www.istitutogalanteoliva.it\/magazine\/wp-content\/uploads\/2024\/08\/anto-150x150.png 150w\" sizes=\"auto, (max-width: 80px) 100vw, 80px\" \/><em><mark style=\"background-color:rgba(0, 0, 0, 0)\" class=\"has-inline-color has-black-color\"><strong><a href=\"https:\/\/www.istitutogalanteoliva\/antonello-rivano-2\/\">Antonello Rivano<\/a><\/strong><\/mark><\/em><br><sup><strong>Direttore di redazione\/coordinatore nazionale<\/strong> <strong><em>Polis SA Magazine<\/em><\/strong><\/sup><br><\/p>\n<div class=\"pdfprnt-buttons pdfprnt-buttons-post pdfprnt-bottom-left\"><a href=\"https:\/\/www.istitutogalanteoliva.it\/magazine\/wp-json\/wp\/v2\/posts\/14121?print=print\" class=\"pdfprnt-button pdfprnt-button-print\" target=\"_blank\"><img decoding=\"async\" src=\"https:\/\/www.istitutogalanteoliva.it\/magazine\/wp-content\/plugins\/pdf-print\/images\/print.png\" alt=\"image_print\" title=\"Stampa contenuto\" \/><span class=\"pdfprnt-button-title pdfprnt-button-print-title\">Download in PDF<\/span><\/a><\/div>","protected":false},"excerpt":{"rendered":"<p>Una squadra appassionata restituisce vita e colore al tratto da viale della Rimembranza al monte Penello, celebrando il patrimonio naturale di Pegli<\/p>\n","protected":false},"author":2,"featured_media":14125,"comment_status":"closed","ping_status":"open","sticky":true,"template":"","format":"standard","meta":{"footnotes":""},"categories":[872,207,873],"tags":[877,478,878],"class_list":["post-14121","post","type-post","status-publish","format-standard","has-post-thumbnail","hentry","category-872","category-liguria","category-territori","tag-comitato-pegli-bene-comune","tag-genova-pegli","tag-sentiero-e1"],"yoast_head":"<!-- This site is optimized with the Yoast SEO plugin v24.2 - https:\/\/yoast.com\/wordpress\/plugins\/seo\/ -->\n<title>Genova. Il Comitato Pegli Bene Comune ritraccia il Sentiero E1 da Pegli al Penello - Polis SA Magazine<\/title>\n<meta name=\"robots\" content=\"index, follow, max-snippet:-1, max-image-preview:large, max-video-preview:-1\" \/>\n<link rel=\"canonical\" href=\"https:\/\/www.istitutogalanteoliva.it\/magazine\/2024\/01\/07\/genova-pegli-il-comitato-pegli-bene-comune-ritraccia-il-sentiero-e1-da-pegli-al-penello\/\" \/>\n<meta property=\"og:locale\" content=\"it_IT\" \/>\n<meta property=\"og:type\" content=\"article\" \/>\n<meta property=\"og:title\" content=\"Genova. Il Comitato Pegli Bene Comune ritraccia il Sentiero E1 da Pegli al Penello - Polis SA Magazine\" \/>\n<meta property=\"og:description\" content=\"Una squadra appassionata restituisce vita e colore al tratto da viale della Rimembranza al monte Penello, celebrando il patrimonio naturale di Pegli\" \/>\n<meta property=\"og:url\" content=\"https:\/\/www.istitutogalanteoliva.it\/magazine\/2024\/01\/07\/genova-pegli-il-comitato-pegli-bene-comune-ritraccia-il-sentiero-e1-da-pegli-al-penello\/\" \/>\n<meta property=\"og:site_name\" content=\"Polis SA Magazine\" \/>\n<meta property=\"article:publisher\" content=\"https:\/\/www.facebook.com\/PolisSAMagazine\/\" \/>\n<meta property=\"article:published_time\" content=\"2024-01-07T07:00:00+00:00\" \/>\n<meta property=\"article:modified_time\" content=\"2024-01-06T11:59:58+00:00\" \/>\n<meta property=\"og:image\" content=\"https:\/\/www.istitutogalanteoliva.it\/magazine\/wp-content\/uploads\/2024\/01\/413034686_766224488873391_5267478983854728793_n.jpg\" \/>\n\t<meta property=\"og:image:width\" content=\"700\" \/>\n\t<meta property=\"og:image:height\" content=\"380\" \/>\n\t<meta property=\"og:image:type\" content=\"image\/jpeg\" \/>\n<meta name=\"author\" content=\"Antonello Rivano\" \/>\n<meta name=\"twitter:card\" content=\"summary_large_image\" \/>\n<meta name=\"twitter:creator\" content=\"@MagazinePolis\" \/>\n<meta name=\"twitter:site\" content=\"@MagazinePolis\" \/>\n<meta name=\"twitter:label1\" content=\"Scritto da\" \/>\n\t<meta name=\"twitter:data1\" content=\"Antonello Rivano\" \/>\n\t<meta name=\"twitter:label2\" content=\"Tempo di lettura stimato\" \/>\n\t<meta name=\"twitter:data2\" content=\"4 minuti\" \/>\n<script type=\"application\/ld+json\" class=\"yoast-schema-graph\">{\"@context\":\"https:\/\/schema.org\",\"@graph\":[{\"@type\":\"Article\",\"@id\":\"https:\/\/www.istitutogalanteoliva.it\/magazine\/2024\/01\/07\/genova-pegli-il-comitato-pegli-bene-comune-ritraccia-il-sentiero-e1-da-pegli-al-penello\/#article\",\"isPartOf\":{\"@id\":\"https:\/\/www.istitutogalanteoliva.it\/magazine\/2024\/01\/07\/genova-pegli-il-comitato-pegli-bene-comune-ritraccia-il-sentiero-e1-da-pegli-al-penello\/\"},\"author\":{\"name\":\"Antonello Rivano\",\"@id\":\"https:\/\/www.istitutogalanteoliva.it\/magazine\/#\/schema\/person\/d8b8aa79cfe8babc1df9da3212a7c0c4\"},\"headline\":\"Genova. Il Comitato Pegli Bene Comune ritraccia il Sentiero E1 da Pegli al Penello\",\"datePublished\":\"2024-01-07T07:00:00+00:00\",\"dateModified\":\"2024-01-06T11:59:58+00:00\",\"mainEntityOfPage\":{\"@id\":\"https:\/\/www.istitutogalanteoliva.it\/magazine\/2024\/01\/07\/genova-pegli-il-comitato-pegli-bene-comune-ritraccia-il-sentiero-e1-da-pegli-al-penello\/\"},\"wordCount\":469,\"publisher\":{\"@id\":\"https:\/\/www.istitutogalanteoliva.it\/magazine\/#organization\"},\"image\":{\"@id\":\"https:\/\/www.istitutogalanteoliva.it\/magazine\/2024\/01\/07\/genova-pegli-il-comitato-pegli-bene-comune-ritraccia-il-sentiero-e1-da-pegli-al-penello\/#primaryimage\"},\"thumbnailUrl\":\"https:\/\/www.istitutogalanteoliva.it\/magazine\/wp-content\/uploads\/2024\/01\/413034686_766224488873391_5267478983854728793_n.jpg\",\"keywords\":[\"Comitato Pegli Bene Comune\",\"Genova pegli\",\"Sentiero E1\"],\"articleSection\":[\"2024\",\"Liguria\",\"Territori\"],\"inLanguage\":\"it-IT\"},{\"@type\":\"WebPage\",\"@id\":\"https:\/\/www.istitutogalanteoliva.it\/magazine\/2024\/01\/07\/genova-pegli-il-comitato-pegli-bene-comune-ritraccia-il-sentiero-e1-da-pegli-al-penello\/\",\"url\":\"https:\/\/www.istitutogalanteoliva.it\/magazine\/2024\/01\/07\/genova-pegli-il-comitato-pegli-bene-comune-ritraccia-il-sentiero-e1-da-pegli-al-penello\/\",\"name\":\"Genova. Il Comitato Pegli Bene Comune ritraccia il Sentiero E1 da Pegli al Penello - Polis SA Magazine\",\"isPartOf\":{\"@id\":\"https:\/\/www.istitutogalanteoliva.it\/magazine\/#website\"},\"primaryImageOfPage\":{\"@id\":\"https:\/\/www.istitutogalanteoliva.it\/magazine\/2024\/01\/07\/genova-pegli-il-comitato-pegli-bene-comune-ritraccia-il-sentiero-e1-da-pegli-al-penello\/#primaryimage\"},\"image\":{\"@id\":\"https:\/\/www.istitutogalanteoliva.it\/magazine\/2024\/01\/07\/genova-pegli-il-comitato-pegli-bene-comune-ritraccia-il-sentiero-e1-da-pegli-al-penello\/#primaryimage\"},\"thumbnailUrl\":\"https:\/\/www.istitutogalanteoliva.it\/magazine\/wp-content\/uploads\/2024\/01\/413034686_766224488873391_5267478983854728793_n.jpg\",\"datePublished\":\"2024-01-07T07:00:00+00:00\",\"dateModified\":\"2024-01-06T11:59:58+00:00\",\"breadcrumb\":{\"@id\":\"https:\/\/www.istitutogalanteoliva.it\/magazine\/2024\/01\/07\/genova-pegli-il-comitato-pegli-bene-comune-ritraccia-il-sentiero-e1-da-pegli-al-penello\/#breadcrumb\"},\"inLanguage\":\"it-IT\",\"potentialAction\":[{\"@type\":\"ReadAction\",\"target\":[\"https:\/\/www.istitutogalanteoliva.it\/magazine\/2024\/01\/07\/genova-pegli-il-comitato-pegli-bene-comune-ritraccia-il-sentiero-e1-da-pegli-al-penello\/\"]}]},{\"@type\":\"ImageObject\",\"inLanguage\":\"it-IT\",\"@id\":\"https:\/\/www.istitutogalanteoliva.it\/magazine\/2024\/01\/07\/genova-pegli-il-comitato-pegli-bene-comune-ritraccia-il-sentiero-e1-da-pegli-al-penello\/#primaryimage\",\"url\":\"https:\/\/www.istitutogalanteoliva.it\/magazine\/wp-content\/uploads\/2024\/01\/413034686_766224488873391_5267478983854728793_n.jpg\",\"contentUrl\":\"https:\/\/www.istitutogalanteoliva.it\/magazine\/wp-content\/uploads\/2024\/01\/413034686_766224488873391_5267478983854728793_n.jpg\",\"width\":700,\"height\":380},{\"@type\":\"BreadcrumbList\",\"@id\":\"https:\/\/www.istitutogalanteoliva.it\/magazine\/2024\/01\/07\/genova-pegli-il-comitato-pegli-bene-comune-ritraccia-il-sentiero-e1-da-pegli-al-penello\/#breadcrumb\",\"itemListElement\":[{\"@type\":\"ListItem\",\"position\":1,\"name\":\"Home\",\"item\":\"https:\/\/www.istitutogalanteoliva.it\/magazine\/\"},{\"@type\":\"ListItem\",\"position\":2,\"name\":\"Genova. Il Comitato Pegli Bene Comune ritraccia il Sentiero E1 da Pegli al Penello\"}]},{\"@type\":\"WebSite\",\"@id\":\"https:\/\/www.istitutogalanteoliva.it\/magazine\/#website\",\"url\":\"https:\/\/www.istitutogalanteoliva.it\/magazine\/\",\"name\":\"POLIS SA MAGAZINE\",\"description\":\"Informazione e approfondimenti\",\"publisher\":{\"@id\":\"https:\/\/www.istitutogalanteoliva.it\/magazine\/#organization\"},\"potentialAction\":[{\"@type\":\"SearchAction\",\"target\":{\"@type\":\"EntryPoint\",\"urlTemplate\":\"https:\/\/www.istitutogalanteoliva.it\/magazine\/?s={search_term_string}\"},\"query-input\":{\"@type\":\"PropertyValueSpecification\",\"valueRequired\":true,\"valueName\":\"search_term_string\"}}],\"inLanguage\":\"it-IT\"},{\"@type\":\"Organization\",\"@id\":\"https:\/\/www.istitutogalanteoliva.it\/magazine\/#organization\",\"name\":\"Polis SA Magazine\",\"url\":\"https:\/\/www.istitutogalanteoliva.it\/magazine\/\",\"logo\":{\"@type\":\"ImageObject\",\"inLanguage\":\"it-IT\",\"@id\":\"https:\/\/www.istitutogalanteoliva.it\/magazine\/#\/schema\/logo\/image\/\",\"url\":\"\",\"contentUrl\":\"\",\"caption\":\"Polis SA Magazine\"},\"image\":{\"@id\":\"https:\/\/www.istitutogalanteoliva.it\/magazine\/#\/schema\/logo\/image\/\"},\"sameAs\":[\"https:\/\/www.facebook.com\/PolisSAMagazine\/\",\"https:\/\/x.com\/MagazinePolis\",\"https:\/\/www.youtube.com\/channel\/UCv0Mr5AHKUmsc0sEEXkJrgw\"]},{\"@type\":\"Person\",\"@id\":\"https:\/\/www.istitutogalanteoliva.it\/magazine\/#\/schema\/person\/d8b8aa79cfe8babc1df9da3212a7c0c4\",\"name\":\"Antonello Rivano\",\"image\":{\"@type\":\"ImageObject\",\"inLanguage\":\"it-IT\",\"@id\":\"https:\/\/www.istitutogalanteoliva.it\/magazine\/#\/schema\/person\/image\/\",\"url\":\"https:\/\/secure.gravatar.com\/avatar\/517a9a6487a7a18ecc4ce6d2e57a8f40?s=96&d=mm&r=g\",\"contentUrl\":\"https:\/\/secure.gravatar.com\/avatar\/517a9a6487a7a18ecc4ce6d2e57a8f40?s=96&d=mm&r=g\",\"caption\":\"Antonello Rivano\"},\"url\":\"https:\/\/www.istitutogalanteoliva.it\/magazine\/author\/antonello\/\"}]}<\/script>\n<!-- \/ Yoast SEO plugin. -->","yoast_head_json":{"title":"Genova. Il Comitato Pegli Bene Comune ritraccia il Sentiero E1 da Pegli al Penello - Polis SA Magazine","robots":{"index":"index","follow":"follow","max-snippet":"max-snippet:-1","max-image-preview":"max-image-preview:large","max-video-preview":"max-video-preview:-1"},"canonical":"https:\/\/www.istitutogalanteoliva.it\/magazine\/2024\/01\/07\/genova-pegli-il-comitato-pegli-bene-comune-ritraccia-il-sentiero-e1-da-pegli-al-penello\/","og_locale":"it_IT","og_type":"article","og_title":"Genova. Il Comitato Pegli Bene Comune ritraccia il Sentiero E1 da Pegli al Penello - Polis SA Magazine","og_description":"Una squadra appassionata restituisce vita e colore al tratto da viale della Rimembranza al monte Penello, celebrando il patrimonio naturale di Pegli","og_url":"https:\/\/www.istitutogalanteoliva.it\/magazine\/2024\/01\/07\/genova-pegli-il-comitato-pegli-bene-comune-ritraccia-il-sentiero-e1-da-pegli-al-penello\/","og_site_name":"Polis SA Magazine","article_publisher":"https:\/\/www.facebook.com\/PolisSAMagazine\/","article_published_time":"2024-01-07T07:00:00+00:00","article_modified_time":"2024-01-06T11:59:58+00:00","og_image":[{"width":700,"height":380,"url":"https:\/\/www.istitutogalanteoliva.it\/magazine\/wp-content\/uploads\/2024\/01\/413034686_766224488873391_5267478983854728793_n.jpg","type":"image\/jpeg"}],"author":"Antonello Rivano","twitter_card":"summary_large_image","twitter_creator":"@MagazinePolis","twitter_site":"@MagazinePolis","twitter_misc":{"Scritto da":"Antonello Rivano","Tempo di lettura stimato":"4 minuti"},"schema":{"@context":"https:\/\/schema.org","@graph":[{"@type":"Article","@id":"https:\/\/www.istitutogalanteoliva.it\/magazine\/2024\/01\/07\/genova-pegli-il-comitato-pegli-bene-comune-ritraccia-il-sentiero-e1-da-pegli-al-penello\/#article","isPartOf":{"@id":"https:\/\/www.istitutogalanteoliva.it\/magazine\/2024\/01\/07\/genova-pegli-il-comitato-pegli-bene-comune-ritraccia-il-sentiero-e1-da-pegli-al-penello\/"},"author":{"name":"Antonello Rivano","@id":"https:\/\/www.istitutogalanteoliva.it\/magazine\/#\/schema\/person\/d8b8aa79cfe8babc1df9da3212a7c0c4"},"headline":"Genova. Il Comitato Pegli Bene Comune ritraccia il Sentiero E1 da Pegli al Penello","datePublished":"2024-01-07T07:00:00+00:00","dateModified":"2024-01-06T11:59:58+00:00","mainEntityOfPage":{"@id":"https:\/\/www.istitutogalanteoliva.it\/magazine\/2024\/01\/07\/genova-pegli-il-comitato-pegli-bene-comune-ritraccia-il-sentiero-e1-da-pegli-al-penello\/"},"wordCount":469,"publisher":{"@id":"https:\/\/www.istitutogalanteoliva.it\/magazine\/#organization"},"image":{"@id":"https:\/\/www.istitutogalanteoliva.it\/magazine\/2024\/01\/07\/genova-pegli-il-comitato-pegli-bene-comune-ritraccia-il-sentiero-e1-da-pegli-al-penello\/#primaryimage"},"thumbnailUrl":"https:\/\/www.istitutogalanteoliva.it\/magazine\/wp-content\/uploads\/2024\/01\/413034686_766224488873391_5267478983854728793_n.jpg","keywords":["Comitato Pegli Bene Comune","Genova pegli","Sentiero E1"],"articleSection":["2024","Liguria","Territori"],"inLanguage":"it-IT"},{"@type":"WebPage","@id":"https:\/\/www.istitutogalanteoliva.it\/magazine\/2024\/01\/07\/genova-pegli-il-comitato-pegli-bene-comune-ritraccia-il-sentiero-e1-da-pegli-al-penello\/","url":"https:\/\/www.istitutogalanteoliva.it\/magazine\/2024\/01\/07\/genova-pegli-il-comitato-pegli-bene-comune-ritraccia-il-sentiero-e1-da-pegli-al-penello\/","name":"Genova. Il Comitato Pegli Bene Comune ritraccia il Sentiero E1 da Pegli al Penello - Polis SA Magazine","isPartOf":{"@id":"https:\/\/www.istitutogalanteoliva.it\/magazine\/#website"},"primaryImageOfPage":{"@id":"https:\/\/www.istitutogalanteoliva.it\/magazine\/2024\/01\/07\/genova-pegli-il-comitato-pegli-bene-comune-ritraccia-il-sentiero-e1-da-pegli-al-penello\/#primaryimage"},"image":{"@id":"https:\/\/www.istitutogalanteoliva.it\/magazine\/2024\/01\/07\/genova-pegli-il-comitato-pegli-bene-comune-ritraccia-il-sentiero-e1-da-pegli-al-penello\/#primaryimage"},"thumbnailUrl":"https:\/\/www.istitutogalanteoliva.it\/magazine\/wp-content\/uploads\/2024\/01\/413034686_766224488873391_5267478983854728793_n.jpg","datePublished":"2024-01-07T07:00:00+00:00","dateModified":"2024-01-06T11:59:58+00:00","breadcrumb":{"@id":"https:\/\/www.istitutogalanteoliva.it\/magazine\/2024\/01\/07\/genova-pegli-il-comitato-pegli-bene-comune-ritraccia-il-sentiero-e1-da-pegli-al-penello\/#breadcrumb"},"inLanguage":"it-IT","potentialAction":[{"@type":"ReadAction","target":["https:\/\/www.istitutogalanteoliva.it\/magazine\/2024\/01\/07\/genova-pegli-il-comitato-pegli-bene-comune-ritraccia-il-sentiero-e1-da-pegli-al-penello\/"]}]},{"@type":"ImageObject","inLanguage":"it-IT","@id":"https:\/\/www.istitutogalanteoliva.it\/magazine\/2024\/01\/07\/genova-pegli-il-comitato-pegli-bene-comune-ritraccia-il-sentiero-e1-da-pegli-al-penello\/#primaryimage","url":"https:\/\/www.istitutogalanteoliva.it\/magazine\/wp-content\/uploads\/2024\/01\/413034686_766224488873391_5267478983854728793_n.jpg","contentUrl":"https:\/\/www.istitutogalanteoliva.it\/magazine\/wp-content\/uploads\/2024\/01\/413034686_766224488873391_5267478983854728793_n.jpg","width":700,"height":380},{"@type":"BreadcrumbList","@id":"https:\/\/www.istitutogalanteoliva.it\/magazine\/2024\/01\/07\/genova-pegli-il-comitato-pegli-bene-comune-ritraccia-il-sentiero-e1-da-pegli-al-penello\/#breadcrumb","itemListElement":[{"@type":"ListItem","position":1,"name":"Home","item":"https:\/\/www.istitutogalanteoliva.it\/magazine\/"},{"@type":"ListItem","position":2,"name":"Genova. Il Comitato Pegli Bene Comune ritraccia il Sentiero E1 da Pegli al Penello"}]},{"@type":"WebSite","@id":"https:\/\/www.istitutogalanteoliva.it\/magazine\/#website","url":"https:\/\/www.istitutogalanteoliva.it\/magazine\/","name":"POLIS SA MAGAZINE","description":"Informazione e approfondimenti","publisher":{"@id":"https:\/\/www.istitutogalanteoliva.it\/magazine\/#organization"},"potentialAction":[{"@type":"SearchAction","target":{"@type":"EntryPoint","urlTemplate":"https:\/\/www.istitutogalanteoliva.it\/magazine\/?s={search_term_string}"},"query-input":{"@type":"PropertyValueSpecification","valueRequired":true,"valueName":"search_term_string"}}],"inLanguage":"it-IT"},{"@type":"Organization","@id":"https:\/\/www.istitutogalanteoliva.it\/magazine\/#organization","name":"Polis SA Magazine","url":"https:\/\/www.istitutogalanteoliva.it\/magazine\/","logo":{"@type":"ImageObject","inLanguage":"it-IT","@id":"https:\/\/www.istitutogalanteoliva.it\/magazine\/#\/schema\/logo\/image\/","url":"","contentUrl":"","caption":"Polis SA Magazine"},"image":{"@id":"https:\/\/www.istitutogalanteoliva.it\/magazine\/#\/schema\/logo\/image\/"},"sameAs":["https:\/\/www.facebook.com\/PolisSAMagazine\/","https:\/\/x.com\/MagazinePolis","https:\/\/www.youtube.com\/channel\/UCv0Mr5AHKUmsc0sEEXkJrgw"]},{"@type":"Person","@id":"https:\/\/www.istitutogalanteoliva.it\/magazine\/#\/schema\/person\/d8b8aa79cfe8babc1df9da3212a7c0c4","name":"Antonello Rivano","image":{"@type":"ImageObject","inLanguage":"it-IT","@id":"https:\/\/www.istitutogalanteoliva.it\/magazine\/#\/schema\/person\/image\/","url":"https:\/\/secure.gravatar.com\/avatar\/517a9a6487a7a18ecc4ce6d2e57a8f40?s=96&d=mm&r=g","contentUrl":"https:\/\/secure.gravatar.com\/avatar\/517a9a6487a7a18ecc4ce6d2e57a8f40?s=96&d=mm&r=g","caption":"Antonello Rivano"},"url":"https:\/\/www.istitutogalanteoliva.it\/magazine\/author\/antonello\/"}]}},"_links":{"self":[{"href":"https:\/\/www.istitutogalanteoliva.it\/magazine\/wp-json\/wp\/v2\/posts\/14121","targetHints":{"allow":["GET"]}}],"collection":[{"href":"https:\/\/www.istitutogalanteoliva.it\/magazine\/wp-json\/wp\/v2\/posts"}],"about":[{"href":"https:\/\/www.istitutogalanteoliva.it\/magazine\/wp-json\/wp\/v2\/types\/post"}],"author":[{"embeddable":true,"href":"https:\/\/www.istitutogalanteoliva.it\/magazine\/wp-json\/wp\/v2\/users\/2"}],"replies":[{"embeddable":true,"href":"https:\/\/www.istitutogalanteoliva.it\/magazine\/wp-json\/wp\/v2\/comments?post=14121"}],"version-history":[{"count":3,"href":"https:\/\/www.istitutogalanteoliva.it\/magazine\/wp-json\/wp\/v2\/posts\/14121\/revisions"}],"predecessor-version":[{"id":14131,"href":"https:\/\/www.istitutogalanteoliva.it\/magazine\/wp-json\/wp\/v2\/posts\/14121\/revisions\/14131"}],"wp:featuredmedia":[{"embeddable":true,"href":"https:\/\/www.istitutogalanteoliva.it\/magazine\/wp-json\/wp\/v2\/media\/14125"}],"wp:attachment":[{"href":"https:\/\/www.istitutogalanteoliva.it\/magazine\/wp-json\/wp\/v2\/media?parent=14121"}],"wp:term":[{"taxonomy":"category","embeddable":true,"href":"https:\/\/www.istitutogalanteoliva.it\/magazine\/wp-json\/wp\/v2\/categories?post=14121"},{"taxonomy":"post_tag","embeddable":true,"href":"https:\/\/www.istitutogalanteoliva.it\/magazine\/wp-json\/wp\/v2\/tags?post=14121"}],"curies":[{"name":"wp","href":"https:\/\/api.w.org\/{rel}","templated":true}]}}