{"id":14146,"date":"2024-01-12T15:59:06","date_gmt":"2024-01-12T14:59:06","guid":{"rendered":"https:\/\/www.istitutogalanteoliva.it\/magazine\/?p=14146"},"modified":"2024-01-12T16:00:18","modified_gmt":"2024-01-12T15:00:18","slug":"sardegna-2024-un-anno-tra-parola-e-musica","status":"publish","type":"post","link":"https:\/\/www.istitutogalanteoliva.it\/magazine\/2024\/01\/12\/sardegna-2024-un-anno-tra-parola-e-musica\/","title":{"rendered":"Sardegna &#8211; 2024: UN ANNO TRA PAROLA E MUSICA"},"content":{"rendered":"\n<p><strong><sup>Foto: Andrea Congia in uno scatto di Pieppo Arru<\/sup><\/strong><\/p>\n\n\n\n<p>COMUNICATO STAMPA<\/p>\n\n\n\n<p><strong>La Casa di Suoni e Racconti da avvio al suo programma artistico annuale. Tre rassegne, un festival e due progetti dedicati alla valorizzazione dei Beni Culturali della Sardegna coordinati e diretti dal musicista Andrea Congia. Un cartellone ricco di appuntamenti Tra Parola e Musica<\/strong><\/p>\n\n\n\n<p><strong>IL 2024 DELLA CASA DI SUONI E RACCONTI<\/strong>&nbsp;<strong>&#8211;<\/strong>&nbsp;All\u2019interno del suo Programma Artistico, la Casa di Suoni e Racconti rinnova il suo consuetudinario&nbsp;<strong>TRA LE MUSICHE<\/strong>&nbsp;che, anche durante quest\u2019anno, vedr\u00e0 al suo interno la rassegna dedicata alla Letteratura Sarda&nbsp;<strong>SIGNIFICANTE<\/strong>, il festival fantamusicale&nbsp;<strong>UCRONIE&nbsp;<\/strong>e la rassegna di cineconcerti&nbsp;<strong>SINESTESIE<\/strong>. La Compagnia sar\u00e0 inoltre impegnata nei suoi due progetti&nbsp;<strong>SARDIGNATELLING &#8211; Quasi un Mondo di Suoni e Racconti<\/strong>&nbsp;e&nbsp;<strong>BLESSEDSCAPE &#8211; Cresias de Sardigna<\/strong>,<strong>&nbsp;<\/strong>dedicati alla valorizzazione dei beni immateriali e materiali della Sardegna, e ancora pi\u00f9 in particolare nel programma&nbsp;<strong>KAR EL &#8211; La Citt\u00e0 di Dio<\/strong>&nbsp;dedicato pi\u00f9 specificatamente alla Citt\u00e0 di Cagliari. Il mese di Dicembre sar\u00e0 invece totalmente dedicato al Natale e ai suoi temi con la rassegna&nbsp;di parole<strong>,&nbsp;<\/strong>musiche e visioni&nbsp;<strong>UN NATALE IMMAGINIFICO<\/strong><\/p>\n\n\n\n<p><strong>IL PRELUDIO &#8211;<\/strong>&nbsp;Si svolger\u00e0 domani&nbsp;<strong>Sabato<\/strong>&nbsp;<strong>13 Gennaio<\/strong>&nbsp;alle&nbsp;<strong>ore 19:00<\/strong>&nbsp;nella&nbsp;<strong>Cripta della Chiesa del Santo Sepolcro<\/strong>&nbsp;(Piazza San Sepolcro) a Cagliari, il primo appuntamento dell\u2019anno per la<strong>&nbsp;Casa di Suoni e Racconti<\/strong>&nbsp;durante il quale presenter\u00e0 i propri progetti per il 2024. Il&nbsp;<strong>PRELUDIO<\/strong>, anteprima tra Parola e Musica, sar\u00e0 una&nbsp;<strong>Conferenza Stampa Concerto<\/strong>,<strong>&nbsp;<\/strong>una serata di variet\u00e0 tra Musica, Teatro, Danza, Cinema e Tradizione che, sotto la direzione artistica del musicista&nbsp;<strong>Andrea Congia<\/strong>, traghetter\u00e0 il pubblico in sala verso un arcipelago di narrazioni e suggestioni musicali. Una scaletta densa di contenuti, un nutrito nugolo di artisti, ospiti e tanti amici pronti a dare un caloroso incoraggiamento all\u2019Associazione Culturale che, ormai da quasi nove anni, si prodiga per costruire un programma artistico che metta al centro la Sardegna e la sua Identit\u00e0. \u201c<strong>Non Fa, ma Mi<\/strong>\u201d sar\u00e0 ancora una volta lo slogan di questa Anteprima. Quasi una provocazione che vuole essere di buon auspicio, un augurio che possa spingere, nonostante i problemi, a non arrendersi mai e a provare a continuare sulla strada della progettazione artistica. Per assistere alla Conferenza Concerto l\u2019ingresso sar\u00e0 libero con offerta<\/p>\n\n\n\n<p><strong>PAGINE DI SIGNIFICANTE &#8211;&nbsp;<\/strong>Il primo appuntamento con la consueta rassegna dedicata a portare la&nbsp;<strong>Letteratura Sarda in Scena<\/strong>&nbsp;\u00e8 in programma per questa&nbsp;<strong>Domenica 14 Gennaio<\/strong>&nbsp;alle ore&nbsp;<strong>19:00<\/strong>&nbsp;nella&nbsp;<strong>Cripta della Chiesa del Santo Sepolcro<\/strong>&nbsp;(Piazza San Sepolcro) a Cagliari.&nbsp;<strong>PAGINE DI SIGNIFICANTE &#8211; Silloge Scenica dedicata alla Sardegna&nbsp;<\/strong>aprir\u00e0&nbsp;ufficialmente la diciassettesima edizione della rassegna&nbsp;<strong>Significante<\/strong>, quest\u2019anno intitolata<strong>&nbsp;MUTOS<\/strong>, termine ancora una volta tratto dal vocabolario della Poesia Tradizionale Sarda alla quale vuole connettersi concettualmente anche l\u2019edizione 2024. La serata vuole infatti essere un&#8217;Antologia volta a evocare sul palco alcuni dei testi pi\u00f9 importanti dell\u2019universo letterario e identitario della Sardegna&nbsp;e i suoi Protagonisti, che saranno interpretati da diverse voci sul palcoscenico e sonorizzati dalle colonne sonore dal vivo firmate dal musicista&nbsp;<strong>Andrea Congia<\/strong>. La Rassegna si articoler\u00e0 tra i mesi di&nbsp;<strong>Gennaio,<\/strong>&nbsp;<strong>Febbraio e Marzo<\/strong>,&nbsp;facendo tappa come ogni anno in svariate location nell\u2019Isola e della Penisola e realizzando il suo corso principalmente a&nbsp;<strong>Cagliari<\/strong>&nbsp;con cinque&nbsp;<strong>Concerti Narrativi<\/strong>&nbsp;dedicati ad&nbsp;<strong>Accabadora di Michela Murgia<\/strong>,&nbsp;<strong>Araj Dimoniu di Sergio Atzeni<\/strong>,&nbsp;<strong>Miele Amaro di Salvatore Cambosu<\/strong>,&nbsp;<strong>Paese d\u2019Ombre di Giuseppe Dess\u00ec<\/strong>&nbsp;e&nbsp;<strong>Sulla Faccia della Terra di Giulio Angioni<\/strong>.&nbsp;Il costo del biglietto di ingresso per assistere a ciascuno Spettacolo sar\u00e0 di 10 euro e comprender\u00e0 la partecipazione ai tour guidati&nbsp;<strong>A Bellu A Bellu<\/strong>&nbsp;che precederanno le narrazioni musicali. Per prendere parte agli Spettacoli e ai Tour \u00e8 consigliabile prenotare contattando il numero 3453199602<\/p>\n\n\n\n<p><strong>A BELLU A BELLU &#8211;&nbsp;<\/strong>Durante tutto l\u2019anno e in particolar modo durante il primo trimestre del 2024, gli appuntamenti di spettacolo cagliaritani di&nbsp;<strong>Significante<\/strong>&nbsp;verranno introdotti da una serie di percorsi culturali guidati tra le vie della Citt\u00e0 che, di settimana in settimana, passo dopo passo, toccheranno varie tematiche e diversi luoghi.&nbsp;<strong>Un Viaggio nel Tempo e nella Citt\u00e0&nbsp;<\/strong>sar\u00e0 la prima camminata divulgativa del 2024, dedicata alla scoperta di Cagliari e della sua Storia. L\u2019inizio del Tour \u00e8 fissato per le&nbsp;<strong>ore 17:00<\/strong>&nbsp;in&nbsp;Via Roma (fronte Stazione Marittima).&nbsp;<strong>Pagine di Cagliari<\/strong>&nbsp;sar\u00e0 invece il secondo appuntamento della serie di passeggiate culturali, questa volta dedicato alle testimonianze di scrittori viaggiatori che hanno visitato, vissuto e raccontato la Citt\u00e0 di Cagliari. L\u2019inizio di questo secondo Tour \u00e8 fissato alle&nbsp;<strong>ore 17:00<\/strong>&nbsp;nel Largo Carlo Felice (civico 76, fronte Cagliari 1920 Store).&nbsp;Entrambi i Tour saranno condotti dal ricercatore storico&nbsp;<strong>Maurizio Pretta&nbsp;<\/strong>e dalla guida turistica&nbsp;<strong>Francesca Spagnoletti&nbsp;<\/strong>(Associazione Culturale&nbsp;<strong>Sardegna &#8211; L\u2019Isola che Vorrei<\/strong>), e si articoleranno tre le vie del centro storico rivelando aneddoti, curiosit\u00e0 e vicende. L\u2019appuntamento \u00e8 parte delle attivit\u00e0 del progetto&nbsp;<strong>BlessedScape &#8211; Cresias de Sardigna<\/strong>&nbsp;e del suo segmento cagliaritano&nbsp;<strong>Kar El &#8211; La Citt\u00e0 di Dio<\/strong>.<strong>&nbsp;<\/strong>La partecipazione ai Tour prevede un ticket di 10 euro e comprender\u00e0 il biglietto di ingresso agli spettacoli susseguenti<\/p>\n\n\n\n<figure class=\"wp-block-image size-full is-resized\"><img loading=\"lazy\" decoding=\"async\" width=\"700\" height=\"380\" src=\"https:\/\/www.istitutogalanteoliva.it\/magazine\/wp-content\/uploads\/2024\/01\/2024_01_14_CAGLIARI_PAGINESIGNIFICANTE_LOCANDINA-1.jpg\" alt=\"\" class=\"wp-image-14148\" style=\"width:495px;height:auto\" srcset=\"https:\/\/www.istitutogalanteoliva.it\/magazine\/wp-content\/uploads\/2024\/01\/2024_01_14_CAGLIARI_PAGINESIGNIFICANTE_LOCANDINA-1.jpg 700w, https:\/\/www.istitutogalanteoliva.it\/magazine\/wp-content\/uploads\/2024\/01\/2024_01_14_CAGLIARI_PAGINESIGNIFICANTE_LOCANDINA-1-300x163.jpg 300w\" sizes=\"auto, (max-width: 700px) 100vw, 700px\" \/><\/figure>\n\n\n\n<p><strong>NUOVE COLLABORAZIONI<\/strong>&nbsp;&#8211; Al fine di realizzare la sua programmazione annuale la Casa di Suoni e Racconti riporta all\u2019attenzione le varie ricerche di collaborazione volte ad ampliare il proprio team. In particolare la Compagnia \u00e8 sempre alla ricerca di Artisti, Organizzatori, Tecnici, Comunicatori e chiunque voglia divenire un Operatore Culturale nell\u2019ambito dello Spettacolo dal Vivo<\/p>\n\n\n\n<p><strong>PARTNER E SOSTEGNI<\/strong>&nbsp;&#8211; L\u2019intero programma artistico annuale \u00e8 allestito dalla Casa di Suoni e Racconti in stretta collaborazione e con il sostegno&nbsp;di numerosi&nbsp;<strong>partner<\/strong>&nbsp;e gode del Patrocinio della&nbsp;<strong>Regione Autonoma della Sardegna<\/strong>, della&nbsp;<strong>Citt\u00e0 Metropolitana<\/strong>&nbsp;e del&nbsp;<strong>Comune di Cagliari<\/strong>&nbsp;e della&nbsp;<strong>Municipalit\u00e0 di Pirri<\/strong>. A sostegno dell\u2019intero Progetto \u00e8 stata attivata una campagna di crowdfunding sulla piattaforma&nbsp;<a href=\"http:\/\/buonacausa.org\/\" target=\"_blank\" rel=\"noreferrer noopener\">buonacausa.org<\/a>&nbsp;(<a href=\"https:\/\/buonacausa.org\/cause\/tra-le-musiche-2024\" target=\"_blank\" rel=\"noreferrer noopener\">https:\/\/buonacausa.org\/cause\/tra-le-musiche-2024<\/a>)<\/p>\n\n\n\n<p><strong>SUL WEB<\/strong>:&nbsp;<a href=\"http:\/\/www.traparolaemusica.com\/\" target=\"_blank\" rel=\"noreferrer noopener\">www.traparolaemusica.com<\/a><\/p>\n\n\n\n<p><strong>SU FACEBOOK<\/strong>:&nbsp;<a href=\"http:\/\/www.facebook.com\/traparolaemusica\" target=\"_blank\" rel=\"noreferrer noopener\">www.facebook.com\/traparolaemusica<\/a><\/p>\n\n\n\n<figure class=\"wp-block-image size-large is-resized\"><img loading=\"lazy\" decoding=\"async\" width=\"1024\" height=\"724\" src=\"https:\/\/www.istitutogalanteoliva.it\/magazine\/wp-content\/uploads\/2024\/01\/image-1024x724.png\" alt=\"\" class=\"wp-image-14147\" style=\"width:249px;height:auto\" srcset=\"https:\/\/www.istitutogalanteoliva.it\/magazine\/wp-content\/uploads\/2024\/01\/image-1024x724.png 1024w, https:\/\/www.istitutogalanteoliva.it\/magazine\/wp-content\/uploads\/2024\/01\/image-300x212.png 300w, https:\/\/www.istitutogalanteoliva.it\/magazine\/wp-content\/uploads\/2024\/01\/image-768x543.png 768w, https:\/\/www.istitutogalanteoliva.it\/magazine\/wp-content\/uploads\/2024\/01\/image-1536x1086.png 1536w, https:\/\/www.istitutogalanteoliva.it\/magazine\/wp-content\/uploads\/2024\/01\/image.png 1600w\" sizes=\"auto, (max-width: 1024px) 100vw, 1024px\" \/><\/figure>\n<div class=\"pdfprnt-buttons pdfprnt-buttons-post pdfprnt-bottom-left\"><a href=\"https:\/\/www.istitutogalanteoliva.it\/magazine\/wp-json\/wp\/v2\/posts\/14146?print=print\" class=\"pdfprnt-button pdfprnt-button-print\" target=\"_blank\"><img decoding=\"async\" src=\"https:\/\/www.istitutogalanteoliva.it\/magazine\/wp-content\/plugins\/pdf-print\/images\/print.png\" alt=\"image_print\" title=\"Stampa contenuto\" \/><span class=\"pdfprnt-button-title pdfprnt-button-print-title\">Download in PDF<\/span><\/a><\/div>","protected":false},"excerpt":{"rendered":"<p>PROGRAMMA ARTISTICO ANNUALE\u00a0 &#8211; Associazione Culturale Tra Parola e Musica &#8211; Casa di Suoni e Racconti<\/p>\n","protected":false},"author":2,"featured_media":14149,"comment_status":"closed","ping_status":"open","sticky":true,"template":"","format":"standard","meta":{"footnotes":""},"categories":[872,7],"tags":[152,62],"class_list":["post-14146","post","type-post","status-publish","format-standard","has-post-thumbnail","hentry","category-872","category-arte_e_spettacolo","tag-sardegna","tag-tra-parola-e-musica"],"yoast_head":"<!-- This site is optimized with the Yoast SEO plugin v24.2 - https:\/\/yoast.com\/wordpress\/plugins\/seo\/ -->\n<title>Sardegna - 2024: UN ANNO TRA PAROLA E MUSICA - Polis SA Magazine<\/title>\n<meta name=\"robots\" content=\"index, follow, max-snippet:-1, max-image-preview:large, max-video-preview:-1\" \/>\n<link rel=\"canonical\" href=\"https:\/\/www.istitutogalanteoliva.it\/magazine\/2024\/01\/12\/sardegna-2024-un-anno-tra-parola-e-musica\/\" \/>\n<meta property=\"og:locale\" content=\"it_IT\" \/>\n<meta property=\"og:type\" content=\"article\" \/>\n<meta property=\"og:title\" content=\"Sardegna - 2024: UN ANNO TRA PAROLA E MUSICA - Polis SA Magazine\" \/>\n<meta property=\"og:description\" content=\"PROGRAMMA ARTISTICO ANNUALE\u00a0 - Associazione Culturale Tra Parola e Musica - Casa di Suoni e Racconti\" \/>\n<meta property=\"og:url\" content=\"https:\/\/www.istitutogalanteoliva.it\/magazine\/2024\/01\/12\/sardegna-2024-un-anno-tra-parola-e-musica\/\" \/>\n<meta property=\"og:site_name\" content=\"Polis SA Magazine\" \/>\n<meta property=\"article:publisher\" content=\"https:\/\/www.facebook.com\/PolisSAMagazine\/\" \/>\n<meta property=\"article:published_time\" content=\"2024-01-12T14:59:06+00:00\" \/>\n<meta property=\"article:modified_time\" content=\"2024-01-12T15:00:18+00:00\" \/>\n<meta property=\"og:image\" content=\"https:\/\/www.istitutogalanteoliva.it\/magazine\/wp-content\/uploads\/2024\/01\/Senza-titolo-2.jpg\" \/>\n\t<meta property=\"og:image:width\" content=\"700\" \/>\n\t<meta property=\"og:image:height\" content=\"380\" \/>\n\t<meta property=\"og:image:type\" content=\"image\/jpeg\" \/>\n<meta name=\"author\" content=\"Antonello Rivano\" \/>\n<meta name=\"twitter:card\" content=\"summary_large_image\" \/>\n<meta name=\"twitter:creator\" content=\"@MagazinePolis\" \/>\n<meta name=\"twitter:site\" content=\"@MagazinePolis\" \/>\n<meta name=\"twitter:label1\" content=\"Scritto da\" \/>\n\t<meta name=\"twitter:data1\" content=\"Antonello Rivano\" \/>\n\t<meta name=\"twitter:label2\" content=\"Tempo di lettura stimato\" \/>\n\t<meta name=\"twitter:data2\" content=\"6 minuti\" \/>\n<script type=\"application\/ld+json\" class=\"yoast-schema-graph\">{\"@context\":\"https:\/\/schema.org\",\"@graph\":[{\"@type\":\"Article\",\"@id\":\"https:\/\/www.istitutogalanteoliva.it\/magazine\/2024\/01\/12\/sardegna-2024-un-anno-tra-parola-e-musica\/#article\",\"isPartOf\":{\"@id\":\"https:\/\/www.istitutogalanteoliva.it\/magazine\/2024\/01\/12\/sardegna-2024-un-anno-tra-parola-e-musica\/\"},\"author\":{\"name\":\"Antonello Rivano\",\"@id\":\"https:\/\/www.istitutogalanteoliva.it\/magazine\/#\/schema\/person\/d8b8aa79cfe8babc1df9da3212a7c0c4\"},\"headline\":\"Sardegna &#8211; 2024: UN ANNO TRA PAROLA E MUSICA\",\"datePublished\":\"2024-01-12T14:59:06+00:00\",\"dateModified\":\"2024-01-12T15:00:18+00:00\",\"mainEntityOfPage\":{\"@id\":\"https:\/\/www.istitutogalanteoliva.it\/magazine\/2024\/01\/12\/sardegna-2024-un-anno-tra-parola-e-musica\/\"},\"wordCount\":1073,\"publisher\":{\"@id\":\"https:\/\/www.istitutogalanteoliva.it\/magazine\/#organization\"},\"image\":{\"@id\":\"https:\/\/www.istitutogalanteoliva.it\/magazine\/2024\/01\/12\/sardegna-2024-un-anno-tra-parola-e-musica\/#primaryimage\"},\"thumbnailUrl\":\"https:\/\/www.istitutogalanteoliva.it\/magazine\/wp-content\/uploads\/2024\/01\/Senza-titolo-2.jpg\",\"keywords\":[\"Sardegna\",\"Tra parola e musica\"],\"articleSection\":[\"2024\",\"Arte e Spettacolo\"],\"inLanguage\":\"it-IT\"},{\"@type\":\"WebPage\",\"@id\":\"https:\/\/www.istitutogalanteoliva.it\/magazine\/2024\/01\/12\/sardegna-2024-un-anno-tra-parola-e-musica\/\",\"url\":\"https:\/\/www.istitutogalanteoliva.it\/magazine\/2024\/01\/12\/sardegna-2024-un-anno-tra-parola-e-musica\/\",\"name\":\"Sardegna - 2024: UN ANNO TRA PAROLA E MUSICA - Polis SA Magazine\",\"isPartOf\":{\"@id\":\"https:\/\/www.istitutogalanteoliva.it\/magazine\/#website\"},\"primaryImageOfPage\":{\"@id\":\"https:\/\/www.istitutogalanteoliva.it\/magazine\/2024\/01\/12\/sardegna-2024-un-anno-tra-parola-e-musica\/#primaryimage\"},\"image\":{\"@id\":\"https:\/\/www.istitutogalanteoliva.it\/magazine\/2024\/01\/12\/sardegna-2024-un-anno-tra-parola-e-musica\/#primaryimage\"},\"thumbnailUrl\":\"https:\/\/www.istitutogalanteoliva.it\/magazine\/wp-content\/uploads\/2024\/01\/Senza-titolo-2.jpg\",\"datePublished\":\"2024-01-12T14:59:06+00:00\",\"dateModified\":\"2024-01-12T15:00:18+00:00\",\"breadcrumb\":{\"@id\":\"https:\/\/www.istitutogalanteoliva.it\/magazine\/2024\/01\/12\/sardegna-2024-un-anno-tra-parola-e-musica\/#breadcrumb\"},\"inLanguage\":\"it-IT\",\"potentialAction\":[{\"@type\":\"ReadAction\",\"target\":[\"https:\/\/www.istitutogalanteoliva.it\/magazine\/2024\/01\/12\/sardegna-2024-un-anno-tra-parola-e-musica\/\"]}]},{\"@type\":\"ImageObject\",\"inLanguage\":\"it-IT\",\"@id\":\"https:\/\/www.istitutogalanteoliva.it\/magazine\/2024\/01\/12\/sardegna-2024-un-anno-tra-parola-e-musica\/#primaryimage\",\"url\":\"https:\/\/www.istitutogalanteoliva.it\/magazine\/wp-content\/uploads\/2024\/01\/Senza-titolo-2.jpg\",\"contentUrl\":\"https:\/\/www.istitutogalanteoliva.it\/magazine\/wp-content\/uploads\/2024\/01\/Senza-titolo-2.jpg\",\"width\":700,\"height\":380},{\"@type\":\"BreadcrumbList\",\"@id\":\"https:\/\/www.istitutogalanteoliva.it\/magazine\/2024\/01\/12\/sardegna-2024-un-anno-tra-parola-e-musica\/#breadcrumb\",\"itemListElement\":[{\"@type\":\"ListItem\",\"position\":1,\"name\":\"Home\",\"item\":\"https:\/\/www.istitutogalanteoliva.it\/magazine\/\"},{\"@type\":\"ListItem\",\"position\":2,\"name\":\"Sardegna &#8211; 2024: UN ANNO TRA PAROLA E MUSICA\"}]},{\"@type\":\"WebSite\",\"@id\":\"https:\/\/www.istitutogalanteoliva.it\/magazine\/#website\",\"url\":\"https:\/\/www.istitutogalanteoliva.it\/magazine\/\",\"name\":\"POLIS SA MAGAZINE\",\"description\":\"Informazione e approfondimenti\",\"publisher\":{\"@id\":\"https:\/\/www.istitutogalanteoliva.it\/magazine\/#organization\"},\"potentialAction\":[{\"@type\":\"SearchAction\",\"target\":{\"@type\":\"EntryPoint\",\"urlTemplate\":\"https:\/\/www.istitutogalanteoliva.it\/magazine\/?s={search_term_string}\"},\"query-input\":{\"@type\":\"PropertyValueSpecification\",\"valueRequired\":true,\"valueName\":\"search_term_string\"}}],\"inLanguage\":\"it-IT\"},{\"@type\":\"Organization\",\"@id\":\"https:\/\/www.istitutogalanteoliva.it\/magazine\/#organization\",\"name\":\"Polis SA Magazine\",\"url\":\"https:\/\/www.istitutogalanteoliva.it\/magazine\/\",\"logo\":{\"@type\":\"ImageObject\",\"inLanguage\":\"it-IT\",\"@id\":\"https:\/\/www.istitutogalanteoliva.it\/magazine\/#\/schema\/logo\/image\/\",\"url\":\"\",\"contentUrl\":\"\",\"caption\":\"Polis SA Magazine\"},\"image\":{\"@id\":\"https:\/\/www.istitutogalanteoliva.it\/magazine\/#\/schema\/logo\/image\/\"},\"sameAs\":[\"https:\/\/www.facebook.com\/PolisSAMagazine\/\",\"https:\/\/x.com\/MagazinePolis\",\"https:\/\/www.youtube.com\/channel\/UCv0Mr5AHKUmsc0sEEXkJrgw\"]},{\"@type\":\"Person\",\"@id\":\"https:\/\/www.istitutogalanteoliva.it\/magazine\/#\/schema\/person\/d8b8aa79cfe8babc1df9da3212a7c0c4\",\"name\":\"Antonello Rivano\",\"image\":{\"@type\":\"ImageObject\",\"inLanguage\":\"it-IT\",\"@id\":\"https:\/\/www.istitutogalanteoliva.it\/magazine\/#\/schema\/person\/image\/\",\"url\":\"https:\/\/secure.gravatar.com\/avatar\/517a9a6487a7a18ecc4ce6d2e57a8f40?s=96&d=mm&r=g\",\"contentUrl\":\"https:\/\/secure.gravatar.com\/avatar\/517a9a6487a7a18ecc4ce6d2e57a8f40?s=96&d=mm&r=g\",\"caption\":\"Antonello Rivano\"},\"url\":\"https:\/\/www.istitutogalanteoliva.it\/magazine\/author\/antonello\/\"}]}<\/script>\n<!-- \/ Yoast SEO plugin. -->","yoast_head_json":{"title":"Sardegna - 2024: UN ANNO TRA PAROLA E MUSICA - Polis SA Magazine","robots":{"index":"index","follow":"follow","max-snippet":"max-snippet:-1","max-image-preview":"max-image-preview:large","max-video-preview":"max-video-preview:-1"},"canonical":"https:\/\/www.istitutogalanteoliva.it\/magazine\/2024\/01\/12\/sardegna-2024-un-anno-tra-parola-e-musica\/","og_locale":"it_IT","og_type":"article","og_title":"Sardegna - 2024: UN ANNO TRA PAROLA E MUSICA - Polis SA Magazine","og_description":"PROGRAMMA ARTISTICO ANNUALE\u00a0 - Associazione Culturale Tra Parola e Musica - Casa di Suoni e Racconti","og_url":"https:\/\/www.istitutogalanteoliva.it\/magazine\/2024\/01\/12\/sardegna-2024-un-anno-tra-parola-e-musica\/","og_site_name":"Polis SA Magazine","article_publisher":"https:\/\/www.facebook.com\/PolisSAMagazine\/","article_published_time":"2024-01-12T14:59:06+00:00","article_modified_time":"2024-01-12T15:00:18+00:00","og_image":[{"width":700,"height":380,"url":"https:\/\/www.istitutogalanteoliva.it\/magazine\/wp-content\/uploads\/2024\/01\/Senza-titolo-2.jpg","type":"image\/jpeg"}],"author":"Antonello Rivano","twitter_card":"summary_large_image","twitter_creator":"@MagazinePolis","twitter_site":"@MagazinePolis","twitter_misc":{"Scritto da":"Antonello Rivano","Tempo di lettura stimato":"6 minuti"},"schema":{"@context":"https:\/\/schema.org","@graph":[{"@type":"Article","@id":"https:\/\/www.istitutogalanteoliva.it\/magazine\/2024\/01\/12\/sardegna-2024-un-anno-tra-parola-e-musica\/#article","isPartOf":{"@id":"https:\/\/www.istitutogalanteoliva.it\/magazine\/2024\/01\/12\/sardegna-2024-un-anno-tra-parola-e-musica\/"},"author":{"name":"Antonello Rivano","@id":"https:\/\/www.istitutogalanteoliva.it\/magazine\/#\/schema\/person\/d8b8aa79cfe8babc1df9da3212a7c0c4"},"headline":"Sardegna &#8211; 2024: UN ANNO TRA PAROLA E MUSICA","datePublished":"2024-01-12T14:59:06+00:00","dateModified":"2024-01-12T15:00:18+00:00","mainEntityOfPage":{"@id":"https:\/\/www.istitutogalanteoliva.it\/magazine\/2024\/01\/12\/sardegna-2024-un-anno-tra-parola-e-musica\/"},"wordCount":1073,"publisher":{"@id":"https:\/\/www.istitutogalanteoliva.it\/magazine\/#organization"},"image":{"@id":"https:\/\/www.istitutogalanteoliva.it\/magazine\/2024\/01\/12\/sardegna-2024-un-anno-tra-parola-e-musica\/#primaryimage"},"thumbnailUrl":"https:\/\/www.istitutogalanteoliva.it\/magazine\/wp-content\/uploads\/2024\/01\/Senza-titolo-2.jpg","keywords":["Sardegna","Tra parola e musica"],"articleSection":["2024","Arte e Spettacolo"],"inLanguage":"it-IT"},{"@type":"WebPage","@id":"https:\/\/www.istitutogalanteoliva.it\/magazine\/2024\/01\/12\/sardegna-2024-un-anno-tra-parola-e-musica\/","url":"https:\/\/www.istitutogalanteoliva.it\/magazine\/2024\/01\/12\/sardegna-2024-un-anno-tra-parola-e-musica\/","name":"Sardegna - 2024: UN ANNO TRA PAROLA E MUSICA - Polis SA Magazine","isPartOf":{"@id":"https:\/\/www.istitutogalanteoliva.it\/magazine\/#website"},"primaryImageOfPage":{"@id":"https:\/\/www.istitutogalanteoliva.it\/magazine\/2024\/01\/12\/sardegna-2024-un-anno-tra-parola-e-musica\/#primaryimage"},"image":{"@id":"https:\/\/www.istitutogalanteoliva.it\/magazine\/2024\/01\/12\/sardegna-2024-un-anno-tra-parola-e-musica\/#primaryimage"},"thumbnailUrl":"https:\/\/www.istitutogalanteoliva.it\/magazine\/wp-content\/uploads\/2024\/01\/Senza-titolo-2.jpg","datePublished":"2024-01-12T14:59:06+00:00","dateModified":"2024-01-12T15:00:18+00:00","breadcrumb":{"@id":"https:\/\/www.istitutogalanteoliva.it\/magazine\/2024\/01\/12\/sardegna-2024-un-anno-tra-parola-e-musica\/#breadcrumb"},"inLanguage":"it-IT","potentialAction":[{"@type":"ReadAction","target":["https:\/\/www.istitutogalanteoliva.it\/magazine\/2024\/01\/12\/sardegna-2024-un-anno-tra-parola-e-musica\/"]}]},{"@type":"ImageObject","inLanguage":"it-IT","@id":"https:\/\/www.istitutogalanteoliva.it\/magazine\/2024\/01\/12\/sardegna-2024-un-anno-tra-parola-e-musica\/#primaryimage","url":"https:\/\/www.istitutogalanteoliva.it\/magazine\/wp-content\/uploads\/2024\/01\/Senza-titolo-2.jpg","contentUrl":"https:\/\/www.istitutogalanteoliva.it\/magazine\/wp-content\/uploads\/2024\/01\/Senza-titolo-2.jpg","width":700,"height":380},{"@type":"BreadcrumbList","@id":"https:\/\/www.istitutogalanteoliva.it\/magazine\/2024\/01\/12\/sardegna-2024-un-anno-tra-parola-e-musica\/#breadcrumb","itemListElement":[{"@type":"ListItem","position":1,"name":"Home","item":"https:\/\/www.istitutogalanteoliva.it\/magazine\/"},{"@type":"ListItem","position":2,"name":"Sardegna &#8211; 2024: UN ANNO TRA PAROLA E MUSICA"}]},{"@type":"WebSite","@id":"https:\/\/www.istitutogalanteoliva.it\/magazine\/#website","url":"https:\/\/www.istitutogalanteoliva.it\/magazine\/","name":"POLIS SA MAGAZINE","description":"Informazione e approfondimenti","publisher":{"@id":"https:\/\/www.istitutogalanteoliva.it\/magazine\/#organization"},"potentialAction":[{"@type":"SearchAction","target":{"@type":"EntryPoint","urlTemplate":"https:\/\/www.istitutogalanteoliva.it\/magazine\/?s={search_term_string}"},"query-input":{"@type":"PropertyValueSpecification","valueRequired":true,"valueName":"search_term_string"}}],"inLanguage":"it-IT"},{"@type":"Organization","@id":"https:\/\/www.istitutogalanteoliva.it\/magazine\/#organization","name":"Polis SA Magazine","url":"https:\/\/www.istitutogalanteoliva.it\/magazine\/","logo":{"@type":"ImageObject","inLanguage":"it-IT","@id":"https:\/\/www.istitutogalanteoliva.it\/magazine\/#\/schema\/logo\/image\/","url":"","contentUrl":"","caption":"Polis SA Magazine"},"image":{"@id":"https:\/\/www.istitutogalanteoliva.it\/magazine\/#\/schema\/logo\/image\/"},"sameAs":["https:\/\/www.facebook.com\/PolisSAMagazine\/","https:\/\/x.com\/MagazinePolis","https:\/\/www.youtube.com\/channel\/UCv0Mr5AHKUmsc0sEEXkJrgw"]},{"@type":"Person","@id":"https:\/\/www.istitutogalanteoliva.it\/magazine\/#\/schema\/person\/d8b8aa79cfe8babc1df9da3212a7c0c4","name":"Antonello Rivano","image":{"@type":"ImageObject","inLanguage":"it-IT","@id":"https:\/\/www.istitutogalanteoliva.it\/magazine\/#\/schema\/person\/image\/","url":"https:\/\/secure.gravatar.com\/avatar\/517a9a6487a7a18ecc4ce6d2e57a8f40?s=96&d=mm&r=g","contentUrl":"https:\/\/secure.gravatar.com\/avatar\/517a9a6487a7a18ecc4ce6d2e57a8f40?s=96&d=mm&r=g","caption":"Antonello Rivano"},"url":"https:\/\/www.istitutogalanteoliva.it\/magazine\/author\/antonello\/"}]}},"_links":{"self":[{"href":"https:\/\/www.istitutogalanteoliva.it\/magazine\/wp-json\/wp\/v2\/posts\/14146","targetHints":{"allow":["GET"]}}],"collection":[{"href":"https:\/\/www.istitutogalanteoliva.it\/magazine\/wp-json\/wp\/v2\/posts"}],"about":[{"href":"https:\/\/www.istitutogalanteoliva.it\/magazine\/wp-json\/wp\/v2\/types\/post"}],"author":[{"embeddable":true,"href":"https:\/\/www.istitutogalanteoliva.it\/magazine\/wp-json\/wp\/v2\/users\/2"}],"replies":[{"embeddable":true,"href":"https:\/\/www.istitutogalanteoliva.it\/magazine\/wp-json\/wp\/v2\/comments?post=14146"}],"version-history":[{"count":2,"href":"https:\/\/www.istitutogalanteoliva.it\/magazine\/wp-json\/wp\/v2\/posts\/14146\/revisions"}],"predecessor-version":[{"id":14151,"href":"https:\/\/www.istitutogalanteoliva.it\/magazine\/wp-json\/wp\/v2\/posts\/14146\/revisions\/14151"}],"wp:featuredmedia":[{"embeddable":true,"href":"https:\/\/www.istitutogalanteoliva.it\/magazine\/wp-json\/wp\/v2\/media\/14149"}],"wp:attachment":[{"href":"https:\/\/www.istitutogalanteoliva.it\/magazine\/wp-json\/wp\/v2\/media?parent=14146"}],"wp:term":[{"taxonomy":"category","embeddable":true,"href":"https:\/\/www.istitutogalanteoliva.it\/magazine\/wp-json\/wp\/v2\/categories?post=14146"},{"taxonomy":"post_tag","embeddable":true,"href":"https:\/\/www.istitutogalanteoliva.it\/magazine\/wp-json\/wp\/v2\/tags?post=14146"}],"curies":[{"name":"wp","href":"https:\/\/api.w.org\/{rel}","templated":true}]}}