{"id":14159,"date":"2024-01-17T14:57:16","date_gmt":"2024-01-17T13:57:16","guid":{"rendered":"https:\/\/www.istitutogalanteoliva.it\/magazine\/?p=14159"},"modified":"2024-01-17T14:57:18","modified_gmt":"2024-01-17T13:57:18","slug":"un-viaggio-dietro-le-quinte-del-parco-storico-di-villa-durazzo-pallavicini-a-pegli","status":"publish","type":"post","link":"https:\/\/www.istitutogalanteoliva.it\/magazine\/2024\/01\/17\/un-viaggio-dietro-le-quinte-del-parco-storico-di-villa-durazzo-pallavicini-a-pegli\/","title":{"rendered":"Un viaggio dietro le quinte del Parco Storico di Villa Durazzo Pallavicini a Pegli"},"content":{"rendered":"\n<p>Di Antonello Rivano<\/p>\n\n\n\n<p>Il prestigioso Parco Storico di Villa Durazzo Pallavicini a Pegli apre le porte a un&#8217;esperienza unica, invitando gli appassionati della natura e della storia a partecipare a una visita speciale il prossimo 28 gennaio. Questo evento eccezionale consentir\u00e0 ai visitatori di immergersi nei segreti e nelle sfide dei cantieri del parco.\u00a0durante il giro si potr\u00e0 vedere il progetto, i risultati ottenuti, i lavori in corso, le problematiche da risolvere e gli obiettivi da\u00a0raggiungere del PNRR, con uno sguardo ravvicinato al processo di trasformazione in corso.<\/p>\n\n\n\n<figure class=\"wp-block-image size-large is-resized\"><img loading=\"lazy\" decoding=\"async\" width=\"1024\" height=\"576\" src=\"https:\/\/www.istitutogalanteoliva.it\/magazine\/wp-content\/uploads\/2024\/01\/13-1024x576.jpg\" alt=\"\" class=\"wp-image-14163\" style=\"width:700px\" srcset=\"https:\/\/www.istitutogalanteoliva.it\/magazine\/wp-content\/uploads\/2024\/01\/13-1024x576.jpg 1024w, https:\/\/www.istitutogalanteoliva.it\/magazine\/wp-content\/uploads\/2024\/01\/13-300x169.jpg 300w, https:\/\/www.istitutogalanteoliva.it\/magazine\/wp-content\/uploads\/2024\/01\/13-768x432.jpg 768w, https:\/\/www.istitutogalanteoliva.it\/magazine\/wp-content\/uploads\/2024\/01\/13.jpg 1463w\" sizes=\"auto, (max-width: 1024px) 100vw, 1024px\" \/><\/figure>\n\n\n\n<p>La passeggiata attraverso il parco sveler\u00e0 diversi luoghi affascinanti, tra cui la suggestiva <strong>Sala Verde<\/strong> e il suo<strong> ninfeo<\/strong>, testimoni di un passato ricco di storia e fascino. Il <strong>Viale Classico<\/strong>, oggetto di un attento ripristino, sar\u00e0 un punto focali per i visitatori, cos\u00ec come l&#8217;<strong>Oasi Mediterranea<\/strong>, che riscopre la sua bellezza originaria. Il <strong>camelieto<\/strong>, gi\u00e0 parzialmente fiorito, offre uno spettacolo di colori, mentre la parte alta tra la <strong>Capanna Svizzera<\/strong> e il<strong> Mausoleo <\/strong>racconta storie intramontabili. La parte bassa, con il suo imponente intervento di ripristino del ruscello, inizia con la scenografica scena del <strong>Coccodrillo<\/strong>.<\/p>\n\n\n\n<figure class=\"wp-block-image size-full is-resized\"><img loading=\"lazy\" decoding=\"async\" width=\"960\" height=\"540\" src=\"https:\/\/www.istitutogalanteoliva.it\/magazine\/wp-content\/uploads\/2024\/01\/70.jpg\" alt=\"\" class=\"wp-image-14161\" style=\"width:700px\" srcset=\"https:\/\/www.istitutogalanteoliva.it\/magazine\/wp-content\/uploads\/2024\/01\/70.jpg 960w, https:\/\/www.istitutogalanteoliva.it\/magazine\/wp-content\/uploads\/2024\/01\/70-300x169.jpg 300w, https:\/\/www.istitutogalanteoliva.it\/magazine\/wp-content\/uploads\/2024\/01\/70-768x432.jpg 768w\" sizes=\"auto, (max-width: 960px) 100vw, 960px\" \/><\/figure>\n\n\n\n<p>L&#8217;invito \u00e8 a scoprire il Parco dietro le quinte, lontano dalle cure quotidiane, per apprezzare il lavoro svolto e cogliere l&#8217;occasione di vedere il progetto prendere forma. La mancanza di immagini nella presente narrazione sottolinea l&#8217;invito a vivere l&#8217;esperienza di persona.<\/p>\n\n\n\n<p>Una menzione finale riguarda i video prodotti per celebrare l&#8217;avvento del 2023, che hanno portato gli spettatori alla scoperta delle bellezze del Parco e della citt\u00e0 di Genova. Chiunque abbia perso questi emozionanti video pu\u00f2 recuperarli attraverso i canali social del Parco. Alternativamente, per coloro che preferiscono evitare i social, \u00e8 disponibile un breve riassunto curato dagli esperti del parco.<\/p>\n\n\n\n<figure class=\"wp-block-embed is-type-video is-provider-youtube wp-block-embed-youtube wp-embed-aspect-16-9 wp-has-aspect-ratio\"><div class=\"wp-block-embed__wrapper\">\n<iframe loading=\"lazy\" title=\"Miscellanea 2023 - Trova la bellezza ovunque tu sia\" width=\"640\" height=\"360\" src=\"https:\/\/www.youtube.com\/embed\/vrPPC8nsiMs?feature=oembed\" frameborder=\"0\" allow=\"accelerometer; autoplay; clipboard-write; encrypted-media; gyroscope; picture-in-picture; web-share\" referrerpolicy=\"strict-origin-when-cross-origin\" allowfullscreen><\/iframe>\n<\/div><figcaption class=\"wp-element-caption\">La durata della visita del 28 gennaio \u00e8 stimata in circa 2 ore, durante le quali saranno esplorati vari punti chiave del parco in lavorazione.<br>Il costo dell&#8217;esperienza \u00e8 di 25\u20ac a biglietto intero e 15\u20ac a biglietto ridotto. \u00c8 necessaria la prenotazione anticipata, che pu\u00f2 essere effettuata inviando un&#8217;e-mail a <a>info@villadurazzopallavicini.it<\/a> o chiamando il numero 010 8531544.<br>Si sottolinea che il Parco sar\u00e0 aperto esclusivamente per coloro che parteciperanno a questa visita guidata. <br><\/figcaption><\/figure>\n\n\n\n<p><strong>Conferenza Esclusiva: &#8220;Villa Pallavicini ieri ed oggi&#8221; con l&#8217;Arch. Silvana Ghigino<\/strong><\/p>\n\n\n\n<p>Una straordinaria conferenza dal titolo &#8220;Villa Pallavicini ieri ed oggi&#8221; avr\u00e0 luogo domenica 28 gennaio 2024, alle ore 17 presso il Museo di Storia Naturale di Genova, situato in Via Brigata Liguria 9. La relatrice d&#8217;eccezione per questo appuntamento \u00e8 l&#8217;Architetto Silvana Ghigino, Direttrice del Parco Storico di Villa Durazzo Pallavicini.<\/p>\n\n\n\n<p>L&#8217;incontro segna l&#8217;inizio del ciclo di conferenze organizzato da &#8220;Gli Amici dell&#8217;Orto Botanico di Genova&#8221;. La conferenza sar\u00e0 un&#8217;opportunit\u00e0 unica per esplorare la storia ricca e affascinante di Villa Pallavicini, attraverso gli occhi esperti e la passione dell&#8217;Arch. Silvana Ghigino. Il confronto tra il passato e il presente permetter\u00e0 ai partecipanti di apprezzare l&#8217;evoluzione di questa magnifica residenza nel corso del tempo.<\/p>\n\n\n\n<p>L&#8217;evento \u00e8 ad ingresso gratuito, ma i posti sono limitati. Per garantirsi un posto, \u00e8 consigliata la prenotazione anticipata tramite l&#8217;indirizzo e-mail <a>info@ambog.org<\/a>.<\/p>\n\n\n\n<p>Questa conferenza si presenta come un&#8217;opportunit\u00e0 imperdibile per coloro che desiderano approfondire la conoscenza della storia di Villa Pallavicini, con una guida esperta che condivider\u00e0 dettagli unici e aneddoti affascinanti. Un&#8217;occasione di arricchimento culturale e di scoperta per tutti gli appassionati di storia e bellezza architettonica.<\/p>\n\n\n\n<p><strong>Esplorazione del Camelieto Storico: Tutti i Weekend dal 17 Febbraio<\/strong><\/p>\n\n\n\n<p>A partire dal 17 febbraio, gli appassionati avranno l&#8217;opportunit\u00e0 di immergersi nella bellezza storica del Camelieto di Villa Durazzo Pallavicini durante le visite guidate che si terranno ogni weekend. Un viaggio affascinante attraverso questo gioiello botanico sar\u00e0 disponibile per tutti coloro che desiderano esplorare uno degli aspetti pi\u00f9 affascinanti del parco.<\/p>\n\n\n\n<p>Le visite al Camelieto Storico avranno luogo ogni weekend con inizio alle ore 14:30, offrendo un&#8217;occasione unica di scoprire la storia e la bellezza di questa particolare area del parco. La durata della visita \u00e8 stimata intorno alle 2 ore, durante le quali i partecipanti saranno guidati attraverso le meraviglie del Camelieto.<\/p>\n\n\n\n<figure class=\"wp-block-image size-full\"><img loading=\"lazy\" decoding=\"async\" width=\"700\" height=\"380\" src=\"https:\/\/www.istitutogalanteoliva.it\/magazine\/wp-content\/uploads\/2024\/01\/Camelieto_Villa_Pallavicini-1.jpeg\" alt=\"\" class=\"wp-image-14166\" srcset=\"https:\/\/www.istitutogalanteoliva.it\/magazine\/wp-content\/uploads\/2024\/01\/Camelieto_Villa_Pallavicini-1.jpeg 700w, https:\/\/www.istitutogalanteoliva.it\/magazine\/wp-content\/uploads\/2024\/01\/Camelieto_Villa_Pallavicini-1-300x163.jpeg 300w\" sizes=\"auto, (max-width: 700px) 100vw, 700px\" \/><\/figure>\n\n\n\n<p>Il costo di partecipazione \u00e8 di 25\u20ac per il biglietto intero e 15\u20ac per il biglietto ridotto, che include anche l&#8217;ingresso nel Parco. La prenotazione anticipata \u00e8 obbligatoria per garantire una esperienza piacevole e personalizzata.<\/p>\n\n\n\n<p>Le visite al Camelieto Storico continueranno fino alla fine di marzo, offrendo molteplici opportunit\u00e0 per coloro che desiderano esplorare questo angolo affascinante del parco e godere della sua bellezza storica. Un&#8217;esperienza che fonde natura e cultura, invitando gli amanti della botanica e della storia a scoprire la magia del Camelieto di Villa Durazzo Pallavicini.<br><sup>(Fonte: news letter Parco Durazzo Pallavicini di Genova Pegli)<\/sup> <br><sup>(Foto di Antonello Rivano)<\/sup><\/p>\n\n\n\n<p><sub>Articoli correlati: <a href=\"https:\/\/www.istitutogalanteoliva.it\/magazine\/2020\/02\/01\/parco-villa-durazzo-pallavicini-a-volte-i-sogni-si-avverano\/\">PARCO VILLA DURAZZO PALLAVICINI. A VOLTE I SOGNI SI AVVERANO!<\/a>; <br><a href=\"https:\/\/www.istitutogalanteoliva.it\/magazine\/2021\/03\/19\/il-parco-romantico-di-villa-durazzo-pallavicini\/\">IL PARCO \u201cROMANTICO\u201d DI VILLA DURAZZO PALLAVICINI<\/a><\/sub><\/p>\n\n\n\n<p class=\"has-text-align-left\"><img loading=\"lazy\" decoding=\"async\" width=\"80\" height=\"80\" class=\"wp-image-15584\" style=\"width: 80px;\" src=\"https:\/\/www.istitutogalanteoliva.it\/magazine\/wp-content\/uploads\/2024\/08\/anto.png\" alt=\"\" srcset=\"https:\/\/www.istitutogalanteoliva.it\/magazine\/wp-content\/uploads\/2024\/08\/anto.png 247w, https:\/\/www.istitutogalanteoliva.it\/magazine\/wp-content\/uploads\/2024\/08\/anto-150x150.png 150w\" sizes=\"auto, (max-width: 80px) 100vw, 80px\" \/><em><mark style=\"background-color:rgba(0, 0, 0, 0)\" class=\"has-inline-color has-black-color\"><strong><a href=\"https:\/\/www.istitutogalanteoliva\/antonello-rivano-2\/\">Antonello Rivano<\/a><\/strong><\/mark><\/em><br><sup><strong>Direttore di redazione\/coordinatore nazionale<\/strong> <strong><em>Polis SA Magazine<\/em><\/strong><\/sup><br><\/p>\n<div class=\"pdfprnt-buttons pdfprnt-buttons-post pdfprnt-bottom-left\"><a href=\"https:\/\/www.istitutogalanteoliva.it\/magazine\/wp-json\/wp\/v2\/posts\/14159?print=print\" class=\"pdfprnt-button pdfprnt-button-print\" target=\"_blank\"><img decoding=\"async\" src=\"https:\/\/www.istitutogalanteoliva.it\/magazine\/wp-content\/plugins\/pdf-print\/images\/print.png\" alt=\"image_print\" title=\"Stampa contenuto\" \/><span class=\"pdfprnt-button-title pdfprnt-button-print-title\">Download in PDF<\/span><\/a><\/div>","protected":false},"excerpt":{"rendered":"<p>Domenica 28 gennaio un&#8217; apertura straordinaria, per una visita esclusiva del parco, nell&#8217;ambito dello sviluppo dei lavori relativi al PNRR<\/p>\n","protected":false},"author":2,"featured_media":14165,"comment_status":"closed","ping_status":"open","sticky":true,"template":"","format":"standard","meta":{"footnotes":""},"categories":[872,47,207,13],"tags":[478,883],"class_list":["post-14159","post","type-post","status-publish","format-standard","has-post-thumbnail","hentry","category-872","category-eventi","category-liguria","category-territorio","tag-genova-pegli","tag-parco-storico-di-villa-durazzo-pallavicini"],"yoast_head":"<!-- This site is optimized with the Yoast SEO plugin v24.2 - https:\/\/yoast.com\/wordpress\/plugins\/seo\/ -->\n<title>Un viaggio dietro le quinte del Parco Storico di Villa Durazzo Pallavicini a Pegli - Polis SA Magazine<\/title>\n<meta name=\"robots\" content=\"index, follow, max-snippet:-1, max-image-preview:large, max-video-preview:-1\" \/>\n<link rel=\"canonical\" href=\"https:\/\/www.istitutogalanteoliva.it\/magazine\/2024\/01\/17\/un-viaggio-dietro-le-quinte-del-parco-storico-di-villa-durazzo-pallavicini-a-pegli\/\" \/>\n<meta property=\"og:locale\" content=\"it_IT\" \/>\n<meta property=\"og:type\" content=\"article\" \/>\n<meta property=\"og:title\" content=\"Un viaggio dietro le quinte del Parco Storico di Villa Durazzo Pallavicini a Pegli - Polis SA Magazine\" \/>\n<meta property=\"og:description\" content=\"Domenica 28 gennaio un&#039; apertura straordinaria, per una visita esclusiva del parco, nell&#039;ambito dello sviluppo dei lavori relativi al PNRR\" \/>\n<meta property=\"og:url\" content=\"https:\/\/www.istitutogalanteoliva.it\/magazine\/2024\/01\/17\/un-viaggio-dietro-le-quinte-del-parco-storico-di-villa-durazzo-pallavicini-a-pegli\/\" \/>\n<meta property=\"og:site_name\" content=\"Polis SA Magazine\" \/>\n<meta property=\"article:publisher\" content=\"https:\/\/www.facebook.com\/PolisSAMagazine\/\" \/>\n<meta property=\"article:published_time\" content=\"2024-01-17T13:57:16+00:00\" \/>\n<meta property=\"article:modified_time\" content=\"2024-01-17T13:57:18+00:00\" \/>\n<meta property=\"og:image\" content=\"https:\/\/www.istitutogalanteoliva.it\/magazine\/wp-content\/uploads\/2024\/01\/pall.jpg\" \/>\n\t<meta property=\"og:image:width\" content=\"700\" \/>\n\t<meta property=\"og:image:height\" content=\"380\" \/>\n\t<meta property=\"og:image:type\" content=\"image\/jpeg\" \/>\n<meta name=\"author\" content=\"Antonello Rivano\" \/>\n<meta name=\"twitter:card\" content=\"summary_large_image\" \/>\n<meta name=\"twitter:creator\" content=\"@MagazinePolis\" \/>\n<meta name=\"twitter:site\" content=\"@MagazinePolis\" \/>\n<meta name=\"twitter:label1\" content=\"Scritto da\" \/>\n\t<meta name=\"twitter:data1\" content=\"Antonello Rivano\" \/>\n\t<meta name=\"twitter:label2\" content=\"Tempo di lettura stimato\" \/>\n\t<meta name=\"twitter:data2\" content=\"6 minuti\" \/>\n<script type=\"application\/ld+json\" class=\"yoast-schema-graph\">{\"@context\":\"https:\/\/schema.org\",\"@graph\":[{\"@type\":\"Article\",\"@id\":\"https:\/\/www.istitutogalanteoliva.it\/magazine\/2024\/01\/17\/un-viaggio-dietro-le-quinte-del-parco-storico-di-villa-durazzo-pallavicini-a-pegli\/#article\",\"isPartOf\":{\"@id\":\"https:\/\/www.istitutogalanteoliva.it\/magazine\/2024\/01\/17\/un-viaggio-dietro-le-quinte-del-parco-storico-di-villa-durazzo-pallavicini-a-pegli\/\"},\"author\":{\"name\":\"Antonello Rivano\",\"@id\":\"https:\/\/www.istitutogalanteoliva.it\/magazine\/#\/schema\/person\/d8b8aa79cfe8babc1df9da3212a7c0c4\"},\"headline\":\"Un viaggio dietro le quinte del Parco Storico di Villa Durazzo Pallavicini a Pegli\",\"datePublished\":\"2024-01-17T13:57:16+00:00\",\"dateModified\":\"2024-01-17T13:57:18+00:00\",\"mainEntityOfPage\":{\"@id\":\"https:\/\/www.istitutogalanteoliva.it\/magazine\/2024\/01\/17\/un-viaggio-dietro-le-quinte-del-parco-storico-di-villa-durazzo-pallavicini-a-pegli\/\"},\"wordCount\":789,\"publisher\":{\"@id\":\"https:\/\/www.istitutogalanteoliva.it\/magazine\/#organization\"},\"image\":{\"@id\":\"https:\/\/www.istitutogalanteoliva.it\/magazine\/2024\/01\/17\/un-viaggio-dietro-le-quinte-del-parco-storico-di-villa-durazzo-pallavicini-a-pegli\/#primaryimage\"},\"thumbnailUrl\":\"https:\/\/www.istitutogalanteoliva.it\/magazine\/wp-content\/uploads\/2024\/01\/pall.jpg\",\"keywords\":[\"Genova pegli\",\"Parco Storico di Villa Durazzo Pallavicini\"],\"articleSection\":[\"2024\",\"Eventi\",\"Liguria\",\"Territorio\"],\"inLanguage\":\"it-IT\"},{\"@type\":\"WebPage\",\"@id\":\"https:\/\/www.istitutogalanteoliva.it\/magazine\/2024\/01\/17\/un-viaggio-dietro-le-quinte-del-parco-storico-di-villa-durazzo-pallavicini-a-pegli\/\",\"url\":\"https:\/\/www.istitutogalanteoliva.it\/magazine\/2024\/01\/17\/un-viaggio-dietro-le-quinte-del-parco-storico-di-villa-durazzo-pallavicini-a-pegli\/\",\"name\":\"Un viaggio dietro le quinte del Parco Storico di Villa Durazzo Pallavicini a Pegli - Polis SA Magazine\",\"isPartOf\":{\"@id\":\"https:\/\/www.istitutogalanteoliva.it\/magazine\/#website\"},\"primaryImageOfPage\":{\"@id\":\"https:\/\/www.istitutogalanteoliva.it\/magazine\/2024\/01\/17\/un-viaggio-dietro-le-quinte-del-parco-storico-di-villa-durazzo-pallavicini-a-pegli\/#primaryimage\"},\"image\":{\"@id\":\"https:\/\/www.istitutogalanteoliva.it\/magazine\/2024\/01\/17\/un-viaggio-dietro-le-quinte-del-parco-storico-di-villa-durazzo-pallavicini-a-pegli\/#primaryimage\"},\"thumbnailUrl\":\"https:\/\/www.istitutogalanteoliva.it\/magazine\/wp-content\/uploads\/2024\/01\/pall.jpg\",\"datePublished\":\"2024-01-17T13:57:16+00:00\",\"dateModified\":\"2024-01-17T13:57:18+00:00\",\"breadcrumb\":{\"@id\":\"https:\/\/www.istitutogalanteoliva.it\/magazine\/2024\/01\/17\/un-viaggio-dietro-le-quinte-del-parco-storico-di-villa-durazzo-pallavicini-a-pegli\/#breadcrumb\"},\"inLanguage\":\"it-IT\",\"potentialAction\":[{\"@type\":\"ReadAction\",\"target\":[\"https:\/\/www.istitutogalanteoliva.it\/magazine\/2024\/01\/17\/un-viaggio-dietro-le-quinte-del-parco-storico-di-villa-durazzo-pallavicini-a-pegli\/\"]}]},{\"@type\":\"ImageObject\",\"inLanguage\":\"it-IT\",\"@id\":\"https:\/\/www.istitutogalanteoliva.it\/magazine\/2024\/01\/17\/un-viaggio-dietro-le-quinte-del-parco-storico-di-villa-durazzo-pallavicini-a-pegli\/#primaryimage\",\"url\":\"https:\/\/www.istitutogalanteoliva.it\/magazine\/wp-content\/uploads\/2024\/01\/pall.jpg\",\"contentUrl\":\"https:\/\/www.istitutogalanteoliva.it\/magazine\/wp-content\/uploads\/2024\/01\/pall.jpg\",\"width\":700,\"height\":380},{\"@type\":\"BreadcrumbList\",\"@id\":\"https:\/\/www.istitutogalanteoliva.it\/magazine\/2024\/01\/17\/un-viaggio-dietro-le-quinte-del-parco-storico-di-villa-durazzo-pallavicini-a-pegli\/#breadcrumb\",\"itemListElement\":[{\"@type\":\"ListItem\",\"position\":1,\"name\":\"Home\",\"item\":\"https:\/\/www.istitutogalanteoliva.it\/magazine\/\"},{\"@type\":\"ListItem\",\"position\":2,\"name\":\"Un viaggio dietro le quinte del Parco Storico di Villa Durazzo Pallavicini a Pegli\"}]},{\"@type\":\"WebSite\",\"@id\":\"https:\/\/www.istitutogalanteoliva.it\/magazine\/#website\",\"url\":\"https:\/\/www.istitutogalanteoliva.it\/magazine\/\",\"name\":\"POLIS SA MAGAZINE\",\"description\":\"Informazione e approfondimenti\",\"publisher\":{\"@id\":\"https:\/\/www.istitutogalanteoliva.it\/magazine\/#organization\"},\"potentialAction\":[{\"@type\":\"SearchAction\",\"target\":{\"@type\":\"EntryPoint\",\"urlTemplate\":\"https:\/\/www.istitutogalanteoliva.it\/magazine\/?s={search_term_string}\"},\"query-input\":{\"@type\":\"PropertyValueSpecification\",\"valueRequired\":true,\"valueName\":\"search_term_string\"}}],\"inLanguage\":\"it-IT\"},{\"@type\":\"Organization\",\"@id\":\"https:\/\/www.istitutogalanteoliva.it\/magazine\/#organization\",\"name\":\"Polis SA Magazine\",\"url\":\"https:\/\/www.istitutogalanteoliva.it\/magazine\/\",\"logo\":{\"@type\":\"ImageObject\",\"inLanguage\":\"it-IT\",\"@id\":\"https:\/\/www.istitutogalanteoliva.it\/magazine\/#\/schema\/logo\/image\/\",\"url\":\"\",\"contentUrl\":\"\",\"caption\":\"Polis SA Magazine\"},\"image\":{\"@id\":\"https:\/\/www.istitutogalanteoliva.it\/magazine\/#\/schema\/logo\/image\/\"},\"sameAs\":[\"https:\/\/www.facebook.com\/PolisSAMagazine\/\",\"https:\/\/x.com\/MagazinePolis\",\"https:\/\/www.youtube.com\/channel\/UCv0Mr5AHKUmsc0sEEXkJrgw\"]},{\"@type\":\"Person\",\"@id\":\"https:\/\/www.istitutogalanteoliva.it\/magazine\/#\/schema\/person\/d8b8aa79cfe8babc1df9da3212a7c0c4\",\"name\":\"Antonello Rivano\",\"image\":{\"@type\":\"ImageObject\",\"inLanguage\":\"it-IT\",\"@id\":\"https:\/\/www.istitutogalanteoliva.it\/magazine\/#\/schema\/person\/image\/\",\"url\":\"https:\/\/secure.gravatar.com\/avatar\/517a9a6487a7a18ecc4ce6d2e57a8f40?s=96&d=mm&r=g\",\"contentUrl\":\"https:\/\/secure.gravatar.com\/avatar\/517a9a6487a7a18ecc4ce6d2e57a8f40?s=96&d=mm&r=g\",\"caption\":\"Antonello Rivano\"},\"url\":\"https:\/\/www.istitutogalanteoliva.it\/magazine\/author\/antonello\/\"}]}<\/script>\n<!-- \/ Yoast SEO plugin. -->","yoast_head_json":{"title":"Un viaggio dietro le quinte del Parco Storico di Villa Durazzo Pallavicini a Pegli - Polis SA Magazine","robots":{"index":"index","follow":"follow","max-snippet":"max-snippet:-1","max-image-preview":"max-image-preview:large","max-video-preview":"max-video-preview:-1"},"canonical":"https:\/\/www.istitutogalanteoliva.it\/magazine\/2024\/01\/17\/un-viaggio-dietro-le-quinte-del-parco-storico-di-villa-durazzo-pallavicini-a-pegli\/","og_locale":"it_IT","og_type":"article","og_title":"Un viaggio dietro le quinte del Parco Storico di Villa Durazzo Pallavicini a Pegli - Polis SA Magazine","og_description":"Domenica 28 gennaio un' apertura straordinaria, per una visita esclusiva del parco, nell'ambito dello sviluppo dei lavori relativi al PNRR","og_url":"https:\/\/www.istitutogalanteoliva.it\/magazine\/2024\/01\/17\/un-viaggio-dietro-le-quinte-del-parco-storico-di-villa-durazzo-pallavicini-a-pegli\/","og_site_name":"Polis SA Magazine","article_publisher":"https:\/\/www.facebook.com\/PolisSAMagazine\/","article_published_time":"2024-01-17T13:57:16+00:00","article_modified_time":"2024-01-17T13:57:18+00:00","og_image":[{"width":700,"height":380,"url":"https:\/\/www.istitutogalanteoliva.it\/magazine\/wp-content\/uploads\/2024\/01\/pall.jpg","type":"image\/jpeg"}],"author":"Antonello Rivano","twitter_card":"summary_large_image","twitter_creator":"@MagazinePolis","twitter_site":"@MagazinePolis","twitter_misc":{"Scritto da":"Antonello Rivano","Tempo di lettura stimato":"6 minuti"},"schema":{"@context":"https:\/\/schema.org","@graph":[{"@type":"Article","@id":"https:\/\/www.istitutogalanteoliva.it\/magazine\/2024\/01\/17\/un-viaggio-dietro-le-quinte-del-parco-storico-di-villa-durazzo-pallavicini-a-pegli\/#article","isPartOf":{"@id":"https:\/\/www.istitutogalanteoliva.it\/magazine\/2024\/01\/17\/un-viaggio-dietro-le-quinte-del-parco-storico-di-villa-durazzo-pallavicini-a-pegli\/"},"author":{"name":"Antonello Rivano","@id":"https:\/\/www.istitutogalanteoliva.it\/magazine\/#\/schema\/person\/d8b8aa79cfe8babc1df9da3212a7c0c4"},"headline":"Un viaggio dietro le quinte del Parco Storico di Villa Durazzo Pallavicini a Pegli","datePublished":"2024-01-17T13:57:16+00:00","dateModified":"2024-01-17T13:57:18+00:00","mainEntityOfPage":{"@id":"https:\/\/www.istitutogalanteoliva.it\/magazine\/2024\/01\/17\/un-viaggio-dietro-le-quinte-del-parco-storico-di-villa-durazzo-pallavicini-a-pegli\/"},"wordCount":789,"publisher":{"@id":"https:\/\/www.istitutogalanteoliva.it\/magazine\/#organization"},"image":{"@id":"https:\/\/www.istitutogalanteoliva.it\/magazine\/2024\/01\/17\/un-viaggio-dietro-le-quinte-del-parco-storico-di-villa-durazzo-pallavicini-a-pegli\/#primaryimage"},"thumbnailUrl":"https:\/\/www.istitutogalanteoliva.it\/magazine\/wp-content\/uploads\/2024\/01\/pall.jpg","keywords":["Genova pegli","Parco Storico di Villa Durazzo Pallavicini"],"articleSection":["2024","Eventi","Liguria","Territorio"],"inLanguage":"it-IT"},{"@type":"WebPage","@id":"https:\/\/www.istitutogalanteoliva.it\/magazine\/2024\/01\/17\/un-viaggio-dietro-le-quinte-del-parco-storico-di-villa-durazzo-pallavicini-a-pegli\/","url":"https:\/\/www.istitutogalanteoliva.it\/magazine\/2024\/01\/17\/un-viaggio-dietro-le-quinte-del-parco-storico-di-villa-durazzo-pallavicini-a-pegli\/","name":"Un viaggio dietro le quinte del Parco Storico di Villa Durazzo Pallavicini a Pegli - Polis SA Magazine","isPartOf":{"@id":"https:\/\/www.istitutogalanteoliva.it\/magazine\/#website"},"primaryImageOfPage":{"@id":"https:\/\/www.istitutogalanteoliva.it\/magazine\/2024\/01\/17\/un-viaggio-dietro-le-quinte-del-parco-storico-di-villa-durazzo-pallavicini-a-pegli\/#primaryimage"},"image":{"@id":"https:\/\/www.istitutogalanteoliva.it\/magazine\/2024\/01\/17\/un-viaggio-dietro-le-quinte-del-parco-storico-di-villa-durazzo-pallavicini-a-pegli\/#primaryimage"},"thumbnailUrl":"https:\/\/www.istitutogalanteoliva.it\/magazine\/wp-content\/uploads\/2024\/01\/pall.jpg","datePublished":"2024-01-17T13:57:16+00:00","dateModified":"2024-01-17T13:57:18+00:00","breadcrumb":{"@id":"https:\/\/www.istitutogalanteoliva.it\/magazine\/2024\/01\/17\/un-viaggio-dietro-le-quinte-del-parco-storico-di-villa-durazzo-pallavicini-a-pegli\/#breadcrumb"},"inLanguage":"it-IT","potentialAction":[{"@type":"ReadAction","target":["https:\/\/www.istitutogalanteoliva.it\/magazine\/2024\/01\/17\/un-viaggio-dietro-le-quinte-del-parco-storico-di-villa-durazzo-pallavicini-a-pegli\/"]}]},{"@type":"ImageObject","inLanguage":"it-IT","@id":"https:\/\/www.istitutogalanteoliva.it\/magazine\/2024\/01\/17\/un-viaggio-dietro-le-quinte-del-parco-storico-di-villa-durazzo-pallavicini-a-pegli\/#primaryimage","url":"https:\/\/www.istitutogalanteoliva.it\/magazine\/wp-content\/uploads\/2024\/01\/pall.jpg","contentUrl":"https:\/\/www.istitutogalanteoliva.it\/magazine\/wp-content\/uploads\/2024\/01\/pall.jpg","width":700,"height":380},{"@type":"BreadcrumbList","@id":"https:\/\/www.istitutogalanteoliva.it\/magazine\/2024\/01\/17\/un-viaggio-dietro-le-quinte-del-parco-storico-di-villa-durazzo-pallavicini-a-pegli\/#breadcrumb","itemListElement":[{"@type":"ListItem","position":1,"name":"Home","item":"https:\/\/www.istitutogalanteoliva.it\/magazine\/"},{"@type":"ListItem","position":2,"name":"Un viaggio dietro le quinte del Parco Storico di Villa Durazzo Pallavicini a Pegli"}]},{"@type":"WebSite","@id":"https:\/\/www.istitutogalanteoliva.it\/magazine\/#website","url":"https:\/\/www.istitutogalanteoliva.it\/magazine\/","name":"POLIS SA MAGAZINE","description":"Informazione e approfondimenti","publisher":{"@id":"https:\/\/www.istitutogalanteoliva.it\/magazine\/#organization"},"potentialAction":[{"@type":"SearchAction","target":{"@type":"EntryPoint","urlTemplate":"https:\/\/www.istitutogalanteoliva.it\/magazine\/?s={search_term_string}"},"query-input":{"@type":"PropertyValueSpecification","valueRequired":true,"valueName":"search_term_string"}}],"inLanguage":"it-IT"},{"@type":"Organization","@id":"https:\/\/www.istitutogalanteoliva.it\/magazine\/#organization","name":"Polis SA Magazine","url":"https:\/\/www.istitutogalanteoliva.it\/magazine\/","logo":{"@type":"ImageObject","inLanguage":"it-IT","@id":"https:\/\/www.istitutogalanteoliva.it\/magazine\/#\/schema\/logo\/image\/","url":"","contentUrl":"","caption":"Polis SA Magazine"},"image":{"@id":"https:\/\/www.istitutogalanteoliva.it\/magazine\/#\/schema\/logo\/image\/"},"sameAs":["https:\/\/www.facebook.com\/PolisSAMagazine\/","https:\/\/x.com\/MagazinePolis","https:\/\/www.youtube.com\/channel\/UCv0Mr5AHKUmsc0sEEXkJrgw"]},{"@type":"Person","@id":"https:\/\/www.istitutogalanteoliva.it\/magazine\/#\/schema\/person\/d8b8aa79cfe8babc1df9da3212a7c0c4","name":"Antonello Rivano","image":{"@type":"ImageObject","inLanguage":"it-IT","@id":"https:\/\/www.istitutogalanteoliva.it\/magazine\/#\/schema\/person\/image\/","url":"https:\/\/secure.gravatar.com\/avatar\/517a9a6487a7a18ecc4ce6d2e57a8f40?s=96&d=mm&r=g","contentUrl":"https:\/\/secure.gravatar.com\/avatar\/517a9a6487a7a18ecc4ce6d2e57a8f40?s=96&d=mm&r=g","caption":"Antonello Rivano"},"url":"https:\/\/www.istitutogalanteoliva.it\/magazine\/author\/antonello\/"}]}},"_links":{"self":[{"href":"https:\/\/www.istitutogalanteoliva.it\/magazine\/wp-json\/wp\/v2\/posts\/14159","targetHints":{"allow":["GET"]}}],"collection":[{"href":"https:\/\/www.istitutogalanteoliva.it\/magazine\/wp-json\/wp\/v2\/posts"}],"about":[{"href":"https:\/\/www.istitutogalanteoliva.it\/magazine\/wp-json\/wp\/v2\/types\/post"}],"author":[{"embeddable":true,"href":"https:\/\/www.istitutogalanteoliva.it\/magazine\/wp-json\/wp\/v2\/users\/2"}],"replies":[{"embeddable":true,"href":"https:\/\/www.istitutogalanteoliva.it\/magazine\/wp-json\/wp\/v2\/comments?post=14159"}],"version-history":[{"count":2,"href":"https:\/\/www.istitutogalanteoliva.it\/magazine\/wp-json\/wp\/v2\/posts\/14159\/revisions"}],"predecessor-version":[{"id":14167,"href":"https:\/\/www.istitutogalanteoliva.it\/magazine\/wp-json\/wp\/v2\/posts\/14159\/revisions\/14167"}],"wp:featuredmedia":[{"embeddable":true,"href":"https:\/\/www.istitutogalanteoliva.it\/magazine\/wp-json\/wp\/v2\/media\/14165"}],"wp:attachment":[{"href":"https:\/\/www.istitutogalanteoliva.it\/magazine\/wp-json\/wp\/v2\/media?parent=14159"}],"wp:term":[{"taxonomy":"category","embeddable":true,"href":"https:\/\/www.istitutogalanteoliva.it\/magazine\/wp-json\/wp\/v2\/categories?post=14159"},{"taxonomy":"post_tag","embeddable":true,"href":"https:\/\/www.istitutogalanteoliva.it\/magazine\/wp-json\/wp\/v2\/tags?post=14159"}],"curies":[{"name":"wp","href":"https:\/\/api.w.org\/{rel}","templated":true}]}}