{"id":14216,"date":"2024-01-25T08:00:00","date_gmt":"2024-01-25T07:00:00","guid":{"rendered":"https:\/\/www.istitutogalanteoliva.it\/magazine\/?p=14216"},"modified":"2024-01-25T09:52:14","modified_gmt":"2024-01-25T08:52:14","slug":"la-cultura-al-sud-e-davvero-a-rischio","status":"publish","type":"post","link":"https:\/\/www.istitutogalanteoliva.it\/magazine\/2024\/01\/25\/la-cultura-al-sud-e-davvero-a-rischio\/","title":{"rendered":"La cultura al sud \u00e8 davvero a rischio"},"content":{"rendered":"\n<p>Di Paolo De Leo<\/p>\n\n\n\n<p>Dopo 53 anni di storia, il festival internazionale del cinema per ragazzi sta rischiando una forte battuta d\u2019arresto. Questo si evince da un post sui social del direttore e creatore del Giffoni film festival, festival che ogni anno vede migliaia di ragazzi da tutto il mondo emozionarsi e vivere ogni anno del Giffoni film Festival come se fosse il primo e sempre stupiti dalla magia che l\u2019evento riesce a creare sia nei cuori dei grandi che nei cuori dei pi\u00f9 piccini un\u2019esperienza nuova e magica, anche nell\u2019evolversi giornaliero del festival stesso. Quello del 2024 dovrebbe essere&nbsp; la cinquantaquattresima edizione, che ha causa di questo governo rischia di non avvenire e quindi di spegnere la magia nei cuori dei grandi e dei piccini che ci lavorano, perch\u00e9 li un giurato \u00e8 un perno dell\u2019organizzazione quindi fa parte dei tanti che ci lavorano.&nbsp; Il festival da anche la possibilit\u00e0 di scambio culturale, essendo un festival internazionale al quale partecipano ragazzi di 47 paesi. Questo \u00e8 quello che scrive il direttore Claudio Gubitosi<strong>: \u201c<\/strong>GIFFONI RISCHIA IL BLOCCO\u201d<\/p>\n\n\n\n<p>&#8220;<em>Carissime amiche ed amici, con 54 anni di onorata storia e tra le pi\u00f9 belle avventure creative del mondo, quest\u2019anno rischiamo seriamente di annullare o compromettere le nostre attivit\u00e0. Abbiamo condiviso tanti successi, ci siamo parlati tutti i giorni, ogni domenica mi seguite con affetto e attenzione e per questo vi ringrazio infinitamente. Non avrei mai voluto dirvi quello che sto per comunicarvi. A volte in questi anni e anche recentemente nelle relazioni locali, ho mantenuto freddezza, perseveranza, e ho cercato di gestire tutto senza mai lasciarvi un\u2019ombra di dubbio. Oggi la situazione \u00e8 diversa, vi spiego: i Fondi di Coesione del Governo italiano e del Ministero che fa capo al Ministro Fitto non sono stati ancora assegnati alle Regioni del Sud e i finanziamenti per la cultura e per le attivit\u00e0 produttive della Cultura come Giffoni fanno parte di questa linea finanziaria. Siamo ormai a febbraio e non ci \u00e8 dato di sapere quanto e quando la Regione Campania potr\u00e0 disporre di queste risorse per poterle poi assegnare alle varie realt\u00e0 della Campania. La programmazione, la scelta dei progetti, gli investimenti e gli impegni si prendono tra novembre e gennaio di ogni anno. La complessit\u00e0 di Giffoni obbliga questa tempistica. Una delle pi\u00f9 grandi aziende culturali del mondo, unica nel suo genere, che ha portato benefici economici e sociali in un\u2019area che era priva certamente di tutto questo, si trova in una situazione di sbandamento e di pericolose criticit\u00e0. Il Sud merita rispetto, abbiamo lavorato tutti per anni affinch\u00e9 la nostra creativit\u00e0 e il nostro sapere potessero portare benefici ai cittadini, lavoro per i giovani, benessere e felicit\u00e0. Nel contempo abbiamo dimostrato le grandi potenzialit\u00e0 culturali del Sud e della Campania. Come avete visto in questo momento di stallo tra il Governo nazionale e quello regionale sono intervenuto in modo forte e chiaro e la mia voce \u00e8 stata ripresa da tantissimi quotidiani nazionali e locali, siti d&#8217;informazione ed agenzie di stampa. Sono stato l\u2019unico a metterci la faccia tra gli operatori culturali del Sud. Confido nella vostra comprensione. Vi mobilito, facciamo sentire la nostra voce, azzeriamo le conflittualit\u00e0 e i partitismi nel bene comune. Vi invito a commentare qui le vostre reazioni, il vostro appoggio, l\u2019amore che portate per la mia modesta persona, per il mio team, per Giffoni e per il Festival. I vostri commenti e condivisioni saranno utili per uscire fuori da questa palude. Siamo cittadini italiani e la nostra voce va ascoltata.<br>Vi voglio bene, vostro Claudio\u201d. <\/em><\/p>\n\n\n\n<p>La prossima edizione si svolger\u00e0 regolarmente ma questa \u00e8 praticamente la fotografia di come lo Stato italiano ci voglia ignoranti.<\/p>\n\n\n\n<p class=\"has-text-align-right\"><strong><em>Paolo De Leo<\/em><\/strong><\/p>\n<div class=\"pdfprnt-buttons pdfprnt-buttons-post pdfprnt-bottom-left\"><a href=\"https:\/\/www.istitutogalanteoliva.it\/magazine\/wp-json\/wp\/v2\/posts\/14216?print=print\" class=\"pdfprnt-button pdfprnt-button-print\" target=\"_blank\"><img decoding=\"async\" src=\"https:\/\/www.istitutogalanteoliva.it\/magazine\/wp-content\/plugins\/pdf-print\/images\/print.png\" alt=\"image_print\" title=\"Stampa contenuto\" \/><span class=\"pdfprnt-button-title pdfprnt-button-print-title\">Download in PDF<\/span><\/a><\/div>","protected":false},"excerpt":{"rendered":"<p>Claudio Gubitosi, direttore del Giffoni film festival: &#8220;il sud merita rispetto&#8221;<\/p>\n","protected":false},"author":2,"featured_media":14221,"comment_status":"closed","ping_status":"open","sticky":true,"template":"","format":"standard","meta":{"footnotes":""},"categories":[872,57],"tags":[903,902,638,506],"class_list":["post-14216","post","type-post","status-publish","format-standard","has-post-thumbnail","hentry","category-872","category-cultura","tag-claudio-gubitosi","tag-cultuta","tag-giffoni-film-festival","tag-sud"],"yoast_head":"<!-- This site is optimized with the Yoast SEO plugin v24.2 - https:\/\/yoast.com\/wordpress\/plugins\/seo\/ -->\n<title>La cultura al sud \u00e8 davvero a rischio - Polis SA Magazine<\/title>\n<meta name=\"robots\" content=\"index, follow, max-snippet:-1, max-image-preview:large, max-video-preview:-1\" \/>\n<link rel=\"canonical\" href=\"https:\/\/www.istitutogalanteoliva.it\/magazine\/2024\/01\/25\/la-cultura-al-sud-e-davvero-a-rischio\/\" \/>\n<meta property=\"og:locale\" content=\"it_IT\" \/>\n<meta property=\"og:type\" content=\"article\" \/>\n<meta property=\"og:title\" content=\"La cultura al sud \u00e8 davvero a rischio - Polis SA Magazine\" \/>\n<meta property=\"og:description\" content=\"Claudio Gubitosi, direttore del Giffoni film festival: &quot;il sud merita rispetto&quot;\" \/>\n<meta property=\"og:url\" content=\"https:\/\/www.istitutogalanteoliva.it\/magazine\/2024\/01\/25\/la-cultura-al-sud-e-davvero-a-rischio\/\" \/>\n<meta property=\"og:site_name\" content=\"Polis SA Magazine\" \/>\n<meta property=\"article:publisher\" content=\"https:\/\/www.facebook.com\/PolisSAMagazine\/\" \/>\n<meta property=\"article:published_time\" content=\"2024-01-25T07:00:00+00:00\" \/>\n<meta property=\"article:modified_time\" content=\"2024-01-25T08:52:14+00:00\" \/>\n<meta property=\"og:image\" content=\"https:\/\/www.istitutogalanteoliva.it\/magazine\/wp-content\/uploads\/2024\/01\/foto-in-evidenza-per-larticolo-polis-sa-1.jpg\" \/>\n\t<meta property=\"og:image:width\" content=\"700\" \/>\n\t<meta property=\"og:image:height\" content=\"380\" \/>\n\t<meta property=\"og:image:type\" content=\"image\/jpeg\" \/>\n<meta name=\"author\" content=\"Antonello Rivano\" \/>\n<meta name=\"twitter:card\" content=\"summary_large_image\" \/>\n<meta name=\"twitter:creator\" content=\"@MagazinePolis\" \/>\n<meta name=\"twitter:site\" content=\"@MagazinePolis\" \/>\n<meta name=\"twitter:label1\" content=\"Scritto da\" \/>\n\t<meta name=\"twitter:data1\" content=\"Antonello Rivano\" \/>\n\t<meta name=\"twitter:label2\" content=\"Tempo di lettura stimato\" \/>\n\t<meta name=\"twitter:data2\" content=\"4 minuti\" \/>\n<script type=\"application\/ld+json\" class=\"yoast-schema-graph\">{\"@context\":\"https:\/\/schema.org\",\"@graph\":[{\"@type\":\"Article\",\"@id\":\"https:\/\/www.istitutogalanteoliva.it\/magazine\/2024\/01\/25\/la-cultura-al-sud-e-davvero-a-rischio\/#article\",\"isPartOf\":{\"@id\":\"https:\/\/www.istitutogalanteoliva.it\/magazine\/2024\/01\/25\/la-cultura-al-sud-e-davvero-a-rischio\/\"},\"author\":{\"name\":\"Antonello Rivano\",\"@id\":\"https:\/\/www.istitutogalanteoliva.it\/magazine\/#\/schema\/person\/d8b8aa79cfe8babc1df9da3212a7c0c4\"},\"headline\":\"La cultura al sud \u00e8 davvero a rischio\",\"datePublished\":\"2024-01-25T07:00:00+00:00\",\"dateModified\":\"2024-01-25T08:52:14+00:00\",\"mainEntityOfPage\":{\"@id\":\"https:\/\/www.istitutogalanteoliva.it\/magazine\/2024\/01\/25\/la-cultura-al-sud-e-davvero-a-rischio\/\"},\"wordCount\":622,\"publisher\":{\"@id\":\"https:\/\/www.istitutogalanteoliva.it\/magazine\/#organization\"},\"image\":{\"@id\":\"https:\/\/www.istitutogalanteoliva.it\/magazine\/2024\/01\/25\/la-cultura-al-sud-e-davvero-a-rischio\/#primaryimage\"},\"thumbnailUrl\":\"https:\/\/www.istitutogalanteoliva.it\/magazine\/wp-content\/uploads\/2024\/01\/foto-in-evidenza-per-larticolo-polis-sa-1.jpg\",\"keywords\":[\"Claudio Gubitosi\",\"Cultuta\",\"Giffoni Film Festival\",\"Sud\"],\"articleSection\":[\"2024\",\"Cultura\"],\"inLanguage\":\"it-IT\"},{\"@type\":\"WebPage\",\"@id\":\"https:\/\/www.istitutogalanteoliva.it\/magazine\/2024\/01\/25\/la-cultura-al-sud-e-davvero-a-rischio\/\",\"url\":\"https:\/\/www.istitutogalanteoliva.it\/magazine\/2024\/01\/25\/la-cultura-al-sud-e-davvero-a-rischio\/\",\"name\":\"La cultura al sud \u00e8 davvero a rischio - Polis SA Magazine\",\"isPartOf\":{\"@id\":\"https:\/\/www.istitutogalanteoliva.it\/magazine\/#website\"},\"primaryImageOfPage\":{\"@id\":\"https:\/\/www.istitutogalanteoliva.it\/magazine\/2024\/01\/25\/la-cultura-al-sud-e-davvero-a-rischio\/#primaryimage\"},\"image\":{\"@id\":\"https:\/\/www.istitutogalanteoliva.it\/magazine\/2024\/01\/25\/la-cultura-al-sud-e-davvero-a-rischio\/#primaryimage\"},\"thumbnailUrl\":\"https:\/\/www.istitutogalanteoliva.it\/magazine\/wp-content\/uploads\/2024\/01\/foto-in-evidenza-per-larticolo-polis-sa-1.jpg\",\"datePublished\":\"2024-01-25T07:00:00+00:00\",\"dateModified\":\"2024-01-25T08:52:14+00:00\",\"breadcrumb\":{\"@id\":\"https:\/\/www.istitutogalanteoliva.it\/magazine\/2024\/01\/25\/la-cultura-al-sud-e-davvero-a-rischio\/#breadcrumb\"},\"inLanguage\":\"it-IT\",\"potentialAction\":[{\"@type\":\"ReadAction\",\"target\":[\"https:\/\/www.istitutogalanteoliva.it\/magazine\/2024\/01\/25\/la-cultura-al-sud-e-davvero-a-rischio\/\"]}]},{\"@type\":\"ImageObject\",\"inLanguage\":\"it-IT\",\"@id\":\"https:\/\/www.istitutogalanteoliva.it\/magazine\/2024\/01\/25\/la-cultura-al-sud-e-davvero-a-rischio\/#primaryimage\",\"url\":\"https:\/\/www.istitutogalanteoliva.it\/magazine\/wp-content\/uploads\/2024\/01\/foto-in-evidenza-per-larticolo-polis-sa-1.jpg\",\"contentUrl\":\"https:\/\/www.istitutogalanteoliva.it\/magazine\/wp-content\/uploads\/2024\/01\/foto-in-evidenza-per-larticolo-polis-sa-1.jpg\",\"width\":700,\"height\":380},{\"@type\":\"BreadcrumbList\",\"@id\":\"https:\/\/www.istitutogalanteoliva.it\/magazine\/2024\/01\/25\/la-cultura-al-sud-e-davvero-a-rischio\/#breadcrumb\",\"itemListElement\":[{\"@type\":\"ListItem\",\"position\":1,\"name\":\"Home\",\"item\":\"https:\/\/www.istitutogalanteoliva.it\/magazine\/\"},{\"@type\":\"ListItem\",\"position\":2,\"name\":\"La cultura al sud \u00e8 davvero a rischio\"}]},{\"@type\":\"WebSite\",\"@id\":\"https:\/\/www.istitutogalanteoliva.it\/magazine\/#website\",\"url\":\"https:\/\/www.istitutogalanteoliva.it\/magazine\/\",\"name\":\"POLIS SA MAGAZINE\",\"description\":\"Informazione e approfondimenti\",\"publisher\":{\"@id\":\"https:\/\/www.istitutogalanteoliva.it\/magazine\/#organization\"},\"potentialAction\":[{\"@type\":\"SearchAction\",\"target\":{\"@type\":\"EntryPoint\",\"urlTemplate\":\"https:\/\/www.istitutogalanteoliva.it\/magazine\/?s={search_term_string}\"},\"query-input\":{\"@type\":\"PropertyValueSpecification\",\"valueRequired\":true,\"valueName\":\"search_term_string\"}}],\"inLanguage\":\"it-IT\"},{\"@type\":\"Organization\",\"@id\":\"https:\/\/www.istitutogalanteoliva.it\/magazine\/#organization\",\"name\":\"Polis SA Magazine\",\"url\":\"https:\/\/www.istitutogalanteoliva.it\/magazine\/\",\"logo\":{\"@type\":\"ImageObject\",\"inLanguage\":\"it-IT\",\"@id\":\"https:\/\/www.istitutogalanteoliva.it\/magazine\/#\/schema\/logo\/image\/\",\"url\":\"\",\"contentUrl\":\"\",\"caption\":\"Polis SA Magazine\"},\"image\":{\"@id\":\"https:\/\/www.istitutogalanteoliva.it\/magazine\/#\/schema\/logo\/image\/\"},\"sameAs\":[\"https:\/\/www.facebook.com\/PolisSAMagazine\/\",\"https:\/\/x.com\/MagazinePolis\",\"https:\/\/www.youtube.com\/channel\/UCv0Mr5AHKUmsc0sEEXkJrgw\"]},{\"@type\":\"Person\",\"@id\":\"https:\/\/www.istitutogalanteoliva.it\/magazine\/#\/schema\/person\/d8b8aa79cfe8babc1df9da3212a7c0c4\",\"name\":\"Antonello Rivano\",\"image\":{\"@type\":\"ImageObject\",\"inLanguage\":\"it-IT\",\"@id\":\"https:\/\/www.istitutogalanteoliva.it\/magazine\/#\/schema\/person\/image\/\",\"url\":\"https:\/\/secure.gravatar.com\/avatar\/517a9a6487a7a18ecc4ce6d2e57a8f40?s=96&d=mm&r=g\",\"contentUrl\":\"https:\/\/secure.gravatar.com\/avatar\/517a9a6487a7a18ecc4ce6d2e57a8f40?s=96&d=mm&r=g\",\"caption\":\"Antonello Rivano\"},\"url\":\"https:\/\/www.istitutogalanteoliva.it\/magazine\/author\/antonello\/\"}]}<\/script>\n<!-- \/ Yoast SEO plugin. -->","yoast_head_json":{"title":"La cultura al sud \u00e8 davvero a rischio - Polis SA Magazine","robots":{"index":"index","follow":"follow","max-snippet":"max-snippet:-1","max-image-preview":"max-image-preview:large","max-video-preview":"max-video-preview:-1"},"canonical":"https:\/\/www.istitutogalanteoliva.it\/magazine\/2024\/01\/25\/la-cultura-al-sud-e-davvero-a-rischio\/","og_locale":"it_IT","og_type":"article","og_title":"La cultura al sud \u00e8 davvero a rischio - Polis SA Magazine","og_description":"Claudio Gubitosi, direttore del Giffoni film festival: \"il sud merita rispetto\"","og_url":"https:\/\/www.istitutogalanteoliva.it\/magazine\/2024\/01\/25\/la-cultura-al-sud-e-davvero-a-rischio\/","og_site_name":"Polis SA Magazine","article_publisher":"https:\/\/www.facebook.com\/PolisSAMagazine\/","article_published_time":"2024-01-25T07:00:00+00:00","article_modified_time":"2024-01-25T08:52:14+00:00","og_image":[{"width":700,"height":380,"url":"https:\/\/www.istitutogalanteoliva.it\/magazine\/wp-content\/uploads\/2024\/01\/foto-in-evidenza-per-larticolo-polis-sa-1.jpg","type":"image\/jpeg"}],"author":"Antonello Rivano","twitter_card":"summary_large_image","twitter_creator":"@MagazinePolis","twitter_site":"@MagazinePolis","twitter_misc":{"Scritto da":"Antonello Rivano","Tempo di lettura stimato":"4 minuti"},"schema":{"@context":"https:\/\/schema.org","@graph":[{"@type":"Article","@id":"https:\/\/www.istitutogalanteoliva.it\/magazine\/2024\/01\/25\/la-cultura-al-sud-e-davvero-a-rischio\/#article","isPartOf":{"@id":"https:\/\/www.istitutogalanteoliva.it\/magazine\/2024\/01\/25\/la-cultura-al-sud-e-davvero-a-rischio\/"},"author":{"name":"Antonello Rivano","@id":"https:\/\/www.istitutogalanteoliva.it\/magazine\/#\/schema\/person\/d8b8aa79cfe8babc1df9da3212a7c0c4"},"headline":"La cultura al sud \u00e8 davvero a rischio","datePublished":"2024-01-25T07:00:00+00:00","dateModified":"2024-01-25T08:52:14+00:00","mainEntityOfPage":{"@id":"https:\/\/www.istitutogalanteoliva.it\/magazine\/2024\/01\/25\/la-cultura-al-sud-e-davvero-a-rischio\/"},"wordCount":622,"publisher":{"@id":"https:\/\/www.istitutogalanteoliva.it\/magazine\/#organization"},"image":{"@id":"https:\/\/www.istitutogalanteoliva.it\/magazine\/2024\/01\/25\/la-cultura-al-sud-e-davvero-a-rischio\/#primaryimage"},"thumbnailUrl":"https:\/\/www.istitutogalanteoliva.it\/magazine\/wp-content\/uploads\/2024\/01\/foto-in-evidenza-per-larticolo-polis-sa-1.jpg","keywords":["Claudio Gubitosi","Cultuta","Giffoni Film Festival","Sud"],"articleSection":["2024","Cultura"],"inLanguage":"it-IT"},{"@type":"WebPage","@id":"https:\/\/www.istitutogalanteoliva.it\/magazine\/2024\/01\/25\/la-cultura-al-sud-e-davvero-a-rischio\/","url":"https:\/\/www.istitutogalanteoliva.it\/magazine\/2024\/01\/25\/la-cultura-al-sud-e-davvero-a-rischio\/","name":"La cultura al sud \u00e8 davvero a rischio - Polis SA Magazine","isPartOf":{"@id":"https:\/\/www.istitutogalanteoliva.it\/magazine\/#website"},"primaryImageOfPage":{"@id":"https:\/\/www.istitutogalanteoliva.it\/magazine\/2024\/01\/25\/la-cultura-al-sud-e-davvero-a-rischio\/#primaryimage"},"image":{"@id":"https:\/\/www.istitutogalanteoliva.it\/magazine\/2024\/01\/25\/la-cultura-al-sud-e-davvero-a-rischio\/#primaryimage"},"thumbnailUrl":"https:\/\/www.istitutogalanteoliva.it\/magazine\/wp-content\/uploads\/2024\/01\/foto-in-evidenza-per-larticolo-polis-sa-1.jpg","datePublished":"2024-01-25T07:00:00+00:00","dateModified":"2024-01-25T08:52:14+00:00","breadcrumb":{"@id":"https:\/\/www.istitutogalanteoliva.it\/magazine\/2024\/01\/25\/la-cultura-al-sud-e-davvero-a-rischio\/#breadcrumb"},"inLanguage":"it-IT","potentialAction":[{"@type":"ReadAction","target":["https:\/\/www.istitutogalanteoliva.it\/magazine\/2024\/01\/25\/la-cultura-al-sud-e-davvero-a-rischio\/"]}]},{"@type":"ImageObject","inLanguage":"it-IT","@id":"https:\/\/www.istitutogalanteoliva.it\/magazine\/2024\/01\/25\/la-cultura-al-sud-e-davvero-a-rischio\/#primaryimage","url":"https:\/\/www.istitutogalanteoliva.it\/magazine\/wp-content\/uploads\/2024\/01\/foto-in-evidenza-per-larticolo-polis-sa-1.jpg","contentUrl":"https:\/\/www.istitutogalanteoliva.it\/magazine\/wp-content\/uploads\/2024\/01\/foto-in-evidenza-per-larticolo-polis-sa-1.jpg","width":700,"height":380},{"@type":"BreadcrumbList","@id":"https:\/\/www.istitutogalanteoliva.it\/magazine\/2024\/01\/25\/la-cultura-al-sud-e-davvero-a-rischio\/#breadcrumb","itemListElement":[{"@type":"ListItem","position":1,"name":"Home","item":"https:\/\/www.istitutogalanteoliva.it\/magazine\/"},{"@type":"ListItem","position":2,"name":"La cultura al sud \u00e8 davvero a rischio"}]},{"@type":"WebSite","@id":"https:\/\/www.istitutogalanteoliva.it\/magazine\/#website","url":"https:\/\/www.istitutogalanteoliva.it\/magazine\/","name":"POLIS SA MAGAZINE","description":"Informazione e approfondimenti","publisher":{"@id":"https:\/\/www.istitutogalanteoliva.it\/magazine\/#organization"},"potentialAction":[{"@type":"SearchAction","target":{"@type":"EntryPoint","urlTemplate":"https:\/\/www.istitutogalanteoliva.it\/magazine\/?s={search_term_string}"},"query-input":{"@type":"PropertyValueSpecification","valueRequired":true,"valueName":"search_term_string"}}],"inLanguage":"it-IT"},{"@type":"Organization","@id":"https:\/\/www.istitutogalanteoliva.it\/magazine\/#organization","name":"Polis SA Magazine","url":"https:\/\/www.istitutogalanteoliva.it\/magazine\/","logo":{"@type":"ImageObject","inLanguage":"it-IT","@id":"https:\/\/www.istitutogalanteoliva.it\/magazine\/#\/schema\/logo\/image\/","url":"","contentUrl":"","caption":"Polis SA Magazine"},"image":{"@id":"https:\/\/www.istitutogalanteoliva.it\/magazine\/#\/schema\/logo\/image\/"},"sameAs":["https:\/\/www.facebook.com\/PolisSAMagazine\/","https:\/\/x.com\/MagazinePolis","https:\/\/www.youtube.com\/channel\/UCv0Mr5AHKUmsc0sEEXkJrgw"]},{"@type":"Person","@id":"https:\/\/www.istitutogalanteoliva.it\/magazine\/#\/schema\/person\/d8b8aa79cfe8babc1df9da3212a7c0c4","name":"Antonello Rivano","image":{"@type":"ImageObject","inLanguage":"it-IT","@id":"https:\/\/www.istitutogalanteoliva.it\/magazine\/#\/schema\/person\/image\/","url":"https:\/\/secure.gravatar.com\/avatar\/517a9a6487a7a18ecc4ce6d2e57a8f40?s=96&d=mm&r=g","contentUrl":"https:\/\/secure.gravatar.com\/avatar\/517a9a6487a7a18ecc4ce6d2e57a8f40?s=96&d=mm&r=g","caption":"Antonello Rivano"},"url":"https:\/\/www.istitutogalanteoliva.it\/magazine\/author\/antonello\/"}]}},"_links":{"self":[{"href":"https:\/\/www.istitutogalanteoliva.it\/magazine\/wp-json\/wp\/v2\/posts\/14216","targetHints":{"allow":["GET"]}}],"collection":[{"href":"https:\/\/www.istitutogalanteoliva.it\/magazine\/wp-json\/wp\/v2\/posts"}],"about":[{"href":"https:\/\/www.istitutogalanteoliva.it\/magazine\/wp-json\/wp\/v2\/types\/post"}],"author":[{"embeddable":true,"href":"https:\/\/www.istitutogalanteoliva.it\/magazine\/wp-json\/wp\/v2\/users\/2"}],"replies":[{"embeddable":true,"href":"https:\/\/www.istitutogalanteoliva.it\/magazine\/wp-json\/wp\/v2\/comments?post=14216"}],"version-history":[{"count":3,"href":"https:\/\/www.istitutogalanteoliva.it\/magazine\/wp-json\/wp\/v2\/posts\/14216\/revisions"}],"predecessor-version":[{"id":14220,"href":"https:\/\/www.istitutogalanteoliva.it\/magazine\/wp-json\/wp\/v2\/posts\/14216\/revisions\/14220"}],"wp:featuredmedia":[{"embeddable":true,"href":"https:\/\/www.istitutogalanteoliva.it\/magazine\/wp-json\/wp\/v2\/media\/14221"}],"wp:attachment":[{"href":"https:\/\/www.istitutogalanteoliva.it\/magazine\/wp-json\/wp\/v2\/media?parent=14216"}],"wp:term":[{"taxonomy":"category","embeddable":true,"href":"https:\/\/www.istitutogalanteoliva.it\/magazine\/wp-json\/wp\/v2\/categories?post=14216"},{"taxonomy":"post_tag","embeddable":true,"href":"https:\/\/www.istitutogalanteoliva.it\/magazine\/wp-json\/wp\/v2\/tags?post=14216"}],"curies":[{"name":"wp","href":"https:\/\/api.w.org\/{rel}","templated":true}]}}