{"id":14269,"date":"2024-01-29T08:00:00","date_gmt":"2024-01-29T07:00:00","guid":{"rendered":"https:\/\/www.istitutogalanteoliva.it\/magazine\/?p=14269"},"modified":"2024-01-28T16:58:40","modified_gmt":"2024-01-28T15:58:40","slug":"mare-fuori-4-ritorna-la-serie-tv-dei-record","status":"publish","type":"post","link":"https:\/\/www.istitutogalanteoliva.it\/magazine\/2024\/01\/29\/mare-fuori-4-ritorna-la-serie-tv-dei-record\/","title":{"rendered":"Mare fuori 4: ritorna la serie Tv dei record"},"content":{"rendered":"\n<p>Di Paolo De Leo <\/p>\n\n\n\n<p><em>Mare fuori 3<\/em>&nbsp;ci aveva lasciati frementi sul bilico di un colpo di pistola, con i destini sospesi di Carmine, Don Salvatore e Rosa. La quarta stagione, per i tanti fan della serie tv dei record, \u00e8 ormai un\u2019urgenza. E per fortuna l\u2019attesa \u00e8 quasi finita. Tolti i veli sui primi due episodi di&nbsp;<em><strong>Mare fuori 4<\/strong><\/em>&nbsp;durante la&nbsp;<a href=\"https:\/\/www.iconmagazine.it\/eventi\/festa-del-cinema-di-roma-2023-10-film-da-vedere-e-perche\/\">Festa del cinema di Roma<\/a>, l\u2019anelito non si era mica placato, anzi, si era fatto ancor pi\u00f9 scalpitante.<\/p>\n\n\n\n<p>Anche il&nbsp;<strong>musical<\/strong>&nbsp;ispirato alla serie sull\u2019IPM di Napoli, che sta girando l\u2019Italia, registra sold out e aggiunge date. Fuori dal carcere minorile pulsano come un richiamo vita, amore e libert\u00e0. Ma la libert\u00e0 non \u00e8 solo fuori dalle sbarre, \u00e8 anche una conquista interiore dettata dal coraggio di scegliere.<\/p>\n\n\n\n<h4 class=\"wp-block-heading\">Ecco tutte le cose da sapere su&nbsp;<em>Mare fuori 4<\/em>&nbsp;e i suoi flutti, mentre in testa martellano le strofe della canzone che fa da&nbsp;<strong>sigla e mantra<\/strong>,&nbsp;<strong><em>O mar for<\/em><\/strong>, cantata da Matteo Paolillo. <\/h4>\n\n\n\n<h4 class=\"wp-block-heading\"><strong>Quando esce&nbsp;<em>Mare fuori 4<\/em><\/strong><\/h4>\n\n\n\n<p><em>Mare fuori 4<\/em>&nbsp;\u00e8 composta di&nbsp;<strong>12 episodi<\/strong>. I primi 6 episodi saranno rilasciati il<strong>&nbsp;1\u00b0 febbraio 2024<\/strong>&nbsp;in streaming gratuito su&nbsp;<strong>RaiPlay<\/strong>. In tv arriver\u00e0 su&nbsp;<strong>Rai 2<\/strong>&nbsp;il&nbsp;<strong>14 febbraio<\/strong>&nbsp;e andr\u00e0 in onda in prima serata, due episodi a serata per sei settimane, i mercoled\u00ec (<a href=\"https:\/\/www.raiplay.it\/video\/2023\/10\/Mare-Fuori-4---Unaltra-possibilita---29102023-14ad43c3-1c68-42d4-87a4-015679542f44.html\" target=\"_blank\" rel=\"noreferrer noopener\">a questo link le prime immagini della quarta stagione su RaiPlay<\/a>).<\/p>\n\n\n\n<p>Le prime tre stagioni sono visibili in streaming su&nbsp;<strong>Netflix&nbsp;<\/strong>per gli abbonati alla piattaforma.<\/p>\n\n\n\n<h4 class=\"wp-block-heading\"><strong>Il cast di&nbsp;<em>Mare fuori 4<\/em>: chi \u00e8 rimasto e new entry<\/strong><strong><\/strong><\/h4>\n\n\n\n<p>Quando lo abbiamo intervistato nel marzo del 2023&nbsp;<strong><u><a href=\"https:\/\/www.iconmagazine.it\/people\/massimiliano-caiazzo\/\">Massimiliano Caiazzo<\/a><\/u><\/strong>&nbsp;non era ancora certo di esserci in&nbsp;<em>Mare fuori 4<\/em>, con il suo Carmine Di Salvo, eroe buono, a portata di pallottola alla fine della terza stagione (<a href=\"https:\/\/www.raiplay.it\/video\/2023\/01\/Mare-fuori-Il-trailer-della-terza-stagione-83ab8429-433e-4237-9c0a-181d81db1cd9.html\" target=\"_blank\" rel=\"noreferrer noopener\">qui il trailer di&nbsp;<em>Mare fuori 3<\/em><\/a>)\u2026 E invece ci sar\u00e0! Confermati, oltre a Caiazzo,&nbsp;<strong>Maria Esposito<\/strong>&nbsp;(la sua amata Rosa),&nbsp;<strong>Carmine Recano<\/strong>&nbsp;(il comandante della polizia penitenziaria Massimo Esposito),&nbsp;<strong>Matteo&nbsp;Paolillo&nbsp;<\/strong>(Edoardo Conte),&nbsp;<strong>Domenico Cuomo<\/strong>&nbsp;(Gianni alias Cardiotrap),&nbsp;<strong>Artem<\/strong>&nbsp;(Pino Pagano \u2018o Pazzo),<strong>&nbsp;Kyshan Wilson<\/strong>&nbsp;(Kubra Hailo),&nbsp;<strong>Clotilde Esposito<\/strong>&nbsp;(Silvia Scacco),&nbsp;<strong>Giovanna Sannino&nbsp;<\/strong>(Carmela Valestra),<strong>&nbsp;Alessandro Orrei<\/strong>&nbsp;(Mimmo),&nbsp;<strong>Ludovica Coscione<\/strong>&nbsp;(Teresa Polidori),&nbsp;<strong>Clara Soccini<\/strong>&nbsp;(Giulia),&nbsp;<strong>Francesco Panarella<\/strong>&nbsp;(Luigi Di Meo alisa Cucciolo),&nbsp;<strong>Salahudin Tijani Imrana<\/strong>&nbsp;(Diego ovvero Dobermann),&nbsp;<strong>Giuseppe Pirozzi&nbsp;<\/strong>(Raffaele Di Meo detto Micciarella),&nbsp;<strong>Vincenzo Ferrera<\/strong>&nbsp;(Beppe),&nbsp;<strong>Antonio De&nbsp;Matteo<\/strong>&nbsp;(Lino),&nbsp;<strong>Raiz<\/strong>&nbsp;(Don Salvatore Ricci),&nbsp;<strong>Pia Lanciotti&nbsp;<\/strong>(Donna Wanda Di Salvo),&nbsp;<strong>Antonio D\u2019Aquino&nbsp;<\/strong>(Milos).<\/p>\n\n\n\n<p>Ritroveremo anche la new entry della terza stagione,&nbsp;<strong>Lucrezia Guidone<\/strong>, che interpreta Sofia Durante, la nuova direttrice del penitenziario dai modi piuttosto autoritari. Ci sar\u00e0 anche il volto nuovo di&nbsp;<strong>Valeria Andrean\u00f2<\/strong>, nei panni di una giovane detenuta destinata a sconvolgere gli equilibri, misteriosamente legata alle vicende famigliari della nuova direttrice: \u00e8 la sorella.<\/p>\n\n\n\n<p>La regia \u00e8 sempre di&nbsp;<strong>Ivan Silvestrini<\/strong>, che gi\u00e0 si era dilettato nelle web series&nbsp;<em>Una grande famiglia \u2013 20 anni prima&nbsp;<\/em>e&nbsp;<em>Io tra 20 anni<\/em>&nbsp;per Rai Fiction e al cinema nei film&nbsp;<em>Come non detto<\/em>&nbsp;(2012),&nbsp;<em>Monolith<\/em>&nbsp;(2016) e&nbsp;<em>2night<\/em>&nbsp;(2016). &nbsp;Gli appassionati della serie si dovranno abituare a non vedere pi\u00f9 punto e virgola, la quale per tre stagioni&nbsp; \u00e8 stata il collante e l\u2019intreccio per molte situazioni molto belle.&nbsp; La serie come spesso succede in molte serie che continuano anni per il loro successo di pubblico &nbsp;dovr\u00e0 fare a meno di alcuni personaggi, ma ci saranno delle new entry che chi sa se riusciranno a bucare lo schermo e quindi a mantenere gli ascolti alti, come ultimamente stanno facendo le serie italiane, come ad esempio &#8220;Doc nelle tue mani&#8221;, con un magistrale Luca Argentero. La forza di Mare fuori \u00e8 che alcuni sono attori professionisti, altri sono attori presi dalla strada che sono stati capaci di tirar fuori il potenziale visto in loro da chi li ha scoperti e portati sul set di una serie che all\u2019inizio \u00e8 partita timidamente ma ora fa rimanere incollati agli schermi i suoi ormai consolidati fan che ovviamente ne parlano con gli amici&nbsp; fanno cos\u00ec accrescere ancor di pi\u00f9 il numero di utenti che o attraverso le varie piattaforme o aspettando la data di uscita, ormai vicinissima aspettano trepidanti che si alzi il sipario sulla serie del carcere minorile di Napoli.<\/p>\n\n\n\n<p><img loading=\"lazy\" decoding=\"async\" width=\"80\" height=\"80\" class=\"wp-image-14248\" style=\"width: 80px;\" src=\"https:\/\/www.istitutogalanteoliva.it\/magazine\/wp-content\/uploads\/2024\/01\/de-leo.png\" alt=\"\" srcset=\"https:\/\/www.istitutogalanteoliva.it\/magazine\/wp-content\/uploads\/2024\/01\/de-leo.png 542w, https:\/\/www.istitutogalanteoliva.it\/magazine\/wp-content\/uploads\/2024\/01\/de-leo-300x300.png 300w, https:\/\/www.istitutogalanteoliva.it\/magazine\/wp-content\/uploads\/2024\/01\/de-leo-150x150.png 150w\" sizes=\"auto, (max-width: 80px) 100vw, 80px\" \/><strong><em>Paolo De Leo<\/em><\/strong><\/p>\n<div class=\"pdfprnt-buttons pdfprnt-buttons-post pdfprnt-bottom-left\"><a href=\"https:\/\/www.istitutogalanteoliva.it\/magazine\/wp-json\/wp\/v2\/posts\/14269?print=print\" class=\"pdfprnt-button pdfprnt-button-print\" target=\"_blank\"><img decoding=\"async\" src=\"https:\/\/www.istitutogalanteoliva.it\/magazine\/wp-content\/plugins\/pdf-print\/images\/print.png\" alt=\"image_print\" title=\"Stampa contenuto\" \/><span class=\"pdfprnt-button-title pdfprnt-button-print-title\">Download in PDF<\/span><\/a><\/div>","protected":false},"excerpt":{"rendered":"<p>la nuova stagione della serie scalpita, promettendo tinte fosche e demoni, nella continua lotta tra bene e male. Con Rosa sempre pi\u00f9 protagonista. E il musical intanto aggiunge date<\/p>\n","protected":false},"author":2,"featured_media":14270,"comment_status":"closed","ping_status":"open","sticky":true,"template":"","format":"standard","meta":{"footnotes":""},"categories":[872,33],"tags":[910,912,911],"class_list":["post-14269","post","type-post","status-publish","format-standard","has-post-thumbnail","hentry","category-872","category-tv-e-dintorni","tag-mare-fuori","tag-nuova-stagione","tag-serie-tv"],"yoast_head":"<!-- This site is optimized with the Yoast SEO plugin v24.2 - https:\/\/yoast.com\/wordpress\/plugins\/seo\/ -->\n<title>Mare fuori 4: ritorna la serie Tv dei record - Polis SA Magazine<\/title>\n<meta name=\"robots\" content=\"index, follow, max-snippet:-1, max-image-preview:large, max-video-preview:-1\" \/>\n<link rel=\"canonical\" href=\"https:\/\/www.istitutogalanteoliva.it\/magazine\/2024\/01\/29\/mare-fuori-4-ritorna-la-serie-tv-dei-record\/\" \/>\n<meta property=\"og:locale\" content=\"it_IT\" \/>\n<meta property=\"og:type\" content=\"article\" \/>\n<meta property=\"og:title\" content=\"Mare fuori 4: ritorna la serie Tv dei record - Polis SA Magazine\" \/>\n<meta property=\"og:description\" content=\"la nuova stagione della serie scalpita, promettendo tinte fosche e demoni, nella continua lotta tra bene e male. Con Rosa sempre pi\u00f9 protagonista. E il musical intanto aggiunge date\" \/>\n<meta property=\"og:url\" content=\"https:\/\/www.istitutogalanteoliva.it\/magazine\/2024\/01\/29\/mare-fuori-4-ritorna-la-serie-tv-dei-record\/\" \/>\n<meta property=\"og:site_name\" content=\"Polis SA Magazine\" \/>\n<meta property=\"article:publisher\" content=\"https:\/\/www.facebook.com\/PolisSAMagazine\/\" \/>\n<meta property=\"article:published_time\" content=\"2024-01-29T07:00:00+00:00\" \/>\n<meta property=\"article:modified_time\" content=\"2024-01-28T15:58:40+00:00\" \/>\n<meta property=\"og:image\" content=\"https:\/\/www.istitutogalanteoliva.it\/magazine\/wp-content\/uploads\/2024\/01\/mare-immagine-articolo-polis.jpg\" \/>\n\t<meta property=\"og:image:width\" content=\"700\" \/>\n\t<meta property=\"og:image:height\" content=\"380\" \/>\n\t<meta property=\"og:image:type\" content=\"image\/jpeg\" \/>\n<meta name=\"author\" content=\"Antonello Rivano\" \/>\n<meta name=\"twitter:card\" content=\"summary_large_image\" \/>\n<meta name=\"twitter:creator\" content=\"@MagazinePolis\" \/>\n<meta name=\"twitter:site\" content=\"@MagazinePolis\" \/>\n<meta name=\"twitter:label1\" content=\"Scritto da\" \/>\n\t<meta name=\"twitter:data1\" content=\"Antonello Rivano\" \/>\n\t<meta name=\"twitter:label2\" content=\"Tempo di lettura stimato\" \/>\n\t<meta name=\"twitter:data2\" content=\"5 minuti\" \/>\n<script type=\"application\/ld+json\" class=\"yoast-schema-graph\">{\"@context\":\"https:\/\/schema.org\",\"@graph\":[{\"@type\":\"Article\",\"@id\":\"https:\/\/www.istitutogalanteoliva.it\/magazine\/2024\/01\/29\/mare-fuori-4-ritorna-la-serie-tv-dei-record\/#article\",\"isPartOf\":{\"@id\":\"https:\/\/www.istitutogalanteoliva.it\/magazine\/2024\/01\/29\/mare-fuori-4-ritorna-la-serie-tv-dei-record\/\"},\"author\":{\"name\":\"Antonello Rivano\",\"@id\":\"https:\/\/www.istitutogalanteoliva.it\/magazine\/#\/schema\/person\/d8b8aa79cfe8babc1df9da3212a7c0c4\"},\"headline\":\"Mare fuori 4: ritorna la serie Tv dei record\",\"datePublished\":\"2024-01-29T07:00:00+00:00\",\"dateModified\":\"2024-01-28T15:58:40+00:00\",\"mainEntityOfPage\":{\"@id\":\"https:\/\/www.istitutogalanteoliva.it\/magazine\/2024\/01\/29\/mare-fuori-4-ritorna-la-serie-tv-dei-record\/\"},\"wordCount\":765,\"publisher\":{\"@id\":\"https:\/\/www.istitutogalanteoliva.it\/magazine\/#organization\"},\"image\":{\"@id\":\"https:\/\/www.istitutogalanteoliva.it\/magazine\/2024\/01\/29\/mare-fuori-4-ritorna-la-serie-tv-dei-record\/#primaryimage\"},\"thumbnailUrl\":\"https:\/\/www.istitutogalanteoliva.it\/magazine\/wp-content\/uploads\/2024\/01\/mare-immagine-articolo-polis.jpg\",\"keywords\":[\"Mare fuori\",\"Nuova stagione\",\"Serie Tv\"],\"articleSection\":[\"2024\",\"Tv e Dintorni\"],\"inLanguage\":\"it-IT\"},{\"@type\":\"WebPage\",\"@id\":\"https:\/\/www.istitutogalanteoliva.it\/magazine\/2024\/01\/29\/mare-fuori-4-ritorna-la-serie-tv-dei-record\/\",\"url\":\"https:\/\/www.istitutogalanteoliva.it\/magazine\/2024\/01\/29\/mare-fuori-4-ritorna-la-serie-tv-dei-record\/\",\"name\":\"Mare fuori 4: ritorna la serie Tv dei record - Polis SA Magazine\",\"isPartOf\":{\"@id\":\"https:\/\/www.istitutogalanteoliva.it\/magazine\/#website\"},\"primaryImageOfPage\":{\"@id\":\"https:\/\/www.istitutogalanteoliva.it\/magazine\/2024\/01\/29\/mare-fuori-4-ritorna-la-serie-tv-dei-record\/#primaryimage\"},\"image\":{\"@id\":\"https:\/\/www.istitutogalanteoliva.it\/magazine\/2024\/01\/29\/mare-fuori-4-ritorna-la-serie-tv-dei-record\/#primaryimage\"},\"thumbnailUrl\":\"https:\/\/www.istitutogalanteoliva.it\/magazine\/wp-content\/uploads\/2024\/01\/mare-immagine-articolo-polis.jpg\",\"datePublished\":\"2024-01-29T07:00:00+00:00\",\"dateModified\":\"2024-01-28T15:58:40+00:00\",\"breadcrumb\":{\"@id\":\"https:\/\/www.istitutogalanteoliva.it\/magazine\/2024\/01\/29\/mare-fuori-4-ritorna-la-serie-tv-dei-record\/#breadcrumb\"},\"inLanguage\":\"it-IT\",\"potentialAction\":[{\"@type\":\"ReadAction\",\"target\":[\"https:\/\/www.istitutogalanteoliva.it\/magazine\/2024\/01\/29\/mare-fuori-4-ritorna-la-serie-tv-dei-record\/\"]}]},{\"@type\":\"ImageObject\",\"inLanguage\":\"it-IT\",\"@id\":\"https:\/\/www.istitutogalanteoliva.it\/magazine\/2024\/01\/29\/mare-fuori-4-ritorna-la-serie-tv-dei-record\/#primaryimage\",\"url\":\"https:\/\/www.istitutogalanteoliva.it\/magazine\/wp-content\/uploads\/2024\/01\/mare-immagine-articolo-polis.jpg\",\"contentUrl\":\"https:\/\/www.istitutogalanteoliva.it\/magazine\/wp-content\/uploads\/2024\/01\/mare-immagine-articolo-polis.jpg\",\"width\":700,\"height\":380},{\"@type\":\"BreadcrumbList\",\"@id\":\"https:\/\/www.istitutogalanteoliva.it\/magazine\/2024\/01\/29\/mare-fuori-4-ritorna-la-serie-tv-dei-record\/#breadcrumb\",\"itemListElement\":[{\"@type\":\"ListItem\",\"position\":1,\"name\":\"Home\",\"item\":\"https:\/\/www.istitutogalanteoliva.it\/magazine\/\"},{\"@type\":\"ListItem\",\"position\":2,\"name\":\"Mare fuori 4: ritorna la serie Tv dei record\"}]},{\"@type\":\"WebSite\",\"@id\":\"https:\/\/www.istitutogalanteoliva.it\/magazine\/#website\",\"url\":\"https:\/\/www.istitutogalanteoliva.it\/magazine\/\",\"name\":\"POLIS SA MAGAZINE\",\"description\":\"Informazione e approfondimenti\",\"publisher\":{\"@id\":\"https:\/\/www.istitutogalanteoliva.it\/magazine\/#organization\"},\"potentialAction\":[{\"@type\":\"SearchAction\",\"target\":{\"@type\":\"EntryPoint\",\"urlTemplate\":\"https:\/\/www.istitutogalanteoliva.it\/magazine\/?s={search_term_string}\"},\"query-input\":{\"@type\":\"PropertyValueSpecification\",\"valueRequired\":true,\"valueName\":\"search_term_string\"}}],\"inLanguage\":\"it-IT\"},{\"@type\":\"Organization\",\"@id\":\"https:\/\/www.istitutogalanteoliva.it\/magazine\/#organization\",\"name\":\"Polis SA Magazine\",\"url\":\"https:\/\/www.istitutogalanteoliva.it\/magazine\/\",\"logo\":{\"@type\":\"ImageObject\",\"inLanguage\":\"it-IT\",\"@id\":\"https:\/\/www.istitutogalanteoliva.it\/magazine\/#\/schema\/logo\/image\/\",\"url\":\"\",\"contentUrl\":\"\",\"caption\":\"Polis SA Magazine\"},\"image\":{\"@id\":\"https:\/\/www.istitutogalanteoliva.it\/magazine\/#\/schema\/logo\/image\/\"},\"sameAs\":[\"https:\/\/www.facebook.com\/PolisSAMagazine\/\",\"https:\/\/x.com\/MagazinePolis\",\"https:\/\/www.youtube.com\/channel\/UCv0Mr5AHKUmsc0sEEXkJrgw\"]},{\"@type\":\"Person\",\"@id\":\"https:\/\/www.istitutogalanteoliva.it\/magazine\/#\/schema\/person\/d8b8aa79cfe8babc1df9da3212a7c0c4\",\"name\":\"Antonello Rivano\",\"image\":{\"@type\":\"ImageObject\",\"inLanguage\":\"it-IT\",\"@id\":\"https:\/\/www.istitutogalanteoliva.it\/magazine\/#\/schema\/person\/image\/\",\"url\":\"https:\/\/secure.gravatar.com\/avatar\/517a9a6487a7a18ecc4ce6d2e57a8f40?s=96&d=mm&r=g\",\"contentUrl\":\"https:\/\/secure.gravatar.com\/avatar\/517a9a6487a7a18ecc4ce6d2e57a8f40?s=96&d=mm&r=g\",\"caption\":\"Antonello Rivano\"},\"url\":\"https:\/\/www.istitutogalanteoliva.it\/magazine\/author\/antonello\/\"}]}<\/script>\n<!-- \/ Yoast SEO plugin. -->","yoast_head_json":{"title":"Mare fuori 4: ritorna la serie Tv dei record - Polis SA Magazine","robots":{"index":"index","follow":"follow","max-snippet":"max-snippet:-1","max-image-preview":"max-image-preview:large","max-video-preview":"max-video-preview:-1"},"canonical":"https:\/\/www.istitutogalanteoliva.it\/magazine\/2024\/01\/29\/mare-fuori-4-ritorna-la-serie-tv-dei-record\/","og_locale":"it_IT","og_type":"article","og_title":"Mare fuori 4: ritorna la serie Tv dei record - Polis SA Magazine","og_description":"la nuova stagione della serie scalpita, promettendo tinte fosche e demoni, nella continua lotta tra bene e male. Con Rosa sempre pi\u00f9 protagonista. E il musical intanto aggiunge date","og_url":"https:\/\/www.istitutogalanteoliva.it\/magazine\/2024\/01\/29\/mare-fuori-4-ritorna-la-serie-tv-dei-record\/","og_site_name":"Polis SA Magazine","article_publisher":"https:\/\/www.facebook.com\/PolisSAMagazine\/","article_published_time":"2024-01-29T07:00:00+00:00","article_modified_time":"2024-01-28T15:58:40+00:00","og_image":[{"width":700,"height":380,"url":"https:\/\/www.istitutogalanteoliva.it\/magazine\/wp-content\/uploads\/2024\/01\/mare-immagine-articolo-polis.jpg","type":"image\/jpeg"}],"author":"Antonello Rivano","twitter_card":"summary_large_image","twitter_creator":"@MagazinePolis","twitter_site":"@MagazinePolis","twitter_misc":{"Scritto da":"Antonello Rivano","Tempo di lettura stimato":"5 minuti"},"schema":{"@context":"https:\/\/schema.org","@graph":[{"@type":"Article","@id":"https:\/\/www.istitutogalanteoliva.it\/magazine\/2024\/01\/29\/mare-fuori-4-ritorna-la-serie-tv-dei-record\/#article","isPartOf":{"@id":"https:\/\/www.istitutogalanteoliva.it\/magazine\/2024\/01\/29\/mare-fuori-4-ritorna-la-serie-tv-dei-record\/"},"author":{"name":"Antonello Rivano","@id":"https:\/\/www.istitutogalanteoliva.it\/magazine\/#\/schema\/person\/d8b8aa79cfe8babc1df9da3212a7c0c4"},"headline":"Mare fuori 4: ritorna la serie Tv dei record","datePublished":"2024-01-29T07:00:00+00:00","dateModified":"2024-01-28T15:58:40+00:00","mainEntityOfPage":{"@id":"https:\/\/www.istitutogalanteoliva.it\/magazine\/2024\/01\/29\/mare-fuori-4-ritorna-la-serie-tv-dei-record\/"},"wordCount":765,"publisher":{"@id":"https:\/\/www.istitutogalanteoliva.it\/magazine\/#organization"},"image":{"@id":"https:\/\/www.istitutogalanteoliva.it\/magazine\/2024\/01\/29\/mare-fuori-4-ritorna-la-serie-tv-dei-record\/#primaryimage"},"thumbnailUrl":"https:\/\/www.istitutogalanteoliva.it\/magazine\/wp-content\/uploads\/2024\/01\/mare-immagine-articolo-polis.jpg","keywords":["Mare fuori","Nuova stagione","Serie Tv"],"articleSection":["2024","Tv e Dintorni"],"inLanguage":"it-IT"},{"@type":"WebPage","@id":"https:\/\/www.istitutogalanteoliva.it\/magazine\/2024\/01\/29\/mare-fuori-4-ritorna-la-serie-tv-dei-record\/","url":"https:\/\/www.istitutogalanteoliva.it\/magazine\/2024\/01\/29\/mare-fuori-4-ritorna-la-serie-tv-dei-record\/","name":"Mare fuori 4: ritorna la serie Tv dei record - Polis SA Magazine","isPartOf":{"@id":"https:\/\/www.istitutogalanteoliva.it\/magazine\/#website"},"primaryImageOfPage":{"@id":"https:\/\/www.istitutogalanteoliva.it\/magazine\/2024\/01\/29\/mare-fuori-4-ritorna-la-serie-tv-dei-record\/#primaryimage"},"image":{"@id":"https:\/\/www.istitutogalanteoliva.it\/magazine\/2024\/01\/29\/mare-fuori-4-ritorna-la-serie-tv-dei-record\/#primaryimage"},"thumbnailUrl":"https:\/\/www.istitutogalanteoliva.it\/magazine\/wp-content\/uploads\/2024\/01\/mare-immagine-articolo-polis.jpg","datePublished":"2024-01-29T07:00:00+00:00","dateModified":"2024-01-28T15:58:40+00:00","breadcrumb":{"@id":"https:\/\/www.istitutogalanteoliva.it\/magazine\/2024\/01\/29\/mare-fuori-4-ritorna-la-serie-tv-dei-record\/#breadcrumb"},"inLanguage":"it-IT","potentialAction":[{"@type":"ReadAction","target":["https:\/\/www.istitutogalanteoliva.it\/magazine\/2024\/01\/29\/mare-fuori-4-ritorna-la-serie-tv-dei-record\/"]}]},{"@type":"ImageObject","inLanguage":"it-IT","@id":"https:\/\/www.istitutogalanteoliva.it\/magazine\/2024\/01\/29\/mare-fuori-4-ritorna-la-serie-tv-dei-record\/#primaryimage","url":"https:\/\/www.istitutogalanteoliva.it\/magazine\/wp-content\/uploads\/2024\/01\/mare-immagine-articolo-polis.jpg","contentUrl":"https:\/\/www.istitutogalanteoliva.it\/magazine\/wp-content\/uploads\/2024\/01\/mare-immagine-articolo-polis.jpg","width":700,"height":380},{"@type":"BreadcrumbList","@id":"https:\/\/www.istitutogalanteoliva.it\/magazine\/2024\/01\/29\/mare-fuori-4-ritorna-la-serie-tv-dei-record\/#breadcrumb","itemListElement":[{"@type":"ListItem","position":1,"name":"Home","item":"https:\/\/www.istitutogalanteoliva.it\/magazine\/"},{"@type":"ListItem","position":2,"name":"Mare fuori 4: ritorna la serie Tv dei record"}]},{"@type":"WebSite","@id":"https:\/\/www.istitutogalanteoliva.it\/magazine\/#website","url":"https:\/\/www.istitutogalanteoliva.it\/magazine\/","name":"POLIS SA MAGAZINE","description":"Informazione e approfondimenti","publisher":{"@id":"https:\/\/www.istitutogalanteoliva.it\/magazine\/#organization"},"potentialAction":[{"@type":"SearchAction","target":{"@type":"EntryPoint","urlTemplate":"https:\/\/www.istitutogalanteoliva.it\/magazine\/?s={search_term_string}"},"query-input":{"@type":"PropertyValueSpecification","valueRequired":true,"valueName":"search_term_string"}}],"inLanguage":"it-IT"},{"@type":"Organization","@id":"https:\/\/www.istitutogalanteoliva.it\/magazine\/#organization","name":"Polis SA Magazine","url":"https:\/\/www.istitutogalanteoliva.it\/magazine\/","logo":{"@type":"ImageObject","inLanguage":"it-IT","@id":"https:\/\/www.istitutogalanteoliva.it\/magazine\/#\/schema\/logo\/image\/","url":"","contentUrl":"","caption":"Polis SA Magazine"},"image":{"@id":"https:\/\/www.istitutogalanteoliva.it\/magazine\/#\/schema\/logo\/image\/"},"sameAs":["https:\/\/www.facebook.com\/PolisSAMagazine\/","https:\/\/x.com\/MagazinePolis","https:\/\/www.youtube.com\/channel\/UCv0Mr5AHKUmsc0sEEXkJrgw"]},{"@type":"Person","@id":"https:\/\/www.istitutogalanteoliva.it\/magazine\/#\/schema\/person\/d8b8aa79cfe8babc1df9da3212a7c0c4","name":"Antonello Rivano","image":{"@type":"ImageObject","inLanguage":"it-IT","@id":"https:\/\/www.istitutogalanteoliva.it\/magazine\/#\/schema\/person\/image\/","url":"https:\/\/secure.gravatar.com\/avatar\/517a9a6487a7a18ecc4ce6d2e57a8f40?s=96&d=mm&r=g","contentUrl":"https:\/\/secure.gravatar.com\/avatar\/517a9a6487a7a18ecc4ce6d2e57a8f40?s=96&d=mm&r=g","caption":"Antonello Rivano"},"url":"https:\/\/www.istitutogalanteoliva.it\/magazine\/author\/antonello\/"}]}},"_links":{"self":[{"href":"https:\/\/www.istitutogalanteoliva.it\/magazine\/wp-json\/wp\/v2\/posts\/14269","targetHints":{"allow":["GET"]}}],"collection":[{"href":"https:\/\/www.istitutogalanteoliva.it\/magazine\/wp-json\/wp\/v2\/posts"}],"about":[{"href":"https:\/\/www.istitutogalanteoliva.it\/magazine\/wp-json\/wp\/v2\/types\/post"}],"author":[{"embeddable":true,"href":"https:\/\/www.istitutogalanteoliva.it\/magazine\/wp-json\/wp\/v2\/users\/2"}],"replies":[{"embeddable":true,"href":"https:\/\/www.istitutogalanteoliva.it\/magazine\/wp-json\/wp\/v2\/comments?post=14269"}],"version-history":[{"count":2,"href":"https:\/\/www.istitutogalanteoliva.it\/magazine\/wp-json\/wp\/v2\/posts\/14269\/revisions"}],"predecessor-version":[{"id":14272,"href":"https:\/\/www.istitutogalanteoliva.it\/magazine\/wp-json\/wp\/v2\/posts\/14269\/revisions\/14272"}],"wp:featuredmedia":[{"embeddable":true,"href":"https:\/\/www.istitutogalanteoliva.it\/magazine\/wp-json\/wp\/v2\/media\/14270"}],"wp:attachment":[{"href":"https:\/\/www.istitutogalanteoliva.it\/magazine\/wp-json\/wp\/v2\/media?parent=14269"}],"wp:term":[{"taxonomy":"category","embeddable":true,"href":"https:\/\/www.istitutogalanteoliva.it\/magazine\/wp-json\/wp\/v2\/categories?post=14269"},{"taxonomy":"post_tag","embeddable":true,"href":"https:\/\/www.istitutogalanteoliva.it\/magazine\/wp-json\/wp\/v2\/tags?post=14269"}],"curies":[{"name":"wp","href":"https:\/\/api.w.org\/{rel}","templated":true}]}}