{"id":14283,"date":"2024-01-30T08:00:00","date_gmt":"2024-01-30T07:00:00","guid":{"rendered":"https:\/\/www.istitutogalanteoliva.it\/magazine\/?p=14283"},"modified":"2025-04-12T09:48:54","modified_gmt":"2025-04-12T07:48:54","slug":"ed-ora-medvedev-non-sbadiglia-piu-sinner-porta-in-alto-il-tricolore-a-melbourne","status":"publish","type":"post","link":"https:\/\/www.istitutogalanteoliva.it\/magazine\/2024\/01\/30\/ed-ora-medvedev-non-sbadiglia-piu-sinner-porta-in-alto-il-tricolore-a-melbourne\/","title":{"rendered":"Ed ora Medvedev non sbadiglia pi\u00f9, Sinner porta in alto il tricolore a Melbourne"},"content":{"rendered":"\n<p> Di Flavio Pezzella <\/p>\n\n\n\n<p>Jannik Sinner \u00e8 adesso leggenda: vince il suo primo slam conquistando meritatamente l\u2019Australian Open contro il numero tre, il russo Medveden. Che non sbadiglia pi\u00f9 come fece, in senso provocatorio, nel lontano 2019 quando batt\u00e9 senza problemi il giovanissimo italiano che sostitu\u00ec l\u2019infortunato Berrettini. Questa volta per\u00f2 \u00e8 toccato a Jannik prendersi una \u201cpiccola\u201d soddisfazione nei confronti dell\u2019avversario vincendo in rimonta. Infatti parte in maniera debolissima (3-6 , il primo set e 3-6 anche il secondo). Sembra ormai fatta ma nel tennis nulla \u00e8 scritto, niente \u00e8 certo. Jannik si sveglia e pensa ci\u00f2 che dopo dichiarer\u00e0 \u201cnon posso farla finire adesso ,troppo presto. Devo farlo per gli italiani e per tutte le persone che mi sono vicine\u201d. Ed allora arriva il terzo set: 6-4. E tutto \u00e8 riaperto. <\/p>\n\n\n\n<figure class=\"wp-block-image size-full is-resized\"><img loading=\"lazy\" decoding=\"async\" width=\"774\" height=\"516\" src=\"https:\/\/www.istitutogalanteoliva.it\/magazine\/wp-content\/uploads\/2024\/01\/sinner-2.jpg\" alt=\"\" class=\"wp-image-14286\" style=\"width:600px\" srcset=\"https:\/\/www.istitutogalanteoliva.it\/magazine\/wp-content\/uploads\/2024\/01\/sinner-2.jpg 774w, https:\/\/www.istitutogalanteoliva.it\/magazine\/wp-content\/uploads\/2024\/01\/sinner-2-300x200.jpg 300w, https:\/\/www.istitutogalanteoliva.it\/magazine\/wp-content\/uploads\/2024\/01\/sinner-2-768x512.jpg 768w, https:\/\/www.istitutogalanteoliva.it\/magazine\/wp-content\/uploads\/2024\/01\/sinner-2-675x450.jpg 675w\" sizes=\"auto, (max-width: 774px) 100vw, 774px\" \/><\/figure>\n\n\n\n<p>Medvedev \u00e8 stanco e si vede. Jannik usa la testa e la sua forza mentale risulter\u00f2 fondamentale per la conquista del titolo. E quindi pareggia con il quarto set, parziale di 6-4. Ed \u00e8 in quel momento entusiasmante che tutta l\u2019Italia inizia davvero a crederci, che i \u201cCarota Boys\u201d cominciano a cantare pi\u00f9 forte. L\u2019ultimo set e con un parziale di 6-3 consacra Jannik Sinner, di soli 22 anni, a campione aggiudicandosi il suo primo slam. L\u2019Italia, per la prima volta, vince l\u2019Australian Open. <\/p>\n\n\n\n<figure class=\"wp-block-image size-full is-resized\"><img loading=\"lazy\" decoding=\"async\" width=\"710\" height=\"400\" src=\"https:\/\/www.istitutogalanteoliva.it\/magazine\/wp-content\/uploads\/2024\/01\/sinner-1-1.jpg\" alt=\"\" class=\"wp-image-14285\" style=\"width:600px\" srcset=\"https:\/\/www.istitutogalanteoliva.it\/magazine\/wp-content\/uploads\/2024\/01\/sinner-1-1.jpg 710w, https:\/\/www.istitutogalanteoliva.it\/magazine\/wp-content\/uploads\/2024\/01\/sinner-1-1-300x169.jpg 300w\" sizes=\"auto, (max-width: 710px) 100vw, 710px\" \/><\/figure>\n\n\n\n<p>Sinner si stende a terra dopo aver dato tutto s\u00e9 stesso (anche in semifinale contro l\u2019ennesimo scontro contro Djokovic). L\u2019edizione 2024 dell\u2019Australian Open ci regala una finale indimenticabile per il tennis italiano. L\u2019Italia inizia cos\u00ec a farsi valere con il trionfo di un giovanissimo atleta che non si arrende, che seppur giovanissimo si \u00e8 mostrato ottimista nel realizzare il suo sogno pi\u00f9 grande. Ed ora \u00e8 steso a terra guardando quel cielo azzurro di Melbourn, oggi come non mai. Sinner porta ancora una volta l\u2019Italia in alto nel tennis. Adesso a Jannik non\u00a0 resta altro che prendere la sua standing ovation all\u2019Ariston. Tutta per s\u00e9, tutta quella che merita assieme ai grazie di tanti che credono nel sogno sportivo italiano. Grazie Jannik , continua a far sognare tutti i \u201cCarota Boys\u201d. \u00a0<\/p>\n\n\n\n<p><img loading=\"lazy\" decoding=\"async\" width=\"100\" height=\"100\" class=\"wp-image-12176\" style=\"width: 100px;\" src=\"https:\/\/www.istitutogalanteoliva.it\/magazine\/wp-content\/uploads\/2022\/06\/Senza-titolo-3.png\" alt=\"\" srcset=\"https:\/\/www.istitutogalanteoliva.it\/magazine\/wp-content\/uploads\/2022\/06\/Senza-titolo-3.png 612w, https:\/\/www.istitutogalanteoliva.it\/magazine\/wp-content\/uploads\/2022\/06\/Senza-titolo-3-300x300.png 300w, https:\/\/www.istitutogalanteoliva.it\/magazine\/wp-content\/uploads\/2022\/06\/Senza-titolo-3-150x150.png 150w\" sizes=\"auto, (max-width: 100px) 100vw, 100px\" \/><strong><em><a href=\"https:\/\/www.istitutogalanteoliva.it\/magazine\/?s=flavio+pezzella+\" target=\"_blank\" rel=\"noreferrer noopener\">Flavio Pezzella<\/a><\/em><\/strong><\/p>\n<div class=\"pdfprnt-buttons pdfprnt-buttons-post pdfprnt-bottom-left\"><a href=\"https:\/\/www.istitutogalanteoliva.it\/magazine\/wp-json\/wp\/v2\/posts\/14283?print=print\" class=\"pdfprnt-button pdfprnt-button-print\" target=\"_blank\"><img decoding=\"async\" src=\"https:\/\/www.istitutogalanteoliva.it\/magazine\/wp-content\/plugins\/pdf-print\/images\/print.png\" alt=\"image_print\" title=\"Stampa contenuto\" \/><span class=\"pdfprnt-button-title pdfprnt-button-print-title\">Download in PDF<\/span><\/a><\/div>","protected":false},"excerpt":{"rendered":"<p>Il giovanissimo tennista italiano vince l\u2019Australian Open ed \u00e8 il trionfo del tennis italiano. Con entusiasmo e bravura conquista una vittoria che mai dimenticheremo.<\/p>\n","protected":false},"author":2,"featured_media":14287,"comment_status":"closed","ping_status":"open","sticky":true,"template":"","format":"standard","meta":{"footnotes":""},"categories":[872,32,1311],"tags":[913,848,914],"class_list":["post-14283","post","type-post","status-publish","format-standard","has-post-thumbnail","hentry","category-872","category-sport","category-storie-di-sport","tag-australian-open","tag-jannik-sinner","tag-medvedev"],"yoast_head":"<!-- This site is optimized with the Yoast SEO plugin v24.2 - https:\/\/yoast.com\/wordpress\/plugins\/seo\/ -->\n<title>Ed ora Medvedev non sbadiglia pi\u00f9, Sinner porta in alto il tricolore a Melbourne - Polis SA Magazine<\/title>\n<meta name=\"robots\" content=\"index, follow, max-snippet:-1, max-image-preview:large, max-video-preview:-1\" \/>\n<link rel=\"canonical\" href=\"https:\/\/www.istitutogalanteoliva.it\/magazine\/2024\/01\/30\/ed-ora-medvedev-non-sbadiglia-piu-sinner-porta-in-alto-il-tricolore-a-melbourne\/\" \/>\n<meta property=\"og:locale\" content=\"it_IT\" \/>\n<meta property=\"og:type\" content=\"article\" \/>\n<meta property=\"og:title\" content=\"Ed ora Medvedev non sbadiglia pi\u00f9, Sinner porta in alto il tricolore a Melbourne - Polis SA Magazine\" \/>\n<meta property=\"og:description\" content=\"Il giovanissimo tennista italiano vince l\u2019Australian Open ed \u00e8 il trionfo del tennis italiano. Con entusiasmo e bravura conquista una vittoria che mai dimenticheremo.\" \/>\n<meta property=\"og:url\" content=\"https:\/\/www.istitutogalanteoliva.it\/magazine\/2024\/01\/30\/ed-ora-medvedev-non-sbadiglia-piu-sinner-porta-in-alto-il-tricolore-a-melbourne\/\" \/>\n<meta property=\"og:site_name\" content=\"Polis SA Magazine\" \/>\n<meta property=\"article:publisher\" content=\"https:\/\/www.facebook.com\/PolisSAMagazine\/\" \/>\n<meta property=\"article:published_time\" content=\"2024-01-30T07:00:00+00:00\" \/>\n<meta property=\"article:modified_time\" content=\"2025-04-12T07:48:54+00:00\" \/>\n<meta property=\"og:image\" content=\"https:\/\/www.istitutogalanteoliva.it\/magazine\/wp-content\/uploads\/2024\/01\/sinner-3.jpg\" \/>\n\t<meta property=\"og:image:width\" content=\"700\" \/>\n\t<meta property=\"og:image:height\" content=\"380\" \/>\n\t<meta property=\"og:image:type\" content=\"image\/jpeg\" \/>\n<meta name=\"author\" content=\"Antonello Rivano\" \/>\n<meta name=\"twitter:card\" content=\"summary_large_image\" \/>\n<meta name=\"twitter:creator\" content=\"@MagazinePolis\" \/>\n<meta name=\"twitter:site\" content=\"@MagazinePolis\" \/>\n<meta name=\"twitter:label1\" content=\"Scritto da\" \/>\n\t<meta name=\"twitter:data1\" content=\"Antonello Rivano\" \/>\n\t<meta name=\"twitter:label2\" content=\"Tempo di lettura stimato\" \/>\n\t<meta name=\"twitter:data2\" content=\"3 minuti\" \/>\n<script type=\"application\/ld+json\" class=\"yoast-schema-graph\">{\"@context\":\"https:\/\/schema.org\",\"@graph\":[{\"@type\":\"Article\",\"@id\":\"https:\/\/www.istitutogalanteoliva.it\/magazine\/2024\/01\/30\/ed-ora-medvedev-non-sbadiglia-piu-sinner-porta-in-alto-il-tricolore-a-melbourne\/#article\",\"isPartOf\":{\"@id\":\"https:\/\/www.istitutogalanteoliva.it\/magazine\/2024\/01\/30\/ed-ora-medvedev-non-sbadiglia-piu-sinner-porta-in-alto-il-tricolore-a-melbourne\/\"},\"author\":{\"name\":\"Antonello Rivano\",\"@id\":\"https:\/\/www.istitutogalanteoliva.it\/magazine\/#\/schema\/person\/d8b8aa79cfe8babc1df9da3212a7c0c4\"},\"headline\":\"Ed ora Medvedev non sbadiglia pi\u00f9, Sinner porta in alto il tricolore a Melbourne\",\"datePublished\":\"2024-01-30T07:00:00+00:00\",\"dateModified\":\"2025-04-12T07:48:54+00:00\",\"mainEntityOfPage\":{\"@id\":\"https:\/\/www.istitutogalanteoliva.it\/magazine\/2024\/01\/30\/ed-ora-medvedev-non-sbadiglia-piu-sinner-porta-in-alto-il-tricolore-a-melbourne\/\"},\"wordCount\":360,\"publisher\":{\"@id\":\"https:\/\/www.istitutogalanteoliva.it\/magazine\/#organization\"},\"image\":{\"@id\":\"https:\/\/www.istitutogalanteoliva.it\/magazine\/2024\/01\/30\/ed-ora-medvedev-non-sbadiglia-piu-sinner-porta-in-alto-il-tricolore-a-melbourne\/#primaryimage\"},\"thumbnailUrl\":\"https:\/\/www.istitutogalanteoliva.it\/magazine\/wp-content\/uploads\/2024\/01\/sinner-3.jpg\",\"keywords\":[\"Australian Open\",\"Jannik Sinner\",\"Medvedev\"],\"articleSection\":[\"2024\",\"Sport\",\"Storie di Sport\"],\"inLanguage\":\"it-IT\"},{\"@type\":\"WebPage\",\"@id\":\"https:\/\/www.istitutogalanteoliva.it\/magazine\/2024\/01\/30\/ed-ora-medvedev-non-sbadiglia-piu-sinner-porta-in-alto-il-tricolore-a-melbourne\/\",\"url\":\"https:\/\/www.istitutogalanteoliva.it\/magazine\/2024\/01\/30\/ed-ora-medvedev-non-sbadiglia-piu-sinner-porta-in-alto-il-tricolore-a-melbourne\/\",\"name\":\"Ed ora Medvedev non sbadiglia pi\u00f9, Sinner porta in alto il tricolore a Melbourne - Polis SA Magazine\",\"isPartOf\":{\"@id\":\"https:\/\/www.istitutogalanteoliva.it\/magazine\/#website\"},\"primaryImageOfPage\":{\"@id\":\"https:\/\/www.istitutogalanteoliva.it\/magazine\/2024\/01\/30\/ed-ora-medvedev-non-sbadiglia-piu-sinner-porta-in-alto-il-tricolore-a-melbourne\/#primaryimage\"},\"image\":{\"@id\":\"https:\/\/www.istitutogalanteoliva.it\/magazine\/2024\/01\/30\/ed-ora-medvedev-non-sbadiglia-piu-sinner-porta-in-alto-il-tricolore-a-melbourne\/#primaryimage\"},\"thumbnailUrl\":\"https:\/\/www.istitutogalanteoliva.it\/magazine\/wp-content\/uploads\/2024\/01\/sinner-3.jpg\",\"datePublished\":\"2024-01-30T07:00:00+00:00\",\"dateModified\":\"2025-04-12T07:48:54+00:00\",\"breadcrumb\":{\"@id\":\"https:\/\/www.istitutogalanteoliva.it\/magazine\/2024\/01\/30\/ed-ora-medvedev-non-sbadiglia-piu-sinner-porta-in-alto-il-tricolore-a-melbourne\/#breadcrumb\"},\"inLanguage\":\"it-IT\",\"potentialAction\":[{\"@type\":\"ReadAction\",\"target\":[\"https:\/\/www.istitutogalanteoliva.it\/magazine\/2024\/01\/30\/ed-ora-medvedev-non-sbadiglia-piu-sinner-porta-in-alto-il-tricolore-a-melbourne\/\"]}]},{\"@type\":\"ImageObject\",\"inLanguage\":\"it-IT\",\"@id\":\"https:\/\/www.istitutogalanteoliva.it\/magazine\/2024\/01\/30\/ed-ora-medvedev-non-sbadiglia-piu-sinner-porta-in-alto-il-tricolore-a-melbourne\/#primaryimage\",\"url\":\"https:\/\/www.istitutogalanteoliva.it\/magazine\/wp-content\/uploads\/2024\/01\/sinner-3.jpg\",\"contentUrl\":\"https:\/\/www.istitutogalanteoliva.it\/magazine\/wp-content\/uploads\/2024\/01\/sinner-3.jpg\",\"width\":700,\"height\":380},{\"@type\":\"BreadcrumbList\",\"@id\":\"https:\/\/www.istitutogalanteoliva.it\/magazine\/2024\/01\/30\/ed-ora-medvedev-non-sbadiglia-piu-sinner-porta-in-alto-il-tricolore-a-melbourne\/#breadcrumb\",\"itemListElement\":[{\"@type\":\"ListItem\",\"position\":1,\"name\":\"Home\",\"item\":\"https:\/\/www.istitutogalanteoliva.it\/magazine\/\"},{\"@type\":\"ListItem\",\"position\":2,\"name\":\"Ed ora Medvedev non sbadiglia pi\u00f9, Sinner porta in alto il tricolore a Melbourne\"}]},{\"@type\":\"WebSite\",\"@id\":\"https:\/\/www.istitutogalanteoliva.it\/magazine\/#website\",\"url\":\"https:\/\/www.istitutogalanteoliva.it\/magazine\/\",\"name\":\"POLIS SA MAGAZINE\",\"description\":\"Informazione e approfondimenti\",\"publisher\":{\"@id\":\"https:\/\/www.istitutogalanteoliva.it\/magazine\/#organization\"},\"potentialAction\":[{\"@type\":\"SearchAction\",\"target\":{\"@type\":\"EntryPoint\",\"urlTemplate\":\"https:\/\/www.istitutogalanteoliva.it\/magazine\/?s={search_term_string}\"},\"query-input\":{\"@type\":\"PropertyValueSpecification\",\"valueRequired\":true,\"valueName\":\"search_term_string\"}}],\"inLanguage\":\"it-IT\"},{\"@type\":\"Organization\",\"@id\":\"https:\/\/www.istitutogalanteoliva.it\/magazine\/#organization\",\"name\":\"Polis SA Magazine\",\"url\":\"https:\/\/www.istitutogalanteoliva.it\/magazine\/\",\"logo\":{\"@type\":\"ImageObject\",\"inLanguage\":\"it-IT\",\"@id\":\"https:\/\/www.istitutogalanteoliva.it\/magazine\/#\/schema\/logo\/image\/\",\"url\":\"\",\"contentUrl\":\"\",\"caption\":\"Polis SA Magazine\"},\"image\":{\"@id\":\"https:\/\/www.istitutogalanteoliva.it\/magazine\/#\/schema\/logo\/image\/\"},\"sameAs\":[\"https:\/\/www.facebook.com\/PolisSAMagazine\/\",\"https:\/\/x.com\/MagazinePolis\",\"https:\/\/www.youtube.com\/channel\/UCv0Mr5AHKUmsc0sEEXkJrgw\"]},{\"@type\":\"Person\",\"@id\":\"https:\/\/www.istitutogalanteoliva.it\/magazine\/#\/schema\/person\/d8b8aa79cfe8babc1df9da3212a7c0c4\",\"name\":\"Antonello Rivano\",\"image\":{\"@type\":\"ImageObject\",\"inLanguage\":\"it-IT\",\"@id\":\"https:\/\/www.istitutogalanteoliva.it\/magazine\/#\/schema\/person\/image\/\",\"url\":\"https:\/\/secure.gravatar.com\/avatar\/517a9a6487a7a18ecc4ce6d2e57a8f40?s=96&d=mm&r=g\",\"contentUrl\":\"https:\/\/secure.gravatar.com\/avatar\/517a9a6487a7a18ecc4ce6d2e57a8f40?s=96&d=mm&r=g\",\"caption\":\"Antonello Rivano\"},\"url\":\"https:\/\/www.istitutogalanteoliva.it\/magazine\/author\/antonello\/\"}]}<\/script>\n<!-- \/ Yoast SEO plugin. -->","yoast_head_json":{"title":"Ed ora Medvedev non sbadiglia pi\u00f9, Sinner porta in alto il tricolore a Melbourne - Polis SA Magazine","robots":{"index":"index","follow":"follow","max-snippet":"max-snippet:-1","max-image-preview":"max-image-preview:large","max-video-preview":"max-video-preview:-1"},"canonical":"https:\/\/www.istitutogalanteoliva.it\/magazine\/2024\/01\/30\/ed-ora-medvedev-non-sbadiglia-piu-sinner-porta-in-alto-il-tricolore-a-melbourne\/","og_locale":"it_IT","og_type":"article","og_title":"Ed ora Medvedev non sbadiglia pi\u00f9, Sinner porta in alto il tricolore a Melbourne - Polis SA Magazine","og_description":"Il giovanissimo tennista italiano vince l\u2019Australian Open ed \u00e8 il trionfo del tennis italiano. Con entusiasmo e bravura conquista una vittoria che mai dimenticheremo.","og_url":"https:\/\/www.istitutogalanteoliva.it\/magazine\/2024\/01\/30\/ed-ora-medvedev-non-sbadiglia-piu-sinner-porta-in-alto-il-tricolore-a-melbourne\/","og_site_name":"Polis SA Magazine","article_publisher":"https:\/\/www.facebook.com\/PolisSAMagazine\/","article_published_time":"2024-01-30T07:00:00+00:00","article_modified_time":"2025-04-12T07:48:54+00:00","og_image":[{"width":700,"height":380,"url":"https:\/\/www.istitutogalanteoliva.it\/magazine\/wp-content\/uploads\/2024\/01\/sinner-3.jpg","type":"image\/jpeg"}],"author":"Antonello Rivano","twitter_card":"summary_large_image","twitter_creator":"@MagazinePolis","twitter_site":"@MagazinePolis","twitter_misc":{"Scritto da":"Antonello Rivano","Tempo di lettura stimato":"3 minuti"},"schema":{"@context":"https:\/\/schema.org","@graph":[{"@type":"Article","@id":"https:\/\/www.istitutogalanteoliva.it\/magazine\/2024\/01\/30\/ed-ora-medvedev-non-sbadiglia-piu-sinner-porta-in-alto-il-tricolore-a-melbourne\/#article","isPartOf":{"@id":"https:\/\/www.istitutogalanteoliva.it\/magazine\/2024\/01\/30\/ed-ora-medvedev-non-sbadiglia-piu-sinner-porta-in-alto-il-tricolore-a-melbourne\/"},"author":{"name":"Antonello Rivano","@id":"https:\/\/www.istitutogalanteoliva.it\/magazine\/#\/schema\/person\/d8b8aa79cfe8babc1df9da3212a7c0c4"},"headline":"Ed ora Medvedev non sbadiglia pi\u00f9, Sinner porta in alto il tricolore a Melbourne","datePublished":"2024-01-30T07:00:00+00:00","dateModified":"2025-04-12T07:48:54+00:00","mainEntityOfPage":{"@id":"https:\/\/www.istitutogalanteoliva.it\/magazine\/2024\/01\/30\/ed-ora-medvedev-non-sbadiglia-piu-sinner-porta-in-alto-il-tricolore-a-melbourne\/"},"wordCount":360,"publisher":{"@id":"https:\/\/www.istitutogalanteoliva.it\/magazine\/#organization"},"image":{"@id":"https:\/\/www.istitutogalanteoliva.it\/magazine\/2024\/01\/30\/ed-ora-medvedev-non-sbadiglia-piu-sinner-porta-in-alto-il-tricolore-a-melbourne\/#primaryimage"},"thumbnailUrl":"https:\/\/www.istitutogalanteoliva.it\/magazine\/wp-content\/uploads\/2024\/01\/sinner-3.jpg","keywords":["Australian Open","Jannik Sinner","Medvedev"],"articleSection":["2024","Sport","Storie di Sport"],"inLanguage":"it-IT"},{"@type":"WebPage","@id":"https:\/\/www.istitutogalanteoliva.it\/magazine\/2024\/01\/30\/ed-ora-medvedev-non-sbadiglia-piu-sinner-porta-in-alto-il-tricolore-a-melbourne\/","url":"https:\/\/www.istitutogalanteoliva.it\/magazine\/2024\/01\/30\/ed-ora-medvedev-non-sbadiglia-piu-sinner-porta-in-alto-il-tricolore-a-melbourne\/","name":"Ed ora Medvedev non sbadiglia pi\u00f9, Sinner porta in alto il tricolore a Melbourne - Polis SA Magazine","isPartOf":{"@id":"https:\/\/www.istitutogalanteoliva.it\/magazine\/#website"},"primaryImageOfPage":{"@id":"https:\/\/www.istitutogalanteoliva.it\/magazine\/2024\/01\/30\/ed-ora-medvedev-non-sbadiglia-piu-sinner-porta-in-alto-il-tricolore-a-melbourne\/#primaryimage"},"image":{"@id":"https:\/\/www.istitutogalanteoliva.it\/magazine\/2024\/01\/30\/ed-ora-medvedev-non-sbadiglia-piu-sinner-porta-in-alto-il-tricolore-a-melbourne\/#primaryimage"},"thumbnailUrl":"https:\/\/www.istitutogalanteoliva.it\/magazine\/wp-content\/uploads\/2024\/01\/sinner-3.jpg","datePublished":"2024-01-30T07:00:00+00:00","dateModified":"2025-04-12T07:48:54+00:00","breadcrumb":{"@id":"https:\/\/www.istitutogalanteoliva.it\/magazine\/2024\/01\/30\/ed-ora-medvedev-non-sbadiglia-piu-sinner-porta-in-alto-il-tricolore-a-melbourne\/#breadcrumb"},"inLanguage":"it-IT","potentialAction":[{"@type":"ReadAction","target":["https:\/\/www.istitutogalanteoliva.it\/magazine\/2024\/01\/30\/ed-ora-medvedev-non-sbadiglia-piu-sinner-porta-in-alto-il-tricolore-a-melbourne\/"]}]},{"@type":"ImageObject","inLanguage":"it-IT","@id":"https:\/\/www.istitutogalanteoliva.it\/magazine\/2024\/01\/30\/ed-ora-medvedev-non-sbadiglia-piu-sinner-porta-in-alto-il-tricolore-a-melbourne\/#primaryimage","url":"https:\/\/www.istitutogalanteoliva.it\/magazine\/wp-content\/uploads\/2024\/01\/sinner-3.jpg","contentUrl":"https:\/\/www.istitutogalanteoliva.it\/magazine\/wp-content\/uploads\/2024\/01\/sinner-3.jpg","width":700,"height":380},{"@type":"BreadcrumbList","@id":"https:\/\/www.istitutogalanteoliva.it\/magazine\/2024\/01\/30\/ed-ora-medvedev-non-sbadiglia-piu-sinner-porta-in-alto-il-tricolore-a-melbourne\/#breadcrumb","itemListElement":[{"@type":"ListItem","position":1,"name":"Home","item":"https:\/\/www.istitutogalanteoliva.it\/magazine\/"},{"@type":"ListItem","position":2,"name":"Ed ora Medvedev non sbadiglia pi\u00f9, Sinner porta in alto il tricolore a Melbourne"}]},{"@type":"WebSite","@id":"https:\/\/www.istitutogalanteoliva.it\/magazine\/#website","url":"https:\/\/www.istitutogalanteoliva.it\/magazine\/","name":"POLIS SA MAGAZINE","description":"Informazione e approfondimenti","publisher":{"@id":"https:\/\/www.istitutogalanteoliva.it\/magazine\/#organization"},"potentialAction":[{"@type":"SearchAction","target":{"@type":"EntryPoint","urlTemplate":"https:\/\/www.istitutogalanteoliva.it\/magazine\/?s={search_term_string}"},"query-input":{"@type":"PropertyValueSpecification","valueRequired":true,"valueName":"search_term_string"}}],"inLanguage":"it-IT"},{"@type":"Organization","@id":"https:\/\/www.istitutogalanteoliva.it\/magazine\/#organization","name":"Polis SA Magazine","url":"https:\/\/www.istitutogalanteoliva.it\/magazine\/","logo":{"@type":"ImageObject","inLanguage":"it-IT","@id":"https:\/\/www.istitutogalanteoliva.it\/magazine\/#\/schema\/logo\/image\/","url":"","contentUrl":"","caption":"Polis SA Magazine"},"image":{"@id":"https:\/\/www.istitutogalanteoliva.it\/magazine\/#\/schema\/logo\/image\/"},"sameAs":["https:\/\/www.facebook.com\/PolisSAMagazine\/","https:\/\/x.com\/MagazinePolis","https:\/\/www.youtube.com\/channel\/UCv0Mr5AHKUmsc0sEEXkJrgw"]},{"@type":"Person","@id":"https:\/\/www.istitutogalanteoliva.it\/magazine\/#\/schema\/person\/d8b8aa79cfe8babc1df9da3212a7c0c4","name":"Antonello Rivano","image":{"@type":"ImageObject","inLanguage":"it-IT","@id":"https:\/\/www.istitutogalanteoliva.it\/magazine\/#\/schema\/person\/image\/","url":"https:\/\/secure.gravatar.com\/avatar\/517a9a6487a7a18ecc4ce6d2e57a8f40?s=96&d=mm&r=g","contentUrl":"https:\/\/secure.gravatar.com\/avatar\/517a9a6487a7a18ecc4ce6d2e57a8f40?s=96&d=mm&r=g","caption":"Antonello Rivano"},"url":"https:\/\/www.istitutogalanteoliva.it\/magazine\/author\/antonello\/"}]}},"_links":{"self":[{"href":"https:\/\/www.istitutogalanteoliva.it\/magazine\/wp-json\/wp\/v2\/posts\/14283","targetHints":{"allow":["GET"]}}],"collection":[{"href":"https:\/\/www.istitutogalanteoliva.it\/magazine\/wp-json\/wp\/v2\/posts"}],"about":[{"href":"https:\/\/www.istitutogalanteoliva.it\/magazine\/wp-json\/wp\/v2\/types\/post"}],"author":[{"embeddable":true,"href":"https:\/\/www.istitutogalanteoliva.it\/magazine\/wp-json\/wp\/v2\/users\/2"}],"replies":[{"embeddable":true,"href":"https:\/\/www.istitutogalanteoliva.it\/magazine\/wp-json\/wp\/v2\/comments?post=14283"}],"version-history":[{"count":1,"href":"https:\/\/www.istitutogalanteoliva.it\/magazine\/wp-json\/wp\/v2\/posts\/14283\/revisions"}],"predecessor-version":[{"id":14288,"href":"https:\/\/www.istitutogalanteoliva.it\/magazine\/wp-json\/wp\/v2\/posts\/14283\/revisions\/14288"}],"wp:featuredmedia":[{"embeddable":true,"href":"https:\/\/www.istitutogalanteoliva.it\/magazine\/wp-json\/wp\/v2\/media\/14287"}],"wp:attachment":[{"href":"https:\/\/www.istitutogalanteoliva.it\/magazine\/wp-json\/wp\/v2\/media?parent=14283"}],"wp:term":[{"taxonomy":"category","embeddable":true,"href":"https:\/\/www.istitutogalanteoliva.it\/magazine\/wp-json\/wp\/v2\/categories?post=14283"},{"taxonomy":"post_tag","embeddable":true,"href":"https:\/\/www.istitutogalanteoliva.it\/magazine\/wp-json\/wp\/v2\/tags?post=14283"}],"curies":[{"name":"wp","href":"https:\/\/api.w.org\/{rel}","templated":true}]}}