{"id":14372,"date":"2024-02-08T08:00:00","date_gmt":"2024-02-08T07:00:00","guid":{"rendered":"https:\/\/www.istitutogalanteoliva.it\/magazine\/?p=14372"},"modified":"2024-02-07T08:37:48","modified_gmt":"2024-02-07T07:37:48","slug":"doc-confermato-per-una-quarta-stagione-luca-argentero-tornera-nel-ruolo-di-andrea-fanti","status":"publish","type":"post","link":"https:\/\/www.istitutogalanteoliva.it\/magazine\/2024\/02\/08\/doc-confermato-per-una-quarta-stagione-luca-argentero-tornera-nel-ruolo-di-andrea-fanti\/","title":{"rendered":"Doc confermato per una quarta stagione: Luca Argentero torner\u00e0 nel ruolo di Andrea Fanti"},"content":{"rendered":"\n<p>Di Paolo De Leo <\/p>\n\n\n\n<p><strong>Ebbene, si far\u00e0, ormai ci sta la conferma:<\/strong>&nbsp;ad averlo rivelato \u00e8 stata la direttrice Maria Pia Ammirati che nella sua intervista per FQMagazine non ha lasciato spazio a nessun dubbio, confessando: \u201c<em>Doc \u00e8 un gioiello, la prima serie italiana adattata da Sony negli Usa. Molto attesa\u201d.&nbsp;<\/em>&nbsp;Insomma una conferma che forse nelle scorse settimane qualcuno aveva pensato che non arrivasse mai pi\u00f9: eppure, attenzione, perch\u00e9 la vera sorpresa, riguarda il destino di Luca Argentero e del ruolo di Andrea Fanti. Che cosa succeder\u00e0? Lui ci sar\u00e0 nella stagione nuova?&nbsp;Anche per questo motivo, la direttrice ha confermato come la serie prodotta da Lux Vide avr\u00e0 una stagione numero quattro in cui sar\u00e0 presente anche Luca Argentero, che dalla prima ora presta il volto ad Andrea Fanti, figura ispirata alla vita e alla storia del dottori Pierdante Piccioni.<\/p>\n\n\n\n<p>\u201c<strong><em>Doc \u00e8 un gioiello. \u00c8 la prima serie italiana adattata da Sony negli Usa, molto attesa. Luca ci deve essere e ci sar\u00e0\u201d<\/em><\/strong>\u00a0queste le parole di Maria Pia Ammirati che ha sciolto ogni dubbio e che ha anche messo l\u2019anima in pace ai telespettatori, gli stessi che dopo le parole dello stesso Argentero, temevano che la numero tre avrebbe chiuso la storia di Doc.\u00a0Insomma, le cose stanno davvero cosi, e quindi adesso non si deve fare altro che continuare a seguire, dopo la pausa sanremese, questa appassionante terza stagione, cosi da scoprire in che modo la storia di Andrea Fanti e della sua amnesia andr\u00e0 avanti. Siamo certi che i colpi di scena non mancheranno nemmeno questa volta. La notizia risale al 27 Gennaio, notizia che i fan attendevano con ansia. Le serie tv RAI ultimamente stanno piacendo al pubblico si pensi, infatti, a Mare Fuori che anche senza il chiattillo fa registrare uno shere\u00a0molto elevato e alla fiction il professore o allo stesso Doc, insomma tre serie italiane fatte bene e che riescono ad avere presa sul pubblico.<\/p>\n\n\n\n<p><img loading=\"lazy\" decoding=\"async\" width=\"80\" height=\"80\" class=\"wp-image-14248\" style=\"width: 80px;\" src=\"https:\/\/www.istitutogalanteoliva.it\/magazine\/wp-content\/uploads\/2024\/01\/de-leo.png\" alt=\"\" srcset=\"https:\/\/www.istitutogalanteoliva.it\/magazine\/wp-content\/uploads\/2024\/01\/de-leo.png 542w, https:\/\/www.istitutogalanteoliva.it\/magazine\/wp-content\/uploads\/2024\/01\/de-leo-300x300.png 300w, https:\/\/www.istitutogalanteoliva.it\/magazine\/wp-content\/uploads\/2024\/01\/de-leo-150x150.png 150w\" sizes=\"auto, (max-width: 80px) 100vw, 80px\" \/><strong><em>Paolo De Leo<\/em><\/strong><\/p>\n<div class=\"pdfprnt-buttons pdfprnt-buttons-post pdfprnt-bottom-left\"><a href=\"https:\/\/www.istitutogalanteoliva.it\/magazine\/wp-json\/wp\/v2\/posts\/14372?print=print\" class=\"pdfprnt-button pdfprnt-button-print\" target=\"_blank\"><img decoding=\"async\" src=\"https:\/\/www.istitutogalanteoliva.it\/magazine\/wp-content\/plugins\/pdf-print\/images\/print.png\" alt=\"image_print\" title=\"Stampa contenuto\" \/><span class=\"pdfprnt-button-title pdfprnt-button-print-title\">Download in PDF<\/span><\/a><\/div>","protected":false},"excerpt":{"rendered":"<p> Maria Pia Ammirati annuncia il ritorno del gioiello italiano adattato da Sony negli USA, dissipando ogni dubbio sulla presenza dell&#8217;attore principale <\/p>\n","protected":false},"author":2,"featured_media":14373,"comment_status":"closed","ping_status":"open","sticky":true,"template":"","format":"standard","meta":{"footnotes":""},"categories":[872,33],"tags":[945,944,911],"class_list":["post-14372","post","type-post","status-publish","format-standard","has-post-thumbnail","hentry","category-872","category-tv-e-dintorni","tag-doc-nelle-tue-mani","tag-rai1","tag-serie-tv"],"yoast_head":"<!-- This site is optimized with the Yoast SEO plugin v24.2 - https:\/\/yoast.com\/wordpress\/plugins\/seo\/ -->\n<title>Doc confermato per una quarta stagione: Luca Argentero torner\u00e0 nel ruolo di Andrea Fanti - Polis SA Magazine<\/title>\n<meta name=\"robots\" content=\"index, follow, max-snippet:-1, max-image-preview:large, max-video-preview:-1\" \/>\n<link rel=\"canonical\" href=\"https:\/\/www.istitutogalanteoliva.it\/magazine\/2024\/02\/08\/doc-confermato-per-una-quarta-stagione-luca-argentero-tornera-nel-ruolo-di-andrea-fanti\/\" \/>\n<meta property=\"og:locale\" content=\"it_IT\" \/>\n<meta property=\"og:type\" content=\"article\" \/>\n<meta property=\"og:title\" content=\"Doc confermato per una quarta stagione: Luca Argentero torner\u00e0 nel ruolo di Andrea Fanti - Polis SA Magazine\" \/>\n<meta property=\"og:description\" content=\"Maria Pia Ammirati annuncia il ritorno del gioiello italiano adattato da Sony negli USA, dissipando ogni dubbio sulla presenza dell&#039;attore principale\" \/>\n<meta property=\"og:url\" content=\"https:\/\/www.istitutogalanteoliva.it\/magazine\/2024\/02\/08\/doc-confermato-per-una-quarta-stagione-luca-argentero-tornera-nel-ruolo-di-andrea-fanti\/\" \/>\n<meta property=\"og:site_name\" content=\"Polis SA Magazine\" \/>\n<meta property=\"article:publisher\" content=\"https:\/\/www.facebook.com\/PolisSAMagazine\/\" \/>\n<meta property=\"article:published_time\" content=\"2024-02-08T07:00:00+00:00\" \/>\n<meta property=\"article:modified_time\" content=\"2024-02-07T07:37:48+00:00\" \/>\n<meta property=\"og:image\" content=\"https:\/\/www.istitutogalanteoliva.it\/magazine\/wp-content\/uploads\/2024\/02\/doc.jpg\" \/>\n\t<meta property=\"og:image:width\" content=\"700\" \/>\n\t<meta property=\"og:image:height\" content=\"380\" \/>\n\t<meta property=\"og:image:type\" content=\"image\/jpeg\" \/>\n<meta name=\"author\" content=\"Antonello Rivano\" \/>\n<meta name=\"twitter:card\" content=\"summary_large_image\" \/>\n<meta name=\"twitter:creator\" content=\"@MagazinePolis\" \/>\n<meta name=\"twitter:site\" content=\"@MagazinePolis\" \/>\n<meta name=\"twitter:label1\" content=\"Scritto da\" \/>\n\t<meta name=\"twitter:data1\" content=\"Antonello Rivano\" \/>\n\t<meta name=\"twitter:label2\" content=\"Tempo di lettura stimato\" \/>\n\t<meta name=\"twitter:data2\" content=\"3 minuti\" \/>\n<script type=\"application\/ld+json\" class=\"yoast-schema-graph\">{\"@context\":\"https:\/\/schema.org\",\"@graph\":[{\"@type\":\"Article\",\"@id\":\"https:\/\/www.istitutogalanteoliva.it\/magazine\/2024\/02\/08\/doc-confermato-per-una-quarta-stagione-luca-argentero-tornera-nel-ruolo-di-andrea-fanti\/#article\",\"isPartOf\":{\"@id\":\"https:\/\/www.istitutogalanteoliva.it\/magazine\/2024\/02\/08\/doc-confermato-per-una-quarta-stagione-luca-argentero-tornera-nel-ruolo-di-andrea-fanti\/\"},\"author\":{\"name\":\"Antonello Rivano\",\"@id\":\"https:\/\/www.istitutogalanteoliva.it\/magazine\/#\/schema\/person\/d8b8aa79cfe8babc1df9da3212a7c0c4\"},\"headline\":\"Doc confermato per una quarta stagione: Luca Argentero torner\u00e0 nel ruolo di Andrea Fanti\",\"datePublished\":\"2024-02-08T07:00:00+00:00\",\"dateModified\":\"2024-02-07T07:37:48+00:00\",\"mainEntityOfPage\":{\"@id\":\"https:\/\/www.istitutogalanteoliva.it\/magazine\/2024\/02\/08\/doc-confermato-per-una-quarta-stagione-luca-argentero-tornera-nel-ruolo-di-andrea-fanti\/\"},\"wordCount\":338,\"publisher\":{\"@id\":\"https:\/\/www.istitutogalanteoliva.it\/magazine\/#organization\"},\"image\":{\"@id\":\"https:\/\/www.istitutogalanteoliva.it\/magazine\/2024\/02\/08\/doc-confermato-per-una-quarta-stagione-luca-argentero-tornera-nel-ruolo-di-andrea-fanti\/#primaryimage\"},\"thumbnailUrl\":\"https:\/\/www.istitutogalanteoliva.it\/magazine\/wp-content\/uploads\/2024\/02\/doc.jpg\",\"keywords\":[\"Doc nelle tue mani\",\"RAI1\",\"Serie Tv\"],\"articleSection\":[\"2024\",\"Tv e Dintorni\"],\"inLanguage\":\"it-IT\"},{\"@type\":\"WebPage\",\"@id\":\"https:\/\/www.istitutogalanteoliva.it\/magazine\/2024\/02\/08\/doc-confermato-per-una-quarta-stagione-luca-argentero-tornera-nel-ruolo-di-andrea-fanti\/\",\"url\":\"https:\/\/www.istitutogalanteoliva.it\/magazine\/2024\/02\/08\/doc-confermato-per-una-quarta-stagione-luca-argentero-tornera-nel-ruolo-di-andrea-fanti\/\",\"name\":\"Doc confermato per una quarta stagione: Luca Argentero torner\u00e0 nel ruolo di Andrea Fanti - Polis SA Magazine\",\"isPartOf\":{\"@id\":\"https:\/\/www.istitutogalanteoliva.it\/magazine\/#website\"},\"primaryImageOfPage\":{\"@id\":\"https:\/\/www.istitutogalanteoliva.it\/magazine\/2024\/02\/08\/doc-confermato-per-una-quarta-stagione-luca-argentero-tornera-nel-ruolo-di-andrea-fanti\/#primaryimage\"},\"image\":{\"@id\":\"https:\/\/www.istitutogalanteoliva.it\/magazine\/2024\/02\/08\/doc-confermato-per-una-quarta-stagione-luca-argentero-tornera-nel-ruolo-di-andrea-fanti\/#primaryimage\"},\"thumbnailUrl\":\"https:\/\/www.istitutogalanteoliva.it\/magazine\/wp-content\/uploads\/2024\/02\/doc.jpg\",\"datePublished\":\"2024-02-08T07:00:00+00:00\",\"dateModified\":\"2024-02-07T07:37:48+00:00\",\"breadcrumb\":{\"@id\":\"https:\/\/www.istitutogalanteoliva.it\/magazine\/2024\/02\/08\/doc-confermato-per-una-quarta-stagione-luca-argentero-tornera-nel-ruolo-di-andrea-fanti\/#breadcrumb\"},\"inLanguage\":\"it-IT\",\"potentialAction\":[{\"@type\":\"ReadAction\",\"target\":[\"https:\/\/www.istitutogalanteoliva.it\/magazine\/2024\/02\/08\/doc-confermato-per-una-quarta-stagione-luca-argentero-tornera-nel-ruolo-di-andrea-fanti\/\"]}]},{\"@type\":\"ImageObject\",\"inLanguage\":\"it-IT\",\"@id\":\"https:\/\/www.istitutogalanteoliva.it\/magazine\/2024\/02\/08\/doc-confermato-per-una-quarta-stagione-luca-argentero-tornera-nel-ruolo-di-andrea-fanti\/#primaryimage\",\"url\":\"https:\/\/www.istitutogalanteoliva.it\/magazine\/wp-content\/uploads\/2024\/02\/doc.jpg\",\"contentUrl\":\"https:\/\/www.istitutogalanteoliva.it\/magazine\/wp-content\/uploads\/2024\/02\/doc.jpg\",\"width\":700,\"height\":380},{\"@type\":\"BreadcrumbList\",\"@id\":\"https:\/\/www.istitutogalanteoliva.it\/magazine\/2024\/02\/08\/doc-confermato-per-una-quarta-stagione-luca-argentero-tornera-nel-ruolo-di-andrea-fanti\/#breadcrumb\",\"itemListElement\":[{\"@type\":\"ListItem\",\"position\":1,\"name\":\"Home\",\"item\":\"https:\/\/www.istitutogalanteoliva.it\/magazine\/\"},{\"@type\":\"ListItem\",\"position\":2,\"name\":\"Doc confermato per una quarta stagione: Luca Argentero torner\u00e0 nel ruolo di Andrea Fanti\"}]},{\"@type\":\"WebSite\",\"@id\":\"https:\/\/www.istitutogalanteoliva.it\/magazine\/#website\",\"url\":\"https:\/\/www.istitutogalanteoliva.it\/magazine\/\",\"name\":\"POLIS SA MAGAZINE\",\"description\":\"Informazione e approfondimenti\",\"publisher\":{\"@id\":\"https:\/\/www.istitutogalanteoliva.it\/magazine\/#organization\"},\"potentialAction\":[{\"@type\":\"SearchAction\",\"target\":{\"@type\":\"EntryPoint\",\"urlTemplate\":\"https:\/\/www.istitutogalanteoliva.it\/magazine\/?s={search_term_string}\"},\"query-input\":{\"@type\":\"PropertyValueSpecification\",\"valueRequired\":true,\"valueName\":\"search_term_string\"}}],\"inLanguage\":\"it-IT\"},{\"@type\":\"Organization\",\"@id\":\"https:\/\/www.istitutogalanteoliva.it\/magazine\/#organization\",\"name\":\"Polis SA Magazine\",\"url\":\"https:\/\/www.istitutogalanteoliva.it\/magazine\/\",\"logo\":{\"@type\":\"ImageObject\",\"inLanguage\":\"it-IT\",\"@id\":\"https:\/\/www.istitutogalanteoliva.it\/magazine\/#\/schema\/logo\/image\/\",\"url\":\"\",\"contentUrl\":\"\",\"caption\":\"Polis SA Magazine\"},\"image\":{\"@id\":\"https:\/\/www.istitutogalanteoliva.it\/magazine\/#\/schema\/logo\/image\/\"},\"sameAs\":[\"https:\/\/www.facebook.com\/PolisSAMagazine\/\",\"https:\/\/x.com\/MagazinePolis\",\"https:\/\/www.youtube.com\/channel\/UCv0Mr5AHKUmsc0sEEXkJrgw\"]},{\"@type\":\"Person\",\"@id\":\"https:\/\/www.istitutogalanteoliva.it\/magazine\/#\/schema\/person\/d8b8aa79cfe8babc1df9da3212a7c0c4\",\"name\":\"Antonello Rivano\",\"image\":{\"@type\":\"ImageObject\",\"inLanguage\":\"it-IT\",\"@id\":\"https:\/\/www.istitutogalanteoliva.it\/magazine\/#\/schema\/person\/image\/\",\"url\":\"https:\/\/secure.gravatar.com\/avatar\/517a9a6487a7a18ecc4ce6d2e57a8f40?s=96&d=mm&r=g\",\"contentUrl\":\"https:\/\/secure.gravatar.com\/avatar\/517a9a6487a7a18ecc4ce6d2e57a8f40?s=96&d=mm&r=g\",\"caption\":\"Antonello Rivano\"},\"url\":\"https:\/\/www.istitutogalanteoliva.it\/magazine\/author\/antonello\/\"}]}<\/script>\n<!-- \/ Yoast SEO plugin. -->","yoast_head_json":{"title":"Doc confermato per una quarta stagione: Luca Argentero torner\u00e0 nel ruolo di Andrea Fanti - Polis SA Magazine","robots":{"index":"index","follow":"follow","max-snippet":"max-snippet:-1","max-image-preview":"max-image-preview:large","max-video-preview":"max-video-preview:-1"},"canonical":"https:\/\/www.istitutogalanteoliva.it\/magazine\/2024\/02\/08\/doc-confermato-per-una-quarta-stagione-luca-argentero-tornera-nel-ruolo-di-andrea-fanti\/","og_locale":"it_IT","og_type":"article","og_title":"Doc confermato per una quarta stagione: Luca Argentero torner\u00e0 nel ruolo di Andrea Fanti - Polis SA Magazine","og_description":"Maria Pia Ammirati annuncia il ritorno del gioiello italiano adattato da Sony negli USA, dissipando ogni dubbio sulla presenza dell'attore principale","og_url":"https:\/\/www.istitutogalanteoliva.it\/magazine\/2024\/02\/08\/doc-confermato-per-una-quarta-stagione-luca-argentero-tornera-nel-ruolo-di-andrea-fanti\/","og_site_name":"Polis SA Magazine","article_publisher":"https:\/\/www.facebook.com\/PolisSAMagazine\/","article_published_time":"2024-02-08T07:00:00+00:00","article_modified_time":"2024-02-07T07:37:48+00:00","og_image":[{"width":700,"height":380,"url":"https:\/\/www.istitutogalanteoliva.it\/magazine\/wp-content\/uploads\/2024\/02\/doc.jpg","type":"image\/jpeg"}],"author":"Antonello Rivano","twitter_card":"summary_large_image","twitter_creator":"@MagazinePolis","twitter_site":"@MagazinePolis","twitter_misc":{"Scritto da":"Antonello Rivano","Tempo di lettura stimato":"3 minuti"},"schema":{"@context":"https:\/\/schema.org","@graph":[{"@type":"Article","@id":"https:\/\/www.istitutogalanteoliva.it\/magazine\/2024\/02\/08\/doc-confermato-per-una-quarta-stagione-luca-argentero-tornera-nel-ruolo-di-andrea-fanti\/#article","isPartOf":{"@id":"https:\/\/www.istitutogalanteoliva.it\/magazine\/2024\/02\/08\/doc-confermato-per-una-quarta-stagione-luca-argentero-tornera-nel-ruolo-di-andrea-fanti\/"},"author":{"name":"Antonello Rivano","@id":"https:\/\/www.istitutogalanteoliva.it\/magazine\/#\/schema\/person\/d8b8aa79cfe8babc1df9da3212a7c0c4"},"headline":"Doc confermato per una quarta stagione: Luca Argentero torner\u00e0 nel ruolo di Andrea Fanti","datePublished":"2024-02-08T07:00:00+00:00","dateModified":"2024-02-07T07:37:48+00:00","mainEntityOfPage":{"@id":"https:\/\/www.istitutogalanteoliva.it\/magazine\/2024\/02\/08\/doc-confermato-per-una-quarta-stagione-luca-argentero-tornera-nel-ruolo-di-andrea-fanti\/"},"wordCount":338,"publisher":{"@id":"https:\/\/www.istitutogalanteoliva.it\/magazine\/#organization"},"image":{"@id":"https:\/\/www.istitutogalanteoliva.it\/magazine\/2024\/02\/08\/doc-confermato-per-una-quarta-stagione-luca-argentero-tornera-nel-ruolo-di-andrea-fanti\/#primaryimage"},"thumbnailUrl":"https:\/\/www.istitutogalanteoliva.it\/magazine\/wp-content\/uploads\/2024\/02\/doc.jpg","keywords":["Doc nelle tue mani","RAI1","Serie Tv"],"articleSection":["2024","Tv e Dintorni"],"inLanguage":"it-IT"},{"@type":"WebPage","@id":"https:\/\/www.istitutogalanteoliva.it\/magazine\/2024\/02\/08\/doc-confermato-per-una-quarta-stagione-luca-argentero-tornera-nel-ruolo-di-andrea-fanti\/","url":"https:\/\/www.istitutogalanteoliva.it\/magazine\/2024\/02\/08\/doc-confermato-per-una-quarta-stagione-luca-argentero-tornera-nel-ruolo-di-andrea-fanti\/","name":"Doc confermato per una quarta stagione: Luca Argentero torner\u00e0 nel ruolo di Andrea Fanti - Polis SA Magazine","isPartOf":{"@id":"https:\/\/www.istitutogalanteoliva.it\/magazine\/#website"},"primaryImageOfPage":{"@id":"https:\/\/www.istitutogalanteoliva.it\/magazine\/2024\/02\/08\/doc-confermato-per-una-quarta-stagione-luca-argentero-tornera-nel-ruolo-di-andrea-fanti\/#primaryimage"},"image":{"@id":"https:\/\/www.istitutogalanteoliva.it\/magazine\/2024\/02\/08\/doc-confermato-per-una-quarta-stagione-luca-argentero-tornera-nel-ruolo-di-andrea-fanti\/#primaryimage"},"thumbnailUrl":"https:\/\/www.istitutogalanteoliva.it\/magazine\/wp-content\/uploads\/2024\/02\/doc.jpg","datePublished":"2024-02-08T07:00:00+00:00","dateModified":"2024-02-07T07:37:48+00:00","breadcrumb":{"@id":"https:\/\/www.istitutogalanteoliva.it\/magazine\/2024\/02\/08\/doc-confermato-per-una-quarta-stagione-luca-argentero-tornera-nel-ruolo-di-andrea-fanti\/#breadcrumb"},"inLanguage":"it-IT","potentialAction":[{"@type":"ReadAction","target":["https:\/\/www.istitutogalanteoliva.it\/magazine\/2024\/02\/08\/doc-confermato-per-una-quarta-stagione-luca-argentero-tornera-nel-ruolo-di-andrea-fanti\/"]}]},{"@type":"ImageObject","inLanguage":"it-IT","@id":"https:\/\/www.istitutogalanteoliva.it\/magazine\/2024\/02\/08\/doc-confermato-per-una-quarta-stagione-luca-argentero-tornera-nel-ruolo-di-andrea-fanti\/#primaryimage","url":"https:\/\/www.istitutogalanteoliva.it\/magazine\/wp-content\/uploads\/2024\/02\/doc.jpg","contentUrl":"https:\/\/www.istitutogalanteoliva.it\/magazine\/wp-content\/uploads\/2024\/02\/doc.jpg","width":700,"height":380},{"@type":"BreadcrumbList","@id":"https:\/\/www.istitutogalanteoliva.it\/magazine\/2024\/02\/08\/doc-confermato-per-una-quarta-stagione-luca-argentero-tornera-nel-ruolo-di-andrea-fanti\/#breadcrumb","itemListElement":[{"@type":"ListItem","position":1,"name":"Home","item":"https:\/\/www.istitutogalanteoliva.it\/magazine\/"},{"@type":"ListItem","position":2,"name":"Doc confermato per una quarta stagione: Luca Argentero torner\u00e0 nel ruolo di Andrea Fanti"}]},{"@type":"WebSite","@id":"https:\/\/www.istitutogalanteoliva.it\/magazine\/#website","url":"https:\/\/www.istitutogalanteoliva.it\/magazine\/","name":"POLIS SA MAGAZINE","description":"Informazione e approfondimenti","publisher":{"@id":"https:\/\/www.istitutogalanteoliva.it\/magazine\/#organization"},"potentialAction":[{"@type":"SearchAction","target":{"@type":"EntryPoint","urlTemplate":"https:\/\/www.istitutogalanteoliva.it\/magazine\/?s={search_term_string}"},"query-input":{"@type":"PropertyValueSpecification","valueRequired":true,"valueName":"search_term_string"}}],"inLanguage":"it-IT"},{"@type":"Organization","@id":"https:\/\/www.istitutogalanteoliva.it\/magazine\/#organization","name":"Polis SA Magazine","url":"https:\/\/www.istitutogalanteoliva.it\/magazine\/","logo":{"@type":"ImageObject","inLanguage":"it-IT","@id":"https:\/\/www.istitutogalanteoliva.it\/magazine\/#\/schema\/logo\/image\/","url":"","contentUrl":"","caption":"Polis SA Magazine"},"image":{"@id":"https:\/\/www.istitutogalanteoliva.it\/magazine\/#\/schema\/logo\/image\/"},"sameAs":["https:\/\/www.facebook.com\/PolisSAMagazine\/","https:\/\/x.com\/MagazinePolis","https:\/\/www.youtube.com\/channel\/UCv0Mr5AHKUmsc0sEEXkJrgw"]},{"@type":"Person","@id":"https:\/\/www.istitutogalanteoliva.it\/magazine\/#\/schema\/person\/d8b8aa79cfe8babc1df9da3212a7c0c4","name":"Antonello Rivano","image":{"@type":"ImageObject","inLanguage":"it-IT","@id":"https:\/\/www.istitutogalanteoliva.it\/magazine\/#\/schema\/person\/image\/","url":"https:\/\/secure.gravatar.com\/avatar\/517a9a6487a7a18ecc4ce6d2e57a8f40?s=96&d=mm&r=g","contentUrl":"https:\/\/secure.gravatar.com\/avatar\/517a9a6487a7a18ecc4ce6d2e57a8f40?s=96&d=mm&r=g","caption":"Antonello Rivano"},"url":"https:\/\/www.istitutogalanteoliva.it\/magazine\/author\/antonello\/"}]}},"_links":{"self":[{"href":"https:\/\/www.istitutogalanteoliva.it\/magazine\/wp-json\/wp\/v2\/posts\/14372","targetHints":{"allow":["GET"]}}],"collection":[{"href":"https:\/\/www.istitutogalanteoliva.it\/magazine\/wp-json\/wp\/v2\/posts"}],"about":[{"href":"https:\/\/www.istitutogalanteoliva.it\/magazine\/wp-json\/wp\/v2\/types\/post"}],"author":[{"embeddable":true,"href":"https:\/\/www.istitutogalanteoliva.it\/magazine\/wp-json\/wp\/v2\/users\/2"}],"replies":[{"embeddable":true,"href":"https:\/\/www.istitutogalanteoliva.it\/magazine\/wp-json\/wp\/v2\/comments?post=14372"}],"version-history":[{"count":2,"href":"https:\/\/www.istitutogalanteoliva.it\/magazine\/wp-json\/wp\/v2\/posts\/14372\/revisions"}],"predecessor-version":[{"id":14378,"href":"https:\/\/www.istitutogalanteoliva.it\/magazine\/wp-json\/wp\/v2\/posts\/14372\/revisions\/14378"}],"wp:featuredmedia":[{"embeddable":true,"href":"https:\/\/www.istitutogalanteoliva.it\/magazine\/wp-json\/wp\/v2\/media\/14373"}],"wp:attachment":[{"href":"https:\/\/www.istitutogalanteoliva.it\/magazine\/wp-json\/wp\/v2\/media?parent=14372"}],"wp:term":[{"taxonomy":"category","embeddable":true,"href":"https:\/\/www.istitutogalanteoliva.it\/magazine\/wp-json\/wp\/v2\/categories?post=14372"},{"taxonomy":"post_tag","embeddable":true,"href":"https:\/\/www.istitutogalanteoliva.it\/magazine\/wp-json\/wp\/v2\/tags?post=14372"}],"curies":[{"name":"wp","href":"https:\/\/api.w.org\/{rel}","templated":true}]}}