{"id":14489,"date":"2024-03-02T14:00:00","date_gmt":"2024-03-02T13:00:00","guid":{"rendered":"https:\/\/www.istitutogalanteoliva.it\/magazine\/?p=14489"},"modified":"2024-03-02T16:03:27","modified_gmt":"2024-03-02T15:03:27","slug":"genova-la-rete-genovese-denuncia-progetti-urbani-controversi-e-chiede-maggiore-coinvolgimento-dei-cittadini","status":"publish","type":"post","link":"https:\/\/www.istitutogalanteoliva.it\/magazine\/2024\/03\/02\/genova-la-rete-genovese-denuncia-progetti-urbani-controversi-e-chiede-maggiore-coinvolgimento-dei-cittadini\/","title":{"rendered":"Genova. La Rete Genovese denuncia progetti urbani controversi e chiede maggiore coinvolgimento dei cittadini"},"content":{"rendered":"\n<p>REDAZIONE LIGURIA <\/p>\n\n\n\n<p>Venerd\u00ec 1 marzo, durante l&#8217;evento &#8220;<strong>Le politiche energetiche dell\u2019Unione Europea e l\u2019applicazione pratica sul territorio<\/strong>&#8221; tenutosi ai Magazzini del Cotone al Porto Antico, <strong>La Rete Genovese<\/strong> ha espresso profonda insoddisfazione riguardo ai progetti implementati dall&#8217;amministrazione locale. In un comunicato diramato nella serata dello stesso giorno \u00e8 stata sottolineata la mancanza di un reale coinvolgimento dei cittadini nelle decisioni, definendo i progetti &#8220;<em>faraonici<\/em>&#8221; e &#8220;&#8221; senza una consultazione adeguata.<\/p>\n\n\n\n<p>In merito ai progetti urbanistici, la Rete Genovese afferma: <em>&#8220;progetti calati dall\u2019alto da questa amministrazione, sostenendo ancora una volta che sono imposti senza alcun percorso partecipativo e condivisione con i cittadini.&#8221;<\/em> Si evidenzia inoltre una forte preoccupazione per l&#8217;impatto ambientale e sulla salute pubblica dei progetti proposti. Secondo il comunicato, tali progetti potrebbero produrre <em>&#8220;milioni di tonnellate di CO2&#8221;<\/em> e avere un impatto significativo, come riscontrato nella situazione attuale della Val Pocevera.<\/p>\n\n\n\n<p>Il comunicato solleva inoltre dubbi riguardo ai progetti specifici menzionati. Riguardo allo Skymetro, si afferma che la prevista installazione di circa 250 piloni potrebbe deturpare irrimediabilmente la Val Bisagno, definendo tale impatto una <em>&#8220;valanga di cemento&#8221;<\/em>. Viene contestato anche l&#8217;utilit\u00e0 di un secondo tempio crematorio, definito un progetto che si vuole realizzare esclusivamente per fini economici, a discapito della salute dei cittadini.<\/p>\n\n\n\n<p>Tra le critiche sollevate, vi \u00e8 anche il progetto della funivia, considerato <em>&#8220;assurdo&#8221;<\/em> e pensato esclusivamente per i crocieristi, senza alcun beneficio per il quartiere del Lagaccio. Il comunicato sottolinea anche l&#8217;elevata presenza di inquinamento atmosferico dovuta alla vicinanza del porto e dei cantieri navali ai centri abitati, e critica l&#8217;assenza di una politica del verde adeguata che sacrifica continuamente gli alberi a favore del cemento.<\/p>\n\n\n\n<p>L&#8217;assessore Campora, presente all&#8217;evento, \u00e8 stato oggetto di critiche riguardo alla sua difesa dei progetti dell&#8217;amministrazione, sostenendo che fossero gi\u00e0 inclusi nel programma elettorale. Tuttavia, la Rete Genovese sottolinea che ci\u00f2 contraddice le promesse del sindaco Bucci di essere <em>&#8220;il sindaco di tutti&#8221;<\/em>, compresi coloro che non lo avevano votato, e che i fondi utilizzati per questi progetti sono pubblici, quindi appartenenti a tutti i cittadini, indipendentemente dalla loro preferenza politica.<\/p>\n\n\n\n<p>La Rete Genovese chiede trasparenza e coinvolgimento: <em>&#8220;L&#8217;assessore oggi ha detto che ci consegneranno una citt\u00e0 diversa ma ci\u00f2 non vuol dire che sar\u00e0 una citt\u00e0 migliore.&#8221;<\/em> La visione della Rete Genovese \u00e8 per una citt\u00e0 <em>&#8220;finalmente vivibile&#8221;<\/em>, basata sul rispetto dell&#8217;ambiente, della vita e della salute dei cittadini, e richiede un modello democratico e partecipato di gestione del territorio.<\/p>\n\n\n\n<p>Infine, si chiude con un appello per una gestione pi\u00f9 responsabile e inclusiva.<\/p>\n\n\n\n<p><em>&#8220;La Rete Genovese vuole invece una citt\u00e0 finalmente vivibile, nel rispetto dell\u2019ambiente, della vita e della salute dei cittadini, realizzata attraverso un modello democratico e partecipato di gestione del territorio.&#8221;<\/em><\/p>\n\n\n\n<p>La Rete Genovese solleva gravi critiche nei confronti della gestione urbana di Genova, evidenziando lacune nelle politiche e nei progetti attuati dall&#8217;amministrazione locale. \u00c8 evidente la necessit\u00e0 di un maggiore coinvolgimento dei cittadini nelle decisioni che riguardano il futuro della citt\u00e0, al fine di garantire una crescita sostenibile e rispettosa dell&#8217;ambiente e della salute pubblica.<\/p>\n\n\n\n<div class=\"wp-block-file has-white-background-color has-background\"><a id=\"wp-block-file--media-17a4df09-b8f7-48c4-8b51-6b75738154c2\" href=\"https:\/\/www.istitutogalanteoliva.it\/magazine\/wp-content\/uploads\/2024\/03\/LA-RETE-GENOVESE.pdf\">LA-RETE-GENOVESE [Clicca per vedere tutte le associazioni, gruppi e comitati che la compongono] <\/a><\/div>\n\n\n\n<p class=\"has-text-align-left\"><img loading=\"lazy\" decoding=\"async\" width=\"80\" height=\"80\" class=\"wp-image-15584\" style=\"width: 80px;\" src=\"https:\/\/www.istitutogalanteoliva.it\/magazine\/wp-content\/uploads\/2024\/08\/anto.png\" alt=\"\" srcset=\"https:\/\/www.istitutogalanteoliva.it\/magazine\/wp-content\/uploads\/2024\/08\/anto.png 247w, https:\/\/www.istitutogalanteoliva.it\/magazine\/wp-content\/uploads\/2024\/08\/anto-150x150.png 150w\" sizes=\"auto, (max-width: 80px) 100vw, 80px\" \/><em><mark style=\"background-color:rgba(0, 0, 0, 0)\" class=\"has-inline-color has-black-color\"><strong><a href=\"https:\/\/www.istitutogalanteoliva\/antonello-rivano-2\/\">Antonello Rivano<\/a><\/strong><\/mark><\/em><br><sup><strong>Direttore di redazione\/coordinatore nazionale<\/strong> <strong><em>Polis SA Magazine<\/em><\/strong><\/sup><br><\/p>\n<div class=\"pdfprnt-buttons pdfprnt-buttons-post pdfprnt-bottom-left\"><a href=\"https:\/\/www.istitutogalanteoliva.it\/magazine\/wp-json\/wp\/v2\/posts\/14489?print=print\" class=\"pdfprnt-button pdfprnt-button-print\" target=\"_blank\"><img decoding=\"async\" src=\"https:\/\/www.istitutogalanteoliva.it\/magazine\/wp-content\/plugins\/pdf-print\/images\/print.png\" alt=\"image_print\" title=\"Stampa contenuto\" \/><span class=\"pdfprnt-button-title pdfprnt-button-print-title\">Download in PDF<\/span><\/a><\/div>","protected":false},"excerpt":{"rendered":"<p>Il comunicato dopo l&#8217;intervento a &#8216;Le politiche energetiche dell\u2019Unione Europea e l\u2019applicazione pratica sul territorio&#8217; <\/p>\n","protected":false},"author":2,"featured_media":14491,"comment_status":"closed","ping_status":"open","sticky":true,"template":"","format":"standard","meta":{"footnotes":""},"categories":[872,254,207],"tags":[350,247,968,972],"class_list":["post-14489","post","type-post","status-publish","format-standard","has-post-thumbnail","hentry","category-872","category-attualita","category-liguria","tag-ambiente","tag-genova","tag-la-rete-genovese","tag-urbanistica"],"yoast_head":"<!-- This site is optimized with the Yoast SEO plugin v24.2 - https:\/\/yoast.com\/wordpress\/plugins\/seo\/ -->\n<title>Genova. La Rete Genovese denuncia progetti urbani controversi e chiede maggiore coinvolgimento dei cittadini - Polis SA Magazine<\/title>\n<meta name=\"robots\" content=\"index, follow, max-snippet:-1, max-image-preview:large, max-video-preview:-1\" \/>\n<link rel=\"canonical\" href=\"https:\/\/www.istitutogalanteoliva.it\/magazine\/2024\/03\/02\/genova-la-rete-genovese-denuncia-progetti-urbani-controversi-e-chiede-maggiore-coinvolgimento-dei-cittadini\/\" \/>\n<meta property=\"og:locale\" content=\"it_IT\" \/>\n<meta property=\"og:type\" content=\"article\" \/>\n<meta property=\"og:title\" content=\"Genova. La Rete Genovese denuncia progetti urbani controversi e chiede maggiore coinvolgimento dei cittadini - Polis SA Magazine\" \/>\n<meta property=\"og:description\" content=\"Il comunicato dopo l&#039;intervento a &#039;Le politiche energetiche dell\u2019Unione Europea e l\u2019applicazione pratica sul territorio&#039;\" \/>\n<meta property=\"og:url\" content=\"https:\/\/www.istitutogalanteoliva.it\/magazine\/2024\/03\/02\/genova-la-rete-genovese-denuncia-progetti-urbani-controversi-e-chiede-maggiore-coinvolgimento-dei-cittadini\/\" \/>\n<meta property=\"og:site_name\" content=\"Polis SA Magazine\" \/>\n<meta property=\"article:publisher\" content=\"https:\/\/www.facebook.com\/PolisSAMagazine\/\" \/>\n<meta property=\"article:published_time\" content=\"2024-03-02T13:00:00+00:00\" \/>\n<meta property=\"article:modified_time\" content=\"2024-03-02T15:03:27+00:00\" \/>\n<meta property=\"og:image\" content=\"https:\/\/www.istitutogalanteoliva.it\/magazine\/wp-content\/uploads\/2024\/03\/genoa-4948029_1280-1.jpg\" \/>\n\t<meta property=\"og:image:width\" content=\"700\" \/>\n\t<meta property=\"og:image:height\" content=\"380\" \/>\n\t<meta property=\"og:image:type\" content=\"image\/jpeg\" \/>\n<meta name=\"author\" content=\"Antonello Rivano\" \/>\n<meta name=\"twitter:card\" content=\"summary_large_image\" \/>\n<meta name=\"twitter:creator\" content=\"@MagazinePolis\" \/>\n<meta name=\"twitter:site\" content=\"@MagazinePolis\" \/>\n<meta name=\"twitter:label1\" content=\"Scritto da\" \/>\n\t<meta name=\"twitter:data1\" content=\"Antonello Rivano\" \/>\n\t<meta name=\"twitter:label2\" content=\"Tempo di lettura stimato\" \/>\n\t<meta name=\"twitter:data2\" content=\"3 minuti\" \/>\n<script type=\"application\/ld+json\" class=\"yoast-schema-graph\">{\"@context\":\"https:\/\/schema.org\",\"@graph\":[{\"@type\":\"Article\",\"@id\":\"https:\/\/www.istitutogalanteoliva.it\/magazine\/2024\/03\/02\/genova-la-rete-genovese-denuncia-progetti-urbani-controversi-e-chiede-maggiore-coinvolgimento-dei-cittadini\/#article\",\"isPartOf\":{\"@id\":\"https:\/\/www.istitutogalanteoliva.it\/magazine\/2024\/03\/02\/genova-la-rete-genovese-denuncia-progetti-urbani-controversi-e-chiede-maggiore-coinvolgimento-dei-cittadini\/\"},\"author\":{\"name\":\"Antonello Rivano\",\"@id\":\"https:\/\/www.istitutogalanteoliva.it\/magazine\/#\/schema\/person\/d8b8aa79cfe8babc1df9da3212a7c0c4\"},\"headline\":\"Genova. La Rete Genovese denuncia progetti urbani controversi e chiede maggiore coinvolgimento dei cittadini\",\"datePublished\":\"2024-03-02T13:00:00+00:00\",\"dateModified\":\"2024-03-02T15:03:27+00:00\",\"mainEntityOfPage\":{\"@id\":\"https:\/\/www.istitutogalanteoliva.it\/magazine\/2024\/03\/02\/genova-la-rete-genovese-denuncia-progetti-urbani-controversi-e-chiede-maggiore-coinvolgimento-dei-cittadini\/\"},\"wordCount\":522,\"publisher\":{\"@id\":\"https:\/\/www.istitutogalanteoliva.it\/magazine\/#organization\"},\"image\":{\"@id\":\"https:\/\/www.istitutogalanteoliva.it\/magazine\/2024\/03\/02\/genova-la-rete-genovese-denuncia-progetti-urbani-controversi-e-chiede-maggiore-coinvolgimento-dei-cittadini\/#primaryimage\"},\"thumbnailUrl\":\"https:\/\/www.istitutogalanteoliva.it\/magazine\/wp-content\/uploads\/2024\/03\/genoa-4948029_1280-1.jpg\",\"keywords\":[\"ambiente\",\"genova\",\"La Rete Genovese\",\"Urbanistica\"],\"articleSection\":[\"2024\",\"Attualit\u00e0\",\"Liguria\"],\"inLanguage\":\"it-IT\"},{\"@type\":\"WebPage\",\"@id\":\"https:\/\/www.istitutogalanteoliva.it\/magazine\/2024\/03\/02\/genova-la-rete-genovese-denuncia-progetti-urbani-controversi-e-chiede-maggiore-coinvolgimento-dei-cittadini\/\",\"url\":\"https:\/\/www.istitutogalanteoliva.it\/magazine\/2024\/03\/02\/genova-la-rete-genovese-denuncia-progetti-urbani-controversi-e-chiede-maggiore-coinvolgimento-dei-cittadini\/\",\"name\":\"Genova. La Rete Genovese denuncia progetti urbani controversi e chiede maggiore coinvolgimento dei cittadini - Polis SA Magazine\",\"isPartOf\":{\"@id\":\"https:\/\/www.istitutogalanteoliva.it\/magazine\/#website\"},\"primaryImageOfPage\":{\"@id\":\"https:\/\/www.istitutogalanteoliva.it\/magazine\/2024\/03\/02\/genova-la-rete-genovese-denuncia-progetti-urbani-controversi-e-chiede-maggiore-coinvolgimento-dei-cittadini\/#primaryimage\"},\"image\":{\"@id\":\"https:\/\/www.istitutogalanteoliva.it\/magazine\/2024\/03\/02\/genova-la-rete-genovese-denuncia-progetti-urbani-controversi-e-chiede-maggiore-coinvolgimento-dei-cittadini\/#primaryimage\"},\"thumbnailUrl\":\"https:\/\/www.istitutogalanteoliva.it\/magazine\/wp-content\/uploads\/2024\/03\/genoa-4948029_1280-1.jpg\",\"datePublished\":\"2024-03-02T13:00:00+00:00\",\"dateModified\":\"2024-03-02T15:03:27+00:00\",\"breadcrumb\":{\"@id\":\"https:\/\/www.istitutogalanteoliva.it\/magazine\/2024\/03\/02\/genova-la-rete-genovese-denuncia-progetti-urbani-controversi-e-chiede-maggiore-coinvolgimento-dei-cittadini\/#breadcrumb\"},\"inLanguage\":\"it-IT\",\"potentialAction\":[{\"@type\":\"ReadAction\",\"target\":[\"https:\/\/www.istitutogalanteoliva.it\/magazine\/2024\/03\/02\/genova-la-rete-genovese-denuncia-progetti-urbani-controversi-e-chiede-maggiore-coinvolgimento-dei-cittadini\/\"]}]},{\"@type\":\"ImageObject\",\"inLanguage\":\"it-IT\",\"@id\":\"https:\/\/www.istitutogalanteoliva.it\/magazine\/2024\/03\/02\/genova-la-rete-genovese-denuncia-progetti-urbani-controversi-e-chiede-maggiore-coinvolgimento-dei-cittadini\/#primaryimage\",\"url\":\"https:\/\/www.istitutogalanteoliva.it\/magazine\/wp-content\/uploads\/2024\/03\/genoa-4948029_1280-1.jpg\",\"contentUrl\":\"https:\/\/www.istitutogalanteoliva.it\/magazine\/wp-content\/uploads\/2024\/03\/genoa-4948029_1280-1.jpg\",\"width\":700,\"height\":380},{\"@type\":\"BreadcrumbList\",\"@id\":\"https:\/\/www.istitutogalanteoliva.it\/magazine\/2024\/03\/02\/genova-la-rete-genovese-denuncia-progetti-urbani-controversi-e-chiede-maggiore-coinvolgimento-dei-cittadini\/#breadcrumb\",\"itemListElement\":[{\"@type\":\"ListItem\",\"position\":1,\"name\":\"Home\",\"item\":\"https:\/\/www.istitutogalanteoliva.it\/magazine\/\"},{\"@type\":\"ListItem\",\"position\":2,\"name\":\"Genova. La Rete Genovese denuncia progetti urbani controversi e chiede maggiore coinvolgimento dei cittadini\"}]},{\"@type\":\"WebSite\",\"@id\":\"https:\/\/www.istitutogalanteoliva.it\/magazine\/#website\",\"url\":\"https:\/\/www.istitutogalanteoliva.it\/magazine\/\",\"name\":\"POLIS SA MAGAZINE\",\"description\":\"Informazione e approfondimenti\",\"publisher\":{\"@id\":\"https:\/\/www.istitutogalanteoliva.it\/magazine\/#organization\"},\"potentialAction\":[{\"@type\":\"SearchAction\",\"target\":{\"@type\":\"EntryPoint\",\"urlTemplate\":\"https:\/\/www.istitutogalanteoliva.it\/magazine\/?s={search_term_string}\"},\"query-input\":{\"@type\":\"PropertyValueSpecification\",\"valueRequired\":true,\"valueName\":\"search_term_string\"}}],\"inLanguage\":\"it-IT\"},{\"@type\":\"Organization\",\"@id\":\"https:\/\/www.istitutogalanteoliva.it\/magazine\/#organization\",\"name\":\"Polis SA Magazine\",\"url\":\"https:\/\/www.istitutogalanteoliva.it\/magazine\/\",\"logo\":{\"@type\":\"ImageObject\",\"inLanguage\":\"it-IT\",\"@id\":\"https:\/\/www.istitutogalanteoliva.it\/magazine\/#\/schema\/logo\/image\/\",\"url\":\"\",\"contentUrl\":\"\",\"caption\":\"Polis SA Magazine\"},\"image\":{\"@id\":\"https:\/\/www.istitutogalanteoliva.it\/magazine\/#\/schema\/logo\/image\/\"},\"sameAs\":[\"https:\/\/www.facebook.com\/PolisSAMagazine\/\",\"https:\/\/x.com\/MagazinePolis\",\"https:\/\/www.youtube.com\/channel\/UCv0Mr5AHKUmsc0sEEXkJrgw\"]},{\"@type\":\"Person\",\"@id\":\"https:\/\/www.istitutogalanteoliva.it\/magazine\/#\/schema\/person\/d8b8aa79cfe8babc1df9da3212a7c0c4\",\"name\":\"Antonello Rivano\",\"image\":{\"@type\":\"ImageObject\",\"inLanguage\":\"it-IT\",\"@id\":\"https:\/\/www.istitutogalanteoliva.it\/magazine\/#\/schema\/person\/image\/\",\"url\":\"https:\/\/secure.gravatar.com\/avatar\/517a9a6487a7a18ecc4ce6d2e57a8f40?s=96&d=mm&r=g\",\"contentUrl\":\"https:\/\/secure.gravatar.com\/avatar\/517a9a6487a7a18ecc4ce6d2e57a8f40?s=96&d=mm&r=g\",\"caption\":\"Antonello Rivano\"},\"url\":\"https:\/\/www.istitutogalanteoliva.it\/magazine\/author\/antonello\/\"}]}<\/script>\n<!-- \/ Yoast SEO plugin. -->","yoast_head_json":{"title":"Genova. La Rete Genovese denuncia progetti urbani controversi e chiede maggiore coinvolgimento dei cittadini - Polis SA Magazine","robots":{"index":"index","follow":"follow","max-snippet":"max-snippet:-1","max-image-preview":"max-image-preview:large","max-video-preview":"max-video-preview:-1"},"canonical":"https:\/\/www.istitutogalanteoliva.it\/magazine\/2024\/03\/02\/genova-la-rete-genovese-denuncia-progetti-urbani-controversi-e-chiede-maggiore-coinvolgimento-dei-cittadini\/","og_locale":"it_IT","og_type":"article","og_title":"Genova. La Rete Genovese denuncia progetti urbani controversi e chiede maggiore coinvolgimento dei cittadini - Polis SA Magazine","og_description":"Il comunicato dopo l'intervento a 'Le politiche energetiche dell\u2019Unione Europea e l\u2019applicazione pratica sul territorio'","og_url":"https:\/\/www.istitutogalanteoliva.it\/magazine\/2024\/03\/02\/genova-la-rete-genovese-denuncia-progetti-urbani-controversi-e-chiede-maggiore-coinvolgimento-dei-cittadini\/","og_site_name":"Polis SA Magazine","article_publisher":"https:\/\/www.facebook.com\/PolisSAMagazine\/","article_published_time":"2024-03-02T13:00:00+00:00","article_modified_time":"2024-03-02T15:03:27+00:00","og_image":[{"width":700,"height":380,"url":"https:\/\/www.istitutogalanteoliva.it\/magazine\/wp-content\/uploads\/2024\/03\/genoa-4948029_1280-1.jpg","type":"image\/jpeg"}],"author":"Antonello Rivano","twitter_card":"summary_large_image","twitter_creator":"@MagazinePolis","twitter_site":"@MagazinePolis","twitter_misc":{"Scritto da":"Antonello Rivano","Tempo di lettura stimato":"3 minuti"},"schema":{"@context":"https:\/\/schema.org","@graph":[{"@type":"Article","@id":"https:\/\/www.istitutogalanteoliva.it\/magazine\/2024\/03\/02\/genova-la-rete-genovese-denuncia-progetti-urbani-controversi-e-chiede-maggiore-coinvolgimento-dei-cittadini\/#article","isPartOf":{"@id":"https:\/\/www.istitutogalanteoliva.it\/magazine\/2024\/03\/02\/genova-la-rete-genovese-denuncia-progetti-urbani-controversi-e-chiede-maggiore-coinvolgimento-dei-cittadini\/"},"author":{"name":"Antonello Rivano","@id":"https:\/\/www.istitutogalanteoliva.it\/magazine\/#\/schema\/person\/d8b8aa79cfe8babc1df9da3212a7c0c4"},"headline":"Genova. La Rete Genovese denuncia progetti urbani controversi e chiede maggiore coinvolgimento dei cittadini","datePublished":"2024-03-02T13:00:00+00:00","dateModified":"2024-03-02T15:03:27+00:00","mainEntityOfPage":{"@id":"https:\/\/www.istitutogalanteoliva.it\/magazine\/2024\/03\/02\/genova-la-rete-genovese-denuncia-progetti-urbani-controversi-e-chiede-maggiore-coinvolgimento-dei-cittadini\/"},"wordCount":522,"publisher":{"@id":"https:\/\/www.istitutogalanteoliva.it\/magazine\/#organization"},"image":{"@id":"https:\/\/www.istitutogalanteoliva.it\/magazine\/2024\/03\/02\/genova-la-rete-genovese-denuncia-progetti-urbani-controversi-e-chiede-maggiore-coinvolgimento-dei-cittadini\/#primaryimage"},"thumbnailUrl":"https:\/\/www.istitutogalanteoliva.it\/magazine\/wp-content\/uploads\/2024\/03\/genoa-4948029_1280-1.jpg","keywords":["ambiente","genova","La Rete Genovese","Urbanistica"],"articleSection":["2024","Attualit\u00e0","Liguria"],"inLanguage":"it-IT"},{"@type":"WebPage","@id":"https:\/\/www.istitutogalanteoliva.it\/magazine\/2024\/03\/02\/genova-la-rete-genovese-denuncia-progetti-urbani-controversi-e-chiede-maggiore-coinvolgimento-dei-cittadini\/","url":"https:\/\/www.istitutogalanteoliva.it\/magazine\/2024\/03\/02\/genova-la-rete-genovese-denuncia-progetti-urbani-controversi-e-chiede-maggiore-coinvolgimento-dei-cittadini\/","name":"Genova. La Rete Genovese denuncia progetti urbani controversi e chiede maggiore coinvolgimento dei cittadini - Polis SA Magazine","isPartOf":{"@id":"https:\/\/www.istitutogalanteoliva.it\/magazine\/#website"},"primaryImageOfPage":{"@id":"https:\/\/www.istitutogalanteoliva.it\/magazine\/2024\/03\/02\/genova-la-rete-genovese-denuncia-progetti-urbani-controversi-e-chiede-maggiore-coinvolgimento-dei-cittadini\/#primaryimage"},"image":{"@id":"https:\/\/www.istitutogalanteoliva.it\/magazine\/2024\/03\/02\/genova-la-rete-genovese-denuncia-progetti-urbani-controversi-e-chiede-maggiore-coinvolgimento-dei-cittadini\/#primaryimage"},"thumbnailUrl":"https:\/\/www.istitutogalanteoliva.it\/magazine\/wp-content\/uploads\/2024\/03\/genoa-4948029_1280-1.jpg","datePublished":"2024-03-02T13:00:00+00:00","dateModified":"2024-03-02T15:03:27+00:00","breadcrumb":{"@id":"https:\/\/www.istitutogalanteoliva.it\/magazine\/2024\/03\/02\/genova-la-rete-genovese-denuncia-progetti-urbani-controversi-e-chiede-maggiore-coinvolgimento-dei-cittadini\/#breadcrumb"},"inLanguage":"it-IT","potentialAction":[{"@type":"ReadAction","target":["https:\/\/www.istitutogalanteoliva.it\/magazine\/2024\/03\/02\/genova-la-rete-genovese-denuncia-progetti-urbani-controversi-e-chiede-maggiore-coinvolgimento-dei-cittadini\/"]}]},{"@type":"ImageObject","inLanguage":"it-IT","@id":"https:\/\/www.istitutogalanteoliva.it\/magazine\/2024\/03\/02\/genova-la-rete-genovese-denuncia-progetti-urbani-controversi-e-chiede-maggiore-coinvolgimento-dei-cittadini\/#primaryimage","url":"https:\/\/www.istitutogalanteoliva.it\/magazine\/wp-content\/uploads\/2024\/03\/genoa-4948029_1280-1.jpg","contentUrl":"https:\/\/www.istitutogalanteoliva.it\/magazine\/wp-content\/uploads\/2024\/03\/genoa-4948029_1280-1.jpg","width":700,"height":380},{"@type":"BreadcrumbList","@id":"https:\/\/www.istitutogalanteoliva.it\/magazine\/2024\/03\/02\/genova-la-rete-genovese-denuncia-progetti-urbani-controversi-e-chiede-maggiore-coinvolgimento-dei-cittadini\/#breadcrumb","itemListElement":[{"@type":"ListItem","position":1,"name":"Home","item":"https:\/\/www.istitutogalanteoliva.it\/magazine\/"},{"@type":"ListItem","position":2,"name":"Genova. La Rete Genovese denuncia progetti urbani controversi e chiede maggiore coinvolgimento dei cittadini"}]},{"@type":"WebSite","@id":"https:\/\/www.istitutogalanteoliva.it\/magazine\/#website","url":"https:\/\/www.istitutogalanteoliva.it\/magazine\/","name":"POLIS SA MAGAZINE","description":"Informazione e approfondimenti","publisher":{"@id":"https:\/\/www.istitutogalanteoliva.it\/magazine\/#organization"},"potentialAction":[{"@type":"SearchAction","target":{"@type":"EntryPoint","urlTemplate":"https:\/\/www.istitutogalanteoliva.it\/magazine\/?s={search_term_string}"},"query-input":{"@type":"PropertyValueSpecification","valueRequired":true,"valueName":"search_term_string"}}],"inLanguage":"it-IT"},{"@type":"Organization","@id":"https:\/\/www.istitutogalanteoliva.it\/magazine\/#organization","name":"Polis SA Magazine","url":"https:\/\/www.istitutogalanteoliva.it\/magazine\/","logo":{"@type":"ImageObject","inLanguage":"it-IT","@id":"https:\/\/www.istitutogalanteoliva.it\/magazine\/#\/schema\/logo\/image\/","url":"","contentUrl":"","caption":"Polis SA Magazine"},"image":{"@id":"https:\/\/www.istitutogalanteoliva.it\/magazine\/#\/schema\/logo\/image\/"},"sameAs":["https:\/\/www.facebook.com\/PolisSAMagazine\/","https:\/\/x.com\/MagazinePolis","https:\/\/www.youtube.com\/channel\/UCv0Mr5AHKUmsc0sEEXkJrgw"]},{"@type":"Person","@id":"https:\/\/www.istitutogalanteoliva.it\/magazine\/#\/schema\/person\/d8b8aa79cfe8babc1df9da3212a7c0c4","name":"Antonello Rivano","image":{"@type":"ImageObject","inLanguage":"it-IT","@id":"https:\/\/www.istitutogalanteoliva.it\/magazine\/#\/schema\/person\/image\/","url":"https:\/\/secure.gravatar.com\/avatar\/517a9a6487a7a18ecc4ce6d2e57a8f40?s=96&d=mm&r=g","contentUrl":"https:\/\/secure.gravatar.com\/avatar\/517a9a6487a7a18ecc4ce6d2e57a8f40?s=96&d=mm&r=g","caption":"Antonello Rivano"},"url":"https:\/\/www.istitutogalanteoliva.it\/magazine\/author\/antonello\/"}]}},"_links":{"self":[{"href":"https:\/\/www.istitutogalanteoliva.it\/magazine\/wp-json\/wp\/v2\/posts\/14489","targetHints":{"allow":["GET"]}}],"collection":[{"href":"https:\/\/www.istitutogalanteoliva.it\/magazine\/wp-json\/wp\/v2\/posts"}],"about":[{"href":"https:\/\/www.istitutogalanteoliva.it\/magazine\/wp-json\/wp\/v2\/types\/post"}],"author":[{"embeddable":true,"href":"https:\/\/www.istitutogalanteoliva.it\/magazine\/wp-json\/wp\/v2\/users\/2"}],"replies":[{"embeddable":true,"href":"https:\/\/www.istitutogalanteoliva.it\/magazine\/wp-json\/wp\/v2\/comments?post=14489"}],"version-history":[{"count":5,"href":"https:\/\/www.istitutogalanteoliva.it\/magazine\/wp-json\/wp\/v2\/posts\/14489\/revisions"}],"predecessor-version":[{"id":14501,"href":"https:\/\/www.istitutogalanteoliva.it\/magazine\/wp-json\/wp\/v2\/posts\/14489\/revisions\/14501"}],"wp:featuredmedia":[{"embeddable":true,"href":"https:\/\/www.istitutogalanteoliva.it\/magazine\/wp-json\/wp\/v2\/media\/14491"}],"wp:attachment":[{"href":"https:\/\/www.istitutogalanteoliva.it\/magazine\/wp-json\/wp\/v2\/media?parent=14489"}],"wp:term":[{"taxonomy":"category","embeddable":true,"href":"https:\/\/www.istitutogalanteoliva.it\/magazine\/wp-json\/wp\/v2\/categories?post=14489"},{"taxonomy":"post_tag","embeddable":true,"href":"https:\/\/www.istitutogalanteoliva.it\/magazine\/wp-json\/wp\/v2\/tags?post=14489"}],"curies":[{"name":"wp","href":"https:\/\/api.w.org\/{rel}","templated":true}]}}