{"id":14898,"date":"2024-03-30T17:35:50","date_gmt":"2024-03-30T16:35:50","guid":{"rendered":"https:\/\/www.istitutogalanteoliva.it\/magazine\/?p=14898"},"modified":"2024-03-30T17:52:55","modified_gmt":"2024-03-30T16:52:55","slug":"pasqua-a-mercato-san-severino-sa-e-dintorni-tradizioni-fra-cibo-ed-eventi","status":"publish","type":"post","link":"https:\/\/www.istitutogalanteoliva.it\/magazine\/2024\/03\/30\/pasqua-a-mercato-san-severino-sa-e-dintorni-tradizioni-fra-cibo-ed-eventi\/","title":{"rendered":"Pasqua a Mercato San Severino (SA) e dintorni: Tradizioni fra cibo ed eventi"},"content":{"rendered":"\n<p>Di Anna Maria Noia<\/p>\n\n\n\n<p> Tra rappresentazioni folkloriche e assaggi gastronomici, tutto legato al passato ancestrale dei nostri avi, per riti e miti risalenti alla \u201cnotte dei tempi\u201d. \u00c8 cosa buona e opportuna, per chi scrive, valorizzare le tematiche etnografiche e antropologiche \u2013 che, in verit\u00e0, non sono andate perse nemmeno al Centro e Nord Italia.<\/p>\n\n\n\n<p>Parleremo, in questo articolo, specificamente dei retaggi di Mercato San Severino (dove l\u2019autrice \u00e8 di casa) e\/o di alcuni comuni limitrofi \u2013 come Bracigliano o Sarno. L\u2019intento \u00e8 quello di illustrare fenomeni popolari, misterici e magici, studiati dagli antropologi e arrivati fino a noi.<\/p>\n\n\n\n<p>Le tradizioni in occasione della Pasqua non sono le uniche, in generale, a svolgersi in maniera apotropaica \u2013 nel senso di allontanamento degli spiriti maligni. Ogni momento dell\u2019anno ha le sue \u201ccelebrazioni\u201d; le proprie \u201cepifanie\u201d e ragioni di essere. A San Severino, \u00e8 Pasqua gi\u00e0 il venerd\u00ec precedente la domenica delle palme: nella frazione Spiano, tutti accorrono alle celebrazioni (che vanno sotto il nome di \u201cFistone\u201d) in onore della Madonna Addolorata.<\/p>\n\n\n\n<figure data-wp-context=\"{&quot;imageId&quot;:&quot;69f739586ed2e&quot;}\" data-wp-interactive=\"core\/image\" class=\"wp-block-image size-full is-resized wp-lightbox-container\"><img loading=\"lazy\" decoding=\"async\" width=\"1000\" height=\"750\" data-wp-class--hide=\"state.isContentHidden\" data-wp-class--show=\"state.isContentVisible\" data-wp-init=\"callbacks.setButtonStyles\" data-wp-on-async--click=\"actions.showLightbox\" data-wp-on-async--load=\"callbacks.setButtonStyles\" data-wp-on-async-window--resize=\"callbacks.setButtonStyles\" src=\"https:\/\/www.istitutogalanteoliva.it\/magazine\/wp-content\/uploads\/2024\/03\/Foto-articolo-Pasqua-Noia-1.jpg\" alt=\"\" class=\"wp-image-14899\" style=\"width:600px\" srcset=\"https:\/\/www.istitutogalanteoliva.it\/magazine\/wp-content\/uploads\/2024\/03\/Foto-articolo-Pasqua-Noia-1.jpg 1000w, https:\/\/www.istitutogalanteoliva.it\/magazine\/wp-content\/uploads\/2024\/03\/Foto-articolo-Pasqua-Noia-1-300x225.jpg 300w, https:\/\/www.istitutogalanteoliva.it\/magazine\/wp-content\/uploads\/2024\/03\/Foto-articolo-Pasqua-Noia-1-768x576.jpg 768w\" sizes=\"auto, (max-width: 1000px) 100vw, 1000px\" \/><button\n\t\t\tclass=\"lightbox-trigger\"\n\t\t\ttype=\"button\"\n\t\t\taria-haspopup=\"dialog\"\n\t\t\taria-label=\"Ingrandisci l\u2019immagine\"\n\t\t\tdata-wp-init=\"callbacks.initTriggerButton\"\n\t\t\tdata-wp-on-async--click=\"actions.showLightbox\"\n\t\t\tdata-wp-style--right=\"state.imageButtonRight\"\n\t\t\tdata-wp-style--top=\"state.imageButtonTop\"\n\t\t>\n\t\t\t<svg xmlns=\"http:\/\/www.w3.org\/2000\/svg\" width=\"12\" height=\"12\" fill=\"none\" viewBox=\"0 0 12 12\">\n\t\t\t\t<path fill=\"#fff\" d=\"M2 0a2 2 0 0 0-2 2v2h1.5V2a.5.5 0 0 1 .5-.5h2V0H2Zm2 10.5H2a.5.5 0 0 1-.5-.5V8H0v2a2 2 0 0 0 2 2h2v-1.5ZM8 12v-1.5h2a.5.5 0 0 0 .5-.5V8H12v2a2 2 0 0 1-2 2H8Zm2-12a2 2 0 0 1 2 2v2h-1.5V2a.5.5 0 0 0-.5-.5H8V0h2Z\" \/>\n\t\t\t<\/svg>\n\t\t<\/button><figcaption class=\"wp-element-caption\"><strong><em>Processione Venerd\u00ec Santo a Sarno<\/em><\/strong><\/figcaption><\/figure>\n\n\n\n<p>La processione della Vergine \u00e8 seguitissima, anche al di fuori di questo borgo montano \u2013 appunto Spiano, in cui ancora resistono antichi mestieri, legati alla lavorazione del legno: produttori di scale \u2013 o scalari; di ceste (sporte o sportelle, donde la denominazione di sportellari); di botti o cupelle \u2013 a cura dei cupellari. La Madonna viene omaggiata con nenie molto sommesse, che emergono da un passato assai remoto.<\/p>\n\n\n\n<p><strong>Le Tradizioni Culinarie e Religiose<\/strong><\/p>\n\n\n\n<p>La caratteristica della devozione all\u2019Addolorata, per quanto riguarda Spiano, \u00e8 che essa appare pi\u00f9 viva negli uomini che rispetto alle donne. Sono i maschi, infatti, ad intonare gli inni levati all\u2019indirizzo della Madonna. In questo giorno, piatto tipico e \u201cre\u201d delle tavole (in tutta San Severino!) \u00e8 la polpetta di baccal\u00e0. Immancabile! Non sarebbe Pasqua senza tale leccornia.<\/p>\n\n\n\n<p>Mutatis mutandis, ossia: tolte le cose da cambiare, un piatto di pesce &#8211; \u201clegato\u201d a una similitudine \u201caggregante\u201d \u2013 \u00e8 quello delle sarde in pinzimonio o a beccafico. Che si preparano per la Madonna di Costantinopoli, nelle frazioni Campomanfoli ed Aiello di Castel San Giorgio (Salerno). La ricorrenza cade il marted\u00ec dopo la Pentecoste, ossia cinquanta giorni a decorrere dalla Pasqua. Ma rimaniamo, ancora un po\u2019, nel periodo pi\u00f9\u2026 \u201cstrettamente\u201d vicino alla Resurrezione del Signore.<\/p>\n\n\n\n<p>Quest\u2019anno il 31 di marzo (Pasqua detta \u201cbassa\u201d, dal 22 marzo; ma tale festa potrebbe protrarsi fino al 25 aprile \u2013 quando, cio\u00e8, la Pasqua \u00e8 chiamata \u201calta\u201d). Rimanendo in tema gastronomico-alimentare, tra San Severino e zone vicine, il menu \u00e8 pi\u00f9 o meno lo stesso \u2013 sottacendo di varianti particolari e\/o definitivamente locali: il venerd\u00ec santo, come da norma ecclesiastica, non si preparano cibi a base di carne (come anche gli insaccati; i salumi; le soppressate e le salsicce, che per\u00f2 trionferanno a tavola \u2013 assieme alle uova sode e al capocollo; al caciocavallo il luned\u00ec in Albis: Pasquetta!).<\/p>\n\n\n\n<p>L\u2019antropologia \u201cprescrive\u201d carciofi arrostiti e\/o imbottiti (\u2018mbuttunati), uova, vegetali, cibi a base di grano (simbolo, come l\u2019uovo, di rinascita: non soltanto parlando della Resurrezione di Cristo, ma del rifiorire &#8211; primaverile &#8211; dei cicli \u201cnaturali\u201d). Come il migliaccio, a base di granoturco \u2013 per il venerd\u00ec santo, rigorosamente senza cigoli, o sfrittole, o ciccioli. Dopo il sabato santo, invece, i ciccioli sono i benvenuti. E come la pizza di grano.<\/p>\n\n\n\n<p>Dobbiamo fare attenzione: la parola \u201cpizza\u201d indica, in Napoletano, sia un prodotto salato che dolce. Infatti, la pizza di maccheroni \u2013 detto anche \u201cpastiere\u201d (\u00e8 maschile!) \u2013 \u00e8 salata. \u00c8 la classica \u201cfrittatina\u201d di bucatini; con pepe, salame; formaggio e ogni ben di Dio. Si assaggia a Pasquetta, ai picnic, alle escursioni fuori porta, del luned\u00ec dell\u2019Angelo; all\u2019Incoronata di Montoro (Avellino) e\/o di Foggia. La pizza di maccheroni potrebbe essere, s\u00ec, anche dolce (coronata, poi, da foglie di alloro o lauro), ma \u00e8 \u2013 comunque \u2013 ben diversa dalla gi\u00e0 citata \u201cpizza di grano\u201d.<\/p>\n\n\n\n<figure class=\"wp-block-image size-full is-resized\"><img loading=\"lazy\" decoding=\"async\" width=\"1000\" height=\"563\" src=\"https:\/\/www.istitutogalanteoliva.it\/magazine\/wp-content\/uploads\/2024\/03\/Foto-articolo-Pasqua-Noia-7.jpg\" alt=\"\" class=\"wp-image-14900\" style=\"width:600px\" srcset=\"https:\/\/www.istitutogalanteoliva.it\/magazine\/wp-content\/uploads\/2024\/03\/Foto-articolo-Pasqua-Noia-7.jpg 1000w, https:\/\/www.istitutogalanteoliva.it\/magazine\/wp-content\/uploads\/2024\/03\/Foto-articolo-Pasqua-Noia-7-300x169.jpg 300w, https:\/\/www.istitutogalanteoliva.it\/magazine\/wp-content\/uploads\/2024\/03\/Foto-articolo-Pasqua-Noia-7-768x432.jpg 768w\" sizes=\"auto, (max-width: 1000px) 100vw, 1000px\" \/><figcaption class=\"wp-element-caption\"><strong><em><sup>Frittata di pasta <\/sup><\/em><\/strong><\/figcaption><\/figure>\n\n\n\n<p>La \u201cpastiera\u201d, al femminile. Che \u00e8 a base di grano. Non di formati di pasta. Il classico casatiello napoletano; il tortano con sugna o strutto (\u2018nzogna, in vernacolo) e gli altri cibi gi\u00e0 descritti sopra saranno in tavola il luned\u00ec in Albis. Ed eccoci a Pasqua: ecco cosa si mang<\/p>\n\n\n\n<p>ia. Brodo di faraona, con cappelletti o direttamente con le cicorie (ricordo delle erbe amare e degli azzimi, presso gli Ebrei; nell\u2019attesa di attraversare il Mar Rosso \u2013 da cui l\u2019etimo: \u201cpesah\u201d, \u201cpassaggio\u201d o \u201csalto\u201d; moto di una danza ebraica).<\/p>\n\n\n\n<p>Oppure brodo di piccione. E, subito dopo, uova sode e insaccati; carne di agnello, capretto; coniglio; lepre. Infine, fave \u2013 ortaggio simbolico; coltivato da millenni. Ancora il grano, con la pastiera \u2013 che pu\u00f2 essere anche di riso (il procedimento \u00e8 assai simile). Frutta di stagione (la fragolata) e \u2013 dulcis in fundo \u2013 l\u2019uovo di cioccolata. Anch\u2019esso tradizione ancestrale dell\u2019umanit\u00e0.<\/p>\n\n\n\n<figure class=\"wp-block-image size-full is-resized\"><img loading=\"lazy\" decoding=\"async\" width=\"1000\" height=\"563\" src=\"https:\/\/www.istitutogalanteoliva.it\/magazine\/wp-content\/uploads\/2024\/03\/Foto-articolo-Pasqua-Noia-2-2.jpg\" alt=\"\" class=\"wp-image-14908\" style=\"width:600px\" srcset=\"https:\/\/www.istitutogalanteoliva.it\/magazine\/wp-content\/uploads\/2024\/03\/Foto-articolo-Pasqua-Noia-2-2.jpg 1000w, https:\/\/www.istitutogalanteoliva.it\/magazine\/wp-content\/uploads\/2024\/03\/Foto-articolo-Pasqua-Noia-2-2-300x169.jpg 300w, https:\/\/www.istitutogalanteoliva.it\/magazine\/wp-content\/uploads\/2024\/03\/Foto-articolo-Pasqua-Noia-2-2-768x432.jpg 768w\" sizes=\"auto, (max-width: 1000px) 100vw, 1000px\" \/><figcaption class=\"wp-element-caption\"><strong><em><sup>Pastiera Napoletana<\/sup><\/em><\/strong><\/figcaption><\/figure>\n\n\n\n<p>A proposito di pastiera di grano (o di riso): le massaie dei tempi che furono, utilizzando degli avanzi di frolla per cuocere il dolce (che delizia, nei bei forni di campagna!), cucinavano anche il \u201cvuccillo\u201d. Con l\u2019uovo in mezzo. Si tratta(va) di un po\u2019 di frolla leggermente dolciastra, ripiegata a forma di \u201czeppola\u201d con la \u201ccoda\u201d \u2013 per le donne \u2013 e a forma completamente \u201ctondeggiante\u201d, per gli uomini. Appunto con l\u2019uovo al centro, tra due strisce perpendicolari.<\/p>\n\n\n\n<p>Proprio come le strisce sulla pizza di grano. La simbologia sessuale \u00e8 evidente, come per le palatelle che si degustano ad agosto. La palatella \u00e8 il tipico pane sanseverinese a due forme allusive, contenente la \u2018mpupatella (mix di acciughe e melenzane sott\u2019olio). Tutto \u00e8 in auge tra il 14 e il 15 di agosto, per l\u2019appunto. Dopo tale carrellata alimentare, ricordiamo altri retaggi pi\u00f9 \u201cprosaici\u201d \u2013 tra il Sanseverinese e l\u2019hinterland salernitano.<\/p>\n\n\n\n<figure class=\"wp-block-image size-full\"><img loading=\"lazy\" decoding=\"async\" width=\"500\" height=\"375\" src=\"https:\/\/www.istitutogalanteoliva.it\/magazine\/wp-content\/uploads\/2024\/03\/Foto-articolo-Pasqua-Noia-5.jpg\" alt=\"\" class=\"wp-image-14901\" srcset=\"https:\/\/www.istitutogalanteoliva.it\/magazine\/wp-content\/uploads\/2024\/03\/Foto-articolo-Pasqua-Noia-5.jpg 500w, https:\/\/www.istitutogalanteoliva.it\/magazine\/wp-content\/uploads\/2024\/03\/Foto-articolo-Pasqua-Noia-5-300x225.jpg 300w\" sizes=\"auto, (max-width: 500px) 100vw, 500px\" \/><figcaption class=\"wp-element-caption\"><strong><em><sup>Casatiello Napoletano<\/sup><\/em><\/strong><\/figcaption><\/figure>\n\n\n\n<p>Ad esempio, proprio a San Severino, anni fa le coppie di fidanzati; gli innamorati si scambiavano \u2013 come regalo di buoni auspici \u2013 ovetti e caramelle, legati a dei rametti di fior di pesco e con tralci d\u2019ulivo. Rametti cos\u00ec confezionati sono ancora, a volte, visibili nelle case dei Sanseverinesi e, in generale, dei Salernitani \u2013 in questo periodo. Tra altri retaggi, ricordiamo i sentitissimi e rispettatissimi \u201cMisteri\u201d di Bracigliano.<\/p>\n\n\n\n<p>Piccolo e ameno centro montano, vicino San Severino. Con la passione per la musica; per gli assaggi delle ciliegie locali (Igp) e, riguardo ai \u201cMisteri\u201d, per le formule etnografiche complesse e dalle profonde radici. Si tratta di riti suggestivi, legati alla primavera (e al plenilunio pasquale). Oltre agli incontri\/scontri mattutini e pomeridiani (non a caso si tratta di \u201cscontrate\u201d, nel linguaggio devozionale di questi \u201cMisteri\u201d \u2013 con la maiuscola) tra Cristo morto (cataletto) e la Madonna Addolorata.<\/p>\n\n\n\n<p>Fino a non molti anni fa, le kermesse braciglianesi comprendevano disegni \u201ctracciati\u201d da fuochi sulle colline o montagne circostanti. Veri e propri \u201cgiochi di fuoco\u201d, potremmo affermare. Eventi che sono andati un po\u2019 scemando, dalla maledetta frana del 1998. Nella quale masse di fango sommersero la cittadina, assieme a Sarno e ad altri centri limitrofi.<\/p>\n\n\n\n<p>Ricordiamo \u2013 inoltre \u2013 nell\u2019Agro Nocerino Sarnese, la processione dei Paputi a Sarno stessa. Con la partecipazione di figuranti e volontari, rigorosamente incappucciati \u2013 a simboleggiar le congreghe; affiliazioni laiche ma esoteriche del territorio \u2013 che incutono timore riverenziale presso il popolo di millenni fa. Anche qui, miti vecchissimi. Ma mai sopiti o tramontati del tutto, come vale anche per Bracigliano.<\/p>\n\n\n\n<p>A San Severino, da qualche anno, \u00e8 ripresa la via crucis (siamo al Venerd\u00ec Santo) non solo \u201ctradizionale\u201d, \u201cclassica\u201d \u2013 ovvero animata e presieduta dai religiosi \u2013 ma con figuranti, con i personaggi della Bibbia. Con attori che impersonano la Passione. Che recitano il racconto delle torture subite da Ges\u00f9. Si tratta di una bella iniziativa, toccante e commovente, voluta \u2013 gi\u00e0 negli anni scorsi \u2013 anche dai negozianti delle strade di San Severino, \u201ctoccate\u201d dallo snodarsi dei teatranti.<\/p>\n\n\n\n<p><img loading=\"lazy\" decoding=\"async\" width=\"80\" height=\"80\" class=\"wp-image-6058\" style=\"width: 80px;\" src=\"https:\/\/www.istitutogalanteoliva.it\/magazine\/wp-content\/uploads\/2021\/03\/Anna-Maria1.jpg\" alt=\"\" srcset=\"https:\/\/www.istitutogalanteoliva.it\/magazine\/wp-content\/uploads\/2021\/03\/Anna-Maria1.jpg 674w, https:\/\/www.istitutogalanteoliva.it\/magazine\/wp-content\/uploads\/2021\/03\/Anna-Maria1-300x300.jpg 300w, https:\/\/www.istitutogalanteoliva.it\/magazine\/wp-content\/uploads\/2021\/03\/Anna-Maria1-150x150.jpg 150w\" sizes=\"auto, (max-width: 80px) 100vw, 80px\" \/><em><a href=\"https:\/\/www.istitutogalanteoliva.it\/magazine\/?s=Anna+Maria+Noia+\" target=\"_blank\" rel=\"noreferrer noopener\"><strong>Anna Maria Noia<\/strong><\/a><\/em><\/p>\n\n\n\n<figure class=\"wp-block-image size-large\"><img loading=\"lazy\" decoding=\"async\" width=\"1024\" height=\"726\" src=\"https:\/\/www.istitutogalanteoliva.it\/magazine\/wp-content\/uploads\/2024\/03\/Crema-Uova-Pasquali-Biglietto-di-Pasqua-1024x726.png\" alt=\"\" class=\"wp-image-14906\" srcset=\"https:\/\/www.istitutogalanteoliva.it\/magazine\/wp-content\/uploads\/2024\/03\/Crema-Uova-Pasquali-Biglietto-di-Pasqua-1024x726.png 1024w, https:\/\/www.istitutogalanteoliva.it\/magazine\/wp-content\/uploads\/2024\/03\/Crema-Uova-Pasquali-Biglietto-di-Pasqua-300x213.png 300w, https:\/\/www.istitutogalanteoliva.it\/magazine\/wp-content\/uploads\/2024\/03\/Crema-Uova-Pasquali-Biglietto-di-Pasqua-768x545.png 768w, https:\/\/www.istitutogalanteoliva.it\/magazine\/wp-content\/uploads\/2024\/03\/Crema-Uova-Pasquali-Biglietto-di-Pasqua-1536x1090.png 1536w, https:\/\/www.istitutogalanteoliva.it\/magazine\/wp-content\/uploads\/2024\/03\/Crema-Uova-Pasquali-Biglietto-di-Pasqua.png 1748w\" sizes=\"auto, (max-width: 1024px) 100vw, 1024px\" \/><\/figure>\n<div class=\"pdfprnt-buttons pdfprnt-buttons-post pdfprnt-bottom-left\"><a href=\"https:\/\/www.istitutogalanteoliva.it\/magazine\/wp-json\/wp\/v2\/posts\/14898?print=print\" class=\"pdfprnt-button pdfprnt-button-print\" target=\"_blank\"><img decoding=\"async\" src=\"https:\/\/www.istitutogalanteoliva.it\/magazine\/wp-content\/plugins\/pdf-print\/images\/print.png\" alt=\"image_print\" title=\"Stampa contenuto\" \/><span class=\"pdfprnt-button-title pdfprnt-button-print-title\">Download in PDF<\/span><\/a><\/div>","protected":false},"excerpt":{"rendered":"<p> Molte tradizioni popolari connotano il territorio di Mercato San Severino e dintorni, comprese le aree urbane della Valle dell\u2019Irno, del Sarno, dell\u2019Agro Nocerino Sarnese e \u2013 in generale \u2013 della provincia di Salerno<\/p>\n","protected":false},"author":2,"featured_media":14904,"comment_status":"closed","ping_status":"open","sticky":true,"template":"","format":"standard","meta":{"footnotes":""},"categories":[872,210,13,181],"tags":[],"class_list":["post-14898","post","type-post","status-publish","format-standard","has-post-thumbnail","hentry","category-872","category-campania","category-territorio","category-tradizioni"],"yoast_head":"<!-- This site is optimized with the Yoast SEO plugin v24.2 - https:\/\/yoast.com\/wordpress\/plugins\/seo\/ -->\n<title>Pasqua a Mercato San Severino (SA) e dintorni: Tradizioni fra cibo ed eventi - Polis SA Magazine<\/title>\n<meta name=\"robots\" content=\"index, follow, max-snippet:-1, max-image-preview:large, max-video-preview:-1\" \/>\n<link rel=\"canonical\" href=\"https:\/\/www.istitutogalanteoliva.it\/magazine\/2024\/03\/30\/pasqua-a-mercato-san-severino-sa-e-dintorni-tradizioni-fra-cibo-ed-eventi\/\" \/>\n<meta property=\"og:locale\" content=\"it_IT\" \/>\n<meta property=\"og:type\" content=\"article\" \/>\n<meta property=\"og:title\" content=\"Pasqua a Mercato San Severino (SA) e dintorni: Tradizioni fra cibo ed eventi - Polis SA Magazine\" \/>\n<meta property=\"og:description\" content=\"Molte tradizioni popolari connotano il territorio di Mercato San Severino e dintorni, comprese le aree urbane della Valle dell\u2019Irno, del Sarno, dell\u2019Agro Nocerino Sarnese e \u2013 in generale \u2013 della provincia di Salerno\" \/>\n<meta property=\"og:url\" content=\"https:\/\/www.istitutogalanteoliva.it\/magazine\/2024\/03\/30\/pasqua-a-mercato-san-severino-sa-e-dintorni-tradizioni-fra-cibo-ed-eventi\/\" \/>\n<meta property=\"og:site_name\" content=\"Polis SA Magazine\" \/>\n<meta property=\"article:publisher\" content=\"https:\/\/www.facebook.com\/PolisSAMagazine\/\" \/>\n<meta property=\"article:published_time\" content=\"2024-03-30T16:35:50+00:00\" \/>\n<meta property=\"article:modified_time\" content=\"2024-03-30T16:52:55+00:00\" \/>\n<meta property=\"og:image\" content=\"https:\/\/www.istitutogalanteoliva.it\/magazine\/wp-content\/uploads\/2024\/03\/Pasqua-Noia-1.jpg\" \/>\n\t<meta property=\"og:image:width\" content=\"700\" \/>\n\t<meta property=\"og:image:height\" content=\"380\" \/>\n\t<meta property=\"og:image:type\" content=\"image\/jpeg\" \/>\n<meta name=\"author\" content=\"Antonello Rivano\" \/>\n<meta name=\"twitter:card\" content=\"summary_large_image\" \/>\n<meta name=\"twitter:creator\" content=\"@MagazinePolis\" \/>\n<meta name=\"twitter:site\" content=\"@MagazinePolis\" \/>\n<meta name=\"twitter:label1\" content=\"Scritto da\" \/>\n\t<meta name=\"twitter:data1\" content=\"Antonello Rivano\" \/>\n\t<meta name=\"twitter:label2\" content=\"Tempo di lettura stimato\" \/>\n\t<meta name=\"twitter:data2\" content=\"9 minuti\" \/>\n<script type=\"application\/ld+json\" class=\"yoast-schema-graph\">{\"@context\":\"https:\/\/schema.org\",\"@graph\":[{\"@type\":\"Article\",\"@id\":\"https:\/\/www.istitutogalanteoliva.it\/magazine\/2024\/03\/30\/pasqua-a-mercato-san-severino-sa-e-dintorni-tradizioni-fra-cibo-ed-eventi\/#article\",\"isPartOf\":{\"@id\":\"https:\/\/www.istitutogalanteoliva.it\/magazine\/2024\/03\/30\/pasqua-a-mercato-san-severino-sa-e-dintorni-tradizioni-fra-cibo-ed-eventi\/\"},\"author\":{\"name\":\"Antonello Rivano\",\"@id\":\"https:\/\/www.istitutogalanteoliva.it\/magazine\/#\/schema\/person\/d8b8aa79cfe8babc1df9da3212a7c0c4\"},\"headline\":\"Pasqua a Mercato San Severino (SA) e dintorni: Tradizioni fra cibo ed eventi\",\"datePublished\":\"2024-03-30T16:35:50+00:00\",\"dateModified\":\"2024-03-30T16:52:55+00:00\",\"mainEntityOfPage\":{\"@id\":\"https:\/\/www.istitutogalanteoliva.it\/magazine\/2024\/03\/30\/pasqua-a-mercato-san-severino-sa-e-dintorni-tradizioni-fra-cibo-ed-eventi\/\"},\"wordCount\":1275,\"publisher\":{\"@id\":\"https:\/\/www.istitutogalanteoliva.it\/magazine\/#organization\"},\"image\":{\"@id\":\"https:\/\/www.istitutogalanteoliva.it\/magazine\/2024\/03\/30\/pasqua-a-mercato-san-severino-sa-e-dintorni-tradizioni-fra-cibo-ed-eventi\/#primaryimage\"},\"thumbnailUrl\":\"https:\/\/www.istitutogalanteoliva.it\/magazine\/wp-content\/uploads\/2024\/03\/Pasqua-Noia-1.jpg\",\"articleSection\":[\"2024\",\"Campania\",\"Territorio\",\"tradizioni\"],\"inLanguage\":\"it-IT\"},{\"@type\":\"WebPage\",\"@id\":\"https:\/\/www.istitutogalanteoliva.it\/magazine\/2024\/03\/30\/pasqua-a-mercato-san-severino-sa-e-dintorni-tradizioni-fra-cibo-ed-eventi\/\",\"url\":\"https:\/\/www.istitutogalanteoliva.it\/magazine\/2024\/03\/30\/pasqua-a-mercato-san-severino-sa-e-dintorni-tradizioni-fra-cibo-ed-eventi\/\",\"name\":\"Pasqua a Mercato San Severino (SA) e dintorni: Tradizioni fra cibo ed eventi - Polis SA Magazine\",\"isPartOf\":{\"@id\":\"https:\/\/www.istitutogalanteoliva.it\/magazine\/#website\"},\"primaryImageOfPage\":{\"@id\":\"https:\/\/www.istitutogalanteoliva.it\/magazine\/2024\/03\/30\/pasqua-a-mercato-san-severino-sa-e-dintorni-tradizioni-fra-cibo-ed-eventi\/#primaryimage\"},\"image\":{\"@id\":\"https:\/\/www.istitutogalanteoliva.it\/magazine\/2024\/03\/30\/pasqua-a-mercato-san-severino-sa-e-dintorni-tradizioni-fra-cibo-ed-eventi\/#primaryimage\"},\"thumbnailUrl\":\"https:\/\/www.istitutogalanteoliva.it\/magazine\/wp-content\/uploads\/2024\/03\/Pasqua-Noia-1.jpg\",\"datePublished\":\"2024-03-30T16:35:50+00:00\",\"dateModified\":\"2024-03-30T16:52:55+00:00\",\"breadcrumb\":{\"@id\":\"https:\/\/www.istitutogalanteoliva.it\/magazine\/2024\/03\/30\/pasqua-a-mercato-san-severino-sa-e-dintorni-tradizioni-fra-cibo-ed-eventi\/#breadcrumb\"},\"inLanguage\":\"it-IT\",\"potentialAction\":[{\"@type\":\"ReadAction\",\"target\":[\"https:\/\/www.istitutogalanteoliva.it\/magazine\/2024\/03\/30\/pasqua-a-mercato-san-severino-sa-e-dintorni-tradizioni-fra-cibo-ed-eventi\/\"]}]},{\"@type\":\"ImageObject\",\"inLanguage\":\"it-IT\",\"@id\":\"https:\/\/www.istitutogalanteoliva.it\/magazine\/2024\/03\/30\/pasqua-a-mercato-san-severino-sa-e-dintorni-tradizioni-fra-cibo-ed-eventi\/#primaryimage\",\"url\":\"https:\/\/www.istitutogalanteoliva.it\/magazine\/wp-content\/uploads\/2024\/03\/Pasqua-Noia-1.jpg\",\"contentUrl\":\"https:\/\/www.istitutogalanteoliva.it\/magazine\/wp-content\/uploads\/2024\/03\/Pasqua-Noia-1.jpg\",\"width\":700,\"height\":380},{\"@type\":\"BreadcrumbList\",\"@id\":\"https:\/\/www.istitutogalanteoliva.it\/magazine\/2024\/03\/30\/pasqua-a-mercato-san-severino-sa-e-dintorni-tradizioni-fra-cibo-ed-eventi\/#breadcrumb\",\"itemListElement\":[{\"@type\":\"ListItem\",\"position\":1,\"name\":\"Home\",\"item\":\"https:\/\/www.istitutogalanteoliva.it\/magazine\/\"},{\"@type\":\"ListItem\",\"position\":2,\"name\":\"Pasqua a Mercato San Severino (SA) e dintorni: Tradizioni fra cibo ed eventi\"}]},{\"@type\":\"WebSite\",\"@id\":\"https:\/\/www.istitutogalanteoliva.it\/magazine\/#website\",\"url\":\"https:\/\/www.istitutogalanteoliva.it\/magazine\/\",\"name\":\"POLIS SA MAGAZINE\",\"description\":\"Informazione e approfondimenti\",\"publisher\":{\"@id\":\"https:\/\/www.istitutogalanteoliva.it\/magazine\/#organization\"},\"potentialAction\":[{\"@type\":\"SearchAction\",\"target\":{\"@type\":\"EntryPoint\",\"urlTemplate\":\"https:\/\/www.istitutogalanteoliva.it\/magazine\/?s={search_term_string}\"},\"query-input\":{\"@type\":\"PropertyValueSpecification\",\"valueRequired\":true,\"valueName\":\"search_term_string\"}}],\"inLanguage\":\"it-IT\"},{\"@type\":\"Organization\",\"@id\":\"https:\/\/www.istitutogalanteoliva.it\/magazine\/#organization\",\"name\":\"Polis SA Magazine\",\"url\":\"https:\/\/www.istitutogalanteoliva.it\/magazine\/\",\"logo\":{\"@type\":\"ImageObject\",\"inLanguage\":\"it-IT\",\"@id\":\"https:\/\/www.istitutogalanteoliva.it\/magazine\/#\/schema\/logo\/image\/\",\"url\":\"\",\"contentUrl\":\"\",\"caption\":\"Polis SA Magazine\"},\"image\":{\"@id\":\"https:\/\/www.istitutogalanteoliva.it\/magazine\/#\/schema\/logo\/image\/\"},\"sameAs\":[\"https:\/\/www.facebook.com\/PolisSAMagazine\/\",\"https:\/\/x.com\/MagazinePolis\",\"https:\/\/www.youtube.com\/channel\/UCv0Mr5AHKUmsc0sEEXkJrgw\"]},{\"@type\":\"Person\",\"@id\":\"https:\/\/www.istitutogalanteoliva.it\/magazine\/#\/schema\/person\/d8b8aa79cfe8babc1df9da3212a7c0c4\",\"name\":\"Antonello Rivano\",\"image\":{\"@type\":\"ImageObject\",\"inLanguage\":\"it-IT\",\"@id\":\"https:\/\/www.istitutogalanteoliva.it\/magazine\/#\/schema\/person\/image\/\",\"url\":\"https:\/\/secure.gravatar.com\/avatar\/517a9a6487a7a18ecc4ce6d2e57a8f40?s=96&d=mm&r=g\",\"contentUrl\":\"https:\/\/secure.gravatar.com\/avatar\/517a9a6487a7a18ecc4ce6d2e57a8f40?s=96&d=mm&r=g\",\"caption\":\"Antonello Rivano\"},\"url\":\"https:\/\/www.istitutogalanteoliva.it\/magazine\/author\/antonello\/\"}]}<\/script>\n<!-- \/ Yoast SEO plugin. -->","yoast_head_json":{"title":"Pasqua a Mercato San Severino (SA) e dintorni: Tradizioni fra cibo ed eventi - Polis SA Magazine","robots":{"index":"index","follow":"follow","max-snippet":"max-snippet:-1","max-image-preview":"max-image-preview:large","max-video-preview":"max-video-preview:-1"},"canonical":"https:\/\/www.istitutogalanteoliva.it\/magazine\/2024\/03\/30\/pasqua-a-mercato-san-severino-sa-e-dintorni-tradizioni-fra-cibo-ed-eventi\/","og_locale":"it_IT","og_type":"article","og_title":"Pasqua a Mercato San Severino (SA) e dintorni: Tradizioni fra cibo ed eventi - Polis SA Magazine","og_description":"Molte tradizioni popolari connotano il territorio di Mercato San Severino e dintorni, comprese le aree urbane della Valle dell\u2019Irno, del Sarno, dell\u2019Agro Nocerino Sarnese e \u2013 in generale \u2013 della provincia di Salerno","og_url":"https:\/\/www.istitutogalanteoliva.it\/magazine\/2024\/03\/30\/pasqua-a-mercato-san-severino-sa-e-dintorni-tradizioni-fra-cibo-ed-eventi\/","og_site_name":"Polis SA Magazine","article_publisher":"https:\/\/www.facebook.com\/PolisSAMagazine\/","article_published_time":"2024-03-30T16:35:50+00:00","article_modified_time":"2024-03-30T16:52:55+00:00","og_image":[{"width":700,"height":380,"url":"https:\/\/www.istitutogalanteoliva.it\/magazine\/wp-content\/uploads\/2024\/03\/Pasqua-Noia-1.jpg","type":"image\/jpeg"}],"author":"Antonello Rivano","twitter_card":"summary_large_image","twitter_creator":"@MagazinePolis","twitter_site":"@MagazinePolis","twitter_misc":{"Scritto da":"Antonello Rivano","Tempo di lettura stimato":"9 minuti"},"schema":{"@context":"https:\/\/schema.org","@graph":[{"@type":"Article","@id":"https:\/\/www.istitutogalanteoliva.it\/magazine\/2024\/03\/30\/pasqua-a-mercato-san-severino-sa-e-dintorni-tradizioni-fra-cibo-ed-eventi\/#article","isPartOf":{"@id":"https:\/\/www.istitutogalanteoliva.it\/magazine\/2024\/03\/30\/pasqua-a-mercato-san-severino-sa-e-dintorni-tradizioni-fra-cibo-ed-eventi\/"},"author":{"name":"Antonello Rivano","@id":"https:\/\/www.istitutogalanteoliva.it\/magazine\/#\/schema\/person\/d8b8aa79cfe8babc1df9da3212a7c0c4"},"headline":"Pasqua a Mercato San Severino (SA) e dintorni: Tradizioni fra cibo ed eventi","datePublished":"2024-03-30T16:35:50+00:00","dateModified":"2024-03-30T16:52:55+00:00","mainEntityOfPage":{"@id":"https:\/\/www.istitutogalanteoliva.it\/magazine\/2024\/03\/30\/pasqua-a-mercato-san-severino-sa-e-dintorni-tradizioni-fra-cibo-ed-eventi\/"},"wordCount":1275,"publisher":{"@id":"https:\/\/www.istitutogalanteoliva.it\/magazine\/#organization"},"image":{"@id":"https:\/\/www.istitutogalanteoliva.it\/magazine\/2024\/03\/30\/pasqua-a-mercato-san-severino-sa-e-dintorni-tradizioni-fra-cibo-ed-eventi\/#primaryimage"},"thumbnailUrl":"https:\/\/www.istitutogalanteoliva.it\/magazine\/wp-content\/uploads\/2024\/03\/Pasqua-Noia-1.jpg","articleSection":["2024","Campania","Territorio","tradizioni"],"inLanguage":"it-IT"},{"@type":"WebPage","@id":"https:\/\/www.istitutogalanteoliva.it\/magazine\/2024\/03\/30\/pasqua-a-mercato-san-severino-sa-e-dintorni-tradizioni-fra-cibo-ed-eventi\/","url":"https:\/\/www.istitutogalanteoliva.it\/magazine\/2024\/03\/30\/pasqua-a-mercato-san-severino-sa-e-dintorni-tradizioni-fra-cibo-ed-eventi\/","name":"Pasqua a Mercato San Severino (SA) e dintorni: Tradizioni fra cibo ed eventi - Polis SA Magazine","isPartOf":{"@id":"https:\/\/www.istitutogalanteoliva.it\/magazine\/#website"},"primaryImageOfPage":{"@id":"https:\/\/www.istitutogalanteoliva.it\/magazine\/2024\/03\/30\/pasqua-a-mercato-san-severino-sa-e-dintorni-tradizioni-fra-cibo-ed-eventi\/#primaryimage"},"image":{"@id":"https:\/\/www.istitutogalanteoliva.it\/magazine\/2024\/03\/30\/pasqua-a-mercato-san-severino-sa-e-dintorni-tradizioni-fra-cibo-ed-eventi\/#primaryimage"},"thumbnailUrl":"https:\/\/www.istitutogalanteoliva.it\/magazine\/wp-content\/uploads\/2024\/03\/Pasqua-Noia-1.jpg","datePublished":"2024-03-30T16:35:50+00:00","dateModified":"2024-03-30T16:52:55+00:00","breadcrumb":{"@id":"https:\/\/www.istitutogalanteoliva.it\/magazine\/2024\/03\/30\/pasqua-a-mercato-san-severino-sa-e-dintorni-tradizioni-fra-cibo-ed-eventi\/#breadcrumb"},"inLanguage":"it-IT","potentialAction":[{"@type":"ReadAction","target":["https:\/\/www.istitutogalanteoliva.it\/magazine\/2024\/03\/30\/pasqua-a-mercato-san-severino-sa-e-dintorni-tradizioni-fra-cibo-ed-eventi\/"]}]},{"@type":"ImageObject","inLanguage":"it-IT","@id":"https:\/\/www.istitutogalanteoliva.it\/magazine\/2024\/03\/30\/pasqua-a-mercato-san-severino-sa-e-dintorni-tradizioni-fra-cibo-ed-eventi\/#primaryimage","url":"https:\/\/www.istitutogalanteoliva.it\/magazine\/wp-content\/uploads\/2024\/03\/Pasqua-Noia-1.jpg","contentUrl":"https:\/\/www.istitutogalanteoliva.it\/magazine\/wp-content\/uploads\/2024\/03\/Pasqua-Noia-1.jpg","width":700,"height":380},{"@type":"BreadcrumbList","@id":"https:\/\/www.istitutogalanteoliva.it\/magazine\/2024\/03\/30\/pasqua-a-mercato-san-severino-sa-e-dintorni-tradizioni-fra-cibo-ed-eventi\/#breadcrumb","itemListElement":[{"@type":"ListItem","position":1,"name":"Home","item":"https:\/\/www.istitutogalanteoliva.it\/magazine\/"},{"@type":"ListItem","position":2,"name":"Pasqua a Mercato San Severino (SA) e dintorni: Tradizioni fra cibo ed eventi"}]},{"@type":"WebSite","@id":"https:\/\/www.istitutogalanteoliva.it\/magazine\/#website","url":"https:\/\/www.istitutogalanteoliva.it\/magazine\/","name":"POLIS SA MAGAZINE","description":"Informazione e approfondimenti","publisher":{"@id":"https:\/\/www.istitutogalanteoliva.it\/magazine\/#organization"},"potentialAction":[{"@type":"SearchAction","target":{"@type":"EntryPoint","urlTemplate":"https:\/\/www.istitutogalanteoliva.it\/magazine\/?s={search_term_string}"},"query-input":{"@type":"PropertyValueSpecification","valueRequired":true,"valueName":"search_term_string"}}],"inLanguage":"it-IT"},{"@type":"Organization","@id":"https:\/\/www.istitutogalanteoliva.it\/magazine\/#organization","name":"Polis SA Magazine","url":"https:\/\/www.istitutogalanteoliva.it\/magazine\/","logo":{"@type":"ImageObject","inLanguage":"it-IT","@id":"https:\/\/www.istitutogalanteoliva.it\/magazine\/#\/schema\/logo\/image\/","url":"","contentUrl":"","caption":"Polis SA Magazine"},"image":{"@id":"https:\/\/www.istitutogalanteoliva.it\/magazine\/#\/schema\/logo\/image\/"},"sameAs":["https:\/\/www.facebook.com\/PolisSAMagazine\/","https:\/\/x.com\/MagazinePolis","https:\/\/www.youtube.com\/channel\/UCv0Mr5AHKUmsc0sEEXkJrgw"]},{"@type":"Person","@id":"https:\/\/www.istitutogalanteoliva.it\/magazine\/#\/schema\/person\/d8b8aa79cfe8babc1df9da3212a7c0c4","name":"Antonello Rivano","image":{"@type":"ImageObject","inLanguage":"it-IT","@id":"https:\/\/www.istitutogalanteoliva.it\/magazine\/#\/schema\/person\/image\/","url":"https:\/\/secure.gravatar.com\/avatar\/517a9a6487a7a18ecc4ce6d2e57a8f40?s=96&d=mm&r=g","contentUrl":"https:\/\/secure.gravatar.com\/avatar\/517a9a6487a7a18ecc4ce6d2e57a8f40?s=96&d=mm&r=g","caption":"Antonello Rivano"},"url":"https:\/\/www.istitutogalanteoliva.it\/magazine\/author\/antonello\/"}]}},"_links":{"self":[{"href":"https:\/\/www.istitutogalanteoliva.it\/magazine\/wp-json\/wp\/v2\/posts\/14898","targetHints":{"allow":["GET"]}}],"collection":[{"href":"https:\/\/www.istitutogalanteoliva.it\/magazine\/wp-json\/wp\/v2\/posts"}],"about":[{"href":"https:\/\/www.istitutogalanteoliva.it\/magazine\/wp-json\/wp\/v2\/types\/post"}],"author":[{"embeddable":true,"href":"https:\/\/www.istitutogalanteoliva.it\/magazine\/wp-json\/wp\/v2\/users\/2"}],"replies":[{"embeddable":true,"href":"https:\/\/www.istitutogalanteoliva.it\/magazine\/wp-json\/wp\/v2\/comments?post=14898"}],"version-history":[{"count":3,"href":"https:\/\/www.istitutogalanteoliva.it\/magazine\/wp-json\/wp\/v2\/posts\/14898\/revisions"}],"predecessor-version":[{"id":14910,"href":"https:\/\/www.istitutogalanteoliva.it\/magazine\/wp-json\/wp\/v2\/posts\/14898\/revisions\/14910"}],"wp:featuredmedia":[{"embeddable":true,"href":"https:\/\/www.istitutogalanteoliva.it\/magazine\/wp-json\/wp\/v2\/media\/14904"}],"wp:attachment":[{"href":"https:\/\/www.istitutogalanteoliva.it\/magazine\/wp-json\/wp\/v2\/media?parent=14898"}],"wp:term":[{"taxonomy":"category","embeddable":true,"href":"https:\/\/www.istitutogalanteoliva.it\/magazine\/wp-json\/wp\/v2\/categories?post=14898"},{"taxonomy":"post_tag","embeddable":true,"href":"https:\/\/www.istitutogalanteoliva.it\/magazine\/wp-json\/wp\/v2\/tags?post=14898"}],"curies":[{"name":"wp","href":"https:\/\/api.w.org\/{rel}","templated":true}]}}