{"id":15056,"date":"2024-04-13T08:00:00","date_gmt":"2024-04-13T06:00:00","guid":{"rendered":"https:\/\/www.istitutogalanteoliva.it\/magazine\/?p=15056"},"modified":"2024-04-13T09:40:57","modified_gmt":"2024-04-13T07:40:57","slug":"__trashed","status":"publish","type":"post","link":"https:\/\/www.istitutogalanteoliva.it\/magazine\/2024\/04\/13\/__trashed\/","title":{"rendered":"Alla scoperta del Santuario della Madonnetta: un luogo sacro posto a protezione di Genova"},"content":{"rendered":"\n<h2 class=\"wp-block-heading has-text-align-center\">TESORI D\u2019ITALIA<\/h2>\n\n\n\n<p><em>Esplorando l\u2019inestimabile patrimonio artistico, storico e culturale italiano: dai tesori celebri alle gemme nascoste, un viaggio affascinante alla scoperta delle meraviglie del Bel Paese<\/em><\/p>\n\n\n\n<hr class=\"wp-block-separator has-alpha-channel-opacity\"\/>\n\n\n\n<h2 class=\"wp-block-heading has-text-align-center\">Santuario della Madonnetta <\/h2>\n\n\n\n<p class=\"has-text-align-center\"><strong>\u00a0Roberto Bajano<\/strong><\/p>\n\n\n<div class=\"wp-block-image\">\n<figure class=\"aligncenter size-full\"><img loading=\"lazy\" decoding=\"async\" width=\"700\" height=\"380\" src=\"https:\/\/www.istitutogalanteoliva.it\/magazine\/wp-content\/uploads\/2024\/04\/copertina.jpg\" alt=\"\" class=\"wp-image-15058\" srcset=\"https:\/\/www.istitutogalanteoliva.it\/magazine\/wp-content\/uploads\/2024\/04\/copertina.jpg 700w, https:\/\/www.istitutogalanteoliva.it\/magazine\/wp-content\/uploads\/2024\/04\/copertina-300x163.jpg 300w\" sizes=\"auto, (max-width: 700px) 100vw, 700px\" \/><\/figure><\/div>\n\n\n<h4 class=\"wp-block-heading\">Sulle alture di Genova, a pochi passi dal centro, si erge il seicentesco santuario Mariano<em>\u00a0<\/em>detto della Madonnetta<em>.\u00a0<\/em>Un luogo sacro posto a protezione di Genova, del suo porto e del lavoro, che indica ai fedeli la strada della conversione<\/h4>\n\n\n\n<p>E\u2019 un luogo inaspettatamente ricco di straordinarie particolarit\u00e0, tutte da scoprire; a cominciare dal suo vero nome, quello ufficiale si intende, che non \u00e8\u00a0<em><strong>Madonnetta<\/strong><\/em>, ma <strong>Nostra Signora Assunta di Carbonara<\/strong>. Fortemente voluto dal suo fondatore Padre Carlo Giacinto, frate agostiniano scalzo, \u00e8 stato eretto in soli quindici mesi nel 1696.<\/p>\n\n\n<div class=\"wp-block-image\">\n<figure class=\"aligncenter\"><img decoding=\"async\" src=\"https:\/\/www.ilponentino.it\/wp-content\/uploads\/2022\/11\/1.png\" alt=\"\" class=\"wp-image-6185\"\/><figcaption class=\"wp-element-caption\"><sub><strong><em><sup>Il Fondatore del Santuario, Padre Carlo Giacinto di S.Maria,<\/sup><\/em><\/strong> <strong><em><sup>al secolo Marino Sanguineti (1658-1721)<\/sup><\/em><\/strong><\/sub><\/figcaption><\/figure><\/div>\n\n\n<p>Anni prima, proprio in quel luogo il frate ebbe in visione la Madonna, la quale gliene ordin\u00f2 la costruzione descrivendogli in modo nitido e preciso non solo l\u2019aspetto concreto, ma anche la funzione e lo scopo ultimo spirituale: essere un\u2019arca di salvezza per gli uomini. \u00ab<em>Tu me lo costruirai per la conversione dei peccatori\u00bb,<\/em><\/p>\n\n\n<div class=\"wp-block-image\">\n<figure class=\"aligncenter\"><img decoding=\"async\" src=\"https:\/\/www.ilponentino.it\/wp-content\/uploads\/2022\/11\/2.png\" alt=\"\" class=\"wp-image-6186\"\/><figcaption class=\"wp-element-caption\"><strong><em><sub><sup>Particolare del cartiglio lobato posto sopra le scale di accesso alla cappella inferiore (scurolo): la conversione dei peccatori, quale motivo ispiratore della costruzione del Santuario<\/sup><\/sub><\/em><\/strong><\/figcaption><\/figure><\/div>\n\n\n<p>Ne \u00e8 venuto fuori uno scrigno di rara bellezza e devozione; dove un sobrio stile architettonico barocco sapientemente plasmato con caratteristiche assai particolari si fonde con elementi mistici e fideistici sparsi ovunque all\u2019interno, ma talvolta difficili da scoprire ad uno sguardo fugace. furono le parole mariane che avviarono quel colloquio nel corso della visione; durato \u00ab<em>un picciol spazio d\u2019ora\u00bb<\/em>\u00a0scrive il Venerabile padre, ma lungo tutta una vita. <\/p>\n\n\n<div class=\"wp-block-image\">\n<figure class=\"aligncenter\"><img decoding=\"async\" src=\"https:\/\/www.ilponentino.it\/wp-content\/uploads\/2022\/11\/5.png\" alt=\"\" class=\"wp-image-6193\"\/><figcaption class=\"wp-element-caption\"><strong><em><sup><sub>Altare Maggiore e abside. Veduta d\u2019insieme<\/sub><\/sup><\/em><\/strong><\/figcaption><\/figure><\/div>\n\n\n<p>L\u2019architetto ligure Anton Maria Ricca gli diede forma interpretando la volont\u00e0 della Madonna attraverso quella forse ancora pi\u00f9 ferma, del frate visionario. <\/p>\n\n\n<div class=\"wp-block-image\">\n<figure class=\"aligncenter\"><img decoding=\"async\" src=\"https:\/\/www.ilponentino.it\/wp-content\/uploads\/2022\/11\/4-1.png\" alt=\"\" class=\"wp-image-6192\"\/><figcaption class=\"wp-element-caption\"><strong><em><sup><sub>Lo scalone a 15 gradini che conduce allo scurolo. Oltre l\u2019imponente cancellata in ferro che lo separa dall\u2019aula superiore troneggia l\u2019organo (Roccatagliata-Giuliani,1733-1844)<\/sub><\/sup><\/em><\/strong><\/figcaption><\/figure><\/div>\n\n\n<p>L\u2019interno \u00e8 una vera e propria ascesi di fede, al cui ausilio l\u2019intera progettazione dell\u2019edificio ha disseminato tracce e indizi preziosi. Da individuare e interpretare, a cominciare dallo straordinario numero di reliquie che racchiude ed espone \u2013 circa venticinquemila \u2013 volute per dare forma terrena al Paradiso.<\/p>\n\n\n<div class=\"wp-block-image\">\n<figure class=\"aligncenter\"><img decoding=\"async\" src=\"https:\/\/www.ilponentino.it\/wp-content\/uploads\/2022\/11\/3-2.png\" alt=\"\" class=\"wp-image-6191\"\/><\/figure><\/div>\n\n\n<p>Un numero mai eguagliato al mondo in uno stesso luogo. Una caratteristica da Guinness dei Primati, si direbbe oggi.<\/p>\n\n\n<div class=\"wp-block-image\">\n<figure class=\"aligncenter\"><img decoding=\"async\" src=\"https:\/\/www.ilponentino.it\/wp-content\/uploads\/2022\/11\/6.png\" alt=\"\" class=\"wp-image-6194\"\/><figcaption class=\"wp-element-caption\"><strong><em><sup><sub>Uno dei reliquiari ovali della cappella inferiore (scurolo), con stucchi dorati del Lavarello (sec. XIX). Al suo interno: decorazioni in fili di corallo rosso<\/sub><\/sup><\/em><\/strong><\/figcaption><\/figure><\/div>\n\n\n<p>Molteplici sono gli aspetti architettonici, artistici e mistici: il pavimento a raggiera in marmo bianco e bardiglio, disegnato nel 1750 dallo Schiaffino;<\/p>\n\n\n<div class=\"wp-block-image\">\n<figure class=\"aligncenter\"><img decoding=\"async\" src=\"https:\/\/www.ilponentino.it\/wp-content\/uploads\/2022\/11\/7.png\" alt=\"\" class=\"wp-image-6195\"\/><figcaption class=\"wp-element-caption\"><strong><em><sup><sub>Il pavimento a raggiera dell\u2019aula centrale in marmo bianco e bardiglio (Schiaffino, 1750)<\/sub><\/sup><\/em><\/strong><\/figcaption><\/figure><\/div>\n\n\n<p>quello in ciottoli bianchi e neri (riseu) del sagrato esterno del 1732;<\/p>\n\n\n<div class=\"wp-block-image\">\n<figure class=\"aligncenter\"><img decoding=\"async\" src=\"https:\/\/www.ilponentino.it\/wp-content\/uploads\/2022\/11\/8-1.png\" alt=\"\" class=\"wp-image-6196\"\/><figcaption class=\"wp-element-caption\"><strong><em><sup><sub>Il pregevole sagrato in ciottoli bianchi e neri, B. Storace (1732). Si noti al centro l\u2019aquila bicefala rappresentata con un cuore, la cintura e la mitra, simboli dell\u2019Ordine agostiniano scalzo<\/sub><\/sup><\/em><\/strong><\/figcaption><\/figure><\/div>\n\n\n<p>il maraglianesco crocifisso del Cambiagio, opera scultorea di grande bellezza, tanto per sapiente esecuzione quanto per compiuta espressivit\u00e0;<\/p>\n\n\n<div class=\"wp-block-image\">\n<figure class=\"aligncenter\"><img decoding=\"async\" src=\"https:\/\/www.ilponentino.it\/wp-content\/uploads\/2022\/11\/9.png\" alt=\"\" class=\"wp-image-6197\"\/><figcaption class=\"wp-element-caption\"><strong><sup><sub>Particolare del crocifisso maraglianesco dell\u2019Altare Maggiore. (Cambiagio, 1710)<\/sub><\/sup><\/strong><\/figcaption><\/figure><\/div>\n\n\n<p>il gruppo ligneo della Piet\u00e0 del Maragliano, capace di indurre alla commozione chi la osserva<\/p>\n\n\n<div class=\"wp-block-image\">\n<figure class=\"aligncenter\"><img decoding=\"async\" src=\"https:\/\/www.ilponentino.it\/wp-content\/uploads\/2022\/11\/10.png\" alt=\"\" class=\"wp-image-6198\"\/><figcaption class=\"wp-element-caption\"><strong><em><sup><sub>Cappella dell\u2019Addolorata. La Piet\u00e0, composizione lignea di A.M. Maragliano (1732-1733) \u2013 Particolare<\/sub><\/sup><\/em><\/strong><\/figcaption><\/figure><\/div>\n\n\n<p>la statua della Madonna in alabastro proveniente da Trapani, copia ridotta di quella venerata presso la Basilica della SS. Annunciata in quella stessa citt\u00e0.<\/p>\n\n\n<div class=\"wp-block-image\">\n<figure class=\"aligncenter\"><img decoding=\"async\" src=\"https:\/\/www.ilponentino.it\/wp-content\/uploads\/2022\/11\/11-3.png\" alt=\"\" class=\"wp-image-6200\"\/><figcaption class=\"wp-element-caption\"><strong><em><sup><sub>La statua della Madonnetta, titolare del Santuario. Alabastro decorato in oro (G. Romano, sec.XVII)<\/sub><\/sup><\/em><\/strong><\/figcaption><\/figure><\/div>\n\n\n<p>Proprio per le sue ridotte dimensioni ha suggerito al popolo di allora il nome vezzeggiativo di Madonnetta che, nel tempo, ha sostituito la denominazione ufficiale del Santuario.<\/p>\n\n\n<div class=\"wp-block-image\">\n<figure class=\"aligncenter\"><img decoding=\"async\" src=\"https:\/\/www.ilponentino.it\/wp-content\/uploads\/2022\/11\/12.png\" alt=\"\" class=\"wp-image-6201\"\/><figcaption class=\"wp-element-caption\"><strong><em><sup><sub>Il viaggio della statua della Madonnetta, da Trapani a Genova (1686). Ricostruzione grafica sulla base della carta di F. De Wit, Amsterdam 1668 (Galata Museo del Mare di Genova), coeva al periodo<\/sub><\/sup><\/em><\/strong><\/figcaption><\/figure><\/div>\n\n\n<p>E poi paramenti sacri di straordinaria ricchezza per tessuti, broccati e damaschi settecenteschi.<\/p>\n\n\n<div class=\"wp-block-image\">\n<figure class=\"aligncenter\"><img decoding=\"async\" src=\"https:\/\/www.ilponentino.it\/wp-content\/uploads\/2022\/11\/13.png\" alt=\"\" class=\"wp-image-6202\"\/><figcaption class=\"wp-element-caption\"><strong><em><sup><sub>Sala espositiva \u2013 Vetrina contenente (a sinistra) la pianeta del Fondatore (manifattura ligure, sec. XVIII)<\/sub><\/sup><\/em><\/strong><\/figcaption><\/figure><\/div>\n\n\n<p>E ancora, la celletta in legno dove si ritirava per la notte il Fondatore del Santuario per stare pi\u00f9 vicino possibile alla \u201csua\u201d Madonna; giorno e notte.<\/p>\n\n\n<div class=\"wp-block-image\">\n<figure class=\"aligncenter\"><img decoding=\"async\" src=\"https:\/\/www.ilponentino.it\/wp-content\/uploads\/2022\/11\/14-1.png\" alt=\"\" class=\"wp-image-6203\"\/><figcaption class=\"wp-element-caption\"><strong><em><sup><sub>Cella del Fondatore vista dall\u2019esterno<\/sub><\/sup><\/em><\/strong><\/figcaption><\/figure><\/div>\n\n\n<p>Tra i segreti della Madonnetta, o meglio tra le caratteristiche meno appariscenti, spiccano la forte connotazione numerologica che va dalla sua stessa forma planimetrica ottagonale alle decorazioni delle predelle d\u2019altare,<\/p>\n\n\n<div class=\"wp-block-image\">\n<figure class=\"aligncenter\"><img decoding=\"async\" src=\"https:\/\/www.ilponentino.it\/wp-content\/uploads\/2022\/11\/15.png\" alt=\"\" class=\"wp-image-6204\"\/><figcaption class=\"wp-element-caption\"><strong><em><sup><sub>Predella d\u2019altare con la stella a 8 punte. Intarsio in marmo giallo Siena e rosso Verona. Particolare<\/sub><\/sup><\/em><\/strong><\/figcaption><\/figure><\/div>\n\n\n<p>e lo scopo didattico e fideistico espresso attraverso le straordinariamente ricche iscrizioni ed epigrafi presenti; citazioni volute e selezionate dallo stesso Fondatore per guidare i fedeli verso una pi\u00f9 fervente e cosciente devozione a Maria e ai Santi. Un altro particolare del tutto unico che contraddistingue il Santuario della Madonnetta \u00e8 la sua posizione e il suo orientamento cardinale. Pur trovandosi su un alto poggio panoramico affacciantesi sul centro della citt\u00e0 di Genova, esso vi rivolge le spalle.<\/p>\n\n\n<div class=\"wp-block-image\">\n<figure class=\"aligncenter\"><img decoding=\"async\" src=\"https:\/\/www.ilponentino.it\/wp-content\/uploads\/2022\/11\/16-1.png\" alt=\"\" class=\"wp-image-6205\"\/><figcaption class=\"wp-element-caption\"><strong><em><sup><sub>Visto da monte, l\u2019orizzonte si fonde con la sagoma del Santuario<\/sub><\/sup><\/em><\/strong><\/figcaption><\/figure><\/div>\n\n\n<p>Scelta criticabilissima, se non se ne conoscono e comprendono le ragioni. E allora perch\u00e9 mai \u00e8 stato fatto cos\u00ec? Si tratt\u00f2 di un errore? Di qualche vincolo geologico? Oppure di una scelta mistica? Padre Carlo Giacinto era convinto che qualora avesse orientato il fronte dell\u2019edificio verso il mare, avrebbe potuto conferire al Santuario una maggiore imponenza, grazie allo spettacolo mozzafiato del golfo prospiciente.<\/p>\n\n\n<div class=\"wp-block-image\">\n<figure class=\"aligncenter\"><img decoding=\"async\" src=\"https:\/\/www.ilponentino.it\/wp-content\/uploads\/2022\/11\/17.png\" alt=\"\" class=\"wp-image-6206\"\/><figcaption class=\"wp-element-caption\"><strong><em><sup><sub>La citt\u00e0 di Genova, alle spalle del Santuario<\/sub><\/sup><\/em><\/strong><\/figcaption><\/figure><\/div>\n\n\n<p>Invece volle che fosse rivolta alle alture perch\u00e9 i fedeli non venissero distratti dal raccoglimento e dalla meditazione. Obiettivo ribadito facendo costruire attorno al piccolo piazzale un muro basso, interrotto ritmicamente da quattro cancelli. Esso costituiva una vera e propria barriera che isolava il Santuario dall\u2019ambiente circostante. E cos\u00ec \u00e8 ancora oggi pur se, ahim\u00e8, senza pi\u00f9 traccia degli affreschi che ornavano la facciata e le pareti del sagrato con scene floreali, bibliche e Mariane. Il tempo e l\u2019esposizione alle piogge e agli sferzanti venti del nord non hanno dato loro scampo.<\/p>\n\n\n<div class=\"wp-block-image\">\n<figure class=\"aligncenter\"><img decoding=\"async\" src=\"https:\/\/www.ilponentino.it\/wp-content\/uploads\/2022\/11\/18.png\" alt=\"\" class=\"wp-image-6207\"\/><figcaption class=\"wp-element-caption\"><strong><em><sup><sub>Il Santuario della Madonnetta nel contesto cittadino di met\u00e0 \u2019800<\/sub><\/sup><\/em><\/strong><\/figcaption><\/figure><\/div>\n\n\n<p>La straordinariet\u00e0 materica e spirituale del Santuario e il fervore religioso che il suo Fondatore Padre Carlo Giacinto sapeva spargere intorno a s\u00e9 fecero s\u00ec che per tutto il 700 e l\u2019800 la Madonnetta godesse di un ruolo di primissimo piano nella vita non solo religiosa ma anche civile e politica della citt\u00e0. Pontefici quali Clemente XI, Innocenzo XIII, Benedetto XIII, Pio VI accordarono numerosi privilegi alla chiesa. Il re Vittorio Emanuele I e la moglie Maria Teresa d\u2019Austria vi si recarono pi\u00f9 volte in pellegrinaggio. La pi\u00f9 importante nobilt\u00e0 dell\u2019epoca volle che i propri cari defunti fossero tumulati entro le mura del Santuario: Balbi, Cataldi, Cambiaso, Durazzo, Doria, Grimaldi, Lomellini, Spinola.<\/p>\n\n\n<div class=\"wp-block-image\">\n<figure class=\"aligncenter\"><img decoding=\"async\" src=\"https:\/\/www.ilponentino.it\/wp-content\/uploads\/2022\/11\/19-2.png\" alt=\"\" class=\"wp-image-6208\"\/><\/figure><\/div>\n\n\n<p>La statua della Madonna venerata al suo interno venne solennemente incoronata ben quattro volte, dal 1692 al 1920. Il Santuario stesso, gi\u00e0 Santuario ufficiale della Repubblica Genovese dal 1712, \u00e8 stato affiliato e aggregato alla Basilica del Laterano in Roma da Papa Pio VI nel 1777. L\u2019incisione sul portale marmoreo dell\u2019ingresso ne perpetua la solennit\u00e0 dell\u2019evento.<\/p>\n\n\n<div class=\"wp-block-image\">\n<figure class=\"aligncenter\"><img decoding=\"async\" src=\"https:\/\/www.ilponentino.it\/wp-content\/uploads\/2022\/11\/20-1.png\" alt=\"\" class=\"wp-image-6209\"\/><figcaption class=\"wp-element-caption\">I<strong><em><sup><sub>l portone di ingresso al Santuario. Si noti l\u2019epigrafe di affiliazione<\/sub><\/sup><\/em><\/strong><br><strong><em><sup><sub>e aggregazione alla Basilica del Laterano in Roma (1777)<\/sub><\/sup><\/em><\/strong><\/figcaption><\/figure><\/div>\n\n\n<p>Eppure\u2026 nonostante questo passato mistico e glorioso, il santuario della Madonnetta \u00e8 oggi un monumento sconosciuto ai pi\u00f9, addirittura a rischio di chiusura per la scarsit\u00e0 di vocazioni sacerdotali. Tuttavia, i fedeli e i visitatori che vi si recano non solo restano sempre estasiati per le sue caratteristiche, ma ammettono di provare un particolare stato d\u2019animo positivo entrandovi. Proprio come la Madonna voleva che fosse. <\/p>\n\n\n\n<h2 class=\"wp-block-heading\">Il presepe permanente<\/h2>\n\n\n\n<p>Dal 1977 il Santuario ospita un presepe permanente di particolare pregio; unico motivo di rinnovata notoriet\u00e0 agli occhi dei frequentatori. Esso espone statue interamente scolpite in legno oppure a manichino, frutto dei sapienti scalpelli della<a href=\"https:\/\/it.wikipedia.org\/wiki\/Anton_Maria_Maragliano\" target=\"_blank\" rel=\"noreferrer noopener\"> scuola del Maragliano<\/a>.<\/p>\n\n\n<div class=\"wp-block-image\">\n<figure class=\"aligncenter\"><img decoding=\"async\" src=\"https:\/\/www.ilponentino.it\/wp-content\/uploads\/2022\/11\/21.png\" alt=\"\" class=\"wp-image-6210\"\/><figcaption class=\"wp-element-caption\"><strong><em><sup><sub>Il gruppo ligneo della Nativit\u00e0, attribuito a G. Battista Gaggini, detto il Bissone (1659)<\/sub><\/sup><\/em><\/strong><\/figcaption><\/figure><\/div>\n\n\n<p>A tutto questo fa da ideale cornice il paesaggio, costituito da una fedele riproduzione di tutti i maggiori monumenti storici della citt\u00e0 di Genova in epoca settecentesca.<\/p>\n\n\n<div class=\"wp-block-image\">\n<figure class=\"aligncenter\"><img decoding=\"async\" src=\"https:\/\/www.ilponentino.it\/wp-content\/uploads\/2022\/11\/22.png\" alt=\"\" class=\"wp-image-6211\"\/><figcaption class=\"wp-element-caption\"><strong><em><sup><sub>Genova in un presepe: chiesa di San Matteo con i palazzi Doria,<\/sub><\/sup><\/em><\/strong><br><strong><em><sup><sub> la fontana di via del Campo e Porta del Molo<\/sub><\/sup><\/em><\/strong><\/figcaption><\/figure><\/div>\n\n\n<p>Opera dell\u2019abile presepista contemporaneo Roberto Tagliati e del suo valente gruppo di collaboratori volontari (1971-77). Lavoro di tale valenza artistica da suggerire il fatto di doversi considerare&nbsp;<em>opera d\u2019arte&nbsp;<\/em>non soltanto le statue ivi contenute, ma il presepe stesso nella sua compiuta totalit\u00e0. Il tutto realizzato con un livello di attenzione al particolare e di veridicit\u00e0 storica tale da aver ispirato il Cardinale Giuseppe Siri a pronunciare queste parole, durante la sua visita ufficiale al presepe il 17 dicembre 1977: \u00ab<em>Verr\u00e0 un giorno<\/em>&nbsp;<em>in cui chi vorr\u00e0 conoscere come era fatta Genova, dovr\u00e0 venire ad ammirare<\/em>&nbsp;<em>questi quadri<\/em>\u00bb.<\/p>\n\n\n<div class=\"wp-block-image\">\n<figure class=\"aligncenter\"><img decoding=\"async\" src=\"https:\/\/www.ilponentino.it\/wp-content\/uploads\/2022\/11\/23.png\" alt=\"\" class=\"wp-image-6212\"\/><figcaption class=\"wp-element-caption\"><strong><em><sup><sub>Genova in un presepe: scene di vita cittadina dai portici di Sottoripa. La venditrice di farinata e di caldarroste. Sullo sfondo palazzo San Giorgio e Porta Soprana<\/sub><\/sup><\/em><\/strong><\/figcaption><\/figure><\/div>\n\n\n<p>A coloro che si chiedessero perch\u00e9 alla Madonnetta ci sia un presepe di tale rilevanza, si potrebbe rispondere risalendo alla esatta dedicazione del Santuario, che \u00e8 \u2013 nell\u2019ordine \u2013 a Ges\u00f9 Bambino, poi alla Madonna. Si tratta di un aspetto particolare, perch\u00e9 generalmente i santuari mariani sono dedicati solo a Maria. Alla Madonnetta invece si celebra \u2013 come recita testualmente la dicitura della consacrazione del Santuario \u2013 la Nativit\u00e0 di Nostro Signore e l\u2019Assunzione dell\u2019Immacolata Madre di Dio, Regina degli Angeli e dei Martiri.<\/p>\n\n\n<div class=\"wp-block-image\">\n<figure class=\"aligncenter\"><img decoding=\"async\" src=\"https:\/\/www.ilponentino.it\/wp-content\/uploads\/2022\/11\/24.png\" alt=\"\" class=\"wp-image-6213\"\/><figcaption class=\"wp-element-caption\"><strong><em><sup><sub>L\u2019affresco della volta dello scurolo (B. Guidobono, 1697) rappresentante<\/sub><\/sup><\/em><\/strong><br><strong><em><sup><sub>la glorificazione dell\u2019Assunta tra gli Ordini Angelici<\/sub><\/sup><\/em><\/strong><\/figcaption><\/figure><\/div>\n\n\n<p><strong><em>Roberto Bajano<\/em><\/strong><\/p>\n\n\n\n<hr class=\"wp-block-separator has-alpha-channel-opacity\"\/>\n\n\n\n<h2 class=\"wp-block-heading has-text-align-center\"><strong>Ventimila reliquie per la conversione<\/strong><\/h2>\n\n\n\n<p>Come accade per ogni opera d\u2019arte, la sola visione non consente di godere appieno della bellezza di questo santuario; non \u00e8 sufficiente approcciarsi ad una visita senza conoscerne la genesi, le vicissitudini, le ricchezze, i motivi stessi della sua esistenza; senza sapere dove andare a posare lo sguardo. N\u00e9 questo breve scritto pu\u00f2 considerarsi esaustivo, ma solo un \u201cassaggio\u201d per stimolare ad una successiva visita. Tuttavia pu\u00f2 venire incontro alla curiosit\u00e0 dei visitatori pi\u00f9 attenti la recente pubblicazione \u201c<strong><a href=\"https:\/\/www.ibs.it\/ventimila-reliquie-per-conversione-twenty-libro-roberto-bajano\/e\/9788832982398\" target=\"_blank\" rel=\"noreferrer noopener\">Ventimila reliquie per la conversione<\/a><\/strong>\u201c.<\/p>\n\n\n<div class=\"wp-block-image\">\n<figure class=\"aligncenter\"><img decoding=\"async\" src=\"https:\/\/www.ilponentino.it\/wp-content\/uploads\/2022\/11\/25.png\" alt=\"\" class=\"wp-image-6216\"\/><figcaption class=\"wp-element-caption\"><strong><em><sup><sub>Roberto Bajano, Ventimila reliquie per la conversione. I segreti numerologici del Santuario della Madonnetta di Genova, con il presepe e le statue del Maragliano, Erga Edizioni, Genova 2021 \u2013 ISBN: 978-88-3298-239-8<\/sub><\/sup><\/em><\/strong><\/figcaption><\/figure><\/div>\n\n\n<p>Un volume bilingue ricco di fotografie ove si vuole accennare a tutto ci\u00f2, nel tentativo di perpetuare la straordinariet\u00e0 del Santuario della Madonnetta di Genova raccontandone la storia, le ricchezze, gli aspetti fideistici e mistici; ma anche i segreti di carattere numerologico che nasconde. E invita a visitare questo sacro luogo dove trovare occasione di conversione e protezione, stimolando il lettore anche attraverso i numerosi filmati presenti all\u2019interno e visibili attraverso lettura di QR Code.<\/p>\n\n\n<div class=\"wp-block-image\">\n<figure class=\"aligncenter\"><img decoding=\"async\" src=\"https:\/\/www.ilponentino.it\/wp-content\/uploads\/2022\/11\/26.png\" alt=\"\" class=\"wp-image-6217\"\/><figcaption class=\"wp-element-caption\"><strong><em><sup><sub>scaricando l\u2019app VESEPIA \u00e8 possibile vedere i filmati riportati sul volume. Qui (su concessione dell\u2019Editore Erga), in esclusiva, uno di essi. Basta inquadrare il QR code<\/sub><\/sup><\/em><\/strong>.\u00a0<br><a href=\"https:\/\/play.google.com\/store\/apps\/details?id=it.android.nexusboys.books&amp;gl=IT\" target=\"_blank\" rel=\"noreferrer noopener\"><strong><em><sup><sub>Per scaricare VESEPIA da Google Play clicca qui<\/sub><\/sup><\/em><\/strong><\/a><\/figcaption><\/figure><\/div>\n\n\n<hr class=\"wp-block-separator has-alpha-channel-opacity\"\/>\n\n\n\n<h2 class=\"wp-block-heading has-text-align-center\"><strong>Come raggiungere il santuario<\/strong><\/h2>\n\n\n\n<p>L\u2019indirizzo esatto del\u00a0<a href=\"https:\/\/www.google.it\/maps\/place\/Madonnetta\/@44.4172914,8.9158232,13.15z\/data=!4m5!3m4!1s0x12d343f963275fad:0xd73b3623938559cb!8m2!3d44.4211817!4d8.9312735?hl=it&amp;authuser=0\" target=\"_blank\" rel=\"noreferrer noopener\">Convento dei Padri Agostiniani Scalzi \u00e8 Salita Madonnetta 5<\/a><\/p>\n\n\n\n<figure class=\"wp-block-image\"><img decoding=\"async\" src=\"https:\/\/www.ilponentino.it\/wp-content\/uploads\/2022\/11\/Immagine-2022-11-19-182027.jpg\" alt=\"\" class=\"wp-image-6218\"\/><\/figure>\n\n\n\n<p>Il Santuario \u00e8 raggiungibile in auto (percorso sconsigliabile per la ristrettezza della strada e per la difficolt\u00e0 di parcheggio) dalla Circonvallazione a Monte; Corso Firenze (tratto San Nicola) \u2013 Via Bernardo Strozzi \u2013 Via L.Stallo \u2013 Via Ausonia, fino al termine della via stessa.<\/p>\n\n\n\n<p>Con i mezzi pubblici; funicolare Zecca-Righi (da Via Carlo Targa) scendendo alla fermata Madonnetta. A piedi: dalla Circonvallazione a Monte (tratto corso Firenze, San Nicola), inerpicandosi in salita per la cr\u00eauza Salita Madonnetta.<\/p>\n\n\n<div class=\"wp-block-image\">\n<figure class=\"aligncenter\"><img decoding=\"async\" src=\"https:\/\/www.ilponentino.it\/wp-content\/uploads\/2022\/11\/27.png\" alt=\"\" class=\"wp-image-6219\"\/><figcaption class=\"wp-element-caption\"><strong><em><sup><sub>Il Santuario della Madonnetta visto dall\u2019omonima stazione della funicolare Zecca-Righi<\/sub><\/sup><\/em><\/strong><\/figcaption><\/figure><\/div>\n\n\n<hr class=\"wp-block-separator has-alpha-channel-opacity\"\/>\n\n\n\n<h2 class=\"wp-block-heading has-text-align-center\"><strong>l\u2019Autore<\/strong><\/h2>\n\n\n\n<p>Roberto Bajano \u00e8 Architetto, libero professionista. Laureato all\u2019Universit\u00e0 di Genova nel 1994 con indirizzo&nbsp;<em>tutela e recupero del patrimonio storico-architettonico<\/em>.<\/p>\n\n\n<div class=\"wp-block-image\">\n<figure class=\"aligncenter\"><img decoding=\"async\" src=\"https:\/\/www.ilponentino.it\/wp-content\/uploads\/2022\/11\/28.png\" alt=\"\" class=\"wp-image-6220\"\/><figcaption class=\"wp-element-caption\"><em><strong><sup><sub>L\u2019autore, alle prese con alcune piccole manutenzioni al presepe della Madonnetta<\/sub><\/sup><\/strong><\/em><\/figcaption><\/figure><\/div>\n\n\n<p>Dagli anni \u201990 si avvicina al mondo della Marina Militare, legando infine tale passione alla sua professionalit\u00e0 progettando e dirigendo l\u2019opera di restauro e musealizzazione del Sommergibile&nbsp;<em>Nazario Sauro<\/em>per il Museo del Mare di Genova. Sempre per il museo Galata ha anche curato l\u2019allestimento museale&nbsp;<em>Genoa Open Air Museum,&nbsp;<\/em>le&nbsp;<em>Sale del Porto di Genova<\/em>&nbsp;e della&nbsp;<em>Galea secentesca<\/em>. In occasione della tragedia del 2013, ha donato ai Piloti del Porto di Genova un concreto studio progettuale per una&nbsp;<em>Nuova Torre Piloti<\/em>.<\/p>\n\n\n\n<p>Per Marina Militare ha pubblicato&nbsp;<em>I sommergibili raccontati ai ragazzi<\/em>&nbsp;(Roma, 2020), e&nbsp;<em>Le portaerei raccontate ai ragazzi<\/em>&nbsp;(Roma, 2022). Di prossima uscita un terzo volume della stessa collana per ragazzi dedicato all\u2019idrografia.<\/p>\n<div class=\"pdfprnt-buttons pdfprnt-buttons-post pdfprnt-bottom-left\"><a href=\"https:\/\/www.istitutogalanteoliva.it\/magazine\/wp-json\/wp\/v2\/posts\/15056?print=print\" class=\"pdfprnt-button pdfprnt-button-print\" target=\"_blank\"><img decoding=\"async\" src=\"https:\/\/www.istitutogalanteoliva.it\/magazine\/wp-content\/plugins\/pdf-print\/images\/print.png\" alt=\"image_print\" title=\"Stampa contenuto\" \/><span class=\"pdfprnt-button-title pdfprnt-button-print-title\">Download in PDF<\/span><\/a><\/div>","protected":false},"excerpt":{"rendered":"<p>Un luogo inaspettatamente ricco di straordinarie particolarit\u00e0, tutte da scoprire;<\/p>\n","protected":false},"author":2,"featured_media":15057,"comment_status":"closed","ping_status":"open","sticky":true,"template":"","format":"standard","meta":{"footnotes":""},"categories":[872,982],"tags":[247,226],"class_list":["post-15056","post","type-post","status-publish","format-standard","has-post-thumbnail","hentry","category-872","category-tesori-ditalia","tag-genova","tag-santuario"],"yoast_head":"<!-- This site is optimized with the Yoast SEO plugin v24.2 - https:\/\/yoast.com\/wordpress\/plugins\/seo\/ -->\n<title>Alla scoperta del Santuario della Madonnetta: un luogo sacro posto a protezione di Genova - Polis SA Magazine<\/title>\n<meta name=\"robots\" content=\"index, follow, max-snippet:-1, max-image-preview:large, max-video-preview:-1\" \/>\n<link rel=\"canonical\" href=\"https:\/\/www.istitutogalanteoliva.it\/magazine\/2024\/04\/13\/__trashed\/\" \/>\n<meta property=\"og:locale\" content=\"it_IT\" \/>\n<meta property=\"og:type\" content=\"article\" \/>\n<meta property=\"og:title\" content=\"Alla scoperta del Santuario della Madonnetta: un luogo sacro posto a protezione di Genova - Polis SA Magazine\" \/>\n<meta property=\"og:description\" content=\"Un luogo inaspettatamente ricco di straordinarie particolarit\u00e0, tutte da scoprire;\" \/>\n<meta property=\"og:url\" content=\"https:\/\/www.istitutogalanteoliva.it\/magazine\/2024\/04\/13\/__trashed\/\" \/>\n<meta property=\"og:site_name\" content=\"Polis SA Magazine\" \/>\n<meta property=\"article:publisher\" content=\"https:\/\/www.facebook.com\/PolisSAMagazine\/\" \/>\n<meta property=\"article:published_time\" content=\"2024-04-13T06:00:00+00:00\" \/>\n<meta property=\"article:modified_time\" content=\"2024-04-13T07:40:57+00:00\" \/>\n<meta property=\"og:image\" content=\"https:\/\/www.istitutogalanteoliva.it\/magazine\/wp-content\/uploads\/2024\/04\/Madonnetta_Da_Salita-Porta-Chiappe-1024x768-1.jpg\" \/>\n\t<meta property=\"og:image:width\" content=\"700\" \/>\n\t<meta property=\"og:image:height\" content=\"380\" \/>\n\t<meta property=\"og:image:type\" content=\"image\/jpeg\" \/>\n<meta name=\"author\" content=\"Antonello Rivano\" \/>\n<meta name=\"twitter:card\" content=\"summary_large_image\" \/>\n<meta name=\"twitter:creator\" content=\"@MagazinePolis\" \/>\n<meta name=\"twitter:site\" content=\"@MagazinePolis\" \/>\n<meta name=\"twitter:label1\" content=\"Scritto da\" \/>\n\t<meta name=\"twitter:data1\" content=\"Antonello Rivano\" \/>\n\t<meta name=\"twitter:label2\" content=\"Tempo di lettura stimato\" \/>\n\t<meta name=\"twitter:data2\" content=\"18 minuti\" \/>\n<script type=\"application\/ld+json\" class=\"yoast-schema-graph\">{\"@context\":\"https:\/\/schema.org\",\"@graph\":[{\"@type\":\"Article\",\"@id\":\"https:\/\/www.istitutogalanteoliva.it\/magazine\/2024\/04\/13\/__trashed\/#article\",\"isPartOf\":{\"@id\":\"https:\/\/www.istitutogalanteoliva.it\/magazine\/2024\/04\/13\/__trashed\/\"},\"author\":{\"name\":\"Antonello Rivano\",\"@id\":\"https:\/\/www.istitutogalanteoliva.it\/magazine\/#\/schema\/person\/d8b8aa79cfe8babc1df9da3212a7c0c4\"},\"headline\":\"Alla scoperta del Santuario della Madonnetta: un luogo sacro posto a protezione di Genova\",\"datePublished\":\"2024-04-13T06:00:00+00:00\",\"dateModified\":\"2024-04-13T07:40:57+00:00\",\"mainEntityOfPage\":{\"@id\":\"https:\/\/www.istitutogalanteoliva.it\/magazine\/2024\/04\/13\/__trashed\/\"},\"wordCount\":2117,\"publisher\":{\"@id\":\"https:\/\/www.istitutogalanteoliva.it\/magazine\/#organization\"},\"image\":{\"@id\":\"https:\/\/www.istitutogalanteoliva.it\/magazine\/2024\/04\/13\/__trashed\/#primaryimage\"},\"thumbnailUrl\":\"https:\/\/www.istitutogalanteoliva.it\/magazine\/wp-content\/uploads\/2024\/04\/Madonnetta_Da_Salita-Porta-Chiappe-1024x768-1.jpg\",\"keywords\":[\"genova\",\"santuario\"],\"articleSection\":[\"2024\",\"Tesori d'Italia\"],\"inLanguage\":\"it-IT\"},{\"@type\":\"WebPage\",\"@id\":\"https:\/\/www.istitutogalanteoliva.it\/magazine\/2024\/04\/13\/__trashed\/\",\"url\":\"https:\/\/www.istitutogalanteoliva.it\/magazine\/2024\/04\/13\/__trashed\/\",\"name\":\"Alla scoperta del Santuario della Madonnetta: un luogo sacro posto a protezione di Genova - Polis SA Magazine\",\"isPartOf\":{\"@id\":\"https:\/\/www.istitutogalanteoliva.it\/magazine\/#website\"},\"primaryImageOfPage\":{\"@id\":\"https:\/\/www.istitutogalanteoliva.it\/magazine\/2024\/04\/13\/__trashed\/#primaryimage\"},\"image\":{\"@id\":\"https:\/\/www.istitutogalanteoliva.it\/magazine\/2024\/04\/13\/__trashed\/#primaryimage\"},\"thumbnailUrl\":\"https:\/\/www.istitutogalanteoliva.it\/magazine\/wp-content\/uploads\/2024\/04\/Madonnetta_Da_Salita-Porta-Chiappe-1024x768-1.jpg\",\"datePublished\":\"2024-04-13T06:00:00+00:00\",\"dateModified\":\"2024-04-13T07:40:57+00:00\",\"breadcrumb\":{\"@id\":\"https:\/\/www.istitutogalanteoliva.it\/magazine\/2024\/04\/13\/__trashed\/#breadcrumb\"},\"inLanguage\":\"it-IT\",\"potentialAction\":[{\"@type\":\"ReadAction\",\"target\":[\"https:\/\/www.istitutogalanteoliva.it\/magazine\/2024\/04\/13\/__trashed\/\"]}]},{\"@type\":\"ImageObject\",\"inLanguage\":\"it-IT\",\"@id\":\"https:\/\/www.istitutogalanteoliva.it\/magazine\/2024\/04\/13\/__trashed\/#primaryimage\",\"url\":\"https:\/\/www.istitutogalanteoliva.it\/magazine\/wp-content\/uploads\/2024\/04\/Madonnetta_Da_Salita-Porta-Chiappe-1024x768-1.jpg\",\"contentUrl\":\"https:\/\/www.istitutogalanteoliva.it\/magazine\/wp-content\/uploads\/2024\/04\/Madonnetta_Da_Salita-Porta-Chiappe-1024x768-1.jpg\",\"width\":700,\"height\":380},{\"@type\":\"BreadcrumbList\",\"@id\":\"https:\/\/www.istitutogalanteoliva.it\/magazine\/2024\/04\/13\/__trashed\/#breadcrumb\",\"itemListElement\":[{\"@type\":\"ListItem\",\"position\":1,\"name\":\"Home\",\"item\":\"https:\/\/www.istitutogalanteoliva.it\/magazine\/\"},{\"@type\":\"ListItem\",\"position\":2,\"name\":\"Alla scoperta del Santuario della Madonnetta: un luogo sacro posto a protezione di Genova\"}]},{\"@type\":\"WebSite\",\"@id\":\"https:\/\/www.istitutogalanteoliva.it\/magazine\/#website\",\"url\":\"https:\/\/www.istitutogalanteoliva.it\/magazine\/\",\"name\":\"POLIS SA MAGAZINE\",\"description\":\"Informazione e approfondimenti\",\"publisher\":{\"@id\":\"https:\/\/www.istitutogalanteoliva.it\/magazine\/#organization\"},\"potentialAction\":[{\"@type\":\"SearchAction\",\"target\":{\"@type\":\"EntryPoint\",\"urlTemplate\":\"https:\/\/www.istitutogalanteoliva.it\/magazine\/?s={search_term_string}\"},\"query-input\":{\"@type\":\"PropertyValueSpecification\",\"valueRequired\":true,\"valueName\":\"search_term_string\"}}],\"inLanguage\":\"it-IT\"},{\"@type\":\"Organization\",\"@id\":\"https:\/\/www.istitutogalanteoliva.it\/magazine\/#organization\",\"name\":\"Polis SA Magazine\",\"url\":\"https:\/\/www.istitutogalanteoliva.it\/magazine\/\",\"logo\":{\"@type\":\"ImageObject\",\"inLanguage\":\"it-IT\",\"@id\":\"https:\/\/www.istitutogalanteoliva.it\/magazine\/#\/schema\/logo\/image\/\",\"url\":\"\",\"contentUrl\":\"\",\"caption\":\"Polis SA Magazine\"},\"image\":{\"@id\":\"https:\/\/www.istitutogalanteoliva.it\/magazine\/#\/schema\/logo\/image\/\"},\"sameAs\":[\"https:\/\/www.facebook.com\/PolisSAMagazine\/\",\"https:\/\/x.com\/MagazinePolis\",\"https:\/\/www.youtube.com\/channel\/UCv0Mr5AHKUmsc0sEEXkJrgw\"]},{\"@type\":\"Person\",\"@id\":\"https:\/\/www.istitutogalanteoliva.it\/magazine\/#\/schema\/person\/d8b8aa79cfe8babc1df9da3212a7c0c4\",\"name\":\"Antonello Rivano\",\"image\":{\"@type\":\"ImageObject\",\"inLanguage\":\"it-IT\",\"@id\":\"https:\/\/www.istitutogalanteoliva.it\/magazine\/#\/schema\/person\/image\/\",\"url\":\"https:\/\/secure.gravatar.com\/avatar\/517a9a6487a7a18ecc4ce6d2e57a8f40?s=96&d=mm&r=g\",\"contentUrl\":\"https:\/\/secure.gravatar.com\/avatar\/517a9a6487a7a18ecc4ce6d2e57a8f40?s=96&d=mm&r=g\",\"caption\":\"Antonello Rivano\"},\"url\":\"https:\/\/www.istitutogalanteoliva.it\/magazine\/author\/antonello\/\"}]}<\/script>\n<!-- \/ Yoast SEO plugin. -->","yoast_head_json":{"title":"Alla scoperta del Santuario della Madonnetta: un luogo sacro posto a protezione di Genova - Polis SA Magazine","robots":{"index":"index","follow":"follow","max-snippet":"max-snippet:-1","max-image-preview":"max-image-preview:large","max-video-preview":"max-video-preview:-1"},"canonical":"https:\/\/www.istitutogalanteoliva.it\/magazine\/2024\/04\/13\/__trashed\/","og_locale":"it_IT","og_type":"article","og_title":"Alla scoperta del Santuario della Madonnetta: un luogo sacro posto a protezione di Genova - Polis SA Magazine","og_description":"Un luogo inaspettatamente ricco di straordinarie particolarit\u00e0, tutte da scoprire;","og_url":"https:\/\/www.istitutogalanteoliva.it\/magazine\/2024\/04\/13\/__trashed\/","og_site_name":"Polis SA Magazine","article_publisher":"https:\/\/www.facebook.com\/PolisSAMagazine\/","article_published_time":"2024-04-13T06:00:00+00:00","article_modified_time":"2024-04-13T07:40:57+00:00","og_image":[{"width":700,"height":380,"url":"https:\/\/www.istitutogalanteoliva.it\/magazine\/wp-content\/uploads\/2024\/04\/Madonnetta_Da_Salita-Porta-Chiappe-1024x768-1.jpg","type":"image\/jpeg"}],"author":"Antonello Rivano","twitter_card":"summary_large_image","twitter_creator":"@MagazinePolis","twitter_site":"@MagazinePolis","twitter_misc":{"Scritto da":"Antonello Rivano","Tempo di lettura stimato":"18 minuti"},"schema":{"@context":"https:\/\/schema.org","@graph":[{"@type":"Article","@id":"https:\/\/www.istitutogalanteoliva.it\/magazine\/2024\/04\/13\/__trashed\/#article","isPartOf":{"@id":"https:\/\/www.istitutogalanteoliva.it\/magazine\/2024\/04\/13\/__trashed\/"},"author":{"name":"Antonello Rivano","@id":"https:\/\/www.istitutogalanteoliva.it\/magazine\/#\/schema\/person\/d8b8aa79cfe8babc1df9da3212a7c0c4"},"headline":"Alla scoperta del Santuario della Madonnetta: un luogo sacro posto a protezione di Genova","datePublished":"2024-04-13T06:00:00+00:00","dateModified":"2024-04-13T07:40:57+00:00","mainEntityOfPage":{"@id":"https:\/\/www.istitutogalanteoliva.it\/magazine\/2024\/04\/13\/__trashed\/"},"wordCount":2117,"publisher":{"@id":"https:\/\/www.istitutogalanteoliva.it\/magazine\/#organization"},"image":{"@id":"https:\/\/www.istitutogalanteoliva.it\/magazine\/2024\/04\/13\/__trashed\/#primaryimage"},"thumbnailUrl":"https:\/\/www.istitutogalanteoliva.it\/magazine\/wp-content\/uploads\/2024\/04\/Madonnetta_Da_Salita-Porta-Chiappe-1024x768-1.jpg","keywords":["genova","santuario"],"articleSection":["2024","Tesori d'Italia"],"inLanguage":"it-IT"},{"@type":"WebPage","@id":"https:\/\/www.istitutogalanteoliva.it\/magazine\/2024\/04\/13\/__trashed\/","url":"https:\/\/www.istitutogalanteoliva.it\/magazine\/2024\/04\/13\/__trashed\/","name":"Alla scoperta del Santuario della Madonnetta: un luogo sacro posto a protezione di Genova - Polis SA Magazine","isPartOf":{"@id":"https:\/\/www.istitutogalanteoliva.it\/magazine\/#website"},"primaryImageOfPage":{"@id":"https:\/\/www.istitutogalanteoliva.it\/magazine\/2024\/04\/13\/__trashed\/#primaryimage"},"image":{"@id":"https:\/\/www.istitutogalanteoliva.it\/magazine\/2024\/04\/13\/__trashed\/#primaryimage"},"thumbnailUrl":"https:\/\/www.istitutogalanteoliva.it\/magazine\/wp-content\/uploads\/2024\/04\/Madonnetta_Da_Salita-Porta-Chiappe-1024x768-1.jpg","datePublished":"2024-04-13T06:00:00+00:00","dateModified":"2024-04-13T07:40:57+00:00","breadcrumb":{"@id":"https:\/\/www.istitutogalanteoliva.it\/magazine\/2024\/04\/13\/__trashed\/#breadcrumb"},"inLanguage":"it-IT","potentialAction":[{"@type":"ReadAction","target":["https:\/\/www.istitutogalanteoliva.it\/magazine\/2024\/04\/13\/__trashed\/"]}]},{"@type":"ImageObject","inLanguage":"it-IT","@id":"https:\/\/www.istitutogalanteoliva.it\/magazine\/2024\/04\/13\/__trashed\/#primaryimage","url":"https:\/\/www.istitutogalanteoliva.it\/magazine\/wp-content\/uploads\/2024\/04\/Madonnetta_Da_Salita-Porta-Chiappe-1024x768-1.jpg","contentUrl":"https:\/\/www.istitutogalanteoliva.it\/magazine\/wp-content\/uploads\/2024\/04\/Madonnetta_Da_Salita-Porta-Chiappe-1024x768-1.jpg","width":700,"height":380},{"@type":"BreadcrumbList","@id":"https:\/\/www.istitutogalanteoliva.it\/magazine\/2024\/04\/13\/__trashed\/#breadcrumb","itemListElement":[{"@type":"ListItem","position":1,"name":"Home","item":"https:\/\/www.istitutogalanteoliva.it\/magazine\/"},{"@type":"ListItem","position":2,"name":"Alla scoperta del Santuario della Madonnetta: un luogo sacro posto a protezione di Genova"}]},{"@type":"WebSite","@id":"https:\/\/www.istitutogalanteoliva.it\/magazine\/#website","url":"https:\/\/www.istitutogalanteoliva.it\/magazine\/","name":"POLIS SA MAGAZINE","description":"Informazione e approfondimenti","publisher":{"@id":"https:\/\/www.istitutogalanteoliva.it\/magazine\/#organization"},"potentialAction":[{"@type":"SearchAction","target":{"@type":"EntryPoint","urlTemplate":"https:\/\/www.istitutogalanteoliva.it\/magazine\/?s={search_term_string}"},"query-input":{"@type":"PropertyValueSpecification","valueRequired":true,"valueName":"search_term_string"}}],"inLanguage":"it-IT"},{"@type":"Organization","@id":"https:\/\/www.istitutogalanteoliva.it\/magazine\/#organization","name":"Polis SA Magazine","url":"https:\/\/www.istitutogalanteoliva.it\/magazine\/","logo":{"@type":"ImageObject","inLanguage":"it-IT","@id":"https:\/\/www.istitutogalanteoliva.it\/magazine\/#\/schema\/logo\/image\/","url":"","contentUrl":"","caption":"Polis SA Magazine"},"image":{"@id":"https:\/\/www.istitutogalanteoliva.it\/magazine\/#\/schema\/logo\/image\/"},"sameAs":["https:\/\/www.facebook.com\/PolisSAMagazine\/","https:\/\/x.com\/MagazinePolis","https:\/\/www.youtube.com\/channel\/UCv0Mr5AHKUmsc0sEEXkJrgw"]},{"@type":"Person","@id":"https:\/\/www.istitutogalanteoliva.it\/magazine\/#\/schema\/person\/d8b8aa79cfe8babc1df9da3212a7c0c4","name":"Antonello Rivano","image":{"@type":"ImageObject","inLanguage":"it-IT","@id":"https:\/\/www.istitutogalanteoliva.it\/magazine\/#\/schema\/person\/image\/","url":"https:\/\/secure.gravatar.com\/avatar\/517a9a6487a7a18ecc4ce6d2e57a8f40?s=96&d=mm&r=g","contentUrl":"https:\/\/secure.gravatar.com\/avatar\/517a9a6487a7a18ecc4ce6d2e57a8f40?s=96&d=mm&r=g","caption":"Antonello Rivano"},"url":"https:\/\/www.istitutogalanteoliva.it\/magazine\/author\/antonello\/"}]}},"_links":{"self":[{"href":"https:\/\/www.istitutogalanteoliva.it\/magazine\/wp-json\/wp\/v2\/posts\/15056","targetHints":{"allow":["GET"]}}],"collection":[{"href":"https:\/\/www.istitutogalanteoliva.it\/magazine\/wp-json\/wp\/v2\/posts"}],"about":[{"href":"https:\/\/www.istitutogalanteoliva.it\/magazine\/wp-json\/wp\/v2\/types\/post"}],"author":[{"embeddable":true,"href":"https:\/\/www.istitutogalanteoliva.it\/magazine\/wp-json\/wp\/v2\/users\/2"}],"replies":[{"embeddable":true,"href":"https:\/\/www.istitutogalanteoliva.it\/magazine\/wp-json\/wp\/v2\/comments?post=15056"}],"version-history":[{"count":3,"href":"https:\/\/www.istitutogalanteoliva.it\/magazine\/wp-json\/wp\/v2\/posts\/15056\/revisions"}],"predecessor-version":[{"id":15062,"href":"https:\/\/www.istitutogalanteoliva.it\/magazine\/wp-json\/wp\/v2\/posts\/15056\/revisions\/15062"}],"wp:featuredmedia":[{"embeddable":true,"href":"https:\/\/www.istitutogalanteoliva.it\/magazine\/wp-json\/wp\/v2\/media\/15057"}],"wp:attachment":[{"href":"https:\/\/www.istitutogalanteoliva.it\/magazine\/wp-json\/wp\/v2\/media?parent=15056"}],"wp:term":[{"taxonomy":"category","embeddable":true,"href":"https:\/\/www.istitutogalanteoliva.it\/magazine\/wp-json\/wp\/v2\/categories?post=15056"},{"taxonomy":"post_tag","embeddable":true,"href":"https:\/\/www.istitutogalanteoliva.it\/magazine\/wp-json\/wp\/v2\/tags?post=15056"}],"curies":[{"name":"wp","href":"https:\/\/api.w.org\/{rel}","templated":true}]}}