{"id":15221,"date":"2024-05-01T08:00:00","date_gmt":"2024-05-01T06:00:00","guid":{"rendered":"https:\/\/www.istitutogalanteoliva.it\/magazine\/?p=15221"},"modified":"2024-05-01T09:00:06","modified_gmt":"2024-05-01T07:00:06","slug":"primo-maggio-affrontare-le-sfide-dei-morti-sul-lavoro-e-della-crescente-poverta","status":"publish","type":"post","link":"https:\/\/www.istitutogalanteoliva.it\/magazine\/2024\/05\/01\/primo-maggio-affrontare-le-sfide-dei-morti-sul-lavoro-e-della-crescente-poverta\/","title":{"rendered":"Primo Maggio: affrontare le sfide dei morti sul lavoro e della crescente povert\u00e0"},"content":{"rendered":"\n<div class=\"wp-block-group\"><div class=\"wp-block-group__inner-container is-layout-constrained wp-block-group-is-layout-constrained\">\n<hr class=\"wp-block-separator has-alpha-channel-opacity\"\/>\n\n\n\n<div class=\"wp-block-group has-white-background-color has-background\"><div class=\"wp-block-group__inner-container is-layout-constrained wp-block-group-is-layout-constrained\">\n<div class=\"wp-block-group\"><div class=\"wp-block-group__inner-container is-layout-constrained wp-block-group-is-layout-constrained\">\n<div class=\"wp-block-group has-background\" style=\"background-color:#8dd2fc1f\"><div class=\"wp-block-group__inner-container is-layout-constrained wp-block-group-is-layout-constrained\">\n<h4 class=\"wp-block-heading has-text-align-center has-black-color has-text-color has-background has-link-color wp-elements-db7c86b663001562d7019db577b0a5c2\" style=\"background-color:#8dd2fc57\">IN PUNTA DI PENNA<br>Gli editoriali del Direttore di Redazione Antonello Rivano<\/h4>\n\n\n\n<p class=\"has-text-align-left has-background\" style=\"background-color:#8dd2fc47;font-size:16px\"><code><mark style=\"background-color:rgba(0, 0, 0, 0)\" class=\"has-inline-color has-black-color\">\"Scrivere \u00e8 un gesto delicato, quasi impercettibile, come camminare in punta di penna sulla superficie del nostro tempo. Non per dare risposte, ma per lasciare che le parole scivolino tra le pieghe della realt\u00e0, invitandoci a fermarci, a guardare pi\u00f9 a fondo, a pensare. In un tempo che sembra divorato dalla fretta e dalla superficialit\u00e0, le parole diventano fari: non per guidarci verso certezze, ma per ricordarci che riflettere \u00e8 ancora possibile, che ascoltare e nominare ci\u00f2 che accade ha un valore che non si misura in like o in rumore, ma nella capacit\u00e0 di nutrire la nostra attenzione e il nostro senso del mondo.\"<strong><br><\/strong><\/mark><em><strong><mark style=\"background-color:rgba(0, 0, 0, 0)\" class=\"has-inline-color has-black-color\"><sup>AR<\/sup><\/mark><\/strong><\/em><\/code><\/p>\n<\/div><\/div>\n<\/div><\/div>\n<\/div><\/div>\n\n\n\n<hr class=\"wp-block-separator has-alpha-channel-opacity\"\/>\n<\/div><\/div>\n\n\n\n<p><\/p>\n\n\n\n<p>Ogni anno, il Primo Maggio rappresenta un importante momento di celebrazione e riflessione in Italia e nel mondo intero. La Festa dei Lavoratori non \u00e8 solo un\u2019occasione per commemorare le lotte storiche e i diritti conquistati dai lavoratori nel corso dei decenni, ma anche un momento per guardare oltre le celebrazioni e affrontare le sfide reali che ancora affliggono la nostra societ\u00e0. Non possiamo ignorare l\u2019aumento dei morti sul lavoro e i dati allarmanti sulla povert\u00e0 che persiste nel nostro paese. Questa giornata non dovrebbe essere solo un tributo al passato, ma piuttosto un richiamo all\u2019azione per proteggere e migliorare il benessere dei lavoratori e per combattere la persistente ingiustizia sociale. \u00c8 solo rinnovando il nostro impegno per una societ\u00e0 pi\u00f9 equa e inclusiva che possiamo veramente onorare lo spirito e il significato del Primo Maggio.<\/p>\n\n\n\n<h3 class=\"wp-block-heading\">Il lavoro povero<\/h3>\n\n\n\n<p><br>La povert\u00e0 in Italia \u00e8 in aumento, coinvolgendo non solo coloro che chiedono spiccioli sul marciapiede, ma anche chi, pur lavorando, fatica ad arrivare a fine mese. Nel 2023, pi\u00f9 di 5,7 milioni di persone si trovavano in questa situazione, incapaci di garantirsi uno standard di vita accettabile. Un dato ancora pi\u00f9 preoccupante riguarda il numero di famiglie di lavoratori dipendenti in povert\u00e0, quasi un milione, un livello mai raggiunto prima secondo le rilevazioni dell\u2019Istat. In Italia, il lavoro povero \u00e8 una realt\u00e0 preoccupante. Questa condizione si verifica quando una persona occupata non riesce a guadagnare abbastanza per soddisfare i propri bisogni essenziali. Si tratta di un problema complesso, caratterizzato da contratti precari, bassi salari e scarsa sicurezza lavorativa. Questo fenomeno colpisce soprattutto donne, giovani, immigrati e persone con bassi livelli di istruzione. Anche l\u2019intensit\u00e0 lavorativa \u00e8 un fattore rilevante: molte famiglie italiane, nonostante lavorino intensamente, si trovano comunque a rischio povert\u00e0. Questo sottolinea la necessit\u00e0 di affrontare il problema del lavoro povero non solo attraverso politiche per migliorare i salari e le condizioni lavorative, ma anche promuovendo opportunit\u00e0 di lavoro pi\u00f9 stabili e sicure. Inoltre, \u00e8 importante considerare che il lavoro povero non riguarda solo i lavoratori stessi, ma ha anche ripercussioni negative sulle loro famiglie e sulla societ\u00e0 nel suo complesso.<\/p>\n\n\n\n<h3 class=\"wp-block-heading\">Morti sul lavoro<\/h3>\n\n\n\n<p><br>Parallelamente, l\u2019Italia si confronta con un aumento dei morti sul lavoro. A domenica 28 aprile, Giornata Mondiale per la Salute e la Sicurezza sul lavoro, le vittime, da inizio 2024, erano 324. Guardando alle regioni, si osserva che, oltre al Sud, anche la Lombardia si distingue per il numero maggiore di morti sul lavoro, con un aumento di 8 casi rispetto al periodo precedente. Altre regioni, come la provincia autonoma di Bolzano, la Campania, il Lazio e la Sicilia, hanno registrato aumenti significativi nei casi mortali, evidenziando la diffusa gravit\u00e0 della situazione in tutto il Paese. Ci sono segnali contrastanti in termini di distribuzione demografica degli incidenti. Mentre vi \u00e8 stato un aumento delle denunce relative ai lavoratori italiani ed extracomunitari, si \u00e8 registrata una diminuzione dei casi mortali tra i giovani sotto i 30 anni. Tuttavia, \u00e8 preoccupante il notevole aumento dei casi mortali tra le persone di et\u00e0 compresa tra i 45 e i 54 anni e oltre, sottolineando la necessit\u00e0 di una maggiore attenzione verso questa fascia di lavoratori.<\/p>\n\n\n\n<p>L\u2019alto numero di morti sul lavoro \u00e8 un campanello d\u2019allarme che richiede un\u2019azione immediata e coordinata. Le cause degli incidenti variano, ma spesso includono mancanza di formazione, inadempienza alle normative sulla sicurezza e manutenzione insufficiente degli impianti. Questi fattori, uniti a una cultura aziendale che talvolta mette il profitto prima della sicurezza dei dipendenti, creano un terreno fertile per le tragedie. \u00c8 essenziale che governi, aziende e sindacati lavorino insieme per affrontare queste sfide in modo efficace e duraturo. Investire nella formazione dei lavoratori, applicare rigorosamente le normative sulla sicurezza e promuovere una mentalit\u00e0 aziendale che mette al primo posto la sicurezza sono passi cruciali verso un futuro in cui ogni lavoratore possa tornare a casa sano e salvo alla fine della giornata.<\/p>\n\n\n\n<h3 class=\"wp-block-heading\">Indispensabilit\u00e0 di un impegno congiunto<\/h3>\n\n\n\n<p><br>In questo contesto, il Primo Maggio non pu\u00f2 essere solo una celebrazione, ma anche un\u2019opportunit\u00e0 per riflettere sulle sfide che affrontano i lavoratori italiani e per adottare misure concrete volte a migliorare le loro condizioni di vita e lavoro. \u00c8 indispensabile un impegno congiunto per promuovere un\u2019economia inclusiva e sostenibile, dove ogni lavoratore possa godere di dignit\u00e0, sicurezza e benessere.<\/p>\n\n\n\n<p class=\"has-text-align-left\"><img loading=\"lazy\" decoding=\"async\" width=\"80\" height=\"80\" class=\"wp-image-15584\" style=\"width: 80px;\" src=\"https:\/\/www.istitutogalanteoliva.it\/magazine\/wp-content\/uploads\/2024\/08\/anto.png\" alt=\"\" srcset=\"https:\/\/www.istitutogalanteoliva.it\/magazine\/wp-content\/uploads\/2024\/08\/anto.png 247w, https:\/\/www.istitutogalanteoliva.it\/magazine\/wp-content\/uploads\/2024\/08\/anto-150x150.png 150w\" sizes=\"auto, (max-width: 80px) 100vw, 80px\" \/><em><mark style=\"background-color:rgba(0, 0, 0, 0)\" class=\"has-inline-color has-black-color\"><strong><a href=\"https:\/\/www.istitutogalanteoliva\/antonello-rivano-2\/\">Antonello Rivano<\/a><\/strong><\/mark><\/em><br><sup><strong>Direttore di redazione\/coordinatore nazionale<\/strong> <strong><em>Polis SA Magazine<\/em><\/strong><\/sup><br><\/p>\n<div class=\"pdfprnt-buttons pdfprnt-buttons-post pdfprnt-bottom-left\"><a href=\"https:\/\/www.istitutogalanteoliva.it\/magazine\/wp-json\/wp\/v2\/posts\/15221?print=print\" class=\"pdfprnt-button pdfprnt-button-print\" target=\"_blank\"><img decoding=\"async\" src=\"https:\/\/www.istitutogalanteoliva.it\/magazine\/wp-content\/plugins\/pdf-print\/images\/print.png\" alt=\"image_print\" title=\"Stampa contenuto\" \/><span class=\"pdfprnt-button-title pdfprnt-button-print-title\">Download in PDF<\/span><\/a><\/div>","protected":false},"excerpt":{"rendered":"<p>Riflessioni e azioni necessarie per garantire sicurezza e dignit\u00e0 ai lavoratori italiani<\/p>\n","protected":false},"author":2,"featured_media":15225,"comment_status":"closed","ping_status":"open","sticky":true,"template":"","format":"standard","meta":{"footnotes":""},"categories":[872,96],"tags":[1034,1033,1035,1037],"class_list":["post-15221","post","type-post","status-publish","format-standard","has-post-thumbnail","hentry","category-872","category-in-punta-di-penna","tag-incdenti-sul-lavoro","tag-lavvo-povero","tag-llavoro","tag-poverta"],"yoast_head":"<!-- This site is optimized with the Yoast SEO plugin v24.2 - https:\/\/yoast.com\/wordpress\/plugins\/seo\/ -->\n<title>Primo Maggio: affrontare le sfide dei morti sul lavoro e della crescente povert\u00e0 - Polis SA Magazine<\/title>\n<meta name=\"robots\" content=\"index, follow, max-snippet:-1, max-image-preview:large, max-video-preview:-1\" \/>\n<link rel=\"canonical\" href=\"https:\/\/www.istitutogalanteoliva.it\/magazine\/2024\/05\/01\/primo-maggio-affrontare-le-sfide-dei-morti-sul-lavoro-e-della-crescente-poverta\/\" \/>\n<meta property=\"og:locale\" content=\"it_IT\" \/>\n<meta property=\"og:type\" content=\"article\" \/>\n<meta property=\"og:title\" content=\"Primo Maggio: affrontare le sfide dei morti sul lavoro e della crescente povert\u00e0 - Polis SA Magazine\" \/>\n<meta property=\"og:description\" content=\"Riflessioni e azioni necessarie per garantire sicurezza e dignit\u00e0 ai lavoratori italiani\" \/>\n<meta property=\"og:url\" content=\"https:\/\/www.istitutogalanteoliva.it\/magazine\/2024\/05\/01\/primo-maggio-affrontare-le-sfide-dei-morti-sul-lavoro-e-della-crescente-poverta\/\" \/>\n<meta property=\"og:site_name\" content=\"Polis SA Magazine\" \/>\n<meta property=\"article:publisher\" content=\"https:\/\/www.facebook.com\/PolisSAMagazine\/\" \/>\n<meta property=\"article:published_time\" content=\"2024-05-01T06:00:00+00:00\" \/>\n<meta property=\"article:modified_time\" content=\"2024-05-01T07:00:06+00:00\" \/>\n<meta property=\"og:image\" content=\"https:\/\/www.istitutogalanteoliva.it\/magazine\/wp-content\/uploads\/2024\/04\/Primo-Maggio-a-Milano-1-Maggio-a-Milano-www.aperitivoamilano.it_.jpg\" \/>\n\t<meta property=\"og:image:width\" content=\"1562\" \/>\n\t<meta property=\"og:image:height\" content=\"878\" \/>\n\t<meta property=\"og:image:type\" content=\"image\/jpeg\" \/>\n<meta name=\"author\" content=\"Antonello Rivano\" \/>\n<meta name=\"twitter:card\" content=\"summary_large_image\" \/>\n<meta name=\"twitter:creator\" content=\"@MagazinePolis\" \/>\n<meta name=\"twitter:site\" content=\"@MagazinePolis\" \/>\n<meta name=\"twitter:label1\" content=\"Scritto da\" \/>\n\t<meta name=\"twitter:data1\" content=\"Antonello Rivano\" \/>\n\t<meta name=\"twitter:label2\" content=\"Tempo di lettura stimato\" \/>\n\t<meta name=\"twitter:data2\" content=\"5 minuti\" \/>\n<script type=\"application\/ld+json\" class=\"yoast-schema-graph\">{\"@context\":\"https:\/\/schema.org\",\"@graph\":[{\"@type\":\"Article\",\"@id\":\"https:\/\/www.istitutogalanteoliva.it\/magazine\/2024\/05\/01\/primo-maggio-affrontare-le-sfide-dei-morti-sul-lavoro-e-della-crescente-poverta\/#article\",\"isPartOf\":{\"@id\":\"https:\/\/www.istitutogalanteoliva.it\/magazine\/2024\/05\/01\/primo-maggio-affrontare-le-sfide-dei-morti-sul-lavoro-e-della-crescente-poverta\/\"},\"author\":{\"name\":\"Antonello Rivano\",\"@id\":\"https:\/\/www.istitutogalanteoliva.it\/magazine\/#\/schema\/person\/d8b8aa79cfe8babc1df9da3212a7c0c4\"},\"headline\":\"Primo Maggio: affrontare le sfide dei morti sul lavoro e della crescente povert\u00e0\",\"datePublished\":\"2024-05-01T06:00:00+00:00\",\"dateModified\":\"2024-05-01T07:00:06+00:00\",\"mainEntityOfPage\":{\"@id\":\"https:\/\/www.istitutogalanteoliva.it\/magazine\/2024\/05\/01\/primo-maggio-affrontare-le-sfide-dei-morti-sul-lavoro-e-della-crescente-poverta\/\"},\"wordCount\":718,\"publisher\":{\"@id\":\"https:\/\/www.istitutogalanteoliva.it\/magazine\/#organization\"},\"image\":{\"@id\":\"https:\/\/www.istitutogalanteoliva.it\/magazine\/2024\/05\/01\/primo-maggio-affrontare-le-sfide-dei-morti-sul-lavoro-e-della-crescente-poverta\/#primaryimage\"},\"thumbnailUrl\":\"https:\/\/www.istitutogalanteoliva.it\/magazine\/wp-content\/uploads\/2024\/04\/Primo-Maggio-a-Milano-1-Maggio-a-Milano-www.aperitivoamilano.it_.jpg\",\"keywords\":[\"incdenti sul lavoro\",\"Lavvo povero\",\"llavoro\",\"povert\u00e0\"],\"articleSection\":[\"2024\",\"In punta di penna\"],\"inLanguage\":\"it-IT\"},{\"@type\":\"WebPage\",\"@id\":\"https:\/\/www.istitutogalanteoliva.it\/magazine\/2024\/05\/01\/primo-maggio-affrontare-le-sfide-dei-morti-sul-lavoro-e-della-crescente-poverta\/\",\"url\":\"https:\/\/www.istitutogalanteoliva.it\/magazine\/2024\/05\/01\/primo-maggio-affrontare-le-sfide-dei-morti-sul-lavoro-e-della-crescente-poverta\/\",\"name\":\"Primo Maggio: affrontare le sfide dei morti sul lavoro e della crescente povert\u00e0 - Polis SA Magazine\",\"isPartOf\":{\"@id\":\"https:\/\/www.istitutogalanteoliva.it\/magazine\/#website\"},\"primaryImageOfPage\":{\"@id\":\"https:\/\/www.istitutogalanteoliva.it\/magazine\/2024\/05\/01\/primo-maggio-affrontare-le-sfide-dei-morti-sul-lavoro-e-della-crescente-poverta\/#primaryimage\"},\"image\":{\"@id\":\"https:\/\/www.istitutogalanteoliva.it\/magazine\/2024\/05\/01\/primo-maggio-affrontare-le-sfide-dei-morti-sul-lavoro-e-della-crescente-poverta\/#primaryimage\"},\"thumbnailUrl\":\"https:\/\/www.istitutogalanteoliva.it\/magazine\/wp-content\/uploads\/2024\/04\/Primo-Maggio-a-Milano-1-Maggio-a-Milano-www.aperitivoamilano.it_.jpg\",\"datePublished\":\"2024-05-01T06:00:00+00:00\",\"dateModified\":\"2024-05-01T07:00:06+00:00\",\"breadcrumb\":{\"@id\":\"https:\/\/www.istitutogalanteoliva.it\/magazine\/2024\/05\/01\/primo-maggio-affrontare-le-sfide-dei-morti-sul-lavoro-e-della-crescente-poverta\/#breadcrumb\"},\"inLanguage\":\"it-IT\",\"potentialAction\":[{\"@type\":\"ReadAction\",\"target\":[\"https:\/\/www.istitutogalanteoliva.it\/magazine\/2024\/05\/01\/primo-maggio-affrontare-le-sfide-dei-morti-sul-lavoro-e-della-crescente-poverta\/\"]}]},{\"@type\":\"ImageObject\",\"inLanguage\":\"it-IT\",\"@id\":\"https:\/\/www.istitutogalanteoliva.it\/magazine\/2024\/05\/01\/primo-maggio-affrontare-le-sfide-dei-morti-sul-lavoro-e-della-crescente-poverta\/#primaryimage\",\"url\":\"https:\/\/www.istitutogalanteoliva.it\/magazine\/wp-content\/uploads\/2024\/04\/Primo-Maggio-a-Milano-1-Maggio-a-Milano-www.aperitivoamilano.it_.jpg\",\"contentUrl\":\"https:\/\/www.istitutogalanteoliva.it\/magazine\/wp-content\/uploads\/2024\/04\/Primo-Maggio-a-Milano-1-Maggio-a-Milano-www.aperitivoamilano.it_.jpg\",\"width\":1562,\"height\":878},{\"@type\":\"BreadcrumbList\",\"@id\":\"https:\/\/www.istitutogalanteoliva.it\/magazine\/2024\/05\/01\/primo-maggio-affrontare-le-sfide-dei-morti-sul-lavoro-e-della-crescente-poverta\/#breadcrumb\",\"itemListElement\":[{\"@type\":\"ListItem\",\"position\":1,\"name\":\"Home\",\"item\":\"https:\/\/www.istitutogalanteoliva.it\/magazine\/\"},{\"@type\":\"ListItem\",\"position\":2,\"name\":\"Primo Maggio: affrontare le sfide dei morti sul lavoro e della crescente povert\u00e0\"}]},{\"@type\":\"WebSite\",\"@id\":\"https:\/\/www.istitutogalanteoliva.it\/magazine\/#website\",\"url\":\"https:\/\/www.istitutogalanteoliva.it\/magazine\/\",\"name\":\"POLIS SA MAGAZINE\",\"description\":\"Informazione e approfondimenti\",\"publisher\":{\"@id\":\"https:\/\/www.istitutogalanteoliva.it\/magazine\/#organization\"},\"potentialAction\":[{\"@type\":\"SearchAction\",\"target\":{\"@type\":\"EntryPoint\",\"urlTemplate\":\"https:\/\/www.istitutogalanteoliva.it\/magazine\/?s={search_term_string}\"},\"query-input\":{\"@type\":\"PropertyValueSpecification\",\"valueRequired\":true,\"valueName\":\"search_term_string\"}}],\"inLanguage\":\"it-IT\"},{\"@type\":\"Organization\",\"@id\":\"https:\/\/www.istitutogalanteoliva.it\/magazine\/#organization\",\"name\":\"Polis SA Magazine\",\"url\":\"https:\/\/www.istitutogalanteoliva.it\/magazine\/\",\"logo\":{\"@type\":\"ImageObject\",\"inLanguage\":\"it-IT\",\"@id\":\"https:\/\/www.istitutogalanteoliva.it\/magazine\/#\/schema\/logo\/image\/\",\"url\":\"\",\"contentUrl\":\"\",\"caption\":\"Polis SA Magazine\"},\"image\":{\"@id\":\"https:\/\/www.istitutogalanteoliva.it\/magazine\/#\/schema\/logo\/image\/\"},\"sameAs\":[\"https:\/\/www.facebook.com\/PolisSAMagazine\/\",\"https:\/\/x.com\/MagazinePolis\",\"https:\/\/www.youtube.com\/channel\/UCv0Mr5AHKUmsc0sEEXkJrgw\"]},{\"@type\":\"Person\",\"@id\":\"https:\/\/www.istitutogalanteoliva.it\/magazine\/#\/schema\/person\/d8b8aa79cfe8babc1df9da3212a7c0c4\",\"name\":\"Antonello Rivano\",\"image\":{\"@type\":\"ImageObject\",\"inLanguage\":\"it-IT\",\"@id\":\"https:\/\/www.istitutogalanteoliva.it\/magazine\/#\/schema\/person\/image\/\",\"url\":\"https:\/\/secure.gravatar.com\/avatar\/517a9a6487a7a18ecc4ce6d2e57a8f40?s=96&d=mm&r=g\",\"contentUrl\":\"https:\/\/secure.gravatar.com\/avatar\/517a9a6487a7a18ecc4ce6d2e57a8f40?s=96&d=mm&r=g\",\"caption\":\"Antonello Rivano\"},\"url\":\"https:\/\/www.istitutogalanteoliva.it\/magazine\/author\/antonello\/\"}]}<\/script>\n<!-- \/ Yoast SEO plugin. -->","yoast_head_json":{"title":"Primo Maggio: affrontare le sfide dei morti sul lavoro e della crescente povert\u00e0 - Polis SA Magazine","robots":{"index":"index","follow":"follow","max-snippet":"max-snippet:-1","max-image-preview":"max-image-preview:large","max-video-preview":"max-video-preview:-1"},"canonical":"https:\/\/www.istitutogalanteoliva.it\/magazine\/2024\/05\/01\/primo-maggio-affrontare-le-sfide-dei-morti-sul-lavoro-e-della-crescente-poverta\/","og_locale":"it_IT","og_type":"article","og_title":"Primo Maggio: affrontare le sfide dei morti sul lavoro e della crescente povert\u00e0 - Polis SA Magazine","og_description":"Riflessioni e azioni necessarie per garantire sicurezza e dignit\u00e0 ai lavoratori italiani","og_url":"https:\/\/www.istitutogalanteoliva.it\/magazine\/2024\/05\/01\/primo-maggio-affrontare-le-sfide-dei-morti-sul-lavoro-e-della-crescente-poverta\/","og_site_name":"Polis SA Magazine","article_publisher":"https:\/\/www.facebook.com\/PolisSAMagazine\/","article_published_time":"2024-05-01T06:00:00+00:00","article_modified_time":"2024-05-01T07:00:06+00:00","og_image":[{"width":1562,"height":878,"url":"https:\/\/www.istitutogalanteoliva.it\/magazine\/wp-content\/uploads\/2024\/04\/Primo-Maggio-a-Milano-1-Maggio-a-Milano-www.aperitivoamilano.it_.jpg","type":"image\/jpeg"}],"author":"Antonello Rivano","twitter_card":"summary_large_image","twitter_creator":"@MagazinePolis","twitter_site":"@MagazinePolis","twitter_misc":{"Scritto da":"Antonello Rivano","Tempo di lettura stimato":"5 minuti"},"schema":{"@context":"https:\/\/schema.org","@graph":[{"@type":"Article","@id":"https:\/\/www.istitutogalanteoliva.it\/magazine\/2024\/05\/01\/primo-maggio-affrontare-le-sfide-dei-morti-sul-lavoro-e-della-crescente-poverta\/#article","isPartOf":{"@id":"https:\/\/www.istitutogalanteoliva.it\/magazine\/2024\/05\/01\/primo-maggio-affrontare-le-sfide-dei-morti-sul-lavoro-e-della-crescente-poverta\/"},"author":{"name":"Antonello Rivano","@id":"https:\/\/www.istitutogalanteoliva.it\/magazine\/#\/schema\/person\/d8b8aa79cfe8babc1df9da3212a7c0c4"},"headline":"Primo Maggio: affrontare le sfide dei morti sul lavoro e della crescente povert\u00e0","datePublished":"2024-05-01T06:00:00+00:00","dateModified":"2024-05-01T07:00:06+00:00","mainEntityOfPage":{"@id":"https:\/\/www.istitutogalanteoliva.it\/magazine\/2024\/05\/01\/primo-maggio-affrontare-le-sfide-dei-morti-sul-lavoro-e-della-crescente-poverta\/"},"wordCount":718,"publisher":{"@id":"https:\/\/www.istitutogalanteoliva.it\/magazine\/#organization"},"image":{"@id":"https:\/\/www.istitutogalanteoliva.it\/magazine\/2024\/05\/01\/primo-maggio-affrontare-le-sfide-dei-morti-sul-lavoro-e-della-crescente-poverta\/#primaryimage"},"thumbnailUrl":"https:\/\/www.istitutogalanteoliva.it\/magazine\/wp-content\/uploads\/2024\/04\/Primo-Maggio-a-Milano-1-Maggio-a-Milano-www.aperitivoamilano.it_.jpg","keywords":["incdenti sul lavoro","Lavvo povero","llavoro","povert\u00e0"],"articleSection":["2024","In punta di penna"],"inLanguage":"it-IT"},{"@type":"WebPage","@id":"https:\/\/www.istitutogalanteoliva.it\/magazine\/2024\/05\/01\/primo-maggio-affrontare-le-sfide-dei-morti-sul-lavoro-e-della-crescente-poverta\/","url":"https:\/\/www.istitutogalanteoliva.it\/magazine\/2024\/05\/01\/primo-maggio-affrontare-le-sfide-dei-morti-sul-lavoro-e-della-crescente-poverta\/","name":"Primo Maggio: affrontare le sfide dei morti sul lavoro e della crescente povert\u00e0 - Polis SA Magazine","isPartOf":{"@id":"https:\/\/www.istitutogalanteoliva.it\/magazine\/#website"},"primaryImageOfPage":{"@id":"https:\/\/www.istitutogalanteoliva.it\/magazine\/2024\/05\/01\/primo-maggio-affrontare-le-sfide-dei-morti-sul-lavoro-e-della-crescente-poverta\/#primaryimage"},"image":{"@id":"https:\/\/www.istitutogalanteoliva.it\/magazine\/2024\/05\/01\/primo-maggio-affrontare-le-sfide-dei-morti-sul-lavoro-e-della-crescente-poverta\/#primaryimage"},"thumbnailUrl":"https:\/\/www.istitutogalanteoliva.it\/magazine\/wp-content\/uploads\/2024\/04\/Primo-Maggio-a-Milano-1-Maggio-a-Milano-www.aperitivoamilano.it_.jpg","datePublished":"2024-05-01T06:00:00+00:00","dateModified":"2024-05-01T07:00:06+00:00","breadcrumb":{"@id":"https:\/\/www.istitutogalanteoliva.it\/magazine\/2024\/05\/01\/primo-maggio-affrontare-le-sfide-dei-morti-sul-lavoro-e-della-crescente-poverta\/#breadcrumb"},"inLanguage":"it-IT","potentialAction":[{"@type":"ReadAction","target":["https:\/\/www.istitutogalanteoliva.it\/magazine\/2024\/05\/01\/primo-maggio-affrontare-le-sfide-dei-morti-sul-lavoro-e-della-crescente-poverta\/"]}]},{"@type":"ImageObject","inLanguage":"it-IT","@id":"https:\/\/www.istitutogalanteoliva.it\/magazine\/2024\/05\/01\/primo-maggio-affrontare-le-sfide-dei-morti-sul-lavoro-e-della-crescente-poverta\/#primaryimage","url":"https:\/\/www.istitutogalanteoliva.it\/magazine\/wp-content\/uploads\/2024\/04\/Primo-Maggio-a-Milano-1-Maggio-a-Milano-www.aperitivoamilano.it_.jpg","contentUrl":"https:\/\/www.istitutogalanteoliva.it\/magazine\/wp-content\/uploads\/2024\/04\/Primo-Maggio-a-Milano-1-Maggio-a-Milano-www.aperitivoamilano.it_.jpg","width":1562,"height":878},{"@type":"BreadcrumbList","@id":"https:\/\/www.istitutogalanteoliva.it\/magazine\/2024\/05\/01\/primo-maggio-affrontare-le-sfide-dei-morti-sul-lavoro-e-della-crescente-poverta\/#breadcrumb","itemListElement":[{"@type":"ListItem","position":1,"name":"Home","item":"https:\/\/www.istitutogalanteoliva.it\/magazine\/"},{"@type":"ListItem","position":2,"name":"Primo Maggio: affrontare le sfide dei morti sul lavoro e della crescente povert\u00e0"}]},{"@type":"WebSite","@id":"https:\/\/www.istitutogalanteoliva.it\/magazine\/#website","url":"https:\/\/www.istitutogalanteoliva.it\/magazine\/","name":"POLIS SA MAGAZINE","description":"Informazione e approfondimenti","publisher":{"@id":"https:\/\/www.istitutogalanteoliva.it\/magazine\/#organization"},"potentialAction":[{"@type":"SearchAction","target":{"@type":"EntryPoint","urlTemplate":"https:\/\/www.istitutogalanteoliva.it\/magazine\/?s={search_term_string}"},"query-input":{"@type":"PropertyValueSpecification","valueRequired":true,"valueName":"search_term_string"}}],"inLanguage":"it-IT"},{"@type":"Organization","@id":"https:\/\/www.istitutogalanteoliva.it\/magazine\/#organization","name":"Polis SA Magazine","url":"https:\/\/www.istitutogalanteoliva.it\/magazine\/","logo":{"@type":"ImageObject","inLanguage":"it-IT","@id":"https:\/\/www.istitutogalanteoliva.it\/magazine\/#\/schema\/logo\/image\/","url":"","contentUrl":"","caption":"Polis SA Magazine"},"image":{"@id":"https:\/\/www.istitutogalanteoliva.it\/magazine\/#\/schema\/logo\/image\/"},"sameAs":["https:\/\/www.facebook.com\/PolisSAMagazine\/","https:\/\/x.com\/MagazinePolis","https:\/\/www.youtube.com\/channel\/UCv0Mr5AHKUmsc0sEEXkJrgw"]},{"@type":"Person","@id":"https:\/\/www.istitutogalanteoliva.it\/magazine\/#\/schema\/person\/d8b8aa79cfe8babc1df9da3212a7c0c4","name":"Antonello Rivano","image":{"@type":"ImageObject","inLanguage":"it-IT","@id":"https:\/\/www.istitutogalanteoliva.it\/magazine\/#\/schema\/person\/image\/","url":"https:\/\/secure.gravatar.com\/avatar\/517a9a6487a7a18ecc4ce6d2e57a8f40?s=96&d=mm&r=g","contentUrl":"https:\/\/secure.gravatar.com\/avatar\/517a9a6487a7a18ecc4ce6d2e57a8f40?s=96&d=mm&r=g","caption":"Antonello Rivano"},"url":"https:\/\/www.istitutogalanteoliva.it\/magazine\/author\/antonello\/"}]}},"_links":{"self":[{"href":"https:\/\/www.istitutogalanteoliva.it\/magazine\/wp-json\/wp\/v2\/posts\/15221","targetHints":{"allow":["GET"]}}],"collection":[{"href":"https:\/\/www.istitutogalanteoliva.it\/magazine\/wp-json\/wp\/v2\/posts"}],"about":[{"href":"https:\/\/www.istitutogalanteoliva.it\/magazine\/wp-json\/wp\/v2\/types\/post"}],"author":[{"embeddable":true,"href":"https:\/\/www.istitutogalanteoliva.it\/magazine\/wp-json\/wp\/v2\/users\/2"}],"replies":[{"embeddable":true,"href":"https:\/\/www.istitutogalanteoliva.it\/magazine\/wp-json\/wp\/v2\/comments?post=15221"}],"version-history":[{"count":5,"href":"https:\/\/www.istitutogalanteoliva.it\/magazine\/wp-json\/wp\/v2\/posts\/15221\/revisions"}],"predecessor-version":[{"id":15230,"href":"https:\/\/www.istitutogalanteoliva.it\/magazine\/wp-json\/wp\/v2\/posts\/15221\/revisions\/15230"}],"wp:featuredmedia":[{"embeddable":true,"href":"https:\/\/www.istitutogalanteoliva.it\/magazine\/wp-json\/wp\/v2\/media\/15225"}],"wp:attachment":[{"href":"https:\/\/www.istitutogalanteoliva.it\/magazine\/wp-json\/wp\/v2\/media?parent=15221"}],"wp:term":[{"taxonomy":"category","embeddable":true,"href":"https:\/\/www.istitutogalanteoliva.it\/magazine\/wp-json\/wp\/v2\/categories?post=15221"},{"taxonomy":"post_tag","embeddable":true,"href":"https:\/\/www.istitutogalanteoliva.it\/magazine\/wp-json\/wp\/v2\/tags?post=15221"}],"curies":[{"name":"wp","href":"https:\/\/api.w.org\/{rel}","templated":true}]}}