{"id":15284,"date":"2024-05-09T16:50:40","date_gmt":"2024-05-09T14:50:40","guid":{"rendered":"https:\/\/www.istitutogalanteoliva.it\/magazine\/?p=15284"},"modified":"2024-05-09T16:54:29","modified_gmt":"2024-05-09T14:54:29","slug":"protesta-massiccia-in-liguria-sabato-a-genova-cittadini-uniti-per-uno-sviluppo-sostenibile-e-partecipativo","status":"publish","type":"post","link":"https:\/\/www.istitutogalanteoliva.it\/magazine\/2024\/05\/09\/protesta-massiccia-in-liguria-sabato-a-genova-cittadini-uniti-per-uno-sviluppo-sostenibile-e-partecipativo\/","title":{"rendered":"Protesta massiccia in Liguria. Sabato a Genova cittadini uniti per uno sviluppo sostenibile e partecipativo"},"content":{"rendered":"\n<p>Di Antonello Rivano <\/p>\n\n\n\n<p><strong>La protesta dei Comitati e delle Associazioni si allarga a tutta la Liguria: Verso una mobilitazione senza precedenti<\/strong><\/p>\n\n\n\n<p>Il grido di protesta dei comitati e delle associazioni si amplifica in tutta la Liguria, focalizzandosi su un modello di sviluppo che sia sia sostenibile che partecipativo. Le richieste sono chiare: maggiori investimenti nell&#8217;istruzione, nella sanit\u00e0 e nei trasporti pubblici accessibili e di qualit\u00e0, insieme alla salvaguardia del territorio e delle aree verdi, e politiche efficaci per contrastare il cambiamento climatico e fermare la cementificazione.<\/p>\n\n\n\n<p>Per il <strong>11 maggio 2024<\/strong> \u00e8 stata programmata una manifestazione che attraverser\u00e0 le vie centrali di Genova, coinvolgendo attivamente un vasto spettro di realt\u00e0 provenienti non solo dalla citt\u00e0 stessa, ma anche dalle province di Imperia, Savona e La Spezia. L&#8217;evento \u00e8 organizzato dalla <strong>Rete Genovese<\/strong>, dal <strong>Coordinamento dei Comitati del Ponente (GE)<\/strong>, da <strong>Fermiamo il Mostro<\/strong> e <strong>Quelli della Catena (SV<\/strong>), dal <strong>Comitato Posidonia<\/strong> e dalla <strong>Rete Ambiente Altro Turismo (SP)<\/strong>, insieme ad <strong>Attac (IM)<\/strong>.<\/p>\n\n\n\n<p>Le motivazioni di questa mobilitazione sono molteplici. Le opere in corso nella regione sono percepite come disarticolate e prive di una vera finalit\u00e0 sociale: sembrano rispondere solo a interessi privati, ignorando il benessere delle comunit\u00e0 e dei cittadini. I progetti in discussione rischiano di minare l&#8217;ambiente, la salute, la sicurezza sul lavoro e la qualit\u00e0 della vita, senza portare alcun beneficio tangibile, nemmeno in termini occupazionali.<\/p>\n\n\n\n<p>Oltre a ci\u00f2, ci\u00f2 che solleva maggiormente le preoccupazioni degli organizzatori \u00e8 la visione di sviluppo promossa dalle istituzioni regionali e da alcuni sindaci. Miliardi di euro vengono destinati a progetti ritenuti inutili, mentre la sanit\u00e0 e l&#8217;istruzione pubblica subiscono tagli e smantellamenti.<\/p>\n\n\n\n<p>&#8220;Scendiamo in piazza per il bene di tutti. Non siamo semplicemente coloro che dicono no, come talvolta veniamo dipinti. Siamo una rete di cittadine e cittadini che desiderano una regione diversa&#8221;, dichiarano gli organizzatori. &#8220;\u00c8 un atto necessario per proteggere il benessere degli abitanti, difendere il territorio e l&#8217;ambiente, e fermare lo spreco di fondi pubblici per opere faraoniche che non rispondono ai reali bisogni delle citt\u00e0 e delle vallate, ma solo agli interessi politici ed economici di pochi&#8221;.<\/p>\n\n\n\n<p>Questa manifestazione rappresenta un momento significativo nella storia della regione, poich\u00e9 \u00e8 la prima volta che un cos\u00ec vasto fronte di cittadini si mobilita unito. Un segnale che va oltre la semplice partecipazione numerica, evidenziando un diffuso disagio verso un modello decisionale accentratore che limita la partecipazione democratica a un mero atto formale.<\/p>\n\n\n\n<p>&#8220;Giochiamo con le parole come in un cruciverba, e ci\u00f2 che emerge \u00e8 un disegno sciagurato, una vendita del territorio a discapito di una logica estrattiva che lo render\u00e0 impoverito e inabitabile per le generazioni future&#8221;, continuano gli organizzatori.<\/p>\n\n\n\n<p>Il 11 maggio, associazioni provenienti da La Spezia si uniranno ad Attac Imperia, alla Rete Genovese, al Coordinamento Comitati del Ponente e a numerose altre realt\u00e0 di Genova e della Liguria. &#8220;Cosa ci unisce?&#8221; spiega un altro organizzatore. &#8220;L&#8217;amore per il nostro territorio e la volont\u00e0 di partecipare attivamente alle decisioni che ci riguardano&#8221;.<\/p>\n\n\n\n<p>La mancanza di processi partecipativi \u00e8 un elemento centrale di questa protesta. Progetti vengono decisi dall&#8217;alto, senza coinvolgere le comunit\u00e0 interessate, fino al punto in cui le persone vengono informate per caso di essere oggetto di espropri.<\/p>\n\n\n\n<p>L&#8217;appuntamento \u00e8 fissato per sabato <strong>11 maggio alle ore 14:00 in Via Fanti d&#8217;Italia a Genova<\/strong>. La manifestazione non rappresenta solo un momento di protesta, ma anche una chiara richiesta di cambiamento e di maggiore coinvolgimento dei cittadini nelle decisioni che influenzano il loro futuro e quello del territorio che amano.<\/p>\n\n\n\n<p class=\"has-text-align-left\"><img loading=\"lazy\" decoding=\"async\" width=\"80\" height=\"80\" class=\"wp-image-15584\" style=\"width: 80px;\" src=\"https:\/\/www.istitutogalanteoliva.it\/magazine\/wp-content\/uploads\/2024\/08\/anto.png\" alt=\"\" srcset=\"https:\/\/www.istitutogalanteoliva.it\/magazine\/wp-content\/uploads\/2024\/08\/anto.png 247w, https:\/\/www.istitutogalanteoliva.it\/magazine\/wp-content\/uploads\/2024\/08\/anto-150x150.png 150w\" sizes=\"auto, (max-width: 80px) 100vw, 80px\" \/><em><mark style=\"background-color:rgba(0, 0, 0, 0)\" class=\"has-inline-color has-black-color\"><strong><a href=\"https:\/\/www.istitutogalanteoliva\/antonello-rivano-2\/\">Antonello Rivano<\/a><\/strong><\/mark><\/em><br><sup><strong>Direttore di redazione\/coordinatore nazionale<\/strong> <strong><em>Polis SA Magazine<\/em><\/strong><\/sup><br><\/p>\n\n\n\n<p>In collaborazione con<strong> Redazione Liguria Polis SA Magazine<\/strong> &#8211; Fonte Comunicato Stampa<\/p>\n<div class=\"pdfprnt-buttons pdfprnt-buttons-post pdfprnt-bottom-left\"><a href=\"https:\/\/www.istitutogalanteoliva.it\/magazine\/wp-json\/wp\/v2\/posts\/15284?print=print\" class=\"pdfprnt-button pdfprnt-button-print\" target=\"_blank\"><img decoding=\"async\" src=\"https:\/\/www.istitutogalanteoliva.it\/magazine\/wp-content\/plugins\/pdf-print\/images\/print.png\" alt=\"image_print\" title=\"Stampa contenuto\" \/><span class=\"pdfprnt-button-title pdfprnt-button-print-title\">Download in PDF<\/span><\/a><\/div>","protected":false},"excerpt":{"rendered":"<p>L&#8217;11 Maggio a Genova: un&#8217;unione di voci per uno sviluppo responsabile e democratico  <\/p>\n","protected":false},"author":2,"featured_media":15292,"comment_status":"closed","ping_status":"open","sticky":true,"template":"","format":"standard","meta":{"footnotes":""},"categories":[872,254,207],"tags":[180,220,122],"class_list":["post-15284","post","type-post","status-publish","format-standard","has-post-thumbnail","hentry","category-872","category-attualita","category-liguria","tag-associazioni","tag-comitati","tag-proteste"],"yoast_head":"<!-- This site is optimized with the Yoast SEO plugin v24.2 - https:\/\/yoast.com\/wordpress\/plugins\/seo\/ -->\n<title>Protesta massiccia in Liguria. Sabato a Genova cittadini uniti per uno sviluppo sostenibile e partecipativo - Polis SA Magazine<\/title>\n<meta name=\"robots\" content=\"index, follow, max-snippet:-1, max-image-preview:large, max-video-preview:-1\" \/>\n<link rel=\"canonical\" href=\"https:\/\/www.istitutogalanteoliva.it\/magazine\/2024\/05\/09\/protesta-massiccia-in-liguria-sabato-a-genova-cittadini-uniti-per-uno-sviluppo-sostenibile-e-partecipativo\/\" \/>\n<meta property=\"og:locale\" content=\"it_IT\" \/>\n<meta property=\"og:type\" content=\"article\" \/>\n<meta property=\"og:title\" content=\"Protesta massiccia in Liguria. Sabato a Genova cittadini uniti per uno sviluppo sostenibile e partecipativo - Polis SA Magazine\" \/>\n<meta property=\"og:description\" content=\"L&#039;11 Maggio a Genova: un&#039;unione di voci per uno sviluppo responsabile e democratico\" \/>\n<meta property=\"og:url\" content=\"https:\/\/www.istitutogalanteoliva.it\/magazine\/2024\/05\/09\/protesta-massiccia-in-liguria-sabato-a-genova-cittadini-uniti-per-uno-sviluppo-sostenibile-e-partecipativo\/\" \/>\n<meta property=\"og:site_name\" content=\"Polis SA Magazine\" \/>\n<meta property=\"article:publisher\" content=\"https:\/\/www.facebook.com\/PolisSAMagazine\/\" \/>\n<meta property=\"article:published_time\" content=\"2024-05-09T14:50:40+00:00\" \/>\n<meta property=\"article:modified_time\" content=\"2024-05-09T14:54:29+00:00\" \/>\n<meta property=\"og:image\" content=\"https:\/\/www.istitutogalanteoliva.it\/magazine\/wp-content\/uploads\/2024\/05\/Genova-1.jpg\" \/>\n\t<meta property=\"og:image:width\" content=\"700\" \/>\n\t<meta property=\"og:image:height\" content=\"380\" \/>\n\t<meta property=\"og:image:type\" content=\"image\/jpeg\" \/>\n<meta name=\"author\" content=\"Antonello Rivano\" \/>\n<meta name=\"twitter:card\" content=\"summary_large_image\" \/>\n<meta name=\"twitter:creator\" content=\"@MagazinePolis\" \/>\n<meta name=\"twitter:site\" content=\"@MagazinePolis\" \/>\n<meta name=\"twitter:label1\" content=\"Scritto da\" \/>\n\t<meta name=\"twitter:data1\" content=\"Antonello Rivano\" \/>\n\t<meta name=\"twitter:label2\" content=\"Tempo di lettura stimato\" \/>\n\t<meta name=\"twitter:data2\" content=\"7 minuti\" \/>\n<script type=\"application\/ld+json\" class=\"yoast-schema-graph\">{\"@context\":\"https:\/\/schema.org\",\"@graph\":[{\"@type\":\"Article\",\"@id\":\"https:\/\/www.istitutogalanteoliva.it\/magazine\/2024\/05\/09\/protesta-massiccia-in-liguria-sabato-a-genova-cittadini-uniti-per-uno-sviluppo-sostenibile-e-partecipativo\/#article\",\"isPartOf\":{\"@id\":\"https:\/\/www.istitutogalanteoliva.it\/magazine\/2024\/05\/09\/protesta-massiccia-in-liguria-sabato-a-genova-cittadini-uniti-per-uno-sviluppo-sostenibile-e-partecipativo\/\"},\"author\":{\"name\":\"Antonello Rivano\",\"@id\":\"https:\/\/www.istitutogalanteoliva.it\/magazine\/#\/schema\/person\/d8b8aa79cfe8babc1df9da3212a7c0c4\"},\"headline\":\"Protesta massiccia in Liguria. Sabato a Genova cittadini uniti per uno sviluppo sostenibile e partecipativo\",\"datePublished\":\"2024-05-09T14:50:40+00:00\",\"dateModified\":\"2024-05-09T14:54:29+00:00\",\"mainEntityOfPage\":{\"@id\":\"https:\/\/www.istitutogalanteoliva.it\/magazine\/2024\/05\/09\/protesta-massiccia-in-liguria-sabato-a-genova-cittadini-uniti-per-uno-sviluppo-sostenibile-e-partecipativo\/\"},\"wordCount\":598,\"publisher\":{\"@id\":\"https:\/\/www.istitutogalanteoliva.it\/magazine\/#organization\"},\"image\":{\"@id\":\"https:\/\/www.istitutogalanteoliva.it\/magazine\/2024\/05\/09\/protesta-massiccia-in-liguria-sabato-a-genova-cittadini-uniti-per-uno-sviluppo-sostenibile-e-partecipativo\/#primaryimage\"},\"thumbnailUrl\":\"https:\/\/www.istitutogalanteoliva.it\/magazine\/wp-content\/uploads\/2024\/05\/Genova-1.jpg\",\"keywords\":[\"associazioni\",\"comitati\",\"proteste\"],\"articleSection\":[\"2024\",\"Attualit\u00e0\",\"Liguria\"],\"inLanguage\":\"it-IT\"},{\"@type\":\"WebPage\",\"@id\":\"https:\/\/www.istitutogalanteoliva.it\/magazine\/2024\/05\/09\/protesta-massiccia-in-liguria-sabato-a-genova-cittadini-uniti-per-uno-sviluppo-sostenibile-e-partecipativo\/\",\"url\":\"https:\/\/www.istitutogalanteoliva.it\/magazine\/2024\/05\/09\/protesta-massiccia-in-liguria-sabato-a-genova-cittadini-uniti-per-uno-sviluppo-sostenibile-e-partecipativo\/\",\"name\":\"Protesta massiccia in Liguria. Sabato a Genova cittadini uniti per uno sviluppo sostenibile e partecipativo - Polis SA Magazine\",\"isPartOf\":{\"@id\":\"https:\/\/www.istitutogalanteoliva.it\/magazine\/#website\"},\"primaryImageOfPage\":{\"@id\":\"https:\/\/www.istitutogalanteoliva.it\/magazine\/2024\/05\/09\/protesta-massiccia-in-liguria-sabato-a-genova-cittadini-uniti-per-uno-sviluppo-sostenibile-e-partecipativo\/#primaryimage\"},\"image\":{\"@id\":\"https:\/\/www.istitutogalanteoliva.it\/magazine\/2024\/05\/09\/protesta-massiccia-in-liguria-sabato-a-genova-cittadini-uniti-per-uno-sviluppo-sostenibile-e-partecipativo\/#primaryimage\"},\"thumbnailUrl\":\"https:\/\/www.istitutogalanteoliva.it\/magazine\/wp-content\/uploads\/2024\/05\/Genova-1.jpg\",\"datePublished\":\"2024-05-09T14:50:40+00:00\",\"dateModified\":\"2024-05-09T14:54:29+00:00\",\"breadcrumb\":{\"@id\":\"https:\/\/www.istitutogalanteoliva.it\/magazine\/2024\/05\/09\/protesta-massiccia-in-liguria-sabato-a-genova-cittadini-uniti-per-uno-sviluppo-sostenibile-e-partecipativo\/#breadcrumb\"},\"inLanguage\":\"it-IT\",\"potentialAction\":[{\"@type\":\"ReadAction\",\"target\":[\"https:\/\/www.istitutogalanteoliva.it\/magazine\/2024\/05\/09\/protesta-massiccia-in-liguria-sabato-a-genova-cittadini-uniti-per-uno-sviluppo-sostenibile-e-partecipativo\/\"]}]},{\"@type\":\"ImageObject\",\"inLanguage\":\"it-IT\",\"@id\":\"https:\/\/www.istitutogalanteoliva.it\/magazine\/2024\/05\/09\/protesta-massiccia-in-liguria-sabato-a-genova-cittadini-uniti-per-uno-sviluppo-sostenibile-e-partecipativo\/#primaryimage\",\"url\":\"https:\/\/www.istitutogalanteoliva.it\/magazine\/wp-content\/uploads\/2024\/05\/Genova-1.jpg\",\"contentUrl\":\"https:\/\/www.istitutogalanteoliva.it\/magazine\/wp-content\/uploads\/2024\/05\/Genova-1.jpg\",\"width\":700,\"height\":380},{\"@type\":\"BreadcrumbList\",\"@id\":\"https:\/\/www.istitutogalanteoliva.it\/magazine\/2024\/05\/09\/protesta-massiccia-in-liguria-sabato-a-genova-cittadini-uniti-per-uno-sviluppo-sostenibile-e-partecipativo\/#breadcrumb\",\"itemListElement\":[{\"@type\":\"ListItem\",\"position\":1,\"name\":\"Home\",\"item\":\"https:\/\/www.istitutogalanteoliva.it\/magazine\/\"},{\"@type\":\"ListItem\",\"position\":2,\"name\":\"Protesta massiccia in Liguria. Sabato a Genova cittadini uniti per uno sviluppo sostenibile e partecipativo\"}]},{\"@type\":\"WebSite\",\"@id\":\"https:\/\/www.istitutogalanteoliva.it\/magazine\/#website\",\"url\":\"https:\/\/www.istitutogalanteoliva.it\/magazine\/\",\"name\":\"POLIS SA MAGAZINE\",\"description\":\"Informazione e approfondimenti\",\"publisher\":{\"@id\":\"https:\/\/www.istitutogalanteoliva.it\/magazine\/#organization\"},\"potentialAction\":[{\"@type\":\"SearchAction\",\"target\":{\"@type\":\"EntryPoint\",\"urlTemplate\":\"https:\/\/www.istitutogalanteoliva.it\/magazine\/?s={search_term_string}\"},\"query-input\":{\"@type\":\"PropertyValueSpecification\",\"valueRequired\":true,\"valueName\":\"search_term_string\"}}],\"inLanguage\":\"it-IT\"},{\"@type\":\"Organization\",\"@id\":\"https:\/\/www.istitutogalanteoliva.it\/magazine\/#organization\",\"name\":\"Polis SA Magazine\",\"url\":\"https:\/\/www.istitutogalanteoliva.it\/magazine\/\",\"logo\":{\"@type\":\"ImageObject\",\"inLanguage\":\"it-IT\",\"@id\":\"https:\/\/www.istitutogalanteoliva.it\/magazine\/#\/schema\/logo\/image\/\",\"url\":\"\",\"contentUrl\":\"\",\"caption\":\"Polis SA Magazine\"},\"image\":{\"@id\":\"https:\/\/www.istitutogalanteoliva.it\/magazine\/#\/schema\/logo\/image\/\"},\"sameAs\":[\"https:\/\/www.facebook.com\/PolisSAMagazine\/\",\"https:\/\/x.com\/MagazinePolis\",\"https:\/\/www.youtube.com\/channel\/UCv0Mr5AHKUmsc0sEEXkJrgw\"]},{\"@type\":\"Person\",\"@id\":\"https:\/\/www.istitutogalanteoliva.it\/magazine\/#\/schema\/person\/d8b8aa79cfe8babc1df9da3212a7c0c4\",\"name\":\"Antonello Rivano\",\"image\":{\"@type\":\"ImageObject\",\"inLanguage\":\"it-IT\",\"@id\":\"https:\/\/www.istitutogalanteoliva.it\/magazine\/#\/schema\/person\/image\/\",\"url\":\"https:\/\/secure.gravatar.com\/avatar\/517a9a6487a7a18ecc4ce6d2e57a8f40?s=96&d=mm&r=g\",\"contentUrl\":\"https:\/\/secure.gravatar.com\/avatar\/517a9a6487a7a18ecc4ce6d2e57a8f40?s=96&d=mm&r=g\",\"caption\":\"Antonello Rivano\"},\"url\":\"https:\/\/www.istitutogalanteoliva.it\/magazine\/author\/antonello\/\"}]}<\/script>\n<!-- \/ Yoast SEO plugin. -->","yoast_head_json":{"title":"Protesta massiccia in Liguria. Sabato a Genova cittadini uniti per uno sviluppo sostenibile e partecipativo - Polis SA Magazine","robots":{"index":"index","follow":"follow","max-snippet":"max-snippet:-1","max-image-preview":"max-image-preview:large","max-video-preview":"max-video-preview:-1"},"canonical":"https:\/\/www.istitutogalanteoliva.it\/magazine\/2024\/05\/09\/protesta-massiccia-in-liguria-sabato-a-genova-cittadini-uniti-per-uno-sviluppo-sostenibile-e-partecipativo\/","og_locale":"it_IT","og_type":"article","og_title":"Protesta massiccia in Liguria. Sabato a Genova cittadini uniti per uno sviluppo sostenibile e partecipativo - Polis SA Magazine","og_description":"L'11 Maggio a Genova: un'unione di voci per uno sviluppo responsabile e democratico","og_url":"https:\/\/www.istitutogalanteoliva.it\/magazine\/2024\/05\/09\/protesta-massiccia-in-liguria-sabato-a-genova-cittadini-uniti-per-uno-sviluppo-sostenibile-e-partecipativo\/","og_site_name":"Polis SA Magazine","article_publisher":"https:\/\/www.facebook.com\/PolisSAMagazine\/","article_published_time":"2024-05-09T14:50:40+00:00","article_modified_time":"2024-05-09T14:54:29+00:00","og_image":[{"width":700,"height":380,"url":"https:\/\/www.istitutogalanteoliva.it\/magazine\/wp-content\/uploads\/2024\/05\/Genova-1.jpg","type":"image\/jpeg"}],"author":"Antonello Rivano","twitter_card":"summary_large_image","twitter_creator":"@MagazinePolis","twitter_site":"@MagazinePolis","twitter_misc":{"Scritto da":"Antonello Rivano","Tempo di lettura stimato":"7 minuti"},"schema":{"@context":"https:\/\/schema.org","@graph":[{"@type":"Article","@id":"https:\/\/www.istitutogalanteoliva.it\/magazine\/2024\/05\/09\/protesta-massiccia-in-liguria-sabato-a-genova-cittadini-uniti-per-uno-sviluppo-sostenibile-e-partecipativo\/#article","isPartOf":{"@id":"https:\/\/www.istitutogalanteoliva.it\/magazine\/2024\/05\/09\/protesta-massiccia-in-liguria-sabato-a-genova-cittadini-uniti-per-uno-sviluppo-sostenibile-e-partecipativo\/"},"author":{"name":"Antonello Rivano","@id":"https:\/\/www.istitutogalanteoliva.it\/magazine\/#\/schema\/person\/d8b8aa79cfe8babc1df9da3212a7c0c4"},"headline":"Protesta massiccia in Liguria. Sabato a Genova cittadini uniti per uno sviluppo sostenibile e partecipativo","datePublished":"2024-05-09T14:50:40+00:00","dateModified":"2024-05-09T14:54:29+00:00","mainEntityOfPage":{"@id":"https:\/\/www.istitutogalanteoliva.it\/magazine\/2024\/05\/09\/protesta-massiccia-in-liguria-sabato-a-genova-cittadini-uniti-per-uno-sviluppo-sostenibile-e-partecipativo\/"},"wordCount":598,"publisher":{"@id":"https:\/\/www.istitutogalanteoliva.it\/magazine\/#organization"},"image":{"@id":"https:\/\/www.istitutogalanteoliva.it\/magazine\/2024\/05\/09\/protesta-massiccia-in-liguria-sabato-a-genova-cittadini-uniti-per-uno-sviluppo-sostenibile-e-partecipativo\/#primaryimage"},"thumbnailUrl":"https:\/\/www.istitutogalanteoliva.it\/magazine\/wp-content\/uploads\/2024\/05\/Genova-1.jpg","keywords":["associazioni","comitati","proteste"],"articleSection":["2024","Attualit\u00e0","Liguria"],"inLanguage":"it-IT"},{"@type":"WebPage","@id":"https:\/\/www.istitutogalanteoliva.it\/magazine\/2024\/05\/09\/protesta-massiccia-in-liguria-sabato-a-genova-cittadini-uniti-per-uno-sviluppo-sostenibile-e-partecipativo\/","url":"https:\/\/www.istitutogalanteoliva.it\/magazine\/2024\/05\/09\/protesta-massiccia-in-liguria-sabato-a-genova-cittadini-uniti-per-uno-sviluppo-sostenibile-e-partecipativo\/","name":"Protesta massiccia in Liguria. Sabato a Genova cittadini uniti per uno sviluppo sostenibile e partecipativo - Polis SA Magazine","isPartOf":{"@id":"https:\/\/www.istitutogalanteoliva.it\/magazine\/#website"},"primaryImageOfPage":{"@id":"https:\/\/www.istitutogalanteoliva.it\/magazine\/2024\/05\/09\/protesta-massiccia-in-liguria-sabato-a-genova-cittadini-uniti-per-uno-sviluppo-sostenibile-e-partecipativo\/#primaryimage"},"image":{"@id":"https:\/\/www.istitutogalanteoliva.it\/magazine\/2024\/05\/09\/protesta-massiccia-in-liguria-sabato-a-genova-cittadini-uniti-per-uno-sviluppo-sostenibile-e-partecipativo\/#primaryimage"},"thumbnailUrl":"https:\/\/www.istitutogalanteoliva.it\/magazine\/wp-content\/uploads\/2024\/05\/Genova-1.jpg","datePublished":"2024-05-09T14:50:40+00:00","dateModified":"2024-05-09T14:54:29+00:00","breadcrumb":{"@id":"https:\/\/www.istitutogalanteoliva.it\/magazine\/2024\/05\/09\/protesta-massiccia-in-liguria-sabato-a-genova-cittadini-uniti-per-uno-sviluppo-sostenibile-e-partecipativo\/#breadcrumb"},"inLanguage":"it-IT","potentialAction":[{"@type":"ReadAction","target":["https:\/\/www.istitutogalanteoliva.it\/magazine\/2024\/05\/09\/protesta-massiccia-in-liguria-sabato-a-genova-cittadini-uniti-per-uno-sviluppo-sostenibile-e-partecipativo\/"]}]},{"@type":"ImageObject","inLanguage":"it-IT","@id":"https:\/\/www.istitutogalanteoliva.it\/magazine\/2024\/05\/09\/protesta-massiccia-in-liguria-sabato-a-genova-cittadini-uniti-per-uno-sviluppo-sostenibile-e-partecipativo\/#primaryimage","url":"https:\/\/www.istitutogalanteoliva.it\/magazine\/wp-content\/uploads\/2024\/05\/Genova-1.jpg","contentUrl":"https:\/\/www.istitutogalanteoliva.it\/magazine\/wp-content\/uploads\/2024\/05\/Genova-1.jpg","width":700,"height":380},{"@type":"BreadcrumbList","@id":"https:\/\/www.istitutogalanteoliva.it\/magazine\/2024\/05\/09\/protesta-massiccia-in-liguria-sabato-a-genova-cittadini-uniti-per-uno-sviluppo-sostenibile-e-partecipativo\/#breadcrumb","itemListElement":[{"@type":"ListItem","position":1,"name":"Home","item":"https:\/\/www.istitutogalanteoliva.it\/magazine\/"},{"@type":"ListItem","position":2,"name":"Protesta massiccia in Liguria. Sabato a Genova cittadini uniti per uno sviluppo sostenibile e partecipativo"}]},{"@type":"WebSite","@id":"https:\/\/www.istitutogalanteoliva.it\/magazine\/#website","url":"https:\/\/www.istitutogalanteoliva.it\/magazine\/","name":"POLIS SA MAGAZINE","description":"Informazione e approfondimenti","publisher":{"@id":"https:\/\/www.istitutogalanteoliva.it\/magazine\/#organization"},"potentialAction":[{"@type":"SearchAction","target":{"@type":"EntryPoint","urlTemplate":"https:\/\/www.istitutogalanteoliva.it\/magazine\/?s={search_term_string}"},"query-input":{"@type":"PropertyValueSpecification","valueRequired":true,"valueName":"search_term_string"}}],"inLanguage":"it-IT"},{"@type":"Organization","@id":"https:\/\/www.istitutogalanteoliva.it\/magazine\/#organization","name":"Polis SA Magazine","url":"https:\/\/www.istitutogalanteoliva.it\/magazine\/","logo":{"@type":"ImageObject","inLanguage":"it-IT","@id":"https:\/\/www.istitutogalanteoliva.it\/magazine\/#\/schema\/logo\/image\/","url":"","contentUrl":"","caption":"Polis SA Magazine"},"image":{"@id":"https:\/\/www.istitutogalanteoliva.it\/magazine\/#\/schema\/logo\/image\/"},"sameAs":["https:\/\/www.facebook.com\/PolisSAMagazine\/","https:\/\/x.com\/MagazinePolis","https:\/\/www.youtube.com\/channel\/UCv0Mr5AHKUmsc0sEEXkJrgw"]},{"@type":"Person","@id":"https:\/\/www.istitutogalanteoliva.it\/magazine\/#\/schema\/person\/d8b8aa79cfe8babc1df9da3212a7c0c4","name":"Antonello Rivano","image":{"@type":"ImageObject","inLanguage":"it-IT","@id":"https:\/\/www.istitutogalanteoliva.it\/magazine\/#\/schema\/person\/image\/","url":"https:\/\/secure.gravatar.com\/avatar\/517a9a6487a7a18ecc4ce6d2e57a8f40?s=96&d=mm&r=g","contentUrl":"https:\/\/secure.gravatar.com\/avatar\/517a9a6487a7a18ecc4ce6d2e57a8f40?s=96&d=mm&r=g","caption":"Antonello Rivano"},"url":"https:\/\/www.istitutogalanteoliva.it\/magazine\/author\/antonello\/"}]}},"_links":{"self":[{"href":"https:\/\/www.istitutogalanteoliva.it\/magazine\/wp-json\/wp\/v2\/posts\/15284","targetHints":{"allow":["GET"]}}],"collection":[{"href":"https:\/\/www.istitutogalanteoliva.it\/magazine\/wp-json\/wp\/v2\/posts"}],"about":[{"href":"https:\/\/www.istitutogalanteoliva.it\/magazine\/wp-json\/wp\/v2\/types\/post"}],"author":[{"embeddable":true,"href":"https:\/\/www.istitutogalanteoliva.it\/magazine\/wp-json\/wp\/v2\/users\/2"}],"replies":[{"embeddable":true,"href":"https:\/\/www.istitutogalanteoliva.it\/magazine\/wp-json\/wp\/v2\/comments?post=15284"}],"version-history":[{"count":3,"href":"https:\/\/www.istitutogalanteoliva.it\/magazine\/wp-json\/wp\/v2\/posts\/15284\/revisions"}],"predecessor-version":[{"id":15291,"href":"https:\/\/www.istitutogalanteoliva.it\/magazine\/wp-json\/wp\/v2\/posts\/15284\/revisions\/15291"}],"wp:featuredmedia":[{"embeddable":true,"href":"https:\/\/www.istitutogalanteoliva.it\/magazine\/wp-json\/wp\/v2\/media\/15292"}],"wp:attachment":[{"href":"https:\/\/www.istitutogalanteoliva.it\/magazine\/wp-json\/wp\/v2\/media?parent=15284"}],"wp:term":[{"taxonomy":"category","embeddable":true,"href":"https:\/\/www.istitutogalanteoliva.it\/magazine\/wp-json\/wp\/v2\/categories?post=15284"},{"taxonomy":"post_tag","embeddable":true,"href":"https:\/\/www.istitutogalanteoliva.it\/magazine\/wp-json\/wp\/v2\/tags?post=15284"}],"curies":[{"name":"wp","href":"https:\/\/api.w.org\/{rel}","templated":true}]}}