{"id":15579,"date":"2024-08-14T15:25:04","date_gmt":"2024-08-14T13:25:04","guid":{"rendered":"https:\/\/www.istitutogalanteoliva.it\/magazine\/?p=15579"},"modified":"2024-08-14T15:30:29","modified_gmt":"2024-08-14T13:30:29","slug":"la-sardegna-in-difesa-del-territorio-lincontro-del-19-agosto-a-portoscuso-e-la-raccolta-firme-per-proteggere-lisola","status":"publish","type":"post","link":"https:\/\/www.istitutogalanteoliva.it\/magazine\/2024\/08\/14\/la-sardegna-in-difesa-del-territorio-lincontro-del-19-agosto-a-portoscuso-e-la-raccolta-firme-per-proteggere-lisola\/","title":{"rendered":"La Sardegna in difesa del territorio: l&#8217;incontro del 19 agosto a Portoscuso e la raccolta firme per proteggere l&#8217;isola"},"content":{"rendered":"\n<p>Di Antonello Rivano<\/p>\n\n\n\n<p>La lotta contro la speculazione energetica in Sardegna ha raggiunto un momento cruciale, con una mobilitazione popolare in continua crescita che si oppone fermamente all&#8217;installazione indiscriminata di impianti eolici e fotovoltaici sull&#8217;isola. Questo movimento, che coinvolge cittadini, comitati locali e amministrazioni comunali, riflette un crescente malcontento verso le politiche energetiche nazionali e sottolinea la necessit\u00e0 di una gestione territoriale che rispetti l&#8217;autonomia regionale.<\/p>\n\n\n\n<p>Un appuntamento di grande importanza in questo scenario \u00e8 l&#8217;incontro intitolato &#8220;Pale a mare. Come salvare l&#8217;Isola?&#8221;, previsto per il 19 agosto alle ore 19:30 presso l&#8217;antica Tonnara &#8220;Su Pranu&#8221; di Portoscuso. L&#8217;evento, organizzato dal comune di Portoscuso in collaborazione con il comitato &#8220;No speculazione energetica Carloforte&#8221;, vedr\u00e0 la partecipazione di figure chiave della comunit\u00e0 e delle istituzioni locali. Tra i partecipanti, Don Antonio Mura, parroco di Portoscuso; Ignazio Atzori, sindaco di Portoscuso; Stefano Rombi, sindaco di Carloforte; Salvatore Obino, presidente del comitato &#8220;No speculazione energetica Carloforte&#8221;; e Rolando Marroccu, portavoce del comitato tecnico &#8220;Sardegna sostenibile&#8221;. Il dibattito sar\u00e0 moderato dalla giornalista Susanna Lavazza, e si concentrer\u00e0 sulle criticit\u00e0 legate al progetto di parco eolico flottante proposto da Ichnusa Wind Power.<\/p>\n\n\n<div class=\"wp-block-image\">\n<figure class=\"aligncenter size-large is-resized\"><img loading=\"lazy\" decoding=\"async\" width=\"724\" height=\"1024\" src=\"https:\/\/www.istitutogalanteoliva.it\/magazine\/wp-content\/uploads\/2024\/08\/Immagine-WhatsApp-2024-08-11-ore-16.10.55_9b4ea1f2-724x1024.jpg\" alt=\"\" class=\"wp-image-15582\" style=\"width:306px;height:auto\" srcset=\"https:\/\/www.istitutogalanteoliva.it\/magazine\/wp-content\/uploads\/2024\/08\/Immagine-WhatsApp-2024-08-11-ore-16.10.55_9b4ea1f2-724x1024.jpg 724w, https:\/\/www.istitutogalanteoliva.it\/magazine\/wp-content\/uploads\/2024\/08\/Immagine-WhatsApp-2024-08-11-ore-16.10.55_9b4ea1f2-212x300.jpg 212w, https:\/\/www.istitutogalanteoliva.it\/magazine\/wp-content\/uploads\/2024\/08\/Immagine-WhatsApp-2024-08-11-ore-16.10.55_9b4ea1f2-768x1086.jpg 768w, https:\/\/www.istitutogalanteoliva.it\/magazine\/wp-content\/uploads\/2024\/08\/Immagine-WhatsApp-2024-08-11-ore-16.10.55_9b4ea1f2-1086x1536.jpg 1086w, https:\/\/www.istitutogalanteoliva.it\/magazine\/wp-content\/uploads\/2024\/08\/Immagine-WhatsApp-2024-08-11-ore-16.10.55_9b4ea1f2-1024x1449.jpg 1024w, https:\/\/www.istitutogalanteoliva.it\/magazine\/wp-content\/uploads\/2024\/08\/Immagine-WhatsApp-2024-08-11-ore-16.10.55_9b4ea1f2.jpg 1131w\" sizes=\"auto, (max-width: 724px) 100vw, 724px\" \/><\/figure><\/div>\n\n\n<p>Questo progetto ha sollevato allarmi significativi tra i residenti e i rappresentanti locali, che paventano gravi e irreparabili conseguenze per l&#8217;ambiente marino, in particolare per le specie ittiche e la flora marina, come la posidonia, che svolge un ruolo essenziale nell&#8217;ecosistema costiero. Le preoccupazioni non si limitano all&#8217;ambiente naturale: i rischi comprendono anche danni irreversibili al paesaggio, alla cultura e al patrimonio archeologico della Sardegna sud-occidentale. Questi impatti potrebbero compromettere profondamente l&#8217;identit\u00e0 e le tradizioni storiche della regione, causando un grave danno immateriale che si rifletterebbe negativamente anche sulle storiche Tonnare, simbolo della tradizione locale, sul turismo, e sulle nuove attivit\u00e0 economiche ad esso legate. La realizzazione del progetto, quindi, rischia di alterare in modo significativo l&#8217;equilibrio tra sviluppo economico e conservazione del patrimonio culturale.<\/p>\n\n\n\n<p>Nel frattempo, cresce anche la mobilitazione attorno alla legge di iniziativa popolare &#8220;Pratobello 24&#8221;, che ha gi\u00e0 raccolto oltre 10.000 firme, superando il numero necessario per essere presentata al Consiglio regionale. Questa proposta di legge \u00e8 stata concepita per regolamentare l&#8217;espansione degli impianti eolici e fotovoltaici sull&#8217;isola, con l&#8217;obiettivo di evitare una proliferazione incontrollata e di proteggere le aree di alto valore paesaggistico, culturale e ambientale. Il nome &#8220;Pratobello 24&#8221; richiama la storica resistenza della popolazione di Orgosolo, che nel 1969 si oppose con successo alla militarizzazione del proprio territorio, e oggi rappresenta simbolicamente la determinazione dei sardi a difendere il proprio territorio da iniziative percepite come invasive e speculative.<\/p>\n\n\n\n<p>Il sindaco di Carloforte, Stefano Rombi, ha recentemente espresso la sua posizione in merito a queste problematiche attraverso il suo profilo Facebook, sottolineando che &#8220;<em>le comunit\u00e0 locali hanno il diritto di essere coinvolte e di esprimere la propria opinione su progetti che potrebbero avere un impatto cos\u00ec significativo sul territorio.&#8221; Ha inoltre ribadito l&#8217;importanza di non permettere che decisioni di tale portata vengano prese &#8220;senza il consenso delle popolazioni direttamente interessate<\/em>&#8220;. Rombi ha anche invitato i suoi concittadini a partecipare attivamente alla raccolta firme per &#8220;Pratobello 24&#8221;, sottolineando che \u00e8 possibile firmare presso il Comune di Carloforte. &#8220;<em>\u00c8 fondamentale che la voce dei cittadini e delle istituzioni locali venga ascoltata e rispettata<\/em>,&#8221; ha aggiunto, evidenziando la necessit\u00e0 di una gestione autonoma delle scelte che riguardano il futuro della Sardegna.<\/p>\n\n\n\n<p>Queste dichiarazioni risuonano fortemente nel contesto dell&#8217;incontro di Portoscuso, dove il sindaco sar\u00e0 uno dei protagonisti del dibattito sulla difesa del territorio contro la speculazione energetica. Le sue parole riflettono un sentimento diffuso tra le comunit\u00e0 locali: il desiderio di avere un ruolo attivo nelle decisioni che influenzano il loro ambiente e la loro cultura.<\/p>\n\n\n\n<p>L&#8217;incontro di Portoscuso e la raccolta firme per &#8220;Pratobello 24&#8221; rappresentano due manifestazioni di una battaglia pi\u00f9 ampia per la difesa del territorio sardo. In un momento in cui la transizione energetica \u00e8 vista come necessaria, la Sardegna chiede di poterla gestire in modo autonomo, nel rispetto del proprio ambiente, della propria cultura e delle proprie tradizioni. Attraverso un&#8217;azione collettiva e determinata, i sardi stanno cercando di affermare il loro diritto a decidere il futuro della propria isola, con un equilibrio tra sviluppo sostenibile e tutela del patrimonio unico che caratterizza questa regione.<\/p>\n\n\n\n<p class=\"has-text-align-left\"><img loading=\"lazy\" decoding=\"async\" width=\"80\" height=\"80\" class=\"wp-image-15584\" style=\"width: 80px;\" src=\"https:\/\/www.istitutogalanteoliva.it\/magazine\/wp-content\/uploads\/2024\/08\/anto.png\" alt=\"\" srcset=\"https:\/\/www.istitutogalanteoliva.it\/magazine\/wp-content\/uploads\/2024\/08\/anto.png 247w, https:\/\/www.istitutogalanteoliva.it\/magazine\/wp-content\/uploads\/2024\/08\/anto-150x150.png 150w\" sizes=\"auto, (max-width: 80px) 100vw, 80px\" \/><em><mark style=\"background-color:rgba(0, 0, 0, 0)\" class=\"has-inline-color has-black-color\"><strong><a href=\"https:\/\/www.istitutogalanteoliva\/antonello-rivano-2\/\">Antonello Rivano<\/a><\/strong><\/mark><\/em><br><sup><strong>Direttore di redazione\/coordinatore nazionale<\/strong> <strong><em>Polis SA Magazine<\/em><\/strong><\/sup><br><\/p>\n<div class=\"pdfprnt-buttons pdfprnt-buttons-post pdfprnt-bottom-left\"><a href=\"https:\/\/www.istitutogalanteoliva.it\/magazine\/wp-json\/wp\/v2\/posts\/15579?print=print\" class=\"pdfprnt-button pdfprnt-button-print\" target=\"_blank\"><img decoding=\"async\" src=\"https:\/\/www.istitutogalanteoliva.it\/magazine\/wp-content\/plugins\/pdf-print\/images\/print.png\" alt=\"image_print\" title=\"Stampa contenuto\" \/><span class=\"pdfprnt-button-title pdfprnt-button-print-title\">Download in PDF<\/span><\/a><\/div>","protected":false},"excerpt":{"rendered":"<p>A Portoscuso si discuter\u00e0 dei rischi della speculazione energetica, mentre continua la raccolta firme per la legge Pratobello 24. Il sindaco di Carloforte invita i suoi concittadini a firmare per salvaguardare il territorio.<\/p>\n","protected":false},"author":2,"featured_media":15588,"comment_status":"closed","ping_status":"open","sticky":true,"template":"","format":"standard","meta":{"footnotes":""},"categories":[872,6,209],"tags":[87,811,1091,1090,1092,1089],"class_list":["post-15579","post","type-post","status-publish","format-standard","has-post-thumbnail","hentry","category-872","category-ambiente","category-sardegna","tag-carloforte","tag-convegno","tag-legge-di-iniziativa-popolare-pratobello-24","tag-portoscuso","tag-raccolta-firme","tag-speculazione-energetica"],"yoast_head":"<!-- This site is optimized with the Yoast SEO plugin v24.2 - https:\/\/yoast.com\/wordpress\/plugins\/seo\/ -->\n<title>La Sardegna in difesa del territorio: l&#039;incontro del 19 agosto a Portoscuso e la raccolta firme per proteggere l&#039;isola - Polis SA Magazine<\/title>\n<meta name=\"robots\" content=\"index, follow, max-snippet:-1, max-image-preview:large, max-video-preview:-1\" \/>\n<link rel=\"canonical\" href=\"https:\/\/www.istitutogalanteoliva.it\/magazine\/2024\/08\/14\/la-sardegna-in-difesa-del-territorio-lincontro-del-19-agosto-a-portoscuso-e-la-raccolta-firme-per-proteggere-lisola\/\" \/>\n<meta property=\"og:locale\" content=\"it_IT\" \/>\n<meta property=\"og:type\" content=\"article\" \/>\n<meta property=\"og:title\" content=\"La Sardegna in difesa del territorio: l&#039;incontro del 19 agosto a Portoscuso e la raccolta firme per proteggere l&#039;isola - Polis SA Magazine\" \/>\n<meta property=\"og:description\" content=\"A Portoscuso si discuter\u00e0 dei rischi della speculazione energetica, mentre continua la raccolta firme per la legge Pratobello 24. Il sindaco di Carloforte invita i suoi concittadini a firmare per salvaguardare il territorio.\" \/>\n<meta property=\"og:url\" content=\"https:\/\/www.istitutogalanteoliva.it\/magazine\/2024\/08\/14\/la-sardegna-in-difesa-del-territorio-lincontro-del-19-agosto-a-portoscuso-e-la-raccolta-firme-per-proteggere-lisola\/\" \/>\n<meta property=\"og:site_name\" content=\"Polis SA Magazine\" \/>\n<meta property=\"article:publisher\" content=\"https:\/\/www.facebook.com\/PolisSAMagazine\/\" \/>\n<meta property=\"article:published_time\" content=\"2024-08-14T13:25:04+00:00\" \/>\n<meta property=\"article:modified_time\" content=\"2024-08-14T13:30:29+00:00\" \/>\n<meta property=\"og:image\" content=\"https:\/\/www.istitutogalanteoliva.it\/magazine\/wp-content\/uploads\/2024\/08\/pale.jpg\" \/>\n\t<meta property=\"og:image:width\" content=\"700\" \/>\n\t<meta property=\"og:image:height\" content=\"380\" \/>\n\t<meta property=\"og:image:type\" content=\"image\/jpeg\" \/>\n<meta name=\"author\" content=\"Antonello Rivano\" \/>\n<meta name=\"twitter:card\" content=\"summary_large_image\" \/>\n<meta name=\"twitter:creator\" content=\"@MagazinePolis\" \/>\n<meta name=\"twitter:site\" content=\"@MagazinePolis\" \/>\n<meta name=\"twitter:label1\" content=\"Scritto da\" \/>\n\t<meta name=\"twitter:data1\" content=\"Antonello Rivano\" \/>\n\t<meta name=\"twitter:label2\" content=\"Tempo di lettura stimato\" \/>\n\t<meta name=\"twitter:data2\" content=\"9 minuti\" \/>\n<script type=\"application\/ld+json\" class=\"yoast-schema-graph\">{\"@context\":\"https:\/\/schema.org\",\"@graph\":[{\"@type\":\"Article\",\"@id\":\"https:\/\/www.istitutogalanteoliva.it\/magazine\/2024\/08\/14\/la-sardegna-in-difesa-del-territorio-lincontro-del-19-agosto-a-portoscuso-e-la-raccolta-firme-per-proteggere-lisola\/#article\",\"isPartOf\":{\"@id\":\"https:\/\/www.istitutogalanteoliva.it\/magazine\/2024\/08\/14\/la-sardegna-in-difesa-del-territorio-lincontro-del-19-agosto-a-portoscuso-e-la-raccolta-firme-per-proteggere-lisola\/\"},\"author\":{\"name\":\"Antonello Rivano\",\"@id\":\"https:\/\/www.istitutogalanteoliva.it\/magazine\/#\/schema\/person\/d8b8aa79cfe8babc1df9da3212a7c0c4\"},\"headline\":\"La Sardegna in difesa del territorio: l&#8217;incontro del 19 agosto a Portoscuso e la raccolta firme per proteggere l&#8217;isola\",\"datePublished\":\"2024-08-14T13:25:04+00:00\",\"dateModified\":\"2024-08-14T13:30:29+00:00\",\"mainEntityOfPage\":{\"@id\":\"https:\/\/www.istitutogalanteoliva.it\/magazine\/2024\/08\/14\/la-sardegna-in-difesa-del-territorio-lincontro-del-19-agosto-a-portoscuso-e-la-raccolta-firme-per-proteggere-lisola\/\"},\"wordCount\":704,\"publisher\":{\"@id\":\"https:\/\/www.istitutogalanteoliva.it\/magazine\/#organization\"},\"image\":{\"@id\":\"https:\/\/www.istitutogalanteoliva.it\/magazine\/2024\/08\/14\/la-sardegna-in-difesa-del-territorio-lincontro-del-19-agosto-a-portoscuso-e-la-raccolta-firme-per-proteggere-lisola\/#primaryimage\"},\"thumbnailUrl\":\"https:\/\/www.istitutogalanteoliva.it\/magazine\/wp-content\/uploads\/2024\/08\/pale.jpg\",\"keywords\":[\"Carloforte\",\"Convegno\",\"legge di iniziativa popolare \\\"Pratobello 24\\\"\",\"Portoscuso\",\"Raccolta firme\",\"Speculazione energetica\"],\"articleSection\":[\"2024\",\"Ambiente\",\"Sardegna\"],\"inLanguage\":\"it-IT\"},{\"@type\":\"WebPage\",\"@id\":\"https:\/\/www.istitutogalanteoliva.it\/magazine\/2024\/08\/14\/la-sardegna-in-difesa-del-territorio-lincontro-del-19-agosto-a-portoscuso-e-la-raccolta-firme-per-proteggere-lisola\/\",\"url\":\"https:\/\/www.istitutogalanteoliva.it\/magazine\/2024\/08\/14\/la-sardegna-in-difesa-del-territorio-lincontro-del-19-agosto-a-portoscuso-e-la-raccolta-firme-per-proteggere-lisola\/\",\"name\":\"La Sardegna in difesa del territorio: l'incontro del 19 agosto a Portoscuso e la raccolta firme per proteggere l'isola - Polis SA Magazine\",\"isPartOf\":{\"@id\":\"https:\/\/www.istitutogalanteoliva.it\/magazine\/#website\"},\"primaryImageOfPage\":{\"@id\":\"https:\/\/www.istitutogalanteoliva.it\/magazine\/2024\/08\/14\/la-sardegna-in-difesa-del-territorio-lincontro-del-19-agosto-a-portoscuso-e-la-raccolta-firme-per-proteggere-lisola\/#primaryimage\"},\"image\":{\"@id\":\"https:\/\/www.istitutogalanteoliva.it\/magazine\/2024\/08\/14\/la-sardegna-in-difesa-del-territorio-lincontro-del-19-agosto-a-portoscuso-e-la-raccolta-firme-per-proteggere-lisola\/#primaryimage\"},\"thumbnailUrl\":\"https:\/\/www.istitutogalanteoliva.it\/magazine\/wp-content\/uploads\/2024\/08\/pale.jpg\",\"datePublished\":\"2024-08-14T13:25:04+00:00\",\"dateModified\":\"2024-08-14T13:30:29+00:00\",\"breadcrumb\":{\"@id\":\"https:\/\/www.istitutogalanteoliva.it\/magazine\/2024\/08\/14\/la-sardegna-in-difesa-del-territorio-lincontro-del-19-agosto-a-portoscuso-e-la-raccolta-firme-per-proteggere-lisola\/#breadcrumb\"},\"inLanguage\":\"it-IT\",\"potentialAction\":[{\"@type\":\"ReadAction\",\"target\":[\"https:\/\/www.istitutogalanteoliva.it\/magazine\/2024\/08\/14\/la-sardegna-in-difesa-del-territorio-lincontro-del-19-agosto-a-portoscuso-e-la-raccolta-firme-per-proteggere-lisola\/\"]}]},{\"@type\":\"ImageObject\",\"inLanguage\":\"it-IT\",\"@id\":\"https:\/\/www.istitutogalanteoliva.it\/magazine\/2024\/08\/14\/la-sardegna-in-difesa-del-territorio-lincontro-del-19-agosto-a-portoscuso-e-la-raccolta-firme-per-proteggere-lisola\/#primaryimage\",\"url\":\"https:\/\/www.istitutogalanteoliva.it\/magazine\/wp-content\/uploads\/2024\/08\/pale.jpg\",\"contentUrl\":\"https:\/\/www.istitutogalanteoliva.it\/magazine\/wp-content\/uploads\/2024\/08\/pale.jpg\",\"width\":700,\"height\":380},{\"@type\":\"BreadcrumbList\",\"@id\":\"https:\/\/www.istitutogalanteoliva.it\/magazine\/2024\/08\/14\/la-sardegna-in-difesa-del-territorio-lincontro-del-19-agosto-a-portoscuso-e-la-raccolta-firme-per-proteggere-lisola\/#breadcrumb\",\"itemListElement\":[{\"@type\":\"ListItem\",\"position\":1,\"name\":\"Home\",\"item\":\"https:\/\/www.istitutogalanteoliva.it\/magazine\/\"},{\"@type\":\"ListItem\",\"position\":2,\"name\":\"La Sardegna in difesa del territorio: l&#8217;incontro del 19 agosto a Portoscuso e la raccolta firme per proteggere l&#8217;isola\"}]},{\"@type\":\"WebSite\",\"@id\":\"https:\/\/www.istitutogalanteoliva.it\/magazine\/#website\",\"url\":\"https:\/\/www.istitutogalanteoliva.it\/magazine\/\",\"name\":\"POLIS SA MAGAZINE\",\"description\":\"Informazione e approfondimenti\",\"publisher\":{\"@id\":\"https:\/\/www.istitutogalanteoliva.it\/magazine\/#organization\"},\"potentialAction\":[{\"@type\":\"SearchAction\",\"target\":{\"@type\":\"EntryPoint\",\"urlTemplate\":\"https:\/\/www.istitutogalanteoliva.it\/magazine\/?s={search_term_string}\"},\"query-input\":{\"@type\":\"PropertyValueSpecification\",\"valueRequired\":true,\"valueName\":\"search_term_string\"}}],\"inLanguage\":\"it-IT\"},{\"@type\":\"Organization\",\"@id\":\"https:\/\/www.istitutogalanteoliva.it\/magazine\/#organization\",\"name\":\"Polis SA Magazine\",\"url\":\"https:\/\/www.istitutogalanteoliva.it\/magazine\/\",\"logo\":{\"@type\":\"ImageObject\",\"inLanguage\":\"it-IT\",\"@id\":\"https:\/\/www.istitutogalanteoliva.it\/magazine\/#\/schema\/logo\/image\/\",\"url\":\"\",\"contentUrl\":\"\",\"caption\":\"Polis SA Magazine\"},\"image\":{\"@id\":\"https:\/\/www.istitutogalanteoliva.it\/magazine\/#\/schema\/logo\/image\/\"},\"sameAs\":[\"https:\/\/www.facebook.com\/PolisSAMagazine\/\",\"https:\/\/x.com\/MagazinePolis\",\"https:\/\/www.youtube.com\/channel\/UCv0Mr5AHKUmsc0sEEXkJrgw\"]},{\"@type\":\"Person\",\"@id\":\"https:\/\/www.istitutogalanteoliva.it\/magazine\/#\/schema\/person\/d8b8aa79cfe8babc1df9da3212a7c0c4\",\"name\":\"Antonello Rivano\",\"image\":{\"@type\":\"ImageObject\",\"inLanguage\":\"it-IT\",\"@id\":\"https:\/\/www.istitutogalanteoliva.it\/magazine\/#\/schema\/person\/image\/\",\"url\":\"https:\/\/secure.gravatar.com\/avatar\/517a9a6487a7a18ecc4ce6d2e57a8f40?s=96&d=mm&r=g\",\"contentUrl\":\"https:\/\/secure.gravatar.com\/avatar\/517a9a6487a7a18ecc4ce6d2e57a8f40?s=96&d=mm&r=g\",\"caption\":\"Antonello Rivano\"},\"url\":\"https:\/\/www.istitutogalanteoliva.it\/magazine\/author\/antonello\/\"}]}<\/script>\n<!-- \/ Yoast SEO plugin. -->","yoast_head_json":{"title":"La Sardegna in difesa del territorio: l'incontro del 19 agosto a Portoscuso e la raccolta firme per proteggere l'isola - Polis SA Magazine","robots":{"index":"index","follow":"follow","max-snippet":"max-snippet:-1","max-image-preview":"max-image-preview:large","max-video-preview":"max-video-preview:-1"},"canonical":"https:\/\/www.istitutogalanteoliva.it\/magazine\/2024\/08\/14\/la-sardegna-in-difesa-del-territorio-lincontro-del-19-agosto-a-portoscuso-e-la-raccolta-firme-per-proteggere-lisola\/","og_locale":"it_IT","og_type":"article","og_title":"La Sardegna in difesa del territorio: l'incontro del 19 agosto a Portoscuso e la raccolta firme per proteggere l'isola - Polis SA Magazine","og_description":"A Portoscuso si discuter\u00e0 dei rischi della speculazione energetica, mentre continua la raccolta firme per la legge Pratobello 24. Il sindaco di Carloforte invita i suoi concittadini a firmare per salvaguardare il territorio.","og_url":"https:\/\/www.istitutogalanteoliva.it\/magazine\/2024\/08\/14\/la-sardegna-in-difesa-del-territorio-lincontro-del-19-agosto-a-portoscuso-e-la-raccolta-firme-per-proteggere-lisola\/","og_site_name":"Polis SA Magazine","article_publisher":"https:\/\/www.facebook.com\/PolisSAMagazine\/","article_published_time":"2024-08-14T13:25:04+00:00","article_modified_time":"2024-08-14T13:30:29+00:00","og_image":[{"width":700,"height":380,"url":"https:\/\/www.istitutogalanteoliva.it\/magazine\/wp-content\/uploads\/2024\/08\/pale.jpg","type":"image\/jpeg"}],"author":"Antonello Rivano","twitter_card":"summary_large_image","twitter_creator":"@MagazinePolis","twitter_site":"@MagazinePolis","twitter_misc":{"Scritto da":"Antonello Rivano","Tempo di lettura stimato":"9 minuti"},"schema":{"@context":"https:\/\/schema.org","@graph":[{"@type":"Article","@id":"https:\/\/www.istitutogalanteoliva.it\/magazine\/2024\/08\/14\/la-sardegna-in-difesa-del-territorio-lincontro-del-19-agosto-a-portoscuso-e-la-raccolta-firme-per-proteggere-lisola\/#article","isPartOf":{"@id":"https:\/\/www.istitutogalanteoliva.it\/magazine\/2024\/08\/14\/la-sardegna-in-difesa-del-territorio-lincontro-del-19-agosto-a-portoscuso-e-la-raccolta-firme-per-proteggere-lisola\/"},"author":{"name":"Antonello Rivano","@id":"https:\/\/www.istitutogalanteoliva.it\/magazine\/#\/schema\/person\/d8b8aa79cfe8babc1df9da3212a7c0c4"},"headline":"La Sardegna in difesa del territorio: l&#8217;incontro del 19 agosto a Portoscuso e la raccolta firme per proteggere l&#8217;isola","datePublished":"2024-08-14T13:25:04+00:00","dateModified":"2024-08-14T13:30:29+00:00","mainEntityOfPage":{"@id":"https:\/\/www.istitutogalanteoliva.it\/magazine\/2024\/08\/14\/la-sardegna-in-difesa-del-territorio-lincontro-del-19-agosto-a-portoscuso-e-la-raccolta-firme-per-proteggere-lisola\/"},"wordCount":704,"publisher":{"@id":"https:\/\/www.istitutogalanteoliva.it\/magazine\/#organization"},"image":{"@id":"https:\/\/www.istitutogalanteoliva.it\/magazine\/2024\/08\/14\/la-sardegna-in-difesa-del-territorio-lincontro-del-19-agosto-a-portoscuso-e-la-raccolta-firme-per-proteggere-lisola\/#primaryimage"},"thumbnailUrl":"https:\/\/www.istitutogalanteoliva.it\/magazine\/wp-content\/uploads\/2024\/08\/pale.jpg","keywords":["Carloforte","Convegno","legge di iniziativa popolare \"Pratobello 24\"","Portoscuso","Raccolta firme","Speculazione energetica"],"articleSection":["2024","Ambiente","Sardegna"],"inLanguage":"it-IT"},{"@type":"WebPage","@id":"https:\/\/www.istitutogalanteoliva.it\/magazine\/2024\/08\/14\/la-sardegna-in-difesa-del-territorio-lincontro-del-19-agosto-a-portoscuso-e-la-raccolta-firme-per-proteggere-lisola\/","url":"https:\/\/www.istitutogalanteoliva.it\/magazine\/2024\/08\/14\/la-sardegna-in-difesa-del-territorio-lincontro-del-19-agosto-a-portoscuso-e-la-raccolta-firme-per-proteggere-lisola\/","name":"La Sardegna in difesa del territorio: l'incontro del 19 agosto a Portoscuso e la raccolta firme per proteggere l'isola - Polis SA Magazine","isPartOf":{"@id":"https:\/\/www.istitutogalanteoliva.it\/magazine\/#website"},"primaryImageOfPage":{"@id":"https:\/\/www.istitutogalanteoliva.it\/magazine\/2024\/08\/14\/la-sardegna-in-difesa-del-territorio-lincontro-del-19-agosto-a-portoscuso-e-la-raccolta-firme-per-proteggere-lisola\/#primaryimage"},"image":{"@id":"https:\/\/www.istitutogalanteoliva.it\/magazine\/2024\/08\/14\/la-sardegna-in-difesa-del-territorio-lincontro-del-19-agosto-a-portoscuso-e-la-raccolta-firme-per-proteggere-lisola\/#primaryimage"},"thumbnailUrl":"https:\/\/www.istitutogalanteoliva.it\/magazine\/wp-content\/uploads\/2024\/08\/pale.jpg","datePublished":"2024-08-14T13:25:04+00:00","dateModified":"2024-08-14T13:30:29+00:00","breadcrumb":{"@id":"https:\/\/www.istitutogalanteoliva.it\/magazine\/2024\/08\/14\/la-sardegna-in-difesa-del-territorio-lincontro-del-19-agosto-a-portoscuso-e-la-raccolta-firme-per-proteggere-lisola\/#breadcrumb"},"inLanguage":"it-IT","potentialAction":[{"@type":"ReadAction","target":["https:\/\/www.istitutogalanteoliva.it\/magazine\/2024\/08\/14\/la-sardegna-in-difesa-del-territorio-lincontro-del-19-agosto-a-portoscuso-e-la-raccolta-firme-per-proteggere-lisola\/"]}]},{"@type":"ImageObject","inLanguage":"it-IT","@id":"https:\/\/www.istitutogalanteoliva.it\/magazine\/2024\/08\/14\/la-sardegna-in-difesa-del-territorio-lincontro-del-19-agosto-a-portoscuso-e-la-raccolta-firme-per-proteggere-lisola\/#primaryimage","url":"https:\/\/www.istitutogalanteoliva.it\/magazine\/wp-content\/uploads\/2024\/08\/pale.jpg","contentUrl":"https:\/\/www.istitutogalanteoliva.it\/magazine\/wp-content\/uploads\/2024\/08\/pale.jpg","width":700,"height":380},{"@type":"BreadcrumbList","@id":"https:\/\/www.istitutogalanteoliva.it\/magazine\/2024\/08\/14\/la-sardegna-in-difesa-del-territorio-lincontro-del-19-agosto-a-portoscuso-e-la-raccolta-firme-per-proteggere-lisola\/#breadcrumb","itemListElement":[{"@type":"ListItem","position":1,"name":"Home","item":"https:\/\/www.istitutogalanteoliva.it\/magazine\/"},{"@type":"ListItem","position":2,"name":"La Sardegna in difesa del territorio: l&#8217;incontro del 19 agosto a Portoscuso e la raccolta firme per proteggere l&#8217;isola"}]},{"@type":"WebSite","@id":"https:\/\/www.istitutogalanteoliva.it\/magazine\/#website","url":"https:\/\/www.istitutogalanteoliva.it\/magazine\/","name":"POLIS SA MAGAZINE","description":"Informazione e approfondimenti","publisher":{"@id":"https:\/\/www.istitutogalanteoliva.it\/magazine\/#organization"},"potentialAction":[{"@type":"SearchAction","target":{"@type":"EntryPoint","urlTemplate":"https:\/\/www.istitutogalanteoliva.it\/magazine\/?s={search_term_string}"},"query-input":{"@type":"PropertyValueSpecification","valueRequired":true,"valueName":"search_term_string"}}],"inLanguage":"it-IT"},{"@type":"Organization","@id":"https:\/\/www.istitutogalanteoliva.it\/magazine\/#organization","name":"Polis SA Magazine","url":"https:\/\/www.istitutogalanteoliva.it\/magazine\/","logo":{"@type":"ImageObject","inLanguage":"it-IT","@id":"https:\/\/www.istitutogalanteoliva.it\/magazine\/#\/schema\/logo\/image\/","url":"","contentUrl":"","caption":"Polis SA Magazine"},"image":{"@id":"https:\/\/www.istitutogalanteoliva.it\/magazine\/#\/schema\/logo\/image\/"},"sameAs":["https:\/\/www.facebook.com\/PolisSAMagazine\/","https:\/\/x.com\/MagazinePolis","https:\/\/www.youtube.com\/channel\/UCv0Mr5AHKUmsc0sEEXkJrgw"]},{"@type":"Person","@id":"https:\/\/www.istitutogalanteoliva.it\/magazine\/#\/schema\/person\/d8b8aa79cfe8babc1df9da3212a7c0c4","name":"Antonello Rivano","image":{"@type":"ImageObject","inLanguage":"it-IT","@id":"https:\/\/www.istitutogalanteoliva.it\/magazine\/#\/schema\/person\/image\/","url":"https:\/\/secure.gravatar.com\/avatar\/517a9a6487a7a18ecc4ce6d2e57a8f40?s=96&d=mm&r=g","contentUrl":"https:\/\/secure.gravatar.com\/avatar\/517a9a6487a7a18ecc4ce6d2e57a8f40?s=96&d=mm&r=g","caption":"Antonello Rivano"},"url":"https:\/\/www.istitutogalanteoliva.it\/magazine\/author\/antonello\/"}]}},"_links":{"self":[{"href":"https:\/\/www.istitutogalanteoliva.it\/magazine\/wp-json\/wp\/v2\/posts\/15579","targetHints":{"allow":["GET"]}}],"collection":[{"href":"https:\/\/www.istitutogalanteoliva.it\/magazine\/wp-json\/wp\/v2\/posts"}],"about":[{"href":"https:\/\/www.istitutogalanteoliva.it\/magazine\/wp-json\/wp\/v2\/types\/post"}],"author":[{"embeddable":true,"href":"https:\/\/www.istitutogalanteoliva.it\/magazine\/wp-json\/wp\/v2\/users\/2"}],"replies":[{"embeddable":true,"href":"https:\/\/www.istitutogalanteoliva.it\/magazine\/wp-json\/wp\/v2\/comments?post=15579"}],"version-history":[{"count":2,"href":"https:\/\/www.istitutogalanteoliva.it\/magazine\/wp-json\/wp\/v2\/posts\/15579\/revisions"}],"predecessor-version":[{"id":15587,"href":"https:\/\/www.istitutogalanteoliva.it\/magazine\/wp-json\/wp\/v2\/posts\/15579\/revisions\/15587"}],"wp:featuredmedia":[{"embeddable":true,"href":"https:\/\/www.istitutogalanteoliva.it\/magazine\/wp-json\/wp\/v2\/media\/15588"}],"wp:attachment":[{"href":"https:\/\/www.istitutogalanteoliva.it\/magazine\/wp-json\/wp\/v2\/media?parent=15579"}],"wp:term":[{"taxonomy":"category","embeddable":true,"href":"https:\/\/www.istitutogalanteoliva.it\/magazine\/wp-json\/wp\/v2\/categories?post=15579"},{"taxonomy":"post_tag","embeddable":true,"href":"https:\/\/www.istitutogalanteoliva.it\/magazine\/wp-json\/wp\/v2\/tags?post=15579"}],"curies":[{"name":"wp","href":"https:\/\/api.w.org\/{rel}","templated":true}]}}