{"id":15634,"date":"2024-09-09T08:00:00","date_gmt":"2024-09-09T06:00:00","guid":{"rendered":"https:\/\/www.istitutogalanteoliva.it\/magazine\/?p=15634"},"modified":"2024-09-09T09:14:22","modified_gmt":"2024-09-09T07:14:22","slug":"i-social-battono-la-tv-di-stato-il-caso-boccia-sangiuliano-e-la-rivoluzione-digitale","status":"publish","type":"post","link":"https:\/\/www.istitutogalanteoliva.it\/magazine\/2024\/09\/09\/i-social-battono-la-tv-di-stato-il-caso-boccia-sangiuliano-e-la-rivoluzione-digitale\/","title":{"rendered":"I social battono la TV di Stato: il caso Boccia-Sangiuliano e la rivoluzione digitale"},"content":{"rendered":"\n<div class=\"wp-block-group\"><div class=\"wp-block-group__inner-container is-layout-constrained wp-block-group-is-layout-constrained\">\n<hr class=\"wp-block-separator has-alpha-channel-opacity\"\/>\n\n\n\n<div class=\"wp-block-group has-white-background-color has-background\"><div class=\"wp-block-group__inner-container is-layout-constrained wp-block-group-is-layout-constrained\">\n<div class=\"wp-block-group\"><div class=\"wp-block-group__inner-container is-layout-constrained wp-block-group-is-layout-constrained\">\n<div class=\"wp-block-group has-background\" style=\"background-color:#8dd2fc1f\"><div class=\"wp-block-group__inner-container is-layout-constrained wp-block-group-is-layout-constrained\">\n<h4 class=\"wp-block-heading has-text-align-center has-black-color has-text-color has-background has-link-color wp-elements-db7c86b663001562d7019db577b0a5c2\" style=\"background-color:#8dd2fc57\">IN PUNTA DI PENNA<br>Gli editoriali del Direttore di Redazione Antonello Rivano<\/h4>\n\n\n\n<p class=\"has-text-align-left has-background\" style=\"background-color:#8dd2fc47;font-size:16px\"><code><mark style=\"background-color:rgba(0, 0, 0, 0)\" class=\"has-inline-color has-black-color\">\"Scrivere \u00e8 un gesto delicato, quasi impercettibile, come camminare in punta di penna sulla superficie del nostro tempo. Non per dare risposte, ma per lasciare che le parole scivolino tra le pieghe della realt\u00e0, invitandoci a fermarci, a guardare pi\u00f9 a fondo, a pensare. In un tempo che sembra divorato dalla fretta e dalla superficialit\u00e0, le parole diventano fari: non per guidarci verso certezze, ma per ricordarci che riflettere \u00e8 ancora possibile, che ascoltare e nominare ci\u00f2 che accade ha un valore che non si misura in like o in rumore, ma nella capacit\u00e0 di nutrire la nostra attenzione e il nostro senso del mondo.\"<strong><br><\/strong><\/mark><em><strong><mark style=\"background-color:rgba(0, 0, 0, 0)\" class=\"has-inline-color has-black-color\"><sup>AR<\/sup><\/mark><\/strong><\/em><\/code><\/p>\n<\/div><\/div>\n<\/div><\/div>\n<\/div><\/div>\n\n\n\n<hr class=\"wp-block-separator has-alpha-channel-opacity\"\/>\n<\/div><\/div>\n\n\n\n<p>ll caso Boccia-Sangiuliano, oltre a suscitare scalpore nei media, ha messo in luce una dinamica sempre pi\u00f9 evidente: i social media stanno superando i mezzi di informazione tradizionali nella capacit\u00e0 di influenzare il dibattito pubblico. L\u2019ormai ex ministro della Cultura ha cercato di sfruttare al massimo il potere del TG1 per difendere la propria immagine. Tuttavia, quello che una volta era considerato il mezzo di comunicazione di massa pi\u00f9 efficace sembra ormai perdere forza rispetto alla rapidit\u00e0 e alla capillarit\u00e0 dei social network. La TV pubblica, infatti, non \u00e8 riuscita a contrastare la potenza dei post su Instagram della  &#8220;mancata assistente&#8221;, che sono diventati virali in un batter d\u2019occhio, contribuendo in modo decisivo al crollo della  credibilit\u00e0 del ministro stesso. <\/p>\n\n\n\n<p>Questa vicenda \u00e8 un esempio lampante del cambiamento in corso: mentre in passato i telegiornali e i quotidiani erano i principali veicoli di informazione e formazione dell\u2019opinione pubblica, oggi la velocit\u00e0 di diffusione e la capacit\u00e0 di creare engagement dei social media li hanno resi strumenti pi\u00f9 efficaci, soprattutto nelle crisi di immagine. Il pubblico tende sempre pi\u00f9 a cercare informazioni in rete, dove le notizie circolano liberamente, vengono condivise, commentate e spesso distorte, ma raramente ignorate.<\/p>\n\n\n\n<p>Il crescente predominio dei social media solleva interrogativi sul futuro dei media tradizionali. Stiamo assistendo a un cambiamento di paradigma in cui i canali di comunicazione tradizionali come la TV, quella pubblica in particolare,  potrebbero perdere il loro ruolo centrale? Oppure \u00e8 una fase di adattamento in cui media tradizionali e social network coesisteranno, con funzioni diverse?<\/p>\n\n\n\n<p>\u00c8 chiaro che la maggiore accessibilit\u00e0 e rapidit\u00e0 dei social comportano anche rischi significativi. La viralit\u00e0 delle notizie non garantisce sempre la loro accuratezza, e la diffusione rapida sui social pu\u00f2 causare danni irreversibili prima che emergano i fatti veri. In un contesto in cui chiunque pu\u00f2 diventare creatore di contenuti e influenzare l\u2019opinione pubblica, l\u2019informazione rischia di diventare sempre pi\u00f9 polarizzata e frammentata.<\/p>\n\n\n\n<p>Questo episodio non \u00e8 isolato, ma rappresenta un chiaro segnale di un cambiamento pi\u00f9 profondo nelle dinamiche del potere mediatico. Se la televisione, nel caso specifico una vera e propria &#8216;TV di Stato&#8217;, non si adatter\u00e0 alle nuove regole della comunicazione digitale, rischia di diventare sempre pi\u00f9 irrilevante nel dibattito pubblico. Nel frattempo, i social media continuano a espandersi, dimostrandosi lo strumento pi\u00f9 efficace per chiunque voglia plasmare, influenzare o persino distruggere reputazioni in tempo reale.<\/p>\n\n\n\n<p class=\"has-text-align-left\"><img loading=\"lazy\" decoding=\"async\" width=\"80\" height=\"80\" class=\"wp-image-15584\" style=\"width: 80px;\" src=\"https:\/\/www.istitutogalanteoliva.it\/magazine\/wp-content\/uploads\/2024\/08\/anto.png\" alt=\"\" srcset=\"https:\/\/www.istitutogalanteoliva.it\/magazine\/wp-content\/uploads\/2024\/08\/anto.png 247w, https:\/\/www.istitutogalanteoliva.it\/magazine\/wp-content\/uploads\/2024\/08\/anto-150x150.png 150w\" sizes=\"auto, (max-width: 80px) 100vw, 80px\" \/><em><mark style=\"background-color:rgba(0, 0, 0, 0)\" class=\"has-inline-color has-black-color\"><strong><a href=\"https:\/\/www.istitutogalanteoliva\/antonello-rivano-2\/\">Antonello Rivano<\/a><\/strong><\/mark><\/em><br><sup><strong>Direttore di redazione\/coordinatore nazionale<\/strong> <strong><em>Polis SA Magazine<\/em><\/strong><\/sup><br><\/p>\n<div class=\"pdfprnt-buttons pdfprnt-buttons-post pdfprnt-bottom-left\"><a href=\"https:\/\/www.istitutogalanteoliva.it\/magazine\/wp-json\/wp\/v2\/posts\/15634?print=print\" class=\"pdfprnt-button pdfprnt-button-print\" target=\"_blank\"><img decoding=\"async\" src=\"https:\/\/www.istitutogalanteoliva.it\/magazine\/wp-content\/plugins\/pdf-print\/images\/print.png\" alt=\"image_print\" title=\"Stampa contenuto\" \/><span class=\"pdfprnt-button-title pdfprnt-button-print-title\">Download in PDF<\/span><\/a><\/div>","protected":false},"excerpt":{"rendered":"<p>Come la viralit\u00e0 dei social ha superato la televisione pubblica nella gestione delle crisi e cosa significa per il futuro dell&#8217;informazione<\/p>\n","protected":false},"author":2,"featured_media":15638,"comment_status":"closed","ping_status":"open","sticky":true,"template":"","format":"standard","meta":{"footnotes":""},"categories":[872,96,1],"tags":[102,238],"class_list":["post-15634","post","type-post","status-publish","format-standard","has-post-thumbnail","hentry","category-872","category-in-punta-di-penna","category-senza-categoria","tag-social","tag-tv"],"yoast_head":"<!-- This site is optimized with the Yoast SEO plugin v24.2 - https:\/\/yoast.com\/wordpress\/plugins\/seo\/ -->\n<title>I social battono la TV di Stato: il caso Boccia-Sangiuliano e la rivoluzione digitale - Polis SA Magazine<\/title>\n<meta name=\"robots\" content=\"index, follow, max-snippet:-1, max-image-preview:large, max-video-preview:-1\" \/>\n<link rel=\"canonical\" href=\"https:\/\/www.istitutogalanteoliva.it\/magazine\/2024\/09\/09\/i-social-battono-la-tv-di-stato-il-caso-boccia-sangiuliano-e-la-rivoluzione-digitale\/\" \/>\n<meta property=\"og:locale\" content=\"it_IT\" \/>\n<meta property=\"og:type\" content=\"article\" \/>\n<meta property=\"og:title\" content=\"I social battono la TV di Stato: il caso Boccia-Sangiuliano e la rivoluzione digitale - Polis SA Magazine\" \/>\n<meta property=\"og:description\" content=\"Come la viralit\u00e0 dei social ha superato la televisione pubblica nella gestione delle crisi e cosa significa per il futuro dell&#039;informazione\" \/>\n<meta property=\"og:url\" content=\"https:\/\/www.istitutogalanteoliva.it\/magazine\/2024\/09\/09\/i-social-battono-la-tv-di-stato-il-caso-boccia-sangiuliano-e-la-rivoluzione-digitale\/\" \/>\n<meta property=\"og:site_name\" content=\"Polis SA Magazine\" \/>\n<meta property=\"article:publisher\" content=\"https:\/\/www.facebook.com\/PolisSAMagazine\/\" \/>\n<meta property=\"article:published_time\" content=\"2024-09-09T06:00:00+00:00\" \/>\n<meta property=\"article:modified_time\" content=\"2024-09-09T07:14:22+00:00\" \/>\n<meta property=\"og:image\" content=\"https:\/\/www.istitutogalanteoliva.it\/magazine\/wp-content\/uploads\/2024\/09\/Senza-titolo-1.jpg\" \/>\n\t<meta property=\"og:image:width\" content=\"700\" \/>\n\t<meta property=\"og:image:height\" content=\"380\" \/>\n\t<meta property=\"og:image:type\" content=\"image\/jpeg\" \/>\n<meta name=\"author\" content=\"Antonello Rivano\" \/>\n<meta name=\"twitter:card\" content=\"summary_large_image\" \/>\n<meta name=\"twitter:creator\" content=\"@MagazinePolis\" \/>\n<meta name=\"twitter:site\" content=\"@MagazinePolis\" \/>\n<meta name=\"twitter:label1\" content=\"Scritto da\" \/>\n\t<meta name=\"twitter:data1\" content=\"Antonello Rivano\" \/>\n\t<meta name=\"twitter:label2\" content=\"Tempo di lettura stimato\" \/>\n\t<meta name=\"twitter:data2\" content=\"7 minuti\" \/>\n<script type=\"application\/ld+json\" class=\"yoast-schema-graph\">{\"@context\":\"https:\/\/schema.org\",\"@graph\":[{\"@type\":\"Article\",\"@id\":\"https:\/\/www.istitutogalanteoliva.it\/magazine\/2024\/09\/09\/i-social-battono-la-tv-di-stato-il-caso-boccia-sangiuliano-e-la-rivoluzione-digitale\/#article\",\"isPartOf\":{\"@id\":\"https:\/\/www.istitutogalanteoliva.it\/magazine\/2024\/09\/09\/i-social-battono-la-tv-di-stato-il-caso-boccia-sangiuliano-e-la-rivoluzione-digitale\/\"},\"author\":{\"name\":\"Antonello Rivano\",\"@id\":\"https:\/\/www.istitutogalanteoliva.it\/magazine\/#\/schema\/person\/d8b8aa79cfe8babc1df9da3212a7c0c4\"},\"headline\":\"I social battono la TV di Stato: il caso Boccia-Sangiuliano e la rivoluzione digitale\",\"datePublished\":\"2024-09-09T06:00:00+00:00\",\"dateModified\":\"2024-09-09T07:14:22+00:00\",\"mainEntityOfPage\":{\"@id\":\"https:\/\/www.istitutogalanteoliva.it\/magazine\/2024\/09\/09\/i-social-battono-la-tv-di-stato-il-caso-boccia-sangiuliano-e-la-rivoluzione-digitale\/\"},\"wordCount\":408,\"publisher\":{\"@id\":\"https:\/\/www.istitutogalanteoliva.it\/magazine\/#organization\"},\"image\":{\"@id\":\"https:\/\/www.istitutogalanteoliva.it\/magazine\/2024\/09\/09\/i-social-battono-la-tv-di-stato-il-caso-boccia-sangiuliano-e-la-rivoluzione-digitale\/#primaryimage\"},\"thumbnailUrl\":\"https:\/\/www.istitutogalanteoliva.it\/magazine\/wp-content\/uploads\/2024\/09\/Senza-titolo-1.jpg\",\"keywords\":[\"social\",\"tv\"],\"articleSection\":[\"2024\",\"In punta di penna\"],\"inLanguage\":\"it-IT\"},{\"@type\":\"WebPage\",\"@id\":\"https:\/\/www.istitutogalanteoliva.it\/magazine\/2024\/09\/09\/i-social-battono-la-tv-di-stato-il-caso-boccia-sangiuliano-e-la-rivoluzione-digitale\/\",\"url\":\"https:\/\/www.istitutogalanteoliva.it\/magazine\/2024\/09\/09\/i-social-battono-la-tv-di-stato-il-caso-boccia-sangiuliano-e-la-rivoluzione-digitale\/\",\"name\":\"I social battono la TV di Stato: il caso Boccia-Sangiuliano e la rivoluzione digitale - Polis SA Magazine\",\"isPartOf\":{\"@id\":\"https:\/\/www.istitutogalanteoliva.it\/magazine\/#website\"},\"primaryImageOfPage\":{\"@id\":\"https:\/\/www.istitutogalanteoliva.it\/magazine\/2024\/09\/09\/i-social-battono-la-tv-di-stato-il-caso-boccia-sangiuliano-e-la-rivoluzione-digitale\/#primaryimage\"},\"image\":{\"@id\":\"https:\/\/www.istitutogalanteoliva.it\/magazine\/2024\/09\/09\/i-social-battono-la-tv-di-stato-il-caso-boccia-sangiuliano-e-la-rivoluzione-digitale\/#primaryimage\"},\"thumbnailUrl\":\"https:\/\/www.istitutogalanteoliva.it\/magazine\/wp-content\/uploads\/2024\/09\/Senza-titolo-1.jpg\",\"datePublished\":\"2024-09-09T06:00:00+00:00\",\"dateModified\":\"2024-09-09T07:14:22+00:00\",\"breadcrumb\":{\"@id\":\"https:\/\/www.istitutogalanteoliva.it\/magazine\/2024\/09\/09\/i-social-battono-la-tv-di-stato-il-caso-boccia-sangiuliano-e-la-rivoluzione-digitale\/#breadcrumb\"},\"inLanguage\":\"it-IT\",\"potentialAction\":[{\"@type\":\"ReadAction\",\"target\":[\"https:\/\/www.istitutogalanteoliva.it\/magazine\/2024\/09\/09\/i-social-battono-la-tv-di-stato-il-caso-boccia-sangiuliano-e-la-rivoluzione-digitale\/\"]}]},{\"@type\":\"ImageObject\",\"inLanguage\":\"it-IT\",\"@id\":\"https:\/\/www.istitutogalanteoliva.it\/magazine\/2024\/09\/09\/i-social-battono-la-tv-di-stato-il-caso-boccia-sangiuliano-e-la-rivoluzione-digitale\/#primaryimage\",\"url\":\"https:\/\/www.istitutogalanteoliva.it\/magazine\/wp-content\/uploads\/2024\/09\/Senza-titolo-1.jpg\",\"contentUrl\":\"https:\/\/www.istitutogalanteoliva.it\/magazine\/wp-content\/uploads\/2024\/09\/Senza-titolo-1.jpg\",\"width\":700,\"height\":380},{\"@type\":\"BreadcrumbList\",\"@id\":\"https:\/\/www.istitutogalanteoliva.it\/magazine\/2024\/09\/09\/i-social-battono-la-tv-di-stato-il-caso-boccia-sangiuliano-e-la-rivoluzione-digitale\/#breadcrumb\",\"itemListElement\":[{\"@type\":\"ListItem\",\"position\":1,\"name\":\"Home\",\"item\":\"https:\/\/www.istitutogalanteoliva.it\/magazine\/\"},{\"@type\":\"ListItem\",\"position\":2,\"name\":\"I social battono la TV di Stato: il caso Boccia-Sangiuliano e la rivoluzione digitale\"}]},{\"@type\":\"WebSite\",\"@id\":\"https:\/\/www.istitutogalanteoliva.it\/magazine\/#website\",\"url\":\"https:\/\/www.istitutogalanteoliva.it\/magazine\/\",\"name\":\"POLIS SA MAGAZINE\",\"description\":\"Informazione e approfondimenti\",\"publisher\":{\"@id\":\"https:\/\/www.istitutogalanteoliva.it\/magazine\/#organization\"},\"potentialAction\":[{\"@type\":\"SearchAction\",\"target\":{\"@type\":\"EntryPoint\",\"urlTemplate\":\"https:\/\/www.istitutogalanteoliva.it\/magazine\/?s={search_term_string}\"},\"query-input\":{\"@type\":\"PropertyValueSpecification\",\"valueRequired\":true,\"valueName\":\"search_term_string\"}}],\"inLanguage\":\"it-IT\"},{\"@type\":\"Organization\",\"@id\":\"https:\/\/www.istitutogalanteoliva.it\/magazine\/#organization\",\"name\":\"Polis SA Magazine\",\"url\":\"https:\/\/www.istitutogalanteoliva.it\/magazine\/\",\"logo\":{\"@type\":\"ImageObject\",\"inLanguage\":\"it-IT\",\"@id\":\"https:\/\/www.istitutogalanteoliva.it\/magazine\/#\/schema\/logo\/image\/\",\"url\":\"\",\"contentUrl\":\"\",\"caption\":\"Polis SA Magazine\"},\"image\":{\"@id\":\"https:\/\/www.istitutogalanteoliva.it\/magazine\/#\/schema\/logo\/image\/\"},\"sameAs\":[\"https:\/\/www.facebook.com\/PolisSAMagazine\/\",\"https:\/\/x.com\/MagazinePolis\",\"https:\/\/www.youtube.com\/channel\/UCv0Mr5AHKUmsc0sEEXkJrgw\"]},{\"@type\":\"Person\",\"@id\":\"https:\/\/www.istitutogalanteoliva.it\/magazine\/#\/schema\/person\/d8b8aa79cfe8babc1df9da3212a7c0c4\",\"name\":\"Antonello Rivano\",\"image\":{\"@type\":\"ImageObject\",\"inLanguage\":\"it-IT\",\"@id\":\"https:\/\/www.istitutogalanteoliva.it\/magazine\/#\/schema\/person\/image\/\",\"url\":\"https:\/\/secure.gravatar.com\/avatar\/517a9a6487a7a18ecc4ce6d2e57a8f40?s=96&d=mm&r=g\",\"contentUrl\":\"https:\/\/secure.gravatar.com\/avatar\/517a9a6487a7a18ecc4ce6d2e57a8f40?s=96&d=mm&r=g\",\"caption\":\"Antonello Rivano\"},\"url\":\"https:\/\/www.istitutogalanteoliva.it\/magazine\/author\/antonello\/\"}]}<\/script>\n<!-- \/ Yoast SEO plugin. -->","yoast_head_json":{"title":"I social battono la TV di Stato: il caso Boccia-Sangiuliano e la rivoluzione digitale - Polis SA Magazine","robots":{"index":"index","follow":"follow","max-snippet":"max-snippet:-1","max-image-preview":"max-image-preview:large","max-video-preview":"max-video-preview:-1"},"canonical":"https:\/\/www.istitutogalanteoliva.it\/magazine\/2024\/09\/09\/i-social-battono-la-tv-di-stato-il-caso-boccia-sangiuliano-e-la-rivoluzione-digitale\/","og_locale":"it_IT","og_type":"article","og_title":"I social battono la TV di Stato: il caso Boccia-Sangiuliano e la rivoluzione digitale - Polis SA Magazine","og_description":"Come la viralit\u00e0 dei social ha superato la televisione pubblica nella gestione delle crisi e cosa significa per il futuro dell'informazione","og_url":"https:\/\/www.istitutogalanteoliva.it\/magazine\/2024\/09\/09\/i-social-battono-la-tv-di-stato-il-caso-boccia-sangiuliano-e-la-rivoluzione-digitale\/","og_site_name":"Polis SA Magazine","article_publisher":"https:\/\/www.facebook.com\/PolisSAMagazine\/","article_published_time":"2024-09-09T06:00:00+00:00","article_modified_time":"2024-09-09T07:14:22+00:00","og_image":[{"width":700,"height":380,"url":"https:\/\/www.istitutogalanteoliva.it\/magazine\/wp-content\/uploads\/2024\/09\/Senza-titolo-1.jpg","type":"image\/jpeg"}],"author":"Antonello Rivano","twitter_card":"summary_large_image","twitter_creator":"@MagazinePolis","twitter_site":"@MagazinePolis","twitter_misc":{"Scritto da":"Antonello Rivano","Tempo di lettura stimato":"7 minuti"},"schema":{"@context":"https:\/\/schema.org","@graph":[{"@type":"Article","@id":"https:\/\/www.istitutogalanteoliva.it\/magazine\/2024\/09\/09\/i-social-battono-la-tv-di-stato-il-caso-boccia-sangiuliano-e-la-rivoluzione-digitale\/#article","isPartOf":{"@id":"https:\/\/www.istitutogalanteoliva.it\/magazine\/2024\/09\/09\/i-social-battono-la-tv-di-stato-il-caso-boccia-sangiuliano-e-la-rivoluzione-digitale\/"},"author":{"name":"Antonello Rivano","@id":"https:\/\/www.istitutogalanteoliva.it\/magazine\/#\/schema\/person\/d8b8aa79cfe8babc1df9da3212a7c0c4"},"headline":"I social battono la TV di Stato: il caso Boccia-Sangiuliano e la rivoluzione digitale","datePublished":"2024-09-09T06:00:00+00:00","dateModified":"2024-09-09T07:14:22+00:00","mainEntityOfPage":{"@id":"https:\/\/www.istitutogalanteoliva.it\/magazine\/2024\/09\/09\/i-social-battono-la-tv-di-stato-il-caso-boccia-sangiuliano-e-la-rivoluzione-digitale\/"},"wordCount":408,"publisher":{"@id":"https:\/\/www.istitutogalanteoliva.it\/magazine\/#organization"},"image":{"@id":"https:\/\/www.istitutogalanteoliva.it\/magazine\/2024\/09\/09\/i-social-battono-la-tv-di-stato-il-caso-boccia-sangiuliano-e-la-rivoluzione-digitale\/#primaryimage"},"thumbnailUrl":"https:\/\/www.istitutogalanteoliva.it\/magazine\/wp-content\/uploads\/2024\/09\/Senza-titolo-1.jpg","keywords":["social","tv"],"articleSection":["2024","In punta di penna"],"inLanguage":"it-IT"},{"@type":"WebPage","@id":"https:\/\/www.istitutogalanteoliva.it\/magazine\/2024\/09\/09\/i-social-battono-la-tv-di-stato-il-caso-boccia-sangiuliano-e-la-rivoluzione-digitale\/","url":"https:\/\/www.istitutogalanteoliva.it\/magazine\/2024\/09\/09\/i-social-battono-la-tv-di-stato-il-caso-boccia-sangiuliano-e-la-rivoluzione-digitale\/","name":"I social battono la TV di Stato: il caso Boccia-Sangiuliano e la rivoluzione digitale - Polis SA Magazine","isPartOf":{"@id":"https:\/\/www.istitutogalanteoliva.it\/magazine\/#website"},"primaryImageOfPage":{"@id":"https:\/\/www.istitutogalanteoliva.it\/magazine\/2024\/09\/09\/i-social-battono-la-tv-di-stato-il-caso-boccia-sangiuliano-e-la-rivoluzione-digitale\/#primaryimage"},"image":{"@id":"https:\/\/www.istitutogalanteoliva.it\/magazine\/2024\/09\/09\/i-social-battono-la-tv-di-stato-il-caso-boccia-sangiuliano-e-la-rivoluzione-digitale\/#primaryimage"},"thumbnailUrl":"https:\/\/www.istitutogalanteoliva.it\/magazine\/wp-content\/uploads\/2024\/09\/Senza-titolo-1.jpg","datePublished":"2024-09-09T06:00:00+00:00","dateModified":"2024-09-09T07:14:22+00:00","breadcrumb":{"@id":"https:\/\/www.istitutogalanteoliva.it\/magazine\/2024\/09\/09\/i-social-battono-la-tv-di-stato-il-caso-boccia-sangiuliano-e-la-rivoluzione-digitale\/#breadcrumb"},"inLanguage":"it-IT","potentialAction":[{"@type":"ReadAction","target":["https:\/\/www.istitutogalanteoliva.it\/magazine\/2024\/09\/09\/i-social-battono-la-tv-di-stato-il-caso-boccia-sangiuliano-e-la-rivoluzione-digitale\/"]}]},{"@type":"ImageObject","inLanguage":"it-IT","@id":"https:\/\/www.istitutogalanteoliva.it\/magazine\/2024\/09\/09\/i-social-battono-la-tv-di-stato-il-caso-boccia-sangiuliano-e-la-rivoluzione-digitale\/#primaryimage","url":"https:\/\/www.istitutogalanteoliva.it\/magazine\/wp-content\/uploads\/2024\/09\/Senza-titolo-1.jpg","contentUrl":"https:\/\/www.istitutogalanteoliva.it\/magazine\/wp-content\/uploads\/2024\/09\/Senza-titolo-1.jpg","width":700,"height":380},{"@type":"BreadcrumbList","@id":"https:\/\/www.istitutogalanteoliva.it\/magazine\/2024\/09\/09\/i-social-battono-la-tv-di-stato-il-caso-boccia-sangiuliano-e-la-rivoluzione-digitale\/#breadcrumb","itemListElement":[{"@type":"ListItem","position":1,"name":"Home","item":"https:\/\/www.istitutogalanteoliva.it\/magazine\/"},{"@type":"ListItem","position":2,"name":"I social battono la TV di Stato: il caso Boccia-Sangiuliano e la rivoluzione digitale"}]},{"@type":"WebSite","@id":"https:\/\/www.istitutogalanteoliva.it\/magazine\/#website","url":"https:\/\/www.istitutogalanteoliva.it\/magazine\/","name":"POLIS SA MAGAZINE","description":"Informazione e approfondimenti","publisher":{"@id":"https:\/\/www.istitutogalanteoliva.it\/magazine\/#organization"},"potentialAction":[{"@type":"SearchAction","target":{"@type":"EntryPoint","urlTemplate":"https:\/\/www.istitutogalanteoliva.it\/magazine\/?s={search_term_string}"},"query-input":{"@type":"PropertyValueSpecification","valueRequired":true,"valueName":"search_term_string"}}],"inLanguage":"it-IT"},{"@type":"Organization","@id":"https:\/\/www.istitutogalanteoliva.it\/magazine\/#organization","name":"Polis SA Magazine","url":"https:\/\/www.istitutogalanteoliva.it\/magazine\/","logo":{"@type":"ImageObject","inLanguage":"it-IT","@id":"https:\/\/www.istitutogalanteoliva.it\/magazine\/#\/schema\/logo\/image\/","url":"","contentUrl":"","caption":"Polis SA Magazine"},"image":{"@id":"https:\/\/www.istitutogalanteoliva.it\/magazine\/#\/schema\/logo\/image\/"},"sameAs":["https:\/\/www.facebook.com\/PolisSAMagazine\/","https:\/\/x.com\/MagazinePolis","https:\/\/www.youtube.com\/channel\/UCv0Mr5AHKUmsc0sEEXkJrgw"]},{"@type":"Person","@id":"https:\/\/www.istitutogalanteoliva.it\/magazine\/#\/schema\/person\/d8b8aa79cfe8babc1df9da3212a7c0c4","name":"Antonello Rivano","image":{"@type":"ImageObject","inLanguage":"it-IT","@id":"https:\/\/www.istitutogalanteoliva.it\/magazine\/#\/schema\/person\/image\/","url":"https:\/\/secure.gravatar.com\/avatar\/517a9a6487a7a18ecc4ce6d2e57a8f40?s=96&d=mm&r=g","contentUrl":"https:\/\/secure.gravatar.com\/avatar\/517a9a6487a7a18ecc4ce6d2e57a8f40?s=96&d=mm&r=g","caption":"Antonello Rivano"},"url":"https:\/\/www.istitutogalanteoliva.it\/magazine\/author\/antonello\/"}]}},"_links":{"self":[{"href":"https:\/\/www.istitutogalanteoliva.it\/magazine\/wp-json\/wp\/v2\/posts\/15634","targetHints":{"allow":["GET"]}}],"collection":[{"href":"https:\/\/www.istitutogalanteoliva.it\/magazine\/wp-json\/wp\/v2\/posts"}],"about":[{"href":"https:\/\/www.istitutogalanteoliva.it\/magazine\/wp-json\/wp\/v2\/types\/post"}],"author":[{"embeddable":true,"href":"https:\/\/www.istitutogalanteoliva.it\/magazine\/wp-json\/wp\/v2\/users\/2"}],"replies":[{"embeddable":true,"href":"https:\/\/www.istitutogalanteoliva.it\/magazine\/wp-json\/wp\/v2\/comments?post=15634"}],"version-history":[{"count":3,"href":"https:\/\/www.istitutogalanteoliva.it\/magazine\/wp-json\/wp\/v2\/posts\/15634\/revisions"}],"predecessor-version":[{"id":15640,"href":"https:\/\/www.istitutogalanteoliva.it\/magazine\/wp-json\/wp\/v2\/posts\/15634\/revisions\/15640"}],"wp:featuredmedia":[{"embeddable":true,"href":"https:\/\/www.istitutogalanteoliva.it\/magazine\/wp-json\/wp\/v2\/media\/15638"}],"wp:attachment":[{"href":"https:\/\/www.istitutogalanteoliva.it\/magazine\/wp-json\/wp\/v2\/media?parent=15634"}],"wp:term":[{"taxonomy":"category","embeddable":true,"href":"https:\/\/www.istitutogalanteoliva.it\/magazine\/wp-json\/wp\/v2\/categories?post=15634"},{"taxonomy":"post_tag","embeddable":true,"href":"https:\/\/www.istitutogalanteoliva.it\/magazine\/wp-json\/wp\/v2\/tags?post=15634"}],"curies":[{"name":"wp","href":"https:\/\/api.w.org\/{rel}","templated":true}]}}