{"id":15945,"date":"2024-10-09T08:00:00","date_gmt":"2024-10-09T06:00:00","guid":{"rendered":"https:\/\/www.istitutogalanteoliva.it\/magazine\/?p=15945"},"modified":"2024-10-10T15:54:17","modified_gmt":"2024-10-10T13:54:17","slug":"canto-per-gaza-melodie-di-solidarieta-ad-avellino","status":"publish","type":"post","link":"https:\/\/www.istitutogalanteoliva.it\/magazine\/2024\/10\/09\/canto-per-gaza-melodie-di-solidarieta-ad-avellino\/","title":{"rendered":"&#8220;Canto per Gaza&#8221;: Melodie di solidariet\u00e0 ad Avellino"},"content":{"rendered":"\n<p>DI Anna Maria Noia <\/p>\n\n\n\n<p>\u201cCanto per Gaza\u201d \u00e8 la denominazione del concerto-evento, tenutosi nell\u2019ex chiesa della Madonna del Carmine di Avellino, organizzato dall\u2019Arci cittadino, dalla corale \u201cConcordia discors\u201d (Aps) \u2013 in collaborazione con la locale sezione di Emergency. Ovviamente, la Citt\u00e0 di Avellino ha offerto il proprio patrocinio alla manifestazione.<\/p>\n\n\n\n<p>La kermesse \u00e8 stata promossa in favore del martoriato territorio del Medioriente, in particolare per la Palestina e per la striscia di Gaza. Da sempre focolaio di guerre e rivolte \u2013 che traggono origine dalle politiche del secondo dopoguerra, se non (anche) precedentemente. Una popolazione stremata dalla miseria, dalle incursioni dei soldati, dall\u2019ingiustizia perpetrata dai \u201csignori della guerra\u201d.<\/p>\n\n\n<div class=\"wp-block-image\">\n<figure data-wp-context=\"{&quot;imageId&quot;:&quot;69f3eac0c3c96&quot;}\" data-wp-interactive=\"core\/image\" class=\"aligncenter size-full is-resized wp-lightbox-container\"><img loading=\"lazy\" decoding=\"async\" width=\"523\" height=\"711\" data-wp-class--hide=\"state.isContentHidden\" data-wp-class--show=\"state.isContentVisible\" data-wp-init=\"callbacks.setButtonStyles\" data-wp-on-async--click=\"actions.showLightbox\" data-wp-on-async--load=\"callbacks.setButtonStyles\" data-wp-on-async-window--resize=\"callbacks.setButtonStyles\" src=\"https:\/\/www.istitutogalanteoliva.it\/magazine\/wp-content\/uploads\/2024\/10\/image-2.png\" alt=\"\" class=\"wp-image-15956\" style=\"width:416px;height:auto\" srcset=\"https:\/\/www.istitutogalanteoliva.it\/magazine\/wp-content\/uploads\/2024\/10\/image-2.png 523w, https:\/\/www.istitutogalanteoliva.it\/magazine\/wp-content\/uploads\/2024\/10\/image-2-221x300.png 221w\" sizes=\"auto, (max-width: 523px) 100vw, 523px\" \/><button\n\t\t\tclass=\"lightbox-trigger\"\n\t\t\ttype=\"button\"\n\t\t\taria-haspopup=\"dialog\"\n\t\t\taria-label=\"Ingrandisci l\u2019immagine\"\n\t\t\tdata-wp-init=\"callbacks.initTriggerButton\"\n\t\t\tdata-wp-on-async--click=\"actions.showLightbox\"\n\t\t\tdata-wp-style--right=\"state.imageButtonRight\"\n\t\t\tdata-wp-style--top=\"state.imageButtonTop\"\n\t\t>\n\t\t\t<svg xmlns=\"http:\/\/www.w3.org\/2000\/svg\" width=\"12\" height=\"12\" fill=\"none\" viewBox=\"0 0 12 12\">\n\t\t\t\t<path fill=\"#fff\" d=\"M2 0a2 2 0 0 0-2 2v2h1.5V2a.5.5 0 0 1 .5-.5h2V0H2Zm2 10.5H2a.5.5 0 0 1-.5-.5V8H0v2a2 2 0 0 0 2 2h2v-1.5ZM8 12v-1.5h2a.5.5 0 0 0 .5-.5V8H12v2a2 2 0 0 1-2 2H8Zm2-12a2 2 0 0 1 2 2v2h-1.5V2a.5.5 0 0 0-.5-.5H8V0h2Z\" \/>\n\t\t\t<\/svg>\n\t\t<\/button><\/figure><\/div>\n\n\n<p>Come riguardo ogni guerra, i primi ad essere colpiti sono i poveri e innocenti civili. Cos\u00ec \u00e8 stato pure per la guerra in Ucraina, cos\u00ec avverr\u00e0 (purtroppo) sempre \u2013 se l\u2019umanit\u00e0 non dichiarer\u00e0 pace.<\/p>\n\n\n\n<p>Ma torniamo a noi. L\u2019happening \u00e8 di pochi giorni fa; l\u2019ingresso era gratuito ma vi era la possibilit\u00e0 di donare un contributo a piacere, volontario, ad Emergency, che smister\u00e0 tutto alle popolazioni di Gaza, colpite dalla follia dei conflitti.<\/p>\n\n\n\n<p>Il concerto ha avuto la direzione artistica del maestro Maria Cristina Galasso. La serata si \u00e8 \u201calternata\u201d tra liriche \u2013 performate dall\u2019attore Massimiliano Fo\u00e0; quale voce recitante \u2013 songs, canzoni vintage ma contemporanee. A parlare di libert\u00e0, di lotte, d\u2019amore. Non sono mancati riferimenti sonori (e canori!) ai musical pi\u00f9 struggenti dell\u2019era moderna.<\/p>\n\n\n<div class=\"wp-block-image\">\n<figure data-wp-context=\"{&quot;imageId&quot;:&quot;69f3eac0c47fb&quot;}\" data-wp-interactive=\"core\/image\" class=\"aligncenter size-large is-resized wp-lightbox-container\"><img loading=\"lazy\" decoding=\"async\" width=\"1024\" height=\"768\" data-wp-class--hide=\"state.isContentHidden\" data-wp-class--show=\"state.isContentVisible\" data-wp-init=\"callbacks.setButtonStyles\" data-wp-on-async--click=\"actions.showLightbox\" data-wp-on-async--load=\"callbacks.setButtonStyles\" data-wp-on-async-window--resize=\"callbacks.setButtonStyles\" src=\"https:\/\/www.istitutogalanteoliva.it\/magazine\/wp-content\/uploads\/2024\/10\/Foto-Noia-1-1024x768.jpg\" alt=\"\" class=\"wp-image-15951\" style=\"width:472px;height:auto\" srcset=\"https:\/\/www.istitutogalanteoliva.it\/magazine\/wp-content\/uploads\/2024\/10\/Foto-Noia-1-1024x768.jpg 1024w, https:\/\/www.istitutogalanteoliva.it\/magazine\/wp-content\/uploads\/2024\/10\/Foto-Noia-1-300x225.jpg 300w, https:\/\/www.istitutogalanteoliva.it\/magazine\/wp-content\/uploads\/2024\/10\/Foto-Noia-1-768x576.jpg 768w, https:\/\/www.istitutogalanteoliva.it\/magazine\/wp-content\/uploads\/2024\/10\/Foto-Noia-1-1536x1152.jpg 1536w, https:\/\/www.istitutogalanteoliva.it\/magazine\/wp-content\/uploads\/2024\/10\/Foto-Noia-1-2048x1536.jpg 2048w\" sizes=\"auto, (max-width: 1024px) 100vw, 1024px\" \/><button\n\t\t\tclass=\"lightbox-trigger\"\n\t\t\ttype=\"button\"\n\t\t\taria-haspopup=\"dialog\"\n\t\t\taria-label=\"Ingrandisci l\u2019immagine\"\n\t\t\tdata-wp-init=\"callbacks.initTriggerButton\"\n\t\t\tdata-wp-on-async--click=\"actions.showLightbox\"\n\t\t\tdata-wp-style--right=\"state.imageButtonRight\"\n\t\t\tdata-wp-style--top=\"state.imageButtonTop\"\n\t\t>\n\t\t\t<svg xmlns=\"http:\/\/www.w3.org\/2000\/svg\" width=\"12\" height=\"12\" fill=\"none\" viewBox=\"0 0 12 12\">\n\t\t\t\t<path fill=\"#fff\" d=\"M2 0a2 2 0 0 0-2 2v2h1.5V2a.5.5 0 0 1 .5-.5h2V0H2Zm2 10.5H2a.5.5 0 0 1-.5-.5V8H0v2a2 2 0 0 0 2 2h2v-1.5ZM8 12v-1.5h2a.5.5 0 0 0 .5-.5V8H12v2a2 2 0 0 1-2 2H8Zm2-12a2 2 0 0 1 2 2v2h-1.5V2a.5.5 0 0 0-.5-.5H8V0h2Z\" \/>\n\t\t\t<\/svg>\n\t\t<\/button><\/figure><\/div>\n\n\n<p>Musiche dei seguenti autori: Massenet, Giejlo, Ramirez, Astor Piazzolla, De Andr\u00e9, Bernstein, Lloyd Webber e Jara. Presenti alla serata, con le loro esibizioni, il coro vocale femminile \u201cLumina\u201d e la corale \u201cConcordia discors\u201d.<\/p>\n\n\n\n<p>L\u2019ensemble \u201cLumina\u201d era composto da: Krizia Anna Orrico e Marika Pelonero \u2013 soprani I; da Miriam Mucciolo, Mariella Pellegrino e Jessica Penon (soprani II); dai contralti Antonella Buonocore e Genny Vaccariello. Per \u201cConcordia discors\u201d, come baritono solista vi era Carmine De Feo. A narrare le liriche inizialmente \u2013 prima dell\u2019audizione corale \u2013 il succitato Fo\u00e0; al pianoforte \u2013 invece \u2013 il maestro Lorenzo Savarese.<\/p>\n\n\n\n<p>Ecco, adesso, per la cronaca, i componenti del \u201cConcordia\u201d \u2013 nato (come associazione culturale) a Salerno nel 1993 e poi \u201ctrasferitosi\u201d pure ad Avellino. Citiamo almeno quelli presenti all\u2019evento: Ida Achilli, Daniela Brillante, Antonella Buonocore, Carmine De Feo, Maria Rosaria Fai, Giuseppe Fanelli, Andrea Gennarelli, Maria Pia Mercaldo, Miriam Mucciolo, Krizia Anna Orrico, Mariella Pellegrino, Marika Pelonero, Jessica Penon, Genny Vaccariello.<\/p>\n\n\n<div class=\"wp-block-image\">\n<figure data-wp-context=\"{&quot;imageId&quot;:&quot;69f3eac0c501a&quot;}\" data-wp-interactive=\"core\/image\" class=\"aligncenter size-large is-resized wp-lightbox-container\"><img loading=\"lazy\" decoding=\"async\" width=\"1024\" height=\"768\" data-wp-class--hide=\"state.isContentHidden\" data-wp-class--show=\"state.isContentVisible\" data-wp-init=\"callbacks.setButtonStyles\" data-wp-on-async--click=\"actions.showLightbox\" data-wp-on-async--load=\"callbacks.setButtonStyles\" data-wp-on-async-window--resize=\"callbacks.setButtonStyles\" src=\"https:\/\/www.istitutogalanteoliva.it\/magazine\/wp-content\/uploads\/2024\/10\/Foto-Noia-2-1024x768.jpg\" alt=\"\" class=\"wp-image-15952\" style=\"width:426px;height:auto\" srcset=\"https:\/\/www.istitutogalanteoliva.it\/magazine\/wp-content\/uploads\/2024\/10\/Foto-Noia-2-1024x768.jpg 1024w, https:\/\/www.istitutogalanteoliva.it\/magazine\/wp-content\/uploads\/2024\/10\/Foto-Noia-2-300x225.jpg 300w, https:\/\/www.istitutogalanteoliva.it\/magazine\/wp-content\/uploads\/2024\/10\/Foto-Noia-2-768x576.jpg 768w, https:\/\/www.istitutogalanteoliva.it\/magazine\/wp-content\/uploads\/2024\/10\/Foto-Noia-2-1536x1152.jpg 1536w, https:\/\/www.istitutogalanteoliva.it\/magazine\/wp-content\/uploads\/2024\/10\/Foto-Noia-2-2048x1536.jpg 2048w\" sizes=\"auto, (max-width: 1024px) 100vw, 1024px\" \/><button\n\t\t\tclass=\"lightbox-trigger\"\n\t\t\ttype=\"button\"\n\t\t\taria-haspopup=\"dialog\"\n\t\t\taria-label=\"Ingrandisci l\u2019immagine\"\n\t\t\tdata-wp-init=\"callbacks.initTriggerButton\"\n\t\t\tdata-wp-on-async--click=\"actions.showLightbox\"\n\t\t\tdata-wp-style--right=\"state.imageButtonRight\"\n\t\t\tdata-wp-style--top=\"state.imageButtonTop\"\n\t\t>\n\t\t\t<svg xmlns=\"http:\/\/www.w3.org\/2000\/svg\" width=\"12\" height=\"12\" fill=\"none\" viewBox=\"0 0 12 12\">\n\t\t\t\t<path fill=\"#fff\" d=\"M2 0a2 2 0 0 0-2 2v2h1.5V2a.5.5 0 0 1 .5-.5h2V0H2Zm2 10.5H2a.5.5 0 0 1-.5-.5V8H0v2a2 2 0 0 0 2 2h2v-1.5ZM8 12v-1.5h2a.5.5 0 0 0 .5-.5V8H12v2a2 2 0 0 1-2 2H8Zm2-12a2 2 0 0 1 2 2v2h-1.5V2a.5.5 0 0 0-.5-.5H8V0h2Z\" \/>\n\t\t\t<\/svg>\n\t\t<\/button><\/figure><\/div>\n\n\n<p>Sia il gruppo \u201cLumina\u201d che \u201cConcordia discors\u201d hanno preso parte alla lodevole iniziativa. Cominciata con un\u2019artista (solista) che ha intonato da sola una nenia molto dolce \u2013 dedicata alla Palestina.<\/p>\n\n\n\n<p>Intervallati dalla recitazione del narratore, e illustrati dalla Galasso volta per volta, i brani eseguiti sono stati: Le poeme des fleurs \u2013 di Massenet \u2013 con il preludio (a cura dell\u2019intera compagine \u201cLumina\u201d), l\u2019Hymne des fleurs (voce del contralto Antonella Buonocore) e poi con Le danse des rameaux e con Chanson de mai. \u00c8 \u2013 dunque \u2013 stato il momento degli spartiti di Giejlo, con Days of beauty e Tundra.<\/p>\n\n\n\n<p>Subito dopo, ecco cantata una \u201chit\u201d (diciamo pure cos\u00ec) di Ramirez: Alfonsina y el mar. Ancora, le artiste e gli artisti in scena hanno \u201cmusicalizzato\u201d (senza cantare) \u201cLibertango\u201d di Piazzolla. Per ci\u00f2 che concerne, pi\u00f9 prettamente, la corale \u201cConcordia\u201d, piacevole l\u2019esecuzione di un testo di Fabrizio De Andr\u00e9: \u201cAmore che vieni, amore che vai\u201d.<\/p>\n\n\n\n<figure class=\"wp-block-gallery has-nested-images columns-default is-cropped wp-block-gallery-1 is-layout-flex wp-block-gallery-is-layout-flex\">\n<figure data-wp-context=\"{&quot;imageId&quot;:&quot;69f3eac0c56d4&quot;}\" data-wp-interactive=\"core\/image\" class=\"wp-block-image size-full wp-lightbox-container\"><img loading=\"lazy\" decoding=\"async\" width=\"805\" height=\"603\" data-wp-class--hide=\"state.isContentHidden\" data-wp-class--show=\"state.isContentVisible\" data-wp-init=\"callbacks.setButtonStyles\" data-wp-on-async--click=\"actions.showLightbox\" data-wp-on-async--load=\"callbacks.setButtonStyles\" data-wp-on-async-window--resize=\"callbacks.setButtonStyles\" data-id=\"15955\" src=\"https:\/\/www.istitutogalanteoliva.it\/magazine\/wp-content\/uploads\/2024\/10\/image-1.png\" alt=\"\" class=\"wp-image-15955\" srcset=\"https:\/\/www.istitutogalanteoliva.it\/magazine\/wp-content\/uploads\/2024\/10\/image-1.png 805w, https:\/\/www.istitutogalanteoliva.it\/magazine\/wp-content\/uploads\/2024\/10\/image-1-300x225.png 300w, https:\/\/www.istitutogalanteoliva.it\/magazine\/wp-content\/uploads\/2024\/10\/image-1-768x575.png 768w\" sizes=\"auto, (max-width: 805px) 100vw, 805px\" \/><button\n\t\t\tclass=\"lightbox-trigger\"\n\t\t\ttype=\"button\"\n\t\t\taria-haspopup=\"dialog\"\n\t\t\taria-label=\"Ingrandisci l\u2019immagine\"\n\t\t\tdata-wp-init=\"callbacks.initTriggerButton\"\n\t\t\tdata-wp-on-async--click=\"actions.showLightbox\"\n\t\t\tdata-wp-style--right=\"state.imageButtonRight\"\n\t\t\tdata-wp-style--top=\"state.imageButtonTop\"\n\t\t>\n\t\t\t<svg xmlns=\"http:\/\/www.w3.org\/2000\/svg\" width=\"12\" height=\"12\" fill=\"none\" viewBox=\"0 0 12 12\">\n\t\t\t\t<path fill=\"#fff\" d=\"M2 0a2 2 0 0 0-2 2v2h1.5V2a.5.5 0 0 1 .5-.5h2V0H2Zm2 10.5H2a.5.5 0 0 1-.5-.5V8H0v2a2 2 0 0 0 2 2h2v-1.5ZM8 12v-1.5h2a.5.5 0 0 0 .5-.5V8H12v2a2 2 0 0 1-2 2H8Zm2-12a2 2 0 0 1 2 2v2h-1.5V2a.5.5 0 0 0-.5-.5H8V0h2Z\" \/>\n\t\t\t<\/svg>\n\t\t<\/button><\/figure>\n\n\n\n<figure data-wp-context=\"{&quot;imageId&quot;:&quot;69f3eac0c5cff&quot;}\" data-wp-interactive=\"core\/image\" class=\"wp-block-image size-full wp-lightbox-container\"><img loading=\"lazy\" decoding=\"async\" width=\"2560\" height=\"1958\" data-wp-class--hide=\"state.isContentHidden\" data-wp-class--show=\"state.isContentVisible\" data-wp-init=\"callbacks.setButtonStyles\" data-wp-on-async--click=\"actions.showLightbox\" data-wp-on-async--load=\"callbacks.setButtonStyles\" data-wp-on-async-window--resize=\"callbacks.setButtonStyles\" data-id=\"15953\" src=\"https:\/\/www.istitutogalanteoliva.it\/magazine\/wp-content\/uploads\/2024\/10\/Foto-Noia-5-3-scaled.jpg\" alt=\"\" class=\"wp-image-15953\" srcset=\"https:\/\/www.istitutogalanteoliva.it\/magazine\/wp-content\/uploads\/2024\/10\/Foto-Noia-5-3-scaled.jpg 2560w, https:\/\/www.istitutogalanteoliva.it\/magazine\/wp-content\/uploads\/2024\/10\/Foto-Noia-5-3-300x230.jpg 300w, https:\/\/www.istitutogalanteoliva.it\/magazine\/wp-content\/uploads\/2024\/10\/Foto-Noia-5-3-1024x783.jpg 1024w, https:\/\/www.istitutogalanteoliva.it\/magazine\/wp-content\/uploads\/2024\/10\/Foto-Noia-5-3-768x588.jpg 768w, https:\/\/www.istitutogalanteoliva.it\/magazine\/wp-content\/uploads\/2024\/10\/Foto-Noia-5-3-1536x1175.jpg 1536w, https:\/\/www.istitutogalanteoliva.it\/magazine\/wp-content\/uploads\/2024\/10\/Foto-Noia-5-3-2048x1567.jpg 2048w\" sizes=\"auto, (max-width: 2560px) 100vw, 2560px\" \/><button\n\t\t\tclass=\"lightbox-trigger\"\n\t\t\ttype=\"button\"\n\t\t\taria-haspopup=\"dialog\"\n\t\t\taria-label=\"Ingrandisci l\u2019immagine\"\n\t\t\tdata-wp-init=\"callbacks.initTriggerButton\"\n\t\t\tdata-wp-on-async--click=\"actions.showLightbox\"\n\t\t\tdata-wp-style--right=\"state.imageButtonRight\"\n\t\t\tdata-wp-style--top=\"state.imageButtonTop\"\n\t\t>\n\t\t\t<svg xmlns=\"http:\/\/www.w3.org\/2000\/svg\" width=\"12\" height=\"12\" fill=\"none\" viewBox=\"0 0 12 12\">\n\t\t\t\t<path fill=\"#fff\" d=\"M2 0a2 2 0 0 0-2 2v2h1.5V2a.5.5 0 0 1 .5-.5h2V0H2Zm2 10.5H2a.5.5 0 0 1-.5-.5V8H0v2a2 2 0 0 0 2 2h2v-1.5ZM8 12v-1.5h2a.5.5 0 0 0 .5-.5V8H12v2a2 2 0 0 1-2 2H8Zm2-12a2 2 0 0 1 2 2v2h-1.5V2a.5.5 0 0 0-.5-.5H8V0h2Z\" \/>\n\t\t\t<\/svg>\n\t\t<\/button><\/figure>\n<\/figure>\n\n\n\n<p>A seguire, \u201cWest side story\u201d di Bernstein \u2013 traendo i temi \u201cTonight\u201d e \u201cSomewhere\u201d. In conclusione, tre grandi spartiti: \u201cDon\u2019t cry for me Argentina\u201d (da \u201cEvita\u201d) e \u201cMemory\u201d (di \u201cCats\u201d), ideati da Webber; al termine: \u201cEl aparecido\u201d (Jara).<\/p>\n\n\n\n<p>Ogni esibizione in scaletta aveva un proprio significato, una ragion d\u2019essere \u2013 nell\u2019ambito della manifestazione. Tutto ruota attorno alla tristezza di alcuni popoli, alla malinconia, allo struggersi del cuore. Ogni brano, quindi, una storia. Opportunamente esplicata dalla direttrice dei cori.<\/p>\n\n\n\n<p>Ad esempio, Alfonsina y el mar (ed il mare) \u00e8 stata composta \u201cin onore\u201d di una contessa morta suicida, per annegamento nel mare. Alfonsina Storni \u2013 scrittrice, poetessa, giornalista italosvizzera \u2013 dopo la depressione e altri \u201ctormenti\u201d nella sua vita, contrasse un tumore al seno. Dopo numerose recidive, per sottrarsi al dolore e alla sofferenza, ella decise di programmare il proprio suicidio. Si gett\u00f2 nel mare, ma prima scrisse una poesia, la cui traduzione \u00e8 \u201cVado a dormire\u201d.<\/p>\n\n\n\n<p>Altre curiosit\u00e0 (culturali, oltre che melodiche) riguardano \u2013 sempre a titolo di esemplificazione \u2013 Bernstein. Per lui, infatti, ha spiegato la Galasso, \u00e8 stato coniato il termine (usatissimo oggi) \u201cradical chic\u201d. In principio, la definizione fu affibbiata, nel 1970, al celebre musicista dal giornalista Tom Wolfe.<\/p>\n\n\n\n<p>Ad indicare un personaggio che va controcorrente \u201cradicalmente\u201d, professando idee \u201cumanitarie\u201d solo (apparentemente) per convenienza. In riferimento alle svariate raccolte fondi \u2013 contornate da feste e party \u2013 del compositore e della moglie, l\u00ec in America.<\/p>\n\n\n\n<p>Tutte le opere scelte per la serata indicano\/indicavano valori o lotte o momenti ed occasioni di \u201csofferenze\u201d. O influssi dittatoriali. O, anche, speranze malinconiche e oscure. Non necessariamente dal punto di vista \u201cpolitico\u201d.<\/p>\n\n\n\n<p>Per\u00f2 queste influenze melanconiche si \u201cassociano\u201d al dolore, alla mortificazione, alla sofferenza che stanno vivendo \u2013 attualmente \u2013 tantissimi, troppi popoli. Come accade a Gaza.<\/p>\n\n\n\n<p>Opportuna \u2013 perci\u00f2 \u2013 una serata simile, davvero ben riuscita. Dal punto di vista sociale, soprattutto. Nella bella cornice della chiesa avellinese \u2013 nell\u2019altrettanto lussureggiante location di Avellino.<\/p>\n\n\n\n<p>Signorile e quieta, col suo corso e con i negozi che vi si affacciano. \u201cConcordia discors\u201d, cio\u00e8 il sodalizio melodico che ha performato suoni e note (in libert\u00e0), si \u00e8 reinventato da poco quale associazione di promozione sociale (Aps).<\/p>\n\n\n\n<p>Sorta agli inizi degli anni \u201990, la realt\u00e0 associativa si \u00e8 dapprima dedicata allo studio del canto (corale) polifonico. Adesso, il team ha \u201cincontrato\u201d l\u2019Arci di Avellino.<\/p>\n\n\n\n<p>Ci auguriamo \u2013 in chiosa di tale articolo \u2013 che il \u201cgemellaggio\u201d sia sempre proficuo e\/o foriero di iniziative. Sia inerenti al mondo della musica che a livello sociale.<\/p>\n\n\n\n<p><img loading=\"lazy\" decoding=\"async\" width=\"80\" height=\"80\" class=\"wp-image-6058\" style=\"width: 80px;\" src=\"https:\/\/www.istitutogalanteoliva.it\/magazine\/wp-content\/uploads\/2021\/03\/Anna-Maria1.jpg\" alt=\"\" srcset=\"https:\/\/www.istitutogalanteoliva.it\/magazine\/wp-content\/uploads\/2021\/03\/Anna-Maria1.jpg 674w, https:\/\/www.istitutogalanteoliva.it\/magazine\/wp-content\/uploads\/2021\/03\/Anna-Maria1-300x300.jpg 300w, https:\/\/www.istitutogalanteoliva.it\/magazine\/wp-content\/uploads\/2021\/03\/Anna-Maria1-150x150.jpg 150w\" sizes=\"auto, (max-width: 80px) 100vw, 80px\" \/><em><a href=\"https:\/\/www.istitutogalanteoliva.it\/magazine\/?s=Anna+Maria+Noia+\" target=\"_blank\" rel=\"noreferrer noopener\"><strong>Anna Maria Noia<\/strong><\/a><\/em><\/p>\n<div class=\"pdfprnt-buttons pdfprnt-buttons-post pdfprnt-bottom-left\"><a href=\"https:\/\/www.istitutogalanteoliva.it\/magazine\/wp-json\/wp\/v2\/posts\/15945?print=print\" class=\"pdfprnt-button pdfprnt-button-print\" target=\"_blank\"><img decoding=\"async\" src=\"https:\/\/www.istitutogalanteoliva.it\/magazine\/wp-content\/plugins\/pdf-print\/images\/print.png\" alt=\"image_print\" title=\"Stampa contenuto\" \/><span class=\"pdfprnt-button-title pdfprnt-button-print-title\">Download in PDF<\/span><\/a><\/div>","protected":false},"excerpt":{"rendered":"<p>Un concerto pro Palestina per sensibilizzare e sostenere le popolazioni colpite dai conflitti del Medioriente<\/p>\n","protected":false},"author":2,"featured_media":15957,"comment_status":"closed","ping_status":"open","sticky":true,"template":"","format":"standard","meta":{"footnotes":""},"categories":[872,210,47],"tags":[1143,1144],"class_list":["post-15945","post","type-post","status-publish","format-standard","has-post-thumbnail","hentry","category-872","category-campania","category-eventi","tag-concerto","tag-palestina"],"yoast_head":"<!-- This site is optimized with the Yoast SEO plugin v24.2 - https:\/\/yoast.com\/wordpress\/plugins\/seo\/ -->\n<title>&quot;Canto per Gaza&quot;: Melodie di solidariet\u00e0 ad Avellino - Polis SA Magazine<\/title>\n<meta name=\"robots\" content=\"index, follow, max-snippet:-1, max-image-preview:large, max-video-preview:-1\" \/>\n<link rel=\"canonical\" href=\"https:\/\/www.istitutogalanteoliva.it\/magazine\/2024\/10\/09\/canto-per-gaza-melodie-di-solidarieta-ad-avellino\/\" \/>\n<meta property=\"og:locale\" content=\"it_IT\" \/>\n<meta property=\"og:type\" content=\"article\" \/>\n<meta property=\"og:title\" content=\"&quot;Canto per Gaza&quot;: Melodie di solidariet\u00e0 ad Avellino - Polis SA Magazine\" \/>\n<meta property=\"og:description\" content=\"Un concerto pro Palestina per sensibilizzare e sostenere le popolazioni colpite dai conflitti del Medioriente\" \/>\n<meta property=\"og:url\" content=\"https:\/\/www.istitutogalanteoliva.it\/magazine\/2024\/10\/09\/canto-per-gaza-melodie-di-solidarieta-ad-avellino\/\" \/>\n<meta property=\"og:site_name\" content=\"Polis SA Magazine\" \/>\n<meta property=\"article:publisher\" content=\"https:\/\/www.facebook.com\/PolisSAMagazine\/\" \/>\n<meta property=\"article:published_time\" content=\"2024-10-09T06:00:00+00:00\" \/>\n<meta property=\"article:modified_time\" content=\"2024-10-10T13:54:17+00:00\" \/>\n<meta property=\"og:image\" content=\"https:\/\/www.istitutogalanteoliva.it\/magazine\/wp-content\/uploads\/2024\/10\/Foto-Noia-6.jpg\" \/>\n\t<meta property=\"og:image:width\" content=\"1226\" \/>\n\t<meta property=\"og:image:height\" content=\"666\" \/>\n\t<meta property=\"og:image:type\" content=\"image\/jpeg\" \/>\n<meta name=\"author\" content=\"Antonello Rivano\" \/>\n<meta name=\"twitter:card\" content=\"summary_large_image\" \/>\n<meta name=\"twitter:creator\" content=\"@MagazinePolis\" \/>\n<meta name=\"twitter:site\" content=\"@MagazinePolis\" \/>\n<meta name=\"twitter:label1\" content=\"Scritto da\" \/>\n\t<meta name=\"twitter:data1\" content=\"Antonello Rivano\" \/>\n\t<meta name=\"twitter:label2\" content=\"Tempo di lettura stimato\" \/>\n\t<meta name=\"twitter:data2\" content=\"13 minuti\" \/>\n<script type=\"application\/ld+json\" class=\"yoast-schema-graph\">{\"@context\":\"https:\/\/schema.org\",\"@graph\":[{\"@type\":\"Article\",\"@id\":\"https:\/\/www.istitutogalanteoliva.it\/magazine\/2024\/10\/09\/canto-per-gaza-melodie-di-solidarieta-ad-avellino\/#article\",\"isPartOf\":{\"@id\":\"https:\/\/www.istitutogalanteoliva.it\/magazine\/2024\/10\/09\/canto-per-gaza-melodie-di-solidarieta-ad-avellino\/\"},\"author\":{\"name\":\"Antonello Rivano\",\"@id\":\"https:\/\/www.istitutogalanteoliva.it\/magazine\/#\/schema\/person\/d8b8aa79cfe8babc1df9da3212a7c0c4\"},\"headline\":\"&#8220;Canto per Gaza&#8221;: Melodie di solidariet\u00e0 ad Avellino\",\"datePublished\":\"2024-10-09T06:00:00+00:00\",\"dateModified\":\"2024-10-10T13:54:17+00:00\",\"mainEntityOfPage\":{\"@id\":\"https:\/\/www.istitutogalanteoliva.it\/magazine\/2024\/10\/09\/canto-per-gaza-melodie-di-solidarieta-ad-avellino\/\"},\"wordCount\":951,\"publisher\":{\"@id\":\"https:\/\/www.istitutogalanteoliva.it\/magazine\/#organization\"},\"image\":{\"@id\":\"https:\/\/www.istitutogalanteoliva.it\/magazine\/2024\/10\/09\/canto-per-gaza-melodie-di-solidarieta-ad-avellino\/#primaryimage\"},\"thumbnailUrl\":\"https:\/\/www.istitutogalanteoliva.it\/magazine\/wp-content\/uploads\/2024\/10\/Foto-Noia-6.jpg\",\"keywords\":[\"Concerto\",\"Palestina\"],\"articleSection\":[\"2024\",\"Campania\",\"Eventi\"],\"inLanguage\":\"it-IT\"},{\"@type\":\"WebPage\",\"@id\":\"https:\/\/www.istitutogalanteoliva.it\/magazine\/2024\/10\/09\/canto-per-gaza-melodie-di-solidarieta-ad-avellino\/\",\"url\":\"https:\/\/www.istitutogalanteoliva.it\/magazine\/2024\/10\/09\/canto-per-gaza-melodie-di-solidarieta-ad-avellino\/\",\"name\":\"\\\"Canto per Gaza\\\": Melodie di solidariet\u00e0 ad Avellino - Polis SA Magazine\",\"isPartOf\":{\"@id\":\"https:\/\/www.istitutogalanteoliva.it\/magazine\/#website\"},\"primaryImageOfPage\":{\"@id\":\"https:\/\/www.istitutogalanteoliva.it\/magazine\/2024\/10\/09\/canto-per-gaza-melodie-di-solidarieta-ad-avellino\/#primaryimage\"},\"image\":{\"@id\":\"https:\/\/www.istitutogalanteoliva.it\/magazine\/2024\/10\/09\/canto-per-gaza-melodie-di-solidarieta-ad-avellino\/#primaryimage\"},\"thumbnailUrl\":\"https:\/\/www.istitutogalanteoliva.it\/magazine\/wp-content\/uploads\/2024\/10\/Foto-Noia-6.jpg\",\"datePublished\":\"2024-10-09T06:00:00+00:00\",\"dateModified\":\"2024-10-10T13:54:17+00:00\",\"breadcrumb\":{\"@id\":\"https:\/\/www.istitutogalanteoliva.it\/magazine\/2024\/10\/09\/canto-per-gaza-melodie-di-solidarieta-ad-avellino\/#breadcrumb\"},\"inLanguage\":\"it-IT\",\"potentialAction\":[{\"@type\":\"ReadAction\",\"target\":[\"https:\/\/www.istitutogalanteoliva.it\/magazine\/2024\/10\/09\/canto-per-gaza-melodie-di-solidarieta-ad-avellino\/\"]}]},{\"@type\":\"ImageObject\",\"inLanguage\":\"it-IT\",\"@id\":\"https:\/\/www.istitutogalanteoliva.it\/magazine\/2024\/10\/09\/canto-per-gaza-melodie-di-solidarieta-ad-avellino\/#primaryimage\",\"url\":\"https:\/\/www.istitutogalanteoliva.it\/magazine\/wp-content\/uploads\/2024\/10\/Foto-Noia-6.jpg\",\"contentUrl\":\"https:\/\/www.istitutogalanteoliva.it\/magazine\/wp-content\/uploads\/2024\/10\/Foto-Noia-6.jpg\",\"width\":1226,\"height\":666},{\"@type\":\"BreadcrumbList\",\"@id\":\"https:\/\/www.istitutogalanteoliva.it\/magazine\/2024\/10\/09\/canto-per-gaza-melodie-di-solidarieta-ad-avellino\/#breadcrumb\",\"itemListElement\":[{\"@type\":\"ListItem\",\"position\":1,\"name\":\"Home\",\"item\":\"https:\/\/www.istitutogalanteoliva.it\/magazine\/\"},{\"@type\":\"ListItem\",\"position\":2,\"name\":\"&#8220;Canto per Gaza&#8221;: Melodie di solidariet\u00e0 ad Avellino\"}]},{\"@type\":\"WebSite\",\"@id\":\"https:\/\/www.istitutogalanteoliva.it\/magazine\/#website\",\"url\":\"https:\/\/www.istitutogalanteoliva.it\/magazine\/\",\"name\":\"POLIS SA MAGAZINE\",\"description\":\"Informazione e approfondimenti\",\"publisher\":{\"@id\":\"https:\/\/www.istitutogalanteoliva.it\/magazine\/#organization\"},\"potentialAction\":[{\"@type\":\"SearchAction\",\"target\":{\"@type\":\"EntryPoint\",\"urlTemplate\":\"https:\/\/www.istitutogalanteoliva.it\/magazine\/?s={search_term_string}\"},\"query-input\":{\"@type\":\"PropertyValueSpecification\",\"valueRequired\":true,\"valueName\":\"search_term_string\"}}],\"inLanguage\":\"it-IT\"},{\"@type\":\"Organization\",\"@id\":\"https:\/\/www.istitutogalanteoliva.it\/magazine\/#organization\",\"name\":\"Polis SA Magazine\",\"url\":\"https:\/\/www.istitutogalanteoliva.it\/magazine\/\",\"logo\":{\"@type\":\"ImageObject\",\"inLanguage\":\"it-IT\",\"@id\":\"https:\/\/www.istitutogalanteoliva.it\/magazine\/#\/schema\/logo\/image\/\",\"url\":\"\",\"contentUrl\":\"\",\"caption\":\"Polis SA Magazine\"},\"image\":{\"@id\":\"https:\/\/www.istitutogalanteoliva.it\/magazine\/#\/schema\/logo\/image\/\"},\"sameAs\":[\"https:\/\/www.facebook.com\/PolisSAMagazine\/\",\"https:\/\/x.com\/MagazinePolis\",\"https:\/\/www.youtube.com\/channel\/UCv0Mr5AHKUmsc0sEEXkJrgw\"]},{\"@type\":\"Person\",\"@id\":\"https:\/\/www.istitutogalanteoliva.it\/magazine\/#\/schema\/person\/d8b8aa79cfe8babc1df9da3212a7c0c4\",\"name\":\"Antonello Rivano\",\"image\":{\"@type\":\"ImageObject\",\"inLanguage\":\"it-IT\",\"@id\":\"https:\/\/www.istitutogalanteoliva.it\/magazine\/#\/schema\/person\/image\/\",\"url\":\"https:\/\/secure.gravatar.com\/avatar\/517a9a6487a7a18ecc4ce6d2e57a8f40?s=96&d=mm&r=g\",\"contentUrl\":\"https:\/\/secure.gravatar.com\/avatar\/517a9a6487a7a18ecc4ce6d2e57a8f40?s=96&d=mm&r=g\",\"caption\":\"Antonello Rivano\"},\"url\":\"https:\/\/www.istitutogalanteoliva.it\/magazine\/author\/antonello\/\"}]}<\/script>\n<!-- \/ Yoast SEO plugin. -->","yoast_head_json":{"title":"\"Canto per Gaza\": Melodie di solidariet\u00e0 ad Avellino - Polis SA Magazine","robots":{"index":"index","follow":"follow","max-snippet":"max-snippet:-1","max-image-preview":"max-image-preview:large","max-video-preview":"max-video-preview:-1"},"canonical":"https:\/\/www.istitutogalanteoliva.it\/magazine\/2024\/10\/09\/canto-per-gaza-melodie-di-solidarieta-ad-avellino\/","og_locale":"it_IT","og_type":"article","og_title":"\"Canto per Gaza\": Melodie di solidariet\u00e0 ad Avellino - Polis SA Magazine","og_description":"Un concerto pro Palestina per sensibilizzare e sostenere le popolazioni colpite dai conflitti del Medioriente","og_url":"https:\/\/www.istitutogalanteoliva.it\/magazine\/2024\/10\/09\/canto-per-gaza-melodie-di-solidarieta-ad-avellino\/","og_site_name":"Polis SA Magazine","article_publisher":"https:\/\/www.facebook.com\/PolisSAMagazine\/","article_published_time":"2024-10-09T06:00:00+00:00","article_modified_time":"2024-10-10T13:54:17+00:00","og_image":[{"width":1226,"height":666,"url":"https:\/\/www.istitutogalanteoliva.it\/magazine\/wp-content\/uploads\/2024\/10\/Foto-Noia-6.jpg","type":"image\/jpeg"}],"author":"Antonello Rivano","twitter_card":"summary_large_image","twitter_creator":"@MagazinePolis","twitter_site":"@MagazinePolis","twitter_misc":{"Scritto da":"Antonello Rivano","Tempo di lettura stimato":"13 minuti"},"schema":{"@context":"https:\/\/schema.org","@graph":[{"@type":"Article","@id":"https:\/\/www.istitutogalanteoliva.it\/magazine\/2024\/10\/09\/canto-per-gaza-melodie-di-solidarieta-ad-avellino\/#article","isPartOf":{"@id":"https:\/\/www.istitutogalanteoliva.it\/magazine\/2024\/10\/09\/canto-per-gaza-melodie-di-solidarieta-ad-avellino\/"},"author":{"name":"Antonello Rivano","@id":"https:\/\/www.istitutogalanteoliva.it\/magazine\/#\/schema\/person\/d8b8aa79cfe8babc1df9da3212a7c0c4"},"headline":"&#8220;Canto per Gaza&#8221;: Melodie di solidariet\u00e0 ad Avellino","datePublished":"2024-10-09T06:00:00+00:00","dateModified":"2024-10-10T13:54:17+00:00","mainEntityOfPage":{"@id":"https:\/\/www.istitutogalanteoliva.it\/magazine\/2024\/10\/09\/canto-per-gaza-melodie-di-solidarieta-ad-avellino\/"},"wordCount":951,"publisher":{"@id":"https:\/\/www.istitutogalanteoliva.it\/magazine\/#organization"},"image":{"@id":"https:\/\/www.istitutogalanteoliva.it\/magazine\/2024\/10\/09\/canto-per-gaza-melodie-di-solidarieta-ad-avellino\/#primaryimage"},"thumbnailUrl":"https:\/\/www.istitutogalanteoliva.it\/magazine\/wp-content\/uploads\/2024\/10\/Foto-Noia-6.jpg","keywords":["Concerto","Palestina"],"articleSection":["2024","Campania","Eventi"],"inLanguage":"it-IT"},{"@type":"WebPage","@id":"https:\/\/www.istitutogalanteoliva.it\/magazine\/2024\/10\/09\/canto-per-gaza-melodie-di-solidarieta-ad-avellino\/","url":"https:\/\/www.istitutogalanteoliva.it\/magazine\/2024\/10\/09\/canto-per-gaza-melodie-di-solidarieta-ad-avellino\/","name":"\"Canto per Gaza\": Melodie di solidariet\u00e0 ad Avellino - Polis SA Magazine","isPartOf":{"@id":"https:\/\/www.istitutogalanteoliva.it\/magazine\/#website"},"primaryImageOfPage":{"@id":"https:\/\/www.istitutogalanteoliva.it\/magazine\/2024\/10\/09\/canto-per-gaza-melodie-di-solidarieta-ad-avellino\/#primaryimage"},"image":{"@id":"https:\/\/www.istitutogalanteoliva.it\/magazine\/2024\/10\/09\/canto-per-gaza-melodie-di-solidarieta-ad-avellino\/#primaryimage"},"thumbnailUrl":"https:\/\/www.istitutogalanteoliva.it\/magazine\/wp-content\/uploads\/2024\/10\/Foto-Noia-6.jpg","datePublished":"2024-10-09T06:00:00+00:00","dateModified":"2024-10-10T13:54:17+00:00","breadcrumb":{"@id":"https:\/\/www.istitutogalanteoliva.it\/magazine\/2024\/10\/09\/canto-per-gaza-melodie-di-solidarieta-ad-avellino\/#breadcrumb"},"inLanguage":"it-IT","potentialAction":[{"@type":"ReadAction","target":["https:\/\/www.istitutogalanteoliva.it\/magazine\/2024\/10\/09\/canto-per-gaza-melodie-di-solidarieta-ad-avellino\/"]}]},{"@type":"ImageObject","inLanguage":"it-IT","@id":"https:\/\/www.istitutogalanteoliva.it\/magazine\/2024\/10\/09\/canto-per-gaza-melodie-di-solidarieta-ad-avellino\/#primaryimage","url":"https:\/\/www.istitutogalanteoliva.it\/magazine\/wp-content\/uploads\/2024\/10\/Foto-Noia-6.jpg","contentUrl":"https:\/\/www.istitutogalanteoliva.it\/magazine\/wp-content\/uploads\/2024\/10\/Foto-Noia-6.jpg","width":1226,"height":666},{"@type":"BreadcrumbList","@id":"https:\/\/www.istitutogalanteoliva.it\/magazine\/2024\/10\/09\/canto-per-gaza-melodie-di-solidarieta-ad-avellino\/#breadcrumb","itemListElement":[{"@type":"ListItem","position":1,"name":"Home","item":"https:\/\/www.istitutogalanteoliva.it\/magazine\/"},{"@type":"ListItem","position":2,"name":"&#8220;Canto per Gaza&#8221;: Melodie di solidariet\u00e0 ad Avellino"}]},{"@type":"WebSite","@id":"https:\/\/www.istitutogalanteoliva.it\/magazine\/#website","url":"https:\/\/www.istitutogalanteoliva.it\/magazine\/","name":"POLIS SA MAGAZINE","description":"Informazione e approfondimenti","publisher":{"@id":"https:\/\/www.istitutogalanteoliva.it\/magazine\/#organization"},"potentialAction":[{"@type":"SearchAction","target":{"@type":"EntryPoint","urlTemplate":"https:\/\/www.istitutogalanteoliva.it\/magazine\/?s={search_term_string}"},"query-input":{"@type":"PropertyValueSpecification","valueRequired":true,"valueName":"search_term_string"}}],"inLanguage":"it-IT"},{"@type":"Organization","@id":"https:\/\/www.istitutogalanteoliva.it\/magazine\/#organization","name":"Polis SA Magazine","url":"https:\/\/www.istitutogalanteoliva.it\/magazine\/","logo":{"@type":"ImageObject","inLanguage":"it-IT","@id":"https:\/\/www.istitutogalanteoliva.it\/magazine\/#\/schema\/logo\/image\/","url":"","contentUrl":"","caption":"Polis SA Magazine"},"image":{"@id":"https:\/\/www.istitutogalanteoliva.it\/magazine\/#\/schema\/logo\/image\/"},"sameAs":["https:\/\/www.facebook.com\/PolisSAMagazine\/","https:\/\/x.com\/MagazinePolis","https:\/\/www.youtube.com\/channel\/UCv0Mr5AHKUmsc0sEEXkJrgw"]},{"@type":"Person","@id":"https:\/\/www.istitutogalanteoliva.it\/magazine\/#\/schema\/person\/d8b8aa79cfe8babc1df9da3212a7c0c4","name":"Antonello Rivano","image":{"@type":"ImageObject","inLanguage":"it-IT","@id":"https:\/\/www.istitutogalanteoliva.it\/magazine\/#\/schema\/person\/image\/","url":"https:\/\/secure.gravatar.com\/avatar\/517a9a6487a7a18ecc4ce6d2e57a8f40?s=96&d=mm&r=g","contentUrl":"https:\/\/secure.gravatar.com\/avatar\/517a9a6487a7a18ecc4ce6d2e57a8f40?s=96&d=mm&r=g","caption":"Antonello Rivano"},"url":"https:\/\/www.istitutogalanteoliva.it\/magazine\/author\/antonello\/"}]}},"_links":{"self":[{"href":"https:\/\/www.istitutogalanteoliva.it\/magazine\/wp-json\/wp\/v2\/posts\/15945","targetHints":{"allow":["GET"]}}],"collection":[{"href":"https:\/\/www.istitutogalanteoliva.it\/magazine\/wp-json\/wp\/v2\/posts"}],"about":[{"href":"https:\/\/www.istitutogalanteoliva.it\/magazine\/wp-json\/wp\/v2\/types\/post"}],"author":[{"embeddable":true,"href":"https:\/\/www.istitutogalanteoliva.it\/magazine\/wp-json\/wp\/v2\/users\/2"}],"replies":[{"embeddable":true,"href":"https:\/\/www.istitutogalanteoliva.it\/magazine\/wp-json\/wp\/v2\/comments?post=15945"}],"version-history":[{"count":1,"href":"https:\/\/www.istitutogalanteoliva.it\/magazine\/wp-json\/wp\/v2\/posts\/15945\/revisions"}],"predecessor-version":[{"id":15958,"href":"https:\/\/www.istitutogalanteoliva.it\/magazine\/wp-json\/wp\/v2\/posts\/15945\/revisions\/15958"}],"wp:featuredmedia":[{"embeddable":true,"href":"https:\/\/www.istitutogalanteoliva.it\/magazine\/wp-json\/wp\/v2\/media\/15957"}],"wp:attachment":[{"href":"https:\/\/www.istitutogalanteoliva.it\/magazine\/wp-json\/wp\/v2\/media?parent=15945"}],"wp:term":[{"taxonomy":"category","embeddable":true,"href":"https:\/\/www.istitutogalanteoliva.it\/magazine\/wp-json\/wp\/v2\/categories?post=15945"},{"taxonomy":"post_tag","embeddable":true,"href":"https:\/\/www.istitutogalanteoliva.it\/magazine\/wp-json\/wp\/v2\/tags?post=15945"}],"curies":[{"name":"wp","href":"https:\/\/api.w.org\/{rel}","templated":true}]}}