{"id":16078,"date":"2024-10-19T08:00:00","date_gmt":"2024-10-19T06:00:00","guid":{"rendered":"https:\/\/www.istitutogalanteoliva.it\/magazine\/?p=16078"},"modified":"2025-01-07T17:48:21","modified_gmt":"2025-01-07T16:48:21","slug":"tecnologia-e-distrazione-il-nuovo-analfabetismo-del-xxi-secolo","status":"publish","type":"post","link":"https:\/\/www.istitutogalanteoliva.it\/magazine\/2024\/10\/19\/tecnologia-e-distrazione-il-nuovo-analfabetismo-del-xxi-secolo\/","title":{"rendered":"Tecnologia e distrazione: il nuovo analfabetismo del XXI Secolo"},"content":{"rendered":"<div class=\"wp-block-image\">\n<figure class=\"aligncenter size-full\"><img loading=\"lazy\" decoding=\"async\" width=\"700\" height=\"158\" src=\"https:\/\/www.istitutogalanteoliva.it\/magazine\/wp-content\/uploads\/2024\/10\/TS-completo-1.jpg\" alt=\"\" class=\"wp-image-15929\" srcset=\"https:\/\/www.istitutogalanteoliva.it\/magazine\/wp-content\/uploads\/2024\/10\/TS-completo-1.jpg 700w, https:\/\/www.istitutogalanteoliva.it\/magazine\/wp-content\/uploads\/2024\/10\/TS-completo-1-300x68.jpg 300w\" sizes=\"auto, (max-width: 700px) 100vw, 700px\" \/><\/figure><\/div>\n\n\n<p>Negli ultimi vent&#8217;anni, la tecnologia ha rivoluzionato ogni aspetto della nostra vita quotidiana, dalla comunicazione alla fruizione delle informazioni. Tuttavia, questa trasformazione ha anche sollevato preoccupazioni riguardo al declino della soglia di attenzione e all\u2019aumento dell\u2019analfabetismo funzionale, due problemi strettamente collegati. La questione \u00e8 diventata centrale non solo per i sistemi educativi ma anche per il mondo del lavoro e la partecipazione sociale. Ma quali sono le radici di questi problemi e come possiamo affrontarli?<\/p>\n\n\n\n<h4 class=\"wp-block-heading\">Analfabetismo funzionale: una sfida globale<\/h4>\n\n\n\n<p>Nonostante l&#8217;accesso all&#8217;istruzione sia aumentato a livello globale, la percentuale di persone che, pur sapendo leggere e scrivere, non sono in grado di comprendere o utilizzare informazioni complesse, \u00e8 allarmante. In Italia, circa il <strong>47% della popolazione<\/strong> \u00e8 considerata funzionalmente analfabeta. Questa percentuale si riferisce a individui che, pur avendo completato il ciclo scolastico, non sono in grado di applicare le competenze di lettura e scrittura nella vita quotidiana, rendendoli vulnerabili a decisioni errate o alla disinformazione.<\/p>\n\n\n\n<p>A livello globale, il <strong>15% della popolazione adulta<\/strong> (circa 757 milioni di persone) \u00e8 ancora analfabeta, con una distribuzione prevalente nei Paesi in via di sviluppo, secondo l&#8217;UNESCO. Tuttavia, l&#8217;analfabetismo funzionale \u00e8 pi\u00f9 diffuso nei Paesi sviluppati, dove l&#8217;accesso all&#8217;istruzione formale \u00e8 garantito, ma la comprensione critica dei testi e delle informazioni rimane una sfida. Questo fenomeno ha un impatto diretto su vari aspetti della vita: la salute, la capacit\u00e0 di trovare lavoro e partecipare attivamente alla societ\u00e0 sono solo alcuni degli ambiti colpiti da queste lacune educative.<\/p>\n\n\n\n<h4 class=\"wp-block-heading\">La tecnologia e il Declino della soglia di attenzione<\/h4>\n\n\n\n<p>L&#8217;evoluzione dei nuovi media, dai social network ai contenuti video, ha contribuito a una drastica riduzione della soglia di attenzione degli utenti. Uno studio del <strong>National Center for Biotechnology Information<\/strong> ha evidenziato che la soglia di attenzione media \u00e8 passata da <strong>12 secondi nel 2000<\/strong> a <strong>8 secondi nel 2021<\/strong>. Questo dato \u00e8 paragonabile a quello di un pesce rosso, noto per avere un&#8217;attenzione limitata. Tuttavia, \u00e8 importante notare che l&#8217;idea che l&#8217;attenzione umana sia inferiore a quella dei pesci rossi \u00e8 stata oggetto di dibattito, poich\u00e9 la vera natura dell&#8217;attenzione \u00e8 complessa e influenzata da vari fattori, come la motivazione e l&#8217;interesse verso l&#8217;attivit\u00e0 in corso\u200b.<\/p>\n\n\n\n<p>Questa diminuzione, pari al 33% in 21 anni, della soglia di attenzione ha conseguenze dirette sull&#8217;elaborazione delle informazioni e sulla nostra capacit\u00e0 di concentrarci in modo efficace. Nel contesto dell&#8217;analfabetismo funzionale, le persone che hanno difficolt\u00e0 a comprendere testi complessi sono anche quelle pi\u00f9 vulnerabili a distrazioni, rendendo difficile l&#8217;impegno in un dibattito pubblico consapevole e informato. Per affrontare queste sfide, \u00e8 essenziale un impegno collettivo da parte di governi, educatori e industrie tecnologiche per promuovere l&#8217;alfabetizzazione digitale critica e fornire strumenti che incentivino una comprensione pi\u00f9 profonda delle informazioni.<\/p>\n\n\n\n<p>In un mondo sempre pi\u00f9 dominato da contenuti &#8220;snackable&#8221;, come video di pochi secondi o post di microblogging, la nostra capacit\u00e0 di concentrazione \u00e8 messa alla prova quotidianamente.<\/p>\n\n\n\n<p>Il <strong>Digital Information Overload<\/strong>, causato dalla continua esposizione a enormi quantit\u00e0 di dati e stimoli, riduce la capacit\u00e0 di attenzione e di memorizzazione a lungo termine. Questo fenomeno \u00e8 particolarmente pronunciato tra i giovani, con uno studio di Microsoft che rileva che i millennials hanno meno capacit\u00e0 di concentrazione rispetto a coloro che hanno vissuto prima dell&#8217;era digitale.<\/p>\n\n\n\n<h4 class=\"wp-block-heading\">La relazione tra tecnologia, soglia di attenzione e analfabetismo funzionale<\/h4>\n\n\n\n<p>Le tecnologie digitali, pur avendo enormi benefici, hanno aggravato il problema dell&#8217;analfabetismo funzionale. Con l&#8217;avvento dei social media, la lettura e la scrittura sono spesso ridotte a forme semplici e frammentarie, limitando la possibilit\u00e0 di sviluppare una comprensione profonda e critica delle informazioni. Questo fenomeno non \u00e8 limitato ai Paesi occidentali; in tutto il mondo, si osserva un aumento delle persone incapaci di affrontare testi complessi, nonostante l&#8217;accesso universale alla tecnologia.<\/p>\n\n\n\n<p>L&#8217;Organizzazione per la Cooperazione e lo Sviluppo Economico (OCSE, o OECD in inglese, che sta per Organisation for Economic Co-operation and Development) \u00e8 un&#8217;organizzazione internazionale fondata nel 1961, con sede a Parigi, che comprende 38 Stati membri, principalmente paesi sviluppati. Il suo obiettivo principale \u00e8 promuovere politiche che migliorino il benessere economico e sociale delle persone in tutto il mondo.<\/p>\n\n\n\n<p>La OECD ha sottolineato che i test di alfabetizzazione tra gli adulti in 33 Paesi membri rivelano come una percentuale significativa della popolazione non riesca a capire o a valutare informazioni complesse, nonostante l&#8217;accesso a strumenti educativi e tecnologici avanzati. La prevalenza dell&#8217;analfabetismo funzionale \u00e8 particolarmente elevata nelle fasce di popolazione con livelli di istruzione pi\u00f9 bassi, ma anche tra coloro che utilizzano la tecnologia in maniera passiva e non critica.<\/p>\n\n\n\n<p>In questo contesto, la capacit\u00e0 di navigare tra le informazioni disponibili e di interpretarle in modo critico diventa cruciale. L&#8217;analfabetismo funzionale non si limita alla mancanza di capacit\u00e0 di lettura e scrittura, ma include anche l&#8217;incapacit\u00e0 di comprendere e analizzare informazioni complesse, un aspetto sempre pi\u00f9 rilevante con la proliferazione di contenuti digitali. Allo stesso tempo, la crescente abitudine a fruire di contenuti brevi e immediati ha portato a un declino della soglia di attenzione, rendendo difficile per molte persone impegnarsi in letture pi\u00f9 profonde e riflessive.<\/p>\n\n\n\n<h4 class=\"wp-block-heading\">I Numeri dell\u2019Analfabetismo Funzionale in Italia<\/h4>\n\n\n\n<p>L&#8217;analfabetismo funzionale in Italia rappresenta un fenomeno particolarmente preoccupante. Circa il 28% degli italiani ha problemi di comprensione dei testi scritti e non \u00e8 in grado di trarre informazioni precise da un testo articolato. Questo dato colloca l\u2019Italia tra i Paesi con i pi\u00f9 alti tassi di analfabetismo funzionale in Europa, insieme a Spagna e Portogallo. In effetti, secondo i dati dell&#8217;OCSE, l&#8217;Italia occupa il <strong>quarto posto in Europa<\/strong> per tassi di analfabetismo funzionale, superata solo da Spagna, Portogallo e Bulgaria.<\/p>\n\n\n\n<p>Questa lacuna non influisce solo sulle competenze individuali, ma ha anche ripercussioni significative sulla partecipazione civica. Chi non \u00e8 in grado di comprendere testi complessi \u00e8 meno incline a impegnarsi nel dibattito pubblico o a comprendere le implicazioni delle politiche governative. L&#8217;incapacit\u00e0 di analizzare e interpretare informazioni articolate riduce la capacit\u00e0 di partecipare attivamente alla vita democratica e limita le opportunit\u00e0 di prendere decisioni informate.<\/p>\n\n\n\n<p>In un contesto globale, l&#8217;Italia si posiziona in modo preoccupante anche rispetto ad altri Paesi. Sebbene non siano sempre disponibili dati comparabili a livello mondiale, le stime suggeriscono che il nostro Paese si trova al di sotto della media di molti Paesi sviluppati, evidenziando una necessit\u00e0 urgente di interventi mirati per migliorare l&#8217;alfabetizzazione funzionale. Il fatto che oltre un quarto della popolazione adulta incontri difficolt\u00e0 nella comprensione dei testi mette in luce l&#8217;importanza di adottare strategie educative pi\u00f9 efficaci e di promuovere un&#8217;alfabetizzazione critica e consapevole.<\/p>\n\n\n\n<p>Affrontare l&#8217;analfabetismo funzionale \u00e8 quindi fondamentale non solo per migliorare le competenze individuali, ma anche per garantire una cittadinanza attiva e informata, essenziale per il funzionamento della democrazia e della societ\u00e0 nel suo complesso.<\/p>\n\n\n\n<h4 class=\"wp-block-heading\">Come Affrontare il Problema: Soluzioni Educative e Tecnologiche<\/h4>\n\n\n\n<p>L&#8217;analfabetismo funzionale e il declino della soglia di attenzione emergono come sfide importanti in un mondo sempre pi\u00f9 digitalizzato. In questo contesto, la capacit\u00e0 di navigare tra le informazioni disponibili e di interpretartele in modo critico diventa cruciale. L&#8217;analfabetismo funzionale non si limita alla mancanza di capacit\u00e0 di lettura e scrittura, ma include anche l&#8217;incapacit\u00e0 di comprendere e analizzare informazioni complesse, un aspetto sempre pi\u00f9 rilevante con la proliferazione di contenuti digitali. Allo stesso tempo, la crescente abitudine a fruire di contenuti brevi e immediati ha portato a un declino della soglia di attenzione, che rende difficile per molte persone impegnarsi in letture pi\u00f9 profonde e riflessive.<\/p>\n\n\n\n<p>Affrontare questi problemi richiede uno sforzo congiunto da parte di governi, educatori e industrie tecnologiche. \u00c8 fondamentale sviluppare strategie educative che non solo migliorino le competenze di base, ma che promuovano anche l&#8217;alfabetizzazione digitale critica. Ci\u00f2 implica insegnare alle persone come valutare la qualit\u00e0 e l&#8217;affidabilit\u00e0 delle informazioni che incontrano, affinch\u00e9 possano distinguere tra fatti e opinioni, e riconoscere le fonti credibili.<\/p>\n\n\n\n<p>Inoltre, le industrie tecnologiche hanno un ruolo chiave nel progettare piattaforme che incoraggino una fruizione consapevole e riflessiva dei contenuti. Strumenti che promuovano una lettura pi\u00f9 approfondita, come opzioni per annotare, discutere e approfondire argomenti, possono aiutare a contrastare la superficialit\u00e0 della fruizione digitale.<\/p>\n\n\n\n<p>Solo con un approccio integrato, che coinvolga l&#8217;educazione formale e informale, la progettazione di tecnologie responsabili e una maggiore consapevolezza collettiva, possiamo sperare di invertire queste tendenze preoccupanti. Preparare le future generazioni a essere cittadini informati e consapevoli non \u00e8 solo un obiettivo educativo, ma una necessit\u00e0 per la democrazia e la coesione sociale in un&#8217;epoca caratterizzata dalla sovrabbondanza di informazioni.<\/p>\n\n\n\n<p class=\"has-text-align-right\"><strong><em>Redazione Scienza e Tecnologia <\/em><\/strong><\/p>\n\n\n\n<div class=\"wp-block-columns is-layout-flex wp-container-core-columns-is-layout-1 wp-block-columns-is-layout-flex\">\n<div class=\"wp-block-column is-layout-flow wp-block-column-is-layout-flow\" style=\"flex-basis:100%\">\n<div class=\"wp-block-group\"><div class=\"wp-block-group__inner-container is-layout-constrained wp-block-group-is-layout-constrained\">\n<div class=\"wp-block-group has-background\" style=\"background-color:#abb7c242\"><div class=\"wp-block-group__inner-container is-layout-constrained wp-block-group-is-layout-constrained\">\n<h4 class=\"wp-block-heading\"><strong>Fonti:<\/strong><br><\/h4>\n\n\n\n<div class=\"wp-block-group\"><div class=\"wp-block-group__inner-container is-layout-constrained wp-block-group-is-layout-constrained\">\n<p><sub><strong><mark style=\"background-color:rgba(0, 0, 0, 0)\" class=\"has-inline-color has-vivid-red-color\">IFLSCIENCE<\/mark><\/strong> &#8211; Analisi sull&#8217;attenzione umana in un contesto digitalizzato, con riferimento alla diminuzione della soglia di attenzione e al confronto con i pesci rossi. Disponibile su <a href=\"https:\/\/www.iflscience.com\">IFLSCIENCE<\/a>.<\/sub><br><sub><strong><mark style=\"background-color:rgba(0, 0, 0, 0)\" class=\"has-inline-color has-vivid-red-color\">TAGVAULT.ORG<\/mark><\/strong> &#8211; Discussione sull&#8217;attenzione umana e il suo declino nell&#8217;era digitale, evidenziando fattori influenzanti come motivazione e interesse. Disponibile su <a href=\"https:\/\/tagvault.org\">TAGVAULT.ORG<\/a>.<\/sub><br><sub><strong><mark style=\"background-color:rgba(0, 0, 0, 0)\" class=\"has-inline-color has-vivid-red-color\">OECD (Organisation for Economic Co-operation and Development)<\/mark><\/strong> &#8211; Literacy and skills assessments: Dati sull&#8217;alfabetismo funzionale nei Paesi sviluppati, con particolare riferimento alla capacit\u00e0 di comprendere informazioni complesse tra gli adulti. Disponibile su <a href=\"https:\/\/www.oecd.org\">OECD Data<\/a>.<br><strong><mark style=\"background-color:rgba(0, 0, 0, 0)\" class=\"has-inline-color has-vivid-red-color\">UNESCO<\/mark><\/strong> &#8211; Literacy statistics: Dati globali sull&#8217;analfabetismo funzionale, in particolare sul numero di adulti analfabeti e sull&#8217;importanza dell&#8217;alfabetizzazione nei Paesi in via di sviluppo. Maggiori informazioni su <a href=\"https:\/\/uis.unesco.org\">UNESCO Statistics<\/a>.<br><strong><mark style=\"background-color:rgba(0, 0, 0, 0)\" class=\"has-inline-color has-vivid-red-color\">Microsoft Attention Spans Study<\/mark><\/strong> &#8211; Studio sulla riduzione della soglia di attenzione media tra gli utenti di tecnologie digitali, che evidenzia la diminuzione dai 12 agli 8 secondi nel giro di due decenni. Dettagli su <a href=\"https:\/\/www.microsoft.com\">Microsoft Study<\/a>.<br><strong><mark style=\"background-color:rgba(0, 0, 0, 0)\" class=\"has-inline-color has-vivid-red-color\">National Center for Biotechnology Information (NCBI)<\/mark><\/strong> &#8211; Studi sul declino della soglia di attenzione e gli effetti del sovraccarico informativo digitale. Per ulteriori approfondimenti, visita <a href=\"https:\/\/www.ncbi.nlm.nih.gov\">NCBI Study<\/a>.<br><strong><mark style=\"background-color:rgba(0, 0, 0, 0)\" class=\"has-inline-color has-vivid-red-color\">ISTAT<\/mark><\/strong> &#8211; Dati italiani sull\u2019analfabetismo funzionale e le sue conseguenze sociali ed economiche. Per una panoramica completa, consulta i rapporti disponibili su <a href=\"https:\/\/www.istat.it\">ISTAT<\/a>.<br><\/sub><\/p>\n<\/div><\/div>\n<\/div><\/div>\n<\/div><\/div>\n<\/div>\n<\/div>\n<div class=\"pdfprnt-buttons pdfprnt-buttons-post pdfprnt-bottom-left\"><a href=\"https:\/\/www.istitutogalanteoliva.it\/magazine\/wp-json\/wp\/v2\/posts\/16078?print=print\" class=\"pdfprnt-button pdfprnt-button-print\" target=\"_blank\"><img decoding=\"async\" src=\"https:\/\/www.istitutogalanteoliva.it\/magazine\/wp-content\/plugins\/pdf-print\/images\/print.png\" alt=\"image_print\" title=\"Stampa contenuto\" \/><span class=\"pdfprnt-button-title pdfprnt-button-print-title\">Download in PDF<\/span><\/a><\/div>","protected":false},"excerpt":{"rendered":"<p>Come i nuovi media stanno riducendo la soglia di attenzione e aumentando l\u2019analfabetismo funzionale, tra nuove sfide educative e sociali<\/p>\n","protected":false},"author":2,"featured_media":16079,"comment_status":"closed","ping_status":"open","sticky":true,"template":"","format":"standard","meta":{"footnotes":""},"categories":[872,1059],"tags":[1170,103,1171],"class_list":["post-16078","post","type-post","status-publish","format-standard","has-post-thumbnail","hentry","category-872","category-tecnologia-e-societa","tag-analfabetismo-funzionale","tag-nuovi-media","tag-soglia-di-attenzione"],"yoast_head":"<!-- This site is optimized with the Yoast SEO plugin v24.2 - https:\/\/yoast.com\/wordpress\/plugins\/seo\/ -->\n<title>Tecnologia e distrazione: il nuovo analfabetismo del XXI Secolo - Polis SA Magazine<\/title>\n<meta name=\"description\" content=\"Come i nuovi media stanno riducendo la soglia di attenzione e aumentando l\u2019analfabetismo funzionale, tra nuove sfide educative e sociali\" \/>\n<meta name=\"robots\" content=\"index, follow, max-snippet:-1, max-image-preview:large, max-video-preview:-1\" \/>\n<link rel=\"canonical\" href=\"https:\/\/www.istitutogalanteoliva.it\/magazine\/2024\/10\/19\/tecnologia-e-distrazione-il-nuovo-analfabetismo-del-xxi-secolo\/\" \/>\n<meta property=\"og:locale\" content=\"it_IT\" \/>\n<meta property=\"og:type\" content=\"article\" \/>\n<meta property=\"og:title\" content=\"Tecnologia e distrazione: il nuovo analfabetismo del XXI Secolo - Polis SA Magazine\" \/>\n<meta property=\"og:description\" content=\"Come i nuovi media stanno riducendo la soglia di attenzione e aumentando l\u2019analfabetismo funzionale, tra nuove sfide educative e sociali\" \/>\n<meta property=\"og:url\" content=\"https:\/\/www.istitutogalanteoliva.it\/magazine\/2024\/10\/19\/tecnologia-e-distrazione-il-nuovo-analfabetismo-del-xxi-secolo\/\" \/>\n<meta property=\"og:site_name\" content=\"Polis SA Magazine\" \/>\n<meta property=\"article:publisher\" content=\"https:\/\/www.facebook.com\/PolisSAMagazine\/\" \/>\n<meta property=\"article:published_time\" content=\"2024-10-19T06:00:00+00:00\" \/>\n<meta property=\"article:modified_time\" content=\"2025-01-07T16:48:21+00:00\" \/>\n<meta property=\"og:image\" content=\"https:\/\/www.istitutogalanteoliva.it\/magazine\/wp-content\/uploads\/2024\/10\/TS.jpg\" \/>\n\t<meta property=\"og:image:width\" content=\"1400\" \/>\n\t<meta property=\"og:image:height\" content=\"760\" \/>\n\t<meta property=\"og:image:type\" content=\"image\/jpeg\" \/>\n<meta name=\"author\" content=\"Antonello Rivano\" \/>\n<meta name=\"twitter:card\" content=\"summary_large_image\" \/>\n<meta name=\"twitter:creator\" content=\"@MagazinePolis\" \/>\n<meta name=\"twitter:site\" content=\"@MagazinePolis\" \/>\n<meta name=\"twitter:label1\" content=\"Scritto da\" \/>\n\t<meta name=\"twitter:data1\" content=\"Antonello Rivano\" \/>\n\t<meta name=\"twitter:label2\" content=\"Tempo di lettura stimato\" \/>\n\t<meta name=\"twitter:data2\" content=\"9 minuti\" \/>\n<script type=\"application\/ld+json\" class=\"yoast-schema-graph\">{\"@context\":\"https:\/\/schema.org\",\"@graph\":[{\"@type\":\"Article\",\"@id\":\"https:\/\/www.istitutogalanteoliva.it\/magazine\/2024\/10\/19\/tecnologia-e-distrazione-il-nuovo-analfabetismo-del-xxi-secolo\/#article\",\"isPartOf\":{\"@id\":\"https:\/\/www.istitutogalanteoliva.it\/magazine\/2024\/10\/19\/tecnologia-e-distrazione-il-nuovo-analfabetismo-del-xxi-secolo\/\"},\"author\":{\"name\":\"Antonello Rivano\",\"@id\":\"https:\/\/www.istitutogalanteoliva.it\/magazine\/#\/schema\/person\/d8b8aa79cfe8babc1df9da3212a7c0c4\"},\"headline\":\"Tecnologia e distrazione: il nuovo analfabetismo del XXI Secolo\",\"datePublished\":\"2024-10-19T06:00:00+00:00\",\"dateModified\":\"2025-01-07T16:48:21+00:00\",\"mainEntityOfPage\":{\"@id\":\"https:\/\/www.istitutogalanteoliva.it\/magazine\/2024\/10\/19\/tecnologia-e-distrazione-il-nuovo-analfabetismo-del-xxi-secolo\/\"},\"wordCount\":1570,\"publisher\":{\"@id\":\"https:\/\/www.istitutogalanteoliva.it\/magazine\/#organization\"},\"image\":{\"@id\":\"https:\/\/www.istitutogalanteoliva.it\/magazine\/2024\/10\/19\/tecnologia-e-distrazione-il-nuovo-analfabetismo-del-xxi-secolo\/#primaryimage\"},\"thumbnailUrl\":\"https:\/\/www.istitutogalanteoliva.it\/magazine\/wp-content\/uploads\/2024\/10\/TS.jpg\",\"keywords\":[\"Analfabetismo funzionale\",\"nuovi media\",\"Soglia di attenzione\"],\"articleSection\":[\"2024\",\"Tecnologia e Societ\u00e0\"],\"inLanguage\":\"it-IT\"},{\"@type\":\"WebPage\",\"@id\":\"https:\/\/www.istitutogalanteoliva.it\/magazine\/2024\/10\/19\/tecnologia-e-distrazione-il-nuovo-analfabetismo-del-xxi-secolo\/\",\"url\":\"https:\/\/www.istitutogalanteoliva.it\/magazine\/2024\/10\/19\/tecnologia-e-distrazione-il-nuovo-analfabetismo-del-xxi-secolo\/\",\"name\":\"Tecnologia e distrazione: il nuovo analfabetismo del XXI Secolo - Polis SA Magazine\",\"isPartOf\":{\"@id\":\"https:\/\/www.istitutogalanteoliva.it\/magazine\/#website\"},\"primaryImageOfPage\":{\"@id\":\"https:\/\/www.istitutogalanteoliva.it\/magazine\/2024\/10\/19\/tecnologia-e-distrazione-il-nuovo-analfabetismo-del-xxi-secolo\/#primaryimage\"},\"image\":{\"@id\":\"https:\/\/www.istitutogalanteoliva.it\/magazine\/2024\/10\/19\/tecnologia-e-distrazione-il-nuovo-analfabetismo-del-xxi-secolo\/#primaryimage\"},\"thumbnailUrl\":\"https:\/\/www.istitutogalanteoliva.it\/magazine\/wp-content\/uploads\/2024\/10\/TS.jpg\",\"datePublished\":\"2024-10-19T06:00:00+00:00\",\"dateModified\":\"2025-01-07T16:48:21+00:00\",\"description\":\"Come i nuovi media stanno riducendo la soglia di attenzione e aumentando l\u2019analfabetismo funzionale, tra nuove sfide educative e sociali\",\"breadcrumb\":{\"@id\":\"https:\/\/www.istitutogalanteoliva.it\/magazine\/2024\/10\/19\/tecnologia-e-distrazione-il-nuovo-analfabetismo-del-xxi-secolo\/#breadcrumb\"},\"inLanguage\":\"it-IT\",\"potentialAction\":[{\"@type\":\"ReadAction\",\"target\":[\"https:\/\/www.istitutogalanteoliva.it\/magazine\/2024\/10\/19\/tecnologia-e-distrazione-il-nuovo-analfabetismo-del-xxi-secolo\/\"]}]},{\"@type\":\"ImageObject\",\"inLanguage\":\"it-IT\",\"@id\":\"https:\/\/www.istitutogalanteoliva.it\/magazine\/2024\/10\/19\/tecnologia-e-distrazione-il-nuovo-analfabetismo-del-xxi-secolo\/#primaryimage\",\"url\":\"https:\/\/www.istitutogalanteoliva.it\/magazine\/wp-content\/uploads\/2024\/10\/TS.jpg\",\"contentUrl\":\"https:\/\/www.istitutogalanteoliva.it\/magazine\/wp-content\/uploads\/2024\/10\/TS.jpg\",\"width\":1400,\"height\":760},{\"@type\":\"BreadcrumbList\",\"@id\":\"https:\/\/www.istitutogalanteoliva.it\/magazine\/2024\/10\/19\/tecnologia-e-distrazione-il-nuovo-analfabetismo-del-xxi-secolo\/#breadcrumb\",\"itemListElement\":[{\"@type\":\"ListItem\",\"position\":1,\"name\":\"Home\",\"item\":\"https:\/\/www.istitutogalanteoliva.it\/magazine\/\"},{\"@type\":\"ListItem\",\"position\":2,\"name\":\"Tecnologia e distrazione: il nuovo analfabetismo del XXI Secolo\"}]},{\"@type\":\"WebSite\",\"@id\":\"https:\/\/www.istitutogalanteoliva.it\/magazine\/#website\",\"url\":\"https:\/\/www.istitutogalanteoliva.it\/magazine\/\",\"name\":\"POLIS SA MAGAZINE\",\"description\":\"Informazione e approfondimenti\",\"publisher\":{\"@id\":\"https:\/\/www.istitutogalanteoliva.it\/magazine\/#organization\"},\"potentialAction\":[{\"@type\":\"SearchAction\",\"target\":{\"@type\":\"EntryPoint\",\"urlTemplate\":\"https:\/\/www.istitutogalanteoliva.it\/magazine\/?s={search_term_string}\"},\"query-input\":{\"@type\":\"PropertyValueSpecification\",\"valueRequired\":true,\"valueName\":\"search_term_string\"}}],\"inLanguage\":\"it-IT\"},{\"@type\":\"Organization\",\"@id\":\"https:\/\/www.istitutogalanteoliva.it\/magazine\/#organization\",\"name\":\"Polis SA Magazine\",\"url\":\"https:\/\/www.istitutogalanteoliva.it\/magazine\/\",\"logo\":{\"@type\":\"ImageObject\",\"inLanguage\":\"it-IT\",\"@id\":\"https:\/\/www.istitutogalanteoliva.it\/magazine\/#\/schema\/logo\/image\/\",\"url\":\"\",\"contentUrl\":\"\",\"caption\":\"Polis SA Magazine\"},\"image\":{\"@id\":\"https:\/\/www.istitutogalanteoliva.it\/magazine\/#\/schema\/logo\/image\/\"},\"sameAs\":[\"https:\/\/www.facebook.com\/PolisSAMagazine\/\",\"https:\/\/x.com\/MagazinePolis\",\"https:\/\/www.youtube.com\/channel\/UCv0Mr5AHKUmsc0sEEXkJrgw\"]},{\"@type\":\"Person\",\"@id\":\"https:\/\/www.istitutogalanteoliva.it\/magazine\/#\/schema\/person\/d8b8aa79cfe8babc1df9da3212a7c0c4\",\"name\":\"Antonello Rivano\",\"image\":{\"@type\":\"ImageObject\",\"inLanguage\":\"it-IT\",\"@id\":\"https:\/\/www.istitutogalanteoliva.it\/magazine\/#\/schema\/person\/image\/\",\"url\":\"https:\/\/secure.gravatar.com\/avatar\/517a9a6487a7a18ecc4ce6d2e57a8f40?s=96&d=mm&r=g\",\"contentUrl\":\"https:\/\/secure.gravatar.com\/avatar\/517a9a6487a7a18ecc4ce6d2e57a8f40?s=96&d=mm&r=g\",\"caption\":\"Antonello Rivano\"},\"url\":\"https:\/\/www.istitutogalanteoliva.it\/magazine\/author\/antonello\/\"}]}<\/script>\n<!-- \/ Yoast SEO plugin. -->","yoast_head_json":{"title":"Tecnologia e distrazione: il nuovo analfabetismo del XXI Secolo - Polis SA Magazine","description":"Come i nuovi media stanno riducendo la soglia di attenzione e aumentando l\u2019analfabetismo funzionale, tra nuove sfide educative e sociali","robots":{"index":"index","follow":"follow","max-snippet":"max-snippet:-1","max-image-preview":"max-image-preview:large","max-video-preview":"max-video-preview:-1"},"canonical":"https:\/\/www.istitutogalanteoliva.it\/magazine\/2024\/10\/19\/tecnologia-e-distrazione-il-nuovo-analfabetismo-del-xxi-secolo\/","og_locale":"it_IT","og_type":"article","og_title":"Tecnologia e distrazione: il nuovo analfabetismo del XXI Secolo - Polis SA Magazine","og_description":"Come i nuovi media stanno riducendo la soglia di attenzione e aumentando l\u2019analfabetismo funzionale, tra nuove sfide educative e sociali","og_url":"https:\/\/www.istitutogalanteoliva.it\/magazine\/2024\/10\/19\/tecnologia-e-distrazione-il-nuovo-analfabetismo-del-xxi-secolo\/","og_site_name":"Polis SA Magazine","article_publisher":"https:\/\/www.facebook.com\/PolisSAMagazine\/","article_published_time":"2024-10-19T06:00:00+00:00","article_modified_time":"2025-01-07T16:48:21+00:00","og_image":[{"width":1400,"height":760,"url":"https:\/\/www.istitutogalanteoliva.it\/magazine\/wp-content\/uploads\/2024\/10\/TS.jpg","type":"image\/jpeg"}],"author":"Antonello Rivano","twitter_card":"summary_large_image","twitter_creator":"@MagazinePolis","twitter_site":"@MagazinePolis","twitter_misc":{"Scritto da":"Antonello Rivano","Tempo di lettura stimato":"9 minuti"},"schema":{"@context":"https:\/\/schema.org","@graph":[{"@type":"Article","@id":"https:\/\/www.istitutogalanteoliva.it\/magazine\/2024\/10\/19\/tecnologia-e-distrazione-il-nuovo-analfabetismo-del-xxi-secolo\/#article","isPartOf":{"@id":"https:\/\/www.istitutogalanteoliva.it\/magazine\/2024\/10\/19\/tecnologia-e-distrazione-il-nuovo-analfabetismo-del-xxi-secolo\/"},"author":{"name":"Antonello Rivano","@id":"https:\/\/www.istitutogalanteoliva.it\/magazine\/#\/schema\/person\/d8b8aa79cfe8babc1df9da3212a7c0c4"},"headline":"Tecnologia e distrazione: il nuovo analfabetismo del XXI Secolo","datePublished":"2024-10-19T06:00:00+00:00","dateModified":"2025-01-07T16:48:21+00:00","mainEntityOfPage":{"@id":"https:\/\/www.istitutogalanteoliva.it\/magazine\/2024\/10\/19\/tecnologia-e-distrazione-il-nuovo-analfabetismo-del-xxi-secolo\/"},"wordCount":1570,"publisher":{"@id":"https:\/\/www.istitutogalanteoliva.it\/magazine\/#organization"},"image":{"@id":"https:\/\/www.istitutogalanteoliva.it\/magazine\/2024\/10\/19\/tecnologia-e-distrazione-il-nuovo-analfabetismo-del-xxi-secolo\/#primaryimage"},"thumbnailUrl":"https:\/\/www.istitutogalanteoliva.it\/magazine\/wp-content\/uploads\/2024\/10\/TS.jpg","keywords":["Analfabetismo funzionale","nuovi media","Soglia di attenzione"],"articleSection":["2024","Tecnologia e Societ\u00e0"],"inLanguage":"it-IT"},{"@type":"WebPage","@id":"https:\/\/www.istitutogalanteoliva.it\/magazine\/2024\/10\/19\/tecnologia-e-distrazione-il-nuovo-analfabetismo-del-xxi-secolo\/","url":"https:\/\/www.istitutogalanteoliva.it\/magazine\/2024\/10\/19\/tecnologia-e-distrazione-il-nuovo-analfabetismo-del-xxi-secolo\/","name":"Tecnologia e distrazione: il nuovo analfabetismo del XXI Secolo - Polis SA Magazine","isPartOf":{"@id":"https:\/\/www.istitutogalanteoliva.it\/magazine\/#website"},"primaryImageOfPage":{"@id":"https:\/\/www.istitutogalanteoliva.it\/magazine\/2024\/10\/19\/tecnologia-e-distrazione-il-nuovo-analfabetismo-del-xxi-secolo\/#primaryimage"},"image":{"@id":"https:\/\/www.istitutogalanteoliva.it\/magazine\/2024\/10\/19\/tecnologia-e-distrazione-il-nuovo-analfabetismo-del-xxi-secolo\/#primaryimage"},"thumbnailUrl":"https:\/\/www.istitutogalanteoliva.it\/magazine\/wp-content\/uploads\/2024\/10\/TS.jpg","datePublished":"2024-10-19T06:00:00+00:00","dateModified":"2025-01-07T16:48:21+00:00","description":"Come i nuovi media stanno riducendo la soglia di attenzione e aumentando l\u2019analfabetismo funzionale, tra nuove sfide educative e sociali","breadcrumb":{"@id":"https:\/\/www.istitutogalanteoliva.it\/magazine\/2024\/10\/19\/tecnologia-e-distrazione-il-nuovo-analfabetismo-del-xxi-secolo\/#breadcrumb"},"inLanguage":"it-IT","potentialAction":[{"@type":"ReadAction","target":["https:\/\/www.istitutogalanteoliva.it\/magazine\/2024\/10\/19\/tecnologia-e-distrazione-il-nuovo-analfabetismo-del-xxi-secolo\/"]}]},{"@type":"ImageObject","inLanguage":"it-IT","@id":"https:\/\/www.istitutogalanteoliva.it\/magazine\/2024\/10\/19\/tecnologia-e-distrazione-il-nuovo-analfabetismo-del-xxi-secolo\/#primaryimage","url":"https:\/\/www.istitutogalanteoliva.it\/magazine\/wp-content\/uploads\/2024\/10\/TS.jpg","contentUrl":"https:\/\/www.istitutogalanteoliva.it\/magazine\/wp-content\/uploads\/2024\/10\/TS.jpg","width":1400,"height":760},{"@type":"BreadcrumbList","@id":"https:\/\/www.istitutogalanteoliva.it\/magazine\/2024\/10\/19\/tecnologia-e-distrazione-il-nuovo-analfabetismo-del-xxi-secolo\/#breadcrumb","itemListElement":[{"@type":"ListItem","position":1,"name":"Home","item":"https:\/\/www.istitutogalanteoliva.it\/magazine\/"},{"@type":"ListItem","position":2,"name":"Tecnologia e distrazione: il nuovo analfabetismo del XXI Secolo"}]},{"@type":"WebSite","@id":"https:\/\/www.istitutogalanteoliva.it\/magazine\/#website","url":"https:\/\/www.istitutogalanteoliva.it\/magazine\/","name":"POLIS SA MAGAZINE","description":"Informazione e approfondimenti","publisher":{"@id":"https:\/\/www.istitutogalanteoliva.it\/magazine\/#organization"},"potentialAction":[{"@type":"SearchAction","target":{"@type":"EntryPoint","urlTemplate":"https:\/\/www.istitutogalanteoliva.it\/magazine\/?s={search_term_string}"},"query-input":{"@type":"PropertyValueSpecification","valueRequired":true,"valueName":"search_term_string"}}],"inLanguage":"it-IT"},{"@type":"Organization","@id":"https:\/\/www.istitutogalanteoliva.it\/magazine\/#organization","name":"Polis SA Magazine","url":"https:\/\/www.istitutogalanteoliva.it\/magazine\/","logo":{"@type":"ImageObject","inLanguage":"it-IT","@id":"https:\/\/www.istitutogalanteoliva.it\/magazine\/#\/schema\/logo\/image\/","url":"","contentUrl":"","caption":"Polis SA Magazine"},"image":{"@id":"https:\/\/www.istitutogalanteoliva.it\/magazine\/#\/schema\/logo\/image\/"},"sameAs":["https:\/\/www.facebook.com\/PolisSAMagazine\/","https:\/\/x.com\/MagazinePolis","https:\/\/www.youtube.com\/channel\/UCv0Mr5AHKUmsc0sEEXkJrgw"]},{"@type":"Person","@id":"https:\/\/www.istitutogalanteoliva.it\/magazine\/#\/schema\/person\/d8b8aa79cfe8babc1df9da3212a7c0c4","name":"Antonello Rivano","image":{"@type":"ImageObject","inLanguage":"it-IT","@id":"https:\/\/www.istitutogalanteoliva.it\/magazine\/#\/schema\/person\/image\/","url":"https:\/\/secure.gravatar.com\/avatar\/517a9a6487a7a18ecc4ce6d2e57a8f40?s=96&d=mm&r=g","contentUrl":"https:\/\/secure.gravatar.com\/avatar\/517a9a6487a7a18ecc4ce6d2e57a8f40?s=96&d=mm&r=g","caption":"Antonello Rivano"},"url":"https:\/\/www.istitutogalanteoliva.it\/magazine\/author\/antonello\/"}]}},"_links":{"self":[{"href":"https:\/\/www.istitutogalanteoliva.it\/magazine\/wp-json\/wp\/v2\/posts\/16078","targetHints":{"allow":["GET"]}}],"collection":[{"href":"https:\/\/www.istitutogalanteoliva.it\/magazine\/wp-json\/wp\/v2\/posts"}],"about":[{"href":"https:\/\/www.istitutogalanteoliva.it\/magazine\/wp-json\/wp\/v2\/types\/post"}],"author":[{"embeddable":true,"href":"https:\/\/www.istitutogalanteoliva.it\/magazine\/wp-json\/wp\/v2\/users\/2"}],"replies":[{"embeddable":true,"href":"https:\/\/www.istitutogalanteoliva.it\/magazine\/wp-json\/wp\/v2\/comments?post=16078"}],"version-history":[{"count":8,"href":"https:\/\/www.istitutogalanteoliva.it\/magazine\/wp-json\/wp\/v2\/posts\/16078\/revisions"}],"predecessor-version":[{"id":16880,"href":"https:\/\/www.istitutogalanteoliva.it\/magazine\/wp-json\/wp\/v2\/posts\/16078\/revisions\/16880"}],"wp:featuredmedia":[{"embeddable":true,"href":"https:\/\/www.istitutogalanteoliva.it\/magazine\/wp-json\/wp\/v2\/media\/16079"}],"wp:attachment":[{"href":"https:\/\/www.istitutogalanteoliva.it\/magazine\/wp-json\/wp\/v2\/media?parent=16078"}],"wp:term":[{"taxonomy":"category","embeddable":true,"href":"https:\/\/www.istitutogalanteoliva.it\/magazine\/wp-json\/wp\/v2\/categories?post=16078"},{"taxonomy":"post_tag","embeddable":true,"href":"https:\/\/www.istitutogalanteoliva.it\/magazine\/wp-json\/wp\/v2\/tags?post=16078"}],"curies":[{"name":"wp","href":"https:\/\/api.w.org\/{rel}","templated":true}]}}