{"id":1610,"date":"2019-10-19T11:25:42","date_gmt":"2019-10-19T09:25:42","guid":{"rendered":"http:\/\/www.edizionipolis.it\/magazine\/?p=1610"},"modified":"2019-10-19T11:50:04","modified_gmt":"2019-10-19T09:50:04","slug":"considerazioni-sulle-capacita-motorie-e-non-solo-dei-nostri-giovani","status":"publish","type":"post","link":"https:\/\/www.istitutogalanteoliva.it\/magazine\/2019\/10\/19\/considerazioni-sulle-capacita-motorie-e-non-solo-dei-nostri-giovani\/","title":{"rendered":"CONSIDERAZIONI SULLE CAPACIT\u00c0 MOTORIE &#8211; E NON SOLO- DEI NOSTRI GIOVANI"},"content":{"rendered":"\n<p>Stando a contatto continuo con centinaia se non migliaia di bambini e ragazzi, nelle scuole, nelle palestre, parrocchie, tornei, camp estivi, noto, come tutti quelli che come me stanno a contatto con i giovani, dei cambiamenti epocali.<br> Soprattutto nelle citt\u00e0 medio-grandi, i bambini non scendono pi\u00f9 nelle aree verdi o in cortile per giocare. Spesso il cortile o altri spazi non esistono pi\u00f9, e anche dove ancora esistono, i genitori, anche quando non lavorano tutti e due e quindi li possono seguire, non ce li mandano perch\u00e8 hanno paura. In questo modo, non solo i bambini non fanno delle esperienze di gioco libero e di socializzazione che sono importantissime, ma non fanno delle esperienze motorie nell&#8217;et\u00e0 d&#8217;oro dello sviluppo delle capacit\u00e0 motorie. Provate a dire a un ragazzo di 12 anni di lanciare una palla pi\u00f9 lontano possibile. Molti non le danno lo slancio, la fanno partire se va bene dal petto. Il sasso nello stagno non hanno mai provato a lanciarlo.<br> Nella scuola elementare, poi, mancando quasi sempre il docente di educazione fisica, se si va in palestra, lo si fa con i maestri\/e, che nella maggior parte dei casi non hanno la preparazione per svolgere un&#8217;ora di attivit\u00e0 non dico motoria, ma ludico-sportiva. Mia figlia, in una buona scuola elementare di Roma, in quarta elementare ha fatto per tutto l&#8217;anno ginnastica respiratoria durante l&#8217;ora in cui la classe veniva portata in palestra. In un&#8217;altra quarta elementare con cui operavo anni fa, i bambini, portati in palestra non erano in grado di correre perch\u00e8 la maestra aveva paura che correndo potessero cascare e farsi male e aveva trasmesso loro questa paura.<br> Chi rimane? Rimangono le societ\u00e0 sportive, unica ancora di salvezza. Ormai, spesso sono i pediatri che convincono i genitori a far praticare ai bambini una disciplina sportiva, perch\u00e8 gli stessi sono sovrappeso e\/o con capacit\u00e0 coordinative scarse. Meglio di niente, direte voi. Ma quante volte, in tutte le discipline, si vedono istruttori improvvisati, che non sanno cosa va fatto nelle diverse fasce d&#8217;et\u00e0. Spesso con i pi\u00f9 piccoli, si mettono i meno esperti, magari perch\u00e8 costano di meno. E quante volte vedo, in molte discipline, una specializzazione precoce, a discapito, oltre che dello sviluppo della fantasia e creativit\u00e0, dello stesso sviluppo delle capacit\u00e0 coordinative.<br> La necessit\u00e0 di far muovere i bambini \u00e8 ancora e sempre pi\u00f9 importante se si considera il sempre maggiore utilizzo da parte dei bambini di apparecchi multimediali che li trasportano in un mondo virtuale. Quello che noto \u00e8 che i bambini che utilizzano per molte ore al giorno apparecchi multimediali sono i peggiori sia a livello di capacit\u00e0 attentive che a livello coordinativo.<br> Nella scuola media, tutto ci\u00f2 \u00e8 ancora pi\u00f9 macroscopico. Anche per chi pratica un&#8217;attivit\u00e0 sportiva, quando si passa alla scuola media inizia un rapido abbandono della stessa. Per la mia esperienza nella citt\u00e0 di Roma, se in media i praticanti sono tra il 40 e il 50%, alla fine della III media sono tra il 15 e il 20%. E nel 90% dei casi, chi abbandona la pratica sportiva tra gli 11 e i 14 anni, non riprende pi\u00f9. Di pari passo con l&#8217;abbandono dell&#8217;attivit\u00e0, si impennano il sovrappeso e una diminuzione delle capacit\u00e0 motorie. Io dico sempre che se le mie capacit\u00e0 motorie sono scarse, la cosa non influenza solo la mia capacit\u00e0 di praticare un&#8217;attivit\u00e0 sportiva, ma anche, la mia capacit\u00e0 in futuro di guidare un&#8217;automobile in condizioni di sicurezza. Quando star\u00f2 a un incrocio e dovr\u00f2 calcolare in una frazione di secondo cosa fare rispetto al pedone che sta attraversando, all&#8217;auto davanti che sta svoltando e al semaforo che sta cambiando colore, se le mie capacit\u00e0 coordinative sono scarse, avr\u00f2 maggiore possibilit\u00e0 di fare un incidente.<br> Perch\u00e8 smettono di praticare? In questa fascia d&#8217;et\u00e0, nell&#8217;ordine metterei:<br> la pressione dei genitori (e talvolta dei docenti) che, di fronte a un brutto voto, come punizione non mandano il figlio in palestra. Niente di pi\u00f9 sbagliato. Se il ragazzo non si impegna, cominciamo a levargli il telefonino, il tablet, il pc\u2026 O no? Il risultato, alla fine, \u00e8 che il ragazzo smette di giocare, e quando smette di giocare nel 90% dei casi peggiora anche nelle capacit\u00e0 attentive e di concentrazione e quindi non va meglio a scuola, ma spesso peggiora. Molti genitori addirittura non fanno pi\u00f9 praticare lo sport \u201cpreventivamente\u201d, ovvero nel passaggio dalla V elementare alla prima media e dalla terza media al I liceo, non gli fanno pi\u00f9 praticare attivit\u00e0 sportiva per paura che non abbiano tempo per studiare. La mia esperienza personale \u00e8 che chi ci tiene allo sport, come a qualsiasi altra passione, far\u00e0, se responsabilizzato, ogni sforzo possibile per riuscire a portare avanti sia lo studio che lo sport. Ne risulter\u00e0 un giovane e futuro adulto migliore, pi\u00f9 responsabile, pi\u00f9 completo e felicemente realizzato.<\/p>\n\n\n\n<ul class=\"wp-block-list\"><li>la scarsa capacit\u00e0 delle societ\u00e0 sportive, e dell&#8217;istruttore\/allenatore in particolare, a chi sta pi\u00f9 indietro. L&#8217;allenatore, spesso frustrato da esperienze\/situazioni personali, anzich\u00e9 pensare a far divertire e star bene i ragazzi, pensa solo a vincere il campionato \u201cdella parrocchietta\u201d (senza offesa per le parrocchie). Chi \u00e8 scarso spesso non viene mai convocato, se convocato spesso non entra e comunque non \u00e8 considerato. Spesso basta qualche minuto e un po&#8217; di considerazione per far sentire anche il ragazzo meno talentuoso importante nel gruppo. Si possono fare seconde squadre, secondi campionati, qualche amichevole, per dare soddisfazione a tutti.<\/li><\/ul>\n\n\n\n<p>In conclusione, sono molto preoccupato per le nuove generazioni. Il rapido declino delle capacit\u00e0 motorie porter\u00e0 dei deficit irreversibili nella vita di questi giovani. Riflettiamoci sopra. Tutti. E cerchiamo di portare un contributo positivo per il futuro di questi ragazzi, ognuno per quello che pu\u00f2.<\/p>\n\n\n\n<p style=\"text-align:right\"><em>Ernesto Dissegna<\/em> <\/p>\n<div class=\"pdfprnt-buttons pdfprnt-buttons-post pdfprnt-bottom-left\"><a href=\"https:\/\/www.istitutogalanteoliva.it\/magazine\/wp-json\/wp\/v2\/posts\/1610?print=print\" class=\"pdfprnt-button pdfprnt-button-print\" target=\"_blank\"><img decoding=\"async\" src=\"https:\/\/www.istitutogalanteoliva.it\/magazine\/wp-content\/plugins\/pdf-print\/images\/print.png\" alt=\"image_print\" title=\"Stampa contenuto\" \/><span class=\"pdfprnt-button-title pdfprnt-button-print-title\">Download in PDF<\/span><\/a><\/div>","protected":false},"excerpt":{"rendered":"<p>Stando a contatto continuo con centinaia se non migliaia di bambini e ragazzi, nelle scuole,<\/p>\n","protected":false},"author":1,"featured_media":1611,"comment_status":"open","ping_status":"open","sticky":false,"template":"","format":"standard","meta":{"footnotes":""},"categories":[12,32],"tags":[],"class_list":["post-1610","post","type-post","status-publish","format-standard","has-post-thumbnail","hentry","category-12","category-sport"],"yoast_head":"<!-- This site is optimized with the Yoast SEO plugin v24.2 - https:\/\/yoast.com\/wordpress\/plugins\/seo\/ -->\n<title>CONSIDERAZIONI SULLE CAPACIT\u00c0 MOTORIE - E NON SOLO- DEI NOSTRI GIOVANI - Polis SA Magazine<\/title>\n<meta name=\"robots\" content=\"index, follow, max-snippet:-1, max-image-preview:large, max-video-preview:-1\" \/>\n<link rel=\"canonical\" href=\"https:\/\/www.istitutogalanteoliva.it\/magazine\/2019\/10\/19\/considerazioni-sulle-capacita-motorie-e-non-solo-dei-nostri-giovani\/\" \/>\n<meta property=\"og:locale\" content=\"it_IT\" \/>\n<meta property=\"og:type\" content=\"article\" \/>\n<meta property=\"og:title\" content=\"CONSIDERAZIONI SULLE CAPACIT\u00c0 MOTORIE - E NON SOLO- DEI NOSTRI GIOVANI - Polis SA Magazine\" \/>\n<meta property=\"og:description\" content=\"Stando a contatto continuo con centinaia se non migliaia di bambini e ragazzi, nelle scuole,\" \/>\n<meta property=\"og:url\" content=\"https:\/\/www.istitutogalanteoliva.it\/magazine\/2019\/10\/19\/considerazioni-sulle-capacita-motorie-e-non-solo-dei-nostri-giovani\/\" \/>\n<meta property=\"og:site_name\" content=\"Polis SA Magazine\" \/>\n<meta property=\"article:publisher\" content=\"https:\/\/www.facebook.com\/PolisSAMagazine\/\" \/>\n<meta property=\"article:published_time\" content=\"2019-10-19T09:25:42+00:00\" \/>\n<meta property=\"article:modified_time\" content=\"2019-10-19T09:50:04+00:00\" \/>\n<meta property=\"og:image\" content=\"https:\/\/www.istitutogalanteoliva.it\/magazine\/wp-content\/uploads\/2019\/10\/ragazzi.jpeg\" \/>\n\t<meta property=\"og:image:width\" content=\"1200\" \/>\n\t<meta property=\"og:image:height\" content=\"630\" \/>\n\t<meta property=\"og:image:type\" content=\"image\/jpeg\" \/>\n<meta name=\"author\" content=\"admin\" \/>\n<meta name=\"twitter:card\" content=\"summary_large_image\" \/>\n<meta name=\"twitter:creator\" content=\"@MagazinePolis\" \/>\n<meta name=\"twitter:site\" content=\"@MagazinePolis\" \/>\n<meta name=\"twitter:label1\" content=\"Scritto da\" \/>\n\t<meta name=\"twitter:data1\" content=\"admin\" \/>\n\t<meta name=\"twitter:label2\" content=\"Tempo di lettura stimato\" \/>\n\t<meta name=\"twitter:data2\" content=\"5 minuti\" \/>\n<script type=\"application\/ld+json\" class=\"yoast-schema-graph\">{\"@context\":\"https:\/\/schema.org\",\"@graph\":[{\"@type\":\"Article\",\"@id\":\"https:\/\/www.istitutogalanteoliva.it\/magazine\/2019\/10\/19\/considerazioni-sulle-capacita-motorie-e-non-solo-dei-nostri-giovani\/#article\",\"isPartOf\":{\"@id\":\"https:\/\/www.istitutogalanteoliva.it\/magazine\/2019\/10\/19\/considerazioni-sulle-capacita-motorie-e-non-solo-dei-nostri-giovani\/\"},\"author\":{\"name\":\"admin\",\"@id\":\"https:\/\/www.istitutogalanteoliva.it\/magazine\/#\/schema\/person\/72e8141246542ebcf905456f5dbd4c49\"},\"headline\":\"CONSIDERAZIONI SULLE CAPACIT\u00c0 MOTORIE &#8211; E NON SOLO- DEI NOSTRI GIOVANI\",\"datePublished\":\"2019-10-19T09:25:42+00:00\",\"dateModified\":\"2019-10-19T09:50:04+00:00\",\"mainEntityOfPage\":{\"@id\":\"https:\/\/www.istitutogalanteoliva.it\/magazine\/2019\/10\/19\/considerazioni-sulle-capacita-motorie-e-non-solo-dei-nostri-giovani\/\"},\"wordCount\":941,\"commentCount\":0,\"publisher\":{\"@id\":\"https:\/\/www.istitutogalanteoliva.it\/magazine\/#organization\"},\"image\":{\"@id\":\"https:\/\/www.istitutogalanteoliva.it\/magazine\/2019\/10\/19\/considerazioni-sulle-capacita-motorie-e-non-solo-dei-nostri-giovani\/#primaryimage\"},\"thumbnailUrl\":\"https:\/\/www.istitutogalanteoliva.it\/magazine\/wp-content\/uploads\/2019\/10\/ragazzi.jpeg\",\"articleSection\":[\"2019\",\"Sport\"],\"inLanguage\":\"it-IT\",\"potentialAction\":[{\"@type\":\"CommentAction\",\"name\":\"Comment\",\"target\":[\"https:\/\/www.istitutogalanteoliva.it\/magazine\/2019\/10\/19\/considerazioni-sulle-capacita-motorie-e-non-solo-dei-nostri-giovani\/#respond\"]}]},{\"@type\":\"WebPage\",\"@id\":\"https:\/\/www.istitutogalanteoliva.it\/magazine\/2019\/10\/19\/considerazioni-sulle-capacita-motorie-e-non-solo-dei-nostri-giovani\/\",\"url\":\"https:\/\/www.istitutogalanteoliva.it\/magazine\/2019\/10\/19\/considerazioni-sulle-capacita-motorie-e-non-solo-dei-nostri-giovani\/\",\"name\":\"CONSIDERAZIONI SULLE CAPACIT\u00c0 MOTORIE - E NON SOLO- DEI NOSTRI GIOVANI - Polis SA Magazine\",\"isPartOf\":{\"@id\":\"https:\/\/www.istitutogalanteoliva.it\/magazine\/#website\"},\"primaryImageOfPage\":{\"@id\":\"https:\/\/www.istitutogalanteoliva.it\/magazine\/2019\/10\/19\/considerazioni-sulle-capacita-motorie-e-non-solo-dei-nostri-giovani\/#primaryimage\"},\"image\":{\"@id\":\"https:\/\/www.istitutogalanteoliva.it\/magazine\/2019\/10\/19\/considerazioni-sulle-capacita-motorie-e-non-solo-dei-nostri-giovani\/#primaryimage\"},\"thumbnailUrl\":\"https:\/\/www.istitutogalanteoliva.it\/magazine\/wp-content\/uploads\/2019\/10\/ragazzi.jpeg\",\"datePublished\":\"2019-10-19T09:25:42+00:00\",\"dateModified\":\"2019-10-19T09:50:04+00:00\",\"breadcrumb\":{\"@id\":\"https:\/\/www.istitutogalanteoliva.it\/magazine\/2019\/10\/19\/considerazioni-sulle-capacita-motorie-e-non-solo-dei-nostri-giovani\/#breadcrumb\"},\"inLanguage\":\"it-IT\",\"potentialAction\":[{\"@type\":\"ReadAction\",\"target\":[\"https:\/\/www.istitutogalanteoliva.it\/magazine\/2019\/10\/19\/considerazioni-sulle-capacita-motorie-e-non-solo-dei-nostri-giovani\/\"]}]},{\"@type\":\"ImageObject\",\"inLanguage\":\"it-IT\",\"@id\":\"https:\/\/www.istitutogalanteoliva.it\/magazine\/2019\/10\/19\/considerazioni-sulle-capacita-motorie-e-non-solo-dei-nostri-giovani\/#primaryimage\",\"url\":\"https:\/\/www.istitutogalanteoliva.it\/magazine\/wp-content\/uploads\/2019\/10\/ragazzi.jpeg\",\"contentUrl\":\"https:\/\/www.istitutogalanteoliva.it\/magazine\/wp-content\/uploads\/2019\/10\/ragazzi.jpeg\",\"width\":1200,\"height\":630},{\"@type\":\"BreadcrumbList\",\"@id\":\"https:\/\/www.istitutogalanteoliva.it\/magazine\/2019\/10\/19\/considerazioni-sulle-capacita-motorie-e-non-solo-dei-nostri-giovani\/#breadcrumb\",\"itemListElement\":[{\"@type\":\"ListItem\",\"position\":1,\"name\":\"Home\",\"item\":\"https:\/\/www.istitutogalanteoliva.it\/magazine\/\"},{\"@type\":\"ListItem\",\"position\":2,\"name\":\"CONSIDERAZIONI SULLE CAPACIT\u00c0 MOTORIE &#8211; E NON SOLO- DEI NOSTRI GIOVANI\"}]},{\"@type\":\"WebSite\",\"@id\":\"https:\/\/www.istitutogalanteoliva.it\/magazine\/#website\",\"url\":\"https:\/\/www.istitutogalanteoliva.it\/magazine\/\",\"name\":\"POLIS SA MAGAZINE\",\"description\":\"Informazione e approfondimenti\",\"publisher\":{\"@id\":\"https:\/\/www.istitutogalanteoliva.it\/magazine\/#organization\"},\"potentialAction\":[{\"@type\":\"SearchAction\",\"target\":{\"@type\":\"EntryPoint\",\"urlTemplate\":\"https:\/\/www.istitutogalanteoliva.it\/magazine\/?s={search_term_string}\"},\"query-input\":{\"@type\":\"PropertyValueSpecification\",\"valueRequired\":true,\"valueName\":\"search_term_string\"}}],\"inLanguage\":\"it-IT\"},{\"@type\":\"Organization\",\"@id\":\"https:\/\/www.istitutogalanteoliva.it\/magazine\/#organization\",\"name\":\"Polis SA Magazine\",\"url\":\"https:\/\/www.istitutogalanteoliva.it\/magazine\/\",\"logo\":{\"@type\":\"ImageObject\",\"inLanguage\":\"it-IT\",\"@id\":\"https:\/\/www.istitutogalanteoliva.it\/magazine\/#\/schema\/logo\/image\/\",\"url\":\"\",\"contentUrl\":\"\",\"caption\":\"Polis SA Magazine\"},\"image\":{\"@id\":\"https:\/\/www.istitutogalanteoliva.it\/magazine\/#\/schema\/logo\/image\/\"},\"sameAs\":[\"https:\/\/www.facebook.com\/PolisSAMagazine\/\",\"https:\/\/x.com\/MagazinePolis\",\"https:\/\/www.youtube.com\/channel\/UCv0Mr5AHKUmsc0sEEXkJrgw\"]},{\"@type\":\"Person\",\"@id\":\"https:\/\/www.istitutogalanteoliva.it\/magazine\/#\/schema\/person\/72e8141246542ebcf905456f5dbd4c49\",\"name\":\"admin\",\"image\":{\"@type\":\"ImageObject\",\"inLanguage\":\"it-IT\",\"@id\":\"https:\/\/www.istitutogalanteoliva.it\/magazine\/#\/schema\/person\/image\/\",\"url\":\"https:\/\/secure.gravatar.com\/avatar\/07059cc99eeb1edd29e138d1812e69ec?s=96&d=mm&r=g\",\"contentUrl\":\"https:\/\/secure.gravatar.com\/avatar\/07059cc99eeb1edd29e138d1812e69ec?s=96&d=mm&r=g\",\"caption\":\"admin\"},\"url\":\"https:\/\/www.istitutogalanteoliva.it\/magazine\/author\/admin\/\"}]}<\/script>\n<!-- \/ Yoast SEO plugin. -->","yoast_head_json":{"title":"CONSIDERAZIONI SULLE CAPACIT\u00c0 MOTORIE - E NON SOLO- DEI NOSTRI GIOVANI - Polis SA Magazine","robots":{"index":"index","follow":"follow","max-snippet":"max-snippet:-1","max-image-preview":"max-image-preview:large","max-video-preview":"max-video-preview:-1"},"canonical":"https:\/\/www.istitutogalanteoliva.it\/magazine\/2019\/10\/19\/considerazioni-sulle-capacita-motorie-e-non-solo-dei-nostri-giovani\/","og_locale":"it_IT","og_type":"article","og_title":"CONSIDERAZIONI SULLE CAPACIT\u00c0 MOTORIE - E NON SOLO- DEI NOSTRI GIOVANI - Polis SA Magazine","og_description":"Stando a contatto continuo con centinaia se non migliaia di bambini e ragazzi, nelle scuole,","og_url":"https:\/\/www.istitutogalanteoliva.it\/magazine\/2019\/10\/19\/considerazioni-sulle-capacita-motorie-e-non-solo-dei-nostri-giovani\/","og_site_name":"Polis SA Magazine","article_publisher":"https:\/\/www.facebook.com\/PolisSAMagazine\/","article_published_time":"2019-10-19T09:25:42+00:00","article_modified_time":"2019-10-19T09:50:04+00:00","og_image":[{"width":1200,"height":630,"url":"https:\/\/www.istitutogalanteoliva.it\/magazine\/wp-content\/uploads\/2019\/10\/ragazzi.jpeg","type":"image\/jpeg"}],"author":"admin","twitter_card":"summary_large_image","twitter_creator":"@MagazinePolis","twitter_site":"@MagazinePolis","twitter_misc":{"Scritto da":"admin","Tempo di lettura stimato":"5 minuti"},"schema":{"@context":"https:\/\/schema.org","@graph":[{"@type":"Article","@id":"https:\/\/www.istitutogalanteoliva.it\/magazine\/2019\/10\/19\/considerazioni-sulle-capacita-motorie-e-non-solo-dei-nostri-giovani\/#article","isPartOf":{"@id":"https:\/\/www.istitutogalanteoliva.it\/magazine\/2019\/10\/19\/considerazioni-sulle-capacita-motorie-e-non-solo-dei-nostri-giovani\/"},"author":{"name":"admin","@id":"https:\/\/www.istitutogalanteoliva.it\/magazine\/#\/schema\/person\/72e8141246542ebcf905456f5dbd4c49"},"headline":"CONSIDERAZIONI SULLE CAPACIT\u00c0 MOTORIE &#8211; E NON SOLO- DEI NOSTRI GIOVANI","datePublished":"2019-10-19T09:25:42+00:00","dateModified":"2019-10-19T09:50:04+00:00","mainEntityOfPage":{"@id":"https:\/\/www.istitutogalanteoliva.it\/magazine\/2019\/10\/19\/considerazioni-sulle-capacita-motorie-e-non-solo-dei-nostri-giovani\/"},"wordCount":941,"commentCount":0,"publisher":{"@id":"https:\/\/www.istitutogalanteoliva.it\/magazine\/#organization"},"image":{"@id":"https:\/\/www.istitutogalanteoliva.it\/magazine\/2019\/10\/19\/considerazioni-sulle-capacita-motorie-e-non-solo-dei-nostri-giovani\/#primaryimage"},"thumbnailUrl":"https:\/\/www.istitutogalanteoliva.it\/magazine\/wp-content\/uploads\/2019\/10\/ragazzi.jpeg","articleSection":["2019","Sport"],"inLanguage":"it-IT","potentialAction":[{"@type":"CommentAction","name":"Comment","target":["https:\/\/www.istitutogalanteoliva.it\/magazine\/2019\/10\/19\/considerazioni-sulle-capacita-motorie-e-non-solo-dei-nostri-giovani\/#respond"]}]},{"@type":"WebPage","@id":"https:\/\/www.istitutogalanteoliva.it\/magazine\/2019\/10\/19\/considerazioni-sulle-capacita-motorie-e-non-solo-dei-nostri-giovani\/","url":"https:\/\/www.istitutogalanteoliva.it\/magazine\/2019\/10\/19\/considerazioni-sulle-capacita-motorie-e-non-solo-dei-nostri-giovani\/","name":"CONSIDERAZIONI SULLE CAPACIT\u00c0 MOTORIE - E NON SOLO- DEI NOSTRI GIOVANI - Polis SA Magazine","isPartOf":{"@id":"https:\/\/www.istitutogalanteoliva.it\/magazine\/#website"},"primaryImageOfPage":{"@id":"https:\/\/www.istitutogalanteoliva.it\/magazine\/2019\/10\/19\/considerazioni-sulle-capacita-motorie-e-non-solo-dei-nostri-giovani\/#primaryimage"},"image":{"@id":"https:\/\/www.istitutogalanteoliva.it\/magazine\/2019\/10\/19\/considerazioni-sulle-capacita-motorie-e-non-solo-dei-nostri-giovani\/#primaryimage"},"thumbnailUrl":"https:\/\/www.istitutogalanteoliva.it\/magazine\/wp-content\/uploads\/2019\/10\/ragazzi.jpeg","datePublished":"2019-10-19T09:25:42+00:00","dateModified":"2019-10-19T09:50:04+00:00","breadcrumb":{"@id":"https:\/\/www.istitutogalanteoliva.it\/magazine\/2019\/10\/19\/considerazioni-sulle-capacita-motorie-e-non-solo-dei-nostri-giovani\/#breadcrumb"},"inLanguage":"it-IT","potentialAction":[{"@type":"ReadAction","target":["https:\/\/www.istitutogalanteoliva.it\/magazine\/2019\/10\/19\/considerazioni-sulle-capacita-motorie-e-non-solo-dei-nostri-giovani\/"]}]},{"@type":"ImageObject","inLanguage":"it-IT","@id":"https:\/\/www.istitutogalanteoliva.it\/magazine\/2019\/10\/19\/considerazioni-sulle-capacita-motorie-e-non-solo-dei-nostri-giovani\/#primaryimage","url":"https:\/\/www.istitutogalanteoliva.it\/magazine\/wp-content\/uploads\/2019\/10\/ragazzi.jpeg","contentUrl":"https:\/\/www.istitutogalanteoliva.it\/magazine\/wp-content\/uploads\/2019\/10\/ragazzi.jpeg","width":1200,"height":630},{"@type":"BreadcrumbList","@id":"https:\/\/www.istitutogalanteoliva.it\/magazine\/2019\/10\/19\/considerazioni-sulle-capacita-motorie-e-non-solo-dei-nostri-giovani\/#breadcrumb","itemListElement":[{"@type":"ListItem","position":1,"name":"Home","item":"https:\/\/www.istitutogalanteoliva.it\/magazine\/"},{"@type":"ListItem","position":2,"name":"CONSIDERAZIONI SULLE CAPACIT\u00c0 MOTORIE &#8211; E NON SOLO- DEI NOSTRI GIOVANI"}]},{"@type":"WebSite","@id":"https:\/\/www.istitutogalanteoliva.it\/magazine\/#website","url":"https:\/\/www.istitutogalanteoliva.it\/magazine\/","name":"POLIS SA MAGAZINE","description":"Informazione e approfondimenti","publisher":{"@id":"https:\/\/www.istitutogalanteoliva.it\/magazine\/#organization"},"potentialAction":[{"@type":"SearchAction","target":{"@type":"EntryPoint","urlTemplate":"https:\/\/www.istitutogalanteoliva.it\/magazine\/?s={search_term_string}"},"query-input":{"@type":"PropertyValueSpecification","valueRequired":true,"valueName":"search_term_string"}}],"inLanguage":"it-IT"},{"@type":"Organization","@id":"https:\/\/www.istitutogalanteoliva.it\/magazine\/#organization","name":"Polis SA Magazine","url":"https:\/\/www.istitutogalanteoliva.it\/magazine\/","logo":{"@type":"ImageObject","inLanguage":"it-IT","@id":"https:\/\/www.istitutogalanteoliva.it\/magazine\/#\/schema\/logo\/image\/","url":"","contentUrl":"","caption":"Polis SA Magazine"},"image":{"@id":"https:\/\/www.istitutogalanteoliva.it\/magazine\/#\/schema\/logo\/image\/"},"sameAs":["https:\/\/www.facebook.com\/PolisSAMagazine\/","https:\/\/x.com\/MagazinePolis","https:\/\/www.youtube.com\/channel\/UCv0Mr5AHKUmsc0sEEXkJrgw"]},{"@type":"Person","@id":"https:\/\/www.istitutogalanteoliva.it\/magazine\/#\/schema\/person\/72e8141246542ebcf905456f5dbd4c49","name":"admin","image":{"@type":"ImageObject","inLanguage":"it-IT","@id":"https:\/\/www.istitutogalanteoliva.it\/magazine\/#\/schema\/person\/image\/","url":"https:\/\/secure.gravatar.com\/avatar\/07059cc99eeb1edd29e138d1812e69ec?s=96&d=mm&r=g","contentUrl":"https:\/\/secure.gravatar.com\/avatar\/07059cc99eeb1edd29e138d1812e69ec?s=96&d=mm&r=g","caption":"admin"},"url":"https:\/\/www.istitutogalanteoliva.it\/magazine\/author\/admin\/"}]}},"_links":{"self":[{"href":"https:\/\/www.istitutogalanteoliva.it\/magazine\/wp-json\/wp\/v2\/posts\/1610","targetHints":{"allow":["GET"]}}],"collection":[{"href":"https:\/\/www.istitutogalanteoliva.it\/magazine\/wp-json\/wp\/v2\/posts"}],"about":[{"href":"https:\/\/www.istitutogalanteoliva.it\/magazine\/wp-json\/wp\/v2\/types\/post"}],"author":[{"embeddable":true,"href":"https:\/\/www.istitutogalanteoliva.it\/magazine\/wp-json\/wp\/v2\/users\/1"}],"replies":[{"embeddable":true,"href":"https:\/\/www.istitutogalanteoliva.it\/magazine\/wp-json\/wp\/v2\/comments?post=1610"}],"version-history":[{"count":1,"href":"https:\/\/www.istitutogalanteoliva.it\/magazine\/wp-json\/wp\/v2\/posts\/1610\/revisions"}],"predecessor-version":[{"id":1614,"href":"https:\/\/www.istitutogalanteoliva.it\/magazine\/wp-json\/wp\/v2\/posts\/1610\/revisions\/1614"}],"wp:featuredmedia":[{"embeddable":true,"href":"https:\/\/www.istitutogalanteoliva.it\/magazine\/wp-json\/wp\/v2\/media\/1611"}],"wp:attachment":[{"href":"https:\/\/www.istitutogalanteoliva.it\/magazine\/wp-json\/wp\/v2\/media?parent=1610"}],"wp:term":[{"taxonomy":"category","embeddable":true,"href":"https:\/\/www.istitutogalanteoliva.it\/magazine\/wp-json\/wp\/v2\/categories?post=1610"},{"taxonomy":"post_tag","embeddable":true,"href":"https:\/\/www.istitutogalanteoliva.it\/magazine\/wp-json\/wp\/v2\/tags?post=1610"}],"curies":[{"name":"wp","href":"https:\/\/api.w.org\/{rel}","templated":true}]}}