{"id":16283,"date":"2024-11-01T08:00:00","date_gmt":"2024-11-01T07:00:00","guid":{"rendered":"https:\/\/www.istitutogalanteoliva.it\/magazine\/?p=16283"},"modified":"2024-10-31T16:11:06","modified_gmt":"2024-10-31T15:11:06","slug":"ritorno-ai-mercanti-un-novembre-darte-tra-tradizione-e-territorio-nel-cuore-di-salerno","status":"publish","type":"post","link":"https:\/\/www.istitutogalanteoliva.it\/magazine\/2024\/11\/01\/ritorno-ai-mercanti-un-novembre-darte-tra-tradizione-e-territorio-nel-cuore-di-salerno\/","title":{"rendered":"&#8220;Ritorno ai Mercanti&#8221;: un novembre d&#8217;arte tra tradizione e territorio nel cuore di Salerno"},"content":{"rendered":"\n<p>Oggi, 1\u00b0 novembre 2024, Salerno si appresta ad inaugurare un novembre dedicato alla riscoperta dei legami profondi tra arte, territorio e tradizione artigianale. La manifestazione <em>\u201cRitorno ai Mercanti \u2013 Un novembre d\u2019arte\u201d<\/em>, alla sua seconda edizione, celebrer\u00e0 la ricchezza culturale locale con un calendario di eventi che affonda le sue radici nella storia della citt\u00e0 e nell\u2019identit\u00e0 della sua comunit\u00e0. Ideata dalla Claai di Salerno, presieduta da Matteo Caputo, e cofinanziata dalla Camera di Commercio di Salerno, la manifestazione prender\u00e0 il via alle 19:00 presso l\u2019Arco Catalano, in via Mercanti, simbolo del passato commerciale e artistico di Salerno.<\/p>\n\n\n\n<p><strong>Un percorso tra arti visive e cultura artigianale<\/strong><\/p>\n\n\n\n<p>Nata per riportare al centro la bellezza del lavoro artigianale e il legame con il territorio, <em>\u201cRitorno ai Mercanti\u201d<\/em> trasforma il centro storico in un punto d\u2019incontro tra cittadini, artigiani e artisti. A partire da domani sera, tre mostre offriranno una finestra sulla vita creativa di Salerno, celebrando l\u2019arte locale e la lentezza che accompagna la maestria degli artigiani.<\/p>\n\n\n\n<p><strong>Cristina Santonicola: l\u2019elogio della lentezza nella mostra fotografica &#8220;Respiro lento&#8221;<\/strong><\/p>\n\n\n\n<p><em>\u201cRespiro lento\u201d<\/em>, una raccolta di fotografie di Cristina Santonicola, omaggia la bellezza dei gesti semplici e quotidiani degli artigiani e dei contadini del territorio. In un mondo che corre veloce, queste immagini raccontano un ritmo antico e autentico che Santonicola vede come antidoto alla frenesia della vita moderna. \u201cLa lentezza \u00e8 una risorsa che i nostri artigiani conoscono bene e pu\u00f2 insegnare a tutti noi a riscoprire il significato profondo dei gesti,\u201d spiega l\u2019artista.<\/p>\n\n\n\n<figure data-wp-context=\"{&quot;imageId&quot;:&quot;69f5e6cc68cfd&quot;}\" data-wp-interactive=\"core\/image\" class=\"wp-block-image size-large is-resized wp-lightbox-container\"><img loading=\"lazy\" decoding=\"async\" width=\"1024\" height=\"684\" data-wp-class--hide=\"state.isContentHidden\" data-wp-class--show=\"state.isContentVisible\" data-wp-init=\"callbacks.setButtonStyles\" data-wp-on-async--click=\"actions.showLightbox\" data-wp-on-async--load=\"callbacks.setButtonStyles\" data-wp-on-async-window--resize=\"callbacks.setButtonStyles\" src=\"https:\/\/www.istitutogalanteoliva.it\/magazine\/wp-content\/uploads\/2024\/10\/CRISTINA-SANTONICOLA-1024x684.jpg\" alt=\"\" class=\"wp-image-16285\" style=\"width:602px\" srcset=\"https:\/\/www.istitutogalanteoliva.it\/magazine\/wp-content\/uploads\/2024\/10\/CRISTINA-SANTONICOLA-1024x684.jpg 1024w, https:\/\/www.istitutogalanteoliva.it\/magazine\/wp-content\/uploads\/2024\/10\/CRISTINA-SANTONICOLA-300x200.jpg 300w, https:\/\/www.istitutogalanteoliva.it\/magazine\/wp-content\/uploads\/2024\/10\/CRISTINA-SANTONICOLA-768x513.jpg 768w, https:\/\/www.istitutogalanteoliva.it\/magazine\/wp-content\/uploads\/2024\/10\/CRISTINA-SANTONICOLA-1536x1025.jpg 1536w, https:\/\/www.istitutogalanteoliva.it\/magazine\/wp-content\/uploads\/2024\/10\/CRISTINA-SANTONICOLA-2048x1367.jpg 2048w, https:\/\/www.istitutogalanteoliva.it\/magazine\/wp-content\/uploads\/2024\/10\/CRISTINA-SANTONICOLA-675x450.jpg 675w\" sizes=\"auto, (max-width: 1024px) 100vw, 1024px\" \/><button\n\t\t\tclass=\"lightbox-trigger\"\n\t\t\ttype=\"button\"\n\t\t\taria-haspopup=\"dialog\"\n\t\t\taria-label=\"Ingrandisci l\u2019immagine\"\n\t\t\tdata-wp-init=\"callbacks.initTriggerButton\"\n\t\t\tdata-wp-on-async--click=\"actions.showLightbox\"\n\t\t\tdata-wp-style--right=\"state.imageButtonRight\"\n\t\t\tdata-wp-style--top=\"state.imageButtonTop\"\n\t\t>\n\t\t\t<svg xmlns=\"http:\/\/www.w3.org\/2000\/svg\" width=\"12\" height=\"12\" fill=\"none\" viewBox=\"0 0 12 12\">\n\t\t\t\t<path fill=\"#fff\" d=\"M2 0a2 2 0 0 0-2 2v2h1.5V2a.5.5 0 0 1 .5-.5h2V0H2Zm2 10.5H2a.5.5 0 0 1-.5-.5V8H0v2a2 2 0 0 0 2 2h2v-1.5ZM8 12v-1.5h2a.5.5 0 0 0 .5-.5V8H12v2a2 2 0 0 1-2 2H8Zm2-12a2 2 0 0 1 2 2v2h-1.5V2a.5.5 0 0 0-.5-.5H8V0h2Z\" \/>\n\t\t\t<\/svg>\n\t\t<\/button><figcaption class=\"wp-element-caption\"><strong><em><sup>Cristina Santonicola<\/sup><\/em><\/strong><\/figcaption><\/figure>\n\n\n\n<p><strong>Marco Vecchio e &#8220;L\u2019abisso dell\u2019alto&#8221;: il sogno che incontra la realt\u00e0 del tessuto<\/strong><\/p>\n\n\n\n<p>Accanto alla lentezza catturata dalla fotografia, la pittura di Marco Vecchio si muove attraverso trame e utopie con <em>\u201cL\u2019abisso dell\u2019alto\u201d<\/em>, una serie di opere che invitano a perdersi in uno spazio visionario. Vecchio porta lo spettatore a seguire il filo dei suoi dipinti come un volo verso l\u2019assoluto, esprimendo la voglia di esplorare, sognare, evadere dai confini del mondo materiale.<\/p>\n\n\n\n<p><strong>Il presepe napoletano di Alfonso Pepe: tradizione e artigianato, simboli di Salerno<\/strong><\/p>\n\n\n\n<p>La terza mostra, <em>\u201c\u2018700 napoletano\u201d<\/em>, esporr\u00e0 una creazione inedita del maestro Alfonso Pepe, celebre a livello internazionale per i suoi presepi napoletani. Con le sue opere, Pepe celebra il Natale e la cultura del sud Italia, rendendo omaggio alla tradizione presepiale e trasportando i visitatori in un\u2019atmosfera natalizia gi\u00e0 presente, un mese prima delle festivit\u00e0. Il presepe di Pepe \u00e8 un\u2019opera che racconta il territorio, una scultura che parla di tradizione e di fede.<\/p>\n\n\n\n<figure class=\"wp-block-image size-full is-resized\"><img loading=\"lazy\" decoding=\"async\" width=\"897\" height=\"478\" src=\"https:\/\/www.istitutogalanteoliva.it\/magazine\/wp-content\/uploads\/2024\/10\/image-21.png\" alt=\"\" class=\"wp-image-16284\" style=\"width:600px\" srcset=\"https:\/\/www.istitutogalanteoliva.it\/magazine\/wp-content\/uploads\/2024\/10\/image-21.png 897w, https:\/\/www.istitutogalanteoliva.it\/magazine\/wp-content\/uploads\/2024\/10\/image-21-300x160.png 300w, https:\/\/www.istitutogalanteoliva.it\/magazine\/wp-content\/uploads\/2024\/10\/image-21-768x409.png 768w\" sizes=\"auto, (max-width: 897px) 100vw, 897px\" \/><figcaption class=\"wp-element-caption\"><strong><em><sup>Marco Veccho e Alfonso Pepe con il Presidente della Repubblica, Sergio Mattarella <\/sup><\/em><\/strong><\/figcaption><\/figure>\n\n\n\n<p><strong>Un weekend di arte, suono e colore per tutti i salernitani<\/strong><\/p>\n\n\n\n<p>Il weekend inaugurale proseguir\u00e0 con due serate che estenderanno l\u2019esperienza artistica del <em>\u201cRitorno ai Mercanti\u201d<\/em>. Sabato 2 novembre, alle 20:30, Marco Vecchio presenter\u00e0 la performance <em>&#8220;Segni migranti&#8221;<\/em>, un incontro unico tra suono, danza e colore che simboleggia la metamorfosi e l\u2019evoluzione artistica, un omaggio alla trasformazione continua dell\u2019arte e del territorio. Domenica 3 novembre, alle 20:30, il conservatorio statale \u201cGiuseppe Martucci\u201d di Salerno offrir\u00e0 un concerto con Francesco Venneri alla fisarmonica e Francesco Alfano al sax, esplorando le sonorit\u00e0 che da sempre caratterizzano la cultura musicale del sud Italia.<\/p>\n\n\n\n<p><strong>Un novembre aperto alla cultura e alla partecipazione<\/strong><\/p>\n\n\n\n<p>Grazie alla direzione artistica di Brunella Caputo, la manifestazione proseguir\u00e0 ogni weekend di novembre, con eventi gratuiti pensati per valorizzare l\u2019identit\u00e0 di Salerno e del suo territorio. <em>\u201cRitorno ai Mercanti\u201d<\/em> \u00e8 un invito a riscoprire il centro storico attraverso l\u2019arte, un\u2019esperienza aperta a cittadini e visitatori che si estender\u00e0 anche oltre novembre, con una speciale appendice a marzo 2025.<\/p>\n\n\n\n<p>Questa manifestazione non \u00e8 solo una serie di appuntamenti artistici: rappresenta una riscoperta del valore dei luoghi e delle tradizioni che definiscono l\u2019identit\u00e0 salernitana. Attraverso il legame tra territorio e arte, <em>\u201cRitorno ai Mercanti\u201d<\/em> porta una luce nuova tra le strade di Salerno, celebrando le radici culturali che la rendono unica.<\/p>\n\n\n\n<p class=\"has-text-align-right\"><em>Redazione<\/em><\/p>\n<div class=\"pdfprnt-buttons pdfprnt-buttons-post pdfprnt-bottom-left\"><a href=\"https:\/\/www.istitutogalanteoliva.it\/magazine\/wp-json\/wp\/v2\/posts\/16283?print=print\" class=\"pdfprnt-button pdfprnt-button-print\" target=\"_blank\"><img decoding=\"async\" src=\"https:\/\/www.istitutogalanteoliva.it\/magazine\/wp-content\/plugins\/pdf-print\/images\/print.png\" alt=\"image_print\" title=\"Stampa contenuto\" \/><span class=\"pdfprnt-button-title pdfprnt-button-print-title\">Download in PDF<\/span><\/a><\/div>","protected":false},"excerpt":{"rendered":"<p>La seconda edizione della manifestazione trasforma il centro storico in un luogo di incontro tra cultura, artigianato e comunit\u00e0, con mostre, performance e concerti aperti a tutti<\/p>\n","protected":false},"author":2,"featured_media":16286,"comment_status":"closed","ping_status":"open","sticky":true,"template":"","format":"standard","meta":{"footnotes":""},"categories":[872,210,47],"tags":[654,84,83],"class_list":["post-16283","post","type-post","status-publish","format-standard","has-post-thumbnail","hentry","category-872","category-campania","category-eventi","tag-mostre","tag-musica","tag-salerno"],"yoast_head":"<!-- This site is optimized with the Yoast SEO plugin v24.2 - https:\/\/yoast.com\/wordpress\/plugins\/seo\/ -->\n<title>&quot;Ritorno ai Mercanti&quot;: un novembre d&#039;arte tra tradizione e territorio nel cuore di Salerno - Polis SA Magazine<\/title>\n<meta name=\"description\" content=\"La seconda edizione della manifestazione trasforma il centro storico in un luogo di incontro tra cultura, artigianato e comunit\u00e0...\" \/>\n<meta name=\"robots\" content=\"index, follow, max-snippet:-1, max-image-preview:large, max-video-preview:-1\" \/>\n<link rel=\"canonical\" href=\"https:\/\/www.istitutogalanteoliva.it\/magazine\/2024\/11\/01\/ritorno-ai-mercanti-un-novembre-darte-tra-tradizione-e-territorio-nel-cuore-di-salerno\/\" \/>\n<meta property=\"og:locale\" content=\"it_IT\" \/>\n<meta property=\"og:type\" content=\"article\" \/>\n<meta property=\"og:title\" content=\"&quot;Ritorno ai Mercanti&quot;: un novembre d&#039;arte tra tradizione e territorio nel cuore di Salerno - Polis SA Magazine\" \/>\n<meta property=\"og:description\" content=\"La seconda edizione della manifestazione trasforma il centro storico in un luogo di incontro tra cultura, artigianato e comunit\u00e0...\" \/>\n<meta property=\"og:url\" content=\"https:\/\/www.istitutogalanteoliva.it\/magazine\/2024\/11\/01\/ritorno-ai-mercanti-un-novembre-darte-tra-tradizione-e-territorio-nel-cuore-di-salerno\/\" \/>\n<meta property=\"og:site_name\" content=\"Polis SA Magazine\" \/>\n<meta property=\"article:publisher\" content=\"https:\/\/www.facebook.com\/PolisSAMagazine\/\" \/>\n<meta property=\"article:published_time\" content=\"2024-11-01T07:00:00+00:00\" \/>\n<meta property=\"article:modified_time\" content=\"2024-10-31T15:11:06+00:00\" \/>\n<meta property=\"og:image\" content=\"https:\/\/www.istitutogalanteoliva.it\/magazine\/wp-content\/uploads\/2024\/10\/1000_F_315012165_oecI8pJkMWlhQeuGT94kY6z8NS6e4fNi.jpg\" \/>\n\t<meta property=\"og:image:width\" content=\"1400\" \/>\n\t<meta property=\"og:image:height\" content=\"760\" \/>\n\t<meta property=\"og:image:type\" content=\"image\/jpeg\" \/>\n<meta name=\"author\" content=\"Antonello Rivano\" \/>\n<meta name=\"twitter:card\" content=\"summary_large_image\" \/>\n<meta name=\"twitter:creator\" content=\"@MagazinePolis\" \/>\n<meta name=\"twitter:site\" content=\"@MagazinePolis\" \/>\n<meta name=\"twitter:label1\" content=\"Scritto da\" \/>\n\t<meta name=\"twitter:data1\" content=\"Antonello Rivano\" \/>\n\t<meta name=\"twitter:label2\" content=\"Tempo di lettura stimato\" \/>\n\t<meta name=\"twitter:data2\" content=\"5 minuti\" \/>\n<script type=\"application\/ld+json\" class=\"yoast-schema-graph\">{\"@context\":\"https:\/\/schema.org\",\"@graph\":[{\"@type\":\"Article\",\"@id\":\"https:\/\/www.istitutogalanteoliva.it\/magazine\/2024\/11\/01\/ritorno-ai-mercanti-un-novembre-darte-tra-tradizione-e-territorio-nel-cuore-di-salerno\/#article\",\"isPartOf\":{\"@id\":\"https:\/\/www.istitutogalanteoliva.it\/magazine\/2024\/11\/01\/ritorno-ai-mercanti-un-novembre-darte-tra-tradizione-e-territorio-nel-cuore-di-salerno\/\"},\"author\":{\"name\":\"Antonello Rivano\",\"@id\":\"https:\/\/www.istitutogalanteoliva.it\/magazine\/#\/schema\/person\/d8b8aa79cfe8babc1df9da3212a7c0c4\"},\"headline\":\"&#8220;Ritorno ai Mercanti&#8221;: un novembre d&#8217;arte tra tradizione e territorio nel cuore di Salerno\",\"datePublished\":\"2024-11-01T07:00:00+00:00\",\"dateModified\":\"2024-10-31T15:11:06+00:00\",\"mainEntityOfPage\":{\"@id\":\"https:\/\/www.istitutogalanteoliva.it\/magazine\/2024\/11\/01\/ritorno-ai-mercanti-un-novembre-darte-tra-tradizione-e-territorio-nel-cuore-di-salerno\/\"},\"wordCount\":662,\"publisher\":{\"@id\":\"https:\/\/www.istitutogalanteoliva.it\/magazine\/#organization\"},\"image\":{\"@id\":\"https:\/\/www.istitutogalanteoliva.it\/magazine\/2024\/11\/01\/ritorno-ai-mercanti-un-novembre-darte-tra-tradizione-e-territorio-nel-cuore-di-salerno\/#primaryimage\"},\"thumbnailUrl\":\"https:\/\/www.istitutogalanteoliva.it\/magazine\/wp-content\/uploads\/2024\/10\/1000_F_315012165_oecI8pJkMWlhQeuGT94kY6z8NS6e4fNi.jpg\",\"keywords\":[\"mostre\",\"musica\",\"salerno\"],\"articleSection\":[\"2024\",\"Campania\",\"Eventi\"],\"inLanguage\":\"it-IT\"},{\"@type\":\"WebPage\",\"@id\":\"https:\/\/www.istitutogalanteoliva.it\/magazine\/2024\/11\/01\/ritorno-ai-mercanti-un-novembre-darte-tra-tradizione-e-territorio-nel-cuore-di-salerno\/\",\"url\":\"https:\/\/www.istitutogalanteoliva.it\/magazine\/2024\/11\/01\/ritorno-ai-mercanti-un-novembre-darte-tra-tradizione-e-territorio-nel-cuore-di-salerno\/\",\"name\":\"\\\"Ritorno ai Mercanti\\\": un novembre d'arte tra tradizione e territorio nel cuore di Salerno - Polis SA Magazine\",\"isPartOf\":{\"@id\":\"https:\/\/www.istitutogalanteoliva.it\/magazine\/#website\"},\"primaryImageOfPage\":{\"@id\":\"https:\/\/www.istitutogalanteoliva.it\/magazine\/2024\/11\/01\/ritorno-ai-mercanti-un-novembre-darte-tra-tradizione-e-territorio-nel-cuore-di-salerno\/#primaryimage\"},\"image\":{\"@id\":\"https:\/\/www.istitutogalanteoliva.it\/magazine\/2024\/11\/01\/ritorno-ai-mercanti-un-novembre-darte-tra-tradizione-e-territorio-nel-cuore-di-salerno\/#primaryimage\"},\"thumbnailUrl\":\"https:\/\/www.istitutogalanteoliva.it\/magazine\/wp-content\/uploads\/2024\/10\/1000_F_315012165_oecI8pJkMWlhQeuGT94kY6z8NS6e4fNi.jpg\",\"datePublished\":\"2024-11-01T07:00:00+00:00\",\"dateModified\":\"2024-10-31T15:11:06+00:00\",\"description\":\"La seconda edizione della manifestazione trasforma il centro storico in un luogo di incontro tra cultura, artigianato e comunit\u00e0...\",\"breadcrumb\":{\"@id\":\"https:\/\/www.istitutogalanteoliva.it\/magazine\/2024\/11\/01\/ritorno-ai-mercanti-un-novembre-darte-tra-tradizione-e-territorio-nel-cuore-di-salerno\/#breadcrumb\"},\"inLanguage\":\"it-IT\",\"potentialAction\":[{\"@type\":\"ReadAction\",\"target\":[\"https:\/\/www.istitutogalanteoliva.it\/magazine\/2024\/11\/01\/ritorno-ai-mercanti-un-novembre-darte-tra-tradizione-e-territorio-nel-cuore-di-salerno\/\"]}]},{\"@type\":\"ImageObject\",\"inLanguage\":\"it-IT\",\"@id\":\"https:\/\/www.istitutogalanteoliva.it\/magazine\/2024\/11\/01\/ritorno-ai-mercanti-un-novembre-darte-tra-tradizione-e-territorio-nel-cuore-di-salerno\/#primaryimage\",\"url\":\"https:\/\/www.istitutogalanteoliva.it\/magazine\/wp-content\/uploads\/2024\/10\/1000_F_315012165_oecI8pJkMWlhQeuGT94kY6z8NS6e4fNi.jpg\",\"contentUrl\":\"https:\/\/www.istitutogalanteoliva.it\/magazine\/wp-content\/uploads\/2024\/10\/1000_F_315012165_oecI8pJkMWlhQeuGT94kY6z8NS6e4fNi.jpg\",\"width\":1400,\"height\":760},{\"@type\":\"BreadcrumbList\",\"@id\":\"https:\/\/www.istitutogalanteoliva.it\/magazine\/2024\/11\/01\/ritorno-ai-mercanti-un-novembre-darte-tra-tradizione-e-territorio-nel-cuore-di-salerno\/#breadcrumb\",\"itemListElement\":[{\"@type\":\"ListItem\",\"position\":1,\"name\":\"Home\",\"item\":\"https:\/\/www.istitutogalanteoliva.it\/magazine\/\"},{\"@type\":\"ListItem\",\"position\":2,\"name\":\"&#8220;Ritorno ai Mercanti&#8221;: un novembre d&#8217;arte tra tradizione e territorio nel cuore di Salerno\"}]},{\"@type\":\"WebSite\",\"@id\":\"https:\/\/www.istitutogalanteoliva.it\/magazine\/#website\",\"url\":\"https:\/\/www.istitutogalanteoliva.it\/magazine\/\",\"name\":\"POLIS SA MAGAZINE\",\"description\":\"Informazione e approfondimenti\",\"publisher\":{\"@id\":\"https:\/\/www.istitutogalanteoliva.it\/magazine\/#organization\"},\"potentialAction\":[{\"@type\":\"SearchAction\",\"target\":{\"@type\":\"EntryPoint\",\"urlTemplate\":\"https:\/\/www.istitutogalanteoliva.it\/magazine\/?s={search_term_string}\"},\"query-input\":{\"@type\":\"PropertyValueSpecification\",\"valueRequired\":true,\"valueName\":\"search_term_string\"}}],\"inLanguage\":\"it-IT\"},{\"@type\":\"Organization\",\"@id\":\"https:\/\/www.istitutogalanteoliva.it\/magazine\/#organization\",\"name\":\"Polis SA Magazine\",\"url\":\"https:\/\/www.istitutogalanteoliva.it\/magazine\/\",\"logo\":{\"@type\":\"ImageObject\",\"inLanguage\":\"it-IT\",\"@id\":\"https:\/\/www.istitutogalanteoliva.it\/magazine\/#\/schema\/logo\/image\/\",\"url\":\"\",\"contentUrl\":\"\",\"caption\":\"Polis SA Magazine\"},\"image\":{\"@id\":\"https:\/\/www.istitutogalanteoliva.it\/magazine\/#\/schema\/logo\/image\/\"},\"sameAs\":[\"https:\/\/www.facebook.com\/PolisSAMagazine\/\",\"https:\/\/x.com\/MagazinePolis\",\"https:\/\/www.youtube.com\/channel\/UCv0Mr5AHKUmsc0sEEXkJrgw\"]},{\"@type\":\"Person\",\"@id\":\"https:\/\/www.istitutogalanteoliva.it\/magazine\/#\/schema\/person\/d8b8aa79cfe8babc1df9da3212a7c0c4\",\"name\":\"Antonello Rivano\",\"image\":{\"@type\":\"ImageObject\",\"inLanguage\":\"it-IT\",\"@id\":\"https:\/\/www.istitutogalanteoliva.it\/magazine\/#\/schema\/person\/image\/\",\"url\":\"https:\/\/secure.gravatar.com\/avatar\/517a9a6487a7a18ecc4ce6d2e57a8f40?s=96&d=mm&r=g\",\"contentUrl\":\"https:\/\/secure.gravatar.com\/avatar\/517a9a6487a7a18ecc4ce6d2e57a8f40?s=96&d=mm&r=g\",\"caption\":\"Antonello Rivano\"},\"url\":\"https:\/\/www.istitutogalanteoliva.it\/magazine\/author\/antonello\/\"}]}<\/script>\n<!-- \/ Yoast SEO plugin. -->","yoast_head_json":{"title":"\"Ritorno ai Mercanti\": un novembre d'arte tra tradizione e territorio nel cuore di Salerno - Polis SA Magazine","description":"La seconda edizione della manifestazione trasforma il centro storico in un luogo di incontro tra cultura, artigianato e comunit\u00e0...","robots":{"index":"index","follow":"follow","max-snippet":"max-snippet:-1","max-image-preview":"max-image-preview:large","max-video-preview":"max-video-preview:-1"},"canonical":"https:\/\/www.istitutogalanteoliva.it\/magazine\/2024\/11\/01\/ritorno-ai-mercanti-un-novembre-darte-tra-tradizione-e-territorio-nel-cuore-di-salerno\/","og_locale":"it_IT","og_type":"article","og_title":"\"Ritorno ai Mercanti\": un novembre d'arte tra tradizione e territorio nel cuore di Salerno - Polis SA Magazine","og_description":"La seconda edizione della manifestazione trasforma il centro storico in un luogo di incontro tra cultura, artigianato e comunit\u00e0...","og_url":"https:\/\/www.istitutogalanteoliva.it\/magazine\/2024\/11\/01\/ritorno-ai-mercanti-un-novembre-darte-tra-tradizione-e-territorio-nel-cuore-di-salerno\/","og_site_name":"Polis SA Magazine","article_publisher":"https:\/\/www.facebook.com\/PolisSAMagazine\/","article_published_time":"2024-11-01T07:00:00+00:00","article_modified_time":"2024-10-31T15:11:06+00:00","og_image":[{"width":1400,"height":760,"url":"https:\/\/www.istitutogalanteoliva.it\/magazine\/wp-content\/uploads\/2024\/10\/1000_F_315012165_oecI8pJkMWlhQeuGT94kY6z8NS6e4fNi.jpg","type":"image\/jpeg"}],"author":"Antonello Rivano","twitter_card":"summary_large_image","twitter_creator":"@MagazinePolis","twitter_site":"@MagazinePolis","twitter_misc":{"Scritto da":"Antonello Rivano","Tempo di lettura stimato":"5 minuti"},"schema":{"@context":"https:\/\/schema.org","@graph":[{"@type":"Article","@id":"https:\/\/www.istitutogalanteoliva.it\/magazine\/2024\/11\/01\/ritorno-ai-mercanti-un-novembre-darte-tra-tradizione-e-territorio-nel-cuore-di-salerno\/#article","isPartOf":{"@id":"https:\/\/www.istitutogalanteoliva.it\/magazine\/2024\/11\/01\/ritorno-ai-mercanti-un-novembre-darte-tra-tradizione-e-territorio-nel-cuore-di-salerno\/"},"author":{"name":"Antonello Rivano","@id":"https:\/\/www.istitutogalanteoliva.it\/magazine\/#\/schema\/person\/d8b8aa79cfe8babc1df9da3212a7c0c4"},"headline":"&#8220;Ritorno ai Mercanti&#8221;: un novembre d&#8217;arte tra tradizione e territorio nel cuore di Salerno","datePublished":"2024-11-01T07:00:00+00:00","dateModified":"2024-10-31T15:11:06+00:00","mainEntityOfPage":{"@id":"https:\/\/www.istitutogalanteoliva.it\/magazine\/2024\/11\/01\/ritorno-ai-mercanti-un-novembre-darte-tra-tradizione-e-territorio-nel-cuore-di-salerno\/"},"wordCount":662,"publisher":{"@id":"https:\/\/www.istitutogalanteoliva.it\/magazine\/#organization"},"image":{"@id":"https:\/\/www.istitutogalanteoliva.it\/magazine\/2024\/11\/01\/ritorno-ai-mercanti-un-novembre-darte-tra-tradizione-e-territorio-nel-cuore-di-salerno\/#primaryimage"},"thumbnailUrl":"https:\/\/www.istitutogalanteoliva.it\/magazine\/wp-content\/uploads\/2024\/10\/1000_F_315012165_oecI8pJkMWlhQeuGT94kY6z8NS6e4fNi.jpg","keywords":["mostre","musica","salerno"],"articleSection":["2024","Campania","Eventi"],"inLanguage":"it-IT"},{"@type":"WebPage","@id":"https:\/\/www.istitutogalanteoliva.it\/magazine\/2024\/11\/01\/ritorno-ai-mercanti-un-novembre-darte-tra-tradizione-e-territorio-nel-cuore-di-salerno\/","url":"https:\/\/www.istitutogalanteoliva.it\/magazine\/2024\/11\/01\/ritorno-ai-mercanti-un-novembre-darte-tra-tradizione-e-territorio-nel-cuore-di-salerno\/","name":"\"Ritorno ai Mercanti\": un novembre d'arte tra tradizione e territorio nel cuore di Salerno - Polis SA Magazine","isPartOf":{"@id":"https:\/\/www.istitutogalanteoliva.it\/magazine\/#website"},"primaryImageOfPage":{"@id":"https:\/\/www.istitutogalanteoliva.it\/magazine\/2024\/11\/01\/ritorno-ai-mercanti-un-novembre-darte-tra-tradizione-e-territorio-nel-cuore-di-salerno\/#primaryimage"},"image":{"@id":"https:\/\/www.istitutogalanteoliva.it\/magazine\/2024\/11\/01\/ritorno-ai-mercanti-un-novembre-darte-tra-tradizione-e-territorio-nel-cuore-di-salerno\/#primaryimage"},"thumbnailUrl":"https:\/\/www.istitutogalanteoliva.it\/magazine\/wp-content\/uploads\/2024\/10\/1000_F_315012165_oecI8pJkMWlhQeuGT94kY6z8NS6e4fNi.jpg","datePublished":"2024-11-01T07:00:00+00:00","dateModified":"2024-10-31T15:11:06+00:00","description":"La seconda edizione della manifestazione trasforma il centro storico in un luogo di incontro tra cultura, artigianato e comunit\u00e0...","breadcrumb":{"@id":"https:\/\/www.istitutogalanteoliva.it\/magazine\/2024\/11\/01\/ritorno-ai-mercanti-un-novembre-darte-tra-tradizione-e-territorio-nel-cuore-di-salerno\/#breadcrumb"},"inLanguage":"it-IT","potentialAction":[{"@type":"ReadAction","target":["https:\/\/www.istitutogalanteoliva.it\/magazine\/2024\/11\/01\/ritorno-ai-mercanti-un-novembre-darte-tra-tradizione-e-territorio-nel-cuore-di-salerno\/"]}]},{"@type":"ImageObject","inLanguage":"it-IT","@id":"https:\/\/www.istitutogalanteoliva.it\/magazine\/2024\/11\/01\/ritorno-ai-mercanti-un-novembre-darte-tra-tradizione-e-territorio-nel-cuore-di-salerno\/#primaryimage","url":"https:\/\/www.istitutogalanteoliva.it\/magazine\/wp-content\/uploads\/2024\/10\/1000_F_315012165_oecI8pJkMWlhQeuGT94kY6z8NS6e4fNi.jpg","contentUrl":"https:\/\/www.istitutogalanteoliva.it\/magazine\/wp-content\/uploads\/2024\/10\/1000_F_315012165_oecI8pJkMWlhQeuGT94kY6z8NS6e4fNi.jpg","width":1400,"height":760},{"@type":"BreadcrumbList","@id":"https:\/\/www.istitutogalanteoliva.it\/magazine\/2024\/11\/01\/ritorno-ai-mercanti-un-novembre-darte-tra-tradizione-e-territorio-nel-cuore-di-salerno\/#breadcrumb","itemListElement":[{"@type":"ListItem","position":1,"name":"Home","item":"https:\/\/www.istitutogalanteoliva.it\/magazine\/"},{"@type":"ListItem","position":2,"name":"&#8220;Ritorno ai Mercanti&#8221;: un novembre d&#8217;arte tra tradizione e territorio nel cuore di Salerno"}]},{"@type":"WebSite","@id":"https:\/\/www.istitutogalanteoliva.it\/magazine\/#website","url":"https:\/\/www.istitutogalanteoliva.it\/magazine\/","name":"POLIS SA MAGAZINE","description":"Informazione e approfondimenti","publisher":{"@id":"https:\/\/www.istitutogalanteoliva.it\/magazine\/#organization"},"potentialAction":[{"@type":"SearchAction","target":{"@type":"EntryPoint","urlTemplate":"https:\/\/www.istitutogalanteoliva.it\/magazine\/?s={search_term_string}"},"query-input":{"@type":"PropertyValueSpecification","valueRequired":true,"valueName":"search_term_string"}}],"inLanguage":"it-IT"},{"@type":"Organization","@id":"https:\/\/www.istitutogalanteoliva.it\/magazine\/#organization","name":"Polis SA Magazine","url":"https:\/\/www.istitutogalanteoliva.it\/magazine\/","logo":{"@type":"ImageObject","inLanguage":"it-IT","@id":"https:\/\/www.istitutogalanteoliva.it\/magazine\/#\/schema\/logo\/image\/","url":"","contentUrl":"","caption":"Polis SA Magazine"},"image":{"@id":"https:\/\/www.istitutogalanteoliva.it\/magazine\/#\/schema\/logo\/image\/"},"sameAs":["https:\/\/www.facebook.com\/PolisSAMagazine\/","https:\/\/x.com\/MagazinePolis","https:\/\/www.youtube.com\/channel\/UCv0Mr5AHKUmsc0sEEXkJrgw"]},{"@type":"Person","@id":"https:\/\/www.istitutogalanteoliva.it\/magazine\/#\/schema\/person\/d8b8aa79cfe8babc1df9da3212a7c0c4","name":"Antonello Rivano","image":{"@type":"ImageObject","inLanguage":"it-IT","@id":"https:\/\/www.istitutogalanteoliva.it\/magazine\/#\/schema\/person\/image\/","url":"https:\/\/secure.gravatar.com\/avatar\/517a9a6487a7a18ecc4ce6d2e57a8f40?s=96&d=mm&r=g","contentUrl":"https:\/\/secure.gravatar.com\/avatar\/517a9a6487a7a18ecc4ce6d2e57a8f40?s=96&d=mm&r=g","caption":"Antonello Rivano"},"url":"https:\/\/www.istitutogalanteoliva.it\/magazine\/author\/antonello\/"}]}},"_links":{"self":[{"href":"https:\/\/www.istitutogalanteoliva.it\/magazine\/wp-json\/wp\/v2\/posts\/16283","targetHints":{"allow":["GET"]}}],"collection":[{"href":"https:\/\/www.istitutogalanteoliva.it\/magazine\/wp-json\/wp\/v2\/posts"}],"about":[{"href":"https:\/\/www.istitutogalanteoliva.it\/magazine\/wp-json\/wp\/v2\/types\/post"}],"author":[{"embeddable":true,"href":"https:\/\/www.istitutogalanteoliva.it\/magazine\/wp-json\/wp\/v2\/users\/2"}],"replies":[{"embeddable":true,"href":"https:\/\/www.istitutogalanteoliva.it\/magazine\/wp-json\/wp\/v2\/comments?post=16283"}],"version-history":[{"count":2,"href":"https:\/\/www.istitutogalanteoliva.it\/magazine\/wp-json\/wp\/v2\/posts\/16283\/revisions"}],"predecessor-version":[{"id":16288,"href":"https:\/\/www.istitutogalanteoliva.it\/magazine\/wp-json\/wp\/v2\/posts\/16283\/revisions\/16288"}],"wp:featuredmedia":[{"embeddable":true,"href":"https:\/\/www.istitutogalanteoliva.it\/magazine\/wp-json\/wp\/v2\/media\/16286"}],"wp:attachment":[{"href":"https:\/\/www.istitutogalanteoliva.it\/magazine\/wp-json\/wp\/v2\/media?parent=16283"}],"wp:term":[{"taxonomy":"category","embeddable":true,"href":"https:\/\/www.istitutogalanteoliva.it\/magazine\/wp-json\/wp\/v2\/categories?post=16283"},{"taxonomy":"post_tag","embeddable":true,"href":"https:\/\/www.istitutogalanteoliva.it\/magazine\/wp-json\/wp\/v2\/tags?post=16283"}],"curies":[{"name":"wp","href":"https:\/\/api.w.org\/{rel}","templated":true}]}}