{"id":16291,"date":"2024-11-03T08:00:00","date_gmt":"2024-11-03T07:00:00","guid":{"rendered":"https:\/\/www.istitutogalanteoliva.it\/magazine\/?p=16291"},"modified":"2024-11-03T13:59:40","modified_gmt":"2024-11-03T12:59:40","slug":"monte-daccoddi-un-santuario-della-preistoria-in-sardegna","status":"publish","type":"post","link":"https:\/\/www.istitutogalanteoliva.it\/magazine\/2024\/11\/03\/monte-daccoddi-un-santuario-della-preistoria-in-sardegna\/","title":{"rendered":"Monte d\u2019Accoddi: un santuario della preistoria in Sardegna"},"content":{"rendered":"\n<h5 class=\"wp-block-heading has-text-align-center\">Polis SA Magazine in collaborazione con NURNET-La rete dei nuraghi<\/h5>\n\n\n\n<h3 class=\"wp-block-heading has-text-align-center\"><br>-Storia e luoghi della Sardegna Antica-<\/h3>\n\n\n\n<hr class=\"wp-block-separator has-alpha-channel-opacity\"\/>\n\n\n\n<h4 class=\"wp-block-heading has-text-align-center\"><strong>Nurnet: Divulgare l&#8217;unicit\u00e0 della storia prenuragica e nuragica della Sardegna<\/strong><\/h4>\n\n\n\n<p>Polis SA Magazine \u00e8 lieto di annunciare l\u2019inizio di una serie di articoli in collaborazione con <a href=\"https:\/\/www.nurnet.net\/\"><strong>Nurnet \u2013 La rete dei Nuraghi<\/strong><\/a>, una APS attiva dal 2013. Nurnet ha come missione principale quella di divulgare la storia prenuragica e nuragica della Sardegna, mettendo in luce l\u2019unicit\u00e0 di queste civilt\u00e0 nel contesto mondiale.<\/p>\n\n\n\n<figure class=\"wp-block-image size-full\"><a href=\"https:\/\/www.nurnet.net\/\"><img loading=\"lazy\" decoding=\"async\" width=\"1000\" height=\"88\" src=\"https:\/\/www.istitutogalanteoliva.it\/magazine\/wp-content\/uploads\/2024\/11\/Senza-titolo.jpg\" alt=\"\" class=\"wp-image-16294\" srcset=\"https:\/\/www.istitutogalanteoliva.it\/magazine\/wp-content\/uploads\/2024\/11\/Senza-titolo.jpg 1000w, https:\/\/www.istitutogalanteoliva.it\/magazine\/wp-content\/uploads\/2024\/11\/Senza-titolo-300x26.jpg 300w, https:\/\/www.istitutogalanteoliva.it\/magazine\/wp-content\/uploads\/2024\/11\/Senza-titolo-768x68.jpg 768w\" sizes=\"auto, (max-width: 1000px) 100vw, 1000px\" \/><\/a><\/figure>\n\n\n\n<p>Attraverso una serie di iniziative e attivit\u00e0, l&#8217;associazione si impegna a promuovere il patrimonio culturale sardo, favorendo la conoscenza e l\u2019apprezzamento delle testimonianze archeologiche e delle tradizioni storiche dell\u2019isola. Gli articoli che seguiranno in questa serie esploreranno le origini e le peculiarit\u00e0 delle culture pre-nuragica e nuragica, nonch\u00e9 le attivit\u00e0 di Nurnet per sensibilizzare il pubblico sulla ricchezza storica della Sardegna.<\/p>\n\n\n\n<hr class=\"wp-block-separator has-alpha-channel-opacity\"\/>\n\n\n\n<h2 class=\"wp-block-heading has-text-align-center\">Complesso archeologico di Monte d\u2019Accoddi \u2013 Sassari<\/h2>\n\n\n\n<p>di Giorgio Vald\u00e8s<\/p>\n\n\n\n<p><strong>L\u2019altare preistorico di Monte d\u2019Accoddi [<a href=\"https:\/\/www.google.com\/maps\/@40.7928908,8.4486424,2986m\/data=!3m1!1e3?authuser=0&amp;entry=ttu&amp;g_ep=EgoyMDI0MTAyOS4wIKXMDSoASAFQAw%3D%3D\" target=\"_blank\" rel=\"noreferrer noopener\">Vedi posizione su Google Maps<\/a>] <\/strong>\u00e8 come noto un \u201cunicum\u201d del&nbsp; panorama archeologico sardo, situato a 11 km da Sassari in prossimit\u00e0 della S.S. 131 per Porto Torres.<\/p>\n\n\n\n<p>Nel 1952 un giovane Ercole Contu diede inizio a una campagna di scavi che durarono sino al 1958 e vennero quindi ripresi dal 1979 al 1989 da Santo Tin\u00e8. Sulla datazione e significato del monumento si sono succedute nel tempo diverse ed interessanti teorie su cui sarebbe troppo dispersivo soffermarsi. Ci \u00e8 parso particolarmente interessante e conciso un articolo pubblicato dall\u2019archeologa Emanuela Katia Pilloni sul suo blog nell\u2019Aprile del 2015. Tale articolo, preceduto da una citazione di Esodo, \u00e8 di seguito riportato nella sua interezza:<\/p>\n\n\n\n<p>\u201cFarai per me un altare di terra e, sopra, offrirai i tuoi olocausti e i tuoi sacrifici di comunione, le tue pecore e i tuoi buoi; in ogni luogo dove io vorr\u00f2 ricordare il mio nome, verr\u00f2 a te e ti benedir\u00f2.\u201d Esodo XX, 24.<\/p>\n\n\n\n<p>In Sardegna ogni rilievo collinare assurge facilmente alla dignit\u00e0 di monte e non si fa differenza tra i risultati dell\u2019antropizzazione e quelli dell\u2019orogenesi. A Barumini l\u2019imponente reggia nuragica appariva come un dolce rilievo collinare prima che gli scavi di Lilliu la rivelassero nella sua maestosa artificiosit\u00e0. Cos\u00ec fu anche per Monte d\u2019Accoddi: la pseudo-collinetta, situata a 11 km da Sassari e a circa 5,5 km dallo stagno e dalla spiaggia di Platamona, nascose per millenni, sotto le mentite spoglie di rilievo naturale, un tesoro inestimabile per antichit\u00e0 e unicit\u00e0.<\/p>\n\n\n\n<figure class=\"wp-block-image\"><img decoding=\"async\" src=\"https:\/\/www.nurnet.net\/wp-content\/uploads\/2020\/03\/Sassari-altare-di-Monte-dAccoddi-2-1024x682.jpg\" alt=\"\" class=\"wp-image-110007014\"\/><\/figure>\n\n\n\n<p>Il nome. Alle varianti pi\u00f9 o meno recenti del nome \u2013 Monti d\u2019Aggodi, Monti d\u2019Agoddi Monte d\u2019Acode o Monte La Corra, corrispondono differenti interpretazioni etimologiche avvicendatesi nel tempo: un\u2019erba, il k\u00f2doro; il luogo di raccolta, accoddi; o il corno, corra. Si deve per\u00f2 al Prof. Virgilio Tetti la pi\u00f9 probabile ricostruzione dell\u2019origine del nome, che nelle pi\u00f9 antiche testimonianze catastali \u00e8 indicato come Monte de Code, ossia Collina delle Pietre (da coda = pietra) e nel condaghe medievale di San Michele di Salvennor la resa spagnola del toponimo suona per l\u2019appunto Monton de la Piedra .<\/p>\n\n\n\n<p>La struttura e gli scavi Il miraggio del nuraghe segretato alla vista da pietre e terra port\u00f2 i primi indagatori a ricercare \u2013 tanto affannosamente quanto inutilmente \u2013 la presenza di un vano interno al Monton de la Piedra. Ma quello che emerse dagli scavi non deluse le aspettative: un terrapieno troncopiramidale, circoscritto da una intercapedine in muratura a sostegno di una terrazza con funzione di altare rituale, e una lunga rampa d\u2019accesso a sud. Dalle campagne successive affior\u00f2 un altare pi\u00f9 antico in scala ridotta sul quale insisteva quello recenziore: era il sacello originario, cui fu dato il nome di tempio rosso per via del color ocra utilizzato per l\u2019intonaco e il pavimento. Il santuario era inoltre dotato di tavole per le offerte situate in prossimit\u00e0 della rampa d\u2019accesso, una delle quali \u2013 di forma trapezoidale, sorretta da tre appoggi con sette fori e inghiottitoio naturale \u2013 sembra richiamare azioni rituali in onore della Dea Madre o di altre divinit\u00e0 ctonie. A completare il corredo architettonico una pietra calcarea squadrata \u2013 un menhir di 4,44 metri d\u2019altezza \u2013 ed un masso sferoidale lavorato, variamente interpretato come altare per il sacrificio di agnelli \u2013 a guisa di omphalos delfico \u2013 o come simbolo solare.<\/p>\n\n\n\n<figure class=\"wp-block-image is-resized\" id=\"attachment_110007016\"><img decoding=\"async\" src=\"https:\/\/www.nurnet.net\/wp-content\/uploads\/2020\/03\/Ricostruzione-Monte-dAkkodi.jpg\" alt=\"\" class=\"wp-image-110007016\" style=\"width:479px;height:auto\"\/><figcaption class=\"wp-element-caption\"><strong><em><sup>Ricostruzione Monte d\u2019Akkodi \u2013 da http:\/\/albero-huluppu.blogspot.com\/<\/sup><\/em><\/strong><\/figcaption><\/figure>\n\n\n\n<p>Cronologia. L\u2019esame del materiale archeologico, suffragato dalle analisi del carbonio radioattivo, ha permesso di datare la struttura pi\u00f9 antica di Monte d\u2019Accoddi, il cosiddetto tempio rosso, alla cultura di Ozieri, nel Neolitico Recente, tra il 3.200 e il 2.700 circa a. C: milleseicento anni prima dei pi\u00f9 antichi nuraghi! La frequentazione del sito continu\u00f2 ancora a lungo \u2013 come testimoniano i rinvenimenti di materiali attribuibili alle culture Monte Claro, Vaso Campaniforme e Bonnanaro \u2013 fino all\u2019et\u00e0 protostorica e storica. Un anello di bronzo recante il simbolo di Cristo nell\u2019Apocalisse (l\u2019alfa e l\u2019omega) sembrerebbe indicare il probabile perdurare della funzione sacrale della localit\u00e0 anche in epoca medievale, in un quadro di sincretismo religioso pi\u00f9 volte rintracciato nei contesti isolani.<\/p>\n\n\n\n<p>Ziggurat e Mastaba. Se i dati architettonici formali riportano ad alcuni celebri modelli funerari egiziani \u2013 quello della mastaba tronco-conica ancor pi\u00f9 della piramide \u2013 la funzione religiosa e la presenza della rampa cerimoniale d\u2019accesso sembra avvicinare Monte d\u2019Accoddi maggiormente ai templi funerari di Montuohtep e Hascepsut a Deir-el-Bahari, in cui l\u2019ascensione metaforica alla divinit\u00e0 si esplica proprio nella cala senza gradini.<\/p>\n\n\n\n<h6 class=\"wp-block-heading\"><img loading=\"lazy\" decoding=\"async\" src=\"https:\/\/www.nurnet.net\/wp-content\/uploads\/2020\/03\/slide_19.jpg\" alt=\"\" width=\"960\" height=\"720\" srcset=\"https:\/\/www.nurnet.net\/wp-content\/uploads\/2020\/03\/slide_19.jpg 960w, https:\/\/www.nurnet.net\/wp-content\/uploads\/2020\/03\/slide_19-150x113.jpg 150w, https:\/\/www.nurnet.net\/wp-content\/uploads\/2020\/03\/slide_19-300x225.jpg 300w, https:\/\/www.nurnet.net\/wp-content\/uploads\/2020\/03\/slide_19-24x18.jpg 24w, https:\/\/www.nurnet.net\/wp-content\/uploads\/2020\/03\/slide_19-36x27.jpg 36w, https:\/\/www.nurnet.net\/wp-content\/uploads\/2020\/03\/slide_19-48x36.jpg 48w, https:\/\/www.nurnet.net\/wp-content\/uploads\/2020\/03\/slide_19-600x450.jpg 600w\"><\/h6>\n\n\n\n<h6 class=\"wp-block-heading\"><sup>Alla sommit\u00e0 della Ziggurat vi era il tempietto dove. risiedeva il dio, l\u2019accesso era sol. per i sacerdoti. Le scale potevano essere una o pi\u00f9 di una. Le scale laterali erano per i laici e le centrali per i sacerdoti. I gradoni o piani. Consentivano all\u2019uomo di avvicinarsi al cielo, sede della divinit\u00e0. https:\/\/www.tes.com\/<\/sup><\/h6>\n\n\n\n<p>I raffronti pi\u00f9 stringenti, tuttavia, provengono dalla Mesopotamia. \u00c8 infatti ai templi-torre del dio solare Belo (Baal o Marduk), le ziqqurat, che oggi si guarda con maggior interesse.<\/p>\n\n\n\n<p>Ma se la biblica Torre di Babele, ovvero la ziqqurat di Babilonia, come pure quelle di Assur e Korsabad, sono di tipo complesso e databili al terzo millennio, pi\u00f9 vicina appare, per semplicit\u00e0 d\u2019impianto e cronologia, la ziqqurat di Anu, a Uruk, dove secondo lo storico greco Erodoto, fra riti propiziatori della fertilit\u00e0 celebrati in occasione dell\u2019inizio dell\u2019anno agrario c\u2019era anche la ierogamia divina del cielo con la terra, in cui la ziqqurat fungeva da talamo nuziale.<\/p>\n\n\n<div class=\"wp-block-image\">\n<figure class=\"aligncenter is-resized\" id=\"attachment_110007019\"><img decoding=\"async\" src=\"https:\/\/www.nurnet.net\/wp-content\/uploads\/2020\/03\/InannaTemple_Ruins-URUK.gif\" alt=\"\" class=\"wp-image-110007019\" style=\"width:515px;height:auto\"\/><figcaption class=\"wp-element-caption\"><strong><em><sup>InannaTemple_Ruins \u2013 URUK \u2013 da Wikipedia<\/sup><\/em><\/strong><\/figcaption><\/figure><\/div>\n\n\n<p>L\u2019altare di Javeh. Non appare peregrino neppure il richiamo alle Sacre Scritture. Nell\u2019Esodo, infatti, la modalit\u00e0 di costruzione dell\u2019edificio sacro che Dio stesso indica a Mos\u00e8 presenta forti analogie con il tempio di Monte d\u2019Accoddi, tanto per l\u2019utilizzazione di pietre grezze e terra (\u201c..non lo costruirai con pietra tagliata, perch\u00e9 alzando la tua lama su di essa, tu la renderesti profana\u201d) quanto per la presenza di una rampa senza gradini (Non salirai sul mio altare per mezzo di gradini, perch\u00e9 l\u00e0 non si scopra la tua nudit\u00e0\u201d).<br>Il guardare al vicino oriente per trovare modelli non deve trarre in inganno. Almeno per il primo scopritore del tempio, Ercole Contu, che cos\u00ec sintetizza l\u2019annosa questione:<\/p>\n\n\n\n<p>\u201c..con uguali propositi, mezzi e necessit\u00e0, in tempi e luoghi diversi, gli uomini possono aver creato cose somiglianti e allo stesso tempo straordinarie e meravigliose senza che esse avessero nessun vero rapporto fra loro. Perci\u00f2 non \u00e8 errato parlare di \u201cmiracolo\u201d per il monumento di Monte d\u2019Accoddi!\u201d<\/p>\n\n\n\n<p>Un miracolo che porta al cielo parlando al mondo di Sardegna.<\/p>\n\n\n\n<p class=\"has-text-align-right\"><strong><em> Giorgio Vald\u00e8s<\/em><\/strong><\/p>\n\n\n\n<figure class=\"wp-block-image size-full is-resized\"><img loading=\"lazy\" decoding=\"async\" width=\"367\" height=\"147\" src=\"https:\/\/www.istitutogalanteoliva.it\/magazine\/wp-content\/uploads\/2024\/11\/image.png\" alt=\"\" class=\"wp-image-16297\" style=\"width:174px;height:auto\" srcset=\"https:\/\/www.istitutogalanteoliva.it\/magazine\/wp-content\/uploads\/2024\/11\/image.png 367w, https:\/\/www.istitutogalanteoliva.it\/magazine\/wp-content\/uploads\/2024\/11\/image-300x120.png 300w\" sizes=\"auto, (max-width: 367px) 100vw, 367px\" \/><figcaption class=\"wp-element-caption\"><strong>Polis SA Magazine in collaborazione con NURNET-La rete dei nuraghi<\/strong><\/figcaption><\/figure>\n<div class=\"pdfprnt-buttons pdfprnt-buttons-post pdfprnt-bottom-left\"><a href=\"https:\/\/www.istitutogalanteoliva.it\/magazine\/wp-json\/wp\/v2\/posts\/16291?print=print\" class=\"pdfprnt-button pdfprnt-button-print\" target=\"_blank\"><img decoding=\"async\" src=\"https:\/\/www.istitutogalanteoliva.it\/magazine\/wp-content\/plugins\/pdf-print\/images\/print.png\" alt=\"image_print\" title=\"Stampa contenuto\" \/><span class=\"pdfprnt-button-title pdfprnt-button-print-title\">Download in PDF<\/span><\/a><\/div>","protected":false},"excerpt":{"rendered":"<p>Il primo di una serie di articoli alla scoperta delle civilt\u00e0 sarde e delle Iniziative  per valorizzare il patrimonio Culturale dell&#8217;Isola, in collaborazione con l&#8217;APS &#8220;Nurnet-La rete dei Nuraghi&#8221;<\/p>\n","protected":false},"author":2,"featured_media":16317,"comment_status":"closed","ping_status":"open","sticky":true,"template":"","format":"standard","meta":{"footnotes":""},"categories":[872,1193,209],"tags":[1191,1192],"class_list":["post-16291","post","type-post","status-publish","format-standard","has-post-thumbnail","hentry","category-872","category-polis-e-nurnet-storie-e-luoghi-della-sardegna-antica","category-sardegna","tag-nurnet-la-rete-dei-nuraghii","tag-sassari"],"yoast_head":"<!-- This site is optimized with the Yoast SEO plugin v24.2 - https:\/\/yoast.com\/wordpress\/plugins\/seo\/ -->\n<title>Monte d\u2019Accoddi: un santuario della preistoria in Sardegna - Polis SA Magazine<\/title>\n<meta name=\"robots\" content=\"index, follow, max-snippet:-1, max-image-preview:large, max-video-preview:-1\" \/>\n<link rel=\"canonical\" href=\"https:\/\/www.istitutogalanteoliva.it\/magazine\/2024\/11\/03\/monte-daccoddi-un-santuario-della-preistoria-in-sardegna\/\" \/>\n<meta property=\"og:locale\" content=\"it_IT\" \/>\n<meta property=\"og:type\" content=\"article\" \/>\n<meta property=\"og:title\" content=\"Monte d\u2019Accoddi: un santuario della preistoria in Sardegna - Polis SA Magazine\" \/>\n<meta property=\"og:description\" content=\"Il primo di una serie di articoli alla scoperta delle civilt\u00e0 sarde e delle Iniziative per valorizzare il patrimonio Culturale dell&#039;Isola, in collaborazione con l&#039;APS &quot;Nurnet-La rete dei Nuraghi&quot;\" \/>\n<meta property=\"og:url\" content=\"https:\/\/www.istitutogalanteoliva.it\/magazine\/2024\/11\/03\/monte-daccoddi-un-santuario-della-preistoria-in-sardegna\/\" \/>\n<meta property=\"og:site_name\" content=\"Polis SA Magazine\" \/>\n<meta property=\"article:publisher\" content=\"https:\/\/www.facebook.com\/PolisSAMagazine\/\" \/>\n<meta property=\"article:published_time\" content=\"2024-11-03T07:00:00+00:00\" \/>\n<meta property=\"article:modified_time\" content=\"2024-11-03T12:59:40+00:00\" \/>\n<meta property=\"og:image\" content=\"https:\/\/www.istitutogalanteoliva.it\/magazine\/wp-content\/uploads\/2024\/11\/daccodi-1.jpg\" \/>\n\t<meta property=\"og:image:width\" content=\"1400\" \/>\n\t<meta property=\"og:image:height\" content=\"760\" \/>\n\t<meta property=\"og:image:type\" content=\"image\/jpeg\" \/>\n<meta name=\"author\" content=\"Antonello Rivano\" \/>\n<meta name=\"twitter:card\" content=\"summary_large_image\" \/>\n<meta name=\"twitter:creator\" content=\"@MagazinePolis\" \/>\n<meta name=\"twitter:site\" content=\"@MagazinePolis\" \/>\n<meta name=\"twitter:label1\" content=\"Scritto da\" \/>\n\t<meta name=\"twitter:data1\" content=\"Antonello Rivano\" \/>\n\t<meta name=\"twitter:label2\" content=\"Tempo di lettura stimato\" \/>\n\t<meta name=\"twitter:data2\" content=\"8 minuti\" \/>\n<script type=\"application\/ld+json\" class=\"yoast-schema-graph\">{\"@context\":\"https:\/\/schema.org\",\"@graph\":[{\"@type\":\"Article\",\"@id\":\"https:\/\/www.istitutogalanteoliva.it\/magazine\/2024\/11\/03\/monte-daccoddi-un-santuario-della-preistoria-in-sardegna\/#article\",\"isPartOf\":{\"@id\":\"https:\/\/www.istitutogalanteoliva.it\/magazine\/2024\/11\/03\/monte-daccoddi-un-santuario-della-preistoria-in-sardegna\/\"},\"author\":{\"name\":\"Antonello Rivano\",\"@id\":\"https:\/\/www.istitutogalanteoliva.it\/magazine\/#\/schema\/person\/d8b8aa79cfe8babc1df9da3212a7c0c4\"},\"headline\":\"Monte d\u2019Accoddi: un santuario della preistoria in Sardegna\",\"datePublished\":\"2024-11-03T07:00:00+00:00\",\"dateModified\":\"2024-11-03T12:59:40+00:00\",\"mainEntityOfPage\":{\"@id\":\"https:\/\/www.istitutogalanteoliva.it\/magazine\/2024\/11\/03\/monte-daccoddi-un-santuario-della-preistoria-in-sardegna\/\"},\"wordCount\":1252,\"publisher\":{\"@id\":\"https:\/\/www.istitutogalanteoliva.it\/magazine\/#organization\"},\"image\":{\"@id\":\"https:\/\/www.istitutogalanteoliva.it\/magazine\/2024\/11\/03\/monte-daccoddi-un-santuario-della-preistoria-in-sardegna\/#primaryimage\"},\"thumbnailUrl\":\"https:\/\/www.istitutogalanteoliva.it\/magazine\/wp-content\/uploads\/2024\/11\/daccodi-1.jpg\",\"keywords\":[\"NURNET-La rete dei nuraghii\",\"Sassari\"],\"articleSection\":[\"2024\",\"Polis e Nurnet: Storie e luoghi della Sardegna Antica\",\"Sardegna\"],\"inLanguage\":\"it-IT\"},{\"@type\":\"WebPage\",\"@id\":\"https:\/\/www.istitutogalanteoliva.it\/magazine\/2024\/11\/03\/monte-daccoddi-un-santuario-della-preistoria-in-sardegna\/\",\"url\":\"https:\/\/www.istitutogalanteoliva.it\/magazine\/2024\/11\/03\/monte-daccoddi-un-santuario-della-preistoria-in-sardegna\/\",\"name\":\"Monte d\u2019Accoddi: un santuario della preistoria in Sardegna - Polis SA Magazine\",\"isPartOf\":{\"@id\":\"https:\/\/www.istitutogalanteoliva.it\/magazine\/#website\"},\"primaryImageOfPage\":{\"@id\":\"https:\/\/www.istitutogalanteoliva.it\/magazine\/2024\/11\/03\/monte-daccoddi-un-santuario-della-preistoria-in-sardegna\/#primaryimage\"},\"image\":{\"@id\":\"https:\/\/www.istitutogalanteoliva.it\/magazine\/2024\/11\/03\/monte-daccoddi-un-santuario-della-preistoria-in-sardegna\/#primaryimage\"},\"thumbnailUrl\":\"https:\/\/www.istitutogalanteoliva.it\/magazine\/wp-content\/uploads\/2024\/11\/daccodi-1.jpg\",\"datePublished\":\"2024-11-03T07:00:00+00:00\",\"dateModified\":\"2024-11-03T12:59:40+00:00\",\"breadcrumb\":{\"@id\":\"https:\/\/www.istitutogalanteoliva.it\/magazine\/2024\/11\/03\/monte-daccoddi-un-santuario-della-preistoria-in-sardegna\/#breadcrumb\"},\"inLanguage\":\"it-IT\",\"potentialAction\":[{\"@type\":\"ReadAction\",\"target\":[\"https:\/\/www.istitutogalanteoliva.it\/magazine\/2024\/11\/03\/monte-daccoddi-un-santuario-della-preistoria-in-sardegna\/\"]}]},{\"@type\":\"ImageObject\",\"inLanguage\":\"it-IT\",\"@id\":\"https:\/\/www.istitutogalanteoliva.it\/magazine\/2024\/11\/03\/monte-daccoddi-un-santuario-della-preistoria-in-sardegna\/#primaryimage\",\"url\":\"https:\/\/www.istitutogalanteoliva.it\/magazine\/wp-content\/uploads\/2024\/11\/daccodi-1.jpg\",\"contentUrl\":\"https:\/\/www.istitutogalanteoliva.it\/magazine\/wp-content\/uploads\/2024\/11\/daccodi-1.jpg\",\"width\":1400,\"height\":760},{\"@type\":\"BreadcrumbList\",\"@id\":\"https:\/\/www.istitutogalanteoliva.it\/magazine\/2024\/11\/03\/monte-daccoddi-un-santuario-della-preistoria-in-sardegna\/#breadcrumb\",\"itemListElement\":[{\"@type\":\"ListItem\",\"position\":1,\"name\":\"Home\",\"item\":\"https:\/\/www.istitutogalanteoliva.it\/magazine\/\"},{\"@type\":\"ListItem\",\"position\":2,\"name\":\"Monte d\u2019Accoddi: un santuario della preistoria in Sardegna\"}]},{\"@type\":\"WebSite\",\"@id\":\"https:\/\/www.istitutogalanteoliva.it\/magazine\/#website\",\"url\":\"https:\/\/www.istitutogalanteoliva.it\/magazine\/\",\"name\":\"POLIS SA MAGAZINE\",\"description\":\"Informazione e approfondimenti\",\"publisher\":{\"@id\":\"https:\/\/www.istitutogalanteoliva.it\/magazine\/#organization\"},\"potentialAction\":[{\"@type\":\"SearchAction\",\"target\":{\"@type\":\"EntryPoint\",\"urlTemplate\":\"https:\/\/www.istitutogalanteoliva.it\/magazine\/?s={search_term_string}\"},\"query-input\":{\"@type\":\"PropertyValueSpecification\",\"valueRequired\":true,\"valueName\":\"search_term_string\"}}],\"inLanguage\":\"it-IT\"},{\"@type\":\"Organization\",\"@id\":\"https:\/\/www.istitutogalanteoliva.it\/magazine\/#organization\",\"name\":\"Polis SA Magazine\",\"url\":\"https:\/\/www.istitutogalanteoliva.it\/magazine\/\",\"logo\":{\"@type\":\"ImageObject\",\"inLanguage\":\"it-IT\",\"@id\":\"https:\/\/www.istitutogalanteoliva.it\/magazine\/#\/schema\/logo\/image\/\",\"url\":\"\",\"contentUrl\":\"\",\"caption\":\"Polis SA Magazine\"},\"image\":{\"@id\":\"https:\/\/www.istitutogalanteoliva.it\/magazine\/#\/schema\/logo\/image\/\"},\"sameAs\":[\"https:\/\/www.facebook.com\/PolisSAMagazine\/\",\"https:\/\/x.com\/MagazinePolis\",\"https:\/\/www.youtube.com\/channel\/UCv0Mr5AHKUmsc0sEEXkJrgw\"]},{\"@type\":\"Person\",\"@id\":\"https:\/\/www.istitutogalanteoliva.it\/magazine\/#\/schema\/person\/d8b8aa79cfe8babc1df9da3212a7c0c4\",\"name\":\"Antonello Rivano\",\"image\":{\"@type\":\"ImageObject\",\"inLanguage\":\"it-IT\",\"@id\":\"https:\/\/www.istitutogalanteoliva.it\/magazine\/#\/schema\/person\/image\/\",\"url\":\"https:\/\/secure.gravatar.com\/avatar\/517a9a6487a7a18ecc4ce6d2e57a8f40?s=96&d=mm&r=g\",\"contentUrl\":\"https:\/\/secure.gravatar.com\/avatar\/517a9a6487a7a18ecc4ce6d2e57a8f40?s=96&d=mm&r=g\",\"caption\":\"Antonello Rivano\"},\"url\":\"https:\/\/www.istitutogalanteoliva.it\/magazine\/author\/antonello\/\"}]}<\/script>\n<!-- \/ Yoast SEO plugin. -->","yoast_head_json":{"title":"Monte d\u2019Accoddi: un santuario della preistoria in Sardegna - Polis SA Magazine","robots":{"index":"index","follow":"follow","max-snippet":"max-snippet:-1","max-image-preview":"max-image-preview:large","max-video-preview":"max-video-preview:-1"},"canonical":"https:\/\/www.istitutogalanteoliva.it\/magazine\/2024\/11\/03\/monte-daccoddi-un-santuario-della-preistoria-in-sardegna\/","og_locale":"it_IT","og_type":"article","og_title":"Monte d\u2019Accoddi: un santuario della preistoria in Sardegna - Polis SA Magazine","og_description":"Il primo di una serie di articoli alla scoperta delle civilt\u00e0 sarde e delle Iniziative per valorizzare il patrimonio Culturale dell'Isola, in collaborazione con l'APS \"Nurnet-La rete dei Nuraghi\"","og_url":"https:\/\/www.istitutogalanteoliva.it\/magazine\/2024\/11\/03\/monte-daccoddi-un-santuario-della-preistoria-in-sardegna\/","og_site_name":"Polis SA Magazine","article_publisher":"https:\/\/www.facebook.com\/PolisSAMagazine\/","article_published_time":"2024-11-03T07:00:00+00:00","article_modified_time":"2024-11-03T12:59:40+00:00","og_image":[{"width":1400,"height":760,"url":"https:\/\/www.istitutogalanteoliva.it\/magazine\/wp-content\/uploads\/2024\/11\/daccodi-1.jpg","type":"image\/jpeg"}],"author":"Antonello Rivano","twitter_card":"summary_large_image","twitter_creator":"@MagazinePolis","twitter_site":"@MagazinePolis","twitter_misc":{"Scritto da":"Antonello Rivano","Tempo di lettura stimato":"8 minuti"},"schema":{"@context":"https:\/\/schema.org","@graph":[{"@type":"Article","@id":"https:\/\/www.istitutogalanteoliva.it\/magazine\/2024\/11\/03\/monte-daccoddi-un-santuario-della-preistoria-in-sardegna\/#article","isPartOf":{"@id":"https:\/\/www.istitutogalanteoliva.it\/magazine\/2024\/11\/03\/monte-daccoddi-un-santuario-della-preistoria-in-sardegna\/"},"author":{"name":"Antonello Rivano","@id":"https:\/\/www.istitutogalanteoliva.it\/magazine\/#\/schema\/person\/d8b8aa79cfe8babc1df9da3212a7c0c4"},"headline":"Monte d\u2019Accoddi: un santuario della preistoria in Sardegna","datePublished":"2024-11-03T07:00:00+00:00","dateModified":"2024-11-03T12:59:40+00:00","mainEntityOfPage":{"@id":"https:\/\/www.istitutogalanteoliva.it\/magazine\/2024\/11\/03\/monte-daccoddi-un-santuario-della-preistoria-in-sardegna\/"},"wordCount":1252,"publisher":{"@id":"https:\/\/www.istitutogalanteoliva.it\/magazine\/#organization"},"image":{"@id":"https:\/\/www.istitutogalanteoliva.it\/magazine\/2024\/11\/03\/monte-daccoddi-un-santuario-della-preistoria-in-sardegna\/#primaryimage"},"thumbnailUrl":"https:\/\/www.istitutogalanteoliva.it\/magazine\/wp-content\/uploads\/2024\/11\/daccodi-1.jpg","keywords":["NURNET-La rete dei nuraghii","Sassari"],"articleSection":["2024","Polis e Nurnet: Storie e luoghi della Sardegna Antica","Sardegna"],"inLanguage":"it-IT"},{"@type":"WebPage","@id":"https:\/\/www.istitutogalanteoliva.it\/magazine\/2024\/11\/03\/monte-daccoddi-un-santuario-della-preistoria-in-sardegna\/","url":"https:\/\/www.istitutogalanteoliva.it\/magazine\/2024\/11\/03\/monte-daccoddi-un-santuario-della-preistoria-in-sardegna\/","name":"Monte d\u2019Accoddi: un santuario della preistoria in Sardegna - Polis SA Magazine","isPartOf":{"@id":"https:\/\/www.istitutogalanteoliva.it\/magazine\/#website"},"primaryImageOfPage":{"@id":"https:\/\/www.istitutogalanteoliva.it\/magazine\/2024\/11\/03\/monte-daccoddi-un-santuario-della-preistoria-in-sardegna\/#primaryimage"},"image":{"@id":"https:\/\/www.istitutogalanteoliva.it\/magazine\/2024\/11\/03\/monte-daccoddi-un-santuario-della-preistoria-in-sardegna\/#primaryimage"},"thumbnailUrl":"https:\/\/www.istitutogalanteoliva.it\/magazine\/wp-content\/uploads\/2024\/11\/daccodi-1.jpg","datePublished":"2024-11-03T07:00:00+00:00","dateModified":"2024-11-03T12:59:40+00:00","breadcrumb":{"@id":"https:\/\/www.istitutogalanteoliva.it\/magazine\/2024\/11\/03\/monte-daccoddi-un-santuario-della-preistoria-in-sardegna\/#breadcrumb"},"inLanguage":"it-IT","potentialAction":[{"@type":"ReadAction","target":["https:\/\/www.istitutogalanteoliva.it\/magazine\/2024\/11\/03\/monte-daccoddi-un-santuario-della-preistoria-in-sardegna\/"]}]},{"@type":"ImageObject","inLanguage":"it-IT","@id":"https:\/\/www.istitutogalanteoliva.it\/magazine\/2024\/11\/03\/monte-daccoddi-un-santuario-della-preistoria-in-sardegna\/#primaryimage","url":"https:\/\/www.istitutogalanteoliva.it\/magazine\/wp-content\/uploads\/2024\/11\/daccodi-1.jpg","contentUrl":"https:\/\/www.istitutogalanteoliva.it\/magazine\/wp-content\/uploads\/2024\/11\/daccodi-1.jpg","width":1400,"height":760},{"@type":"BreadcrumbList","@id":"https:\/\/www.istitutogalanteoliva.it\/magazine\/2024\/11\/03\/monte-daccoddi-un-santuario-della-preistoria-in-sardegna\/#breadcrumb","itemListElement":[{"@type":"ListItem","position":1,"name":"Home","item":"https:\/\/www.istitutogalanteoliva.it\/magazine\/"},{"@type":"ListItem","position":2,"name":"Monte d\u2019Accoddi: un santuario della preistoria in Sardegna"}]},{"@type":"WebSite","@id":"https:\/\/www.istitutogalanteoliva.it\/magazine\/#website","url":"https:\/\/www.istitutogalanteoliva.it\/magazine\/","name":"POLIS SA MAGAZINE","description":"Informazione e approfondimenti","publisher":{"@id":"https:\/\/www.istitutogalanteoliva.it\/magazine\/#organization"},"potentialAction":[{"@type":"SearchAction","target":{"@type":"EntryPoint","urlTemplate":"https:\/\/www.istitutogalanteoliva.it\/magazine\/?s={search_term_string}"},"query-input":{"@type":"PropertyValueSpecification","valueRequired":true,"valueName":"search_term_string"}}],"inLanguage":"it-IT"},{"@type":"Organization","@id":"https:\/\/www.istitutogalanteoliva.it\/magazine\/#organization","name":"Polis SA Magazine","url":"https:\/\/www.istitutogalanteoliva.it\/magazine\/","logo":{"@type":"ImageObject","inLanguage":"it-IT","@id":"https:\/\/www.istitutogalanteoliva.it\/magazine\/#\/schema\/logo\/image\/","url":"","contentUrl":"","caption":"Polis SA Magazine"},"image":{"@id":"https:\/\/www.istitutogalanteoliva.it\/magazine\/#\/schema\/logo\/image\/"},"sameAs":["https:\/\/www.facebook.com\/PolisSAMagazine\/","https:\/\/x.com\/MagazinePolis","https:\/\/www.youtube.com\/channel\/UCv0Mr5AHKUmsc0sEEXkJrgw"]},{"@type":"Person","@id":"https:\/\/www.istitutogalanteoliva.it\/magazine\/#\/schema\/person\/d8b8aa79cfe8babc1df9da3212a7c0c4","name":"Antonello Rivano","image":{"@type":"ImageObject","inLanguage":"it-IT","@id":"https:\/\/www.istitutogalanteoliva.it\/magazine\/#\/schema\/person\/image\/","url":"https:\/\/secure.gravatar.com\/avatar\/517a9a6487a7a18ecc4ce6d2e57a8f40?s=96&d=mm&r=g","contentUrl":"https:\/\/secure.gravatar.com\/avatar\/517a9a6487a7a18ecc4ce6d2e57a8f40?s=96&d=mm&r=g","caption":"Antonello Rivano"},"url":"https:\/\/www.istitutogalanteoliva.it\/magazine\/author\/antonello\/"}]}},"_links":{"self":[{"href":"https:\/\/www.istitutogalanteoliva.it\/magazine\/wp-json\/wp\/v2\/posts\/16291","targetHints":{"allow":["GET"]}}],"collection":[{"href":"https:\/\/www.istitutogalanteoliva.it\/magazine\/wp-json\/wp\/v2\/posts"}],"about":[{"href":"https:\/\/www.istitutogalanteoliva.it\/magazine\/wp-json\/wp\/v2\/types\/post"}],"author":[{"embeddable":true,"href":"https:\/\/www.istitutogalanteoliva.it\/magazine\/wp-json\/wp\/v2\/users\/2"}],"replies":[{"embeddable":true,"href":"https:\/\/www.istitutogalanteoliva.it\/magazine\/wp-json\/wp\/v2\/comments?post=16291"}],"version-history":[{"count":12,"href":"https:\/\/www.istitutogalanteoliva.it\/magazine\/wp-json\/wp\/v2\/posts\/16291\/revisions"}],"predecessor-version":[{"id":16319,"href":"https:\/\/www.istitutogalanteoliva.it\/magazine\/wp-json\/wp\/v2\/posts\/16291\/revisions\/16319"}],"wp:featuredmedia":[{"embeddable":true,"href":"https:\/\/www.istitutogalanteoliva.it\/magazine\/wp-json\/wp\/v2\/media\/16317"}],"wp:attachment":[{"href":"https:\/\/www.istitutogalanteoliva.it\/magazine\/wp-json\/wp\/v2\/media?parent=16291"}],"wp:term":[{"taxonomy":"category","embeddable":true,"href":"https:\/\/www.istitutogalanteoliva.it\/magazine\/wp-json\/wp\/v2\/categories?post=16291"},{"taxonomy":"post_tag","embeddable":true,"href":"https:\/\/www.istitutogalanteoliva.it\/magazine\/wp-json\/wp\/v2\/tags?post=16291"}],"curies":[{"name":"wp","href":"https:\/\/api.w.org\/{rel}","templated":true}]}}