{"id":16517,"date":"2024-11-21T08:00:00","date_gmt":"2024-11-21T07:00:00","guid":{"rendered":"https:\/\/www.istitutogalanteoliva.it\/magazine\/?p=16517"},"modified":"2024-11-20T15:43:06","modified_gmt":"2024-11-20T14:43:06","slug":"pegli-musica-e-impegno-contro-la-violenza-di-genere","status":"publish","type":"post","link":"https:\/\/www.istitutogalanteoliva.it\/magazine\/2024\/11\/21\/pegli-musica-e-impegno-contro-la-violenza-di-genere\/","title":{"rendered":"&#8220;Pegli: musica e impegno contro la violenza di genere&#8221;"},"content":{"rendered":"\n<p>La violenza di genere continua a essere un problema di drammatica attualit\u00e0, e ogni occasione per parlarne rappresenta un passo avanti nella lotta per una societ\u00e0 pi\u00f9 giusta e rispettosa. In quest\u2019ottica si inserisce l\u2019iniziativa <strong>\u201cGiornata contro la violenza sulle donne 365 giorni l\u2019anno\u201d<\/strong>, promossa dall\u2019Associazione culturale <em>Donne Insieme<\/em> in collaborazione con la Scuola Musicale Giuseppe Conte. L\u2019evento si terr\u00e0 sabato 23 novembre 2024 alle ore 16, presso l\u2019auditorium della Conte, in <a href=\"https:\/\/www.google.it\/maps\/place\/Scuola+Musicale+Giuseppe+Conte\/@44.4269272,8.8165079,16z\/data=!3m1!4b1!4m6!3m5!1s0x12d33f4e94dcebbb:0x72170be171004f95!8m2!3d44.4269235!4d8.8213788!16s%2Fg%2F1216lmly?entry=ttu&amp;g_ep=EgoyMDI0MTExMy4xIKXMDSoASAFQAw%3D%3D\" target=\"_blank\" rel=\"noreferrer noopener\">via Cialli 6D, a Genova Pegli<\/a>, con ingresso libero e gratuito.<\/p>\n\n\n\n<figure data-wp-context=\"{&quot;imageId&quot;:&quot;69f18c957c398&quot;}\" data-wp-interactive=\"core\/image\" class=\"wp-block-image size-large wp-lightbox-container\"><img loading=\"lazy\" decoding=\"async\" width=\"1024\" height=\"421\" data-wp-class--hide=\"state.isContentHidden\" data-wp-class--show=\"state.isContentVisible\" data-wp-init=\"callbacks.setButtonStyles\" data-wp-on-async--click=\"actions.showLightbox\" data-wp-on-async--load=\"callbacks.setButtonStyles\" data-wp-on-async-window--resize=\"callbacks.setButtonStyles\" src=\"https:\/\/www.istitutogalanteoliva.it\/magazine\/wp-content\/uploads\/2024\/11\/1597923570-1024x421.jpg\" alt=\"\" class=\"wp-image-16528\" srcset=\"https:\/\/www.istitutogalanteoliva.it\/magazine\/wp-content\/uploads\/2024\/11\/1597923570-1024x421.jpg 1024w, https:\/\/www.istitutogalanteoliva.it\/magazine\/wp-content\/uploads\/2024\/11\/1597923570-300x123.jpg 300w, https:\/\/www.istitutogalanteoliva.it\/magazine\/wp-content\/uploads\/2024\/11\/1597923570-768x316.jpg 768w, https:\/\/www.istitutogalanteoliva.it\/magazine\/wp-content\/uploads\/2024\/11\/1597923570-1536x631.jpg 1536w, https:\/\/www.istitutogalanteoliva.it\/magazine\/wp-content\/uploads\/2024\/11\/1597923570.jpg 1920w\" sizes=\"auto, (max-width: 1024px) 100vw, 1024px\" \/><button\n\t\t\tclass=\"lightbox-trigger\"\n\t\t\ttype=\"button\"\n\t\t\taria-haspopup=\"dialog\"\n\t\t\taria-label=\"Ingrandisci l\u2019immagine\"\n\t\t\tdata-wp-init=\"callbacks.initTriggerButton\"\n\t\t\tdata-wp-on-async--click=\"actions.showLightbox\"\n\t\t\tdata-wp-style--right=\"state.imageButtonRight\"\n\t\t\tdata-wp-style--top=\"state.imageButtonTop\"\n\t\t>\n\t\t\t<svg xmlns=\"http:\/\/www.w3.org\/2000\/svg\" width=\"12\" height=\"12\" fill=\"none\" viewBox=\"0 0 12 12\">\n\t\t\t\t<path fill=\"#fff\" d=\"M2 0a2 2 0 0 0-2 2v2h1.5V2a.5.5 0 0 1 .5-.5h2V0H2Zm2 10.5H2a.5.5 0 0 1-.5-.5V8H0v2a2 2 0 0 0 2 2h2v-1.5ZM8 12v-1.5h2a.5.5 0 0 0 .5-.5V8H12v2a2 2 0 0 1-2 2H8Zm2-12a2 2 0 0 1 2 2v2h-1.5V2a.5.5 0 0 0-.5-.5H8V0h2Z\" \/>\n\t\t\t<\/svg>\n\t\t<\/button><figcaption class=\"wp-element-caption\"><strong><em><sup>L&#8217;auditorium della Scuola Musicale Giuseppe Conte di Genova Pegli<\/sup><\/em><\/strong><\/figcaption><\/figure>\n\n\n\n<h4 class=\"wp-block-heading\"><strong>Un tema cruciale: la violenza di genere<\/strong><\/h4>\n\n\n\n<p>La violenza contro le donne non si limita ai femminicidi, di cui spesso sentiamo parlare nelle cronache, ma assume molteplici forme: psicologica, fisica, sessuale, economica e stalking. Ogni giorno, migliaia di donne subiscono abusi che spesso restano nell\u2019ombra, perpetuati da una cultura patriarcale ancora radicata.<\/p>\n\n\n\n<p>L\u2019evento vuole essere un momento di sensibilizzazione e riflessione collettiva su questo tema. Si parler\u00e0 non solo delle conseguenze devastanti della violenza di genere, ma anche delle possibilit\u00e0 concrete di prevenirla e combatterla, a partire dall\u2019educazione e dal coinvolgimento della comunit\u00e0.<\/p>\n\n\n\n<h4 class=\"wp-block-heading\"><strong>Il contributo del Centro Per Non Subire Violenza<\/strong><\/h4>\n\n\n\n<p>Protagonista dell\u2019incontro sar\u00e0 il <em>Centro Per Non Subire Violenza<\/em>, una realt\u00e0 storica  che opera dal 1980 per offrire sostegno alle donne vittime di violenza. Nato dall\u2019impegno dell\u2019Unione Donne Italiane (UDI), oggi <em>Centro Per Non Subire Violenza APS da UDI<\/em>, il Centro si distingue per i suoi servizi gratuiti e personalizzati, rivolti a donne che cercano di uscire da situazioni di disagio e sofferenza.<\/p>\n\n\n\n<p>Il personale del Centro per Non Subire Violenza \u00e8 composto da operatrici volontarie e da professioniste esperte nell\u2019ambito della relazione d\u2019aiuto, tra cui avvocate e psicologhe specializzate in violenza di genere e nelle problematiche correlate.<\/p>\n\n\n\n<p>Il Centro si impegna attivamente nella sensibilizzazione sulle tematiche della violenza di genere, nella promozione di una formazione specializzata sul tema e nella prevenzione del fenomeno, collaborando anche con scuole di ogni ordine e grado per educare le nuove generazioni al rispetto reciproco e al rifiuto della violenza.<\/p>\n\n\n\n<p>L\u2019Associazione offre:<\/p>\n\n\n\n<ul class=\"wp-block-list\">\n<li><strong>Consulenza psicologica e legale<\/strong> (in ambito civile, penale e notarile);<\/li>\n\n\n\n<li><strong>Colloqui individuali di counseling<\/strong> per un supporto personalizzato;<\/li>\n\n\n\n<li><strong>Accoglienza in case rifugio a indirizzo segreto<\/strong> per donne e minori in pericolo di vita;<\/li>\n\n\n\n<li><strong>Progetti di autonomia<\/strong> in alloggi protetti, che offreno supporto alle donne sole o con figli.<\/li>\n<\/ul>\n\n\n\n<p>Per ulteriori informazioni visitate il sito web <a href=\"https:\/\/www.pernonsubireviolenza.it\/wordpress\/\">https:\/\/www.pernonsubireviolenza.it\/wordpress\/<\/a><\/p>\n\n\n\n<p>Gli interventi del <em>Centro per Non Subire Violenza <\/em>si alterneranno con momenti musicali curati dalla Scuola Musicale Giuseppe Conte.<\/p>\n\n\n<div class=\"wp-block-image\">\n<figure class=\"aligncenter size-large is-resized\"><img loading=\"lazy\" decoding=\"async\" width=\"683\" height=\"1024\" src=\"https:\/\/www.istitutogalanteoliva.it\/magazine\/wp-content\/uploads\/2024\/11\/SalaConte-241123-ViolenzaDonne-683x1024.jpg\" alt=\"\" class=\"wp-image-16527\" style=\"width:463px;height:auto\" srcset=\"https:\/\/www.istitutogalanteoliva.it\/magazine\/wp-content\/uploads\/2024\/11\/SalaConte-241123-ViolenzaDonne-683x1024.jpg 683w, https:\/\/www.istitutogalanteoliva.it\/magazine\/wp-content\/uploads\/2024\/11\/SalaConte-241123-ViolenzaDonne-200x300.jpg 200w, https:\/\/www.istitutogalanteoliva.it\/magazine\/wp-content\/uploads\/2024\/11\/SalaConte-241123-ViolenzaDonne-768x1151.jpg 768w, https:\/\/www.istitutogalanteoliva.it\/magazine\/wp-content\/uploads\/2024\/11\/SalaConte-241123-ViolenzaDonne.jpg 854w\" sizes=\"auto, (max-width: 683px) 100vw, 683px\" \/><figcaption class=\"wp-element-caption\"><strong><em><sup>La locandina dell&#8217;evento<\/sup><\/em><\/strong><\/figcaption><\/figure><\/div>\n\n\n<h4 class=\"wp-block-heading\"><strong>Il ruolo fondamentale di <em>Donne Insieme<\/em><\/strong><\/h4>\n\n\n\n<p><em>Donne Insieme<\/em> \u00e8 un\u2019Associazione di Promozione Sociale (APS) radicata nel territorio di Pegli, che si propone di promuovere il benessere e l\u2019unione attraverso attivit\u00e0 culturali e sociali. Il nome dell\u2019Associazione racchiude il suo scopo principale: costruire legami, colmare solitudini e abbattere barriere, creando una rete di sostegno solidale tra donne.<\/p>\n\n\n\n<p>L\u2019impegno di <em>Donne Insieme<\/em> si riflette nell\u2019organizzazione di eventi come questo, volti a sensibilizzare la comunit\u00e0 su temi cruciali come la violenza di genere. L\u2019Associazione si autofinanzia attraverso le quote annuali delle socie, dimostrando come l\u2019unione e la collaborazione possano generare un impatto positivo sul territorio.<\/p>\n\n\n\n<h4 class=\"wp-block-heading\"><strong>Un impegno continuo: 365 giorni l\u2019anno<\/strong><\/h4>\n\n\n\n<p>La violenza di genere \u00e8 un problema che richiede attenzione costante, non limitata a una singola giornata. Questo evento, oltre a rappresentare un momento di riflessione, \u00e8 un invito ad agire ogni giorno, contribuendo alla costruzione di una cultura del rispetto, dell\u2019ascolto e della solidariet\u00e0.<\/p>\n\n\n\n<p>Partecipare \u00e8 un\u2019occasione per fare la propria parte e sostenere una causa che riguarda tutti: combattere la violenza di genere, insieme, 365 giorni l\u2019anno.<\/p>\n\n\n\n<h4 class=\"wp-block-heading\"><strong>Un invito a giovani e adulti<\/strong><\/h4>\n\n\n\n<p>L\u2019evento del 23 novembre \u00e8 pensato per coinvolgere persone di ogni et\u00e0, ma un\u2019attenzione particolare \u00e8 rivolta ai giovani, che rappresentano il futuro e il cambiamento culturale necessario per combattere stereotipi e discriminazioni. La partecipazione di scuole, famiglie e giovani \u00e8 essenziale per costruire una societ\u00e0 che condanni la violenza in tutte le sue forme.<br><sup>(Foto copertina di&nbsp;Rosy \/ Bad Homburg \/ Germany&nbsp;da&nbsp;Pixabay)<\/sup><\/p>\n\n\n\n<p class=\"has-text-align-right\"><strong><em>Antonello Rivano <\/em><\/strong><\/p>\n<div class=\"pdfprnt-buttons pdfprnt-buttons-post pdfprnt-bottom-left\"><a href=\"https:\/\/www.istitutogalanteoliva.it\/magazine\/wp-json\/wp\/v2\/posts\/16517?print=print\" class=\"pdfprnt-button pdfprnt-button-print\" target=\"_blank\"><img decoding=\"async\" src=\"https:\/\/www.istitutogalanteoliva.it\/magazine\/wp-content\/plugins\/pdf-print\/images\/print.png\" alt=\"image_print\" title=\"Stampa contenuto\" \/><span class=\"pdfprnt-button-title pdfprnt-button-print-title\">Download in PDF<\/span><\/a><\/div>","protected":false},"excerpt":{"rendered":"<p>Violenza di genere: sensibilizzazione, prevenzione ed educazione al centro dell\u2019incontro organizzato da Donne Insieme e la Scuola Musicale Conte, con l\u2019intervento del Centro Per Non Subire Violenza<\/p>\n","protected":false},"author":2,"featured_media":16529,"comment_status":"closed","ping_status":"open","sticky":true,"template":"","format":"standard","meta":{"footnotes":""},"categories":[872,47,207],"tags":[1221,987,1222,1055],"class_list":["post-16517","post","type-post","status-publish","format-standard","has-post-thumbnail","hentry","category-872","category-eventi","category-liguria","tag-donne-insieme","tag-genova-pegli-2","tag-gironata-contro-la-violenza-sulle-donne","tag-scuola-musicale-conte"],"yoast_head":"<!-- This site is optimized with the Yoast SEO plugin v24.2 - https:\/\/yoast.com\/wordpress\/plugins\/seo\/ -->\n<title>&quot;Pegli: musica e impegno contro la violenza di genere&quot; - Polis SA Magazine<\/title>\n<meta name=\"robots\" content=\"index, follow, max-snippet:-1, max-image-preview:large, max-video-preview:-1\" \/>\n<link rel=\"canonical\" href=\"https:\/\/www.istitutogalanteoliva.it\/magazine\/2024\/11\/21\/pegli-musica-e-impegno-contro-la-violenza-di-genere\/\" \/>\n<meta property=\"og:locale\" content=\"it_IT\" \/>\n<meta property=\"og:type\" content=\"article\" \/>\n<meta property=\"og:title\" content=\"&quot;Pegli: musica e impegno contro la violenza di genere&quot; - Polis SA Magazine\" \/>\n<meta property=\"og:description\" content=\"Violenza di genere: sensibilizzazione, prevenzione ed educazione al centro dell\u2019incontro organizzato da Donne Insieme e la Scuola Musicale Conte, con l\u2019intervento del Centro Per Non Subire Violenza\" \/>\n<meta property=\"og:url\" content=\"https:\/\/www.istitutogalanteoliva.it\/magazine\/2024\/11\/21\/pegli-musica-e-impegno-contro-la-violenza-di-genere\/\" \/>\n<meta property=\"og:site_name\" content=\"Polis SA Magazine\" \/>\n<meta property=\"article:publisher\" content=\"https:\/\/www.facebook.com\/PolisSAMagazine\/\" \/>\n<meta property=\"article:published_time\" content=\"2024-11-21T07:00:00+00:00\" \/>\n<meta property=\"article:modified_time\" content=\"2024-11-20T14:43:06+00:00\" \/>\n<meta property=\"og:image\" content=\"https:\/\/www.istitutogalanteoliva.it\/magazine\/wp-content\/uploads\/2024\/11\/donne-1.jpg\" \/>\n\t<meta property=\"og:image:width\" content=\"1400\" \/>\n\t<meta property=\"og:image:height\" content=\"780\" \/>\n\t<meta property=\"og:image:type\" content=\"image\/jpeg\" \/>\n<meta name=\"author\" content=\"Antonello Rivano\" \/>\n<meta name=\"twitter:card\" content=\"summary_large_image\" \/>\n<meta name=\"twitter:creator\" content=\"@MagazinePolis\" \/>\n<meta name=\"twitter:site\" content=\"@MagazinePolis\" \/>\n<meta name=\"twitter:label1\" content=\"Scritto da\" \/>\n\t<meta name=\"twitter:data1\" content=\"Antonello Rivano\" \/>\n\t<meta name=\"twitter:label2\" content=\"Tempo di lettura stimato\" \/>\n\t<meta name=\"twitter:data2\" content=\"5 minuti\" \/>\n<script type=\"application\/ld+json\" class=\"yoast-schema-graph\">{\"@context\":\"https:\/\/schema.org\",\"@graph\":[{\"@type\":\"Article\",\"@id\":\"https:\/\/www.istitutogalanteoliva.it\/magazine\/2024\/11\/21\/pegli-musica-e-impegno-contro-la-violenza-di-genere\/#article\",\"isPartOf\":{\"@id\":\"https:\/\/www.istitutogalanteoliva.it\/magazine\/2024\/11\/21\/pegli-musica-e-impegno-contro-la-violenza-di-genere\/\"},\"author\":{\"name\":\"Antonello Rivano\",\"@id\":\"https:\/\/www.istitutogalanteoliva.it\/magazine\/#\/schema\/person\/d8b8aa79cfe8babc1df9da3212a7c0c4\"},\"headline\":\"&#8220;Pegli: musica e impegno contro la violenza di genere&#8221;\",\"datePublished\":\"2024-11-21T07:00:00+00:00\",\"dateModified\":\"2024-11-20T14:43:06+00:00\",\"mainEntityOfPage\":{\"@id\":\"https:\/\/www.istitutogalanteoliva.it\/magazine\/2024\/11\/21\/pegli-musica-e-impegno-contro-la-violenza-di-genere\/\"},\"wordCount\":696,\"publisher\":{\"@id\":\"https:\/\/www.istitutogalanteoliva.it\/magazine\/#organization\"},\"image\":{\"@id\":\"https:\/\/www.istitutogalanteoliva.it\/magazine\/2024\/11\/21\/pegli-musica-e-impegno-contro-la-violenza-di-genere\/#primaryimage\"},\"thumbnailUrl\":\"https:\/\/www.istitutogalanteoliva.it\/magazine\/wp-content\/uploads\/2024\/11\/donne-1.jpg\",\"keywords\":[\"Donne insieme\",\"Genova Pegli.\",\"Gironata contro la violenza sulle donne\",\"Scuola Musicale Conte\"],\"articleSection\":[\"2024\",\"Eventi\",\"Liguria\"],\"inLanguage\":\"it-IT\"},{\"@type\":\"WebPage\",\"@id\":\"https:\/\/www.istitutogalanteoliva.it\/magazine\/2024\/11\/21\/pegli-musica-e-impegno-contro-la-violenza-di-genere\/\",\"url\":\"https:\/\/www.istitutogalanteoliva.it\/magazine\/2024\/11\/21\/pegli-musica-e-impegno-contro-la-violenza-di-genere\/\",\"name\":\"\\\"Pegli: musica e impegno contro la violenza di genere\\\" - Polis SA Magazine\",\"isPartOf\":{\"@id\":\"https:\/\/www.istitutogalanteoliva.it\/magazine\/#website\"},\"primaryImageOfPage\":{\"@id\":\"https:\/\/www.istitutogalanteoliva.it\/magazine\/2024\/11\/21\/pegli-musica-e-impegno-contro-la-violenza-di-genere\/#primaryimage\"},\"image\":{\"@id\":\"https:\/\/www.istitutogalanteoliva.it\/magazine\/2024\/11\/21\/pegli-musica-e-impegno-contro-la-violenza-di-genere\/#primaryimage\"},\"thumbnailUrl\":\"https:\/\/www.istitutogalanteoliva.it\/magazine\/wp-content\/uploads\/2024\/11\/donne-1.jpg\",\"datePublished\":\"2024-11-21T07:00:00+00:00\",\"dateModified\":\"2024-11-20T14:43:06+00:00\",\"breadcrumb\":{\"@id\":\"https:\/\/www.istitutogalanteoliva.it\/magazine\/2024\/11\/21\/pegli-musica-e-impegno-contro-la-violenza-di-genere\/#breadcrumb\"},\"inLanguage\":\"it-IT\",\"potentialAction\":[{\"@type\":\"ReadAction\",\"target\":[\"https:\/\/www.istitutogalanteoliva.it\/magazine\/2024\/11\/21\/pegli-musica-e-impegno-contro-la-violenza-di-genere\/\"]}]},{\"@type\":\"ImageObject\",\"inLanguage\":\"it-IT\",\"@id\":\"https:\/\/www.istitutogalanteoliva.it\/magazine\/2024\/11\/21\/pegli-musica-e-impegno-contro-la-violenza-di-genere\/#primaryimage\",\"url\":\"https:\/\/www.istitutogalanteoliva.it\/magazine\/wp-content\/uploads\/2024\/11\/donne-1.jpg\",\"contentUrl\":\"https:\/\/www.istitutogalanteoliva.it\/magazine\/wp-content\/uploads\/2024\/11\/donne-1.jpg\",\"width\":1400,\"height\":780},{\"@type\":\"BreadcrumbList\",\"@id\":\"https:\/\/www.istitutogalanteoliva.it\/magazine\/2024\/11\/21\/pegli-musica-e-impegno-contro-la-violenza-di-genere\/#breadcrumb\",\"itemListElement\":[{\"@type\":\"ListItem\",\"position\":1,\"name\":\"Home\",\"item\":\"https:\/\/www.istitutogalanteoliva.it\/magazine\/\"},{\"@type\":\"ListItem\",\"position\":2,\"name\":\"&#8220;Pegli: musica e impegno contro la violenza di genere&#8221;\"}]},{\"@type\":\"WebSite\",\"@id\":\"https:\/\/www.istitutogalanteoliva.it\/magazine\/#website\",\"url\":\"https:\/\/www.istitutogalanteoliva.it\/magazine\/\",\"name\":\"POLIS SA MAGAZINE\",\"description\":\"Informazione e approfondimenti\",\"publisher\":{\"@id\":\"https:\/\/www.istitutogalanteoliva.it\/magazine\/#organization\"},\"potentialAction\":[{\"@type\":\"SearchAction\",\"target\":{\"@type\":\"EntryPoint\",\"urlTemplate\":\"https:\/\/www.istitutogalanteoliva.it\/magazine\/?s={search_term_string}\"},\"query-input\":{\"@type\":\"PropertyValueSpecification\",\"valueRequired\":true,\"valueName\":\"search_term_string\"}}],\"inLanguage\":\"it-IT\"},{\"@type\":\"Organization\",\"@id\":\"https:\/\/www.istitutogalanteoliva.it\/magazine\/#organization\",\"name\":\"Polis SA Magazine\",\"url\":\"https:\/\/www.istitutogalanteoliva.it\/magazine\/\",\"logo\":{\"@type\":\"ImageObject\",\"inLanguage\":\"it-IT\",\"@id\":\"https:\/\/www.istitutogalanteoliva.it\/magazine\/#\/schema\/logo\/image\/\",\"url\":\"\",\"contentUrl\":\"\",\"caption\":\"Polis SA Magazine\"},\"image\":{\"@id\":\"https:\/\/www.istitutogalanteoliva.it\/magazine\/#\/schema\/logo\/image\/\"},\"sameAs\":[\"https:\/\/www.facebook.com\/PolisSAMagazine\/\",\"https:\/\/x.com\/MagazinePolis\",\"https:\/\/www.youtube.com\/channel\/UCv0Mr5AHKUmsc0sEEXkJrgw\"]},{\"@type\":\"Person\",\"@id\":\"https:\/\/www.istitutogalanteoliva.it\/magazine\/#\/schema\/person\/d8b8aa79cfe8babc1df9da3212a7c0c4\",\"name\":\"Antonello Rivano\",\"image\":{\"@type\":\"ImageObject\",\"inLanguage\":\"it-IT\",\"@id\":\"https:\/\/www.istitutogalanteoliva.it\/magazine\/#\/schema\/person\/image\/\",\"url\":\"https:\/\/secure.gravatar.com\/avatar\/517a9a6487a7a18ecc4ce6d2e57a8f40?s=96&d=mm&r=g\",\"contentUrl\":\"https:\/\/secure.gravatar.com\/avatar\/517a9a6487a7a18ecc4ce6d2e57a8f40?s=96&d=mm&r=g\",\"caption\":\"Antonello Rivano\"},\"url\":\"https:\/\/www.istitutogalanteoliva.it\/magazine\/author\/antonello\/\"}]}<\/script>\n<!-- \/ Yoast SEO plugin. -->","yoast_head_json":{"title":"\"Pegli: musica e impegno contro la violenza di genere\" - Polis SA Magazine","robots":{"index":"index","follow":"follow","max-snippet":"max-snippet:-1","max-image-preview":"max-image-preview:large","max-video-preview":"max-video-preview:-1"},"canonical":"https:\/\/www.istitutogalanteoliva.it\/magazine\/2024\/11\/21\/pegli-musica-e-impegno-contro-la-violenza-di-genere\/","og_locale":"it_IT","og_type":"article","og_title":"\"Pegli: musica e impegno contro la violenza di genere\" - Polis SA Magazine","og_description":"Violenza di genere: sensibilizzazione, prevenzione ed educazione al centro dell\u2019incontro organizzato da Donne Insieme e la Scuola Musicale Conte, con l\u2019intervento del Centro Per Non Subire Violenza","og_url":"https:\/\/www.istitutogalanteoliva.it\/magazine\/2024\/11\/21\/pegli-musica-e-impegno-contro-la-violenza-di-genere\/","og_site_name":"Polis SA Magazine","article_publisher":"https:\/\/www.facebook.com\/PolisSAMagazine\/","article_published_time":"2024-11-21T07:00:00+00:00","article_modified_time":"2024-11-20T14:43:06+00:00","og_image":[{"width":1400,"height":780,"url":"https:\/\/www.istitutogalanteoliva.it\/magazine\/wp-content\/uploads\/2024\/11\/donne-1.jpg","type":"image\/jpeg"}],"author":"Antonello Rivano","twitter_card":"summary_large_image","twitter_creator":"@MagazinePolis","twitter_site":"@MagazinePolis","twitter_misc":{"Scritto da":"Antonello Rivano","Tempo di lettura stimato":"5 minuti"},"schema":{"@context":"https:\/\/schema.org","@graph":[{"@type":"Article","@id":"https:\/\/www.istitutogalanteoliva.it\/magazine\/2024\/11\/21\/pegli-musica-e-impegno-contro-la-violenza-di-genere\/#article","isPartOf":{"@id":"https:\/\/www.istitutogalanteoliva.it\/magazine\/2024\/11\/21\/pegli-musica-e-impegno-contro-la-violenza-di-genere\/"},"author":{"name":"Antonello Rivano","@id":"https:\/\/www.istitutogalanteoliva.it\/magazine\/#\/schema\/person\/d8b8aa79cfe8babc1df9da3212a7c0c4"},"headline":"&#8220;Pegli: musica e impegno contro la violenza di genere&#8221;","datePublished":"2024-11-21T07:00:00+00:00","dateModified":"2024-11-20T14:43:06+00:00","mainEntityOfPage":{"@id":"https:\/\/www.istitutogalanteoliva.it\/magazine\/2024\/11\/21\/pegli-musica-e-impegno-contro-la-violenza-di-genere\/"},"wordCount":696,"publisher":{"@id":"https:\/\/www.istitutogalanteoliva.it\/magazine\/#organization"},"image":{"@id":"https:\/\/www.istitutogalanteoliva.it\/magazine\/2024\/11\/21\/pegli-musica-e-impegno-contro-la-violenza-di-genere\/#primaryimage"},"thumbnailUrl":"https:\/\/www.istitutogalanteoliva.it\/magazine\/wp-content\/uploads\/2024\/11\/donne-1.jpg","keywords":["Donne insieme","Genova Pegli.","Gironata contro la violenza sulle donne","Scuola Musicale Conte"],"articleSection":["2024","Eventi","Liguria"],"inLanguage":"it-IT"},{"@type":"WebPage","@id":"https:\/\/www.istitutogalanteoliva.it\/magazine\/2024\/11\/21\/pegli-musica-e-impegno-contro-la-violenza-di-genere\/","url":"https:\/\/www.istitutogalanteoliva.it\/magazine\/2024\/11\/21\/pegli-musica-e-impegno-contro-la-violenza-di-genere\/","name":"\"Pegli: musica e impegno contro la violenza di genere\" - Polis SA Magazine","isPartOf":{"@id":"https:\/\/www.istitutogalanteoliva.it\/magazine\/#website"},"primaryImageOfPage":{"@id":"https:\/\/www.istitutogalanteoliva.it\/magazine\/2024\/11\/21\/pegli-musica-e-impegno-contro-la-violenza-di-genere\/#primaryimage"},"image":{"@id":"https:\/\/www.istitutogalanteoliva.it\/magazine\/2024\/11\/21\/pegli-musica-e-impegno-contro-la-violenza-di-genere\/#primaryimage"},"thumbnailUrl":"https:\/\/www.istitutogalanteoliva.it\/magazine\/wp-content\/uploads\/2024\/11\/donne-1.jpg","datePublished":"2024-11-21T07:00:00+00:00","dateModified":"2024-11-20T14:43:06+00:00","breadcrumb":{"@id":"https:\/\/www.istitutogalanteoliva.it\/magazine\/2024\/11\/21\/pegli-musica-e-impegno-contro-la-violenza-di-genere\/#breadcrumb"},"inLanguage":"it-IT","potentialAction":[{"@type":"ReadAction","target":["https:\/\/www.istitutogalanteoliva.it\/magazine\/2024\/11\/21\/pegli-musica-e-impegno-contro-la-violenza-di-genere\/"]}]},{"@type":"ImageObject","inLanguage":"it-IT","@id":"https:\/\/www.istitutogalanteoliva.it\/magazine\/2024\/11\/21\/pegli-musica-e-impegno-contro-la-violenza-di-genere\/#primaryimage","url":"https:\/\/www.istitutogalanteoliva.it\/magazine\/wp-content\/uploads\/2024\/11\/donne-1.jpg","contentUrl":"https:\/\/www.istitutogalanteoliva.it\/magazine\/wp-content\/uploads\/2024\/11\/donne-1.jpg","width":1400,"height":780},{"@type":"BreadcrumbList","@id":"https:\/\/www.istitutogalanteoliva.it\/magazine\/2024\/11\/21\/pegli-musica-e-impegno-contro-la-violenza-di-genere\/#breadcrumb","itemListElement":[{"@type":"ListItem","position":1,"name":"Home","item":"https:\/\/www.istitutogalanteoliva.it\/magazine\/"},{"@type":"ListItem","position":2,"name":"&#8220;Pegli: musica e impegno contro la violenza di genere&#8221;"}]},{"@type":"WebSite","@id":"https:\/\/www.istitutogalanteoliva.it\/magazine\/#website","url":"https:\/\/www.istitutogalanteoliva.it\/magazine\/","name":"POLIS SA MAGAZINE","description":"Informazione e approfondimenti","publisher":{"@id":"https:\/\/www.istitutogalanteoliva.it\/magazine\/#organization"},"potentialAction":[{"@type":"SearchAction","target":{"@type":"EntryPoint","urlTemplate":"https:\/\/www.istitutogalanteoliva.it\/magazine\/?s={search_term_string}"},"query-input":{"@type":"PropertyValueSpecification","valueRequired":true,"valueName":"search_term_string"}}],"inLanguage":"it-IT"},{"@type":"Organization","@id":"https:\/\/www.istitutogalanteoliva.it\/magazine\/#organization","name":"Polis SA Magazine","url":"https:\/\/www.istitutogalanteoliva.it\/magazine\/","logo":{"@type":"ImageObject","inLanguage":"it-IT","@id":"https:\/\/www.istitutogalanteoliva.it\/magazine\/#\/schema\/logo\/image\/","url":"","contentUrl":"","caption":"Polis SA Magazine"},"image":{"@id":"https:\/\/www.istitutogalanteoliva.it\/magazine\/#\/schema\/logo\/image\/"},"sameAs":["https:\/\/www.facebook.com\/PolisSAMagazine\/","https:\/\/x.com\/MagazinePolis","https:\/\/www.youtube.com\/channel\/UCv0Mr5AHKUmsc0sEEXkJrgw"]},{"@type":"Person","@id":"https:\/\/www.istitutogalanteoliva.it\/magazine\/#\/schema\/person\/d8b8aa79cfe8babc1df9da3212a7c0c4","name":"Antonello Rivano","image":{"@type":"ImageObject","inLanguage":"it-IT","@id":"https:\/\/www.istitutogalanteoliva.it\/magazine\/#\/schema\/person\/image\/","url":"https:\/\/secure.gravatar.com\/avatar\/517a9a6487a7a18ecc4ce6d2e57a8f40?s=96&d=mm&r=g","contentUrl":"https:\/\/secure.gravatar.com\/avatar\/517a9a6487a7a18ecc4ce6d2e57a8f40?s=96&d=mm&r=g","caption":"Antonello Rivano"},"url":"https:\/\/www.istitutogalanteoliva.it\/magazine\/author\/antonello\/"}]}},"_links":{"self":[{"href":"https:\/\/www.istitutogalanteoliva.it\/magazine\/wp-json\/wp\/v2\/posts\/16517","targetHints":{"allow":["GET"]}}],"collection":[{"href":"https:\/\/www.istitutogalanteoliva.it\/magazine\/wp-json\/wp\/v2\/posts"}],"about":[{"href":"https:\/\/www.istitutogalanteoliva.it\/magazine\/wp-json\/wp\/v2\/types\/post"}],"author":[{"embeddable":true,"href":"https:\/\/www.istitutogalanteoliva.it\/magazine\/wp-json\/wp\/v2\/users\/2"}],"replies":[{"embeddable":true,"href":"https:\/\/www.istitutogalanteoliva.it\/magazine\/wp-json\/wp\/v2\/comments?post=16517"}],"version-history":[{"count":7,"href":"https:\/\/www.istitutogalanteoliva.it\/magazine\/wp-json\/wp\/v2\/posts\/16517\/revisions"}],"predecessor-version":[{"id":16534,"href":"https:\/\/www.istitutogalanteoliva.it\/magazine\/wp-json\/wp\/v2\/posts\/16517\/revisions\/16534"}],"wp:featuredmedia":[{"embeddable":true,"href":"https:\/\/www.istitutogalanteoliva.it\/magazine\/wp-json\/wp\/v2\/media\/16529"}],"wp:attachment":[{"href":"https:\/\/www.istitutogalanteoliva.it\/magazine\/wp-json\/wp\/v2\/media?parent=16517"}],"wp:term":[{"taxonomy":"category","embeddable":true,"href":"https:\/\/www.istitutogalanteoliva.it\/magazine\/wp-json\/wp\/v2\/categories?post=16517"},{"taxonomy":"post_tag","embeddable":true,"href":"https:\/\/www.istitutogalanteoliva.it\/magazine\/wp-json\/wp\/v2\/tags?post=16517"}],"curies":[{"name":"wp","href":"https:\/\/api.w.org\/{rel}","templated":true}]}}