{"id":16690,"date":"2024-12-14T08:00:00","date_gmt":"2024-12-14T07:00:00","guid":{"rendered":"https:\/\/www.istitutogalanteoliva.it\/magazine\/?p=16690"},"modified":"2024-12-14T13:41:01","modified_gmt":"2024-12-14T12:41:01","slug":"le-competenze-cognitive-in-italia-un-paese-in-ritardo","status":"publish","type":"post","link":"https:\/\/www.istitutogalanteoliva.it\/magazine\/2024\/12\/14\/le-competenze-cognitive-in-italia-un-paese-in-ritardo\/","title":{"rendered":"Le competenze cognitive in Italia. Un Paese in ritardo"},"content":{"rendered":"\n<h3 class=\"wp-block-heading\"><\/h3>\n\n\n\n<p>Le competenze cognitive degli adulti italiani sono un tema di crescente preoccupazione, specialmente alla luce dei risultati emersi dall&#8217;Indagine PIAAC (Programma per la valutazione internazionale delle competenze degli adulti) condotta dall&#8217;OCSE. Il rapporto, che raccoglie dati su 31 Paesi membri, evidenzia un quadro allarmante per l&#8217;Italia, con punteggi inferiori alla media OCSE in tutte e tre le principali aree di competenza: literacy (capacit\u00e0 di lettura e comprensione dei testi), numeracy (competenze matematiche e numeriche) e problem solving adattivo (capacit\u00e0 di risolvere problemi complessi). Ma come si colloca l&#8217;Italia rispetto agli altri Paesi e quali sono le differenze all&#8217;interno del Paese stesso, in termini di et\u00e0, sesso e geografia?<\/p>\n\n\n\n<h3 class=\"wp-block-heading\">L&#8217;OCSE e il programma PIAAC<\/h3>\n\n\n\n<p>L&#8217;OCSE (Organizzazione per la Cooperazione e lo Sviluppo Economico) \u00e8 un&#8217;organizzazione internazionale che raccoglie le principali economie del mondo, con l&#8217;obiettivo di promuovere politiche che migliorano il benessere sociale ed economico globale. Il Programma PIAAC misura le competenze cognitive degli adulti, ovvero la loro capacit\u00e0 di affrontare situazioni quotidiane che richiedono la lettura, la comprensione di testi, l&#8217;uso di informazioni numeriche e la risoluzione di problemi. L&#8217;indagine 2023 ha coinvolto 31 Paesi, tra cui le nazioni europee pi\u00f9 avanzate, gli Stati Uniti, il Giappone e altri Paesi industrializzati.<\/p>\n\n\n\n<h3 class=\"wp-block-heading\">I dati dell&#8217;Italia: in fondo alla classifica<\/h3>\n\n\n\n<p>I risultati dell&#8217;Italia, pur rimanendo stabili rispetto alle edizioni precedenti, restano al di sotto della media OCSE in tutte e tre le aree testate. Nella <strong>literacy<\/strong>, l&#8217;Italia ha ottenuto una media di 245 punti, contro i 260 della media OCSE, posizionandosi in fondo alla classifica, dietro a Paesi come Israele, Lituania e Polonia. Nella <strong>numeracy<\/strong>, l&#8217;Italia ha raggiunto 244 punti, mentre la media OCSE \u00e8 di 263 punti, collocandosi al quartultimo posto, immediatamente prima di Polonia, Portogallo e Cile. Nel <strong>problem solving adattivo<\/strong>, l&#8217;Italia ha ottenuto un punteggio di 231 punti, rispetto ai 251 della media OCSE, mettendola insieme a Paesi come Lituania, Polonia e Cile.<\/p>\n\n\n\n<p>In un contesto globale, l&#8217;Italia occupa una posizione molto bassa, piazzandosi tra gli ultimi in Europa e nel mondo. In Europa, l&#8217;Italia si trova tra i Paesi con punteggi pi\u00f9 bassi, seguita da economie emergenti come la Lituania e il Portogallo, e ben lontano dai Paesi nordici, come Finlandia, Svezia e Danimarca, che registrano punteggi superiori a 270 in tutte le aree. A livello mondiale, l&#8217;Italia \u00e8 posizionata molto al di sotto di altre nazioni industrializzate e sviluppate, e si trova nelle stesse fasce di Paesi come il Cile, che nonostante i progressi in alcune aree, ancora non raggiungono i livelli di competenza richiesti dalle sfide economiche e sociali globali.<\/p>\n\n\n\n<p>Questi risultati pongono l&#8217;Italia in una posizione critica a livello internazionale, ma mostrano anche un&#8217;importante stabilit\u00e0 nelle performance, sebbene a livelli relativamente bassi. La mancanza di progressi significativi pu\u00f2 essere vista come un&#8217;indicazione di problematiche strutturali che vanno affrontate con urgenza.<\/p>\n\n\n\n<h3 class=\"wp-block-heading\">Il divario generazionale in Italia<\/h3>\n\n\n\n<p>Una delle differenze pi\u00f9 significative evidenziate dal report PIAAC riguarda il divario generazionale. I giovanissimi italiani (16-24 anni) si distinguono positivamente, raggiungendo punteggi pi\u00f9 elevati rispetto agli adulti di et\u00e0 pi\u00f9 avanzata. I giovani italiani, soprattutto nel dominio della <em>numeracy<\/em>, ottengono risultati superiori non solo alla media nazionale, ma anche rispetto ad altre fasce di et\u00e0, inclusi i giovani adulti tra i 25 e i 34 anni. Tuttavia, il contrasto con gli adulti pi\u00f9 anziani, in particolare nella fascia di et\u00e0 55-65 anni, \u00e8 significativo. I punteggi di competenza degli adulti pi\u00f9 anziani sono nettamente inferiori, con un declino marcato delle competenze a partire da questa fascia d&#8217;et\u00e0. Questo fenomeno suggerisce che il sistema educativo e le opportunit\u00e0 di aggiornamento non sono sufficientemente accessibili o efficaci per le generazioni pi\u00f9 anziane, che affrontano maggiori difficolt\u00e0 nell&#8217;acquisire nuove competenze nel corso della vita.<\/p>\n\n\n\n<h3 class=\"wp-block-heading\">Differenze di genere: Le donne restano Indietro in numeracy<\/h3>\n\n\n\n<p>Un altro aspetto rilevante che emerge dall&#8217;indagine riguarda le differenze di genere. Sebbene non vi siano significative differenze tra uomini e donne in <em>literacy<\/em> e <em>problem solving adattivo<\/em>, nel dominio della <em>numeracy<\/em> le donne ottengono punteggi nettamente inferiori rispetto agli uomini. Questo divario \u00e8 particolarmente pronunciato tra gli adulti con un&#8217;istruzione terziaria, dove gli uomini continuano a primeggiare nelle competenze numeriche, con una differenza che si riduce solo per le donne che hanno intrapreso percorsi formativi STEM (scienze, tecnologia, ingegneria e matematica). Questo dato solleva importanti riflessioni sulle scelte educative e sugli stereotipi di genere che influenzano le donne, ostacolando il loro accesso a percorsi educativi in ambiti scientifici e tecnologici.<\/p>\n\n\n\n<h3 class=\"wp-block-heading\">Le Disparit\u00e0 Geografiche: Nord vs Sud<\/h3>\n\n\n\n<p>Le differenze geografiche in Italia sono anch&#8217;esse rilevanti. Le regioni del Nord, in particolare il Nord-Ovest e il Nord-Est, presentano punteggi medi di competenza che sono in linea con la media OCSE, mentre le regioni del Sud sono significativamente pi\u00f9 indietro. Questo divario tra Nord e Sud \u00e8 un riflesso delle disuguaglianze storiche e strutturali, che riguardano l&#8217;accesso all&#8217;istruzione, alle risorse economiche e alle opportunit\u00e0 di formazione. La disparit\u00e0 geografica \u00e8 un ostacolo che non solo penalizza la coesione sociale, ma limita anche lo sviluppo economico e la crescita complessiva del Paese.<\/p>\n\n\n\n<h3 class=\"wp-block-heading\">La Soluzione: Investire in Istruzione e Inclusione<\/h3>\n\n\n\n<p>Per migliorare la situazione delle competenze cognitive in Italia, \u00e8 necessario un impegno strutturale a pi\u00f9 livelli. La formazione continua \u00e8 fondamentale per ridurre il divario tra le generazioni, con particolare attenzione agli adulti pi\u00f9 anziani, per i quali l&#8217;accesso a percorsi formativi e aggiornamenti professionali potrebbe essere incentivato. Le politiche educative devono anche affrontare le disparit\u00e0 di genere, promuovendo l&#8217;inclusione delle donne in percorsi STEM, abbattendo gli stereotipi culturali che le limitano.<\/p>\n\n\n\n<p>Un altro passo cruciale \u00e8 affrontare le disuguaglianze regionali. \u00c8 essenziale investire in infrastrutture educative e creare opportunit\u00e0 per gli adulti del Sud, che spesso sono esclusi dai percorsi formativi di alta qualit\u00e0. La sfida non riguarda solo l&#8217;istruzione primaria e secondaria, ma anche la promozione di una cultura dell&#8217;apprendimento continuo, che coinvolga tutte le fasce della popolazione.<\/p>\n\n\n\n<p>Inoltre, l&#8217;informazione e la consapevolezza riguardo all&#8217;importanza delle competenze cognitive devono essere diffuse in modo capillare. La crescita delle competenze cognitive in Italia dipende non solo da politiche mirate, ma anche dalla creazione di un ambiente culturale che valorizzi e supporti l&#8217;apprendimento permanente.<\/p>\n\n\n\n<h3 class=\"wp-block-heading\"><\/h3>\n\n\n\n<p>L&#8217;Italia si trova di fronte a una sfida significativa in termini di competenze cognitive, ma non \u00e8 troppo tardi per invertire la tendenza. Investire nell&#8217;istruzione, nella formazione continua e nella riduzione delle disuguaglianze di genere e geografiche potrebbe essere la chiave per un futuro pi\u00f9 prospero e competitivo. Con il giusto impegno e una visione a lungo termine, l&#8217;Italia pu\u00f2 colmare il divario con altri Paesi e migliorare la qualit\u00e0 della vita dei suoi cittadini.<\/p>\n\n\n\n<p class=\"has-text-align-right\"><strong><em>Redazione<\/em><\/strong><\/p>\n\n\n\n<p class=\"has-white-color has-black-background-color has-text-color has-background has-link-color wp-elements-4bdcf965efd8a6f3b1a6be4610b47fee\">@Tutti i diritti riservati ai sensi della Legge 633\/1941 sul diritto d&#8217;autore e delle normative internazionali sul copyright. \u00c8 vietata la riproduzione, anche parziale, senza il permesso scritto della redazione<\/p>\n<div class=\"pdfprnt-buttons pdfprnt-buttons-post pdfprnt-bottom-left\"><a href=\"https:\/\/www.istitutogalanteoliva.it\/magazine\/wp-json\/wp\/v2\/posts\/16690?print=print\" class=\"pdfprnt-button pdfprnt-button-print\" target=\"_blank\"><img decoding=\"async\" src=\"https:\/\/www.istitutogalanteoliva.it\/magazine\/wp-content\/plugins\/pdf-print\/images\/print.png\" alt=\"image_print\" title=\"Stampa contenuto\" \/><span class=\"pdfprnt-button-title pdfprnt-button-print-title\">Download in PDF<\/span><\/a><\/div>","protected":false},"excerpt":{"rendered":"<p>Analfabetismo Funzionale e diseguaglianze: Un&#8217;analisi dei Dati OCSE<\/p>\n","protected":false},"author":2,"featured_media":16693,"comment_status":"closed","ping_status":"open","sticky":true,"template":"","format":"standard","meta":{"footnotes":""},"categories":[872,22],"tags":[1170,1234],"class_list":["post-16690","post","type-post","status-publish","format-standard","has-post-thumbnail","hentry","category-872","category-societa","tag-analfabetismo-funzionale","tag-differenze"],"yoast_head":"<!-- This site is optimized with the Yoast SEO plugin v24.2 - https:\/\/yoast.com\/wordpress\/plugins\/seo\/ -->\n<title>Le competenze cognitive in Italia. Un Paese in ritardo - Polis SA Magazine<\/title>\n<meta name=\"robots\" content=\"index, follow, max-snippet:-1, max-image-preview:large, max-video-preview:-1\" \/>\n<link rel=\"canonical\" href=\"https:\/\/www.istitutogalanteoliva.it\/magazine\/2024\/12\/14\/le-competenze-cognitive-in-italia-un-paese-in-ritardo\/\" \/>\n<meta property=\"og:locale\" content=\"it_IT\" \/>\n<meta property=\"og:type\" content=\"article\" \/>\n<meta property=\"og:title\" content=\"Le competenze cognitive in Italia. Un Paese in ritardo - Polis SA Magazine\" \/>\n<meta property=\"og:description\" content=\"Analfabetismo Funzionale e diseguaglianze: Un&#039;analisi dei Dati OCSE\" \/>\n<meta property=\"og:url\" content=\"https:\/\/www.istitutogalanteoliva.it\/magazine\/2024\/12\/14\/le-competenze-cognitive-in-italia-un-paese-in-ritardo\/\" \/>\n<meta property=\"og:site_name\" content=\"Polis SA Magazine\" \/>\n<meta property=\"article:publisher\" content=\"https:\/\/www.facebook.com\/PolisSAMagazine\/\" \/>\n<meta property=\"article:published_time\" content=\"2024-12-14T07:00:00+00:00\" \/>\n<meta property=\"article:modified_time\" content=\"2024-12-14T12:41:01+00:00\" \/>\n<meta property=\"og:image\" content=\"https:\/\/www.istitutogalanteoliva.it\/magazine\/wp-content\/uploads\/2024\/12\/ok.jpg\" \/>\n\t<meta property=\"og:image:width\" content=\"1400\" \/>\n\t<meta property=\"og:image:height\" content=\"760\" \/>\n\t<meta property=\"og:image:type\" content=\"image\/jpeg\" \/>\n<meta name=\"author\" content=\"Antonello Rivano\" \/>\n<meta name=\"twitter:card\" content=\"summary_large_image\" \/>\n<meta name=\"twitter:creator\" content=\"@MagazinePolis\" \/>\n<meta name=\"twitter:site\" content=\"@MagazinePolis\" \/>\n<meta name=\"twitter:label1\" content=\"Scritto da\" \/>\n\t<meta name=\"twitter:data1\" content=\"Antonello Rivano\" \/>\n\t<meta name=\"twitter:label2\" content=\"Tempo di lettura stimato\" \/>\n\t<meta name=\"twitter:data2\" content=\"12 minuti\" \/>\n<script type=\"application\/ld+json\" class=\"yoast-schema-graph\">{\"@context\":\"https:\/\/schema.org\",\"@graph\":[{\"@type\":\"Article\",\"@id\":\"https:\/\/www.istitutogalanteoliva.it\/magazine\/2024\/12\/14\/le-competenze-cognitive-in-italia-un-paese-in-ritardo\/#article\",\"isPartOf\":{\"@id\":\"https:\/\/www.istitutogalanteoliva.it\/magazine\/2024\/12\/14\/le-competenze-cognitive-in-italia-un-paese-in-ritardo\/\"},\"author\":{\"name\":\"Antonello Rivano\",\"@id\":\"https:\/\/www.istitutogalanteoliva.it\/magazine\/#\/schema\/person\/d8b8aa79cfe8babc1df9da3212a7c0c4\"},\"headline\":\"Le competenze cognitive in Italia. Un Paese in ritardo\",\"datePublished\":\"2024-12-14T07:00:00+00:00\",\"dateModified\":\"2024-12-14T12:41:01+00:00\",\"mainEntityOfPage\":{\"@id\":\"https:\/\/www.istitutogalanteoliva.it\/magazine\/2024\/12\/14\/le-competenze-cognitive-in-italia-un-paese-in-ritardo\/\"},\"wordCount\":1072,\"publisher\":{\"@id\":\"https:\/\/www.istitutogalanteoliva.it\/magazine\/#organization\"},\"image\":{\"@id\":\"https:\/\/www.istitutogalanteoliva.it\/magazine\/2024\/12\/14\/le-competenze-cognitive-in-italia-un-paese-in-ritardo\/#primaryimage\"},\"thumbnailUrl\":\"https:\/\/www.istitutogalanteoliva.it\/magazine\/wp-content\/uploads\/2024\/12\/ok.jpg\",\"keywords\":[\"Analfabetismo funzionale\",\"Differenze\"],\"articleSection\":[\"2024\",\"Societ\u00e0\"],\"inLanguage\":\"it-IT\"},{\"@type\":\"WebPage\",\"@id\":\"https:\/\/www.istitutogalanteoliva.it\/magazine\/2024\/12\/14\/le-competenze-cognitive-in-italia-un-paese-in-ritardo\/\",\"url\":\"https:\/\/www.istitutogalanteoliva.it\/magazine\/2024\/12\/14\/le-competenze-cognitive-in-italia-un-paese-in-ritardo\/\",\"name\":\"Le competenze cognitive in Italia. Un Paese in ritardo - Polis SA Magazine\",\"isPartOf\":{\"@id\":\"https:\/\/www.istitutogalanteoliva.it\/magazine\/#website\"},\"primaryImageOfPage\":{\"@id\":\"https:\/\/www.istitutogalanteoliva.it\/magazine\/2024\/12\/14\/le-competenze-cognitive-in-italia-un-paese-in-ritardo\/#primaryimage\"},\"image\":{\"@id\":\"https:\/\/www.istitutogalanteoliva.it\/magazine\/2024\/12\/14\/le-competenze-cognitive-in-italia-un-paese-in-ritardo\/#primaryimage\"},\"thumbnailUrl\":\"https:\/\/www.istitutogalanteoliva.it\/magazine\/wp-content\/uploads\/2024\/12\/ok.jpg\",\"datePublished\":\"2024-12-14T07:00:00+00:00\",\"dateModified\":\"2024-12-14T12:41:01+00:00\",\"breadcrumb\":{\"@id\":\"https:\/\/www.istitutogalanteoliva.it\/magazine\/2024\/12\/14\/le-competenze-cognitive-in-italia-un-paese-in-ritardo\/#breadcrumb\"},\"inLanguage\":\"it-IT\",\"potentialAction\":[{\"@type\":\"ReadAction\",\"target\":[\"https:\/\/www.istitutogalanteoliva.it\/magazine\/2024\/12\/14\/le-competenze-cognitive-in-italia-un-paese-in-ritardo\/\"]}]},{\"@type\":\"ImageObject\",\"inLanguage\":\"it-IT\",\"@id\":\"https:\/\/www.istitutogalanteoliva.it\/magazine\/2024\/12\/14\/le-competenze-cognitive-in-italia-un-paese-in-ritardo\/#primaryimage\",\"url\":\"https:\/\/www.istitutogalanteoliva.it\/magazine\/wp-content\/uploads\/2024\/12\/ok.jpg\",\"contentUrl\":\"https:\/\/www.istitutogalanteoliva.it\/magazine\/wp-content\/uploads\/2024\/12\/ok.jpg\",\"width\":1400,\"height\":760},{\"@type\":\"BreadcrumbList\",\"@id\":\"https:\/\/www.istitutogalanteoliva.it\/magazine\/2024\/12\/14\/le-competenze-cognitive-in-italia-un-paese-in-ritardo\/#breadcrumb\",\"itemListElement\":[{\"@type\":\"ListItem\",\"position\":1,\"name\":\"Home\",\"item\":\"https:\/\/www.istitutogalanteoliva.it\/magazine\/\"},{\"@type\":\"ListItem\",\"position\":2,\"name\":\"Le competenze cognitive in Italia. Un Paese in ritardo\"}]},{\"@type\":\"WebSite\",\"@id\":\"https:\/\/www.istitutogalanteoliva.it\/magazine\/#website\",\"url\":\"https:\/\/www.istitutogalanteoliva.it\/magazine\/\",\"name\":\"POLIS SA MAGAZINE\",\"description\":\"Informazione e approfondimenti\",\"publisher\":{\"@id\":\"https:\/\/www.istitutogalanteoliva.it\/magazine\/#organization\"},\"potentialAction\":[{\"@type\":\"SearchAction\",\"target\":{\"@type\":\"EntryPoint\",\"urlTemplate\":\"https:\/\/www.istitutogalanteoliva.it\/magazine\/?s={search_term_string}\"},\"query-input\":{\"@type\":\"PropertyValueSpecification\",\"valueRequired\":true,\"valueName\":\"search_term_string\"}}],\"inLanguage\":\"it-IT\"},{\"@type\":\"Organization\",\"@id\":\"https:\/\/www.istitutogalanteoliva.it\/magazine\/#organization\",\"name\":\"Polis SA Magazine\",\"url\":\"https:\/\/www.istitutogalanteoliva.it\/magazine\/\",\"logo\":{\"@type\":\"ImageObject\",\"inLanguage\":\"it-IT\",\"@id\":\"https:\/\/www.istitutogalanteoliva.it\/magazine\/#\/schema\/logo\/image\/\",\"url\":\"\",\"contentUrl\":\"\",\"caption\":\"Polis SA Magazine\"},\"image\":{\"@id\":\"https:\/\/www.istitutogalanteoliva.it\/magazine\/#\/schema\/logo\/image\/\"},\"sameAs\":[\"https:\/\/www.facebook.com\/PolisSAMagazine\/\",\"https:\/\/x.com\/MagazinePolis\",\"https:\/\/www.youtube.com\/channel\/UCv0Mr5AHKUmsc0sEEXkJrgw\"]},{\"@type\":\"Person\",\"@id\":\"https:\/\/www.istitutogalanteoliva.it\/magazine\/#\/schema\/person\/d8b8aa79cfe8babc1df9da3212a7c0c4\",\"name\":\"Antonello Rivano\",\"image\":{\"@type\":\"ImageObject\",\"inLanguage\":\"it-IT\",\"@id\":\"https:\/\/www.istitutogalanteoliva.it\/magazine\/#\/schema\/person\/image\/\",\"url\":\"https:\/\/secure.gravatar.com\/avatar\/517a9a6487a7a18ecc4ce6d2e57a8f40?s=96&d=mm&r=g\",\"contentUrl\":\"https:\/\/secure.gravatar.com\/avatar\/517a9a6487a7a18ecc4ce6d2e57a8f40?s=96&d=mm&r=g\",\"caption\":\"Antonello Rivano\"},\"url\":\"https:\/\/www.istitutogalanteoliva.it\/magazine\/author\/antonello\/\"}]}<\/script>\n<!-- \/ Yoast SEO plugin. -->","yoast_head_json":{"title":"Le competenze cognitive in Italia. Un Paese in ritardo - Polis SA Magazine","robots":{"index":"index","follow":"follow","max-snippet":"max-snippet:-1","max-image-preview":"max-image-preview:large","max-video-preview":"max-video-preview:-1"},"canonical":"https:\/\/www.istitutogalanteoliva.it\/magazine\/2024\/12\/14\/le-competenze-cognitive-in-italia-un-paese-in-ritardo\/","og_locale":"it_IT","og_type":"article","og_title":"Le competenze cognitive in Italia. Un Paese in ritardo - Polis SA Magazine","og_description":"Analfabetismo Funzionale e diseguaglianze: Un'analisi dei Dati OCSE","og_url":"https:\/\/www.istitutogalanteoliva.it\/magazine\/2024\/12\/14\/le-competenze-cognitive-in-italia-un-paese-in-ritardo\/","og_site_name":"Polis SA Magazine","article_publisher":"https:\/\/www.facebook.com\/PolisSAMagazine\/","article_published_time":"2024-12-14T07:00:00+00:00","article_modified_time":"2024-12-14T12:41:01+00:00","og_image":[{"width":1400,"height":760,"url":"https:\/\/www.istitutogalanteoliva.it\/magazine\/wp-content\/uploads\/2024\/12\/ok.jpg","type":"image\/jpeg"}],"author":"Antonello Rivano","twitter_card":"summary_large_image","twitter_creator":"@MagazinePolis","twitter_site":"@MagazinePolis","twitter_misc":{"Scritto da":"Antonello Rivano","Tempo di lettura stimato":"12 minuti"},"schema":{"@context":"https:\/\/schema.org","@graph":[{"@type":"Article","@id":"https:\/\/www.istitutogalanteoliva.it\/magazine\/2024\/12\/14\/le-competenze-cognitive-in-italia-un-paese-in-ritardo\/#article","isPartOf":{"@id":"https:\/\/www.istitutogalanteoliva.it\/magazine\/2024\/12\/14\/le-competenze-cognitive-in-italia-un-paese-in-ritardo\/"},"author":{"name":"Antonello Rivano","@id":"https:\/\/www.istitutogalanteoliva.it\/magazine\/#\/schema\/person\/d8b8aa79cfe8babc1df9da3212a7c0c4"},"headline":"Le competenze cognitive in Italia. Un Paese in ritardo","datePublished":"2024-12-14T07:00:00+00:00","dateModified":"2024-12-14T12:41:01+00:00","mainEntityOfPage":{"@id":"https:\/\/www.istitutogalanteoliva.it\/magazine\/2024\/12\/14\/le-competenze-cognitive-in-italia-un-paese-in-ritardo\/"},"wordCount":1072,"publisher":{"@id":"https:\/\/www.istitutogalanteoliva.it\/magazine\/#organization"},"image":{"@id":"https:\/\/www.istitutogalanteoliva.it\/magazine\/2024\/12\/14\/le-competenze-cognitive-in-italia-un-paese-in-ritardo\/#primaryimage"},"thumbnailUrl":"https:\/\/www.istitutogalanteoliva.it\/magazine\/wp-content\/uploads\/2024\/12\/ok.jpg","keywords":["Analfabetismo funzionale","Differenze"],"articleSection":["2024","Societ\u00e0"],"inLanguage":"it-IT"},{"@type":"WebPage","@id":"https:\/\/www.istitutogalanteoliva.it\/magazine\/2024\/12\/14\/le-competenze-cognitive-in-italia-un-paese-in-ritardo\/","url":"https:\/\/www.istitutogalanteoliva.it\/magazine\/2024\/12\/14\/le-competenze-cognitive-in-italia-un-paese-in-ritardo\/","name":"Le competenze cognitive in Italia. Un Paese in ritardo - Polis SA Magazine","isPartOf":{"@id":"https:\/\/www.istitutogalanteoliva.it\/magazine\/#website"},"primaryImageOfPage":{"@id":"https:\/\/www.istitutogalanteoliva.it\/magazine\/2024\/12\/14\/le-competenze-cognitive-in-italia-un-paese-in-ritardo\/#primaryimage"},"image":{"@id":"https:\/\/www.istitutogalanteoliva.it\/magazine\/2024\/12\/14\/le-competenze-cognitive-in-italia-un-paese-in-ritardo\/#primaryimage"},"thumbnailUrl":"https:\/\/www.istitutogalanteoliva.it\/magazine\/wp-content\/uploads\/2024\/12\/ok.jpg","datePublished":"2024-12-14T07:00:00+00:00","dateModified":"2024-12-14T12:41:01+00:00","breadcrumb":{"@id":"https:\/\/www.istitutogalanteoliva.it\/magazine\/2024\/12\/14\/le-competenze-cognitive-in-italia-un-paese-in-ritardo\/#breadcrumb"},"inLanguage":"it-IT","potentialAction":[{"@type":"ReadAction","target":["https:\/\/www.istitutogalanteoliva.it\/magazine\/2024\/12\/14\/le-competenze-cognitive-in-italia-un-paese-in-ritardo\/"]}]},{"@type":"ImageObject","inLanguage":"it-IT","@id":"https:\/\/www.istitutogalanteoliva.it\/magazine\/2024\/12\/14\/le-competenze-cognitive-in-italia-un-paese-in-ritardo\/#primaryimage","url":"https:\/\/www.istitutogalanteoliva.it\/magazine\/wp-content\/uploads\/2024\/12\/ok.jpg","contentUrl":"https:\/\/www.istitutogalanteoliva.it\/magazine\/wp-content\/uploads\/2024\/12\/ok.jpg","width":1400,"height":760},{"@type":"BreadcrumbList","@id":"https:\/\/www.istitutogalanteoliva.it\/magazine\/2024\/12\/14\/le-competenze-cognitive-in-italia-un-paese-in-ritardo\/#breadcrumb","itemListElement":[{"@type":"ListItem","position":1,"name":"Home","item":"https:\/\/www.istitutogalanteoliva.it\/magazine\/"},{"@type":"ListItem","position":2,"name":"Le competenze cognitive in Italia. Un Paese in ritardo"}]},{"@type":"WebSite","@id":"https:\/\/www.istitutogalanteoliva.it\/magazine\/#website","url":"https:\/\/www.istitutogalanteoliva.it\/magazine\/","name":"POLIS SA MAGAZINE","description":"Informazione e approfondimenti","publisher":{"@id":"https:\/\/www.istitutogalanteoliva.it\/magazine\/#organization"},"potentialAction":[{"@type":"SearchAction","target":{"@type":"EntryPoint","urlTemplate":"https:\/\/www.istitutogalanteoliva.it\/magazine\/?s={search_term_string}"},"query-input":{"@type":"PropertyValueSpecification","valueRequired":true,"valueName":"search_term_string"}}],"inLanguage":"it-IT"},{"@type":"Organization","@id":"https:\/\/www.istitutogalanteoliva.it\/magazine\/#organization","name":"Polis SA Magazine","url":"https:\/\/www.istitutogalanteoliva.it\/magazine\/","logo":{"@type":"ImageObject","inLanguage":"it-IT","@id":"https:\/\/www.istitutogalanteoliva.it\/magazine\/#\/schema\/logo\/image\/","url":"","contentUrl":"","caption":"Polis SA Magazine"},"image":{"@id":"https:\/\/www.istitutogalanteoliva.it\/magazine\/#\/schema\/logo\/image\/"},"sameAs":["https:\/\/www.facebook.com\/PolisSAMagazine\/","https:\/\/x.com\/MagazinePolis","https:\/\/www.youtube.com\/channel\/UCv0Mr5AHKUmsc0sEEXkJrgw"]},{"@type":"Person","@id":"https:\/\/www.istitutogalanteoliva.it\/magazine\/#\/schema\/person\/d8b8aa79cfe8babc1df9da3212a7c0c4","name":"Antonello Rivano","image":{"@type":"ImageObject","inLanguage":"it-IT","@id":"https:\/\/www.istitutogalanteoliva.it\/magazine\/#\/schema\/person\/image\/","url":"https:\/\/secure.gravatar.com\/avatar\/517a9a6487a7a18ecc4ce6d2e57a8f40?s=96&d=mm&r=g","contentUrl":"https:\/\/secure.gravatar.com\/avatar\/517a9a6487a7a18ecc4ce6d2e57a8f40?s=96&d=mm&r=g","caption":"Antonello Rivano"},"url":"https:\/\/www.istitutogalanteoliva.it\/magazine\/author\/antonello\/"}]}},"_links":{"self":[{"href":"https:\/\/www.istitutogalanteoliva.it\/magazine\/wp-json\/wp\/v2\/posts\/16690","targetHints":{"allow":["GET"]}}],"collection":[{"href":"https:\/\/www.istitutogalanteoliva.it\/magazine\/wp-json\/wp\/v2\/posts"}],"about":[{"href":"https:\/\/www.istitutogalanteoliva.it\/magazine\/wp-json\/wp\/v2\/types\/post"}],"author":[{"embeddable":true,"href":"https:\/\/www.istitutogalanteoliva.it\/magazine\/wp-json\/wp\/v2\/users\/2"}],"replies":[{"embeddable":true,"href":"https:\/\/www.istitutogalanteoliva.it\/magazine\/wp-json\/wp\/v2\/comments?post=16690"}],"version-history":[{"count":3,"href":"https:\/\/www.istitutogalanteoliva.it\/magazine\/wp-json\/wp\/v2\/posts\/16690\/revisions"}],"predecessor-version":[{"id":16700,"href":"https:\/\/www.istitutogalanteoliva.it\/magazine\/wp-json\/wp\/v2\/posts\/16690\/revisions\/16700"}],"wp:featuredmedia":[{"embeddable":true,"href":"https:\/\/www.istitutogalanteoliva.it\/magazine\/wp-json\/wp\/v2\/media\/16693"}],"wp:attachment":[{"href":"https:\/\/www.istitutogalanteoliva.it\/magazine\/wp-json\/wp\/v2\/media?parent=16690"}],"wp:term":[{"taxonomy":"category","embeddable":true,"href":"https:\/\/www.istitutogalanteoliva.it\/magazine\/wp-json\/wp\/v2\/categories?post=16690"},{"taxonomy":"post_tag","embeddable":true,"href":"https:\/\/www.istitutogalanteoliva.it\/magazine\/wp-json\/wp\/v2\/tags?post=16690"}],"curies":[{"name":"wp","href":"https:\/\/api.w.org\/{rel}","templated":true}]}}