{"id":16695,"date":"2024-12-15T08:00:00","date_gmt":"2024-12-15T07:00:00","guid":{"rendered":"https:\/\/www.istitutogalanteoliva.it\/magazine\/?p=16695"},"modified":"2024-12-15T11:39:20","modified_gmt":"2024-12-15T10:39:20","slug":"galante-oliva-un-cammino-tra-politica-impegno-sociale-e-lotta-per-i-diritti","status":"publish","type":"post","link":"https:\/\/www.istitutogalanteoliva.it\/magazine\/2024\/12\/15\/galante-oliva-un-cammino-tra-politica-impegno-sociale-e-lotta-per-i-diritti\/","title":{"rendered":"Galante Oliva: un cammino tra politica, impegno sociale e lotta per i diritti"},"content":{"rendered":"\n<div class=\"wp-block-group has-white-color has-vivid-red-background-color has-text-color has-background has-link-color wp-elements-786d9f236be1f70e3985b7264ec69969\"><div class=\"wp-block-group__inner-container is-layout-constrained wp-block-group-is-layout-constrained\">\n<h2 class=\"wp-block-heading has-text-align-center\"><mark style=\"background-color:rgba(0, 0, 0, 0)\" class=\"has-inline-color has-white-color\">Riscoprire la memoria<\/mark><\/h2>\n\n\n\n<h4 class=\"wp-block-heading has-text-align-center\"><em><mark style=\"background-color:rgba(0, 0, 0, 0)\" class=\"has-inline-color has-white-color\">Storie, documenti e persone che hanno<br> contribuito ai cambiamenti sociali e alla diffusione dei diritti<\/mark><\/em><\/h4>\n\n\n\n<h5 class=\"wp-block-heading has-text-align-center\"><mark style=\"background-color:rgba(0, 0, 0, 0)\" class=\"has-inline-color has-white-color\">A cura della Redazione di Polis SA Magazine in collaborazione con Istituto Galante Oliva <\/mark><\/h5>\n<\/div><\/div>\n\n\n\n<hr class=\"wp-block-separator has-alpha-channel-opacity\"\/>\n\n\n\n<h3 class=\"wp-block-heading\" id=\"su\">Sommario<\/h3>\n\n\n\n<ul class=\"wp-block-list\">\n<li><a href=\"#galante\"><strong>Galante Oliva, la \u201cbella politica\u201d di origine popolare<\/strong><\/a><\/li>\n\n\n\n<li><strong><a href=\"#biografia\">Biografia di Galante Oliva<\/a><\/strong><\/li>\n\n\n\n<li><strong><a href=\"#igo\">Istituto Galante Oliva<\/a><\/strong><\/li>\n\n\n\n<li><strong><a href=\"#invito\">Invito a condividere la memoria storica<\/a><\/strong><\/li>\n<\/ul>\n\n\n\n<hr class=\"wp-block-separator has-alpha-channel-opacity\"\/>\n\n\n\n<h2 class=\"wp-block-heading has-text-align-center\" id=\"galante\">Galante Oliva, la \u201cbella politica\u201d di origine popolare<\/h2>\n\n\n<div class=\"wp-block-image\">\n<figure class=\"aligncenter size-full is-resized\"><img loading=\"lazy\" decoding=\"async\" width=\"140\" height=\"140\" src=\"https:\/\/www.istitutogalanteoliva.it\/magazine\/wp-content\/uploads\/2024\/12\/image-2.png\" alt=\"\" class=\"wp-image-16710\" style=\"width:188px;height:auto\"\/><\/figure><\/div>\n\n\n<p>Nel contesto storico del Meridione d\u2019Italia, diverse figure politiche e sindacali del Novecento, pur profondamente radicate nei territori da cui provenivano, con la forza delle loro idee e dei loro principi, sono riuscite ad andare oltre i confini locali, diventando modelli di quella politica popolare che, oggi pi\u00f9 che mai, appare come una risorsa perduta. Galante Oliva, nato a Nocera Inferiore, \u00e8 senza dubbio una di queste personalit\u00e0. La sua vita, fatta di lotte e impegno per il bene collettivo, racconta di un uomo che ha saputo emergere dalla difficile realt\u00e0 del dopoguerra e della povert\u00e0, contribuendo attivamente alla ricostruzione e al consolidamento democratico, sociale e industriale dell\u2019Italia. In pochi decenni, il nostro Paese pass\u00f2 dal devastante impatto della guerra a diventare la sesta potenza economica mondiale, grazie anche alla determinazione e all&#8217;impegno di una generazione che credeva nei principi sanciti dalla Costituzione del 1948.<\/p>\n\n\n\n<p>Questa generazione, fortemente ispirata dai valori fondamentali della Carta Costituzionale, ha costruito le basi del welfare moderno. La Costituzione, infatti, aveva sancito che l\u2019Italia fosse una \u201crepubblica democratica fondata sul lavoro\u201d e che il diritto al lavoro fosse garantito a tutti i cittadini, promuovendo le condizioni per renderlo effettivo. La lotta per i diritti dei lavoratori, per salari giusti, per condizioni pi\u00f9 umane nei luoghi di lavoro, per il miglioramento del tenore di vita delle famiglie, fu il cuore pulsante di una stagione che culmin\u00f2 con l\u2019approvazione dello Statuto dei Lavoratori nel 1970.<\/p>\n\n\n\n<p>Galante Oliva fu un protagonista di questa stagione storica. Nato nel 1932, proviene da una famiglia modesta e vive una giovinezza segnata dalla morte prematura dei genitori, rispettivamente nel 1946 e nel 1949, quando aveva solo quattordici anni. Orfano e con la responsabilit\u00e0 di provvedere ai suoi quattro fratelli, Galante deve rimboccarsi le maniche fin da giovanissimo. A soli dodici anni inizia a lavorare in condizioni estremamente dure, come bracciante, operaio e cestaio, impegnandosi in turni estenuanti per salari minimi, ma senza mai perdere la speranza di un riscatto. In quegli anni, la miseria e lo sfruttamento erano all\u2019ordine del giorno, ma proprio nel mondo del lavoro Galante trova una via di riscatto e l&#8217;occasione di maturare politicamente.<\/p>\n\n\n\n<figure class=\"wp-block-image is-resized\"><img loading=\"lazy\" decoding=\"async\" width=\"1024\" height=\"719\" src=\"https:\/\/www.istitutogalanteoliva.it\/magazine\/wp-content\/uploads\/2021\/11\/foto-168-1024x719-1.jpg\" alt=\"\" class=\"wp-image-10650\" style=\"width:600px\" srcset=\"https:\/\/www.istitutogalanteoliva.it\/magazine\/wp-content\/uploads\/2021\/11\/foto-168-1024x719-1.jpg 1024w, https:\/\/www.istitutogalanteoliva.it\/magazine\/wp-content\/uploads\/2021\/11\/foto-168-1024x719-1-300x211.jpg 300w, https:\/\/www.istitutogalanteoliva.it\/magazine\/wp-content\/uploads\/2021\/11\/foto-168-1024x719-1-768x539.jpg 768w\" sizes=\"auto, (max-width: 1024px) 100vw, 1024px\" \/><figcaption class=\"wp-element-caption\"><sup><strong><em>1\u00b0 Maggio 1951. Si riconoscono: Napoletano, Oliva, Ruggiero<\/em><\/strong><\/sup><\/figcaption><\/figure>\n\n\n\n<p>Fin da giovane, infatti, si avvicina all&#8217;attivit\u00e0 sindacale e alla militanza politica, trovando nel Partito Comunista Italiano e nella CGIL gli strumenti per costruire un&#8217;identit\u00e0 politica e culturale che travalicava i confini della sua citt\u00e0. Con l\u2019aiuto di mentori come Pietro Amendola, il giovane Oliva intraprende una carriera sindacale e politica che lo porter\u00e0 a diventare uno dei pi\u00f9 importanti esponenti del movimento operaio nella sua regione.<\/p>\n\n\n\n<p>Dopo aver intrapreso il suo impegno sindacale, Galante Oliva diventa presto una figura di spicco nel panorama politico e sociale della sua citt\u00e0 e della sua regione. La sua determinazione e la sua capacit\u00e0 di lottare per i diritti dei lavoratori lo pongono al centro di importanti battaglie, che spaziano dalla difesa dei diritti dei braccianti e degli operai, fino all\u2019impegno per la modernizzazione della struttura economica del Meridione.<\/p>\n\n\n\n<p>Nel corso degli anni Cinquanta e Sessanta, Oliva si distingue per il suo instancabile lavoro al fianco degli operai delle fabbriche e dei contadini, chiedendo con forza una maggiore giustizia sociale. Le sue battaglie sindacali non si limitano solo a migliorare le condizioni lavorative, ma si estendono anche alla lotta per l\u2019emancipazione dei pi\u00f9 deboli e per la diffusione dei diritti civili. Galante Oliva \u00e8 uno dei principali promotori della creazione di una rete di servizi sociali che possa garantire una vita dignitosa ai lavoratori e alle loro famiglie.<\/p>\n\n\n\n<p>La sua passione per la politica lo porta ad assumere ruoli di responsabilit\u00e0 nelle organizzazioni sindacali, e presto entra a far parte di importanti commissioni nazionali, dove si fa apprezzare per la sua visione pragmatica e la sua capacit\u00e0 di dialogo. La sua lotta per il miglioramento delle condizioni lavorative lo porta anche a essere un forte sostenitore dell\u2019adozione dello Statuto dei Lavoratori, una delle conquiste pi\u00f9 significative della politica italiana del periodo.<\/p>\n\n\n\n<p>Negli anni Settanta, il suo impegno si sposta anche sul piano regionale e nazionale, dove riesce a entrare in contatto con alcuni dei principali protagonisti della politica italiana dell\u2019epoca, consolidando il suo ruolo di leader nel panorama politico meridionale. La sua figura, per\u00f2, \u00e8 anche quella di un uomo profondamente legato alle sue radici, che non dimentica mai da dove proviene e che dedica una grande parte della sua vita a migliorare la situazione delle classi sociali pi\u00f9 svantaggiate nel Sud Italia.<\/p>\n\n\n\n<p>Nonostante le sfide e le difficolt\u00e0 personali, Galante Oliva non ha mai smesso di credere in un cambiamento radicale e positivo per il Paese, ed \u00e8 stato un esempio di dedizione al servizio della comunit\u00e0 e di coraggio nel difendere i valori di giustizia e solidariet\u00e0. La sua eredit\u00e0, ancora viva nei racconti di chi lo ha conosciuto e negli insegnamenti che ha lasciato alle generazioni future, rappresenta una testimonianza preziosa di un periodo storico in cui l&#8217;Italia ha vissuto grandi trasformazioni sociali e politiche.<\/p>\n\n\n\n<p>Nel corso degli anni Ottanta, il suo impegno si fa pi\u00f9 riflessivo, pur mantenendo una forte spinta verso il miglioramento delle condizioni dei lavoratori. Galante Oliva diventa uno degli interlocutori principali nelle discussioni relative alle riforme sociali e al welfare, promuovendo un sistema pi\u00f9 inclusivo che possa rispondere alle esigenze di un Paese in trasformazione. A livello regionale, la sua figura acquisisce una grande autorit\u00e0, e la sua capacit\u00e0 di mediazione e di sintesi tra le diverse anime del movimento sindacale lo porta a ricoprire ruoli di crescente rilevanza.<\/p>\n\n\n\n<p>\u00c8 in questo periodo che Oliva si confronta con le nuove sfide imposte dalla globalizzazione e dai cambiamenti del mercato del lavoro, ma non perde mai di vista gli obiettivi di giustizia sociale e di equit\u00e0. La sua azione politica e sindacale diventa quindi sempre pi\u00f9 orientata a salvaguardare i diritti dei lavoratori in un mondo che sta cambiando, sostenendo la necessit\u00e0 di una riforma che tenga conto delle nuove necessit\u00e0 economiche senza sacrificare i principi di solidariet\u00e0.<\/p>\n\n\n\n<p>Gli anni Novanta segnano un periodo di importanti trasformazioni anche per il panorama politico italiano. Galante Oliva, pur rimanendo fedele ai suoi valori, \u00e8 costretto a confrontarsi con il tramonto di una certa politica sindacale tradizionale e l&#8217;ascesa di nuove forze politiche e sociali. Nonostante i cambiamenti, Oliva riesce a mantenere un legame stretto con le sue radici e con la sua comunit\u00e0, continuando a lottare per la dignit\u00e0 dei lavoratori e per un Sud che, purtroppo, continua a essere emarginato dalle dinamiche di sviluppo del Paese.<\/p>\n\n\n\n<p><a href=\"#su\">[\u2b06Torna s\u00f9\u2b06]<\/a><\/p>\n\n\n\n<hr class=\"wp-block-separator has-alpha-channel-opacity\"\/>\n\n\n\n<h2 class=\"wp-block-heading has-text-align-center\" id=\"biografia\"><strong>Biografia di G<\/strong>alante Oliva <\/h2>\n\n\n\n<p>Nasce a Nocera Inferiore (SA) il 16\/08\/32 da una famiglia di origini modeste. Il padre fa il contadino di mattina e l\u2019operaio di pomeriggio mentre la madre Elisa \u00e8 a casa ad accudire i figli. Una vita che parte subito in salita con una infanzia mai goduta a causa della guerra cui si aggiunge la tragica morte dei genitori nell\u2019adolescenza: infatti a 14 anni rimane orfano per la morte prima del padre nel 1946 e poi della madre nel 1949. Galante rimane solo con 4 fratelli da mantenere e qui rivela gi\u00e0 una sua precisa caratteristica , il pragmatismo : bisogna rimboccarsi le maniche e lavorare, mentre i pi\u00f9 piccoli andranno in collegio. La sua adolescenza \u00e8 quella difficile del dopoguerra, quella in cui alla tragedia del conflitto armato si succedono difficolt\u00e0 economiche, incertezze, nuove e vecchie diffidenze, dove niente era certo e tutto andava ricostruito, dove la miseria e lo sfruttamento erano la quotidianit\u00e0.<\/p>\n\n\n\n<p>Alle tragedie sociali ed affettive, come la perdita dei genitori e quella di qualche amico, Galante risponde imboccando la strada del riscatto attraverso il mondo del lavoro , dei nuovi amici ritrovati, della lotta di classe. Ed \u00e8 proprio attraverso il lavoro che Galante inizia a misurarsi col mondo, trovando nei fermenti degli ambienti lavorativi spunti e sproni di crescita. Aveva iniziato a lavorare a 12 anni come cestaio e in estate come stagionale nelle aziende conserviere, in un\u2019epoca dove non esistevano diritti ma solo lo sfruttamento dei padroni. Lui , non volendo accettare questo stato di cose, inizia ad organizzare le prime riunioni con gli altri operai, ma scoperto dal padrone fu licenziato e messo al bando dalle aziende locali perch\u00e9 considerato un \u201csobillatore\u201d , cosa che per anni gli impedir\u00e0 di trovare un lavoro. Galante raccontava che , dopo anni, il primo lavoro che riusc\u00ec a trovare fu su una montagna a girare la ruota che mandava acqua ai campi, lavoro che di solito veniva svolto dai muli ma le esigenze economiche della famiglia lo portarono ad accettare.<\/p>\n\n\n\n<p>Ma proprio questa sofferta umiliazione lo indusse a maturare la decisione che lo accompagner\u00e0 per tutta la vita: porsi in prima persona per la difesa, il rispetto della dignit\u00e0 degli uomini, lottare per la salvaguardia delle classi pi\u00f9 deboli affinch\u00e9 non subissero pi\u00f9 soprusi e mortificazioni.<\/p>\n\n\n\n<figure class=\"wp-block-image is-resized\"><img loading=\"lazy\" decoding=\"async\" width=\"1024\" height=\"759\" src=\"https:\/\/www.istitutogalanteoliva.it\/magazine\/wp-content\/uploads\/2021\/11\/foto-112-1024x759-1.jpg\" alt=\"\" class=\"wp-image-10647\" style=\"width:600px\" srcset=\"https:\/\/www.istitutogalanteoliva.it\/magazine\/wp-content\/uploads\/2021\/11\/foto-112-1024x759-1.jpg 1024w, https:\/\/www.istitutogalanteoliva.it\/magazine\/wp-content\/uploads\/2021\/11\/foto-112-1024x759-1-300x222.jpg 300w, https:\/\/www.istitutogalanteoliva.it\/magazine\/wp-content\/uploads\/2021\/11\/foto-112-1024x759-1-768x569.jpg 768w\" sizes=\"auto, (max-width: 1024px) 100vw, 1024px\" \/><figcaption class=\"wp-element-caption\"><sub><strong><em>1\u00b0 Maggio 1956. Si riconoscono: On. P. Amendola, Oliva<\/em><\/strong><\/sub><\/figcaption><\/figure>\n\n\n\n<p><\/p>\n\n\n\n<p><strong>GLI ANNI DELLA FORMAZIONE<\/strong><br>Inizia quindi il suo percorso formativo nel 1948 iscrivendosi al PCI e in una sua nota biografica dir\u00e0: \u201c\u2026 vedevo nel PCI il solo strumento per poter migliorare le condizioni di vita dei lavoratori e quindi anche le mie, che lavoravo per 15 ore al giorno per 2 o 300 lire\u2026\u201d Il suo carattere fiero e volitivo si rivela anche in questo episodio: nel 1949, per protesta, non rinnov\u00f2 la tessera di partito perch\u00e9 il segretario della sezione aveva detto \u201cse ti iscrivi giocherai a carte con gli anziani\u201d e lui si era offeso, aveva \u201csolo\u201d 17 anni. Ma nello stesso anno con la ricostituzione della FGCI fu nominato segretario del suo rione. Nel 1950 fu nominato nel direttivo del partito e nel 1951 ebbe una stella di bronzo per essersi distinto nel lavoro, e sempre in quell\u2019anno merit\u00f2 un\u2019altra medaglia per il numero di iscritti nella FGCI pi\u00f9 alto d\u2019Italia. Nel 1953 entr\u00f2 a far parte della segreteria provinciale di Salerno della FGCI e nello stesso anno divent\u00f2 consegretario della Camera del Lavoro di Nocera Inferiore, nominato dal Sen. Gaetano Di Marino e dall\u2019On. Feliciano Granati segretario della stessa CDL nel 1954. Nel 1953 aveva organizzato lo \u201csciopero a rovescio\u201d , che consisteva nel lavorare senza retribuzione per dimostrare che non si voleva l\u2019assistenza ma il lavoro. Nel 1954 cura l\u2019organizzazione della lega braccianti, dei cestai e dei facchini in carovana.<\/p>\n\n\n\n<figure class=\"wp-block-image is-resized\"><img loading=\"lazy\" decoding=\"async\" width=\"1024\" height=\"708\" src=\"https:\/\/www.istitutogalanteoliva.it\/magazine\/wp-content\/uploads\/2021\/11\/foto-226-1024x708-1.jpg\" alt=\"\" class=\"wp-image-10649\" style=\"width:600px\" srcset=\"https:\/\/www.istitutogalanteoliva.it\/magazine\/wp-content\/uploads\/2021\/11\/foto-226-1024x708-1.jpg 1024w, https:\/\/www.istitutogalanteoliva.it\/magazine\/wp-content\/uploads\/2021\/11\/foto-226-1024x708-1-300x207.jpg 300w, https:\/\/www.istitutogalanteoliva.it\/magazine\/wp-content\/uploads\/2021\/11\/foto-226-1024x708-1-768x531.jpg 768w\" sizes=\"auto, (max-width: 1024px) 100vw, 1024px\" \/><figcaption class=\"wp-element-caption\"><sup><strong><em>1956 \u2013 Scuola Frattocchie Incontro con i familiari. Si riconosce: Oliva<\/em><\/strong><\/sup><\/figcaption><\/figure>\n\n\n\n<p>Nel 1955 fino al 1958 partecip\u00f2 alla scuola politica del PCI di Frattocchie, scrivendo nella biografia di presentazione che nel 1951 aveva gi\u00e0 partecipato ad un corso politico di 28 giorni a Roccapiemonte (SA) di tipo interregionale \u201csenza dare notizie ia casa per tutto il periodo\u201d a dimostrazione della \u201ccaparbiet\u00e0\u201d di cui era capace.<br><\/p>\n\n\n\n<p><strong>LA LOTTA DELLE M.C.M.<\/strong><br>Nel 1959 la prima grande battaglia sindacale, quella delle MCM : la pi\u00f9 possente azione operaia del dopoguerra nel salernitano, una vicenda che lo vide tra&nbsp;i protagonisti e che port\u00f2 all\u2019occupazione della fabbrica contro i licenziamenti di centinaia di operai con una lotta che dur\u00f2 settimane e che vide non solo la partecipazione di tutte le forze politiche in modo trasversale ma anche l\u2019aiuto fattivo della popolazione e di personaggi illustri. Si ricorda infatti la fattiva partecipazione del musicista napoletano Raffaele Viviani, che port\u00f2 la solidariet\u00e0 degli artisti napoletani agli occupanti.<\/p>\n\n\n\n<p>La una lotta che ebbe un eco nazionale e che alla fine condusse alla piena conquista degli obiettivi voluti. Intanto nel 1956 viene eletto consigliere comunale nelle liste del PCI risultando il pi\u00f9 giovane consigliere d\u2019Italia, elezione che venne riconfermata anche per il mandato successivo. &nbsp;Dal 1960 al 1965 \u00e8 responsabile provinciale della FIOT- CGIL(tessili) e fa parte in questo periodo anche del Consiglio Direttivo della FIOT \u2013 CGIL nazionale, con questo ruolo nel 1961 \u00e8 capo della delegazione italiana in Germania dell\u2019Est dove visita le industrie tedesche, e dove partecipa, al fianco dei massimi esponenti sindacali tedeschi, alle celebrazioni del 1\u00b0 maggio.<\/p>\n\n\n\n<figure class=\"wp-block-image is-resized\"><img loading=\"lazy\" decoding=\"async\" width=\"1024\" height=\"733\" src=\"https:\/\/www.istitutogalanteoliva.it\/magazine\/wp-content\/uploads\/2021\/11\/foto-28-1024x733-2.jpg\" alt=\"\" class=\"wp-image-10646\" style=\"width:600px\" srcset=\"https:\/\/www.istitutogalanteoliva.it\/magazine\/wp-content\/uploads\/2021\/11\/foto-28-1024x733-2.jpg 1024w, https:\/\/www.istitutogalanteoliva.it\/magazine\/wp-content\/uploads\/2021\/11\/foto-28-1024x733-2-300x215.jpg 300w, https:\/\/www.istitutogalanteoliva.it\/magazine\/wp-content\/uploads\/2021\/11\/foto-28-1024x733-2-768x550.jpg 768w\" sizes=\"auto, (max-width: 1024px) 100vw, 1024px\" \/><figcaption class=\"wp-element-caption\"><em><strong><sub>1959 Lotta M.C.M.&nbsp; Si riconoscono Oliva, Granati, Rossi, Pucci, De Vito, Francesco<\/sub><\/strong><\/em><\/figcaption><\/figure>\n\n\n\n<p>La coerenza e la determinazione di Galante Oliva si manifest\u00f2 in occasione del proprio matrimonio.<\/p>\n\n\n\n<p>Era il 1963 e in quegli anni la cultura cattolica non ammetteva e non accettava quella comunista, e chi professava una ideologia contraria a quella clericale non poteva usufruire dei sacramenti ecclesiastici, che dovevano invece per misericordia di dio essere concessi a tutti, quindi il battesimo, la comunione, il matrimonio erano vietati dalla chiesa. Questo accadde anche a Galante il quale dovendo sposarsi con Daniele Biagina, allora anch\u2019essa dirigente provinciale del PCI e dell\u2019UDI, and\u00f2 in chiesa per sapere le carte da fare ma qui il prete, che lo conosceva, disse \u201c<em>io non vi sposer\u00f2 mai se prima non abiurate la vostra dottrina comunista<\/em>\u201d,&nbsp;si rivolsero al vescovo il quale nonostante si mostrasse di idee pi\u00f9 aperte del suo sottoposto dovette confermare il no per ordini superiori. Oliva non si perse d\u2019animo e non solo disse chiaramente e pubblicamente che non avrebbero mai abiurato il comunismo, ma che avrebbero celebrato il loro matrimonio in Municipio. Cos\u00ec il 29 settembre del 1963 Galante e Biagina si sposarono in Municipio di Nocera Inferiore il rito civile fu celebrato dall\u2019On. Pietro Amendola, testimone fu l\u2019On. Feliciano Granati, alla cerimonia parteciparono centinaia di compagni arrivati da tutta la regione in segno di solidariet\u00e0 nei confronti della coppia nocerina, il matrimonio fu considerato uno scandalo e visto come un evento, n\u00e9 parlarono giornali nazionali, per come tutto si era svolto e perch\u00e9 era uno dei primi matrimoni civili nel mezzogiorno d\u2019Italia. Dal 1965 al 1968 fa parte della segreteria provinciale della FILLEA-CGIL(edili). Dal 1968 al 1976 \u00e8 segretario della Camera del Lavoro della CGIL dell\u2019Agro Nocerino Sarnese ed \u00e8 in questo periodo, nel pieno della sua maturit\u00e0 personale e sindacale ed in una situazione di congiuntura economica negativa che si pone a capo di due momenti importanti nella citt\u00e0 di Nocera Inferiore.<br><strong><br>LA SEDE DELLA CGIL<\/strong><br>Nel primo caso si fa promotore insieme ad altri operai dell\u2019acquisto della sede comprensoriale della Camera del Lavoro di Nocera Inferiore, attraverso una quota mensile pagata direttamente dallo stipendio, e si \u00e8 parlato anche di contributi di industriali illuminati del luogo, fatto sta che la sede \u00e8 ancora l\u00ec. La valenza politica della cosa \u00e8 evidente: il possedere una sede propria permise agli operai di avere un posto da dove nessuno avrebbe potuto cacciarli, come invece era accaduto in passato, e quindi dimostrare la forza dei lavoratori e del sindacato che si ponevano come baluardo contro le ingiustizie e i soprusi.<\/p>\n\n\n\n<p><strong>LA LOTTA DELLA \u201cGAMBARDELLA<\/strong>\u201d<br>Il secondo episodio si svilupp\u00f2 nella met\u00e0 degli anni \u201970: si pone a capo di una lotta che rimarr\u00e0 nella storia della citt\u00e0, anche questa con ripercussioni nazionali e che lo porter\u00e0 a rischiare la vita essendo stato minacciato dalla criminalit\u00e0 organizzata, tanto da indurlo a portare la famiglia in posti sicuri, e a vivere per mesi sotto scorta di centinaia di operai che a turno lo proteggevano. Simili episodi di solidariet\u00e0 , legati a questi momenti critici, sono manifestazione di quello che era capace di esprimere il movimento operaio e costituiscono una altissima pagina morale. La vicenda in questione riguardava l\u2019azienda conserviera dei f.lli Gambardella, di origine calabrese e venuti a Nocera con la sbandierata promessa di dare lavoro, ma che successivamente manifestarono le loro reali intenzioni. Infatti l\u2019operazione si rivel\u00f2 una truffa che alla fine mise in ginocchio l\u2019azienda stessa determinando centinaia di licenziamenti. Le forze sindacali, quelle politiche e le istituzioni si opposero con&nbsp;scioperi, occupazione della fabbrica e della sala giunta del municipio, decretando alla fine la vittoria con il ritorno al lavoro dei licenziati.<\/p>\n\n\n\n<p><strong>GLI ANNI DELLA \u201cPENSIONE\u201d<\/strong><br>Dal 1976 fino al 1993 anno in cui andr\u00e0 in \u201cpensione\u201d avr\u00e0 un nuovo incarico diventando amministratore della CGIL di Salerno, ma nel frattempo era gia diventato membro del comitato provinciale dell\u2019INPS dal 1970 al 1980, e alla fine degli anni \u201970 fu promotore ed organizzatore del SIULP (sindacato di polizia) salernitano, facendo la spola tra Roma e Salerno in gran segreto, visto che non era permesso per i militari avere un sindacato, diventandone il segretario provinciale fino all\u2019inizio anni \u201980. Nello stesso periodo fu anche protagonista dell\u2019acquisto della sede della CGIL di Salerno e di quella di Battipaglia. Dal 1993 si \u00e8 intensamente occupato di cooperativismo in qualit\u00e0 di membro del CdA della Coop Campania,membro del direttivo della Lega Coop regionale e Presidente di una cooperativa di edilizia agevolata, realizzando il sogno di una casa a decine di famiglie, carica che ha tenuto fino alla sua morte. Anche in ambito partitico il suo impegno \u00e8 stato costante ed \u00e8 rimasto nella politica attiva facendo parte prima degli organismi dirigenti del PCI, poi dopo la svolta della Bolognina nel 1989 si \u00e8 iscritto al PDS ed infine ai DS, continuando anche se in una posizione e un ruolo diverso a dare il proprio contributo. Nel 2004 il suo orgoglio fu quello di organizzare la consegna della cittadinanza onoraria all\u2019On. Pietro Amendola, per il suo impegno nella citt\u00e0 di Nocera Inferiore di cui era stato consigliere per pi\u00f9 legislature, schierandosi sia fisicamente che con atti parlamentari per la risoluzione dei problemi dell\u2019agro sarnese nocerino. Il legame con Amendola risaliva agli anni della ricostruzione quando era stato suo mentore e formatore sia politico-sindacale che umano ; basta ricordare che Amendola aveva celebrato il suo matrimonio con il rito civile . Negli anni successivi questo rapporto umano si era consolidato determinando quell\u2019insieme di stima, rispetto e amicizia che \u00e8 rimasto immutato nel corso di oltre 50 anni, amicizia testimoniata in una lettera inviata alla famiglia di Galante alla sua morte avvenuta il 23 febbraio del 2006 a Nocera Inferiore.<\/p>\n\n\n\n<p><strong><em>Con una delibera approvata dalla giunta comunale di Nocera Inferiore e ratificata dal Sindaco A. Romano, Galante Oliva \u00e8 stato sepolto nel Cimitero di Nocera Inferiore tra le personalit\u00e0 illustri, per aver svolto la propria attivit\u00e0 sindacale in difesa dei ceti meno abbienti dando lustro alla citt\u00e0 stessa.<\/em><\/strong><\/p>\n\n\n\n<p>Fonte<a href=\"https:\/\/www.istitutogalanteoliva.it\/\" target=\"_blank\" rel=\"noreferrer noopener\"> https:\/\/www.istitutogalanteoliva.it\/<\/a><\/p>\n\n\n\n<p><a href=\"#su\">[\u2b06Torna s\u00f9\u2b06]<\/a><\/p>\n\n\n\n<hr class=\"wp-block-separator has-alpha-channel-opacity\"\/>\n\n\n\n<h2 class=\"wp-block-heading has-text-align-center\" id=\"igo\"><strong>Istituto Galante Oliva<\/strong><\/h2>\n\n\n\n<p>L\u2019Istituto Galante Oliva, fondato nel 2007 a Nocera Inferiore (SA) da un gruppo di appassionati di storia, si propone come punto di riferimento per raccogliere, conservare e valorizzare testimonianze e documenti legati a quelle persone comuni che, pur sconosciute alle masse, hanno contribuito a diffondere valori sociali e diritti fondamentali, diventando pilastri della societ\u00e0 moderna. L\u2019Istituto si concentra sulle fonti dirette e documentate, arricchendo la ricerca con ricordi personali, tradizioni orali e archivi privati, elementi preziosi per illuminare storie spesso trascurate.&nbsp;<\/p>\n\n\n\n<p>La missione dell\u2019Istituto nasce dalla volont\u00e0 di recuperare il vasto patrimonio documentale conservato nelle famiglie: foto, libri, documenti o notizie che spesso giacciono dimenticati in soffitte e bauli, o addirittura sconosciuti. Partendo da un nome, un luogo o una data, \u00e8 possibile riscoprire storie che contribuiscono a ricostruire le radici familiari e, con esse, la memoria collettiva, aprendo nuovi orizzonti di conoscenza soprattutto per le giovani generazioni.&nbsp;<\/p>\n\n\n<div class=\"wp-block-image\">\n<figure class=\"aligncenter is-resized\"><a href=\"https:\/\/www.istitutogalanteoliva.it\/magazine\/2024\/11\/22\/riscoprire-la-memoria-storie-documenti-e-persone-che-hanno-contribuito-ai-cambiamenti-sociali-e-alla-diffusione-dei-diritti\/www.istitutogalanteoliva.it\"><img loading=\"lazy\" decoding=\"async\" width=\"379\" height=\"133\" src=\"https:\/\/www.istitutogalanteoliva.it\/magazine\/wp-content\/uploads\/2024\/11\/download-2.jpg\" alt=\"\" class=\"wp-image-16541\" style=\"width:483px;height:auto\" srcset=\"https:\/\/www.istitutogalanteoliva.it\/magazine\/wp-content\/uploads\/2024\/11\/download-2.jpg 379w, https:\/\/www.istitutogalanteoliva.it\/magazine\/wp-content\/uploads\/2024\/11\/download-2-300x105.jpg 300w\" sizes=\"auto, (max-width: 379px) 100vw, 379px\" \/><\/a><figcaption class=\"wp-element-caption\"><a href=\"https:\/\/www.istitutogalanteoliva.it\/\">www.istitutogalanteoliva.it<\/a><\/figcaption><\/figure><\/div>\n\n\n<p><a href=\"#su\">[\u2b06Torna s\u00f9\u2b06]<\/a><\/p>\n\n\n\n<hr class=\"wp-block-separator has-alpha-channel-opacity\"\/>\n\n\n\n<h3 class=\"wp-block-heading has-text-align-center\" id=\"invito\">Invito a condividere la memoria storica<\/h3>\n\n\n\n<p><br>Invitiamo tutti a condividere materiali e testimonianze: ogni frammento di memoria pu\u00f2 essere il punto di partenza per ricostruire narrazioni pi\u00f9 ricche e complete. Dopo un\u2019attenta verifica, i contributi saranno organizzati e resi accessibili sul sito&nbsp;<a href=\"http:\/\/www.istitutogalanteoliva.it\/\">www.istitutogalanteoliva.it<\/a>, nelle sezioni biografie o pubblicazioni, e valorizzati attraverso il nostro giornale online Polis SA Magazine e le piattaforme social collegate.<\/p>\n\n\n\n<p>Chi fosse interessato pu\u00f2 inviare il materiale via email a&nbsp;<a href=\"mailto:istitutogalanteoliva@gmail.com\">istitutogalanteoliva@gmail.com<\/a>.<\/p>\n\n\n\n<p>Grazie all\u2019uso della tecnologia e dei canali social, l\u2019Istituto supera confini ideologici e territoriali, creando una rete di condivisione e valorizzazione delle storie locali e nazionali. Attraverso questo approccio, l\u2019Istituto non solo preserva la memoria storica, ma coinvolge attivamente il pubblico nella ricerca, contribuendo a delineare un quadro pi\u00f9 ricco e sfaccettato della nostra storia condivisa.&nbsp;<\/p>\n\n\n\n<p><a href=\"#su\">[\u2b06Torna s\u00f9\u2b06]<\/a><\/p>\n\n\n\n<p class=\"has-text-align-right\"><strong><em>Polis SA Magazine\/Istituto Galante Oliva<\/em><\/strong><\/p>\n<div class=\"pdfprnt-buttons pdfprnt-buttons-post pdfprnt-bottom-left\"><a href=\"https:\/\/www.istitutogalanteoliva.it\/magazine\/wp-json\/wp\/v2\/posts\/16695?print=print\" class=\"pdfprnt-button pdfprnt-button-print\" target=\"_blank\"><img decoding=\"async\" src=\"https:\/\/www.istitutogalanteoliva.it\/magazine\/wp-content\/plugins\/pdf-print\/images\/print.png\" alt=\"image_print\" title=\"Stampa contenuto\" \/><span class=\"pdfprnt-button-title pdfprnt-button-print-title\">Download in PDF<\/span><\/a><\/div>","protected":false},"excerpt":{"rendered":"<p>La vicenda di Galante Oliva rappresenta un esempio significativo di come la generazione che usc\u00ec dal ventennio fascista e dalla Seconda guerra mondiale fosse in grado di rimboccarsi le maniche, partecipando attivamente alla ricostruzione e al rapido sviluppo democratico, industriale e sociale dell&#8217;Italia<\/p>\n","protected":false},"author":2,"featured_media":16538,"comment_status":"closed","ping_status":"open","sticky":true,"template":"","format":"standard","meta":{"footnotes":""},"categories":[872,1235],"tags":[1236,1007,576,940],"class_list":["post-16695","post","type-post","status-publish","format-standard","has-post-thumbnail","hentry","category-872","category-riscoprire-la-memoria","tag-galante-oliva","tag-lotta","tag-politica","tag-sindacato"],"yoast_head":"<!-- This site is optimized with the Yoast SEO plugin v24.2 - https:\/\/yoast.com\/wordpress\/plugins\/seo\/ -->\n<title>Galante Oliva: un cammino tra politica, impegno sociale e lotta per i diritti - Polis SA Magazine<\/title>\n<meta name=\"robots\" content=\"index, follow, max-snippet:-1, max-image-preview:large, max-video-preview:-1\" \/>\n<link rel=\"canonical\" href=\"https:\/\/www.istitutogalanteoliva.it\/magazine\/2024\/12\/15\/galante-oliva-un-cammino-tra-politica-impegno-sociale-e-lotta-per-i-diritti\/\" \/>\n<meta property=\"og:locale\" content=\"it_IT\" \/>\n<meta property=\"og:type\" content=\"article\" \/>\n<meta property=\"og:title\" content=\"Galante Oliva: un cammino tra politica, impegno sociale e lotta per i diritti - Polis SA Magazine\" \/>\n<meta property=\"og:description\" content=\"La vicenda di Galante Oliva rappresenta un esempio significativo di come la generazione che usc\u00ec dal ventennio fascista e dalla Seconda guerra mondiale fosse in grado di rimboccarsi le maniche, partecipando attivamente alla ricostruzione e al rapido sviluppo democratico, industriale e sociale dell&#039;Italia\" \/>\n<meta property=\"og:url\" content=\"https:\/\/www.istitutogalanteoliva.it\/magazine\/2024\/12\/15\/galante-oliva-un-cammino-tra-politica-impegno-sociale-e-lotta-per-i-diritti\/\" \/>\n<meta property=\"og:site_name\" content=\"Polis SA Magazine\" \/>\n<meta property=\"article:publisher\" content=\"https:\/\/www.facebook.com\/PolisSAMagazine\/\" \/>\n<meta property=\"article:published_time\" content=\"2024-12-15T07:00:00+00:00\" \/>\n<meta property=\"article:modified_time\" content=\"2024-12-15T10:39:20+00:00\" \/>\n<meta property=\"og:image\" content=\"https:\/\/www.istitutogalanteoliva.it\/magazine\/wp-content\/uploads\/2024\/11\/IGO-2.jpg\" \/>\n\t<meta property=\"og:image:width\" content=\"1400\" \/>\n\t<meta property=\"og:image:height\" content=\"780\" \/>\n\t<meta property=\"og:image:type\" content=\"image\/jpeg\" \/>\n<meta name=\"author\" content=\"Antonello Rivano\" \/>\n<meta name=\"twitter:card\" content=\"summary_large_image\" \/>\n<meta name=\"twitter:creator\" content=\"@MagazinePolis\" \/>\n<meta name=\"twitter:site\" content=\"@MagazinePolis\" \/>\n<meta name=\"twitter:label1\" content=\"Scritto da\" \/>\n\t<meta name=\"twitter:data1\" content=\"Antonello Rivano\" \/>\n\t<meta name=\"twitter:label2\" content=\"Tempo di lettura stimato\" \/>\n\t<meta name=\"twitter:data2\" content=\"20 minuti\" \/>\n<script type=\"application\/ld+json\" class=\"yoast-schema-graph\">{\"@context\":\"https:\/\/schema.org\",\"@graph\":[{\"@type\":\"Article\",\"@id\":\"https:\/\/www.istitutogalanteoliva.it\/magazine\/2024\/12\/15\/galante-oliva-un-cammino-tra-politica-impegno-sociale-e-lotta-per-i-diritti\/#article\",\"isPartOf\":{\"@id\":\"https:\/\/www.istitutogalanteoliva.it\/magazine\/2024\/12\/15\/galante-oliva-un-cammino-tra-politica-impegno-sociale-e-lotta-per-i-diritti\/\"},\"author\":{\"name\":\"Antonello Rivano\",\"@id\":\"https:\/\/www.istitutogalanteoliva.it\/magazine\/#\/schema\/person\/d8b8aa79cfe8babc1df9da3212a7c0c4\"},\"headline\":\"Galante Oliva: un cammino tra politica, impegno sociale e lotta per i diritti\",\"datePublished\":\"2024-12-15T07:00:00+00:00\",\"dateModified\":\"2024-12-15T10:39:20+00:00\",\"mainEntityOfPage\":{\"@id\":\"https:\/\/www.istitutogalanteoliva.it\/magazine\/2024\/12\/15\/galante-oliva-un-cammino-tra-politica-impegno-sociale-e-lotta-per-i-diritti\/\"},\"wordCount\":3327,\"publisher\":{\"@id\":\"https:\/\/www.istitutogalanteoliva.it\/magazine\/#organization\"},\"image\":{\"@id\":\"https:\/\/www.istitutogalanteoliva.it\/magazine\/2024\/12\/15\/galante-oliva-un-cammino-tra-politica-impegno-sociale-e-lotta-per-i-diritti\/#primaryimage\"},\"thumbnailUrl\":\"https:\/\/www.istitutogalanteoliva.it\/magazine\/wp-content\/uploads\/2024\/11\/IGO-2.jpg\",\"keywords\":[\"Galante Oliva\",\"Lotta\",\"politica\",\"Sindacato\"],\"articleSection\":[\"2024\",\"Riscoprire la memoria\"],\"inLanguage\":\"it-IT\"},{\"@type\":\"WebPage\",\"@id\":\"https:\/\/www.istitutogalanteoliva.it\/magazine\/2024\/12\/15\/galante-oliva-un-cammino-tra-politica-impegno-sociale-e-lotta-per-i-diritti\/\",\"url\":\"https:\/\/www.istitutogalanteoliva.it\/magazine\/2024\/12\/15\/galante-oliva-un-cammino-tra-politica-impegno-sociale-e-lotta-per-i-diritti\/\",\"name\":\"Galante Oliva: un cammino tra politica, impegno sociale e lotta per i diritti - Polis SA Magazine\",\"isPartOf\":{\"@id\":\"https:\/\/www.istitutogalanteoliva.it\/magazine\/#website\"},\"primaryImageOfPage\":{\"@id\":\"https:\/\/www.istitutogalanteoliva.it\/magazine\/2024\/12\/15\/galante-oliva-un-cammino-tra-politica-impegno-sociale-e-lotta-per-i-diritti\/#primaryimage\"},\"image\":{\"@id\":\"https:\/\/www.istitutogalanteoliva.it\/magazine\/2024\/12\/15\/galante-oliva-un-cammino-tra-politica-impegno-sociale-e-lotta-per-i-diritti\/#primaryimage\"},\"thumbnailUrl\":\"https:\/\/www.istitutogalanteoliva.it\/magazine\/wp-content\/uploads\/2024\/11\/IGO-2.jpg\",\"datePublished\":\"2024-12-15T07:00:00+00:00\",\"dateModified\":\"2024-12-15T10:39:20+00:00\",\"breadcrumb\":{\"@id\":\"https:\/\/www.istitutogalanteoliva.it\/magazine\/2024\/12\/15\/galante-oliva-un-cammino-tra-politica-impegno-sociale-e-lotta-per-i-diritti\/#breadcrumb\"},\"inLanguage\":\"it-IT\",\"potentialAction\":[{\"@type\":\"ReadAction\",\"target\":[\"https:\/\/www.istitutogalanteoliva.it\/magazine\/2024\/12\/15\/galante-oliva-un-cammino-tra-politica-impegno-sociale-e-lotta-per-i-diritti\/\"]}]},{\"@type\":\"ImageObject\",\"inLanguage\":\"it-IT\",\"@id\":\"https:\/\/www.istitutogalanteoliva.it\/magazine\/2024\/12\/15\/galante-oliva-un-cammino-tra-politica-impegno-sociale-e-lotta-per-i-diritti\/#primaryimage\",\"url\":\"https:\/\/www.istitutogalanteoliva.it\/magazine\/wp-content\/uploads\/2024\/11\/IGO-2.jpg\",\"contentUrl\":\"https:\/\/www.istitutogalanteoliva.it\/magazine\/wp-content\/uploads\/2024\/11\/IGO-2.jpg\",\"width\":1400,\"height\":780},{\"@type\":\"BreadcrumbList\",\"@id\":\"https:\/\/www.istitutogalanteoliva.it\/magazine\/2024\/12\/15\/galante-oliva-un-cammino-tra-politica-impegno-sociale-e-lotta-per-i-diritti\/#breadcrumb\",\"itemListElement\":[{\"@type\":\"ListItem\",\"position\":1,\"name\":\"Home\",\"item\":\"https:\/\/www.istitutogalanteoliva.it\/magazine\/\"},{\"@type\":\"ListItem\",\"position\":2,\"name\":\"Galante Oliva: un cammino tra politica, impegno sociale e lotta per i diritti\"}]},{\"@type\":\"WebSite\",\"@id\":\"https:\/\/www.istitutogalanteoliva.it\/magazine\/#website\",\"url\":\"https:\/\/www.istitutogalanteoliva.it\/magazine\/\",\"name\":\"POLIS SA MAGAZINE\",\"description\":\"Informazione e approfondimenti\",\"publisher\":{\"@id\":\"https:\/\/www.istitutogalanteoliva.it\/magazine\/#organization\"},\"potentialAction\":[{\"@type\":\"SearchAction\",\"target\":{\"@type\":\"EntryPoint\",\"urlTemplate\":\"https:\/\/www.istitutogalanteoliva.it\/magazine\/?s={search_term_string}\"},\"query-input\":{\"@type\":\"PropertyValueSpecification\",\"valueRequired\":true,\"valueName\":\"search_term_string\"}}],\"inLanguage\":\"it-IT\"},{\"@type\":\"Organization\",\"@id\":\"https:\/\/www.istitutogalanteoliva.it\/magazine\/#organization\",\"name\":\"Polis SA Magazine\",\"url\":\"https:\/\/www.istitutogalanteoliva.it\/magazine\/\",\"logo\":{\"@type\":\"ImageObject\",\"inLanguage\":\"it-IT\",\"@id\":\"https:\/\/www.istitutogalanteoliva.it\/magazine\/#\/schema\/logo\/image\/\",\"url\":\"\",\"contentUrl\":\"\",\"caption\":\"Polis SA Magazine\"},\"image\":{\"@id\":\"https:\/\/www.istitutogalanteoliva.it\/magazine\/#\/schema\/logo\/image\/\"},\"sameAs\":[\"https:\/\/www.facebook.com\/PolisSAMagazine\/\",\"https:\/\/x.com\/MagazinePolis\",\"https:\/\/www.youtube.com\/channel\/UCv0Mr5AHKUmsc0sEEXkJrgw\"]},{\"@type\":\"Person\",\"@id\":\"https:\/\/www.istitutogalanteoliva.it\/magazine\/#\/schema\/person\/d8b8aa79cfe8babc1df9da3212a7c0c4\",\"name\":\"Antonello Rivano\",\"image\":{\"@type\":\"ImageObject\",\"inLanguage\":\"it-IT\",\"@id\":\"https:\/\/www.istitutogalanteoliva.it\/magazine\/#\/schema\/person\/image\/\",\"url\":\"https:\/\/secure.gravatar.com\/avatar\/517a9a6487a7a18ecc4ce6d2e57a8f40?s=96&d=mm&r=g\",\"contentUrl\":\"https:\/\/secure.gravatar.com\/avatar\/517a9a6487a7a18ecc4ce6d2e57a8f40?s=96&d=mm&r=g\",\"caption\":\"Antonello Rivano\"},\"url\":\"https:\/\/www.istitutogalanteoliva.it\/magazine\/author\/antonello\/\"}]}<\/script>\n<!-- \/ Yoast SEO plugin. -->","yoast_head_json":{"title":"Galante Oliva: un cammino tra politica, impegno sociale e lotta per i diritti - Polis SA Magazine","robots":{"index":"index","follow":"follow","max-snippet":"max-snippet:-1","max-image-preview":"max-image-preview:large","max-video-preview":"max-video-preview:-1"},"canonical":"https:\/\/www.istitutogalanteoliva.it\/magazine\/2024\/12\/15\/galante-oliva-un-cammino-tra-politica-impegno-sociale-e-lotta-per-i-diritti\/","og_locale":"it_IT","og_type":"article","og_title":"Galante Oliva: un cammino tra politica, impegno sociale e lotta per i diritti - Polis SA Magazine","og_description":"La vicenda di Galante Oliva rappresenta un esempio significativo di come la generazione che usc\u00ec dal ventennio fascista e dalla Seconda guerra mondiale fosse in grado di rimboccarsi le maniche, partecipando attivamente alla ricostruzione e al rapido sviluppo democratico, industriale e sociale dell'Italia","og_url":"https:\/\/www.istitutogalanteoliva.it\/magazine\/2024\/12\/15\/galante-oliva-un-cammino-tra-politica-impegno-sociale-e-lotta-per-i-diritti\/","og_site_name":"Polis SA Magazine","article_publisher":"https:\/\/www.facebook.com\/PolisSAMagazine\/","article_published_time":"2024-12-15T07:00:00+00:00","article_modified_time":"2024-12-15T10:39:20+00:00","og_image":[{"width":1400,"height":780,"url":"https:\/\/www.istitutogalanteoliva.it\/magazine\/wp-content\/uploads\/2024\/11\/IGO-2.jpg","type":"image\/jpeg"}],"author":"Antonello Rivano","twitter_card":"summary_large_image","twitter_creator":"@MagazinePolis","twitter_site":"@MagazinePolis","twitter_misc":{"Scritto da":"Antonello Rivano","Tempo di lettura stimato":"20 minuti"},"schema":{"@context":"https:\/\/schema.org","@graph":[{"@type":"Article","@id":"https:\/\/www.istitutogalanteoliva.it\/magazine\/2024\/12\/15\/galante-oliva-un-cammino-tra-politica-impegno-sociale-e-lotta-per-i-diritti\/#article","isPartOf":{"@id":"https:\/\/www.istitutogalanteoliva.it\/magazine\/2024\/12\/15\/galante-oliva-un-cammino-tra-politica-impegno-sociale-e-lotta-per-i-diritti\/"},"author":{"name":"Antonello Rivano","@id":"https:\/\/www.istitutogalanteoliva.it\/magazine\/#\/schema\/person\/d8b8aa79cfe8babc1df9da3212a7c0c4"},"headline":"Galante Oliva: un cammino tra politica, impegno sociale e lotta per i diritti","datePublished":"2024-12-15T07:00:00+00:00","dateModified":"2024-12-15T10:39:20+00:00","mainEntityOfPage":{"@id":"https:\/\/www.istitutogalanteoliva.it\/magazine\/2024\/12\/15\/galante-oliva-un-cammino-tra-politica-impegno-sociale-e-lotta-per-i-diritti\/"},"wordCount":3327,"publisher":{"@id":"https:\/\/www.istitutogalanteoliva.it\/magazine\/#organization"},"image":{"@id":"https:\/\/www.istitutogalanteoliva.it\/magazine\/2024\/12\/15\/galante-oliva-un-cammino-tra-politica-impegno-sociale-e-lotta-per-i-diritti\/#primaryimage"},"thumbnailUrl":"https:\/\/www.istitutogalanteoliva.it\/magazine\/wp-content\/uploads\/2024\/11\/IGO-2.jpg","keywords":["Galante Oliva","Lotta","politica","Sindacato"],"articleSection":["2024","Riscoprire la memoria"],"inLanguage":"it-IT"},{"@type":"WebPage","@id":"https:\/\/www.istitutogalanteoliva.it\/magazine\/2024\/12\/15\/galante-oliva-un-cammino-tra-politica-impegno-sociale-e-lotta-per-i-diritti\/","url":"https:\/\/www.istitutogalanteoliva.it\/magazine\/2024\/12\/15\/galante-oliva-un-cammino-tra-politica-impegno-sociale-e-lotta-per-i-diritti\/","name":"Galante Oliva: un cammino tra politica, impegno sociale e lotta per i diritti - Polis SA Magazine","isPartOf":{"@id":"https:\/\/www.istitutogalanteoliva.it\/magazine\/#website"},"primaryImageOfPage":{"@id":"https:\/\/www.istitutogalanteoliva.it\/magazine\/2024\/12\/15\/galante-oliva-un-cammino-tra-politica-impegno-sociale-e-lotta-per-i-diritti\/#primaryimage"},"image":{"@id":"https:\/\/www.istitutogalanteoliva.it\/magazine\/2024\/12\/15\/galante-oliva-un-cammino-tra-politica-impegno-sociale-e-lotta-per-i-diritti\/#primaryimage"},"thumbnailUrl":"https:\/\/www.istitutogalanteoliva.it\/magazine\/wp-content\/uploads\/2024\/11\/IGO-2.jpg","datePublished":"2024-12-15T07:00:00+00:00","dateModified":"2024-12-15T10:39:20+00:00","breadcrumb":{"@id":"https:\/\/www.istitutogalanteoliva.it\/magazine\/2024\/12\/15\/galante-oliva-un-cammino-tra-politica-impegno-sociale-e-lotta-per-i-diritti\/#breadcrumb"},"inLanguage":"it-IT","potentialAction":[{"@type":"ReadAction","target":["https:\/\/www.istitutogalanteoliva.it\/magazine\/2024\/12\/15\/galante-oliva-un-cammino-tra-politica-impegno-sociale-e-lotta-per-i-diritti\/"]}]},{"@type":"ImageObject","inLanguage":"it-IT","@id":"https:\/\/www.istitutogalanteoliva.it\/magazine\/2024\/12\/15\/galante-oliva-un-cammino-tra-politica-impegno-sociale-e-lotta-per-i-diritti\/#primaryimage","url":"https:\/\/www.istitutogalanteoliva.it\/magazine\/wp-content\/uploads\/2024\/11\/IGO-2.jpg","contentUrl":"https:\/\/www.istitutogalanteoliva.it\/magazine\/wp-content\/uploads\/2024\/11\/IGO-2.jpg","width":1400,"height":780},{"@type":"BreadcrumbList","@id":"https:\/\/www.istitutogalanteoliva.it\/magazine\/2024\/12\/15\/galante-oliva-un-cammino-tra-politica-impegno-sociale-e-lotta-per-i-diritti\/#breadcrumb","itemListElement":[{"@type":"ListItem","position":1,"name":"Home","item":"https:\/\/www.istitutogalanteoliva.it\/magazine\/"},{"@type":"ListItem","position":2,"name":"Galante Oliva: un cammino tra politica, impegno sociale e lotta per i diritti"}]},{"@type":"WebSite","@id":"https:\/\/www.istitutogalanteoliva.it\/magazine\/#website","url":"https:\/\/www.istitutogalanteoliva.it\/magazine\/","name":"POLIS SA MAGAZINE","description":"Informazione e approfondimenti","publisher":{"@id":"https:\/\/www.istitutogalanteoliva.it\/magazine\/#organization"},"potentialAction":[{"@type":"SearchAction","target":{"@type":"EntryPoint","urlTemplate":"https:\/\/www.istitutogalanteoliva.it\/magazine\/?s={search_term_string}"},"query-input":{"@type":"PropertyValueSpecification","valueRequired":true,"valueName":"search_term_string"}}],"inLanguage":"it-IT"},{"@type":"Organization","@id":"https:\/\/www.istitutogalanteoliva.it\/magazine\/#organization","name":"Polis SA Magazine","url":"https:\/\/www.istitutogalanteoliva.it\/magazine\/","logo":{"@type":"ImageObject","inLanguage":"it-IT","@id":"https:\/\/www.istitutogalanteoliva.it\/magazine\/#\/schema\/logo\/image\/","url":"","contentUrl":"","caption":"Polis SA Magazine"},"image":{"@id":"https:\/\/www.istitutogalanteoliva.it\/magazine\/#\/schema\/logo\/image\/"},"sameAs":["https:\/\/www.facebook.com\/PolisSAMagazine\/","https:\/\/x.com\/MagazinePolis","https:\/\/www.youtube.com\/channel\/UCv0Mr5AHKUmsc0sEEXkJrgw"]},{"@type":"Person","@id":"https:\/\/www.istitutogalanteoliva.it\/magazine\/#\/schema\/person\/d8b8aa79cfe8babc1df9da3212a7c0c4","name":"Antonello Rivano","image":{"@type":"ImageObject","inLanguage":"it-IT","@id":"https:\/\/www.istitutogalanteoliva.it\/magazine\/#\/schema\/person\/image\/","url":"https:\/\/secure.gravatar.com\/avatar\/517a9a6487a7a18ecc4ce6d2e57a8f40?s=96&d=mm&r=g","contentUrl":"https:\/\/secure.gravatar.com\/avatar\/517a9a6487a7a18ecc4ce6d2e57a8f40?s=96&d=mm&r=g","caption":"Antonello Rivano"},"url":"https:\/\/www.istitutogalanteoliva.it\/magazine\/author\/antonello\/"}]}},"_links":{"self":[{"href":"https:\/\/www.istitutogalanteoliva.it\/magazine\/wp-json\/wp\/v2\/posts\/16695","targetHints":{"allow":["GET"]}}],"collection":[{"href":"https:\/\/www.istitutogalanteoliva.it\/magazine\/wp-json\/wp\/v2\/posts"}],"about":[{"href":"https:\/\/www.istitutogalanteoliva.it\/magazine\/wp-json\/wp\/v2\/types\/post"}],"author":[{"embeddable":true,"href":"https:\/\/www.istitutogalanteoliva.it\/magazine\/wp-json\/wp\/v2\/users\/2"}],"replies":[{"embeddable":true,"href":"https:\/\/www.istitutogalanteoliva.it\/magazine\/wp-json\/wp\/v2\/comments?post=16695"}],"version-history":[{"count":12,"href":"https:\/\/www.istitutogalanteoliva.it\/magazine\/wp-json\/wp\/v2\/posts\/16695\/revisions"}],"predecessor-version":[{"id":16711,"href":"https:\/\/www.istitutogalanteoliva.it\/magazine\/wp-json\/wp\/v2\/posts\/16695\/revisions\/16711"}],"wp:featuredmedia":[{"embeddable":true,"href":"https:\/\/www.istitutogalanteoliva.it\/magazine\/wp-json\/wp\/v2\/media\/16538"}],"wp:attachment":[{"href":"https:\/\/www.istitutogalanteoliva.it\/magazine\/wp-json\/wp\/v2\/media?parent=16695"}],"wp:term":[{"taxonomy":"category","embeddable":true,"href":"https:\/\/www.istitutogalanteoliva.it\/magazine\/wp-json\/wp\/v2\/categories?post=16695"},{"taxonomy":"post_tag","embeddable":true,"href":"https:\/\/www.istitutogalanteoliva.it\/magazine\/wp-json\/wp\/v2\/tags?post=16695"}],"curies":[{"name":"wp","href":"https:\/\/api.w.org\/{rel}","templated":true}]}}