{"id":16859,"date":"2025-01-06T08:00:00","date_gmt":"2025-01-06T07:00:00","guid":{"rendered":"https:\/\/www.istitutogalanteoliva.it\/magazine\/?p=16859"},"modified":"2025-01-05T11:41:53","modified_gmt":"2025-01-05T10:41:53","slug":"grisu-giuseppe-e-maria-approda-a-mercato-san-severino-sa","status":"publish","type":"post","link":"https:\/\/www.istitutogalanteoliva.it\/magazine\/2025\/01\/06\/grisu-giuseppe-e-maria-approda-a-mercato-san-severino-sa\/","title":{"rendered":"&#8220;Gris\u00f9, Giuseppe e Maria&#8221; approda a Mercato San Severino (SA)"},"content":{"rendered":"\n<p>Di Anna Maria Noia<\/p>\n\n\n\n<p>Dopo il successo dello spettacolo di Sal Da Vinci, lo scorso 19 dicembre a Napoli \u2013 per la sperimentata formula di \u201cTeatro in movimento\u201d \u2013 il cineteatro comunale di Mercato San Severino offre l\u2019occasione di assistere all\u2019esibizione di Francesco Procopio. Lo show (il terzo, per questa stagione) si terr\u00e0 il prossimo 8 gennaio, alle 21.<\/p>\n\n\n\n<p>La rappresentazione si intitola: \u201cGris\u00f9, Giuseppe e Maria\u201d. Il copione di Gianni Clementi, per la regia di Pierluigi Iorio, \u00e8 ambientato in una realt\u00e0 provinciale; quale quella di Pozzuoli. Negli anni \u201950. Sono gli anni post bellici, in cui le nazioni provate dalla guerra appena terminata \u2013 tra cui l\u2019Italia, col Meridione in testa \u2013 provano a rialzare la testa dalle macerie (materiali e morali).<\/p>\n\n\n\n<p>\u00c8 altres\u00ec il periodo del boom economico e dell\u2019incipiente consumismo. Ma c\u2019\u00e8 tanto analfabetismo e tanta miseria. Per questo, molti italiani \u2013 soprattutto provenienti dal Sud \u2013 tentano la fortuna e di sbarcare il lunario recandosi all\u2019estero. \u00c8 il tempo delle miniere francesi e belghe.<\/p>\n\n\n\n<p>Sullo sfondo del plot \u2013 difatti \u2013 c\u2019\u00e8 la tragica \u201cesperienza\u201d della morte dei minatori nella caverna di Marcinelle. Un disastro avvenuto nel 1956, nel quale persero la vita pi\u00f9 di duecento operai \u2013 nonch\u00e9 centotrentasei immigrati italiani.<\/p>\n\n\n<div class=\"wp-block-image\">\n<figure data-wp-context=\"{&quot;imageId&quot;:&quot;69f27b39ebee8&quot;}\" data-wp-interactive=\"core\/image\" class=\"aligncenter size-full is-resized wp-lightbox-container\"><img loading=\"lazy\" decoding=\"async\" width=\"860\" height=\"475\" data-wp-class--hide=\"state.isContentHidden\" data-wp-class--show=\"state.isContentVisible\" data-wp-init=\"callbacks.setButtonStyles\" data-wp-on-async--click=\"actions.showLightbox\" data-wp-on-async--load=\"callbacks.setButtonStyles\" data-wp-on-async-window--resize=\"callbacks.setButtonStyles\" src=\"https:\/\/www.istitutogalanteoliva.it\/magazine\/wp-content\/uploads\/2025\/01\/image-13.png\" alt=\"\" class=\"wp-image-16863\" style=\"width:600px\" srcset=\"https:\/\/www.istitutogalanteoliva.it\/magazine\/wp-content\/uploads\/2025\/01\/image-13.png 860w, https:\/\/www.istitutogalanteoliva.it\/magazine\/wp-content\/uploads\/2025\/01\/image-13-300x166.png 300w, https:\/\/www.istitutogalanteoliva.it\/magazine\/wp-content\/uploads\/2025\/01\/image-13-768x424.png 768w\" sizes=\"auto, (max-width: 860px) 100vw, 860px\" \/><button\n\t\t\tclass=\"lightbox-trigger\"\n\t\t\ttype=\"button\"\n\t\t\taria-haspopup=\"dialog\"\n\t\t\taria-label=\"Ingrandisci l\u2019immagine\"\n\t\t\tdata-wp-init=\"callbacks.initTriggerButton\"\n\t\t\tdata-wp-on-async--click=\"actions.showLightbox\"\n\t\t\tdata-wp-style--right=\"state.imageButtonRight\"\n\t\t\tdata-wp-style--top=\"state.imageButtonTop\"\n\t\t>\n\t\t\t<svg xmlns=\"http:\/\/www.w3.org\/2000\/svg\" width=\"12\" height=\"12\" fill=\"none\" viewBox=\"0 0 12 12\">\n\t\t\t\t<path fill=\"#fff\" d=\"M2 0a2 2 0 0 0-2 2v2h1.5V2a.5.5 0 0 1 .5-.5h2V0H2Zm2 10.5H2a.5.5 0 0 1-.5-.5V8H0v2a2 2 0 0 0 2 2h2v-1.5ZM8 12v-1.5h2a.5.5 0 0 0 .5-.5V8H12v2a2 2 0 0 1-2 2H8Zm2-12a2 2 0 0 1 2 2v2h-1.5V2a.5.5 0 0 0-.5-.5H8V0h2Z\" \/>\n\t\t\t<\/svg>\n\t\t<\/button><figcaption class=\"wp-element-caption\">  <strong><em><sup>Francesco Procopio e Giancarlo Ratti<\/sup><\/em><\/strong><\/figcaption><\/figure><\/div>\n\n\n<p>Protagonista della pi\u00e8ce \u00e8 don Ciro, il parroco della zona. Insieme a due sorelle, di cui una sposata a un minatore emigrato a Marcinelle. La trama vede equivoci e situazioni esilaranti, con la presenza del farmacista del paese \u2013 noto fedifrago \u2013 e di altri personaggi che riempiranno la scena.<\/p>\n\n\n\n<p>Ma non mancano le occasioni di riflessione e dal sapore agrodolce \u2013 pensando al sacrificio di tanti giovani ed adulti, che intendevano solo non far mancare il pane, sulle tavole delle famiglie di quell\u2019epoca.<\/p>\n\n\n\n<p>Il copione \u00e8 stato rappresentato in molte zone d\u2019Italia \u2013 dal Nord al Sud \u2013 e quindi \u00e8 stato parzialmente modificato, durante le messe in scena. La commedia, scritta \u2013 come sopra affermato \u2013 da Clementi, \u00e8 un omaggio (dichiarato) all\u2019effervescente drammaturgia partenopea.<\/p>\n\n\n\n<p>Si tratta di una storia ricca di verve e vitalit\u00e0. Con la presenza \u2013 tra gli altri \u2013 di un menomato: il sacrestano di don Ciro. Tra una vicenda e un\u2019altra \u2013 fra una vicissitudine e un atto scenico \u2013 si deplora e si rimpiange un\u2019Italia povera, s\u00ec, ma piena di umanit\u00e0. E di valori saldi, come la dignit\u00e0 della \u201cfatica\u201d e l\u2019indissolubilit\u00e0 del matrimonio.<\/p>\n\n\n\n<p>Il termine Gris\u00f9 deriva da un gas sotterraneo, che si sprigiona nelle caverne e nelle grotte \u2013 quando sottoposte a pressioni e a determinate temperature. Proprio in quanto il plot si svolge in un contesto di minatori, ecco spiegato il titolo della due atti.<\/p>\n\n\n\n<p><\/p>\n\n\n\n<p>Accanto a Procopio, vi saranno \u2013 sul palcoscenico \u2013 Loredana Piedimonte, Giosiano Felago, Carmen Landolfi, Giancarlo Ratti. Scene a cura di Alessandro Chiti; costumi di Melissa De Vincenzo.<\/p>\n\n\n\n<p>Francesco Procopio \u00e8 nato a Napoli il 23 maggio 1969. \u00c8 tra i maggiori interpreti della tradizione teatrale partenopea. Anche la sua famiglia viveva un grande amore per la drammaturgia e la recitazione. Procopio si iscrisse al Teatro Comico Napoletano \u2013 lo stesso di Vincenzo Salemme. La passione per le scene, appunto teatrali, lo ha visto passo dopo passo crearsi un repertorio di grande livello.<\/p>\n\n\n\n<p>Nel tempo, per\u00f2, non ha disdegnato altri tipi di recitazione: tra tante altre cose, per esempio, \u00e8 apparso nella fortunata serie tv \u201cL\u2019allieva\u201d.<\/p>\n\n\n<div class=\"wp-block-image\">\n<figure data-wp-context=\"{&quot;imageId&quot;:&quot;69f27b39ec768&quot;}\" data-wp-interactive=\"core\/image\" class=\"aligncenter size-full is-resized wp-lightbox-container\"><img loading=\"lazy\" decoding=\"async\" width=\"800\" height=\"800\" data-wp-class--hide=\"state.isContentHidden\" data-wp-class--show=\"state.isContentVisible\" data-wp-init=\"callbacks.setButtonStyles\" data-wp-on-async--click=\"actions.showLightbox\" data-wp-on-async--load=\"callbacks.setButtonStyles\" data-wp-on-async-window--resize=\"callbacks.setButtonStyles\" src=\"https:\/\/www.istitutogalanteoliva.it\/magazine\/wp-content\/uploads\/2025\/01\/Foto-1-1.jpg\" alt=\"\" class=\"wp-image-16861\" style=\"width:348px;height:auto\" srcset=\"https:\/\/www.istitutogalanteoliva.it\/magazine\/wp-content\/uploads\/2025\/01\/Foto-1-1.jpg 800w, https:\/\/www.istitutogalanteoliva.it\/magazine\/wp-content\/uploads\/2025\/01\/Foto-1-1-300x300.jpg 300w, https:\/\/www.istitutogalanteoliva.it\/magazine\/wp-content\/uploads\/2025\/01\/Foto-1-1-150x150.jpg 150w, https:\/\/www.istitutogalanteoliva.it\/magazine\/wp-content\/uploads\/2025\/01\/Foto-1-1-768x768.jpg 768w\" sizes=\"auto, (max-width: 800px) 100vw, 800px\" \/><button\n\t\t\tclass=\"lightbox-trigger\"\n\t\t\ttype=\"button\"\n\t\t\taria-haspopup=\"dialog\"\n\t\t\taria-label=\"Ingrandisci l\u2019immagine\"\n\t\t\tdata-wp-init=\"callbacks.initTriggerButton\"\n\t\t\tdata-wp-on-async--click=\"actions.showLightbox\"\n\t\t\tdata-wp-style--right=\"state.imageButtonRight\"\n\t\t\tdata-wp-style--top=\"state.imageButtonTop\"\n\t\t>\n\t\t\t<svg xmlns=\"http:\/\/www.w3.org\/2000\/svg\" width=\"12\" height=\"12\" fill=\"none\" viewBox=\"0 0 12 12\">\n\t\t\t\t<path fill=\"#fff\" d=\"M2 0a2 2 0 0 0-2 2v2h1.5V2a.5.5 0 0 1 .5-.5h2V0H2Zm2 10.5H2a.5.5 0 0 1-.5-.5V8H0v2a2 2 0 0 0 2 2h2v-1.5ZM8 12v-1.5h2a.5.5 0 0 0 .5-.5V8H12v2a2 2 0 0 1-2 2H8Zm2-12a2 2 0 0 1 2 2v2h-1.5V2a.5.5 0 0 0-.5-.5H8V0h2Z\" \/>\n\t\t\t<\/svg>\n\t\t<\/button><\/figure><\/div>\n\n\n<p>Appuntamento con tale attore \u2013 quindi \u2013 a mercoled\u00ec 8 gennaio. Le prossime date della consueta rassegna, proposta a Mercato San Severino (in realt\u00e0, tra San Severino e Napoli \u2013 come affermato all\u2019inizio) da \u201cTeatro pi\u00f9\u201d e dalla famiglia Caccavale-Starace, sono il 23 gennaio e il 13 febbraio di questo 2025.<\/p>\n\n\n\n<p>Il 23 si potr\u00e0 ridere con il duo Lopez-Solenghi, orfani del trio Marchesini-Lopez-Solenghi. Che porteranno in scena: \u201cDove eravamo rimasti\u201d. Ma questo show sar\u00e0 visibile a Napoli \u2013 presso il prestigioso teatro \u201cAugusteo\u201d. Come sempre, per \u201cTeatro in movimento\u201d.<\/p>\n\n\n\n<p>La struttura sanseverinese, invece, ospiter\u00e0 il classico e immarcescibile Peppe Barra \u2013 appunto il 13 febbraio. Nello spettacolo \u201cPiano e voce\u201d. Incentrato sulla dolente melancolia del popolo napoletano \u2013 che vive di sogni e di nostalgia.<\/p>\n\n\n\n<p>\u201cIn coda\u201d (idealmente; diciamo cos\u00ec), ecco Biagio Izzo \u2013 il 25 febbraio; Francesco Cicchella (6 marzo, in trasferta); l\u2019esilarante Peppe Iodice \u2013 a chiusura della rassegna.<\/p>\n\n\n\n<p>Il salace \u201cperformer\u201d determiner\u00e0 la fine del cartellone 2024\/2025, con \u201cHo visto Maradona\u201d. Una carrellata di gag, in atto il 17 aprile. A Mercato San Severino.<\/p>\n\n\n\n<p>Si tratta di riflessioni e speculazioni sulla morte e sulle visioni. In maniera irriverente e divertente. Tutto il programma stilato dai referenti del teatro sanseverinese, come nelle annate scorse, \u00e8 sempre una ricerca verso la qualit\u00e0 delle rappresentazioni. Tenendo conto dei gusti di un pubblico variegato e composito. Un uditorio severo ed esigente, ma che sa apprezzare gli show di valore.<\/p>\n\n\n\n<p><img loading=\"lazy\" decoding=\"async\" width=\"80\" height=\"80\" class=\"wp-image-6058\" style=\"width: 80px;\" src=\"https:\/\/www.istitutogalanteoliva.it\/magazine\/wp-content\/uploads\/2021\/03\/Anna-Maria1.jpg\" alt=\"\" srcset=\"https:\/\/www.istitutogalanteoliva.it\/magazine\/wp-content\/uploads\/2021\/03\/Anna-Maria1.jpg 674w, https:\/\/www.istitutogalanteoliva.it\/magazine\/wp-content\/uploads\/2021\/03\/Anna-Maria1-300x300.jpg 300w, https:\/\/www.istitutogalanteoliva.it\/magazine\/wp-content\/uploads\/2021\/03\/Anna-Maria1-150x150.jpg 150w\" sizes=\"auto, (max-width: 80px) 100vw, 80px\" \/><em><a href=\"https:\/\/www.istitutogalanteoliva.it\/magazine\/?s=Anna+Maria+Noia+\" target=\"_blank\" rel=\"noreferrer noopener\"><strong>Anna Maria Noia<\/strong><\/a><\/em><\/p>\n<div class=\"pdfprnt-buttons pdfprnt-buttons-post pdfprnt-bottom-left\"><a href=\"https:\/\/www.istitutogalanteoliva.it\/magazine\/wp-json\/wp\/v2\/posts\/16859?print=print\" class=\"pdfprnt-button pdfprnt-button-print\" target=\"_blank\"><img decoding=\"async\" src=\"https:\/\/www.istitutogalanteoliva.it\/magazine\/wp-content\/plugins\/pdf-print\/images\/print.png\" alt=\"image_print\" title=\"Stampa contenuto\" \/><span class=\"pdfprnt-button-title pdfprnt-button-print-title\">Download in PDF<\/span><\/a><\/div>","protected":false},"excerpt":{"rendered":"<p>La commedia di Gianni Clementi con Francesco Procopio in scena l&#8217;8 gennaio al Teatro Comunale: tra risate, riflessioni e omaggi alla drammaturgia partenopea.<\/p>\n","protected":false},"author":2,"featured_media":16865,"comment_status":"closed","ping_status":"open","sticky":true,"template":"","format":"standard","meta":{"footnotes":""},"categories":[872,210,1027],"tags":[567,95],"class_list":["post-16859","post","type-post","status-publish","format-standard","has-post-thumbnail","hentry","category-872","category-campania","category-spettacolo","tag-mercato-san-severino","tag-teatro"],"yoast_head":"<!-- This site is optimized with the Yoast SEO plugin v24.2 - https:\/\/yoast.com\/wordpress\/plugins\/seo\/ -->\n<title>&quot;Gris\u00f9, Giuseppe e Maria&quot; approda a Mercato San Severino (SA) - Polis SA Magazine<\/title>\n<meta name=\"description\" content=\"La commedia di Gianni Clementi con Francesco Procopio in scena l&#039;8 gennaio al Teatro Comunale: tra risate, riflessioni e...\" \/>\n<meta name=\"robots\" content=\"index, follow, max-snippet:-1, max-image-preview:large, max-video-preview:-1\" \/>\n<link rel=\"canonical\" href=\"https:\/\/www.istitutogalanteoliva.it\/magazine\/2025\/01\/06\/grisu-giuseppe-e-maria-approda-a-mercato-san-severino-sa\/\" \/>\n<meta property=\"og:locale\" content=\"it_IT\" \/>\n<meta property=\"og:type\" content=\"article\" \/>\n<meta property=\"og:title\" content=\"&quot;Gris\u00f9, Giuseppe e Maria&quot; approda a Mercato San Severino (SA) - Polis SA Magazine\" \/>\n<meta property=\"og:description\" content=\"La commedia di Gianni Clementi con Francesco Procopio in scena l&#039;8 gennaio al Teatro Comunale: tra risate, riflessioni e...\" \/>\n<meta property=\"og:url\" content=\"https:\/\/www.istitutogalanteoliva.it\/magazine\/2025\/01\/06\/grisu-giuseppe-e-maria-approda-a-mercato-san-severino-sa\/\" \/>\n<meta property=\"og:site_name\" content=\"Polis SA Magazine\" \/>\n<meta property=\"article:publisher\" content=\"https:\/\/www.facebook.com\/PolisSAMagazine\/\" \/>\n<meta property=\"article:published_time\" content=\"2025-01-06T07:00:00+00:00\" \/>\n<meta property=\"article:modified_time\" content=\"2025-01-05T10:41:53+00:00\" \/>\n<meta property=\"og:image\" content=\"https:\/\/www.istitutogalanteoliva.it\/magazine\/wp-content\/uploads\/2025\/01\/grisu-e1730803758420-640x384-1.jpg\" \/>\n\t<meta property=\"og:image:width\" content=\"700\" \/>\n\t<meta property=\"og:image:height\" content=\"380\" \/>\n\t<meta property=\"og:image:type\" content=\"image\/jpeg\" \/>\n<meta name=\"author\" content=\"Antonello Rivano\" \/>\n<meta name=\"twitter:card\" content=\"summary_large_image\" \/>\n<meta name=\"twitter:creator\" content=\"@MagazinePolis\" \/>\n<meta name=\"twitter:site\" content=\"@MagazinePolis\" \/>\n<meta name=\"twitter:label1\" content=\"Scritto da\" \/>\n\t<meta name=\"twitter:data1\" content=\"Antonello Rivano\" \/>\n\t<meta name=\"twitter:label2\" content=\"Tempo di lettura stimato\" \/>\n\t<meta name=\"twitter:data2\" content=\"5 minuti\" \/>\n<script type=\"application\/ld+json\" class=\"yoast-schema-graph\">{\"@context\":\"https:\/\/schema.org\",\"@graph\":[{\"@type\":\"Article\",\"@id\":\"https:\/\/www.istitutogalanteoliva.it\/magazine\/2025\/01\/06\/grisu-giuseppe-e-maria-approda-a-mercato-san-severino-sa\/#article\",\"isPartOf\":{\"@id\":\"https:\/\/www.istitutogalanteoliva.it\/magazine\/2025\/01\/06\/grisu-giuseppe-e-maria-approda-a-mercato-san-severino-sa\/\"},\"author\":{\"name\":\"Antonello Rivano\",\"@id\":\"https:\/\/www.istitutogalanteoliva.it\/magazine\/#\/schema\/person\/d8b8aa79cfe8babc1df9da3212a7c0c4\"},\"headline\":\"&#8220;Gris\u00f9, Giuseppe e Maria&#8221; approda a Mercato San Severino (SA)\",\"datePublished\":\"2025-01-06T07:00:00+00:00\",\"dateModified\":\"2025-01-05T10:41:53+00:00\",\"mainEntityOfPage\":{\"@id\":\"https:\/\/www.istitutogalanteoliva.it\/magazine\/2025\/01\/06\/grisu-giuseppe-e-maria-approda-a-mercato-san-severino-sa\/\"},\"wordCount\":768,\"publisher\":{\"@id\":\"https:\/\/www.istitutogalanteoliva.it\/magazine\/#organization\"},\"image\":{\"@id\":\"https:\/\/www.istitutogalanteoliva.it\/magazine\/2025\/01\/06\/grisu-giuseppe-e-maria-approda-a-mercato-san-severino-sa\/#primaryimage\"},\"thumbnailUrl\":\"https:\/\/www.istitutogalanteoliva.it\/magazine\/wp-content\/uploads\/2025\/01\/grisu-e1730803758420-640x384-1.jpg\",\"keywords\":[\"mercato san severino\",\"teatro\"],\"articleSection\":[\"2024\",\"Campania\",\"Spettacolo\"],\"inLanguage\":\"it-IT\"},{\"@type\":\"WebPage\",\"@id\":\"https:\/\/www.istitutogalanteoliva.it\/magazine\/2025\/01\/06\/grisu-giuseppe-e-maria-approda-a-mercato-san-severino-sa\/\",\"url\":\"https:\/\/www.istitutogalanteoliva.it\/magazine\/2025\/01\/06\/grisu-giuseppe-e-maria-approda-a-mercato-san-severino-sa\/\",\"name\":\"\\\"Gris\u00f9, Giuseppe e Maria\\\" approda a Mercato San Severino (SA) - Polis SA Magazine\",\"isPartOf\":{\"@id\":\"https:\/\/www.istitutogalanteoliva.it\/magazine\/#website\"},\"primaryImageOfPage\":{\"@id\":\"https:\/\/www.istitutogalanteoliva.it\/magazine\/2025\/01\/06\/grisu-giuseppe-e-maria-approda-a-mercato-san-severino-sa\/#primaryimage\"},\"image\":{\"@id\":\"https:\/\/www.istitutogalanteoliva.it\/magazine\/2025\/01\/06\/grisu-giuseppe-e-maria-approda-a-mercato-san-severino-sa\/#primaryimage\"},\"thumbnailUrl\":\"https:\/\/www.istitutogalanteoliva.it\/magazine\/wp-content\/uploads\/2025\/01\/grisu-e1730803758420-640x384-1.jpg\",\"datePublished\":\"2025-01-06T07:00:00+00:00\",\"dateModified\":\"2025-01-05T10:41:53+00:00\",\"description\":\"La commedia di Gianni Clementi con Francesco Procopio in scena l'8 gennaio al Teatro Comunale: tra risate, riflessioni e...\",\"breadcrumb\":{\"@id\":\"https:\/\/www.istitutogalanteoliva.it\/magazine\/2025\/01\/06\/grisu-giuseppe-e-maria-approda-a-mercato-san-severino-sa\/#breadcrumb\"},\"inLanguage\":\"it-IT\",\"potentialAction\":[{\"@type\":\"ReadAction\",\"target\":[\"https:\/\/www.istitutogalanteoliva.it\/magazine\/2025\/01\/06\/grisu-giuseppe-e-maria-approda-a-mercato-san-severino-sa\/\"]}]},{\"@type\":\"ImageObject\",\"inLanguage\":\"it-IT\",\"@id\":\"https:\/\/www.istitutogalanteoliva.it\/magazine\/2025\/01\/06\/grisu-giuseppe-e-maria-approda-a-mercato-san-severino-sa\/#primaryimage\",\"url\":\"https:\/\/www.istitutogalanteoliva.it\/magazine\/wp-content\/uploads\/2025\/01\/grisu-e1730803758420-640x384-1.jpg\",\"contentUrl\":\"https:\/\/www.istitutogalanteoliva.it\/magazine\/wp-content\/uploads\/2025\/01\/grisu-e1730803758420-640x384-1.jpg\",\"width\":700,\"height\":380},{\"@type\":\"BreadcrumbList\",\"@id\":\"https:\/\/www.istitutogalanteoliva.it\/magazine\/2025\/01\/06\/grisu-giuseppe-e-maria-approda-a-mercato-san-severino-sa\/#breadcrumb\",\"itemListElement\":[{\"@type\":\"ListItem\",\"position\":1,\"name\":\"Home\",\"item\":\"https:\/\/www.istitutogalanteoliva.it\/magazine\/\"},{\"@type\":\"ListItem\",\"position\":2,\"name\":\"&#8220;Gris\u00f9, Giuseppe e Maria&#8221; approda a Mercato San Severino (SA)\"}]},{\"@type\":\"WebSite\",\"@id\":\"https:\/\/www.istitutogalanteoliva.it\/magazine\/#website\",\"url\":\"https:\/\/www.istitutogalanteoliva.it\/magazine\/\",\"name\":\"POLIS SA MAGAZINE\",\"description\":\"Informazione e approfondimenti\",\"publisher\":{\"@id\":\"https:\/\/www.istitutogalanteoliva.it\/magazine\/#organization\"},\"potentialAction\":[{\"@type\":\"SearchAction\",\"target\":{\"@type\":\"EntryPoint\",\"urlTemplate\":\"https:\/\/www.istitutogalanteoliva.it\/magazine\/?s={search_term_string}\"},\"query-input\":{\"@type\":\"PropertyValueSpecification\",\"valueRequired\":true,\"valueName\":\"search_term_string\"}}],\"inLanguage\":\"it-IT\"},{\"@type\":\"Organization\",\"@id\":\"https:\/\/www.istitutogalanteoliva.it\/magazine\/#organization\",\"name\":\"Polis SA Magazine\",\"url\":\"https:\/\/www.istitutogalanteoliva.it\/magazine\/\",\"logo\":{\"@type\":\"ImageObject\",\"inLanguage\":\"it-IT\",\"@id\":\"https:\/\/www.istitutogalanteoliva.it\/magazine\/#\/schema\/logo\/image\/\",\"url\":\"\",\"contentUrl\":\"\",\"caption\":\"Polis SA Magazine\"},\"image\":{\"@id\":\"https:\/\/www.istitutogalanteoliva.it\/magazine\/#\/schema\/logo\/image\/\"},\"sameAs\":[\"https:\/\/www.facebook.com\/PolisSAMagazine\/\",\"https:\/\/x.com\/MagazinePolis\",\"https:\/\/www.youtube.com\/channel\/UCv0Mr5AHKUmsc0sEEXkJrgw\"]},{\"@type\":\"Person\",\"@id\":\"https:\/\/www.istitutogalanteoliva.it\/magazine\/#\/schema\/person\/d8b8aa79cfe8babc1df9da3212a7c0c4\",\"name\":\"Antonello Rivano\",\"image\":{\"@type\":\"ImageObject\",\"inLanguage\":\"it-IT\",\"@id\":\"https:\/\/www.istitutogalanteoliva.it\/magazine\/#\/schema\/person\/image\/\",\"url\":\"https:\/\/secure.gravatar.com\/avatar\/517a9a6487a7a18ecc4ce6d2e57a8f40?s=96&d=mm&r=g\",\"contentUrl\":\"https:\/\/secure.gravatar.com\/avatar\/517a9a6487a7a18ecc4ce6d2e57a8f40?s=96&d=mm&r=g\",\"caption\":\"Antonello Rivano\"},\"url\":\"https:\/\/www.istitutogalanteoliva.it\/magazine\/author\/antonello\/\"}]}<\/script>\n<!-- \/ Yoast SEO plugin. -->","yoast_head_json":{"title":"\"Gris\u00f9, Giuseppe e Maria\" approda a Mercato San Severino (SA) - Polis SA Magazine","description":"La commedia di Gianni Clementi con Francesco Procopio in scena l'8 gennaio al Teatro Comunale: tra risate, riflessioni e...","robots":{"index":"index","follow":"follow","max-snippet":"max-snippet:-1","max-image-preview":"max-image-preview:large","max-video-preview":"max-video-preview:-1"},"canonical":"https:\/\/www.istitutogalanteoliva.it\/magazine\/2025\/01\/06\/grisu-giuseppe-e-maria-approda-a-mercato-san-severino-sa\/","og_locale":"it_IT","og_type":"article","og_title":"\"Gris\u00f9, Giuseppe e Maria\" approda a Mercato San Severino (SA) - Polis SA Magazine","og_description":"La commedia di Gianni Clementi con Francesco Procopio in scena l'8 gennaio al Teatro Comunale: tra risate, riflessioni e...","og_url":"https:\/\/www.istitutogalanteoliva.it\/magazine\/2025\/01\/06\/grisu-giuseppe-e-maria-approda-a-mercato-san-severino-sa\/","og_site_name":"Polis SA Magazine","article_publisher":"https:\/\/www.facebook.com\/PolisSAMagazine\/","article_published_time":"2025-01-06T07:00:00+00:00","article_modified_time":"2025-01-05T10:41:53+00:00","og_image":[{"width":700,"height":380,"url":"https:\/\/www.istitutogalanteoliva.it\/magazine\/wp-content\/uploads\/2025\/01\/grisu-e1730803758420-640x384-1.jpg","type":"image\/jpeg"}],"author":"Antonello Rivano","twitter_card":"summary_large_image","twitter_creator":"@MagazinePolis","twitter_site":"@MagazinePolis","twitter_misc":{"Scritto da":"Antonello Rivano","Tempo di lettura stimato":"5 minuti"},"schema":{"@context":"https:\/\/schema.org","@graph":[{"@type":"Article","@id":"https:\/\/www.istitutogalanteoliva.it\/magazine\/2025\/01\/06\/grisu-giuseppe-e-maria-approda-a-mercato-san-severino-sa\/#article","isPartOf":{"@id":"https:\/\/www.istitutogalanteoliva.it\/magazine\/2025\/01\/06\/grisu-giuseppe-e-maria-approda-a-mercato-san-severino-sa\/"},"author":{"name":"Antonello Rivano","@id":"https:\/\/www.istitutogalanteoliva.it\/magazine\/#\/schema\/person\/d8b8aa79cfe8babc1df9da3212a7c0c4"},"headline":"&#8220;Gris\u00f9, Giuseppe e Maria&#8221; approda a Mercato San Severino (SA)","datePublished":"2025-01-06T07:00:00+00:00","dateModified":"2025-01-05T10:41:53+00:00","mainEntityOfPage":{"@id":"https:\/\/www.istitutogalanteoliva.it\/magazine\/2025\/01\/06\/grisu-giuseppe-e-maria-approda-a-mercato-san-severino-sa\/"},"wordCount":768,"publisher":{"@id":"https:\/\/www.istitutogalanteoliva.it\/magazine\/#organization"},"image":{"@id":"https:\/\/www.istitutogalanteoliva.it\/magazine\/2025\/01\/06\/grisu-giuseppe-e-maria-approda-a-mercato-san-severino-sa\/#primaryimage"},"thumbnailUrl":"https:\/\/www.istitutogalanteoliva.it\/magazine\/wp-content\/uploads\/2025\/01\/grisu-e1730803758420-640x384-1.jpg","keywords":["mercato san severino","teatro"],"articleSection":["2024","Campania","Spettacolo"],"inLanguage":"it-IT"},{"@type":"WebPage","@id":"https:\/\/www.istitutogalanteoliva.it\/magazine\/2025\/01\/06\/grisu-giuseppe-e-maria-approda-a-mercato-san-severino-sa\/","url":"https:\/\/www.istitutogalanteoliva.it\/magazine\/2025\/01\/06\/grisu-giuseppe-e-maria-approda-a-mercato-san-severino-sa\/","name":"\"Gris\u00f9, Giuseppe e Maria\" approda a Mercato San Severino (SA) - Polis SA Magazine","isPartOf":{"@id":"https:\/\/www.istitutogalanteoliva.it\/magazine\/#website"},"primaryImageOfPage":{"@id":"https:\/\/www.istitutogalanteoliva.it\/magazine\/2025\/01\/06\/grisu-giuseppe-e-maria-approda-a-mercato-san-severino-sa\/#primaryimage"},"image":{"@id":"https:\/\/www.istitutogalanteoliva.it\/magazine\/2025\/01\/06\/grisu-giuseppe-e-maria-approda-a-mercato-san-severino-sa\/#primaryimage"},"thumbnailUrl":"https:\/\/www.istitutogalanteoliva.it\/magazine\/wp-content\/uploads\/2025\/01\/grisu-e1730803758420-640x384-1.jpg","datePublished":"2025-01-06T07:00:00+00:00","dateModified":"2025-01-05T10:41:53+00:00","description":"La commedia di Gianni Clementi con Francesco Procopio in scena l'8 gennaio al Teatro Comunale: tra risate, riflessioni e...","breadcrumb":{"@id":"https:\/\/www.istitutogalanteoliva.it\/magazine\/2025\/01\/06\/grisu-giuseppe-e-maria-approda-a-mercato-san-severino-sa\/#breadcrumb"},"inLanguage":"it-IT","potentialAction":[{"@type":"ReadAction","target":["https:\/\/www.istitutogalanteoliva.it\/magazine\/2025\/01\/06\/grisu-giuseppe-e-maria-approda-a-mercato-san-severino-sa\/"]}]},{"@type":"ImageObject","inLanguage":"it-IT","@id":"https:\/\/www.istitutogalanteoliva.it\/magazine\/2025\/01\/06\/grisu-giuseppe-e-maria-approda-a-mercato-san-severino-sa\/#primaryimage","url":"https:\/\/www.istitutogalanteoliva.it\/magazine\/wp-content\/uploads\/2025\/01\/grisu-e1730803758420-640x384-1.jpg","contentUrl":"https:\/\/www.istitutogalanteoliva.it\/magazine\/wp-content\/uploads\/2025\/01\/grisu-e1730803758420-640x384-1.jpg","width":700,"height":380},{"@type":"BreadcrumbList","@id":"https:\/\/www.istitutogalanteoliva.it\/magazine\/2025\/01\/06\/grisu-giuseppe-e-maria-approda-a-mercato-san-severino-sa\/#breadcrumb","itemListElement":[{"@type":"ListItem","position":1,"name":"Home","item":"https:\/\/www.istitutogalanteoliva.it\/magazine\/"},{"@type":"ListItem","position":2,"name":"&#8220;Gris\u00f9, Giuseppe e Maria&#8221; approda a Mercato San Severino (SA)"}]},{"@type":"WebSite","@id":"https:\/\/www.istitutogalanteoliva.it\/magazine\/#website","url":"https:\/\/www.istitutogalanteoliva.it\/magazine\/","name":"POLIS SA MAGAZINE","description":"Informazione e approfondimenti","publisher":{"@id":"https:\/\/www.istitutogalanteoliva.it\/magazine\/#organization"},"potentialAction":[{"@type":"SearchAction","target":{"@type":"EntryPoint","urlTemplate":"https:\/\/www.istitutogalanteoliva.it\/magazine\/?s={search_term_string}"},"query-input":{"@type":"PropertyValueSpecification","valueRequired":true,"valueName":"search_term_string"}}],"inLanguage":"it-IT"},{"@type":"Organization","@id":"https:\/\/www.istitutogalanteoliva.it\/magazine\/#organization","name":"Polis SA Magazine","url":"https:\/\/www.istitutogalanteoliva.it\/magazine\/","logo":{"@type":"ImageObject","inLanguage":"it-IT","@id":"https:\/\/www.istitutogalanteoliva.it\/magazine\/#\/schema\/logo\/image\/","url":"","contentUrl":"","caption":"Polis SA Magazine"},"image":{"@id":"https:\/\/www.istitutogalanteoliva.it\/magazine\/#\/schema\/logo\/image\/"},"sameAs":["https:\/\/www.facebook.com\/PolisSAMagazine\/","https:\/\/x.com\/MagazinePolis","https:\/\/www.youtube.com\/channel\/UCv0Mr5AHKUmsc0sEEXkJrgw"]},{"@type":"Person","@id":"https:\/\/www.istitutogalanteoliva.it\/magazine\/#\/schema\/person\/d8b8aa79cfe8babc1df9da3212a7c0c4","name":"Antonello Rivano","image":{"@type":"ImageObject","inLanguage":"it-IT","@id":"https:\/\/www.istitutogalanteoliva.it\/magazine\/#\/schema\/person\/image\/","url":"https:\/\/secure.gravatar.com\/avatar\/517a9a6487a7a18ecc4ce6d2e57a8f40?s=96&d=mm&r=g","contentUrl":"https:\/\/secure.gravatar.com\/avatar\/517a9a6487a7a18ecc4ce6d2e57a8f40?s=96&d=mm&r=g","caption":"Antonello Rivano"},"url":"https:\/\/www.istitutogalanteoliva.it\/magazine\/author\/antonello\/"}]}},"_links":{"self":[{"href":"https:\/\/www.istitutogalanteoliva.it\/magazine\/wp-json\/wp\/v2\/posts\/16859","targetHints":{"allow":["GET"]}}],"collection":[{"href":"https:\/\/www.istitutogalanteoliva.it\/magazine\/wp-json\/wp\/v2\/posts"}],"about":[{"href":"https:\/\/www.istitutogalanteoliva.it\/magazine\/wp-json\/wp\/v2\/types\/post"}],"author":[{"embeddable":true,"href":"https:\/\/www.istitutogalanteoliva.it\/magazine\/wp-json\/wp\/v2\/users\/2"}],"replies":[{"embeddable":true,"href":"https:\/\/www.istitutogalanteoliva.it\/magazine\/wp-json\/wp\/v2\/comments?post=16859"}],"version-history":[{"count":2,"href":"https:\/\/www.istitutogalanteoliva.it\/magazine\/wp-json\/wp\/v2\/posts\/16859\/revisions"}],"predecessor-version":[{"id":16867,"href":"https:\/\/www.istitutogalanteoliva.it\/magazine\/wp-json\/wp\/v2\/posts\/16859\/revisions\/16867"}],"wp:featuredmedia":[{"embeddable":true,"href":"https:\/\/www.istitutogalanteoliva.it\/magazine\/wp-json\/wp\/v2\/media\/16865"}],"wp:attachment":[{"href":"https:\/\/www.istitutogalanteoliva.it\/magazine\/wp-json\/wp\/v2\/media?parent=16859"}],"wp:term":[{"taxonomy":"category","embeddable":true,"href":"https:\/\/www.istitutogalanteoliva.it\/magazine\/wp-json\/wp\/v2\/categories?post=16859"},{"taxonomy":"post_tag","embeddable":true,"href":"https:\/\/www.istitutogalanteoliva.it\/magazine\/wp-json\/wp\/v2\/tags?post=16859"}],"curies":[{"name":"wp","href":"https:\/\/api.w.org\/{rel}","templated":true}]}}