{"id":17,"date":"2015-04-03T11:36:13","date_gmt":"2015-04-03T09:36:13","guid":{"rendered":"http:\/\/www.edizionipolis.it\/magazine\/?p=17"},"modified":"2019-02-22T15:42:43","modified_gmt":"2019-02-22T14:42:43","slug":"difendere-lambiente-necessita-e-convenienza","status":"publish","type":"post","link":"https:\/\/www.istitutogalanteoliva.it\/magazine\/2015\/04\/03\/difendere-lambiente-necessita-e-convenienza\/","title":{"rendered":"Difendere l\u2019Ambiente: necessita\u0300 e convenienza"},"content":{"rendered":"\n<p>La raccolta differenziata \u00e8, prima di tutto, un dovere di ciascuna persona per preservare il proprio territorio e pu\u00f2 essere anche un modo di risparmiare. Infatti, \u00e8 portatrice anche di benefici di carattere economico: grazie alla differenziazione dello scarto che le imprese di rimozione dei rifiuti sono in grado di smaltire con procedure pi\u00f9 semplici e soprattutto economiche rispetto a quelle che vengono utilizzate per il rifiuto indifferenziato. Inoltre, questo tipo di raccolta consente di superare le discariche a cielo aperto o sotterranee che possono rientrare in un programma di recupero dei territori a favore di attivit\u00e0 produttive. <\/p>\n\n\n\n<p>Le tre fasi principali del ciclo organizzativo sono: produzione dei rifiuti; raccolta e tra- sporto in discarica temporanea; costo del servizio. Il tutto va opportunamente contestualizzato nell\u2019ambito dell\u2019intervento che si vuole realizzare, attraverso una approfondita conoscenza del territorio, della popolazione residente e delle attivit\u00e0 produttive esistenti. Va tenuto in debito conto che l\u2019aumento dei rifiuti raccolti in modo differenziato, con- sente di facilitare il riciclo e quindi di diminuire i costi. Infatti, i rifiuti, come carta e cartone, vetro, plastica, alluminio, ferro, rame, legno, indumenti usati, calcinacci e scarti dell\u2019edilizia, computer, televisori e radio, telefonini, pile e cartucce di toner, hanno un loro mercato: se ben differenziati, possono essere venduti ai vari consorzi di filiera per cui si trasformano in ricavi piuttosto che in costi. <\/p>\n\n\n\n<p>\u00c8 appena il caso di evidenziare che nel nostro territorio esistono delle grosse e capienti cave che potrebbero raccogliere e quindi riciclare i calcinacci e gli scarti dell\u2019edilizia di tutto l\u2019Agro, anzich\u00e9 abbandonarli e ammucchiali lungo le strade, gli alvei torrentizi e altro. <\/p>\n\n\n\n<p>La produzione complessiva dei rifiuti urbani in Campania, come stimata dal R<em>apporto\nRifiuti Urbani 2009 <\/em>di ISPRA, \u00e8 stata nel 2008 di 2.723.326 tonnellate, con una raccolta\ndifferenziata su base regionale pari a circa il 19% (517.827 t\/a), 2.202.293 t\/a di rifiuto\nindifferenziato e 3206 t\/a di ingombranti a smaltimento. Nel 2009, il <em>Rapporto Rifiuti\nUrbani 2010 <\/em>di ISPRA, pubblicato successivamente alla presentazione della Proposta di\nPRGRU, riporta una produzione annua di 2.719.170 t\/a, con una raccolta differenziata\nche cresce di circa dieci punti percentuali, attestandosi al 29,3% su base regionale.\n<\/p>\n\n\n\n<p>I dati denunciano una scarsa propensione alla raccolta differenziata, ritengo, non per colpa del cittadino ma della dirigenza politica alla cui responsabilit\u00e0 \u00e8 rimessa ogni deci- sione organizzativa. L\u2019attuale organizzazione amministrativa della Provincia di Salerno, 158 Comuni che coprono una superficie di 4.917,47 Kmq, con 1.106.099 abitanti, prevede, per il ciclo integrato dei rifiuti, la suddivisione del territorio in quattro bacini di utenza ai quali fanno capo quattro Consorzi di bacino e una Societ\u00e0 partecipata da tutti i Consorzi per la gestione dei siti di trasferenza: <\/p>\n\n\n\n<p><em>Dati riassuntivi, desunti dal <\/em>Rapporto Rifiuti Urbani 2009 <em>di ISPRA\n<\/em><\/p>\n\n\n\n<table class=\"wp-block-table\"><tbody><tr><td>\n\t\t\t\t\t\t\n\t\t\t\t\t\t\t\n\t\t\t\t\t\t\t\t<strong>Produzione RSU\n<\/strong>\n\t\t\t\t\t\t\t\n\t\t\t\t\t\t\n\t\t\t\t\t<\/td><td>\n\t\t\t\t\t\t\n\t\t\t\t\t\t\t\n\t\t\t\t\t\t\t\t<strong>tonnellate\ngiorno\n<\/strong>\n\t\t\t\t\t\t\t\n\t\t\t\t\t\t\n\t\t\t\t\t<\/td><td>\n\t\t\t\t\t\t\n\t\t\t\t\t\t\t\n\t\t\t\t\t\t\t\t<strong>kg\/abitanti giorno\n<\/strong>\n\t\t\t\t\t\t\t\n\t\t\t\t\t\t\n\t\t\t\t\t<\/td><\/tr><tr><td>\n\t\t\t\t\t\t\n\t\t\t\t\t\t\t\n\t\t\t\t\t\t\t\t<strong>Rifiuti indifferenziati\n<\/strong>\n\t\t\t\t\t\t\t\n\t\t\t\t\t\t\n\t\t\t\t\t<\/td><td>\n\t\t\t\t\t\t\n\t\t\t\t\t\t\t\n\t\t\t\t\t\t\t\t6033,7\n\n\t\t\t\t\t\t\t\n\t\t\t\t\t\t\n\t\t\t\t\t<\/td><td>\n\t\t\t\t\t\t\n\t\t\t\t\t\t\t\n\t\t\t\t\t\t\t\t1,03\n\n\t\t\t\t\t\t\t\n\t\t\t\t\t\t\n\t\t\t\t\t<\/td><\/tr><tr><td>\n\t\t\t\t\t\t\n\t\t\t\t\t\t\t\n\t\t\t\t\t\t\t\t<strong>Rifiuti ingombranti a\nsmaltimento\n<\/strong>\n\t\t\t\t\t\t\t\n\t\t\t\t\t\t\n\t\t\t\t\t<\/td><td>\n\t\t\t\t\t\t\n\t\t\t\t\t\t\t\n\t\t\t\t\t\t\t\t8,8\n\n\t\t\t\t\t\t\t\n\t\t\t\t\t\t\n\t\t\t\t\t<\/td><td>\n\t\t\t\t\t\t\n\t\t\t\t\t\t\t\n\t\t\t\t\t\t\t\t1,5\u201310-3f\n\n\t\t\t\t\t\t\t\n\t\t\t\t\t\t\n\t\t\t\t\t<\/td><\/tr><tr><td>\n\t\t\t\t\t\t\n\t\t\t\t\t\t\t\n\t\t\t\t\t\t\t\t<strong>Rifiuti da raccolta diffe-\nrenziata\n<\/strong>\n\t\t\t\t\t\t\t\n\t\t\t\t\t\t\n\t\t\t\t\t<\/td><td>\n\t\t\t\t\t\t\n\t\t\t\t\t\t\t\n\t\t\t\t\t\t\t\t1418,7\n\n\t\t\t\t\t\t\t\n\t\t\t\t\t\t\n\t\t\t\t\t<\/td><td>\n\t\t\t\t\t\t\n\t\t\t\t\t\t\t\n\t\t\t\t\t\t\t\t0,24\n\n\t\t\t\t\t\t\t\n\t\t\t\t\t\t\n\t\t\t\t\t<\/td><\/tr><tr><td>\n\t\t\t\t\t\t\n\t\t\t\t\t\t\t\n\t\t\t\t\t\t\t\t<strong>Totale RSU prodotti\n<\/strong>\n\t\t\t\t\t\t\t\n\t\t\t\t\t\t\n\t\t\t\t\t<\/td><td>\n\t\t\t\t\t\t\n\t\t\t\t\t\t\t\n\t\t\t\t\t\t\t\t7461,2\n\n\t\t\t\t\t\t\t\n\t\t\t\t\t\t\n\t\t\t\t\t<\/td><td>\n\t\t\t\t\t\t\n\t\t\t\t\t\t\t\n\t\t\t\t\t\t\t\t1,28\n\n\t\t\t\t\t\t\t\n\t\t\t\t\t\t\n\t\t\t\t\t<\/td><\/tr><\/tbody><\/table>\n\n\n\n<table class=\"wp-block-table\"><tbody><tr><td>\n\t\t\t\t\t\t\n\t\t\t\t\t\t\t\n\t\t\t\t\t\t\t\t<strong>Provincia\n<\/strong>\n\t\t\t\t\t\t\t\n\t\t\t\t\t\t\n\t\t\t\t\t<\/td><td>\n\t\t\t\t\t\t\n\t\t\t\t\t\t\t\n\t\t\t\t\t\t\t\t<strong>Abitanti\n<\/strong>\n\t\t\t\t\t\t\t\n\t\t\t\t\t\t\n\t\t\t\t\t<\/td><td>\n\t\t\t\t\t\t\n\t\t\t\t\t\t\t\n\t\t\t\t\t\t\t\t<strong>Produzione RSU\n<\/strong>\n\t\t\t\t\t\t\t\n\t\t\t\t\t\t\n\t\t\t\t\t<\/td><td>\n\t\t\t\t\t\t\n\t\t\t\t\t\t\t\n\t\t\t\t\t\t\t\t<strong>Produzione RSU\nkg\/abitanti giorno\n<\/strong>\n\t\t\t\t\t\t\t\n\t\t\t\t\t\t\n\t\t\t\t\t<\/td><td>\n\t\t\t\t\t\t\n\t\t\t\t\t\t\t\n\t\t\t\t\t\t\t\t<strong>tonnellate\nanno\n<\/strong>\n\t\t\t\t\t\t\t\n\t\t\t\t\t\t\n\t\t\t\t\t<\/td><td>\n\t\t\t\t\t\t\n\t\t\t\t\t\t\t\n\t\t\t\t\t\t\t\t<strong>tonnellate\ngiorno\n<\/strong>\n\t\t\t\t\t\t\t\n\t\t\t\t\t\t\n\t\t\t\t\t<\/td><\/tr><tr><td>\n\t\t\t\t\t\t\n\t\t\t\t\t\t\t\n\t\t\t\t\t\t\t\t<strong>Napoli\n<\/strong>\n\t\t\t\t\t\t\t\n\t\t\t\t\t\t\n\t\t\t\t\t<\/td><td>\n\t\t\t\t\t\t\n\t\t\t\t\t\t\t\n\t\t\t\t\t\t\t\t3.074.375\n\n\t\t\t\t\t\t\t\n\t\t\t\t\t\t\n\t\t\t\t\t<\/td><td>\n\t\t\t\t\t\t\n\t\t\t\t\t\t\t\n\t\t\t\t\t\t\t\t1,41\n\n\t\t\t\t\t\t\t\n\t\t\t\t\t\t\n\t\t\t\t\t<\/td><td>\n\t\t\t\t\t\t\n\t\t\t\t\t\t\t\n\t\t\t\t\t\t\t\t1.584.340\n\n\t\t\t\t\t\t\t\n\t\t\t\t\t\t\n\t\t\t\t\t<\/td><td>\n\t\t\t\t\t\t\n\t\t\t\t\t\t\t\n\t\t\t\t\t\t\t\t4.341\n\n\t\t\t\t\t\t\t\n\t\t\t\t\t\t\n\t\t\t\t\t<\/td><td>\n\t\t\t\t\t\t\n\t\t\t\t\t\t\t\n\t\t\t\t\t\t\t\t58,10\n\n\t\t\t\t\t\t\t\n\t\t\t\t\t\t\n\t\t\t\t\t<\/td><\/tr><tr><td>\n\t\t\t\t\t\t\n\t\t\t\t\t\t\t\n\t\t\t\t\t\t\t\t<strong>Caserta\n<\/strong>\n\t\t\t\t\t\t\t\n\t\t\t\t\t\t\n\t\t\t\t\t<\/td><td>\n\t\t\t\t\t\t\n\t\t\t\t\t\t\t\n\t\t\t\t\t\t\t\t904.197\n\n\t\t\t\t\t\t\t\n\t\t\t\t\t\t\n\t\t\t\t\t<\/td><td>\n\t\t\t\t\t\t\n\t\t\t\t\t\t\t\n\t\t\t\t\t\t\t\t1,27\n\n\t\t\t\t\t\t\t\n\t\t\t\t\t\t\n\t\t\t\t\t<\/td><td>\n\t\t\t\t\t\t\n\t\t\t\t\t\t\t\n\t\t\t\t\t\t\t\t418.096\n\n\t\t\t\t\t\t\t\n\t\t\t\t\t\t\n\t\t\t\t\t<\/td><td>\n\t\t\t\t\t\t\n\t\t\t\t\t\t\t\n\t\t\t\t\t\t\t\t1.145\n\n\t\t\t\t\t\t\t\n\t\t\t\t\t\t\n\t\t\t\t\t<\/td><td>\n\t\t\t\t\t\t\n\t\t\t\t\t\t\t\n\t\t\t\t\t\t\t\t15,40\n\n\t\t\t\t\t\t\t\n\t\t\t\t\t\t\n\t\t\t\t\t<\/td><\/tr><tr><td>\n\t\t\t\t\t\t\n\t\t\t\t\t\t\t\n\t\t\t\t\t\t\t\t<strong>Salerno\n<\/strong>\n\t\t\t\t\t\t\t\n\t\t\t\t\t\t\n\t\t\t\t\t<\/td><td>\n\t\t\t\t\t\t\n\t\t\t\t\t\t\t\n\t\t\t\t\t\t\t\t1.106.099\n\n\t\t\t\t\t\t\t\n\t\t\t\t\t\t\n\t\t\t\t\t<\/td><td>\n\t\t\t\t\t\t\n\t\t\t\t\t\t\t\n\t\t\t\t\t\t\t\t1,14\n\n\t\t\t\t\t\t\t\n\t\t\t\t\t\t\n\t\t\t\t\t<\/td><td>\n\t\t\t\t\t\t\n\t\t\t\t\t\t\t\n\t\t\t\t\t\t\t\t458.547\n\n\t\t\t\t\t\t\t\n\t\t\t\t\t\t\n\t\t\t\t\t<\/td><td>\n\t\t\t\t\t\t\n\t\t\t\t\t\t\t\n\t\t\t\t\t\t\t\t1.256\n\n\t\t\t\t\t\t\t\n\t\t\t\t\t\t\n\t\t\t\t\t<\/td><td>\n\t\t\t\t\t\t\n\t\t\t\t\t\t\t\n\t\t\t\t\t\t\t\t16,80\n\n\t\t\t\t\t\t\t\n\t\t\t\t\t\t\n\t\t\t\t\t<\/td><\/tr><tr><td>\n\t\t\t\t\t\t\n\t\t\t\t\t\t\t\n\t\t\t\t\t\t\t\t<strong>Benevento\n<\/strong>\n\t\t\t\t\t\t\t\n\t\t\t\t\t\t\n\t\t\t\t\t<\/td><td>\n\t\t\t\t\t\t\n\t\t\t\t\t\t\t\n\t\t\t\t\t\t\t\t288.726\n\n\t\t\t\t\t\t\t\n\t\t\t\t\t\t\n\t\t\t\t\t<\/td><td>\n\t\t\t\t\t\t\n\t\t\t\t\t\t\t\n\t\t\t\t\t\t\t\t1,00\n\n\t\t\t\t\t\t\t\n\t\t\t\t\t\t\n\t\t\t\t\t<\/td><td>\n\t\t\t\t\t\t\n\t\t\t\t\t\t\t\n\t\t\t\t\t\t\t\t105.739\n\n\t\t\t\t\t\t\t\n\t\t\t\t\t\t\n\t\t\t\t\t<\/td><td>\n\t\t\t\t\t\t\n\t\t\t\t\t\t\t\n\t\t\t\t\t\t\t\t290\n\n\t\t\t\t\t\t\t\n\t\t\t\t\t\t\n\t\t\t\t\t<\/td><td>\n\t\t\t\t\t\t\n\t\t\t\t\t\t\t\n\t\t\t\t\t\t\t\t3,90\n\n\t\t\t\t\t\t\t\n\t\t\t\t\t\t\n\t\t\t\t\t<\/td><\/tr><tr><td>\n\t\t\t\t\t\t\n\t\t\t\t\t\t\t\n\t\t\t\t\t\t\t\t<strong>Avellino\n<\/strong>\n\t\t\t\t\t\t\t\n\t\t\t\t\t\t\n\t\t\t\t\t<\/td><td>\n\t\t\t\t\t\t\n\t\t\t\t\t\t\t\n\t\t\t\t\t\t\t\t439.565\n\n\t\t\t\t\t\t\t\n\t\t\t\t\t\t\n\t\t\t\t\t<\/td><td>\n\t\t\t\t\t\t\n\t\t\t\t\t\t\t\n\t\t\t\t\t\t\t\t0,98\n\n\t\t\t\t\t\t\t\n\t\t\t\t\t\t\n\t\t\t\t\t<\/td><td>\n\t\t\t\t\t\t\n\t\t\t\t\t\t\t\n\t\t\t\t\t\t\t\t156.604\n\n\t\t\t\t\t\t\t\n\t\t\t\t\t\t\n\t\t\t\t\t<\/td><td>\n\t\t\t\t\t\t\n\t\t\t\t\t\t\t\n\t\t\t\t\t\t\t\t429\n\n\t\t\t\t\t\t\t\n\t\t\t\t\t\t\n\t\t\t\t\t<\/td><td>\n\t\t\t\t\t\t\n\t\t\t\t\t\t\t\n\t\t\t\t\t\t\t\t5,80\n\n\t\t\t\t\t\t\t\n\t\t\t\t\t\t\n\t\t\t\t\t<\/td><\/tr><tr><td>\n\t\t\t\t\t\t\n\t\t\t\t\t\t\t\n\t\t\t\t\t\t\t\t<strong>Campania\n<\/strong>\n\t\t\t\t\t\t\t\n\t\t\t\t\t\t\n\t\t\t\t\t<\/td><td>\n\t\t\t\t\t\t\n\t\t\t\t\t\t\t\n\t\t\t\t\t\t\t\t5.812.962\n\n\t\t\t\t\t\t\t\n\t\t\t\t\t\t\n\t\t\t\t\t<\/td><td>\n\t\t\t\t\t\t\n\t\t\t\t\t\t\t\n\t\t\t\t\t\t\t\t1,28\n\n\t\t\t\t\t\t\t\n\t\t\t\t\t\t\n\t\t\t\t\t<\/td><td>\n\t\t\t\t\t\t\n\t\t\t\t\t\t\t\n\t\t\t\t\t\t\t\t2.723.326\n\n\t\t\t\t\t\t\t\n\t\t\t\t\t\t\n\t\t\t\t\t<\/td><td>\n\t\t\t\t\t\t\n\t\t\t\t\t\t\t\n\t\t\t\t\t\t\t\t7.461\n\n\t\t\t\t\t\t\t\n\t\t\t\t\t\t\n\t\t\t\t\t<\/td><td>\n\t\t\t\t\t\t\n\t\t\t\t\t\t\t\n\t\t\t\t\t\t\t\t100,00\n\n\t\t\t\t\t\t\t\n\t\t\t\t\t\t\n\t\t\t\t\t<\/td><\/tr><\/tbody><\/table>\n\n\n\n<p>\u2013 Consorzio Salerno 1: 20 Comuni ubicati nell\u2019Agro nocerino-sarnese, Valle Irno, Cava de\u2019 Tirreni, con una popolazione di 408.911 abitanti, sparsa su una superficie di 335 Kmq; <br>\u2013 Consorzio Salerno 2: formato da 44 Comuni (Salerno e altri 43 a Sud di Salerno), gli abitanti sono 424.427 residenti su una superficie di 780,86 Kmq;<br> \u2013 Consorzio Salerno 3: costituito da 45 Comuni ricadenti nei Comprensori degli Alburni, Alto e Medio Sele, Bussento, Tanagro, Vallo di Diano; i residenti sono 131.012, sparsi su una superficie di 805 Kmq;<br>\u2013 Consorzio Salerno 4: 49 Comuni ricadenti all\u2019interno del perimetro del Parco Nazionale del Cilento e Vallo di Diano; gli abitanti sono 123.107 sparsi su una superficie di 1.352 Kmq. <\/p>\n\n\n\n<p>Dalla tabella precedente si rileva che, durante l\u2019anno 2008, i predetti quattro consorzi hanno gestito (bene o male: ognuno di noi guardando la realt\u00e0 pu\u00f2 valutare) la produzione di 458.577 tonnellate di rifiuti solidi urbani (RSU). Una miniera che se ben gestita, attraverso un riciclo virtuoso dei rifiuti, costituisce una fonte di ricchezza con l\u2019aggiunta della salvaguarda ambientale. Per rafforzare questo mio dire riporto qui di seguito quanto letto, sul sito di Legambiente, circa i tempi in cui si degradano alcuni oggetti d\u2019uso comune abbandonati incoscientemente. Li elenco: scatoletta di metallo: 50 anni; lattina di alluminio: da 20 a 100 anni; mozzicone di sigaretta: 2 anni; bottiglia di vetro: 4000 anni; contenitore di polistirolo: 1000 anni; bottiglia e sacchetto di plastica: da 100 a 1000 anni; resti di frutta e verdura: da 3 mesi a 2 anni; pannolino usa e getta: 450 anni; piatti, bicchieri e accessori di plastica: da 100 a 1000 anni; gomma da masticare: 5 anni; card plastificata o telefonica: da 100 a 1000 anni; giornale e rivista: 6 mesi; indumento di lana o cotone: 1 anno; fazzoletto e tovagliolo di carta: 3 mesi; cartone di latte o succo: 1 anno; scatola di cartone: 2 mesi; accendino di plastica: da 100 a 1000 anni; tessuto sintetico: 500 anni. <\/p>\n\n\n\n<p>Le Civilt\u00e0 passate, ci hanno tramandato pregevoli strutture mentre la nostra rischia di lasciare solo rifiuti e inquinamento dell\u2019ambiente di vita e di lavoro, il tutto causato da un inconsapevole e incosciente \u201cconsumismo\u201d. Diamoci, pertanto, una regolata e incrementiamo un intelligente e fruttuoso riciclo per creare anche una nuova economia. <\/p>\n\n\n\n<p>Il Nord dell\u2019Italia si \u00e8 gi\u00e0 avviato: a Rimini, dal 5 all\u20198 novembre 2014, si \u00e8 svolta la 18\u00b0 Fiera per eccellenza delle tecnologie e dei sistemi per l\u2019Ambiente \u201cEcomondo\u201d: lo sviluppo possibile per creare una nuova economia. Le aziende presenti erano articolate fra i saloni: <em>Ecomondo<\/em>, dedicato al recupero e al riuso di materia ed energia; <em>key Energy<\/em>, energia rinnovabile ed efficienza energetica; <em>key Wind<\/em>, energia eolica; <em>H2R<\/em>, mobilit\u00e0 sostenibile; <em>Cooperambiente<\/em>, sistema coop per l\u2019ambiente: <em>Condominio Eco<\/em>, soluzioni e servizi per gli immobili. <\/p>\n\n\n\n<p>E noi della Campania, cosa stiamo facendo? La Regione ha legiferato sulla <em>Organizzazione del servizio rifiuti urbani in Campania<\/em>: con la Legge del 24 gennaio 2014 n. 5, ha modificato la n. 4 del 2007, delimitando sette ATO di cui tre interni al territorio provinciale di Napoli e quattro corrispondenti ai territori delle province di Avellino, Benevento, Caserta e Salerno. Successivamente, con Delibera di Giunta n. 106 del 23 aprile 2014 \u00e8 stato decretato, su richiesta degli enti stessi, lo spostamento di cinque Comuni ricadenti nella Provincie di Avellino (Calabritto, Caposele e Senerchia) e di Benevento (Rotondi e San Martino Valle Caudina) negli ATO di Salerno. L\u2019intenzione \u00e8 quella di consentire l\u2019organizzazione dei servizi in base alle diversit\u00e0 territoriali e favorire l\u2019efficienza gestionale, con particolare riferimento al servizio di spazzamento, raccolta e trasporto di rifiuti, ciascun ATO pu\u00f2 essere articolato in aree omogenee, denominate Sistemi Territoriali Operativi (STO), sulla base dei seguenti criteri: <\/p>\n\n\n\n<p>1. popolazione o bacino di utenza;<br>\n2. densit\u00e0 abitativa;<br>\n3. caratteristiche morfologiche e urbanistiche;<br>\n4. logistica, in funzione della dislocazione degli impianti;<br>\n5. limite demografico, tenendo conto dei vincoli minimi imposti dal D.L. 78\/2010\n<\/p>\n\n\n\n<p>per l\u2019esercizio associato delle funzioni fondamentali da parte dei comuni con meno di\n3.000 abitanti.\n<\/p>\n\n\n\n<p>La delimitazione degli STO \u00e8 definita dalle Conferenze d\u2019Ambito.\n<\/p>\n\n\n\n<p>Funzioni di governo dei bacini\/ambiti: in base all\u2019art. 15-bis della L. R. n. 4\/2007 come modificata dalla L. R. n. 5\/2014, i Comuni di ciascun Ambito Territoriale Ottimale esercitano, in forma aggregata, le funzioni di organizzazione del servizio, associandosi secondo le forme previste dall\u2019art. 30 del D. Lgs. 18 ago. 2000 n. 267, sottoscrivendo opportuna convenzione e individuando, per ciascun ATO, una Conferenza d\u2019Ambito che rappresenta l\u2019ente di governo dell\u2019ATO ai sensi del D. Lgs. 138\/2011, art. 3-bis. Le decisioni riguardanti esclusivamente i singoli STO sono adottate dalla Conferenza d\u2019ambito riunita in assemblea ristretta, presieduta dal Presidente della Conferenza d\u2019ATO, alla quale partecipano esclusivamente i Sindaci dei Comuni ricadenti nel rispettivo STO. <\/p>\n\n\n\n<p>L\u2019art. 30, del Decreto Legislativo 18 agosto 2000, n. 267, prescrive:\n<\/p>\n\n\n\n<p>1. Al fine di svolgere in modo coordinato funzioni e servizi determinati, gli enti locali possono stipulare tra loro apposite convenzioni; <br>2. Le convenzioni devono stabilire i fini, la durata, le forme di consultazione degli enti contraenti, i loro rapporti finanziari e i reciproci obblighi e garanzie; <br>3. Per la gestione a tempo determinato di uno specifico servizio o per la realizzazione di un\u2019opera lo Stato e la Regione, nelle materie di propria competenza, possono prevedere forme di convenzione obbligatoria fra enti locali, previa statuizione di un disciplinare \u2013 tipo; <br>4. Le convenzioni di cui al presente articolo possono prevedere anche la costituzione di uffici comuni, che operano con personale distaccato dagli enti partecipanti, ai quali affidare l\u2019esercizio delle funzioni pubbliche in luogo degli enti partecipanti all\u2019accordo, ovvero la delega di funzioni da parte degli enti partecipanti all\u2019accordo a favore di uno di essi, che opera in luogo e per conto degli enti deleganti. <\/p>\n\n\n\n<p>La decisione regionale di provincializzare il servizio di gestione del ciclo integrato dei rifiuti urbani, attraverso societ\u00e0 Provinciali, aperte al capitale privato, senza regole certe, non appare convincente per la realizzazione dei previsti risultati di economicit\u00e0 e di efficienza industriale dei servizi da erogare al territorio anche e soprattutto attraverso il superamento della frammentazione della gestione attuale per raggiungere la realizzazione di un sistema basato sui principi dell\u2019efficienza. Buone intenzioni (la via di Damasco era lastricata di buone intenzioni) e tanta, tanta, tanta burocrazia che complica tutto. A mio modesto parere, \u00e8 un salto nel buio. Si prevede di conseguire \u201cfumose\u201d e\u201cfantomatiche\u201d economie di scala e un generico \u201cmigliore utilizzo delle risorse disponibili\u201d. \u00c8 appena il caso di precisare che le invocate \u201ceconomie di scala\u201d si occupano solo del prezzo e non badano alla gestione; infatti, nessun bilancio le rileva e mettono a rischio la qualit\u00e0 del servizio e i livelli occupazionali. E infine, e non per ultimo, il voler accentrare a livello provinciale realt\u00e0 diverse significa renderne difficile e difficoltosa la gestione con il rischio certo di creare confusione amministrativa e aumentare i costi. Valga l\u2019esempio della Sanit\u00e0 \u201cprovincializzata\u201d che a mio avviso va rivisto: questo rappresenta altro argomento da affrontare. <\/p>\n\n\n\n<p>Desidero evidenziare che le riforme, che coinvolgono in prima persona i cittadini, de-\nvono partire dal basso e non essere calate dall\u2019alto per restare poi non attuate secondo\nle iniziali intenzioni programmate. Il decisore politico nazionale e regionale deve dettare\npoche regole chiare, non intervenire nella gestione ma controllare.\n<\/p>\n\n\n\n<p>Nel caso dei rifiuti solidi urbani si dovrebbero imporre ai Comuni poche e ferree regole\nche di seguito enumero:\n<\/p>\n\n\n\n<p>1. Obbligo di consorzio per i Comuni limitrofi e\/o vicini per raccolta, trasporto e stoccaggio temporaneo dei rifiuti solidi urbani; <br>2. Obbligo di raccolta differenziata di tutti i rifiuti solidi urbani; <br>3. Centri di raccolta presso i rivenditori di pile esauste, cartucce di toner esauste, farmaci scaduti, e altri eventuali rifiuti speciali; <br>4. Obbligo di organizzare e attrezzare una adeguata struttura impiantistica consortile ove allocare temporaneamente i rifiuti solidi urbani gi\u00e0 selezionati in fase di raccolta e da avviare al riciclo; <br>5. Obbligo di organizzare e attrezzare una adeguata struttura impiantistica consortile ove allocare i rifiuti ingombranti durevoli e da recuperare; <br>6. Obbligo di raccogliere il vetro in base al suo colore; <br>7. Obbligo della raccolta, in appositi contenitori dedicati, del rifiuto organico (cosiddetto umido); <br>8. Obbligo di costruire in ogni consorzio un apposito impianto di compostaggio per il riciclo dell\u2019umido; <br>9. Obbligo di stipulare appositi contratti con imprese autorizzate per la vendita dei RSU appositamente selezionati come pretende il mercato; <br>10. Obbligo del governo dei costi (tutti i costi devono essere interamente coperti dai Comuni del Consorzio e resi trasparenti con la pubblicazione dei bilanci). <\/p>\n\n\n\n<p>Ovviamente ogni obbligo non assolto deve essere sanzionato solo ed esclusivamente con il pagamento di pene pecuniarie a carico degli amministratori locali che a tale scopo devono essere preventivamente muniti di poteri decisionali per l\u2019esecuzione degli obblighi affidati. Favorire con leggi e decreti il lavoro di imprese e di cooperative locali secondo il principio che i soldi pagati dalla comunit\u00e0 locale restino alla stessa comunit\u00e0 attraverso la organizzazione di imprese e cooperative della stessa comunit\u00e0 e che i ricavi della vendita dei rifiuti siano restituiti, sotto forma di sgravi tariffari, ai cittadini che hanno contribuito alla raccolta differenziata. <\/p>\n\n\n\n<p>\u00c8 l\u2019interesse condiviso che muove il mercato e facilita la gestione dei rifiuti. <\/p>\n\n\n\n<p style=\"text-align:right\"><em>Giovanni Minardi\n<\/em><\/p>\n<div class=\"pdfprnt-buttons pdfprnt-buttons-post pdfprnt-bottom-left\"><a href=\"https:\/\/www.istitutogalanteoliva.it\/magazine\/wp-json\/wp\/v2\/posts\/17?print=print\" class=\"pdfprnt-button pdfprnt-button-print\" target=\"_blank\"><img decoding=\"async\" src=\"https:\/\/www.istitutogalanteoliva.it\/magazine\/wp-content\/plugins\/pdf-print\/images\/print.png\" alt=\"image_print\" title=\"Stampa contenuto\" \/><span class=\"pdfprnt-button-title pdfprnt-button-print-title\">Download in PDF<\/span><\/a><\/div>","protected":false},"excerpt":{"rendered":"<p>La raccolta differenziata \u00e8, prima di tutto, un dovere di ciascuna persona per preservare il<\/p>\n","protected":false},"author":1,"featured_media":86,"comment_status":"open","ping_status":"open","sticky":false,"template":"","format":"standard","meta":{"footnotes":""},"categories":[4,6],"tags":[],"class_list":["post-17","post","type-post","status-publish","format-standard","has-post-thumbnail","hentry","category-4","category-ambiente"],"yoast_head":"<!-- This site is optimized with the Yoast SEO plugin v24.2 - https:\/\/yoast.com\/wordpress\/plugins\/seo\/ -->\n<title>Difendere l\u2019Ambiente: necessita\u0300 e convenienza - Polis SA Magazine<\/title>\n<meta name=\"robots\" content=\"index, follow, max-snippet:-1, max-image-preview:large, max-video-preview:-1\" \/>\n<link rel=\"canonical\" href=\"https:\/\/www.istitutogalanteoliva.it\/magazine\/2015\/04\/03\/difendere-lambiente-necessita-e-convenienza\/\" \/>\n<meta property=\"og:locale\" content=\"it_IT\" \/>\n<meta property=\"og:type\" content=\"article\" \/>\n<meta property=\"og:title\" content=\"Difendere l\u2019Ambiente: necessita\u0300 e convenienza - Polis SA Magazine\" \/>\n<meta property=\"og:description\" content=\"La raccolta differenziata \u00e8, prima di tutto, un dovere di ciascuna persona per preservare il\" \/>\n<meta property=\"og:url\" content=\"https:\/\/www.istitutogalanteoliva.it\/magazine\/2015\/04\/03\/difendere-lambiente-necessita-e-convenienza\/\" \/>\n<meta property=\"og:site_name\" content=\"Polis SA Magazine\" \/>\n<meta property=\"article:publisher\" content=\"https:\/\/www.facebook.com\/PolisSAMagazine\/\" \/>\n<meta property=\"article:published_time\" content=\"2015-04-03T09:36:13+00:00\" \/>\n<meta property=\"article:modified_time\" content=\"2019-02-22T14:42:43+00:00\" \/>\n<meta property=\"og:image\" content=\"https:\/\/www.istitutogalanteoliva.it\/magazine\/wp-content\/uploads\/2015\/04\/disposal-1846033_640.jpg\" \/>\n\t<meta property=\"og:image:width\" content=\"640\" \/>\n\t<meta property=\"og:image:height\" content=\"426\" \/>\n\t<meta property=\"og:image:type\" content=\"image\/jpeg\" \/>\n<meta name=\"author\" content=\"admin\" \/>\n<meta name=\"twitter:card\" content=\"summary_large_image\" \/>\n<meta name=\"twitter:creator\" content=\"@MagazinePolis\" \/>\n<meta name=\"twitter:site\" content=\"@MagazinePolis\" \/>\n<meta name=\"twitter:label1\" content=\"Scritto da\" \/>\n\t<meta name=\"twitter:data1\" content=\"admin\" \/>\n\t<meta name=\"twitter:label2\" content=\"Tempo di lettura stimato\" \/>\n\t<meta name=\"twitter:data2\" content=\"10 minuti\" \/>\n<script type=\"application\/ld+json\" class=\"yoast-schema-graph\">{\"@context\":\"https:\/\/schema.org\",\"@graph\":[{\"@type\":\"Article\",\"@id\":\"https:\/\/www.istitutogalanteoliva.it\/magazine\/2015\/04\/03\/difendere-lambiente-necessita-e-convenienza\/#article\",\"isPartOf\":{\"@id\":\"https:\/\/www.istitutogalanteoliva.it\/magazine\/2015\/04\/03\/difendere-lambiente-necessita-e-convenienza\/\"},\"author\":{\"name\":\"admin\",\"@id\":\"https:\/\/www.istitutogalanteoliva.it\/magazine\/#\/schema\/person\/72e8141246542ebcf905456f5dbd4c49\"},\"headline\":\"Difendere l\u2019Ambiente: necessita\u0300 e convenienza\",\"datePublished\":\"2015-04-03T09:36:13+00:00\",\"dateModified\":\"2019-02-22T14:42:43+00:00\",\"mainEntityOfPage\":{\"@id\":\"https:\/\/www.istitutogalanteoliva.it\/magazine\/2015\/04\/03\/difendere-lambiente-necessita-e-convenienza\/\"},\"wordCount\":1949,\"commentCount\":0,\"publisher\":{\"@id\":\"https:\/\/www.istitutogalanteoliva.it\/magazine\/#organization\"},\"image\":{\"@id\":\"https:\/\/www.istitutogalanteoliva.it\/magazine\/2015\/04\/03\/difendere-lambiente-necessita-e-convenienza\/#primaryimage\"},\"thumbnailUrl\":\"https:\/\/www.istitutogalanteoliva.it\/magazine\/wp-content\/uploads\/2015\/04\/disposal-1846033_640.jpg\",\"articleSection\":[\"2015\",\"Ambiente\"],\"inLanguage\":\"it-IT\",\"potentialAction\":[{\"@type\":\"CommentAction\",\"name\":\"Comment\",\"target\":[\"https:\/\/www.istitutogalanteoliva.it\/magazine\/2015\/04\/03\/difendere-lambiente-necessita-e-convenienza\/#respond\"]}]},{\"@type\":\"WebPage\",\"@id\":\"https:\/\/www.istitutogalanteoliva.it\/magazine\/2015\/04\/03\/difendere-lambiente-necessita-e-convenienza\/\",\"url\":\"https:\/\/www.istitutogalanteoliva.it\/magazine\/2015\/04\/03\/difendere-lambiente-necessita-e-convenienza\/\",\"name\":\"Difendere l\u2019Ambiente: necessita\u0300 e convenienza - Polis SA Magazine\",\"isPartOf\":{\"@id\":\"https:\/\/www.istitutogalanteoliva.it\/magazine\/#website\"},\"primaryImageOfPage\":{\"@id\":\"https:\/\/www.istitutogalanteoliva.it\/magazine\/2015\/04\/03\/difendere-lambiente-necessita-e-convenienza\/#primaryimage\"},\"image\":{\"@id\":\"https:\/\/www.istitutogalanteoliva.it\/magazine\/2015\/04\/03\/difendere-lambiente-necessita-e-convenienza\/#primaryimage\"},\"thumbnailUrl\":\"https:\/\/www.istitutogalanteoliva.it\/magazine\/wp-content\/uploads\/2015\/04\/disposal-1846033_640.jpg\",\"datePublished\":\"2015-04-03T09:36:13+00:00\",\"dateModified\":\"2019-02-22T14:42:43+00:00\",\"breadcrumb\":{\"@id\":\"https:\/\/www.istitutogalanteoliva.it\/magazine\/2015\/04\/03\/difendere-lambiente-necessita-e-convenienza\/#breadcrumb\"},\"inLanguage\":\"it-IT\",\"potentialAction\":[{\"@type\":\"ReadAction\",\"target\":[\"https:\/\/www.istitutogalanteoliva.it\/magazine\/2015\/04\/03\/difendere-lambiente-necessita-e-convenienza\/\"]}]},{\"@type\":\"ImageObject\",\"inLanguage\":\"it-IT\",\"@id\":\"https:\/\/www.istitutogalanteoliva.it\/magazine\/2015\/04\/03\/difendere-lambiente-necessita-e-convenienza\/#primaryimage\",\"url\":\"https:\/\/www.istitutogalanteoliva.it\/magazine\/wp-content\/uploads\/2015\/04\/disposal-1846033_640.jpg\",\"contentUrl\":\"https:\/\/www.istitutogalanteoliva.it\/magazine\/wp-content\/uploads\/2015\/04\/disposal-1846033_640.jpg\",\"width\":640,\"height\":426},{\"@type\":\"BreadcrumbList\",\"@id\":\"https:\/\/www.istitutogalanteoliva.it\/magazine\/2015\/04\/03\/difendere-lambiente-necessita-e-convenienza\/#breadcrumb\",\"itemListElement\":[{\"@type\":\"ListItem\",\"position\":1,\"name\":\"Home\",\"item\":\"https:\/\/www.istitutogalanteoliva.it\/magazine\/\"},{\"@type\":\"ListItem\",\"position\":2,\"name\":\"Difendere l\u2019Ambiente: necessita\u0300 e convenienza\"}]},{\"@type\":\"WebSite\",\"@id\":\"https:\/\/www.istitutogalanteoliva.it\/magazine\/#website\",\"url\":\"https:\/\/www.istitutogalanteoliva.it\/magazine\/\",\"name\":\"POLIS SA MAGAZINE\",\"description\":\"Informazione e approfondimenti\",\"publisher\":{\"@id\":\"https:\/\/www.istitutogalanteoliva.it\/magazine\/#organization\"},\"potentialAction\":[{\"@type\":\"SearchAction\",\"target\":{\"@type\":\"EntryPoint\",\"urlTemplate\":\"https:\/\/www.istitutogalanteoliva.it\/magazine\/?s={search_term_string}\"},\"query-input\":{\"@type\":\"PropertyValueSpecification\",\"valueRequired\":true,\"valueName\":\"search_term_string\"}}],\"inLanguage\":\"it-IT\"},{\"@type\":\"Organization\",\"@id\":\"https:\/\/www.istitutogalanteoliva.it\/magazine\/#organization\",\"name\":\"Polis SA Magazine\",\"url\":\"https:\/\/www.istitutogalanteoliva.it\/magazine\/\",\"logo\":{\"@type\":\"ImageObject\",\"inLanguage\":\"it-IT\",\"@id\":\"https:\/\/www.istitutogalanteoliva.it\/magazine\/#\/schema\/logo\/image\/\",\"url\":\"\",\"contentUrl\":\"\",\"caption\":\"Polis SA Magazine\"},\"image\":{\"@id\":\"https:\/\/www.istitutogalanteoliva.it\/magazine\/#\/schema\/logo\/image\/\"},\"sameAs\":[\"https:\/\/www.facebook.com\/PolisSAMagazine\/\",\"https:\/\/x.com\/MagazinePolis\",\"https:\/\/www.youtube.com\/channel\/UCv0Mr5AHKUmsc0sEEXkJrgw\"]},{\"@type\":\"Person\",\"@id\":\"https:\/\/www.istitutogalanteoliva.it\/magazine\/#\/schema\/person\/72e8141246542ebcf905456f5dbd4c49\",\"name\":\"admin\",\"image\":{\"@type\":\"ImageObject\",\"inLanguage\":\"it-IT\",\"@id\":\"https:\/\/www.istitutogalanteoliva.it\/magazine\/#\/schema\/person\/image\/\",\"url\":\"https:\/\/secure.gravatar.com\/avatar\/07059cc99eeb1edd29e138d1812e69ec?s=96&d=mm&r=g\",\"contentUrl\":\"https:\/\/secure.gravatar.com\/avatar\/07059cc99eeb1edd29e138d1812e69ec?s=96&d=mm&r=g\",\"caption\":\"admin\"},\"url\":\"https:\/\/www.istitutogalanteoliva.it\/magazine\/author\/admin\/\"}]}<\/script>\n<!-- \/ Yoast SEO plugin. -->","yoast_head_json":{"title":"Difendere l\u2019Ambiente: necessita\u0300 e convenienza - Polis SA Magazine","robots":{"index":"index","follow":"follow","max-snippet":"max-snippet:-1","max-image-preview":"max-image-preview:large","max-video-preview":"max-video-preview:-1"},"canonical":"https:\/\/www.istitutogalanteoliva.it\/magazine\/2015\/04\/03\/difendere-lambiente-necessita-e-convenienza\/","og_locale":"it_IT","og_type":"article","og_title":"Difendere l\u2019Ambiente: necessita\u0300 e convenienza - Polis SA Magazine","og_description":"La raccolta differenziata \u00e8, prima di tutto, un dovere di ciascuna persona per preservare il","og_url":"https:\/\/www.istitutogalanteoliva.it\/magazine\/2015\/04\/03\/difendere-lambiente-necessita-e-convenienza\/","og_site_name":"Polis SA Magazine","article_publisher":"https:\/\/www.facebook.com\/PolisSAMagazine\/","article_published_time":"2015-04-03T09:36:13+00:00","article_modified_time":"2019-02-22T14:42:43+00:00","og_image":[{"width":640,"height":426,"url":"https:\/\/www.istitutogalanteoliva.it\/magazine\/wp-content\/uploads\/2015\/04\/disposal-1846033_640.jpg","type":"image\/jpeg"}],"author":"admin","twitter_card":"summary_large_image","twitter_creator":"@MagazinePolis","twitter_site":"@MagazinePolis","twitter_misc":{"Scritto da":"admin","Tempo di lettura stimato":"10 minuti"},"schema":{"@context":"https:\/\/schema.org","@graph":[{"@type":"Article","@id":"https:\/\/www.istitutogalanteoliva.it\/magazine\/2015\/04\/03\/difendere-lambiente-necessita-e-convenienza\/#article","isPartOf":{"@id":"https:\/\/www.istitutogalanteoliva.it\/magazine\/2015\/04\/03\/difendere-lambiente-necessita-e-convenienza\/"},"author":{"name":"admin","@id":"https:\/\/www.istitutogalanteoliva.it\/magazine\/#\/schema\/person\/72e8141246542ebcf905456f5dbd4c49"},"headline":"Difendere l\u2019Ambiente: necessita\u0300 e convenienza","datePublished":"2015-04-03T09:36:13+00:00","dateModified":"2019-02-22T14:42:43+00:00","mainEntityOfPage":{"@id":"https:\/\/www.istitutogalanteoliva.it\/magazine\/2015\/04\/03\/difendere-lambiente-necessita-e-convenienza\/"},"wordCount":1949,"commentCount":0,"publisher":{"@id":"https:\/\/www.istitutogalanteoliva.it\/magazine\/#organization"},"image":{"@id":"https:\/\/www.istitutogalanteoliva.it\/magazine\/2015\/04\/03\/difendere-lambiente-necessita-e-convenienza\/#primaryimage"},"thumbnailUrl":"https:\/\/www.istitutogalanteoliva.it\/magazine\/wp-content\/uploads\/2015\/04\/disposal-1846033_640.jpg","articleSection":["2015","Ambiente"],"inLanguage":"it-IT","potentialAction":[{"@type":"CommentAction","name":"Comment","target":["https:\/\/www.istitutogalanteoliva.it\/magazine\/2015\/04\/03\/difendere-lambiente-necessita-e-convenienza\/#respond"]}]},{"@type":"WebPage","@id":"https:\/\/www.istitutogalanteoliva.it\/magazine\/2015\/04\/03\/difendere-lambiente-necessita-e-convenienza\/","url":"https:\/\/www.istitutogalanteoliva.it\/magazine\/2015\/04\/03\/difendere-lambiente-necessita-e-convenienza\/","name":"Difendere l\u2019Ambiente: necessita\u0300 e convenienza - Polis SA Magazine","isPartOf":{"@id":"https:\/\/www.istitutogalanteoliva.it\/magazine\/#website"},"primaryImageOfPage":{"@id":"https:\/\/www.istitutogalanteoliva.it\/magazine\/2015\/04\/03\/difendere-lambiente-necessita-e-convenienza\/#primaryimage"},"image":{"@id":"https:\/\/www.istitutogalanteoliva.it\/magazine\/2015\/04\/03\/difendere-lambiente-necessita-e-convenienza\/#primaryimage"},"thumbnailUrl":"https:\/\/www.istitutogalanteoliva.it\/magazine\/wp-content\/uploads\/2015\/04\/disposal-1846033_640.jpg","datePublished":"2015-04-03T09:36:13+00:00","dateModified":"2019-02-22T14:42:43+00:00","breadcrumb":{"@id":"https:\/\/www.istitutogalanteoliva.it\/magazine\/2015\/04\/03\/difendere-lambiente-necessita-e-convenienza\/#breadcrumb"},"inLanguage":"it-IT","potentialAction":[{"@type":"ReadAction","target":["https:\/\/www.istitutogalanteoliva.it\/magazine\/2015\/04\/03\/difendere-lambiente-necessita-e-convenienza\/"]}]},{"@type":"ImageObject","inLanguage":"it-IT","@id":"https:\/\/www.istitutogalanteoliva.it\/magazine\/2015\/04\/03\/difendere-lambiente-necessita-e-convenienza\/#primaryimage","url":"https:\/\/www.istitutogalanteoliva.it\/magazine\/wp-content\/uploads\/2015\/04\/disposal-1846033_640.jpg","contentUrl":"https:\/\/www.istitutogalanteoliva.it\/magazine\/wp-content\/uploads\/2015\/04\/disposal-1846033_640.jpg","width":640,"height":426},{"@type":"BreadcrumbList","@id":"https:\/\/www.istitutogalanteoliva.it\/magazine\/2015\/04\/03\/difendere-lambiente-necessita-e-convenienza\/#breadcrumb","itemListElement":[{"@type":"ListItem","position":1,"name":"Home","item":"https:\/\/www.istitutogalanteoliva.it\/magazine\/"},{"@type":"ListItem","position":2,"name":"Difendere l\u2019Ambiente: necessita\u0300 e convenienza"}]},{"@type":"WebSite","@id":"https:\/\/www.istitutogalanteoliva.it\/magazine\/#website","url":"https:\/\/www.istitutogalanteoliva.it\/magazine\/","name":"POLIS SA MAGAZINE","description":"Informazione e approfondimenti","publisher":{"@id":"https:\/\/www.istitutogalanteoliva.it\/magazine\/#organization"},"potentialAction":[{"@type":"SearchAction","target":{"@type":"EntryPoint","urlTemplate":"https:\/\/www.istitutogalanteoliva.it\/magazine\/?s={search_term_string}"},"query-input":{"@type":"PropertyValueSpecification","valueRequired":true,"valueName":"search_term_string"}}],"inLanguage":"it-IT"},{"@type":"Organization","@id":"https:\/\/www.istitutogalanteoliva.it\/magazine\/#organization","name":"Polis SA Magazine","url":"https:\/\/www.istitutogalanteoliva.it\/magazine\/","logo":{"@type":"ImageObject","inLanguage":"it-IT","@id":"https:\/\/www.istitutogalanteoliva.it\/magazine\/#\/schema\/logo\/image\/","url":"","contentUrl":"","caption":"Polis SA Magazine"},"image":{"@id":"https:\/\/www.istitutogalanteoliva.it\/magazine\/#\/schema\/logo\/image\/"},"sameAs":["https:\/\/www.facebook.com\/PolisSAMagazine\/","https:\/\/x.com\/MagazinePolis","https:\/\/www.youtube.com\/channel\/UCv0Mr5AHKUmsc0sEEXkJrgw"]},{"@type":"Person","@id":"https:\/\/www.istitutogalanteoliva.it\/magazine\/#\/schema\/person\/72e8141246542ebcf905456f5dbd4c49","name":"admin","image":{"@type":"ImageObject","inLanguage":"it-IT","@id":"https:\/\/www.istitutogalanteoliva.it\/magazine\/#\/schema\/person\/image\/","url":"https:\/\/secure.gravatar.com\/avatar\/07059cc99eeb1edd29e138d1812e69ec?s=96&d=mm&r=g","contentUrl":"https:\/\/secure.gravatar.com\/avatar\/07059cc99eeb1edd29e138d1812e69ec?s=96&d=mm&r=g","caption":"admin"},"url":"https:\/\/www.istitutogalanteoliva.it\/magazine\/author\/admin\/"}]}},"_links":{"self":[{"href":"https:\/\/www.istitutogalanteoliva.it\/magazine\/wp-json\/wp\/v2\/posts\/17","targetHints":{"allow":["GET"]}}],"collection":[{"href":"https:\/\/www.istitutogalanteoliva.it\/magazine\/wp-json\/wp\/v2\/posts"}],"about":[{"href":"https:\/\/www.istitutogalanteoliva.it\/magazine\/wp-json\/wp\/v2\/types\/post"}],"author":[{"embeddable":true,"href":"https:\/\/www.istitutogalanteoliva.it\/magazine\/wp-json\/wp\/v2\/users\/1"}],"replies":[{"embeddable":true,"href":"https:\/\/www.istitutogalanteoliva.it\/magazine\/wp-json\/wp\/v2\/comments?post=17"}],"version-history":[{"count":2,"href":"https:\/\/www.istitutogalanteoliva.it\/magazine\/wp-json\/wp\/v2\/posts\/17\/revisions"}],"predecessor-version":[{"id":23,"href":"https:\/\/www.istitutogalanteoliva.it\/magazine\/wp-json\/wp\/v2\/posts\/17\/revisions\/23"}],"wp:featuredmedia":[{"embeddable":true,"href":"https:\/\/www.istitutogalanteoliva.it\/magazine\/wp-json\/wp\/v2\/media\/86"}],"wp:attachment":[{"href":"https:\/\/www.istitutogalanteoliva.it\/magazine\/wp-json\/wp\/v2\/media?parent=17"}],"wp:term":[{"taxonomy":"category","embeddable":true,"href":"https:\/\/www.istitutogalanteoliva.it\/magazine\/wp-json\/wp\/v2\/categories?post=17"},{"taxonomy":"post_tag","embeddable":true,"href":"https:\/\/www.istitutogalanteoliva.it\/magazine\/wp-json\/wp\/v2\/tags?post=17"}],"curies":[{"name":"wp","href":"https:\/\/api.w.org\/{rel}","templated":true}]}}