{"id":17263,"date":"2025-02-07T10:20:51","date_gmt":"2025-02-07T09:20:51","guid":{"rendered":"https:\/\/www.istitutogalanteoliva.it\/magazine\/?p=17263"},"modified":"2025-02-10T10:23:13","modified_gmt":"2025-02-10T09:23:13","slug":"diario-di-una-vittima-della-droga-19","status":"publish","type":"post","link":"https:\/\/www.istitutogalanteoliva.it\/magazine\/2025\/02\/07\/diario-di-una-vittima-della-droga-19\/","title":{"rendered":"Diario di una vittima della droga &#8211; 19"},"content":{"rendered":"\n<div class=\"wp-block-group has-background\" style=\"background-color:#8dd2fc29\"><div class=\"wp-block-group__inner-container is-layout-constrained wp-block-group-is-layout-constrained\">\n<div class=\"wp-block-group\"><div class=\"wp-block-group__inner-container is-layout-constrained wp-block-group-is-layout-constrained\">\n<h1 class=\"wp-block-heading has-text-align-center\"><strong>Diario di una vittima della droga &nbsp;&nbsp;<\/strong><\/h1>\n\n\n\n<h4 class=\"wp-block-heading has-text-align-center\"><sup style=\"\">Diario di Camilla Roberto, madre di Antonio Metad Eid Sayed, un ragazzo vittima della droga nel 2010.<\/sup><\/h4>\n\n\n\n<p class=\"has-text-align-center\"><strong> a cura di Nicoletta Lamberti<\/strong><\/p>\n\n\n\n<hr class=\"wp-block-separator has-alpha-channel-opacity\"\/>\n<\/div><\/div>\n\n\n\n<p class=\"has-text-align-center\"><em>La mia lotta contro la droga \u00e8 iniziata nel 2010, mentre tornavo dalla comunit\u00e0 con il mio Antonio e un nostro amico, dopo un colloquio. Ricordo esattamente il momento in cui dissi: &#8216;Ho deciso di lottare contro la droga&#8217;. Antonio si gir\u00f2, eravamo in macchina, e mi dedic\u00f2 un sorriso che non dimenticher\u00f2 mai. Disse al nostro amico: &#8216;Hai sentito? E chi la ferma? Ha gi\u00e0 deciso tutto!&#8217;. Da quel momento lotto, e il mio diario nasce per parlare a chi non vuole ascoltare la verit\u00e0!\u201d<\/em><br><strong><em>Camilla Roberto<\/em><\/strong><\/p>\n\n\n<div class=\"wp-block-image\">\n<figure class=\"aligncenter size-full is-resized\"><img loading=\"lazy\" decoding=\"async\" width=\"700\" height=\"380\" src=\"https:\/\/www.istitutogalanteoliva.it\/magazine\/wp-content\/uploads\/2024\/09\/WhatsApp-Image-2024-09-12-at-21.07.27.jpeg\" alt=\"\" class=\"wp-image-15722\" style=\"width:466px;height:auto\" srcset=\"https:\/\/www.istitutogalanteoliva.it\/magazine\/wp-content\/uploads\/2024\/09\/WhatsApp-Image-2024-09-12-at-21.07.27.jpeg 700w, https:\/\/www.istitutogalanteoliva.it\/magazine\/wp-content\/uploads\/2024\/09\/WhatsApp-Image-2024-09-12-at-21.07.27-300x163.jpeg 300w\" sizes=\"auto, (max-width: 700px) 100vw, 700px\" \/><figcaption class=\"wp-element-caption\"><strong><em><sup>Antonio con la madre Camilla<\/sup><\/em><\/strong><\/figcaption><\/figure><\/div>\n\n\n<hr class=\"wp-block-separator has-alpha-channel-opacity\"\/>\n<\/div><\/div>\n\n\n\n<p><strong>07\/09\/2020<\/strong><\/p>\n\n\n\n<p><strong>Dal diario di una VITTIMA DELLA DROGA: IO<\/strong><\/p>\n\n\n\n<p>Nella mia testa gira e rigira ogni scena, ogni momento, di quei mesi del 2010 quando l&#8217;estate stava per andare via e l&#8217;autunno era alle porte ed ogni volta sento strane sensazioni divise tra mente e cuore. I<strong>l dolore lo puoi descrivere in mille modi, potrei raccontarvelo con milioni di frasi, descriverlo usando i colori, frazionando ogni singola emozione e neppure allora lo potreste comprendere perch\u00e9 perdere un figlio \u00e8 un qualcosa che comprendi se lo vivi e nessuno deve conoscere questo, nessuno!!!<\/strong><\/p>\n\n\n\n<p>Forse, devo solamente alla mia forza di lottare la capacit\u00e0 di esistere e di non aver completamente fuso il cervello!!! Sfido chiunque a stare al mio posto e vorrei proprio vedere in quante sarebbero capaci di fare ci\u00f2 che faccio io, ogni giorno, senza mollare mai, anche quando il dolore mi toglie pure il respiro e son morta dentro e fuori. Una specie di trance, mi annullo tanto sto male e quando reagisco mi sento forte come una tigre e capisco che tutto questo \u00e8 opera di mio figlio&#8230; perch\u00e9 per chi non lo sapesse Antonio \u00e8 s\u00ec mio figlio, ma lui di umano aveva solo il corpo. Lui \u00e8 nato Angelo, non lo \u00e8 diventato ed \u00e8 venuto al mondo per aiutare i giovani a non cadere nella droga e Dio ha scelto me come madre, chest&#8217; ce&#8217; la puo&#8217; fare&#8230;..\u00e8 capace di lottare!!!<\/p>\n\n\n\n<p><strong>Ma a prescindere dal credere o non credere in questo che vi ho detto, quello che conta \u00e8 che mi ascoltate ragazzi, voi dovete sapere che la droga vi UCCIDE e se non vi porta direttamente al cimitero lentamente<\/strong> vi porta alla morte perch\u00e9 chi si droga e beve ha una vita breve, costellata di malattie, spesso gravi e devastanti. E poi con le droghe che girano adesso il cervello ve lo bruciate e perdete ogni tipo di volont\u00e0. Siete degli zombie in balia degli spacciatori che vi vogliono cos\u00ec, dipendenti finch\u00e9 dura, perch\u00e9 l&#8217;importante \u00e8 aumentare i clienti e per loro la fine che fate voi non conta un tubo!!!<\/p>\n\n\n\n<p>Io non posso certo combattere lo spaccio, ma lo Stato se vuole pu\u00f2! Ed, invece, cosa hanno fatto? Non pi\u00f9 contrabbando di sigarette, ma a&#8217; drog. Il nuovo mercato \u00e8 questo! Spariti quelli delle sigarette ecco spuntare quelli che danno la dose. Maledetti siate tutti, maledetti voi che per soldi uccidete la VITA portando solo disperazione, miseria e dolore!<\/p>\n\n\n\n<p>Ragazzini che per farsi una dose arrivano a prostituirsi, sapete? Non sono solo le ragazze che lo fanno ora, ma anche loro. Una depravazione e una corruzione che dilaga nelle fasce sociali e pi\u00f9 si sale e peggio \u00e8!!!! La bellezza della vita \u00e8 nella normalit\u00e0, nelle cose semplici, nei valori, nella famiglia, nelle tradizioni e non certo in una bottiglia o in una dose.<\/p>\n\n\n\n<p>Satana si sta impadronendo del mondo e lo distrugger\u00e0!<\/p>\n\n\n\n<p><strong>Cosa possiamo fare? Prevenire \u00e9 la strada migliore. Informare questi giovani &#8211; in maniera semplice senza usare parole complicate &#8211; sul percorso che si fa quando si diventa dipendenti! Non ci vuole mica tanto a far questo, ma &#8211; tranne che di rado &#8211; non si sente parlare di droga e sembra che il problema non esista pi\u00f9!<\/strong><\/p>\n\n\n\n<p>Vorrei tanto fosse cos\u00ec! E senza andare oltre il nostro territorio vi dico che analizzando dati certi rivelati da operatori del settore sia nel campo sanitario che sociale il numero dei ragazzi che si drogano \u00e8 in vertiginoso aumento!!!! <strong>Stanno distruggendo il mondo perch\u00e9 se non ci sono giovani sani non esiste futuro!<\/strong><\/p>\n\n\n\n<p>Antonio grazie di essermi vicino e di dettarmi quello che devo scrivere, sono tue le parole che leggete, io sono solo il mezzo che usa per potervi informare &#8230;&#8230;..<\/p>\n\n\n\n<p>Fate tesoro di questo, il prezzo che io pago \u00e8 altissimo!<\/p>\n\n\n\n<p><strong><em>Chest&#8217;\u00e8!<\/em><\/strong><\/p>\n\n\n\n<hr class=\"wp-block-separator has-alpha-channel-opacity is-style-dots\"\/>\n\n\n\n<p><strong>29\/07\/2020<\/strong><\/p>\n\n\n\n<p><strong>Dal diario di una VITTIMA DELLA DROGA:IO<\/strong><\/p>\n\n\n\n<p><strong>Che tristezza oggi! Si aggiunge alla mia disperazione sentir parlare di morte per overdose: Alessandro aveva solo 21 anni e la droga gli ha tolto la vita!<\/strong><\/p>\n\n\n\n<p>I genitori chiedono giustizia e li capisco e ancora non sanno che li attendono momenti durissimi di dolore totale, di giudizi, di ansia e di una giustizia che non ci sar\u00e0! Io non so se mai qualcosa cambier\u00e0, ma ho seri dubbi perch\u00e9 i guadagni del traffico sono troppo alti per rinunciarvi.<\/p>\n\n\n\n<p><strong>Ecco io lo so che \u00e8 una battaglia persa e so che l&#8217;unico mezzo che abbiamo \u00e8 la prevenzione tesa a dare ai giovani notizie chiare sui danni che la droga procura, a loro e indirettamente alla famiglia.<\/strong><\/p>\n\n\n\n<p>Si muore o si vive male un futuro che non \u00e8 certo facile, rovina la salute e ti marchia a fuoco p&#8217;semp!!!!<\/p>\n\n\n\n<p>Nooooo! Non posso accettare che altri giovani continuino a morire o a rovinarsi la vita, non posso e non voglio farlo, ma purtroppo mi chiudono sempre la bocca!<\/p>\n\n\n\n<p>E io urlo! E io non mollo &#8230;&#8230;&#8230;..e lotto! Ragazzi, non vi bruciate la vita, voi siete preziosi &#8230; tutti!!<\/p>\n\n\n\n<p>Anto&#8217; ma c&#8217;hre&#8217;????? Aiutami, figlio mio! Guidami e insieme ci dovranno ASCOLTARE!<\/p>\n\n\n\n<p><strong><em>Chest&#8217;\u00e8!<\/em><\/strong><\/p>\n\n\n\n<hr class=\"wp-block-separator has-alpha-channel-opacity is-style-dots\"\/>\n\n\n\n<figure class=\"wp-block-image size-full\"><img loading=\"lazy\" decoding=\"async\" width=\"885\" height=\"520\" src=\"https:\/\/www.istitutogalanteoliva.it\/magazine\/wp-content\/uploads\/2025\/02\/image-2.png\" alt=\"\" class=\"wp-image-17264\" srcset=\"https:\/\/www.istitutogalanteoliva.it\/magazine\/wp-content\/uploads\/2025\/02\/image-2.png 885w, https:\/\/www.istitutogalanteoliva.it\/magazine\/wp-content\/uploads\/2025\/02\/image-2-300x176.png 300w, https:\/\/www.istitutogalanteoliva.it\/magazine\/wp-content\/uploads\/2025\/02\/image-2-768x451.png 768w\" sizes=\"auto, (max-width: 885px) 100vw, 885px\" \/><\/figure>\n\n\n\n<hr class=\"wp-block-separator has-alpha-channel-opacity is-style-dots\"\/>\n\n\n\n<p><strong>19\/09\/2020<\/strong><\/p>\n\n\n\n<p><strong>Dal diario di UNA VITTIMA DELLA DROGA:IO<\/strong><\/p>\n\n\n\n<p>Tutto rimandato! Quanto avevo progettato di realizzare al decimo anniversario della tua dipartita! Ma questo non mi far\u00e0 demordere nell&#8217;intento, caro Antonio, lo faremo nei modi e nei tempi giusti! E per chi pensa sbagliando che io elemosino la piet\u00e0, preciso che io non ho bisogno di questo, ma solo di RISPETTO per il mio dolore, che \u00e8 mio e non lo voglio certo dividere con nessuno!<\/p>\n\n\n\n<p><strong>E\u2019 una cosa privata anche se gli ignoranti pensano il contrario. Io ho concesso la mia testimonianza per aiutare i ragazzi e non certo per essere umiliata da chi non \u00e8 in grado di capire il valore del mio sacrificio.<\/strong> Un giorno, ne sono certa, io riuscir\u00f2 nei miei intenti perch\u00e9 la determinazione non mi manca e quel giorno quando avr\u00f2 raggiunto gli obiettivi prefissati morir\u00f2 in pace! <strong>Voglio aiutare i ragazzi e non quelli ricchi o quelli belli o quelli bravi! Io li voglio aiutare tutti, senza distinzione alcuna.<\/strong><\/p>\n\n\n\n<p>Spesso la gente ricca si crede padrona di chi non vive la stessa situazione e li tratta con arroganza, loro gli eletti e tutti gli altri schiavi senza <a href=\"http:\/\/valore.il\/?fbclid=IwZXh0bgNhZW0CMTAAAR3k8EpfqLM4lViJWYtWJ17nh7qVt6DsHTaRqRSdXrfELDJopVfzpb1bsL0_aem_q9_plMDGeG0wGfj4GvgQrA\">valore. I<\/a>l valore di un uomo \u00e8 racchiuso nell\u2019educazione, nella sensibilit\u00e0, nella dignit\u00e0!<\/p>\n\n\n\n<p>Mercanti di morte, facoltosi che giocano con i capitali, e a spacciare mandano chi per drogarsi lo fa e finisce pure in carcere. &nbsp;Quel danaro che hanno non \u00e8 sporco, ma macchiato di sangue, o&#8217;sangu&#8217; re&#8217; figl&#8217; nuostr!!!<\/p>\n\n\n\n<p>Un brutto discorso chiarificatore, per\u00f2, per chiarire le idee a chi le ha confuse nei miei <a href=\"http:\/\/confronti.si\/?fbclid=IwZXh0bgNhZW0CMTAAAR2BnXBqjFXJKFl7tiFdRs6oD-zFyQNqncA52qlNGabtLIu6qqZj6vgyxGI_aem_D6AbFdn0ursVQ3FxghJsMQ\">confronti. S<\/a>\u00ec, io ho pubblicamente dichiarato com\u2019\u00e8 morto mio figlio, VITTIMA DI UNA SOCIETA&#8217; che continua ad ammazzare !!!<\/p>\n\n\n\n<hr class=\"wp-block-separator has-alpha-channel-opacity is-style-dots\"\/>\n\n\n\n<p><strong>Chest&#8217;\u00e8!<\/strong><\/p>\n\n\n\n<p><strong>07\/11\/2020<\/strong><\/p>\n\n\n\n<p><strong>Dal diario di una Vittima della Droga:IO<\/strong><\/p>\n\n\n\n<p>Il mondo sta andando alla deriva e tutto quello che mi circonda mi angoscia tanto, ma non per me o per chi come me ha gi\u00e0 vissuto gran parte della vita &#8211; un tempo pochi raggiungevano i 60 &#8211; ma il mio cruccio sono i bambini, gli adolescenti e i giovani. Io ho tre nipoti, sono nonna da 18 anni e sono coinvolta in prima persona sia come madre che come nonna in questo futuro che non c&#8217;\u00e8 o meglio \u00e8 incerto!<\/p>\n\n\n\n<p><strong>La droga ha terreno fertile nelle difficolt\u00e0, esattamente come la camorra, e pertanto, sta diffondendo le sue radici nell&#8217;attuale momento di disastro economico.<\/strong><\/p>\n\n\n\n<p>Oggi chi ha soldi diventa arcimiliardario e tutti noi altri pezzenti! Si sa chi ha soldi ha potere. Ma rendiamoci conto che dietro la droga c\u2019\u00e8 delinquenza e loro vogliono che i ragazzi cadano nella dipendenza, sono potenziali clienti di un mercato che ora pi\u00f9 che mai non conosce crisi!!!!<\/p>\n\n\n\n<p><strong>E quindi? Siamo messi molto molto male amici, cosa possiamo fare per arginare un disagio che dilaga a macchia d&#8217;olio tra i giovani?<\/strong> In questo momento poco o niente se non cercare di stare vicino ai giovani, essere non genitori, ma prima ancora amici e infondere loro certezze che noi stessi non abbiamo.<\/p>\n\n\n\n<p>Una madre \u00e8 sicurezza, un porto sicuro anche se trema per prima. Mai deve darlo a vedere ai suoi figli, questo \u00e8 l&#8217;essere genitore! Dobbiamo avere la corazza, indossarla e combattere giorno dopo giorno, ora dopo ora e portare avanti una battaglia durissima tra vita e morte!<\/p>\n\n\n\n<p>Perch\u00e9 non possiamo sperare? Prima o poi torner\u00e0 a splendere il sole nelle nostre vite e torneremo a una vita normale, crediamoci e sorridiamo oggi per riuscirci anche domani. Pensiero positivo e via&#8230; Domani \u00e8 un altro giorno, mamme! E se lo dico io che non ho neppure la forza a volte per respirare, a voi pu\u00f2 riuscir meglio di me!<\/p>\n\n\n\n<p><strong><em>Chest&#8217;\u00e8!<\/em><\/strong><\/p>\n\n\n\n<hr class=\"wp-block-separator has-alpha-channel-opacity\"\/>\n\n\n\n<p><strong>Dal diario di una Vittima della droga:IO<\/strong><\/p>\n\n\n\n<p><strong>06\/11\/2020<\/strong><\/p>\n\n\n\n<p>Sono giorni durissimi questi che stiamo vivendo, senza certezze, ormai in nessun campo. Non \u00e8 facile gestire la vita oggi sia per un adolescente sia per una persona di 40, 50, 60 e oltre perch\u00e9 \u00e8 tutto cos\u00ec relativo e mai siamo stati vicini alla morte come ora!<\/p>\n\n\n\n<p>Ma non pensate che non ci sia chi lucra in tutto questo e a farla da padrona \u00e8 il mercato della droga!&nbsp; Come ci si riprende? Fumando e bevendo, impasticcandosi e lasciando alle spalle tutto quanto per poi ritrovarsi ancora peggio, svanito l&#8217;effimero effetto della sostanza.<\/p>\n\n\n\n<p>Non ci sono alternative a tutto questo!? O ti vivi lucido, presente e angosciato il momento e lo affronti trovando dentro la forza o ricorri all&#8217;aiuto della dipendenza. Perch\u00e9 dico questo? Guardatevi intorno e osservate le persone, capirete che quello che dico \u00e8 realt\u00e0 purtroppo! Sono aumentati i suicidi e le sindromi depressive e non si scherza su questo, il delicato equilibrio mentale se sballa \u00e8 la fine!!!! Cosa fare? fermarsi e gestire il tempo al meglio, farsi carico di un problema per volta senza caricare il cervello di mille cose e imparare a rilassare la mente.<\/p>\n\n\n\n<p>Il problema pi\u00f9 grosso \u00e8 la Scuola, questa assurda situazione che impone ai ragazzi ancora pi\u00f9 difficolt\u00e0 di quelle che ci sono in \u201cpresenza\u201d,<\/p>\n\n\n\n<p><strong>Alla fine pregare \u00e8 anche un mezzo per controllare l&#8217;angoscia che attanaglia il cuore delle mamme, loro sono quelle che vivono peggio di tutti consapevoli come sono che il futuro non esiste!<\/strong><\/p>\n\n\n\n<p>Sarebbe bello un miracolo e che il virus sia sparito dall nostra vita&#8230;&#8230;&#8230;..sperare non costa nulla!<\/p>\n\n\n\n<p>A domani amici e non.<\/p>\n\n\n\n<p><strong>Chest&#8217;\u00e8!<\/strong><\/p>\n\n\n\n<p> <img loading=\"lazy\" decoding=\"async\" width=\"80\" height=\"80\" class=\"wp-image-14987\" style=\"width: 80px;\" src=\"https:\/\/www.istitutogalanteoliva.it\/magazine\/wp-content\/uploads\/2024\/04\/Lamberti.png\" alt=\"\" srcset=\"https:\/\/www.istitutogalanteoliva.it\/magazine\/wp-content\/uploads\/2024\/04\/Lamberti.png 796w, https:\/\/www.istitutogalanteoliva.it\/magazine\/wp-content\/uploads\/2024\/04\/Lamberti-300x300.png 300w, https:\/\/www.istitutogalanteoliva.it\/magazine\/wp-content\/uploads\/2024\/04\/Lamberti-150x150.png 150w, https:\/\/www.istitutogalanteoliva.it\/magazine\/wp-content\/uploads\/2024\/04\/Lamberti-768x769.png 768w\" sizes=\"auto, (max-width: 80px) 100vw, 80px\" \/><a href=\"https:\/\/www.istitutogalanteoliva.it\/magazine\/?s=Nicoletta+Lamberti\"><em>Nicoletta Lamberti<\/em><\/a><br><strong><sub>Vice Coordinatore nazionale Polis SA magazine<\/sub><\/strong> <sub>&#8211;<\/sub> <strong><sub>Coordinatrice Redazioni<\/sub><\/strong><br><\/p>\n\n\n\n<p><a href=\"https:\/\/www.istitutogalanteoliva.it\/magazine\/category\/diario-di-una-vittima-della-droga\/\">Pagine del diario di Camilla Roberto gi\u00e0 pubblicate su Polis SA Magazine<\/a><\/p>\n\n\n\n<p class=\"has-white-color has-black-background-color has-text-color has-background has-link-color wp-elements-c11531358403412946bb94ae0fcaebe5\"><strong><sup> La pubblicazione delle pagine del diario di Camilla Roberto \u00e8 con sua autorizzazione ai sensi degli artt. 10 e 320 cod.civ. e degli artt. 96 e 97 legge 22.4.1941, n. 633 \u2013 Legge sul diritto d&#8217;autore<\/sup><\/strong><br>\u00a9PSAM-Tutti i diritti riservati-Vietata la riproduzione<\/p>\n\n\n\n<p><\/p>\n\n\n\n<p><a href=\"https:\/\/www.facebook.com\/photo\/?fbid=10221514170636858&amp;set=pcb.10221514170876864&amp;__cft__%5b0%5d=AZXJqVfIAqQLiFKCsNSFXK0GcS_bOR7lBrJ_RfSMzo6UbVTBFRTBepKJo1VWZ_LVvZS62ZrYtFSw91AkhunQ9c1lt2C6QI_h_3_Q_XpmrvydDYjTVA_m433PxVmWBHhdcDpZWfi_26DwxmShlM4Y5zBOejcWifzVhSfmeKD-u2Nbgw&amp;__tn__=*bH-R\"><\/a><\/p>\n\n\n\n<p><a href=\"https:\/\/www.facebook.com\/photo\/?fbid=10221514170636858&amp;set=pcb.10221514170876864&amp;__cft__%5b0%5d=AZXJqVfIAqQLiFKCsNSFXK0GcS_bOR7lBrJ_RfSMzo6UbVTBFRTBepKJo1VWZ_LVvZS62ZrYtFSw91AkhunQ9c1lt2C6QI_h_3_Q_XpmrvydDYjTVA_m433PxVmWBHhdcDpZWfi_26DwxmShlM4Y5zBOejcWifzVhSfmeKD-u2Nbgw&amp;__tn__=*bH-R\">&nbsp;<\/a><\/p>\n<div class=\"pdfprnt-buttons pdfprnt-buttons-post pdfprnt-bottom-left\"><a href=\"https:\/\/www.istitutogalanteoliva.it\/magazine\/wp-json\/wp\/v2\/posts\/17263?print=print\" class=\"pdfprnt-button pdfprnt-button-print\" target=\"_blank\"><img decoding=\"async\" src=\"https:\/\/www.istitutogalanteoliva.it\/magazine\/wp-content\/plugins\/pdf-print\/images\/print.png\" alt=\"image_print\" title=\"Stampa contenuto\" \/><span class=\"pdfprnt-button-title pdfprnt-button-print-title\">Download in PDF<\/span><\/a><\/div>","protected":false},"excerpt":{"rendered":"<p>&#8220;Cosa possiamo fare? Prevenire \u00e9 la strada migliore. Informare questi giovani &#8211; in maniera semplice senza usare parole complicate&#8230;&#8221;<br \/>\n(Camilla Roberto)<\/p>\n","protected":false},"author":2,"featured_media":15726,"comment_status":"closed","ping_status":"open","sticky":true,"template":"","format":"standard","meta":{"footnotes":""},"categories":[1241,1110],"tags":[],"class_list":["post-17263","post","type-post","status-publish","format-standard","has-post-thumbnail","hentry","category-1241","category-diario-di-una-vittima-della-droga"],"yoast_head":"<!-- This site is optimized with the Yoast SEO plugin v24.2 - https:\/\/yoast.com\/wordpress\/plugins\/seo\/ -->\n<title>Diario di una vittima della droga - 19 - Polis SA Magazine<\/title>\n<meta name=\"robots\" content=\"index, follow, max-snippet:-1, max-image-preview:large, max-video-preview:-1\" \/>\n<link rel=\"canonical\" href=\"https:\/\/www.istitutogalanteoliva.it\/magazine\/2025\/02\/07\/diario-di-una-vittima-della-droga-19\/\" \/>\n<meta property=\"og:locale\" content=\"it_IT\" \/>\n<meta property=\"og:type\" content=\"article\" \/>\n<meta property=\"og:title\" content=\"Diario di una vittima della droga - 19 - Polis SA Magazine\" \/>\n<meta property=\"og:description\" content=\"&quot;Cosa possiamo fare? Prevenire \u00e9 la strada migliore. Informare questi giovani - in maniera semplice senza usare parole complicate...&quot; (Camilla Roberto)\" \/>\n<meta property=\"og:url\" content=\"https:\/\/www.istitutogalanteoliva.it\/magazine\/2025\/02\/07\/diario-di-una-vittima-della-droga-19\/\" \/>\n<meta property=\"og:site_name\" content=\"Polis SA Magazine\" \/>\n<meta property=\"article:publisher\" content=\"https:\/\/www.facebook.com\/PolisSAMagazine\/\" \/>\n<meta property=\"article:published_time\" content=\"2025-02-07T09:20:51+00:00\" \/>\n<meta property=\"article:modified_time\" content=\"2025-02-10T09:23:13+00:00\" \/>\n<meta property=\"og:image\" content=\"https:\/\/www.istitutogalanteoliva.it\/magazine\/wp-content\/uploads\/2024\/09\/Immagine-WhatsApp-2024-09-14-ore-20.36.06_1b8ca8f0.jpg\" \/>\n\t<meta property=\"og:image:width\" content=\"700\" \/>\n\t<meta property=\"og:image:height\" content=\"380\" \/>\n\t<meta property=\"og:image:type\" content=\"image\/jpeg\" \/>\n<meta name=\"author\" content=\"Antonello Rivano\" \/>\n<meta name=\"twitter:card\" content=\"summary_large_image\" \/>\n<meta name=\"twitter:creator\" content=\"@MagazinePolis\" \/>\n<meta name=\"twitter:site\" content=\"@MagazinePolis\" \/>\n<meta name=\"twitter:label1\" content=\"Scritto da\" \/>\n\t<meta name=\"twitter:data1\" content=\"Antonello Rivano\" \/>\n\t<meta name=\"twitter:label2\" content=\"Tempo di lettura stimato\" \/>\n\t<meta name=\"twitter:data2\" content=\"38 minuti\" \/>\n<script type=\"application\/ld+json\" class=\"yoast-schema-graph\">{\"@context\":\"https:\/\/schema.org\",\"@graph\":[{\"@type\":\"Article\",\"@id\":\"https:\/\/www.istitutogalanteoliva.it\/magazine\/2025\/02\/07\/diario-di-una-vittima-della-droga-19\/#article\",\"isPartOf\":{\"@id\":\"https:\/\/www.istitutogalanteoliva.it\/magazine\/2025\/02\/07\/diario-di-una-vittima-della-droga-19\/\"},\"author\":{\"name\":\"Antonello Rivano\",\"@id\":\"https:\/\/www.istitutogalanteoliva.it\/magazine\/#\/schema\/person\/d8b8aa79cfe8babc1df9da3212a7c0c4\"},\"headline\":\"Diario di una vittima della droga &#8211; 19\",\"datePublished\":\"2025-02-07T09:20:51+00:00\",\"dateModified\":\"2025-02-10T09:23:13+00:00\",\"mainEntityOfPage\":{\"@id\":\"https:\/\/www.istitutogalanteoliva.it\/magazine\/2025\/02\/07\/diario-di-una-vittima-della-droga-19\/\"},\"wordCount\":1704,\"publisher\":{\"@id\":\"https:\/\/www.istitutogalanteoliva.it\/magazine\/#organization\"},\"image\":{\"@id\":\"https:\/\/www.istitutogalanteoliva.it\/magazine\/2025\/02\/07\/diario-di-una-vittima-della-droga-19\/#primaryimage\"},\"thumbnailUrl\":\"https:\/\/www.istitutogalanteoliva.it\/magazine\/wp-content\/uploads\/2024\/09\/Immagine-WhatsApp-2024-09-14-ore-20.36.06_1b8ca8f0.jpg\",\"articleSection\":[\"2025\",\"Diario di una vittima della droga\"],\"inLanguage\":\"it-IT\"},{\"@type\":\"WebPage\",\"@id\":\"https:\/\/www.istitutogalanteoliva.it\/magazine\/2025\/02\/07\/diario-di-una-vittima-della-droga-19\/\",\"url\":\"https:\/\/www.istitutogalanteoliva.it\/magazine\/2025\/02\/07\/diario-di-una-vittima-della-droga-19\/\",\"name\":\"Diario di una vittima della droga - 19 - Polis SA Magazine\",\"isPartOf\":{\"@id\":\"https:\/\/www.istitutogalanteoliva.it\/magazine\/#website\"},\"primaryImageOfPage\":{\"@id\":\"https:\/\/www.istitutogalanteoliva.it\/magazine\/2025\/02\/07\/diario-di-una-vittima-della-droga-19\/#primaryimage\"},\"image\":{\"@id\":\"https:\/\/www.istitutogalanteoliva.it\/magazine\/2025\/02\/07\/diario-di-una-vittima-della-droga-19\/#primaryimage\"},\"thumbnailUrl\":\"https:\/\/www.istitutogalanteoliva.it\/magazine\/wp-content\/uploads\/2024\/09\/Immagine-WhatsApp-2024-09-14-ore-20.36.06_1b8ca8f0.jpg\",\"datePublished\":\"2025-02-07T09:20:51+00:00\",\"dateModified\":\"2025-02-10T09:23:13+00:00\",\"breadcrumb\":{\"@id\":\"https:\/\/www.istitutogalanteoliva.it\/magazine\/2025\/02\/07\/diario-di-una-vittima-della-droga-19\/#breadcrumb\"},\"inLanguage\":\"it-IT\",\"potentialAction\":[{\"@type\":\"ReadAction\",\"target\":[\"https:\/\/www.istitutogalanteoliva.it\/magazine\/2025\/02\/07\/diario-di-una-vittima-della-droga-19\/\"]}]},{\"@type\":\"ImageObject\",\"inLanguage\":\"it-IT\",\"@id\":\"https:\/\/www.istitutogalanteoliva.it\/magazine\/2025\/02\/07\/diario-di-una-vittima-della-droga-19\/#primaryimage\",\"url\":\"https:\/\/www.istitutogalanteoliva.it\/magazine\/wp-content\/uploads\/2024\/09\/Immagine-WhatsApp-2024-09-14-ore-20.36.06_1b8ca8f0.jpg\",\"contentUrl\":\"https:\/\/www.istitutogalanteoliva.it\/magazine\/wp-content\/uploads\/2024\/09\/Immagine-WhatsApp-2024-09-14-ore-20.36.06_1b8ca8f0.jpg\",\"width\":700,\"height\":380},{\"@type\":\"BreadcrumbList\",\"@id\":\"https:\/\/www.istitutogalanteoliva.it\/magazine\/2025\/02\/07\/diario-di-una-vittima-della-droga-19\/#breadcrumb\",\"itemListElement\":[{\"@type\":\"ListItem\",\"position\":1,\"name\":\"Home\",\"item\":\"https:\/\/www.istitutogalanteoliva.it\/magazine\/\"},{\"@type\":\"ListItem\",\"position\":2,\"name\":\"Diario di una vittima della droga &#8211; 19\"}]},{\"@type\":\"WebSite\",\"@id\":\"https:\/\/www.istitutogalanteoliva.it\/magazine\/#website\",\"url\":\"https:\/\/www.istitutogalanteoliva.it\/magazine\/\",\"name\":\"POLIS SA MAGAZINE\",\"description\":\"Informazione e approfondimenti\",\"publisher\":{\"@id\":\"https:\/\/www.istitutogalanteoliva.it\/magazine\/#organization\"},\"potentialAction\":[{\"@type\":\"SearchAction\",\"target\":{\"@type\":\"EntryPoint\",\"urlTemplate\":\"https:\/\/www.istitutogalanteoliva.it\/magazine\/?s={search_term_string}\"},\"query-input\":{\"@type\":\"PropertyValueSpecification\",\"valueRequired\":true,\"valueName\":\"search_term_string\"}}],\"inLanguage\":\"it-IT\"},{\"@type\":\"Organization\",\"@id\":\"https:\/\/www.istitutogalanteoliva.it\/magazine\/#organization\",\"name\":\"Polis SA Magazine\",\"url\":\"https:\/\/www.istitutogalanteoliva.it\/magazine\/\",\"logo\":{\"@type\":\"ImageObject\",\"inLanguage\":\"it-IT\",\"@id\":\"https:\/\/www.istitutogalanteoliva.it\/magazine\/#\/schema\/logo\/image\/\",\"url\":\"\",\"contentUrl\":\"\",\"caption\":\"Polis SA Magazine\"},\"image\":{\"@id\":\"https:\/\/www.istitutogalanteoliva.it\/magazine\/#\/schema\/logo\/image\/\"},\"sameAs\":[\"https:\/\/www.facebook.com\/PolisSAMagazine\/\",\"https:\/\/x.com\/MagazinePolis\",\"https:\/\/www.youtube.com\/channel\/UCv0Mr5AHKUmsc0sEEXkJrgw\"]},{\"@type\":\"Person\",\"@id\":\"https:\/\/www.istitutogalanteoliva.it\/magazine\/#\/schema\/person\/d8b8aa79cfe8babc1df9da3212a7c0c4\",\"name\":\"Antonello Rivano\",\"image\":{\"@type\":\"ImageObject\",\"inLanguage\":\"it-IT\",\"@id\":\"https:\/\/www.istitutogalanteoliva.it\/magazine\/#\/schema\/person\/image\/\",\"url\":\"https:\/\/secure.gravatar.com\/avatar\/517a9a6487a7a18ecc4ce6d2e57a8f40?s=96&d=mm&r=g\",\"contentUrl\":\"https:\/\/secure.gravatar.com\/avatar\/517a9a6487a7a18ecc4ce6d2e57a8f40?s=96&d=mm&r=g\",\"caption\":\"Antonello Rivano\"},\"url\":\"https:\/\/www.istitutogalanteoliva.it\/magazine\/author\/antonello\/\"}]}<\/script>\n<!-- \/ Yoast SEO plugin. -->","yoast_head_json":{"title":"Diario di una vittima della droga - 19 - Polis SA Magazine","robots":{"index":"index","follow":"follow","max-snippet":"max-snippet:-1","max-image-preview":"max-image-preview:large","max-video-preview":"max-video-preview:-1"},"canonical":"https:\/\/www.istitutogalanteoliva.it\/magazine\/2025\/02\/07\/diario-di-una-vittima-della-droga-19\/","og_locale":"it_IT","og_type":"article","og_title":"Diario di una vittima della droga - 19 - Polis SA Magazine","og_description":"\"Cosa possiamo fare? Prevenire \u00e9 la strada migliore. Informare questi giovani - in maniera semplice senza usare parole complicate...\" (Camilla Roberto)","og_url":"https:\/\/www.istitutogalanteoliva.it\/magazine\/2025\/02\/07\/diario-di-una-vittima-della-droga-19\/","og_site_name":"Polis SA Magazine","article_publisher":"https:\/\/www.facebook.com\/PolisSAMagazine\/","article_published_time":"2025-02-07T09:20:51+00:00","article_modified_time":"2025-02-10T09:23:13+00:00","og_image":[{"width":700,"height":380,"url":"https:\/\/www.istitutogalanteoliva.it\/magazine\/wp-content\/uploads\/2024\/09\/Immagine-WhatsApp-2024-09-14-ore-20.36.06_1b8ca8f0.jpg","type":"image\/jpeg"}],"author":"Antonello Rivano","twitter_card":"summary_large_image","twitter_creator":"@MagazinePolis","twitter_site":"@MagazinePolis","twitter_misc":{"Scritto da":"Antonello Rivano","Tempo di lettura stimato":"38 minuti"},"schema":{"@context":"https:\/\/schema.org","@graph":[{"@type":"Article","@id":"https:\/\/www.istitutogalanteoliva.it\/magazine\/2025\/02\/07\/diario-di-una-vittima-della-droga-19\/#article","isPartOf":{"@id":"https:\/\/www.istitutogalanteoliva.it\/magazine\/2025\/02\/07\/diario-di-una-vittima-della-droga-19\/"},"author":{"name":"Antonello Rivano","@id":"https:\/\/www.istitutogalanteoliva.it\/magazine\/#\/schema\/person\/d8b8aa79cfe8babc1df9da3212a7c0c4"},"headline":"Diario di una vittima della droga &#8211; 19","datePublished":"2025-02-07T09:20:51+00:00","dateModified":"2025-02-10T09:23:13+00:00","mainEntityOfPage":{"@id":"https:\/\/www.istitutogalanteoliva.it\/magazine\/2025\/02\/07\/diario-di-una-vittima-della-droga-19\/"},"wordCount":1704,"publisher":{"@id":"https:\/\/www.istitutogalanteoliva.it\/magazine\/#organization"},"image":{"@id":"https:\/\/www.istitutogalanteoliva.it\/magazine\/2025\/02\/07\/diario-di-una-vittima-della-droga-19\/#primaryimage"},"thumbnailUrl":"https:\/\/www.istitutogalanteoliva.it\/magazine\/wp-content\/uploads\/2024\/09\/Immagine-WhatsApp-2024-09-14-ore-20.36.06_1b8ca8f0.jpg","articleSection":["2025","Diario di una vittima della droga"],"inLanguage":"it-IT"},{"@type":"WebPage","@id":"https:\/\/www.istitutogalanteoliva.it\/magazine\/2025\/02\/07\/diario-di-una-vittima-della-droga-19\/","url":"https:\/\/www.istitutogalanteoliva.it\/magazine\/2025\/02\/07\/diario-di-una-vittima-della-droga-19\/","name":"Diario di una vittima della droga - 19 - Polis SA Magazine","isPartOf":{"@id":"https:\/\/www.istitutogalanteoliva.it\/magazine\/#website"},"primaryImageOfPage":{"@id":"https:\/\/www.istitutogalanteoliva.it\/magazine\/2025\/02\/07\/diario-di-una-vittima-della-droga-19\/#primaryimage"},"image":{"@id":"https:\/\/www.istitutogalanteoliva.it\/magazine\/2025\/02\/07\/diario-di-una-vittima-della-droga-19\/#primaryimage"},"thumbnailUrl":"https:\/\/www.istitutogalanteoliva.it\/magazine\/wp-content\/uploads\/2024\/09\/Immagine-WhatsApp-2024-09-14-ore-20.36.06_1b8ca8f0.jpg","datePublished":"2025-02-07T09:20:51+00:00","dateModified":"2025-02-10T09:23:13+00:00","breadcrumb":{"@id":"https:\/\/www.istitutogalanteoliva.it\/magazine\/2025\/02\/07\/diario-di-una-vittima-della-droga-19\/#breadcrumb"},"inLanguage":"it-IT","potentialAction":[{"@type":"ReadAction","target":["https:\/\/www.istitutogalanteoliva.it\/magazine\/2025\/02\/07\/diario-di-una-vittima-della-droga-19\/"]}]},{"@type":"ImageObject","inLanguage":"it-IT","@id":"https:\/\/www.istitutogalanteoliva.it\/magazine\/2025\/02\/07\/diario-di-una-vittima-della-droga-19\/#primaryimage","url":"https:\/\/www.istitutogalanteoliva.it\/magazine\/wp-content\/uploads\/2024\/09\/Immagine-WhatsApp-2024-09-14-ore-20.36.06_1b8ca8f0.jpg","contentUrl":"https:\/\/www.istitutogalanteoliva.it\/magazine\/wp-content\/uploads\/2024\/09\/Immagine-WhatsApp-2024-09-14-ore-20.36.06_1b8ca8f0.jpg","width":700,"height":380},{"@type":"BreadcrumbList","@id":"https:\/\/www.istitutogalanteoliva.it\/magazine\/2025\/02\/07\/diario-di-una-vittima-della-droga-19\/#breadcrumb","itemListElement":[{"@type":"ListItem","position":1,"name":"Home","item":"https:\/\/www.istitutogalanteoliva.it\/magazine\/"},{"@type":"ListItem","position":2,"name":"Diario di una vittima della droga &#8211; 19"}]},{"@type":"WebSite","@id":"https:\/\/www.istitutogalanteoliva.it\/magazine\/#website","url":"https:\/\/www.istitutogalanteoliva.it\/magazine\/","name":"POLIS SA MAGAZINE","description":"Informazione e approfondimenti","publisher":{"@id":"https:\/\/www.istitutogalanteoliva.it\/magazine\/#organization"},"potentialAction":[{"@type":"SearchAction","target":{"@type":"EntryPoint","urlTemplate":"https:\/\/www.istitutogalanteoliva.it\/magazine\/?s={search_term_string}"},"query-input":{"@type":"PropertyValueSpecification","valueRequired":true,"valueName":"search_term_string"}}],"inLanguage":"it-IT"},{"@type":"Organization","@id":"https:\/\/www.istitutogalanteoliva.it\/magazine\/#organization","name":"Polis SA Magazine","url":"https:\/\/www.istitutogalanteoliva.it\/magazine\/","logo":{"@type":"ImageObject","inLanguage":"it-IT","@id":"https:\/\/www.istitutogalanteoliva.it\/magazine\/#\/schema\/logo\/image\/","url":"","contentUrl":"","caption":"Polis SA Magazine"},"image":{"@id":"https:\/\/www.istitutogalanteoliva.it\/magazine\/#\/schema\/logo\/image\/"},"sameAs":["https:\/\/www.facebook.com\/PolisSAMagazine\/","https:\/\/x.com\/MagazinePolis","https:\/\/www.youtube.com\/channel\/UCv0Mr5AHKUmsc0sEEXkJrgw"]},{"@type":"Person","@id":"https:\/\/www.istitutogalanteoliva.it\/magazine\/#\/schema\/person\/d8b8aa79cfe8babc1df9da3212a7c0c4","name":"Antonello Rivano","image":{"@type":"ImageObject","inLanguage":"it-IT","@id":"https:\/\/www.istitutogalanteoliva.it\/magazine\/#\/schema\/person\/image\/","url":"https:\/\/secure.gravatar.com\/avatar\/517a9a6487a7a18ecc4ce6d2e57a8f40?s=96&d=mm&r=g","contentUrl":"https:\/\/secure.gravatar.com\/avatar\/517a9a6487a7a18ecc4ce6d2e57a8f40?s=96&d=mm&r=g","caption":"Antonello Rivano"},"url":"https:\/\/www.istitutogalanteoliva.it\/magazine\/author\/antonello\/"}]}},"_links":{"self":[{"href":"https:\/\/www.istitutogalanteoliva.it\/magazine\/wp-json\/wp\/v2\/posts\/17263","targetHints":{"allow":["GET"]}}],"collection":[{"href":"https:\/\/www.istitutogalanteoliva.it\/magazine\/wp-json\/wp\/v2\/posts"}],"about":[{"href":"https:\/\/www.istitutogalanteoliva.it\/magazine\/wp-json\/wp\/v2\/types\/post"}],"author":[{"embeddable":true,"href":"https:\/\/www.istitutogalanteoliva.it\/magazine\/wp-json\/wp\/v2\/users\/2"}],"replies":[{"embeddable":true,"href":"https:\/\/www.istitutogalanteoliva.it\/magazine\/wp-json\/wp\/v2\/comments?post=17263"}],"version-history":[{"count":1,"href":"https:\/\/www.istitutogalanteoliva.it\/magazine\/wp-json\/wp\/v2\/posts\/17263\/revisions"}],"predecessor-version":[{"id":17265,"href":"https:\/\/www.istitutogalanteoliva.it\/magazine\/wp-json\/wp\/v2\/posts\/17263\/revisions\/17265"}],"wp:featuredmedia":[{"embeddable":true,"href":"https:\/\/www.istitutogalanteoliva.it\/magazine\/wp-json\/wp\/v2\/media\/15726"}],"wp:attachment":[{"href":"https:\/\/www.istitutogalanteoliva.it\/magazine\/wp-json\/wp\/v2\/media?parent=17263"}],"wp:term":[{"taxonomy":"category","embeddable":true,"href":"https:\/\/www.istitutogalanteoliva.it\/magazine\/wp-json\/wp\/v2\/categories?post=17263"},{"taxonomy":"post_tag","embeddable":true,"href":"https:\/\/www.istitutogalanteoliva.it\/magazine\/wp-json\/wp\/v2\/tags?post=17263"}],"curies":[{"name":"wp","href":"https:\/\/api.w.org\/{rel}","templated":true}]}}