{"id":17785,"date":"2025-04-14T16:21:56","date_gmt":"2025-04-14T14:21:56","guid":{"rendered":"https:\/\/www.istitutogalanteoliva.it\/magazine\/?p=17785"},"modified":"2025-04-15T09:46:53","modified_gmt":"2025-04-15T07:46:53","slug":"presidio-per-la-difesa-della-sanita-pubblica-a-genova","status":"publish","type":"post","link":"https:\/\/www.istitutogalanteoliva.it\/magazine\/2025\/04\/14\/presidio-per-la-difesa-della-sanita-pubblica-a-genova\/","title":{"rendered":"Presidio per la difesa della sanit\u00e0 pubblica a Genova"},"content":{"rendered":"\n<p>Domani,<strong> marted\u00ec 15 aprile 2025, alle ore 14<\/strong>, si terr\u00e0 un presidio organizzato dalla<strong> Rete Liguria dei comitati e delle associazioni<\/strong>, davanti al<strong> Consiglio Regionale in via D\u2019Annunzio 42 a Genova<\/strong>. L&#8217;iniziativa, con lo slogan &#8220;LA SALUTE NON E&#8217; UNA MERCE LA SALUTE SI DIFENDE E NON SI SVENDE&#8221;,nasce dalla preoccupazione per la situazione della sanit\u00e0 pubblica in Liguria, a seguito di politiche di riduzione dei servizi e privatizzazione. I comitati chiedono un cambiamento radicale e vogliono portare all&#8217;attenzione delle istituzioni regionali i numerosi disagi che i cittadini liguri stanno affrontando, in particolare riguardo alla chiusura degli ospedali, alla carenza di personale e ai problemi legati alla geografia complessa della regione.<\/p>\n\n\n\n<div class=\"wp-block-file\"><a id=\"wp-block-file--media-ec327a78-5660-4023-a361-e83faf507cd3\" href=\"https:\/\/www.istitutogalanteoliva.it\/magazine\/wp-content\/uploads\/2025\/04\/volantino-PRESIDIO-15-04-2025-1.pdf\"><strong>Volantino<\/strong> <strong>PRESIDIO 15-04-2025-1<\/strong><\/a><a href=\"https:\/\/www.istitutogalanteoliva.it\/magazine\/wp-content\/uploads\/2025\/04\/volantino-PRESIDIO-15-04-2025-1.pdf\" class=\"wp-block-file__button wp-element-button\" download aria-describedby=\"wp-block-file--media-ec327a78-5660-4023-a361-e83faf507cd3\"><mark style=\"background-color:rgba(0, 0, 0, 0)\" class=\"has-inline-color has-white-color\"><strong>Download<\/strong><\/mark><\/a><\/div>\n\n\n\n<hr class=\"wp-block-separator has-alpha-channel-opacity is-style-dots\"\/>\n\n\n\n<p>La salute \u00e8 un diritto fondamentale, ma la realt\u00e0 \u00e8 che il sistema sanitario regionale sta peggiorando. Le promesse di investimenti nel settore, anche grazie ai fondi del PNRR, sono rimaste vuote. La carenza di medici di famiglia, presidi sanitari sul territorio e prevenzione \u00e8 evidente, soprattutto in Valpolcevera, dove la popolazione vive condizioni critiche. Il <strong>Comitato Liberi Cittadini di Certosa<\/strong> denuncia la mancanza di azioni concrete, come la Casa di Comunit\u00e0 e l\u2019aumento degli operatori sanitari, e invita a partecipare al presidio di domani, marted\u00ec 15 aprile, alle 14 davanti al Consiglio Regionale per difendere la sanit\u00e0 pubblica.<br><\/p>\n\n\n\n<div class=\"wp-block-file\"><a id=\"wp-block-file--media-c6f45753-6097-483d-9a32-25dc999a9844\" href=\"https:\/\/www.istitutogalanteoliva.it\/magazine\/wp-content\/uploads\/2025\/04\/GENOVA-CERTOSA-VALPOLCEVERA.pdf\"><strong>Comunicato integrale GENOVA CERTOSA VALPOLCEVERA<\/strong><\/a><a href=\"https:\/\/www.istitutogalanteoliva.it\/magazine\/wp-content\/uploads\/2025\/04\/GENOVA-CERTOSA-VALPOLCEVERA.pdf\" class=\"wp-block-file__button wp-element-button\" download aria-describedby=\"wp-block-file--media-c6f45753-6097-483d-9a32-25dc999a9844\"><mark style=\"background-color:rgba(0, 0, 0, 0)\" class=\"has-inline-color has-white-color\"><strong>Download<\/strong><\/mark><\/a><\/div>\n\n\n\n<hr class=\"wp-block-separator has-alpha-channel-opacity is-style-dots\"\/>\n\n\n\n<p>L&#8217;articolo di Massimo Clementi, pubblicato su Genova Today, denuncia l&#8217;inquinamento prodotto dal porto di Genova e il suo impatto sulla salute dei cittadini. Le navi e le attivit\u00e0 portuali emettono sostanze tossiche, tra cui polveri sottili e metalli pesanti, che minacciano la salute, soprattutto nei quartieri vicini al porto. La situazione \u00e8 aggravata dalla presenza di particelle microscopiche che penetrano facilmente nei polmoni e nel sangue. L&#8217;amministrazione comunale ha installato centraline per il monitoraggio dell&#8217;aria, ma queste non rilevano adeguatamente le particelle ultrafini e i metalli pesanti. I comitati cittadini chiedono un monitoraggio pi\u00f9 accurato e interventi urgenti per ridurre le emissioni e tutelare la salute pubblica. Il <strong>Comitato Porto Aperto <\/strong>sollecita un piano urbanistico che metta la salute al primo posto.<\/p>\n\n\n\n<div class=\"wp-block-file\"><a id=\"wp-block-file--media-4afc2419-31b8-44f5-939e-ec5b48036262\" href=\"https:\/\/www.istitutogalanteoliva.it\/magazine\/wp-content\/uploads\/2025\/04\/GENOVA-COMITATO-PORTO-APERTO.pdf\"><strong>Comunicato integrale GENOVA COMITATO PORTO APERTO<\/strong><\/a><a href=\"https:\/\/www.istitutogalanteoliva.it\/magazine\/wp-content\/uploads\/2025\/04\/GENOVA-COMITATO-PORTO-APERTO.pdf\" class=\"wp-block-file__button wp-element-button\" download aria-describedby=\"wp-block-file--media-4afc2419-31b8-44f5-939e-ec5b48036262\"><mark style=\"background-color:rgba(0, 0, 0, 0)\" class=\"has-inline-color has-white-color\"><strong>Download<\/strong><\/mark><\/a><\/div>\n\n\n\n<hr class=\"wp-block-separator has-alpha-channel-opacity is-style-dots\"\/>\n\n\n\n<p>Il gruppo \u201c<strong>Fermiamo il mostro del Gas davanti a Savona<\/strong>\u201d aderisce al presidio organizzato dalla Rete Liguria per opporsi al progetto del rigassificatore Italis LNG a Vado Ligure-Savona e al gasdotto collegato. Il progetto, voluto dalla precedente Giunta regionale, presenta criticit\u00e0 gravi:<\/p>\n\n\n\n<ol class=\"wp-block-list\">\n<li><strong>Rischi catastrofici:<\/strong> L&#8217;impianto, situato a soli 2,9 km da Savona e 4 km da Vado Ligure, \u00e8 ad alto rischio di incidenti rilevanti, e la sua vicinanza a zone densamente popolate \u00e8 preoccupante.<\/li>\n\n\n\n<li><strong>Inquinamento marino:<\/strong> L\u2019impianto scaricherebbe tonnellate di cloro in mare, minacciando un&#8217;area marina protetta e il Santuario dei Cetacei.<\/li>\n\n\n\n<li><strong>Impatto sulla salute pubblica:<\/strong> Le emissioni e l\u2019alta antropizzazione della zona potrebbero peggiorare la salute dei cittadini, soprattutto dopo la chiusura della centrale a carbone.<\/li>\n\n\n\n<li><strong>Impatti sul territorio:<\/strong> La costruzione del gasdotto comporterebbe espropri, danneggiando aree agricole di pregio in Val Bormida e nel comune di Quiliano.<\/li>\n\n\n\n<li><strong>Danno economico:<\/strong> L&#8217;impianto avrebbe effetti negativi sul turismo, essendo situato a pochi chilometri dalle spiagge premiate con le Bandiere Blu.<\/li>\n<\/ol>\n\n\n\n<p>Il Consiglio Regionale della Liguria ha votato all\u2019unanimit\u00e0 contro il progetto il 7 gennaio. Il gruppo chiede ora al Presidente Bucci di intervenire per bloccare formalmente il progetto, in linea con gli impegni assunti in campagna elettorale. Il comitato rifiuta l&#8217;etichetta di \u201csignori del no\u201d e sostiene un s\u00ec a uno sviluppo economico che rispetti salute e ambiente, come sancito dalla Costituzione.<\/p>\n\n\n\n<div class=\"wp-block-file\"><a id=\"wp-block-file--media-27c48e3f-4478-4c34-80fd-27ef662d298c\" href=\"https:\/\/www.istitutogalanteoliva.it\/magazine\/wp-content\/uploads\/2025\/04\/SAVONA-FERMIAMO-IL-MOSTRO-NO-RIGASS.pdf\"><strong>Comunicato integrale SAVONA FERMIAMO IL MOSTRO NO RIGASS<\/strong><\/a><a href=\"https:\/\/www.istitutogalanteoliva.it\/magazine\/wp-content\/uploads\/2025\/04\/SAVONA-FERMIAMO-IL-MOSTRO-NO-RIGASS.pdf\" class=\"wp-block-file__button wp-element-button\" download aria-describedby=\"wp-block-file--media-27c48e3f-4478-4c34-80fd-27ef662d298c\"><mark style=\"background-color:rgba(0, 0, 0, 0)\" class=\"has-inline-color has-white-color\"><strong>Download<\/strong><\/mark><\/a><\/div>\n\n\n\n<hr class=\"wp-block-separator has-alpha-channel-opacity is-style-dots\"\/>\n\n\n\n<p>Il<strong> Comitato CulturAmbiente <\/strong>denuncia l&#8217;emergenza ambientale e sanitaria in corso in Val Bormida, un&#8217;area gi\u00e0 gravata da decenni di servit\u00f9 industriali, che oggi \u00e8 tra le pi\u00f9 inquinate della Liguria. Tra i principali temi sollevati:<\/p>\n\n\n\n<ol class=\"wp-block-list\">\n<li><strong>Disastro ACNA:<\/strong> La ex area ACNA di Cengio \u00e8 una delle principali criticit\u00e0, con i bacini del fiume Bormida contaminati da decenni di sversamenti inquinanti. Nonostante la situazione, l&#8217;area non \u00e8 mai stata bonificata, ma solo &#8220;tombata&#8221;, rimanendo una bomba ecologica.<\/li>\n\n\n\n<li><strong>Emissioni nocive:<\/strong> Le emissioni di benzopirene dalla fabbrica Italiana Coke, una sostanza cancerogena, sono ancora troppo elevate e oltre i limiti legali, con riscontri in aumento delle patologie tumorali nella zona. Il comitato chiede azioni concrete per ridurre le emissioni e indagare sulla loro correlazione con l&#8217;aumento delle malattie.<\/li>\n\n\n\n<li><strong>Problemi con il biodigestore di Ferrania:<\/strong> Iren Ambiente S.p.A. \u00e8 stata diffidata per irregolarit\u00e0 nelle emissioni in aria dal biodigestore, che deve essere normalizzato.<\/li>\n\n\n\n<li><strong>Parchi eolici non regolamentati:<\/strong> La progettazione di nuovi parchi eolici senza una pianificazione regionale rischia di danneggiare ecosistemi boschivi, rotte migratorie e il paesaggio. Il comitato chiede che venga attuato un piano regionale per regolamentare l\u2019eolico.<\/li>\n\n\n\n<li><strong>Gasdotto del rigassificatore e termovalorizzatore:<\/strong> Il gasdotto del rigassificatore di Vado Ligure e la costruzione di un termovalorizzatore rappresentano un ulteriore pericolo per la qualit\u00e0 dell&#8217;aria, il territorio e gli abitanti della Val Bormida, con impatti ambientali e sugli espropri.<\/li>\n\n\n\n<li><strong>Abbandono e degrado:<\/strong> A Ferrania, dove molte fabbriche hanno chiuso, il territorio \u00e8 stato lasciato in stato di abbandono, senza supporto per il rilancio e la riconversione delle aree industriali dismesse.<\/li>\n\n\n\n<li><strong>Ospedale di Cairo Montenotte:<\/strong> L&#8217;ospedale di Cairo, fondamentale per la popolazione locale, \u00e8 stato progressivamente depotenziato, con la chiusura di servizi cruciali come il punto nascite e il consultorio. L&#8217;alluvione del 2024 ha ulteriormente compromesso i reparti, aumentando la necessit\u00e0 di interventi da parte della Regione per tutelare i cittadini.<\/li>\n<\/ol>\n\n\n\n<p>Il comitato si oppone a un modello di sviluppo che sfrutta il territorio senza garantire la salute dei cittadini e l\u2019ambiente, e chiede azioni concrete per affrontare queste problematiche.<br><\/p>\n\n\n\n<div class=\"wp-block-file\"><a id=\"wp-block-file--media-d2ba5630-52ae-468e-94d3-2d24406b6f85\" href=\"https:\/\/www.istitutogalanteoliva.it\/magazine\/wp-content\/uploads\/2025\/04\/SAVONESE-VAL-BORMIDA-CULTURAMBIENTE.pdf\"><strong>Comunicato integrale SAVONESE VAL BORMIDA CULTURAMBIENTE<\/strong><\/a><a href=\"https:\/\/www.istitutogalanteoliva.it\/magazine\/wp-content\/uploads\/2025\/04\/SAVONESE-VAL-BORMIDA-CULTURAMBIENTE.pdf\" class=\"wp-block-file__button wp-element-button\" download aria-describedby=\"wp-block-file--media-d2ba5630-52ae-468e-94d3-2d24406b6f85\"><strong><mark style=\"background-color:rgba(0, 0, 0, 0)\" class=\"has-inline-color has-white-color\">Download<\/mark><\/strong><\/a><\/div>\n\n\n\n<hr class=\"wp-block-separator has-alpha-channel-opacity is-style-dots\"\/>\n\n\n\n<p><strong>Italia Nostra<\/strong> sottolinea  le difficolt\u00e0 operative attuali dell\u2019Ospedale Galliera, in particolare del Pronto Soccorso, riconoscendo l\u2019abnegazione del personale sanitario. Allo stesso tempo, come associazione impegnata nella tutela del patrimonio culturale e della qualit\u00e0 della vita, ricorda il valore storico, architettonico e simbolico dell\u2019edificio donato dalla Duchessa di Galliera per la cura dei poveri infermi.<\/p>\n\n\n\n<p>Pur comprendendo i limiti strutturali dell\u2019attuale sede per un ospedale di alta specializzazione, Italia Nostra si oppone alla costruzione del nuovo complesso all\u2019interno del perimetro storico di Carignano. Tale intervento impatterebbe negativamente su un\u2019area gi\u00e0 congestionata, danneggiando il monumento, l\u2019ambiente e la vivibilit\u00e0 urbana.<\/p>\n\n\n\n<p>L\u2019associazione chiede che si individui un\u2019area alternativa, preferibilmente nel Ponente cittadino, zona pi\u00f9 carente di presidi sanitari. In particolare propone la possibilit\u00e0 di una sinergia ospedaliera nell\u2019area degli Erzelli, dove potrebbero sorgere due plessi coordinati rispettivamente da Galliera e San Martino, con specializzazioni complementari. Una scelta simile offrirebbe efficienza, sostenibilit\u00e0 economica e rispetto del patrimonio.<\/p>\n\n\n\n<p>Italia Nostra invita quindi le istituzioni a un serio sforzo di pianificazione urbana che coniughi innovazione sanitaria, equit\u00e0 territoriale e tutela dei beni comuni.<\/p>\n\n\n\n<div class=\"wp-block-file\"><a id=\"wp-block-file--media-e2f81fc9-e20e-46eb-be73-b2da3eecec8f\" href=\"https:\/\/www.istitutogalanteoliva.it\/magazine\/wp-content\/uploads\/2025\/04\/VOLANTINO-Italia-Nostra.pdf\"><strong>Comunicato integrale ITALIA NOTSTRA<\/strong><\/a><a href=\"https:\/\/www.istitutogalanteoliva.it\/magazine\/wp-content\/uploads\/2025\/04\/VOLANTINO-Italia-Nostra.pdf\" class=\"wp-block-file__button wp-element-button\" download aria-describedby=\"wp-block-file--media-e2f81fc9-e20e-46eb-be73-b2da3eecec8f\"><strong>Download<\/strong><\/a><\/div>\n\n\n\n<hr class=\"wp-block-separator has-alpha-channel-opacity is-style-dots\"\/>\n\n\n\n<p>I <strong>Comitati di Via Vecchia e Strade Limitrofe, per la Difesa del Parco dei Forti e delle Mura di Genova, e Cittadini Banchelle <\/strong>denunciano le gravi criticit\u00e0 legate a diversi progetti urbanistici e sanitari che interessano la Valbisagno e Genova.<\/p>\n\n\n\n<p>La prevista nuova rimessa AMT a Staglieno, con due piani di parcheggio di interscambio, aumenter\u00e0 il traffico e l\u2019inquinamento in un\u2019area gi\u00e0 critica per la vicinanza all\u2019uscita autostradale di Genova Est. Non \u00e8 stata effettuata alcuna valutazione sui rischi legati alla presenza di amianto nella struttura da demolire, n\u00e9 indagini su eventuali contaminazioni del sottosuolo, come accaduto alle Gavette.<\/p>\n\n\n\n<p>La costruzione di un secondo tempio crematorio all\u2019interno del cimitero monumentale di Staglieno, fortemente voluta dal precedente sindaco e sostenuta dal Presidente della Regione, \u00e8 ritenuta inutile: l\u2019attuale impianto, gestito da Socrem (ente morale), \u00e8 sufficiente a coprire il fabbisogno cittadino. Il nuovo crematorio, a gestione privata, potrebbe attrarre salme da fuori Regione, aumentando l\u2019inquinamento atmosferico dovuto alla combustione di bare zincate.<\/p>\n\n\n\n<p>Il Consiglio Regionale ha approvato l\u2019ampliamento dello stabilimento Panarello all\u2019interno del Parco delle Mura, modificando il piano paesaggistico e il piano urbanistico comunale. I comitati criticano la trasformazione di un\u2019area verde in area industriale, temendo un precedente per ulteriori cementificazioni.<\/p>\n\n\n\n<p>I comitati chiedono che il nuovo sindaco metta finalmente al centro la salute pubblica, tema finora trascurato, e sollecitano il Presidente della Regione a garantire un servizio sanitario pubblico efficiente. Per la Valbisagno si richiede un vero polo sanitario, in grado di rispondere ai bisogni del territorio, e non strutture inefficaci come la Casa di Comunit\u00e0 di Struppa. La recente chiusura della farmacia territoriale, trasferita in via Archimede, ha ulteriormente aggravato i disagi per i cittadini.<\/p>\n\n\n\n<div class=\"wp-block-file\"><a id=\"wp-block-file--media-5d9f1f05-fe32-40a0-ba97-98e0d83001d5\" href=\"https:\/\/www.istitutogalanteoliva.it\/magazine\/wp-content\/uploads\/2025\/04\/VOLANTINO-VIA-VECCHIA-FORTI-BANCHELLE-2.pdf\"><strong>Comunicato integrale VIA VECCHIA FORTI BANCHELLE &#8230;<\/strong><\/a><a href=\"https:\/\/www.istitutogalanteoliva.it\/magazine\/wp-content\/uploads\/2025\/04\/VOLANTINO-VIA-VECCHIA-FORTI-BANCHELLE-2.pdf\" class=\"wp-block-file__button wp-element-button\" download aria-describedby=\"wp-block-file--media-5d9f1f05-fe32-40a0-ba97-98e0d83001d5\"><mark style=\"background-color:rgba(0, 0, 0, 0)\" class=\"has-inline-color has-white-color\">Download<\/mark><\/a><\/div>\n\n\n\n<hr class=\"wp-block-separator has-alpha-channel-opacity is-style-dots\"\/>\n\n\n\n<p>Il <strong>Comitato Civico di Base di Imperia e Taggia <\/strong>consegner\u00e0 domani 20.000 firme raccolte regolarmente contro la chiusura dell\u2019ospedale di Imperia&#8221;, affermano i rappresentanti del comitato. &#8220;Chiudere un ospedale in un capoluogo di provincia che serve un bacino di utenza importante, fino ad Andora, significa ridurre servizi fondamentali per i cittadini, specialmente considerando che la Liguria \u00e8 la regione con pi\u00f9 anziani in Italia.&#8221;<\/p>\n\n\n\n<p>&#8220;Inoltre,&#8221; continuano, &#8220;costruire un nuovo ospedale a Taggia, in una zona dislocata e con la carenza di medici, sarebbe una soluzione inefficace. Un ospedale di questo tipo non potr\u00e0 mai diventare un Dea di II livello, visto che la popolazione della provincia di Imperia non supera i 220.000 abitanti, mentre per un Dea di II livello sono necessari almeno 400.000 abitanti.&#8221;<\/p>\n\n\n\n<p>&#8220;Le strade liguri, con due arterie principali come l\u2019A10 e l\u2019Aurelia, sono gi\u00e0 congestionate da cantieri e incidenti, e la viabilit\u00e0 si intasa ulteriormente con l\u2019arrivo dei turisti in estate. Non si pu\u00f2 ignorare il fatto che spesso si verificano emergenze come i parti in autostrada, un fenomeno che si \u00e8 intensificato dopo la chiusura del reparto nascite del Santa Corona.&#8221;<\/p>\n\n\n\n<p>&#8220;Troviamo scandaloso leggere dichiarazioni ufficiali che minimizzano i rischi dei parti in autostrada. Quando il reparto nascite era attivo, questi episodi erano rari. La sicurezza di mamme e neonati, cos\u00ec come dei volontari soccorritori, non pu\u00f2 essere messa a rischio.&#8221;<\/p>\n\n\n\n<p>&#8220;Non vogliamo un ospedale a Taggia se prima non si investe sul personale sanitario e se non si rendono pi\u00f9 attrattivi i contratti per i medici, con stipendi pi\u00f9 alti e corsi di medicina pi\u00f9 accessibili. Le firme sono arrivate a 20.000, ma la pandemia ha impedito una raccolta pi\u00f9 ampia. La solidariet\u00e0 di cittadini e non residenti, anche di chi ha seconde case, \u00e8 stata evidente.&#8221;<\/p>\n\n\n\n<div class=\"wp-block-file\"><a id=\"wp-block-file--media-2419d17d-dc0a-45a3-b131-09c3ea21c912\" href=\"https:\/\/www.istitutogalanteoliva.it\/magazine\/wp-content\/uploads\/2025\/04\/IMPERIA-CCB.pdf\"><strong>Comunicato integrale IMPERIA CCB&#8230;<\/strong><\/a><a href=\"https:\/\/www.istitutogalanteoliva.it\/magazine\/wp-content\/uploads\/2025\/04\/IMPERIA-CCB.pdf\" class=\"wp-block-file__button wp-element-button\" download aria-describedby=\"wp-block-file--media-2419d17d-dc0a-45a3-b131-09c3ea21c912\"><mark style=\"background-color:rgba(0, 0, 0, 0)\" class=\"has-inline-color has-white-color\"><strong>Download<\/strong><\/mark><\/a><\/div>\n\n\n\n<hr class=\"wp-block-separator has-alpha-channel-opacity is-style-dots\"\/>\n\n\n\n<p>Il truck loading prevede il transito quotidiano di un Ro-Ro che trasporter\u00e0 autocisterne cariche di GNL, attraversando il Golfo e incrociando traffico navale variegato, tra cui navi da crociera e navi militari. Il vessel reloading, insieme a un progetto di ampliamento, comporter\u00e0 l\u2019ingresso di navi gasiere di maggiore capacit\u00e0 e un dragaggio dei fondali, che prevede l&#8217;estrazione di circa 2 milioni di mc di fanghi, di cui 500.000 mc sono contaminati. La baia di Panigaglia \u00e8 gi\u00e0 un&#8217;area altamente inquinata, e il dragaggio senza bonifica preventiva rischia di aggravare la situazione.<\/p>\n\n\n\n<p>L\u2019impianto di rigassificazione emette NOx, metano e CO, con un impatto significativo sulla qualit\u00e0 dell\u2019aria, come evidenziato dalle simulazioni. Le emissioni attuali di NOx, nonostante l\u2019ampliamento e la sostituzione dei vaporizzatori, continueranno a essere problematiche. Le dichiarazioni di Snam sulle emissioni, che non mostrano miglioramenti sostanziali, sono preoccupanti.<\/p>\n\n\n\n<p>L\u2019<strong>Associazione POSIDONIA Porto Venere APS <\/strong>si oppone a questi sviluppi, chiedendo la progressiva dismissione dell\u2019impianto per motivi di sicurezza e salute pubblica. L&#8217;inquinamento ambientale, unito ai rischi legati all&#8217;impianto, rappresenta una minaccia per la salute dei cittadini, come sottolineato dall&#8217;OMS.<\/p>\n\n\n\n<div class=\"wp-block-file\"><a id=\"wp-block-file--media-7c84a5e1-5009-4cc5-9a7d-aefbf303e226\" href=\"https:\/\/www.istitutogalanteoliva.it\/magazine\/wp-content\/uploads\/2025\/04\/Volantino-LA-SPEZIA-Posidonia-Porto-Venere.pdf\"><strong>Comunicato integrale LA SPEZIA Posidonia Porto Venere<\/strong><\/a><a href=\"https:\/\/www.istitutogalanteoliva.it\/magazine\/wp-content\/uploads\/2025\/04\/Volantino-LA-SPEZIA-Posidonia-Porto-Venere.pdf\" class=\"wp-block-file__button wp-element-button\" download aria-describedby=\"wp-block-file--media-7c84a5e1-5009-4cc5-9a7d-aefbf303e226\"><mark style=\"background-color:rgba(0, 0, 0, 0)\" class=\"has-inline-color has-white-color\"><strong>Download<\/strong><\/mark><\/a><\/div>\n\n\n\n<p class=\"has-text-align-right\"><strong><em>REDAZIONE <\/em><\/strong><\/p>\n<div class=\"pdfprnt-buttons pdfprnt-buttons-post pdfprnt-bottom-left\"><a href=\"https:\/\/www.istitutogalanteoliva.it\/magazine\/wp-json\/wp\/v2\/posts\/17785?print=print\" class=\"pdfprnt-button pdfprnt-button-print\" target=\"_blank\"><img decoding=\"async\" src=\"https:\/\/www.istitutogalanteoliva.it\/magazine\/wp-content\/plugins\/pdf-print\/images\/print.png\" alt=\"image_print\" title=\"Stampa contenuto\" \/><span class=\"pdfprnt-button-title pdfprnt-button-print-title\">Download in PDF<\/span><\/a><\/div>","protected":false},"excerpt":{"rendered":"<p> Marted\u00ec 15 aprile 2025, alle ore 14, si terr\u00e0 un presidio organizzato dalla Rete Liguria dei comitati e delle associazioni, davanti al Consiglio Regionale<\/p>\n","protected":false},"author":2,"featured_media":17795,"comment_status":"closed","ping_status":"open","sticky":true,"template":"","format":"standard","meta":{"footnotes":""},"categories":[1241,254,207],"tags":[1185,748],"class_list":["post-17785","post","type-post","status-publish","format-standard","has-post-thumbnail","hentry","category-1241","category-attualita","category-liguria","tag-regione-liguria","tag-sanita"],"yoast_head":"<!-- This site is optimized with the Yoast SEO plugin v24.2 - https:\/\/yoast.com\/wordpress\/plugins\/seo\/ -->\n<title>Presidio per la difesa della sanit\u00e0 pubblica a Genova - Polis SA Magazine<\/title>\n<meta name=\"robots\" content=\"index, follow, max-snippet:-1, max-image-preview:large, max-video-preview:-1\" \/>\n<link rel=\"canonical\" href=\"https:\/\/www.istitutogalanteoliva.it\/magazine\/2025\/04\/14\/presidio-per-la-difesa-della-sanita-pubblica-a-genova\/\" \/>\n<meta property=\"og:locale\" content=\"it_IT\" \/>\n<meta property=\"og:type\" content=\"article\" \/>\n<meta property=\"og:title\" content=\"Presidio per la difesa della sanit\u00e0 pubblica a Genova - Polis SA Magazine\" \/>\n<meta property=\"og:description\" content=\"Marted\u00ec 15 aprile 2025, alle ore 14, si terr\u00e0 un presidio organizzato dalla Rete Liguria dei comitati e delle associazioni, davanti al Consiglio Regionale\" \/>\n<meta property=\"og:url\" content=\"https:\/\/www.istitutogalanteoliva.it\/magazine\/2025\/04\/14\/presidio-per-la-difesa-della-sanita-pubblica-a-genova\/\" \/>\n<meta property=\"og:site_name\" content=\"Polis SA Magazine\" \/>\n<meta property=\"article:publisher\" content=\"https:\/\/www.facebook.com\/PolisSAMagazine\/\" \/>\n<meta property=\"article:published_time\" content=\"2025-04-14T14:21:56+00:00\" \/>\n<meta property=\"article:modified_time\" content=\"2025-04-15T07:46:53+00:00\" \/>\n<meta property=\"og:image\" content=\"https:\/\/www.istitutogalanteoliva.it\/magazine\/wp-content\/uploads\/2025\/04\/480479944_2696045803914655_1813345889332578522_n.jpg\" \/>\n\t<meta property=\"og:image:width\" content=\"1400\" \/>\n\t<meta property=\"og:image:height\" content=\"760\" \/>\n\t<meta property=\"og:image:type\" content=\"image\/jpeg\" \/>\n<meta name=\"author\" content=\"Antonello Rivano\" \/>\n<meta name=\"twitter:card\" content=\"summary_large_image\" \/>\n<meta name=\"twitter:creator\" content=\"@MagazinePolis\" \/>\n<meta name=\"twitter:site\" content=\"@MagazinePolis\" \/>\n<meta name=\"twitter:label1\" content=\"Scritto da\" \/>\n\t<meta name=\"twitter:data1\" content=\"Antonello Rivano\" \/>\n\t<meta name=\"twitter:label2\" content=\"Tempo di lettura stimato\" \/>\n\t<meta name=\"twitter:data2\" content=\"11 minuti\" \/>\n<script type=\"application\/ld+json\" class=\"yoast-schema-graph\">{\"@context\":\"https:\/\/schema.org\",\"@graph\":[{\"@type\":\"Article\",\"@id\":\"https:\/\/www.istitutogalanteoliva.it\/magazine\/2025\/04\/14\/presidio-per-la-difesa-della-sanita-pubblica-a-genova\/#article\",\"isPartOf\":{\"@id\":\"https:\/\/www.istitutogalanteoliva.it\/magazine\/2025\/04\/14\/presidio-per-la-difesa-della-sanita-pubblica-a-genova\/\"},\"author\":{\"name\":\"Antonello Rivano\",\"@id\":\"https:\/\/www.istitutogalanteoliva.it\/magazine\/#\/schema\/person\/d8b8aa79cfe8babc1df9da3212a7c0c4\"},\"headline\":\"Presidio per la difesa della sanit\u00e0 pubblica a Genova\",\"datePublished\":\"2025-04-14T14:21:56+00:00\",\"dateModified\":\"2025-04-15T07:46:53+00:00\",\"mainEntityOfPage\":{\"@id\":\"https:\/\/www.istitutogalanteoliva.it\/magazine\/2025\/04\/14\/presidio-per-la-difesa-della-sanita-pubblica-a-genova\/\"},\"wordCount\":1889,\"publisher\":{\"@id\":\"https:\/\/www.istitutogalanteoliva.it\/magazine\/#organization\"},\"image\":{\"@id\":\"https:\/\/www.istitutogalanteoliva.it\/magazine\/2025\/04\/14\/presidio-per-la-difesa-della-sanita-pubblica-a-genova\/#primaryimage\"},\"thumbnailUrl\":\"https:\/\/www.istitutogalanteoliva.it\/magazine\/wp-content\/uploads\/2025\/04\/480479944_2696045803914655_1813345889332578522_n.jpg\",\"keywords\":[\"Regione Liguria\",\"Sanit\u00e0\"],\"articleSection\":[\"2025\",\"Attualit\u00e0\",\"Liguria\"],\"inLanguage\":\"it-IT\"},{\"@type\":\"WebPage\",\"@id\":\"https:\/\/www.istitutogalanteoliva.it\/magazine\/2025\/04\/14\/presidio-per-la-difesa-della-sanita-pubblica-a-genova\/\",\"url\":\"https:\/\/www.istitutogalanteoliva.it\/magazine\/2025\/04\/14\/presidio-per-la-difesa-della-sanita-pubblica-a-genova\/\",\"name\":\"Presidio per la difesa della sanit\u00e0 pubblica a Genova - Polis SA Magazine\",\"isPartOf\":{\"@id\":\"https:\/\/www.istitutogalanteoliva.it\/magazine\/#website\"},\"primaryImageOfPage\":{\"@id\":\"https:\/\/www.istitutogalanteoliva.it\/magazine\/2025\/04\/14\/presidio-per-la-difesa-della-sanita-pubblica-a-genova\/#primaryimage\"},\"image\":{\"@id\":\"https:\/\/www.istitutogalanteoliva.it\/magazine\/2025\/04\/14\/presidio-per-la-difesa-della-sanita-pubblica-a-genova\/#primaryimage\"},\"thumbnailUrl\":\"https:\/\/www.istitutogalanteoliva.it\/magazine\/wp-content\/uploads\/2025\/04\/480479944_2696045803914655_1813345889332578522_n.jpg\",\"datePublished\":\"2025-04-14T14:21:56+00:00\",\"dateModified\":\"2025-04-15T07:46:53+00:00\",\"breadcrumb\":{\"@id\":\"https:\/\/www.istitutogalanteoliva.it\/magazine\/2025\/04\/14\/presidio-per-la-difesa-della-sanita-pubblica-a-genova\/#breadcrumb\"},\"inLanguage\":\"it-IT\",\"potentialAction\":[{\"@type\":\"ReadAction\",\"target\":[\"https:\/\/www.istitutogalanteoliva.it\/magazine\/2025\/04\/14\/presidio-per-la-difesa-della-sanita-pubblica-a-genova\/\"]}]},{\"@type\":\"ImageObject\",\"inLanguage\":\"it-IT\",\"@id\":\"https:\/\/www.istitutogalanteoliva.it\/magazine\/2025\/04\/14\/presidio-per-la-difesa-della-sanita-pubblica-a-genova\/#primaryimage\",\"url\":\"https:\/\/www.istitutogalanteoliva.it\/magazine\/wp-content\/uploads\/2025\/04\/480479944_2696045803914655_1813345889332578522_n.jpg\",\"contentUrl\":\"https:\/\/www.istitutogalanteoliva.it\/magazine\/wp-content\/uploads\/2025\/04\/480479944_2696045803914655_1813345889332578522_n.jpg\",\"width\":1400,\"height\":760},{\"@type\":\"BreadcrumbList\",\"@id\":\"https:\/\/www.istitutogalanteoliva.it\/magazine\/2025\/04\/14\/presidio-per-la-difesa-della-sanita-pubblica-a-genova\/#breadcrumb\",\"itemListElement\":[{\"@type\":\"ListItem\",\"position\":1,\"name\":\"Home\",\"item\":\"https:\/\/www.istitutogalanteoliva.it\/magazine\/\"},{\"@type\":\"ListItem\",\"position\":2,\"name\":\"Presidio per la difesa della sanit\u00e0 pubblica a Genova\"}]},{\"@type\":\"WebSite\",\"@id\":\"https:\/\/www.istitutogalanteoliva.it\/magazine\/#website\",\"url\":\"https:\/\/www.istitutogalanteoliva.it\/magazine\/\",\"name\":\"POLIS SA MAGAZINE\",\"description\":\"Informazione e approfondimenti\",\"publisher\":{\"@id\":\"https:\/\/www.istitutogalanteoliva.it\/magazine\/#organization\"},\"potentialAction\":[{\"@type\":\"SearchAction\",\"target\":{\"@type\":\"EntryPoint\",\"urlTemplate\":\"https:\/\/www.istitutogalanteoliva.it\/magazine\/?s={search_term_string}\"},\"query-input\":{\"@type\":\"PropertyValueSpecification\",\"valueRequired\":true,\"valueName\":\"search_term_string\"}}],\"inLanguage\":\"it-IT\"},{\"@type\":\"Organization\",\"@id\":\"https:\/\/www.istitutogalanteoliva.it\/magazine\/#organization\",\"name\":\"Polis SA Magazine\",\"url\":\"https:\/\/www.istitutogalanteoliva.it\/magazine\/\",\"logo\":{\"@type\":\"ImageObject\",\"inLanguage\":\"it-IT\",\"@id\":\"https:\/\/www.istitutogalanteoliva.it\/magazine\/#\/schema\/logo\/image\/\",\"url\":\"\",\"contentUrl\":\"\",\"caption\":\"Polis SA Magazine\"},\"image\":{\"@id\":\"https:\/\/www.istitutogalanteoliva.it\/magazine\/#\/schema\/logo\/image\/\"},\"sameAs\":[\"https:\/\/www.facebook.com\/PolisSAMagazine\/\",\"https:\/\/x.com\/MagazinePolis\",\"https:\/\/www.youtube.com\/channel\/UCv0Mr5AHKUmsc0sEEXkJrgw\"]},{\"@type\":\"Person\",\"@id\":\"https:\/\/www.istitutogalanteoliva.it\/magazine\/#\/schema\/person\/d8b8aa79cfe8babc1df9da3212a7c0c4\",\"name\":\"Antonello Rivano\",\"image\":{\"@type\":\"ImageObject\",\"inLanguage\":\"it-IT\",\"@id\":\"https:\/\/www.istitutogalanteoliva.it\/magazine\/#\/schema\/person\/image\/\",\"url\":\"https:\/\/secure.gravatar.com\/avatar\/517a9a6487a7a18ecc4ce6d2e57a8f40?s=96&d=mm&r=g\",\"contentUrl\":\"https:\/\/secure.gravatar.com\/avatar\/517a9a6487a7a18ecc4ce6d2e57a8f40?s=96&d=mm&r=g\",\"caption\":\"Antonello Rivano\"},\"url\":\"https:\/\/www.istitutogalanteoliva.it\/magazine\/author\/antonello\/\"}]}<\/script>\n<!-- \/ Yoast SEO plugin. -->","yoast_head_json":{"title":"Presidio per la difesa della sanit\u00e0 pubblica a Genova - Polis SA Magazine","robots":{"index":"index","follow":"follow","max-snippet":"max-snippet:-1","max-image-preview":"max-image-preview:large","max-video-preview":"max-video-preview:-1"},"canonical":"https:\/\/www.istitutogalanteoliva.it\/magazine\/2025\/04\/14\/presidio-per-la-difesa-della-sanita-pubblica-a-genova\/","og_locale":"it_IT","og_type":"article","og_title":"Presidio per la difesa della sanit\u00e0 pubblica a Genova - Polis SA Magazine","og_description":"Marted\u00ec 15 aprile 2025, alle ore 14, si terr\u00e0 un presidio organizzato dalla Rete Liguria dei comitati e delle associazioni, davanti al Consiglio Regionale","og_url":"https:\/\/www.istitutogalanteoliva.it\/magazine\/2025\/04\/14\/presidio-per-la-difesa-della-sanita-pubblica-a-genova\/","og_site_name":"Polis SA Magazine","article_publisher":"https:\/\/www.facebook.com\/PolisSAMagazine\/","article_published_time":"2025-04-14T14:21:56+00:00","article_modified_time":"2025-04-15T07:46:53+00:00","og_image":[{"width":1400,"height":760,"url":"https:\/\/www.istitutogalanteoliva.it\/magazine\/wp-content\/uploads\/2025\/04\/480479944_2696045803914655_1813345889332578522_n.jpg","type":"image\/jpeg"}],"author":"Antonello Rivano","twitter_card":"summary_large_image","twitter_creator":"@MagazinePolis","twitter_site":"@MagazinePolis","twitter_misc":{"Scritto da":"Antonello Rivano","Tempo di lettura stimato":"11 minuti"},"schema":{"@context":"https:\/\/schema.org","@graph":[{"@type":"Article","@id":"https:\/\/www.istitutogalanteoliva.it\/magazine\/2025\/04\/14\/presidio-per-la-difesa-della-sanita-pubblica-a-genova\/#article","isPartOf":{"@id":"https:\/\/www.istitutogalanteoliva.it\/magazine\/2025\/04\/14\/presidio-per-la-difesa-della-sanita-pubblica-a-genova\/"},"author":{"name":"Antonello Rivano","@id":"https:\/\/www.istitutogalanteoliva.it\/magazine\/#\/schema\/person\/d8b8aa79cfe8babc1df9da3212a7c0c4"},"headline":"Presidio per la difesa della sanit\u00e0 pubblica a Genova","datePublished":"2025-04-14T14:21:56+00:00","dateModified":"2025-04-15T07:46:53+00:00","mainEntityOfPage":{"@id":"https:\/\/www.istitutogalanteoliva.it\/magazine\/2025\/04\/14\/presidio-per-la-difesa-della-sanita-pubblica-a-genova\/"},"wordCount":1889,"publisher":{"@id":"https:\/\/www.istitutogalanteoliva.it\/magazine\/#organization"},"image":{"@id":"https:\/\/www.istitutogalanteoliva.it\/magazine\/2025\/04\/14\/presidio-per-la-difesa-della-sanita-pubblica-a-genova\/#primaryimage"},"thumbnailUrl":"https:\/\/www.istitutogalanteoliva.it\/magazine\/wp-content\/uploads\/2025\/04\/480479944_2696045803914655_1813345889332578522_n.jpg","keywords":["Regione Liguria","Sanit\u00e0"],"articleSection":["2025","Attualit\u00e0","Liguria"],"inLanguage":"it-IT"},{"@type":"WebPage","@id":"https:\/\/www.istitutogalanteoliva.it\/magazine\/2025\/04\/14\/presidio-per-la-difesa-della-sanita-pubblica-a-genova\/","url":"https:\/\/www.istitutogalanteoliva.it\/magazine\/2025\/04\/14\/presidio-per-la-difesa-della-sanita-pubblica-a-genova\/","name":"Presidio per la difesa della sanit\u00e0 pubblica a Genova - Polis SA Magazine","isPartOf":{"@id":"https:\/\/www.istitutogalanteoliva.it\/magazine\/#website"},"primaryImageOfPage":{"@id":"https:\/\/www.istitutogalanteoliva.it\/magazine\/2025\/04\/14\/presidio-per-la-difesa-della-sanita-pubblica-a-genova\/#primaryimage"},"image":{"@id":"https:\/\/www.istitutogalanteoliva.it\/magazine\/2025\/04\/14\/presidio-per-la-difesa-della-sanita-pubblica-a-genova\/#primaryimage"},"thumbnailUrl":"https:\/\/www.istitutogalanteoliva.it\/magazine\/wp-content\/uploads\/2025\/04\/480479944_2696045803914655_1813345889332578522_n.jpg","datePublished":"2025-04-14T14:21:56+00:00","dateModified":"2025-04-15T07:46:53+00:00","breadcrumb":{"@id":"https:\/\/www.istitutogalanteoliva.it\/magazine\/2025\/04\/14\/presidio-per-la-difesa-della-sanita-pubblica-a-genova\/#breadcrumb"},"inLanguage":"it-IT","potentialAction":[{"@type":"ReadAction","target":["https:\/\/www.istitutogalanteoliva.it\/magazine\/2025\/04\/14\/presidio-per-la-difesa-della-sanita-pubblica-a-genova\/"]}]},{"@type":"ImageObject","inLanguage":"it-IT","@id":"https:\/\/www.istitutogalanteoliva.it\/magazine\/2025\/04\/14\/presidio-per-la-difesa-della-sanita-pubblica-a-genova\/#primaryimage","url":"https:\/\/www.istitutogalanteoliva.it\/magazine\/wp-content\/uploads\/2025\/04\/480479944_2696045803914655_1813345889332578522_n.jpg","contentUrl":"https:\/\/www.istitutogalanteoliva.it\/magazine\/wp-content\/uploads\/2025\/04\/480479944_2696045803914655_1813345889332578522_n.jpg","width":1400,"height":760},{"@type":"BreadcrumbList","@id":"https:\/\/www.istitutogalanteoliva.it\/magazine\/2025\/04\/14\/presidio-per-la-difesa-della-sanita-pubblica-a-genova\/#breadcrumb","itemListElement":[{"@type":"ListItem","position":1,"name":"Home","item":"https:\/\/www.istitutogalanteoliva.it\/magazine\/"},{"@type":"ListItem","position":2,"name":"Presidio per la difesa della sanit\u00e0 pubblica a Genova"}]},{"@type":"WebSite","@id":"https:\/\/www.istitutogalanteoliva.it\/magazine\/#website","url":"https:\/\/www.istitutogalanteoliva.it\/magazine\/","name":"POLIS SA MAGAZINE","description":"Informazione e approfondimenti","publisher":{"@id":"https:\/\/www.istitutogalanteoliva.it\/magazine\/#organization"},"potentialAction":[{"@type":"SearchAction","target":{"@type":"EntryPoint","urlTemplate":"https:\/\/www.istitutogalanteoliva.it\/magazine\/?s={search_term_string}"},"query-input":{"@type":"PropertyValueSpecification","valueRequired":true,"valueName":"search_term_string"}}],"inLanguage":"it-IT"},{"@type":"Organization","@id":"https:\/\/www.istitutogalanteoliva.it\/magazine\/#organization","name":"Polis SA Magazine","url":"https:\/\/www.istitutogalanteoliva.it\/magazine\/","logo":{"@type":"ImageObject","inLanguage":"it-IT","@id":"https:\/\/www.istitutogalanteoliva.it\/magazine\/#\/schema\/logo\/image\/","url":"","contentUrl":"","caption":"Polis SA Magazine"},"image":{"@id":"https:\/\/www.istitutogalanteoliva.it\/magazine\/#\/schema\/logo\/image\/"},"sameAs":["https:\/\/www.facebook.com\/PolisSAMagazine\/","https:\/\/x.com\/MagazinePolis","https:\/\/www.youtube.com\/channel\/UCv0Mr5AHKUmsc0sEEXkJrgw"]},{"@type":"Person","@id":"https:\/\/www.istitutogalanteoliva.it\/magazine\/#\/schema\/person\/d8b8aa79cfe8babc1df9da3212a7c0c4","name":"Antonello Rivano","image":{"@type":"ImageObject","inLanguage":"it-IT","@id":"https:\/\/www.istitutogalanteoliva.it\/magazine\/#\/schema\/person\/image\/","url":"https:\/\/secure.gravatar.com\/avatar\/517a9a6487a7a18ecc4ce6d2e57a8f40?s=96&d=mm&r=g","contentUrl":"https:\/\/secure.gravatar.com\/avatar\/517a9a6487a7a18ecc4ce6d2e57a8f40?s=96&d=mm&r=g","caption":"Antonello Rivano"},"url":"https:\/\/www.istitutogalanteoliva.it\/magazine\/author\/antonello\/"}]}},"_links":{"self":[{"href":"https:\/\/www.istitutogalanteoliva.it\/magazine\/wp-json\/wp\/v2\/posts\/17785","targetHints":{"allow":["GET"]}}],"collection":[{"href":"https:\/\/www.istitutogalanteoliva.it\/magazine\/wp-json\/wp\/v2\/posts"}],"about":[{"href":"https:\/\/www.istitutogalanteoliva.it\/magazine\/wp-json\/wp\/v2\/types\/post"}],"author":[{"embeddable":true,"href":"https:\/\/www.istitutogalanteoliva.it\/magazine\/wp-json\/wp\/v2\/users\/2"}],"replies":[{"embeddable":true,"href":"https:\/\/www.istitutogalanteoliva.it\/magazine\/wp-json\/wp\/v2\/comments?post=17785"}],"version-history":[{"count":2,"href":"https:\/\/www.istitutogalanteoliva.it\/magazine\/wp-json\/wp\/v2\/posts\/17785\/revisions"}],"predecessor-version":[{"id":17797,"href":"https:\/\/www.istitutogalanteoliva.it\/magazine\/wp-json\/wp\/v2\/posts\/17785\/revisions\/17797"}],"wp:featuredmedia":[{"embeddable":true,"href":"https:\/\/www.istitutogalanteoliva.it\/magazine\/wp-json\/wp\/v2\/media\/17795"}],"wp:attachment":[{"href":"https:\/\/www.istitutogalanteoliva.it\/magazine\/wp-json\/wp\/v2\/media?parent=17785"}],"wp:term":[{"taxonomy":"category","embeddable":true,"href":"https:\/\/www.istitutogalanteoliva.it\/magazine\/wp-json\/wp\/v2\/categories?post=17785"},{"taxonomy":"post_tag","embeddable":true,"href":"https:\/\/www.istitutogalanteoliva.it\/magazine\/wp-json\/wp\/v2\/tags?post=17785"}],"curies":[{"name":"wp","href":"https:\/\/api.w.org\/{rel}","templated":true}]}}